{"id":60183,"date":"2021-08-11T09:31:13","date_gmt":"2021-08-11T12:31:13","guid":{"rendered":"https:\/\/diariofemenino.com.ar\/df\/?p=60183"},"modified":"2021-08-11T09:31:13","modified_gmt":"2021-08-11T12:31:13","slug":"lenguaje-no-sexista-2","status":"publish","type":"post","link":"https:\/\/diariofemenino.com.ar\/df\/lenguaje-no-sexista-2\/","title":{"rendered":"Lenguaje no sexista"},"content":{"rendered":"<p>Tips para evitar el uso sexista del lenguaje cotidiano.<\/p>\n<p><span style=\"color: #000000;\">Presentaci\u00f3n de la Gu\u00eda por parte de\u00a0<a href=\"https:\/\/www.oxfamargentina.org\/\">Oxfam<\/a>.<br \/>\n<span style=\"color: #808080;\">(<a href=\"https:\/\/diariofemenino.com.ar\/df\/category\/biblioteca\/\">Descargar<\/a> en Portada)<\/span><\/span><\/p>\n<figure id=\"attachment_60184\" aria-describedby=\"caption-attachment-60184\" style=\"width: 334px\" class=\"wp-caption alignleft\"><a href=\"https:\/\/diariofemenino.com.ar\/df\/wp-content\/uploads\/2021\/08\/ebook_Lenguaje_no_sexista-Argentina.pdf\"><img loading=\"lazy\" decoding=\"async\" class=\"size-full wp-image-60184\" src=\"https:\/\/diariofemenino.com.ar\/df\/wp-content\/uploads\/2021\/08\/Oxfam_Portada_3D_lenguaje_no_sexista_300px.png\" alt=\"Lenguaje no sexista\" width=\"334\" height=\"300\" srcset=\"https:\/\/diariofemenino.com.ar\/df\/wp-content\/uploads\/2021\/08\/Oxfam_Portada_3D_lenguaje_no_sexista_300px.png 334w, https:\/\/diariofemenino.com.ar\/df\/wp-content\/uploads\/2021\/08\/Oxfam_Portada_3D_lenguaje_no_sexista_300px-300x269.png 300w\" sizes=\"auto, (max-width: 334px) 100vw, 334px\" \/><\/a><figcaption id=\"caption-attachment-60184\" class=\"wp-caption-text\">Lenguaje no sexista<\/figcaption><\/figure>\n<p><span style=\"color: #000000;\">\u00abPor herencia ling\u00fc\u00edstica y costumbre a veces no utilizamos el lenguaje de forma correcta para dirigirnos por igual a hombres y mujeres. Se denomina lenguaje sexista a aquel que contiene alg\u00fan tipo de discriminaci\u00f3n a un colectivo, que no se ve reflejado de forma gramatical en la forma de hablar o de escribir. En el caso del castellano es frecuente ver c\u00f3mo determinadas expresiones o frases se construyen usando \u00fanicamente el masculino o cuyo sentido tiene tintes de misoginia.<\/span><\/p>\n<p><span style=\"color: #000000;\">Una de las caracter\u00edsticas principales de las lenguas en la actualidad es que se modifcan en funci\u00f3n de los cambios en el lenguaje de la sociedad, por eso desde hace a\u00f1os en <a href=\"https:\/\/www.oxfamargentina.org\/guia-de-lenguaje-no-sexista\/\">Oxfam<\/a> intentamos utilizar en todas nuestras comunicaciones un lenguaje no sexista<\/span><\/p>\n<p><span style=\"color: #000000;\">Vos tambi\u00e9n pod\u00e9s aportar tu granito de arena teniendo en cuenta algunas consideraciones y sobre todo concientizando a tu entorno de la importancia de emplear un lenguaje no sexista en el que la discriminaci\u00f3n por motivos de g\u00e9nero no forme parte de su uso.<\/span><\/p>\n<p><span style=\"color: #000000;\">Seguro que te suena: uno de los ejemplos m\u00e1s caracter\u00edsticos de discriminaci\u00f3n de g\u00e9nero de nuestro lenguaje es el plural masculino, que se utiliza para agrupar a varios miembros, sin importar si son hombres o mujeres. Cuando se utiliza el plural femenino, sin embargo, se considera que solo se refiere a un grupo compuesto por mujeres. Por desgracia, la mayor\u00eda de las personas hispanohablantes usamos esta forma de comunicaci\u00f3n, aunque se puede evitar con algunos trucos de expresi\u00f3n.<\/span><\/p>\n<p><span style=\"color: #000000;\">Este y otros usos del lenguaje pueden ser superados desde un \u00e1mbito personal si todos y todas ponemos de nuestra parte, por eso desde Oxfam hemos creado una gu\u00eda de lenguaje no sexista, que pod\u00e9s poner en marcha desde hoy mismo para contribuir a la eliminaci\u00f3n de la discriminaci\u00f3n a los colectivos m\u00e1s vulnerables.<\/span><\/p>\n<p><span style=\"color: #000000;\"><strong>El lenguaje\u2026 \u00bfun reflejo de la sociedad?<\/strong><\/span><\/p>\n<p><span style=\"color: #000000;\">Antes de empezar a recomendar usos menos discriminatorios de la lengua hay que tener en cuenta que la lengua es un reflejo de c\u00f3mo act\u00faa una sociedad concreta. De hecho, muchas personas expertas en ling\u00fc\u00edstica consideran que hay que hacer importantes avances en la sociedad para poder ver un reflejo de ello en la forma que tenemos de comunicarnos.<\/span><\/p>\n<p><span style=\"color: #000000;\">Alberto G\u00f3mez Font, coordinador de la Fundaci\u00f3n del Espa\u00f1ol Urgente, opina que \u201calgunos usos discriminan a la mujer, incluso inconscientemente, porque en la realidad la mujer est\u00e1 discriminada\u201d. Soledad Pu\u00e9rtolas, novelista e integrante de la RAE, considera que el lenguaje refleja el sexismo de la sociedad en la forma de hablar del conjunto de la ciudadan\u00eda.<\/span><\/p>\n<p><span style=\"color: #000000;\"><strong>Algunos ejemplos de sexismo en el lenguaje <\/strong><\/span><\/p>\n<p><span style=\"color: #000000;\">Para que entiendas hasta qu\u00e9 punto nuestra lengua puede llegar a ser discriminatoria hacia el g\u00e9nero femenino dividiremos los ejemplos en cinco grandes grupos que seguro que puedes identificar al instante. Despu\u00e9s, daremos algunas alternativas para superar estas formas y lograr una correcta inclusi\u00f3n de todos los colectivos en la manera de expresarnos\u2026\u00bb Seguir leyendo <a href=\"https:\/\/diariofemenino.com.ar\/df\/wp-content\/uploads\/2021\/08\/ebook_Lenguaje_no_sexista-Argentina.pdf\">AQU\u00cd<\/a><\/span><\/p>\n","protected":false},"excerpt":{"rendered":"<p>Tips para evitar el uso sexista del lenguaje cotidiano. Presentaci\u00f3n de la Gu\u00eda por parte de\u00a0Oxfam. (Descargar en Portada) \u00abPor herencia ling\u00fc\u00edstica y costumbre a veces no utilizamos el lenguaje de forma correcta para dirigirnos por igual a hombres y mujeres. Se denomina lenguaje sexista a aquel que contiene alg\u00fan tipo de discriminaci\u00f3n a un [&hellip;]<\/p>\n","protected":false},"author":4,"featured_media":60185,"comment_status":"open","ping_status":"open","sticky":false,"template":"","format":"standard","meta":{"iawp_total_views":48,"footnotes":""},"categories":[1067,19,3],"tags":[1673,4675],"class_list":["post-60183","post","type-post","status-publish","format-standard","has-post-thumbnail","hentry","category-agenda-feminista","category-biblioteca","category-de-la-revolucion-al-reaprendizaje","tag-lenguaje-no-sexista","tag-oxfam"],"nelio_content":{"autoShareEndMode":"never","automationSources":{"useCustomSentences":false,"customSentences":[]},"efiAlt":"","efiUrl":"","followers":[4],"highlights":[],"isAutoShareEnabled":true,"networkImageIds":[],"permalinkQueryArgs":[],"series":[],"suggestedReferences":[]},"yoast_head":"<!-- This site is optimized with the Yoast SEO plugin v27.5 - https:\/\/yoast.com\/product\/yoast-seo-wordpress\/ -->\n<title>Lenguaje no sexista - Diario Digital Femenino<\/title>\n<meta name=\"description\" content=\"Lenguaje no sexista. En Oxfam intentan utilizar en todas sus comunicaciones un lenguaje no sexista, con ese objetivo elaboraron esta Gu\u00eda.\" \/>\n<meta name=\"robots\" content=\"index, follow, max-snippet:-1, max-image-preview:large, max-video-preview:-1\" \/>\n<link rel=\"canonical\" href=\"https:\/\/diariofemenino.com.ar\/df\/lenguaje-no-sexista-2\/\" \/>\n<meta property=\"og:locale\" content=\"es_ES\" \/>\n<meta property=\"og:type\" content=\"article\" \/>\n<meta property=\"og:title\" content=\"Lenguaje no sexista - Diario Digital Femenino\" \/>\n<meta property=\"og:description\" content=\"Lenguaje no sexista. En Oxfam intentan utilizar en todas sus comunicaciones un lenguaje no sexista, con ese objetivo elaboraron esta Gu\u00eda.\" \/>\n<meta property=\"og:url\" content=\"https:\/\/diariofemenino.com.ar\/df\/lenguaje-no-sexista-2\/\" \/>\n<meta property=\"og:site_name\" content=\"Diario Digital Femenino\" \/>\n<meta property=\"article:publisher\" content=\"https:\/\/www.facebook.com\/DiarioDigitaFemenino\/\" \/>\n<meta property=\"article:published_time\" content=\"2021-08-11T12:31:13+00:00\" \/>\n<meta property=\"og:image\" content=\"https:\/\/diariofemenino.com.ar\/df\/wp-content\/uploads\/2021\/08\/page_1.jpg\" \/>\n\t<meta property=\"og:image:width\" content=\"1059\" \/>\n\t<meta property=\"og:image:height\" content=\"1497\" \/>\n\t<meta property=\"og:image:type\" content=\"image\/jpeg\" \/>\n<meta name=\"author\" content=\"Admin\" \/>\n<meta name=\"twitter:card\" content=\"summary_large_image\" \/>\n<meta name=\"twitter:creator\" content=\"@DiarioFemenino1\" \/>\n<meta name=\"twitter:site\" content=\"@DiarioFemenino1\" \/>\n<meta name=\"twitter:label1\" content=\"Escrito por\" \/>\n\t<meta name=\"twitter:data1\" content=\"Admin\" \/>\n\t<meta name=\"twitter:label2\" content=\"Tiempo de lectura\" \/>\n\t<meta name=\"twitter:data2\" content=\"3 minutos\" \/>\n<script type=\"application\/ld+json\" class=\"yoast-schema-graph\">{\"@context\":\"https:\\\/\\\/schema.org\",\"@graph\":[{\"@type\":\"Article\",\"@id\":\"https:\\\/\\\/diariofemenino.com.ar\\\/df\\\/lenguaje-no-sexista-2\\\/#article\",\"isPartOf\":{\"@id\":\"https:\\\/\\\/diariofemenino.com.ar\\\/df\\\/lenguaje-no-sexista-2\\\/\"},\"author\":{\"name\":\"Admin\",\"@id\":\"https:\\\/\\\/diariofemenino.com.ar\\\/df\\\/#\\\/schema\\\/person\\\/bf6199e8158c657ea6f789b11ec85509\"},\"headline\":\"Lenguaje no sexista\",\"datePublished\":\"2021-08-11T12:31:13+00:00\",\"mainEntityOfPage\":{\"@id\":\"https:\\\/\\\/diariofemenino.com.ar\\\/df\\\/lenguaje-no-sexista-2\\\/\"},\"wordCount\":552,\"commentCount\":0,\"publisher\":{\"@id\":\"https:\\\/\\\/diariofemenino.com.ar\\\/df\\\/#organization\"},\"image\":{\"@id\":\"https:\\\/\\\/diariofemenino.com.ar\\\/df\\\/lenguaje-no-sexista-2\\\/#primaryimage\"},\"thumbnailUrl\":\"https:\\\/\\\/diariofemenino.com.ar\\\/df\\\/wp-content\\\/uploads\\\/2021\\\/08\\\/page_1.jpg\",\"keywords\":[\"Lenguaje no sexista\",\"Oxfam\"],\"articleSection\":[\"Agenda Feminista\",\"Biblioteca Virtual\",\"De la Revoluci\u00f3n al Reaprendizaje\"],\"inLanguage\":\"es\",\"potentialAction\":[{\"@type\":\"CommentAction\",\"name\":\"Comment\",\"target\":[\"https:\\\/\\\/diariofemenino.com.ar\\\/df\\\/lenguaje-no-sexista-2\\\/#respond\"]}]},{\"@type\":\"WebPage\",\"@id\":\"https:\\\/\\\/diariofemenino.com.ar\\\/df\\\/lenguaje-no-sexista-2\\\/\",\"url\":\"https:\\\/\\\/diariofemenino.com.ar\\\/df\\\/lenguaje-no-sexista-2\\\/\",\"name\":\"Lenguaje no sexista - Diario Digital Femenino\",\"isPartOf\":{\"@id\":\"https:\\\/\\\/diariofemenino.com.ar\\\/df\\\/#website\"},\"primaryImageOfPage\":{\"@id\":\"https:\\\/\\\/diariofemenino.com.ar\\\/df\\\/lenguaje-no-sexista-2\\\/#primaryimage\"},\"image\":{\"@id\":\"https:\\\/\\\/diariofemenino.com.ar\\\/df\\\/lenguaje-no-sexista-2\\\/#primaryimage\"},\"thumbnailUrl\":\"https:\\\/\\\/diariofemenino.com.ar\\\/df\\\/wp-content\\\/uploads\\\/2021\\\/08\\\/page_1.jpg\",\"datePublished\":\"2021-08-11T12:31:13+00:00\",\"description\":\"Lenguaje no sexista. En Oxfam intentan utilizar en todas sus comunicaciones un lenguaje no sexista, con ese objetivo elaboraron esta Gu\u00eda.\",\"breadcrumb\":{\"@id\":\"https:\\\/\\\/diariofemenino.com.ar\\\/df\\\/lenguaje-no-sexista-2\\\/#breadcrumb\"},\"inLanguage\":\"es\",\"potentialAction\":[{\"@type\":\"ReadAction\",\"target\":[\"https:\\\/\\\/diariofemenino.com.ar\\\/df\\\/lenguaje-no-sexista-2\\\/\"]}]},{\"@type\":\"ImageObject\",\"inLanguage\":\"es\",\"@id\":\"https:\\\/\\\/diariofemenino.com.ar\\\/df\\\/lenguaje-no-sexista-2\\\/#primaryimage\",\"url\":\"https:\\\/\\\/diariofemenino.com.ar\\\/df\\\/wp-content\\\/uploads\\\/2021\\\/08\\\/page_1.jpg\",\"contentUrl\":\"https:\\\/\\\/diariofemenino.com.ar\\\/df\\\/wp-content\\\/uploads\\\/2021\\\/08\\\/page_1.jpg\",\"width\":1059,\"height\":1497,\"caption\":\"Lenguaje no sexista\"},{\"@type\":\"BreadcrumbList\",\"@id\":\"https:\\\/\\\/diariofemenino.com.ar\\\/df\\\/lenguaje-no-sexista-2\\\/#breadcrumb\",\"itemListElement\":[{\"@type\":\"ListItem\",\"position\":1,\"name\":\"Portada\",\"item\":\"https:\\\/\\\/diariofemenino.com.ar\\\/df\\\/\"},{\"@type\":\"ListItem\",\"position\":2,\"name\":\"Lenguaje no sexista\"}]},{\"@type\":\"WebSite\",\"@id\":\"https:\\\/\\\/diariofemenino.com.ar\\\/df\\\/#website\",\"url\":\"https:\\\/\\\/diariofemenino.com.ar\\\/df\\\/\",\"name\":\"Diario Digital Femenino\",\"description\":\"Cuesti\u00f3n de G\u00e9nero\",\"publisher\":{\"@id\":\"https:\\\/\\\/diariofemenino.com.ar\\\/df\\\/#organization\"},\"potentialAction\":[{\"@type\":\"SearchAction\",\"target\":{\"@type\":\"EntryPoint\",\"urlTemplate\":\"https:\\\/\\\/diariofemenino.com.ar\\\/df\\\/?s={search_term_string}\"},\"query-input\":{\"@type\":\"PropertyValueSpecification\",\"valueRequired\":true,\"valueName\":\"search_term_string\"}}],\"inLanguage\":\"es\"},{\"@type\":\"Organization\",\"@id\":\"https:\\\/\\\/diariofemenino.com.ar\\\/df\\\/#organization\",\"name\":\"Diario Femenino\",\"url\":\"https:\\\/\\\/diariofemenino.com.ar\\\/df\\\/\",\"logo\":{\"@type\":\"ImageObject\",\"inLanguage\":\"es\",\"@id\":\"https:\\\/\\\/diariofemenino.com.ar\\\/df\\\/#\\\/schema\\\/logo\\\/image\\\/\",\"url\":\"https:\\\/\\\/diariofemenino.com.ar\\\/df\\\/wp-content\\\/uploads\\\/2018\\\/10\\\/logo.png\",\"contentUrl\":\"https:\\\/\\\/diariofemenino.com.ar\\\/df\\\/wp-content\\\/uploads\\\/2018\\\/10\\\/logo.png\",\"width\":500,\"height\":92,\"caption\":\"Diario Femenino\"},\"image\":{\"@id\":\"https:\\\/\\\/diariofemenino.com.ar\\\/df\\\/#\\\/schema\\\/logo\\\/image\\\/\"},\"sameAs\":[\"https:\\\/\\\/www.facebook.com\\\/DiarioDigitaFemenino\\\/\",\"https:\\\/\\\/x.com\\\/DiarioFemenino1\"]},{\"@type\":\"Person\",\"@id\":\"https:\\\/\\\/diariofemenino.com.ar\\\/df\\\/#\\\/schema\\\/person\\\/bf6199e8158c657ea6f789b11ec85509\",\"name\":\"Admin\",\"image\":{\"@type\":\"ImageObject\",\"inLanguage\":\"es\",\"@id\":\"https:\\\/\\\/diariofemenino.com.ar\\\/df\\\/wp-content\\\/uploads\\\/2018\\\/12\\\/favicon-150x150.jpg\",\"url\":\"https:\\\/\\\/diariofemenino.com.ar\\\/df\\\/wp-content\\\/uploads\\\/2018\\\/12\\\/favicon-150x150.jpg\",\"contentUrl\":\"https:\\\/\\\/diariofemenino.com.ar\\\/df\\\/wp-content\\\/uploads\\\/2018\\\/12\\\/favicon-150x150.jpg\",\"caption\":\"Admin\"},\"url\":\"https:\\\/\\\/diariofemenino.com.ar\\\/df\\\/author\\\/lenny\\\/\"}]}<\/script>\n<!-- \/ Yoast SEO plugin. -->","yoast_head_json":{"title":"Lenguaje no sexista - Diario Digital Femenino","description":"Lenguaje no sexista. En Oxfam intentan utilizar en todas sus comunicaciones un lenguaje no sexista, con ese objetivo elaboraron esta Gu\u00eda.","robots":{"index":"index","follow":"follow","max-snippet":"max-snippet:-1","max-image-preview":"max-image-preview:large","max-video-preview":"max-video-preview:-1"},"canonical":"https:\/\/diariofemenino.com.ar\/df\/lenguaje-no-sexista-2\/","og_locale":"es_ES","og_type":"article","og_title":"Lenguaje no sexista - Diario Digital Femenino","og_description":"Lenguaje no sexista. En Oxfam intentan utilizar en todas sus comunicaciones un lenguaje no sexista, con ese objetivo elaboraron esta Gu\u00eda.","og_url":"https:\/\/diariofemenino.com.ar\/df\/lenguaje-no-sexista-2\/","og_site_name":"Diario Digital Femenino","article_publisher":"https:\/\/www.facebook.com\/DiarioDigitaFemenino\/","article_published_time":"2021-08-11T12:31:13+00:00","og_image":[{"width":1059,"height":1497,"url":"https:\/\/diariofemenino.com.ar\/df\/wp-content\/uploads\/2021\/08\/page_1.jpg","type":"image\/jpeg"}],"author":"Admin","twitter_card":"summary_large_image","twitter_creator":"@DiarioFemenino1","twitter_site":"@DiarioFemenino1","twitter_misc":{"Escrito por":"Admin","Tiempo de lectura":"3 minutos"},"schema":{"@context":"https:\/\/schema.org","@graph":[{"@type":"Article","@id":"https:\/\/diariofemenino.com.ar\/df\/lenguaje-no-sexista-2\/#article","isPartOf":{"@id":"https:\/\/diariofemenino.com.ar\/df\/lenguaje-no-sexista-2\/"},"author":{"name":"Admin","@id":"https:\/\/diariofemenino.com.ar\/df\/#\/schema\/person\/bf6199e8158c657ea6f789b11ec85509"},"headline":"Lenguaje no sexista","datePublished":"2021-08-11T12:31:13+00:00","mainEntityOfPage":{"@id":"https:\/\/diariofemenino.com.ar\/df\/lenguaje-no-sexista-2\/"},"wordCount":552,"commentCount":0,"publisher":{"@id":"https:\/\/diariofemenino.com.ar\/df\/#organization"},"image":{"@id":"https:\/\/diariofemenino.com.ar\/df\/lenguaje-no-sexista-2\/#primaryimage"},"thumbnailUrl":"https:\/\/diariofemenino.com.ar\/df\/wp-content\/uploads\/2021\/08\/page_1.jpg","keywords":["Lenguaje no sexista","Oxfam"],"articleSection":["Agenda Feminista","Biblioteca Virtual","De la Revoluci\u00f3n al Reaprendizaje"],"inLanguage":"es","potentialAction":[{"@type":"CommentAction","name":"Comment","target":["https:\/\/diariofemenino.com.ar\/df\/lenguaje-no-sexista-2\/#respond"]}]},{"@type":"WebPage","@id":"https:\/\/diariofemenino.com.ar\/df\/lenguaje-no-sexista-2\/","url":"https:\/\/diariofemenino.com.ar\/df\/lenguaje-no-sexista-2\/","name":"Lenguaje no sexista - Diario Digital Femenino","isPartOf":{"@id":"https:\/\/diariofemenino.com.ar\/df\/#website"},"primaryImageOfPage":{"@id":"https:\/\/diariofemenino.com.ar\/df\/lenguaje-no-sexista-2\/#primaryimage"},"image":{"@id":"https:\/\/diariofemenino.com.ar\/df\/lenguaje-no-sexista-2\/#primaryimage"},"thumbnailUrl":"https:\/\/diariofemenino.com.ar\/df\/wp-content\/uploads\/2021\/08\/page_1.jpg","datePublished":"2021-08-11T12:31:13+00:00","description":"Lenguaje no sexista. En Oxfam intentan utilizar en todas sus comunicaciones un lenguaje no sexista, con ese objetivo elaboraron esta Gu\u00eda.","breadcrumb":{"@id":"https:\/\/diariofemenino.com.ar\/df\/lenguaje-no-sexista-2\/#breadcrumb"},"inLanguage":"es","potentialAction":[{"@type":"ReadAction","target":["https:\/\/diariofemenino.com.ar\/df\/lenguaje-no-sexista-2\/"]}]},{"@type":"ImageObject","inLanguage":"es","@id":"https:\/\/diariofemenino.com.ar\/df\/lenguaje-no-sexista-2\/#primaryimage","url":"https:\/\/diariofemenino.com.ar\/df\/wp-content\/uploads\/2021\/08\/page_1.jpg","contentUrl":"https:\/\/diariofemenino.com.ar\/df\/wp-content\/uploads\/2021\/08\/page_1.jpg","width":1059,"height":1497,"caption":"Lenguaje no sexista"},{"@type":"BreadcrumbList","@id":"https:\/\/diariofemenino.com.ar\/df\/lenguaje-no-sexista-2\/#breadcrumb","itemListElement":[{"@type":"ListItem","position":1,"name":"Portada","item":"https:\/\/diariofemenino.com.ar\/df\/"},{"@type":"ListItem","position":2,"name":"Lenguaje no sexista"}]},{"@type":"WebSite","@id":"https:\/\/diariofemenino.com.ar\/df\/#website","url":"https:\/\/diariofemenino.com.ar\/df\/","name":"Diario Digital Femenino","description":"Cuesti\u00f3n de G\u00e9nero","publisher":{"@id":"https:\/\/diariofemenino.com.ar\/df\/#organization"},"potentialAction":[{"@type":"SearchAction","target":{"@type":"EntryPoint","urlTemplate":"https:\/\/diariofemenino.com.ar\/df\/?s={search_term_string}"},"query-input":{"@type":"PropertyValueSpecification","valueRequired":true,"valueName":"search_term_string"}}],"inLanguage":"es"},{"@type":"Organization","@id":"https:\/\/diariofemenino.com.ar\/df\/#organization","name":"Diario Femenino","url":"https:\/\/diariofemenino.com.ar\/df\/","logo":{"@type":"ImageObject","inLanguage":"es","@id":"https:\/\/diariofemenino.com.ar\/df\/#\/schema\/logo\/image\/","url":"https:\/\/diariofemenino.com.ar\/df\/wp-content\/uploads\/2018\/10\/logo.png","contentUrl":"https:\/\/diariofemenino.com.ar\/df\/wp-content\/uploads\/2018\/10\/logo.png","width":500,"height":92,"caption":"Diario Femenino"},"image":{"@id":"https:\/\/diariofemenino.com.ar\/df\/#\/schema\/logo\/image\/"},"sameAs":["https:\/\/www.facebook.com\/DiarioDigitaFemenino\/","https:\/\/x.com\/DiarioFemenino1"]},{"@type":"Person","@id":"https:\/\/diariofemenino.com.ar\/df\/#\/schema\/person\/bf6199e8158c657ea6f789b11ec85509","name":"Admin","image":{"@type":"ImageObject","inLanguage":"es","@id":"https:\/\/diariofemenino.com.ar\/df\/wp-content\/uploads\/2018\/12\/favicon-150x150.jpg","url":"https:\/\/diariofemenino.com.ar\/df\/wp-content\/uploads\/2018\/12\/favicon-150x150.jpg","contentUrl":"https:\/\/diariofemenino.com.ar\/df\/wp-content\/uploads\/2018\/12\/favicon-150x150.jpg","caption":"Admin"},"url":"https:\/\/diariofemenino.com.ar\/df\/author\/lenny\/"}]}},"jetpack_featured_media_url":"https:\/\/diariofemenino.com.ar\/df\/wp-content\/uploads\/2021\/08\/page_1.jpg","jetpack_sharing_enabled":true,"rttpg_featured_image_url":{"full":["https:\/\/diariofemenino.com.ar\/df\/wp-content\/uploads\/2021\/08\/page_1.jpg",1059,1497,false],"landscape":["https:\/\/diariofemenino.com.ar\/df\/wp-content\/uploads\/2021\/08\/page_1.jpg",1059,1497,false],"portraits":["https:\/\/diariofemenino.com.ar\/df\/wp-content\/uploads\/2021\/08\/page_1.jpg",1059,1497,false],"thumbnail":["https:\/\/diariofemenino.com.ar\/df\/wp-content\/uploads\/2021\/08\/page_1-150x150.jpg",150,150,true],"medium":["https:\/\/diariofemenino.com.ar\/df\/wp-content\/uploads\/2021\/08\/page_1-212x300.jpg",212,300,true],"large":["https:\/\/diariofemenino.com.ar\/df\/wp-content\/uploads\/2021\/08\/page_1-724x1024.jpg",724,1024,true],"1536x1536":["https:\/\/diariofemenino.com.ar\/df\/wp-content\/uploads\/2021\/08\/page_1.jpg",1059,1497,false],"2048x2048":["https:\/\/diariofemenino.com.ar\/df\/wp-content\/uploads\/2021\/08\/page_1.jpg",1059,1497,false]},"rttpg_author":{"display_name":"Admin","author_link":"https:\/\/diariofemenino.com.ar\/df\/author\/lenny\/"},"rttpg_comment":0,"rttpg_category":"<a href=\"https:\/\/diariofemenino.com.ar\/df\/category\/agenda-feminista\/\" rel=\"category tag\">Agenda Feminista<\/a> <a href=\"https:\/\/diariofemenino.com.ar\/df\/category\/biblioteca\/\" rel=\"category tag\">Biblioteca Virtual<\/a> <a href=\"https:\/\/diariofemenino.com.ar\/df\/category\/de-la-revolucion-al-reaprendizaje\/\" rel=\"category tag\">De la Revoluci\u00f3n al Reaprendizaje<\/a>","rttpg_excerpt":"Tips para evitar el uso sexista del lenguaje cotidiano. Presentaci\u00f3n de la Gu\u00eda por parte de\u00a0Oxfam. (Descargar en Portada) \u00abPor herencia ling\u00fc\u00edstica y costumbre a veces no utilizamos el lenguaje de forma correcta para dirigirnos por igual a hombres y mujeres. Se denomina lenguaje sexista a aquel que contiene alg\u00fan tipo de discriminaci\u00f3n a un&hellip;","_links":{"self":[{"href":"https:\/\/diariofemenino.com.ar\/df\/wp-json\/wp\/v2\/posts\/60183","targetHints":{"allow":["GET"]}}],"collection":[{"href":"https:\/\/diariofemenino.com.ar\/df\/wp-json\/wp\/v2\/posts"}],"about":[{"href":"https:\/\/diariofemenino.com.ar\/df\/wp-json\/wp\/v2\/types\/post"}],"author":[{"embeddable":true,"href":"https:\/\/diariofemenino.com.ar\/df\/wp-json\/wp\/v2\/users\/4"}],"replies":[{"embeddable":true,"href":"https:\/\/diariofemenino.com.ar\/df\/wp-json\/wp\/v2\/comments?post=60183"}],"version-history":[{"count":0,"href":"https:\/\/diariofemenino.com.ar\/df\/wp-json\/wp\/v2\/posts\/60183\/revisions"}],"wp:featuredmedia":[{"embeddable":true,"href":"https:\/\/diariofemenino.com.ar\/df\/wp-json\/wp\/v2\/media\/60185"}],"wp:attachment":[{"href":"https:\/\/diariofemenino.com.ar\/df\/wp-json\/wp\/v2\/media?parent=60183"}],"wp:term":[{"taxonomy":"category","embeddable":true,"href":"https:\/\/diariofemenino.com.ar\/df\/wp-json\/wp\/v2\/categories?post=60183"},{"taxonomy":"post_tag","embeddable":true,"href":"https:\/\/diariofemenino.com.ar\/df\/wp-json\/wp\/v2\/tags?post=60183"}],"curies":[{"name":"wp","href":"https:\/\/api.w.org\/{rel}","templated":true}]}}