{"id":59886,"date":"2021-08-03T13:09:25","date_gmt":"2021-08-03T16:09:25","guid":{"rendered":"https:\/\/diariofemenino.com.ar\/df\/?p=59886"},"modified":"2021-08-03T13:41:53","modified_gmt":"2021-08-03T16:41:53","slug":"identidades-no-binarias","status":"publish","type":"post","link":"https:\/\/diariofemenino.com.ar\/df\/identidades-no-binarias\/","title":{"rendered":"Identidades No binarias"},"content":{"rendered":"<p>Identidades No binarias. El derecho humano a la dignidad personal comprende la autodeterminaci\u00f3n del g\u00e9nero, de acuerdo a los sentimientos y convicciones de cada persona.<\/p>\n<p>Por N\u00e9stor E. Solari*<\/p>\n<p>Hace casi diez a\u00f1os se dict\u00f3 la ley de Identidad de G\u00e9nero (<a href=\"http:\/\/servicios.infoleg.gob.ar\/infolegInternet\/anexos\/195000-199999\/197860\/norma.htm\">ley 26.743<\/a>), constituyendo un significativo avance en la materia, pues, desde entonces, se reconoce y legitima la identidad de g\u00e9nero autopercibida. En t\u00e9rminos pr\u00e1cticos, se otorga la posibilidad de que una persona pueda modificar registralmente el sexo o g\u00e9nero asignado al momento de nacer.<\/p>\n<p>El derecho al reconocimiento de la identidad de g\u00e9nero implica necesariamente el derecho que los datos de los registros y en los documentos de identidad correspondan a la identidad sexual y de g\u00e9nero asumida por las personas transg\u00e9nero. En este sentido, los <a href=\"https:\/\/es.wikipedia.org\/wiki\/Principios_de_Yogyakarta\">principios de YogyaKarta<\/a> plantean la obligaci\u00f3n a cargo de los Estados de adoptar todas las medidas legislativas, administrativas y de cualquier otra \u00edndole que sean necesarias \u201cpara respetar plenamente y reconocer legalmente el derecho de cada persona a la identidad de g\u00e9nero que ella defina para s\u00ed\u201d; asimismo \u201cexistan procedimientos mediante los cuales todos los documentos de identidad emitidos por el Estado que indican el g\u00e9nero o el sexo de una persona -incluyendo certificados de nacimiento, pasaportes, registros electorales y otros documentos- reflejen la identidad de g\u00e9nero profunda que la persona define por s\u00ed y para s\u00ed\u201d<a href=\"#_ftn1\" name=\"_ftnref1\">[1]<\/a> .<\/p>\n<figure id=\"attachment_59887\" aria-describedby=\"caption-attachment-59887\" style=\"width: 635px\" class=\"wp-caption aligncenter\"><img loading=\"lazy\" decoding=\"async\" class=\"size-full wp-image-59887\" src=\"https:\/\/diariofemenino.com.ar\/df\/wp-content\/uploads\/2021\/08\/Nobinario.jpg\" alt=\"Identidades No binarias\" width=\"635\" height=\"583\" srcset=\"https:\/\/diariofemenino.com.ar\/df\/wp-content\/uploads\/2021\/08\/Nobinario.jpg 635w, https:\/\/diariofemenino.com.ar\/df\/wp-content\/uploads\/2021\/08\/Nobinario-300x275.jpg 300w\" sizes=\"auto, (max-width: 635px) 100vw, 635px\" \/><figcaption id=\"caption-attachment-59887\" class=\"wp-caption-text\">Identidades No binarias<\/figcaption><\/figure>\n<p>De esta manera, la protecci\u00f3n del derecho a la vida privada no se limita al derecho a la privacidad, pues abarca una serie de factores relacionados con la dignidad de la persona, incluyendo, por ejemplo, la capacidad para desarrollar su propia personalidad, aspiraciones, determinar su identidad y definir sus relaciones personales. El concepto de vida privada engloba aspecto de la identidad f\u00edsica y social, incluyendo el derecho a la autonom\u00eda personal, desarrollo personal y el derecho a establecer y desarrollar relaciones con otros seres humanos y con el mundo exterior. La efectividad del ejercicio del derecho a la vida privada es decisiva para la posibilidad de ejercer la autonom\u00eda personal sobre el futuro curso de eventos relevantes para la calidad de vida de la persona. Asimismo, la vida privada comprende la forma en que la persona se ve a s\u00ed mismo y c\u00f3mo decide proyectarse hacia los dem\u00e1s, siendo esta una condici\u00f3n indispensable para el libre desarrollo de la personalidad<a href=\"#_ftn2\" name=\"_ftnref2\">[2]<\/a>.<\/p>\n<p>En esta l\u00ednea, ya el TEDH hab\u00eda establecido que la falta de reconocimiento de la identidad de una persona transg\u00e9nero puede configurar una injerencia en la vida privada<a href=\"#_ftn3\" name=\"_ftnref3\">[3]<\/a>.<\/p>\n<p>Se desprende, por tanto, del reconocimiento del libre desarrollo de la personalidad y de la protecci\u00f3n del derecho a la vida privada, un derecho a la identidad, el cual se encuentra en estrecha relaci\u00f3n con la autonom\u00eda de la persona y que identifica a la persona como un ser que se autodetermina y se autogobierna, es decir, que es due\u00f1o de s\u00ed mismo y de sus actos<a href=\"#_ftn4\" name=\"_ftnref4\">[4]<\/a><\/p>\n<p>La ley 26.743, de Identidad de G\u00e9nero, la define en el art. 3: \u201cSe entiende por identidad de g\u00e9nero a la vivencia interna e individual del g\u00e9nero tal como cada persona la siente, la cual puede corresponder o no con el sexo asignado al momento del nacimiento, incluyendo la vivencia personal del cuerpo. Esto puede involucrar la modificaci\u00f3n de la apariencia o la funci\u00f3n corporal a trav\u00e9s de medios farmacol\u00f3gicos, quir\u00fargicos o de otra \u00edndole, siempre que ello sea libremente escogido. Tambi\u00e9n incluye otras expresiones de g\u00e9nero, como la vestimenta, el modo de hablar o los modales\u201d.<\/p>\n<p>Por lo tanto, el sexo, as\u00ed como las identidades, las funciones y los atributos construidos socialmente que se atribuye a las diferencias biol\u00f3gicas en torno al sexo asignado al nacer, lejos de construirse en componentes objetivos e inmutables del estado civil que individualiza a la persona, por ser un hecho de la naturaleza f\u00edsica o biol\u00f3gica, termina siendo rasgos que dependen de la apreciaci\u00f3n subjetiva de quien lo detenta y descansan en una construcci\u00f3n de la identidad de g\u00e9nero auto-percibida relacionada con el libre desarrollo de la personalidad, la autodeterminaci\u00f3n sexual y el derecho a la vida privada. Por ende, quien decide asumirla, es titular de interese jur\u00eddicamente protegidos, que bajo ning\u00fan punto de vista pueden ser objeto de restricciones por el simple hecho de que el conglomerado social no comparte espec\u00edficos y singulares estilos de vida, a ra\u00edz de miedos, estereotipos, perjuicios sociales y morales carentes de fundamentos razonables. Es as\u00ed que, ante los factores que definen la identidad sexual y de g\u00e9nero de una persona, se presenta en la realidad una prelaci\u00f3n del factor subjetivo sobre sus caracteres f\u00edsicos o morfol\u00f3gicos (factor objetivo). En este sentido, partiendo de la compleja naturaleza humana que lleva a cada persona a desarrollar su propia personalidad con base en la visi\u00f3n particular que respecto de s\u00ed mismo tenga, debe darse un car\u00e1cter preeminente al sexo psicosocial frente al morfol\u00f3gico, a fin de respetar plenamente los derechos de identidad sexual y de g\u00e9nero, al ser aspectos que, en mayor medida, definen tanto la visi\u00f3n que la persona tiene frente a s\u00ed misma como su proyecci\u00f3n ante la sociedad<a href=\"#_ftn5\" name=\"_ftnref5\">[5]<\/a> .<\/p>\n<p>Desde esta perspectiva, El Estado en su calidad de garante de la pluralidad de derechos, debe respetar y garantizar la coexistencia de individuos con distintas identidades, expresiones de g\u00e9nero y orientaciones sexuales, para lo cual debe asegurar que todas ellas puedan vivir y desarrollarse con dignidad y el mismo respeto al que tienen derecho todas las personas. Esa protecci\u00f3n no se refiere solamente al contenido de esos derechos, sino que, a trav\u00e9s de ella, el Estado tambi\u00e9n estar\u00eda garantizando la plena vigencia y ejercicio de otros derechos de las personas cuya identidad de g\u00e9nero es diferente a la que es asociada con el sexo que le fue asignado al nacer<a href=\"#_ftn6\" name=\"_ftnref6\">[6]<\/a>.<\/p>\n<p>Si la identidad de g\u00e9nero se estructura sobre la autopercepci\u00f3n de cada uno individuo, basada en la autodeterminaci\u00f3n personal e individual, la estructura legal exige adecuarse a los par\u00e1metros de la pluralidad, super\u00e1ndose el esquema binario -masculino\/femenino- existente\u00a0 desde antiguo. Indudablemente el sistema binario ya no contiene el universo posible, por lo que debe contemplarse otras posibilidades, de conformidad con la percepci\u00f3n del sujeto.<\/p>\n<p>Por lo que el reconocimiento de la identidad de g\u00e9nero debe exceder el estricto \u00e1mbito del binomio, abriendo paso a otras expresiones de identidad del sujeto. En verdad, una sociedad democr\u00e1tica requiere aceptar e incluir a distintas expresiones de la identidad del sujeto, de conformidad con su autopercecpi\u00f3n.<\/p>\n<p>En esta senda, el decreto 476\/2021 viene a significar un avance y ampliaci\u00f3n de derechos. En efecto, por la misma se incorpora una tercera opci\u00f3n documentaria en la categor\u00eda de \u201csexo\u201d en el Documento de Identidad y en el Pasaporte.<\/p>\n<p>En efecto, de conformidad con el art. 2\u00b0 del referido decreto: \u201cDeterm\u00ednase que las nomenclaturas a utilizarse en los Documentos Nacionales de Identidad y en los Pasaportes Ordinarios para Argentinos en el campo referido al \u201csexo\u201d podr\u00e1n ser \u201cF\u201d -femenino-, \u201cM\u201d &#8211; masculino- o \u201cX\u201d. Esta \u00faltima se consignar\u00e1, de conformidad con lo establecido en el art\u00edculo 4\u00b0 del presente decreto, en aquellos supuestos de personas nacionales cuyas partidas de nacimiento sean rectificadas en el marco de la Ley N\u00b0 26.743, cualquiera sea la opci\u00f3n consignada en la categor\u00eda \u201csexo\u201d, siempre que no sea \u201cF\u201d -femenino- o \u201cM\u201d -masculino-, o bien si el sexo no se hubiera consignado\u201d.<\/p>\n<p>En tanto el art. 4\u00b0 se\u00f1ala: \u201cA los fines del presente decreto, la nomenclatura \u201cX\u201d en el campo \u201csexo\u201d comprender\u00e1 las siguientes acepciones: no binaria, indeterminada, no especificada; u otra acepci\u00f3n con la que pudiera identificarse la persona que no se sienta comprendida en el binomio masculino\/femenino\u201d.<\/p>\n<p>Tal como se describe en los considerandos del decreto, si bien la nomenclatura \u201cX\u201d para \u201csexo sin especificar\u201d a\u00fan no fue admitida un\u00e1nimemente por los ciento noventa y tres (193) Estados que integran la OACI, existen diferentes pol\u00edticas de g\u00e9nero adoptadas respecto de los documentos identificatorios, entre los cuales puede mencionarse a la Rep\u00fablica Democr\u00e1tica de Nepal, donde en el a\u00f1o 2007 el Tribunal Supremo introdujo formalmente un tercer g\u00e9nero; la Rep\u00fablica Isl\u00e1mica de Pakist\u00e1n, donde los y las pakistan\u00edes pueden elegir un tercer g\u00e9nero ya desde el a\u00f1o 2009; la Rep\u00fablica Popular de Bangladesh que aprob\u00f3 en el a\u00f1o 2013 una ley que introduce una categor\u00eda \u201chijra\u201d en pasaportes y otras tarjetas de identificaci\u00f3n siendo este un t\u00e9rmino para personas transexuales o intersexuales en el sur de Asia. Con este reconocimiento las autoridades han querido reducir la discriminaci\u00f3n en educaci\u00f3n y asistencia m\u00e9dica de las personas. Se estima que unas diez mil (10.000) personas en la Rep\u00fablica Popular de Bangladesh se benefician de ello; en la Rep\u00fablica de la India, donde tambi\u00e9n en el a\u00f1o 2009 pudieron elegir, por primera vez, en sus registros al lado de masculino y femenino, la opci\u00f3n \u201cotro\u201d; y en Canad\u00e1 en el cual, desde el a\u00f1o 2017, los territorios del Noroeste del pa\u00eds admiten certificados de nacimiento con una \u201cX\u201d en lugar de \u201cfemenino\u201d o \u201cmasculino\u201d, mientras que en los pasaportes, la \u201cX\u201d puede solicitarse en su territorio.<\/p>\n<p>El contenido del decreto bajo an\u00e1lisis, constituye una tendencia auspiciosa, super\u00e1ndose la estructura del binomio, pues se reconoce una tercera opci\u00f3n, distinta al de \u201cmasculino\u201d y \u201cfemenino\u201d, existente hasta la vigencia del mismo.<\/p>\n<p>Por lo dem\u00e1s, un precedente judicial en Ushuaia ya se hab\u00eda pronunciado en el sentido de ampliar las opciones binarias a otras manifestaciones de la identidad del sujeto. As\u00ed, entendi\u00f3 el juzgado que la Disposici\u00f3n administrativa que hab\u00eda denegado la petici\u00f3n efectuada para que se expida una nueva partida de nacimiento, dejando asentada su percepci\u00f3n de identidad de g\u00e9nero no binaria\/igualitaria, y el correspondiente documento nacional de identidad, incurr\u00eda en discriminaci\u00f3n por cuanto interfiere en el derecho a contar con documentaci\u00f3n personal de la cual se compruebe su identidad de g\u00e9nero no binaria, autopercibida, afectando los derechos a la dignidad, intimidad, igualdad, libertad y a vivir en comunidad de acuerdo a la identidad de g\u00e9nero autopercibida, la cual no necesariamente debe identificarse con uno de los sexos<a href=\"#_ftn7\" name=\"_ftnref7\">[7]<\/a> . De esta manera, hizo lugar a la acci\u00f3n de amparo planteada en dichas actuaciones.<\/p>\n<p>Ahora bien, el reconocimiento de esta diversidad, nos conduce a otra reflexi\u00f3n, superadora de la tendencia legislativa todav\u00eda imperante, consistente en determinar si resulta necesario que registralmente deba constar el g\u00e9nero de las personas. Desde hace bastante tiempo, venimos sosteniendo que deber\u00edamos trabajar en la idea de que el sexo o el g\u00e9nero de las personas no sea un elemento de registraci\u00f3n. Decimos \u201ctrabajarse\u201d, porque conllevar\u00eda superar muchos obst\u00e1culos formales, todav\u00eda existentes en el ordenamiento jur\u00eddico, para que su constancia sea suprimida, habida cuenta de que muchos efectos jur\u00eddicos son ordenados en relaci\u00f3n al g\u00e9nero de las personas.<\/p>\n<p>En un horizonte no muy lejano, estimamos que las manifestaciones que hacen a la privacidad de las personas, en su autopercepci\u00f3n, no ser\u00e1 un criterio ordenador por parte de los Estados, mediante sus registros respectivos, sino que constituir\u00e1 un aspecto individual de cada sujeto, exento de la publicidad registral.<\/p>\n<p><a href=\"#_ftnref1\" name=\"_ftn1\">[1]<\/a> Principios de Yogyakarta, 2007.<\/p>\n<p><a href=\"#_ftnref2\" name=\"_ftn2\">[2]<\/a> CIDH, opini\u00f3n consultiva 24\/17, sobre \u201cIdentidad de g\u00e9nero, e igualdad y no discriminaci\u00f3n a parejas del mismo sexo\u201d.<\/p>\n<p><a href=\"#_ftnref3\" name=\"_ftn3\">[3]<\/a> TEDH, caso \u201cDudgeon vs. Reino Unido\u201d, del 22 de octubre de 1981.<\/p>\n<p><a href=\"#_ftnref4\" name=\"_ftn4\">[4]<\/a> Corte Constitucional de Colombia, sentencia T-063\/2015.<\/p>\n<p><a href=\"#_ftnref5\" name=\"_ftn5\">[5]<\/a> CIDH, opini\u00f3n consultiva 24\/17, sobre \u201cIdentidad de g\u00e9nero, e igualdad y no discriminaci\u00f3n a parejas del mismo sexo\u201d.<\/p>\n<p><a href=\"#_ftnref6\" name=\"_ftn6\">[6]<\/a> CIDH, opini\u00f3n consultiva 24\/17, sobre \u201cIdentidad de g\u00e9nero, e igualdad y no discriminaci\u00f3n a parejas del mismo sexo\u201d.<\/p>\n<p><a href=\"#_ftnref7\" name=\"_ftn7\">[7]<\/a> 7 JFamilia y Minoridad, Ushuaia, 16\/12\/2019, \u201cS.B.,G.A.S.L. c. Registro de Estado Civil y de la Capacidad de las Personas s\/amparo\u201d.<\/p>\n<p>(*) Abogado. Derecho de familia y Sucesiones &#8211; UBA<\/p>\n","protected":false},"excerpt":{"rendered":"<p>Identidades No binarias. El derecho humano a la dignidad personal comprende la autodeterminaci\u00f3n del g\u00e9nero, de acuerdo a los sentimientos y convicciones de cada persona. Por N\u00e9stor E. Solari* Hace casi diez a\u00f1os se dict\u00f3 la ley de Identidad de G\u00e9nero (ley 26.743), constituyendo un significativo avance en la materia, pues, desde entonces, se reconoce [&hellip;]<\/p>\n","protected":false},"author":4,"featured_media":59888,"comment_status":"open","ping_status":"open","sticky":false,"template":"","format":"standard","meta":{"iawp_total_views":38,"footnotes":""},"categories":[1067,178,19,627],"tags":[4643,4644],"class_list":["post-59886","post","type-post","status-publish","format-standard","has-post-thumbnail","hentry","category-agenda-feminista","category-articulos-y-comunicados","category-biblioteca","category-genero-y-derechos-humanos","tag-identidades-no-binarias","tag-nestor-e-solari"],"nelio_content":{"autoShareEndMode":"never","automationSources":{"useCustomSentences":false,"customSentences":[]},"efiAlt":"","efiUrl":"","followers":[4],"highlights":[],"isAutoShareEnabled":true,"networkImageIds":[],"permalinkQueryArgs":[],"series":[],"suggestedReferences":[]},"yoast_head":"<!-- This site is optimized with the Yoast SEO plugin v27.5 - https:\/\/yoast.com\/product\/yoast-seo-wordpress\/ -->\n<title>Identidades No binarias - Diario Digital Femenino<\/title>\n<meta name=\"description\" content=\"Identidades No binarias. Hace casi diez a\u00f1os se dict\u00f3 la ley de Identidad de G\u00e9nero (ley 26.743), constituyendo un significativo avance en la materia.\" \/>\n<meta name=\"robots\" content=\"index, follow, max-snippet:-1, max-image-preview:large, max-video-preview:-1\" \/>\n<link rel=\"canonical\" href=\"https:\/\/diariofemenino.com.ar\/df\/identidades-no-binarias\/\" \/>\n<meta property=\"og:locale\" content=\"es_ES\" \/>\n<meta property=\"og:type\" content=\"article\" \/>\n<meta property=\"og:title\" content=\"Identidades No binarias - Diario Digital Femenino\" \/>\n<meta property=\"og:description\" content=\"Identidades No binarias. Hace casi diez a\u00f1os se dict\u00f3 la ley de Identidad de G\u00e9nero (ley 26.743), constituyendo un significativo avance en la materia.\" \/>\n<meta property=\"og:url\" content=\"https:\/\/diariofemenino.com.ar\/df\/identidades-no-binarias\/\" \/>\n<meta property=\"og:site_name\" content=\"Diario Digital Femenino\" \/>\n<meta property=\"article:publisher\" content=\"https:\/\/www.facebook.com\/DiarioDigitaFemenino\/\" \/>\n<meta property=\"article:published_time\" content=\"2021-08-03T16:09:25+00:00\" \/>\n<meta property=\"article:modified_time\" content=\"2021-08-03T16:41:53+00:00\" \/>\n<meta property=\"og:image\" content=\"https:\/\/diariofemenino.com.ar\/df\/wp-content\/uploads\/2021\/08\/WhatsApp-Image-2021-08-03-at-13.03.00.jpeg\" \/>\n\t<meta property=\"og:image:width\" content=\"1024\" \/>\n\t<meta property=\"og:image:height\" content=\"576\" \/>\n\t<meta property=\"og:image:type\" content=\"image\/jpeg\" \/>\n<meta name=\"author\" content=\"Admin\" \/>\n<meta name=\"twitter:card\" content=\"summary_large_image\" \/>\n<meta name=\"twitter:creator\" content=\"@DiarioFemenino1\" \/>\n<meta name=\"twitter:site\" content=\"@DiarioFemenino1\" \/>\n<meta name=\"twitter:label1\" content=\"Escrito por\" \/>\n\t<meta name=\"twitter:data1\" content=\"Admin\" \/>\n\t<meta name=\"twitter:label2\" content=\"Tiempo de lectura\" \/>\n\t<meta name=\"twitter:data2\" content=\"10 minutos\" \/>\n<script type=\"application\/ld+json\" class=\"yoast-schema-graph\">{\"@context\":\"https:\\\/\\\/schema.org\",\"@graph\":[{\"@type\":\"Article\",\"@id\":\"https:\\\/\\\/diariofemenino.com.ar\\\/df\\\/identidades-no-binarias\\\/#article\",\"isPartOf\":{\"@id\":\"https:\\\/\\\/diariofemenino.com.ar\\\/df\\\/identidades-no-binarias\\\/\"},\"author\":{\"name\":\"Admin\",\"@id\":\"https:\\\/\\\/diariofemenino.com.ar\\\/df\\\/#\\\/schema\\\/person\\\/bf6199e8158c657ea6f789b11ec85509\"},\"headline\":\"Identidades No binarias\",\"datePublished\":\"2021-08-03T16:09:25+00:00\",\"dateModified\":\"2021-08-03T16:41:53+00:00\",\"mainEntityOfPage\":{\"@id\":\"https:\\\/\\\/diariofemenino.com.ar\\\/df\\\/identidades-no-binarias\\\/\"},\"wordCount\":2071,\"commentCount\":0,\"publisher\":{\"@id\":\"https:\\\/\\\/diariofemenino.com.ar\\\/df\\\/#organization\"},\"image\":{\"@id\":\"https:\\\/\\\/diariofemenino.com.ar\\\/df\\\/identidades-no-binarias\\\/#primaryimage\"},\"thumbnailUrl\":\"https:\\\/\\\/diariofemenino.com.ar\\\/df\\\/wp-content\\\/uploads\\\/2021\\\/08\\\/WhatsApp-Image-2021-08-03-at-13.03.00.jpeg\",\"keywords\":[\"Identidades No binarias\",\"N\u00e9stor E. Solari\"],\"articleSection\":[\"Agenda Feminista\",\"Art\u00edculos y Comunicados\",\"Biblioteca Virtual\",\"G\u00e9nero y Derechos Humanos\"],\"inLanguage\":\"es\",\"potentialAction\":[{\"@type\":\"CommentAction\",\"name\":\"Comment\",\"target\":[\"https:\\\/\\\/diariofemenino.com.ar\\\/df\\\/identidades-no-binarias\\\/#respond\"]}]},{\"@type\":\"WebPage\",\"@id\":\"https:\\\/\\\/diariofemenino.com.ar\\\/df\\\/identidades-no-binarias\\\/\",\"url\":\"https:\\\/\\\/diariofemenino.com.ar\\\/df\\\/identidades-no-binarias\\\/\",\"name\":\"Identidades No binarias - Diario Digital Femenino\",\"isPartOf\":{\"@id\":\"https:\\\/\\\/diariofemenino.com.ar\\\/df\\\/#website\"},\"primaryImageOfPage\":{\"@id\":\"https:\\\/\\\/diariofemenino.com.ar\\\/df\\\/identidades-no-binarias\\\/#primaryimage\"},\"image\":{\"@id\":\"https:\\\/\\\/diariofemenino.com.ar\\\/df\\\/identidades-no-binarias\\\/#primaryimage\"},\"thumbnailUrl\":\"https:\\\/\\\/diariofemenino.com.ar\\\/df\\\/wp-content\\\/uploads\\\/2021\\\/08\\\/WhatsApp-Image-2021-08-03-at-13.03.00.jpeg\",\"datePublished\":\"2021-08-03T16:09:25+00:00\",\"dateModified\":\"2021-08-03T16:41:53+00:00\",\"description\":\"Identidades No binarias. Hace casi diez a\u00f1os se dict\u00f3 la ley de Identidad de G\u00e9nero (ley 26.743), constituyendo un significativo avance en la materia.\",\"breadcrumb\":{\"@id\":\"https:\\\/\\\/diariofemenino.com.ar\\\/df\\\/identidades-no-binarias\\\/#breadcrumb\"},\"inLanguage\":\"es\",\"potentialAction\":[{\"@type\":\"ReadAction\",\"target\":[\"https:\\\/\\\/diariofemenino.com.ar\\\/df\\\/identidades-no-binarias\\\/\"]}]},{\"@type\":\"ImageObject\",\"inLanguage\":\"es\",\"@id\":\"https:\\\/\\\/diariofemenino.com.ar\\\/df\\\/identidades-no-binarias\\\/#primaryimage\",\"url\":\"https:\\\/\\\/diariofemenino.com.ar\\\/df\\\/wp-content\\\/uploads\\\/2021\\\/08\\\/WhatsApp-Image-2021-08-03-at-13.03.00.jpeg\",\"contentUrl\":\"https:\\\/\\\/diariofemenino.com.ar\\\/df\\\/wp-content\\\/uploads\\\/2021\\\/08\\\/WhatsApp-Image-2021-08-03-at-13.03.00.jpeg\",\"width\":1024,\"height\":576,\"caption\":\"Identidades No binarias\"},{\"@type\":\"BreadcrumbList\",\"@id\":\"https:\\\/\\\/diariofemenino.com.ar\\\/df\\\/identidades-no-binarias\\\/#breadcrumb\",\"itemListElement\":[{\"@type\":\"ListItem\",\"position\":1,\"name\":\"Portada\",\"item\":\"https:\\\/\\\/diariofemenino.com.ar\\\/df\\\/\"},{\"@type\":\"ListItem\",\"position\":2,\"name\":\"Identidades No binarias\"}]},{\"@type\":\"WebSite\",\"@id\":\"https:\\\/\\\/diariofemenino.com.ar\\\/df\\\/#website\",\"url\":\"https:\\\/\\\/diariofemenino.com.ar\\\/df\\\/\",\"name\":\"Diario Digital Femenino\",\"description\":\"Cuesti\u00f3n de G\u00e9nero\",\"publisher\":{\"@id\":\"https:\\\/\\\/diariofemenino.com.ar\\\/df\\\/#organization\"},\"potentialAction\":[{\"@type\":\"SearchAction\",\"target\":{\"@type\":\"EntryPoint\",\"urlTemplate\":\"https:\\\/\\\/diariofemenino.com.ar\\\/df\\\/?s={search_term_string}\"},\"query-input\":{\"@type\":\"PropertyValueSpecification\",\"valueRequired\":true,\"valueName\":\"search_term_string\"}}],\"inLanguage\":\"es\"},{\"@type\":\"Organization\",\"@id\":\"https:\\\/\\\/diariofemenino.com.ar\\\/df\\\/#organization\",\"name\":\"Diario Femenino\",\"url\":\"https:\\\/\\\/diariofemenino.com.ar\\\/df\\\/\",\"logo\":{\"@type\":\"ImageObject\",\"inLanguage\":\"es\",\"@id\":\"https:\\\/\\\/diariofemenino.com.ar\\\/df\\\/#\\\/schema\\\/logo\\\/image\\\/\",\"url\":\"https:\\\/\\\/diariofemenino.com.ar\\\/df\\\/wp-content\\\/uploads\\\/2018\\\/10\\\/logo.png\",\"contentUrl\":\"https:\\\/\\\/diariofemenino.com.ar\\\/df\\\/wp-content\\\/uploads\\\/2018\\\/10\\\/logo.png\",\"width\":500,\"height\":92,\"caption\":\"Diario Femenino\"},\"image\":{\"@id\":\"https:\\\/\\\/diariofemenino.com.ar\\\/df\\\/#\\\/schema\\\/logo\\\/image\\\/\"},\"sameAs\":[\"https:\\\/\\\/www.facebook.com\\\/DiarioDigitaFemenino\\\/\",\"https:\\\/\\\/x.com\\\/DiarioFemenino1\"]},{\"@type\":\"Person\",\"@id\":\"https:\\\/\\\/diariofemenino.com.ar\\\/df\\\/#\\\/schema\\\/person\\\/bf6199e8158c657ea6f789b11ec85509\",\"name\":\"Admin\",\"image\":{\"@type\":\"ImageObject\",\"inLanguage\":\"es\",\"@id\":\"https:\\\/\\\/diariofemenino.com.ar\\\/df\\\/wp-content\\\/uploads\\\/2018\\\/12\\\/favicon-150x150.jpg\",\"url\":\"https:\\\/\\\/diariofemenino.com.ar\\\/df\\\/wp-content\\\/uploads\\\/2018\\\/12\\\/favicon-150x150.jpg\",\"contentUrl\":\"https:\\\/\\\/diariofemenino.com.ar\\\/df\\\/wp-content\\\/uploads\\\/2018\\\/12\\\/favicon-150x150.jpg\",\"caption\":\"Admin\"},\"url\":\"https:\\\/\\\/diariofemenino.com.ar\\\/df\\\/author\\\/lenny\\\/\"}]}<\/script>\n<!-- \/ Yoast SEO plugin. -->","yoast_head_json":{"title":"Identidades No binarias - Diario Digital Femenino","description":"Identidades No binarias. Hace casi diez a\u00f1os se dict\u00f3 la ley de Identidad de G\u00e9nero (ley 26.743), constituyendo un significativo avance en la materia.","robots":{"index":"index","follow":"follow","max-snippet":"max-snippet:-1","max-image-preview":"max-image-preview:large","max-video-preview":"max-video-preview:-1"},"canonical":"https:\/\/diariofemenino.com.ar\/df\/identidades-no-binarias\/","og_locale":"es_ES","og_type":"article","og_title":"Identidades No binarias - Diario Digital Femenino","og_description":"Identidades No binarias. Hace casi diez a\u00f1os se dict\u00f3 la ley de Identidad de G\u00e9nero (ley 26.743), constituyendo un significativo avance en la materia.","og_url":"https:\/\/diariofemenino.com.ar\/df\/identidades-no-binarias\/","og_site_name":"Diario Digital Femenino","article_publisher":"https:\/\/www.facebook.com\/DiarioDigitaFemenino\/","article_published_time":"2021-08-03T16:09:25+00:00","article_modified_time":"2021-08-03T16:41:53+00:00","og_image":[{"width":1024,"height":576,"url":"https:\/\/diariofemenino.com.ar\/df\/wp-content\/uploads\/2021\/08\/WhatsApp-Image-2021-08-03-at-13.03.00.jpeg","type":"image\/jpeg"}],"author":"Admin","twitter_card":"summary_large_image","twitter_creator":"@DiarioFemenino1","twitter_site":"@DiarioFemenino1","twitter_misc":{"Escrito por":"Admin","Tiempo de lectura":"10 minutos"},"schema":{"@context":"https:\/\/schema.org","@graph":[{"@type":"Article","@id":"https:\/\/diariofemenino.com.ar\/df\/identidades-no-binarias\/#article","isPartOf":{"@id":"https:\/\/diariofemenino.com.ar\/df\/identidades-no-binarias\/"},"author":{"name":"Admin","@id":"https:\/\/diariofemenino.com.ar\/df\/#\/schema\/person\/bf6199e8158c657ea6f789b11ec85509"},"headline":"Identidades No binarias","datePublished":"2021-08-03T16:09:25+00:00","dateModified":"2021-08-03T16:41:53+00:00","mainEntityOfPage":{"@id":"https:\/\/diariofemenino.com.ar\/df\/identidades-no-binarias\/"},"wordCount":2071,"commentCount":0,"publisher":{"@id":"https:\/\/diariofemenino.com.ar\/df\/#organization"},"image":{"@id":"https:\/\/diariofemenino.com.ar\/df\/identidades-no-binarias\/#primaryimage"},"thumbnailUrl":"https:\/\/diariofemenino.com.ar\/df\/wp-content\/uploads\/2021\/08\/WhatsApp-Image-2021-08-03-at-13.03.00.jpeg","keywords":["Identidades No binarias","N\u00e9stor E. Solari"],"articleSection":["Agenda Feminista","Art\u00edculos y Comunicados","Biblioteca Virtual","G\u00e9nero y Derechos Humanos"],"inLanguage":"es","potentialAction":[{"@type":"CommentAction","name":"Comment","target":["https:\/\/diariofemenino.com.ar\/df\/identidades-no-binarias\/#respond"]}]},{"@type":"WebPage","@id":"https:\/\/diariofemenino.com.ar\/df\/identidades-no-binarias\/","url":"https:\/\/diariofemenino.com.ar\/df\/identidades-no-binarias\/","name":"Identidades No binarias - Diario Digital Femenino","isPartOf":{"@id":"https:\/\/diariofemenino.com.ar\/df\/#website"},"primaryImageOfPage":{"@id":"https:\/\/diariofemenino.com.ar\/df\/identidades-no-binarias\/#primaryimage"},"image":{"@id":"https:\/\/diariofemenino.com.ar\/df\/identidades-no-binarias\/#primaryimage"},"thumbnailUrl":"https:\/\/diariofemenino.com.ar\/df\/wp-content\/uploads\/2021\/08\/WhatsApp-Image-2021-08-03-at-13.03.00.jpeg","datePublished":"2021-08-03T16:09:25+00:00","dateModified":"2021-08-03T16:41:53+00:00","description":"Identidades No binarias. Hace casi diez a\u00f1os se dict\u00f3 la ley de Identidad de G\u00e9nero (ley 26.743), constituyendo un significativo avance en la materia.","breadcrumb":{"@id":"https:\/\/diariofemenino.com.ar\/df\/identidades-no-binarias\/#breadcrumb"},"inLanguage":"es","potentialAction":[{"@type":"ReadAction","target":["https:\/\/diariofemenino.com.ar\/df\/identidades-no-binarias\/"]}]},{"@type":"ImageObject","inLanguage":"es","@id":"https:\/\/diariofemenino.com.ar\/df\/identidades-no-binarias\/#primaryimage","url":"https:\/\/diariofemenino.com.ar\/df\/wp-content\/uploads\/2021\/08\/WhatsApp-Image-2021-08-03-at-13.03.00.jpeg","contentUrl":"https:\/\/diariofemenino.com.ar\/df\/wp-content\/uploads\/2021\/08\/WhatsApp-Image-2021-08-03-at-13.03.00.jpeg","width":1024,"height":576,"caption":"Identidades No binarias"},{"@type":"BreadcrumbList","@id":"https:\/\/diariofemenino.com.ar\/df\/identidades-no-binarias\/#breadcrumb","itemListElement":[{"@type":"ListItem","position":1,"name":"Portada","item":"https:\/\/diariofemenino.com.ar\/df\/"},{"@type":"ListItem","position":2,"name":"Identidades No binarias"}]},{"@type":"WebSite","@id":"https:\/\/diariofemenino.com.ar\/df\/#website","url":"https:\/\/diariofemenino.com.ar\/df\/","name":"Diario Digital Femenino","description":"Cuesti\u00f3n de G\u00e9nero","publisher":{"@id":"https:\/\/diariofemenino.com.ar\/df\/#organization"},"potentialAction":[{"@type":"SearchAction","target":{"@type":"EntryPoint","urlTemplate":"https:\/\/diariofemenino.com.ar\/df\/?s={search_term_string}"},"query-input":{"@type":"PropertyValueSpecification","valueRequired":true,"valueName":"search_term_string"}}],"inLanguage":"es"},{"@type":"Organization","@id":"https:\/\/diariofemenino.com.ar\/df\/#organization","name":"Diario Femenino","url":"https:\/\/diariofemenino.com.ar\/df\/","logo":{"@type":"ImageObject","inLanguage":"es","@id":"https:\/\/diariofemenino.com.ar\/df\/#\/schema\/logo\/image\/","url":"https:\/\/diariofemenino.com.ar\/df\/wp-content\/uploads\/2018\/10\/logo.png","contentUrl":"https:\/\/diariofemenino.com.ar\/df\/wp-content\/uploads\/2018\/10\/logo.png","width":500,"height":92,"caption":"Diario Femenino"},"image":{"@id":"https:\/\/diariofemenino.com.ar\/df\/#\/schema\/logo\/image\/"},"sameAs":["https:\/\/www.facebook.com\/DiarioDigitaFemenino\/","https:\/\/x.com\/DiarioFemenino1"]},{"@type":"Person","@id":"https:\/\/diariofemenino.com.ar\/df\/#\/schema\/person\/bf6199e8158c657ea6f789b11ec85509","name":"Admin","image":{"@type":"ImageObject","inLanguage":"es","@id":"https:\/\/diariofemenino.com.ar\/df\/wp-content\/uploads\/2018\/12\/favicon-150x150.jpg","url":"https:\/\/diariofemenino.com.ar\/df\/wp-content\/uploads\/2018\/12\/favicon-150x150.jpg","contentUrl":"https:\/\/diariofemenino.com.ar\/df\/wp-content\/uploads\/2018\/12\/favicon-150x150.jpg","caption":"Admin"},"url":"https:\/\/diariofemenino.com.ar\/df\/author\/lenny\/"}]}},"jetpack_featured_media_url":"https:\/\/diariofemenino.com.ar\/df\/wp-content\/uploads\/2021\/08\/WhatsApp-Image-2021-08-03-at-13.03.00.jpeg","jetpack_sharing_enabled":true,"rttpg_featured_image_url":{"full":["https:\/\/diariofemenino.com.ar\/df\/wp-content\/uploads\/2021\/08\/WhatsApp-Image-2021-08-03-at-13.03.00.jpeg",1024,576,false],"landscape":["https:\/\/diariofemenino.com.ar\/df\/wp-content\/uploads\/2021\/08\/WhatsApp-Image-2021-08-03-at-13.03.00.jpeg",1024,576,false],"portraits":["https:\/\/diariofemenino.com.ar\/df\/wp-content\/uploads\/2021\/08\/WhatsApp-Image-2021-08-03-at-13.03.00.jpeg",1024,576,false],"thumbnail":["https:\/\/diariofemenino.com.ar\/df\/wp-content\/uploads\/2021\/08\/WhatsApp-Image-2021-08-03-at-13.03.00-150x150.jpeg",150,150,true],"medium":["https:\/\/diariofemenino.com.ar\/df\/wp-content\/uploads\/2021\/08\/WhatsApp-Image-2021-08-03-at-13.03.00-300x169.jpeg",300,169,true],"large":["https:\/\/diariofemenino.com.ar\/df\/wp-content\/uploads\/2021\/08\/WhatsApp-Image-2021-08-03-at-13.03.00-1024x576.jpeg",1024,576,true],"1536x1536":["https:\/\/diariofemenino.com.ar\/df\/wp-content\/uploads\/2021\/08\/WhatsApp-Image-2021-08-03-at-13.03.00.jpeg",1024,576,false],"2048x2048":["https:\/\/diariofemenino.com.ar\/df\/wp-content\/uploads\/2021\/08\/WhatsApp-Image-2021-08-03-at-13.03.00.jpeg",1024,576,false]},"rttpg_author":{"display_name":"Admin","author_link":"https:\/\/diariofemenino.com.ar\/df\/author\/lenny\/"},"rttpg_comment":0,"rttpg_category":"<a href=\"https:\/\/diariofemenino.com.ar\/df\/category\/agenda-feminista\/\" rel=\"category tag\">Agenda Feminista<\/a> <a href=\"https:\/\/diariofemenino.com.ar\/df\/category\/articulos-y-comunicados\/\" rel=\"category tag\">Art\u00edculos y Comunicados<\/a> <a href=\"https:\/\/diariofemenino.com.ar\/df\/category\/biblioteca\/\" rel=\"category tag\">Biblioteca Virtual<\/a> <a href=\"https:\/\/diariofemenino.com.ar\/df\/category\/genero-y-derechos-humanos\/\" rel=\"category tag\">G\u00e9nero y Derechos Humanos<\/a>","rttpg_excerpt":"Identidades No binarias. El derecho humano a la dignidad personal comprende la autodeterminaci\u00f3n del g\u00e9nero, de acuerdo a los sentimientos y convicciones de cada persona. Por N\u00e9stor E. Solari* Hace casi diez a\u00f1os se dict\u00f3 la ley de Identidad de G\u00e9nero (ley 26.743), constituyendo un significativo avance en la materia, pues, desde entonces, se reconoce&hellip;","_links":{"self":[{"href":"https:\/\/diariofemenino.com.ar\/df\/wp-json\/wp\/v2\/posts\/59886","targetHints":{"allow":["GET"]}}],"collection":[{"href":"https:\/\/diariofemenino.com.ar\/df\/wp-json\/wp\/v2\/posts"}],"about":[{"href":"https:\/\/diariofemenino.com.ar\/df\/wp-json\/wp\/v2\/types\/post"}],"author":[{"embeddable":true,"href":"https:\/\/diariofemenino.com.ar\/df\/wp-json\/wp\/v2\/users\/4"}],"replies":[{"embeddable":true,"href":"https:\/\/diariofemenino.com.ar\/df\/wp-json\/wp\/v2\/comments?post=59886"}],"version-history":[{"count":0,"href":"https:\/\/diariofemenino.com.ar\/df\/wp-json\/wp\/v2\/posts\/59886\/revisions"}],"wp:featuredmedia":[{"embeddable":true,"href":"https:\/\/diariofemenino.com.ar\/df\/wp-json\/wp\/v2\/media\/59888"}],"wp:attachment":[{"href":"https:\/\/diariofemenino.com.ar\/df\/wp-json\/wp\/v2\/media?parent=59886"}],"wp:term":[{"taxonomy":"category","embeddable":true,"href":"https:\/\/diariofemenino.com.ar\/df\/wp-json\/wp\/v2\/categories?post=59886"},{"taxonomy":"post_tag","embeddable":true,"href":"https:\/\/diariofemenino.com.ar\/df\/wp-json\/wp\/v2\/tags?post=59886"}],"curies":[{"name":"wp","href":"https:\/\/api.w.org\/{rel}","templated":true}]}}