{"id":59681,"date":"2021-07-25T13:04:45","date_gmt":"2021-07-25T16:04:45","guid":{"rendered":"https:\/\/diariofemenino.com.ar\/df\/?p=59681"},"modified":"2021-07-25T13:04:45","modified_gmt":"2021-07-25T16:04:45","slug":"de-la-crisis-a-la-oportunidad-recuperando-el-empleo-femenino-en-las-ciudades","status":"publish","type":"post","link":"https:\/\/diariofemenino.com.ar\/df\/de-la-crisis-a-la-oportunidad-recuperando-el-empleo-femenino-en-las-ciudades\/","title":{"rendered":"De la crisis a la oportunidad: Recuperando el empleo femenino en las ciudades"},"content":{"rendered":"<p>De la crisis a la oportunidad.<\/p>\n<p>Buscar un empleo en el estrecho mercado laboral actual de Am\u00e9rica Latina y el Caribe\u00a0no es tarea f\u00e1cil. Los trabajos, que son la base de la econom\u00eda de las ciudades, se han perdido a una velocidad alarmante durante el 2020 debido a la pandemia. Las mujeres las m\u00e1s afectadas, considerando que hace m\u00e1s de 15 a\u00f1os no se registraba una tasa tan baja de <a href=\"https:\/\/diariofemenino.com.ar\/df\/desigualdad-de-genero-la-brecha-tambien-es-digital\/\">participaci\u00f3n laboral femenina<\/a> en nuestra regi\u00f3n, seg\u00fan\u00a0<a style=\"background-color: #ffffff;\" href=\"https:\/\/www.ilo.org\/americas\/sala-de-prensa\/WCMS_774797\/lang--es\/index.htm\" target=\"_blank\" rel=\"noreferrer noopener\">datos de la OIT<\/a>.<\/p>\n<p>Por\u00a0<span class=\"entry-author\"><a class=\"entry-author-link\" href=\"https:\/\/blogs.iadb.org\/ciudades-sostenibles\/es\/author\/anagar\/\" rel=\"author\"><span class=\"entry-author-name\">Ana Cristina Garc\u00eda<\/span><\/a><\/span>\u00a0&#8211;\u00a0<span class=\"entry-author\"><a class=\"entry-author-link\" href=\"https:\/\/blogs.iadb.org\/ciudades-sostenibles\/es\/author\/anneu\/\" rel=\"author\"><span class=\"entry-author-name\">Anne-Marie Urban<\/span><\/a><\/span><\/p>\n<p>Mejorar la econom\u00eda de las <a href=\"https:\/\/diariofemenino.com.ar\/df\/la-brecha-salarial-de-genero-se-profundiza-en-el-sector-del-trabajo-desprotegido\/\">mujeres<\/a> beneficia a todos. Seg\u00fan estimaciones\u00a0<a href=\"https:\/\/www.imf.org\/en\/Publications\/Staff-Discussion-Notes\/Issues\/2018\/10\/09\/Economic-Gains-From-Gender-Inclusion-New-Mechanisms-New-Evidence-45543\" target=\"_blank\" rel=\"noreferrer noopener\">del FMI<\/a>, si cerr\u00e1ramos las brechas laborales de g\u00e9nero, el PIB de la regi\u00f3n podr\u00eda incrementar un 22% en promedio.<\/p>\n<p>En este contexto, en la ponencia sobre \u00a0\u00a8<a href=\"https:\/\/www.youtube.com\/watch?v=rtfNmCOVvgE&amp;t=46s\" target=\"_blank\" rel=\"noreferrer noopener\">el rol de la mujer en la recuperaci\u00f3n de las ciudades<\/a>\u00a8 de la Reuni\u00f3n de alcaldes 2021 convocada por la\u00a0<a href=\"https:\/\/www.iadb.org\/es\/desarrollo-urbano-y-vivienda\/red-de-ciudades-bid\" target=\"_blank\" rel=\"noreferrer noopener\">Red de Ciudades<\/a>\u00a0del <a href=\"https:\/\/blogs.iadb.org\/ciudades-sostenibles\/es\/de-la-crisis-a-la-oportunidad-recuperando-el-empleo-femenino-en-las-ciudades\/\">BID<\/a>, se dialog\u00f3 sobre el rol de las mujeres en la recuperaci\u00f3n de nuestras ciudades, enfatizando las brechas y las oportunidades que representar\u00eda la inclusi\u00f3n de las mujeres a mejores oportunidades laborales.<\/p>\n<p><strong>Brechas y barreras para el empleo femenino en las ciudades<\/strong><\/p>\n<p>Durante el \u00faltimo a\u00f1o, millones de mujeres, cada una con\u00a0<a href=\"https:\/\/vimeo.com\/510855826\" target=\"_blank\" rel=\"noreferrer noopener\">una historia diferente de lucha y perseverancia<\/a>, perdieron su sustento econ\u00f3mico debido a la pandemia. Seg\u00fan el\u00a0<a href=\"https:\/\/observatoriolaboral.iadb.org\/es\/assets\/pub_obslab\/Informe_OLC_202102.pdf\" target=\"_blank\" rel=\"noreferrer noopener\">Observatorio Laboral COVID-19<\/a>\u00a0del BID, el empleo femenino entre febrero y septiembre del 2020 disminuy\u00f3 un 18% frente al 13% de los hombres, con\u00a0<a href=\"https:\/\/blogs.iadb.org\/trabajo\/es\/la-crisis-del-empleo-femenino-en-america-latina-y-el-caribe\/\" target=\"_blank\" rel=\"noreferrer noopener\">una mayor ca\u00edda y recuperaci\u00f3n m\u00e1s lenta para las mujeres en Bolivia, Chile, Colombia, M\u00e9xico, Per\u00fa (Lima Metropolitana) y Paraguay<\/a>. Esto se relaciona con el hecho de que cerca del 57% de las mujeres en Am\u00e9rica Latina y un 54 % en el Caribe se encontraban ocupadas en los sectores m\u00e1s afectados, como el comercio, servicios y el turismo. Asimismo, estudios relevan que en nuestra regi\u00f3n, las peque\u00f1as y medianas empresas lideradas por mujeres son\u00a0<a href=\"https:\/\/dataforgood.fb.com\/global-state-of-smb\/\" target=\"_blank\" rel=\"noreferrer noopener\">11% m\u00e1s probables<\/a>\u00a0de cerrar ante la crisis del COVID-19, que las dirigidas por hombres. Esto se debe primordialmente al dr\u00e1stico aumento en la\u00a0<a href=\"https:\/\/news.un.org\/es\/story\/2021\/02\/1487862\" target=\"_blank\" rel=\"noreferrer noopener\">carga de cuidado<\/a>\u00a0ejercida mayormente por las mujeres, obstaculizando su inclusi\u00f3n laboral.<\/p>\n<p>Por otro lado, el acceso desigual a la tecnolog\u00eda fue uno de los efectos negativos m\u00e1s marcados durante la pandemia. Si bien el teletrabajo se multiplic\u00f3 20 veces, este fue solo aprovechado por las personas que est\u00e1n m\u00e1s cerca de una capacidad digital en sectores vinculados a la Ciencia, Tecnolog\u00eda, Ingenier\u00eda y Matem\u00e1ticas (CTIM\/STEM). Seg\u00fan\u00a0<a href=\"https:\/\/publications.iadb.org\/es\/desigualdades-en-el-mundo-digital-brechas-de-genero-en-el-uso-de-las-tic\" target=\"_blank\" rel=\"noreferrer noopener\">datos del BID<\/a>, en el periodo comprendido entre 2017 y 2018, el porcentaje de acceso a internet en la regi\u00f3n fue del 63% para hombres y el 57% para mujeres, mientras que el acceso y uso del tel\u00e9fono m\u00f3vil fue del 83% para hombres y el 80% para mujeres.<\/p>\n<figure id=\"attachment_59703\" aria-describedby=\"caption-attachment-59703\" style=\"width: 1024px\" class=\"wp-caption aligncenter\"><img loading=\"lazy\" decoding=\"async\" class=\"size-large wp-image-59703\" src=\"https:\/\/diariofemenino.com.ar\/df\/wp-content\/uploads\/2021\/07\/empleo-femenino-reunion-alcaldes1-1024x414.png\" alt=\"De la crisis a la oportunidad: Recuperando el empleo femenino en las ciudades\" width=\"1024\" height=\"414\" srcset=\"https:\/\/diariofemenino.com.ar\/df\/wp-content\/uploads\/2021\/07\/empleo-femenino-reunion-alcaldes1-1024x414.png 1024w, https:\/\/diariofemenino.com.ar\/df\/wp-content\/uploads\/2021\/07\/empleo-femenino-reunion-alcaldes1-300x121.png 300w, https:\/\/diariofemenino.com.ar\/df\/wp-content\/uploads\/2021\/07\/empleo-femenino-reunion-alcaldes1-768x310.png 768w, https:\/\/diariofemenino.com.ar\/df\/wp-content\/uploads\/2021\/07\/empleo-femenino-reunion-alcaldes1.png 1047w\" sizes=\"auto, (max-width: 1024px) 100vw, 1024px\" \/><figcaption id=\"caption-attachment-59703\" class=\"wp-caption-text\">De la crisis a la oportunidad: Recuperando el empleo femenino en las ciudades<\/figcaption><\/figure>\n<p><strong>Recuperando el terreno perdido: estrategias que requieren de nuestra creatividad<\/strong><\/p>\n<p>Esta crisis nos exige buscar oportunidades para recuperar el terreno perdido y avanzar durante la recuperaci\u00f3n en el cierre de las desigualdades de g\u00e9nero en el mercado laboral. Algunas de las acciones que podemos realizar son las siguientes:<\/p>\n<ol type=\"1\">\n<li><strong>Apoyar a empresas y emprendedoras<\/strong>. \u00a0Es indispensable trabajar en promover la formaci\u00f3n empresarial y el acceso al financiamiento, particularmente para empresas lideradas por mujeres o que promuevan la contrataci\u00f3n femenina. En Brasil, por ejemplo, el proyecto \u201cMulher Empreendedora\u201d, una alianza entre el Ayuntamiento de Niter\u00f3i, la\u00a0<a href=\"http:\/\/www.aliancaempreendedora.org.br\/\" target=\"_blank\" rel=\"noreferrer noopener\">Alian\u00e7a Empreendedora<\/a>, y el BID, promueve la inclusi\u00f3n de g\u00e9nero en el mercado laboral considerando una mejora de ingresos y la reducci\u00f3n en los \u00edndices de violencia intrafamiliar. Asimismo, en el evento, la vicealcaldesa de San Jos\u00e9, Costa Rica resalt\u00f3 el programa \u201c<a href=\"https:\/\/www.msj.go.cr\/MSJ\/Servicios\/SitePages\/PAEM.aspx\" target=\"_blank\" rel=\"noreferrer noopener\">Proyecto Autonom\u00eda Econ\u00f3mica Municipal<\/a>\u201d, el cual apoy\u00f3 en 2020 a\u00a0<strong>400 mujeres<\/strong>, promoviendo su emprendimiento productivo.<\/li>\n<\/ol>\n<ul>\n<li><strong>Desarrollar el talento humano para cerrar la brecha digital.\u00a0<\/strong>Es preciso que el sector p\u00fablico y privado trabajen para garantizar el acceso a las nuevas tecnolog\u00edas, promoviendo la formaci\u00f3n de habilidades digitales, especialmente entre las mujeres. \u00a0Dos ejemplos resaltados en el evento de los alcaldes incluyeron: 1)\u00a0<a href=\"https:\/\/www.laboratoria.la\/\" target=\"_blank\" rel=\"noreferrer noopener\">Laboratoria<\/a>, una organizaci\u00f3n que forma mujeres que quieren aprender y trabajar en tecnolog\u00eda (codificaci\u00f3n, dise\u00f1o de productos digitales, etc.) y 2)\u00a0<a href=\"https:\/\/www.iadb.org\/es\/noticias\/el-bid-impulsa-la-participacion-de-las-mujeres-de-guatemala-en-la-economia-digital\" target=\"_blank\" rel=\"noreferrer noopener\">SheWorks!<\/a>\u00a0a trav\u00e9s del lanzamiento de una\u00a0<a href=\"https:\/\/wheresheworks.com\/es\/guatemala\/\" target=\"_blank\" rel=\"noreferrer noopener\">plataforma en l\u00ednea\u00a0<\/a>para mejorar la empleabilidad y la inclusi\u00f3n laboral de las mujeres en Guatemala.<\/li>\n<\/ul>\n<ul>\n<li><strong>Promover la inclusi\u00f3n laboral mediante el acceso a viviendas asequibles<\/strong>\u00a0pr\u00f3ximas a las ciudades y servicios p\u00fablicos de calidad. En\u00a0<a href=\"https:\/\/www.iadb.org\/en\/project\/EC-L1245\" target=\"_blank\" rel=\"noreferrer noopener\">Ecuador<\/a>, el Ministerio de Vivienda y Desarrollo Urbano con el apoyo del BID promueven esfuerzos encaminados a disminuir el d\u00e9ficit de vivienda implementando tasas preferenciales y criterios de priorizaci\u00f3n de mujeres jefas de hogar y de familias con miembros con discapacidad. El programa ofrece concesi\u00f3n de cr\u00e9ditos de vivienda a mujeres jefas de hogares de bajos ingresos.<\/li>\n<\/ul>\n<p><strong>Si se quiere reactivar la econom\u00eda despu\u00e9s de la pandemia, sin dejar a nadie atr\u00e1s, la igualdad de g\u00e9nero en las ciudades debe ser uno de los objetivos de pol\u00edtica p\u00fablica prioritarios.<\/strong>\u00a0\u00a0Las alcald\u00edas en la regi\u00f3n est\u00e1n muy bien posicionadas para acompa\u00f1ar a las mujeres de diversos grupos de la poblaci\u00f3n urbana en su b\u00fasqueda laboral mediante la capacitaci\u00f3n, el fomento de sus negocios y el acceso a servicios urbanos de calidad. En este sentido, el BID, como parte de su\u00a0<a href=\"https:\/\/idbdocs.iadb.org\/wsdocs\/getdocument.aspx?docnum=EZSHARE-328957462-89\" target=\"_blank\" rel=\"noreferrer noopener\">Visi\u00f3n 2025<\/a><strong><em>\u00a0<\/em><\/strong>est\u00e1 comprometido con el dise\u00f1o de incentivos que promuevan programas con un enfoque prioritario en la igualdad de g\u00e9nero y el empoderamiento de la mujer.<\/p>\n<p>\u00bfQu\u00e9 estrategias se est\u00e1n llevando a cabo en tu ciudad para revitalizar la fuerza laboral femenina?\u00a0 \u00bfQu\u00e9 otras acciones consideras que se podr\u00edan poner en marcha? Comp\u00e1rtenos tu opini\u00f3n en la secci\u00f3n de comentarios.<\/p>\n<p>&nbsp;<\/p>\n","protected":false},"excerpt":{"rendered":"<p>De la crisis a la oportunidad. Buscar un empleo en el estrecho mercado laboral actual de Am\u00e9rica Latina y el Caribe\u00a0no es tarea f\u00e1cil. Los trabajos, que son la base de la econom\u00eda de las ciudades, se han perdido a una velocidad alarmante durante el 2020 debido a la pandemia. Las mujeres las m\u00e1s afectadas, [&hellip;]<\/p>\n","protected":false},"author":4,"featured_media":59704,"comment_status":"open","ping_status":"open","sticky":false,"template":"","format":"standard","meta":{"iawp_total_views":4,"footnotes":""},"categories":[1067,627,32],"tags":[1281,4613,4614,69,3480,4615,4616],"class_list":["post-59681","post","type-post","status-publish","format-standard","has-post-thumbnail","hentry","category-agenda-feminista","category-genero-y-derechos-humanos","category-mujeres","tag-brecha-digital","tag-brecha-laboral","tag-empleo-femenino","tag-igualdad-de-genero","tag-inclusion-laboral","tag-mujer-emprendedora","tag-recuperacion-economica"],"nelio_content":{"autoShareEndMode":"never","automationSources":{"useCustomSentences":false,"customSentences":[]},"efiAlt":"","efiUrl":"","followers":[4],"highlights":[],"isAutoShareEnabled":true,"networkImageIds":[],"permalinkQueryArgs":[],"series":[],"suggestedReferences":[]},"yoast_head":"<!-- This site is optimized with the Yoast SEO plugin v27.5 - https:\/\/yoast.com\/product\/yoast-seo-wordpress\/ -->\n<title>De la crisis a la oportunidad: Recuperando el empleo femenino en las ciudades - Diario Digital Femenino<\/title>\n<meta name=\"description\" content=\"De la crisis a la oportunidad, sobre Brechas y barreras para el empleo femenino en las ciudades. Mejorar la econom\u00eda de las mujeres beneficia a todos.\" \/>\n<meta name=\"robots\" content=\"index, follow, max-snippet:-1, max-image-preview:large, max-video-preview:-1\" \/>\n<link rel=\"canonical\" href=\"https:\/\/diariofemenino.com.ar\/df\/de-la-crisis-a-la-oportunidad-recuperando-el-empleo-femenino-en-las-ciudades\/\" \/>\n<meta property=\"og:locale\" content=\"es_ES\" \/>\n<meta property=\"og:type\" content=\"article\" \/>\n<meta property=\"og:title\" content=\"De la crisis a la oportunidad: Recuperando el empleo femenino en las ciudades - Diario Digital Femenino\" \/>\n<meta property=\"og:description\" content=\"De la crisis a la oportunidad, sobre Brechas y barreras para el empleo femenino en las ciudades. Mejorar la econom\u00eda de las mujeres beneficia a todos.\" \/>\n<meta property=\"og:url\" content=\"https:\/\/diariofemenino.com.ar\/df\/de-la-crisis-a-la-oportunidad-recuperando-el-empleo-femenino-en-las-ciudades\/\" \/>\n<meta property=\"og:site_name\" content=\"Diario Digital Femenino\" \/>\n<meta property=\"article:publisher\" content=\"https:\/\/www.facebook.com\/DiarioDigitaFemenino\/\" \/>\n<meta property=\"article:published_time\" content=\"2021-07-25T16:04:45+00:00\" \/>\n<meta property=\"og:image\" content=\"https:\/\/diariofemenino.com.ar\/df\/wp-content\/uploads\/2021\/07\/empleo-femenino-reunion-alcaldes.png\" \/>\n\t<meta property=\"og:image:width\" content=\"1207\" \/>\n\t<meta property=\"og:image:height\" content=\"672\" \/>\n\t<meta property=\"og:image:type\" content=\"image\/png\" \/>\n<meta name=\"author\" content=\"Admin\" \/>\n<meta name=\"twitter:card\" content=\"summary_large_image\" \/>\n<meta name=\"twitter:creator\" content=\"@DiarioFemenino1\" \/>\n<meta name=\"twitter:site\" content=\"@DiarioFemenino1\" \/>\n<meta name=\"twitter:label1\" content=\"Escrito por\" \/>\n\t<meta name=\"twitter:data1\" content=\"Admin\" \/>\n\t<meta name=\"twitter:label2\" content=\"Tiempo de lectura\" \/>\n\t<meta name=\"twitter:data2\" content=\"5 minutos\" \/>\n<script type=\"application\/ld+json\" class=\"yoast-schema-graph\">{\"@context\":\"https:\\\/\\\/schema.org\",\"@graph\":[{\"@type\":\"Article\",\"@id\":\"https:\\\/\\\/diariofemenino.com.ar\\\/df\\\/de-la-crisis-a-la-oportunidad-recuperando-el-empleo-femenino-en-las-ciudades\\\/#article\",\"isPartOf\":{\"@id\":\"https:\\\/\\\/diariofemenino.com.ar\\\/df\\\/de-la-crisis-a-la-oportunidad-recuperando-el-empleo-femenino-en-las-ciudades\\\/\"},\"author\":{\"name\":\"Admin\",\"@id\":\"https:\\\/\\\/diariofemenino.com.ar\\\/df\\\/#\\\/schema\\\/person\\\/bf6199e8158c657ea6f789b11ec85509\"},\"headline\":\"De la crisis a la oportunidad: Recuperando el empleo femenino en las ciudades\",\"datePublished\":\"2021-07-25T16:04:45+00:00\",\"mainEntityOfPage\":{\"@id\":\"https:\\\/\\\/diariofemenino.com.ar\\\/df\\\/de-la-crisis-a-la-oportunidad-recuperando-el-empleo-femenino-en-las-ciudades\\\/\"},\"wordCount\":1029,\"commentCount\":0,\"publisher\":{\"@id\":\"https:\\\/\\\/diariofemenino.com.ar\\\/df\\\/#organization\"},\"image\":{\"@id\":\"https:\\\/\\\/diariofemenino.com.ar\\\/df\\\/de-la-crisis-a-la-oportunidad-recuperando-el-empleo-femenino-en-las-ciudades\\\/#primaryimage\"},\"thumbnailUrl\":\"https:\\\/\\\/diariofemenino.com.ar\\\/df\\\/wp-content\\\/uploads\\\/2021\\\/07\\\/empleo-femenino-reunion-alcaldes.png\",\"keywords\":[\"Brecha digital\",\"brecha laboral\",\"empleo femenino\",\"Igualdad de G\u00e9nero\",\"Inclusi\u00f3n laboral\",\"mujer emprendedora\",\"recuperaci\u00f3n econ\u00f3mica\"],\"articleSection\":[\"Agenda Feminista\",\"G\u00e9nero y Derechos Humanos\",\"Mujeres\"],\"inLanguage\":\"es\",\"potentialAction\":[{\"@type\":\"CommentAction\",\"name\":\"Comment\",\"target\":[\"https:\\\/\\\/diariofemenino.com.ar\\\/df\\\/de-la-crisis-a-la-oportunidad-recuperando-el-empleo-femenino-en-las-ciudades\\\/#respond\"]}]},{\"@type\":\"WebPage\",\"@id\":\"https:\\\/\\\/diariofemenino.com.ar\\\/df\\\/de-la-crisis-a-la-oportunidad-recuperando-el-empleo-femenino-en-las-ciudades\\\/\",\"url\":\"https:\\\/\\\/diariofemenino.com.ar\\\/df\\\/de-la-crisis-a-la-oportunidad-recuperando-el-empleo-femenino-en-las-ciudades\\\/\",\"name\":\"De la crisis a la oportunidad: Recuperando el empleo femenino en las ciudades - Diario Digital Femenino\",\"isPartOf\":{\"@id\":\"https:\\\/\\\/diariofemenino.com.ar\\\/df\\\/#website\"},\"primaryImageOfPage\":{\"@id\":\"https:\\\/\\\/diariofemenino.com.ar\\\/df\\\/de-la-crisis-a-la-oportunidad-recuperando-el-empleo-femenino-en-las-ciudades\\\/#primaryimage\"},\"image\":{\"@id\":\"https:\\\/\\\/diariofemenino.com.ar\\\/df\\\/de-la-crisis-a-la-oportunidad-recuperando-el-empleo-femenino-en-las-ciudades\\\/#primaryimage\"},\"thumbnailUrl\":\"https:\\\/\\\/diariofemenino.com.ar\\\/df\\\/wp-content\\\/uploads\\\/2021\\\/07\\\/empleo-femenino-reunion-alcaldes.png\",\"datePublished\":\"2021-07-25T16:04:45+00:00\",\"description\":\"De la crisis a la oportunidad, sobre Brechas y barreras para el empleo femenino en las ciudades. Mejorar la econom\u00eda de las mujeres beneficia a todos.\",\"breadcrumb\":{\"@id\":\"https:\\\/\\\/diariofemenino.com.ar\\\/df\\\/de-la-crisis-a-la-oportunidad-recuperando-el-empleo-femenino-en-las-ciudades\\\/#breadcrumb\"},\"inLanguage\":\"es\",\"potentialAction\":[{\"@type\":\"ReadAction\",\"target\":[\"https:\\\/\\\/diariofemenino.com.ar\\\/df\\\/de-la-crisis-a-la-oportunidad-recuperando-el-empleo-femenino-en-las-ciudades\\\/\"]}]},{\"@type\":\"ImageObject\",\"inLanguage\":\"es\",\"@id\":\"https:\\\/\\\/diariofemenino.com.ar\\\/df\\\/de-la-crisis-a-la-oportunidad-recuperando-el-empleo-femenino-en-las-ciudades\\\/#primaryimage\",\"url\":\"https:\\\/\\\/diariofemenino.com.ar\\\/df\\\/wp-content\\\/uploads\\\/2021\\\/07\\\/empleo-femenino-reunion-alcaldes.png\",\"contentUrl\":\"https:\\\/\\\/diariofemenino.com.ar\\\/df\\\/wp-content\\\/uploads\\\/2021\\\/07\\\/empleo-femenino-reunion-alcaldes.png\",\"width\":1207,\"height\":672,\"caption\":\"De la crisis a la oportunidad: Recuperando el empleo femenino en las ciudades\"},{\"@type\":\"BreadcrumbList\",\"@id\":\"https:\\\/\\\/diariofemenino.com.ar\\\/df\\\/de-la-crisis-a-la-oportunidad-recuperando-el-empleo-femenino-en-las-ciudades\\\/#breadcrumb\",\"itemListElement\":[{\"@type\":\"ListItem\",\"position\":1,\"name\":\"Portada\",\"item\":\"https:\\\/\\\/diariofemenino.com.ar\\\/df\\\/\"},{\"@type\":\"ListItem\",\"position\":2,\"name\":\"De la crisis a la oportunidad: Recuperando el empleo femenino en las ciudades\"}]},{\"@type\":\"WebSite\",\"@id\":\"https:\\\/\\\/diariofemenino.com.ar\\\/df\\\/#website\",\"url\":\"https:\\\/\\\/diariofemenino.com.ar\\\/df\\\/\",\"name\":\"Diario Digital Femenino\",\"description\":\"Cuesti\u00f3n de G\u00e9nero\",\"publisher\":{\"@id\":\"https:\\\/\\\/diariofemenino.com.ar\\\/df\\\/#organization\"},\"potentialAction\":[{\"@type\":\"SearchAction\",\"target\":{\"@type\":\"EntryPoint\",\"urlTemplate\":\"https:\\\/\\\/diariofemenino.com.ar\\\/df\\\/?s={search_term_string}\"},\"query-input\":{\"@type\":\"PropertyValueSpecification\",\"valueRequired\":true,\"valueName\":\"search_term_string\"}}],\"inLanguage\":\"es\"},{\"@type\":\"Organization\",\"@id\":\"https:\\\/\\\/diariofemenino.com.ar\\\/df\\\/#organization\",\"name\":\"Diario Femenino\",\"url\":\"https:\\\/\\\/diariofemenino.com.ar\\\/df\\\/\",\"logo\":{\"@type\":\"ImageObject\",\"inLanguage\":\"es\",\"@id\":\"https:\\\/\\\/diariofemenino.com.ar\\\/df\\\/#\\\/schema\\\/logo\\\/image\\\/\",\"url\":\"https:\\\/\\\/diariofemenino.com.ar\\\/df\\\/wp-content\\\/uploads\\\/2018\\\/10\\\/logo.png\",\"contentUrl\":\"https:\\\/\\\/diariofemenino.com.ar\\\/df\\\/wp-content\\\/uploads\\\/2018\\\/10\\\/logo.png\",\"width\":500,\"height\":92,\"caption\":\"Diario Femenino\"},\"image\":{\"@id\":\"https:\\\/\\\/diariofemenino.com.ar\\\/df\\\/#\\\/schema\\\/logo\\\/image\\\/\"},\"sameAs\":[\"https:\\\/\\\/www.facebook.com\\\/DiarioDigitaFemenino\\\/\",\"https:\\\/\\\/x.com\\\/DiarioFemenino1\"]},{\"@type\":\"Person\",\"@id\":\"https:\\\/\\\/diariofemenino.com.ar\\\/df\\\/#\\\/schema\\\/person\\\/bf6199e8158c657ea6f789b11ec85509\",\"name\":\"Admin\",\"image\":{\"@type\":\"ImageObject\",\"inLanguage\":\"es\",\"@id\":\"https:\\\/\\\/diariofemenino.com.ar\\\/df\\\/wp-content\\\/uploads\\\/2018\\\/12\\\/favicon-150x150.jpg\",\"url\":\"https:\\\/\\\/diariofemenino.com.ar\\\/df\\\/wp-content\\\/uploads\\\/2018\\\/12\\\/favicon-150x150.jpg\",\"contentUrl\":\"https:\\\/\\\/diariofemenino.com.ar\\\/df\\\/wp-content\\\/uploads\\\/2018\\\/12\\\/favicon-150x150.jpg\",\"caption\":\"Admin\"},\"url\":\"https:\\\/\\\/diariofemenino.com.ar\\\/df\\\/author\\\/lenny\\\/\"}]}<\/script>\n<!-- \/ Yoast SEO plugin. -->","yoast_head_json":{"title":"De la crisis a la oportunidad: Recuperando el empleo femenino en las ciudades - Diario Digital Femenino","description":"De la crisis a la oportunidad, sobre Brechas y barreras para el empleo femenino en las ciudades. Mejorar la econom\u00eda de las mujeres beneficia a todos.","robots":{"index":"index","follow":"follow","max-snippet":"max-snippet:-1","max-image-preview":"max-image-preview:large","max-video-preview":"max-video-preview:-1"},"canonical":"https:\/\/diariofemenino.com.ar\/df\/de-la-crisis-a-la-oportunidad-recuperando-el-empleo-femenino-en-las-ciudades\/","og_locale":"es_ES","og_type":"article","og_title":"De la crisis a la oportunidad: Recuperando el empleo femenino en las ciudades - Diario Digital Femenino","og_description":"De la crisis a la oportunidad, sobre Brechas y barreras para el empleo femenino en las ciudades. Mejorar la econom\u00eda de las mujeres beneficia a todos.","og_url":"https:\/\/diariofemenino.com.ar\/df\/de-la-crisis-a-la-oportunidad-recuperando-el-empleo-femenino-en-las-ciudades\/","og_site_name":"Diario Digital Femenino","article_publisher":"https:\/\/www.facebook.com\/DiarioDigitaFemenino\/","article_published_time":"2021-07-25T16:04:45+00:00","og_image":[{"width":1207,"height":672,"url":"https:\/\/diariofemenino.com.ar\/df\/wp-content\/uploads\/2021\/07\/empleo-femenino-reunion-alcaldes.png","type":"image\/png"}],"author":"Admin","twitter_card":"summary_large_image","twitter_creator":"@DiarioFemenino1","twitter_site":"@DiarioFemenino1","twitter_misc":{"Escrito por":"Admin","Tiempo de lectura":"5 minutos"},"schema":{"@context":"https:\/\/schema.org","@graph":[{"@type":"Article","@id":"https:\/\/diariofemenino.com.ar\/df\/de-la-crisis-a-la-oportunidad-recuperando-el-empleo-femenino-en-las-ciudades\/#article","isPartOf":{"@id":"https:\/\/diariofemenino.com.ar\/df\/de-la-crisis-a-la-oportunidad-recuperando-el-empleo-femenino-en-las-ciudades\/"},"author":{"name":"Admin","@id":"https:\/\/diariofemenino.com.ar\/df\/#\/schema\/person\/bf6199e8158c657ea6f789b11ec85509"},"headline":"De la crisis a la oportunidad: Recuperando el empleo femenino en las ciudades","datePublished":"2021-07-25T16:04:45+00:00","mainEntityOfPage":{"@id":"https:\/\/diariofemenino.com.ar\/df\/de-la-crisis-a-la-oportunidad-recuperando-el-empleo-femenino-en-las-ciudades\/"},"wordCount":1029,"commentCount":0,"publisher":{"@id":"https:\/\/diariofemenino.com.ar\/df\/#organization"},"image":{"@id":"https:\/\/diariofemenino.com.ar\/df\/de-la-crisis-a-la-oportunidad-recuperando-el-empleo-femenino-en-las-ciudades\/#primaryimage"},"thumbnailUrl":"https:\/\/diariofemenino.com.ar\/df\/wp-content\/uploads\/2021\/07\/empleo-femenino-reunion-alcaldes.png","keywords":["Brecha digital","brecha laboral","empleo femenino","Igualdad de G\u00e9nero","Inclusi\u00f3n laboral","mujer emprendedora","recuperaci\u00f3n econ\u00f3mica"],"articleSection":["Agenda Feminista","G\u00e9nero y Derechos Humanos","Mujeres"],"inLanguage":"es","potentialAction":[{"@type":"CommentAction","name":"Comment","target":["https:\/\/diariofemenino.com.ar\/df\/de-la-crisis-a-la-oportunidad-recuperando-el-empleo-femenino-en-las-ciudades\/#respond"]}]},{"@type":"WebPage","@id":"https:\/\/diariofemenino.com.ar\/df\/de-la-crisis-a-la-oportunidad-recuperando-el-empleo-femenino-en-las-ciudades\/","url":"https:\/\/diariofemenino.com.ar\/df\/de-la-crisis-a-la-oportunidad-recuperando-el-empleo-femenino-en-las-ciudades\/","name":"De la crisis a la oportunidad: Recuperando el empleo femenino en las ciudades - Diario Digital Femenino","isPartOf":{"@id":"https:\/\/diariofemenino.com.ar\/df\/#website"},"primaryImageOfPage":{"@id":"https:\/\/diariofemenino.com.ar\/df\/de-la-crisis-a-la-oportunidad-recuperando-el-empleo-femenino-en-las-ciudades\/#primaryimage"},"image":{"@id":"https:\/\/diariofemenino.com.ar\/df\/de-la-crisis-a-la-oportunidad-recuperando-el-empleo-femenino-en-las-ciudades\/#primaryimage"},"thumbnailUrl":"https:\/\/diariofemenino.com.ar\/df\/wp-content\/uploads\/2021\/07\/empleo-femenino-reunion-alcaldes.png","datePublished":"2021-07-25T16:04:45+00:00","description":"De la crisis a la oportunidad, sobre Brechas y barreras para el empleo femenino en las ciudades. Mejorar la econom\u00eda de las mujeres beneficia a todos.","breadcrumb":{"@id":"https:\/\/diariofemenino.com.ar\/df\/de-la-crisis-a-la-oportunidad-recuperando-el-empleo-femenino-en-las-ciudades\/#breadcrumb"},"inLanguage":"es","potentialAction":[{"@type":"ReadAction","target":["https:\/\/diariofemenino.com.ar\/df\/de-la-crisis-a-la-oportunidad-recuperando-el-empleo-femenino-en-las-ciudades\/"]}]},{"@type":"ImageObject","inLanguage":"es","@id":"https:\/\/diariofemenino.com.ar\/df\/de-la-crisis-a-la-oportunidad-recuperando-el-empleo-femenino-en-las-ciudades\/#primaryimage","url":"https:\/\/diariofemenino.com.ar\/df\/wp-content\/uploads\/2021\/07\/empleo-femenino-reunion-alcaldes.png","contentUrl":"https:\/\/diariofemenino.com.ar\/df\/wp-content\/uploads\/2021\/07\/empleo-femenino-reunion-alcaldes.png","width":1207,"height":672,"caption":"De la crisis a la oportunidad: Recuperando el empleo femenino en las ciudades"},{"@type":"BreadcrumbList","@id":"https:\/\/diariofemenino.com.ar\/df\/de-la-crisis-a-la-oportunidad-recuperando-el-empleo-femenino-en-las-ciudades\/#breadcrumb","itemListElement":[{"@type":"ListItem","position":1,"name":"Portada","item":"https:\/\/diariofemenino.com.ar\/df\/"},{"@type":"ListItem","position":2,"name":"De la crisis a la oportunidad: Recuperando el empleo femenino en las ciudades"}]},{"@type":"WebSite","@id":"https:\/\/diariofemenino.com.ar\/df\/#website","url":"https:\/\/diariofemenino.com.ar\/df\/","name":"Diario Digital Femenino","description":"Cuesti\u00f3n de G\u00e9nero","publisher":{"@id":"https:\/\/diariofemenino.com.ar\/df\/#organization"},"potentialAction":[{"@type":"SearchAction","target":{"@type":"EntryPoint","urlTemplate":"https:\/\/diariofemenino.com.ar\/df\/?s={search_term_string}"},"query-input":{"@type":"PropertyValueSpecification","valueRequired":true,"valueName":"search_term_string"}}],"inLanguage":"es"},{"@type":"Organization","@id":"https:\/\/diariofemenino.com.ar\/df\/#organization","name":"Diario Femenino","url":"https:\/\/diariofemenino.com.ar\/df\/","logo":{"@type":"ImageObject","inLanguage":"es","@id":"https:\/\/diariofemenino.com.ar\/df\/#\/schema\/logo\/image\/","url":"https:\/\/diariofemenino.com.ar\/df\/wp-content\/uploads\/2018\/10\/logo.png","contentUrl":"https:\/\/diariofemenino.com.ar\/df\/wp-content\/uploads\/2018\/10\/logo.png","width":500,"height":92,"caption":"Diario Femenino"},"image":{"@id":"https:\/\/diariofemenino.com.ar\/df\/#\/schema\/logo\/image\/"},"sameAs":["https:\/\/www.facebook.com\/DiarioDigitaFemenino\/","https:\/\/x.com\/DiarioFemenino1"]},{"@type":"Person","@id":"https:\/\/diariofemenino.com.ar\/df\/#\/schema\/person\/bf6199e8158c657ea6f789b11ec85509","name":"Admin","image":{"@type":"ImageObject","inLanguage":"es","@id":"https:\/\/diariofemenino.com.ar\/df\/wp-content\/uploads\/2018\/12\/favicon-150x150.jpg","url":"https:\/\/diariofemenino.com.ar\/df\/wp-content\/uploads\/2018\/12\/favicon-150x150.jpg","contentUrl":"https:\/\/diariofemenino.com.ar\/df\/wp-content\/uploads\/2018\/12\/favicon-150x150.jpg","caption":"Admin"},"url":"https:\/\/diariofemenino.com.ar\/df\/author\/lenny\/"}]}},"jetpack_featured_media_url":"https:\/\/diariofemenino.com.ar\/df\/wp-content\/uploads\/2021\/07\/empleo-femenino-reunion-alcaldes.png","jetpack_sharing_enabled":true,"rttpg_featured_image_url":{"full":["https:\/\/diariofemenino.com.ar\/df\/wp-content\/uploads\/2021\/07\/empleo-femenino-reunion-alcaldes.png",1207,672,false],"landscape":["https:\/\/diariofemenino.com.ar\/df\/wp-content\/uploads\/2021\/07\/empleo-femenino-reunion-alcaldes.png",1207,672,false],"portraits":["https:\/\/diariofemenino.com.ar\/df\/wp-content\/uploads\/2021\/07\/empleo-femenino-reunion-alcaldes.png",1207,672,false],"thumbnail":["https:\/\/diariofemenino.com.ar\/df\/wp-content\/uploads\/2021\/07\/empleo-femenino-reunion-alcaldes-150x150.png",150,150,true],"medium":["https:\/\/diariofemenino.com.ar\/df\/wp-content\/uploads\/2021\/07\/empleo-femenino-reunion-alcaldes-300x167.png",300,167,true],"large":["https:\/\/diariofemenino.com.ar\/df\/wp-content\/uploads\/2021\/07\/empleo-femenino-reunion-alcaldes-1024x570.png",1024,570,true],"1536x1536":["https:\/\/diariofemenino.com.ar\/df\/wp-content\/uploads\/2021\/07\/empleo-femenino-reunion-alcaldes.png",1207,672,false],"2048x2048":["https:\/\/diariofemenino.com.ar\/df\/wp-content\/uploads\/2021\/07\/empleo-femenino-reunion-alcaldes.png",1207,672,false]},"rttpg_author":{"display_name":"Admin","author_link":"https:\/\/diariofemenino.com.ar\/df\/author\/lenny\/"},"rttpg_comment":0,"rttpg_category":"<a href=\"https:\/\/diariofemenino.com.ar\/df\/category\/agenda-feminista\/\" rel=\"category tag\">Agenda Feminista<\/a> <a href=\"https:\/\/diariofemenino.com.ar\/df\/category\/genero-y-derechos-humanos\/\" rel=\"category tag\">G\u00e9nero y Derechos Humanos<\/a> <a href=\"https:\/\/diariofemenino.com.ar\/df\/category\/mujeres\/\" rel=\"category tag\">Mujeres<\/a>","rttpg_excerpt":"De la crisis a la oportunidad. Buscar un empleo en el estrecho mercado laboral actual de Am\u00e9rica Latina y el Caribe\u00a0no es tarea f\u00e1cil. Los trabajos, que son la base de la econom\u00eda de las ciudades, se han perdido a una velocidad alarmante durante el 2020 debido a la pandemia. Las mujeres las m\u00e1s afectadas,&hellip;","_links":{"self":[{"href":"https:\/\/diariofemenino.com.ar\/df\/wp-json\/wp\/v2\/posts\/59681","targetHints":{"allow":["GET"]}}],"collection":[{"href":"https:\/\/diariofemenino.com.ar\/df\/wp-json\/wp\/v2\/posts"}],"about":[{"href":"https:\/\/diariofemenino.com.ar\/df\/wp-json\/wp\/v2\/types\/post"}],"author":[{"embeddable":true,"href":"https:\/\/diariofemenino.com.ar\/df\/wp-json\/wp\/v2\/users\/4"}],"replies":[{"embeddable":true,"href":"https:\/\/diariofemenino.com.ar\/df\/wp-json\/wp\/v2\/comments?post=59681"}],"version-history":[{"count":0,"href":"https:\/\/diariofemenino.com.ar\/df\/wp-json\/wp\/v2\/posts\/59681\/revisions"}],"wp:featuredmedia":[{"embeddable":true,"href":"https:\/\/diariofemenino.com.ar\/df\/wp-json\/wp\/v2\/media\/59704"}],"wp:attachment":[{"href":"https:\/\/diariofemenino.com.ar\/df\/wp-json\/wp\/v2\/media?parent=59681"}],"wp:term":[{"taxonomy":"category","embeddable":true,"href":"https:\/\/diariofemenino.com.ar\/df\/wp-json\/wp\/v2\/categories?post=59681"},{"taxonomy":"post_tag","embeddable":true,"href":"https:\/\/diariofemenino.com.ar\/df\/wp-json\/wp\/v2\/tags?post=59681"}],"curies":[{"name":"wp","href":"https:\/\/api.w.org\/{rel}","templated":true}]}}