{"id":59676,"date":"2021-07-25T13:07:17","date_gmt":"2021-07-25T16:07:17","guid":{"rendered":"https:\/\/diariofemenino.com.ar\/df\/?p=59676"},"modified":"2021-07-25T13:09:23","modified_gmt":"2021-07-25T16:09:23","slug":"el-empleo-en-crisis","status":"publish","type":"post","link":"https:\/\/diariofemenino.com.ar\/df\/el-empleo-en-crisis\/","title":{"rendered":"El empleo en crisis"},"content":{"rendered":"<ul>\n<li><span style=\"color: #000000;\">Un Camino Hacia Mejores Puestos de\u00a0Trabajo en la Am\u00e9rica Latina Pos-COVID-19<\/span><\/li>\n<\/ul>\n<p><span style=\"color: #000000;\">Por\u00a0Joana Silva, Liliana D. Sousa,\u00a0Truman G. Packard y Raymond Robertson<\/span><\/p>\n<p><span style=\"color: #000000;\">Pr\u00f3logo<\/span><br \/>\n<span style=\"color: #808080;\">(descargar informe en Portada)<\/span><\/p>\n<p><a href=\"https:\/\/diariofemenino.com.ar\/df\/wp-content\/uploads\/2021\/07\/9781464816864-1.pdf\"><img loading=\"lazy\" decoding=\"async\" class=\"alignleft size-full wp-image-59677\" src=\"https:\/\/diariofemenino.com.ar\/df\/wp-content\/uploads\/2021\/07\/El-emplo.jpg\" alt=\"\" width=\"505\" height=\"539\" srcset=\"https:\/\/diariofemenino.com.ar\/df\/wp-content\/uploads\/2021\/07\/El-emplo.jpg 505w, https:\/\/diariofemenino.com.ar\/df\/wp-content\/uploads\/2021\/07\/El-emplo-281x300.jpg 281w\" sizes=\"auto, (max-width: 505px) 100vw, 505px\" \/><\/a>En una regi\u00f3n tan vol\u00e1til como Am\u00e9rica Latina y el Caribe (<a href=\"https:\/\/www.bancomundial.org\/es\/region\/lac\">ALC<\/a>), la recurrencia de las crisis deber\u00eda servir para extraer conclusiones que puedan plasmarse en mejores respuestas en materia de pol\u00edticas p\u00fablicas. Echar la vista atr\u00e1s y aprender de las crisis pasadas cobra especial importancia en el momento actual, precisamente cuando los efectos devastadores de la pandemia de COVID-19 (coronavirus) echan por tierra a\u00f1os de progreso en muchos frentes, como la creaci\u00f3n de <a href=\"https:\/\/diariofemenino.com.ar\/df\/de-la-crisis-a-la-oportunidad-recuperando-el-empleo-femenino-en-las-ciudades\/\">puestos de trabajo<\/a> y nuevas oportunidades, la formalizaci\u00f3n del empleo y la reducci\u00f3n de la pobreza. ALC debe brindar una respuesta diferente a los problemas de siempre.<\/p>\n<p>Eso es justamente de lo que trata este informe. A partir de datos de varias d\u00e9cadas sobre los shocks econ\u00f3micos y las respuestas del mercado laboral en la regi\u00f3n de ALC, el informe analiza los efectos de las crisis en los trabajadores y las empresas para ayudar a los l\u00edderes regionales a orientar las pol\u00edticas y los escasos recursos, de manera que impulsen un crecimiento econ\u00f3mico inclusivo y a largo plazo.<\/p>\n<p>El empleo en crisis: un camino hacia mejores puestos de trabajo en la Am\u00e9rica Latina pos-COVID-19 contiene tres mensajes principales. En primer lugar, las grandes crisis en la regi\u00f3n de ALC han provocado una p\u00e9rdida de empleo persistente. Los datos demuestran que las crisis suelen ser puntos de inflexi\u00f3n para el empleo, y marcan el inicio de fuertes desviaciones negativas que se acent\u00faan con el paso del tiempo. Este efecto se produce porque el impacto a corto plazo de una crisis sobre el mercado laboral tiene m\u00e1s peso en el desempleo que en los cambios hacia la informalidad.<\/p>\n<p>Al mismo tiempo, los cambios estructurales de larga duraci\u00f3n est\u00e1n transformando la naturaleza del trabajo en la regi\u00f3n de ALC y en todo el mundo. Las crisis aceleran estos cambios y reducen las oportunidades en los que tradicionalmente se consideran \u00abbuenos puestos de trabajo\u00bb \u2014es decir, el empleo estable y protegido asociado con el sector formal\u2014. Por tanto, una crisis no solo influye temporalmente en los flujos de trabajadores, sino que tambi\u00e9n tiene efectos significativos y duraderos en la estructura del empleo. Como resultado, las oportunidades tradicionales del sector formal est\u00e1n disminuyendo paulatinamente en la regi\u00f3n de ALC.<\/p>\n<p>En segundo lugar, las crisis en la regi\u00f3n de ALC tienen impactos diversos sobre los trabajadores, los sectores y los lugares.<\/p>\n<p>Los trabajadores poco cualificados sufren efectos de m\u00e1s larga duraci\u00f3n, mientras que los trabajadores m\u00e1s cualificados se recuperan r\u00e1pidamente, lo que agudiza el alto nivel de desigualdad salarial de la regi\u00f3n.<\/p>\n<p>Las caracter\u00edsticas de los empleadores y los lugares afectan a la intensidad y la duraci\u00f3n de los efectos permanentes de las crisis en los trabajadores. Los trabajadores formales sufren menores p\u00e9rdidas de empleo y salario en las localidades que presentan una mayor informalidad. Adem\u00e1s, la reducci\u00f3n de los flujos de trabajo puede disminuir el bienestar individual, pero los trabajadores de las localidades con m\u00e1s oportunidades de empleo \u2014incluidos los puestos de trabajo informales\u2014 se recuperan mejor.<\/p>\n<p>En tercer lugar, las crisis pueden tener efectos positivos que aumentan la eficiencia y la productividad de una econom\u00eda. Sin embargo, estos efectos resultan menos importantes en la regi\u00f3n de ALC debido a su estructura de mercado menos competitiva. En lugar de aumentar la agilidad y la productividad durante las recesiones econ\u00f3micas, y favorecer el proceso de \u00abdestrucci\u00f3n creadora\u00bb, los sectores y las empresas protegidas ganan m\u00e1s cuota de mercado y desplazan al resto, de modo que retienen recursos valiosos.<\/p>\n<p>Pero no tiene por qu\u00e9 ser as\u00ed. Ahora que la regi\u00f3n de ALC se enfrenta a la mayor desaceleraci\u00f3n sincronizada de su historia moderna como consecuencia de la pandemia de COVID-19, la regi\u00f3n ha hecho hincapi\u00e9 en la gesti\u00f3n de los efectos a corto plazo de la crisis y ha conseguido amortiguar algunos de sus efectos econ\u00f3micos iniciales. Sin embargo, los resultados de este informe demuestran que las p\u00e9rdidas de empleo derivadas de las crisis pueden ser especialmente gravosas en la regi\u00f3n de ALC porque las recuperaciones son lentas. Por tanto, es necesario hacer esfuerzos m\u00e1s en\u00e9rgicos que los evidenciados hasta ahora.<\/p>\n<p>\u00bfQu\u00e9 medidas se pueden tomar? El empleo en crisis propone una combinaci\u00f3n de pol\u00edticas capaz de contribuir a mejorar las condiciones del mercado laboral y sentar las bases de un desarrollo equitativo. El paso inicial fundamental es poner en marcha marcos macroecon\u00f3micos estables y prudentes y estabilizadores autom\u00e1ticos que protejan a los mercados laborales contra posibles crisis.<\/p>\n<p>La aplicaci\u00f3n de pol\u00edticas fiscales y monetarias firmes puede preservar la estabilidad macroecon\u00f3mica y evitar tensiones financieras en todo el sistema ante una crisis. Las reformas fiscales, que incluyen impuestos menos distorsionadores, un gasto p\u00fablico m\u00e1s eficiente, programas de pensiones sostenibles desde el punto de vista financiero y reglas fiscales claras, son la primera l\u00ednea de defensa contra las crisis. El informe tambi\u00e9n propone programas antic\u00edclicos de apoyo a los ingresos \u2014como el seguro de desempleo y otras transferencias puntuales a los hogares durante las crisis\u2014, as\u00ed como pol\u00edticas laborales y de protecci\u00f3n social.<\/p>\n<p>Sin embargo, no basta con unos estabilizadores macroecon\u00f3micos m\u00e1s fuertes y la reforma de los sistemas laborales y de protecci\u00f3n social. Tambi\u00e9n es necesario impulsar la recuperaci\u00f3n del empleo mediante el apoyo a una creaci\u00f3n din\u00e1mica de puestos de trabajo. En este contexto, las pol\u00edticas sobre competencia, las pol\u00edticas regionales espec\u00edficas y las normativas laborales constituyen una tercera dimensi\u00f3n de pol\u00edtica fundamental. Si no se abordan estas cuestiones b\u00e1sicas, las recuperaciones en la regi\u00f3n de ALC seguir\u00e1n caracteriz\u00e1ndose por una creaci\u00f3n de empleo estancada.<\/p>\n<p style=\"text-align: right;\">\u00a0<strong>Carlos Felipe Jaramillo<br \/>\n<\/strong>Vicepresidente para Am\u00e9rica Latina y el Caribe del <a href=\"https:\/\/www.bancomundial.org\/\">Banco Mundial<\/a><\/p>\n<p><iframe loading=\"lazy\" title=\"YouTube video player\" src=\"https:\/\/www.youtube.com\/embed\/erv6WwN3dhI\" width=\"560\" height=\"315\" frameborder=\"0\" allowfullscreen=\"allowfullscreen\"><\/iframe><\/p>\n<p>&nbsp;<\/p>\n","protected":false},"excerpt":{"rendered":"<p>Un Camino Hacia Mejores Puestos de\u00a0Trabajo en la Am\u00e9rica Latina Pos-COVID-19 Por\u00a0Joana Silva, Liliana D. Sousa,\u00a0Truman G. Packard y Raymond Robertson Pr\u00f3logo (descargar informe en Portada) En una regi\u00f3n tan vol\u00e1til como Am\u00e9rica Latina y el Caribe (ALC), la recurrencia de las crisis deber\u00eda servir para extraer conclusiones que puedan plasmarse en mejores respuestas en [&hellip;]<\/p>\n","protected":false},"author":4,"featured_media":59677,"comment_status":"open","ping_status":"open","sticky":false,"template":"","format":"standard","meta":{"iawp_total_views":4,"footnotes":""},"categories":[19],"tags":[2442,2725,2445],"class_list":["post-59676","post","type-post","status-publish","format-standard","has-post-thumbnail","hentry","category-biblioteca","tag-america-latina","tag-america-latina-y-el-caribe","tag-empleo"],"nelio_content":{"autoShareEndMode":"never","automationSources":{"useCustomSentences":false,"customSentences":[]},"efiAlt":"","efiUrl":"","followers":[4],"highlights":[],"isAutoShareEnabled":true,"networkImageIds":[],"permalinkQueryArgs":[],"series":[],"suggestedReferences":[]},"yoast_head":"<!-- This site is optimized with the Yoast SEO plugin v27.5 - https:\/\/yoast.com\/product\/yoast-seo-wordpress\/ -->\n<title>El empleo en crisis - Diario Digital Femenino<\/title>\n<meta name=\"description\" content=\"El empleo en crisis. El Banco mundial elabor\u00f3 un informe sobre la crisis del empleo en Am\u00e9rica Latina y el Caribe.Un camino hacia Mejores Puestos de\u00a0Trabajo\" \/>\n<meta name=\"robots\" content=\"index, follow, max-snippet:-1, max-image-preview:large, max-video-preview:-1\" \/>\n<link rel=\"canonical\" href=\"https:\/\/diariofemenino.com.ar\/df\/el-empleo-en-crisis\/\" \/>\n<meta property=\"og:locale\" content=\"es_ES\" \/>\n<meta property=\"og:type\" content=\"article\" \/>\n<meta property=\"og:title\" content=\"El empleo en crisis - Diario Digital Femenino\" \/>\n<meta property=\"og:description\" content=\"El empleo en crisis. El Banco mundial elabor\u00f3 un informe sobre la crisis del empleo en Am\u00e9rica Latina y el Caribe.Un camino hacia Mejores Puestos de\u00a0Trabajo\" \/>\n<meta property=\"og:url\" content=\"https:\/\/diariofemenino.com.ar\/df\/el-empleo-en-crisis\/\" \/>\n<meta property=\"og:site_name\" content=\"Diario Digital Femenino\" \/>\n<meta property=\"article:publisher\" content=\"https:\/\/www.facebook.com\/DiarioDigitaFemenino\/\" \/>\n<meta property=\"article:published_time\" content=\"2021-07-25T16:07:17+00:00\" \/>\n<meta property=\"article:modified_time\" content=\"2021-07-25T16:09:23+00:00\" \/>\n<meta property=\"og:image\" content=\"https:\/\/diariofemenino.com.ar\/df\/wp-content\/uploads\/2021\/07\/El-emplo.jpg\" \/>\n\t<meta property=\"og:image:width\" content=\"505\" \/>\n\t<meta property=\"og:image:height\" content=\"539\" \/>\n\t<meta property=\"og:image:type\" content=\"image\/jpeg\" \/>\n<meta name=\"author\" content=\"Admin\" \/>\n<meta name=\"twitter:card\" content=\"summary_large_image\" \/>\n<meta name=\"twitter:creator\" content=\"@DiarioFemenino1\" \/>\n<meta name=\"twitter:site\" content=\"@DiarioFemenino1\" \/>\n<meta name=\"twitter:label1\" content=\"Escrito por\" \/>\n\t<meta name=\"twitter:data1\" content=\"Admin\" \/>\n\t<meta name=\"twitter:label2\" content=\"Tiempo de lectura\" \/>\n\t<meta name=\"twitter:data2\" content=\"5 minutos\" \/>\n<script type=\"application\/ld+json\" class=\"yoast-schema-graph\">{\"@context\":\"https:\\\/\\\/schema.org\",\"@graph\":[{\"@type\":\"Article\",\"@id\":\"https:\\\/\\\/diariofemenino.com.ar\\\/df\\\/el-empleo-en-crisis\\\/#article\",\"isPartOf\":{\"@id\":\"https:\\\/\\\/diariofemenino.com.ar\\\/df\\\/el-empleo-en-crisis\\\/\"},\"author\":{\"name\":\"Admin\",\"@id\":\"https:\\\/\\\/diariofemenino.com.ar\\\/df\\\/#\\\/schema\\\/person\\\/bf6199e8158c657ea6f789b11ec85509\"},\"headline\":\"El empleo en crisis\",\"datePublished\":\"2021-07-25T16:07:17+00:00\",\"dateModified\":\"2021-07-25T16:09:23+00:00\",\"mainEntityOfPage\":{\"@id\":\"https:\\\/\\\/diariofemenino.com.ar\\\/df\\\/el-empleo-en-crisis\\\/\"},\"wordCount\":1049,\"commentCount\":0,\"publisher\":{\"@id\":\"https:\\\/\\\/diariofemenino.com.ar\\\/df\\\/#organization\"},\"image\":{\"@id\":\"https:\\\/\\\/diariofemenino.com.ar\\\/df\\\/el-empleo-en-crisis\\\/#primaryimage\"},\"thumbnailUrl\":\"https:\\\/\\\/diariofemenino.com.ar\\\/df\\\/wp-content\\\/uploads\\\/2021\\\/07\\\/El-emplo.jpg\",\"keywords\":[\"america latina\",\"Am\u00e9rica Latina y el Caribe\",\"empleo\"],\"articleSection\":[\"Biblioteca Virtual\"],\"inLanguage\":\"es\",\"potentialAction\":[{\"@type\":\"CommentAction\",\"name\":\"Comment\",\"target\":[\"https:\\\/\\\/diariofemenino.com.ar\\\/df\\\/el-empleo-en-crisis\\\/#respond\"]}]},{\"@type\":\"WebPage\",\"@id\":\"https:\\\/\\\/diariofemenino.com.ar\\\/df\\\/el-empleo-en-crisis\\\/\",\"url\":\"https:\\\/\\\/diariofemenino.com.ar\\\/df\\\/el-empleo-en-crisis\\\/\",\"name\":\"El empleo en crisis - Diario Digital Femenino\",\"isPartOf\":{\"@id\":\"https:\\\/\\\/diariofemenino.com.ar\\\/df\\\/#website\"},\"primaryImageOfPage\":{\"@id\":\"https:\\\/\\\/diariofemenino.com.ar\\\/df\\\/el-empleo-en-crisis\\\/#primaryimage\"},\"image\":{\"@id\":\"https:\\\/\\\/diariofemenino.com.ar\\\/df\\\/el-empleo-en-crisis\\\/#primaryimage\"},\"thumbnailUrl\":\"https:\\\/\\\/diariofemenino.com.ar\\\/df\\\/wp-content\\\/uploads\\\/2021\\\/07\\\/El-emplo.jpg\",\"datePublished\":\"2021-07-25T16:07:17+00:00\",\"dateModified\":\"2021-07-25T16:09:23+00:00\",\"description\":\"El empleo en crisis. El Banco mundial elabor\u00f3 un informe sobre la crisis del empleo en Am\u00e9rica Latina y el Caribe.Un camino hacia Mejores Puestos de\u00a0Trabajo\",\"breadcrumb\":{\"@id\":\"https:\\\/\\\/diariofemenino.com.ar\\\/df\\\/el-empleo-en-crisis\\\/#breadcrumb\"},\"inLanguage\":\"es\",\"potentialAction\":[{\"@type\":\"ReadAction\",\"target\":[\"https:\\\/\\\/diariofemenino.com.ar\\\/df\\\/el-empleo-en-crisis\\\/\"]}]},{\"@type\":\"ImageObject\",\"inLanguage\":\"es\",\"@id\":\"https:\\\/\\\/diariofemenino.com.ar\\\/df\\\/el-empleo-en-crisis\\\/#primaryimage\",\"url\":\"https:\\\/\\\/diariofemenino.com.ar\\\/df\\\/wp-content\\\/uploads\\\/2021\\\/07\\\/El-emplo.jpg\",\"contentUrl\":\"https:\\\/\\\/diariofemenino.com.ar\\\/df\\\/wp-content\\\/uploads\\\/2021\\\/07\\\/El-emplo.jpg\",\"width\":505,\"height\":539},{\"@type\":\"BreadcrumbList\",\"@id\":\"https:\\\/\\\/diariofemenino.com.ar\\\/df\\\/el-empleo-en-crisis\\\/#breadcrumb\",\"itemListElement\":[{\"@type\":\"ListItem\",\"position\":1,\"name\":\"Portada\",\"item\":\"https:\\\/\\\/diariofemenino.com.ar\\\/df\\\/\"},{\"@type\":\"ListItem\",\"position\":2,\"name\":\"El empleo en crisis\"}]},{\"@type\":\"WebSite\",\"@id\":\"https:\\\/\\\/diariofemenino.com.ar\\\/df\\\/#website\",\"url\":\"https:\\\/\\\/diariofemenino.com.ar\\\/df\\\/\",\"name\":\"Diario Digital Femenino\",\"description\":\"Cuesti\u00f3n de G\u00e9nero\",\"publisher\":{\"@id\":\"https:\\\/\\\/diariofemenino.com.ar\\\/df\\\/#organization\"},\"potentialAction\":[{\"@type\":\"SearchAction\",\"target\":{\"@type\":\"EntryPoint\",\"urlTemplate\":\"https:\\\/\\\/diariofemenino.com.ar\\\/df\\\/?s={search_term_string}\"},\"query-input\":{\"@type\":\"PropertyValueSpecification\",\"valueRequired\":true,\"valueName\":\"search_term_string\"}}],\"inLanguage\":\"es\"},{\"@type\":\"Organization\",\"@id\":\"https:\\\/\\\/diariofemenino.com.ar\\\/df\\\/#organization\",\"name\":\"Diario Femenino\",\"url\":\"https:\\\/\\\/diariofemenino.com.ar\\\/df\\\/\",\"logo\":{\"@type\":\"ImageObject\",\"inLanguage\":\"es\",\"@id\":\"https:\\\/\\\/diariofemenino.com.ar\\\/df\\\/#\\\/schema\\\/logo\\\/image\\\/\",\"url\":\"https:\\\/\\\/diariofemenino.com.ar\\\/df\\\/wp-content\\\/uploads\\\/2018\\\/10\\\/logo.png\",\"contentUrl\":\"https:\\\/\\\/diariofemenino.com.ar\\\/df\\\/wp-content\\\/uploads\\\/2018\\\/10\\\/logo.png\",\"width\":500,\"height\":92,\"caption\":\"Diario Femenino\"},\"image\":{\"@id\":\"https:\\\/\\\/diariofemenino.com.ar\\\/df\\\/#\\\/schema\\\/logo\\\/image\\\/\"},\"sameAs\":[\"https:\\\/\\\/www.facebook.com\\\/DiarioDigitaFemenino\\\/\",\"https:\\\/\\\/x.com\\\/DiarioFemenino1\"]},{\"@type\":\"Person\",\"@id\":\"https:\\\/\\\/diariofemenino.com.ar\\\/df\\\/#\\\/schema\\\/person\\\/bf6199e8158c657ea6f789b11ec85509\",\"name\":\"Admin\",\"image\":{\"@type\":\"ImageObject\",\"inLanguage\":\"es\",\"@id\":\"https:\\\/\\\/diariofemenino.com.ar\\\/df\\\/wp-content\\\/uploads\\\/2018\\\/12\\\/favicon-150x150.jpg\",\"url\":\"https:\\\/\\\/diariofemenino.com.ar\\\/df\\\/wp-content\\\/uploads\\\/2018\\\/12\\\/favicon-150x150.jpg\",\"contentUrl\":\"https:\\\/\\\/diariofemenino.com.ar\\\/df\\\/wp-content\\\/uploads\\\/2018\\\/12\\\/favicon-150x150.jpg\",\"caption\":\"Admin\"},\"url\":\"https:\\\/\\\/diariofemenino.com.ar\\\/df\\\/author\\\/lenny\\\/\"}]}<\/script>\n<!-- \/ Yoast SEO plugin. -->","yoast_head_json":{"title":"El empleo en crisis - Diario Digital Femenino","description":"El empleo en crisis. El Banco mundial elabor\u00f3 un informe sobre la crisis del empleo en Am\u00e9rica Latina y el Caribe.Un camino hacia Mejores Puestos de\u00a0Trabajo","robots":{"index":"index","follow":"follow","max-snippet":"max-snippet:-1","max-image-preview":"max-image-preview:large","max-video-preview":"max-video-preview:-1"},"canonical":"https:\/\/diariofemenino.com.ar\/df\/el-empleo-en-crisis\/","og_locale":"es_ES","og_type":"article","og_title":"El empleo en crisis - Diario Digital Femenino","og_description":"El empleo en crisis. El Banco mundial elabor\u00f3 un informe sobre la crisis del empleo en Am\u00e9rica Latina y el Caribe.Un camino hacia Mejores Puestos de\u00a0Trabajo","og_url":"https:\/\/diariofemenino.com.ar\/df\/el-empleo-en-crisis\/","og_site_name":"Diario Digital Femenino","article_publisher":"https:\/\/www.facebook.com\/DiarioDigitaFemenino\/","article_published_time":"2021-07-25T16:07:17+00:00","article_modified_time":"2021-07-25T16:09:23+00:00","og_image":[{"width":505,"height":539,"url":"https:\/\/diariofemenino.com.ar\/df\/wp-content\/uploads\/2021\/07\/El-emplo.jpg","type":"image\/jpeg"}],"author":"Admin","twitter_card":"summary_large_image","twitter_creator":"@DiarioFemenino1","twitter_site":"@DiarioFemenino1","twitter_misc":{"Escrito por":"Admin","Tiempo de lectura":"5 minutos"},"schema":{"@context":"https:\/\/schema.org","@graph":[{"@type":"Article","@id":"https:\/\/diariofemenino.com.ar\/df\/el-empleo-en-crisis\/#article","isPartOf":{"@id":"https:\/\/diariofemenino.com.ar\/df\/el-empleo-en-crisis\/"},"author":{"name":"Admin","@id":"https:\/\/diariofemenino.com.ar\/df\/#\/schema\/person\/bf6199e8158c657ea6f789b11ec85509"},"headline":"El empleo en crisis","datePublished":"2021-07-25T16:07:17+00:00","dateModified":"2021-07-25T16:09:23+00:00","mainEntityOfPage":{"@id":"https:\/\/diariofemenino.com.ar\/df\/el-empleo-en-crisis\/"},"wordCount":1049,"commentCount":0,"publisher":{"@id":"https:\/\/diariofemenino.com.ar\/df\/#organization"},"image":{"@id":"https:\/\/diariofemenino.com.ar\/df\/el-empleo-en-crisis\/#primaryimage"},"thumbnailUrl":"https:\/\/diariofemenino.com.ar\/df\/wp-content\/uploads\/2021\/07\/El-emplo.jpg","keywords":["america latina","Am\u00e9rica Latina y el Caribe","empleo"],"articleSection":["Biblioteca Virtual"],"inLanguage":"es","potentialAction":[{"@type":"CommentAction","name":"Comment","target":["https:\/\/diariofemenino.com.ar\/df\/el-empleo-en-crisis\/#respond"]}]},{"@type":"WebPage","@id":"https:\/\/diariofemenino.com.ar\/df\/el-empleo-en-crisis\/","url":"https:\/\/diariofemenino.com.ar\/df\/el-empleo-en-crisis\/","name":"El empleo en crisis - Diario Digital Femenino","isPartOf":{"@id":"https:\/\/diariofemenino.com.ar\/df\/#website"},"primaryImageOfPage":{"@id":"https:\/\/diariofemenino.com.ar\/df\/el-empleo-en-crisis\/#primaryimage"},"image":{"@id":"https:\/\/diariofemenino.com.ar\/df\/el-empleo-en-crisis\/#primaryimage"},"thumbnailUrl":"https:\/\/diariofemenino.com.ar\/df\/wp-content\/uploads\/2021\/07\/El-emplo.jpg","datePublished":"2021-07-25T16:07:17+00:00","dateModified":"2021-07-25T16:09:23+00:00","description":"El empleo en crisis. El Banco mundial elabor\u00f3 un informe sobre la crisis del empleo en Am\u00e9rica Latina y el Caribe.Un camino hacia Mejores Puestos de\u00a0Trabajo","breadcrumb":{"@id":"https:\/\/diariofemenino.com.ar\/df\/el-empleo-en-crisis\/#breadcrumb"},"inLanguage":"es","potentialAction":[{"@type":"ReadAction","target":["https:\/\/diariofemenino.com.ar\/df\/el-empleo-en-crisis\/"]}]},{"@type":"ImageObject","inLanguage":"es","@id":"https:\/\/diariofemenino.com.ar\/df\/el-empleo-en-crisis\/#primaryimage","url":"https:\/\/diariofemenino.com.ar\/df\/wp-content\/uploads\/2021\/07\/El-emplo.jpg","contentUrl":"https:\/\/diariofemenino.com.ar\/df\/wp-content\/uploads\/2021\/07\/El-emplo.jpg","width":505,"height":539},{"@type":"BreadcrumbList","@id":"https:\/\/diariofemenino.com.ar\/df\/el-empleo-en-crisis\/#breadcrumb","itemListElement":[{"@type":"ListItem","position":1,"name":"Portada","item":"https:\/\/diariofemenino.com.ar\/df\/"},{"@type":"ListItem","position":2,"name":"El empleo en crisis"}]},{"@type":"WebSite","@id":"https:\/\/diariofemenino.com.ar\/df\/#website","url":"https:\/\/diariofemenino.com.ar\/df\/","name":"Diario Digital Femenino","description":"Cuesti\u00f3n de G\u00e9nero","publisher":{"@id":"https:\/\/diariofemenino.com.ar\/df\/#organization"},"potentialAction":[{"@type":"SearchAction","target":{"@type":"EntryPoint","urlTemplate":"https:\/\/diariofemenino.com.ar\/df\/?s={search_term_string}"},"query-input":{"@type":"PropertyValueSpecification","valueRequired":true,"valueName":"search_term_string"}}],"inLanguage":"es"},{"@type":"Organization","@id":"https:\/\/diariofemenino.com.ar\/df\/#organization","name":"Diario Femenino","url":"https:\/\/diariofemenino.com.ar\/df\/","logo":{"@type":"ImageObject","inLanguage":"es","@id":"https:\/\/diariofemenino.com.ar\/df\/#\/schema\/logo\/image\/","url":"https:\/\/diariofemenino.com.ar\/df\/wp-content\/uploads\/2018\/10\/logo.png","contentUrl":"https:\/\/diariofemenino.com.ar\/df\/wp-content\/uploads\/2018\/10\/logo.png","width":500,"height":92,"caption":"Diario Femenino"},"image":{"@id":"https:\/\/diariofemenino.com.ar\/df\/#\/schema\/logo\/image\/"},"sameAs":["https:\/\/www.facebook.com\/DiarioDigitaFemenino\/","https:\/\/x.com\/DiarioFemenino1"]},{"@type":"Person","@id":"https:\/\/diariofemenino.com.ar\/df\/#\/schema\/person\/bf6199e8158c657ea6f789b11ec85509","name":"Admin","image":{"@type":"ImageObject","inLanguage":"es","@id":"https:\/\/diariofemenino.com.ar\/df\/wp-content\/uploads\/2018\/12\/favicon-150x150.jpg","url":"https:\/\/diariofemenino.com.ar\/df\/wp-content\/uploads\/2018\/12\/favicon-150x150.jpg","contentUrl":"https:\/\/diariofemenino.com.ar\/df\/wp-content\/uploads\/2018\/12\/favicon-150x150.jpg","caption":"Admin"},"url":"https:\/\/diariofemenino.com.ar\/df\/author\/lenny\/"}]}},"jetpack_featured_media_url":"https:\/\/diariofemenino.com.ar\/df\/wp-content\/uploads\/2021\/07\/El-emplo.jpg","jetpack_sharing_enabled":true,"rttpg_featured_image_url":{"full":["https:\/\/diariofemenino.com.ar\/df\/wp-content\/uploads\/2021\/07\/El-emplo.jpg",505,539,false],"landscape":["https:\/\/diariofemenino.com.ar\/df\/wp-content\/uploads\/2021\/07\/El-emplo.jpg",505,539,false],"portraits":["https:\/\/diariofemenino.com.ar\/df\/wp-content\/uploads\/2021\/07\/El-emplo.jpg",505,539,false],"thumbnail":["https:\/\/diariofemenino.com.ar\/df\/wp-content\/uploads\/2021\/07\/El-emplo-150x150.jpg",150,150,true],"medium":["https:\/\/diariofemenino.com.ar\/df\/wp-content\/uploads\/2021\/07\/El-emplo-281x300.jpg",281,300,true],"large":["https:\/\/diariofemenino.com.ar\/df\/wp-content\/uploads\/2021\/07\/El-emplo.jpg",505,539,false],"1536x1536":["https:\/\/diariofemenino.com.ar\/df\/wp-content\/uploads\/2021\/07\/El-emplo.jpg",505,539,false],"2048x2048":["https:\/\/diariofemenino.com.ar\/df\/wp-content\/uploads\/2021\/07\/El-emplo.jpg",505,539,false]},"rttpg_author":{"display_name":"Admin","author_link":"https:\/\/diariofemenino.com.ar\/df\/author\/lenny\/"},"rttpg_comment":0,"rttpg_category":"<a href=\"https:\/\/diariofemenino.com.ar\/df\/category\/biblioteca\/\" rel=\"category tag\">Biblioteca Virtual<\/a>","rttpg_excerpt":"Un Camino Hacia Mejores Puestos de\u00a0Trabajo en la Am\u00e9rica Latina Pos-COVID-19 Por\u00a0Joana Silva, Liliana D. Sousa,\u00a0Truman G. Packard y Raymond Robertson Pr\u00f3logo (descargar informe en Portada) En una regi\u00f3n tan vol\u00e1til como Am\u00e9rica Latina y el Caribe (ALC), la recurrencia de las crisis deber\u00eda servir para extraer conclusiones que puedan plasmarse en mejores respuestas en&hellip;","_links":{"self":[{"href":"https:\/\/diariofemenino.com.ar\/df\/wp-json\/wp\/v2\/posts\/59676","targetHints":{"allow":["GET"]}}],"collection":[{"href":"https:\/\/diariofemenino.com.ar\/df\/wp-json\/wp\/v2\/posts"}],"about":[{"href":"https:\/\/diariofemenino.com.ar\/df\/wp-json\/wp\/v2\/types\/post"}],"author":[{"embeddable":true,"href":"https:\/\/diariofemenino.com.ar\/df\/wp-json\/wp\/v2\/users\/4"}],"replies":[{"embeddable":true,"href":"https:\/\/diariofemenino.com.ar\/df\/wp-json\/wp\/v2\/comments?post=59676"}],"version-history":[{"count":0,"href":"https:\/\/diariofemenino.com.ar\/df\/wp-json\/wp\/v2\/posts\/59676\/revisions"}],"wp:featuredmedia":[{"embeddable":true,"href":"https:\/\/diariofemenino.com.ar\/df\/wp-json\/wp\/v2\/media\/59677"}],"wp:attachment":[{"href":"https:\/\/diariofemenino.com.ar\/df\/wp-json\/wp\/v2\/media?parent=59676"}],"wp:term":[{"taxonomy":"category","embeddable":true,"href":"https:\/\/diariofemenino.com.ar\/df\/wp-json\/wp\/v2\/categories?post=59676"},{"taxonomy":"post_tag","embeddable":true,"href":"https:\/\/diariofemenino.com.ar\/df\/wp-json\/wp\/v2\/tags?post=59676"}],"curies":[{"name":"wp","href":"https:\/\/api.w.org\/{rel}","templated":true}]}}