{"id":59460,"date":"2021-07-13T12:11:05","date_gmt":"2021-07-13T15:11:05","guid":{"rendered":"https:\/\/diariofemenino.com.ar\/df\/?p=59460"},"modified":"2021-07-13T12:11:05","modified_gmt":"2021-07-13T15:11:05","slug":"la-igualdad-de-genero-ante-el-cambio-climatico","status":"publish","type":"post","link":"https:\/\/diariofemenino.com.ar\/df\/la-igualdad-de-genero-ante-el-cambio-climatico\/","title":{"rendered":"La igualdad de g\u00e9nero ante el cambio clim\u00e1tico"},"content":{"rendered":"<p>\u00bfQu\u00e9 pueden hacer los mecanismos para el adelanto de las mujeres de Am\u00e9rica\u00a0Latina y el\u00a0Caribe?<\/p>\n<p>De Lorena Aguilar Revelo<br \/>\n<span style=\"color: #808080;\">(descargar en Portada)<\/span><\/p>\n<figure id=\"attachment_59461\" aria-describedby=\"caption-attachment-59461\" style=\"width: 403px\" class=\"wp-caption alignleft\"><a href=\"https:\/\/diariofemenino.com.ar\/df\/wp-content\/uploads\/2021\/07\/S2100332_es.pdf\"><img loading=\"lazy\" decoding=\"async\" class=\"wp-image-59461 size-full\" src=\"https:\/\/diariofemenino.com.ar\/df\/wp-content\/uploads\/2021\/07\/Asuntos-de-G\u00e9nero1.jpg\" alt=\"La igualdad de g\u00e9nero ante el cambio clim\u00e1tico\" width=\"403\" height=\"527\" srcset=\"https:\/\/diariofemenino.com.ar\/df\/wp-content\/uploads\/2021\/07\/Asuntos-de-G\u00e9nero1.jpg 403w, https:\/\/diariofemenino.com.ar\/df\/wp-content\/uploads\/2021\/07\/Asuntos-de-G\u00e9nero1-229x300.jpg 229w\" sizes=\"auto, (max-width: 403px) 100vw, 403px\" \/><\/a><figcaption id=\"caption-attachment-59461\" class=\"wp-caption-text\">La igualdad de g\u00e9nero ante el cambio clim\u00e1tico<\/figcaption><\/figure>\n<p>Este <a href=\"https:\/\/diariofemenino.com.ar\/df\/category\/biblioteca\/\">documento<\/a> fue preparado por Lorena Aguilar Revelo, Consultora de la Divisi\u00f3n de Asuntos de G\u00e9nero de la Comisi\u00f3n Econ\u00f3mica para Am\u00e9rica Latina y el Caribe (<a href=\"https:\/\/www.cepal.org\/es\">CEPAL<\/a>), bajo la supervisi\u00f3n de Diana Rodr\u00edguez Wong, Oficial Asociada de Asuntos Econ\u00f3micos, y Ana G\u00fcezmes Garc\u00eda, Directora de la misma Divisi\u00f3n.<\/p>\n<p>La autora agradece los comentarios de Ana G\u00fcezmes Garc\u00eda, Directora de la Divisi\u00f3n de Asuntos de G\u00e9nero, Mar\u00eda Luc\u00eda Scuro y Nicole Bidegain, Oficiales de Asuntos Sociales, Iliana Vaca Trigo, Estad\u00edstica, y Diana Rodr\u00edguez Wong, Oficial Asociada de Asuntos Econ\u00f3micos, todas ellas de la misma Divisi\u00f3n.<\/p>\n<p>Tambi\u00e9n se agradecen las contribuciones de Jeannette S\u00e1nchez, Joseluis Samaniego, Raquel Santos, Elsa Guti\u00e9rrez, Debora Ley, Marina Gil, Marcia Tambutti, Claudia Robles, Camila Gramkow, Xavier Mancero, Julie Gail Lennox, Miguel del Castillo, Mar\u00eda Castro, V\u00edctor Ventura, Ray\u00e9n Quiroga, Santa Centeno, Luis Felipe Carvalho Lopes y Gerardo Mendoza, de la CEPAL, as\u00ed como de Julien Chauvet, Jeanne Pince y C\u00e9lia Alfonsi, de la Embajada de Francia en Chile, en el marco de la reuni\u00f3n de personas expertas \u201cG\u00e9nero y Cambio Clim\u00e1tico\u201d realizada por la CEPAL.<\/p>\n<p>La publicaci\u00f3n de este documento se realiza en el marco del programa de cooperaci\u00f3n entre la CEPAL y la <a href=\"https:\/\/cl.ambafrance.org\/-Espanol-\">Embajada de Francia en Chile<\/a>.<\/p>\n<p>Las opiniones expresadas en este documento, que no ha sido sometido a revisi\u00f3n editorial, son de exclusiva responsabilidad de la autora y pueden no coincidir con las de la Organizaci\u00f3n.<\/p>\n<p><strong>Resumen <\/strong><\/p>\n<p>Esta publicaci\u00f3n recomienda acciones para permitirles a los mecanismos para el adelanto de las mujeres avanzar en la integraci\u00f3n de la perspectiva de g\u00e9nero en los instrumentos de pol\u00edtica p\u00fablica, as\u00ed como en las acciones de implementaci\u00f3n frente al <a href=\"https:\/\/diariofemenino.com.ar\/df\/mujeres-cientificas-de-35-paises-viajan-a-la-antartida-para-estudiar-el-cambio-climatico\/\">cambio clim\u00e1tico<\/a>, para que, como entes rectores y\/o gestores de la implementaci\u00f3n de las pol\u00edticas p\u00fablicas en favor de la igualdad de g\u00e9nero y la autonom\u00eda de las mujeres, puedan involucrarse de manera m\u00e1s activa y ejercer un rol de liderazgo transformador en los procesos de respuesta relacionados con el cambio clim\u00e1tico tanto en el \u00e1mbito nacional como internacional. El objetivo es asegurar que la igualdad de g\u00e9nero y la autonom\u00eda de todas las mujeres y las ni\u00f1as, en su diversidad, sean priorizadas y abordadas de forma integral en el contexto de las acciones sobre cambio clim\u00e1tico llevadas a cabo a nivel nacional y regional; y se asegure la plena participaci\u00f3n de las mujeres como actoras clim\u00e1ticas, que desarrollan su capacidad de resiliencia y la de sus comunidades para alcanzar la Agenda 2030 y los objetivos del Acuerdo de Par\u00eds.<\/p>\n<p>El documento se dirige tambi\u00e9n a las instituciones que integran la arquitectura de g\u00e9nero en los diferentes poderes y niveles del Estado, organizaciones de la sociedad civil, especialmente organizaciones feministas, sectores acad\u00e9micos, y en general a todos los sectores interesados e involucrados en impulsar pol\u00edticas p\u00fablicas de respuesta al cambio clim\u00e1tico y a la pandemia de COVID-19 y una recuperaci\u00f3n transformadora y con igualdad de g\u00e9nero y sostenibilidad&#8230; <a href=\"https:\/\/diariofemenino.com.ar\/df\/wp-content\/uploads\/2021\/07\/S2100332_es.pdf\">Seguir leyendo<\/a><\/p>\n","protected":false},"excerpt":{"rendered":"<p>\u00bfQu\u00e9 pueden hacer los mecanismos para el adelanto de las mujeres de Am\u00e9rica\u00a0Latina y el\u00a0Caribe? De Lorena Aguilar Revelo (descargar en Portada) Este documento fue preparado por Lorena Aguilar Revelo, Consultora de la Divisi\u00f3n de Asuntos de G\u00e9nero de la Comisi\u00f3n Econ\u00f3mica para Am\u00e9rica Latina y el Caribe (CEPAL), bajo la supervisi\u00f3n de Diana Rodr\u00edguez [&hellip;]<\/p>\n","protected":false},"author":4,"featured_media":59462,"comment_status":"open","ping_status":"open","sticky":false,"template":"","format":"standard","meta":{"iawp_total_views":8,"footnotes":""},"categories":[19,182],"tags":[4582,4372,69],"class_list":["post-59460","post","type-post","status-publish","format-standard","has-post-thumbnail","hentry","category-biblioteca","category-informes","tag-cambio-climatico","tag-destacada","tag-igualdad-de-genero"],"nelio_content":{"autoShareEndMode":"never","automationSources":{"useCustomSentences":false,"customSentences":[]},"efiAlt":"","efiUrl":"","followers":[4],"highlights":[],"isAutoShareEnabled":true,"networkImageIds":[],"permalinkQueryArgs":[],"series":[],"suggestedReferences":[]},"yoast_head":"<!-- This site is optimized with the Yoast SEO plugin v27.5 - https:\/\/yoast.com\/product\/yoast-seo-wordpress\/ -->\n<title>La igualdad de g\u00e9nero ante el cambio clim\u00e1tico - Diario Digital Femenino<\/title>\n<meta name=\"description\" content=\"La igualdad deg\u00e9nero ante elcambio clim\u00e1tico. \u00bfQu\u00e9 pueden hacerlos mecanismospara el adelantode las mujeres deAm\u00e9rica Latina yel Caribe?\" \/>\n<meta name=\"robots\" content=\"index, follow, max-snippet:-1, max-image-preview:large, max-video-preview:-1\" \/>\n<link rel=\"canonical\" href=\"https:\/\/diariofemenino.com.ar\/df\/la-igualdad-de-genero-ante-el-cambio-climatico\/\" \/>\n<meta property=\"og:locale\" content=\"es_ES\" \/>\n<meta property=\"og:type\" content=\"article\" \/>\n<meta property=\"og:title\" content=\"La igualdad de g\u00e9nero ante el cambio clim\u00e1tico - Diario Digital Femenino\" \/>\n<meta property=\"og:description\" content=\"La igualdad deg\u00e9nero ante elcambio clim\u00e1tico. \u00bfQu\u00e9 pueden hacerlos mecanismospara el adelantode las mujeres deAm\u00e9rica Latina yel Caribe?\" \/>\n<meta property=\"og:url\" content=\"https:\/\/diariofemenino.com.ar\/df\/la-igualdad-de-genero-ante-el-cambio-climatico\/\" \/>\n<meta property=\"og:site_name\" content=\"Diario Digital Femenino\" \/>\n<meta property=\"article:publisher\" content=\"https:\/\/www.facebook.com\/DiarioDigitaFemenino\/\" \/>\n<meta property=\"article:published_time\" content=\"2021-07-13T15:11:05+00:00\" \/>\n<meta property=\"og:image\" content=\"https:\/\/diariofemenino.com.ar\/df\/wp-content\/uploads\/2021\/07\/Asuntos-de-G\u00e9nero.jpg\" \/>\n\t<meta property=\"og:image:width\" content=\"813\" \/>\n\t<meta property=\"og:image:height\" content=\"479\" \/>\n\t<meta property=\"og:image:type\" content=\"image\/jpeg\" \/>\n<meta name=\"author\" content=\"Admin\" \/>\n<meta name=\"twitter:card\" content=\"summary_large_image\" \/>\n<meta name=\"twitter:creator\" content=\"@DiarioFemenino1\" \/>\n<meta name=\"twitter:site\" content=\"@DiarioFemenino1\" \/>\n<meta name=\"twitter:label1\" content=\"Escrito por\" \/>\n\t<meta name=\"twitter:data1\" content=\"Admin\" \/>\n\t<meta name=\"twitter:label2\" content=\"Tiempo de lectura\" \/>\n\t<meta name=\"twitter:data2\" content=\"3 minutos\" \/>\n<script type=\"application\/ld+json\" class=\"yoast-schema-graph\">{\"@context\":\"https:\\\/\\\/schema.org\",\"@graph\":[{\"@type\":\"Article\",\"@id\":\"https:\\\/\\\/diariofemenino.com.ar\\\/df\\\/la-igualdad-de-genero-ante-el-cambio-climatico\\\/#article\",\"isPartOf\":{\"@id\":\"https:\\\/\\\/diariofemenino.com.ar\\\/df\\\/la-igualdad-de-genero-ante-el-cambio-climatico\\\/\"},\"author\":{\"name\":\"Admin\",\"@id\":\"https:\\\/\\\/diariofemenino.com.ar\\\/df\\\/#\\\/schema\\\/person\\\/bf6199e8158c657ea6f789b11ec85509\"},\"headline\":\"La igualdad de g\u00e9nero ante el cambio clim\u00e1tico\",\"datePublished\":\"2021-07-13T15:11:05+00:00\",\"mainEntityOfPage\":{\"@id\":\"https:\\\/\\\/diariofemenino.com.ar\\\/df\\\/la-igualdad-de-genero-ante-el-cambio-climatico\\\/\"},\"wordCount\":598,\"commentCount\":0,\"publisher\":{\"@id\":\"https:\\\/\\\/diariofemenino.com.ar\\\/df\\\/#organization\"},\"image\":{\"@id\":\"https:\\\/\\\/diariofemenino.com.ar\\\/df\\\/la-igualdad-de-genero-ante-el-cambio-climatico\\\/#primaryimage\"},\"thumbnailUrl\":\"https:\\\/\\\/diariofemenino.com.ar\\\/df\\\/wp-content\\\/uploads\\\/2021\\\/07\\\/Asuntos-de-G\u00e9nero.jpg\",\"keywords\":[\"Cambio clim\u00e1tico\",\"Destacada\",\"Igualdad de G\u00e9nero\"],\"articleSection\":[\"Biblioteca Virtual\",\"Informes\"],\"inLanguage\":\"es\",\"potentialAction\":[{\"@type\":\"CommentAction\",\"name\":\"Comment\",\"target\":[\"https:\\\/\\\/diariofemenino.com.ar\\\/df\\\/la-igualdad-de-genero-ante-el-cambio-climatico\\\/#respond\"]}]},{\"@type\":\"WebPage\",\"@id\":\"https:\\\/\\\/diariofemenino.com.ar\\\/df\\\/la-igualdad-de-genero-ante-el-cambio-climatico\\\/\",\"url\":\"https:\\\/\\\/diariofemenino.com.ar\\\/df\\\/la-igualdad-de-genero-ante-el-cambio-climatico\\\/\",\"name\":\"La igualdad de g\u00e9nero ante el cambio clim\u00e1tico - Diario Digital Femenino\",\"isPartOf\":{\"@id\":\"https:\\\/\\\/diariofemenino.com.ar\\\/df\\\/#website\"},\"primaryImageOfPage\":{\"@id\":\"https:\\\/\\\/diariofemenino.com.ar\\\/df\\\/la-igualdad-de-genero-ante-el-cambio-climatico\\\/#primaryimage\"},\"image\":{\"@id\":\"https:\\\/\\\/diariofemenino.com.ar\\\/df\\\/la-igualdad-de-genero-ante-el-cambio-climatico\\\/#primaryimage\"},\"thumbnailUrl\":\"https:\\\/\\\/diariofemenino.com.ar\\\/df\\\/wp-content\\\/uploads\\\/2021\\\/07\\\/Asuntos-de-G\u00e9nero.jpg\",\"datePublished\":\"2021-07-13T15:11:05+00:00\",\"description\":\"La igualdad deg\u00e9nero ante elcambio clim\u00e1tico. \u00bfQu\u00e9 pueden hacerlos mecanismospara el adelantode las mujeres deAm\u00e9rica Latina yel Caribe?\",\"breadcrumb\":{\"@id\":\"https:\\\/\\\/diariofemenino.com.ar\\\/df\\\/la-igualdad-de-genero-ante-el-cambio-climatico\\\/#breadcrumb\"},\"inLanguage\":\"es\",\"potentialAction\":[{\"@type\":\"ReadAction\",\"target\":[\"https:\\\/\\\/diariofemenino.com.ar\\\/df\\\/la-igualdad-de-genero-ante-el-cambio-climatico\\\/\"]}]},{\"@type\":\"ImageObject\",\"inLanguage\":\"es\",\"@id\":\"https:\\\/\\\/diariofemenino.com.ar\\\/df\\\/la-igualdad-de-genero-ante-el-cambio-climatico\\\/#primaryimage\",\"url\":\"https:\\\/\\\/diariofemenino.com.ar\\\/df\\\/wp-content\\\/uploads\\\/2021\\\/07\\\/Asuntos-de-G\u00e9nero.jpg\",\"contentUrl\":\"https:\\\/\\\/diariofemenino.com.ar\\\/df\\\/wp-content\\\/uploads\\\/2021\\\/07\\\/Asuntos-de-G\u00e9nero.jpg\",\"width\":813,\"height\":479,\"caption\":\"La igualdad de g\u00e9nero ante el cambio clim\u00e1tico\"},{\"@type\":\"BreadcrumbList\",\"@id\":\"https:\\\/\\\/diariofemenino.com.ar\\\/df\\\/la-igualdad-de-genero-ante-el-cambio-climatico\\\/#breadcrumb\",\"itemListElement\":[{\"@type\":\"ListItem\",\"position\":1,\"name\":\"Portada\",\"item\":\"https:\\\/\\\/diariofemenino.com.ar\\\/df\\\/\"},{\"@type\":\"ListItem\",\"position\":2,\"name\":\"La igualdad de g\u00e9nero ante el cambio clim\u00e1tico\"}]},{\"@type\":\"WebSite\",\"@id\":\"https:\\\/\\\/diariofemenino.com.ar\\\/df\\\/#website\",\"url\":\"https:\\\/\\\/diariofemenino.com.ar\\\/df\\\/\",\"name\":\"Diario Digital Femenino\",\"description\":\"Cuesti\u00f3n de G\u00e9nero\",\"publisher\":{\"@id\":\"https:\\\/\\\/diariofemenino.com.ar\\\/df\\\/#organization\"},\"potentialAction\":[{\"@type\":\"SearchAction\",\"target\":{\"@type\":\"EntryPoint\",\"urlTemplate\":\"https:\\\/\\\/diariofemenino.com.ar\\\/df\\\/?s={search_term_string}\"},\"query-input\":{\"@type\":\"PropertyValueSpecification\",\"valueRequired\":true,\"valueName\":\"search_term_string\"}}],\"inLanguage\":\"es\"},{\"@type\":\"Organization\",\"@id\":\"https:\\\/\\\/diariofemenino.com.ar\\\/df\\\/#organization\",\"name\":\"Diario Femenino\",\"url\":\"https:\\\/\\\/diariofemenino.com.ar\\\/df\\\/\",\"logo\":{\"@type\":\"ImageObject\",\"inLanguage\":\"es\",\"@id\":\"https:\\\/\\\/diariofemenino.com.ar\\\/df\\\/#\\\/schema\\\/logo\\\/image\\\/\",\"url\":\"https:\\\/\\\/diariofemenino.com.ar\\\/df\\\/wp-content\\\/uploads\\\/2018\\\/10\\\/logo.png\",\"contentUrl\":\"https:\\\/\\\/diariofemenino.com.ar\\\/df\\\/wp-content\\\/uploads\\\/2018\\\/10\\\/logo.png\",\"width\":500,\"height\":92,\"caption\":\"Diario Femenino\"},\"image\":{\"@id\":\"https:\\\/\\\/diariofemenino.com.ar\\\/df\\\/#\\\/schema\\\/logo\\\/image\\\/\"},\"sameAs\":[\"https:\\\/\\\/www.facebook.com\\\/DiarioDigitaFemenino\\\/\",\"https:\\\/\\\/x.com\\\/DiarioFemenino1\"]},{\"@type\":\"Person\",\"@id\":\"https:\\\/\\\/diariofemenino.com.ar\\\/df\\\/#\\\/schema\\\/person\\\/bf6199e8158c657ea6f789b11ec85509\",\"name\":\"Admin\",\"image\":{\"@type\":\"ImageObject\",\"inLanguage\":\"es\",\"@id\":\"https:\\\/\\\/diariofemenino.com.ar\\\/df\\\/wp-content\\\/uploads\\\/2018\\\/12\\\/favicon-150x150.jpg\",\"url\":\"https:\\\/\\\/diariofemenino.com.ar\\\/df\\\/wp-content\\\/uploads\\\/2018\\\/12\\\/favicon-150x150.jpg\",\"contentUrl\":\"https:\\\/\\\/diariofemenino.com.ar\\\/df\\\/wp-content\\\/uploads\\\/2018\\\/12\\\/favicon-150x150.jpg\",\"caption\":\"Admin\"},\"url\":\"https:\\\/\\\/diariofemenino.com.ar\\\/df\\\/author\\\/lenny\\\/\"}]}<\/script>\n<!-- \/ Yoast SEO plugin. -->","yoast_head_json":{"title":"La igualdad de g\u00e9nero ante el cambio clim\u00e1tico - Diario Digital Femenino","description":"La igualdad deg\u00e9nero ante elcambio clim\u00e1tico. \u00bfQu\u00e9 pueden hacerlos mecanismospara el adelantode las mujeres deAm\u00e9rica Latina yel Caribe?","robots":{"index":"index","follow":"follow","max-snippet":"max-snippet:-1","max-image-preview":"max-image-preview:large","max-video-preview":"max-video-preview:-1"},"canonical":"https:\/\/diariofemenino.com.ar\/df\/la-igualdad-de-genero-ante-el-cambio-climatico\/","og_locale":"es_ES","og_type":"article","og_title":"La igualdad de g\u00e9nero ante el cambio clim\u00e1tico - Diario Digital Femenino","og_description":"La igualdad deg\u00e9nero ante elcambio clim\u00e1tico. \u00bfQu\u00e9 pueden hacerlos mecanismospara el adelantode las mujeres deAm\u00e9rica Latina yel Caribe?","og_url":"https:\/\/diariofemenino.com.ar\/df\/la-igualdad-de-genero-ante-el-cambio-climatico\/","og_site_name":"Diario Digital Femenino","article_publisher":"https:\/\/www.facebook.com\/DiarioDigitaFemenino\/","article_published_time":"2021-07-13T15:11:05+00:00","og_image":[{"width":813,"height":479,"url":"https:\/\/diariofemenino.com.ar\/df\/wp-content\/uploads\/2021\/07\/Asuntos-de-G\u00e9nero.jpg","type":"image\/jpeg"}],"author":"Admin","twitter_card":"summary_large_image","twitter_creator":"@DiarioFemenino1","twitter_site":"@DiarioFemenino1","twitter_misc":{"Escrito por":"Admin","Tiempo de lectura":"3 minutos"},"schema":{"@context":"https:\/\/schema.org","@graph":[{"@type":"Article","@id":"https:\/\/diariofemenino.com.ar\/df\/la-igualdad-de-genero-ante-el-cambio-climatico\/#article","isPartOf":{"@id":"https:\/\/diariofemenino.com.ar\/df\/la-igualdad-de-genero-ante-el-cambio-climatico\/"},"author":{"name":"Admin","@id":"https:\/\/diariofemenino.com.ar\/df\/#\/schema\/person\/bf6199e8158c657ea6f789b11ec85509"},"headline":"La igualdad de g\u00e9nero ante el cambio clim\u00e1tico","datePublished":"2021-07-13T15:11:05+00:00","mainEntityOfPage":{"@id":"https:\/\/diariofemenino.com.ar\/df\/la-igualdad-de-genero-ante-el-cambio-climatico\/"},"wordCount":598,"commentCount":0,"publisher":{"@id":"https:\/\/diariofemenino.com.ar\/df\/#organization"},"image":{"@id":"https:\/\/diariofemenino.com.ar\/df\/la-igualdad-de-genero-ante-el-cambio-climatico\/#primaryimage"},"thumbnailUrl":"https:\/\/diariofemenino.com.ar\/df\/wp-content\/uploads\/2021\/07\/Asuntos-de-G\u00e9nero.jpg","keywords":["Cambio clim\u00e1tico","Destacada","Igualdad de G\u00e9nero"],"articleSection":["Biblioteca Virtual","Informes"],"inLanguage":"es","potentialAction":[{"@type":"CommentAction","name":"Comment","target":["https:\/\/diariofemenino.com.ar\/df\/la-igualdad-de-genero-ante-el-cambio-climatico\/#respond"]}]},{"@type":"WebPage","@id":"https:\/\/diariofemenino.com.ar\/df\/la-igualdad-de-genero-ante-el-cambio-climatico\/","url":"https:\/\/diariofemenino.com.ar\/df\/la-igualdad-de-genero-ante-el-cambio-climatico\/","name":"La igualdad de g\u00e9nero ante el cambio clim\u00e1tico - Diario Digital Femenino","isPartOf":{"@id":"https:\/\/diariofemenino.com.ar\/df\/#website"},"primaryImageOfPage":{"@id":"https:\/\/diariofemenino.com.ar\/df\/la-igualdad-de-genero-ante-el-cambio-climatico\/#primaryimage"},"image":{"@id":"https:\/\/diariofemenino.com.ar\/df\/la-igualdad-de-genero-ante-el-cambio-climatico\/#primaryimage"},"thumbnailUrl":"https:\/\/diariofemenino.com.ar\/df\/wp-content\/uploads\/2021\/07\/Asuntos-de-G\u00e9nero.jpg","datePublished":"2021-07-13T15:11:05+00:00","description":"La igualdad deg\u00e9nero ante elcambio clim\u00e1tico. \u00bfQu\u00e9 pueden hacerlos mecanismospara el adelantode las mujeres deAm\u00e9rica Latina yel Caribe?","breadcrumb":{"@id":"https:\/\/diariofemenino.com.ar\/df\/la-igualdad-de-genero-ante-el-cambio-climatico\/#breadcrumb"},"inLanguage":"es","potentialAction":[{"@type":"ReadAction","target":["https:\/\/diariofemenino.com.ar\/df\/la-igualdad-de-genero-ante-el-cambio-climatico\/"]}]},{"@type":"ImageObject","inLanguage":"es","@id":"https:\/\/diariofemenino.com.ar\/df\/la-igualdad-de-genero-ante-el-cambio-climatico\/#primaryimage","url":"https:\/\/diariofemenino.com.ar\/df\/wp-content\/uploads\/2021\/07\/Asuntos-de-G\u00e9nero.jpg","contentUrl":"https:\/\/diariofemenino.com.ar\/df\/wp-content\/uploads\/2021\/07\/Asuntos-de-G\u00e9nero.jpg","width":813,"height":479,"caption":"La igualdad de g\u00e9nero ante el cambio clim\u00e1tico"},{"@type":"BreadcrumbList","@id":"https:\/\/diariofemenino.com.ar\/df\/la-igualdad-de-genero-ante-el-cambio-climatico\/#breadcrumb","itemListElement":[{"@type":"ListItem","position":1,"name":"Portada","item":"https:\/\/diariofemenino.com.ar\/df\/"},{"@type":"ListItem","position":2,"name":"La igualdad de g\u00e9nero ante el cambio clim\u00e1tico"}]},{"@type":"WebSite","@id":"https:\/\/diariofemenino.com.ar\/df\/#website","url":"https:\/\/diariofemenino.com.ar\/df\/","name":"Diario Digital Femenino","description":"Cuesti\u00f3n de G\u00e9nero","publisher":{"@id":"https:\/\/diariofemenino.com.ar\/df\/#organization"},"potentialAction":[{"@type":"SearchAction","target":{"@type":"EntryPoint","urlTemplate":"https:\/\/diariofemenino.com.ar\/df\/?s={search_term_string}"},"query-input":{"@type":"PropertyValueSpecification","valueRequired":true,"valueName":"search_term_string"}}],"inLanguage":"es"},{"@type":"Organization","@id":"https:\/\/diariofemenino.com.ar\/df\/#organization","name":"Diario Femenino","url":"https:\/\/diariofemenino.com.ar\/df\/","logo":{"@type":"ImageObject","inLanguage":"es","@id":"https:\/\/diariofemenino.com.ar\/df\/#\/schema\/logo\/image\/","url":"https:\/\/diariofemenino.com.ar\/df\/wp-content\/uploads\/2018\/10\/logo.png","contentUrl":"https:\/\/diariofemenino.com.ar\/df\/wp-content\/uploads\/2018\/10\/logo.png","width":500,"height":92,"caption":"Diario Femenino"},"image":{"@id":"https:\/\/diariofemenino.com.ar\/df\/#\/schema\/logo\/image\/"},"sameAs":["https:\/\/www.facebook.com\/DiarioDigitaFemenino\/","https:\/\/x.com\/DiarioFemenino1"]},{"@type":"Person","@id":"https:\/\/diariofemenino.com.ar\/df\/#\/schema\/person\/bf6199e8158c657ea6f789b11ec85509","name":"Admin","image":{"@type":"ImageObject","inLanguage":"es","@id":"https:\/\/diariofemenino.com.ar\/df\/wp-content\/uploads\/2018\/12\/favicon-150x150.jpg","url":"https:\/\/diariofemenino.com.ar\/df\/wp-content\/uploads\/2018\/12\/favicon-150x150.jpg","contentUrl":"https:\/\/diariofemenino.com.ar\/df\/wp-content\/uploads\/2018\/12\/favicon-150x150.jpg","caption":"Admin"},"url":"https:\/\/diariofemenino.com.ar\/df\/author\/lenny\/"}]}},"jetpack_featured_media_url":"https:\/\/diariofemenino.com.ar\/df\/wp-content\/uploads\/2021\/07\/Asuntos-de-G\u00e9nero.jpg","jetpack_sharing_enabled":true,"rttpg_featured_image_url":{"full":["https:\/\/diariofemenino.com.ar\/df\/wp-content\/uploads\/2021\/07\/Asuntos-de-G\u00e9nero.jpg",813,479,false],"landscape":["https:\/\/diariofemenino.com.ar\/df\/wp-content\/uploads\/2021\/07\/Asuntos-de-G\u00e9nero.jpg",813,479,false],"portraits":["https:\/\/diariofemenino.com.ar\/df\/wp-content\/uploads\/2021\/07\/Asuntos-de-G\u00e9nero.jpg",813,479,false],"thumbnail":["https:\/\/diariofemenino.com.ar\/df\/wp-content\/uploads\/2021\/07\/Asuntos-de-G\u00e9nero-150x150.jpg",150,150,true],"medium":["https:\/\/diariofemenino.com.ar\/df\/wp-content\/uploads\/2021\/07\/Asuntos-de-G\u00e9nero-300x177.jpg",300,177,true],"large":["https:\/\/diariofemenino.com.ar\/df\/wp-content\/uploads\/2021\/07\/Asuntos-de-G\u00e9nero.jpg",813,479,false],"1536x1536":["https:\/\/diariofemenino.com.ar\/df\/wp-content\/uploads\/2021\/07\/Asuntos-de-G\u00e9nero.jpg",813,479,false],"2048x2048":["https:\/\/diariofemenino.com.ar\/df\/wp-content\/uploads\/2021\/07\/Asuntos-de-G\u00e9nero.jpg",813,479,false]},"rttpg_author":{"display_name":"Admin","author_link":"https:\/\/diariofemenino.com.ar\/df\/author\/lenny\/"},"rttpg_comment":0,"rttpg_category":"<a href=\"https:\/\/diariofemenino.com.ar\/df\/category\/biblioteca\/\" rel=\"category tag\">Biblioteca Virtual<\/a> <a href=\"https:\/\/diariofemenino.com.ar\/df\/category\/informes\/\" rel=\"category tag\">Informes<\/a>","rttpg_excerpt":"\u00bfQu\u00e9 pueden hacer los mecanismos para el adelanto de las mujeres de Am\u00e9rica\u00a0Latina y el\u00a0Caribe? De Lorena Aguilar Revelo (descargar en Portada) Este documento fue preparado por Lorena Aguilar Revelo, Consultora de la Divisi\u00f3n de Asuntos de G\u00e9nero de la Comisi\u00f3n Econ\u00f3mica para Am\u00e9rica Latina y el Caribe (CEPAL), bajo la supervisi\u00f3n de Diana Rodr\u00edguez&hellip;","_links":{"self":[{"href":"https:\/\/diariofemenino.com.ar\/df\/wp-json\/wp\/v2\/posts\/59460","targetHints":{"allow":["GET"]}}],"collection":[{"href":"https:\/\/diariofemenino.com.ar\/df\/wp-json\/wp\/v2\/posts"}],"about":[{"href":"https:\/\/diariofemenino.com.ar\/df\/wp-json\/wp\/v2\/types\/post"}],"author":[{"embeddable":true,"href":"https:\/\/diariofemenino.com.ar\/df\/wp-json\/wp\/v2\/users\/4"}],"replies":[{"embeddable":true,"href":"https:\/\/diariofemenino.com.ar\/df\/wp-json\/wp\/v2\/comments?post=59460"}],"version-history":[{"count":0,"href":"https:\/\/diariofemenino.com.ar\/df\/wp-json\/wp\/v2\/posts\/59460\/revisions"}],"wp:featuredmedia":[{"embeddable":true,"href":"https:\/\/diariofemenino.com.ar\/df\/wp-json\/wp\/v2\/media\/59462"}],"wp:attachment":[{"href":"https:\/\/diariofemenino.com.ar\/df\/wp-json\/wp\/v2\/media?parent=59460"}],"wp:term":[{"taxonomy":"category","embeddable":true,"href":"https:\/\/diariofemenino.com.ar\/df\/wp-json\/wp\/v2\/categories?post=59460"},{"taxonomy":"post_tag","embeddable":true,"href":"https:\/\/diariofemenino.com.ar\/df\/wp-json\/wp\/v2\/tags?post=59460"}],"curies":[{"name":"wp","href":"https:\/\/api.w.org\/{rel}","templated":true}]}}