{"id":59415,"date":"2021-07-10T12:50:22","date_gmt":"2021-07-10T15:50:22","guid":{"rendered":"https:\/\/diariofemenino.com.ar\/df\/?p=59415"},"modified":"2021-07-10T12:51:02","modified_gmt":"2021-07-10T15:51:02","slug":"canoni-la-filosofia-debe-adaptarse-a-la-multidisciplina-sin-perder-su-fundamento","status":"publish","type":"post","link":"https:\/\/diariofemenino.com.ar\/df\/canoni-la-filosofia-debe-adaptarse-a-la-multidisciplina-sin-perder-su-fundamento\/","title":{"rendered":"Canoni: \u201cLa filosof\u00eda debe adaptarse a la multidisciplina, sin perder su fundamento\u201d"},"content":{"rendered":"<p><b>La profesora de filosof\u00eda Valeria Canoni, afirm\u00f3 a <a href=\"https:\/\/aimdigital.com.ar\/politica\/canoni-ldquola-filosofa-debe-adaptarse-a-la-multidisciplina-sin-perder-su-fundamentordquo.htm\">AIM<\/a> que \u201cdesde la filosof\u00eda se lucha estudiando, creando espacios donde se pueda dialogar, haciendo alianzas con colegas que tengan m\u00e1s inserci\u00f3n en los \u00e1mbitos de la comunicaci\u00f3n, de la academia, de la educaci\u00f3n\u201d, e indic\u00f3 que \u201cla filosof\u00eda es una buena herramienta, una s\u00f3lida base, pero no alcanza para romper las estructuras\u201d.<\/b><\/p>\n<p>Desde la filosof\u00eda \u201cse lucha estudiando, creando espacios donde se pueda dialogar, haciendo alianzas con colegas que tengan m\u00e1s inserci\u00f3n en los \u00e1mbitos de la comunicaci\u00f3n, de la academia, de la educaci\u00f3n. Creo que la filosof\u00eda es una buena herramienta, una s\u00f3lida base, pero no alcanza para romper las estructuras\u201d, <a href=\"https:\/\/diariofemenino.com.ar\/df\/category\/articulos\/\">dijo<\/a> la profesora a esta Agencia.<\/p>\n<p>En ese sentido, indic\u00f3 que por su experiencia \u201cla disputa por el sentido o los sentidos es mancomunada con otras \u00e1reas, con otros profesionales y militantes. Creo que es urgente comprender que, si seguimos con los viejos vicios de considerarnos la fuente de la sabidur\u00eda, vamos hacia el fin de la ense\u00f1anza de la filosof\u00eda\u201d. La filosof\u00eda \u201cdebe adaptarse a la multidisciplina sin perder su fundamento, no diluirse, pero s\u00ed permitirse dialogar con otras disciplinas, con otros estudios, salir de la mirada elitista con la que inici\u00f3\u201d, remarc\u00f3 y se\u00f1al\u00f3: \u201cA mi modo de ver, los compartimentos estancos de las universidades en las que estamos todo el tiempo midiendo hasta donde es filosof\u00eda, ciencia pol\u00edtica o sociolog\u00eda, y cu\u00e1ntos mil\u00edmetros del campo de estudio pertenecen a cada uno, ya caducaron\u201d.<\/p>\n<figure id=\"attachment_59417\" aria-describedby=\"caption-attachment-59417\" style=\"width: 640px\" class=\"wp-caption aligncenter\"><img loading=\"lazy\" decoding=\"async\" class=\"size-full wp-image-59417\" src=\"https:\/\/diariofemenino.com.ar\/df\/wp-content\/uploads\/2021\/07\/filosofia-1.jpg\" alt=\"Canoni: \u201cLa filosof\u00eda debe adaptarse a la multidisciplina, sin perder su fundamento\u201d\" width=\"640\" height=\"426\" srcset=\"https:\/\/diariofemenino.com.ar\/df\/wp-content\/uploads\/2021\/07\/filosofia-1.jpg 640w, https:\/\/diariofemenino.com.ar\/df\/wp-content\/uploads\/2021\/07\/filosofia-1-300x200.jpg 300w\" sizes=\"auto, (max-width: 640px) 100vw, 640px\" \/><figcaption id=\"caption-attachment-59417\" class=\"wp-caption-text\">Canoni: \u201cLa filosof\u00eda debe adaptarse a la multidisciplina, sin perder su fundamento\u201d<\/figcaption><\/figure>\n<p>Los feminismos \u201cme permitieron entender la filosof\u00eda de un modo multidisciplinar, sabiendo que si lo pol\u00edtico est\u00e1 errado en el diagn\u00f3stico y la filosof\u00eda ha dado los cimientos de lo pol\u00edtico, entonces es un fracaso compartido\u201d, cont\u00f3, y a\u00f1adi\u00f3: \u201cPor eso creo que hay que instar a la construcci\u00f3n de equipos donde las formaciones no sean tan jer\u00e1rquicas, ni tengan esas pr\u00e1cticas de ghettos que son deleznables\u201d.<\/p>\n<p><b><i>Las mujeres y la filosof\u00eda<\/i><\/b><br \/>\n\u201cTenemos noticias, por investigaciones hist\u00f3ricas, que las mujeres est\u00e1n presentes en la filosof\u00eda desde el principio de la disciplina, Hipat\u00eda fue una fil\u00f3sofa y matem\u00e1tica neoplat\u00f3nica (siglo V de nuestra era), seguidora del pensamiento de Plotino, uno de los sincretistas de las ense\u00f1anzas de Plat\u00f3n y Arist\u00f3teles pero que agrega elementos nuevos como la an\u00e1basis y la cat\u00e1basis, que son fruto de lo que hoy llamar\u00edamos meditaci\u00f3n, y aparecen los elementos cristianos en esta elevaci\u00f3n hacia el Uno que no implica una total fusi\u00f3n pues Plotino no era totalmente religioso, m\u00e1s bien era un fil\u00f3sofo her\u00e9tico que pod\u00eda sintetizar elementos de la filosof\u00eda griega con el pensamiento de Oriente\u201d, repas\u00f3 la docente.<\/p>\n<p>El problema, \u201cno era la capacidad de las mujeres de la antig\u00fcedad o de los tiempos siguientes, sino la mirada que ten\u00edan las distintas sociedades sobre ellas. Gracias a la pel\u00edcula \u00c1gora sabemos que <a href=\"https:\/\/diariofemenino.com.ar\/df\/deja-de-leer-autoayuda-y-empieza-con-la-filosofia\/\">Hipat\u00eda<\/a> fue asesinada por sus creencias, por la lucha pol\u00edtica entre el cristianismo y el paganismo\u201d, apunt\u00f3.<\/p>\n<p>\u201cHace un tiempo realizo rastreos bibliogr\u00e1ficos en los que busco las huellas de las mujeres en la historia y la filosof\u00eda; afortunadamente aparecen con m\u00e1s frecuencia investigaciones que reivindican el papel de las mujeres en las distintas etapas de la historia mundial y local, creo que si en la academia se continua impartiendo solo historiograf\u00eda y filosof\u00eda hegem\u00f3nica y patriarcal, no tiene que ver con el correlato de las investigaciones sino con el inter\u00e9s por conservar los espacios de poder\u201d, dijo.<\/p>\n<p>En ese marco, indic\u00f3 que cree \u201cque muchos de los supuestos que se siguen ense\u00f1ando sobre la educaci\u00f3n basada en los roles de los g\u00e9neros, circunscribi\u00e9ndonos simplemente al binarismo masculino-femenino, est\u00e1n relacionados con los dogmas religiosos y un temor a aquello que los fil\u00f3sofos denominaban misterio. Durante toda la edad media hubo much\u00edsimos fil\u00f3sofos que hablaban de las mujeres en calidad de minor\u00eda, escrib\u00edan sobre las caracter\u00edsticas corporales, sentimentales, emocionales. Eran grandes expertos en silenciar las voces femeninas, de hecho, tenemos registros de escritoras que debieron utilizar seud\u00f3nimos masculinos para que se publicaran sus obras. Esas connotaciones, esas atribuciones que se realizaban a las mujeres desde el prejuicio, pero tambi\u00e9n desde el espacio que ocupaban los varones en la intelectualidad y al que no permit\u00edan que ingresen otras voces, otras presencias, hicieron muy complicado que las mujeres ocuparan lugares de poder, incluso que pudieran ser m\u00e1s que un adorno en las vidas de sus c\u00f3nyuges, padres o hermanos\u201d.<\/p>\n<p>\u201cReci\u00e9n aparecen con m\u00e1s firmeza los textos de las mujeres a partir de las periodistas y escritoras de la \u00e9poca de la revoluci\u00f3n francesa y la norteamericana, existen tres escritos entre fines del siglo XVIII y mediados del XIX que dan cuenta de esta sinton\u00eda en la b\u00fasqueda de salir de la invisibilidad, La declaraci\u00f3n de los derechos de la Mujer y la Ciudadana, Vindicaci\u00f3n de los derechos de la mujer y la Declaraci\u00f3n de Sentimientos de Seneca Falls, Olimpia de Gouges, Mary Wollstonecraft redactoras de los primeros dos textos y el \u00faltimo fruto de la lucha contra el esclavismo y el sexismo en Estados Unidos. Las mujeres norteamericanas hab\u00edan contribuido fuertemente a la concientizaci\u00f3n y la b\u00fasqueda de emancipaci\u00f3n de los esclavos pero una vez que eran liberados, tambi\u00e9n sufr\u00edan los embates de la violencia en sus propios hogares\u201d, apunt\u00f3.<\/p>\n<p>A partir de esas gestas \u201cvan surgiendo voces de las feministas negras en Estados Unidos y de las feministas europeas que discuten, ya en el siglo XX, cu\u00e1l es el papel de las mujeres en la historia, en la filosof\u00eda y en la pol\u00edtica\u201d.<\/p>\n<p>Las sufragistas \u201cluchan a un lado y otro del oc\u00e9ano, recordemos que muy entrado el siglo XX reci\u00e9n se consigue el voto femenino, pero antes hubo muchas mujeres organizadas como Virginia Bolten, como Alicia Moreau, Flora Trist\u00e1n, la misma Frida Kahlo, que romp\u00edan estructuras en sus respectivas \u00e1reas: el arte, la pol\u00edtica, la medicina, la organizaci\u00f3n de las trabajadoras\u201d, explic\u00f3 Canoni.<\/p>\n<p>Al respecto, asever\u00f3 que las mujeres \u201csiempre han estado presentes en las luchas y en la historia, muchas veces contadas y adjetivadas por otros y en acontecimientos que no han sido silenciados, han podido alzar su propia voz. Su rol pas\u00f3 de ser acompa\u00f1ante a ser protagonista de las luchas. Hay una historiadora que me gusta mucho, por su recorrido en distintas \u00e1reas que se llama Michelle Perrot, ella da un pantallazo muy interesante de c\u00f3mo se construye la historia desde la academia en Mi historia de las mujeres, recopilaci\u00f3n de un programa de radio donde la catedr\u00e1tica tuvo una columna de 25 emisiones titulada Historia de las Mujeres en France Culture (entre febrero y abril de 2005). No solo hace falta estudiar sino divulgar los conocimientos, creo que esa es una de las tareas principales que tenemos las mujeres en la filosof\u00eda, desde siempre. Sin negar el conocimiento de los cl\u00e1sicos, poner en la misma sinton\u00eda el conocimiento que nosotras producimos\u201d.<\/p>\n<p><i><b>Los feminismos<\/b><\/i><br \/>\nPor otro lado, indic\u00f3 que al hablar sobre el movimiento de mujeres prefiere \u201chablar de los feminismos, porque entiendo que cada torsi\u00f3n de la situacionalidad de las intersecciones hace que no podamos hablar hoy de ejes generales para los distintos feminismos. En este momento, pero ya hace varias d\u00e9cadas, los feminismos fueron encontrando su propio recorrido saliendo de la hegemon\u00eda del feminismo europeo, las reivindicaciones por el sufragio, por los derechos patrimoniales, por la tenencia o el cuidado de les hijes si bien son importantes y estamos orgullosas de haberlas conseguido, pero implicaban una lucha de una clase, la clase que accede a los bienes patrimoniales, generalmente blanca y con estudios universitarios. De a poco emergieron en el contexto de reconocer las distintas discriminaciones, las interseccionalidades, el feminismo decolonial, el poscolonial, comprendiendo que no es lo mismo portar un color que nos hace sospechosas que no portarlo, o contar con un cuerpo estereotipado que ser una mujer gorda, entonces hay nuevas batallas. Las batallas por la identidad tanto sexo afectiva, como las barreras culturales y econ\u00f3micas que tenemos que atravesar para acceder a un buen vivir y no a una mera supervivencia. En materia de diversidad y transfeminismos tambi\u00e9n se ha avanzado mucho en lo legal pero a\u00fan mantenemos las deudas econ\u00f3micas con nuestras hermanas. Recientemente se aprob\u00f3 el cupo laboral travesti trans, pero sabemos que la siguiente etapa es que sea aplicado, ya tenemos la experiencia de que, si no continuamos en las calles, las leyes son maravillosas pero el Estado y la comunidad civil evita aplicarlas en la medida de que no haya una exigencia o una sanci\u00f3n econ\u00f3mica a quienes las soslayen. La Educaci\u00f3n Sexual Integralest\u00e1 aprobada desde 2006 pero quince a\u00f1os despu\u00e9s y con muchas capacitaciones en el haber, sigue siendo aplicada a medias en las escuelas p\u00fablicas y evadida por las escuelas privadas\u201d.<\/p>\n<p>Las mujeres en la esfera p\u00fablica \u201ctenemos un rol fundamental y es no revictimizar, poner en el tapete las distintas violencias, que se respete la identidad de cada una y cada une, que, si estamos en un \u00e1mbito estatal o privado, no seamos c\u00f3mplices de los actos discriminatorios en los laburos, en los sindicatos, en las universidades. Y poner la perspectiva feminista en cada decisi\u00f3n, sin que nos amilanen los costos. Porque tambi\u00e9n sabemos que llegar a un lugar de poder es un privilegio, entonces si reproducimos lo peor del patriarcado en ese espacio, no solo habla mal de la que le toca asumir ese rol sino de todas las que la pusimos en ese cargo. Recuerdo un profesor de la secundaria que me dec\u00eda que las mujeres contest\u00e1bamos por todas cuando hab\u00eda una injusticia, y no lo dec\u00eda valor\u00e1ndolo sino, todo lo contrario, como dejando su punto de vista de que esa postura de manada era despectiva. En mi caso creo que es justo al rev\u00e9s, si una mujer se destaca, en realidad nos convalida a todas las dem\u00e1s y pone alta la vara para las ni\u00f1as que la miren y hasta la imitan. Por eso si falla, es tan contundente, tan frustrante, porque no solo la sociedad en general espera mucho de nosotras en el poder, sino que cada una de nosotras necesita el aliciente de que se puede ejercer ese rol p\u00fablico sin dejar tiradas las banderas que la pusieron all\u00ed\u201d, remarc\u00f3.<\/p>\n<p>Fuente: <a href=\"https:\/\/aimdigital.com.ar\/\">AIM Digital\u00a0<\/a><\/p>\n<p>&nbsp;<\/p>\n","protected":false},"excerpt":{"rendered":"<p>La profesora de filosof\u00eda Valeria Canoni, afirm\u00f3 a AIM que \u201cdesde la filosof\u00eda se lucha estudiando, creando espacios donde se pueda dialogar, haciendo alianzas con colegas que tengan m\u00e1s inserci\u00f3n en los \u00e1mbitos de la comunicaci\u00f3n, de la academia, de la educaci\u00f3n\u201d, e indic\u00f3 que \u201cla filosof\u00eda es una buena herramienta, una s\u00f3lida base, pero [&hellip;]<\/p>\n","protected":false},"author":4,"featured_media":59418,"comment_status":"open","ping_status":"open","sticky":false,"template":"","format":"standard","meta":{"iawp_total_views":2,"footnotes":""},"categories":[1067,178,6,21],"tags":[4372,599,416,4491,3582,130,4580],"class_list":["post-59415","post","type-post","status-publish","format-standard","has-post-thumbnail","hentry","category-agenda-feminista","category-articulos-y-comunicados","category-articulos","category-noticias","tag-destacada","tag-feminismos","tag-filosofia","tag-interdisciplina","tag-interseccionalidad","tag-mujeres","tag-valeria-canoni"],"nelio_content":{"autoShareEndMode":"never","automationSources":{"useCustomSentences":false,"customSentences":[]},"efiAlt":"","efiUrl":"","followers":[4],"highlights":[],"isAutoShareEnabled":true,"networkImageIds":[],"permalinkQueryArgs":[],"series":[],"suggestedReferences":[]},"yoast_head":"<!-- This site is optimized with the Yoast SEO plugin v27.5 - https:\/\/yoast.com\/product\/yoast-seo-wordpress\/ -->\n<title>Canoni: \u201cLa filosof\u00eda debe adaptarse a la multidisciplina, sin perder su fundamento\u201d - Diario Digital Femenino<\/title>\n<meta name=\"description\" content=\"Canoni. Tenemos noticias, por investigaciones hist\u00f3ricas, que las mujeres est\u00e1n presentes en la filosof\u00eda desde el principio de la disciplina.\" \/>\n<meta name=\"robots\" content=\"index, follow, max-snippet:-1, max-image-preview:large, max-video-preview:-1\" \/>\n<link rel=\"canonical\" href=\"https:\/\/diariofemenino.com.ar\/df\/canoni-la-filosofia-debe-adaptarse-a-la-multidisciplina-sin-perder-su-fundamento\/\" \/>\n<meta property=\"og:locale\" content=\"es_ES\" \/>\n<meta property=\"og:type\" content=\"article\" \/>\n<meta property=\"og:title\" content=\"Canoni: \u201cLa filosof\u00eda debe adaptarse a la multidisciplina, sin perder su fundamento\u201d - Diario Digital Femenino\" \/>\n<meta property=\"og:description\" content=\"Canoni. Tenemos noticias, por investigaciones hist\u00f3ricas, que las mujeres est\u00e1n presentes en la filosof\u00eda desde el principio de la disciplina.\" \/>\n<meta property=\"og:url\" content=\"https:\/\/diariofemenino.com.ar\/df\/canoni-la-filosofia-debe-adaptarse-a-la-multidisciplina-sin-perder-su-fundamento\/\" \/>\n<meta property=\"og:site_name\" content=\"Diario Digital Femenino\" \/>\n<meta property=\"article:publisher\" content=\"https:\/\/www.facebook.com\/DiarioDigitaFemenino\/\" \/>\n<meta property=\"article:published_time\" content=\"2021-07-10T15:50:22+00:00\" \/>\n<meta property=\"article:modified_time\" content=\"2021-07-10T15:51:02+00:00\" \/>\n<meta property=\"og:image\" content=\"https:\/\/diariofemenino.com.ar\/df\/wp-content\/uploads\/2021\/07\/o_1625504390.jpg\" \/>\n\t<meta property=\"og:image:width\" content=\"600\" \/>\n\t<meta property=\"og:image:height\" content=\"400\" \/>\n\t<meta property=\"og:image:type\" content=\"image\/jpeg\" \/>\n<meta name=\"author\" content=\"Admin\" \/>\n<meta name=\"twitter:card\" content=\"summary_large_image\" \/>\n<meta name=\"twitter:creator\" content=\"@DiarioFemenino1\" \/>\n<meta name=\"twitter:site\" content=\"@DiarioFemenino1\" \/>\n<meta name=\"twitter:label1\" content=\"Escrito por\" \/>\n\t<meta name=\"twitter:data1\" content=\"Admin\" \/>\n\t<meta name=\"twitter:label2\" content=\"Tiempo de lectura\" \/>\n\t<meta name=\"twitter:data2\" content=\"9 minutos\" \/>\n<script type=\"application\/ld+json\" class=\"yoast-schema-graph\">{\"@context\":\"https:\\\/\\\/schema.org\",\"@graph\":[{\"@type\":\"Article\",\"@id\":\"https:\\\/\\\/diariofemenino.com.ar\\\/df\\\/canoni-la-filosofia-debe-adaptarse-a-la-multidisciplina-sin-perder-su-fundamento\\\/#article\",\"isPartOf\":{\"@id\":\"https:\\\/\\\/diariofemenino.com.ar\\\/df\\\/canoni-la-filosofia-debe-adaptarse-a-la-multidisciplina-sin-perder-su-fundamento\\\/\"},\"author\":{\"name\":\"Admin\",\"@id\":\"https:\\\/\\\/diariofemenino.com.ar\\\/df\\\/#\\\/schema\\\/person\\\/bf6199e8158c657ea6f789b11ec85509\"},\"headline\":\"Canoni: \u201cLa filosof\u00eda debe adaptarse a la multidisciplina, sin perder su fundamento\u201d\",\"datePublished\":\"2021-07-10T15:50:22+00:00\",\"dateModified\":\"2021-07-10T15:51:02+00:00\",\"mainEntityOfPage\":{\"@id\":\"https:\\\/\\\/diariofemenino.com.ar\\\/df\\\/canoni-la-filosofia-debe-adaptarse-a-la-multidisciplina-sin-perder-su-fundamento\\\/\"},\"wordCount\":1858,\"commentCount\":0,\"publisher\":{\"@id\":\"https:\\\/\\\/diariofemenino.com.ar\\\/df\\\/#organization\"},\"image\":{\"@id\":\"https:\\\/\\\/diariofemenino.com.ar\\\/df\\\/canoni-la-filosofia-debe-adaptarse-a-la-multidisciplina-sin-perder-su-fundamento\\\/#primaryimage\"},\"thumbnailUrl\":\"https:\\\/\\\/diariofemenino.com.ar\\\/df\\\/wp-content\\\/uploads\\\/2021\\\/07\\\/o_1625504390.jpg\",\"keywords\":[\"Destacada\",\"Feminismos\",\"filosof\u00eda\",\"Interdisciplina\",\"Interseccionalidad\",\"Mujeres\",\"Valeria Canoni\"],\"articleSection\":[\"Agenda Feminista\",\"Art\u00edculos y Comunicados\",\"Mujeres en Palabras\",\"Noticias\"],\"inLanguage\":\"es\",\"potentialAction\":[{\"@type\":\"CommentAction\",\"name\":\"Comment\",\"target\":[\"https:\\\/\\\/diariofemenino.com.ar\\\/df\\\/canoni-la-filosofia-debe-adaptarse-a-la-multidisciplina-sin-perder-su-fundamento\\\/#respond\"]}]},{\"@type\":\"WebPage\",\"@id\":\"https:\\\/\\\/diariofemenino.com.ar\\\/df\\\/canoni-la-filosofia-debe-adaptarse-a-la-multidisciplina-sin-perder-su-fundamento\\\/\",\"url\":\"https:\\\/\\\/diariofemenino.com.ar\\\/df\\\/canoni-la-filosofia-debe-adaptarse-a-la-multidisciplina-sin-perder-su-fundamento\\\/\",\"name\":\"Canoni: \u201cLa filosof\u00eda debe adaptarse a la multidisciplina, sin perder su fundamento\u201d - Diario Digital Femenino\",\"isPartOf\":{\"@id\":\"https:\\\/\\\/diariofemenino.com.ar\\\/df\\\/#website\"},\"primaryImageOfPage\":{\"@id\":\"https:\\\/\\\/diariofemenino.com.ar\\\/df\\\/canoni-la-filosofia-debe-adaptarse-a-la-multidisciplina-sin-perder-su-fundamento\\\/#primaryimage\"},\"image\":{\"@id\":\"https:\\\/\\\/diariofemenino.com.ar\\\/df\\\/canoni-la-filosofia-debe-adaptarse-a-la-multidisciplina-sin-perder-su-fundamento\\\/#primaryimage\"},\"thumbnailUrl\":\"https:\\\/\\\/diariofemenino.com.ar\\\/df\\\/wp-content\\\/uploads\\\/2021\\\/07\\\/o_1625504390.jpg\",\"datePublished\":\"2021-07-10T15:50:22+00:00\",\"dateModified\":\"2021-07-10T15:51:02+00:00\",\"description\":\"Canoni. Tenemos noticias, por investigaciones hist\u00f3ricas, que las mujeres est\u00e1n presentes en la filosof\u00eda desde el principio de la disciplina.\",\"breadcrumb\":{\"@id\":\"https:\\\/\\\/diariofemenino.com.ar\\\/df\\\/canoni-la-filosofia-debe-adaptarse-a-la-multidisciplina-sin-perder-su-fundamento\\\/#breadcrumb\"},\"inLanguage\":\"es\",\"potentialAction\":[{\"@type\":\"ReadAction\",\"target\":[\"https:\\\/\\\/diariofemenino.com.ar\\\/df\\\/canoni-la-filosofia-debe-adaptarse-a-la-multidisciplina-sin-perder-su-fundamento\\\/\"]}]},{\"@type\":\"ImageObject\",\"inLanguage\":\"es\",\"@id\":\"https:\\\/\\\/diariofemenino.com.ar\\\/df\\\/canoni-la-filosofia-debe-adaptarse-a-la-multidisciplina-sin-perder-su-fundamento\\\/#primaryimage\",\"url\":\"https:\\\/\\\/diariofemenino.com.ar\\\/df\\\/wp-content\\\/uploads\\\/2021\\\/07\\\/o_1625504390.jpg\",\"contentUrl\":\"https:\\\/\\\/diariofemenino.com.ar\\\/df\\\/wp-content\\\/uploads\\\/2021\\\/07\\\/o_1625504390.jpg\",\"width\":600,\"height\":400,\"caption\":\"Canoni: \u201cLa filosof\u00eda debe adaptarse a la multidisciplina, sin perder su fundamento\u201d\"},{\"@type\":\"BreadcrumbList\",\"@id\":\"https:\\\/\\\/diariofemenino.com.ar\\\/df\\\/canoni-la-filosofia-debe-adaptarse-a-la-multidisciplina-sin-perder-su-fundamento\\\/#breadcrumb\",\"itemListElement\":[{\"@type\":\"ListItem\",\"position\":1,\"name\":\"Portada\",\"item\":\"https:\\\/\\\/diariofemenino.com.ar\\\/df\\\/\"},{\"@type\":\"ListItem\",\"position\":2,\"name\":\"Canoni: \u201cLa filosof\u00eda debe adaptarse a la multidisciplina, sin perder su fundamento\u201d\"}]},{\"@type\":\"WebSite\",\"@id\":\"https:\\\/\\\/diariofemenino.com.ar\\\/df\\\/#website\",\"url\":\"https:\\\/\\\/diariofemenino.com.ar\\\/df\\\/\",\"name\":\"Diario Digital Femenino\",\"description\":\"Cuesti\u00f3n de G\u00e9nero\",\"publisher\":{\"@id\":\"https:\\\/\\\/diariofemenino.com.ar\\\/df\\\/#organization\"},\"potentialAction\":[{\"@type\":\"SearchAction\",\"target\":{\"@type\":\"EntryPoint\",\"urlTemplate\":\"https:\\\/\\\/diariofemenino.com.ar\\\/df\\\/?s={search_term_string}\"},\"query-input\":{\"@type\":\"PropertyValueSpecification\",\"valueRequired\":true,\"valueName\":\"search_term_string\"}}],\"inLanguage\":\"es\"},{\"@type\":\"Organization\",\"@id\":\"https:\\\/\\\/diariofemenino.com.ar\\\/df\\\/#organization\",\"name\":\"Diario Femenino\",\"url\":\"https:\\\/\\\/diariofemenino.com.ar\\\/df\\\/\",\"logo\":{\"@type\":\"ImageObject\",\"inLanguage\":\"es\",\"@id\":\"https:\\\/\\\/diariofemenino.com.ar\\\/df\\\/#\\\/schema\\\/logo\\\/image\\\/\",\"url\":\"https:\\\/\\\/diariofemenino.com.ar\\\/df\\\/wp-content\\\/uploads\\\/2018\\\/10\\\/logo.png\",\"contentUrl\":\"https:\\\/\\\/diariofemenino.com.ar\\\/df\\\/wp-content\\\/uploads\\\/2018\\\/10\\\/logo.png\",\"width\":500,\"height\":92,\"caption\":\"Diario Femenino\"},\"image\":{\"@id\":\"https:\\\/\\\/diariofemenino.com.ar\\\/df\\\/#\\\/schema\\\/logo\\\/image\\\/\"},\"sameAs\":[\"https:\\\/\\\/www.facebook.com\\\/DiarioDigitaFemenino\\\/\",\"https:\\\/\\\/x.com\\\/DiarioFemenino1\"]},{\"@type\":\"Person\",\"@id\":\"https:\\\/\\\/diariofemenino.com.ar\\\/df\\\/#\\\/schema\\\/person\\\/bf6199e8158c657ea6f789b11ec85509\",\"name\":\"Admin\",\"image\":{\"@type\":\"ImageObject\",\"inLanguage\":\"es\",\"@id\":\"https:\\\/\\\/diariofemenino.com.ar\\\/df\\\/wp-content\\\/uploads\\\/2018\\\/12\\\/favicon-150x150.jpg\",\"url\":\"https:\\\/\\\/diariofemenino.com.ar\\\/df\\\/wp-content\\\/uploads\\\/2018\\\/12\\\/favicon-150x150.jpg\",\"contentUrl\":\"https:\\\/\\\/diariofemenino.com.ar\\\/df\\\/wp-content\\\/uploads\\\/2018\\\/12\\\/favicon-150x150.jpg\",\"caption\":\"Admin\"},\"url\":\"https:\\\/\\\/diariofemenino.com.ar\\\/df\\\/author\\\/lenny\\\/\"}]}<\/script>\n<!-- \/ Yoast SEO plugin. -->","yoast_head_json":{"title":"Canoni: \u201cLa filosof\u00eda debe adaptarse a la multidisciplina, sin perder su fundamento\u201d - Diario Digital Femenino","description":"Canoni. Tenemos noticias, por investigaciones hist\u00f3ricas, que las mujeres est\u00e1n presentes en la filosof\u00eda desde el principio de la disciplina.","robots":{"index":"index","follow":"follow","max-snippet":"max-snippet:-1","max-image-preview":"max-image-preview:large","max-video-preview":"max-video-preview:-1"},"canonical":"https:\/\/diariofemenino.com.ar\/df\/canoni-la-filosofia-debe-adaptarse-a-la-multidisciplina-sin-perder-su-fundamento\/","og_locale":"es_ES","og_type":"article","og_title":"Canoni: \u201cLa filosof\u00eda debe adaptarse a la multidisciplina, sin perder su fundamento\u201d - Diario Digital Femenino","og_description":"Canoni. Tenemos noticias, por investigaciones hist\u00f3ricas, que las mujeres est\u00e1n presentes en la filosof\u00eda desde el principio de la disciplina.","og_url":"https:\/\/diariofemenino.com.ar\/df\/canoni-la-filosofia-debe-adaptarse-a-la-multidisciplina-sin-perder-su-fundamento\/","og_site_name":"Diario Digital Femenino","article_publisher":"https:\/\/www.facebook.com\/DiarioDigitaFemenino\/","article_published_time":"2021-07-10T15:50:22+00:00","article_modified_time":"2021-07-10T15:51:02+00:00","og_image":[{"width":600,"height":400,"url":"https:\/\/diariofemenino.com.ar\/df\/wp-content\/uploads\/2021\/07\/o_1625504390.jpg","type":"image\/jpeg"}],"author":"Admin","twitter_card":"summary_large_image","twitter_creator":"@DiarioFemenino1","twitter_site":"@DiarioFemenino1","twitter_misc":{"Escrito por":"Admin","Tiempo de lectura":"9 minutos"},"schema":{"@context":"https:\/\/schema.org","@graph":[{"@type":"Article","@id":"https:\/\/diariofemenino.com.ar\/df\/canoni-la-filosofia-debe-adaptarse-a-la-multidisciplina-sin-perder-su-fundamento\/#article","isPartOf":{"@id":"https:\/\/diariofemenino.com.ar\/df\/canoni-la-filosofia-debe-adaptarse-a-la-multidisciplina-sin-perder-su-fundamento\/"},"author":{"name":"Admin","@id":"https:\/\/diariofemenino.com.ar\/df\/#\/schema\/person\/bf6199e8158c657ea6f789b11ec85509"},"headline":"Canoni: \u201cLa filosof\u00eda debe adaptarse a la multidisciplina, sin perder su fundamento\u201d","datePublished":"2021-07-10T15:50:22+00:00","dateModified":"2021-07-10T15:51:02+00:00","mainEntityOfPage":{"@id":"https:\/\/diariofemenino.com.ar\/df\/canoni-la-filosofia-debe-adaptarse-a-la-multidisciplina-sin-perder-su-fundamento\/"},"wordCount":1858,"commentCount":0,"publisher":{"@id":"https:\/\/diariofemenino.com.ar\/df\/#organization"},"image":{"@id":"https:\/\/diariofemenino.com.ar\/df\/canoni-la-filosofia-debe-adaptarse-a-la-multidisciplina-sin-perder-su-fundamento\/#primaryimage"},"thumbnailUrl":"https:\/\/diariofemenino.com.ar\/df\/wp-content\/uploads\/2021\/07\/o_1625504390.jpg","keywords":["Destacada","Feminismos","filosof\u00eda","Interdisciplina","Interseccionalidad","Mujeres","Valeria Canoni"],"articleSection":["Agenda Feminista","Art\u00edculos y Comunicados","Mujeres en Palabras","Noticias"],"inLanguage":"es","potentialAction":[{"@type":"CommentAction","name":"Comment","target":["https:\/\/diariofemenino.com.ar\/df\/canoni-la-filosofia-debe-adaptarse-a-la-multidisciplina-sin-perder-su-fundamento\/#respond"]}]},{"@type":"WebPage","@id":"https:\/\/diariofemenino.com.ar\/df\/canoni-la-filosofia-debe-adaptarse-a-la-multidisciplina-sin-perder-su-fundamento\/","url":"https:\/\/diariofemenino.com.ar\/df\/canoni-la-filosofia-debe-adaptarse-a-la-multidisciplina-sin-perder-su-fundamento\/","name":"Canoni: \u201cLa filosof\u00eda debe adaptarse a la multidisciplina, sin perder su fundamento\u201d - Diario Digital Femenino","isPartOf":{"@id":"https:\/\/diariofemenino.com.ar\/df\/#website"},"primaryImageOfPage":{"@id":"https:\/\/diariofemenino.com.ar\/df\/canoni-la-filosofia-debe-adaptarse-a-la-multidisciplina-sin-perder-su-fundamento\/#primaryimage"},"image":{"@id":"https:\/\/diariofemenino.com.ar\/df\/canoni-la-filosofia-debe-adaptarse-a-la-multidisciplina-sin-perder-su-fundamento\/#primaryimage"},"thumbnailUrl":"https:\/\/diariofemenino.com.ar\/df\/wp-content\/uploads\/2021\/07\/o_1625504390.jpg","datePublished":"2021-07-10T15:50:22+00:00","dateModified":"2021-07-10T15:51:02+00:00","description":"Canoni. Tenemos noticias, por investigaciones hist\u00f3ricas, que las mujeres est\u00e1n presentes en la filosof\u00eda desde el principio de la disciplina.","breadcrumb":{"@id":"https:\/\/diariofemenino.com.ar\/df\/canoni-la-filosofia-debe-adaptarse-a-la-multidisciplina-sin-perder-su-fundamento\/#breadcrumb"},"inLanguage":"es","potentialAction":[{"@type":"ReadAction","target":["https:\/\/diariofemenino.com.ar\/df\/canoni-la-filosofia-debe-adaptarse-a-la-multidisciplina-sin-perder-su-fundamento\/"]}]},{"@type":"ImageObject","inLanguage":"es","@id":"https:\/\/diariofemenino.com.ar\/df\/canoni-la-filosofia-debe-adaptarse-a-la-multidisciplina-sin-perder-su-fundamento\/#primaryimage","url":"https:\/\/diariofemenino.com.ar\/df\/wp-content\/uploads\/2021\/07\/o_1625504390.jpg","contentUrl":"https:\/\/diariofemenino.com.ar\/df\/wp-content\/uploads\/2021\/07\/o_1625504390.jpg","width":600,"height":400,"caption":"Canoni: \u201cLa filosof\u00eda debe adaptarse a la multidisciplina, sin perder su fundamento\u201d"},{"@type":"BreadcrumbList","@id":"https:\/\/diariofemenino.com.ar\/df\/canoni-la-filosofia-debe-adaptarse-a-la-multidisciplina-sin-perder-su-fundamento\/#breadcrumb","itemListElement":[{"@type":"ListItem","position":1,"name":"Portada","item":"https:\/\/diariofemenino.com.ar\/df\/"},{"@type":"ListItem","position":2,"name":"Canoni: \u201cLa filosof\u00eda debe adaptarse a la multidisciplina, sin perder su fundamento\u201d"}]},{"@type":"WebSite","@id":"https:\/\/diariofemenino.com.ar\/df\/#website","url":"https:\/\/diariofemenino.com.ar\/df\/","name":"Diario Digital Femenino","description":"Cuesti\u00f3n de G\u00e9nero","publisher":{"@id":"https:\/\/diariofemenino.com.ar\/df\/#organization"},"potentialAction":[{"@type":"SearchAction","target":{"@type":"EntryPoint","urlTemplate":"https:\/\/diariofemenino.com.ar\/df\/?s={search_term_string}"},"query-input":{"@type":"PropertyValueSpecification","valueRequired":true,"valueName":"search_term_string"}}],"inLanguage":"es"},{"@type":"Organization","@id":"https:\/\/diariofemenino.com.ar\/df\/#organization","name":"Diario Femenino","url":"https:\/\/diariofemenino.com.ar\/df\/","logo":{"@type":"ImageObject","inLanguage":"es","@id":"https:\/\/diariofemenino.com.ar\/df\/#\/schema\/logo\/image\/","url":"https:\/\/diariofemenino.com.ar\/df\/wp-content\/uploads\/2018\/10\/logo.png","contentUrl":"https:\/\/diariofemenino.com.ar\/df\/wp-content\/uploads\/2018\/10\/logo.png","width":500,"height":92,"caption":"Diario Femenino"},"image":{"@id":"https:\/\/diariofemenino.com.ar\/df\/#\/schema\/logo\/image\/"},"sameAs":["https:\/\/www.facebook.com\/DiarioDigitaFemenino\/","https:\/\/x.com\/DiarioFemenino1"]},{"@type":"Person","@id":"https:\/\/diariofemenino.com.ar\/df\/#\/schema\/person\/bf6199e8158c657ea6f789b11ec85509","name":"Admin","image":{"@type":"ImageObject","inLanguage":"es","@id":"https:\/\/diariofemenino.com.ar\/df\/wp-content\/uploads\/2018\/12\/favicon-150x150.jpg","url":"https:\/\/diariofemenino.com.ar\/df\/wp-content\/uploads\/2018\/12\/favicon-150x150.jpg","contentUrl":"https:\/\/diariofemenino.com.ar\/df\/wp-content\/uploads\/2018\/12\/favicon-150x150.jpg","caption":"Admin"},"url":"https:\/\/diariofemenino.com.ar\/df\/author\/lenny\/"}]}},"jetpack_featured_media_url":"https:\/\/diariofemenino.com.ar\/df\/wp-content\/uploads\/2021\/07\/o_1625504390.jpg","jetpack_sharing_enabled":true,"rttpg_featured_image_url":{"full":["https:\/\/diariofemenino.com.ar\/df\/wp-content\/uploads\/2021\/07\/o_1625504390.jpg",600,400,false],"landscape":["https:\/\/diariofemenino.com.ar\/df\/wp-content\/uploads\/2021\/07\/o_1625504390.jpg",600,400,false],"portraits":["https:\/\/diariofemenino.com.ar\/df\/wp-content\/uploads\/2021\/07\/o_1625504390.jpg",600,400,false],"thumbnail":["https:\/\/diariofemenino.com.ar\/df\/wp-content\/uploads\/2021\/07\/o_1625504390-150x150.jpg",150,150,true],"medium":["https:\/\/diariofemenino.com.ar\/df\/wp-content\/uploads\/2021\/07\/o_1625504390-300x200.jpg",300,200,true],"large":["https:\/\/diariofemenino.com.ar\/df\/wp-content\/uploads\/2021\/07\/o_1625504390.jpg",600,400,false],"1536x1536":["https:\/\/diariofemenino.com.ar\/df\/wp-content\/uploads\/2021\/07\/o_1625504390.jpg",600,400,false],"2048x2048":["https:\/\/diariofemenino.com.ar\/df\/wp-content\/uploads\/2021\/07\/o_1625504390.jpg",600,400,false]},"rttpg_author":{"display_name":"Admin","author_link":"https:\/\/diariofemenino.com.ar\/df\/author\/lenny\/"},"rttpg_comment":0,"rttpg_category":"<a href=\"https:\/\/diariofemenino.com.ar\/df\/category\/agenda-feminista\/\" rel=\"category tag\">Agenda Feminista<\/a> <a href=\"https:\/\/diariofemenino.com.ar\/df\/category\/articulos-y-comunicados\/\" rel=\"category tag\">Art\u00edculos y Comunicados<\/a> <a href=\"https:\/\/diariofemenino.com.ar\/df\/category\/articulos\/\" rel=\"category tag\">Mujeres en Palabras<\/a> <a href=\"https:\/\/diariofemenino.com.ar\/df\/category\/noticias\/\" rel=\"category tag\">Noticias<\/a>","rttpg_excerpt":"La profesora de filosof\u00eda Valeria Canoni, afirm\u00f3 a AIM que \u201cdesde la filosof\u00eda se lucha estudiando, creando espacios donde se pueda dialogar, haciendo alianzas con colegas que tengan m\u00e1s inserci\u00f3n en los \u00e1mbitos de la comunicaci\u00f3n, de la academia, de la educaci\u00f3n\u201d, e indic\u00f3 que \u201cla filosof\u00eda es una buena herramienta, una s\u00f3lida base, pero&hellip;","_links":{"self":[{"href":"https:\/\/diariofemenino.com.ar\/df\/wp-json\/wp\/v2\/posts\/59415","targetHints":{"allow":["GET"]}}],"collection":[{"href":"https:\/\/diariofemenino.com.ar\/df\/wp-json\/wp\/v2\/posts"}],"about":[{"href":"https:\/\/diariofemenino.com.ar\/df\/wp-json\/wp\/v2\/types\/post"}],"author":[{"embeddable":true,"href":"https:\/\/diariofemenino.com.ar\/df\/wp-json\/wp\/v2\/users\/4"}],"replies":[{"embeddable":true,"href":"https:\/\/diariofemenino.com.ar\/df\/wp-json\/wp\/v2\/comments?post=59415"}],"version-history":[{"count":0,"href":"https:\/\/diariofemenino.com.ar\/df\/wp-json\/wp\/v2\/posts\/59415\/revisions"}],"wp:featuredmedia":[{"embeddable":true,"href":"https:\/\/diariofemenino.com.ar\/df\/wp-json\/wp\/v2\/media\/59418"}],"wp:attachment":[{"href":"https:\/\/diariofemenino.com.ar\/df\/wp-json\/wp\/v2\/media?parent=59415"}],"wp:term":[{"taxonomy":"category","embeddable":true,"href":"https:\/\/diariofemenino.com.ar\/df\/wp-json\/wp\/v2\/categories?post=59415"},{"taxonomy":"post_tag","embeddable":true,"href":"https:\/\/diariofemenino.com.ar\/df\/wp-json\/wp\/v2\/tags?post=59415"}],"curies":[{"name":"wp","href":"https:\/\/api.w.org\/{rel}","templated":true}]}}