{"id":59044,"date":"2021-06-25T11:45:51","date_gmt":"2021-06-25T14:45:51","guid":{"rendered":"https:\/\/diariofemenino.com.ar\/df\/?p=59044"},"modified":"2021-06-25T11:47:03","modified_gmt":"2021-06-25T14:47:03","slug":"el-senado-convirtio-en-ley-el-proyecto-sacayan-berkins","status":"publish","type":"post","link":"https:\/\/diariofemenino.com.ar\/df\/el-senado-convirtio-en-ley-el-proyecto-sacayan-berkins\/","title":{"rendered":"El Senado convirti\u00f3 en ley el proyecto Sacay\u00e1n-Berkins"},"content":{"rendered":"<p>\u201cDespu\u00e9s de tantos a\u00f1os nuestro pa\u00eds tendr\u00e1 una ley que beneficia al colectivo de gays, lesbianas, travestis, trans y otras identidades de g\u00e9nero\u201d, afirm\u00f3 en la apertura, la presidenta de la <a href=\"https:\/\/www.senado.gob.ar\/parlamentario\/comisiones\/info\/76\">Banca de la Mujer<\/a>. Norma Durango<\/p>\n<p>Con 55 votos afirmativos, uno solo negativo y seis abstenciones la legislaci\u00f3n sobre el cupo laboral travesti trans fue aprobada en el <a href=\"https:\/\/www.senado.gob.ar\/\">Congreso<\/a>.<\/p>\n<p>Por\u00a0<a href=\"https:\/\/diariofemenino.com.ar\/df\/?s=daniel+saban\">Daniel H\u00e9ctor Saban<\/a>*<br \/>\n<a href=\"https:\/\/twitter.com\/danielhectorsa3\">@danielhectorsa3<\/a><\/p>\n<p><span style=\"color: #000000;\">El Senado hizo realidad el proyecto por el cual se garantiza en el Estado un cupo laboral de un 1% al colectivo que componen las personas travestis, transexuales y transg\u00e9nero, y se establecen incentivos para efectuar la contrataci\u00f3n de los mismos en el sector privado.<\/span><\/p>\n<p><span style=\"color: #000000;\">El debate se extendi\u00f3 por dos horas y media, y tuvo una mayor\u00eda de oradoras mujeres del Frente de Todos. Se pudo observar en uno de los palcos, siguiendo con mucha atenci\u00f3n a la actriz y conductora <a href=\"https:\/\/www.instagram.com\/flordelave\/\">Florencia de la V<\/a>.<\/span><\/p>\n<figure id=\"attachment_59045\" aria-describedby=\"caption-attachment-59045\" style=\"width: 1024px\" class=\"wp-caption aligncenter\"><img loading=\"lazy\" decoding=\"async\" class=\"size-large wp-image-59045\" src=\"https:\/\/diariofemenino.com.ar\/df\/wp-content\/uploads\/2021\/06\/cupo-1024x683-1024x683.jpg\" alt=\"El Senado convirti\u00f3 en ley el proyecto Sacayan-Berkins\" width=\"1024\" height=\"683\" srcset=\"https:\/\/diariofemenino.com.ar\/df\/wp-content\/uploads\/2021\/06\/cupo-1024x683.jpg 1024w, https:\/\/diariofemenino.com.ar\/df\/wp-content\/uploads\/2021\/06\/cupo-1024x683-300x200.jpg 300w, https:\/\/diariofemenino.com.ar\/df\/wp-content\/uploads\/2021\/06\/cupo-1024x683-768x512.jpg 768w\" sizes=\"auto, (max-width: 1024px) 100vw, 1024px\" \/><figcaption id=\"caption-attachment-59045\" class=\"wp-caption-text\">El Senado convirti\u00f3 en ley el proyecto Sacayan-Berkins<\/figcaption><\/figure>\n<p><span style=\"color: #000000;\">En las calles circundantes al recinto, personas militantes del colectivo y el feminismo, se reunieron para manifestar su alegr\u00eda ante la reivindicaci\u00f3n hist\u00f3rica logrado por las personas trans, travestis, y transg\u00e9nero, que d\u00edas anteriores ya hab\u00edan obtenido su aprobaci\u00f3n en la C\u00e1mara de Diputados.<\/span><\/p>\n<p><span style=\"color: #000000;\">La presidenta de la Banca de la Mujer, Norma Durango, sostuvo que:\u201d est\u00e1 es una ley que viene a compensar un poco tanto dolor, tanto desamparo sufrido durante d\u00e9cadas, tantas vidas truncas, tantos proyectos anulados\u201d.<\/span><\/p>\n<p><span style=\"color: #000000;\">Durante la sesi\u00f3n se hicieron menciones recurrentes a Berkins y Sacay\u00e1n que fueron quienes inspiraron esta legislaci\u00f3n. La oficialista Silvia Sapag record\u00f3 que Lohana, al ser echada de su casa por su padre, hab\u00eda buscado protecci\u00f3n en su madre travesti, quien junto a otras personas integrantes de la comunidad le ense\u00f1aron a defenderse de la sociedad, resaltando que:\u201d las travestis son algo m\u00e1s que simples sujetos de deseo: que son sujetos de derecho\u201d.<\/span><\/p>\n<p><span style=\"color: #000000;\">Sobre Diana Sacay\u00e1n, se record\u00f3 que fue asesinada a los 40 a\u00f1os, y que hab\u00eda sufrido la violencia institucional desde muy joven. Fue encarcelada, y es all\u00ed donde comenz\u00f3 su militancia. Diana fue la primera persona trans en recibir un DNI con su identidad de g\u00e9nero autopercibida, en el a\u00f1o 2012 de manos de la presidenta Cristina Fern\u00e1ndez.<\/span><\/p>\n<p><span style=\"color: #000000;\">La ley, garantiza el acceso al trabajo para la poblaci\u00f3n travesti trans en cualquier modalidad de contrataci\u00f3n y hayan o no accedido al cambio registral. Con la norma se crea un Registro \u00danico de Aspirantes, y se establece que la persona podr\u00e1 acceder de igual forma al trabajo aun si no ha terminado sus estudios con la condici\u00f3n de finalizar los mismos oportunamente.<\/span><\/p>\n<figure id=\"attachment_59046\" aria-describedby=\"caption-attachment-59046\" style=\"width: 1004px\" class=\"wp-caption aligncenter\"><img loading=\"lazy\" decoding=\"async\" class=\"size-full wp-image-59046\" src=\"https:\/\/diariofemenino.com.ar\/df\/wp-content\/uploads\/2021\/06\/travajo-1004x565-1.jpg\" alt=\"El Senado convirti\u00f3 en ley el proyecto Sacayan-Berkins\" width=\"1004\" height=\"565\" srcset=\"https:\/\/diariofemenino.com.ar\/df\/wp-content\/uploads\/2021\/06\/travajo-1004x565-1.jpg 1004w, https:\/\/diariofemenino.com.ar\/df\/wp-content\/uploads\/2021\/06\/travajo-1004x565-1-300x169.jpg 300w, https:\/\/diariofemenino.com.ar\/df\/wp-content\/uploads\/2021\/06\/travajo-1004x565-1-768x432.jpg 768w\" sizes=\"auto, (max-width: 1004px) 100vw, 1004px\" \/><figcaption id=\"caption-attachment-59046\" class=\"wp-caption-text\">El Senado convirti\u00f3 en ley el proyecto Sacayan-Berkins<\/figcaption><\/figure>\n<p><span style=\"color: #000000;\">Tambi\u00e9n se establece que los antecedentes penales y contravencionales sean irrelevantes para el cargo a desempe\u00f1ar, no deben ser un obst\u00e1culo para acceder al mismo. Este art\u00edculo, fue rechazado por algunos senadores de Juntos por el Cambio o bien se abstuvieron de votar el mismo.<\/span><\/p>\n<p><span style=\"color: #000000;\">El Estado deber\u00e1 priorizar la compra de insumos y provisiones, a las empresas que contraten personal travesti trans, y se establece que las contribuciones patronales que se deban pagar por la contrataci\u00f3n de estas personas podr\u00e1n ser deducidas de los importes a pagar por impuestos nacionales por el t\u00e9rmino de un a\u00f1o.<\/span><\/p>\n<p><span style=\"color: #000000;\">Tambi\u00e9n gracias a la normativa se otorgan l\u00edneas de cr\u00e9dito para los emprendimientos travesti trans y se invita a que las provincias y a la Ciudad Aut\u00f3noma de Buenos Aires a adherir a esta iniciativa.<\/span><\/p>\n<p><span style=\"color: #000000;\">\u201cEsta ley viene a compensar tanto dolor y tanto desamparo sufrido durante d\u00e9cadas y tantas vidas truncas\u201d, sostuvo Durango que considera que con la norma se podr\u00e1n, \u00abestablecer medidas de acci\u00f3n positiva orientadas a lograr la efectiva inclusi\u00f3n laboral para una igualdad real de oportunidades en todo el territorio nacional\u201d.<\/span><\/p>\n<p><span style=\"color: #000000;\">Considera la funcionaria que en realidad es un debate sobre derechos humanos, en el cual est\u00e1n involucradas muchas personas a las cuales es necesario mejorar sus condiciones de vida.<\/span><\/p>\n<p>(*)\u00a0Columnista de\u00a0<a href=\"https:\/\/diariofemenino.com.ar\/\">Diario Digital Femenino<\/a><br \/>\n<u><a href=\"mailto:danielhsaban@hotmail.com\">danielhsaban@hotmail.com<\/a><\/u><\/p>\n<p>&nbsp;<\/p>\n","protected":false},"excerpt":{"rendered":"<p>\u201cDespu\u00e9s de tantos a\u00f1os nuestro pa\u00eds tendr\u00e1 una ley que beneficia al colectivo de gays, lesbianas, travestis, trans y otras identidades de g\u00e9nero\u201d, afirm\u00f3 en la apertura, la presidenta de la Banca de la Mujer. Norma Durango Con 55 votos afirmativos, uno solo negativo y seis abstenciones la legislaci\u00f3n sobre el cupo laboral travesti trans [&hellip;]<\/p>\n","protected":false},"author":4,"featured_media":59047,"comment_status":"open","ping_status":"open","sticky":false,"template":"","format":"standard","meta":{"iawp_total_views":3,"footnotes":""},"categories":[1067,627],"tags":[4372,2178,3960,4539,667],"class_list":["post-59044","post","type-post","status-publish","format-standard","has-post-thumbnail","hentry","category-agenda-feminista","category-genero-y-derechos-humanos","tag-destacada","tag-diana-sacayan","tag-es-ley","tag-ley-de-cupo-laboral-travesti-trans","tag-lohana-berkins"],"nelio_content":{"autoShareEndMode":"never","automationSources":{"useCustomSentences":false,"customSentences":[]},"efiAlt":"","efiUrl":"","followers":[4],"highlights":[],"isAutoShareEnabled":true,"networkImageIds":[],"permalinkQueryArgs":[],"series":[],"suggestedReferences":[]},"yoast_head":"<!-- This site is optimized with the Yoast SEO plugin v27.5 - https:\/\/yoast.com\/product\/yoast-seo-wordpress\/ -->\n<title>El Senado convirti\u00f3 en ley el proyecto Sacay\u00e1n-Berkins - Diario Digital Femenino<\/title>\n<meta name=\"description\" content=\"El Senado convirti\u00f3 en ley. Con 55 votos afirmativos, uno solo negativo y seis abstenciones la legislaci\u00f3n sobre el cupo laboral travisti trans fue aprobada\" \/>\n<meta name=\"robots\" content=\"index, follow, max-snippet:-1, max-image-preview:large, max-video-preview:-1\" \/>\n<link rel=\"canonical\" href=\"https:\/\/diariofemenino.com.ar\/df\/el-senado-convirtio-en-ley-el-proyecto-sacayan-berkins\/\" \/>\n<meta property=\"og:locale\" content=\"es_ES\" \/>\n<meta property=\"og:type\" content=\"article\" \/>\n<meta property=\"og:title\" content=\"El Senado convirti\u00f3 en ley el proyecto Sacay\u00e1n-Berkins - Diario Digital Femenino\" \/>\n<meta property=\"og:description\" content=\"El Senado convirti\u00f3 en ley. Con 55 votos afirmativos, uno solo negativo y seis abstenciones la legislaci\u00f3n sobre el cupo laboral travisti trans fue aprobada\" \/>\n<meta property=\"og:url\" content=\"https:\/\/diariofemenino.com.ar\/df\/el-senado-convirtio-en-ley-el-proyecto-sacayan-berkins\/\" \/>\n<meta property=\"og:site_name\" content=\"Diario Digital Femenino\" \/>\n<meta property=\"article:publisher\" content=\"https:\/\/www.facebook.com\/DiarioDigitaFemenino\/\" \/>\n<meta property=\"article:published_time\" content=\"2021-06-25T14:45:51+00:00\" \/>\n<meta property=\"article:modified_time\" content=\"2021-06-25T14:47:03+00:00\" \/>\n<meta property=\"og:image\" content=\"https:\/\/diariofemenino.com.ar\/df\/wp-content\/uploads\/2021\/06\/Diana-sacayan.jpg\" \/>\n\t<meta property=\"og:image:width\" content=\"730\" \/>\n\t<meta property=\"og:image:height\" content=\"443\" \/>\n\t<meta property=\"og:image:type\" content=\"image\/jpeg\" \/>\n<meta name=\"author\" content=\"Admin\" \/>\n<meta name=\"twitter:card\" content=\"summary_large_image\" \/>\n<meta name=\"twitter:creator\" content=\"@DiarioFemenino1\" \/>\n<meta name=\"twitter:site\" content=\"@DiarioFemenino1\" \/>\n<meta name=\"twitter:label1\" content=\"Escrito por\" \/>\n\t<meta name=\"twitter:data1\" content=\"Admin\" \/>\n\t<meta name=\"twitter:label2\" content=\"Tiempo de lectura\" \/>\n\t<meta name=\"twitter:data2\" content=\"4 minutos\" \/>\n<script type=\"application\/ld+json\" class=\"yoast-schema-graph\">{\"@context\":\"https:\\\/\\\/schema.org\",\"@graph\":[{\"@type\":\"Article\",\"@id\":\"https:\\\/\\\/diariofemenino.com.ar\\\/df\\\/el-senado-convirtio-en-ley-el-proyecto-sacayan-berkins\\\/#article\",\"isPartOf\":{\"@id\":\"https:\\\/\\\/diariofemenino.com.ar\\\/df\\\/el-senado-convirtio-en-ley-el-proyecto-sacayan-berkins\\\/\"},\"author\":{\"name\":\"Admin\",\"@id\":\"https:\\\/\\\/diariofemenino.com.ar\\\/df\\\/#\\\/schema\\\/person\\\/bf6199e8158c657ea6f789b11ec85509\"},\"headline\":\"El Senado convirti\u00f3 en ley el proyecto Sacay\u00e1n-Berkins\",\"datePublished\":\"2021-06-25T14:45:51+00:00\",\"dateModified\":\"2021-06-25T14:47:03+00:00\",\"mainEntityOfPage\":{\"@id\":\"https:\\\/\\\/diariofemenino.com.ar\\\/df\\\/el-senado-convirtio-en-ley-el-proyecto-sacayan-berkins\\\/\"},\"wordCount\":731,\"commentCount\":0,\"publisher\":{\"@id\":\"https:\\\/\\\/diariofemenino.com.ar\\\/df\\\/#organization\"},\"image\":{\"@id\":\"https:\\\/\\\/diariofemenino.com.ar\\\/df\\\/el-senado-convirtio-en-ley-el-proyecto-sacayan-berkins\\\/#primaryimage\"},\"thumbnailUrl\":\"https:\\\/\\\/diariofemenino.com.ar\\\/df\\\/wp-content\\\/uploads\\\/2021\\\/06\\\/Diana-sacayan.jpg\",\"keywords\":[\"Destacada\",\"diana sacayan\",\"Es ley\",\"Ley de Cupo Laboral travesti trans\",\"Lohana Berkins\"],\"articleSection\":[\"Agenda Feminista\",\"G\u00e9nero y Derechos Humanos\"],\"inLanguage\":\"es\",\"potentialAction\":[{\"@type\":\"CommentAction\",\"name\":\"Comment\",\"target\":[\"https:\\\/\\\/diariofemenino.com.ar\\\/df\\\/el-senado-convirtio-en-ley-el-proyecto-sacayan-berkins\\\/#respond\"]}]},{\"@type\":\"WebPage\",\"@id\":\"https:\\\/\\\/diariofemenino.com.ar\\\/df\\\/el-senado-convirtio-en-ley-el-proyecto-sacayan-berkins\\\/\",\"url\":\"https:\\\/\\\/diariofemenino.com.ar\\\/df\\\/el-senado-convirtio-en-ley-el-proyecto-sacayan-berkins\\\/\",\"name\":\"El Senado convirti\u00f3 en ley el proyecto Sacay\u00e1n-Berkins - Diario Digital Femenino\",\"isPartOf\":{\"@id\":\"https:\\\/\\\/diariofemenino.com.ar\\\/df\\\/#website\"},\"primaryImageOfPage\":{\"@id\":\"https:\\\/\\\/diariofemenino.com.ar\\\/df\\\/el-senado-convirtio-en-ley-el-proyecto-sacayan-berkins\\\/#primaryimage\"},\"image\":{\"@id\":\"https:\\\/\\\/diariofemenino.com.ar\\\/df\\\/el-senado-convirtio-en-ley-el-proyecto-sacayan-berkins\\\/#primaryimage\"},\"thumbnailUrl\":\"https:\\\/\\\/diariofemenino.com.ar\\\/df\\\/wp-content\\\/uploads\\\/2021\\\/06\\\/Diana-sacayan.jpg\",\"datePublished\":\"2021-06-25T14:45:51+00:00\",\"dateModified\":\"2021-06-25T14:47:03+00:00\",\"description\":\"El Senado convirti\u00f3 en ley. Con 55 votos afirmativos, uno solo negativo y seis abstenciones la legislaci\u00f3n sobre el cupo laboral travisti trans fue aprobada\",\"breadcrumb\":{\"@id\":\"https:\\\/\\\/diariofemenino.com.ar\\\/df\\\/el-senado-convirtio-en-ley-el-proyecto-sacayan-berkins\\\/#breadcrumb\"},\"inLanguage\":\"es\",\"potentialAction\":[{\"@type\":\"ReadAction\",\"target\":[\"https:\\\/\\\/diariofemenino.com.ar\\\/df\\\/el-senado-convirtio-en-ley-el-proyecto-sacayan-berkins\\\/\"]}]},{\"@type\":\"ImageObject\",\"inLanguage\":\"es\",\"@id\":\"https:\\\/\\\/diariofemenino.com.ar\\\/df\\\/el-senado-convirtio-en-ley-el-proyecto-sacayan-berkins\\\/#primaryimage\",\"url\":\"https:\\\/\\\/diariofemenino.com.ar\\\/df\\\/wp-content\\\/uploads\\\/2021\\\/06\\\/Diana-sacayan.jpg\",\"contentUrl\":\"https:\\\/\\\/diariofemenino.com.ar\\\/df\\\/wp-content\\\/uploads\\\/2021\\\/06\\\/Diana-sacayan.jpg\",\"width\":730,\"height\":443,\"caption\":\"El Senado convirti\u00f3 en ley el proyecto Sacayan-Berkins\"},{\"@type\":\"BreadcrumbList\",\"@id\":\"https:\\\/\\\/diariofemenino.com.ar\\\/df\\\/el-senado-convirtio-en-ley-el-proyecto-sacayan-berkins\\\/#breadcrumb\",\"itemListElement\":[{\"@type\":\"ListItem\",\"position\":1,\"name\":\"Portada\",\"item\":\"https:\\\/\\\/diariofemenino.com.ar\\\/df\\\/\"},{\"@type\":\"ListItem\",\"position\":2,\"name\":\"El Senado convirti\u00f3 en ley el proyecto Sacay\u00e1n-Berkins\"}]},{\"@type\":\"WebSite\",\"@id\":\"https:\\\/\\\/diariofemenino.com.ar\\\/df\\\/#website\",\"url\":\"https:\\\/\\\/diariofemenino.com.ar\\\/df\\\/\",\"name\":\"Diario Digital Femenino\",\"description\":\"Cuesti\u00f3n de G\u00e9nero\",\"publisher\":{\"@id\":\"https:\\\/\\\/diariofemenino.com.ar\\\/df\\\/#organization\"},\"potentialAction\":[{\"@type\":\"SearchAction\",\"target\":{\"@type\":\"EntryPoint\",\"urlTemplate\":\"https:\\\/\\\/diariofemenino.com.ar\\\/df\\\/?s={search_term_string}\"},\"query-input\":{\"@type\":\"PropertyValueSpecification\",\"valueRequired\":true,\"valueName\":\"search_term_string\"}}],\"inLanguage\":\"es\"},{\"@type\":\"Organization\",\"@id\":\"https:\\\/\\\/diariofemenino.com.ar\\\/df\\\/#organization\",\"name\":\"Diario Femenino\",\"url\":\"https:\\\/\\\/diariofemenino.com.ar\\\/df\\\/\",\"logo\":{\"@type\":\"ImageObject\",\"inLanguage\":\"es\",\"@id\":\"https:\\\/\\\/diariofemenino.com.ar\\\/df\\\/#\\\/schema\\\/logo\\\/image\\\/\",\"url\":\"https:\\\/\\\/diariofemenino.com.ar\\\/df\\\/wp-content\\\/uploads\\\/2018\\\/10\\\/logo.png\",\"contentUrl\":\"https:\\\/\\\/diariofemenino.com.ar\\\/df\\\/wp-content\\\/uploads\\\/2018\\\/10\\\/logo.png\",\"width\":500,\"height\":92,\"caption\":\"Diario Femenino\"},\"image\":{\"@id\":\"https:\\\/\\\/diariofemenino.com.ar\\\/df\\\/#\\\/schema\\\/logo\\\/image\\\/\"},\"sameAs\":[\"https:\\\/\\\/www.facebook.com\\\/DiarioDigitaFemenino\\\/\",\"https:\\\/\\\/x.com\\\/DiarioFemenino1\"]},{\"@type\":\"Person\",\"@id\":\"https:\\\/\\\/diariofemenino.com.ar\\\/df\\\/#\\\/schema\\\/person\\\/bf6199e8158c657ea6f789b11ec85509\",\"name\":\"Admin\",\"image\":{\"@type\":\"ImageObject\",\"inLanguage\":\"es\",\"@id\":\"https:\\\/\\\/diariofemenino.com.ar\\\/df\\\/wp-content\\\/uploads\\\/2018\\\/12\\\/favicon-150x150.jpg\",\"url\":\"https:\\\/\\\/diariofemenino.com.ar\\\/df\\\/wp-content\\\/uploads\\\/2018\\\/12\\\/favicon-150x150.jpg\",\"contentUrl\":\"https:\\\/\\\/diariofemenino.com.ar\\\/df\\\/wp-content\\\/uploads\\\/2018\\\/12\\\/favicon-150x150.jpg\",\"caption\":\"Admin\"},\"url\":\"https:\\\/\\\/diariofemenino.com.ar\\\/df\\\/author\\\/lenny\\\/\"}]}<\/script>\n<!-- \/ Yoast SEO plugin. -->","yoast_head_json":{"title":"El Senado convirti\u00f3 en ley el proyecto Sacay\u00e1n-Berkins - Diario Digital Femenino","description":"El Senado convirti\u00f3 en ley. Con 55 votos afirmativos, uno solo negativo y seis abstenciones la legislaci\u00f3n sobre el cupo laboral travisti trans fue aprobada","robots":{"index":"index","follow":"follow","max-snippet":"max-snippet:-1","max-image-preview":"max-image-preview:large","max-video-preview":"max-video-preview:-1"},"canonical":"https:\/\/diariofemenino.com.ar\/df\/el-senado-convirtio-en-ley-el-proyecto-sacayan-berkins\/","og_locale":"es_ES","og_type":"article","og_title":"El Senado convirti\u00f3 en ley el proyecto Sacay\u00e1n-Berkins - Diario Digital Femenino","og_description":"El Senado convirti\u00f3 en ley. Con 55 votos afirmativos, uno solo negativo y seis abstenciones la legislaci\u00f3n sobre el cupo laboral travisti trans fue aprobada","og_url":"https:\/\/diariofemenino.com.ar\/df\/el-senado-convirtio-en-ley-el-proyecto-sacayan-berkins\/","og_site_name":"Diario Digital Femenino","article_publisher":"https:\/\/www.facebook.com\/DiarioDigitaFemenino\/","article_published_time":"2021-06-25T14:45:51+00:00","article_modified_time":"2021-06-25T14:47:03+00:00","og_image":[{"width":730,"height":443,"url":"https:\/\/diariofemenino.com.ar\/df\/wp-content\/uploads\/2021\/06\/Diana-sacayan.jpg","type":"image\/jpeg"}],"author":"Admin","twitter_card":"summary_large_image","twitter_creator":"@DiarioFemenino1","twitter_site":"@DiarioFemenino1","twitter_misc":{"Escrito por":"Admin","Tiempo de lectura":"4 minutos"},"schema":{"@context":"https:\/\/schema.org","@graph":[{"@type":"Article","@id":"https:\/\/diariofemenino.com.ar\/df\/el-senado-convirtio-en-ley-el-proyecto-sacayan-berkins\/#article","isPartOf":{"@id":"https:\/\/diariofemenino.com.ar\/df\/el-senado-convirtio-en-ley-el-proyecto-sacayan-berkins\/"},"author":{"name":"Admin","@id":"https:\/\/diariofemenino.com.ar\/df\/#\/schema\/person\/bf6199e8158c657ea6f789b11ec85509"},"headline":"El Senado convirti\u00f3 en ley el proyecto Sacay\u00e1n-Berkins","datePublished":"2021-06-25T14:45:51+00:00","dateModified":"2021-06-25T14:47:03+00:00","mainEntityOfPage":{"@id":"https:\/\/diariofemenino.com.ar\/df\/el-senado-convirtio-en-ley-el-proyecto-sacayan-berkins\/"},"wordCount":731,"commentCount":0,"publisher":{"@id":"https:\/\/diariofemenino.com.ar\/df\/#organization"},"image":{"@id":"https:\/\/diariofemenino.com.ar\/df\/el-senado-convirtio-en-ley-el-proyecto-sacayan-berkins\/#primaryimage"},"thumbnailUrl":"https:\/\/diariofemenino.com.ar\/df\/wp-content\/uploads\/2021\/06\/Diana-sacayan.jpg","keywords":["Destacada","diana sacayan","Es ley","Ley de Cupo Laboral travesti trans","Lohana Berkins"],"articleSection":["Agenda Feminista","G\u00e9nero y Derechos Humanos"],"inLanguage":"es","potentialAction":[{"@type":"CommentAction","name":"Comment","target":["https:\/\/diariofemenino.com.ar\/df\/el-senado-convirtio-en-ley-el-proyecto-sacayan-berkins\/#respond"]}]},{"@type":"WebPage","@id":"https:\/\/diariofemenino.com.ar\/df\/el-senado-convirtio-en-ley-el-proyecto-sacayan-berkins\/","url":"https:\/\/diariofemenino.com.ar\/df\/el-senado-convirtio-en-ley-el-proyecto-sacayan-berkins\/","name":"El Senado convirti\u00f3 en ley el proyecto Sacay\u00e1n-Berkins - Diario Digital Femenino","isPartOf":{"@id":"https:\/\/diariofemenino.com.ar\/df\/#website"},"primaryImageOfPage":{"@id":"https:\/\/diariofemenino.com.ar\/df\/el-senado-convirtio-en-ley-el-proyecto-sacayan-berkins\/#primaryimage"},"image":{"@id":"https:\/\/diariofemenino.com.ar\/df\/el-senado-convirtio-en-ley-el-proyecto-sacayan-berkins\/#primaryimage"},"thumbnailUrl":"https:\/\/diariofemenino.com.ar\/df\/wp-content\/uploads\/2021\/06\/Diana-sacayan.jpg","datePublished":"2021-06-25T14:45:51+00:00","dateModified":"2021-06-25T14:47:03+00:00","description":"El Senado convirti\u00f3 en ley. Con 55 votos afirmativos, uno solo negativo y seis abstenciones la legislaci\u00f3n sobre el cupo laboral travisti trans fue aprobada","breadcrumb":{"@id":"https:\/\/diariofemenino.com.ar\/df\/el-senado-convirtio-en-ley-el-proyecto-sacayan-berkins\/#breadcrumb"},"inLanguage":"es","potentialAction":[{"@type":"ReadAction","target":["https:\/\/diariofemenino.com.ar\/df\/el-senado-convirtio-en-ley-el-proyecto-sacayan-berkins\/"]}]},{"@type":"ImageObject","inLanguage":"es","@id":"https:\/\/diariofemenino.com.ar\/df\/el-senado-convirtio-en-ley-el-proyecto-sacayan-berkins\/#primaryimage","url":"https:\/\/diariofemenino.com.ar\/df\/wp-content\/uploads\/2021\/06\/Diana-sacayan.jpg","contentUrl":"https:\/\/diariofemenino.com.ar\/df\/wp-content\/uploads\/2021\/06\/Diana-sacayan.jpg","width":730,"height":443,"caption":"El Senado convirti\u00f3 en ley el proyecto Sacayan-Berkins"},{"@type":"BreadcrumbList","@id":"https:\/\/diariofemenino.com.ar\/df\/el-senado-convirtio-en-ley-el-proyecto-sacayan-berkins\/#breadcrumb","itemListElement":[{"@type":"ListItem","position":1,"name":"Portada","item":"https:\/\/diariofemenino.com.ar\/df\/"},{"@type":"ListItem","position":2,"name":"El Senado convirti\u00f3 en ley el proyecto Sacay\u00e1n-Berkins"}]},{"@type":"WebSite","@id":"https:\/\/diariofemenino.com.ar\/df\/#website","url":"https:\/\/diariofemenino.com.ar\/df\/","name":"Diario Digital Femenino","description":"Cuesti\u00f3n de G\u00e9nero","publisher":{"@id":"https:\/\/diariofemenino.com.ar\/df\/#organization"},"potentialAction":[{"@type":"SearchAction","target":{"@type":"EntryPoint","urlTemplate":"https:\/\/diariofemenino.com.ar\/df\/?s={search_term_string}"},"query-input":{"@type":"PropertyValueSpecification","valueRequired":true,"valueName":"search_term_string"}}],"inLanguage":"es"},{"@type":"Organization","@id":"https:\/\/diariofemenino.com.ar\/df\/#organization","name":"Diario Femenino","url":"https:\/\/diariofemenino.com.ar\/df\/","logo":{"@type":"ImageObject","inLanguage":"es","@id":"https:\/\/diariofemenino.com.ar\/df\/#\/schema\/logo\/image\/","url":"https:\/\/diariofemenino.com.ar\/df\/wp-content\/uploads\/2018\/10\/logo.png","contentUrl":"https:\/\/diariofemenino.com.ar\/df\/wp-content\/uploads\/2018\/10\/logo.png","width":500,"height":92,"caption":"Diario Femenino"},"image":{"@id":"https:\/\/diariofemenino.com.ar\/df\/#\/schema\/logo\/image\/"},"sameAs":["https:\/\/www.facebook.com\/DiarioDigitaFemenino\/","https:\/\/x.com\/DiarioFemenino1"]},{"@type":"Person","@id":"https:\/\/diariofemenino.com.ar\/df\/#\/schema\/person\/bf6199e8158c657ea6f789b11ec85509","name":"Admin","image":{"@type":"ImageObject","inLanguage":"es","@id":"https:\/\/diariofemenino.com.ar\/df\/wp-content\/uploads\/2018\/12\/favicon-150x150.jpg","url":"https:\/\/diariofemenino.com.ar\/df\/wp-content\/uploads\/2018\/12\/favicon-150x150.jpg","contentUrl":"https:\/\/diariofemenino.com.ar\/df\/wp-content\/uploads\/2018\/12\/favicon-150x150.jpg","caption":"Admin"},"url":"https:\/\/diariofemenino.com.ar\/df\/author\/lenny\/"}]}},"jetpack_featured_media_url":"https:\/\/diariofemenino.com.ar\/df\/wp-content\/uploads\/2021\/06\/Diana-sacayan.jpg","jetpack_sharing_enabled":true,"rttpg_featured_image_url":{"full":["https:\/\/diariofemenino.com.ar\/df\/wp-content\/uploads\/2021\/06\/Diana-sacayan.jpg",730,443,false],"landscape":["https:\/\/diariofemenino.com.ar\/df\/wp-content\/uploads\/2021\/06\/Diana-sacayan.jpg",730,443,false],"portraits":["https:\/\/diariofemenino.com.ar\/df\/wp-content\/uploads\/2021\/06\/Diana-sacayan.jpg",730,443,false],"thumbnail":["https:\/\/diariofemenino.com.ar\/df\/wp-content\/uploads\/2021\/06\/Diana-sacayan-150x150.jpg",150,150,true],"medium":["https:\/\/diariofemenino.com.ar\/df\/wp-content\/uploads\/2021\/06\/Diana-sacayan-300x182.jpg",300,182,true],"large":["https:\/\/diariofemenino.com.ar\/df\/wp-content\/uploads\/2021\/06\/Diana-sacayan.jpg",730,443,false],"1536x1536":["https:\/\/diariofemenino.com.ar\/df\/wp-content\/uploads\/2021\/06\/Diana-sacayan.jpg",730,443,false],"2048x2048":["https:\/\/diariofemenino.com.ar\/df\/wp-content\/uploads\/2021\/06\/Diana-sacayan.jpg",730,443,false]},"rttpg_author":{"display_name":"Admin","author_link":"https:\/\/diariofemenino.com.ar\/df\/author\/lenny\/"},"rttpg_comment":0,"rttpg_category":"<a href=\"https:\/\/diariofemenino.com.ar\/df\/category\/agenda-feminista\/\" rel=\"category tag\">Agenda Feminista<\/a> <a href=\"https:\/\/diariofemenino.com.ar\/df\/category\/genero-y-derechos-humanos\/\" rel=\"category tag\">G\u00e9nero y Derechos Humanos<\/a>","rttpg_excerpt":"\u201cDespu\u00e9s de tantos a\u00f1os nuestro pa\u00eds tendr\u00e1 una ley que beneficia al colectivo de gays, lesbianas, travestis, trans y otras identidades de g\u00e9nero\u201d, afirm\u00f3 en la apertura, la presidenta de la Banca de la Mujer. Norma Durango Con 55 votos afirmativos, uno solo negativo y seis abstenciones la legislaci\u00f3n sobre el cupo laboral travesti trans&hellip;","_links":{"self":[{"href":"https:\/\/diariofemenino.com.ar\/df\/wp-json\/wp\/v2\/posts\/59044","targetHints":{"allow":["GET"]}}],"collection":[{"href":"https:\/\/diariofemenino.com.ar\/df\/wp-json\/wp\/v2\/posts"}],"about":[{"href":"https:\/\/diariofemenino.com.ar\/df\/wp-json\/wp\/v2\/types\/post"}],"author":[{"embeddable":true,"href":"https:\/\/diariofemenino.com.ar\/df\/wp-json\/wp\/v2\/users\/4"}],"replies":[{"embeddable":true,"href":"https:\/\/diariofemenino.com.ar\/df\/wp-json\/wp\/v2\/comments?post=59044"}],"version-history":[{"count":0,"href":"https:\/\/diariofemenino.com.ar\/df\/wp-json\/wp\/v2\/posts\/59044\/revisions"}],"wp:featuredmedia":[{"embeddable":true,"href":"https:\/\/diariofemenino.com.ar\/df\/wp-json\/wp\/v2\/media\/59047"}],"wp:attachment":[{"href":"https:\/\/diariofemenino.com.ar\/df\/wp-json\/wp\/v2\/media?parent=59044"}],"wp:term":[{"taxonomy":"category","embeddable":true,"href":"https:\/\/diariofemenino.com.ar\/df\/wp-json\/wp\/v2\/categories?post=59044"},{"taxonomy":"post_tag","embeddable":true,"href":"https:\/\/diariofemenino.com.ar\/df\/wp-json\/wp\/v2\/tags?post=59044"}],"curies":[{"name":"wp","href":"https:\/\/api.w.org\/{rel}","templated":true}]}}