{"id":58979,"date":"2021-06-21T13:21:30","date_gmt":"2021-06-21T16:21:30","guid":{"rendered":"https:\/\/diariofemenino.com.ar\/df\/?p=58979"},"modified":"2021-06-21T13:21:30","modified_gmt":"2021-06-21T16:21:30","slug":"estudios-de-genero-en-tiempos-de-amenaza","status":"publish","type":"post","link":"https:\/\/diariofemenino.com.ar\/df\/estudios-de-genero-en-tiempos-de-amenaza\/","title":{"rendered":"Estudios de g\u00e9nero en tiempos de amenaza"},"content":{"rendered":"<p>Estudios de g\u00e9nero en tiempos de amenaza. Como categor\u00eda jur\u00eddica y biol\u00f3gica, una decisi\u00f3n pol\u00edtica que se ha plasmado ya en la legislaci\u00f3n de varios pa\u00edses y territorios y cuyo debate se ha polarizado a nivel mundial, entre quienes defienden que debe ser la autodeterminaci\u00f3n de g\u00e9nero (como equivalente al sexo) y no el sexo biol\u00f3gico lo que ostente la condici\u00f3n legal y, quienes consideran que esta decisi\u00f3n supondr\u00e1 \u201cel borrado de las mujeres\u201d.<\/p>\n<p>De este asunto y de otros muchos m\u00e1s se habla en este <a href=\"https:\/\/diariofemenino.com.ar\/df\/category\/biblioteca\/\">libro<\/a> en el que se vislumbra que, a tenor de las personas que participan en \u00e9l, los estudios de g\u00e9nero y el feminismo sigue siendo un campo mayoritariamente de mujeres.<\/p>\n<p>De las 98 personas que firman los 61 art\u00edculos que componen este libro, 74 son mujeres frente a 24 varones, quienes han escrito sobre 39 temas, todos ellos relacionados con el g\u00e9nero y con la perspectiva de g\u00e9nero y que han sido incluidos por orden alfab\u00e9tico en funci\u00f3n de los temas tratados, quedando plasmados de la siguiente manera: Androcentrismo; Ciberviolencia; Ciencia; Cine y pel\u00edculas de animaci\u00f3n; Colegio de las Doncellas; Conflictos armados; Covid-19; Creadoras; Deporte; Derecho; Discurso del odio; Docencia; Ecofeminismo; Educaci\u00f3n art\u00edstica; Empoderamiento; Estatuto jur\u00eddico en el Barroco; Estereotipos de g\u00e9nero; G\u00e9nero masculino; Identidad; Imagen; Innovaci\u00f3n educativa; <a href=\"https:\/\/diariofemenino.com.ar\/df\/los-dos-ejes-de-una-desigualdad-hacemos-usamos-tecnologia\/\">Inteligencia artificial<\/a>; Interseccionalidad; Lenguaje inclusivo; Lgbti; Micromachismos; Mujeres cient\u00edficas; Ni\u00f1as gimnastas; Nuevas masculinidades; Patriarcado; Poblaci\u00f3n rural y tecnolog\u00edas; Pol\u00edtica; Profesiones; Sexismo; Universidad; Urbanismo; Videojuegos; Violencia de G\u00e9nero y Violencia verbal.<\/p>\n<p>Son investigaciones y argumentos acad\u00e9micos que, por un lado, visibilizan el trabajo de muchas mujeres y, por otro, ponen el foco en una serie de hechos para aportar un sosegado debate sobre la urgente necesidad de cambiar las decisiones pol\u00edticas, econ\u00f3micas, jur\u00eddicas, sociales y culturales que no benefician a las mujeres. Una tarea que no va contra nadie y a la que todas las personas estamos llamadas.<\/p>\n<p><strong>Estudios de g\u00e9nero en tiempos de amenaza<br \/>\n<\/strong><span style=\"color: #808080;\">(Descargar en Portada)<\/span><\/p>\n<figure id=\"attachment_58980\" aria-describedby=\"caption-attachment-58980\" style=\"width: 306px\" class=\"wp-caption alignleft\"><a href=\"https:\/\/diariofemenino.com.ar\/df\/wp-content\/uploads\/2021\/06\/ebooks_978-84-1377-327-8.pdf\"><img loading=\"lazy\" decoding=\"async\" class=\"wp-image-58980\" src=\"https:\/\/diariofemenino.com.ar\/df\/wp-content\/uploads\/2021\/06\/978-84-1377-327-8.jpg\" alt=\"Estudios de g\u00e9nero en tiempos de amenaza\" width=\"306\" height=\"459\" srcset=\"https:\/\/diariofemenino.com.ar\/df\/wp-content\/uploads\/2021\/06\/978-84-1377-327-8.jpg 529w, https:\/\/diariofemenino.com.ar\/df\/wp-content\/uploads\/2021\/06\/978-84-1377-327-8-200x300.jpg 200w\" sizes=\"auto, (max-width: 306px) 100vw, 306px\" \/><\/a><figcaption id=\"caption-attachment-58980\" class=\"wp-caption-text\"><strong>Estudios de g\u00e9nero en tiempos de amenaza<\/strong><\/figcaption><\/figure>\n<p><strong>Pr\u00f3logo<\/strong><\/p>\n<p>El pasado 23 de febrero de 2021, el <a href=\"https:\/\/www.congreso.es\/\">Congreso<\/a> de los Diputados y Diputadas de Espa\u00f1a escuch\u00f3 desde la tribuna del hemiciclo los 1.081 nombres de las mujeres asesinadas por sus parejas o exparejas desde que se lleva el registro oficial de feminicidios en Espa\u00f1a, en 2003. Portavoces de los grupos pol\u00edticos PSOE, Unidas Podemos, PNV, Comprom\u00eds, Bildu, la CUP, M\u00e1s Pa\u00eds, BNG, PDeCAT, ERC y JxCat nombraron, una a una, a todas estas mujeres que fueron v\u00edctimas de la violencia de g\u00e9nero extrema que acab\u00f3 con sus vidas.<\/p>\n<p>Como cierre de este acto, otros partidos como PP y Cs se sumaron al aplauso con el que se quiso mostrar adem\u00e1s, la casi unanimidad de la C\u00e1mara en recuerdo de estas ciudadanas, esta fue la tajante respuesta un\u00e1nime a la proposici\u00f3n de ley del partido Vox para sustituir la Ley org\u00e1nica contra la Violencia de G\u00e9nero por otra sobre violencia intrafamiliar.<\/p>\n<p>Este acto dio muestras de la amenaza constante en la que se encuentran las leyes aprobadas para luchar contra el grav\u00edsimo problema que supone todav\u00eda en Espa\u00f1a la Violencia de G\u00e9nero, as\u00ed como en el resto de pa\u00edses. Frente al negacionismo de la violencia de g\u00e9nero del \u00fanico partido que lo utiliza como reclamo electoral, las cifras de la Fiscal\u00eda General del Estado de 20201 desarman todo intento de manipulaci\u00f3n y distorsi\u00f3n de la realidad. En los nueve primeros meses de 2020 se registraron 165.850 denuncias, de las que ninguna se conden\u00f3 como denuncia falsa&#8230; <a href=\"https:\/\/diariofemenino.com.ar\/df\/wp-content\/uploads\/2021\/06\/ebooks_978-84-1377-327-8.pdf\">Seguir leyendo<\/a><\/p>\n<p style=\"text-align: right;\">Coordinadora<br \/>\n<em>Elena Bandr\u00e9s Gold\u00e1raz<br \/>\n<a href=\"https:\/\/www.dykinson.com\/\">Librer\u00edas Dykinson<\/a><\/em><\/p>\n<p>&nbsp;<\/p>\n","protected":false},"excerpt":{"rendered":"<p>Estudios de g\u00e9nero en tiempos de amenaza. Como categor\u00eda jur\u00eddica y biol\u00f3gica, una decisi\u00f3n pol\u00edtica que se ha plasmado ya en la legislaci\u00f3n de varios pa\u00edses y territorios y cuyo debate se ha polarizado a nivel mundial, entre quienes defienden que debe ser la autodeterminaci\u00f3n de g\u00e9nero (como equivalente al sexo) y no el sexo [&hellip;]<\/p>\n","protected":false},"author":4,"featured_media":58981,"comment_status":"open","ping_status":"open","sticky":false,"template":"","format":"standard","meta":{"iawp_total_views":31,"footnotes":""},"categories":[1067,19],"tags":[3370,4524,4525,3448,4523,1309,4497,3582,73],"class_list":["post-58979","post","type-post","status-publish","format-standard","has-post-thumbnail","hentry","category-agenda-feminista","category-biblioteca","tag-adolescencias","tag-androcentrismo","tag-ciberviolencia","tag-ecofeminismo","tag-estudios-de-genero-amenaza","tag-infancias","tag-inteligencia-artificial","tag-interseccionalidad","tag-masculinidades"],"nelio_content":{"autoShareEndMode":"never","automationSources":{"useCustomSentences":false,"customSentences":[]},"efiAlt":"","efiUrl":"","followers":[4],"highlights":[],"isAutoShareEnabled":true,"networkImageIds":[],"permalinkQueryArgs":[],"series":[],"suggestedReferences":[]},"yoast_head":"<!-- This site is optimized with the Yoast SEO plugin v27.5 - https:\/\/yoast.com\/product\/yoast-seo-wordpress\/ -->\n<title>Estudios de g\u00e9nero en tiempos de amenaza - Diario Digital Femenino<\/title>\n<meta name=\"description\" content=\"Estudios de g\u00e9nero Estudios de g\u00e9nero en tiempos de amenaza.Un libro para descargar que da cuenta que los estudios de g\u00e9nero y el feminismo...\" \/>\n<meta name=\"robots\" content=\"index, follow, max-snippet:-1, max-image-preview:large, max-video-preview:-1\" \/>\n<link rel=\"canonical\" href=\"https:\/\/diariofemenino.com.ar\/df\/estudios-de-genero-en-tiempos-de-amenaza\/\" \/>\n<meta property=\"og:locale\" content=\"es_ES\" \/>\n<meta property=\"og:type\" content=\"article\" \/>\n<meta property=\"og:title\" content=\"Estudios de g\u00e9nero en tiempos de amenaza - Diario Digital Femenino\" \/>\n<meta property=\"og:description\" content=\"Estudios de g\u00e9nero Estudios de g\u00e9nero en tiempos de amenaza.Un libro para descargar que da cuenta que los estudios de g\u00e9nero y el feminismo...\" \/>\n<meta property=\"og:url\" content=\"https:\/\/diariofemenino.com.ar\/df\/estudios-de-genero-en-tiempos-de-amenaza\/\" \/>\n<meta property=\"og:site_name\" content=\"Diario Digital Femenino\" \/>\n<meta property=\"article:publisher\" content=\"https:\/\/www.facebook.com\/DiarioDigitaFemenino\/\" \/>\n<meta property=\"article:published_time\" content=\"2021-06-21T16:21:30+00:00\" \/>\n<meta property=\"og:image\" content=\"https:\/\/diariofemenino.com.ar\/df\/wp-content\/uploads\/2021\/06\/Estudiosdeg\u00e9nero1.jpg\" \/>\n\t<meta property=\"og:image:width\" content=\"638\" \/>\n\t<meta property=\"og:image:height\" content=\"420\" \/>\n\t<meta property=\"og:image:type\" content=\"image\/jpeg\" \/>\n<meta name=\"author\" content=\"Admin\" \/>\n<meta name=\"twitter:card\" content=\"summary_large_image\" \/>\n<meta name=\"twitter:creator\" content=\"@DiarioFemenino1\" \/>\n<meta name=\"twitter:site\" content=\"@DiarioFemenino1\" \/>\n<meta name=\"twitter:label1\" content=\"Escrito por\" \/>\n\t<meta name=\"twitter:data1\" content=\"Admin\" \/>\n\t<meta name=\"twitter:label2\" content=\"Tiempo de lectura\" \/>\n\t<meta name=\"twitter:data2\" content=\"3 minutos\" \/>\n<script type=\"application\/ld+json\" class=\"yoast-schema-graph\">{\"@context\":\"https:\\\/\\\/schema.org\",\"@graph\":[{\"@type\":\"Article\",\"@id\":\"https:\\\/\\\/diariofemenino.com.ar\\\/df\\\/estudios-de-genero-en-tiempos-de-amenaza\\\/#article\",\"isPartOf\":{\"@id\":\"https:\\\/\\\/diariofemenino.com.ar\\\/df\\\/estudios-de-genero-en-tiempos-de-amenaza\\\/\"},\"author\":{\"name\":\"Admin\",\"@id\":\"https:\\\/\\\/diariofemenino.com.ar\\\/df\\\/#\\\/schema\\\/person\\\/bf6199e8158c657ea6f789b11ec85509\"},\"headline\":\"Estudios de g\u00e9nero en tiempos de amenaza\",\"datePublished\":\"2021-06-21T16:21:30+00:00\",\"mainEntityOfPage\":{\"@id\":\"https:\\\/\\\/diariofemenino.com.ar\\\/df\\\/estudios-de-genero-en-tiempos-de-amenaza\\\/\"},\"wordCount\":654,\"commentCount\":0,\"publisher\":{\"@id\":\"https:\\\/\\\/diariofemenino.com.ar\\\/df\\\/#organization\"},\"image\":{\"@id\":\"https:\\\/\\\/diariofemenino.com.ar\\\/df\\\/estudios-de-genero-en-tiempos-de-amenaza\\\/#primaryimage\"},\"thumbnailUrl\":\"https:\\\/\\\/diariofemenino.com.ar\\\/df\\\/wp-content\\\/uploads\\\/2021\\\/06\\\/Estudiosdeg\u00e9nero1.jpg\",\"keywords\":[\"Adolescencias\",\"Androcentrismo\",\"Ciberviolencia\",\"ecofeminismo\",\"Estudios de G\u00e9nero. Amenaza\",\"Infancias\",\"Inteligencia artificial\",\"Interseccionalidad\",\"Masculinidades\"],\"articleSection\":[\"Agenda Feminista\",\"Biblioteca Virtual\"],\"inLanguage\":\"es\",\"potentialAction\":[{\"@type\":\"CommentAction\",\"name\":\"Comment\",\"target\":[\"https:\\\/\\\/diariofemenino.com.ar\\\/df\\\/estudios-de-genero-en-tiempos-de-amenaza\\\/#respond\"]}]},{\"@type\":\"WebPage\",\"@id\":\"https:\\\/\\\/diariofemenino.com.ar\\\/df\\\/estudios-de-genero-en-tiempos-de-amenaza\\\/\",\"url\":\"https:\\\/\\\/diariofemenino.com.ar\\\/df\\\/estudios-de-genero-en-tiempos-de-amenaza\\\/\",\"name\":\"Estudios de g\u00e9nero en tiempos de amenaza - Diario Digital Femenino\",\"isPartOf\":{\"@id\":\"https:\\\/\\\/diariofemenino.com.ar\\\/df\\\/#website\"},\"primaryImageOfPage\":{\"@id\":\"https:\\\/\\\/diariofemenino.com.ar\\\/df\\\/estudios-de-genero-en-tiempos-de-amenaza\\\/#primaryimage\"},\"image\":{\"@id\":\"https:\\\/\\\/diariofemenino.com.ar\\\/df\\\/estudios-de-genero-en-tiempos-de-amenaza\\\/#primaryimage\"},\"thumbnailUrl\":\"https:\\\/\\\/diariofemenino.com.ar\\\/df\\\/wp-content\\\/uploads\\\/2021\\\/06\\\/Estudiosdeg\u00e9nero1.jpg\",\"datePublished\":\"2021-06-21T16:21:30+00:00\",\"description\":\"Estudios de g\u00e9nero Estudios de g\u00e9nero en tiempos de amenaza.Un libro para descargar que da cuenta que los estudios de g\u00e9nero y el feminismo...\",\"breadcrumb\":{\"@id\":\"https:\\\/\\\/diariofemenino.com.ar\\\/df\\\/estudios-de-genero-en-tiempos-de-amenaza\\\/#breadcrumb\"},\"inLanguage\":\"es\",\"potentialAction\":[{\"@type\":\"ReadAction\",\"target\":[\"https:\\\/\\\/diariofemenino.com.ar\\\/df\\\/estudios-de-genero-en-tiempos-de-amenaza\\\/\"]}]},{\"@type\":\"ImageObject\",\"inLanguage\":\"es\",\"@id\":\"https:\\\/\\\/diariofemenino.com.ar\\\/df\\\/estudios-de-genero-en-tiempos-de-amenaza\\\/#primaryimage\",\"url\":\"https:\\\/\\\/diariofemenino.com.ar\\\/df\\\/wp-content\\\/uploads\\\/2021\\\/06\\\/Estudiosdeg\u00e9nero1.jpg\",\"contentUrl\":\"https:\\\/\\\/diariofemenino.com.ar\\\/df\\\/wp-content\\\/uploads\\\/2021\\\/06\\\/Estudiosdeg\u00e9nero1.jpg\",\"width\":638,\"height\":420,\"caption\":\"Estudios de g\u00e9nero en tiempos de amenaza\"},{\"@type\":\"BreadcrumbList\",\"@id\":\"https:\\\/\\\/diariofemenino.com.ar\\\/df\\\/estudios-de-genero-en-tiempos-de-amenaza\\\/#breadcrumb\",\"itemListElement\":[{\"@type\":\"ListItem\",\"position\":1,\"name\":\"Portada\",\"item\":\"https:\\\/\\\/diariofemenino.com.ar\\\/df\\\/\"},{\"@type\":\"ListItem\",\"position\":2,\"name\":\"Estudios de g\u00e9nero en tiempos de amenaza\"}]},{\"@type\":\"WebSite\",\"@id\":\"https:\\\/\\\/diariofemenino.com.ar\\\/df\\\/#website\",\"url\":\"https:\\\/\\\/diariofemenino.com.ar\\\/df\\\/\",\"name\":\"Diario Digital Femenino\",\"description\":\"Cuesti\u00f3n de G\u00e9nero\",\"publisher\":{\"@id\":\"https:\\\/\\\/diariofemenino.com.ar\\\/df\\\/#organization\"},\"potentialAction\":[{\"@type\":\"SearchAction\",\"target\":{\"@type\":\"EntryPoint\",\"urlTemplate\":\"https:\\\/\\\/diariofemenino.com.ar\\\/df\\\/?s={search_term_string}\"},\"query-input\":{\"@type\":\"PropertyValueSpecification\",\"valueRequired\":true,\"valueName\":\"search_term_string\"}}],\"inLanguage\":\"es\"},{\"@type\":\"Organization\",\"@id\":\"https:\\\/\\\/diariofemenino.com.ar\\\/df\\\/#organization\",\"name\":\"Diario Femenino\",\"url\":\"https:\\\/\\\/diariofemenino.com.ar\\\/df\\\/\",\"logo\":{\"@type\":\"ImageObject\",\"inLanguage\":\"es\",\"@id\":\"https:\\\/\\\/diariofemenino.com.ar\\\/df\\\/#\\\/schema\\\/logo\\\/image\\\/\",\"url\":\"https:\\\/\\\/diariofemenino.com.ar\\\/df\\\/wp-content\\\/uploads\\\/2018\\\/10\\\/logo.png\",\"contentUrl\":\"https:\\\/\\\/diariofemenino.com.ar\\\/df\\\/wp-content\\\/uploads\\\/2018\\\/10\\\/logo.png\",\"width\":500,\"height\":92,\"caption\":\"Diario Femenino\"},\"image\":{\"@id\":\"https:\\\/\\\/diariofemenino.com.ar\\\/df\\\/#\\\/schema\\\/logo\\\/image\\\/\"},\"sameAs\":[\"https:\\\/\\\/www.facebook.com\\\/DiarioDigitaFemenino\\\/\",\"https:\\\/\\\/x.com\\\/DiarioFemenino1\"]},{\"@type\":\"Person\",\"@id\":\"https:\\\/\\\/diariofemenino.com.ar\\\/df\\\/#\\\/schema\\\/person\\\/bf6199e8158c657ea6f789b11ec85509\",\"name\":\"Admin\",\"image\":{\"@type\":\"ImageObject\",\"inLanguage\":\"es\",\"@id\":\"https:\\\/\\\/diariofemenino.com.ar\\\/df\\\/wp-content\\\/uploads\\\/2018\\\/12\\\/favicon-150x150.jpg\",\"url\":\"https:\\\/\\\/diariofemenino.com.ar\\\/df\\\/wp-content\\\/uploads\\\/2018\\\/12\\\/favicon-150x150.jpg\",\"contentUrl\":\"https:\\\/\\\/diariofemenino.com.ar\\\/df\\\/wp-content\\\/uploads\\\/2018\\\/12\\\/favicon-150x150.jpg\",\"caption\":\"Admin\"},\"url\":\"https:\\\/\\\/diariofemenino.com.ar\\\/df\\\/author\\\/lenny\\\/\"}]}<\/script>\n<!-- \/ Yoast SEO plugin. -->","yoast_head_json":{"title":"Estudios de g\u00e9nero en tiempos de amenaza - Diario Digital Femenino","description":"Estudios de g\u00e9nero Estudios de g\u00e9nero en tiempos de amenaza.Un libro para descargar que da cuenta que los estudios de g\u00e9nero y el feminismo...","robots":{"index":"index","follow":"follow","max-snippet":"max-snippet:-1","max-image-preview":"max-image-preview:large","max-video-preview":"max-video-preview:-1"},"canonical":"https:\/\/diariofemenino.com.ar\/df\/estudios-de-genero-en-tiempos-de-amenaza\/","og_locale":"es_ES","og_type":"article","og_title":"Estudios de g\u00e9nero en tiempos de amenaza - Diario Digital Femenino","og_description":"Estudios de g\u00e9nero Estudios de g\u00e9nero en tiempos de amenaza.Un libro para descargar que da cuenta que los estudios de g\u00e9nero y el feminismo...","og_url":"https:\/\/diariofemenino.com.ar\/df\/estudios-de-genero-en-tiempos-de-amenaza\/","og_site_name":"Diario Digital Femenino","article_publisher":"https:\/\/www.facebook.com\/DiarioDigitaFemenino\/","article_published_time":"2021-06-21T16:21:30+00:00","og_image":[{"width":638,"height":420,"url":"https:\/\/diariofemenino.com.ar\/df\/wp-content\/uploads\/2021\/06\/Estudiosdeg\u00e9nero1.jpg","type":"image\/jpeg"}],"author":"Admin","twitter_card":"summary_large_image","twitter_creator":"@DiarioFemenino1","twitter_site":"@DiarioFemenino1","twitter_misc":{"Escrito por":"Admin","Tiempo de lectura":"3 minutos"},"schema":{"@context":"https:\/\/schema.org","@graph":[{"@type":"Article","@id":"https:\/\/diariofemenino.com.ar\/df\/estudios-de-genero-en-tiempos-de-amenaza\/#article","isPartOf":{"@id":"https:\/\/diariofemenino.com.ar\/df\/estudios-de-genero-en-tiempos-de-amenaza\/"},"author":{"name":"Admin","@id":"https:\/\/diariofemenino.com.ar\/df\/#\/schema\/person\/bf6199e8158c657ea6f789b11ec85509"},"headline":"Estudios de g\u00e9nero en tiempos de amenaza","datePublished":"2021-06-21T16:21:30+00:00","mainEntityOfPage":{"@id":"https:\/\/diariofemenino.com.ar\/df\/estudios-de-genero-en-tiempos-de-amenaza\/"},"wordCount":654,"commentCount":0,"publisher":{"@id":"https:\/\/diariofemenino.com.ar\/df\/#organization"},"image":{"@id":"https:\/\/diariofemenino.com.ar\/df\/estudios-de-genero-en-tiempos-de-amenaza\/#primaryimage"},"thumbnailUrl":"https:\/\/diariofemenino.com.ar\/df\/wp-content\/uploads\/2021\/06\/Estudiosdeg\u00e9nero1.jpg","keywords":["Adolescencias","Androcentrismo","Ciberviolencia","ecofeminismo","Estudios de G\u00e9nero. Amenaza","Infancias","Inteligencia artificial","Interseccionalidad","Masculinidades"],"articleSection":["Agenda Feminista","Biblioteca Virtual"],"inLanguage":"es","potentialAction":[{"@type":"CommentAction","name":"Comment","target":["https:\/\/diariofemenino.com.ar\/df\/estudios-de-genero-en-tiempos-de-amenaza\/#respond"]}]},{"@type":"WebPage","@id":"https:\/\/diariofemenino.com.ar\/df\/estudios-de-genero-en-tiempos-de-amenaza\/","url":"https:\/\/diariofemenino.com.ar\/df\/estudios-de-genero-en-tiempos-de-amenaza\/","name":"Estudios de g\u00e9nero en tiempos de amenaza - Diario Digital Femenino","isPartOf":{"@id":"https:\/\/diariofemenino.com.ar\/df\/#website"},"primaryImageOfPage":{"@id":"https:\/\/diariofemenino.com.ar\/df\/estudios-de-genero-en-tiempos-de-amenaza\/#primaryimage"},"image":{"@id":"https:\/\/diariofemenino.com.ar\/df\/estudios-de-genero-en-tiempos-de-amenaza\/#primaryimage"},"thumbnailUrl":"https:\/\/diariofemenino.com.ar\/df\/wp-content\/uploads\/2021\/06\/Estudiosdeg\u00e9nero1.jpg","datePublished":"2021-06-21T16:21:30+00:00","description":"Estudios de g\u00e9nero Estudios de g\u00e9nero en tiempos de amenaza.Un libro para descargar que da cuenta que los estudios de g\u00e9nero y el feminismo...","breadcrumb":{"@id":"https:\/\/diariofemenino.com.ar\/df\/estudios-de-genero-en-tiempos-de-amenaza\/#breadcrumb"},"inLanguage":"es","potentialAction":[{"@type":"ReadAction","target":["https:\/\/diariofemenino.com.ar\/df\/estudios-de-genero-en-tiempos-de-amenaza\/"]}]},{"@type":"ImageObject","inLanguage":"es","@id":"https:\/\/diariofemenino.com.ar\/df\/estudios-de-genero-en-tiempos-de-amenaza\/#primaryimage","url":"https:\/\/diariofemenino.com.ar\/df\/wp-content\/uploads\/2021\/06\/Estudiosdeg\u00e9nero1.jpg","contentUrl":"https:\/\/diariofemenino.com.ar\/df\/wp-content\/uploads\/2021\/06\/Estudiosdeg\u00e9nero1.jpg","width":638,"height":420,"caption":"Estudios de g\u00e9nero en tiempos de amenaza"},{"@type":"BreadcrumbList","@id":"https:\/\/diariofemenino.com.ar\/df\/estudios-de-genero-en-tiempos-de-amenaza\/#breadcrumb","itemListElement":[{"@type":"ListItem","position":1,"name":"Portada","item":"https:\/\/diariofemenino.com.ar\/df\/"},{"@type":"ListItem","position":2,"name":"Estudios de g\u00e9nero en tiempos de amenaza"}]},{"@type":"WebSite","@id":"https:\/\/diariofemenino.com.ar\/df\/#website","url":"https:\/\/diariofemenino.com.ar\/df\/","name":"Diario Digital Femenino","description":"Cuesti\u00f3n de G\u00e9nero","publisher":{"@id":"https:\/\/diariofemenino.com.ar\/df\/#organization"},"potentialAction":[{"@type":"SearchAction","target":{"@type":"EntryPoint","urlTemplate":"https:\/\/diariofemenino.com.ar\/df\/?s={search_term_string}"},"query-input":{"@type":"PropertyValueSpecification","valueRequired":true,"valueName":"search_term_string"}}],"inLanguage":"es"},{"@type":"Organization","@id":"https:\/\/diariofemenino.com.ar\/df\/#organization","name":"Diario Femenino","url":"https:\/\/diariofemenino.com.ar\/df\/","logo":{"@type":"ImageObject","inLanguage":"es","@id":"https:\/\/diariofemenino.com.ar\/df\/#\/schema\/logo\/image\/","url":"https:\/\/diariofemenino.com.ar\/df\/wp-content\/uploads\/2018\/10\/logo.png","contentUrl":"https:\/\/diariofemenino.com.ar\/df\/wp-content\/uploads\/2018\/10\/logo.png","width":500,"height":92,"caption":"Diario Femenino"},"image":{"@id":"https:\/\/diariofemenino.com.ar\/df\/#\/schema\/logo\/image\/"},"sameAs":["https:\/\/www.facebook.com\/DiarioDigitaFemenino\/","https:\/\/x.com\/DiarioFemenino1"]},{"@type":"Person","@id":"https:\/\/diariofemenino.com.ar\/df\/#\/schema\/person\/bf6199e8158c657ea6f789b11ec85509","name":"Admin","image":{"@type":"ImageObject","inLanguage":"es","@id":"https:\/\/diariofemenino.com.ar\/df\/wp-content\/uploads\/2018\/12\/favicon-150x150.jpg","url":"https:\/\/diariofemenino.com.ar\/df\/wp-content\/uploads\/2018\/12\/favicon-150x150.jpg","contentUrl":"https:\/\/diariofemenino.com.ar\/df\/wp-content\/uploads\/2018\/12\/favicon-150x150.jpg","caption":"Admin"},"url":"https:\/\/diariofemenino.com.ar\/df\/author\/lenny\/"}]}},"jetpack_featured_media_url":"https:\/\/diariofemenino.com.ar\/df\/wp-content\/uploads\/2021\/06\/Estudiosdeg\u00e9nero1.jpg","jetpack_sharing_enabled":true,"rttpg_featured_image_url":{"full":["https:\/\/diariofemenino.com.ar\/df\/wp-content\/uploads\/2021\/06\/Estudiosdeg\u00e9nero1.jpg",638,420,false],"landscape":["https:\/\/diariofemenino.com.ar\/df\/wp-content\/uploads\/2021\/06\/Estudiosdeg\u00e9nero1.jpg",638,420,false],"portraits":["https:\/\/diariofemenino.com.ar\/df\/wp-content\/uploads\/2021\/06\/Estudiosdeg\u00e9nero1.jpg",638,420,false],"thumbnail":["https:\/\/diariofemenino.com.ar\/df\/wp-content\/uploads\/2021\/06\/Estudiosdeg\u00e9nero1-150x150.jpg",150,150,true],"medium":["https:\/\/diariofemenino.com.ar\/df\/wp-content\/uploads\/2021\/06\/Estudiosdeg\u00e9nero1-300x197.jpg",300,197,true],"large":["https:\/\/diariofemenino.com.ar\/df\/wp-content\/uploads\/2021\/06\/Estudiosdeg\u00e9nero1.jpg",638,420,false],"1536x1536":["https:\/\/diariofemenino.com.ar\/df\/wp-content\/uploads\/2021\/06\/Estudiosdeg\u00e9nero1.jpg",638,420,false],"2048x2048":["https:\/\/diariofemenino.com.ar\/df\/wp-content\/uploads\/2021\/06\/Estudiosdeg\u00e9nero1.jpg",638,420,false]},"rttpg_author":{"display_name":"Admin","author_link":"https:\/\/diariofemenino.com.ar\/df\/author\/lenny\/"},"rttpg_comment":0,"rttpg_category":"<a href=\"https:\/\/diariofemenino.com.ar\/df\/category\/agenda-feminista\/\" rel=\"category tag\">Agenda Feminista<\/a> <a href=\"https:\/\/diariofemenino.com.ar\/df\/category\/biblioteca\/\" rel=\"category tag\">Biblioteca Virtual<\/a>","rttpg_excerpt":"Estudios de g\u00e9nero en tiempos de amenaza. Como categor\u00eda jur\u00eddica y biol\u00f3gica, una decisi\u00f3n pol\u00edtica que se ha plasmado ya en la legislaci\u00f3n de varios pa\u00edses y territorios y cuyo debate se ha polarizado a nivel mundial, entre quienes defienden que debe ser la autodeterminaci\u00f3n de g\u00e9nero (como equivalente al sexo) y no el sexo&hellip;","_links":{"self":[{"href":"https:\/\/diariofemenino.com.ar\/df\/wp-json\/wp\/v2\/posts\/58979","targetHints":{"allow":["GET"]}}],"collection":[{"href":"https:\/\/diariofemenino.com.ar\/df\/wp-json\/wp\/v2\/posts"}],"about":[{"href":"https:\/\/diariofemenino.com.ar\/df\/wp-json\/wp\/v2\/types\/post"}],"author":[{"embeddable":true,"href":"https:\/\/diariofemenino.com.ar\/df\/wp-json\/wp\/v2\/users\/4"}],"replies":[{"embeddable":true,"href":"https:\/\/diariofemenino.com.ar\/df\/wp-json\/wp\/v2\/comments?post=58979"}],"version-history":[{"count":0,"href":"https:\/\/diariofemenino.com.ar\/df\/wp-json\/wp\/v2\/posts\/58979\/revisions"}],"wp:featuredmedia":[{"embeddable":true,"href":"https:\/\/diariofemenino.com.ar\/df\/wp-json\/wp\/v2\/media\/58981"}],"wp:attachment":[{"href":"https:\/\/diariofemenino.com.ar\/df\/wp-json\/wp\/v2\/media?parent=58979"}],"wp:term":[{"taxonomy":"category","embeddable":true,"href":"https:\/\/diariofemenino.com.ar\/df\/wp-json\/wp\/v2\/categories?post=58979"},{"taxonomy":"post_tag","embeddable":true,"href":"https:\/\/diariofemenino.com.ar\/df\/wp-json\/wp\/v2\/tags?post=58979"}],"curies":[{"name":"wp","href":"https:\/\/api.w.org\/{rel}","templated":true}]}}