{"id":58656,"date":"2021-06-05T19:45:40","date_gmt":"2021-06-05T22:45:40","guid":{"rendered":"https:\/\/diariofemenino.com.ar\/df\/?p=58656"},"modified":"2022-01-08T21:39:39","modified_gmt":"2022-01-09T00:39:39","slug":"como-comunicar-sobre-ninez-y-adolescencia","status":"publish","type":"post","link":"https:\/\/diariofemenino.com.ar\/df\/como-comunicar-sobre-ninez-y-adolescencia\/","title":{"rendered":"C\u00f3mo comunicar sobre ni\u00f1ez y adolescencia"},"content":{"rendered":"<p>C\u00f3mo comunicar<\/p>\n<p>Escucha este art\u00edculo en la voz de Marina Colado<\/p>\n<audio class=\"wp-audio-shortcode\" id=\"audio-58656-1\" preload=\"none\" style=\"width: 100%;\" controls=\"controls\"><source type=\"audio\/mpeg\" src=\"https:\/\/diariofemenino.com.ar\/df\/wp-content\/uploads\/2021\/06\/Como-comunicar-sobre-ni\u00f1ez-y-adolescencia.mp3?_=1\" \/><a href=\"https:\/\/diariofemenino.com.ar\/df\/wp-content\/uploads\/2021\/06\/Como-comunicar-sobre-ni\u00f1ez-y-adolescencia.mp3\">https:\/\/diariofemenino.com.ar\/df\/wp-content\/uploads\/2021\/06\/Como-comunicar-sobre-ni\u00f1ez-y-adolescencia.mp3<\/a><\/audio>\n<p>Insisto con esto del imaginario social que al mencionar\u00a0 \u201ccomunicaci\u00f3n\u201d o \u201ccomunicar\u201d, autom\u00e1ticamente piensan en los Medios de Comunicaci\u00f3n. Pongamos la mirada sobre las palabras \u201ccon ellas construimos sentido, encasillamos, definimos. Tienen, adem\u00e1s, una enorme relaci\u00f3n con las emociones y los sentimientos. La comunicaci\u00f3n no solo nos nombra, tambi\u00e9n construye nuestra cultura\u201d.<a href=\"#_ftn1\" name=\"_ftnref1\">[1]<\/a><\/p>\n<p>Este art\u00edculo, por supuesto, est\u00e1 dirigido a medios de comunicaci\u00f3n, y tambi\u00e9n a docentes, equipos t\u00e9cnicos, responsables de la comunicaci\u00f3n institucional y a cada persona en cualquier \u00e1mbito, p\u00fablico o privado. Se trata de una somera s\u00edntesis de gu\u00edas de comunicaci\u00f3n citadas al final y con la posibilidad de descargar.<\/p>\n<p>El objetivo es llamar la atenci\u00f3n sobre estas cuestiones, su abordaje y los innumerables errores que cometemos al comunicar. No simple errores de forma sino por su carga estigmatizante y\u00a0 discriminatoria que genera da\u00f1o. A ni\u00f1as, ni\u00f1os y adolescentes y a la sociedad en su conjunto.<\/p>\n<p>Por <strong>Lenny C\u00e1ceres<\/strong><\/p>\n<p><strong>\u00bfQu\u00e9 decimos? \u00bfC\u00f3mo lo decimos?<\/strong><\/p>\n<p>Por empezar quienes decimos somos personas adultas y el c\u00f3mo lo decimos requiere de un profundo an\u00e1lisis y la imperiosa necesidad de contextualizar sobre estas cuestiones. En principio deber\u00edamos bregar porque las personas adultas que abordan tem\u00e1ticas sobre NNyA deban tener formaci\u00f3n espec\u00edfica. \u201cLas empresas period\u00edsticas, los y las profesionales que\u00a0trabajamos en comunicaci\u00f3n, podemos mejorar sustancialmente la calidad del debate sobre la promoci\u00f3n y protecci\u00f3n de los derechos de ni\u00f1os, ni\u00f1as y adolescentes, posibilitar la inclusi\u00f3n del enfoque de derechos en las discusiones y tratamientos de temas que les afectan, y generar herramientas que permitan a la sociedad comprender sus compromisos y responsabilidades\u201d. <a href=\"#_ftn2\" name=\"_ftnref2\">[2]<\/a> Para ello debemos formarnos. Las y los periodistas debemos salir de ese lugar en el que creemos que un carnet o un sitio en un medio habilitan para opinar de todo. Tener conciencia, respeto y responsabilidad profesional.<\/p>\n<figure id=\"attachment_58677\" aria-describedby=\"caption-attachment-58677\" style=\"width: 1024px\" class=\"wp-caption aligncenter\"><img loading=\"lazy\" decoding=\"async\" class=\"size-large wp-image-58677\" src=\"https:\/\/diariofemenino.com.ar\/df\/wp-content\/uploads\/2021\/06\/marta_martinez-1024x768.jpg\" alt=\"C\u00f3mo comunicar sobre ni\u00f1ez y adolescencia\" width=\"1024\" height=\"768\" srcset=\"https:\/\/diariofemenino.com.ar\/df\/wp-content\/uploads\/2021\/06\/marta_martinez-1024x768.jpg 1024w, https:\/\/diariofemenino.com.ar\/df\/wp-content\/uploads\/2021\/06\/marta_martinez-300x225.jpg 300w, https:\/\/diariofemenino.com.ar\/df\/wp-content\/uploads\/2021\/06\/marta_martinez-768x576.jpg 768w, https:\/\/diariofemenino.com.ar\/df\/wp-content\/uploads\/2021\/06\/marta_martinez.jpg 1920w\" sizes=\"auto, (max-width: 1024px) 100vw, 1024px\" \/><figcaption id=\"caption-attachment-58677\" class=\"wp-caption-text\">C\u00f3mo comunicar sobre ni\u00f1ez y adolescencia<\/figcaption><\/figure>\n<p><strong>\u00bfQu\u00e9 aspectos debemos tener en cuenta?<a href=\"#_ftn3\" name=\"_ftnref3\">[3]<\/a><\/strong><\/p>\n<p><strong>Fuentes de informaci\u00f3n<\/strong>: Utilizar pluralidad de fuentes para la construcci\u00f3n de las noticias. Estas deber\u00edan ser diversas, serias y confiables.<br \/>\nIncorporar la opini\u00f3n de chicas y chicos en los temas que los afectan o incumben, siempre que la informaci\u00f3n brindada por ellas y ellos no los ponga en riesgo.<br \/>\nVerificar las acreditaciones de representantes de cualquier organismo que hable en nombre de chicas y chicos.<\/p>\n<p><strong>Acerca de las im\u00e1genes<\/strong>: Mostrar a chicas y chicos en acciones positivas y evitar las im\u00e1genes que vulneren sus derechos. Prescindir de recursos t\u00e9cnicos de edici\u00f3n (pixelado, desenfocado), porque suelen ser insuficientes a los efectos de preservar la identidad de ni\u00f1as, ni\u00f1os y adolescentes.<br \/>\nCuando se trate la vulneraci\u00f3n de sus derechos, evitar utilizar fotos de redes sociales, as\u00ed como recreaciones ficcionales, ya que pueden ocasionar da\u00f1o a su dignidad o la de su entorno.<\/p>\n<p><strong>Uso del lenguaje<\/strong>: Asumir una activa responsabilidad en el uso del lenguaje, de manera que sea inclusivo, no sexista y respetuoso. Evitar generalizar, estereotipar, condenar y utilizar t\u00e9rminos descalificadores y discriminadores.<br \/>\nLos medios son el lugar por excelencia donde el lenguaje impacta en lo social.<\/p>\n<p><strong>Se recomienda utilizar<br \/>\n<\/strong><\/p>\n<figure id=\"attachment_58665\" aria-describedby=\"caption-attachment-58665\" style=\"width: 519px\" class=\"wp-caption aligncenter\"><img loading=\"lazy\" decoding=\"async\" class=\"size-full wp-image-58665\" src=\"https:\/\/diariofemenino.com.ar\/df\/wp-content\/uploads\/2021\/06\/recomendaciones-Infancias.jpg\" alt=\"C\u00f3mo comunicar sobre ni\u00f1ez y adolescencia\" width=\"519\" height=\"305\" srcset=\"https:\/\/diariofemenino.com.ar\/df\/wp-content\/uploads\/2021\/06\/recomendaciones-Infancias.jpg 519w, https:\/\/diariofemenino.com.ar\/df\/wp-content\/uploads\/2021\/06\/recomendaciones-Infancias-300x176.jpg 300w\" sizes=\"auto, (max-width: 519px) 100vw, 519px\" \/><figcaption id=\"caption-attachment-58665\" class=\"wp-caption-text\">C\u00f3mo comunicar sobre ni\u00f1ez y adolescencia<\/figcaption><\/figure>\n<p>&nbsp;<\/p>\n<p><strong>Comunicaci\u00f3n audiovisual<a href=\"#_ftn4\" name=\"_ftnref4\">[4]<\/a><\/strong><\/p>\n<p><strong>Promoci\u00f3n, protecci\u00f3n y defensa de derechos: <\/strong>Los contenidos de la programaci\u00f3n deben ser compatibles con los Derechos de Ni\u00f1as, Ni\u00f1os y Adolescentes, sus principios, fundamentaciones y regulaciones en el marco de la Convenci\u00f3n Internacional de los Derechos del Ni\u00f1o (Ni\u00f1as y Adolescentes) , y leyes nacionales y provinciales ( Ley N\u00b0 26.061 de Protecci\u00f3n Integral de Ni\u00f1as, Ni\u00f1os y Adolescentes, Ley N\u00b0 26.522 de Servicios de Comunicaci\u00f3n audiovisual y Ley Nacional N\u00b0 26.206 de Educaci\u00f3n) (Y Ley Nacional 26.150 de Educaci\u00f3n Sexual Integral)<\/p>\n<p><strong>Informaci\u00f3n: <\/strong>Se debe garantizar el acceso a informaci\u00f3n local, nacional e internacional, contextualizada y adaptada a la comprensi\u00f3n de ni\u00f1as, ni\u00f1os y adolescentes que aporte al entendimiento de los procesos sociales en esas tres instancias, evitando la morbosidad, las im\u00e1genes crueles y las escenas violentas que no resulten imprescindibles para el conocimiento del hecho noticioso; se debe observar la protecci\u00f3n integral en las noticias que involucren a ni\u00f1as, ni\u00f1os y adolescentes, no aportando datos que permitan su identificaci\u00f3n p\u00fablica en situaciones de violencia.<\/p>\n<p><strong>Federalismo: <\/strong>Se debe promocionar el respeto y debe haber presencia en pantalla de las realidades de las diferentes regiones y provincias del pa\u00eds, impulsando especialmente una producci\u00f3n de contenidos de car\u00e1cter federal.<\/p>\n<p><strong>Curiosidad: <\/strong>Se debe fomentar la creatividad e incentivar el inter\u00e9s por la investigaci\u00f3n, la experimentaci\u00f3n, el placer del descubrimiento, la b\u00fasqueda del conocimiento y todos los lenguajes art\u00edsticos.<\/p>\n<p><strong>Diversidad: <\/strong>Se debe tener en cuenta la diversidad en sus dimensiones cultura, de g\u00e9nero, de idea y de formas de entender el mundo, de capacidades, contextos sociales y realidades socioecon\u00f3micas, credos, or\u00edgenes, rasgos f\u00edsicos y lenguas. En la grilla de programaci\u00f3n deber\u00e1 estar presente, tambi\u00e9n la diversidad de est\u00e9ticas, formatos y procedencia, fuente u origen de los contenidos.<\/p>\n<p><strong>Voz propia: <\/strong>Se deben incluir las perspectivas de ni\u00f1as, ni\u00f1os y adolescentes, a trav\u00e9s de sus voces, opiniones, intereses y puntos de vista, prestando atenci\u00f3n a las diferencias originadas en su pertenencia social, evitando la estigmatizaci\u00f3n y propiciando una contribuci\u00f3n activa de ellos en la generaci\u00f3n de los contenidos.<\/p>\n<figure id=\"attachment_58681\" aria-describedby=\"caption-attachment-58681\" style=\"width: 678px\" class=\"wp-caption aligncenter\"><img loading=\"lazy\" decoding=\"async\" class=\"size-full wp-image-58681\" src=\"https:\/\/diariofemenino.com.ar\/df\/wp-content\/uploads\/2021\/06\/Artculouno.jpg\" alt=\"C\u00f3mo comunicar sobre ni\u00f1ez y adolescencia\" width=\"678\" height=\"370\" srcset=\"https:\/\/diariofemenino.com.ar\/df\/wp-content\/uploads\/2021\/06\/Artculouno.jpg 678w, https:\/\/diariofemenino.com.ar\/df\/wp-content\/uploads\/2021\/06\/Artculouno-300x164.jpg 300w\" sizes=\"auto, (max-width: 678px) 100vw, 678px\" \/><figcaption id=\"caption-attachment-58681\" class=\"wp-caption-text\">C\u00f3mo comunicar sobre ni\u00f1ez y adolescencia<\/figcaption><\/figure>\n<p><strong>Capacidad cr\u00edtica: <\/strong>Se debe estimular la capacidad de observar y analizar cr\u00edticamente las representaciones de la realidad que ofrecen los medios de comunicaci\u00f3n, propiciando la reflexi\u00f3n, la creatividad y la imaginaci\u00f3n.<\/p>\n<p><strong>Recreaci\u00f3n<\/strong>: Se debe impulsar la diversi\u00f3n, el tiempo libre, el esparcimiento saludable y el juego, incentivando la actividad f\u00edsica, m\u00e1s all\u00e1 de las pantallas y las tecnolog\u00edas.<\/p>\n<p><strong>Dignidad<\/strong>: Se debe incentivar la autoestima y la promoci\u00f3n de la integridad y el respeto a la identidad, evitando situaciones de humillaci\u00f3n o ridiculizaci\u00f3n, la transmisi\u00f3n de prejuicios y estereotipos o cualquier otra forma de discriminaci\u00f3n; se debe contribuir a la comprensi\u00f3n social de ni\u00f1as, ni\u00f1os y adolescentes como sujetos de derecho; y la violencia f\u00edsica o simb\u00f3lica no debe ser apelada como forma de entretenimiento o como v\u00eda eficaz de resoluci\u00f3n de conflictos.<\/p>\n<p><strong>H\u00e1bitos saludables<\/strong>: Se deben producir y difundir mensajes apropiados al p\u00fablico al que van dirigidos desde el punto de vista cognitivo, emocional y de desarrollo, evitando incentivar el consumismo y las conductas destructivas y autodestructivas, se deben promocionar h\u00e1bitos de cuidado del cuerpo y del ambiente, evitando la emisi\u00f3n de mensajes que inciten a una nutrici\u00f3n de baja calidad y al consumo de sustancias t\u00f3xicas y\/o psicoactivas; y se deben excluir estereotipos corporales que puedan llevar a afecciones derivadas de trastornos alimenticios.<\/p>\n<p><strong>Audiencias<\/strong>: Se deben distinguir las diferentes edades, permitiendo identificar a los grupos etarios a los que se dirige la programaci\u00f3n, tanto por los temas como por los tratamientos elegidos; y se debe considerar la posibilidad de que los contenidos audiovisuales lleguen a un p\u00fablico menor de edad al identificado como destinatario.<\/p>\n<p><strong>Participaci\u00f3n<\/strong>: Se debe promocionar la construcci\u00f3n de ciudadan\u00eda mediante el ejercicio de los derechos, la participaci\u00f3n, la organizaci\u00f3n social y los valores de la cultura democr\u00e1tica.<\/p>\n<p><strong>Identidad<\/strong>: Se deben integrar las particularidades locales y la cultura propia de cada regi\u00f3n del pa\u00eds, promoviendo el respeto y la difusi\u00f3n de las diversas lenguas en uso en nuestro territorio nacional. Los contenidos audiovisuales deben tender a alianzar los v\u00ednculos que ni\u00f1as, ni\u00f1os y adolescentes tienen con sus comunidades.<\/p>\n<p><strong>Producci\u00f3n<\/strong>: Se debe jerarquizar la producci\u00f3n dirigida a ni\u00f1os, ni\u00f1as y adolescentes como una especialidad compleja, que debe reunir los mayores est\u00e1ndares en materia de recursos invertidos, tecnolog\u00eda utilizada, actualidad de temas y tratamiento t\u00e9cnico y est\u00e9tico, y creatividad y originalidad puestas de manifiesto; y se deben examinar estrictamente las normativas respecto del trabajo en la infancia cuando participen ni\u00f1as, ni\u00f1os y adolescentes en las producciones audiovisuales.<\/p>\n<p><strong>Tem\u00e1ticas<\/strong><\/p>\n<p>UNICEF desarroll\u00f3 gu\u00edas elaboradas\u00a0por periodistas para periodistas. Entendiendo que es fundamental que comunicadores y comunicadoras especializadas en los diferentes temas sean quienes desarrollar materiales s\u00f3lidos, con informaci\u00f3n y contenidos conceptuales pero que,\u00a0adem\u00e1s, puedan ofrecer pautas, sugerir caminos,\u00a0 estimular\u00a0cuestionamientos, efectuar preguntas y facilitar soluciones\u00a0para que otros y otras puedan abordar sus notas, informes\u00a0y coberturas acerca de temas como: <strong>el Abuso Sexual, la Violencia, el G\u00e9nero, el Uso de Estad\u00edsticas, la Salud Adolescente, el Suicidio y la Protecci\u00f3n de Datos<\/strong>.<\/p>\n<p>En cada una de estas gu\u00edas encontrar\u00e1n una s\u00edntesis\u00a0conceptual del tema, informaci\u00f3n sobre legislaci\u00f3n argentina e internacional sobre la tem\u00e1tica, recursos para el trabajo period\u00edstico, sugerencias y un glosario.<\/p>\n<p><strong>Las voces <\/strong><\/p>\n<p>La Defensor\u00eda del P\u00fablico propici\u00f3 encuentros con j\u00f3venes para conocer su opini\u00f3n acerca de la cobertura medi\u00e1tica sobre las tem\u00e1ticas en las que son protagonistas. \u201cQuienes participaron en estos encuentros expresaron su disconformidad con las recurrentes miradas estigmatizantes, a la vez que reclamaron la necesidad de agendas y representaciones que incluyan la multiplicidad de perspectivas de personas j\u00f3venes y sus propias voces. Asimismo, postularon la importancia de una comunicaci\u00f3n plural, anclaron en b\u00fasquedas medi\u00e1ticas que rompieran la visi\u00f3n maniquea sobre la juventud: delincuentes o maravillosos\/as.<\/p>\n<p>En todo caso, sus demandas de pluralizaci\u00f3n representacional -que operan aqu\u00ed como recomendaciones generales al campo medi\u00e1tico- evidencian la necesidad de reconocer, precisamente, la complejidad de cualquier grupo social, la necesidad de trascender los estereotipos simplificadores y habilitar la legitimidad de las miradas propias. <strong>Ser hablantes antes que hablados. Ser actores antes que objetos. Ser sujetos de derechos antes que objetos de tutela.<\/strong> La distancia que las personas j\u00f3venes manifiestan respecto del tratamiento medi\u00e1tico sobre ellas y ellos es un alerta acerca de la escasa identificaci\u00f3n que reconocen en aquellos discursos que, presuntamente, dan cuenta de su persona.\u201d<a href=\"#_ftn5\" name=\"_ftnref5\">[5]<\/a><\/p>\n<p><strong>En la publicidad<\/strong><\/p>\n<p>En la mayor\u00eda de las publicidades, desde pa\u00f1ales hasta de Bancos, las im\u00e1genes de ni\u00f1as, ni\u00f1os y adolescentes est\u00e1n en concordancia con los estereotipos de belleza hegem\u00f3nica, generalmente de tez blanca, con un entorno que da cuenta de una clase media, o media alta. El \u201cmodelo\u201d de ser y o para pertenecer inalcanzable para millones de ni\u00f1as, ni\u00f1os y adolescentes que observan de manera pasiva esa realidad que le es ajena. No solo no se sienten incluidos e incluidas, sienten la discriminaci\u00f3n.<\/p>\n<p><strong>Bibliograf\u00eda<\/strong><\/p>\n<p><a href=\"#_ftnref1\" name=\"_ftn1\">[1]<\/a> <strong>Gu\u00eda pr\u00e1ctica y urgente para un periodismo respetuoso y respetable<br \/>\n<\/strong><a href=\"https:\/\/diariofemenino.com.ar\/df\/guia-practica-y-urgente-para-un-periodismo-respetuoso-y-respetable\/\">https:\/\/diariofemenino.com.ar\/df\/guia-practica-y-urgente-para-un-periodismo-respetuoso-y-respetable\/<\/a><\/p>\n<p><a href=\"#_ftnref2\" name=\"_ftn2\">[2]<\/a> <strong>Comunicaci\u00f3n, Infancia y Adolescencia. Gu\u00eda para Periodistas<br \/>\n<\/strong><a href=\"https:\/\/diariofemenino.com.ar\/df\/comunicacion-infancia-y-adolescencia\/\">https:\/\/diariofemenino.com.ar\/df\/comunicacion-infancia-y-adolescencia\/<\/a><\/p>\n<p><a href=\"#_ftnref3\" name=\"_ftn3\">[3]<\/a> <strong>Gu\u00eda period\u00edstica para informar con responsabilidad sobre ni\u00f1ez y adolescencia<br \/>\n<\/strong><a href=\"https:\/\/diariofemenino.com.ar\/documentos\/Desplegable-Conacai-Guia-periodistica.pdf\">https:\/\/diariofemenino.com.ar\/documentos\/Desplegable-Conacai-Guia-periodistica.pdf<\/a><\/p>\n<p><strong>\u00a0<\/strong><a href=\"#_ftnref4\" name=\"_ftn4\">[4]<\/a> <strong>Comunicaci\u00f3n audiovisual destinada a ni\u00f1as, ni\u00f1os y adolescentes<br \/>\n<\/strong><a href=\"https:\/\/diariofemenino.com.ar\/df\/wp-ontent\/uploads\/2021\/06\/DES_conacai_28x35_CURVAS1.pdf\">https:\/\/diariofemenino.com.ar\/df\/wp-ntent\/uploads\/2021\/06\/DES_conacai_28x35_CURVAS1.pdf<\/a><strong><br \/>\n<\/strong><\/p>\n<p><a href=\"#_ftnref5\" name=\"_ftn5\">[5]<\/a> <strong>Gu\u00eda para el tratamiento medi\u00e1tico responsable de la ni\u00f1ez y la adolescencia<br \/>\n<\/strong><a href=\"https:\/\/diariofemenino.com.ar\/df\/guia-para-el-tratamiento-mediatico-responsable-de-la-ninez-y-la-adolescencia\/\">https:\/\/diariofemenino.com.ar\/df\/guia-para-el-tratamiento-mediatico-responsable-de-la-ninez-y-la-adolescencia\/<\/a><\/p>\n<p>&nbsp;<\/p>\n","protected":false},"excerpt":{"rendered":"<p>C\u00f3mo comunicar Escucha este art\u00edculo en la voz de Marina Colado Insisto con esto del imaginario social que al mencionar\u00a0 \u201ccomunicaci\u00f3n\u201d o \u201ccomunicar\u201d, autom\u00e1ticamente piensan en los Medios de Comunicaci\u00f3n. Pongamos la mirada sobre las palabras \u201ccon ellas construimos sentido, encasillamos, definimos. Tienen, adem\u00e1s, una enorme relaci\u00f3n con las emociones y los sentimientos. La comunicaci\u00f3n [&hellip;]<\/p>\n","protected":false},"author":4,"featured_media":58669,"comment_status":"open","ping_status":"open","sticky":false,"template":"","format":"standard","meta":{"iawp_total_views":94,"footnotes":""},"categories":[581,9,21],"tags":[112,4499,4372,28],"class_list":["post-58656","post","type-post","status-publish","format-standard","has-post-thumbnail","hentry","category-azul-profundo","category-de-esi-si-se-habla","category-noticias","tag-adolescencia","tag-comunicacion-ninez","tag-destacada","tag-periodismo"],"nelio_content":{"autoShareEndMode":"never","automationSources":{"useCustomSentences":false,"customSentences":[]},"efiAlt":"","efiUrl":"","followers":[4],"highlights":[],"isAutoShareEnabled":true,"networkImageIds":[],"permalinkQueryArgs":[],"series":[],"suggestedReferences":[]},"yoast_head":"<!-- This site is optimized with the Yoast SEO plugin v27.5 - https:\/\/yoast.com\/product\/yoast-seo-wordpress\/ -->\n<title>C\u00f3mo comunicar sobre ni\u00f1ez y adolescencia - Diario Digital Femenino<\/title>\n<meta name=\"description\" content=\"C\u00f3mo comunicar. Los medios son el lugar por excelencia donde el lenguaje impacta en lo social. recomendaciones para una comunicacion responsable.\" \/>\n<meta name=\"robots\" content=\"index, follow, max-snippet:-1, max-image-preview:large, max-video-preview:-1\" \/>\n<link rel=\"canonical\" href=\"https:\/\/diariofemenino.com.ar\/df\/como-comunicar-sobre-ninez-y-adolescencia\/\" \/>\n<meta property=\"og:locale\" content=\"es_ES\" \/>\n<meta property=\"og:type\" content=\"article\" \/>\n<meta property=\"og:title\" content=\"C\u00f3mo comunicar sobre ni\u00f1ez y adolescencia - Diario Digital Femenino\" \/>\n<meta property=\"og:description\" content=\"C\u00f3mo comunicar. Los medios son el lugar por excelencia donde el lenguaje impacta en lo social. recomendaciones para una comunicacion responsable.\" \/>\n<meta property=\"og:url\" content=\"https:\/\/diariofemenino.com.ar\/df\/como-comunicar-sobre-ninez-y-adolescencia\/\" \/>\n<meta property=\"og:site_name\" content=\"Diario Digital Femenino\" \/>\n<meta property=\"article:publisher\" content=\"https:\/\/www.facebook.com\/DiarioDigitaFemenino\/\" \/>\n<meta property=\"article:published_time\" content=\"2021-06-05T22:45:40+00:00\" \/>\n<meta property=\"article:modified_time\" content=\"2022-01-09T00:39:39+00:00\" \/>\n<meta property=\"og:image\" content=\"https:\/\/diariofemenino.com.ar\/df\/wp-content\/uploads\/2021\/06\/xdd.jpg\" \/>\n\t<meta property=\"og:image:width\" content=\"306\" \/>\n\t<meta property=\"og:image:height\" content=\"320\" \/>\n\t<meta property=\"og:image:type\" content=\"image\/jpeg\" \/>\n<meta name=\"author\" content=\"Admin\" \/>\n<meta name=\"twitter:card\" content=\"summary_large_image\" \/>\n<meta name=\"twitter:creator\" content=\"@DiarioFemenino1\" \/>\n<meta name=\"twitter:site\" content=\"@DiarioFemenino1\" \/>\n<meta name=\"twitter:label1\" content=\"Escrito por\" \/>\n\t<meta name=\"twitter:data1\" content=\"Admin\" \/>\n\t<meta name=\"twitter:label2\" content=\"Tiempo de lectura\" \/>\n\t<meta name=\"twitter:data2\" content=\"10 minutos\" \/>\n<script type=\"application\/ld+json\" class=\"yoast-schema-graph\">{\"@context\":\"https:\\\/\\\/schema.org\",\"@graph\":[{\"@type\":\"Article\",\"@id\":\"https:\\\/\\\/diariofemenino.com.ar\\\/df\\\/como-comunicar-sobre-ninez-y-adolescencia\\\/#article\",\"isPartOf\":{\"@id\":\"https:\\\/\\\/diariofemenino.com.ar\\\/df\\\/como-comunicar-sobre-ninez-y-adolescencia\\\/\"},\"author\":{\"name\":\"Admin\",\"@id\":\"https:\\\/\\\/diariofemenino.com.ar\\\/df\\\/#\\\/schema\\\/person\\\/bf6199e8158c657ea6f789b11ec85509\"},\"headline\":\"C\u00f3mo comunicar sobre ni\u00f1ez y adolescencia\",\"datePublished\":\"2021-06-05T22:45:40+00:00\",\"dateModified\":\"2022-01-09T00:39:39+00:00\",\"mainEntityOfPage\":{\"@id\":\"https:\\\/\\\/diariofemenino.com.ar\\\/df\\\/como-comunicar-sobre-ninez-y-adolescencia\\\/\"},\"wordCount\":1984,\"commentCount\":0,\"publisher\":{\"@id\":\"https:\\\/\\\/diariofemenino.com.ar\\\/df\\\/#organization\"},\"image\":{\"@id\":\"https:\\\/\\\/diariofemenino.com.ar\\\/df\\\/como-comunicar-sobre-ninez-y-adolescencia\\\/#primaryimage\"},\"thumbnailUrl\":\"https:\\\/\\\/diariofemenino.com.ar\\\/df\\\/wp-content\\\/uploads\\\/2021\\\/06\\\/xdd.jpg\",\"keywords\":[\"Adolescencia\",\"Comunicaci\u00f3n. Ni\u00f1ez\",\"Destacada\",\"Periodismo\"],\"articleSection\":[\"Azul Profundo\",\"De ESI S\u00ed Se Habla\",\"Noticias\"],\"inLanguage\":\"es\",\"potentialAction\":[{\"@type\":\"CommentAction\",\"name\":\"Comment\",\"target\":[\"https:\\\/\\\/diariofemenino.com.ar\\\/df\\\/como-comunicar-sobre-ninez-y-adolescencia\\\/#respond\"]}]},{\"@type\":\"WebPage\",\"@id\":\"https:\\\/\\\/diariofemenino.com.ar\\\/df\\\/como-comunicar-sobre-ninez-y-adolescencia\\\/\",\"url\":\"https:\\\/\\\/diariofemenino.com.ar\\\/df\\\/como-comunicar-sobre-ninez-y-adolescencia\\\/\",\"name\":\"C\u00f3mo comunicar sobre ni\u00f1ez y adolescencia - Diario Digital Femenino\",\"isPartOf\":{\"@id\":\"https:\\\/\\\/diariofemenino.com.ar\\\/df\\\/#website\"},\"primaryImageOfPage\":{\"@id\":\"https:\\\/\\\/diariofemenino.com.ar\\\/df\\\/como-comunicar-sobre-ninez-y-adolescencia\\\/#primaryimage\"},\"image\":{\"@id\":\"https:\\\/\\\/diariofemenino.com.ar\\\/df\\\/como-comunicar-sobre-ninez-y-adolescencia\\\/#primaryimage\"},\"thumbnailUrl\":\"https:\\\/\\\/diariofemenino.com.ar\\\/df\\\/wp-content\\\/uploads\\\/2021\\\/06\\\/xdd.jpg\",\"datePublished\":\"2021-06-05T22:45:40+00:00\",\"dateModified\":\"2022-01-09T00:39:39+00:00\",\"description\":\"C\u00f3mo comunicar. Los medios son el lugar por excelencia donde el lenguaje impacta en lo social. recomendaciones para una comunicacion responsable.\",\"breadcrumb\":{\"@id\":\"https:\\\/\\\/diariofemenino.com.ar\\\/df\\\/como-comunicar-sobre-ninez-y-adolescencia\\\/#breadcrumb\"},\"inLanguage\":\"es\",\"potentialAction\":[{\"@type\":\"ReadAction\",\"target\":[\"https:\\\/\\\/diariofemenino.com.ar\\\/df\\\/como-comunicar-sobre-ninez-y-adolescencia\\\/\"]}]},{\"@type\":\"ImageObject\",\"inLanguage\":\"es\",\"@id\":\"https:\\\/\\\/diariofemenino.com.ar\\\/df\\\/como-comunicar-sobre-ninez-y-adolescencia\\\/#primaryimage\",\"url\":\"https:\\\/\\\/diariofemenino.com.ar\\\/df\\\/wp-content\\\/uploads\\\/2021\\\/06\\\/xdd.jpg\",\"contentUrl\":\"https:\\\/\\\/diariofemenino.com.ar\\\/df\\\/wp-content\\\/uploads\\\/2021\\\/06\\\/xdd.jpg\",\"width\":306,\"height\":320,\"caption\":\"C\u00f3mo comunicar sobre ni\u00f1ez y adolescencia\"},{\"@type\":\"BreadcrumbList\",\"@id\":\"https:\\\/\\\/diariofemenino.com.ar\\\/df\\\/como-comunicar-sobre-ninez-y-adolescencia\\\/#breadcrumb\",\"itemListElement\":[{\"@type\":\"ListItem\",\"position\":1,\"name\":\"Portada\",\"item\":\"https:\\\/\\\/diariofemenino.com.ar\\\/df\\\/\"},{\"@type\":\"ListItem\",\"position\":2,\"name\":\"C\u00f3mo comunicar sobre ni\u00f1ez y adolescencia\"}]},{\"@type\":\"WebSite\",\"@id\":\"https:\\\/\\\/diariofemenino.com.ar\\\/df\\\/#website\",\"url\":\"https:\\\/\\\/diariofemenino.com.ar\\\/df\\\/\",\"name\":\"Diario Digital Femenino\",\"description\":\"Cuesti\u00f3n de G\u00e9nero\",\"publisher\":{\"@id\":\"https:\\\/\\\/diariofemenino.com.ar\\\/df\\\/#organization\"},\"potentialAction\":[{\"@type\":\"SearchAction\",\"target\":{\"@type\":\"EntryPoint\",\"urlTemplate\":\"https:\\\/\\\/diariofemenino.com.ar\\\/df\\\/?s={search_term_string}\"},\"query-input\":{\"@type\":\"PropertyValueSpecification\",\"valueRequired\":true,\"valueName\":\"search_term_string\"}}],\"inLanguage\":\"es\"},{\"@type\":\"Organization\",\"@id\":\"https:\\\/\\\/diariofemenino.com.ar\\\/df\\\/#organization\",\"name\":\"Diario Femenino\",\"url\":\"https:\\\/\\\/diariofemenino.com.ar\\\/df\\\/\",\"logo\":{\"@type\":\"ImageObject\",\"inLanguage\":\"es\",\"@id\":\"https:\\\/\\\/diariofemenino.com.ar\\\/df\\\/#\\\/schema\\\/logo\\\/image\\\/\",\"url\":\"https:\\\/\\\/diariofemenino.com.ar\\\/df\\\/wp-content\\\/uploads\\\/2018\\\/10\\\/logo.png\",\"contentUrl\":\"https:\\\/\\\/diariofemenino.com.ar\\\/df\\\/wp-content\\\/uploads\\\/2018\\\/10\\\/logo.png\",\"width\":500,\"height\":92,\"caption\":\"Diario Femenino\"},\"image\":{\"@id\":\"https:\\\/\\\/diariofemenino.com.ar\\\/df\\\/#\\\/schema\\\/logo\\\/image\\\/\"},\"sameAs\":[\"https:\\\/\\\/www.facebook.com\\\/DiarioDigitaFemenino\\\/\",\"https:\\\/\\\/x.com\\\/DiarioFemenino1\"]},{\"@type\":\"Person\",\"@id\":\"https:\\\/\\\/diariofemenino.com.ar\\\/df\\\/#\\\/schema\\\/person\\\/bf6199e8158c657ea6f789b11ec85509\",\"name\":\"Admin\",\"image\":{\"@type\":\"ImageObject\",\"inLanguage\":\"es\",\"@id\":\"https:\\\/\\\/diariofemenino.com.ar\\\/df\\\/wp-content\\\/uploads\\\/2018\\\/12\\\/favicon-150x150.jpg\",\"url\":\"https:\\\/\\\/diariofemenino.com.ar\\\/df\\\/wp-content\\\/uploads\\\/2018\\\/12\\\/favicon-150x150.jpg\",\"contentUrl\":\"https:\\\/\\\/diariofemenino.com.ar\\\/df\\\/wp-content\\\/uploads\\\/2018\\\/12\\\/favicon-150x150.jpg\",\"caption\":\"Admin\"},\"url\":\"https:\\\/\\\/diariofemenino.com.ar\\\/df\\\/author\\\/lenny\\\/\"}]}<\/script>\n<!-- \/ Yoast SEO plugin. -->","yoast_head_json":{"title":"C\u00f3mo comunicar sobre ni\u00f1ez y adolescencia - Diario Digital Femenino","description":"C\u00f3mo comunicar. Los medios son el lugar por excelencia donde el lenguaje impacta en lo social. recomendaciones para una comunicacion responsable.","robots":{"index":"index","follow":"follow","max-snippet":"max-snippet:-1","max-image-preview":"max-image-preview:large","max-video-preview":"max-video-preview:-1"},"canonical":"https:\/\/diariofemenino.com.ar\/df\/como-comunicar-sobre-ninez-y-adolescencia\/","og_locale":"es_ES","og_type":"article","og_title":"C\u00f3mo comunicar sobre ni\u00f1ez y adolescencia - Diario Digital Femenino","og_description":"C\u00f3mo comunicar. Los medios son el lugar por excelencia donde el lenguaje impacta en lo social. recomendaciones para una comunicacion responsable.","og_url":"https:\/\/diariofemenino.com.ar\/df\/como-comunicar-sobre-ninez-y-adolescencia\/","og_site_name":"Diario Digital Femenino","article_publisher":"https:\/\/www.facebook.com\/DiarioDigitaFemenino\/","article_published_time":"2021-06-05T22:45:40+00:00","article_modified_time":"2022-01-09T00:39:39+00:00","og_image":[{"width":306,"height":320,"url":"https:\/\/diariofemenino.com.ar\/df\/wp-content\/uploads\/2021\/06\/xdd.jpg","type":"image\/jpeg"}],"author":"Admin","twitter_card":"summary_large_image","twitter_creator":"@DiarioFemenino1","twitter_site":"@DiarioFemenino1","twitter_misc":{"Escrito por":"Admin","Tiempo de lectura":"10 minutos"},"schema":{"@context":"https:\/\/schema.org","@graph":[{"@type":"Article","@id":"https:\/\/diariofemenino.com.ar\/df\/como-comunicar-sobre-ninez-y-adolescencia\/#article","isPartOf":{"@id":"https:\/\/diariofemenino.com.ar\/df\/como-comunicar-sobre-ninez-y-adolescencia\/"},"author":{"name":"Admin","@id":"https:\/\/diariofemenino.com.ar\/df\/#\/schema\/person\/bf6199e8158c657ea6f789b11ec85509"},"headline":"C\u00f3mo comunicar sobre ni\u00f1ez y adolescencia","datePublished":"2021-06-05T22:45:40+00:00","dateModified":"2022-01-09T00:39:39+00:00","mainEntityOfPage":{"@id":"https:\/\/diariofemenino.com.ar\/df\/como-comunicar-sobre-ninez-y-adolescencia\/"},"wordCount":1984,"commentCount":0,"publisher":{"@id":"https:\/\/diariofemenino.com.ar\/df\/#organization"},"image":{"@id":"https:\/\/diariofemenino.com.ar\/df\/como-comunicar-sobre-ninez-y-adolescencia\/#primaryimage"},"thumbnailUrl":"https:\/\/diariofemenino.com.ar\/df\/wp-content\/uploads\/2021\/06\/xdd.jpg","keywords":["Adolescencia","Comunicaci\u00f3n. Ni\u00f1ez","Destacada","Periodismo"],"articleSection":["Azul Profundo","De ESI S\u00ed Se Habla","Noticias"],"inLanguage":"es","potentialAction":[{"@type":"CommentAction","name":"Comment","target":["https:\/\/diariofemenino.com.ar\/df\/como-comunicar-sobre-ninez-y-adolescencia\/#respond"]}]},{"@type":"WebPage","@id":"https:\/\/diariofemenino.com.ar\/df\/como-comunicar-sobre-ninez-y-adolescencia\/","url":"https:\/\/diariofemenino.com.ar\/df\/como-comunicar-sobre-ninez-y-adolescencia\/","name":"C\u00f3mo comunicar sobre ni\u00f1ez y adolescencia - Diario Digital Femenino","isPartOf":{"@id":"https:\/\/diariofemenino.com.ar\/df\/#website"},"primaryImageOfPage":{"@id":"https:\/\/diariofemenino.com.ar\/df\/como-comunicar-sobre-ninez-y-adolescencia\/#primaryimage"},"image":{"@id":"https:\/\/diariofemenino.com.ar\/df\/como-comunicar-sobre-ninez-y-adolescencia\/#primaryimage"},"thumbnailUrl":"https:\/\/diariofemenino.com.ar\/df\/wp-content\/uploads\/2021\/06\/xdd.jpg","datePublished":"2021-06-05T22:45:40+00:00","dateModified":"2022-01-09T00:39:39+00:00","description":"C\u00f3mo comunicar. Los medios son el lugar por excelencia donde el lenguaje impacta en lo social. recomendaciones para una comunicacion responsable.","breadcrumb":{"@id":"https:\/\/diariofemenino.com.ar\/df\/como-comunicar-sobre-ninez-y-adolescencia\/#breadcrumb"},"inLanguage":"es","potentialAction":[{"@type":"ReadAction","target":["https:\/\/diariofemenino.com.ar\/df\/como-comunicar-sobre-ninez-y-adolescencia\/"]}]},{"@type":"ImageObject","inLanguage":"es","@id":"https:\/\/diariofemenino.com.ar\/df\/como-comunicar-sobre-ninez-y-adolescencia\/#primaryimage","url":"https:\/\/diariofemenino.com.ar\/df\/wp-content\/uploads\/2021\/06\/xdd.jpg","contentUrl":"https:\/\/diariofemenino.com.ar\/df\/wp-content\/uploads\/2021\/06\/xdd.jpg","width":306,"height":320,"caption":"C\u00f3mo comunicar sobre ni\u00f1ez y adolescencia"},{"@type":"BreadcrumbList","@id":"https:\/\/diariofemenino.com.ar\/df\/como-comunicar-sobre-ninez-y-adolescencia\/#breadcrumb","itemListElement":[{"@type":"ListItem","position":1,"name":"Portada","item":"https:\/\/diariofemenino.com.ar\/df\/"},{"@type":"ListItem","position":2,"name":"C\u00f3mo comunicar sobre ni\u00f1ez y adolescencia"}]},{"@type":"WebSite","@id":"https:\/\/diariofemenino.com.ar\/df\/#website","url":"https:\/\/diariofemenino.com.ar\/df\/","name":"Diario Digital Femenino","description":"Cuesti\u00f3n de G\u00e9nero","publisher":{"@id":"https:\/\/diariofemenino.com.ar\/df\/#organization"},"potentialAction":[{"@type":"SearchAction","target":{"@type":"EntryPoint","urlTemplate":"https:\/\/diariofemenino.com.ar\/df\/?s={search_term_string}"},"query-input":{"@type":"PropertyValueSpecification","valueRequired":true,"valueName":"search_term_string"}}],"inLanguage":"es"},{"@type":"Organization","@id":"https:\/\/diariofemenino.com.ar\/df\/#organization","name":"Diario Femenino","url":"https:\/\/diariofemenino.com.ar\/df\/","logo":{"@type":"ImageObject","inLanguage":"es","@id":"https:\/\/diariofemenino.com.ar\/df\/#\/schema\/logo\/image\/","url":"https:\/\/diariofemenino.com.ar\/df\/wp-content\/uploads\/2018\/10\/logo.png","contentUrl":"https:\/\/diariofemenino.com.ar\/df\/wp-content\/uploads\/2018\/10\/logo.png","width":500,"height":92,"caption":"Diario Femenino"},"image":{"@id":"https:\/\/diariofemenino.com.ar\/df\/#\/schema\/logo\/image\/"},"sameAs":["https:\/\/www.facebook.com\/DiarioDigitaFemenino\/","https:\/\/x.com\/DiarioFemenino1"]},{"@type":"Person","@id":"https:\/\/diariofemenino.com.ar\/df\/#\/schema\/person\/bf6199e8158c657ea6f789b11ec85509","name":"Admin","image":{"@type":"ImageObject","inLanguage":"es","@id":"https:\/\/diariofemenino.com.ar\/df\/wp-content\/uploads\/2018\/12\/favicon-150x150.jpg","url":"https:\/\/diariofemenino.com.ar\/df\/wp-content\/uploads\/2018\/12\/favicon-150x150.jpg","contentUrl":"https:\/\/diariofemenino.com.ar\/df\/wp-content\/uploads\/2018\/12\/favicon-150x150.jpg","caption":"Admin"},"url":"https:\/\/diariofemenino.com.ar\/df\/author\/lenny\/"}]}},"jetpack_featured_media_url":"https:\/\/diariofemenino.com.ar\/df\/wp-content\/uploads\/2021\/06\/xdd.jpg","jetpack_sharing_enabled":true,"rttpg_featured_image_url":{"full":["https:\/\/diariofemenino.com.ar\/df\/wp-content\/uploads\/2021\/06\/xdd.jpg",306,320,false],"landscape":["https:\/\/diariofemenino.com.ar\/df\/wp-content\/uploads\/2021\/06\/xdd.jpg",306,320,false],"portraits":["https:\/\/diariofemenino.com.ar\/df\/wp-content\/uploads\/2021\/06\/xdd.jpg",306,320,false],"thumbnail":["https:\/\/diariofemenino.com.ar\/df\/wp-content\/uploads\/2021\/06\/xdd-150x150.jpg",150,150,true],"medium":["https:\/\/diariofemenino.com.ar\/df\/wp-content\/uploads\/2021\/06\/xdd-287x300.jpg",287,300,true],"large":["https:\/\/diariofemenino.com.ar\/df\/wp-content\/uploads\/2021\/06\/xdd.jpg",306,320,false],"1536x1536":["https:\/\/diariofemenino.com.ar\/df\/wp-content\/uploads\/2021\/06\/xdd.jpg",306,320,false],"2048x2048":["https:\/\/diariofemenino.com.ar\/df\/wp-content\/uploads\/2021\/06\/xdd.jpg",306,320,false]},"rttpg_author":{"display_name":"Admin","author_link":"https:\/\/diariofemenino.com.ar\/df\/author\/lenny\/"},"rttpg_comment":0,"rttpg_category":"<a href=\"https:\/\/diariofemenino.com.ar\/df\/category\/azul-profundo\/\" rel=\"category tag\">Azul Profundo<\/a> <a href=\"https:\/\/diariofemenino.com.ar\/df\/category\/de-esi-si-se-habla\/\" rel=\"category tag\">De ESI S\u00ed Se Habla<\/a> <a href=\"https:\/\/diariofemenino.com.ar\/df\/category\/noticias\/\" rel=\"category tag\">Noticias<\/a>","rttpg_excerpt":"C\u00f3mo comunicar Escucha este art\u00edculo en la voz de Marina Colado Insisto con esto del imaginario social que al mencionar\u00a0 \u201ccomunicaci\u00f3n\u201d o \u201ccomunicar\u201d, autom\u00e1ticamente piensan en los Medios de Comunicaci\u00f3n. Pongamos la mirada sobre las palabras \u201ccon ellas construimos sentido, encasillamos, definimos. Tienen, adem\u00e1s, una enorme relaci\u00f3n con las emociones y los sentimientos. La comunicaci\u00f3n&hellip;","_links":{"self":[{"href":"https:\/\/diariofemenino.com.ar\/df\/wp-json\/wp\/v2\/posts\/58656","targetHints":{"allow":["GET"]}}],"collection":[{"href":"https:\/\/diariofemenino.com.ar\/df\/wp-json\/wp\/v2\/posts"}],"about":[{"href":"https:\/\/diariofemenino.com.ar\/df\/wp-json\/wp\/v2\/types\/post"}],"author":[{"embeddable":true,"href":"https:\/\/diariofemenino.com.ar\/df\/wp-json\/wp\/v2\/users\/4"}],"replies":[{"embeddable":true,"href":"https:\/\/diariofemenino.com.ar\/df\/wp-json\/wp\/v2\/comments?post=58656"}],"version-history":[{"count":0,"href":"https:\/\/diariofemenino.com.ar\/df\/wp-json\/wp\/v2\/posts\/58656\/revisions"}],"wp:featuredmedia":[{"embeddable":true,"href":"https:\/\/diariofemenino.com.ar\/df\/wp-json\/wp\/v2\/media\/58669"}],"wp:attachment":[{"href":"https:\/\/diariofemenino.com.ar\/df\/wp-json\/wp\/v2\/media?parent=58656"}],"wp:term":[{"taxonomy":"category","embeddable":true,"href":"https:\/\/diariofemenino.com.ar\/df\/wp-json\/wp\/v2\/categories?post=58656"},{"taxonomy":"post_tag","embeddable":true,"href":"https:\/\/diariofemenino.com.ar\/df\/wp-json\/wp\/v2\/tags?post=58656"}],"curies":[{"name":"wp","href":"https:\/\/api.w.org\/{rel}","templated":true}]}}