{"id":5862,"date":"2013-03-05T20:59:03","date_gmt":"2013-03-05T23:59:03","guid":{"rendered":"http:\/\/www.diariofemenino.com.ar\/?p=5862"},"modified":"2013-03-05T20:59:03","modified_gmt":"2013-03-05T23:59:03","slug":"la-casa-es-un-lugar-inseguro-para-ninas-y-adolescentes","status":"publish","type":"post","link":"https:\/\/diariofemenino.com.ar\/df\/la-casa-es-un-lugar-inseguro-para-ninas-y-adolescentes\/","title":{"rendered":"La casa es un lugar  inseguro para ni\u00f1as y adolescentes"},"content":{"rendered":"<p>&nbsp;<br \/>\n&nbsp;<br \/>\n<span style=\"font-size: x-small;\"><br \/>\n<\/span>57\u00aa Sesi\u00f3n de la Comisi\u00f3n sobre la Condici\u00f3n de la Mujer de ONU<strong><\/strong><br \/>\n<a href=\"http:\/\/www.diariofemenino.com.ar\/wp-content\/uploads\/sobreprotegidos_caract.jpg\"><img loading=\"lazy\" decoding=\"async\" class=\"alignleft size-full wp-image-5863\" title=\"sobreprotegidos_caract\" src=\"http:\/\/www.diariofemenino.com.ar\/wp-content\/uploads\/sobreprotegidos_caract.jpg\" alt=\"\" width=\"156\" height=\"193\" \/><\/a>\u00a005.03.2013\u00a0 <span style=\"font-size: x-small;\"><em>H<\/em><\/span><em>oy, de 3 a 6, es el primer panel de expertas y est\u00e1 dedicado especialmente a prevenci\u00f3n de la violencia contra mujeres y ni\u00f1as. Mabel Bianco habla para comentar y preguntar en nombre del Comit\u00e9e AdHoc promotor del Comit\u00e9 Regional de ONG para CSW que como Coordinadora de ese grupo produjo el documento regional de las ONG que cont\u00f3 con la contribuci\u00f3n y los aportes de m\u00e1s de 80 ONG de mujeres de Am\u00e9rica Latina y el Caribe.<\/em><br \/>\n\u201cLas organizaciones de mujeres creemos que la prevenci\u00f3n de la violencia contra las mujeres y ni\u00f1as es b\u00e1sica para eliminar esta violencia pero tambi\u00e9n para evitar las muertes de miles de mujeres que ocurren en nuestros pa\u00edses, porque el femicidio puede y debe prevenirse\u201d, dijo Mabel Bianco, presidenta de FEIM, durante su intervenci\u00f3n en el primer panel de expertas que tuvo lugar hoy en la 57 sesi\u00f3n de la <a href=\"http:\/\/www.un.org\/womenwatch\/daw\/csw\/57sess.htm\" target=\"_blank\">C<\/a><a href=\"http:\/\/www.un.org\/womenwatch\/daw\/csw\/57sess.htm\" target=\"_blank\">omisi\u00f3n sobre la Condici\u00f3n de la Mujer de Naciones Unidas<\/a>, que se desarrolla en Nueva York hasta el 15 de marzo.<br \/>\nEl <a href=\"https:\/\/diariofemenino.com.ar\/documentos\/csw57.pdf\" target=\"_blank\">documento de las ONG <\/a>denuncia la impunidad que gozan los agresores y la tolerancia que aun existe en los pa\u00edses hacia la violencia contra las mujeres y ni\u00f1as, dos factores que favorecen los femicidios como evoluci\u00f3n segura de la violencia hacia las mujeres. \u201cAnte la inactividad de quienes deben atender y proteger a la mujer en los organismos espec\u00edficos, la violencia evoluciona al femicidio como algo inevitable, aunque hay evidencia suficiente que demuestra que si se act\u00faa bien y oportunamente esto se puede evitar\u201d, asegur\u00f3 Bianco.<br \/>\n\u201cPor esto, los femicidios no solo son la m\u00e1s grave forma de violencia contra las mujeres, sino que tenemos que asegurar que se haga prevenci\u00f3n primaria: con campa\u00f1as en medios de comunicaci\u00f3n, educaci\u00f3n en las escuelas y otras formas de sensibilizaci\u00f3n de las personas\u201d, ejemplific\u00f3 la presidenta de FEIM. \u201cY tambi\u00e9n atenci\u00f3n secundaria -continu\u00f3-, atendiendo adecuadamente a las mujeres y ni\u00f1as que experimentan alguna forma de violencia. Para esto necesitamos planes con intervenciones correctas, con presupuesto suficiente y ostenido en el tiempo y no librado a los cambios pol\u00edticos de los gobiernos.\u201d<br \/>\n\u201cHace m\u00e1s de diez a\u00f1os, en un panel sobre la feminizaci\u00f3n del VIH en Naciones Unidas, dije que la casa era para las ni\u00f1as un lugar inseguro. Ahora, debo decir que hoy para las ni\u00f1as las casa es un lugar mucho m\u00e1s inseguro que hace diez a\u00f1os. SI NO ACTUAMOS YA, PERDEREMOS OTRA GENERACION DE NI\u00d1AS Y MUJERES J\u00d3VENES. NO LO PODEMOS PERMITIR\u201d, concluy\u00f3 Bianco.<br \/>\n<a href=\"https:\/\/diariofemenino.com.ar\/documentos\/csw57.pdf\" target=\"_blank\">Descargar Documento completo de ONG&#8217;s<\/a><br \/>\n<strong><span style=\"color: #ff00ff;\">M\u00e1s informaci\u00f3n FUNDACI\u00d3N PARA ESTUDIO E INVESTIGACI\u00d3N DE LA MUJER \u2013 FEIM. <\/span><\/strong><span style=\"color: #ff00ff;\"> (5411) 4372.2763 | <a onclick=\"return rcmail.command('compose','feim@feim.org.ar',this)\" href=\"mailto:feim@feim.org.ar\">feim@feim.org.ar<\/a> | <a>www.feim.org.ar<\/a> Mabel Bianco: +54911.6478.3635 | bianco.mabel@gmail.com Contacto de prensa: (5411) 15.4421.4264 | <a onclick=\"return rcmail.command('compose','gisela@feim.org.ar',this)\" href=\"mailto:gisela@feim.org.ar\">gisela@feim.org.ar<\/a><\/span><\/p>\n","protected":false},"excerpt":{"rendered":"<p>&nbsp; &nbsp; 57\u00aa Sesi\u00f3n de la Comisi\u00f3n sobre la Condici\u00f3n de la Mujer de ONU \u00a005.03.2013\u00a0 Hoy, de 3 a 6, es el primer panel de expertas y est\u00e1 dedicado especialmente a prevenci\u00f3n de la violencia contra mujeres y ni\u00f1as. Mabel Bianco habla para comentar y preguntar en nombre del Comit\u00e9e AdHoc promotor del Comit\u00e9 [&hellip;]<\/p>\n","protected":false},"author":1,"featured_media":0,"comment_status":"open","ping_status":"open","sticky":false,"template":"","format":"standard","meta":{"iawp_total_views":2,"footnotes":""},"categories":[22,3,4,21,2],"tags":[],"class_list":["post-5862","post","type-post","status-publish","format-standard","hentry","category-aborto","category-de-la-revolucion-al-reaprendizaje","category-medios","category-noticias","category-sin-categoria"],"nelio_content":{"autoShareEndMode":"never","automationSources":{"useCustomSentences":false,"customSentences":[]},"efiAlt":"","efiUrl":"","followers":[],"highlights":[],"isAutoShareEnabled":true,"networkImageIds":[],"permalinkQueryArgs":[],"series":[],"suggestedReferences":[]},"yoast_head":"<!-- This site is optimized with the Yoast SEO plugin v27.4 - https:\/\/yoast.com\/product\/yoast-seo-wordpress\/ -->\n<title>La casa es un lugar inseguro para ni\u00f1as y adolescentes - Diario Digital Femenino<\/title>\n<meta name=\"robots\" content=\"index, follow, max-snippet:-1, max-image-preview:large, max-video-preview:-1\" \/>\n<link rel=\"canonical\" href=\"https:\/\/diariofemenino.com.ar\/df\/la-casa-es-un-lugar-inseguro-para-ninas-y-adolescentes\/\" \/>\n<meta property=\"og:locale\" content=\"es_ES\" \/>\n<meta property=\"og:type\" content=\"article\" \/>\n<meta property=\"og:title\" content=\"La casa es un lugar inseguro para ni\u00f1as y adolescentes - Diario Digital Femenino\" \/>\n<meta property=\"og:description\" content=\"&nbsp; &nbsp; 57\u00aa Sesi\u00f3n de la Comisi\u00f3n sobre la Condici\u00f3n de la Mujer de ONU \u00a005.03.2013\u00a0 Hoy, de 3 a 6, es el primer panel de expertas y est\u00e1 dedicado especialmente a prevenci\u00f3n de la violencia contra mujeres y ni\u00f1as. Mabel Bianco habla para comentar y preguntar en nombre del Comit\u00e9e AdHoc promotor del Comit\u00e9 [&hellip;]\" \/>\n<meta property=\"og:url\" content=\"https:\/\/diariofemenino.com.ar\/df\/la-casa-es-un-lugar-inseguro-para-ninas-y-adolescentes\/\" \/>\n<meta property=\"og:site_name\" content=\"Diario Digital Femenino\" \/>\n<meta property=\"article:publisher\" content=\"https:\/\/www.facebook.com\/DiarioDigitaFemenino\/\" \/>\n<meta property=\"article:published_time\" content=\"2013-03-05T23:59:03+00:00\" \/>\n<meta property=\"og:image\" content=\"http:\/\/www.diariofemenino.com.ar\/wp-content\/uploads\/sobreprotegidos_caract.jpg\" \/>\n<meta name=\"author\" content=\"Admin\" \/>\n<meta name=\"twitter:card\" content=\"summary_large_image\" \/>\n<meta name=\"twitter:creator\" content=\"@DiarioFemenino1\" \/>\n<meta name=\"twitter:site\" content=\"@DiarioFemenino1\" \/>\n<meta name=\"twitter:label1\" content=\"Escrito por\" \/>\n\t<meta name=\"twitter:data1\" content=\"Admin\" \/>\n\t<meta name=\"twitter:label2\" content=\"Tiempo de lectura\" \/>\n\t<meta name=\"twitter:data2\" content=\"3 minutos\" \/>\n<script type=\"application\/ld+json\" class=\"yoast-schema-graph\">{\"@context\":\"https:\\\/\\\/schema.org\",\"@graph\":[{\"@type\":\"Article\",\"@id\":\"https:\\\/\\\/diariofemenino.com.ar\\\/df\\\/la-casa-es-un-lugar-inseguro-para-ninas-y-adolescentes\\\/#article\",\"isPartOf\":{\"@id\":\"https:\\\/\\\/diariofemenino.com.ar\\\/df\\\/la-casa-es-un-lugar-inseguro-para-ninas-y-adolescentes\\\/\"},\"author\":{\"name\":\"Admin\",\"@id\":\"https:\\\/\\\/diariofemenino.com.ar\\\/df\\\/#\\\/schema\\\/person\\\/38f54b3bfd13f561de2460ba95c169c6\"},\"headline\":\"La casa es un lugar inseguro para ni\u00f1as y adolescentes\",\"datePublished\":\"2013-03-05T23:59:03+00:00\",\"mainEntityOfPage\":{\"@id\":\"https:\\\/\\\/diariofemenino.com.ar\\\/df\\\/la-casa-es-un-lugar-inseguro-para-ninas-y-adolescentes\\\/\"},\"wordCount\":519,\"commentCount\":0,\"publisher\":{\"@id\":\"https:\\\/\\\/diariofemenino.com.ar\\\/df\\\/#organization\"},\"image\":{\"@id\":\"https:\\\/\\\/diariofemenino.com.ar\\\/df\\\/la-casa-es-un-lugar-inseguro-para-ninas-y-adolescentes\\\/#primaryimage\"},\"thumbnailUrl\":\"http:\\\/\\\/www.diariofemenino.com.ar\\\/wp-content\\\/uploads\\\/sobreprotegidos_caract.jpg\",\"articleSection\":[\"Aborto\",\"De la Revoluci\u00f3n al Reaprendizaje\",\"Medios\",\"Noticias\"],\"inLanguage\":\"es\",\"potentialAction\":[{\"@type\":\"CommentAction\",\"name\":\"Comment\",\"target\":[\"https:\\\/\\\/diariofemenino.com.ar\\\/df\\\/la-casa-es-un-lugar-inseguro-para-ninas-y-adolescentes\\\/#respond\"]}]},{\"@type\":\"WebPage\",\"@id\":\"https:\\\/\\\/diariofemenino.com.ar\\\/df\\\/la-casa-es-un-lugar-inseguro-para-ninas-y-adolescentes\\\/\",\"url\":\"https:\\\/\\\/diariofemenino.com.ar\\\/df\\\/la-casa-es-un-lugar-inseguro-para-ninas-y-adolescentes\\\/\",\"name\":\"La casa es un lugar inseguro para ni\u00f1as y adolescentes - Diario Digital Femenino\",\"isPartOf\":{\"@id\":\"https:\\\/\\\/diariofemenino.com.ar\\\/df\\\/#website\"},\"primaryImageOfPage\":{\"@id\":\"https:\\\/\\\/diariofemenino.com.ar\\\/df\\\/la-casa-es-un-lugar-inseguro-para-ninas-y-adolescentes\\\/#primaryimage\"},\"image\":{\"@id\":\"https:\\\/\\\/diariofemenino.com.ar\\\/df\\\/la-casa-es-un-lugar-inseguro-para-ninas-y-adolescentes\\\/#primaryimage\"},\"thumbnailUrl\":\"http:\\\/\\\/www.diariofemenino.com.ar\\\/wp-content\\\/uploads\\\/sobreprotegidos_caract.jpg\",\"datePublished\":\"2013-03-05T23:59:03+00:00\",\"breadcrumb\":{\"@id\":\"https:\\\/\\\/diariofemenino.com.ar\\\/df\\\/la-casa-es-un-lugar-inseguro-para-ninas-y-adolescentes\\\/#breadcrumb\"},\"inLanguage\":\"es\",\"potentialAction\":[{\"@type\":\"ReadAction\",\"target\":[\"https:\\\/\\\/diariofemenino.com.ar\\\/df\\\/la-casa-es-un-lugar-inseguro-para-ninas-y-adolescentes\\\/\"]}]},{\"@type\":\"ImageObject\",\"inLanguage\":\"es\",\"@id\":\"https:\\\/\\\/diariofemenino.com.ar\\\/df\\\/la-casa-es-un-lugar-inseguro-para-ninas-y-adolescentes\\\/#primaryimage\",\"url\":\"http:\\\/\\\/www.diariofemenino.com.ar\\\/wp-content\\\/uploads\\\/sobreprotegidos_caract.jpg\",\"contentUrl\":\"http:\\\/\\\/www.diariofemenino.com.ar\\\/wp-content\\\/uploads\\\/sobreprotegidos_caract.jpg\"},{\"@type\":\"BreadcrumbList\",\"@id\":\"https:\\\/\\\/diariofemenino.com.ar\\\/df\\\/la-casa-es-un-lugar-inseguro-para-ninas-y-adolescentes\\\/#breadcrumb\",\"itemListElement\":[{\"@type\":\"ListItem\",\"position\":1,\"name\":\"Portada\",\"item\":\"https:\\\/\\\/diariofemenino.com.ar\\\/df\\\/\"},{\"@type\":\"ListItem\",\"position\":2,\"name\":\"La casa es un lugar inseguro para ni\u00f1as y adolescentes\"}]},{\"@type\":\"WebSite\",\"@id\":\"https:\\\/\\\/diariofemenino.com.ar\\\/df\\\/#website\",\"url\":\"https:\\\/\\\/diariofemenino.com.ar\\\/df\\\/\",\"name\":\"Diario Digital Femenino\",\"description\":\"Cuesti\u00f3n de G\u00e9nero\",\"publisher\":{\"@id\":\"https:\\\/\\\/diariofemenino.com.ar\\\/df\\\/#organization\"},\"potentialAction\":[{\"@type\":\"SearchAction\",\"target\":{\"@type\":\"EntryPoint\",\"urlTemplate\":\"https:\\\/\\\/diariofemenino.com.ar\\\/df\\\/?s={search_term_string}\"},\"query-input\":{\"@type\":\"PropertyValueSpecification\",\"valueRequired\":true,\"valueName\":\"search_term_string\"}}],\"inLanguage\":\"es\"},{\"@type\":\"Organization\",\"@id\":\"https:\\\/\\\/diariofemenino.com.ar\\\/df\\\/#organization\",\"name\":\"Diario Femenino\",\"url\":\"https:\\\/\\\/diariofemenino.com.ar\\\/df\\\/\",\"logo\":{\"@type\":\"ImageObject\",\"inLanguage\":\"es\",\"@id\":\"https:\\\/\\\/diariofemenino.com.ar\\\/df\\\/#\\\/schema\\\/logo\\\/image\\\/\",\"url\":\"https:\\\/\\\/diariofemenino.com.ar\\\/df\\\/wp-content\\\/uploads\\\/2018\\\/10\\\/logo.png\",\"contentUrl\":\"https:\\\/\\\/diariofemenino.com.ar\\\/df\\\/wp-content\\\/uploads\\\/2018\\\/10\\\/logo.png\",\"width\":500,\"height\":92,\"caption\":\"Diario Femenino\"},\"image\":{\"@id\":\"https:\\\/\\\/diariofemenino.com.ar\\\/df\\\/#\\\/schema\\\/logo\\\/image\\\/\"},\"sameAs\":[\"https:\\\/\\\/www.facebook.com\\\/DiarioDigitaFemenino\\\/\",\"https:\\\/\\\/x.com\\\/DiarioFemenino1\"]},{\"@type\":\"Person\",\"@id\":\"https:\\\/\\\/diariofemenino.com.ar\\\/df\\\/#\\\/schema\\\/person\\\/38f54b3bfd13f561de2460ba95c169c6\",\"name\":\"Admin\",\"image\":{\"@type\":\"ImageObject\",\"inLanguage\":\"es\",\"@id\":\"https:\\\/\\\/diariofemenino.com.ar\\\/df\\\/wp-content\\\/uploads\\\/2018\\\/12\\\/favicon-150x150.jpg\",\"url\":\"https:\\\/\\\/diariofemenino.com.ar\\\/df\\\/wp-content\\\/uploads\\\/2018\\\/12\\\/favicon-150x150.jpg\",\"contentUrl\":\"https:\\\/\\\/diariofemenino.com.ar\\\/df\\\/wp-content\\\/uploads\\\/2018\\\/12\\\/favicon-150x150.jpg\",\"caption\":\"Admin\"},\"url\":\"https:\\\/\\\/diariofemenino.com.ar\\\/df\\\/author\\\/adm18df\\\/\"}]}<\/script>\n<!-- \/ Yoast SEO plugin. -->","yoast_head_json":{"title":"La casa es un lugar inseguro para ni\u00f1as y adolescentes - Diario Digital Femenino","robots":{"index":"index","follow":"follow","max-snippet":"max-snippet:-1","max-image-preview":"max-image-preview:large","max-video-preview":"max-video-preview:-1"},"canonical":"https:\/\/diariofemenino.com.ar\/df\/la-casa-es-un-lugar-inseguro-para-ninas-y-adolescentes\/","og_locale":"es_ES","og_type":"article","og_title":"La casa es un lugar inseguro para ni\u00f1as y adolescentes - Diario Digital Femenino","og_description":"&nbsp; &nbsp; 57\u00aa Sesi\u00f3n de la Comisi\u00f3n sobre la Condici\u00f3n de la Mujer de ONU \u00a005.03.2013\u00a0 Hoy, de 3 a 6, es el primer panel de expertas y est\u00e1 dedicado especialmente a prevenci\u00f3n de la violencia contra mujeres y ni\u00f1as. Mabel Bianco habla para comentar y preguntar en nombre del Comit\u00e9e AdHoc promotor del Comit\u00e9 [&hellip;]","og_url":"https:\/\/diariofemenino.com.ar\/df\/la-casa-es-un-lugar-inseguro-para-ninas-y-adolescentes\/","og_site_name":"Diario Digital Femenino","article_publisher":"https:\/\/www.facebook.com\/DiarioDigitaFemenino\/","article_published_time":"2013-03-05T23:59:03+00:00","og_image":[{"url":"http:\/\/www.diariofemenino.com.ar\/wp-content\/uploads\/sobreprotegidos_caract.jpg","type":"","width":"","height":""}],"author":"Admin","twitter_card":"summary_large_image","twitter_creator":"@DiarioFemenino1","twitter_site":"@DiarioFemenino1","twitter_misc":{"Escrito por":"Admin","Tiempo de lectura":"3 minutos"},"schema":{"@context":"https:\/\/schema.org","@graph":[{"@type":"Article","@id":"https:\/\/diariofemenino.com.ar\/df\/la-casa-es-un-lugar-inseguro-para-ninas-y-adolescentes\/#article","isPartOf":{"@id":"https:\/\/diariofemenino.com.ar\/df\/la-casa-es-un-lugar-inseguro-para-ninas-y-adolescentes\/"},"author":{"name":"Admin","@id":"https:\/\/diariofemenino.com.ar\/df\/#\/schema\/person\/38f54b3bfd13f561de2460ba95c169c6"},"headline":"La casa es un lugar inseguro para ni\u00f1as y adolescentes","datePublished":"2013-03-05T23:59:03+00:00","mainEntityOfPage":{"@id":"https:\/\/diariofemenino.com.ar\/df\/la-casa-es-un-lugar-inseguro-para-ninas-y-adolescentes\/"},"wordCount":519,"commentCount":0,"publisher":{"@id":"https:\/\/diariofemenino.com.ar\/df\/#organization"},"image":{"@id":"https:\/\/diariofemenino.com.ar\/df\/la-casa-es-un-lugar-inseguro-para-ninas-y-adolescentes\/#primaryimage"},"thumbnailUrl":"http:\/\/www.diariofemenino.com.ar\/wp-content\/uploads\/sobreprotegidos_caract.jpg","articleSection":["Aborto","De la Revoluci\u00f3n al Reaprendizaje","Medios","Noticias"],"inLanguage":"es","potentialAction":[{"@type":"CommentAction","name":"Comment","target":["https:\/\/diariofemenino.com.ar\/df\/la-casa-es-un-lugar-inseguro-para-ninas-y-adolescentes\/#respond"]}]},{"@type":"WebPage","@id":"https:\/\/diariofemenino.com.ar\/df\/la-casa-es-un-lugar-inseguro-para-ninas-y-adolescentes\/","url":"https:\/\/diariofemenino.com.ar\/df\/la-casa-es-un-lugar-inseguro-para-ninas-y-adolescentes\/","name":"La casa es un lugar inseguro para ni\u00f1as y adolescentes - Diario Digital Femenino","isPartOf":{"@id":"https:\/\/diariofemenino.com.ar\/df\/#website"},"primaryImageOfPage":{"@id":"https:\/\/diariofemenino.com.ar\/df\/la-casa-es-un-lugar-inseguro-para-ninas-y-adolescentes\/#primaryimage"},"image":{"@id":"https:\/\/diariofemenino.com.ar\/df\/la-casa-es-un-lugar-inseguro-para-ninas-y-adolescentes\/#primaryimage"},"thumbnailUrl":"http:\/\/www.diariofemenino.com.ar\/wp-content\/uploads\/sobreprotegidos_caract.jpg","datePublished":"2013-03-05T23:59:03+00:00","breadcrumb":{"@id":"https:\/\/diariofemenino.com.ar\/df\/la-casa-es-un-lugar-inseguro-para-ninas-y-adolescentes\/#breadcrumb"},"inLanguage":"es","potentialAction":[{"@type":"ReadAction","target":["https:\/\/diariofemenino.com.ar\/df\/la-casa-es-un-lugar-inseguro-para-ninas-y-adolescentes\/"]}]},{"@type":"ImageObject","inLanguage":"es","@id":"https:\/\/diariofemenino.com.ar\/df\/la-casa-es-un-lugar-inseguro-para-ninas-y-adolescentes\/#primaryimage","url":"http:\/\/www.diariofemenino.com.ar\/wp-content\/uploads\/sobreprotegidos_caract.jpg","contentUrl":"http:\/\/www.diariofemenino.com.ar\/wp-content\/uploads\/sobreprotegidos_caract.jpg"},{"@type":"BreadcrumbList","@id":"https:\/\/diariofemenino.com.ar\/df\/la-casa-es-un-lugar-inseguro-para-ninas-y-adolescentes\/#breadcrumb","itemListElement":[{"@type":"ListItem","position":1,"name":"Portada","item":"https:\/\/diariofemenino.com.ar\/df\/"},{"@type":"ListItem","position":2,"name":"La casa es un lugar inseguro para ni\u00f1as y adolescentes"}]},{"@type":"WebSite","@id":"https:\/\/diariofemenino.com.ar\/df\/#website","url":"https:\/\/diariofemenino.com.ar\/df\/","name":"Diario Digital Femenino","description":"Cuesti\u00f3n de G\u00e9nero","publisher":{"@id":"https:\/\/diariofemenino.com.ar\/df\/#organization"},"potentialAction":[{"@type":"SearchAction","target":{"@type":"EntryPoint","urlTemplate":"https:\/\/diariofemenino.com.ar\/df\/?s={search_term_string}"},"query-input":{"@type":"PropertyValueSpecification","valueRequired":true,"valueName":"search_term_string"}}],"inLanguage":"es"},{"@type":"Organization","@id":"https:\/\/diariofemenino.com.ar\/df\/#organization","name":"Diario Femenino","url":"https:\/\/diariofemenino.com.ar\/df\/","logo":{"@type":"ImageObject","inLanguage":"es","@id":"https:\/\/diariofemenino.com.ar\/df\/#\/schema\/logo\/image\/","url":"https:\/\/diariofemenino.com.ar\/df\/wp-content\/uploads\/2018\/10\/logo.png","contentUrl":"https:\/\/diariofemenino.com.ar\/df\/wp-content\/uploads\/2018\/10\/logo.png","width":500,"height":92,"caption":"Diario Femenino"},"image":{"@id":"https:\/\/diariofemenino.com.ar\/df\/#\/schema\/logo\/image\/"},"sameAs":["https:\/\/www.facebook.com\/DiarioDigitaFemenino\/","https:\/\/x.com\/DiarioFemenino1"]},{"@type":"Person","@id":"https:\/\/diariofemenino.com.ar\/df\/#\/schema\/person\/38f54b3bfd13f561de2460ba95c169c6","name":"Admin","image":{"@type":"ImageObject","inLanguage":"es","@id":"https:\/\/diariofemenino.com.ar\/df\/wp-content\/uploads\/2018\/12\/favicon-150x150.jpg","url":"https:\/\/diariofemenino.com.ar\/df\/wp-content\/uploads\/2018\/12\/favicon-150x150.jpg","contentUrl":"https:\/\/diariofemenino.com.ar\/df\/wp-content\/uploads\/2018\/12\/favicon-150x150.jpg","caption":"Admin"},"url":"https:\/\/diariofemenino.com.ar\/df\/author\/adm18df\/"}]}},"jetpack_featured_media_url":"","jetpack_sharing_enabled":true,"rttpg_featured_image_url":null,"rttpg_author":{"display_name":"Admin","author_link":"https:\/\/diariofemenino.com.ar\/df\/author\/adm18df\/"},"rttpg_comment":0,"rttpg_category":"<a href=\"https:\/\/diariofemenino.com.ar\/df\/category\/aborto\/\" rel=\"category tag\">Aborto<\/a> <a href=\"https:\/\/diariofemenino.com.ar\/df\/category\/de-la-revolucion-al-reaprendizaje\/\" rel=\"category tag\">De la Revoluci\u00f3n al Reaprendizaje<\/a> <a href=\"https:\/\/diariofemenino.com.ar\/df\/category\/medios\/\" rel=\"category tag\">Medios<\/a> <a href=\"https:\/\/diariofemenino.com.ar\/df\/category\/noticias\/\" rel=\"category tag\">Noticias<\/a> <a href=\"https:\/\/diariofemenino.com.ar\/df\/category\/sin-categoria\/\" rel=\"category tag\">Sin categor\u00eda<\/a>","rttpg_excerpt":"&nbsp; &nbsp; 57\u00aa Sesi\u00f3n de la Comisi\u00f3n sobre la Condici\u00f3n de la Mujer de ONU \u00a005.03.2013\u00a0 Hoy, de 3 a 6, es el primer panel de expertas y est\u00e1 dedicado especialmente a prevenci\u00f3n de la violencia contra mujeres y ni\u00f1as. Mabel Bianco habla para comentar y preguntar en nombre del Comit\u00e9e AdHoc promotor del Comit\u00e9&hellip;","_links":{"self":[{"href":"https:\/\/diariofemenino.com.ar\/df\/wp-json\/wp\/v2\/posts\/5862","targetHints":{"allow":["GET"]}}],"collection":[{"href":"https:\/\/diariofemenino.com.ar\/df\/wp-json\/wp\/v2\/posts"}],"about":[{"href":"https:\/\/diariofemenino.com.ar\/df\/wp-json\/wp\/v2\/types\/post"}],"author":[{"embeddable":true,"href":"https:\/\/diariofemenino.com.ar\/df\/wp-json\/wp\/v2\/users\/1"}],"replies":[{"embeddable":true,"href":"https:\/\/diariofemenino.com.ar\/df\/wp-json\/wp\/v2\/comments?post=5862"}],"version-history":[{"count":0,"href":"https:\/\/diariofemenino.com.ar\/df\/wp-json\/wp\/v2\/posts\/5862\/revisions"}],"wp:attachment":[{"href":"https:\/\/diariofemenino.com.ar\/df\/wp-json\/wp\/v2\/media?parent=5862"}],"wp:term":[{"taxonomy":"category","embeddable":true,"href":"https:\/\/diariofemenino.com.ar\/df\/wp-json\/wp\/v2\/categories?post=5862"},{"taxonomy":"post_tag","embeddable":true,"href":"https:\/\/diariofemenino.com.ar\/df\/wp-json\/wp\/v2\/tags?post=5862"}],"curies":[{"name":"wp","href":"https:\/\/api.w.org\/{rel}","templated":true}]}}