{"id":5853,"date":"2013-03-04T22:59:48","date_gmt":"2013-03-05T01:59:48","guid":{"rendered":"http:\/\/www.diariofemenino.com.ar\/?p=5853"},"modified":"2013-03-04T22:59:48","modified_gmt":"2013-03-05T01:59:48","slug":"susana-trimarco-en-santa-rosa-programa-de-actividades","status":"publish","type":"post","link":"https:\/\/diariofemenino.com.ar\/df\/susana-trimarco-en-santa-rosa-programa-de-actividades\/","title":{"rendered":"Susana Trimarco en Santa Rosa. Programa de Actividades"},"content":{"rendered":"<p>&nbsp;<br \/>\n&nbsp;<br \/>\n&nbsp;<br \/>\n<a href=\"http:\/\/www.diariofemenino.com.ar\/wp-content\/uploads\/trimarco_susana1.jpg\"><img loading=\"lazy\" decoding=\"async\" class=\"alignleft size-full wp-image-5855\" title=\"trimarco_susana\" src=\"http:\/\/www.diariofemenino.com.ar\/wp-content\/uploads\/trimarco_susana1.jpg\" alt=\"\" width=\"265\" height=\"240\" \/><\/a>Como lo anunciara la vicegobernadora Norma Durango \u00a0la pasada semana, los d\u00edas 7 y 8 de marzo, en el marco de la conmemoraci\u00f3n del D\u00eda Internacional de la Mujer, \u00a0Susana Trimarco, madre de la desaparecida Marita Ver\u00f3n y titular de la Fundaci\u00f3n: \u201cMar\u00eda de los \u00c1ngeles\u201d visitar\u00e1 nuestra ciudad con el objeto de firmar un convenio de cooperaci\u00f3n mutua, sobre Trata de personas, con la C\u00e1mara de Diputados de la provincia de La Pampa, \u00a0y\u00a0dem\u00e1s \u00a0actividades programadas.<br \/>\nEl compromiso de la C\u00e1mara de Diputados , representada por la vicegobernadora Norma Durango es\u00a0 formar parte de la multiplicaci\u00f3n de un programa de la Fundaci\u00f3n Mar\u00eda de los \u00c1ngeles denominado: \u201cLas rutas de la Trata\u201d. Consiste en un \u00a0video de 18\u2019 de duraci\u00f3n que propone y consigue agudizar la mirada en lugares donde no estaba previsto. Lo acostumbrado es sensibilizar y trabajar con la Polic\u00eda, \u00a0agrupaciones relacionadas con el tema, etc..\u00a0 La idea ahora es sumar a personas de sectores fundamentales en la detecci\u00f3n del delito como: \u00a0empleadxs de estaciones de servicio, de \u00a0parrillas y restaurantes ruteros, camioneros, comisionistas, entre otrxs.\u00a0Intentar\u00a0ense\u00f1ar\u00a0a poner la mirada en situaciones sospechosas. No se les pide que se involucren personalmente sino que ante la menor duda llamen al 145.<br \/>\nComo parte de la ejecuci\u00f3n del \u00a0convenio est\u00e1n previstas realizar dos jornadas de capacitaci\u00f3n con equipos t\u00e9cnicos de la Fundaci\u00f3n para personas de nuestra provincia que deseen sumarse a la iniciativa.<br \/>\n<strong>Programa.<\/strong><br \/>\n<strong>7\u00a0 de marzo <\/strong><br \/>\n-A las 10:00hs \u00a0en el despacho de la\u00a0 vicegobernadora \u00a0Susana Trimarco y Norma Durango, ante la prensa, firmar\u00e1n el convenio de colaboraci\u00f3n mutua<br \/>\n-Acto seguido entrevistas exclusivas con periodistas acreditados, destinando 10\u2019 cada uno<br \/>\n&#8211; 18:00hs Entrevistas con Fundaciones , Asociaciones, grupos de Mujeres, Instituciones y Prensa<br \/>\n-19:00hs Proyecci\u00f3n del video \u201cLas rutas de la Trata\u201d, palabras de la vicegobernadora Norma Durango y disertaci\u00f3n de la se\u00f1ora Susana Trimarco\u00a0 Se entregar\u00e1 \u00a0material a los presentes: videos y gacetillas.<br \/>\n<strong>8 de marzo<\/strong><br \/>\nA las \u00a010:00hs \u00a0en el Sal\u00f3n de Acuerdos de Casa de Gobierno(a confirmar)\u00a0 Charla -Capacitaci\u00f3n a mujeres de la provincia organizada por la C\u00e1mara de Diputados y el Consejo Provincial de la Mujer<br \/>\n&nbsp;<br \/>\n&nbsp;<\/p>\n","protected":false},"excerpt":{"rendered":"<p>&nbsp; &nbsp; &nbsp; Como lo anunciara la vicegobernadora Norma Durango \u00a0la pasada semana, los d\u00edas 7 y 8 de marzo, en el marco de la conmemoraci\u00f3n del D\u00eda Internacional de la Mujer, \u00a0Susana Trimarco, madre de la desaparecida Marita Ver\u00f3n y titular de la Fundaci\u00f3n: \u201cMar\u00eda de los \u00c1ngeles\u201d visitar\u00e1 nuestra ciudad con el objeto [&hellip;]<\/p>\n","protected":false},"author":1,"featured_media":0,"comment_status":"open","ping_status":"open","sticky":false,"template":"","format":"standard","meta":{"iawp_total_views":4,"footnotes":""},"categories":[22,4,21,15],"tags":[],"class_list":["post-5853","post","type-post","status-publish","format-standard","hentry","category-aborto","category-medios","category-noticias","category-trata-de-personas"],"nelio_content":{"autoShareEndMode":"never","automationSources":{"useCustomSentences":false,"customSentences":[]},"efiAlt":"","efiUrl":"","followers":[],"highlights":[],"isAutoShareEnabled":true,"networkImageIds":[],"permalinkQueryArgs":[],"series":[],"suggestedReferences":[]},"yoast_head":"<!-- This site is optimized with the Yoast SEO plugin v27.4 - https:\/\/yoast.com\/product\/yoast-seo-wordpress\/ -->\n<title>Susana Trimarco en Santa Rosa. Programa de Actividades - Diario Digital Femenino<\/title>\n<meta name=\"robots\" content=\"index, follow, max-snippet:-1, max-image-preview:large, max-video-preview:-1\" \/>\n<link rel=\"canonical\" href=\"https:\/\/diariofemenino.com.ar\/df\/susana-trimarco-en-santa-rosa-programa-de-actividades\/\" \/>\n<meta property=\"og:locale\" content=\"es_ES\" \/>\n<meta property=\"og:type\" content=\"article\" \/>\n<meta property=\"og:title\" content=\"Susana Trimarco en Santa Rosa. Programa de Actividades - Diario Digital Femenino\" \/>\n<meta property=\"og:description\" content=\"&nbsp; &nbsp; &nbsp; Como lo anunciara la vicegobernadora Norma Durango \u00a0la pasada semana, los d\u00edas 7 y 8 de marzo, en el marco de la conmemoraci\u00f3n del D\u00eda Internacional de la Mujer, \u00a0Susana Trimarco, madre de la desaparecida Marita Ver\u00f3n y titular de la Fundaci\u00f3n: \u201cMar\u00eda de los \u00c1ngeles\u201d visitar\u00e1 nuestra ciudad con el objeto [&hellip;]\" \/>\n<meta property=\"og:url\" content=\"https:\/\/diariofemenino.com.ar\/df\/susana-trimarco-en-santa-rosa-programa-de-actividades\/\" \/>\n<meta property=\"og:site_name\" content=\"Diario Digital Femenino\" \/>\n<meta property=\"article:publisher\" content=\"https:\/\/www.facebook.com\/DiarioDigitaFemenino\/\" \/>\n<meta property=\"article:published_time\" content=\"2013-03-05T01:59:48+00:00\" \/>\n<meta property=\"og:image\" content=\"http:\/\/www.diariofemenino.com.ar\/wp-content\/uploads\/trimarco_susana1.jpg\" \/>\n<meta name=\"author\" content=\"Admin\" \/>\n<meta name=\"twitter:card\" content=\"summary_large_image\" \/>\n<meta name=\"twitter:creator\" content=\"@DiarioFemenino1\" \/>\n<meta name=\"twitter:site\" content=\"@DiarioFemenino1\" \/>\n<meta name=\"twitter:label1\" content=\"Escrito por\" \/>\n\t<meta name=\"twitter:data1\" content=\"Admin\" \/>\n\t<meta name=\"twitter:label2\" content=\"Tiempo de lectura\" \/>\n\t<meta name=\"twitter:data2\" content=\"2 minutos\" \/>\n<script type=\"application\/ld+json\" class=\"yoast-schema-graph\">{\"@context\":\"https:\\\/\\\/schema.org\",\"@graph\":[{\"@type\":\"Article\",\"@id\":\"https:\\\/\\\/diariofemenino.com.ar\\\/df\\\/susana-trimarco-en-santa-rosa-programa-de-actividades\\\/#article\",\"isPartOf\":{\"@id\":\"https:\\\/\\\/diariofemenino.com.ar\\\/df\\\/susana-trimarco-en-santa-rosa-programa-de-actividades\\\/\"},\"author\":{\"name\":\"Admin\",\"@id\":\"https:\\\/\\\/diariofemenino.com.ar\\\/df\\\/#\\\/schema\\\/person\\\/38f54b3bfd13f561de2460ba95c169c6\"},\"headline\":\"Susana Trimarco en Santa Rosa. Programa de Actividades\",\"datePublished\":\"2013-03-05T01:59:48+00:00\",\"mainEntityOfPage\":{\"@id\":\"https:\\\/\\\/diariofemenino.com.ar\\\/df\\\/susana-trimarco-en-santa-rosa-programa-de-actividades\\\/\"},\"wordCount\":391,\"commentCount\":0,\"publisher\":{\"@id\":\"https:\\\/\\\/diariofemenino.com.ar\\\/df\\\/#organization\"},\"image\":{\"@id\":\"https:\\\/\\\/diariofemenino.com.ar\\\/df\\\/susana-trimarco-en-santa-rosa-programa-de-actividades\\\/#primaryimage\"},\"thumbnailUrl\":\"http:\\\/\\\/www.diariofemenino.com.ar\\\/wp-content\\\/uploads\\\/trimarco_susana1.jpg\",\"articleSection\":[\"Aborto\",\"Medios\",\"Noticias\",\"Trata de Pers.\"],\"inLanguage\":\"es\",\"potentialAction\":[{\"@type\":\"CommentAction\",\"name\":\"Comment\",\"target\":[\"https:\\\/\\\/diariofemenino.com.ar\\\/df\\\/susana-trimarco-en-santa-rosa-programa-de-actividades\\\/#respond\"]}]},{\"@type\":\"WebPage\",\"@id\":\"https:\\\/\\\/diariofemenino.com.ar\\\/df\\\/susana-trimarco-en-santa-rosa-programa-de-actividades\\\/\",\"url\":\"https:\\\/\\\/diariofemenino.com.ar\\\/df\\\/susana-trimarco-en-santa-rosa-programa-de-actividades\\\/\",\"name\":\"Susana Trimarco en Santa Rosa. Programa de Actividades - Diario Digital Femenino\",\"isPartOf\":{\"@id\":\"https:\\\/\\\/diariofemenino.com.ar\\\/df\\\/#website\"},\"primaryImageOfPage\":{\"@id\":\"https:\\\/\\\/diariofemenino.com.ar\\\/df\\\/susana-trimarco-en-santa-rosa-programa-de-actividades\\\/#primaryimage\"},\"image\":{\"@id\":\"https:\\\/\\\/diariofemenino.com.ar\\\/df\\\/susana-trimarco-en-santa-rosa-programa-de-actividades\\\/#primaryimage\"},\"thumbnailUrl\":\"http:\\\/\\\/www.diariofemenino.com.ar\\\/wp-content\\\/uploads\\\/trimarco_susana1.jpg\",\"datePublished\":\"2013-03-05T01:59:48+00:00\",\"breadcrumb\":{\"@id\":\"https:\\\/\\\/diariofemenino.com.ar\\\/df\\\/susana-trimarco-en-santa-rosa-programa-de-actividades\\\/#breadcrumb\"},\"inLanguage\":\"es\",\"potentialAction\":[{\"@type\":\"ReadAction\",\"target\":[\"https:\\\/\\\/diariofemenino.com.ar\\\/df\\\/susana-trimarco-en-santa-rosa-programa-de-actividades\\\/\"]}]},{\"@type\":\"ImageObject\",\"inLanguage\":\"es\",\"@id\":\"https:\\\/\\\/diariofemenino.com.ar\\\/df\\\/susana-trimarco-en-santa-rosa-programa-de-actividades\\\/#primaryimage\",\"url\":\"http:\\\/\\\/www.diariofemenino.com.ar\\\/wp-content\\\/uploads\\\/trimarco_susana1.jpg\",\"contentUrl\":\"http:\\\/\\\/www.diariofemenino.com.ar\\\/wp-content\\\/uploads\\\/trimarco_susana1.jpg\"},{\"@type\":\"BreadcrumbList\",\"@id\":\"https:\\\/\\\/diariofemenino.com.ar\\\/df\\\/susana-trimarco-en-santa-rosa-programa-de-actividades\\\/#breadcrumb\",\"itemListElement\":[{\"@type\":\"ListItem\",\"position\":1,\"name\":\"Portada\",\"item\":\"https:\\\/\\\/diariofemenino.com.ar\\\/df\\\/\"},{\"@type\":\"ListItem\",\"position\":2,\"name\":\"Susana Trimarco en Santa Rosa. Programa de Actividades\"}]},{\"@type\":\"WebSite\",\"@id\":\"https:\\\/\\\/diariofemenino.com.ar\\\/df\\\/#website\",\"url\":\"https:\\\/\\\/diariofemenino.com.ar\\\/df\\\/\",\"name\":\"Diario Digital Femenino\",\"description\":\"Cuesti\u00f3n de G\u00e9nero\",\"publisher\":{\"@id\":\"https:\\\/\\\/diariofemenino.com.ar\\\/df\\\/#organization\"},\"potentialAction\":[{\"@type\":\"SearchAction\",\"target\":{\"@type\":\"EntryPoint\",\"urlTemplate\":\"https:\\\/\\\/diariofemenino.com.ar\\\/df\\\/?s={search_term_string}\"},\"query-input\":{\"@type\":\"PropertyValueSpecification\",\"valueRequired\":true,\"valueName\":\"search_term_string\"}}],\"inLanguage\":\"es\"},{\"@type\":\"Organization\",\"@id\":\"https:\\\/\\\/diariofemenino.com.ar\\\/df\\\/#organization\",\"name\":\"Diario Femenino\",\"url\":\"https:\\\/\\\/diariofemenino.com.ar\\\/df\\\/\",\"logo\":{\"@type\":\"ImageObject\",\"inLanguage\":\"es\",\"@id\":\"https:\\\/\\\/diariofemenino.com.ar\\\/df\\\/#\\\/schema\\\/logo\\\/image\\\/\",\"url\":\"https:\\\/\\\/diariofemenino.com.ar\\\/df\\\/wp-content\\\/uploads\\\/2018\\\/10\\\/logo.png\",\"contentUrl\":\"https:\\\/\\\/diariofemenino.com.ar\\\/df\\\/wp-content\\\/uploads\\\/2018\\\/10\\\/logo.png\",\"width\":500,\"height\":92,\"caption\":\"Diario Femenino\"},\"image\":{\"@id\":\"https:\\\/\\\/diariofemenino.com.ar\\\/df\\\/#\\\/schema\\\/logo\\\/image\\\/\"},\"sameAs\":[\"https:\\\/\\\/www.facebook.com\\\/DiarioDigitaFemenino\\\/\",\"https:\\\/\\\/x.com\\\/DiarioFemenino1\"]},{\"@type\":\"Person\",\"@id\":\"https:\\\/\\\/diariofemenino.com.ar\\\/df\\\/#\\\/schema\\\/person\\\/38f54b3bfd13f561de2460ba95c169c6\",\"name\":\"Admin\",\"image\":{\"@type\":\"ImageObject\",\"inLanguage\":\"es\",\"@id\":\"https:\\\/\\\/diariofemenino.com.ar\\\/df\\\/wp-content\\\/uploads\\\/2018\\\/12\\\/favicon-150x150.jpg\",\"url\":\"https:\\\/\\\/diariofemenino.com.ar\\\/df\\\/wp-content\\\/uploads\\\/2018\\\/12\\\/favicon-150x150.jpg\",\"contentUrl\":\"https:\\\/\\\/diariofemenino.com.ar\\\/df\\\/wp-content\\\/uploads\\\/2018\\\/12\\\/favicon-150x150.jpg\",\"caption\":\"Admin\"},\"url\":\"https:\\\/\\\/diariofemenino.com.ar\\\/df\\\/author\\\/adm18df\\\/\"}]}<\/script>\n<!-- \/ Yoast SEO plugin. -->","yoast_head_json":{"title":"Susana Trimarco en Santa Rosa. Programa de Actividades - Diario Digital Femenino","robots":{"index":"index","follow":"follow","max-snippet":"max-snippet:-1","max-image-preview":"max-image-preview:large","max-video-preview":"max-video-preview:-1"},"canonical":"https:\/\/diariofemenino.com.ar\/df\/susana-trimarco-en-santa-rosa-programa-de-actividades\/","og_locale":"es_ES","og_type":"article","og_title":"Susana Trimarco en Santa Rosa. Programa de Actividades - Diario Digital Femenino","og_description":"&nbsp; &nbsp; &nbsp; Como lo anunciara la vicegobernadora Norma Durango \u00a0la pasada semana, los d\u00edas 7 y 8 de marzo, en el marco de la conmemoraci\u00f3n del D\u00eda Internacional de la Mujer, \u00a0Susana Trimarco, madre de la desaparecida Marita Ver\u00f3n y titular de la Fundaci\u00f3n: \u201cMar\u00eda de los \u00c1ngeles\u201d visitar\u00e1 nuestra ciudad con el objeto [&hellip;]","og_url":"https:\/\/diariofemenino.com.ar\/df\/susana-trimarco-en-santa-rosa-programa-de-actividades\/","og_site_name":"Diario Digital Femenino","article_publisher":"https:\/\/www.facebook.com\/DiarioDigitaFemenino\/","article_published_time":"2013-03-05T01:59:48+00:00","og_image":[{"url":"http:\/\/www.diariofemenino.com.ar\/wp-content\/uploads\/trimarco_susana1.jpg","type":"","width":"","height":""}],"author":"Admin","twitter_card":"summary_large_image","twitter_creator":"@DiarioFemenino1","twitter_site":"@DiarioFemenino1","twitter_misc":{"Escrito por":"Admin","Tiempo de lectura":"2 minutos"},"schema":{"@context":"https:\/\/schema.org","@graph":[{"@type":"Article","@id":"https:\/\/diariofemenino.com.ar\/df\/susana-trimarco-en-santa-rosa-programa-de-actividades\/#article","isPartOf":{"@id":"https:\/\/diariofemenino.com.ar\/df\/susana-trimarco-en-santa-rosa-programa-de-actividades\/"},"author":{"name":"Admin","@id":"https:\/\/diariofemenino.com.ar\/df\/#\/schema\/person\/38f54b3bfd13f561de2460ba95c169c6"},"headline":"Susana Trimarco en Santa Rosa. Programa de Actividades","datePublished":"2013-03-05T01:59:48+00:00","mainEntityOfPage":{"@id":"https:\/\/diariofemenino.com.ar\/df\/susana-trimarco-en-santa-rosa-programa-de-actividades\/"},"wordCount":391,"commentCount":0,"publisher":{"@id":"https:\/\/diariofemenino.com.ar\/df\/#organization"},"image":{"@id":"https:\/\/diariofemenino.com.ar\/df\/susana-trimarco-en-santa-rosa-programa-de-actividades\/#primaryimage"},"thumbnailUrl":"http:\/\/www.diariofemenino.com.ar\/wp-content\/uploads\/trimarco_susana1.jpg","articleSection":["Aborto","Medios","Noticias","Trata de Pers."],"inLanguage":"es","potentialAction":[{"@type":"CommentAction","name":"Comment","target":["https:\/\/diariofemenino.com.ar\/df\/susana-trimarco-en-santa-rosa-programa-de-actividades\/#respond"]}]},{"@type":"WebPage","@id":"https:\/\/diariofemenino.com.ar\/df\/susana-trimarco-en-santa-rosa-programa-de-actividades\/","url":"https:\/\/diariofemenino.com.ar\/df\/susana-trimarco-en-santa-rosa-programa-de-actividades\/","name":"Susana Trimarco en Santa Rosa. Programa de Actividades - Diario Digital Femenino","isPartOf":{"@id":"https:\/\/diariofemenino.com.ar\/df\/#website"},"primaryImageOfPage":{"@id":"https:\/\/diariofemenino.com.ar\/df\/susana-trimarco-en-santa-rosa-programa-de-actividades\/#primaryimage"},"image":{"@id":"https:\/\/diariofemenino.com.ar\/df\/susana-trimarco-en-santa-rosa-programa-de-actividades\/#primaryimage"},"thumbnailUrl":"http:\/\/www.diariofemenino.com.ar\/wp-content\/uploads\/trimarco_susana1.jpg","datePublished":"2013-03-05T01:59:48+00:00","breadcrumb":{"@id":"https:\/\/diariofemenino.com.ar\/df\/susana-trimarco-en-santa-rosa-programa-de-actividades\/#breadcrumb"},"inLanguage":"es","potentialAction":[{"@type":"ReadAction","target":["https:\/\/diariofemenino.com.ar\/df\/susana-trimarco-en-santa-rosa-programa-de-actividades\/"]}]},{"@type":"ImageObject","inLanguage":"es","@id":"https:\/\/diariofemenino.com.ar\/df\/susana-trimarco-en-santa-rosa-programa-de-actividades\/#primaryimage","url":"http:\/\/www.diariofemenino.com.ar\/wp-content\/uploads\/trimarco_susana1.jpg","contentUrl":"http:\/\/www.diariofemenino.com.ar\/wp-content\/uploads\/trimarco_susana1.jpg"},{"@type":"BreadcrumbList","@id":"https:\/\/diariofemenino.com.ar\/df\/susana-trimarco-en-santa-rosa-programa-de-actividades\/#breadcrumb","itemListElement":[{"@type":"ListItem","position":1,"name":"Portada","item":"https:\/\/diariofemenino.com.ar\/df\/"},{"@type":"ListItem","position":2,"name":"Susana Trimarco en Santa Rosa. Programa de Actividades"}]},{"@type":"WebSite","@id":"https:\/\/diariofemenino.com.ar\/df\/#website","url":"https:\/\/diariofemenino.com.ar\/df\/","name":"Diario Digital Femenino","description":"Cuesti\u00f3n de G\u00e9nero","publisher":{"@id":"https:\/\/diariofemenino.com.ar\/df\/#organization"},"potentialAction":[{"@type":"SearchAction","target":{"@type":"EntryPoint","urlTemplate":"https:\/\/diariofemenino.com.ar\/df\/?s={search_term_string}"},"query-input":{"@type":"PropertyValueSpecification","valueRequired":true,"valueName":"search_term_string"}}],"inLanguage":"es"},{"@type":"Organization","@id":"https:\/\/diariofemenino.com.ar\/df\/#organization","name":"Diario Femenino","url":"https:\/\/diariofemenino.com.ar\/df\/","logo":{"@type":"ImageObject","inLanguage":"es","@id":"https:\/\/diariofemenino.com.ar\/df\/#\/schema\/logo\/image\/","url":"https:\/\/diariofemenino.com.ar\/df\/wp-content\/uploads\/2018\/10\/logo.png","contentUrl":"https:\/\/diariofemenino.com.ar\/df\/wp-content\/uploads\/2018\/10\/logo.png","width":500,"height":92,"caption":"Diario Femenino"},"image":{"@id":"https:\/\/diariofemenino.com.ar\/df\/#\/schema\/logo\/image\/"},"sameAs":["https:\/\/www.facebook.com\/DiarioDigitaFemenino\/","https:\/\/x.com\/DiarioFemenino1"]},{"@type":"Person","@id":"https:\/\/diariofemenino.com.ar\/df\/#\/schema\/person\/38f54b3bfd13f561de2460ba95c169c6","name":"Admin","image":{"@type":"ImageObject","inLanguage":"es","@id":"https:\/\/diariofemenino.com.ar\/df\/wp-content\/uploads\/2018\/12\/favicon-150x150.jpg","url":"https:\/\/diariofemenino.com.ar\/df\/wp-content\/uploads\/2018\/12\/favicon-150x150.jpg","contentUrl":"https:\/\/diariofemenino.com.ar\/df\/wp-content\/uploads\/2018\/12\/favicon-150x150.jpg","caption":"Admin"},"url":"https:\/\/diariofemenino.com.ar\/df\/author\/adm18df\/"}]}},"jetpack_featured_media_url":"","jetpack_sharing_enabled":true,"rttpg_featured_image_url":null,"rttpg_author":{"display_name":"Admin","author_link":"https:\/\/diariofemenino.com.ar\/df\/author\/adm18df\/"},"rttpg_comment":0,"rttpg_category":"<a href=\"https:\/\/diariofemenino.com.ar\/df\/category\/aborto\/\" rel=\"category tag\">Aborto<\/a> <a href=\"https:\/\/diariofemenino.com.ar\/df\/category\/medios\/\" rel=\"category tag\">Medios<\/a> <a href=\"https:\/\/diariofemenino.com.ar\/df\/category\/noticias\/\" rel=\"category tag\">Noticias<\/a> <a href=\"https:\/\/diariofemenino.com.ar\/df\/category\/trata-de-personas\/\" rel=\"category tag\">Trata de Pers.<\/a>","rttpg_excerpt":"&nbsp; &nbsp; &nbsp; Como lo anunciara la vicegobernadora Norma Durango \u00a0la pasada semana, los d\u00edas 7 y 8 de marzo, en el marco de la conmemoraci\u00f3n del D\u00eda Internacional de la Mujer, \u00a0Susana Trimarco, madre de la desaparecida Marita Ver\u00f3n y titular de la Fundaci\u00f3n: \u201cMar\u00eda de los \u00c1ngeles\u201d visitar\u00e1 nuestra ciudad con el objeto&hellip;","_links":{"self":[{"href":"https:\/\/diariofemenino.com.ar\/df\/wp-json\/wp\/v2\/posts\/5853","targetHints":{"allow":["GET"]}}],"collection":[{"href":"https:\/\/diariofemenino.com.ar\/df\/wp-json\/wp\/v2\/posts"}],"about":[{"href":"https:\/\/diariofemenino.com.ar\/df\/wp-json\/wp\/v2\/types\/post"}],"author":[{"embeddable":true,"href":"https:\/\/diariofemenino.com.ar\/df\/wp-json\/wp\/v2\/users\/1"}],"replies":[{"embeddable":true,"href":"https:\/\/diariofemenino.com.ar\/df\/wp-json\/wp\/v2\/comments?post=5853"}],"version-history":[{"count":0,"href":"https:\/\/diariofemenino.com.ar\/df\/wp-json\/wp\/v2\/posts\/5853\/revisions"}],"wp:attachment":[{"href":"https:\/\/diariofemenino.com.ar\/df\/wp-json\/wp\/v2\/media?parent=5853"}],"wp:term":[{"taxonomy":"category","embeddable":true,"href":"https:\/\/diariofemenino.com.ar\/df\/wp-json\/wp\/v2\/categories?post=5853"},{"taxonomy":"post_tag","embeddable":true,"href":"https:\/\/diariofemenino.com.ar\/df\/wp-json\/wp\/v2\/tags?post=5853"}],"curies":[{"name":"wp","href":"https:\/\/api.w.org\/{rel}","templated":true}]}}