{"id":5843,"date":"2013-03-04T18:11:37","date_gmt":"2013-03-04T21:11:37","guid":{"rendered":"http:\/\/www.diariofemenino.com.ar\/?p=5843"},"modified":"2013-03-04T18:11:37","modified_gmt":"2013-03-04T21:11:37","slug":"dia-internacional-de-la-mujer-actividades-de-feim","status":"publish","type":"post","link":"https:\/\/diariofemenino.com.ar\/df\/dia-internacional-de-la-mujer-actividades-de-feim\/","title":{"rendered":"D\u00eda Internacional de la Mujer. Actividades de FEIM"},"content":{"rendered":"<p>&nbsp;<br \/>\n&nbsp;<br \/>\n<strong><a href=\"http:\/\/www.diariofemenino.com.ar\/wp-content\/uploads\/logo-feim-color8.png\"><img loading=\"lazy\" decoding=\"async\" class=\"alignleft size-full wp-image-5845\" title=\"logo-feim-color\" src=\"http:\/\/www.diariofemenino.com.ar\/wp-content\/uploads\/logo-feim-color8.png\" alt=\"\" width=\"225\" height=\"200\" \/><\/a>8 de marzo\u00a0<\/strong><br \/>\nEn esta fecha recordamos la participaci\u00f3n de las mujeres en las luchas del los movimientos obreros de fines del siglo XX y aun seguimos reclamando la igualdad de derechos y posibilidades para mujeres y varones.<br \/>\nFEIM invita a las actividades que se realizar\u00e1n con motivo de ese d\u00eda:<br \/>\n<strong id=\"yui_3_7_2_1_1362428644581_2625\">VIERNES 8 DE MARZO:\u00a0<\/strong> &gt;&gt;<strong>10 a 13 hs.<\/strong>\u00a0&#8211; En el\u00a0<strong id=\"yui_3_7_2_1_1362428644581_2633\">Parque Rivadavia<\/strong>\u00a0(Av. Rivadavia al 4900, Ciudad de Buenos Aires) se desarrolla en conjunto con la Comuna 6 una jornada de intervenciones art\u00edsticas. \u00a1Ven\u00ed a buscar una chalina estampada con tus derechos!<br \/>\n<strong id=\"yui_3_7_2_1_1362428644581_2632\">17hs.\u00a0<\/strong>&#8211; Se inaugura la muestra \u00abArte para desnaturalizar la violencia contra mujeres y ni\u00f1as\u00bb en el marco de las actividades del\u00a0<strong id=\"yui_3_7_2_1_1362428644581_2626\">Parlamento de Mujeres de la Legislatura porte\u00f1a<\/strong>. La muestra, que se exhibir\u00e1 en el\u00a0<strong id=\"yui_3_7_2_1_1362428644581_2627\">Hall de Honor del palacio legislativo<\/strong>, presenta los dise\u00f1os realizados por un conjunto de artistas j\u00f3venes en el marco de un proyecto coparticipado de FEIM y Casa Escuela de Arte Proyectarte, realizado en 2011 con el apoyo del programa de Fortalecimiento de la Sociedad Civil del GCBA.<br \/>\n<strong>LUNES 1<\/strong><strong>1 DE MARZO<\/strong>:<strong> &gt;&gt;Menci\u00f3n Margarita Ponce 2013<\/strong>\u00a0a mujeres destacadas en distintos campos por la Uni\u00f3n de Mujeres Argentinas. Mabel Bianco, presidenta de FEIM, recibir\u00e1 una menci\u00f3n por su \u201caporte a la teor\u00eda de g\u00e9nero\u201d. El jurado fue integrado por Estela Carlotto, presidenta de Abuelas de Plaza de Mayo; Stella Maris Mart\u00ednez, Defensora General de la Naci\u00f3n; M\u00f3nica Pinto, decana de la Facultad de Derecho &#8211; UBA; Nelly Minyersky, doctora en Derecho; Mirtha Presas, investigadora; Myrtha Schalom, escritora; y Mar\u00eda In\u00e9s Brassesco, presidenta de la UMA.\u00a0 La entrega tendr\u00e1 lugar el lunes 11 de marzo de 2013 a las 18,30 en Callao 970, CABA. Para confirmar asistencia: correo electr\u00f3nico: uma@uma.org.ar o llamar al 011- 4866-0808.<br \/>\nHoy,\u00a0<strong>4 de marzo,<\/strong>\u00a0comienza la\u00a0<a href=\"http:\/\/www.un.org\/womenwatch\/daw\/csw\/57sess.htm\" rel=\"nofollow\" target=\"_blank\">57\u00ba Sesi\u00f3n de la Comisi\u00f3n sobre la Condici\u00f3n de la Mujer de Naciones Unidas, en Nueva York<\/a>, para tratar la eliminaci\u00f3n y prevenci\u00f3n de todas las formas de violencia contra las mujeres. FEIM, representada por Mabel Bianco y Susanna Moore, participar\u00e1 presentando las<a id=\"yui_3_7_2_1_1362428644581_2622\" href=\"http:\/\/feim.org.ar\/pdf\/csw57.pdf\" rel=\"nofollow\" target=\"_blank\">recomendaciones<\/a>\u00a0elaboradas por m\u00e1s de 80 organizaciones de mujeres de Am\u00e9rica latina y el Caribe.<br \/>\n<strong id=\"yui_3_7_2_1_1362428644581_2621\">M\u00e1s informaci\u00f3n FUNDACI\u00d3N PARA ESTUDIO E INVESTIGACI\u00d3N DE LA MUJER \u2013 FEIM\u00a0 <\/strong>(5411) 4372.2763 | feim@feim.org.ar | www.feim.org.ar\u00a0 Mabel Bianco: +54911.6478.3635 |mabelbianco@feim.org.ar\u00a0 Contacto de prensa: 15.4421.4264 | gisela@feim.org.ar<\/p>\n<p id=\"yui_3_7_2_1_1362428644581_2614\">\n","protected":false},"excerpt":{"rendered":"<p>&nbsp; &nbsp; 8 de marzo\u00a0 En esta fecha recordamos la participaci\u00f3n de las mujeres en las luchas del los movimientos obreros de fines del siglo XX y aun seguimos reclamando la igualdad de derechos y posibilidades para mujeres y varones. FEIM invita a las actividades que se realizar\u00e1n con motivo de ese d\u00eda: VIERNES 8 [&hellip;]<\/p>\n","protected":false},"author":1,"featured_media":0,"comment_status":"open","ping_status":"open","sticky":false,"template":"","format":"standard","meta":{"iawp_total_views":4,"footnotes":""},"categories":[22,7,3,4],"tags":[],"class_list":["post-5843","post","type-post","status-publish","format-standard","hentry","category-aborto","category-actividades","category-de-la-revolucion-al-reaprendizaje","category-medios"],"nelio_content":{"autoShareEndMode":"never","automationSources":{"useCustomSentences":false,"customSentences":[]},"efiAlt":"","efiUrl":"","followers":[],"highlights":[],"isAutoShareEnabled":true,"networkImageIds":[],"permalinkQueryArgs":[],"series":[],"suggestedReferences":[]},"yoast_head":"<!-- This site is optimized with the Yoast SEO plugin v27.4 - https:\/\/yoast.com\/product\/yoast-seo-wordpress\/ -->\n<title>D\u00eda Internacional de la Mujer. Actividades de FEIM - Diario Digital Femenino<\/title>\n<meta name=\"robots\" content=\"index, follow, max-snippet:-1, max-image-preview:large, max-video-preview:-1\" \/>\n<link rel=\"canonical\" href=\"https:\/\/diariofemenino.com.ar\/df\/dia-internacional-de-la-mujer-actividades-de-feim\/\" \/>\n<meta property=\"og:locale\" content=\"es_ES\" \/>\n<meta property=\"og:type\" content=\"article\" \/>\n<meta property=\"og:title\" content=\"D\u00eda Internacional de la Mujer. Actividades de FEIM - Diario Digital Femenino\" \/>\n<meta property=\"og:description\" content=\"&nbsp; &nbsp; 8 de marzo\u00a0 En esta fecha recordamos la participaci\u00f3n de las mujeres en las luchas del los movimientos obreros de fines del siglo XX y aun seguimos reclamando la igualdad de derechos y posibilidades para mujeres y varones. FEIM invita a las actividades que se realizar\u00e1n con motivo de ese d\u00eda: VIERNES 8 [&hellip;]\" \/>\n<meta property=\"og:url\" content=\"https:\/\/diariofemenino.com.ar\/df\/dia-internacional-de-la-mujer-actividades-de-feim\/\" \/>\n<meta property=\"og:site_name\" content=\"Diario Digital Femenino\" \/>\n<meta property=\"article:publisher\" content=\"https:\/\/www.facebook.com\/DiarioDigitaFemenino\/\" \/>\n<meta property=\"article:published_time\" content=\"2013-03-04T21:11:37+00:00\" \/>\n<meta property=\"og:image\" content=\"http:\/\/www.diariofemenino.com.ar\/wp-content\/uploads\/logo-feim-color8.png\" \/>\n<meta name=\"author\" content=\"Admin\" \/>\n<meta name=\"twitter:card\" content=\"summary_large_image\" \/>\n<meta name=\"twitter:creator\" content=\"@DiarioFemenino1\" \/>\n<meta name=\"twitter:site\" content=\"@DiarioFemenino1\" \/>\n<meta name=\"twitter:label1\" content=\"Escrito por\" \/>\n\t<meta name=\"twitter:data1\" content=\"Admin\" \/>\n\t<meta name=\"twitter:label2\" content=\"Tiempo de lectura\" \/>\n\t<meta name=\"twitter:data2\" content=\"2 minutos\" \/>\n<script type=\"application\/ld+json\" class=\"yoast-schema-graph\">{\"@context\":\"https:\\\/\\\/schema.org\",\"@graph\":[{\"@type\":\"Article\",\"@id\":\"https:\\\/\\\/diariofemenino.com.ar\\\/df\\\/dia-internacional-de-la-mujer-actividades-de-feim\\\/#article\",\"isPartOf\":{\"@id\":\"https:\\\/\\\/diariofemenino.com.ar\\\/df\\\/dia-internacional-de-la-mujer-actividades-de-feim\\\/\"},\"author\":{\"name\":\"Admin\",\"@id\":\"https:\\\/\\\/diariofemenino.com.ar\\\/df\\\/#\\\/schema\\\/person\\\/38f54b3bfd13f561de2460ba95c169c6\"},\"headline\":\"D\u00eda Internacional de la Mujer. Actividades de FEIM\",\"datePublished\":\"2013-03-04T21:11:37+00:00\",\"mainEntityOfPage\":{\"@id\":\"https:\\\/\\\/diariofemenino.com.ar\\\/df\\\/dia-internacional-de-la-mujer-actividades-de-feim\\\/\"},\"wordCount\":420,\"commentCount\":0,\"publisher\":{\"@id\":\"https:\\\/\\\/diariofemenino.com.ar\\\/df\\\/#organization\"},\"image\":{\"@id\":\"https:\\\/\\\/diariofemenino.com.ar\\\/df\\\/dia-internacional-de-la-mujer-actividades-de-feim\\\/#primaryimage\"},\"thumbnailUrl\":\"http:\\\/\\\/www.diariofemenino.com.ar\\\/wp-content\\\/uploads\\\/logo-feim-color8.png\",\"articleSection\":[\"Aborto\",\"Actividades\",\"De la Revoluci\u00f3n al Reaprendizaje\",\"Medios\"],\"inLanguage\":\"es\",\"potentialAction\":[{\"@type\":\"CommentAction\",\"name\":\"Comment\",\"target\":[\"https:\\\/\\\/diariofemenino.com.ar\\\/df\\\/dia-internacional-de-la-mujer-actividades-de-feim\\\/#respond\"]}]},{\"@type\":\"WebPage\",\"@id\":\"https:\\\/\\\/diariofemenino.com.ar\\\/df\\\/dia-internacional-de-la-mujer-actividades-de-feim\\\/\",\"url\":\"https:\\\/\\\/diariofemenino.com.ar\\\/df\\\/dia-internacional-de-la-mujer-actividades-de-feim\\\/\",\"name\":\"D\u00eda Internacional de la Mujer. Actividades de FEIM - Diario Digital Femenino\",\"isPartOf\":{\"@id\":\"https:\\\/\\\/diariofemenino.com.ar\\\/df\\\/#website\"},\"primaryImageOfPage\":{\"@id\":\"https:\\\/\\\/diariofemenino.com.ar\\\/df\\\/dia-internacional-de-la-mujer-actividades-de-feim\\\/#primaryimage\"},\"image\":{\"@id\":\"https:\\\/\\\/diariofemenino.com.ar\\\/df\\\/dia-internacional-de-la-mujer-actividades-de-feim\\\/#primaryimage\"},\"thumbnailUrl\":\"http:\\\/\\\/www.diariofemenino.com.ar\\\/wp-content\\\/uploads\\\/logo-feim-color8.png\",\"datePublished\":\"2013-03-04T21:11:37+00:00\",\"breadcrumb\":{\"@id\":\"https:\\\/\\\/diariofemenino.com.ar\\\/df\\\/dia-internacional-de-la-mujer-actividades-de-feim\\\/#breadcrumb\"},\"inLanguage\":\"es\",\"potentialAction\":[{\"@type\":\"ReadAction\",\"target\":[\"https:\\\/\\\/diariofemenino.com.ar\\\/df\\\/dia-internacional-de-la-mujer-actividades-de-feim\\\/\"]}]},{\"@type\":\"ImageObject\",\"inLanguage\":\"es\",\"@id\":\"https:\\\/\\\/diariofemenino.com.ar\\\/df\\\/dia-internacional-de-la-mujer-actividades-de-feim\\\/#primaryimage\",\"url\":\"http:\\\/\\\/www.diariofemenino.com.ar\\\/wp-content\\\/uploads\\\/logo-feim-color8.png\",\"contentUrl\":\"http:\\\/\\\/www.diariofemenino.com.ar\\\/wp-content\\\/uploads\\\/logo-feim-color8.png\"},{\"@type\":\"BreadcrumbList\",\"@id\":\"https:\\\/\\\/diariofemenino.com.ar\\\/df\\\/dia-internacional-de-la-mujer-actividades-de-feim\\\/#breadcrumb\",\"itemListElement\":[{\"@type\":\"ListItem\",\"position\":1,\"name\":\"Portada\",\"item\":\"https:\\\/\\\/diariofemenino.com.ar\\\/df\\\/\"},{\"@type\":\"ListItem\",\"position\":2,\"name\":\"D\u00eda Internacional de la Mujer. Actividades de FEIM\"}]},{\"@type\":\"WebSite\",\"@id\":\"https:\\\/\\\/diariofemenino.com.ar\\\/df\\\/#website\",\"url\":\"https:\\\/\\\/diariofemenino.com.ar\\\/df\\\/\",\"name\":\"Diario Digital Femenino\",\"description\":\"Cuesti\u00f3n de G\u00e9nero\",\"publisher\":{\"@id\":\"https:\\\/\\\/diariofemenino.com.ar\\\/df\\\/#organization\"},\"potentialAction\":[{\"@type\":\"SearchAction\",\"target\":{\"@type\":\"EntryPoint\",\"urlTemplate\":\"https:\\\/\\\/diariofemenino.com.ar\\\/df\\\/?s={search_term_string}\"},\"query-input\":{\"@type\":\"PropertyValueSpecification\",\"valueRequired\":true,\"valueName\":\"search_term_string\"}}],\"inLanguage\":\"es\"},{\"@type\":\"Organization\",\"@id\":\"https:\\\/\\\/diariofemenino.com.ar\\\/df\\\/#organization\",\"name\":\"Diario Femenino\",\"url\":\"https:\\\/\\\/diariofemenino.com.ar\\\/df\\\/\",\"logo\":{\"@type\":\"ImageObject\",\"inLanguage\":\"es\",\"@id\":\"https:\\\/\\\/diariofemenino.com.ar\\\/df\\\/#\\\/schema\\\/logo\\\/image\\\/\",\"url\":\"https:\\\/\\\/diariofemenino.com.ar\\\/df\\\/wp-content\\\/uploads\\\/2018\\\/10\\\/logo.png\",\"contentUrl\":\"https:\\\/\\\/diariofemenino.com.ar\\\/df\\\/wp-content\\\/uploads\\\/2018\\\/10\\\/logo.png\",\"width\":500,\"height\":92,\"caption\":\"Diario Femenino\"},\"image\":{\"@id\":\"https:\\\/\\\/diariofemenino.com.ar\\\/df\\\/#\\\/schema\\\/logo\\\/image\\\/\"},\"sameAs\":[\"https:\\\/\\\/www.facebook.com\\\/DiarioDigitaFemenino\\\/\",\"https:\\\/\\\/x.com\\\/DiarioFemenino1\"]},{\"@type\":\"Person\",\"@id\":\"https:\\\/\\\/diariofemenino.com.ar\\\/df\\\/#\\\/schema\\\/person\\\/38f54b3bfd13f561de2460ba95c169c6\",\"name\":\"Admin\",\"image\":{\"@type\":\"ImageObject\",\"inLanguage\":\"es\",\"@id\":\"https:\\\/\\\/diariofemenino.com.ar\\\/df\\\/wp-content\\\/uploads\\\/2018\\\/12\\\/favicon-150x150.jpg\",\"url\":\"https:\\\/\\\/diariofemenino.com.ar\\\/df\\\/wp-content\\\/uploads\\\/2018\\\/12\\\/favicon-150x150.jpg\",\"contentUrl\":\"https:\\\/\\\/diariofemenino.com.ar\\\/df\\\/wp-content\\\/uploads\\\/2018\\\/12\\\/favicon-150x150.jpg\",\"caption\":\"Admin\"},\"url\":\"https:\\\/\\\/diariofemenino.com.ar\\\/df\\\/author\\\/adm18df\\\/\"}]}<\/script>\n<!-- \/ Yoast SEO plugin. -->","yoast_head_json":{"title":"D\u00eda Internacional de la Mujer. Actividades de FEIM - Diario Digital Femenino","robots":{"index":"index","follow":"follow","max-snippet":"max-snippet:-1","max-image-preview":"max-image-preview:large","max-video-preview":"max-video-preview:-1"},"canonical":"https:\/\/diariofemenino.com.ar\/df\/dia-internacional-de-la-mujer-actividades-de-feim\/","og_locale":"es_ES","og_type":"article","og_title":"D\u00eda Internacional de la Mujer. Actividades de FEIM - Diario Digital Femenino","og_description":"&nbsp; &nbsp; 8 de marzo\u00a0 En esta fecha recordamos la participaci\u00f3n de las mujeres en las luchas del los movimientos obreros de fines del siglo XX y aun seguimos reclamando la igualdad de derechos y posibilidades para mujeres y varones. FEIM invita a las actividades que se realizar\u00e1n con motivo de ese d\u00eda: VIERNES 8 [&hellip;]","og_url":"https:\/\/diariofemenino.com.ar\/df\/dia-internacional-de-la-mujer-actividades-de-feim\/","og_site_name":"Diario Digital Femenino","article_publisher":"https:\/\/www.facebook.com\/DiarioDigitaFemenino\/","article_published_time":"2013-03-04T21:11:37+00:00","og_image":[{"url":"http:\/\/www.diariofemenino.com.ar\/wp-content\/uploads\/logo-feim-color8.png","type":"","width":"","height":""}],"author":"Admin","twitter_card":"summary_large_image","twitter_creator":"@DiarioFemenino1","twitter_site":"@DiarioFemenino1","twitter_misc":{"Escrito por":"Admin","Tiempo de lectura":"2 minutos"},"schema":{"@context":"https:\/\/schema.org","@graph":[{"@type":"Article","@id":"https:\/\/diariofemenino.com.ar\/df\/dia-internacional-de-la-mujer-actividades-de-feim\/#article","isPartOf":{"@id":"https:\/\/diariofemenino.com.ar\/df\/dia-internacional-de-la-mujer-actividades-de-feim\/"},"author":{"name":"Admin","@id":"https:\/\/diariofemenino.com.ar\/df\/#\/schema\/person\/38f54b3bfd13f561de2460ba95c169c6"},"headline":"D\u00eda Internacional de la Mujer. Actividades de FEIM","datePublished":"2013-03-04T21:11:37+00:00","mainEntityOfPage":{"@id":"https:\/\/diariofemenino.com.ar\/df\/dia-internacional-de-la-mujer-actividades-de-feim\/"},"wordCount":420,"commentCount":0,"publisher":{"@id":"https:\/\/diariofemenino.com.ar\/df\/#organization"},"image":{"@id":"https:\/\/diariofemenino.com.ar\/df\/dia-internacional-de-la-mujer-actividades-de-feim\/#primaryimage"},"thumbnailUrl":"http:\/\/www.diariofemenino.com.ar\/wp-content\/uploads\/logo-feim-color8.png","articleSection":["Aborto","Actividades","De la Revoluci\u00f3n al Reaprendizaje","Medios"],"inLanguage":"es","potentialAction":[{"@type":"CommentAction","name":"Comment","target":["https:\/\/diariofemenino.com.ar\/df\/dia-internacional-de-la-mujer-actividades-de-feim\/#respond"]}]},{"@type":"WebPage","@id":"https:\/\/diariofemenino.com.ar\/df\/dia-internacional-de-la-mujer-actividades-de-feim\/","url":"https:\/\/diariofemenino.com.ar\/df\/dia-internacional-de-la-mujer-actividades-de-feim\/","name":"D\u00eda Internacional de la Mujer. Actividades de FEIM - Diario Digital Femenino","isPartOf":{"@id":"https:\/\/diariofemenino.com.ar\/df\/#website"},"primaryImageOfPage":{"@id":"https:\/\/diariofemenino.com.ar\/df\/dia-internacional-de-la-mujer-actividades-de-feim\/#primaryimage"},"image":{"@id":"https:\/\/diariofemenino.com.ar\/df\/dia-internacional-de-la-mujer-actividades-de-feim\/#primaryimage"},"thumbnailUrl":"http:\/\/www.diariofemenino.com.ar\/wp-content\/uploads\/logo-feim-color8.png","datePublished":"2013-03-04T21:11:37+00:00","breadcrumb":{"@id":"https:\/\/diariofemenino.com.ar\/df\/dia-internacional-de-la-mujer-actividades-de-feim\/#breadcrumb"},"inLanguage":"es","potentialAction":[{"@type":"ReadAction","target":["https:\/\/diariofemenino.com.ar\/df\/dia-internacional-de-la-mujer-actividades-de-feim\/"]}]},{"@type":"ImageObject","inLanguage":"es","@id":"https:\/\/diariofemenino.com.ar\/df\/dia-internacional-de-la-mujer-actividades-de-feim\/#primaryimage","url":"http:\/\/www.diariofemenino.com.ar\/wp-content\/uploads\/logo-feim-color8.png","contentUrl":"http:\/\/www.diariofemenino.com.ar\/wp-content\/uploads\/logo-feim-color8.png"},{"@type":"BreadcrumbList","@id":"https:\/\/diariofemenino.com.ar\/df\/dia-internacional-de-la-mujer-actividades-de-feim\/#breadcrumb","itemListElement":[{"@type":"ListItem","position":1,"name":"Portada","item":"https:\/\/diariofemenino.com.ar\/df\/"},{"@type":"ListItem","position":2,"name":"D\u00eda Internacional de la Mujer. Actividades de FEIM"}]},{"@type":"WebSite","@id":"https:\/\/diariofemenino.com.ar\/df\/#website","url":"https:\/\/diariofemenino.com.ar\/df\/","name":"Diario Digital Femenino","description":"Cuesti\u00f3n de G\u00e9nero","publisher":{"@id":"https:\/\/diariofemenino.com.ar\/df\/#organization"},"potentialAction":[{"@type":"SearchAction","target":{"@type":"EntryPoint","urlTemplate":"https:\/\/diariofemenino.com.ar\/df\/?s={search_term_string}"},"query-input":{"@type":"PropertyValueSpecification","valueRequired":true,"valueName":"search_term_string"}}],"inLanguage":"es"},{"@type":"Organization","@id":"https:\/\/diariofemenino.com.ar\/df\/#organization","name":"Diario Femenino","url":"https:\/\/diariofemenino.com.ar\/df\/","logo":{"@type":"ImageObject","inLanguage":"es","@id":"https:\/\/diariofemenino.com.ar\/df\/#\/schema\/logo\/image\/","url":"https:\/\/diariofemenino.com.ar\/df\/wp-content\/uploads\/2018\/10\/logo.png","contentUrl":"https:\/\/diariofemenino.com.ar\/df\/wp-content\/uploads\/2018\/10\/logo.png","width":500,"height":92,"caption":"Diario Femenino"},"image":{"@id":"https:\/\/diariofemenino.com.ar\/df\/#\/schema\/logo\/image\/"},"sameAs":["https:\/\/www.facebook.com\/DiarioDigitaFemenino\/","https:\/\/x.com\/DiarioFemenino1"]},{"@type":"Person","@id":"https:\/\/diariofemenino.com.ar\/df\/#\/schema\/person\/38f54b3bfd13f561de2460ba95c169c6","name":"Admin","image":{"@type":"ImageObject","inLanguage":"es","@id":"https:\/\/diariofemenino.com.ar\/df\/wp-content\/uploads\/2018\/12\/favicon-150x150.jpg","url":"https:\/\/diariofemenino.com.ar\/df\/wp-content\/uploads\/2018\/12\/favicon-150x150.jpg","contentUrl":"https:\/\/diariofemenino.com.ar\/df\/wp-content\/uploads\/2018\/12\/favicon-150x150.jpg","caption":"Admin"},"url":"https:\/\/diariofemenino.com.ar\/df\/author\/adm18df\/"}]}},"jetpack_featured_media_url":"","jetpack_sharing_enabled":true,"rttpg_featured_image_url":null,"rttpg_author":{"display_name":"Admin","author_link":"https:\/\/diariofemenino.com.ar\/df\/author\/adm18df\/"},"rttpg_comment":0,"rttpg_category":"<a href=\"https:\/\/diariofemenino.com.ar\/df\/category\/aborto\/\" rel=\"category tag\">Aborto<\/a> <a href=\"https:\/\/diariofemenino.com.ar\/df\/category\/actividades\/\" rel=\"category tag\">Actividades<\/a> <a href=\"https:\/\/diariofemenino.com.ar\/df\/category\/de-la-revolucion-al-reaprendizaje\/\" rel=\"category tag\">De la Revoluci\u00f3n al Reaprendizaje<\/a> <a href=\"https:\/\/diariofemenino.com.ar\/df\/category\/medios\/\" rel=\"category tag\">Medios<\/a>","rttpg_excerpt":"&nbsp; &nbsp; 8 de marzo\u00a0 En esta fecha recordamos la participaci\u00f3n de las mujeres en las luchas del los movimientos obreros de fines del siglo XX y aun seguimos reclamando la igualdad de derechos y posibilidades para mujeres y varones. FEIM invita a las actividades que se realizar\u00e1n con motivo de ese d\u00eda: VIERNES 8&hellip;","_links":{"self":[{"href":"https:\/\/diariofemenino.com.ar\/df\/wp-json\/wp\/v2\/posts\/5843","targetHints":{"allow":["GET"]}}],"collection":[{"href":"https:\/\/diariofemenino.com.ar\/df\/wp-json\/wp\/v2\/posts"}],"about":[{"href":"https:\/\/diariofemenino.com.ar\/df\/wp-json\/wp\/v2\/types\/post"}],"author":[{"embeddable":true,"href":"https:\/\/diariofemenino.com.ar\/df\/wp-json\/wp\/v2\/users\/1"}],"replies":[{"embeddable":true,"href":"https:\/\/diariofemenino.com.ar\/df\/wp-json\/wp\/v2\/comments?post=5843"}],"version-history":[{"count":0,"href":"https:\/\/diariofemenino.com.ar\/df\/wp-json\/wp\/v2\/posts\/5843\/revisions"}],"wp:attachment":[{"href":"https:\/\/diariofemenino.com.ar\/df\/wp-json\/wp\/v2\/media?parent=5843"}],"wp:term":[{"taxonomy":"category","embeddable":true,"href":"https:\/\/diariofemenino.com.ar\/df\/wp-json\/wp\/v2\/categories?post=5843"},{"taxonomy":"post_tag","embeddable":true,"href":"https:\/\/diariofemenino.com.ar\/df\/wp-json\/wp\/v2\/tags?post=5843"}],"curies":[{"name":"wp","href":"https:\/\/api.w.org\/{rel}","templated":true}]}}