{"id":5836,"date":"2013-03-04T08:22:30","date_gmt":"2013-03-04T11:22:30","guid":{"rendered":"http:\/\/www.diariofemenino.com.ar\/?p=5836"},"modified":"2013-03-04T08:22:30","modified_gmt":"2013-03-04T11:22:30","slug":"colombia-la-trata-de-personas-el-delito-de-la-promesa","status":"publish","type":"post","link":"https:\/\/diariofemenino.com.ar\/df\/colombia-la-trata-de-personas-el-delito-de-la-promesa\/","title":{"rendered":"Colombia: La trata de personas, el delito de \u2018La promesa\u2019"},"content":{"rendered":"<p>&nbsp;<br \/>\n&nbsp;<br \/>\n&nbsp;<br \/>\nLa nueva serie de Caracol, \u2018La promesa\u2019, tiene un alto contenido social.<br \/>\nLa trata de personas se ha convertido en el tercer negocio il\u00edcito m\u00e1s rentable y perverso en el mundo, despu\u00e9s del tr\u00e1fico de estupefacientes y el tr\u00e1fico de armas. Esta conclusi\u00f3n, dada por la ONU, sirvi\u00f3 de base para que el canal Caracol, de la mano de CMO Producciones, pensara en llevar a la pantalla una serie con alto contenido social y que ayude a prevenir el aumento de este delito que parece silencioso, pero que cada vez toma m\u00e1s fuerza.<br \/>\n<a href=\"http:\/\/www.diariofemenino.com.ar\/wp-content\/uploads\/102142-LANZAMIENTO-LA-PROMESA-45.jpg\"><img loading=\"lazy\" decoding=\"async\" class=\"alignnone  wp-image-5837\" title=\"102142-LANZAMIENTO LA PROMESA (45)\" src=\"http:\/\/www.diariofemenino.com.ar\/wp-content\/uploads\/102142-LANZAMIENTO-LA-PROMESA-45.jpg\" alt=\"\" width=\"590\" height=\"280\" \/><\/a><br \/>\nHoy, a las 9:30 p.m., los colombianos podr\u00e1n ver La promesa, una producci\u00f3n que muestra una realidad que se ha denominado como la esclavitud del siglo XXI.<br \/>\nPara la realizaci\u00f3n de esta serie se cont\u00f3 con el apoyo de la oficina de las Naciones Unidas, y as\u00ed qued\u00f3 confirmado durante el lanzamiento para medios de comunicaci\u00f3n en d\u00edas pasados, en el cual estuvo presente Bo Mathiasen, representante de la ONU en Colombia.<br \/>\n\u201cEsta serie significa una alianza entre las Naciones Unidas y Caracol para prevenir e informar sobre un delito que todav\u00eda no es tan conocido en la poblaci\u00f3n. Nuestra contribuci\u00f3n fue la presentaci\u00f3n de casos concretos de trata de personas. Es decir, que esta serie est\u00e1 basada en hechos reales, aunque parezcan crueles\u201d, expres\u00f3 Bo Mathiasen.<br \/>\nAsimismo, a\u00f1adi\u00f3 que \u201ces un delito del cual todav\u00eda no sabemos mucho. Tenemos algunas cifras, pero creemos que no representan muy bien la realidad. Muchas veces las personas no saben que son v\u00edctimas y no denuncian esta clase de delito. Queremos concientizar y prevenir\u201d.<br \/>\nLa promesa cuenta las historias de Ana, Frida y Seleni, tres j\u00f3venes, que en medio de su dif\u00edcil situaci\u00f3n, ser\u00e1n reclutadas por una red de trata de personas ubicada en Espa\u00f1a.<br \/>\nAlrededor de las tres protagonistas habr\u00e1 historias paralelas que explican las razones por las que estas mujeres viajaron a Espa\u00f1a en busca de un futuro que nunca lleg\u00f3.<br \/>\nEsta serie fue grabada 100% en exteriores, en los pa\u00edses de Colombia, M\u00e9xico, Panam\u00e1 y Espa\u00f1a.<br \/>\nPara Julieth Restrepo, quien le da vida a Ana Aguirre, este proyecto es \u201cla manera m\u00e1s bonita de hacer justicia por las ni\u00f1as que han pasado por esto. Ha sido el trabajo m\u00e1s dif\u00edcil y bonito que he hecho hasta ahora y espero que les guste\u201d.<br \/>\nLa actriz colombiana tambi\u00e9n anot\u00f3 que tomaron clases de pole dance, porque \u201ces un poco a lo que se ven enfrentadas estas j\u00f3venes cuando ya est\u00e1n m\u00e1s prostituidas, pero m\u00e1s all\u00e1 de eso es darse cuenta de que en Internet hay miles de videos de chicas que subieron sus testimonios para que la gente est\u00e9 alerta\u201d.<br \/>\nPara Julieth lo m\u00e1s dif\u00edcil, luego de dos meses de grabaci\u00f3n, fue verse tan enfrentada a la problem\u00e1tica de la trata de personas. \u201cA veces yo llegaba a mi casa con unas ganas inexplicables de llorar y yo creo que fue porque la realidad de estas chicas me peg\u00f3 mucho\u201d.<br \/>\nPor su parte, Nicolle Santamar\u00eda, quien hace el papel de Seleni Aristiz\u00e1bal, agreg\u00f3 que \u201clo que de verdad queremos es que esta producci\u00f3n deje un mensaje claro en la sociedad, porque es una realidad que est\u00e1 pasando en el pa\u00eds y en el mundo. Hay ni\u00f1as que todav\u00eda se dejan enredar y m\u00e1s si est\u00e1n pasando por situaciones vulnerables\u201d.<br \/>\nEsta joven actriz confes\u00f3 que desde que ley\u00f3 la historia y su personaje qued\u00f3 enganchada y que \u201cle met\u00ed toda para lograr entrar en este proyecto. En verdad toda la producci\u00f3n fue un reto muy fuerte\u201d.<br \/>\nPara Aisl\u00ednn Derbez, la actriz mexicana que asumi\u00f3 el papel de Frida Aguilera, \u201ceste tipo de producciones son muy importantes para crear conciencia social y es vital sacar a la luz este tipo de temas, porque a veces las personas no quieren hablar de eso. Hay que mostrarle a la gente c\u00f3mo operan estas bandas y que es m\u00e1s com\u00fan de lo que imaginamos\u201d.<br \/>\nFinalmente, entre risas, apunt\u00f3 que ella \u201cten\u00eda muchas ganas de quedar en esta serie por el tema y por el reto que se iba a significar para m\u00ed como actriz\u201d.<br \/>\n<strong>Por Brenda Romero Mart\u00ednez<br \/>\nTwitter: @brendaromerom<\/strong><\/p>\n","protected":false},"excerpt":{"rendered":"<p>&nbsp; &nbsp; &nbsp; La nueva serie de Caracol, \u2018La promesa\u2019, tiene un alto contenido social. La trata de personas se ha convertido en el tercer negocio il\u00edcito m\u00e1s rentable y perverso en el mundo, despu\u00e9s del tr\u00e1fico de estupefacientes y el tr\u00e1fico de armas. Esta conclusi\u00f3n, dada por la ONU, sirvi\u00f3 de base para que [&hellip;]<\/p>\n","protected":false},"author":1,"featured_media":0,"comment_status":"open","ping_status":"open","sticky":false,"template":"","format":"standard","meta":{"iawp_total_views":19,"footnotes":""},"categories":[4,6,15],"tags":[],"class_list":["post-5836","post","type-post","status-publish","format-standard","hentry","category-medios","category-articulos","category-trata-de-personas"],"nelio_content":{"autoShareEndMode":"never","automationSources":{"useCustomSentences":false,"customSentences":[]},"efiAlt":"","efiUrl":"","followers":[],"highlights":[],"isAutoShareEnabled":true,"networkImageIds":[],"permalinkQueryArgs":[],"series":[],"suggestedReferences":[]},"yoast_head":"<!-- This site is optimized with the Yoast SEO plugin v27.4 - https:\/\/yoast.com\/product\/yoast-seo-wordpress\/ -->\n<title>Colombia: La trata de personas, el delito de \u2018La promesa\u2019 - Diario Digital Femenino<\/title>\n<meta name=\"robots\" content=\"index, follow, max-snippet:-1, max-image-preview:large, max-video-preview:-1\" \/>\n<link rel=\"canonical\" href=\"https:\/\/diariofemenino.com.ar\/df\/colombia-la-trata-de-personas-el-delito-de-la-promesa\/\" \/>\n<meta property=\"og:locale\" content=\"es_ES\" \/>\n<meta property=\"og:type\" content=\"article\" \/>\n<meta property=\"og:title\" content=\"Colombia: La trata de personas, el delito de \u2018La promesa\u2019 - Diario Digital Femenino\" \/>\n<meta property=\"og:description\" content=\"&nbsp; &nbsp; &nbsp; La nueva serie de Caracol, \u2018La promesa\u2019, tiene un alto contenido social. La trata de personas se ha convertido en el tercer negocio il\u00edcito m\u00e1s rentable y perverso en el mundo, despu\u00e9s del tr\u00e1fico de estupefacientes y el tr\u00e1fico de armas. Esta conclusi\u00f3n, dada por la ONU, sirvi\u00f3 de base para que [&hellip;]\" \/>\n<meta property=\"og:url\" content=\"https:\/\/diariofemenino.com.ar\/df\/colombia-la-trata-de-personas-el-delito-de-la-promesa\/\" \/>\n<meta property=\"og:site_name\" content=\"Diario Digital Femenino\" \/>\n<meta property=\"article:publisher\" content=\"https:\/\/www.facebook.com\/DiarioDigitaFemenino\/\" \/>\n<meta property=\"article:published_time\" content=\"2013-03-04T11:22:30+00:00\" \/>\n<meta property=\"og:image\" content=\"http:\/\/www.diariofemenino.com.ar\/wp-content\/uploads\/102142-LANZAMIENTO-LA-PROMESA-45.jpg\" \/>\n<meta name=\"author\" content=\"Admin\" \/>\n<meta name=\"twitter:card\" content=\"summary_large_image\" \/>\n<meta name=\"twitter:creator\" content=\"@DiarioFemenino1\" \/>\n<meta name=\"twitter:site\" content=\"@DiarioFemenino1\" \/>\n<meta name=\"twitter:label1\" content=\"Escrito por\" \/>\n\t<meta name=\"twitter:data1\" content=\"Admin\" \/>\n\t<meta name=\"twitter:label2\" content=\"Tiempo de lectura\" \/>\n\t<meta name=\"twitter:data2\" content=\"4 minutos\" \/>\n<script type=\"application\/ld+json\" class=\"yoast-schema-graph\">{\"@context\":\"https:\\\/\\\/schema.org\",\"@graph\":[{\"@type\":\"Article\",\"@id\":\"https:\\\/\\\/diariofemenino.com.ar\\\/df\\\/colombia-la-trata-de-personas-el-delito-de-la-promesa\\\/#article\",\"isPartOf\":{\"@id\":\"https:\\\/\\\/diariofemenino.com.ar\\\/df\\\/colombia-la-trata-de-personas-el-delito-de-la-promesa\\\/\"},\"author\":{\"name\":\"Admin\",\"@id\":\"https:\\\/\\\/diariofemenino.com.ar\\\/df\\\/#\\\/schema\\\/person\\\/38f54b3bfd13f561de2460ba95c169c6\"},\"headline\":\"Colombia: La trata de personas, el delito de \u2018La promesa\u2019\",\"datePublished\":\"2013-03-04T11:22:30+00:00\",\"mainEntityOfPage\":{\"@id\":\"https:\\\/\\\/diariofemenino.com.ar\\\/df\\\/colombia-la-trata-de-personas-el-delito-de-la-promesa\\\/\"},\"wordCount\":754,\"commentCount\":0,\"publisher\":{\"@id\":\"https:\\\/\\\/diariofemenino.com.ar\\\/df\\\/#organization\"},\"image\":{\"@id\":\"https:\\\/\\\/diariofemenino.com.ar\\\/df\\\/colombia-la-trata-de-personas-el-delito-de-la-promesa\\\/#primaryimage\"},\"thumbnailUrl\":\"http:\\\/\\\/www.diariofemenino.com.ar\\\/wp-content\\\/uploads\\\/102142-LANZAMIENTO-LA-PROMESA-45.jpg\",\"articleSection\":[\"Medios\",\"Mujeres en Palabras\",\"Trata de Pers.\"],\"inLanguage\":\"es\",\"potentialAction\":[{\"@type\":\"CommentAction\",\"name\":\"Comment\",\"target\":[\"https:\\\/\\\/diariofemenino.com.ar\\\/df\\\/colombia-la-trata-de-personas-el-delito-de-la-promesa\\\/#respond\"]}]},{\"@type\":\"WebPage\",\"@id\":\"https:\\\/\\\/diariofemenino.com.ar\\\/df\\\/colombia-la-trata-de-personas-el-delito-de-la-promesa\\\/\",\"url\":\"https:\\\/\\\/diariofemenino.com.ar\\\/df\\\/colombia-la-trata-de-personas-el-delito-de-la-promesa\\\/\",\"name\":\"Colombia: La trata de personas, el delito de \u2018La promesa\u2019 - Diario Digital Femenino\",\"isPartOf\":{\"@id\":\"https:\\\/\\\/diariofemenino.com.ar\\\/df\\\/#website\"},\"primaryImageOfPage\":{\"@id\":\"https:\\\/\\\/diariofemenino.com.ar\\\/df\\\/colombia-la-trata-de-personas-el-delito-de-la-promesa\\\/#primaryimage\"},\"image\":{\"@id\":\"https:\\\/\\\/diariofemenino.com.ar\\\/df\\\/colombia-la-trata-de-personas-el-delito-de-la-promesa\\\/#primaryimage\"},\"thumbnailUrl\":\"http:\\\/\\\/www.diariofemenino.com.ar\\\/wp-content\\\/uploads\\\/102142-LANZAMIENTO-LA-PROMESA-45.jpg\",\"datePublished\":\"2013-03-04T11:22:30+00:00\",\"breadcrumb\":{\"@id\":\"https:\\\/\\\/diariofemenino.com.ar\\\/df\\\/colombia-la-trata-de-personas-el-delito-de-la-promesa\\\/#breadcrumb\"},\"inLanguage\":\"es\",\"potentialAction\":[{\"@type\":\"ReadAction\",\"target\":[\"https:\\\/\\\/diariofemenino.com.ar\\\/df\\\/colombia-la-trata-de-personas-el-delito-de-la-promesa\\\/\"]}]},{\"@type\":\"ImageObject\",\"inLanguage\":\"es\",\"@id\":\"https:\\\/\\\/diariofemenino.com.ar\\\/df\\\/colombia-la-trata-de-personas-el-delito-de-la-promesa\\\/#primaryimage\",\"url\":\"http:\\\/\\\/www.diariofemenino.com.ar\\\/wp-content\\\/uploads\\\/102142-LANZAMIENTO-LA-PROMESA-45.jpg\",\"contentUrl\":\"http:\\\/\\\/www.diariofemenino.com.ar\\\/wp-content\\\/uploads\\\/102142-LANZAMIENTO-LA-PROMESA-45.jpg\"},{\"@type\":\"BreadcrumbList\",\"@id\":\"https:\\\/\\\/diariofemenino.com.ar\\\/df\\\/colombia-la-trata-de-personas-el-delito-de-la-promesa\\\/#breadcrumb\",\"itemListElement\":[{\"@type\":\"ListItem\",\"position\":1,\"name\":\"Portada\",\"item\":\"https:\\\/\\\/diariofemenino.com.ar\\\/df\\\/\"},{\"@type\":\"ListItem\",\"position\":2,\"name\":\"Colombia: La trata de personas, el delito de \u2018La promesa\u2019\"}]},{\"@type\":\"WebSite\",\"@id\":\"https:\\\/\\\/diariofemenino.com.ar\\\/df\\\/#website\",\"url\":\"https:\\\/\\\/diariofemenino.com.ar\\\/df\\\/\",\"name\":\"Diario Digital Femenino\",\"description\":\"Cuesti\u00f3n de G\u00e9nero\",\"publisher\":{\"@id\":\"https:\\\/\\\/diariofemenino.com.ar\\\/df\\\/#organization\"},\"potentialAction\":[{\"@type\":\"SearchAction\",\"target\":{\"@type\":\"EntryPoint\",\"urlTemplate\":\"https:\\\/\\\/diariofemenino.com.ar\\\/df\\\/?s={search_term_string}\"},\"query-input\":{\"@type\":\"PropertyValueSpecification\",\"valueRequired\":true,\"valueName\":\"search_term_string\"}}],\"inLanguage\":\"es\"},{\"@type\":\"Organization\",\"@id\":\"https:\\\/\\\/diariofemenino.com.ar\\\/df\\\/#organization\",\"name\":\"Diario Femenino\",\"url\":\"https:\\\/\\\/diariofemenino.com.ar\\\/df\\\/\",\"logo\":{\"@type\":\"ImageObject\",\"inLanguage\":\"es\",\"@id\":\"https:\\\/\\\/diariofemenino.com.ar\\\/df\\\/#\\\/schema\\\/logo\\\/image\\\/\",\"url\":\"https:\\\/\\\/diariofemenino.com.ar\\\/df\\\/wp-content\\\/uploads\\\/2018\\\/10\\\/logo.png\",\"contentUrl\":\"https:\\\/\\\/diariofemenino.com.ar\\\/df\\\/wp-content\\\/uploads\\\/2018\\\/10\\\/logo.png\",\"width\":500,\"height\":92,\"caption\":\"Diario Femenino\"},\"image\":{\"@id\":\"https:\\\/\\\/diariofemenino.com.ar\\\/df\\\/#\\\/schema\\\/logo\\\/image\\\/\"},\"sameAs\":[\"https:\\\/\\\/www.facebook.com\\\/DiarioDigitaFemenino\\\/\",\"https:\\\/\\\/x.com\\\/DiarioFemenino1\"]},{\"@type\":\"Person\",\"@id\":\"https:\\\/\\\/diariofemenino.com.ar\\\/df\\\/#\\\/schema\\\/person\\\/38f54b3bfd13f561de2460ba95c169c6\",\"name\":\"Admin\",\"image\":{\"@type\":\"ImageObject\",\"inLanguage\":\"es\",\"@id\":\"https:\\\/\\\/diariofemenino.com.ar\\\/df\\\/wp-content\\\/uploads\\\/2018\\\/12\\\/favicon-150x150.jpg\",\"url\":\"https:\\\/\\\/diariofemenino.com.ar\\\/df\\\/wp-content\\\/uploads\\\/2018\\\/12\\\/favicon-150x150.jpg\",\"contentUrl\":\"https:\\\/\\\/diariofemenino.com.ar\\\/df\\\/wp-content\\\/uploads\\\/2018\\\/12\\\/favicon-150x150.jpg\",\"caption\":\"Admin\"},\"url\":\"https:\\\/\\\/diariofemenino.com.ar\\\/df\\\/author\\\/adm18df\\\/\"}]}<\/script>\n<!-- \/ Yoast SEO plugin. -->","yoast_head_json":{"title":"Colombia: La trata de personas, el delito de \u2018La promesa\u2019 - Diario Digital Femenino","robots":{"index":"index","follow":"follow","max-snippet":"max-snippet:-1","max-image-preview":"max-image-preview:large","max-video-preview":"max-video-preview:-1"},"canonical":"https:\/\/diariofemenino.com.ar\/df\/colombia-la-trata-de-personas-el-delito-de-la-promesa\/","og_locale":"es_ES","og_type":"article","og_title":"Colombia: La trata de personas, el delito de \u2018La promesa\u2019 - Diario Digital Femenino","og_description":"&nbsp; &nbsp; &nbsp; La nueva serie de Caracol, \u2018La promesa\u2019, tiene un alto contenido social. La trata de personas se ha convertido en el tercer negocio il\u00edcito m\u00e1s rentable y perverso en el mundo, despu\u00e9s del tr\u00e1fico de estupefacientes y el tr\u00e1fico de armas. Esta conclusi\u00f3n, dada por la ONU, sirvi\u00f3 de base para que [&hellip;]","og_url":"https:\/\/diariofemenino.com.ar\/df\/colombia-la-trata-de-personas-el-delito-de-la-promesa\/","og_site_name":"Diario Digital Femenino","article_publisher":"https:\/\/www.facebook.com\/DiarioDigitaFemenino\/","article_published_time":"2013-03-04T11:22:30+00:00","og_image":[{"url":"http:\/\/www.diariofemenino.com.ar\/wp-content\/uploads\/102142-LANZAMIENTO-LA-PROMESA-45.jpg","type":"","width":"","height":""}],"author":"Admin","twitter_card":"summary_large_image","twitter_creator":"@DiarioFemenino1","twitter_site":"@DiarioFemenino1","twitter_misc":{"Escrito por":"Admin","Tiempo de lectura":"4 minutos"},"schema":{"@context":"https:\/\/schema.org","@graph":[{"@type":"Article","@id":"https:\/\/diariofemenino.com.ar\/df\/colombia-la-trata-de-personas-el-delito-de-la-promesa\/#article","isPartOf":{"@id":"https:\/\/diariofemenino.com.ar\/df\/colombia-la-trata-de-personas-el-delito-de-la-promesa\/"},"author":{"name":"Admin","@id":"https:\/\/diariofemenino.com.ar\/df\/#\/schema\/person\/38f54b3bfd13f561de2460ba95c169c6"},"headline":"Colombia: La trata de personas, el delito de \u2018La promesa\u2019","datePublished":"2013-03-04T11:22:30+00:00","mainEntityOfPage":{"@id":"https:\/\/diariofemenino.com.ar\/df\/colombia-la-trata-de-personas-el-delito-de-la-promesa\/"},"wordCount":754,"commentCount":0,"publisher":{"@id":"https:\/\/diariofemenino.com.ar\/df\/#organization"},"image":{"@id":"https:\/\/diariofemenino.com.ar\/df\/colombia-la-trata-de-personas-el-delito-de-la-promesa\/#primaryimage"},"thumbnailUrl":"http:\/\/www.diariofemenino.com.ar\/wp-content\/uploads\/102142-LANZAMIENTO-LA-PROMESA-45.jpg","articleSection":["Medios","Mujeres en Palabras","Trata de Pers."],"inLanguage":"es","potentialAction":[{"@type":"CommentAction","name":"Comment","target":["https:\/\/diariofemenino.com.ar\/df\/colombia-la-trata-de-personas-el-delito-de-la-promesa\/#respond"]}]},{"@type":"WebPage","@id":"https:\/\/diariofemenino.com.ar\/df\/colombia-la-trata-de-personas-el-delito-de-la-promesa\/","url":"https:\/\/diariofemenino.com.ar\/df\/colombia-la-trata-de-personas-el-delito-de-la-promesa\/","name":"Colombia: La trata de personas, el delito de \u2018La promesa\u2019 - Diario Digital Femenino","isPartOf":{"@id":"https:\/\/diariofemenino.com.ar\/df\/#website"},"primaryImageOfPage":{"@id":"https:\/\/diariofemenino.com.ar\/df\/colombia-la-trata-de-personas-el-delito-de-la-promesa\/#primaryimage"},"image":{"@id":"https:\/\/diariofemenino.com.ar\/df\/colombia-la-trata-de-personas-el-delito-de-la-promesa\/#primaryimage"},"thumbnailUrl":"http:\/\/www.diariofemenino.com.ar\/wp-content\/uploads\/102142-LANZAMIENTO-LA-PROMESA-45.jpg","datePublished":"2013-03-04T11:22:30+00:00","breadcrumb":{"@id":"https:\/\/diariofemenino.com.ar\/df\/colombia-la-trata-de-personas-el-delito-de-la-promesa\/#breadcrumb"},"inLanguage":"es","potentialAction":[{"@type":"ReadAction","target":["https:\/\/diariofemenino.com.ar\/df\/colombia-la-trata-de-personas-el-delito-de-la-promesa\/"]}]},{"@type":"ImageObject","inLanguage":"es","@id":"https:\/\/diariofemenino.com.ar\/df\/colombia-la-trata-de-personas-el-delito-de-la-promesa\/#primaryimage","url":"http:\/\/www.diariofemenino.com.ar\/wp-content\/uploads\/102142-LANZAMIENTO-LA-PROMESA-45.jpg","contentUrl":"http:\/\/www.diariofemenino.com.ar\/wp-content\/uploads\/102142-LANZAMIENTO-LA-PROMESA-45.jpg"},{"@type":"BreadcrumbList","@id":"https:\/\/diariofemenino.com.ar\/df\/colombia-la-trata-de-personas-el-delito-de-la-promesa\/#breadcrumb","itemListElement":[{"@type":"ListItem","position":1,"name":"Portada","item":"https:\/\/diariofemenino.com.ar\/df\/"},{"@type":"ListItem","position":2,"name":"Colombia: La trata de personas, el delito de \u2018La promesa\u2019"}]},{"@type":"WebSite","@id":"https:\/\/diariofemenino.com.ar\/df\/#website","url":"https:\/\/diariofemenino.com.ar\/df\/","name":"Diario Digital Femenino","description":"Cuesti\u00f3n de G\u00e9nero","publisher":{"@id":"https:\/\/diariofemenino.com.ar\/df\/#organization"},"potentialAction":[{"@type":"SearchAction","target":{"@type":"EntryPoint","urlTemplate":"https:\/\/diariofemenino.com.ar\/df\/?s={search_term_string}"},"query-input":{"@type":"PropertyValueSpecification","valueRequired":true,"valueName":"search_term_string"}}],"inLanguage":"es"},{"@type":"Organization","@id":"https:\/\/diariofemenino.com.ar\/df\/#organization","name":"Diario Femenino","url":"https:\/\/diariofemenino.com.ar\/df\/","logo":{"@type":"ImageObject","inLanguage":"es","@id":"https:\/\/diariofemenino.com.ar\/df\/#\/schema\/logo\/image\/","url":"https:\/\/diariofemenino.com.ar\/df\/wp-content\/uploads\/2018\/10\/logo.png","contentUrl":"https:\/\/diariofemenino.com.ar\/df\/wp-content\/uploads\/2018\/10\/logo.png","width":500,"height":92,"caption":"Diario Femenino"},"image":{"@id":"https:\/\/diariofemenino.com.ar\/df\/#\/schema\/logo\/image\/"},"sameAs":["https:\/\/www.facebook.com\/DiarioDigitaFemenino\/","https:\/\/x.com\/DiarioFemenino1"]},{"@type":"Person","@id":"https:\/\/diariofemenino.com.ar\/df\/#\/schema\/person\/38f54b3bfd13f561de2460ba95c169c6","name":"Admin","image":{"@type":"ImageObject","inLanguage":"es","@id":"https:\/\/diariofemenino.com.ar\/df\/wp-content\/uploads\/2018\/12\/favicon-150x150.jpg","url":"https:\/\/diariofemenino.com.ar\/df\/wp-content\/uploads\/2018\/12\/favicon-150x150.jpg","contentUrl":"https:\/\/diariofemenino.com.ar\/df\/wp-content\/uploads\/2018\/12\/favicon-150x150.jpg","caption":"Admin"},"url":"https:\/\/diariofemenino.com.ar\/df\/author\/adm18df\/"}]}},"jetpack_featured_media_url":"","jetpack_sharing_enabled":true,"rttpg_featured_image_url":null,"rttpg_author":{"display_name":"Admin","author_link":"https:\/\/diariofemenino.com.ar\/df\/author\/adm18df\/"},"rttpg_comment":0,"rttpg_category":"<a href=\"https:\/\/diariofemenino.com.ar\/df\/category\/medios\/\" rel=\"category tag\">Medios<\/a> <a href=\"https:\/\/diariofemenino.com.ar\/df\/category\/articulos\/\" rel=\"category tag\">Mujeres en Palabras<\/a> <a href=\"https:\/\/diariofemenino.com.ar\/df\/category\/trata-de-personas\/\" rel=\"category tag\">Trata de Pers.<\/a>","rttpg_excerpt":"&nbsp; &nbsp; &nbsp; La nueva serie de Caracol, \u2018La promesa\u2019, tiene un alto contenido social. La trata de personas se ha convertido en el tercer negocio il\u00edcito m\u00e1s rentable y perverso en el mundo, despu\u00e9s del tr\u00e1fico de estupefacientes y el tr\u00e1fico de armas. Esta conclusi\u00f3n, dada por la ONU, sirvi\u00f3 de base para que&hellip;","_links":{"self":[{"href":"https:\/\/diariofemenino.com.ar\/df\/wp-json\/wp\/v2\/posts\/5836","targetHints":{"allow":["GET"]}}],"collection":[{"href":"https:\/\/diariofemenino.com.ar\/df\/wp-json\/wp\/v2\/posts"}],"about":[{"href":"https:\/\/diariofemenino.com.ar\/df\/wp-json\/wp\/v2\/types\/post"}],"author":[{"embeddable":true,"href":"https:\/\/diariofemenino.com.ar\/df\/wp-json\/wp\/v2\/users\/1"}],"replies":[{"embeddable":true,"href":"https:\/\/diariofemenino.com.ar\/df\/wp-json\/wp\/v2\/comments?post=5836"}],"version-history":[{"count":0,"href":"https:\/\/diariofemenino.com.ar\/df\/wp-json\/wp\/v2\/posts\/5836\/revisions"}],"wp:attachment":[{"href":"https:\/\/diariofemenino.com.ar\/df\/wp-json\/wp\/v2\/media?parent=5836"}],"wp:term":[{"taxonomy":"category","embeddable":true,"href":"https:\/\/diariofemenino.com.ar\/df\/wp-json\/wp\/v2\/categories?post=5836"},{"taxonomy":"post_tag","embeddable":true,"href":"https:\/\/diariofemenino.com.ar\/df\/wp-json\/wp\/v2\/tags?post=5836"}],"curies":[{"name":"wp","href":"https:\/\/api.w.org\/{rel}","templated":true}]}}