{"id":5804,"date":"2013-03-03T02:10:57","date_gmt":"2013-03-03T05:10:57","guid":{"rendered":"http:\/\/www.diariofemenino.com.ar\/?p=5804"},"modified":"2013-03-03T02:10:57","modified_gmt":"2013-03-03T05:10:57","slug":"8-de-marzo-pepa-gaitan-presente-actividades-en-tucuman","status":"publish","type":"post","link":"https:\/\/diariofemenino.com.ar\/df\/8-de-marzo-pepa-gaitan-presente-actividades-en-tucuman\/","title":{"rendered":"&#8211; 8 de Marzo &#8211; Pepa Gait\u00e1n \u00a1Presente!!&#034;. Actividades en Tucum\u00e1n"},"content":{"rendered":"<p>&nbsp;<br \/>\n&nbsp;<br \/>\n&nbsp;<br \/>\nEn el marco del d\u00eda Internacional de la Mujer, el Observatorio de la Mujer en articulaci\u00f3n con el Hospital Centro de Salud Zen\u00f3n J. Santill\u00e1n y el INADI, han organizado una serie de actividades que se desarrollar\u00e1n en la semana del 04 al 08 de marzo, en el horario de 9 a 12 en las instalaciones de dicha instituci\u00f3n. Los d\u00edas 04, 05, 06, 07 y 08 se desarrollaran jornadas destinadas a brindar informaci\u00f3n a toda la comunidad en especial a las mujeres sobre de los diferentes servicios y programas de salud (nacionales y provinciales),para promover h\u00e1bitos saludables y concientizar a cerca de la salud como ejercicio de derechos. Dichas jornadas consisten en exponer mediante stand, p\u00f3ster y folleter\u00eda que ser\u00e1n ubicados al ingreso del hospital. Tambi\u00e9n habr\u00e1 participaci\u00f3n de emprendedoras sociales y se incluir\u00e1n actividades l\u00fadicas y art\u00edsticas.<br \/>\n<a href=\"http:\/\/www.diariofemenino.com.ar\/wp-content\/uploads\/Natalia.jpg\"><img loading=\"lazy\" decoding=\"async\" class=\"alignnone size-full wp-image-5818\" title=\"Natalia\" src=\"http:\/\/www.diariofemenino.com.ar\/wp-content\/uploads\/Natalia.jpg\" alt=\"\" width=\"504\" height=\"290\" \/><\/a><br \/>\n<br clear=\"all\" \/>En el marco del d\u00eda Internacional de las Mujeres y a 3 a\u00f1os del crimen de odio lesbofobico que tuvo por victima a Natalia \u00abPepa\u00bb Gait\u00e1n, la biblioteca popular Cris\u00e1lida, LesWarmi y Anku Ensamble organizan, en Khalo restobar (Laprida al 800) un encuentro llamado \u00abPepa Gait\u00e1n presente!!\u00bb destinado a reflexionar sobre\u00a0las mujeres, la diversidad en las mujeres y la violencia de g\u00e9nero. Se incluir\u00e1n actividades art\u00edsticas y se dispondr\u00e1 un mural para dejarle mensajes a familiares y amigos\/as de Pepa en C\u00f3rdoba.<br \/>\nLa entrada es libre y gratuita.<br \/>\n&nbsp;<br \/>\n&nbsp;<br \/>\n&nbsp;<br \/>\n&nbsp;<br \/>\nFuente: Gustavo Diaz Fernandez<\/p>\n","protected":false},"excerpt":{"rendered":"<p>&nbsp; &nbsp; &nbsp; En el marco del d\u00eda Internacional de la Mujer, el Observatorio de la Mujer en articulaci\u00f3n con el Hospital Centro de Salud Zen\u00f3n J. Santill\u00e1n y el INADI, han organizado una serie de actividades que se desarrollar\u00e1n en la semana del 04 al 08 de marzo, en el horario de 9 a [&hellip;]<\/p>\n","protected":false},"author":1,"featured_media":0,"comment_status":"open","ping_status":"open","sticky":false,"template":"","format":"standard","meta":{"iawp_total_views":8,"footnotes":""},"categories":[22,7,5,4],"tags":[],"class_list":["post-5804","post","type-post","status-publish","format-standard","hentry","category-aborto","category-actividades","category-historias-de-vida","category-medios"],"nelio_content":{"autoShareEndMode":"never","automationSources":{"useCustomSentences":false,"customSentences":[]},"efiAlt":"","efiUrl":"","followers":[],"highlights":[],"isAutoShareEnabled":true,"networkImageIds":[],"permalinkQueryArgs":[],"series":[],"suggestedReferences":[]},"yoast_head":"<!-- This site is optimized with the Yoast SEO plugin v27.4 - https:\/\/yoast.com\/product\/yoast-seo-wordpress\/ -->\n<title>- 8 de Marzo - Pepa Gait\u00e1n \u00a1Presente!!&#034;. Actividades en Tucum\u00e1n - Diario Digital Femenino<\/title>\n<meta name=\"robots\" content=\"index, follow, max-snippet:-1, max-image-preview:large, max-video-preview:-1\" \/>\n<link rel=\"canonical\" href=\"https:\/\/diariofemenino.com.ar\/df\/8-de-marzo-pepa-gaitan-presente-actividades-en-tucuman\/\" \/>\n<meta property=\"og:locale\" content=\"es_ES\" \/>\n<meta property=\"og:type\" content=\"article\" \/>\n<meta property=\"og:title\" content=\"- 8 de Marzo - Pepa Gait\u00e1n \u00a1Presente!!&#034;. Actividades en Tucum\u00e1n - Diario Digital Femenino\" \/>\n<meta property=\"og:description\" content=\"&nbsp; &nbsp; &nbsp; En el marco del d\u00eda Internacional de la Mujer, el Observatorio de la Mujer en articulaci\u00f3n con el Hospital Centro de Salud Zen\u00f3n J. Santill\u00e1n y el INADI, han organizado una serie de actividades que se desarrollar\u00e1n en la semana del 04 al 08 de marzo, en el horario de 9 a [&hellip;]\" \/>\n<meta property=\"og:url\" content=\"https:\/\/diariofemenino.com.ar\/df\/8-de-marzo-pepa-gaitan-presente-actividades-en-tucuman\/\" \/>\n<meta property=\"og:site_name\" content=\"Diario Digital Femenino\" \/>\n<meta property=\"article:publisher\" content=\"https:\/\/www.facebook.com\/DiarioDigitaFemenino\/\" \/>\n<meta property=\"article:published_time\" content=\"2013-03-03T05:10:57+00:00\" \/>\n<meta property=\"og:image\" content=\"http:\/\/www.diariofemenino.com.ar\/wp-content\/uploads\/Natalia.jpg\" \/>\n<meta name=\"author\" content=\"Admin\" \/>\n<meta name=\"twitter:card\" content=\"summary_large_image\" \/>\n<meta name=\"twitter:creator\" content=\"@DiarioFemenino1\" \/>\n<meta name=\"twitter:site\" content=\"@DiarioFemenino1\" \/>\n<meta name=\"twitter:label1\" content=\"Escrito por\" \/>\n\t<meta name=\"twitter:data1\" content=\"Admin\" \/>\n\t<meta name=\"twitter:label2\" content=\"Tiempo de lectura\" \/>\n\t<meta name=\"twitter:data2\" content=\"1 minuto\" \/>\n<script type=\"application\/ld+json\" class=\"yoast-schema-graph\">{\"@context\":\"https:\\\/\\\/schema.org\",\"@graph\":[{\"@type\":\"Article\",\"@id\":\"https:\\\/\\\/diariofemenino.com.ar\\\/df\\\/8-de-marzo-pepa-gaitan-presente-actividades-en-tucuman\\\/#article\",\"isPartOf\":{\"@id\":\"https:\\\/\\\/diariofemenino.com.ar\\\/df\\\/8-de-marzo-pepa-gaitan-presente-actividades-en-tucuman\\\/\"},\"author\":{\"name\":\"Admin\",\"@id\":\"https:\\\/\\\/diariofemenino.com.ar\\\/df\\\/#\\\/schema\\\/person\\\/38f54b3bfd13f561de2460ba95c169c6\"},\"headline\":\"&#8211; 8 de Marzo &#8211; Pepa Gait\u00e1n \u00a1Presente!!&#034;. Actividades en Tucum\u00e1n\",\"datePublished\":\"2013-03-03T05:10:57+00:00\",\"mainEntityOfPage\":{\"@id\":\"https:\\\/\\\/diariofemenino.com.ar\\\/df\\\/8-de-marzo-pepa-gaitan-presente-actividades-en-tucuman\\\/\"},\"wordCount\":267,\"commentCount\":0,\"publisher\":{\"@id\":\"https:\\\/\\\/diariofemenino.com.ar\\\/df\\\/#organization\"},\"image\":{\"@id\":\"https:\\\/\\\/diariofemenino.com.ar\\\/df\\\/8-de-marzo-pepa-gaitan-presente-actividades-en-tucuman\\\/#primaryimage\"},\"thumbnailUrl\":\"http:\\\/\\\/www.diariofemenino.com.ar\\\/wp-content\\\/uploads\\\/Natalia.jpg\",\"articleSection\":[\"Aborto\",\"Actividades\",\"Historias de vida\",\"Medios\"],\"inLanguage\":\"es\",\"potentialAction\":[{\"@type\":\"CommentAction\",\"name\":\"Comment\",\"target\":[\"https:\\\/\\\/diariofemenino.com.ar\\\/df\\\/8-de-marzo-pepa-gaitan-presente-actividades-en-tucuman\\\/#respond\"]}]},{\"@type\":\"WebPage\",\"@id\":\"https:\\\/\\\/diariofemenino.com.ar\\\/df\\\/8-de-marzo-pepa-gaitan-presente-actividades-en-tucuman\\\/\",\"url\":\"https:\\\/\\\/diariofemenino.com.ar\\\/df\\\/8-de-marzo-pepa-gaitan-presente-actividades-en-tucuman\\\/\",\"name\":\"- 8 de Marzo - Pepa Gait\u00e1n \u00a1Presente!!&#034;. Actividades en Tucum\u00e1n - Diario Digital Femenino\",\"isPartOf\":{\"@id\":\"https:\\\/\\\/diariofemenino.com.ar\\\/df\\\/#website\"},\"primaryImageOfPage\":{\"@id\":\"https:\\\/\\\/diariofemenino.com.ar\\\/df\\\/8-de-marzo-pepa-gaitan-presente-actividades-en-tucuman\\\/#primaryimage\"},\"image\":{\"@id\":\"https:\\\/\\\/diariofemenino.com.ar\\\/df\\\/8-de-marzo-pepa-gaitan-presente-actividades-en-tucuman\\\/#primaryimage\"},\"thumbnailUrl\":\"http:\\\/\\\/www.diariofemenino.com.ar\\\/wp-content\\\/uploads\\\/Natalia.jpg\",\"datePublished\":\"2013-03-03T05:10:57+00:00\",\"breadcrumb\":{\"@id\":\"https:\\\/\\\/diariofemenino.com.ar\\\/df\\\/8-de-marzo-pepa-gaitan-presente-actividades-en-tucuman\\\/#breadcrumb\"},\"inLanguage\":\"es\",\"potentialAction\":[{\"@type\":\"ReadAction\",\"target\":[\"https:\\\/\\\/diariofemenino.com.ar\\\/df\\\/8-de-marzo-pepa-gaitan-presente-actividades-en-tucuman\\\/\"]}]},{\"@type\":\"ImageObject\",\"inLanguage\":\"es\",\"@id\":\"https:\\\/\\\/diariofemenino.com.ar\\\/df\\\/8-de-marzo-pepa-gaitan-presente-actividades-en-tucuman\\\/#primaryimage\",\"url\":\"http:\\\/\\\/www.diariofemenino.com.ar\\\/wp-content\\\/uploads\\\/Natalia.jpg\",\"contentUrl\":\"http:\\\/\\\/www.diariofemenino.com.ar\\\/wp-content\\\/uploads\\\/Natalia.jpg\"},{\"@type\":\"BreadcrumbList\",\"@id\":\"https:\\\/\\\/diariofemenino.com.ar\\\/df\\\/8-de-marzo-pepa-gaitan-presente-actividades-en-tucuman\\\/#breadcrumb\",\"itemListElement\":[{\"@type\":\"ListItem\",\"position\":1,\"name\":\"Portada\",\"item\":\"https:\\\/\\\/diariofemenino.com.ar\\\/df\\\/\"},{\"@type\":\"ListItem\",\"position\":2,\"name\":\"&#8211; 8 de Marzo &#8211; Pepa Gait\u00e1n \u00a1Presente!!&#034;. Actividades en Tucum\u00e1n\"}]},{\"@type\":\"WebSite\",\"@id\":\"https:\\\/\\\/diariofemenino.com.ar\\\/df\\\/#website\",\"url\":\"https:\\\/\\\/diariofemenino.com.ar\\\/df\\\/\",\"name\":\"Diario Digital Femenino\",\"description\":\"Cuesti\u00f3n de G\u00e9nero\",\"publisher\":{\"@id\":\"https:\\\/\\\/diariofemenino.com.ar\\\/df\\\/#organization\"},\"potentialAction\":[{\"@type\":\"SearchAction\",\"target\":{\"@type\":\"EntryPoint\",\"urlTemplate\":\"https:\\\/\\\/diariofemenino.com.ar\\\/df\\\/?s={search_term_string}\"},\"query-input\":{\"@type\":\"PropertyValueSpecification\",\"valueRequired\":true,\"valueName\":\"search_term_string\"}}],\"inLanguage\":\"es\"},{\"@type\":\"Organization\",\"@id\":\"https:\\\/\\\/diariofemenino.com.ar\\\/df\\\/#organization\",\"name\":\"Diario Femenino\",\"url\":\"https:\\\/\\\/diariofemenino.com.ar\\\/df\\\/\",\"logo\":{\"@type\":\"ImageObject\",\"inLanguage\":\"es\",\"@id\":\"https:\\\/\\\/diariofemenino.com.ar\\\/df\\\/#\\\/schema\\\/logo\\\/image\\\/\",\"url\":\"https:\\\/\\\/diariofemenino.com.ar\\\/df\\\/wp-content\\\/uploads\\\/2018\\\/10\\\/logo.png\",\"contentUrl\":\"https:\\\/\\\/diariofemenino.com.ar\\\/df\\\/wp-content\\\/uploads\\\/2018\\\/10\\\/logo.png\",\"width\":500,\"height\":92,\"caption\":\"Diario Femenino\"},\"image\":{\"@id\":\"https:\\\/\\\/diariofemenino.com.ar\\\/df\\\/#\\\/schema\\\/logo\\\/image\\\/\"},\"sameAs\":[\"https:\\\/\\\/www.facebook.com\\\/DiarioDigitaFemenino\\\/\",\"https:\\\/\\\/x.com\\\/DiarioFemenino1\"]},{\"@type\":\"Person\",\"@id\":\"https:\\\/\\\/diariofemenino.com.ar\\\/df\\\/#\\\/schema\\\/person\\\/38f54b3bfd13f561de2460ba95c169c6\",\"name\":\"Admin\",\"image\":{\"@type\":\"ImageObject\",\"inLanguage\":\"es\",\"@id\":\"https:\\\/\\\/diariofemenino.com.ar\\\/df\\\/wp-content\\\/uploads\\\/2018\\\/12\\\/favicon-150x150.jpg\",\"url\":\"https:\\\/\\\/diariofemenino.com.ar\\\/df\\\/wp-content\\\/uploads\\\/2018\\\/12\\\/favicon-150x150.jpg\",\"contentUrl\":\"https:\\\/\\\/diariofemenino.com.ar\\\/df\\\/wp-content\\\/uploads\\\/2018\\\/12\\\/favicon-150x150.jpg\",\"caption\":\"Admin\"},\"url\":\"https:\\\/\\\/diariofemenino.com.ar\\\/df\\\/author\\\/adm18df\\\/\"}]}<\/script>\n<!-- \/ Yoast SEO plugin. -->","yoast_head_json":{"title":"- 8 de Marzo - Pepa Gait\u00e1n \u00a1Presente!!&#034;. Actividades en Tucum\u00e1n - Diario Digital Femenino","robots":{"index":"index","follow":"follow","max-snippet":"max-snippet:-1","max-image-preview":"max-image-preview:large","max-video-preview":"max-video-preview:-1"},"canonical":"https:\/\/diariofemenino.com.ar\/df\/8-de-marzo-pepa-gaitan-presente-actividades-en-tucuman\/","og_locale":"es_ES","og_type":"article","og_title":"- 8 de Marzo - Pepa Gait\u00e1n \u00a1Presente!!&#034;. Actividades en Tucum\u00e1n - Diario Digital Femenino","og_description":"&nbsp; &nbsp; &nbsp; En el marco del d\u00eda Internacional de la Mujer, el Observatorio de la Mujer en articulaci\u00f3n con el Hospital Centro de Salud Zen\u00f3n J. Santill\u00e1n y el INADI, han organizado una serie de actividades que se desarrollar\u00e1n en la semana del 04 al 08 de marzo, en el horario de 9 a [&hellip;]","og_url":"https:\/\/diariofemenino.com.ar\/df\/8-de-marzo-pepa-gaitan-presente-actividades-en-tucuman\/","og_site_name":"Diario Digital Femenino","article_publisher":"https:\/\/www.facebook.com\/DiarioDigitaFemenino\/","article_published_time":"2013-03-03T05:10:57+00:00","og_image":[{"url":"http:\/\/www.diariofemenino.com.ar\/wp-content\/uploads\/Natalia.jpg","type":"","width":"","height":""}],"author":"Admin","twitter_card":"summary_large_image","twitter_creator":"@DiarioFemenino1","twitter_site":"@DiarioFemenino1","twitter_misc":{"Escrito por":"Admin","Tiempo de lectura":"1 minuto"},"schema":{"@context":"https:\/\/schema.org","@graph":[{"@type":"Article","@id":"https:\/\/diariofemenino.com.ar\/df\/8-de-marzo-pepa-gaitan-presente-actividades-en-tucuman\/#article","isPartOf":{"@id":"https:\/\/diariofemenino.com.ar\/df\/8-de-marzo-pepa-gaitan-presente-actividades-en-tucuman\/"},"author":{"name":"Admin","@id":"https:\/\/diariofemenino.com.ar\/df\/#\/schema\/person\/38f54b3bfd13f561de2460ba95c169c6"},"headline":"&#8211; 8 de Marzo &#8211; Pepa Gait\u00e1n \u00a1Presente!!&#034;. Actividades en Tucum\u00e1n","datePublished":"2013-03-03T05:10:57+00:00","mainEntityOfPage":{"@id":"https:\/\/diariofemenino.com.ar\/df\/8-de-marzo-pepa-gaitan-presente-actividades-en-tucuman\/"},"wordCount":267,"commentCount":0,"publisher":{"@id":"https:\/\/diariofemenino.com.ar\/df\/#organization"},"image":{"@id":"https:\/\/diariofemenino.com.ar\/df\/8-de-marzo-pepa-gaitan-presente-actividades-en-tucuman\/#primaryimage"},"thumbnailUrl":"http:\/\/www.diariofemenino.com.ar\/wp-content\/uploads\/Natalia.jpg","articleSection":["Aborto","Actividades","Historias de vida","Medios"],"inLanguage":"es","potentialAction":[{"@type":"CommentAction","name":"Comment","target":["https:\/\/diariofemenino.com.ar\/df\/8-de-marzo-pepa-gaitan-presente-actividades-en-tucuman\/#respond"]}]},{"@type":"WebPage","@id":"https:\/\/diariofemenino.com.ar\/df\/8-de-marzo-pepa-gaitan-presente-actividades-en-tucuman\/","url":"https:\/\/diariofemenino.com.ar\/df\/8-de-marzo-pepa-gaitan-presente-actividades-en-tucuman\/","name":"- 8 de Marzo - Pepa Gait\u00e1n \u00a1Presente!!&#034;. Actividades en Tucum\u00e1n - Diario Digital Femenino","isPartOf":{"@id":"https:\/\/diariofemenino.com.ar\/df\/#website"},"primaryImageOfPage":{"@id":"https:\/\/diariofemenino.com.ar\/df\/8-de-marzo-pepa-gaitan-presente-actividades-en-tucuman\/#primaryimage"},"image":{"@id":"https:\/\/diariofemenino.com.ar\/df\/8-de-marzo-pepa-gaitan-presente-actividades-en-tucuman\/#primaryimage"},"thumbnailUrl":"http:\/\/www.diariofemenino.com.ar\/wp-content\/uploads\/Natalia.jpg","datePublished":"2013-03-03T05:10:57+00:00","breadcrumb":{"@id":"https:\/\/diariofemenino.com.ar\/df\/8-de-marzo-pepa-gaitan-presente-actividades-en-tucuman\/#breadcrumb"},"inLanguage":"es","potentialAction":[{"@type":"ReadAction","target":["https:\/\/diariofemenino.com.ar\/df\/8-de-marzo-pepa-gaitan-presente-actividades-en-tucuman\/"]}]},{"@type":"ImageObject","inLanguage":"es","@id":"https:\/\/diariofemenino.com.ar\/df\/8-de-marzo-pepa-gaitan-presente-actividades-en-tucuman\/#primaryimage","url":"http:\/\/www.diariofemenino.com.ar\/wp-content\/uploads\/Natalia.jpg","contentUrl":"http:\/\/www.diariofemenino.com.ar\/wp-content\/uploads\/Natalia.jpg"},{"@type":"BreadcrumbList","@id":"https:\/\/diariofemenino.com.ar\/df\/8-de-marzo-pepa-gaitan-presente-actividades-en-tucuman\/#breadcrumb","itemListElement":[{"@type":"ListItem","position":1,"name":"Portada","item":"https:\/\/diariofemenino.com.ar\/df\/"},{"@type":"ListItem","position":2,"name":"&#8211; 8 de Marzo &#8211; Pepa Gait\u00e1n \u00a1Presente!!&#034;. Actividades en Tucum\u00e1n"}]},{"@type":"WebSite","@id":"https:\/\/diariofemenino.com.ar\/df\/#website","url":"https:\/\/diariofemenino.com.ar\/df\/","name":"Diario Digital Femenino","description":"Cuesti\u00f3n de G\u00e9nero","publisher":{"@id":"https:\/\/diariofemenino.com.ar\/df\/#organization"},"potentialAction":[{"@type":"SearchAction","target":{"@type":"EntryPoint","urlTemplate":"https:\/\/diariofemenino.com.ar\/df\/?s={search_term_string}"},"query-input":{"@type":"PropertyValueSpecification","valueRequired":true,"valueName":"search_term_string"}}],"inLanguage":"es"},{"@type":"Organization","@id":"https:\/\/diariofemenino.com.ar\/df\/#organization","name":"Diario Femenino","url":"https:\/\/diariofemenino.com.ar\/df\/","logo":{"@type":"ImageObject","inLanguage":"es","@id":"https:\/\/diariofemenino.com.ar\/df\/#\/schema\/logo\/image\/","url":"https:\/\/diariofemenino.com.ar\/df\/wp-content\/uploads\/2018\/10\/logo.png","contentUrl":"https:\/\/diariofemenino.com.ar\/df\/wp-content\/uploads\/2018\/10\/logo.png","width":500,"height":92,"caption":"Diario Femenino"},"image":{"@id":"https:\/\/diariofemenino.com.ar\/df\/#\/schema\/logo\/image\/"},"sameAs":["https:\/\/www.facebook.com\/DiarioDigitaFemenino\/","https:\/\/x.com\/DiarioFemenino1"]},{"@type":"Person","@id":"https:\/\/diariofemenino.com.ar\/df\/#\/schema\/person\/38f54b3bfd13f561de2460ba95c169c6","name":"Admin","image":{"@type":"ImageObject","inLanguage":"es","@id":"https:\/\/diariofemenino.com.ar\/df\/wp-content\/uploads\/2018\/12\/favicon-150x150.jpg","url":"https:\/\/diariofemenino.com.ar\/df\/wp-content\/uploads\/2018\/12\/favicon-150x150.jpg","contentUrl":"https:\/\/diariofemenino.com.ar\/df\/wp-content\/uploads\/2018\/12\/favicon-150x150.jpg","caption":"Admin"},"url":"https:\/\/diariofemenino.com.ar\/df\/author\/adm18df\/"}]}},"jetpack_featured_media_url":"","jetpack_sharing_enabled":true,"rttpg_featured_image_url":null,"rttpg_author":{"display_name":"Admin","author_link":"https:\/\/diariofemenino.com.ar\/df\/author\/adm18df\/"},"rttpg_comment":0,"rttpg_category":"<a href=\"https:\/\/diariofemenino.com.ar\/df\/category\/aborto\/\" rel=\"category tag\">Aborto<\/a> <a href=\"https:\/\/diariofemenino.com.ar\/df\/category\/actividades\/\" rel=\"category tag\">Actividades<\/a> <a href=\"https:\/\/diariofemenino.com.ar\/df\/category\/historias-de-vida\/\" rel=\"category tag\">Historias de vida<\/a> <a href=\"https:\/\/diariofemenino.com.ar\/df\/category\/medios\/\" rel=\"category tag\">Medios<\/a>","rttpg_excerpt":"&nbsp; &nbsp; &nbsp; En el marco del d\u00eda Internacional de la Mujer, el Observatorio de la Mujer en articulaci\u00f3n con el Hospital Centro de Salud Zen\u00f3n J. Santill\u00e1n y el INADI, han organizado una serie de actividades que se desarrollar\u00e1n en la semana del 04 al 08 de marzo, en el horario de 9 a&hellip;","_links":{"self":[{"href":"https:\/\/diariofemenino.com.ar\/df\/wp-json\/wp\/v2\/posts\/5804","targetHints":{"allow":["GET"]}}],"collection":[{"href":"https:\/\/diariofemenino.com.ar\/df\/wp-json\/wp\/v2\/posts"}],"about":[{"href":"https:\/\/diariofemenino.com.ar\/df\/wp-json\/wp\/v2\/types\/post"}],"author":[{"embeddable":true,"href":"https:\/\/diariofemenino.com.ar\/df\/wp-json\/wp\/v2\/users\/1"}],"replies":[{"embeddable":true,"href":"https:\/\/diariofemenino.com.ar\/df\/wp-json\/wp\/v2\/comments?post=5804"}],"version-history":[{"count":0,"href":"https:\/\/diariofemenino.com.ar\/df\/wp-json\/wp\/v2\/posts\/5804\/revisions"}],"wp:attachment":[{"href":"https:\/\/diariofemenino.com.ar\/df\/wp-json\/wp\/v2\/media?parent=5804"}],"wp:term":[{"taxonomy":"category","embeddable":true,"href":"https:\/\/diariofemenino.com.ar\/df\/wp-json\/wp\/v2\/categories?post=5804"},{"taxonomy":"post_tag","embeddable":true,"href":"https:\/\/diariofemenino.com.ar\/df\/wp-json\/wp\/v2\/tags?post=5804"}],"curies":[{"name":"wp","href":"https:\/\/api.w.org\/{rel}","templated":true}]}}