{"id":58015,"date":"2021-05-14T11:05:56","date_gmt":"2021-05-14T14:05:56","guid":{"rendered":"https:\/\/diariofemenino.com.ar\/df\/?p=58015"},"modified":"2021-05-14T11:05:56","modified_gmt":"2021-05-14T14:05:56","slug":"violencia-estetica","status":"publish","type":"post","link":"https:\/\/diariofemenino.com.ar\/df\/violencia-estetica\/","title":{"rendered":"Violencia est\u00e9tica"},"content":{"rendered":"<p>Durante siglos los hombres han creado los c\u00e1nones de belleza, y han esculpido, pintado, escrito y poetizado sobre la belleza que ellos han dise\u00f1ado e impuesto a las mujeres como requisito imprescindible para demostrar su feminidad; pero este canon de belleza no ha sido invariable o est\u00e1tico, por el contrario, se ha modificado peri\u00f3dicamente de acuerdo a los intereses masculinos en las diferentes etapas del proceso hist\u00f3rico social, pero tambi\u00e9n a raz\u00f3n de diversos intereses de car\u00e1cter econ\u00f3mico en el contexto de determinados escenarios pol\u00edticos y socioculturales.<\/p>\n<p>Por\u00a0Esther Pineda G<a href=\"#_ftn1\" name=\"_ftnref1\">[1]<\/a>.<\/p>\n<p>De este modo, los imaginarios de belleza han pasado por varias etapas que van desde las venus greco-romanas, las madonnas medievales, las venus renacentistas, las voluptuosas mujeres del barroco hasta los cuerpos l\u00e1nguidos de la \u00e9poca victoriana; sin embargo, pese a una velada apariencia de diversidad, la realidad es que la belleza siempre ha mantenido como premisa central la blanquitud, la juventud y la delgadez; es decir, en nuestras sociedades una mujer para ser considerada bella debe ser necesaria e imprescindiblemente joven, blanca y delgada.<\/p>\n<figure id=\"attachment_58017\" aria-describedby=\"caption-attachment-58017\" style=\"width: 602px\" class=\"wp-caption aligncenter\"><img loading=\"lazy\" decoding=\"async\" class=\" wp-image-58017\" src=\"https:\/\/diariofemenino.com.ar\/df\/wp-content\/uploads\/2021\/05\/Imagen1.jpg\" alt=\"Violencia est\u00e9tica\" width=\"602\" height=\"379\" srcset=\"https:\/\/diariofemenino.com.ar\/df\/wp-content\/uploads\/2021\/05\/Imagen1.jpg 1000w, https:\/\/diariofemenino.com.ar\/df\/wp-content\/uploads\/2021\/05\/Imagen1-300x189.jpg 300w, https:\/\/diariofemenino.com.ar\/df\/wp-content\/uploads\/2021\/05\/Imagen1-768x484.jpg 768w\" sizes=\"auto, (max-width: 602px) 100vw, 602px\" \/><figcaption id=\"caption-attachment-58017\" class=\"wp-caption-text\">Violencia est\u00e9tica<\/figcaption><\/figure>\n<p>Pero es durante los siglos XX y XXI que las concepciones sobre la belleza lograron difundirse masivamente a trav\u00e9s de diferentes agentes socializadores, como los medios de comunicaci\u00f3n y difusi\u00f3n masiva, los cuales bombardean sistem\u00e1tica y repetidamente a las mujeres con las im\u00e1genes inalcanzables de actrices, modelos y cantantes arbitrariamente definidas como \u201crepresentantes de la belleza\u201d, imaginarios y narrativas que progresivamente han encontrado otros espacios donde instalarse y difundirse como es el caso de las redes sociales.<\/p>\n<p>Estas im\u00e1genes mediatizadas, editadas y manipuladas le dicen constantemente a las mujeres en la vida cotidiana c\u00f3mo deben verse y qu\u00e9 caracter\u00edsticas poseen o deben poseer las mujeres para ser consideradas bellas; mensajes que son reforzados en otras instituciones y agentes de socializaci\u00f3n, y que son reproducidos y expresados en los espacios p\u00fablicos y privados por parte de la familia, los grupos de pares y la pareja.<\/p>\n<figure id=\"attachment_58018\" aria-describedby=\"caption-attachment-58018\" style=\"width: 601px\" class=\"wp-caption aligncenter\"><img loading=\"lazy\" decoding=\"async\" class=\" wp-image-58018\" src=\"https:\/\/diariofemenino.com.ar\/df\/wp-content\/uploads\/2021\/05\/Imagen3-1024x538.jpg\" alt=\"Violencia est\u00e9tica\" width=\"601\" height=\"316\" srcset=\"https:\/\/diariofemenino.com.ar\/df\/wp-content\/uploads\/2021\/05\/Imagen3-1024x538.jpg 1024w, https:\/\/diariofemenino.com.ar\/df\/wp-content\/uploads\/2021\/05\/Imagen3-300x158.jpg 300w, https:\/\/diariofemenino.com.ar\/df\/wp-content\/uploads\/2021\/05\/Imagen3-768x403.jpg 768w, https:\/\/diariofemenino.com.ar\/df\/wp-content\/uploads\/2021\/05\/Imagen3.jpg 1200w\" sizes=\"auto, (max-width: 601px) 100vw, 601px\" \/><figcaption id=\"caption-attachment-58018\" class=\"wp-caption-text\">Violencia est\u00e9tica<\/figcaption><\/figure>\n<ul>\n<li>Ahora bien, es a estas narrativas, representaciones, pr\u00e1cticas e instituciones que ejercen presi\u00f3n y formas de discriminaci\u00f3n sobre las mujeres para obligarlas a responder al canon de belleza a lo que he llamado Violencia Est\u00e9tica, presi\u00f3n social que tiene consecuencias f\u00edsicas y psicol\u00f3gicas en las mujeres y que se fundamenta sobre la base de 4 premisas: el sexismo, la gerontofobia, el racismo y la gordofobia.<\/li>\n<li>El canon de belleza es sexista porque ha se exige exclusivamente a las mujeres y se le considera una condici\u00f3n inherente y definitoria de la feminidad. Mientras que en las mujeres la belleza aumenta su feminidad, en los hombres disminuye la masculinidad; sobre los hombres, no pesa la exigencia de la belleza, por el contrario, la belleza es mal vista e indeseada.<\/li>\n<li>El canon de belleza es gerontof\u00f3bico porque existe un profundo rechazo a la vejez, al mismo tiempo que las caracter\u00edsticas neonatales, la ausencia de defectos y por tanto la juventud son sobrevalorados. Existe una obsesi\u00f3n social por mantenerse joven; ahora, si bien la juventud no es el \u00fanico requisito para ser considerada bella, s\u00ed es una condici\u00f3n imprescindible.<br \/>\nEl canon de belleza es racista porque desde sus or\u00edgenes se ha constituido a partir de la blanquitud. Las mujeres negras, ind\u00edgenas, asi\u00e1ticas y \u00e1rabes han estado invisibilizadas en el canon de belleza; su piel, su cabello y sus facciones han sido convertidas en objeto de burla, discriminaci\u00f3n, exclusi\u00f3n y violencia.<\/li>\n<li>El canon de belleza es gordof\u00f3bico porque se rechaza, excluye y discrimina sistem\u00e1tica, repetida y expl\u00edcitamente a las corporalidades de grandes proporciones. La gordura se ha constituido como un estigma y se presenta como una de las peores cosas que les pueden ocurrir a las mujeres, concebida como una desgracia, a la cual debe temerse, pero sobre todo debe ser combatida, aniquilada y desaparecida.<\/li>\n<\/ul>\n<p>En la actualidad coexisten dos c\u00e1nones de belleza, el de la pin-up voluptuosa, sensual, mujer fatal y erotizada, y el de la modelo\/miss de apariencia p\u00faber pero anor\u00e9xica, c\u00e1nones de belleza que son difundidos y cotidianizados por el cine, la televisi\u00f3n, las revistas, la publicidad, la pornograf\u00eda, la industria discogr\u00e1fica, la literatura, los videojuegos, los dibujos animados y las redes sociales; y en cuyos discursos con frecuencia se descalifica a las mujeres por su f\u00edsico, y se enfatiza de forma reiterada y recurrente en su supuesta fealdad, su gordura, su negritud y su vejez.<\/p>\n<p>Finalmente es importante mencionar que en estos contenidos de gran alcance y difusi\u00f3n, la no adecuaci\u00f3n a los c\u00e1nones de belleza apa\u00adrece como un habilitador de la violencia, la discriminaci\u00f3n, el rechazo, el desprecio, la indiferencia, el <em>bullying <\/em>y las bromas crueles; agresiones que suelen ser justificadas con la idea de que las mujeres que no son bellas y flacas es porque no quieren, porque no lo intentan, porque no se esfuerzan, porque no se ejercitan, porque no co\u00admen saludablemente, o simplemente porque no gastan en los productos y servicios que les permiten responder a los c\u00e1nones de belleza imperante, pues en la sociedad contempor\u00e1nea la belleza est\u00e1 al alcance de la mano, de este modo puede ser comprada y por tanto consumida.<\/p>\n<p><a href=\"#_ftnref1\" name=\"_ftn1\">[1]<\/a> Soci\u00f3loga, Magister en Estudios de la mujer, Doctora y Postdoctora en Ciencias Sociales. Escritora autora del libro \u201cBellas para morir. Estereotipos de g\u00e9nero y violencia est\u00e9tica contra la mujer\u201d publicado por <a href=\"https:\/\/www.prometeoeditorial.com\/libro\/1197\/BELLAS-PARA-MORIR-Estereotipos-de-gnero-y-violencia-esttica-contra-la-mujer\">Prometeo Libros.<\/a><\/p>\n<p><a href=\"https:\/\/www.prometeoeditorial.com\/\"><img loading=\"lazy\" decoding=\"async\" class=\"aligncenter  wp-image-58019\" src=\"https:\/\/diariofemenino.com.ar\/df\/wp-content\/uploads\/2021\/05\/138610220_10222562221738500_70409762156861992_o-666x1024.jpg\" alt=\"\" width=\"513\" height=\"789\" srcset=\"https:\/\/diariofemenino.com.ar\/df\/wp-content\/uploads\/2021\/05\/138610220_10222562221738500_70409762156861992_o-666x1024.jpg 666w, https:\/\/diariofemenino.com.ar\/df\/wp-content\/uploads\/2021\/05\/138610220_10222562221738500_70409762156861992_o-195x300.jpg 195w, https:\/\/diariofemenino.com.ar\/df\/wp-content\/uploads\/2021\/05\/138610220_10222562221738500_70409762156861992_o-768x1182.jpg 768w, https:\/\/diariofemenino.com.ar\/df\/wp-content\/uploads\/2021\/05\/138610220_10222562221738500_70409762156861992_o.jpg 921w\" sizes=\"auto, (max-width: 513px) 100vw, 513px\" \/><\/a><\/p>\n","protected":false},"excerpt":{"rendered":"<p>Durante siglos los hombres han creado los c\u00e1nones de belleza, y han esculpido, pintado, escrito y poetizado sobre la belleza que ellos han dise\u00f1ado e impuesto a las mujeres como requisito imprescindible para demostrar su feminidad; pero este canon de belleza no ha sido invariable o est\u00e1tico, por el contrario, se ha modificado peri\u00f3dicamente de [&hellip;]<\/p>\n","protected":false},"author":4,"featured_media":58024,"comment_status":"open","ping_status":"open","sticky":false,"template":"","format":"standard","meta":{"iawp_total_views":216,"footnotes":""},"categories":[1067,178,32,23,592],"tags":[2304,4429],"class_list":["post-58015","post","type-post","status-publish","format-standard","has-post-thumbnail","hentry","category-agenda-feminista","category-articulos-y-comunicados","category-mujeres","category-salud","category-violencias","tag-esther-pineda-g","tag-violencia-estetica"],"nelio_content":{"autoShareEndMode":"never","automationSources":{"useCustomSentences":false,"customSentences":[]},"efiAlt":"","efiUrl":"","followers":[4],"highlights":[],"isAutoShareEnabled":true,"networkImageIds":[],"permalinkQueryArgs":[],"series":[],"suggestedReferences":[]},"yoast_head":"<!-- This site is optimized with the Yoast SEO plugin v27.5 - https:\/\/yoast.com\/product\/yoast-seo-wordpress\/ -->\n<title>Violencia est\u00e9tica - Diario Digital Femenino<\/title>\n<meta name=\"description\" content=\"Violencia est\u00e9tica. La soci\u00f3loga, Magister en Estudios de la mujer, Esther Pineda G. reflexiona acerca de las persistentes formas de violencia est\u00e9tica.\" \/>\n<meta name=\"robots\" content=\"index, follow, max-snippet:-1, max-image-preview:large, max-video-preview:-1\" \/>\n<link rel=\"canonical\" href=\"https:\/\/diariofemenino.com.ar\/df\/violencia-estetica\/\" \/>\n<meta property=\"og:locale\" content=\"es_ES\" \/>\n<meta property=\"og:type\" content=\"article\" \/>\n<meta property=\"og:title\" content=\"Violencia est\u00e9tica - Diario Digital Femenino\" \/>\n<meta property=\"og:description\" content=\"Violencia est\u00e9tica. La soci\u00f3loga, Magister en Estudios de la mujer, Esther Pineda G. reflexiona acerca de las persistentes formas de violencia est\u00e9tica.\" \/>\n<meta property=\"og:url\" content=\"https:\/\/diariofemenino.com.ar\/df\/violencia-estetica\/\" \/>\n<meta property=\"og:site_name\" content=\"Diario Digital Femenino\" \/>\n<meta property=\"article:publisher\" content=\"https:\/\/www.facebook.com\/DiarioDigitaFemenino\/\" \/>\n<meta property=\"article:published_time\" content=\"2021-05-14T14:05:56+00:00\" \/>\n<meta property=\"og:image\" content=\"https:\/\/diariofemenino.com.ar\/df\/wp-content\/uploads\/2021\/05\/Est\u00e9tica.jpg\" \/>\n\t<meta property=\"og:image:width\" content=\"920\" \/>\n\t<meta property=\"og:image:height\" content=\"711\" \/>\n\t<meta property=\"og:image:type\" content=\"image\/jpeg\" \/>\n<meta name=\"author\" content=\"Admin\" \/>\n<meta name=\"twitter:card\" content=\"summary_large_image\" \/>\n<meta name=\"twitter:creator\" content=\"@DiarioFemenino1\" \/>\n<meta name=\"twitter:site\" content=\"@DiarioFemenino1\" \/>\n<meta name=\"twitter:label1\" content=\"Escrito por\" \/>\n\t<meta name=\"twitter:data1\" content=\"Admin\" \/>\n\t<meta name=\"twitter:label2\" content=\"Tiempo de lectura\" \/>\n\t<meta name=\"twitter:data2\" content=\"5 minutos\" \/>\n<script type=\"application\/ld+json\" class=\"yoast-schema-graph\">{\"@context\":\"https:\\\/\\\/schema.org\",\"@graph\":[{\"@type\":\"Article\",\"@id\":\"https:\\\/\\\/diariofemenino.com.ar\\\/df\\\/violencia-estetica\\\/#article\",\"isPartOf\":{\"@id\":\"https:\\\/\\\/diariofemenino.com.ar\\\/df\\\/violencia-estetica\\\/\"},\"author\":{\"name\":\"Admin\",\"@id\":\"https:\\\/\\\/diariofemenino.com.ar\\\/df\\\/#\\\/schema\\\/person\\\/bf6199e8158c657ea6f789b11ec85509\"},\"headline\":\"Violencia est\u00e9tica\",\"datePublished\":\"2021-05-14T14:05:56+00:00\",\"mainEntityOfPage\":{\"@id\":\"https:\\\/\\\/diariofemenino.com.ar\\\/df\\\/violencia-estetica\\\/\"},\"wordCount\":953,\"commentCount\":0,\"publisher\":{\"@id\":\"https:\\\/\\\/diariofemenino.com.ar\\\/df\\\/#organization\"},\"image\":{\"@id\":\"https:\\\/\\\/diariofemenino.com.ar\\\/df\\\/violencia-estetica\\\/#primaryimage\"},\"thumbnailUrl\":\"https:\\\/\\\/diariofemenino.com.ar\\\/df\\\/wp-content\\\/uploads\\\/2021\\\/05\\\/Est\u00e9tica.jpg\",\"keywords\":[\"Esther Pineda G.\",\"Violencia est\u00e9tica\"],\"articleSection\":[\"Agenda Feminista\",\"Art\u00edculos y Comunicados\",\"Mujeres\",\"Salud\",\"Violencias\"],\"inLanguage\":\"es\",\"potentialAction\":[{\"@type\":\"CommentAction\",\"name\":\"Comment\",\"target\":[\"https:\\\/\\\/diariofemenino.com.ar\\\/df\\\/violencia-estetica\\\/#respond\"]}]},{\"@type\":\"WebPage\",\"@id\":\"https:\\\/\\\/diariofemenino.com.ar\\\/df\\\/violencia-estetica\\\/\",\"url\":\"https:\\\/\\\/diariofemenino.com.ar\\\/df\\\/violencia-estetica\\\/\",\"name\":\"Violencia est\u00e9tica - Diario Digital Femenino\",\"isPartOf\":{\"@id\":\"https:\\\/\\\/diariofemenino.com.ar\\\/df\\\/#website\"},\"primaryImageOfPage\":{\"@id\":\"https:\\\/\\\/diariofemenino.com.ar\\\/df\\\/violencia-estetica\\\/#primaryimage\"},\"image\":{\"@id\":\"https:\\\/\\\/diariofemenino.com.ar\\\/df\\\/violencia-estetica\\\/#primaryimage\"},\"thumbnailUrl\":\"https:\\\/\\\/diariofemenino.com.ar\\\/df\\\/wp-content\\\/uploads\\\/2021\\\/05\\\/Est\u00e9tica.jpg\",\"datePublished\":\"2021-05-14T14:05:56+00:00\",\"description\":\"Violencia est\u00e9tica. La soci\u00f3loga, Magister en Estudios de la mujer, Esther Pineda G. reflexiona acerca de las persistentes formas de violencia est\u00e9tica.\",\"breadcrumb\":{\"@id\":\"https:\\\/\\\/diariofemenino.com.ar\\\/df\\\/violencia-estetica\\\/#breadcrumb\"},\"inLanguage\":\"es\",\"potentialAction\":[{\"@type\":\"ReadAction\",\"target\":[\"https:\\\/\\\/diariofemenino.com.ar\\\/df\\\/violencia-estetica\\\/\"]}]},{\"@type\":\"ImageObject\",\"inLanguage\":\"es\",\"@id\":\"https:\\\/\\\/diariofemenino.com.ar\\\/df\\\/violencia-estetica\\\/#primaryimage\",\"url\":\"https:\\\/\\\/diariofemenino.com.ar\\\/df\\\/wp-content\\\/uploads\\\/2021\\\/05\\\/Est\u00e9tica.jpg\",\"contentUrl\":\"https:\\\/\\\/diariofemenino.com.ar\\\/df\\\/wp-content\\\/uploads\\\/2021\\\/05\\\/Est\u00e9tica.jpg\",\"width\":920,\"height\":711,\"caption\":\"Violencia est\u00e9tica\"},{\"@type\":\"BreadcrumbList\",\"@id\":\"https:\\\/\\\/diariofemenino.com.ar\\\/df\\\/violencia-estetica\\\/#breadcrumb\",\"itemListElement\":[{\"@type\":\"ListItem\",\"position\":1,\"name\":\"Portada\",\"item\":\"https:\\\/\\\/diariofemenino.com.ar\\\/df\\\/\"},{\"@type\":\"ListItem\",\"position\":2,\"name\":\"Violencia est\u00e9tica\"}]},{\"@type\":\"WebSite\",\"@id\":\"https:\\\/\\\/diariofemenino.com.ar\\\/df\\\/#website\",\"url\":\"https:\\\/\\\/diariofemenino.com.ar\\\/df\\\/\",\"name\":\"Diario Digital Femenino\",\"description\":\"Cuesti\u00f3n de G\u00e9nero\",\"publisher\":{\"@id\":\"https:\\\/\\\/diariofemenino.com.ar\\\/df\\\/#organization\"},\"potentialAction\":[{\"@type\":\"SearchAction\",\"target\":{\"@type\":\"EntryPoint\",\"urlTemplate\":\"https:\\\/\\\/diariofemenino.com.ar\\\/df\\\/?s={search_term_string}\"},\"query-input\":{\"@type\":\"PropertyValueSpecification\",\"valueRequired\":true,\"valueName\":\"search_term_string\"}}],\"inLanguage\":\"es\"},{\"@type\":\"Organization\",\"@id\":\"https:\\\/\\\/diariofemenino.com.ar\\\/df\\\/#organization\",\"name\":\"Diario Femenino\",\"url\":\"https:\\\/\\\/diariofemenino.com.ar\\\/df\\\/\",\"logo\":{\"@type\":\"ImageObject\",\"inLanguage\":\"es\",\"@id\":\"https:\\\/\\\/diariofemenino.com.ar\\\/df\\\/#\\\/schema\\\/logo\\\/image\\\/\",\"url\":\"https:\\\/\\\/diariofemenino.com.ar\\\/df\\\/wp-content\\\/uploads\\\/2018\\\/10\\\/logo.png\",\"contentUrl\":\"https:\\\/\\\/diariofemenino.com.ar\\\/df\\\/wp-content\\\/uploads\\\/2018\\\/10\\\/logo.png\",\"width\":500,\"height\":92,\"caption\":\"Diario Femenino\"},\"image\":{\"@id\":\"https:\\\/\\\/diariofemenino.com.ar\\\/df\\\/#\\\/schema\\\/logo\\\/image\\\/\"},\"sameAs\":[\"https:\\\/\\\/www.facebook.com\\\/DiarioDigitaFemenino\\\/\",\"https:\\\/\\\/x.com\\\/DiarioFemenino1\"]},{\"@type\":\"Person\",\"@id\":\"https:\\\/\\\/diariofemenino.com.ar\\\/df\\\/#\\\/schema\\\/person\\\/bf6199e8158c657ea6f789b11ec85509\",\"name\":\"Admin\",\"image\":{\"@type\":\"ImageObject\",\"inLanguage\":\"es\",\"@id\":\"https:\\\/\\\/diariofemenino.com.ar\\\/df\\\/wp-content\\\/uploads\\\/2018\\\/12\\\/favicon-150x150.jpg\",\"url\":\"https:\\\/\\\/diariofemenino.com.ar\\\/df\\\/wp-content\\\/uploads\\\/2018\\\/12\\\/favicon-150x150.jpg\",\"contentUrl\":\"https:\\\/\\\/diariofemenino.com.ar\\\/df\\\/wp-content\\\/uploads\\\/2018\\\/12\\\/favicon-150x150.jpg\",\"caption\":\"Admin\"},\"url\":\"https:\\\/\\\/diariofemenino.com.ar\\\/df\\\/author\\\/lenny\\\/\"}]}<\/script>\n<!-- \/ Yoast SEO plugin. -->","yoast_head_json":{"title":"Violencia est\u00e9tica - Diario Digital Femenino","description":"Violencia est\u00e9tica. La soci\u00f3loga, Magister en Estudios de la mujer, Esther Pineda G. reflexiona acerca de las persistentes formas de violencia est\u00e9tica.","robots":{"index":"index","follow":"follow","max-snippet":"max-snippet:-1","max-image-preview":"max-image-preview:large","max-video-preview":"max-video-preview:-1"},"canonical":"https:\/\/diariofemenino.com.ar\/df\/violencia-estetica\/","og_locale":"es_ES","og_type":"article","og_title":"Violencia est\u00e9tica - Diario Digital Femenino","og_description":"Violencia est\u00e9tica. La soci\u00f3loga, Magister en Estudios de la mujer, Esther Pineda G. reflexiona acerca de las persistentes formas de violencia est\u00e9tica.","og_url":"https:\/\/diariofemenino.com.ar\/df\/violencia-estetica\/","og_site_name":"Diario Digital Femenino","article_publisher":"https:\/\/www.facebook.com\/DiarioDigitaFemenino\/","article_published_time":"2021-05-14T14:05:56+00:00","og_image":[{"width":920,"height":711,"url":"https:\/\/diariofemenino.com.ar\/df\/wp-content\/uploads\/2021\/05\/Est\u00e9tica.jpg","type":"image\/jpeg"}],"author":"Admin","twitter_card":"summary_large_image","twitter_creator":"@DiarioFemenino1","twitter_site":"@DiarioFemenino1","twitter_misc":{"Escrito por":"Admin","Tiempo de lectura":"5 minutos"},"schema":{"@context":"https:\/\/schema.org","@graph":[{"@type":"Article","@id":"https:\/\/diariofemenino.com.ar\/df\/violencia-estetica\/#article","isPartOf":{"@id":"https:\/\/diariofemenino.com.ar\/df\/violencia-estetica\/"},"author":{"name":"Admin","@id":"https:\/\/diariofemenino.com.ar\/df\/#\/schema\/person\/bf6199e8158c657ea6f789b11ec85509"},"headline":"Violencia est\u00e9tica","datePublished":"2021-05-14T14:05:56+00:00","mainEntityOfPage":{"@id":"https:\/\/diariofemenino.com.ar\/df\/violencia-estetica\/"},"wordCount":953,"commentCount":0,"publisher":{"@id":"https:\/\/diariofemenino.com.ar\/df\/#organization"},"image":{"@id":"https:\/\/diariofemenino.com.ar\/df\/violencia-estetica\/#primaryimage"},"thumbnailUrl":"https:\/\/diariofemenino.com.ar\/df\/wp-content\/uploads\/2021\/05\/Est\u00e9tica.jpg","keywords":["Esther Pineda G.","Violencia est\u00e9tica"],"articleSection":["Agenda Feminista","Art\u00edculos y Comunicados","Mujeres","Salud","Violencias"],"inLanguage":"es","potentialAction":[{"@type":"CommentAction","name":"Comment","target":["https:\/\/diariofemenino.com.ar\/df\/violencia-estetica\/#respond"]}]},{"@type":"WebPage","@id":"https:\/\/diariofemenino.com.ar\/df\/violencia-estetica\/","url":"https:\/\/diariofemenino.com.ar\/df\/violencia-estetica\/","name":"Violencia est\u00e9tica - Diario Digital Femenino","isPartOf":{"@id":"https:\/\/diariofemenino.com.ar\/df\/#website"},"primaryImageOfPage":{"@id":"https:\/\/diariofemenino.com.ar\/df\/violencia-estetica\/#primaryimage"},"image":{"@id":"https:\/\/diariofemenino.com.ar\/df\/violencia-estetica\/#primaryimage"},"thumbnailUrl":"https:\/\/diariofemenino.com.ar\/df\/wp-content\/uploads\/2021\/05\/Est\u00e9tica.jpg","datePublished":"2021-05-14T14:05:56+00:00","description":"Violencia est\u00e9tica. La soci\u00f3loga, Magister en Estudios de la mujer, Esther Pineda G. reflexiona acerca de las persistentes formas de violencia est\u00e9tica.","breadcrumb":{"@id":"https:\/\/diariofemenino.com.ar\/df\/violencia-estetica\/#breadcrumb"},"inLanguage":"es","potentialAction":[{"@type":"ReadAction","target":["https:\/\/diariofemenino.com.ar\/df\/violencia-estetica\/"]}]},{"@type":"ImageObject","inLanguage":"es","@id":"https:\/\/diariofemenino.com.ar\/df\/violencia-estetica\/#primaryimage","url":"https:\/\/diariofemenino.com.ar\/df\/wp-content\/uploads\/2021\/05\/Est\u00e9tica.jpg","contentUrl":"https:\/\/diariofemenino.com.ar\/df\/wp-content\/uploads\/2021\/05\/Est\u00e9tica.jpg","width":920,"height":711,"caption":"Violencia est\u00e9tica"},{"@type":"BreadcrumbList","@id":"https:\/\/diariofemenino.com.ar\/df\/violencia-estetica\/#breadcrumb","itemListElement":[{"@type":"ListItem","position":1,"name":"Portada","item":"https:\/\/diariofemenino.com.ar\/df\/"},{"@type":"ListItem","position":2,"name":"Violencia est\u00e9tica"}]},{"@type":"WebSite","@id":"https:\/\/diariofemenino.com.ar\/df\/#website","url":"https:\/\/diariofemenino.com.ar\/df\/","name":"Diario Digital Femenino","description":"Cuesti\u00f3n de G\u00e9nero","publisher":{"@id":"https:\/\/diariofemenino.com.ar\/df\/#organization"},"potentialAction":[{"@type":"SearchAction","target":{"@type":"EntryPoint","urlTemplate":"https:\/\/diariofemenino.com.ar\/df\/?s={search_term_string}"},"query-input":{"@type":"PropertyValueSpecification","valueRequired":true,"valueName":"search_term_string"}}],"inLanguage":"es"},{"@type":"Organization","@id":"https:\/\/diariofemenino.com.ar\/df\/#organization","name":"Diario Femenino","url":"https:\/\/diariofemenino.com.ar\/df\/","logo":{"@type":"ImageObject","inLanguage":"es","@id":"https:\/\/diariofemenino.com.ar\/df\/#\/schema\/logo\/image\/","url":"https:\/\/diariofemenino.com.ar\/df\/wp-content\/uploads\/2018\/10\/logo.png","contentUrl":"https:\/\/diariofemenino.com.ar\/df\/wp-content\/uploads\/2018\/10\/logo.png","width":500,"height":92,"caption":"Diario Femenino"},"image":{"@id":"https:\/\/diariofemenino.com.ar\/df\/#\/schema\/logo\/image\/"},"sameAs":["https:\/\/www.facebook.com\/DiarioDigitaFemenino\/","https:\/\/x.com\/DiarioFemenino1"]},{"@type":"Person","@id":"https:\/\/diariofemenino.com.ar\/df\/#\/schema\/person\/bf6199e8158c657ea6f789b11ec85509","name":"Admin","image":{"@type":"ImageObject","inLanguage":"es","@id":"https:\/\/diariofemenino.com.ar\/df\/wp-content\/uploads\/2018\/12\/favicon-150x150.jpg","url":"https:\/\/diariofemenino.com.ar\/df\/wp-content\/uploads\/2018\/12\/favicon-150x150.jpg","contentUrl":"https:\/\/diariofemenino.com.ar\/df\/wp-content\/uploads\/2018\/12\/favicon-150x150.jpg","caption":"Admin"},"url":"https:\/\/diariofemenino.com.ar\/df\/author\/lenny\/"}]}},"jetpack_featured_media_url":"https:\/\/diariofemenino.com.ar\/df\/wp-content\/uploads\/2021\/05\/Est\u00e9tica.jpg","jetpack_sharing_enabled":true,"rttpg_featured_image_url":{"full":["https:\/\/diariofemenino.com.ar\/df\/wp-content\/uploads\/2021\/05\/Est\u00e9tica.jpg",920,711,false],"landscape":["https:\/\/diariofemenino.com.ar\/df\/wp-content\/uploads\/2021\/05\/Est\u00e9tica.jpg",920,711,false],"portraits":["https:\/\/diariofemenino.com.ar\/df\/wp-content\/uploads\/2021\/05\/Est\u00e9tica.jpg",920,711,false],"thumbnail":["https:\/\/diariofemenino.com.ar\/df\/wp-content\/uploads\/2021\/05\/Est\u00e9tica-150x150.jpg",150,150,true],"medium":["https:\/\/diariofemenino.com.ar\/df\/wp-content\/uploads\/2021\/05\/Est\u00e9tica-300x232.jpg",300,232,true],"large":["https:\/\/diariofemenino.com.ar\/df\/wp-content\/uploads\/2021\/05\/Est\u00e9tica.jpg",920,711,false],"1536x1536":["https:\/\/diariofemenino.com.ar\/df\/wp-content\/uploads\/2021\/05\/Est\u00e9tica.jpg",920,711,false],"2048x2048":["https:\/\/diariofemenino.com.ar\/df\/wp-content\/uploads\/2021\/05\/Est\u00e9tica.jpg",920,711,false]},"rttpg_author":{"display_name":"Admin","author_link":"https:\/\/diariofemenino.com.ar\/df\/author\/lenny\/"},"rttpg_comment":0,"rttpg_category":"<a href=\"https:\/\/diariofemenino.com.ar\/df\/category\/agenda-feminista\/\" rel=\"category tag\">Agenda Feminista<\/a> <a href=\"https:\/\/diariofemenino.com.ar\/df\/category\/articulos-y-comunicados\/\" rel=\"category tag\">Art\u00edculos y Comunicados<\/a> <a href=\"https:\/\/diariofemenino.com.ar\/df\/category\/mujeres\/\" rel=\"category tag\">Mujeres<\/a> <a href=\"https:\/\/diariofemenino.com.ar\/df\/category\/salud\/\" rel=\"category tag\">Salud<\/a> <a href=\"https:\/\/diariofemenino.com.ar\/df\/category\/violencias\/\" rel=\"category tag\">Violencias<\/a>","rttpg_excerpt":"Durante siglos los hombres han creado los c\u00e1nones de belleza, y han esculpido, pintado, escrito y poetizado sobre la belleza que ellos han dise\u00f1ado e impuesto a las mujeres como requisito imprescindible para demostrar su feminidad; pero este canon de belleza no ha sido invariable o est\u00e1tico, por el contrario, se ha modificado peri\u00f3dicamente de&hellip;","_links":{"self":[{"href":"https:\/\/diariofemenino.com.ar\/df\/wp-json\/wp\/v2\/posts\/58015","targetHints":{"allow":["GET"]}}],"collection":[{"href":"https:\/\/diariofemenino.com.ar\/df\/wp-json\/wp\/v2\/posts"}],"about":[{"href":"https:\/\/diariofemenino.com.ar\/df\/wp-json\/wp\/v2\/types\/post"}],"author":[{"embeddable":true,"href":"https:\/\/diariofemenino.com.ar\/df\/wp-json\/wp\/v2\/users\/4"}],"replies":[{"embeddable":true,"href":"https:\/\/diariofemenino.com.ar\/df\/wp-json\/wp\/v2\/comments?post=58015"}],"version-history":[{"count":0,"href":"https:\/\/diariofemenino.com.ar\/df\/wp-json\/wp\/v2\/posts\/58015\/revisions"}],"wp:featuredmedia":[{"embeddable":true,"href":"https:\/\/diariofemenino.com.ar\/df\/wp-json\/wp\/v2\/media\/58024"}],"wp:attachment":[{"href":"https:\/\/diariofemenino.com.ar\/df\/wp-json\/wp\/v2\/media?parent=58015"}],"wp:term":[{"taxonomy":"category","embeddable":true,"href":"https:\/\/diariofemenino.com.ar\/df\/wp-json\/wp\/v2\/categories?post=58015"},{"taxonomy":"post_tag","embeddable":true,"href":"https:\/\/diariofemenino.com.ar\/df\/wp-json\/wp\/v2\/tags?post=58015"}],"curies":[{"name":"wp","href":"https:\/\/api.w.org\/{rel}","templated":true}]}}