{"id":5792,"date":"2013-03-03T01:34:40","date_gmt":"2013-03-03T04:34:40","guid":{"rendered":"http:\/\/www.diariofemenino.com.ar\/?p=5792"},"modified":"2013-03-03T01:34:40","modified_gmt":"2013-03-03T04:34:40","slug":"santa-rosa-caminata-por-el-dia-de-la-mujer","status":"publish","type":"post","link":"https:\/\/diariofemenino.com.ar\/df\/santa-rosa-caminata-por-el-dia-de-la-mujer\/","title":{"rendered":"Santa Rosa: Caminata por el d\u00eda de la Mujer"},"content":{"rendered":"<p>&nbsp;<br \/>\n&nbsp;<br \/>\nEl s\u00e1bado 9 de marzo se llevar\u00e1 a cabo una caminata por el D\u00eda de la Mujer denominada \u00abPonete en movimiento\u00bb. La salida ser\u00e1 desde la Ciudad Judicial hasta el complejo deportivo La Barranca, sobre calle Mu\u00f1oz.<br \/>\n<a href=\"http:\/\/www.diariofemenino.com.ar\/wp-content\/uploads\/caminataadieta.jpg\"><img loading=\"lazy\" decoding=\"async\" class=\"alignnone size-full wp-image-5794\" title=\"caminataadieta\" src=\"http:\/\/www.diariofemenino.com.ar\/wp-content\/uploads\/caminataadieta.jpg\" alt=\"\" width=\"600\" height=\"360\" \/><\/a><\/p>\n<div>La actividad es organizada por quinto a\u00f1o consecutivo por Adieta. En esta oportunidad el lema es \u00abCuid\u00e1 tu coraz\u00f3n\u00bb y se har\u00e1 hincapi\u00e9 en la importancia de prevenir las enfermedades cardiovasculares en la mujer. Desde la organizaci\u00f3n informaron que a la llegada en La Barranca se desarrollar\u00e1n actividades de indoor, ritmos, aerobox y flexibilidad. Tambi\u00e9n habr\u00e1 sorteos y colaciones saludables.<br \/>\nPara mayor informaci\u00f3n comunicarse al tel\u00e9fono 02954-413438.<\/div>\n<div><\/div>\n<div><\/div>\n<div><\/div>\n","protected":false},"excerpt":{"rendered":"<p>&nbsp; &nbsp; El s\u00e1bado 9 de marzo se llevar\u00e1 a cabo una caminata por el D\u00eda de la Mujer denominada \u00abPonete en movimiento\u00bb. La salida ser\u00e1 desde la Ciudad Judicial hasta el complejo deportivo La Barranca, sobre calle Mu\u00f1oz. La actividad es organizada por quinto a\u00f1o consecutivo por Adieta. En esta oportunidad el lema es [&hellip;]<\/p>\n","protected":false},"author":1,"featured_media":0,"comment_status":"open","ping_status":"open","sticky":false,"template":"","format":"standard","meta":{"iawp_total_views":4,"footnotes":""},"categories":[22,4],"tags":[],"class_list":["post-5792","post","type-post","status-publish","format-standard","hentry","category-aborto","category-medios"],"nelio_content":{"autoShareEndMode":"never","automationSources":{"useCustomSentences":false,"customSentences":[]},"efiAlt":"","efiUrl":"","followers":[],"highlights":[],"isAutoShareEnabled":true,"networkImageIds":[],"permalinkQueryArgs":[],"series":[],"suggestedReferences":[]},"yoast_head":"<!-- This site is optimized with the Yoast SEO plugin v27.4 - https:\/\/yoast.com\/product\/yoast-seo-wordpress\/ -->\n<title>Santa Rosa: Caminata por el d\u00eda de la Mujer - Diario Digital Femenino<\/title>\n<meta name=\"robots\" content=\"index, follow, max-snippet:-1, max-image-preview:large, max-video-preview:-1\" \/>\n<link rel=\"canonical\" href=\"https:\/\/diariofemenino.com.ar\/df\/santa-rosa-caminata-por-el-dia-de-la-mujer\/\" \/>\n<meta property=\"og:locale\" content=\"es_ES\" \/>\n<meta property=\"og:type\" content=\"article\" \/>\n<meta property=\"og:title\" content=\"Santa Rosa: Caminata por el d\u00eda de la Mujer - Diario Digital Femenino\" \/>\n<meta property=\"og:description\" content=\"&nbsp; &nbsp; El s\u00e1bado 9 de marzo se llevar\u00e1 a cabo una caminata por el D\u00eda de la Mujer denominada \u00abPonete en movimiento\u00bb. La salida ser\u00e1 desde la Ciudad Judicial hasta el complejo deportivo La Barranca, sobre calle Mu\u00f1oz. La actividad es organizada por quinto a\u00f1o consecutivo por Adieta. En esta oportunidad el lema es [&hellip;]\" \/>\n<meta property=\"og:url\" content=\"https:\/\/diariofemenino.com.ar\/df\/santa-rosa-caminata-por-el-dia-de-la-mujer\/\" \/>\n<meta property=\"og:site_name\" content=\"Diario Digital Femenino\" \/>\n<meta property=\"article:publisher\" content=\"https:\/\/www.facebook.com\/DiarioDigitaFemenino\/\" \/>\n<meta property=\"article:published_time\" content=\"2013-03-03T04:34:40+00:00\" \/>\n<meta property=\"og:image\" content=\"http:\/\/www.diariofemenino.com.ar\/wp-content\/uploads\/caminataadieta.jpg\" \/>\n<meta name=\"author\" content=\"Admin\" \/>\n<meta name=\"twitter:card\" content=\"summary_large_image\" \/>\n<meta name=\"twitter:creator\" content=\"@DiarioFemenino1\" \/>\n<meta name=\"twitter:site\" content=\"@DiarioFemenino1\" \/>\n<meta name=\"twitter:label1\" content=\"Escrito por\" \/>\n\t<meta name=\"twitter:data1\" content=\"Admin\" \/>\n\t<meta name=\"twitter:label2\" content=\"Tiempo de lectura\" \/>\n\t<meta name=\"twitter:data2\" content=\"1 minuto\" \/>\n<script type=\"application\/ld+json\" class=\"yoast-schema-graph\">{\"@context\":\"https:\\\/\\\/schema.org\",\"@graph\":[{\"@type\":\"Article\",\"@id\":\"https:\\\/\\\/diariofemenino.com.ar\\\/df\\\/santa-rosa-caminata-por-el-dia-de-la-mujer\\\/#article\",\"isPartOf\":{\"@id\":\"https:\\\/\\\/diariofemenino.com.ar\\\/df\\\/santa-rosa-caminata-por-el-dia-de-la-mujer\\\/\"},\"author\":{\"name\":\"Admin\",\"@id\":\"https:\\\/\\\/diariofemenino.com.ar\\\/df\\\/#\\\/schema\\\/person\\\/38f54b3bfd13f561de2460ba95c169c6\"},\"headline\":\"Santa Rosa: Caminata por el d\u00eda de la Mujer\",\"datePublished\":\"2013-03-03T04:34:40+00:00\",\"mainEntityOfPage\":{\"@id\":\"https:\\\/\\\/diariofemenino.com.ar\\\/df\\\/santa-rosa-caminata-por-el-dia-de-la-mujer\\\/\"},\"wordCount\":125,\"commentCount\":0,\"publisher\":{\"@id\":\"https:\\\/\\\/diariofemenino.com.ar\\\/df\\\/#organization\"},\"image\":{\"@id\":\"https:\\\/\\\/diariofemenino.com.ar\\\/df\\\/santa-rosa-caminata-por-el-dia-de-la-mujer\\\/#primaryimage\"},\"thumbnailUrl\":\"http:\\\/\\\/www.diariofemenino.com.ar\\\/wp-content\\\/uploads\\\/caminataadieta.jpg\",\"articleSection\":[\"Aborto\",\"Medios\"],\"inLanguage\":\"es\",\"potentialAction\":[{\"@type\":\"CommentAction\",\"name\":\"Comment\",\"target\":[\"https:\\\/\\\/diariofemenino.com.ar\\\/df\\\/santa-rosa-caminata-por-el-dia-de-la-mujer\\\/#respond\"]}]},{\"@type\":\"WebPage\",\"@id\":\"https:\\\/\\\/diariofemenino.com.ar\\\/df\\\/santa-rosa-caminata-por-el-dia-de-la-mujer\\\/\",\"url\":\"https:\\\/\\\/diariofemenino.com.ar\\\/df\\\/santa-rosa-caminata-por-el-dia-de-la-mujer\\\/\",\"name\":\"Santa Rosa: Caminata por el d\u00eda de la Mujer - Diario Digital Femenino\",\"isPartOf\":{\"@id\":\"https:\\\/\\\/diariofemenino.com.ar\\\/df\\\/#website\"},\"primaryImageOfPage\":{\"@id\":\"https:\\\/\\\/diariofemenino.com.ar\\\/df\\\/santa-rosa-caminata-por-el-dia-de-la-mujer\\\/#primaryimage\"},\"image\":{\"@id\":\"https:\\\/\\\/diariofemenino.com.ar\\\/df\\\/santa-rosa-caminata-por-el-dia-de-la-mujer\\\/#primaryimage\"},\"thumbnailUrl\":\"http:\\\/\\\/www.diariofemenino.com.ar\\\/wp-content\\\/uploads\\\/caminataadieta.jpg\",\"datePublished\":\"2013-03-03T04:34:40+00:00\",\"breadcrumb\":{\"@id\":\"https:\\\/\\\/diariofemenino.com.ar\\\/df\\\/santa-rosa-caminata-por-el-dia-de-la-mujer\\\/#breadcrumb\"},\"inLanguage\":\"es\",\"potentialAction\":[{\"@type\":\"ReadAction\",\"target\":[\"https:\\\/\\\/diariofemenino.com.ar\\\/df\\\/santa-rosa-caminata-por-el-dia-de-la-mujer\\\/\"]}]},{\"@type\":\"ImageObject\",\"inLanguage\":\"es\",\"@id\":\"https:\\\/\\\/diariofemenino.com.ar\\\/df\\\/santa-rosa-caminata-por-el-dia-de-la-mujer\\\/#primaryimage\",\"url\":\"http:\\\/\\\/www.diariofemenino.com.ar\\\/wp-content\\\/uploads\\\/caminataadieta.jpg\",\"contentUrl\":\"http:\\\/\\\/www.diariofemenino.com.ar\\\/wp-content\\\/uploads\\\/caminataadieta.jpg\"},{\"@type\":\"BreadcrumbList\",\"@id\":\"https:\\\/\\\/diariofemenino.com.ar\\\/df\\\/santa-rosa-caminata-por-el-dia-de-la-mujer\\\/#breadcrumb\",\"itemListElement\":[{\"@type\":\"ListItem\",\"position\":1,\"name\":\"Portada\",\"item\":\"https:\\\/\\\/diariofemenino.com.ar\\\/df\\\/\"},{\"@type\":\"ListItem\",\"position\":2,\"name\":\"Santa Rosa: Caminata por el d\u00eda de la Mujer\"}]},{\"@type\":\"WebSite\",\"@id\":\"https:\\\/\\\/diariofemenino.com.ar\\\/df\\\/#website\",\"url\":\"https:\\\/\\\/diariofemenino.com.ar\\\/df\\\/\",\"name\":\"Diario Digital Femenino\",\"description\":\"Cuesti\u00f3n de G\u00e9nero\",\"publisher\":{\"@id\":\"https:\\\/\\\/diariofemenino.com.ar\\\/df\\\/#organization\"},\"potentialAction\":[{\"@type\":\"SearchAction\",\"target\":{\"@type\":\"EntryPoint\",\"urlTemplate\":\"https:\\\/\\\/diariofemenino.com.ar\\\/df\\\/?s={search_term_string}\"},\"query-input\":{\"@type\":\"PropertyValueSpecification\",\"valueRequired\":true,\"valueName\":\"search_term_string\"}}],\"inLanguage\":\"es\"},{\"@type\":\"Organization\",\"@id\":\"https:\\\/\\\/diariofemenino.com.ar\\\/df\\\/#organization\",\"name\":\"Diario Femenino\",\"url\":\"https:\\\/\\\/diariofemenino.com.ar\\\/df\\\/\",\"logo\":{\"@type\":\"ImageObject\",\"inLanguage\":\"es\",\"@id\":\"https:\\\/\\\/diariofemenino.com.ar\\\/df\\\/#\\\/schema\\\/logo\\\/image\\\/\",\"url\":\"https:\\\/\\\/diariofemenino.com.ar\\\/df\\\/wp-content\\\/uploads\\\/2018\\\/10\\\/logo.png\",\"contentUrl\":\"https:\\\/\\\/diariofemenino.com.ar\\\/df\\\/wp-content\\\/uploads\\\/2018\\\/10\\\/logo.png\",\"width\":500,\"height\":92,\"caption\":\"Diario Femenino\"},\"image\":{\"@id\":\"https:\\\/\\\/diariofemenino.com.ar\\\/df\\\/#\\\/schema\\\/logo\\\/image\\\/\"},\"sameAs\":[\"https:\\\/\\\/www.facebook.com\\\/DiarioDigitaFemenino\\\/\",\"https:\\\/\\\/x.com\\\/DiarioFemenino1\"]},{\"@type\":\"Person\",\"@id\":\"https:\\\/\\\/diariofemenino.com.ar\\\/df\\\/#\\\/schema\\\/person\\\/38f54b3bfd13f561de2460ba95c169c6\",\"name\":\"Admin\",\"image\":{\"@type\":\"ImageObject\",\"inLanguage\":\"es\",\"@id\":\"https:\\\/\\\/diariofemenino.com.ar\\\/df\\\/wp-content\\\/uploads\\\/2018\\\/12\\\/favicon-150x150.jpg\",\"url\":\"https:\\\/\\\/diariofemenino.com.ar\\\/df\\\/wp-content\\\/uploads\\\/2018\\\/12\\\/favicon-150x150.jpg\",\"contentUrl\":\"https:\\\/\\\/diariofemenino.com.ar\\\/df\\\/wp-content\\\/uploads\\\/2018\\\/12\\\/favicon-150x150.jpg\",\"caption\":\"Admin\"},\"url\":\"https:\\\/\\\/diariofemenino.com.ar\\\/df\\\/author\\\/adm18df\\\/\"}]}<\/script>\n<!-- \/ Yoast SEO plugin. -->","yoast_head_json":{"title":"Santa Rosa: Caminata por el d\u00eda de la Mujer - Diario Digital Femenino","robots":{"index":"index","follow":"follow","max-snippet":"max-snippet:-1","max-image-preview":"max-image-preview:large","max-video-preview":"max-video-preview:-1"},"canonical":"https:\/\/diariofemenino.com.ar\/df\/santa-rosa-caminata-por-el-dia-de-la-mujer\/","og_locale":"es_ES","og_type":"article","og_title":"Santa Rosa: Caminata por el d\u00eda de la Mujer - Diario Digital Femenino","og_description":"&nbsp; &nbsp; El s\u00e1bado 9 de marzo se llevar\u00e1 a cabo una caminata por el D\u00eda de la Mujer denominada \u00abPonete en movimiento\u00bb. La salida ser\u00e1 desde la Ciudad Judicial hasta el complejo deportivo La Barranca, sobre calle Mu\u00f1oz. La actividad es organizada por quinto a\u00f1o consecutivo por Adieta. En esta oportunidad el lema es [&hellip;]","og_url":"https:\/\/diariofemenino.com.ar\/df\/santa-rosa-caminata-por-el-dia-de-la-mujer\/","og_site_name":"Diario Digital Femenino","article_publisher":"https:\/\/www.facebook.com\/DiarioDigitaFemenino\/","article_published_time":"2013-03-03T04:34:40+00:00","og_image":[{"url":"http:\/\/www.diariofemenino.com.ar\/wp-content\/uploads\/caminataadieta.jpg","type":"","width":"","height":""}],"author":"Admin","twitter_card":"summary_large_image","twitter_creator":"@DiarioFemenino1","twitter_site":"@DiarioFemenino1","twitter_misc":{"Escrito por":"Admin","Tiempo de lectura":"1 minuto"},"schema":{"@context":"https:\/\/schema.org","@graph":[{"@type":"Article","@id":"https:\/\/diariofemenino.com.ar\/df\/santa-rosa-caminata-por-el-dia-de-la-mujer\/#article","isPartOf":{"@id":"https:\/\/diariofemenino.com.ar\/df\/santa-rosa-caminata-por-el-dia-de-la-mujer\/"},"author":{"name":"Admin","@id":"https:\/\/diariofemenino.com.ar\/df\/#\/schema\/person\/38f54b3bfd13f561de2460ba95c169c6"},"headline":"Santa Rosa: Caminata por el d\u00eda de la Mujer","datePublished":"2013-03-03T04:34:40+00:00","mainEntityOfPage":{"@id":"https:\/\/diariofemenino.com.ar\/df\/santa-rosa-caminata-por-el-dia-de-la-mujer\/"},"wordCount":125,"commentCount":0,"publisher":{"@id":"https:\/\/diariofemenino.com.ar\/df\/#organization"},"image":{"@id":"https:\/\/diariofemenino.com.ar\/df\/santa-rosa-caminata-por-el-dia-de-la-mujer\/#primaryimage"},"thumbnailUrl":"http:\/\/www.diariofemenino.com.ar\/wp-content\/uploads\/caminataadieta.jpg","articleSection":["Aborto","Medios"],"inLanguage":"es","potentialAction":[{"@type":"CommentAction","name":"Comment","target":["https:\/\/diariofemenino.com.ar\/df\/santa-rosa-caminata-por-el-dia-de-la-mujer\/#respond"]}]},{"@type":"WebPage","@id":"https:\/\/diariofemenino.com.ar\/df\/santa-rosa-caminata-por-el-dia-de-la-mujer\/","url":"https:\/\/diariofemenino.com.ar\/df\/santa-rosa-caminata-por-el-dia-de-la-mujer\/","name":"Santa Rosa: Caminata por el d\u00eda de la Mujer - Diario Digital Femenino","isPartOf":{"@id":"https:\/\/diariofemenino.com.ar\/df\/#website"},"primaryImageOfPage":{"@id":"https:\/\/diariofemenino.com.ar\/df\/santa-rosa-caminata-por-el-dia-de-la-mujer\/#primaryimage"},"image":{"@id":"https:\/\/diariofemenino.com.ar\/df\/santa-rosa-caminata-por-el-dia-de-la-mujer\/#primaryimage"},"thumbnailUrl":"http:\/\/www.diariofemenino.com.ar\/wp-content\/uploads\/caminataadieta.jpg","datePublished":"2013-03-03T04:34:40+00:00","breadcrumb":{"@id":"https:\/\/diariofemenino.com.ar\/df\/santa-rosa-caminata-por-el-dia-de-la-mujer\/#breadcrumb"},"inLanguage":"es","potentialAction":[{"@type":"ReadAction","target":["https:\/\/diariofemenino.com.ar\/df\/santa-rosa-caminata-por-el-dia-de-la-mujer\/"]}]},{"@type":"ImageObject","inLanguage":"es","@id":"https:\/\/diariofemenino.com.ar\/df\/santa-rosa-caminata-por-el-dia-de-la-mujer\/#primaryimage","url":"http:\/\/www.diariofemenino.com.ar\/wp-content\/uploads\/caminataadieta.jpg","contentUrl":"http:\/\/www.diariofemenino.com.ar\/wp-content\/uploads\/caminataadieta.jpg"},{"@type":"BreadcrumbList","@id":"https:\/\/diariofemenino.com.ar\/df\/santa-rosa-caminata-por-el-dia-de-la-mujer\/#breadcrumb","itemListElement":[{"@type":"ListItem","position":1,"name":"Portada","item":"https:\/\/diariofemenino.com.ar\/df\/"},{"@type":"ListItem","position":2,"name":"Santa Rosa: Caminata por el d\u00eda de la Mujer"}]},{"@type":"WebSite","@id":"https:\/\/diariofemenino.com.ar\/df\/#website","url":"https:\/\/diariofemenino.com.ar\/df\/","name":"Diario Digital Femenino","description":"Cuesti\u00f3n de G\u00e9nero","publisher":{"@id":"https:\/\/diariofemenino.com.ar\/df\/#organization"},"potentialAction":[{"@type":"SearchAction","target":{"@type":"EntryPoint","urlTemplate":"https:\/\/diariofemenino.com.ar\/df\/?s={search_term_string}"},"query-input":{"@type":"PropertyValueSpecification","valueRequired":true,"valueName":"search_term_string"}}],"inLanguage":"es"},{"@type":"Organization","@id":"https:\/\/diariofemenino.com.ar\/df\/#organization","name":"Diario Femenino","url":"https:\/\/diariofemenino.com.ar\/df\/","logo":{"@type":"ImageObject","inLanguage":"es","@id":"https:\/\/diariofemenino.com.ar\/df\/#\/schema\/logo\/image\/","url":"https:\/\/diariofemenino.com.ar\/df\/wp-content\/uploads\/2018\/10\/logo.png","contentUrl":"https:\/\/diariofemenino.com.ar\/df\/wp-content\/uploads\/2018\/10\/logo.png","width":500,"height":92,"caption":"Diario Femenino"},"image":{"@id":"https:\/\/diariofemenino.com.ar\/df\/#\/schema\/logo\/image\/"},"sameAs":["https:\/\/www.facebook.com\/DiarioDigitaFemenino\/","https:\/\/x.com\/DiarioFemenino1"]},{"@type":"Person","@id":"https:\/\/diariofemenino.com.ar\/df\/#\/schema\/person\/38f54b3bfd13f561de2460ba95c169c6","name":"Admin","image":{"@type":"ImageObject","inLanguage":"es","@id":"https:\/\/diariofemenino.com.ar\/df\/wp-content\/uploads\/2018\/12\/favicon-150x150.jpg","url":"https:\/\/diariofemenino.com.ar\/df\/wp-content\/uploads\/2018\/12\/favicon-150x150.jpg","contentUrl":"https:\/\/diariofemenino.com.ar\/df\/wp-content\/uploads\/2018\/12\/favicon-150x150.jpg","caption":"Admin"},"url":"https:\/\/diariofemenino.com.ar\/df\/author\/adm18df\/"}]}},"jetpack_featured_media_url":"","jetpack_sharing_enabled":true,"rttpg_featured_image_url":null,"rttpg_author":{"display_name":"Admin","author_link":"https:\/\/diariofemenino.com.ar\/df\/author\/adm18df\/"},"rttpg_comment":0,"rttpg_category":"<a href=\"https:\/\/diariofemenino.com.ar\/df\/category\/aborto\/\" rel=\"category tag\">Aborto<\/a> <a href=\"https:\/\/diariofemenino.com.ar\/df\/category\/medios\/\" rel=\"category tag\">Medios<\/a>","rttpg_excerpt":"&nbsp; &nbsp; El s\u00e1bado 9 de marzo se llevar\u00e1 a cabo una caminata por el D\u00eda de la Mujer denominada \u00abPonete en movimiento\u00bb. La salida ser\u00e1 desde la Ciudad Judicial hasta el complejo deportivo La Barranca, sobre calle Mu\u00f1oz. La actividad es organizada por quinto a\u00f1o consecutivo por Adieta. En esta oportunidad el lema es&hellip;","_links":{"self":[{"href":"https:\/\/diariofemenino.com.ar\/df\/wp-json\/wp\/v2\/posts\/5792","targetHints":{"allow":["GET"]}}],"collection":[{"href":"https:\/\/diariofemenino.com.ar\/df\/wp-json\/wp\/v2\/posts"}],"about":[{"href":"https:\/\/diariofemenino.com.ar\/df\/wp-json\/wp\/v2\/types\/post"}],"author":[{"embeddable":true,"href":"https:\/\/diariofemenino.com.ar\/df\/wp-json\/wp\/v2\/users\/1"}],"replies":[{"embeddable":true,"href":"https:\/\/diariofemenino.com.ar\/df\/wp-json\/wp\/v2\/comments?post=5792"}],"version-history":[{"count":0,"href":"https:\/\/diariofemenino.com.ar\/df\/wp-json\/wp\/v2\/posts\/5792\/revisions"}],"wp:attachment":[{"href":"https:\/\/diariofemenino.com.ar\/df\/wp-json\/wp\/v2\/media?parent=5792"}],"wp:term":[{"taxonomy":"category","embeddable":true,"href":"https:\/\/diariofemenino.com.ar\/df\/wp-json\/wp\/v2\/categories?post=5792"},{"taxonomy":"post_tag","embeddable":true,"href":"https:\/\/diariofemenino.com.ar\/df\/wp-json\/wp\/v2\/tags?post=5792"}],"curies":[{"name":"wp","href":"https:\/\/api.w.org\/{rel}","templated":true}]}}