{"id":5784,"date":"2013-03-03T01:00:53","date_gmt":"2013-03-03T04:00:53","guid":{"rendered":"http:\/\/www.diariofemenino.com.ar\/?p=5784"},"modified":"2013-03-03T01:00:53","modified_gmt":"2013-03-03T04:00:53","slug":"semana-por-los-derechos-de-las-mujeres-del-3-al-9-de-marzo-olavarria","status":"publish","type":"post","link":"https:\/\/diariofemenino.com.ar\/df\/semana-por-los-derechos-de-las-mujeres-del-3-al-9-de-marzo-olavarria\/","title":{"rendered":"Semana por los Derechos de las Mujeres del 3 al 9 de marzo. Olavarr\u00eda"},"content":{"rendered":"<p>&nbsp;<br \/>\n&nbsp;<br \/>\n&nbsp;<br \/>\nEn Olavarr\u00eda se constituy\u00f3 una Multisectorial para trabajar por la no violencia de g\u00e9nero en forma conjunta desde el 3 al 9 de marzo, en relaci\u00f3n con el D\u00eda Mundial de las Mujeres (8\/3) y con las situaciones de femicidios recurrentes que se han ido sucediendo en la ciudad.<br \/>\nPresentamos el cronograma con las actividades de la semana y las personas, grupos e instituciones organizadoras.<br \/>\nEsperamos difusi\u00f3n y adhesiones. La presencia real o virtual es fundamental para mostrar las voces que suenan en repudio a las violencias contra las mujeres y en reclamo de nuevas normas y expresiones de convivencia social pac\u00edfica.<br \/>\n<a href=\"http:\/\/www.diariofemenino.com.ar\/wp-content\/uploads\/540980_543735778979771_1609031298_n.jpg\"><img loading=\"lazy\" decoding=\"async\" class=\"alignnone size-full wp-image-5785\" title=\"540980_543735778979771_1609031298_n\" src=\"http:\/\/www.diariofemenino.com.ar\/wp-content\/uploads\/540980_543735778979771_1609031298_n.jpg\" alt=\"\" width=\"480\" height=\"318\" \/><\/a><br \/>\n<strong><em>Las actividades son de acceso libre y gratuito<\/em><\/strong><br \/>\n<strong><em>Se promueve llevar distintivos o ropa color violeta durante la semana.<\/em><\/strong><br \/>\n<strong>domingo 3<\/strong>: 19.30 hs. Librer\u00eda Insurgente (Belgrano 3345)<\/p>\n<ul>\n<li><strong><em>Muestra de pinturas y fotograf\u00edas de artistas locales y de la zona.<\/em><\/strong> La Muestra estar\u00e1 abierta al p\u00fablico hasta el s\u00e1bado 9 de marzo.<\/li>\n<\/ul>\n<p><strong>lunes 4:<\/strong> 20.30 hs. Kaya Bar (9 de julio y V\u00e9lez S\u00e1rsfield)<\/p>\n<ul>\n<li><strong><em>Intervenci\u00f3n musical<\/em><\/strong> de Romina Mart\u00ednez, Florencia Caro, Marianela Lucero e Indalecio Dura\u00f1ona.<\/li>\n<li><strong><em>Ciclo de cine \u201cLo personal es pol\u00edtico\u201d<\/em><\/strong>: documental <strong><em>\u00abBreves Entrevistas sobre Feminismo\u00bb<\/em><\/strong>, de Nuria Bec\u00fa.<\/li>\n<\/ul>\n<p><strong>martes 5:<\/strong> 18 hs. SUM de Aulas Comunes, Facultad de Ciencias Sociales (La Rioja y Av. Del Valle)<\/p>\n<ul>\n<li><strong><em>Panel expositivo y reflexi\u00f3n colectiva<\/em><\/strong>:<\/li>\n<\/ul>\n<p>Panelistas:<\/p>\n<ul>\n<li>Jesica Croce, Antrop\u00f3loga Social, integrante del Observatorio de Femicidios de la Casa del Encuentro;<\/li>\n<li>Mar\u00eda Paz Marambio, abogada, investigadora sobre trata de personas en Azul (Facultad de Derecho, UNICEN);<\/li>\n<li>Juana Cabral, docente de Olavarr\u00eda del \u00e1rea de psicolog\u00eda, quien implement\u00f3 un trabajo con j\u00f3venes sobre noviazgos violentos<\/li>\n<li>Cristian Prieto integrante del Colectivo de Varones Antipatriarcales. Se abordar\u00e1n las actividades que cada un@ lleva a cabo y sus estrategias de desarrollo.<\/li>\n<li>Mujeres olavarrienses dar\u00e1n <strong><em>testimonio sobre experiencias<\/em><\/strong> de maltrato y violencia.<\/li>\n<\/ul>\n<p><strong>mi\u00e9rcoles 6: <\/strong>15 hs, pared\u00f3n del Club Ferro Carril Sud (Balcarce entre Pringles y 9 de Julio)<\/p>\n<ul>\n<li><strong><em>Realizaci\u00f3n de mural al aire libre.<\/em><\/strong> Participar\u00e1n artistas locales y p\u00fablico en general;<\/li>\n<li><strong><em>Confecci\u00f3n de siluetas humanas de mujeres<\/em><\/strong> <strong><em>e intervenci\u00f3n de las mismas<\/em><\/strong>.Colaboran pinturer\u00edas y ferreter\u00edas de la comunidad en la donaci\u00f3n de pinturas e instrumentos para pintar.<\/li>\n<\/ul>\n<p><strong>jueves 7: 21 hs. Teatro Municipal<\/strong><\/p>\n<ul>\n<li><strong><em>Cine La Hormiga<\/em><\/strong>. Pel\u00edcula<strong><em> \u201cTe doy mis ojos\u201d<\/em><\/strong>, de Ic\u00edar Bolla\u00edn.<\/li>\n<\/ul>\n<p><strong>viernes 8: D\u00eda Mundial de las Mujeres <\/strong><\/p>\n<ul>\n<li>14:30hs. Club Pueblo Nuevo (Chacabuco y Necochea): <strong><em>Taller<\/em><\/strong> <strong><em>\u00abfemineidad y vitalidad. El mundo de la posibilidad\u00bb<\/em><\/strong> organiza Espacio de Contenci\u00f3n y Fortalecimiento para personas en situaci\u00f3n de violencia de g\u00e9nero &#8211;<strong>ECYF<\/strong>-. Se lanzar\u00e1 la l\u00ednea telef\u00f3nica del Espacio.<\/li>\n<li>18 hs. Plaza Central: <strong><em>Foro Comunitario sobre violencia hacia las mujeres y femicidios<\/em><\/strong>. Las personas interesadas en participar deber\u00e1n anotarse previamente llamando al 450331 -interno 307- o al mail comunica@soc.unicen.edu.ar del 4 al 6 de marzo de 9 a 19 hs. Cupo de oradores y oradoras: 25 personas. Organiza Secretar\u00eda de Extensi\u00f3n, Bienestar y Transferencia, Radio Universidad, organizaciones estudiantiles \u2013UNESO, Franja Morada-, PPEM y programa Che-Sida, <strong>FACSO, UNICEN<\/strong><\/li>\n<li>19.30 hs. Centro de la ciudad: <strong><em>marcha<\/em><\/strong> con participaci\u00f3n de agrupaciones e instituciones organizadoras y comunidad en general, con acompa\u00f1amiento de la Batucada Som das Mulheres.<\/li>\n<li>20.30 hs. Paseo Jes\u00fas Mend\u00eda (junto a Plaza Central): <strong><em>participaci\u00f3n art\u00edstica de solistas y bandas<\/em><\/strong>: Adriana Saravia e Ignacio Urban, MV, Batucada Som das Mulheres y Suburbanos R\u00b4N\u00b4R. Mar\u00eda Manetti, Norma Verbach y Daniel Carrera en recitado y relato. Mar\u00eda In\u00e9s Banegas como estatua viviente.<\/li>\n<\/ul>\n<p><strong>s\u00e1bado 9: <\/strong><\/p>\n<ul>\n<li>17 hs. La Ruca Centro Cultural (Espa\u00f1a 3144): <strong><em>Pe\u00f1a art\u00edstica<\/em><\/strong>.<\/li>\n<li>18 hs. Parque Norte: <strong><em>Carrera de la Mujer<\/em>. <\/strong>Organiza C.A.V.O. -C\u00edrculo de Atletas Veteranos de Olavarr\u00eda-.<\/li>\n<\/ul>\n<p><strong>En todas las actividades se colectar\u00e1n llaves y elementos de bronce para la construcci\u00f3n del Monumento a la Mujer Originaria, iniciativa de Osvaldo Bayer, Andr\u00e9s Zerneri y el Movimiento Memoria y Organizaci\u00f3n. <\/strong><a href=\"http:\/\/www.facebook.com\/l.php?u=http%3A%2F%2Fwww.mujeroriginaria.com.ar%2F&amp;h=oAQE80ADZ&amp;s=1\" target=\"_blank\">http:\/\/www.mujeroriginaria.com.ar\/<\/a><br \/>\n<strong>MULTISECTORIAL por los DERECHOS de las MUJERES<\/strong><br \/>\nADUNCE, UNICEN; APDH (Asamblea Permanente por los Derechos Humanos. Delegaci\u00f3n Olavarr\u00eda); Centro de Estudiantes, FACSO-UNICEN; CHESIDA, FACSO-UNICEN; Ciclo de Cine \u00abLo personal es pol\u00edtico\u00bb; Cine La Hormiga; Colectiva de Pueblos Originarios; Colectiva por la Diversidad Olavarr\u00eda; Espacio de Contenci\u00f3n y Fortalecimiento para personas en situaci\u00f3n de violencia de g\u00e9nero; Facultad de Ciencias Sociales, UNICEN; Familiares de mujeres v\u00edctimas de femicidios; Grupo Autoconvocado Contra la Violencia de G\u00e9nero; Grupo de Canto \u00abInsurgente\u00bb; . Juventud Sindical Peaje, SUTPA; La Chispa, por un partido de trabajador@s; PPEM (Programa Permanente de Estudios de la Mujer), FACSO-UNICEN; ProInComSCi (Producciones e Investigaciones Comunicacionales y Sociales de la Ciudad Intermedia), FACSO-UNICEN; Radio Universidad FACSO, UNICEN; Red PAR (Periodistas de Argentina en Red \u2013 Por un periodismo no sexista); Sindicato de trabajadores y trabajadoras municipales de Olavarr\u00eda; UNESO (Uni\u00f3n de Estudiantes de Sociales).<br \/>\n&nbsp;<br \/>\n&nbsp;<br \/>\n&nbsp;<br \/>\nFuente: <strong>Jorge Mosquera<\/strong><\/p>\n","protected":false},"excerpt":{"rendered":"<p>&nbsp; &nbsp; &nbsp; En Olavarr\u00eda se constituy\u00f3 una Multisectorial para trabajar por la no violencia de g\u00e9nero en forma conjunta desde el 3 al 9 de marzo, en relaci\u00f3n con el D\u00eda Mundial de las Mujeres (8\/3) y con las situaciones de femicidios recurrentes que se han ido sucediendo en la ciudad. Presentamos el cronograma [&hellip;]<\/p>\n","protected":false},"author":1,"featured_media":0,"comment_status":"open","ping_status":"open","sticky":false,"template":"","format":"standard","meta":{"iawp_total_views":3,"footnotes":""},"categories":[22,4,13],"tags":[],"class_list":["post-5784","post","type-post","status-publish","format-standard","hentry","category-aborto","category-medios","category-mujeres-sindicalistas"],"nelio_content":{"autoShareEndMode":"never","automationSources":{"useCustomSentences":false,"customSentences":[]},"efiAlt":"","efiUrl":"","followers":[],"highlights":[],"isAutoShareEnabled":true,"networkImageIds":[],"permalinkQueryArgs":[],"series":[],"suggestedReferences":[]},"yoast_head":"<!-- This site is optimized with the Yoast SEO plugin v27.4 - https:\/\/yoast.com\/product\/yoast-seo-wordpress\/ -->\n<title>Semana por los Derechos de las Mujeres del 3 al 9 de marzo. Olavarr\u00eda - Diario Digital Femenino<\/title>\n<meta name=\"robots\" content=\"index, follow, max-snippet:-1, max-image-preview:large, max-video-preview:-1\" \/>\n<link rel=\"canonical\" href=\"https:\/\/diariofemenino.com.ar\/df\/semana-por-los-derechos-de-las-mujeres-del-3-al-9-de-marzo-olavarria\/\" \/>\n<meta property=\"og:locale\" content=\"es_ES\" \/>\n<meta property=\"og:type\" content=\"article\" \/>\n<meta property=\"og:title\" content=\"Semana por los Derechos de las Mujeres del 3 al 9 de marzo. Olavarr\u00eda - Diario Digital Femenino\" \/>\n<meta property=\"og:description\" content=\"&nbsp; &nbsp; &nbsp; En Olavarr\u00eda se constituy\u00f3 una Multisectorial para trabajar por la no violencia de g\u00e9nero en forma conjunta desde el 3 al 9 de marzo, en relaci\u00f3n con el D\u00eda Mundial de las Mujeres (8\/3) y con las situaciones de femicidios recurrentes que se han ido sucediendo en la ciudad. Presentamos el cronograma [&hellip;]\" \/>\n<meta property=\"og:url\" content=\"https:\/\/diariofemenino.com.ar\/df\/semana-por-los-derechos-de-las-mujeres-del-3-al-9-de-marzo-olavarria\/\" \/>\n<meta property=\"og:site_name\" content=\"Diario Digital Femenino\" \/>\n<meta property=\"article:publisher\" content=\"https:\/\/www.facebook.com\/DiarioDigitaFemenino\/\" \/>\n<meta property=\"article:published_time\" content=\"2013-03-03T04:00:53+00:00\" \/>\n<meta property=\"og:image\" content=\"http:\/\/www.diariofemenino.com.ar\/wp-content\/uploads\/540980_543735778979771_1609031298_n.jpg\" \/>\n<meta name=\"author\" content=\"Admin\" \/>\n<meta name=\"twitter:card\" content=\"summary_large_image\" \/>\n<meta name=\"twitter:creator\" content=\"@DiarioFemenino1\" \/>\n<meta name=\"twitter:site\" content=\"@DiarioFemenino1\" \/>\n<meta name=\"twitter:label1\" content=\"Escrito por\" \/>\n\t<meta name=\"twitter:data1\" content=\"Admin\" \/>\n\t<meta name=\"twitter:label2\" content=\"Tiempo de lectura\" \/>\n\t<meta name=\"twitter:data2\" content=\"4 minutos\" \/>\n<script type=\"application\/ld+json\" class=\"yoast-schema-graph\">{\"@context\":\"https:\\\/\\\/schema.org\",\"@graph\":[{\"@type\":\"Article\",\"@id\":\"https:\\\/\\\/diariofemenino.com.ar\\\/df\\\/semana-por-los-derechos-de-las-mujeres-del-3-al-9-de-marzo-olavarria\\\/#article\",\"isPartOf\":{\"@id\":\"https:\\\/\\\/diariofemenino.com.ar\\\/df\\\/semana-por-los-derechos-de-las-mujeres-del-3-al-9-de-marzo-olavarria\\\/\"},\"author\":{\"name\":\"Admin\",\"@id\":\"https:\\\/\\\/diariofemenino.com.ar\\\/df\\\/#\\\/schema\\\/person\\\/38f54b3bfd13f561de2460ba95c169c6\"},\"headline\":\"Semana por los Derechos de las Mujeres del 3 al 9 de marzo. Olavarr\u00eda\",\"datePublished\":\"2013-03-03T04:00:53+00:00\",\"mainEntityOfPage\":{\"@id\":\"https:\\\/\\\/diariofemenino.com.ar\\\/df\\\/semana-por-los-derechos-de-las-mujeres-del-3-al-9-de-marzo-olavarria\\\/\"},\"wordCount\":836,\"commentCount\":0,\"publisher\":{\"@id\":\"https:\\\/\\\/diariofemenino.com.ar\\\/df\\\/#organization\"},\"image\":{\"@id\":\"https:\\\/\\\/diariofemenino.com.ar\\\/df\\\/semana-por-los-derechos-de-las-mujeres-del-3-al-9-de-marzo-olavarria\\\/#primaryimage\"},\"thumbnailUrl\":\"http:\\\/\\\/www.diariofemenino.com.ar\\\/wp-content\\\/uploads\\\/540980_543735778979771_1609031298_n.jpg\",\"articleSection\":[\"Aborto\",\"Medios\",\"Mujeres Sindicalistas\"],\"inLanguage\":\"es\",\"potentialAction\":[{\"@type\":\"CommentAction\",\"name\":\"Comment\",\"target\":[\"https:\\\/\\\/diariofemenino.com.ar\\\/df\\\/semana-por-los-derechos-de-las-mujeres-del-3-al-9-de-marzo-olavarria\\\/#respond\"]}]},{\"@type\":\"WebPage\",\"@id\":\"https:\\\/\\\/diariofemenino.com.ar\\\/df\\\/semana-por-los-derechos-de-las-mujeres-del-3-al-9-de-marzo-olavarria\\\/\",\"url\":\"https:\\\/\\\/diariofemenino.com.ar\\\/df\\\/semana-por-los-derechos-de-las-mujeres-del-3-al-9-de-marzo-olavarria\\\/\",\"name\":\"Semana por los Derechos de las Mujeres del 3 al 9 de marzo. Olavarr\u00eda - Diario Digital Femenino\",\"isPartOf\":{\"@id\":\"https:\\\/\\\/diariofemenino.com.ar\\\/df\\\/#website\"},\"primaryImageOfPage\":{\"@id\":\"https:\\\/\\\/diariofemenino.com.ar\\\/df\\\/semana-por-los-derechos-de-las-mujeres-del-3-al-9-de-marzo-olavarria\\\/#primaryimage\"},\"image\":{\"@id\":\"https:\\\/\\\/diariofemenino.com.ar\\\/df\\\/semana-por-los-derechos-de-las-mujeres-del-3-al-9-de-marzo-olavarria\\\/#primaryimage\"},\"thumbnailUrl\":\"http:\\\/\\\/www.diariofemenino.com.ar\\\/wp-content\\\/uploads\\\/540980_543735778979771_1609031298_n.jpg\",\"datePublished\":\"2013-03-03T04:00:53+00:00\",\"breadcrumb\":{\"@id\":\"https:\\\/\\\/diariofemenino.com.ar\\\/df\\\/semana-por-los-derechos-de-las-mujeres-del-3-al-9-de-marzo-olavarria\\\/#breadcrumb\"},\"inLanguage\":\"es\",\"potentialAction\":[{\"@type\":\"ReadAction\",\"target\":[\"https:\\\/\\\/diariofemenino.com.ar\\\/df\\\/semana-por-los-derechos-de-las-mujeres-del-3-al-9-de-marzo-olavarria\\\/\"]}]},{\"@type\":\"ImageObject\",\"inLanguage\":\"es\",\"@id\":\"https:\\\/\\\/diariofemenino.com.ar\\\/df\\\/semana-por-los-derechos-de-las-mujeres-del-3-al-9-de-marzo-olavarria\\\/#primaryimage\",\"url\":\"http:\\\/\\\/www.diariofemenino.com.ar\\\/wp-content\\\/uploads\\\/540980_543735778979771_1609031298_n.jpg\",\"contentUrl\":\"http:\\\/\\\/www.diariofemenino.com.ar\\\/wp-content\\\/uploads\\\/540980_543735778979771_1609031298_n.jpg\"},{\"@type\":\"BreadcrumbList\",\"@id\":\"https:\\\/\\\/diariofemenino.com.ar\\\/df\\\/semana-por-los-derechos-de-las-mujeres-del-3-al-9-de-marzo-olavarria\\\/#breadcrumb\",\"itemListElement\":[{\"@type\":\"ListItem\",\"position\":1,\"name\":\"Portada\",\"item\":\"https:\\\/\\\/diariofemenino.com.ar\\\/df\\\/\"},{\"@type\":\"ListItem\",\"position\":2,\"name\":\"Semana por los Derechos de las Mujeres del 3 al 9 de marzo. Olavarr\u00eda\"}]},{\"@type\":\"WebSite\",\"@id\":\"https:\\\/\\\/diariofemenino.com.ar\\\/df\\\/#website\",\"url\":\"https:\\\/\\\/diariofemenino.com.ar\\\/df\\\/\",\"name\":\"Diario Digital Femenino\",\"description\":\"Cuesti\u00f3n de G\u00e9nero\",\"publisher\":{\"@id\":\"https:\\\/\\\/diariofemenino.com.ar\\\/df\\\/#organization\"},\"potentialAction\":[{\"@type\":\"SearchAction\",\"target\":{\"@type\":\"EntryPoint\",\"urlTemplate\":\"https:\\\/\\\/diariofemenino.com.ar\\\/df\\\/?s={search_term_string}\"},\"query-input\":{\"@type\":\"PropertyValueSpecification\",\"valueRequired\":true,\"valueName\":\"search_term_string\"}}],\"inLanguage\":\"es\"},{\"@type\":\"Organization\",\"@id\":\"https:\\\/\\\/diariofemenino.com.ar\\\/df\\\/#organization\",\"name\":\"Diario Femenino\",\"url\":\"https:\\\/\\\/diariofemenino.com.ar\\\/df\\\/\",\"logo\":{\"@type\":\"ImageObject\",\"inLanguage\":\"es\",\"@id\":\"https:\\\/\\\/diariofemenino.com.ar\\\/df\\\/#\\\/schema\\\/logo\\\/image\\\/\",\"url\":\"https:\\\/\\\/diariofemenino.com.ar\\\/df\\\/wp-content\\\/uploads\\\/2018\\\/10\\\/logo.png\",\"contentUrl\":\"https:\\\/\\\/diariofemenino.com.ar\\\/df\\\/wp-content\\\/uploads\\\/2018\\\/10\\\/logo.png\",\"width\":500,\"height\":92,\"caption\":\"Diario Femenino\"},\"image\":{\"@id\":\"https:\\\/\\\/diariofemenino.com.ar\\\/df\\\/#\\\/schema\\\/logo\\\/image\\\/\"},\"sameAs\":[\"https:\\\/\\\/www.facebook.com\\\/DiarioDigitaFemenino\\\/\",\"https:\\\/\\\/x.com\\\/DiarioFemenino1\"]},{\"@type\":\"Person\",\"@id\":\"https:\\\/\\\/diariofemenino.com.ar\\\/df\\\/#\\\/schema\\\/person\\\/38f54b3bfd13f561de2460ba95c169c6\",\"name\":\"Admin\",\"image\":{\"@type\":\"ImageObject\",\"inLanguage\":\"es\",\"@id\":\"https:\\\/\\\/diariofemenino.com.ar\\\/df\\\/wp-content\\\/uploads\\\/2018\\\/12\\\/favicon-150x150.jpg\",\"url\":\"https:\\\/\\\/diariofemenino.com.ar\\\/df\\\/wp-content\\\/uploads\\\/2018\\\/12\\\/favicon-150x150.jpg\",\"contentUrl\":\"https:\\\/\\\/diariofemenino.com.ar\\\/df\\\/wp-content\\\/uploads\\\/2018\\\/12\\\/favicon-150x150.jpg\",\"caption\":\"Admin\"},\"url\":\"https:\\\/\\\/diariofemenino.com.ar\\\/df\\\/author\\\/adm18df\\\/\"}]}<\/script>\n<!-- \/ Yoast SEO plugin. -->","yoast_head_json":{"title":"Semana por los Derechos de las Mujeres del 3 al 9 de marzo. Olavarr\u00eda - Diario Digital Femenino","robots":{"index":"index","follow":"follow","max-snippet":"max-snippet:-1","max-image-preview":"max-image-preview:large","max-video-preview":"max-video-preview:-1"},"canonical":"https:\/\/diariofemenino.com.ar\/df\/semana-por-los-derechos-de-las-mujeres-del-3-al-9-de-marzo-olavarria\/","og_locale":"es_ES","og_type":"article","og_title":"Semana por los Derechos de las Mujeres del 3 al 9 de marzo. Olavarr\u00eda - Diario Digital Femenino","og_description":"&nbsp; &nbsp; &nbsp; En Olavarr\u00eda se constituy\u00f3 una Multisectorial para trabajar por la no violencia de g\u00e9nero en forma conjunta desde el 3 al 9 de marzo, en relaci\u00f3n con el D\u00eda Mundial de las Mujeres (8\/3) y con las situaciones de femicidios recurrentes que se han ido sucediendo en la ciudad. Presentamos el cronograma [&hellip;]","og_url":"https:\/\/diariofemenino.com.ar\/df\/semana-por-los-derechos-de-las-mujeres-del-3-al-9-de-marzo-olavarria\/","og_site_name":"Diario Digital Femenino","article_publisher":"https:\/\/www.facebook.com\/DiarioDigitaFemenino\/","article_published_time":"2013-03-03T04:00:53+00:00","og_image":[{"url":"http:\/\/www.diariofemenino.com.ar\/wp-content\/uploads\/540980_543735778979771_1609031298_n.jpg","type":"","width":"","height":""}],"author":"Admin","twitter_card":"summary_large_image","twitter_creator":"@DiarioFemenino1","twitter_site":"@DiarioFemenino1","twitter_misc":{"Escrito por":"Admin","Tiempo de lectura":"4 minutos"},"schema":{"@context":"https:\/\/schema.org","@graph":[{"@type":"Article","@id":"https:\/\/diariofemenino.com.ar\/df\/semana-por-los-derechos-de-las-mujeres-del-3-al-9-de-marzo-olavarria\/#article","isPartOf":{"@id":"https:\/\/diariofemenino.com.ar\/df\/semana-por-los-derechos-de-las-mujeres-del-3-al-9-de-marzo-olavarria\/"},"author":{"name":"Admin","@id":"https:\/\/diariofemenino.com.ar\/df\/#\/schema\/person\/38f54b3bfd13f561de2460ba95c169c6"},"headline":"Semana por los Derechos de las Mujeres del 3 al 9 de marzo. Olavarr\u00eda","datePublished":"2013-03-03T04:00:53+00:00","mainEntityOfPage":{"@id":"https:\/\/diariofemenino.com.ar\/df\/semana-por-los-derechos-de-las-mujeres-del-3-al-9-de-marzo-olavarria\/"},"wordCount":836,"commentCount":0,"publisher":{"@id":"https:\/\/diariofemenino.com.ar\/df\/#organization"},"image":{"@id":"https:\/\/diariofemenino.com.ar\/df\/semana-por-los-derechos-de-las-mujeres-del-3-al-9-de-marzo-olavarria\/#primaryimage"},"thumbnailUrl":"http:\/\/www.diariofemenino.com.ar\/wp-content\/uploads\/540980_543735778979771_1609031298_n.jpg","articleSection":["Aborto","Medios","Mujeres Sindicalistas"],"inLanguage":"es","potentialAction":[{"@type":"CommentAction","name":"Comment","target":["https:\/\/diariofemenino.com.ar\/df\/semana-por-los-derechos-de-las-mujeres-del-3-al-9-de-marzo-olavarria\/#respond"]}]},{"@type":"WebPage","@id":"https:\/\/diariofemenino.com.ar\/df\/semana-por-los-derechos-de-las-mujeres-del-3-al-9-de-marzo-olavarria\/","url":"https:\/\/diariofemenino.com.ar\/df\/semana-por-los-derechos-de-las-mujeres-del-3-al-9-de-marzo-olavarria\/","name":"Semana por los Derechos de las Mujeres del 3 al 9 de marzo. Olavarr\u00eda - Diario Digital Femenino","isPartOf":{"@id":"https:\/\/diariofemenino.com.ar\/df\/#website"},"primaryImageOfPage":{"@id":"https:\/\/diariofemenino.com.ar\/df\/semana-por-los-derechos-de-las-mujeres-del-3-al-9-de-marzo-olavarria\/#primaryimage"},"image":{"@id":"https:\/\/diariofemenino.com.ar\/df\/semana-por-los-derechos-de-las-mujeres-del-3-al-9-de-marzo-olavarria\/#primaryimage"},"thumbnailUrl":"http:\/\/www.diariofemenino.com.ar\/wp-content\/uploads\/540980_543735778979771_1609031298_n.jpg","datePublished":"2013-03-03T04:00:53+00:00","breadcrumb":{"@id":"https:\/\/diariofemenino.com.ar\/df\/semana-por-los-derechos-de-las-mujeres-del-3-al-9-de-marzo-olavarria\/#breadcrumb"},"inLanguage":"es","potentialAction":[{"@type":"ReadAction","target":["https:\/\/diariofemenino.com.ar\/df\/semana-por-los-derechos-de-las-mujeres-del-3-al-9-de-marzo-olavarria\/"]}]},{"@type":"ImageObject","inLanguage":"es","@id":"https:\/\/diariofemenino.com.ar\/df\/semana-por-los-derechos-de-las-mujeres-del-3-al-9-de-marzo-olavarria\/#primaryimage","url":"http:\/\/www.diariofemenino.com.ar\/wp-content\/uploads\/540980_543735778979771_1609031298_n.jpg","contentUrl":"http:\/\/www.diariofemenino.com.ar\/wp-content\/uploads\/540980_543735778979771_1609031298_n.jpg"},{"@type":"BreadcrumbList","@id":"https:\/\/diariofemenino.com.ar\/df\/semana-por-los-derechos-de-las-mujeres-del-3-al-9-de-marzo-olavarria\/#breadcrumb","itemListElement":[{"@type":"ListItem","position":1,"name":"Portada","item":"https:\/\/diariofemenino.com.ar\/df\/"},{"@type":"ListItem","position":2,"name":"Semana por los Derechos de las Mujeres del 3 al 9 de marzo. Olavarr\u00eda"}]},{"@type":"WebSite","@id":"https:\/\/diariofemenino.com.ar\/df\/#website","url":"https:\/\/diariofemenino.com.ar\/df\/","name":"Diario Digital Femenino","description":"Cuesti\u00f3n de G\u00e9nero","publisher":{"@id":"https:\/\/diariofemenino.com.ar\/df\/#organization"},"potentialAction":[{"@type":"SearchAction","target":{"@type":"EntryPoint","urlTemplate":"https:\/\/diariofemenino.com.ar\/df\/?s={search_term_string}"},"query-input":{"@type":"PropertyValueSpecification","valueRequired":true,"valueName":"search_term_string"}}],"inLanguage":"es"},{"@type":"Organization","@id":"https:\/\/diariofemenino.com.ar\/df\/#organization","name":"Diario Femenino","url":"https:\/\/diariofemenino.com.ar\/df\/","logo":{"@type":"ImageObject","inLanguage":"es","@id":"https:\/\/diariofemenino.com.ar\/df\/#\/schema\/logo\/image\/","url":"https:\/\/diariofemenino.com.ar\/df\/wp-content\/uploads\/2018\/10\/logo.png","contentUrl":"https:\/\/diariofemenino.com.ar\/df\/wp-content\/uploads\/2018\/10\/logo.png","width":500,"height":92,"caption":"Diario Femenino"},"image":{"@id":"https:\/\/diariofemenino.com.ar\/df\/#\/schema\/logo\/image\/"},"sameAs":["https:\/\/www.facebook.com\/DiarioDigitaFemenino\/","https:\/\/x.com\/DiarioFemenino1"]},{"@type":"Person","@id":"https:\/\/diariofemenino.com.ar\/df\/#\/schema\/person\/38f54b3bfd13f561de2460ba95c169c6","name":"Admin","image":{"@type":"ImageObject","inLanguage":"es","@id":"https:\/\/diariofemenino.com.ar\/df\/wp-content\/uploads\/2018\/12\/favicon-150x150.jpg","url":"https:\/\/diariofemenino.com.ar\/df\/wp-content\/uploads\/2018\/12\/favicon-150x150.jpg","contentUrl":"https:\/\/diariofemenino.com.ar\/df\/wp-content\/uploads\/2018\/12\/favicon-150x150.jpg","caption":"Admin"},"url":"https:\/\/diariofemenino.com.ar\/df\/author\/adm18df\/"}]}},"jetpack_featured_media_url":"","jetpack_sharing_enabled":true,"rttpg_featured_image_url":null,"rttpg_author":{"display_name":"Admin","author_link":"https:\/\/diariofemenino.com.ar\/df\/author\/adm18df\/"},"rttpg_comment":0,"rttpg_category":"<a href=\"https:\/\/diariofemenino.com.ar\/df\/category\/aborto\/\" rel=\"category tag\">Aborto<\/a> <a href=\"https:\/\/diariofemenino.com.ar\/df\/category\/medios\/\" rel=\"category tag\">Medios<\/a> <a href=\"https:\/\/diariofemenino.com.ar\/df\/category\/mujeres-sindicalistas\/\" rel=\"category tag\">Mujeres Sindicalistas<\/a>","rttpg_excerpt":"&nbsp; &nbsp; &nbsp; En Olavarr\u00eda se constituy\u00f3 una Multisectorial para trabajar por la no violencia de g\u00e9nero en forma conjunta desde el 3 al 9 de marzo, en relaci\u00f3n con el D\u00eda Mundial de las Mujeres (8\/3) y con las situaciones de femicidios recurrentes que se han ido sucediendo en la ciudad. Presentamos el cronograma&hellip;","_links":{"self":[{"href":"https:\/\/diariofemenino.com.ar\/df\/wp-json\/wp\/v2\/posts\/5784","targetHints":{"allow":["GET"]}}],"collection":[{"href":"https:\/\/diariofemenino.com.ar\/df\/wp-json\/wp\/v2\/posts"}],"about":[{"href":"https:\/\/diariofemenino.com.ar\/df\/wp-json\/wp\/v2\/types\/post"}],"author":[{"embeddable":true,"href":"https:\/\/diariofemenino.com.ar\/df\/wp-json\/wp\/v2\/users\/1"}],"replies":[{"embeddable":true,"href":"https:\/\/diariofemenino.com.ar\/df\/wp-json\/wp\/v2\/comments?post=5784"}],"version-history":[{"count":0,"href":"https:\/\/diariofemenino.com.ar\/df\/wp-json\/wp\/v2\/posts\/5784\/revisions"}],"wp:attachment":[{"href":"https:\/\/diariofemenino.com.ar\/df\/wp-json\/wp\/v2\/media?parent=5784"}],"wp:term":[{"taxonomy":"category","embeddable":true,"href":"https:\/\/diariofemenino.com.ar\/df\/wp-json\/wp\/v2\/categories?post=5784"},{"taxonomy":"post_tag","embeddable":true,"href":"https:\/\/diariofemenino.com.ar\/df\/wp-json\/wp\/v2\/tags?post=5784"}],"curies":[{"name":"wp","href":"https:\/\/api.w.org\/{rel}","templated":true}]}}