{"id":5773,"date":"2013-03-02T17:07:25","date_gmt":"2013-03-02T20:07:25","guid":{"rendered":"http:\/\/www.diariofemenino.com.ar\/?p=5773"},"modified":"2013-03-02T17:07:25","modified_gmt":"2013-03-02T20:07:25","slug":"dia-internacional-de-la-mujer-la-consavig-de-la-mano-de-perla-prigoshin-siempre-presente","status":"publish","type":"post","link":"https:\/\/diariofemenino.com.ar\/df\/dia-internacional-de-la-mujer-la-consavig-de-la-mano-de-perla-prigoshin-siempre-presente\/","title":{"rendered":"D\u00eda Internacional de la Mujer, la CONSAVIG de la mano de Perla Prigoshin, siempre presente"},"content":{"rendered":"<p>&nbsp;<br \/>\nEn conmemoraci\u00f3n del D\u00eda Internacional de la Mujer, la CONSAVIG (Comisi\u00f3n Nacional Coordinadora de Acciones para la Elaboraci\u00f3n de Sanciones de la Violencia de G\u00e9nero) ha sido invitada a participar de diversas actividades.<br \/>\n<a href=\"http:\/\/www.diariofemenino.com.ar\/wp-content\/uploads\/consavig.jpg\"><img loading=\"lazy\" decoding=\"async\" class=\"size-full wp-image-5821 aligncenter\" title=\"consavig\" src=\"http:\/\/www.diariofemenino.com.ar\/wp-content\/uploads\/consavig.jpg\" alt=\"\" width=\"408\" height=\"123\" \/><\/a><br \/>\n&nbsp;<br \/>\nLa Dra. Perla Prigoshin, su titular, expondr\u00e1 en el Colegio de P\u00fablico de Abogados dela Capital Federal, donde se realizar\u00e1 la charla-debate \u201cLA MUJER EN EL EMPLEO P\u00daBLICO\u201d, cuyo temario ser\u00e1 La igualdad de oportunidades y de trato, y erradicaci\u00f3n de la violencia laboral en el empleo p\u00fablico. La cita es el Viernes 8 de Marzo a las 14:00 en el Sal\u00f3n Auditorio, Corrientes 1441 1\u00ba piso. y est\u00e1 organizado por la Coordinaci\u00f3n de Actividades Acad\u00e9micas, a cargo dela Dra. MabelLobecchio, La Comisi\u00f3n de los derechos de la mujer, cuya Coordinadora esla Dra. SilviaBiancoy la Uni\u00f3n del Personal Civil dela Naci\u00f3n. Laasistencia es con inscripci\u00f3n previa, personalmente en la Subgerencia de Actividades Acad\u00e9micas: Corrientes 1455 1\u00ba piso de 09:30 a 17:30, por mail a infoacademicas@cpacf.org.ar<br \/>\n<a href=\"http:\/\/www.diariofemenino.com.ar\/wp-content\/uploads\/295561_488070221253688_2041642500_n2.jpg\"><img loading=\"lazy\" decoding=\"async\" class=\"alignnone size-full wp-image-5822\" title=\"295561_488070221253688_2041642500_n\" src=\"http:\/\/www.diariofemenino.com.ar\/wp-content\/uploads\/295561_488070221253688_2041642500_n2.jpg\" alt=\"\" width=\"407\" height=\"576\" \/><\/a><br \/>\nDistintintxs representantes de la Comisi\u00f3n, lo har\u00e1n a su vez, en otras actividades.<br \/>\nEl mismo d\u00eda,\u00a0 en la Legislatura de la Ciudad Aut\u00f3nomade Buenos Aires, sita en Per\u00fa 160, las Diputadas Mar\u00eda Elena Naddeo y Mar\u00eda Jos\u00e9 Lubertino, organizan a las 14:00 en el Sal\u00f3n Dorado, el \u201cParlamento de las Mujeres\u201d con paneles compuestos por autoridades y Diputadxs, y l muestra de la Campa\u00f1a \u201cL\u00e1grimas\u201d de ICW Global Mujeres viviendo con VIH y Fundaci\u00f3n + Paz \u2013 Sida. A las 17:00 en el Hall de Honor, la apertura de la Muestra afiches de Artistas J\u00f3venes, \u201cArte y Acci\u00f3n para desnaturalizar la violencia hacia mujeres y ni\u00f1as\u201d de FEIM y ProjectArte.<br \/>\n<a href=\"http:\/\/www.diariofemenino.com.ar\/wp-content\/uploads\/Legislatura1.jpg\"><img loading=\"lazy\" decoding=\"async\" class=\"alignnone size-full wp-image-5824\" title=\"Legislatura\" src=\"http:\/\/www.diariofemenino.com.ar\/wp-content\/uploads\/Legislatura1.jpg\" alt=\"\" width=\"453\" height=\"505\" \/><\/a><br \/>\nParticipar\u00e1n adem\u00e1s, desde las 11:00, en el Acto organizado porla Defensor\u00eda Generalde la Naci\u00f3n, en el Sal\u00f3n Auditorio \u00abDr. Guillermo D\u00edaz Lestrem\u00bb, sito en Av. Callao 970, PB. Formar\u00e1n parte del mismo, Fernanda L\u00f3pez Puleio, Defensora P\u00fablica Oficial a cargo de la Secretar\u00eda de Pol\u00edtica Institucional dela Defensor\u00eda Generalde la Naci\u00f3n.<br \/>\nDaniela Heim, profesora dela Universidad Nacionalde R\u00edo Negro, especialista en g\u00e9nero y una de las autoras del libro \u201cViolencia de g\u00e9nero y las respuestas de los sistemas penales\u201d, que se presentar\u00e1 enla ocasi\u00f3n. Diana Maff\u00eda, Directora del Observatorio de G\u00e9nero en la Justicia del Consejo de la Magistratura de la Ciudad Aut\u00f3noma de Buenos Aires. Zaida Gatti, Coordinadora del Programa Nacional de Rescate a Personas Damnificadas por el Delito de Trata del Ministerio de Justicia de la Naci\u00f3n.<br \/>\nLuego de recibir la invitaci\u00f3n del Presidente del Directorio de la AFCA, Sr. Mart\u00edn Sabatella, otrxs de los representantes de la CONSAVIG, se har\u00e1n presentes en el encuentro en Conmemoraci\u00f3n del D\u00eda Internacional de la Mujer, sobre <strong>\u00abLa perspectiva de g\u00e9nero en los medios de comunicaci\u00f3n audiovisual\u00bb<\/strong>.\u00a0Luego de la apertura del mismo, a cargo del mismo Mart\u00edn Sabatella, se formar\u00e1 un panel con la presencia de -Elsa Drucaroff, Cynthia Ottaviano y Mariana Carbajal, se contar\u00e1 adem\u00e1s con la participaci\u00f3n especial de Sandra Mihanovich.<br \/>\n&nbsp;<br \/>\nPor su parte, El Consejo de la Magistratura de la Ciudad de Buenos Aires, realizar\u00e1 una presentaci\u00f3n p\u00fablica del Observatorio de G\u00e9nero en la Justicia de la Ciudad Aut\u00f3nomade Buenos Aires, creado recientemente en el \u00e1mbito del Centro de Planificaci\u00f3n Estrat\u00e9gica del Consejo de la Magistratura local, que tendr\u00e1 lugar el martes 12 de marzo a las 15 hs.<br \/>\n<a href=\"http:\/\/www.diariofemenino.com.ar\/wp-content\/uploads\/invitacion_10x15_dorso1.jpg\"><img loading=\"lazy\" decoding=\"async\" class=\"alignnone size-full wp-image-5823\" title=\"invitacion_10x15_dorso\" src=\"http:\/\/www.diariofemenino.com.ar\/wp-content\/uploads\/invitacion_10x15_dorso1.jpg\" alt=\"\" width=\"488\" height=\"326\" \/><\/a><br \/>\nLa actividad consistir\u00e1 en la realizaci\u00f3n de dos paneles con autoridades y expertos\/as enla tem\u00e1tica. Participar\u00e1ndel primer panel el Presidente del Consejo de la Magistratura de la CABA, Dr. Juan M. Olmos; las Ministras dela Corte Supremade<br \/>\nJusticia de la Naci\u00f3n, Dra. Elena Highton y Dra. Carmen Argibay y el Presidente del<br \/>\nTribunal Superior de Justicia de la CABA, Dr. Luis Lozano. El segundo panel estar\u00e1<br \/>\nintegrado por el titular del Ministerio P\u00fablico Fiscal, Dr. Germ\u00e1n Garavano; el titular del<br \/>\nMinisterio P\u00fablico de la Defensa, Dr. Mario Kestelboim; la titular dela Asesor\u00eda General<br \/>\nTutelar, Dra. Laura Musa; el Presidente del Centro de Planificaci\u00f3n Estrat\u00e9gica, Dr.<br \/>\nHoracio Corti y el Secretario Ejecutivo del Centro de Formaci\u00f3n Judicial, Dr. Eduardo<br \/>\nMolina Quiroga.<br \/>\n&nbsp;<br \/>\nEn otra de las actividades en las que participar\u00e1n representantes de la Comision, se encuentra el ACTO CONMEMORACI\u00d3N DEL D\u00cdA INTERNACIONAL DE LA MUJER, a realizarse el Viernes 8 de marzo en el Sal\u00f3n Auditorio Manuel Belgrano dela Canciller\u00eda Argentina, sito en Esmeralda 1218 dela Ciudad Aut\u00f3nomade Buenos Aires. El programa del acto ser\u00e1.<br \/>\n10:00 a 10:30 hs. APERTURA<br \/>\nSubsecretaria de Pol\u00edtica Exterior Mar\u00eda del Carmen Squeff<br \/>\nCoordinador Residente de ONU en Argentina: Mart\u00edn Santiago<br \/>\n10:30 a 10:45 hs. PRESENTACI\u00d3N MATERIAL AUDIVISUAL<br \/>\nCortometrajes del concurso audiovisual \u201cParidad es Igualdad\u201d realizado en el marco del Proyecto fortalecimiento de la Institucionalidad y la Perspectiva de G\u00e9nero en el MERCOSUR\u201d de la RMAAM que cuenta con financiamiento de la AECID.<br \/>\n10:45 a 11:00 hs. COFFE BREAK<br \/>\n11:00 a 12:00 hs. MESA DEBATE PARTICIPACI\u00d3N POL\u00cdTICA<br \/>\nEspecialista en g\u00e9nero Dra. Dora Barrancos<br \/>\nDiputada Nacional Diana Conti<br \/>\nDiputada Nacional Juliana Di Tullio<br \/>\nDiputada Nacional Mar\u00eda Luisa Storani<br \/>\nREPRESENTACI\u00d3N ESPECIAL PARA TEMAS DELA MUJER EN EL\u00c1MBITO INTERNACIONAL<br \/>\nDIRECCI\u00d3N DE LA MUJER<br \/>\nPor su parte, en la ciudad de Salta, la Corte de Justicia de Salta y el INADI, organizan los \u201c<a href=\"http:\/\/noticias.iruya.com\/newnex\/sociedad\/mujer\/6237-talleres-de-sensibilizacion-para-la-plena-vigencia-de-la-ley-de-violencia-de-genero.html\">Talleres de sensibilizaci\u00f3n para la plena vigencia de la ley de violencia de g\u00e9nero<\/a>\u201d, y cuentan con el apoyo de la Comisi\u00f3n de la Mujer dela Universidad Nacional de Salta yla Comisi\u00f3n Nacional para la Elaboraci\u00f3n de Sanciones de la Violencia de G\u00e9nero. En una comunicaci\u00f3n de prensa, En una comunicaci\u00f3n de prensa difundida ayer, la Corte de Justicia de Salta recuerda que el Congreso de la Naci\u00f3n dict\u00f3 en 2009 la Ley 26.485, llamada de protecci\u00f3n integral, con el objeto de \u00abprevenir, sancionar y erradicar la violencia contra las mujeres en los \u00e1mbitos en que desarrollen sus relaciones interpersonales.<br \/>\n<strong>Sallta &#8211; Inadi<\/strong><br \/>\n<a href=\"http:\/\/noticias.iruya.com\/newnex\/sociedad\/mujer\/6237-talleres-de-sensibilizacion-para-la-plena-vigencia-de-la-ley-de-violencia-de-genero.html\">http:\/\/noticias.iruya.com\/newnex\/sociedad\/mujer\/6237-talleres-de-sensibilizacion-para-la-plena-vigencia-de-la-ley-de-violencia-de-genero.html<\/a><br \/>\n&nbsp;<\/p>\n<h2><\/h2>\n<p>&nbsp;<br \/>\n&nbsp;<br \/>\n&nbsp;<br \/>\n&nbsp;<br \/>\nFuente: Leonardo Alonso<\/p>\n<h2><\/h2>\n<h2><\/h2>\n<p>&nbsp;<br \/>\n&nbsp;<br \/>\n&nbsp;<br \/>\n&nbsp;<br \/>\n&nbsp;<\/p>\n","protected":false},"excerpt":{"rendered":"<p>&nbsp; En conmemoraci\u00f3n del D\u00eda Internacional de la Mujer, la CONSAVIG (Comisi\u00f3n Nacional Coordinadora de Acciones para la Elaboraci\u00f3n de Sanciones de la Violencia de G\u00e9nero) ha sido invitada a participar de diversas actividades. &nbsp; La Dra. Perla Prigoshin, su titular, expondr\u00e1 en el Colegio de P\u00fablico de Abogados dela Capital Federal, donde se realizar\u00e1 [&hellip;]<\/p>\n","protected":false},"author":1,"featured_media":5827,"comment_status":"open","ping_status":"open","sticky":false,"template":"","format":"standard","meta":{"iawp_total_views":6,"footnotes":""},"categories":[22,7,4],"tags":[],"class_list":["post-5773","post","type-post","status-publish","format-standard","has-post-thumbnail","hentry","category-aborto","category-actividades","category-medios"],"nelio_content":{"autoShareEndMode":"never","automationSources":{"useCustomSentences":false,"customSentences":[]},"efiAlt":"","efiUrl":"","followers":[],"highlights":[],"isAutoShareEnabled":true,"networkImageIds":[],"permalinkQueryArgs":[],"series":[],"suggestedReferences":[]},"yoast_head":"<!-- This site is optimized with the Yoast SEO plugin v27.4 - https:\/\/yoast.com\/product\/yoast-seo-wordpress\/ -->\n<title>D\u00eda Internacional de la Mujer, la CONSAVIG de la mano de Perla Prigoshin, siempre presente - Diario Digital Femenino<\/title>\n<meta name=\"robots\" content=\"index, follow, max-snippet:-1, max-image-preview:large, max-video-preview:-1\" \/>\n<link rel=\"canonical\" href=\"https:\/\/diariofemenino.com.ar\/df\/dia-internacional-de-la-mujer-la-consavig-de-la-mano-de-perla-prigoshin-siempre-presente\/\" \/>\n<meta property=\"og:locale\" content=\"es_ES\" \/>\n<meta property=\"og:type\" content=\"article\" \/>\n<meta property=\"og:title\" content=\"D\u00eda Internacional de la Mujer, la CONSAVIG de la mano de Perla Prigoshin, siempre presente - Diario Digital Femenino\" \/>\n<meta property=\"og:description\" content=\"&nbsp; En conmemoraci\u00f3n del D\u00eda Internacional de la Mujer, la CONSAVIG (Comisi\u00f3n Nacional Coordinadora de Acciones para la Elaboraci\u00f3n de Sanciones de la Violencia de G\u00e9nero) ha sido invitada a participar de diversas actividades. &nbsp; La Dra. Perla Prigoshin, su titular, expondr\u00e1 en el Colegio de P\u00fablico de Abogados dela Capital Federal, donde se realizar\u00e1 [&hellip;]\" \/>\n<meta property=\"og:url\" content=\"https:\/\/diariofemenino.com.ar\/df\/dia-internacional-de-la-mujer-la-consavig-de-la-mano-de-perla-prigoshin-siempre-presente\/\" \/>\n<meta property=\"og:site_name\" content=\"Diario Digital Femenino\" \/>\n<meta property=\"article:publisher\" content=\"https:\/\/www.facebook.com\/DiarioDigitaFemenino\/\" \/>\n<meta property=\"article:published_time\" content=\"2013-03-02T20:07:25+00:00\" \/>\n<meta property=\"og:image\" content=\"https:\/\/diariofemenino.com.ar\/df\/wp-content\/uploads\/2016\/10\/logo-negro.png\" \/>\n\t<meta property=\"og:image:width\" content=\"855\" \/>\n\t<meta property=\"og:image:height\" content=\"319\" \/>\n\t<meta property=\"og:image:type\" content=\"image\/png\" \/>\n<meta name=\"author\" content=\"Admin\" \/>\n<meta name=\"twitter:card\" content=\"summary_large_image\" \/>\n<meta name=\"twitter:creator\" content=\"@DiarioFemenino1\" \/>\n<meta name=\"twitter:site\" content=\"@DiarioFemenino1\" \/>\n<meta name=\"twitter:label1\" content=\"Escrito por\" \/>\n\t<meta name=\"twitter:data1\" content=\"Admin\" \/>\n\t<meta name=\"twitter:label2\" content=\"Tiempo de lectura\" \/>\n\t<meta name=\"twitter:data2\" content=\"5 minutos\" \/>\n<script type=\"application\/ld+json\" class=\"yoast-schema-graph\">{\"@context\":\"https:\\\/\\\/schema.org\",\"@graph\":[{\"@type\":\"Article\",\"@id\":\"https:\\\/\\\/diariofemenino.com.ar\\\/df\\\/dia-internacional-de-la-mujer-la-consavig-de-la-mano-de-perla-prigoshin-siempre-presente\\\/#article\",\"isPartOf\":{\"@id\":\"https:\\\/\\\/diariofemenino.com.ar\\\/df\\\/dia-internacional-de-la-mujer-la-consavig-de-la-mano-de-perla-prigoshin-siempre-presente\\\/\"},\"author\":{\"name\":\"Admin\",\"@id\":\"https:\\\/\\\/diariofemenino.com.ar\\\/df\\\/#\\\/schema\\\/person\\\/38f54b3bfd13f561de2460ba95c169c6\"},\"headline\":\"D\u00eda Internacional de la Mujer, la CONSAVIG de la mano de Perla Prigoshin, siempre presente\",\"datePublished\":\"2013-03-02T20:07:25+00:00\",\"mainEntityOfPage\":{\"@id\":\"https:\\\/\\\/diariofemenino.com.ar\\\/df\\\/dia-internacional-de-la-mujer-la-consavig-de-la-mano-de-perla-prigoshin-siempre-presente\\\/\"},\"wordCount\":1069,\"commentCount\":0,\"publisher\":{\"@id\":\"https:\\\/\\\/diariofemenino.com.ar\\\/df\\\/#organization\"},\"image\":{\"@id\":\"https:\\\/\\\/diariofemenino.com.ar\\\/df\\\/dia-internacional-de-la-mujer-la-consavig-de-la-mano-de-perla-prigoshin-siempre-presente\\\/#primaryimage\"},\"thumbnailUrl\":\"\",\"articleSection\":[\"Aborto\",\"Actividades\",\"Medios\"],\"inLanguage\":\"es\",\"potentialAction\":[{\"@type\":\"CommentAction\",\"name\":\"Comment\",\"target\":[\"https:\\\/\\\/diariofemenino.com.ar\\\/df\\\/dia-internacional-de-la-mujer-la-consavig-de-la-mano-de-perla-prigoshin-siempre-presente\\\/#respond\"]}]},{\"@type\":\"WebPage\",\"@id\":\"https:\\\/\\\/diariofemenino.com.ar\\\/df\\\/dia-internacional-de-la-mujer-la-consavig-de-la-mano-de-perla-prigoshin-siempre-presente\\\/\",\"url\":\"https:\\\/\\\/diariofemenino.com.ar\\\/df\\\/dia-internacional-de-la-mujer-la-consavig-de-la-mano-de-perla-prigoshin-siempre-presente\\\/\",\"name\":\"D\u00eda Internacional de la Mujer, la CONSAVIG de la mano de Perla Prigoshin, siempre presente - Diario Digital Femenino\",\"isPartOf\":{\"@id\":\"https:\\\/\\\/diariofemenino.com.ar\\\/df\\\/#website\"},\"primaryImageOfPage\":{\"@id\":\"https:\\\/\\\/diariofemenino.com.ar\\\/df\\\/dia-internacional-de-la-mujer-la-consavig-de-la-mano-de-perla-prigoshin-siempre-presente\\\/#primaryimage\"},\"image\":{\"@id\":\"https:\\\/\\\/diariofemenino.com.ar\\\/df\\\/dia-internacional-de-la-mujer-la-consavig-de-la-mano-de-perla-prigoshin-siempre-presente\\\/#primaryimage\"},\"thumbnailUrl\":\"\",\"datePublished\":\"2013-03-02T20:07:25+00:00\",\"breadcrumb\":{\"@id\":\"https:\\\/\\\/diariofemenino.com.ar\\\/df\\\/dia-internacional-de-la-mujer-la-consavig-de-la-mano-de-perla-prigoshin-siempre-presente\\\/#breadcrumb\"},\"inLanguage\":\"es\",\"potentialAction\":[{\"@type\":\"ReadAction\",\"target\":[\"https:\\\/\\\/diariofemenino.com.ar\\\/df\\\/dia-internacional-de-la-mujer-la-consavig-de-la-mano-de-perla-prigoshin-siempre-presente\\\/\"]}]},{\"@type\":\"ImageObject\",\"inLanguage\":\"es\",\"@id\":\"https:\\\/\\\/diariofemenino.com.ar\\\/df\\\/dia-internacional-de-la-mujer-la-consavig-de-la-mano-de-perla-prigoshin-siempre-presente\\\/#primaryimage\",\"url\":\"\",\"contentUrl\":\"\"},{\"@type\":\"BreadcrumbList\",\"@id\":\"https:\\\/\\\/diariofemenino.com.ar\\\/df\\\/dia-internacional-de-la-mujer-la-consavig-de-la-mano-de-perla-prigoshin-siempre-presente\\\/#breadcrumb\",\"itemListElement\":[{\"@type\":\"ListItem\",\"position\":1,\"name\":\"Portada\",\"item\":\"https:\\\/\\\/diariofemenino.com.ar\\\/df\\\/\"},{\"@type\":\"ListItem\",\"position\":2,\"name\":\"D\u00eda Internacional de la Mujer, la CONSAVIG de la mano de Perla Prigoshin, siempre presente\"}]},{\"@type\":\"WebSite\",\"@id\":\"https:\\\/\\\/diariofemenino.com.ar\\\/df\\\/#website\",\"url\":\"https:\\\/\\\/diariofemenino.com.ar\\\/df\\\/\",\"name\":\"Diario Digital Femenino\",\"description\":\"Cuesti\u00f3n de G\u00e9nero\",\"publisher\":{\"@id\":\"https:\\\/\\\/diariofemenino.com.ar\\\/df\\\/#organization\"},\"potentialAction\":[{\"@type\":\"SearchAction\",\"target\":{\"@type\":\"EntryPoint\",\"urlTemplate\":\"https:\\\/\\\/diariofemenino.com.ar\\\/df\\\/?s={search_term_string}\"},\"query-input\":{\"@type\":\"PropertyValueSpecification\",\"valueRequired\":true,\"valueName\":\"search_term_string\"}}],\"inLanguage\":\"es\"},{\"@type\":\"Organization\",\"@id\":\"https:\\\/\\\/diariofemenino.com.ar\\\/df\\\/#organization\",\"name\":\"Diario Femenino\",\"url\":\"https:\\\/\\\/diariofemenino.com.ar\\\/df\\\/\",\"logo\":{\"@type\":\"ImageObject\",\"inLanguage\":\"es\",\"@id\":\"https:\\\/\\\/diariofemenino.com.ar\\\/df\\\/#\\\/schema\\\/logo\\\/image\\\/\",\"url\":\"https:\\\/\\\/diariofemenino.com.ar\\\/df\\\/wp-content\\\/uploads\\\/2018\\\/10\\\/logo.png\",\"contentUrl\":\"https:\\\/\\\/diariofemenino.com.ar\\\/df\\\/wp-content\\\/uploads\\\/2018\\\/10\\\/logo.png\",\"width\":500,\"height\":92,\"caption\":\"Diario Femenino\"},\"image\":{\"@id\":\"https:\\\/\\\/diariofemenino.com.ar\\\/df\\\/#\\\/schema\\\/logo\\\/image\\\/\"},\"sameAs\":[\"https:\\\/\\\/www.facebook.com\\\/DiarioDigitaFemenino\\\/\",\"https:\\\/\\\/x.com\\\/DiarioFemenino1\"]},{\"@type\":\"Person\",\"@id\":\"https:\\\/\\\/diariofemenino.com.ar\\\/df\\\/#\\\/schema\\\/person\\\/38f54b3bfd13f561de2460ba95c169c6\",\"name\":\"Admin\",\"image\":{\"@type\":\"ImageObject\",\"inLanguage\":\"es\",\"@id\":\"https:\\\/\\\/diariofemenino.com.ar\\\/df\\\/wp-content\\\/uploads\\\/2018\\\/12\\\/favicon-150x150.jpg\",\"url\":\"https:\\\/\\\/diariofemenino.com.ar\\\/df\\\/wp-content\\\/uploads\\\/2018\\\/12\\\/favicon-150x150.jpg\",\"contentUrl\":\"https:\\\/\\\/diariofemenino.com.ar\\\/df\\\/wp-content\\\/uploads\\\/2018\\\/12\\\/favicon-150x150.jpg\",\"caption\":\"Admin\"},\"url\":\"https:\\\/\\\/diariofemenino.com.ar\\\/df\\\/author\\\/adm18df\\\/\"}]}<\/script>\n<!-- \/ Yoast SEO plugin. -->","yoast_head_json":{"title":"D\u00eda Internacional de la Mujer, la CONSAVIG de la mano de Perla Prigoshin, siempre presente - Diario Digital Femenino","robots":{"index":"index","follow":"follow","max-snippet":"max-snippet:-1","max-image-preview":"max-image-preview:large","max-video-preview":"max-video-preview:-1"},"canonical":"https:\/\/diariofemenino.com.ar\/df\/dia-internacional-de-la-mujer-la-consavig-de-la-mano-de-perla-prigoshin-siempre-presente\/","og_locale":"es_ES","og_type":"article","og_title":"D\u00eda Internacional de la Mujer, la CONSAVIG de la mano de Perla Prigoshin, siempre presente - Diario Digital Femenino","og_description":"&nbsp; En conmemoraci\u00f3n del D\u00eda Internacional de la Mujer, la CONSAVIG (Comisi\u00f3n Nacional Coordinadora de Acciones para la Elaboraci\u00f3n de Sanciones de la Violencia de G\u00e9nero) ha sido invitada a participar de diversas actividades. &nbsp; La Dra. Perla Prigoshin, su titular, expondr\u00e1 en el Colegio de P\u00fablico de Abogados dela Capital Federal, donde se realizar\u00e1 [&hellip;]","og_url":"https:\/\/diariofemenino.com.ar\/df\/dia-internacional-de-la-mujer-la-consavig-de-la-mano-de-perla-prigoshin-siempre-presente\/","og_site_name":"Diario Digital Femenino","article_publisher":"https:\/\/www.facebook.com\/DiarioDigitaFemenino\/","article_published_time":"2013-03-02T20:07:25+00:00","og_image":[{"width":855,"height":319,"url":"https:\/\/diariofemenino.com.ar\/df\/wp-content\/uploads\/2016\/10\/logo-negro.png","type":"image\/png"}],"author":"Admin","twitter_card":"summary_large_image","twitter_creator":"@DiarioFemenino1","twitter_site":"@DiarioFemenino1","twitter_misc":{"Escrito por":"Admin","Tiempo de lectura":"5 minutos"},"schema":{"@context":"https:\/\/schema.org","@graph":[{"@type":"Article","@id":"https:\/\/diariofemenino.com.ar\/df\/dia-internacional-de-la-mujer-la-consavig-de-la-mano-de-perla-prigoshin-siempre-presente\/#article","isPartOf":{"@id":"https:\/\/diariofemenino.com.ar\/df\/dia-internacional-de-la-mujer-la-consavig-de-la-mano-de-perla-prigoshin-siempre-presente\/"},"author":{"name":"Admin","@id":"https:\/\/diariofemenino.com.ar\/df\/#\/schema\/person\/38f54b3bfd13f561de2460ba95c169c6"},"headline":"D\u00eda Internacional de la Mujer, la CONSAVIG de la mano de Perla Prigoshin, siempre presente","datePublished":"2013-03-02T20:07:25+00:00","mainEntityOfPage":{"@id":"https:\/\/diariofemenino.com.ar\/df\/dia-internacional-de-la-mujer-la-consavig-de-la-mano-de-perla-prigoshin-siempre-presente\/"},"wordCount":1069,"commentCount":0,"publisher":{"@id":"https:\/\/diariofemenino.com.ar\/df\/#organization"},"image":{"@id":"https:\/\/diariofemenino.com.ar\/df\/dia-internacional-de-la-mujer-la-consavig-de-la-mano-de-perla-prigoshin-siempre-presente\/#primaryimage"},"thumbnailUrl":"","articleSection":["Aborto","Actividades","Medios"],"inLanguage":"es","potentialAction":[{"@type":"CommentAction","name":"Comment","target":["https:\/\/diariofemenino.com.ar\/df\/dia-internacional-de-la-mujer-la-consavig-de-la-mano-de-perla-prigoshin-siempre-presente\/#respond"]}]},{"@type":"WebPage","@id":"https:\/\/diariofemenino.com.ar\/df\/dia-internacional-de-la-mujer-la-consavig-de-la-mano-de-perla-prigoshin-siempre-presente\/","url":"https:\/\/diariofemenino.com.ar\/df\/dia-internacional-de-la-mujer-la-consavig-de-la-mano-de-perla-prigoshin-siempre-presente\/","name":"D\u00eda Internacional de la Mujer, la CONSAVIG de la mano de Perla Prigoshin, siempre presente - Diario Digital Femenino","isPartOf":{"@id":"https:\/\/diariofemenino.com.ar\/df\/#website"},"primaryImageOfPage":{"@id":"https:\/\/diariofemenino.com.ar\/df\/dia-internacional-de-la-mujer-la-consavig-de-la-mano-de-perla-prigoshin-siempre-presente\/#primaryimage"},"image":{"@id":"https:\/\/diariofemenino.com.ar\/df\/dia-internacional-de-la-mujer-la-consavig-de-la-mano-de-perla-prigoshin-siempre-presente\/#primaryimage"},"thumbnailUrl":"","datePublished":"2013-03-02T20:07:25+00:00","breadcrumb":{"@id":"https:\/\/diariofemenino.com.ar\/df\/dia-internacional-de-la-mujer-la-consavig-de-la-mano-de-perla-prigoshin-siempre-presente\/#breadcrumb"},"inLanguage":"es","potentialAction":[{"@type":"ReadAction","target":["https:\/\/diariofemenino.com.ar\/df\/dia-internacional-de-la-mujer-la-consavig-de-la-mano-de-perla-prigoshin-siempre-presente\/"]}]},{"@type":"ImageObject","inLanguage":"es","@id":"https:\/\/diariofemenino.com.ar\/df\/dia-internacional-de-la-mujer-la-consavig-de-la-mano-de-perla-prigoshin-siempre-presente\/#primaryimage","url":"","contentUrl":""},{"@type":"BreadcrumbList","@id":"https:\/\/diariofemenino.com.ar\/df\/dia-internacional-de-la-mujer-la-consavig-de-la-mano-de-perla-prigoshin-siempre-presente\/#breadcrumb","itemListElement":[{"@type":"ListItem","position":1,"name":"Portada","item":"https:\/\/diariofemenino.com.ar\/df\/"},{"@type":"ListItem","position":2,"name":"D\u00eda Internacional de la Mujer, la CONSAVIG de la mano de Perla Prigoshin, siempre presente"}]},{"@type":"WebSite","@id":"https:\/\/diariofemenino.com.ar\/df\/#website","url":"https:\/\/diariofemenino.com.ar\/df\/","name":"Diario Digital Femenino","description":"Cuesti\u00f3n de G\u00e9nero","publisher":{"@id":"https:\/\/diariofemenino.com.ar\/df\/#organization"},"potentialAction":[{"@type":"SearchAction","target":{"@type":"EntryPoint","urlTemplate":"https:\/\/diariofemenino.com.ar\/df\/?s={search_term_string}"},"query-input":{"@type":"PropertyValueSpecification","valueRequired":true,"valueName":"search_term_string"}}],"inLanguage":"es"},{"@type":"Organization","@id":"https:\/\/diariofemenino.com.ar\/df\/#organization","name":"Diario Femenino","url":"https:\/\/diariofemenino.com.ar\/df\/","logo":{"@type":"ImageObject","inLanguage":"es","@id":"https:\/\/diariofemenino.com.ar\/df\/#\/schema\/logo\/image\/","url":"https:\/\/diariofemenino.com.ar\/df\/wp-content\/uploads\/2018\/10\/logo.png","contentUrl":"https:\/\/diariofemenino.com.ar\/df\/wp-content\/uploads\/2018\/10\/logo.png","width":500,"height":92,"caption":"Diario Femenino"},"image":{"@id":"https:\/\/diariofemenino.com.ar\/df\/#\/schema\/logo\/image\/"},"sameAs":["https:\/\/www.facebook.com\/DiarioDigitaFemenino\/","https:\/\/x.com\/DiarioFemenino1"]},{"@type":"Person","@id":"https:\/\/diariofemenino.com.ar\/df\/#\/schema\/person\/38f54b3bfd13f561de2460ba95c169c6","name":"Admin","image":{"@type":"ImageObject","inLanguage":"es","@id":"https:\/\/diariofemenino.com.ar\/df\/wp-content\/uploads\/2018\/12\/favicon-150x150.jpg","url":"https:\/\/diariofemenino.com.ar\/df\/wp-content\/uploads\/2018\/12\/favicon-150x150.jpg","contentUrl":"https:\/\/diariofemenino.com.ar\/df\/wp-content\/uploads\/2018\/12\/favicon-150x150.jpg","caption":"Admin"},"url":"https:\/\/diariofemenino.com.ar\/df\/author\/adm18df\/"}]}},"jetpack_featured_media_url":"","jetpack_sharing_enabled":true,"rttpg_featured_image_url":null,"rttpg_author":{"display_name":"Admin","author_link":"https:\/\/diariofemenino.com.ar\/df\/author\/adm18df\/"},"rttpg_comment":0,"rttpg_category":"<a href=\"https:\/\/diariofemenino.com.ar\/df\/category\/aborto\/\" rel=\"category tag\">Aborto<\/a> <a href=\"https:\/\/diariofemenino.com.ar\/df\/category\/actividades\/\" rel=\"category tag\">Actividades<\/a> <a href=\"https:\/\/diariofemenino.com.ar\/df\/category\/medios\/\" rel=\"category tag\">Medios<\/a>","rttpg_excerpt":"&nbsp; En conmemoraci\u00f3n del D\u00eda Internacional de la Mujer, la CONSAVIG (Comisi\u00f3n Nacional Coordinadora de Acciones para la Elaboraci\u00f3n de Sanciones de la Violencia de G\u00e9nero) ha sido invitada a participar de diversas actividades. &nbsp; La Dra. Perla Prigoshin, su titular, expondr\u00e1 en el Colegio de P\u00fablico de Abogados dela Capital Federal, donde se realizar\u00e1&hellip;","_links":{"self":[{"href":"https:\/\/diariofemenino.com.ar\/df\/wp-json\/wp\/v2\/posts\/5773","targetHints":{"allow":["GET"]}}],"collection":[{"href":"https:\/\/diariofemenino.com.ar\/df\/wp-json\/wp\/v2\/posts"}],"about":[{"href":"https:\/\/diariofemenino.com.ar\/df\/wp-json\/wp\/v2\/types\/post"}],"author":[{"embeddable":true,"href":"https:\/\/diariofemenino.com.ar\/df\/wp-json\/wp\/v2\/users\/1"}],"replies":[{"embeddable":true,"href":"https:\/\/diariofemenino.com.ar\/df\/wp-json\/wp\/v2\/comments?post=5773"}],"version-history":[{"count":0,"href":"https:\/\/diariofemenino.com.ar\/df\/wp-json\/wp\/v2\/posts\/5773\/revisions"}],"wp:featuredmedia":[{"embeddable":true,"href":"https:\/\/diariofemenino.com.ar\/df\/wp-json\/"}],"wp:attachment":[{"href":"https:\/\/diariofemenino.com.ar\/df\/wp-json\/wp\/v2\/media?parent=5773"}],"wp:term":[{"taxonomy":"category","embeddable":true,"href":"https:\/\/diariofemenino.com.ar\/df\/wp-json\/wp\/v2\/categories?post=5773"},{"taxonomy":"post_tag","embeddable":true,"href":"https:\/\/diariofemenino.com.ar\/df\/wp-json\/wp\/v2\/tags?post=5773"}],"curies":[{"name":"wp","href":"https:\/\/api.w.org\/{rel}","templated":true}]}}