{"id":57561,"date":"2021-04-27T12:36:11","date_gmt":"2021-04-27T15:36:11","guid":{"rendered":"https:\/\/diariofemenino.com.ar\/dfn\/?p=57561"},"modified":"2021-04-29T12:45:18","modified_gmt":"2021-04-29T15:45:18","slug":"sira-vuelve-a-hacer-costuras","status":"publish","type":"post","link":"https:\/\/diariofemenino.com.ar\/df\/sira-vuelve-a-hacer-costuras\/","title":{"rendered":"\u201cSira\u201d, vuelve a hacer costuras"},"content":{"rendered":"<p><span style=\"color: #808080;\">\u201cHan pasado doce a\u00f1os desde que se public\u00f3 &#8216;El Tiempo entre Costuras&#8217;. Recuperar el personaje para esta novela ha sido fascinante\u201d, admite Maria Due\u00f1as.<\/span><\/p>\n<p>Jerusal\u00e9n bajo el Mandato Brit\u00e1nico, Londres despu\u00e9s de la segunda guerra mundial, Madrid recibiendo a Eva Per\u00f3n y una T\u00e1nger donde B\u00e1rbara Hutton, deslumbra con sus extravagancias, son los escenarios que la autora ha elegido para que Sira Quiroga, relate sus nuevas peripecias.<\/p>\n<figure id=\"attachment_57500\" aria-describedby=\"caption-attachment-57500\" style=\"width: 900px\" class=\"wp-caption aligncenter\"><img loading=\"lazy\" decoding=\"async\" class=\"size-large wp-image-57500\" src=\"https:\/\/diariofemenino.com.ar\/df\/wp-content\/uploads\/2021\/04\/Maria-Duenas.la-rep-1024x917.jpg\" alt=\"\u201cSira\u201d, vuelve a hacer costuras\" width=\"900\" height=\"806\" \/><figcaption id=\"caption-attachment-57500\" class=\"wp-caption-text\">\u201cSira\u201d, vuelve a hacer costuras<\/figcaption><\/figure>\n<p>Por <a href=\"https:\/\/diariofemenino.com.ar\/?s=Daniel+Saban\">Daniel H\u00e9ctor Saban<\/a>*<br \/>\n@danielhectorsa3<\/p>\n<p>La Segunda Guerra Mundial lleg\u00f3 a su fin y el mundo se empieza a reconstruir, sin embargo Sira al finalizar su misi\u00f3n c\u00f3mo colaboradora en los Servicios Secretos brit\u00e1nicos, se ver\u00e1 involucrada en nuevas aventuras de espionaje que la llevaran a recorrer varias deslumbrantes ciudades.<\/p>\n<p>En estos escenarios deber\u00e1 afrontar desgarros, reencuentros y arriesgadas misiones, a las cuales adiciona la experiencia que le brinda su reciente maternidad.<\/p>\n<p>Mar\u00eda <a href=\"https:\/\/es.wikipedia.org\/wiki\/Mar%C3%ADa_Due%C3%B1as\">Due\u00f1as<\/a>, publica su quinta novela en la que le vuelve a dar vida a la costurera que se transform\u00f3 en esp\u00eda en \u201cEl tiempo entre costuras\u201d.<\/p>\n<p>Nacida en Puertollano en 1964, es la primera de ocho hermanos. Desde su ni\u00f1ez, recoge pocos elementos para sus obras. Sus experiencias juveniles, no nutren sus libros, encontr\u00e1ndose en los mismos pocos elementos biogr\u00e1ficos.<\/p>\n<p>Sin embargo, se debe resaltar que se halla vinculada con el pa\u00eds de \u00c1frica del Norte, donde su madre vivi\u00f3 la juventud en el Protectorado Espa\u00f1ol de Marruecos. Mientras tanto su padre trabajaba en el Instituto Cervantes de Tetu\u00e1n, ciudad que vivi\u00f3 tiempos glamorosos mientras Espa\u00f1a se hallaba sumida en la pobreza.<\/p>\n<p>Ten\u00eda 43 a\u00f1os cuando decidi\u00f3 ponerse a escribir, y lo hizo buscando pretextos en el Protectorado, donde se gest\u00f3 su primera historia que la va a llevar al \u00e9xito. En esos tiempos era profesora titular de Filolog\u00eda Inglesa en la Universidad de Murcia.<\/p>\n<p>Mar\u00eda Due\u00f1as ha venido publicado un libro cada tres a\u00f1os; \u201cEl Tiempo entre costuras\u201d, a\u00f1o 2009, \u201cMisi\u00f3n Olvido\u201d (2012), \u201cLa Templanza\u201d (2015), \u201cLas Hijas del Capit\u00e1n\u201d (2018), y \u201cSira\u201d (2021). Los cuatro primeros han sido traducidos a 35 idiomas.<\/p>\n<p>A ra\u00edz de un viaje a T\u00e1nger, decidi\u00f3 volver a darle vida nuevamente, a la costurera a la cual tanto le debe, y opt\u00f3 por la aparici\u00f3n de una Sira con mucha m\u00e1s experiencia. De una \u201cinocente modestilla\u201d\u00a0 se va consolidando una personalidad femenina que deja de colaborar con los Servicios Secretos de Gran Breta\u00f1a. Es una Sira, mucho m\u00e1s mujer que vive su maternidad, nutri\u00e9ndose de las experiencias que le brinda la misma,<\/p>\n<p><a href=\"https:\/\/www.casadellibro.com\/libro-sira\/9788408241911\/12163002\">Sira<\/a>, fue la gran protagonista en \u201cTiempo entre costuras\u201d, y los personajes principales e hist\u00f3ricos hab\u00edan quedado relegados a un segundo plano, en el libro, donde la fascinante modista conquist\u00f3 el mundo con mensajes cifrados a trav\u00e9s de los pespuntes cargados en los vestidos.<\/p>\n<p>Ahora, la protagonista se involucra en el mundo de la radio, llegando\u00a0 a Espa\u00f1a, en 1947, para cubrir el viaje que efectu\u00f3 Eva Per\u00f3n a la pen\u00ednsula ib\u00e9rica. Transformada en reportera para la BBC deber\u00e1 cumplir una nueva misi\u00f3n.<\/p>\n<figure id=\"attachment_57499\" aria-describedby=\"caption-attachment-57499\" style=\"width: 980px\" class=\"wp-caption aligncenter\"><img loading=\"lazy\" decoding=\"async\" class=\"size-full wp-image-57499\" src=\"https:\/\/diariofemenino.com.ar\/df\/wp-content\/uploads\/2021\/04\/Sira-Quiroga.jpg\" alt=\"\u201cSira\u201d, vuelve a hacer costuras\" width=\"980\" height=\"604\" \/><figcaption id=\"caption-attachment-57499\" class=\"wp-caption-text\">\u201cSira\u201d, vuelve a hacer costuras<\/figcaption><\/figure>\n<p>No es la misma tarea cubrir un acontecimiento c\u00f3mo esp\u00eda en medio de una guerra que llevarlo a cabo en \u00e9pocas de paz. Londres necesitaba saber qui\u00e9n era Eva Per\u00f3n y si les interesa recibirla en Londres. Por ese motivo, contratan a Sira y hacen de ella una periodista que debe vincularse con la esposa del Presidente argentino, siguiendo la gira que lleva a cabo por Espa\u00f1a.<\/p>\n<p>Se mezcla en la comitiva que sigue a Eva Per\u00f3n en su tour por el pa\u00eds manejado por Franco. La visita de la esposa del mandatario sudamericano moviliz\u00f3 multitudes a su paso.<\/p>\n<p>Dado que Espa\u00f1a hab\u00eda quedado al margen del mundo occidental esperando la ca\u00edda del r\u00e9gimen del mandatario espa\u00f1ol, el \u00fanico pa\u00eds que le tiende una mano, en esos tiempos es Argentina que le brinda hasta cajones de huevos que le\u00a0 faltaban a la Madre Patria para su alimentaci\u00f3n.<\/p>\n<p>Evita, con sus\u00a0 27 o 28 a\u00f1os, aparece en Espa\u00f1a con sus visones en verano, y su personalidad arrolladora que la distingue entre la multitud. Fue una visita m\u00edtica, con mucha foto y muchos actos.\u00a0 A Franco, le sali\u00f3 bien la jugada porque Per\u00f3n le envi\u00f3 barcos cargados con trigo y otros cereales que ayudaron a mitigar el hambre de su pueblo.<\/p>\n<p>B\u00e1rbara Hutton, compr\u00f3 una villa en Tanger, ciudad muy atractiva, con pocos impuestos,\u00a0 que seduce a los m\u00e1s pudientes para montar en la misma sus esplendorosas residencias. Es en esta localidad africana donde se desarrolla la \u00faltima parte de la novela donde Sira realiza sus postreras andanzas mezclada con las personalidades de la vida real..<\/p>\n<p>Mar\u00eda Due\u00f1as, vive hoy en la escritura, que es una mezcla de devoci\u00f3n y profesi\u00f3n. No hay un patr\u00f3n fijo, para la escritora y debe tener tiempo por delante para poder desarrollar la misma. \u201cTiempo para sumergirme. Yo ten\u00eda mi vida agitada y complicada c\u00f3mo la de todos\u201d, cuando siendo profesora comenc\u00e9 a dedicarme a escribir mis textos, comenta la novelista.<\/p>\n<p>\u201cNunca me planteaba el \u00e9xito de \u201cTiempo entre costuras\u201d. Lo \u00fanico que pretend\u00eda era encontrar una editorial que publicase mi novela. Jam\u00e1s calcule cu\u00e1ntos lectores iba a tener, donde va a llegar el libro, ni desembarcar en Latinoam\u00e9rica\u201d, sostiene Mar\u00eda Due\u00f1as sobre el logro con su primera novela. \u201cLos lectores disfrutan historias que les cautiven, que les rozan algo\u201d. Considera necesario, para lograr el objetivo que:\u201d Los personajes, sean cre\u00edbles, c\u00f3mo somos los hombres y las mujeres que caminamos por el mundo, con las glorias y miserias, y con las debilidades y flaquezas, y con nuestros aspectos positivos y nuestras fortalezas. Yo creo, que eso es lo que los lectores quieren, al menos en mi caso\u201d.<\/p>\n<p>Los aficionados, le comentan a la escritora, cuanto disfrutan aquellas historias que los cautivan, m\u00e1s all\u00e1 de los acontecimientos hist\u00f3ricos, acaecidos en escenarios impactantes.<\/p>\n<p>Afirma la novelista que es imprescindible que sus personajes sean cre\u00edbles, que se obliguen a rozar el alma, que deben estar cargados de humanidad, pero sostiene no tener una f\u00f3rmula \u00fanica. La versi\u00f3n televisiva ayud\u00f3 al \u00e9xito, porque fue una producci\u00f3n muy cuidada y muy trabajada, pero cuando la misma llega ya ten\u00edan muchos lectores, aunque se debe reconocer \u201cque arrastr\u00f3 a much\u00edsimos m\u00e1s\u201d, comenta la escritora,\u201d porque fue c\u00f3mo una gran mancha de aceite que se fue expandiendo\u201d.<\/p>\n<p>\u201cCada nuevo libro lo asumo c\u00f3mo un nuevo proyecto vital, y estoy encerrada casi dos a\u00f1os trabajando por mi cuenta; primero viajando, conociendo gente, document\u00e1ndome\u00a0 para luego encapsularse, y abstraerse dentro de su planificaci\u00f3n, y se centra en sus nuevos escenarios y en sus novedosos personajes, y en las in\u00e9ditas intrigas. Se recluye para escribirlo, y no quiere tener ninguna presi\u00f3n. Hasta que no lo concluye no saca la cabeza.<\/p>\n<p>\u201cSira y yo ten\u00edamos una convivencia un poco intensa\u201d y necesitaba un descanso. Se me cruzaron unas cosas por delante y a pesar de que es muy met\u00f3dica, abandon\u00f3 la novela que estaba escribiendo y rescato a Sira del ostracismo, afirma la escritora&#8230;<\/p>\n<p>Adriana Sof\u00eda Ugarte \u201cse muere de ganas de leer el nuevo libro\u201d. Ella fue quien consigui\u00f3 componer una Sira magn\u00edfica e inolvidable, muy cre\u00edble en todo momento, que cautiv\u00f3 al p\u00fablico a ambos lados del Atl\u00e1ntico. Ugarte, en \u201cTiempos entre costuras\u201d, aparece en todas las escenas de los once episodios que conforman la serie, excepto en dos.<\/p>\n<p>Existe un momento en que, Mar\u00eda Due\u00f1as, se reencuentra con Sira. Ello ocurre en un viaje a T\u00e1nger, cuando en una recorrida por un peque\u00f1o y coqueto cementerio anglicano un poco siniestro y muy bien cuidado, un prolijo empleado le obsequi\u00f3 un libro escueto con los obituarios del camposanto. Es ah\u00ed cuando decide volver a Marruecos pero debe hacerlo de la mano de Sira y \u201cno va a haber sorpresas inesperadas\u201d.<\/p>\n<p>\u201cYo no los voy a traicionar con una Sira distinta\u201d, sostiene Mar\u00eda Due\u00f1as. Es la misma protagonista, es la misma mujer, es el mismo ser humano, con todos sus aspectos, con todas las cuestiones que\u00a0 cautivaron en \u201cEl tiempo entre costuras\u201d, pero ahora se deben sumar, las cosas que le han ido pasando a la protagonista que la hacen m\u00e1s madura y m\u00e1s mujer.\u201d Es una continuidad del personaje sin alterar nunca su esencia\u201d.\u00a0 Sostiene la novelista que no va a haber sorpresas inesperadas.<\/p>\n<p>\u201cTiempo entre costuras\u201d nos deja a Sira en el final de la Segunda Guerra Mundial. Ahora. aparece en pareja, al principio de esta nueva etapa con Marcus Logan, y luego de un periodo de crisis, vamos a encontrar una mujer convertida en madre, pero esa circunstancia, si bien la cambia sustancialmente en algunas formas, ella \u201csigue siendo la misma mujer de siempre con m\u00e1s mundo en sus espaldas\u201d. Las experiencias duras y turbulentas que ha tenido que sobrellevar, le permiten conformar una nueva mujer que busca tener una presencia activa, encontrando nuevas facetas. Es una hero\u00edna at\u00edpica, porque de no tener grandes aspiraciones, ni objetivos vitales que la movilizaran, a ella le fueron llegando circunstancias adversas a lo largo de su camino. Sira Quiroga quiere encontrar su lugar en el mundo y de esa manera se va construyendo pasito a paso, porque sigue teniendo sus miedos, sus incertidumbres, sus momentos de flaqueza como los tenemos todos a diario<\/p>\n<p>La protagonista, saca agallas, coraje, valent\u00eda, y es reflexiva cuando la circunstancia lo amerita Es una continuidad del personaje del \u201ctiempo entre costuras\u201d, sin alterar su esencia. Sira es una mujer que no para de crecer, que no deja\u00a0 de desdoblarse en facetas diferentes, y que no se resigna a dejar de ser cautivadora y atractiva.<\/p>\n<p><strong>El argumento: una novela donde hay amor, asesinatos, desarrollados en unos escenarios fant\u00e1sticos <\/strong><\/p>\n<p>La novela est\u00e1 secuenciada en cuatro partes muy independientes del \u201dtiempo entre\u00a0 costuras\u201d, y se puede leer c\u00f3mo una novela nueva para quien se acerque al personaje por primera vez. Los cuatro segmentos est\u00e1n marcados por una diferenciaci\u00f3n de los\u00a0 territorios donde se producen los acontecimientos.<\/p>\n<p>Arranca la novela con Sira y Marcus en el escenario de Jerusal\u00e9n donde se est\u00e1 gestando el Estado de Israel. Es una zona donde hay una tensi\u00f3n creciente entre \u00e1rabes, jud\u00edos y brit\u00e1nicos. Es all\u00ed donde sufrir\u00e1 Sira todo tipo de adversidades.<\/p>\n<p>De ah\u00ed pasa a Londres, que est\u00e1 viviendo los momentos m\u00e1s complicados de la post guerra que acaba de terminar. La capital inglesa est\u00e1 empobrecida y desolada, triste y gris y es en ella donde se conectar\u00e1 con la BBC que ser\u00e1 el motivo para retornar a Madrid, tentada por la cadena noticiosa.<\/p>\n<p>Eva Per\u00f3n inicia en Espa\u00f1a la gira llamada \u201cArco Iris\u201d, con la cual se inyecta en la melanc\u00f3lica y desolada sociedad espa\u00f1ola c\u00f3mo un rayo de luz, llevando a los sufridos ib\u00e9ricos\u00a0 trigo y dinero para aliviar el mal momento.<\/p>\n<p>Espa\u00f1a la recibe como si fuera una actriz de Hollywood y le organizan un periplo agasajando su presencia. Sira tuvo la misi\u00f3n de acompa\u00f1ar, a la primera Dama argentina en ese recorrido.<\/p>\n<p>El \u00faltimo tramo de la novela se desarrolla en la ciudad de T\u00e1nger, donde aparece la millonaria americana B\u00e1rbara Hutton heredera de un emporio que impregna de lujos todo el desarrollo final de Sira.<\/p>\n<p>C\u00f3mo en todas sus novelas, Mar\u00eda Due\u00f1as, intercala personajes reales con otros que lo son de la ficci\u00f3n. En est\u00e1 particularmente es sorprendente lo bien documentada que se halla la visita de Evita a Espa\u00f1a, a la cual considera \u201cun personaje fascinante\u201d.<\/p>\n<p>\u201cHe intentado documentarme al m\u00e1ximo para conocer ese personaje que es absolutamente pol\u00edtico, con muchos blancos y yo he quedado absolutamente seducida por ella. Es una mujer con unas luces enormes y con unas sombras tambi\u00e9n enormes. Me llam\u00f3 la atenci\u00f3n lo joven que era cuando lleg\u00f3 a Espa\u00f1a, siendo casi una criatura, sin ninguna experiencia en pol\u00edtica, sin ninguna educaci\u00f3n formal\u00a0 y aun as\u00ed se desempe\u00f1\u00f3 como si toda su vida hubiese efectuado viajes de Estado.<\/p>\n<p>\u201cHe le\u00eddo much\u00edsimo sobre Evita, y contado con asesoramiento desde Argentina porque no quer\u00eda meterme en pantanos complejos, porque sigue siendo un personaje muy vivo a pesar de que hace tant\u00edsimos a\u00f1os que ha muerto y ha sido muy interesante reconstruirla\u201d<\/p>\n<p>\u201cEs la mejor parte\u201d, destaca la escritora, cuando empieza a componer una novela, porque\u00a0 lo primero que realiza es un acopio de libros y de materiales que muchos de ellos ha comprado de segunda mano. Esa producci\u00f3n previa la disfruta enormemente, pero en alg\u00fan momento tiene la obligaci\u00f3n de detenerse porque ella solo tiene que escribir una ficci\u00f3n.<\/p>\n<p>Sira se va a reencontrar en su novela con su padre en Madrid, Gonzalo Alvarado, con su madre, asimismo con Candelaria, la patera que est\u00e1 de capa ca\u00edda, y su vecino F\u00e9lix Aranda que era una especie de Pigmali\u00f3n, quien le ense\u00f1\u00f3 a desplazarse por el mundo.<\/p>\n<p>En el libro, vamos a encontrar una protagonista m\u00e1s madura, que tiene m\u00e1s bagaje vital, con m\u00e1s experiencia, con una sensibilidad especial por el hecho de ser madre, pero por lo dem\u00e1s conserva su carisma, preserva el encanto que siempre tuvo y custodia la capacidad para reinventarse de alguna manera a s\u00ed misma. \u201cEs una hero\u00edna a contracorriente\u201d.<\/p>\n<p>Cuando Due\u00f1as escribi\u00f3 su primer libro ten\u00eda 45 a\u00f1os, y solo pretend\u00eda realizar alguna actividad que la sacara de lo cotidiano, pero sin abandonar su trabajo como profesora de Filolog\u00eda Inglesa en la Universidad de Murcia. Era una persona an\u00f3nima, salvo en los claustros acad\u00e9micos. Su primera novela ya lleva m\u00e1s de 70 ediciones.<\/p>\n<p>Pasaron 12 a\u00f1os y partiendo de la fascinaci\u00f3n que T\u00e1nger le provoca a Due\u00f1as es que le vuelve a dar una oportunidad a Sira. Afirma la autora que: \u201cHoy, las mujeres que escribimos estamos en una posici\u00f3n bastante mejor que antes, y damos peque\u00f1os pasos, a\u00f1o tras a\u00f1o, en una direcci\u00f3n favorable\u201d.<\/p>\n<p>\u201cHace doce a\u00f1os, que escribieras siendo mujer, a trav\u00e9s de una voz de mujer, con una mujer en la portada, te encasillan\u201d, sostiene la autora de Sira que intenta escribir \u201ccon mi mirada de mujer\u201d.<\/p>\n<p>&nbsp;<\/p>\n<p>(*) Columnista de <a href=\"https:\/\/diariofemenino.com.ar\/\">Diario Digital Femenino<\/a><br \/>\n<u><a href=\"mailto:danielhsaban@hotmail.com\">danielhsaban@hotmail.com<\/a><\/u><\/p>\n<p>&nbsp;<\/p>\n","protected":false},"excerpt":{"rendered":"<p>\u201cHan pasado doce a\u00f1os desde que se public\u00f3 &#8216;El Tiempo entre Costuras&#8217;. Recuperar el personaje para esta novela ha sido fascinante\u201d, admite Maria Due\u00f1as. Jerusal\u00e9n bajo el Mandato Brit\u00e1nico, Londres despu\u00e9s de la segunda guerra mundial, Madrid recibiendo a Eva Per\u00f3n y una T\u00e1nger donde B\u00e1rbara Hutton, deslumbra con sus extravagancias, son los escenarios que [&hellip;]<\/p>\n","protected":false},"author":4,"featured_media":57564,"comment_status":"open","ping_status":"open","sticky":false,"template":"","format":"standard","meta":{"iawp_total_views":39,"footnotes":""},"categories":[1067,6,21],"tags":[4387,4388],"class_list":["post-57561","post","type-post","status-publish","format-standard","has-post-thumbnail","hentry","category-agenda-feminista","category-articulos","category-noticias","tag-maria-duenas","tag-sira"],"nelio_content":{"autoShareEndMode":"never","automationSources":{"useCustomSentences":false,"customSentences":[]},"efiAlt":"","efiUrl":"","followers":[4],"highlights":[],"isAutoShareEnabled":true,"networkImageIds":[],"permalinkQueryArgs":[],"series":[],"suggestedReferences":[]},"yoast_head":"<!-- This site is optimized with the Yoast SEO plugin v27.5 - https:\/\/yoast.com\/product\/yoast-seo-wordpress\/ -->\n<title>\u201cSira\u201d, vuelve a hacer costuras - Diario Digital Femenino<\/title>\n<meta name=\"robots\" content=\"index, follow, max-snippet:-1, max-image-preview:large, max-video-preview:-1\" \/>\n<link rel=\"canonical\" href=\"https:\/\/diariofemenino.com.ar\/df\/sira-vuelve-a-hacer-costuras\/\" \/>\n<meta property=\"og:locale\" content=\"es_ES\" \/>\n<meta property=\"og:type\" content=\"article\" \/>\n<meta property=\"og:title\" content=\"\u201cSira\u201d, vuelve a hacer costuras - Diario Digital Femenino\" \/>\n<meta property=\"og:description\" content=\"\u201cHan pasado doce a\u00f1os desde que se public\u00f3 &#8216;El Tiempo entre Costuras&#8217;. Recuperar el personaje para esta novela ha sido fascinante\u201d, admite Maria Due\u00f1as. Jerusal\u00e9n bajo el Mandato Brit\u00e1nico, Londres despu\u00e9s de la segunda guerra mundial, Madrid recibiendo a Eva Per\u00f3n y una T\u00e1nger donde B\u00e1rbara Hutton, deslumbra con sus extravagancias, son los escenarios que [&hellip;]\" \/>\n<meta property=\"og:url\" content=\"https:\/\/diariofemenino.com.ar\/df\/sira-vuelve-a-hacer-costuras\/\" \/>\n<meta property=\"og:site_name\" content=\"Diario Digital Femenino\" \/>\n<meta property=\"article:publisher\" content=\"https:\/\/www.facebook.com\/DiarioDigitaFemenino\/\" \/>\n<meta property=\"article:published_time\" content=\"2021-04-27T15:36:11+00:00\" \/>\n<meta property=\"article:modified_time\" content=\"2021-04-29T15:45:18+00:00\" \/>\n<meta property=\"og:image\" content=\"https:\/\/diariofemenino.com.ar\/df\/wp-content\/uploads\/2021\/04\/sira-3-768x432.png\" \/>\n\t<meta property=\"og:image:width\" content=\"768\" \/>\n\t<meta property=\"og:image:height\" content=\"432\" \/>\n\t<meta property=\"og:image:type\" content=\"image\/png\" \/>\n<meta name=\"author\" content=\"Admin\" \/>\n<meta name=\"twitter:card\" content=\"summary_large_image\" \/>\n<meta name=\"twitter:creator\" content=\"@DiarioFemenino1\" \/>\n<meta name=\"twitter:site\" content=\"@DiarioFemenino1\" \/>\n<meta name=\"twitter:label1\" content=\"Escrito por\" \/>\n\t<meta name=\"twitter:data1\" content=\"Admin\" \/>\n\t<meta name=\"twitter:label2\" content=\"Tiempo de lectura\" \/>\n\t<meta name=\"twitter:data2\" content=\"13 minutos\" \/>\n<script type=\"application\/ld+json\" class=\"yoast-schema-graph\">{\"@context\":\"https:\\\/\\\/schema.org\",\"@graph\":[{\"@type\":\"Article\",\"@id\":\"https:\\\/\\\/diariofemenino.com.ar\\\/df\\\/sira-vuelve-a-hacer-costuras\\\/#article\",\"isPartOf\":{\"@id\":\"https:\\\/\\\/diariofemenino.com.ar\\\/df\\\/sira-vuelve-a-hacer-costuras\\\/\"},\"author\":{\"name\":\"Admin\",\"@id\":\"https:\\\/\\\/diariofemenino.com.ar\\\/df\\\/#\\\/schema\\\/person\\\/bf6199e8158c657ea6f789b11ec85509\"},\"headline\":\"\u201cSira\u201d, vuelve a hacer costuras\",\"datePublished\":\"2021-04-27T15:36:11+00:00\",\"dateModified\":\"2021-04-29T15:45:18+00:00\",\"mainEntityOfPage\":{\"@id\":\"https:\\\/\\\/diariofemenino.com.ar\\\/df\\\/sira-vuelve-a-hacer-costuras\\\/\"},\"wordCount\":2507,\"commentCount\":0,\"publisher\":{\"@id\":\"https:\\\/\\\/diariofemenino.com.ar\\\/df\\\/#organization\"},\"image\":{\"@id\":\"https:\\\/\\\/diariofemenino.com.ar\\\/df\\\/sira-vuelve-a-hacer-costuras\\\/#primaryimage\"},\"thumbnailUrl\":\"https:\\\/\\\/diariofemenino.com.ar\\\/df\\\/wp-content\\\/uploads\\\/2021\\\/04\\\/sira-3-768x432.png\",\"keywords\":[\"Mar\u00eda Due\u00f1as\",\"Sira\"],\"articleSection\":[\"Agenda Feminista\",\"Mujeres en Palabras\",\"Noticias\"],\"inLanguage\":\"es\",\"potentialAction\":[{\"@type\":\"CommentAction\",\"name\":\"Comment\",\"target\":[\"https:\\\/\\\/diariofemenino.com.ar\\\/df\\\/sira-vuelve-a-hacer-costuras\\\/#respond\"]}]},{\"@type\":\"WebPage\",\"@id\":\"https:\\\/\\\/diariofemenino.com.ar\\\/df\\\/sira-vuelve-a-hacer-costuras\\\/\",\"url\":\"https:\\\/\\\/diariofemenino.com.ar\\\/df\\\/sira-vuelve-a-hacer-costuras\\\/\",\"name\":\"\u201cSira\u201d, vuelve a hacer costuras - Diario Digital Femenino\",\"isPartOf\":{\"@id\":\"https:\\\/\\\/diariofemenino.com.ar\\\/df\\\/#website\"},\"primaryImageOfPage\":{\"@id\":\"https:\\\/\\\/diariofemenino.com.ar\\\/df\\\/sira-vuelve-a-hacer-costuras\\\/#primaryimage\"},\"image\":{\"@id\":\"https:\\\/\\\/diariofemenino.com.ar\\\/df\\\/sira-vuelve-a-hacer-costuras\\\/#primaryimage\"},\"thumbnailUrl\":\"https:\\\/\\\/diariofemenino.com.ar\\\/df\\\/wp-content\\\/uploads\\\/2021\\\/04\\\/sira-3-768x432.png\",\"datePublished\":\"2021-04-27T15:36:11+00:00\",\"dateModified\":\"2021-04-29T15:45:18+00:00\",\"breadcrumb\":{\"@id\":\"https:\\\/\\\/diariofemenino.com.ar\\\/df\\\/sira-vuelve-a-hacer-costuras\\\/#breadcrumb\"},\"inLanguage\":\"es\",\"potentialAction\":[{\"@type\":\"ReadAction\",\"target\":[\"https:\\\/\\\/diariofemenino.com.ar\\\/df\\\/sira-vuelve-a-hacer-costuras\\\/\"]}]},{\"@type\":\"ImageObject\",\"inLanguage\":\"es\",\"@id\":\"https:\\\/\\\/diariofemenino.com.ar\\\/df\\\/sira-vuelve-a-hacer-costuras\\\/#primaryimage\",\"url\":\"https:\\\/\\\/diariofemenino.com.ar\\\/df\\\/wp-content\\\/uploads\\\/2021\\\/04\\\/sira-3-768x432.png\",\"contentUrl\":\"https:\\\/\\\/diariofemenino.com.ar\\\/df\\\/wp-content\\\/uploads\\\/2021\\\/04\\\/sira-3-768x432.png\",\"width\":768,\"height\":432},{\"@type\":\"BreadcrumbList\",\"@id\":\"https:\\\/\\\/diariofemenino.com.ar\\\/df\\\/sira-vuelve-a-hacer-costuras\\\/#breadcrumb\",\"itemListElement\":[{\"@type\":\"ListItem\",\"position\":1,\"name\":\"Portada\",\"item\":\"https:\\\/\\\/diariofemenino.com.ar\\\/df\\\/\"},{\"@type\":\"ListItem\",\"position\":2,\"name\":\"\u201cSira\u201d, vuelve a hacer costuras\"}]},{\"@type\":\"WebSite\",\"@id\":\"https:\\\/\\\/diariofemenino.com.ar\\\/df\\\/#website\",\"url\":\"https:\\\/\\\/diariofemenino.com.ar\\\/df\\\/\",\"name\":\"Diario Digital Femenino\",\"description\":\"Cuesti\u00f3n de G\u00e9nero\",\"publisher\":{\"@id\":\"https:\\\/\\\/diariofemenino.com.ar\\\/df\\\/#organization\"},\"potentialAction\":[{\"@type\":\"SearchAction\",\"target\":{\"@type\":\"EntryPoint\",\"urlTemplate\":\"https:\\\/\\\/diariofemenino.com.ar\\\/df\\\/?s={search_term_string}\"},\"query-input\":{\"@type\":\"PropertyValueSpecification\",\"valueRequired\":true,\"valueName\":\"search_term_string\"}}],\"inLanguage\":\"es\"},{\"@type\":\"Organization\",\"@id\":\"https:\\\/\\\/diariofemenino.com.ar\\\/df\\\/#organization\",\"name\":\"Diario Femenino\",\"url\":\"https:\\\/\\\/diariofemenino.com.ar\\\/df\\\/\",\"logo\":{\"@type\":\"ImageObject\",\"inLanguage\":\"es\",\"@id\":\"https:\\\/\\\/diariofemenino.com.ar\\\/df\\\/#\\\/schema\\\/logo\\\/image\\\/\",\"url\":\"https:\\\/\\\/diariofemenino.com.ar\\\/df\\\/wp-content\\\/uploads\\\/2018\\\/10\\\/logo.png\",\"contentUrl\":\"https:\\\/\\\/diariofemenino.com.ar\\\/df\\\/wp-content\\\/uploads\\\/2018\\\/10\\\/logo.png\",\"width\":500,\"height\":92,\"caption\":\"Diario Femenino\"},\"image\":{\"@id\":\"https:\\\/\\\/diariofemenino.com.ar\\\/df\\\/#\\\/schema\\\/logo\\\/image\\\/\"},\"sameAs\":[\"https:\\\/\\\/www.facebook.com\\\/DiarioDigitaFemenino\\\/\",\"https:\\\/\\\/x.com\\\/DiarioFemenino1\"]},{\"@type\":\"Person\",\"@id\":\"https:\\\/\\\/diariofemenino.com.ar\\\/df\\\/#\\\/schema\\\/person\\\/bf6199e8158c657ea6f789b11ec85509\",\"name\":\"Admin\",\"image\":{\"@type\":\"ImageObject\",\"inLanguage\":\"es\",\"@id\":\"https:\\\/\\\/diariofemenino.com.ar\\\/df\\\/wp-content\\\/uploads\\\/2018\\\/12\\\/favicon-150x150.jpg\",\"url\":\"https:\\\/\\\/diariofemenino.com.ar\\\/df\\\/wp-content\\\/uploads\\\/2018\\\/12\\\/favicon-150x150.jpg\",\"contentUrl\":\"https:\\\/\\\/diariofemenino.com.ar\\\/df\\\/wp-content\\\/uploads\\\/2018\\\/12\\\/favicon-150x150.jpg\",\"caption\":\"Admin\"},\"url\":\"https:\\\/\\\/diariofemenino.com.ar\\\/df\\\/author\\\/lenny\\\/\"}]}<\/script>\n<!-- \/ Yoast SEO plugin. -->","yoast_head_json":{"title":"\u201cSira\u201d, vuelve a hacer costuras - Diario Digital Femenino","robots":{"index":"index","follow":"follow","max-snippet":"max-snippet:-1","max-image-preview":"max-image-preview:large","max-video-preview":"max-video-preview:-1"},"canonical":"https:\/\/diariofemenino.com.ar\/df\/sira-vuelve-a-hacer-costuras\/","og_locale":"es_ES","og_type":"article","og_title":"\u201cSira\u201d, vuelve a hacer costuras - Diario Digital Femenino","og_description":"\u201cHan pasado doce a\u00f1os desde que se public\u00f3 &#8216;El Tiempo entre Costuras&#8217;. Recuperar el personaje para esta novela ha sido fascinante\u201d, admite Maria Due\u00f1as. Jerusal\u00e9n bajo el Mandato Brit\u00e1nico, Londres despu\u00e9s de la segunda guerra mundial, Madrid recibiendo a Eva Per\u00f3n y una T\u00e1nger donde B\u00e1rbara Hutton, deslumbra con sus extravagancias, son los escenarios que [&hellip;]","og_url":"https:\/\/diariofemenino.com.ar\/df\/sira-vuelve-a-hacer-costuras\/","og_site_name":"Diario Digital Femenino","article_publisher":"https:\/\/www.facebook.com\/DiarioDigitaFemenino\/","article_published_time":"2021-04-27T15:36:11+00:00","article_modified_time":"2021-04-29T15:45:18+00:00","og_image":[{"width":768,"height":432,"url":"https:\/\/diariofemenino.com.ar\/df\/wp-content\/uploads\/2021\/04\/sira-3-768x432.png","type":"image\/png"}],"author":"Admin","twitter_card":"summary_large_image","twitter_creator":"@DiarioFemenino1","twitter_site":"@DiarioFemenino1","twitter_misc":{"Escrito por":"Admin","Tiempo de lectura":"13 minutos"},"schema":{"@context":"https:\/\/schema.org","@graph":[{"@type":"Article","@id":"https:\/\/diariofemenino.com.ar\/df\/sira-vuelve-a-hacer-costuras\/#article","isPartOf":{"@id":"https:\/\/diariofemenino.com.ar\/df\/sira-vuelve-a-hacer-costuras\/"},"author":{"name":"Admin","@id":"https:\/\/diariofemenino.com.ar\/df\/#\/schema\/person\/bf6199e8158c657ea6f789b11ec85509"},"headline":"\u201cSira\u201d, vuelve a hacer costuras","datePublished":"2021-04-27T15:36:11+00:00","dateModified":"2021-04-29T15:45:18+00:00","mainEntityOfPage":{"@id":"https:\/\/diariofemenino.com.ar\/df\/sira-vuelve-a-hacer-costuras\/"},"wordCount":2507,"commentCount":0,"publisher":{"@id":"https:\/\/diariofemenino.com.ar\/df\/#organization"},"image":{"@id":"https:\/\/diariofemenino.com.ar\/df\/sira-vuelve-a-hacer-costuras\/#primaryimage"},"thumbnailUrl":"https:\/\/diariofemenino.com.ar\/df\/wp-content\/uploads\/2021\/04\/sira-3-768x432.png","keywords":["Mar\u00eda Due\u00f1as","Sira"],"articleSection":["Agenda Feminista","Mujeres en Palabras","Noticias"],"inLanguage":"es","potentialAction":[{"@type":"CommentAction","name":"Comment","target":["https:\/\/diariofemenino.com.ar\/df\/sira-vuelve-a-hacer-costuras\/#respond"]}]},{"@type":"WebPage","@id":"https:\/\/diariofemenino.com.ar\/df\/sira-vuelve-a-hacer-costuras\/","url":"https:\/\/diariofemenino.com.ar\/df\/sira-vuelve-a-hacer-costuras\/","name":"\u201cSira\u201d, vuelve a hacer costuras - Diario Digital Femenino","isPartOf":{"@id":"https:\/\/diariofemenino.com.ar\/df\/#website"},"primaryImageOfPage":{"@id":"https:\/\/diariofemenino.com.ar\/df\/sira-vuelve-a-hacer-costuras\/#primaryimage"},"image":{"@id":"https:\/\/diariofemenino.com.ar\/df\/sira-vuelve-a-hacer-costuras\/#primaryimage"},"thumbnailUrl":"https:\/\/diariofemenino.com.ar\/df\/wp-content\/uploads\/2021\/04\/sira-3-768x432.png","datePublished":"2021-04-27T15:36:11+00:00","dateModified":"2021-04-29T15:45:18+00:00","breadcrumb":{"@id":"https:\/\/diariofemenino.com.ar\/df\/sira-vuelve-a-hacer-costuras\/#breadcrumb"},"inLanguage":"es","potentialAction":[{"@type":"ReadAction","target":["https:\/\/diariofemenino.com.ar\/df\/sira-vuelve-a-hacer-costuras\/"]}]},{"@type":"ImageObject","inLanguage":"es","@id":"https:\/\/diariofemenino.com.ar\/df\/sira-vuelve-a-hacer-costuras\/#primaryimage","url":"https:\/\/diariofemenino.com.ar\/df\/wp-content\/uploads\/2021\/04\/sira-3-768x432.png","contentUrl":"https:\/\/diariofemenino.com.ar\/df\/wp-content\/uploads\/2021\/04\/sira-3-768x432.png","width":768,"height":432},{"@type":"BreadcrumbList","@id":"https:\/\/diariofemenino.com.ar\/df\/sira-vuelve-a-hacer-costuras\/#breadcrumb","itemListElement":[{"@type":"ListItem","position":1,"name":"Portada","item":"https:\/\/diariofemenino.com.ar\/df\/"},{"@type":"ListItem","position":2,"name":"\u201cSira\u201d, vuelve a hacer costuras"}]},{"@type":"WebSite","@id":"https:\/\/diariofemenino.com.ar\/df\/#website","url":"https:\/\/diariofemenino.com.ar\/df\/","name":"Diario Digital Femenino","description":"Cuesti\u00f3n de G\u00e9nero","publisher":{"@id":"https:\/\/diariofemenino.com.ar\/df\/#organization"},"potentialAction":[{"@type":"SearchAction","target":{"@type":"EntryPoint","urlTemplate":"https:\/\/diariofemenino.com.ar\/df\/?s={search_term_string}"},"query-input":{"@type":"PropertyValueSpecification","valueRequired":true,"valueName":"search_term_string"}}],"inLanguage":"es"},{"@type":"Organization","@id":"https:\/\/diariofemenino.com.ar\/df\/#organization","name":"Diario Femenino","url":"https:\/\/diariofemenino.com.ar\/df\/","logo":{"@type":"ImageObject","inLanguage":"es","@id":"https:\/\/diariofemenino.com.ar\/df\/#\/schema\/logo\/image\/","url":"https:\/\/diariofemenino.com.ar\/df\/wp-content\/uploads\/2018\/10\/logo.png","contentUrl":"https:\/\/diariofemenino.com.ar\/df\/wp-content\/uploads\/2018\/10\/logo.png","width":500,"height":92,"caption":"Diario Femenino"},"image":{"@id":"https:\/\/diariofemenino.com.ar\/df\/#\/schema\/logo\/image\/"},"sameAs":["https:\/\/www.facebook.com\/DiarioDigitaFemenino\/","https:\/\/x.com\/DiarioFemenino1"]},{"@type":"Person","@id":"https:\/\/diariofemenino.com.ar\/df\/#\/schema\/person\/bf6199e8158c657ea6f789b11ec85509","name":"Admin","image":{"@type":"ImageObject","inLanguage":"es","@id":"https:\/\/diariofemenino.com.ar\/df\/wp-content\/uploads\/2018\/12\/favicon-150x150.jpg","url":"https:\/\/diariofemenino.com.ar\/df\/wp-content\/uploads\/2018\/12\/favicon-150x150.jpg","contentUrl":"https:\/\/diariofemenino.com.ar\/df\/wp-content\/uploads\/2018\/12\/favicon-150x150.jpg","caption":"Admin"},"url":"https:\/\/diariofemenino.com.ar\/df\/author\/lenny\/"}]}},"jetpack_featured_media_url":"https:\/\/diariofemenino.com.ar\/df\/wp-content\/uploads\/2021\/04\/sira-3-768x432.png","jetpack_sharing_enabled":true,"rttpg_featured_image_url":{"full":["https:\/\/diariofemenino.com.ar\/df\/wp-content\/uploads\/2021\/04\/sira-3-768x432.png",768,432,false],"landscape":["https:\/\/diariofemenino.com.ar\/df\/wp-content\/uploads\/2021\/04\/sira-3-768x432.png",768,432,false],"portraits":["https:\/\/diariofemenino.com.ar\/df\/wp-content\/uploads\/2021\/04\/sira-3-768x432.png",768,432,false],"thumbnail":["https:\/\/diariofemenino.com.ar\/df\/wp-content\/uploads\/2021\/04\/sira-3-768x432-150x150.png",150,150,true],"medium":["https:\/\/diariofemenino.com.ar\/df\/wp-content\/uploads\/2021\/04\/sira-3-768x432-300x169.png",300,169,true],"large":["https:\/\/diariofemenino.com.ar\/df\/wp-content\/uploads\/2021\/04\/sira-3-768x432.png",768,432,false],"1536x1536":["https:\/\/diariofemenino.com.ar\/df\/wp-content\/uploads\/2021\/04\/sira-3-768x432.png",768,432,false],"2048x2048":["https:\/\/diariofemenino.com.ar\/df\/wp-content\/uploads\/2021\/04\/sira-3-768x432.png",768,432,false]},"rttpg_author":{"display_name":"Admin","author_link":"https:\/\/diariofemenino.com.ar\/df\/author\/lenny\/"},"rttpg_comment":0,"rttpg_category":"<a href=\"https:\/\/diariofemenino.com.ar\/df\/category\/agenda-feminista\/\" rel=\"category tag\">Agenda Feminista<\/a> <a href=\"https:\/\/diariofemenino.com.ar\/df\/category\/articulos\/\" rel=\"category tag\">Mujeres en Palabras<\/a> <a href=\"https:\/\/diariofemenino.com.ar\/df\/category\/noticias\/\" rel=\"category tag\">Noticias<\/a>","rttpg_excerpt":"\u201cHan pasado doce a\u00f1os desde que se public\u00f3 &#8216;El Tiempo entre Costuras&#8217;. Recuperar el personaje para esta novela ha sido fascinante\u201d, admite Maria Due\u00f1as. Jerusal\u00e9n bajo el Mandato Brit\u00e1nico, Londres despu\u00e9s de la segunda guerra mundial, Madrid recibiendo a Eva Per\u00f3n y una T\u00e1nger donde B\u00e1rbara Hutton, deslumbra con sus extravagancias, son los escenarios que&hellip;","_links":{"self":[{"href":"https:\/\/diariofemenino.com.ar\/df\/wp-json\/wp\/v2\/posts\/57561","targetHints":{"allow":["GET"]}}],"collection":[{"href":"https:\/\/diariofemenino.com.ar\/df\/wp-json\/wp\/v2\/posts"}],"about":[{"href":"https:\/\/diariofemenino.com.ar\/df\/wp-json\/wp\/v2\/types\/post"}],"author":[{"embeddable":true,"href":"https:\/\/diariofemenino.com.ar\/df\/wp-json\/wp\/v2\/users\/4"}],"replies":[{"embeddable":true,"href":"https:\/\/diariofemenino.com.ar\/df\/wp-json\/wp\/v2\/comments?post=57561"}],"version-history":[{"count":0,"href":"https:\/\/diariofemenino.com.ar\/df\/wp-json\/wp\/v2\/posts\/57561\/revisions"}],"wp:featuredmedia":[{"embeddable":true,"href":"https:\/\/diariofemenino.com.ar\/df\/wp-json\/wp\/v2\/media\/57564"}],"wp:attachment":[{"href":"https:\/\/diariofemenino.com.ar\/df\/wp-json\/wp\/v2\/media?parent=57561"}],"wp:term":[{"taxonomy":"category","embeddable":true,"href":"https:\/\/diariofemenino.com.ar\/df\/wp-json\/wp\/v2\/categories?post=57561"},{"taxonomy":"post_tag","embeddable":true,"href":"https:\/\/diariofemenino.com.ar\/df\/wp-json\/wp\/v2\/tags?post=57561"}],"curies":[{"name":"wp","href":"https:\/\/api.w.org\/{rel}","templated":true}]}}