{"id":57524,"date":"2021-04-19T12:16:48","date_gmt":"2021-04-19T15:16:48","guid":{"rendered":"https:\/\/diariofemenino.com.ar\/dfn\/?p=57524"},"modified":"2021-04-29T12:47:16","modified_gmt":"2021-04-29T15:47:16","slug":"deberan-otorgar-una-pension-no-contributiva-a-persona-trans-imposibilitada-de-acceder-al-mercado-laboral","status":"publish","type":"post","link":"https:\/\/diariofemenino.com.ar\/df\/deberan-otorgar-una-pension-no-contributiva-a-persona-trans-imposibilitada-de-acceder-al-mercado-laboral\/","title":{"rendered":"Deber\u00e1n otorgar una pensi\u00f3n no contributiva a persona trans imposibilitada de acceder al mercado laboral"},"content":{"rendered":"<p>Deber\u00e1n otorgar una pensi\u00f3n no contributiva<\/p>\n<p style=\"font-weight: 400;\"><b><strong>La sala B de la C\u00e1mara Federal de C\u00f3rdoba le <a href=\"https:\/\/www.erreius.com\/opinion\/2\/laboral-y-de-la-seguridad-social\/Nota\/483\/deberan-otorgar-una-pension-no-contributiva-a-persona-trans-imposibilitada-de-acceder-al-mercado-laboral?fbclid=IwAR3vYGxPDmLDJqPjvEraaFMlKchZWut-IoPh5FYLR1tMYg-96EXnLIeksvg\">orden\u00f3<\/a> al Estado Nacional (a trav\u00e9s de la Agencia Nacional de Discapacidad) que liquide y efectivice la pensi\u00f3n no contributiva a una mujer <a href=\"https:\/\/diariofemenino.com.ar\/aprobaron-por-unanimidad-la-inclusion-laboral-para-personas-trans\/\">transexual<\/a>, de forma retroactiva al inicio del tr\u00e1mite administrativo<\/strong><\/b>.<\/p>\n<p style=\"font-weight: 400;\">En el caso \u201c<a href=\"https:\/\/www.errepar.com\/resources\/NuevoPortalERREIUS\/RecursosExternos\/OBN.pdf\"><b><strong>O., B. N. c\/ Estado Nacional \u2013 Agencia Nac. de Discapac. s\/ amparo ley 16.986<\/strong><\/b><\/a>\u201d, la actora refiri\u00f3 que \u201c<b><strong><em>es una persona trans que padece HIV y que es trabajadora sexual porque no ha tenido posibilidad de acceder al mercado laboral formal. En consecuencia, resulta ser una persona objetivamente vulnerable en los t\u00e9rminos de la Reglas de Brasilia y con desventaja considerable para integrarse social y laboralmente a la comunidad<\/em><\/strong><\/b>\u201d.<\/p>\n<p style=\"font-weight: 400;\">El juez de primera instancia rechaz\u00f3 la acci\u00f3n fundamentando que\u00a0<b><strong>no estaba probado el porcentaje de incapacidad laboral del 76% que prev\u00e9 la normativa aplicable, a los fines de acceder a este tipo de beneficios de la seguridad social<\/strong><\/b>.<\/p>\n<p style=\"font-weight: 400;\">Al apelar la sentencia, la actora se agravi\u00f3, entre otras cuestiones, por entender que\u00a0<b><strong>no se juzg\u00f3 su caso con perspectiva de g\u00e9nero<\/strong><\/b>\u00a0y que, por el contrario, se utilizaron expresiones y argumentos en el sentido opuesto y te\u00f1idos de un sesgo discriminatorio y contrario a la m\u00e1s reciente jurisprudencia aplicable en la materia.<\/p>\n<p style=\"font-weight: 400;\">En tanto,\u00a0<b><strong>la demandada solicit\u00f3 el rechazo de los agravios manifestados reiterando que la actora no ha cumplido ni acreditado el \u00faltimo requisito del art. 9 de la ley 13.478: la imposibilidad de trabajar<\/strong><\/b>. Agrega que el hecho de encontrarse infectada con HIV no necesariamente acarrea una incapacidad total y permanente.<\/p>\n<p style=\"font-weight: 400;\">La\u00a0<b><strong>sala B de la C\u00e1mara Federal de C\u00f3rdoba resolvi\u00f3 hacer lugar al recurso de apelaci\u00f3n interpuesto y, en consecuencia, revoc\u00f3 la decisi\u00f3n de primera instancia<\/strong><\/b>.<\/p>\n<p style=\"font-weight: 400;\">Los magistrados consideraron que, aun con los avances normativos en la materia, las personas travestis, transexuales y transg\u00e9nero contin\u00faan teniendo dificultades para disfrutar del efectivo ejercicio del derecho a la salud, a la educaci\u00f3n, a una vivienda digna, a condiciones equitativas y satisfactorias de trabajo, as\u00ed como tambi\u00e9n a la protecci\u00f3n frente al desempleo, sin discriminaci\u00f3n alguna.<\/p>\n<p style=\"font-weight: 400;\">\u201c<em>Atento a que el ejercicio de\u00a0<b><strong>los derechos de las personas travestis, transexuales y transg\u00e9nero se ve obstaculizado por un patr\u00f3n sistem\u00e1tico de desigualdad que afecta particularmente a este colectivo, la cadena de exclusiones y discriminaci\u00f3n que sufren desde la ni\u00f1ez incide directamente en su capacidad de gozar plenamente de los derechos humanos que poseen<\/strong><\/b>, por lo que resulta necesario impulsar medidas que busquen la reducci\u00f3n de la desigualdad que provoca esta situaci\u00f3n hasta lograr, en un futuro, su total eliminaci\u00f3n<\/em>\u201d sostuvieron los camaristas.<\/p>\n<p style=\"font-weight: 400;\">Y se\u00f1alaron que \u201c<em>no debe perderse de vista que la necesidad de abordar los casos con perspectiva de g\u00e9nero que aparece en la jurisprudencia de la Corte Suprema de Justicia de la Naci\u00f3n, se deriva de los compromisos internacionales asumidos por el Estado argentino relativos a las declaraciones sobre derechos humanos, a los est\u00e1ndares internacionales fijados por los respectivos \u00f3rganos de aplicaci\u00f3n y control, y a la normativa nacional existente, que les otorga car\u00e1cter constitucional<\/em>\u201d.<\/p>\n<p style=\"font-weight: 400;\">\u201c<em>Juzgar con perspectiva de g\u00e9nero no resulta una &#8216;opci\u00f3n&#8217; y mucho menos una &#8216;cuesti\u00f3n&#8217; que debe ser introducida o solicitada en la demanda.\u00a0<b><strong>Juzgar con perspectiva de g\u00e9nero es un imperativo moral y \u00e9tico que ha sido instituido y reglamentado internacionalmente y al cual nuestro pa\u00eds ha adherido por resultar indispensable a los fines de alcanzar un par\u00e1metro de justicia que no se quede solo en la letra de la ley sino que trascienda hacia los justiciables en concreto<\/strong><\/b><\/em>\u201d, agregaron.<\/p>\n<figure id=\"attachment_57451\" aria-describedby=\"caption-attachment-57451\" style=\"width: 760px\" class=\"wp-caption aligncenter\"><img loading=\"lazy\" decoding=\"async\" class=\"size-full wp-image-57451\" src=\"https:\/\/diariofemenino.com.ar\/df\/wp-content\/uploads\/2021\/04\/483.png\" alt=\"Deber\u00e1n otorgar una pensi\u00f3n no contributiva a persona trans imposibilitada de acceder al mercado laboral\" width=\"760\" height=\"320\" \/><figcaption id=\"caption-attachment-57451\" class=\"wp-caption-text\">Deber\u00e1n otorgar una pensi\u00f3n no contributiva a persona trans imposibilitada de acceder al mercado laboral<\/figcaption><\/figure>\n<p style=\"font-weight: 400;\">Es por ello que consideraron que el argumento sostenido por la demandada consistente en que la \u201ccuesti\u00f3n de g\u00e9nero\u201d no fue introducida en la demanda, no pod\u00eda tener asidero alguno en el presente caso.<\/p>\n<p style=\"font-weight: 400;\"><em>\u201cNo debe soslayarse que la vulnerabilidad y la necesidad de que el Estado procure la efectividad en la realizaci\u00f3n de los derechos humanos de la amparista, se ve exacerbada por la situaci\u00f3n que se vive en el pa\u00eds y en el mundo como consecuencia de la pandemia causada por el virus Covid-19<\/em>\u201d, explicaron.<\/p>\n<p style=\"font-weight: 400;\">A tal fin, se\u00f1alaron que \u201c<em>la Comisi\u00f3n Interamericana de Derechos Humanos ha se\u00f1alado que &#8216;al momento de emitir medidas de emergencia y contenci\u00f3n frente a la pandemia del COVID-19, los Estados de la regi\u00f3n deben brindar y aplicar perspectivas interseccionales y prestar especial atenci\u00f3n a las necesidades y al impacto diferenciado de dichas medidas en los derechos humanos de los grupos hist\u00f3ricamente excluidos o en especial riesgo, tales como: personas mayores y personas de cualquier edad que tienen afecciones m\u00e9dicas preexistentes, personas privadas de libertad, mujeres, pueblos ind\u00edgenas, personas en situaci\u00f3n de movilidad humana, ni\u00f1as, ni\u00f1os adolescentes, personas LGBTI, personas afrodescendientes, personas con discapacidad, personas trabajadoras, y personas que viven en pobreza y pobreza extrema, especialmente personas trabajadoras informales y personas en situaci\u00f3n de calle; as\u00ed como en las defensoras y defensores de derechos humanos, l\u00edderes sociales, profesionales de la salud y periodistas&#8217; (CIDH, resoluci\u00f3n n\u00b0 1\/2020)<\/em>\u201d.<\/p>\n<p style=\"font-weight: 400;\">\u201c<em>No es posible sustraerse de considerar que, m\u00e1s all\u00e1 de los deseos y la voluntad de la actora de conseguir un empleo en el mercado laboral formal, su\u00a0<b><strong>situaci\u00f3n de marcada vulnerabilidad minimiza las posibilidades de acceso a dicho mercado laboral al punto tal de resultar las mismas inexistentes en la realidad<\/strong><\/b><\/em>\u201d, explicaron.<\/p>\n<p style=\"font-weight: 400;\">Luego remarcaron que \u201c<em><b><strong>la actora debi\u00f3 ejercer la prostituci\u00f3n como modo de subsistencia<\/strong><\/b>\u201d\u00a0<\/em>lo que<em>\u00a0\u201cla expuso a complejas situaciones de riesgo y violencia f\u00edsica y psicol\u00f3gica\u201d. \u201cSurge de manera palmaria la\u00a0<b><strong>realidad desesperanzada en la cual se encuentra inmersa la actora producto de la precarizaci\u00f3n laboral y de la discriminaci\u00f3n y el sesgo que sufre como consecuencia de su identidad sexual y de las patolog\u00edas m\u00e9dicas que padece<\/strong><\/b><\/em>\u201d, agregaron.<\/p>\n<p style=\"font-weight: 400;\">En este punto, recordaron el fallo de la Corte Suprema \u201cAsociaci\u00f3n Lucha por la Identidad Travesti \u2013 Transexual c\/Inspecci\u00f3n General de Justicia\u201d, en el que se sostuvo que\u00a0\u00a0\u201c<em>como resultado de los prejuicios y la discriminaci\u00f3n que les priva de fuentes de trabajo, tales personas se encuentran pr\u00e1cticamente condenadas a condiciones de marginaci\u00f3n, que se agravan en los numerosos casos de pertenencia a los sectores m\u00e1s desfavorecidos de la poblaci\u00f3n, con consecuencias nefastas para su calidad de vida y su salud, registrando altas tasas de mortalidad, todo lo cual se encuentra verificado en investigaciones de campo<\/em>\u201d.<\/p>\n<p style=\"font-weight: 400;\">Sobre la\u00a0<b><strong>incapacidad laboral<\/strong><\/b>\u00a0explicaron que \u201c<em>debe, en ciertos casos, analizarse desde una<b><strong>\u00a0\u00f3ptica integral considerando la realidad de la persona que solicita la tutela del Estado como un todo<\/strong><\/b>, y dirimir si, frente a esta realidad existe una posibilidad cierta de acceder al mercado laboral formal a los fines de obtener el propio sustento econ\u00f3mico<\/em>\u201d.<\/p>\n<p style=\"font-weight: 400;\">En este marco, indicaron que \u201c<em>debe ponderarse no solo la\u00a0<b><strong>incapacidad f\u00edsica de la persona sino tambi\u00e9n la incapacidad social<\/strong><\/b>\u00a0ya que, encontr\u00e1ndose inmersa en una sociedad que la excluye por su identidad de g\u00e9nero y las condiciones m\u00e9dicas que la aquejan, dif\u00edcilmente podr\u00e1 acceder al mercado laboral que tanto ans\u00eda con independencia de su voluntad de hacerlo<\/em>\u201d.<\/p>\n<p style=\"font-weight: 400;\">As\u00ed, el argumento expuesto, tanto por la demandada como por el juez de primera instancia, referido a que la amparista no ha probado verse impedida de trabajar por no acreditar el porcentaje m\u00ednimo de incapacidad f\u00edsica, no resultaba suficiente a los fines de dirimir acerca del rechazo de su pedido.<\/p>\n<p style=\"font-weight: 400;\"><b><strong>En funci\u00f3n de lo expuesto, considerando la situaci\u00f3n de pandemia por el virus Covid\u201319 que de por s\u00ed genera limitaciones en el acceso al mercado laboral, el estado de salud de la amparista conforme los informes m\u00e9dicos acompa\u00f1ados\u00a0y el estado de vulnerabilidad acreditado en el informe interdisciplinario, los jueces revocaron la resoluci\u00f3n apelada<\/strong><\/b>. (<a href=\"https:\/\/www.erreius.com\/\">Erreius<\/a>)<\/p>\n<p>&nbsp;<\/p>\n<p><a href=\"https:\/\/diariofemenino.com.ar\/\">Diario Digital Femenino<\/a><\/p>\n","protected":false},"excerpt":{"rendered":"<p>Deber\u00e1n otorgar una pensi\u00f3n no contributiva La sala B de la C\u00e1mara Federal de C\u00f3rdoba le orden\u00f3 al Estado Nacional (a trav\u00e9s de la Agencia Nacional de Discapacidad) que liquide y efectivice la pensi\u00f3n no contributiva a una mujer transexual, de forma retroactiva al inicio del tr\u00e1mite administrativo. En el caso \u201cO., B. N. c\/ [&hellip;]<\/p>\n","protected":false},"author":4,"featured_media":57529,"comment_status":"open","ping_status":"open","sticky":false,"template":"","format":"standard","meta":{"iawp_total_views":6,"footnotes":""},"categories":[1067,21],"tags":[4377,750],"class_list":["post-57524","post","type-post","status-publish","format-standard","has-post-thumbnail","hentry","category-agenda-feminista","category-noticias","tag-pension-no-contributiva","tag-personas-trans"],"nelio_content":{"autoShareEndMode":"never","automationSources":{"useCustomSentences":false,"customSentences":[]},"efiAlt":"","efiUrl":"","followers":[4],"highlights":[],"isAutoShareEnabled":true,"networkImageIds":[],"permalinkQueryArgs":[],"series":[],"suggestedReferences":[]},"yoast_head":"<!-- This site is optimized with the Yoast SEO plugin v27.5 - https:\/\/yoast.com\/product\/yoast-seo-wordpress\/ -->\n<title>Deber\u00e1n otorgar una pensi\u00f3n no contributiva a persona trans imposibilitada de acceder al mercado laboral - Diario Digital Femenino<\/title>\n<meta name=\"robots\" content=\"index, follow, max-snippet:-1, max-image-preview:large, max-video-preview:-1\" \/>\n<link rel=\"canonical\" href=\"https:\/\/diariofemenino.com.ar\/df\/deberan-otorgar-una-pension-no-contributiva-a-persona-trans-imposibilitada-de-acceder-al-mercado-laboral\/\" \/>\n<meta property=\"og:locale\" content=\"es_ES\" \/>\n<meta property=\"og:type\" content=\"article\" \/>\n<meta property=\"og:title\" content=\"Deber\u00e1n otorgar una pensi\u00f3n no contributiva a persona trans imposibilitada de acceder al mercado laboral - Diario Digital Femenino\" \/>\n<meta property=\"og:description\" content=\"Deber\u00e1n otorgar una pensi\u00f3n no contributiva La sala B de la C\u00e1mara Federal de C\u00f3rdoba le orden\u00f3 al Estado Nacional (a trav\u00e9s de la Agencia Nacional de Discapacidad) que liquide y efectivice la pensi\u00f3n no contributiva a una mujer transexual, de forma retroactiva al inicio del tr\u00e1mite administrativo. En el caso \u201cO., B. N. c\/ [&hellip;]\" \/>\n<meta property=\"og:url\" content=\"https:\/\/diariofemenino.com.ar\/df\/deberan-otorgar-una-pension-no-contributiva-a-persona-trans-imposibilitada-de-acceder-al-mercado-laboral\/\" \/>\n<meta property=\"og:site_name\" content=\"Diario Digital Femenino\" \/>\n<meta property=\"article:publisher\" content=\"https:\/\/www.facebook.com\/DiarioDigitaFemenino\/\" \/>\n<meta property=\"article:published_time\" content=\"2021-04-19T15:16:48+00:00\" \/>\n<meta property=\"article:modified_time\" content=\"2021-04-29T15:47:16+00:00\" \/>\n<meta property=\"og:image\" content=\"https:\/\/diariofemenino.com.ar\/df\/wp-content\/uploads\/2021\/04\/483.png\" \/>\n\t<meta property=\"og:image:width\" content=\"760\" \/>\n\t<meta property=\"og:image:height\" content=\"320\" \/>\n\t<meta property=\"og:image:type\" content=\"image\/png\" \/>\n<meta name=\"author\" content=\"Admin\" \/>\n<meta name=\"twitter:card\" content=\"summary_large_image\" \/>\n<meta name=\"twitter:creator\" content=\"@DiarioFemenino1\" \/>\n<meta name=\"twitter:site\" content=\"@DiarioFemenino1\" \/>\n<meta name=\"twitter:label1\" content=\"Escrito por\" \/>\n\t<meta name=\"twitter:data1\" content=\"Admin\" \/>\n\t<meta name=\"twitter:label2\" content=\"Tiempo de lectura\" \/>\n\t<meta name=\"twitter:data2\" content=\"7 minutos\" \/>\n<script type=\"application\/ld+json\" class=\"yoast-schema-graph\">{\"@context\":\"https:\\\/\\\/schema.org\",\"@graph\":[{\"@type\":\"Article\",\"@id\":\"https:\\\/\\\/diariofemenino.com.ar\\\/df\\\/deberan-otorgar-una-pension-no-contributiva-a-persona-trans-imposibilitada-de-acceder-al-mercado-laboral\\\/#article\",\"isPartOf\":{\"@id\":\"https:\\\/\\\/diariofemenino.com.ar\\\/df\\\/deberan-otorgar-una-pension-no-contributiva-a-persona-trans-imposibilitada-de-acceder-al-mercado-laboral\\\/\"},\"author\":{\"name\":\"Admin\",\"@id\":\"https:\\\/\\\/diariofemenino.com.ar\\\/df\\\/#\\\/schema\\\/person\\\/bf6199e8158c657ea6f789b11ec85509\"},\"headline\":\"Deber\u00e1n otorgar una pensi\u00f3n no contributiva a persona trans imposibilitada de acceder al mercado laboral\",\"datePublished\":\"2021-04-19T15:16:48+00:00\",\"dateModified\":\"2021-04-29T15:47:16+00:00\",\"mainEntityOfPage\":{\"@id\":\"https:\\\/\\\/diariofemenino.com.ar\\\/df\\\/deberan-otorgar-una-pension-no-contributiva-a-persona-trans-imposibilitada-de-acceder-al-mercado-laboral\\\/\"},\"wordCount\":1392,\"commentCount\":0,\"publisher\":{\"@id\":\"https:\\\/\\\/diariofemenino.com.ar\\\/df\\\/#organization\"},\"image\":{\"@id\":\"https:\\\/\\\/diariofemenino.com.ar\\\/df\\\/deberan-otorgar-una-pension-no-contributiva-a-persona-trans-imposibilitada-de-acceder-al-mercado-laboral\\\/#primaryimage\"},\"thumbnailUrl\":\"https:\\\/\\\/diariofemenino.com.ar\\\/df\\\/wp-content\\\/uploads\\\/2021\\\/04\\\/483.png\",\"keywords\":[\"Pensi\u00f3n no contributiva\",\"Personas Trans\"],\"articleSection\":[\"Agenda Feminista\",\"Noticias\"],\"inLanguage\":\"es\",\"potentialAction\":[{\"@type\":\"CommentAction\",\"name\":\"Comment\",\"target\":[\"https:\\\/\\\/diariofemenino.com.ar\\\/df\\\/deberan-otorgar-una-pension-no-contributiva-a-persona-trans-imposibilitada-de-acceder-al-mercado-laboral\\\/#respond\"]}]},{\"@type\":\"WebPage\",\"@id\":\"https:\\\/\\\/diariofemenino.com.ar\\\/df\\\/deberan-otorgar-una-pension-no-contributiva-a-persona-trans-imposibilitada-de-acceder-al-mercado-laboral\\\/\",\"url\":\"https:\\\/\\\/diariofemenino.com.ar\\\/df\\\/deberan-otorgar-una-pension-no-contributiva-a-persona-trans-imposibilitada-de-acceder-al-mercado-laboral\\\/\",\"name\":\"Deber\u00e1n otorgar una pensi\u00f3n no contributiva a persona trans imposibilitada de acceder al mercado laboral - Diario Digital Femenino\",\"isPartOf\":{\"@id\":\"https:\\\/\\\/diariofemenino.com.ar\\\/df\\\/#website\"},\"primaryImageOfPage\":{\"@id\":\"https:\\\/\\\/diariofemenino.com.ar\\\/df\\\/deberan-otorgar-una-pension-no-contributiva-a-persona-trans-imposibilitada-de-acceder-al-mercado-laboral\\\/#primaryimage\"},\"image\":{\"@id\":\"https:\\\/\\\/diariofemenino.com.ar\\\/df\\\/deberan-otorgar-una-pension-no-contributiva-a-persona-trans-imposibilitada-de-acceder-al-mercado-laboral\\\/#primaryimage\"},\"thumbnailUrl\":\"https:\\\/\\\/diariofemenino.com.ar\\\/df\\\/wp-content\\\/uploads\\\/2021\\\/04\\\/483.png\",\"datePublished\":\"2021-04-19T15:16:48+00:00\",\"dateModified\":\"2021-04-29T15:47:16+00:00\",\"breadcrumb\":{\"@id\":\"https:\\\/\\\/diariofemenino.com.ar\\\/df\\\/deberan-otorgar-una-pension-no-contributiva-a-persona-trans-imposibilitada-de-acceder-al-mercado-laboral\\\/#breadcrumb\"},\"inLanguage\":\"es\",\"potentialAction\":[{\"@type\":\"ReadAction\",\"target\":[\"https:\\\/\\\/diariofemenino.com.ar\\\/df\\\/deberan-otorgar-una-pension-no-contributiva-a-persona-trans-imposibilitada-de-acceder-al-mercado-laboral\\\/\"]}]},{\"@type\":\"ImageObject\",\"inLanguage\":\"es\",\"@id\":\"https:\\\/\\\/diariofemenino.com.ar\\\/df\\\/deberan-otorgar-una-pension-no-contributiva-a-persona-trans-imposibilitada-de-acceder-al-mercado-laboral\\\/#primaryimage\",\"url\":\"https:\\\/\\\/diariofemenino.com.ar\\\/df\\\/wp-content\\\/uploads\\\/2021\\\/04\\\/483.png\",\"contentUrl\":\"https:\\\/\\\/diariofemenino.com.ar\\\/df\\\/wp-content\\\/uploads\\\/2021\\\/04\\\/483.png\",\"width\":760,\"height\":320},{\"@type\":\"BreadcrumbList\",\"@id\":\"https:\\\/\\\/diariofemenino.com.ar\\\/df\\\/deberan-otorgar-una-pension-no-contributiva-a-persona-trans-imposibilitada-de-acceder-al-mercado-laboral\\\/#breadcrumb\",\"itemListElement\":[{\"@type\":\"ListItem\",\"position\":1,\"name\":\"Portada\",\"item\":\"https:\\\/\\\/diariofemenino.com.ar\\\/df\\\/\"},{\"@type\":\"ListItem\",\"position\":2,\"name\":\"Deber\u00e1n otorgar una pensi\u00f3n no contributiva a persona trans imposibilitada de acceder al mercado laboral\"}]},{\"@type\":\"WebSite\",\"@id\":\"https:\\\/\\\/diariofemenino.com.ar\\\/df\\\/#website\",\"url\":\"https:\\\/\\\/diariofemenino.com.ar\\\/df\\\/\",\"name\":\"Diario Digital Femenino\",\"description\":\"Cuesti\u00f3n de G\u00e9nero\",\"publisher\":{\"@id\":\"https:\\\/\\\/diariofemenino.com.ar\\\/df\\\/#organization\"},\"potentialAction\":[{\"@type\":\"SearchAction\",\"target\":{\"@type\":\"EntryPoint\",\"urlTemplate\":\"https:\\\/\\\/diariofemenino.com.ar\\\/df\\\/?s={search_term_string}\"},\"query-input\":{\"@type\":\"PropertyValueSpecification\",\"valueRequired\":true,\"valueName\":\"search_term_string\"}}],\"inLanguage\":\"es\"},{\"@type\":\"Organization\",\"@id\":\"https:\\\/\\\/diariofemenino.com.ar\\\/df\\\/#organization\",\"name\":\"Diario Femenino\",\"url\":\"https:\\\/\\\/diariofemenino.com.ar\\\/df\\\/\",\"logo\":{\"@type\":\"ImageObject\",\"inLanguage\":\"es\",\"@id\":\"https:\\\/\\\/diariofemenino.com.ar\\\/df\\\/#\\\/schema\\\/logo\\\/image\\\/\",\"url\":\"https:\\\/\\\/diariofemenino.com.ar\\\/df\\\/wp-content\\\/uploads\\\/2018\\\/10\\\/logo.png\",\"contentUrl\":\"https:\\\/\\\/diariofemenino.com.ar\\\/df\\\/wp-content\\\/uploads\\\/2018\\\/10\\\/logo.png\",\"width\":500,\"height\":92,\"caption\":\"Diario Femenino\"},\"image\":{\"@id\":\"https:\\\/\\\/diariofemenino.com.ar\\\/df\\\/#\\\/schema\\\/logo\\\/image\\\/\"},\"sameAs\":[\"https:\\\/\\\/www.facebook.com\\\/DiarioDigitaFemenino\\\/\",\"https:\\\/\\\/x.com\\\/DiarioFemenino1\"]},{\"@type\":\"Person\",\"@id\":\"https:\\\/\\\/diariofemenino.com.ar\\\/df\\\/#\\\/schema\\\/person\\\/bf6199e8158c657ea6f789b11ec85509\",\"name\":\"Admin\",\"image\":{\"@type\":\"ImageObject\",\"inLanguage\":\"es\",\"@id\":\"https:\\\/\\\/diariofemenino.com.ar\\\/df\\\/wp-content\\\/uploads\\\/2018\\\/12\\\/favicon-150x150.jpg\",\"url\":\"https:\\\/\\\/diariofemenino.com.ar\\\/df\\\/wp-content\\\/uploads\\\/2018\\\/12\\\/favicon-150x150.jpg\",\"contentUrl\":\"https:\\\/\\\/diariofemenino.com.ar\\\/df\\\/wp-content\\\/uploads\\\/2018\\\/12\\\/favicon-150x150.jpg\",\"caption\":\"Admin\"},\"url\":\"https:\\\/\\\/diariofemenino.com.ar\\\/df\\\/author\\\/lenny\\\/\"}]}<\/script>\n<!-- \/ Yoast SEO plugin. -->","yoast_head_json":{"title":"Deber\u00e1n otorgar una pensi\u00f3n no contributiva a persona trans imposibilitada de acceder al mercado laboral - Diario Digital Femenino","robots":{"index":"index","follow":"follow","max-snippet":"max-snippet:-1","max-image-preview":"max-image-preview:large","max-video-preview":"max-video-preview:-1"},"canonical":"https:\/\/diariofemenino.com.ar\/df\/deberan-otorgar-una-pension-no-contributiva-a-persona-trans-imposibilitada-de-acceder-al-mercado-laboral\/","og_locale":"es_ES","og_type":"article","og_title":"Deber\u00e1n otorgar una pensi\u00f3n no contributiva a persona trans imposibilitada de acceder al mercado laboral - Diario Digital Femenino","og_description":"Deber\u00e1n otorgar una pensi\u00f3n no contributiva La sala B de la C\u00e1mara Federal de C\u00f3rdoba le orden\u00f3 al Estado Nacional (a trav\u00e9s de la Agencia Nacional de Discapacidad) que liquide y efectivice la pensi\u00f3n no contributiva a una mujer transexual, de forma retroactiva al inicio del tr\u00e1mite administrativo. En el caso \u201cO., B. N. c\/ [&hellip;]","og_url":"https:\/\/diariofemenino.com.ar\/df\/deberan-otorgar-una-pension-no-contributiva-a-persona-trans-imposibilitada-de-acceder-al-mercado-laboral\/","og_site_name":"Diario Digital Femenino","article_publisher":"https:\/\/www.facebook.com\/DiarioDigitaFemenino\/","article_published_time":"2021-04-19T15:16:48+00:00","article_modified_time":"2021-04-29T15:47:16+00:00","og_image":[{"width":760,"height":320,"url":"https:\/\/diariofemenino.com.ar\/df\/wp-content\/uploads\/2021\/04\/483.png","type":"image\/png"}],"author":"Admin","twitter_card":"summary_large_image","twitter_creator":"@DiarioFemenino1","twitter_site":"@DiarioFemenino1","twitter_misc":{"Escrito por":"Admin","Tiempo de lectura":"7 minutos"},"schema":{"@context":"https:\/\/schema.org","@graph":[{"@type":"Article","@id":"https:\/\/diariofemenino.com.ar\/df\/deberan-otorgar-una-pension-no-contributiva-a-persona-trans-imposibilitada-de-acceder-al-mercado-laboral\/#article","isPartOf":{"@id":"https:\/\/diariofemenino.com.ar\/df\/deberan-otorgar-una-pension-no-contributiva-a-persona-trans-imposibilitada-de-acceder-al-mercado-laboral\/"},"author":{"name":"Admin","@id":"https:\/\/diariofemenino.com.ar\/df\/#\/schema\/person\/bf6199e8158c657ea6f789b11ec85509"},"headline":"Deber\u00e1n otorgar una pensi\u00f3n no contributiva a persona trans imposibilitada de acceder al mercado laboral","datePublished":"2021-04-19T15:16:48+00:00","dateModified":"2021-04-29T15:47:16+00:00","mainEntityOfPage":{"@id":"https:\/\/diariofemenino.com.ar\/df\/deberan-otorgar-una-pension-no-contributiva-a-persona-trans-imposibilitada-de-acceder-al-mercado-laboral\/"},"wordCount":1392,"commentCount":0,"publisher":{"@id":"https:\/\/diariofemenino.com.ar\/df\/#organization"},"image":{"@id":"https:\/\/diariofemenino.com.ar\/df\/deberan-otorgar-una-pension-no-contributiva-a-persona-trans-imposibilitada-de-acceder-al-mercado-laboral\/#primaryimage"},"thumbnailUrl":"https:\/\/diariofemenino.com.ar\/df\/wp-content\/uploads\/2021\/04\/483.png","keywords":["Pensi\u00f3n no contributiva","Personas Trans"],"articleSection":["Agenda Feminista","Noticias"],"inLanguage":"es","potentialAction":[{"@type":"CommentAction","name":"Comment","target":["https:\/\/diariofemenino.com.ar\/df\/deberan-otorgar-una-pension-no-contributiva-a-persona-trans-imposibilitada-de-acceder-al-mercado-laboral\/#respond"]}]},{"@type":"WebPage","@id":"https:\/\/diariofemenino.com.ar\/df\/deberan-otorgar-una-pension-no-contributiva-a-persona-trans-imposibilitada-de-acceder-al-mercado-laboral\/","url":"https:\/\/diariofemenino.com.ar\/df\/deberan-otorgar-una-pension-no-contributiva-a-persona-trans-imposibilitada-de-acceder-al-mercado-laboral\/","name":"Deber\u00e1n otorgar una pensi\u00f3n no contributiva a persona trans imposibilitada de acceder al mercado laboral - Diario Digital Femenino","isPartOf":{"@id":"https:\/\/diariofemenino.com.ar\/df\/#website"},"primaryImageOfPage":{"@id":"https:\/\/diariofemenino.com.ar\/df\/deberan-otorgar-una-pension-no-contributiva-a-persona-trans-imposibilitada-de-acceder-al-mercado-laboral\/#primaryimage"},"image":{"@id":"https:\/\/diariofemenino.com.ar\/df\/deberan-otorgar-una-pension-no-contributiva-a-persona-trans-imposibilitada-de-acceder-al-mercado-laboral\/#primaryimage"},"thumbnailUrl":"https:\/\/diariofemenino.com.ar\/df\/wp-content\/uploads\/2021\/04\/483.png","datePublished":"2021-04-19T15:16:48+00:00","dateModified":"2021-04-29T15:47:16+00:00","breadcrumb":{"@id":"https:\/\/diariofemenino.com.ar\/df\/deberan-otorgar-una-pension-no-contributiva-a-persona-trans-imposibilitada-de-acceder-al-mercado-laboral\/#breadcrumb"},"inLanguage":"es","potentialAction":[{"@type":"ReadAction","target":["https:\/\/diariofemenino.com.ar\/df\/deberan-otorgar-una-pension-no-contributiva-a-persona-trans-imposibilitada-de-acceder-al-mercado-laboral\/"]}]},{"@type":"ImageObject","inLanguage":"es","@id":"https:\/\/diariofemenino.com.ar\/df\/deberan-otorgar-una-pension-no-contributiva-a-persona-trans-imposibilitada-de-acceder-al-mercado-laboral\/#primaryimage","url":"https:\/\/diariofemenino.com.ar\/df\/wp-content\/uploads\/2021\/04\/483.png","contentUrl":"https:\/\/diariofemenino.com.ar\/df\/wp-content\/uploads\/2021\/04\/483.png","width":760,"height":320},{"@type":"BreadcrumbList","@id":"https:\/\/diariofemenino.com.ar\/df\/deberan-otorgar-una-pension-no-contributiva-a-persona-trans-imposibilitada-de-acceder-al-mercado-laboral\/#breadcrumb","itemListElement":[{"@type":"ListItem","position":1,"name":"Portada","item":"https:\/\/diariofemenino.com.ar\/df\/"},{"@type":"ListItem","position":2,"name":"Deber\u00e1n otorgar una pensi\u00f3n no contributiva a persona trans imposibilitada de acceder al mercado laboral"}]},{"@type":"WebSite","@id":"https:\/\/diariofemenino.com.ar\/df\/#website","url":"https:\/\/diariofemenino.com.ar\/df\/","name":"Diario Digital Femenino","description":"Cuesti\u00f3n de G\u00e9nero","publisher":{"@id":"https:\/\/diariofemenino.com.ar\/df\/#organization"},"potentialAction":[{"@type":"SearchAction","target":{"@type":"EntryPoint","urlTemplate":"https:\/\/diariofemenino.com.ar\/df\/?s={search_term_string}"},"query-input":{"@type":"PropertyValueSpecification","valueRequired":true,"valueName":"search_term_string"}}],"inLanguage":"es"},{"@type":"Organization","@id":"https:\/\/diariofemenino.com.ar\/df\/#organization","name":"Diario Femenino","url":"https:\/\/diariofemenino.com.ar\/df\/","logo":{"@type":"ImageObject","inLanguage":"es","@id":"https:\/\/diariofemenino.com.ar\/df\/#\/schema\/logo\/image\/","url":"https:\/\/diariofemenino.com.ar\/df\/wp-content\/uploads\/2018\/10\/logo.png","contentUrl":"https:\/\/diariofemenino.com.ar\/df\/wp-content\/uploads\/2018\/10\/logo.png","width":500,"height":92,"caption":"Diario Femenino"},"image":{"@id":"https:\/\/diariofemenino.com.ar\/df\/#\/schema\/logo\/image\/"},"sameAs":["https:\/\/www.facebook.com\/DiarioDigitaFemenino\/","https:\/\/x.com\/DiarioFemenino1"]},{"@type":"Person","@id":"https:\/\/diariofemenino.com.ar\/df\/#\/schema\/person\/bf6199e8158c657ea6f789b11ec85509","name":"Admin","image":{"@type":"ImageObject","inLanguage":"es","@id":"https:\/\/diariofemenino.com.ar\/df\/wp-content\/uploads\/2018\/12\/favicon-150x150.jpg","url":"https:\/\/diariofemenino.com.ar\/df\/wp-content\/uploads\/2018\/12\/favicon-150x150.jpg","contentUrl":"https:\/\/diariofemenino.com.ar\/df\/wp-content\/uploads\/2018\/12\/favicon-150x150.jpg","caption":"Admin"},"url":"https:\/\/diariofemenino.com.ar\/df\/author\/lenny\/"}]}},"jetpack_featured_media_url":"https:\/\/diariofemenino.com.ar\/df\/wp-content\/uploads\/2021\/04\/483.png","jetpack_sharing_enabled":true,"rttpg_featured_image_url":{"full":["https:\/\/diariofemenino.com.ar\/df\/wp-content\/uploads\/2021\/04\/483.png",760,320,false],"landscape":["https:\/\/diariofemenino.com.ar\/df\/wp-content\/uploads\/2021\/04\/483.png",760,320,false],"portraits":["https:\/\/diariofemenino.com.ar\/df\/wp-content\/uploads\/2021\/04\/483.png",760,320,false],"thumbnail":["https:\/\/diariofemenino.com.ar\/df\/wp-content\/uploads\/2021\/04\/483-150x150.png",150,150,true],"medium":["https:\/\/diariofemenino.com.ar\/df\/wp-content\/uploads\/2021\/04\/483-300x126.png",300,126,true],"large":["https:\/\/diariofemenino.com.ar\/df\/wp-content\/uploads\/2021\/04\/483.png",760,320,false],"1536x1536":["https:\/\/diariofemenino.com.ar\/df\/wp-content\/uploads\/2021\/04\/483.png",760,320,false],"2048x2048":["https:\/\/diariofemenino.com.ar\/df\/wp-content\/uploads\/2021\/04\/483.png",760,320,false]},"rttpg_author":{"display_name":"Admin","author_link":"https:\/\/diariofemenino.com.ar\/df\/author\/lenny\/"},"rttpg_comment":0,"rttpg_category":"<a href=\"https:\/\/diariofemenino.com.ar\/df\/category\/agenda-feminista\/\" rel=\"category tag\">Agenda Feminista<\/a> <a href=\"https:\/\/diariofemenino.com.ar\/df\/category\/noticias\/\" rel=\"category tag\">Noticias<\/a>","rttpg_excerpt":"Deber\u00e1n otorgar una pensi\u00f3n no contributiva La sala B de la C\u00e1mara Federal de C\u00f3rdoba le orden\u00f3 al Estado Nacional (a trav\u00e9s de la Agencia Nacional de Discapacidad) que liquide y efectivice la pensi\u00f3n no contributiva a una mujer transexual, de forma retroactiva al inicio del tr\u00e1mite administrativo. En el caso \u201cO., B. N. c\/&hellip;","_links":{"self":[{"href":"https:\/\/diariofemenino.com.ar\/df\/wp-json\/wp\/v2\/posts\/57524","targetHints":{"allow":["GET"]}}],"collection":[{"href":"https:\/\/diariofemenino.com.ar\/df\/wp-json\/wp\/v2\/posts"}],"about":[{"href":"https:\/\/diariofemenino.com.ar\/df\/wp-json\/wp\/v2\/types\/post"}],"author":[{"embeddable":true,"href":"https:\/\/diariofemenino.com.ar\/df\/wp-json\/wp\/v2\/users\/4"}],"replies":[{"embeddable":true,"href":"https:\/\/diariofemenino.com.ar\/df\/wp-json\/wp\/v2\/comments?post=57524"}],"version-history":[{"count":0,"href":"https:\/\/diariofemenino.com.ar\/df\/wp-json\/wp\/v2\/posts\/57524\/revisions"}],"wp:featuredmedia":[{"embeddable":true,"href":"https:\/\/diariofemenino.com.ar\/df\/wp-json\/wp\/v2\/media\/57529"}],"wp:attachment":[{"href":"https:\/\/diariofemenino.com.ar\/df\/wp-json\/wp\/v2\/media?parent=57524"}],"wp:term":[{"taxonomy":"category","embeddable":true,"href":"https:\/\/diariofemenino.com.ar\/df\/wp-json\/wp\/v2\/categories?post=57524"},{"taxonomy":"post_tag","embeddable":true,"href":"https:\/\/diariofemenino.com.ar\/df\/wp-json\/wp\/v2\/tags?post=57524"}],"curies":[{"name":"wp","href":"https:\/\/api.w.org\/{rel}","templated":true}]}}