{"id":57430,"date":"2021-04-18T11:32:27","date_gmt":"2021-04-18T14:32:27","guid":{"rendered":"https:\/\/diariofemenino.com.ar\/?p=57430"},"modified":"2021-05-03T09:32:10","modified_gmt":"2021-05-03T12:32:10","slug":"inmujeres-lanzara-un-programa-de-fortalecimiento-para-lideres-politicas","status":"publish","type":"post","link":"https:\/\/diariofemenino.com.ar\/df\/inmujeres-lanzara-un-programa-de-fortalecimiento-para-lideres-politicas\/","title":{"rendered":"Inmujeres lanzar\u00e1 un programa de fortalecimiento para l\u00edderes pol\u00edticas"},"content":{"rendered":"<p class=\"article-deck article__deck\"><strong>Inmujeres lanzar\u00e1 un programa de fortalecimiento. Estar\u00e1 orientado a mujeres que integren partidos o tengan alg\u00fan tipo de actividad pol\u00edtica y busquen ejercer cargos de mayor responsabilidad.<\/strong><\/p>\n<div class=\"ld-block ld-block--sm\">\n<div class=\"container\">\n<div class=\"ld-audio ld-card card\">\n<div class=\"ld-audio__title\">Escuch\u00e1 este art\u00edculo<\/div>\n<p><audio class=\"ld-audio__audio\" src=\"https:\/\/ladiaria.com.uy\/static\/blank.mp3\" preload=\"metadata\" controls=\"controls\" data-mce-fragment=\"1\"><\/audio><\/p>\n<div class=\"ld-audio__description\">Le\u00eddo por Abril Mederos.<\/div>\n<\/div>\n<\/div>\n<\/div>\n<div class=\"article-body paywalled-content\">\n<p>Uruguay es la democracia plena m\u00e1s avanzada de Am\u00e9rica Latina y el Caribe y una de las 15 m\u00e1s destacadas del mundo, seg\u00fan la \u00faltima edici\u00f3n del \u00cdndice de Democracia de la Unidad de Inteligencia de\u00a0<em>The Economist<\/em>, publicada en febrero. El ranking es elaborado en base al an\u00e1lisis de cinco categor\u00edas concretas: proceso electoral y pluralismo, funcionamiento del gobierno, participaci\u00f3n pol\u00edtica, cultura pol\u00edtica y libertades civiles.<\/p>\n<p>Parad\u00f3jicamente, Uruguay tambi\u00e9n se mantiene como uno de los pa\u00edses de la regi\u00f3n con menor participaci\u00f3n de mujeres en los distintos espacios de representaci\u00f3n pol\u00edtica. El hecho de que una mujer haya sido electa vicepresidenta por primera vez en 2019 marc\u00f3 un hito importante en ese sentido, pero en t\u00e9rminos generales no movi\u00f3 la aguja.<\/p>\n<p>Los n\u00fameros relevados en el\u00a0<a href=\"https:\/\/ladiaria.com.uy\/feminismos\/articulo\/2021\/4\/las-mujeres-uruguayas-todavia-son-minoria-en-todos-los-puestos-de-toma-de-decision\/\">informe<\/a>\u00a0<em>El lugar de las mujeres uruguayas en los cargos de decisi\u00f3n<\/em>, publicado en marzo por ONU Mujeres y el Instituto Nacional de las Mujeres (Inmujeres), son bastante representativos de esta escasa participaci\u00f3n. En 1942, cuando ingres\u00f3 la primera mujer al Parlamento uruguayo, la representaci\u00f3n femenina en las dos c\u00e1maras era de 3,1%. En las elecciones de 2019 \u2013es decir, casi ocho d\u00e9cadas despu\u00e9s\u2013, ese porcentaje aument\u00f3 apenas a 20,9%. Y es el m\u00e1s alto de la historia. La implementaci\u00f3n del sistema de cuotas, que rigi\u00f3 por primera vez en las elecciones de 2014, no logr\u00f3 equilibrar la balanza.<\/p>\n<p>La tendencia es parecida en el Poder Ejecutivo: en el primer per\u00edodo posdictadura (1985-1990) hab\u00eda s\u00f3lo una ministra; hoy hay dos. El per\u00edodo en el que hubo mayor representaci\u00f3n femenina fue entre 2015 y 2020, con cinco ministras, en un total de 13.<\/p>\n<p>En este escenario, Inmujeres anunci\u00f3 la creaci\u00f3n de un \u201cprograma de fortalecimiento para l\u00edderes pol\u00edticas\u201d, que pretende potenciar las habilidades y trayectorias de las mujeres no s\u00f3lo para que sean m\u00e1s en los espacios pol\u00edticos sino tambi\u00e9n para que tengan mayor incidencia en la toma de decisiones. \u201cQued\u00f3 muy claro en el informe que la desigualdad en las oportunidades y en las posibilidades de acceso a los cargos de decisi\u00f3n no tiene corte ni pol\u00edtico-partidario, ni de clase, ni de sector\u201d, introdujo la directora del Inmujeres, M\u00f3nica Bottero, durante la presentaci\u00f3n de la iniciativa, que se realiz\u00f3 en formato virtual. La respuesta institucional a estas brechas, agreg\u00f3, es \u201cla capacitaci\u00f3n para dirigentes pol\u00edticas de todos los partidos que est\u00e9n interesadas en adquirir herramientas formales para hacer un espacio propio dentro de los partidos pol\u00edticos\u201d.<\/p>\n<figure id=\"attachment_57435\" aria-describedby=\"caption-attachment-57435\" style=\"width: 571px\" class=\"wp-caption aligncenter\"><img loading=\"lazy\" decoding=\"async\" class=\" wp-image-57435\" src=\"https:\/\/diariofemenino.com.ar\/df\/wp-content\/uploads\/2021\/04\/4879.jpg\" alt=\"Inmujeres lanzar\u00e1 un programa de fortalecimiento para l\u00edderes pol\u00edticas\" width=\"571\" height=\"321\" srcset=\"https:\/\/diariofemenino.com.ar\/df\/wp-content\/uploads\/2021\/04\/4879.jpg 960w, https:\/\/diariofemenino.com.ar\/df\/wp-content\/uploads\/2021\/04\/4879-300x169.jpg 300w, https:\/\/diariofemenino.com.ar\/df\/wp-content\/uploads\/2021\/04\/4879-768x432.jpg 768w\" sizes=\"auto, (max-width: 571px) 100vw, 571px\" \/><figcaption id=\"caption-attachment-57435\" class=\"wp-caption-text\">Inmujeres lanzar\u00e1 un programa de fortalecimiento para l\u00edderes pol\u00edticas<\/figcaption><\/figure>\n<p>El programa contar\u00e1 con 78 horas de formaci\u00f3n divididas en cinco m\u00f3dulos centrados en \u00e1reas como historia pol\u00edtica, organizaci\u00f3n de la ley electoral, organizaci\u00f3n del Estado, comunicaci\u00f3n y negociaci\u00f3n, entre otros temas que est\u00e1n en proceso de definirse, seg\u00fan adelant\u00f3 Bottero. Tambi\u00e9n har\u00e1 hincapi\u00e9 en estrategias para conseguir financiamiento, \u201cque es el gran problema de las mujeres a la hora de construir una candidatura o una tendencia propia dentro de un partido\u201d, dijo la jerarca a\u00a0<em>la diaria<\/em>.<\/p>\n<p>El proyecto estar\u00e1 dirigido por el Inmujeres y contar\u00e1 con un equipo t\u00e9cnico de docentes \u2013para el que se abrir\u00e1 un concurso\u2013 y con una secretar\u00eda administrativa. Adem\u00e1s, habr\u00e1 un grupo asesor que estar\u00e1 integrado por mujeres l\u00edderes en distintos \u00e1mbitos, incluidas exdirectoras del Inmujeres, representantes de la Red de Mujeres Pol\u00edticas, integrantes de la Bancada Bicameral Femenina y acad\u00e9micas.<\/p>\n<p>Entre los objetivos m\u00e1s espec\u00edficos del programa, el instituto buscar\u00e1 \u201ccapacitar a mujeres de todo el pa\u00eds en \u00e1reas estrat\u00e9gicas que potencien sus conocimientos, y facilitar la construcci\u00f3n y consolidaci\u00f3n de redes de mujeres pol\u00edticas inter e intrapartidarias en todo el territorio nacional\u201d. Por eso, entre otras cosas, pondr\u00e1 un \u00e9nfasis especial en el interior del pa\u00eds. La idea es \u201ccontribuir al cambio en la cultura organizacional en los partidos y organizaciones pol\u00edticas, con el fin de garantizar el ejercicio pleno de la democracia\u201d.<\/p>\n<p>Las l\u00edneas de trabajo incluir\u00e1n, adem\u00e1s de las instancias de formaci\u00f3n, la realizaci\u00f3n de conferencias abiertas y una \u201cincubadora de redes locales en el interior\u201d.<\/p>\n<p>El programa est\u00e1 dirigido a mujeres que participen en la actividad pol\u00edtica y \u201ctengan inter\u00e9s en aumentar su incidencia, ejerciendo cargos de responsabilidad y toma de decisiones\u201d, puntualiz\u00f3 Bottero. El primer grupo, que ser\u00e1 una especie de experiencia piloto, estar\u00e1 integrado por 60 mujeres: un porcentaje ser\u00e1 ocupado por mujeres sugeridas por los partidos y otro ser\u00e1 para las que tengan actividad pol\u00edtica y quieran participar. La condici\u00f3n para estas \u00faltimas es que ya hayan sido candidatas a alg\u00fan cargo electivo.<\/p>\n<p>Consultada por\u00a0<em>la diaria<\/em>, Bottero explic\u00f3 que la modalidad del programa ser\u00e1 \u201csemivirtual\u201d. Esto quiere decir que se van a combinar los cursos virtuales con instancias presenciales, que ser\u00e1n semanales o quincenales. Los espacios f\u00edsicos para estos encuentros surgir\u00e1n de convenios que el instituto ya est\u00e1 gestionando con intendencias y organizaciones educativas. La idea es que el programa empiece a funcionar el a\u00f1o que viene.<\/p>\n<p>Para la vicepresidenta de la Rep\u00fablica, Beatriz Argim\u00f3n, se trata de \u201cfortalecer aquellos liderazgos femeninos que por tener una l\u00f3gica y una mirada diferente de ejercicio del poder no est\u00e1n siendo visibles en las estructuras\u201d pol\u00edticas. \u201cNo se trata ni de ideolog\u00edas ni de partidos pol\u00edticos\u201d, aclar\u00f3 Argim\u00f3n durante la presentaci\u00f3n, \u201csino de una mejor democracia\u201d.<\/p>\n<\/div>\n<p><a href=\"https:\/\/ladiaria.com.uy\/feminismos\/articulo\/2021\/4\/inmujeres-lanzara-un-programa-de-fortalecimiento-para-lideres-politicas\/\">Redacci\u00f3n<\/a> &#8211; <a href=\"https:\/\/ladiaria.com.uy\/\">La Diaria<\/a><br \/>\nFoto de Portada:\u00a0Federico Guti\u00e9rrez<\/p>\n<p>&nbsp;<\/p>\n<p><a href=\"https:\/\/diariofemenino.com.ar\/category\/articulos\/\">Mujeres en Palabras<\/a> &#8211; <a href=\"https:\/\/diariofemenino.com.ar\/\">DDF<\/a><\/p>\n","protected":false},"excerpt":{"rendered":"<p>Inmujeres lanzar\u00e1 un programa de fortalecimiento. Estar\u00e1 orientado a mujeres que integren partidos o tengan alg\u00fan tipo de actividad pol\u00edtica y busquen ejercer cargos de mayor responsabilidad. Escuch\u00e1 este art\u00edculo Le\u00eddo por Abril Mederos. Uruguay es la democracia plena m\u00e1s avanzada de Am\u00e9rica Latina y el Caribe y una de las 15 m\u00e1s destacadas del [&hellip;]<\/p>\n","protected":false},"author":4,"featured_media":57433,"comment_status":"open","ping_status":"open","sticky":false,"template":"","format":"standard","meta":{"iawp_total_views":2,"footnotes":""},"categories":[1067,32,6],"tags":[4332,130,1713],"class_list":["post-57430","post","type-post","status-publish","format-standard","has-post-thumbnail","hentry","category-agenda-feminista","category-mujeres","category-articulos","tag-monica-bottero","tag-mujeres","tag-uruguay"],"nelio_content":{"autoShareEndMode":"never","automationSources":{"useCustomSentences":false,"customSentences":[]},"efiAlt":"","efiUrl":"","followers":[4],"highlights":[],"isAutoShareEnabled":true,"networkImageIds":[],"permalinkQueryArgs":[],"series":[],"suggestedReferences":[]},"yoast_head":"<!-- This site is optimized with the Yoast SEO plugin v27.5 - https:\/\/yoast.com\/product\/yoast-seo-wordpress\/ -->\n<title>Inmujeres lanzar\u00e1 un programa de fortalecimiento para l\u00edderes pol\u00edticas - Diario Digital Femenino<\/title>\n<meta name=\"description\" content=\"Inmujeres lanzar\u00e1 un programa. Estar\u00e1 orientado a mujeres que integren partidos o tengan alg\u00fan tipo de actividad pol\u00edtica y busquen ejercer cargos\" \/>\n<meta name=\"robots\" content=\"index, follow, max-snippet:-1, max-image-preview:large, max-video-preview:-1\" \/>\n<link rel=\"canonical\" href=\"https:\/\/diariofemenino.com.ar\/df\/inmujeres-lanzara-un-programa-de-fortalecimiento-para-lideres-politicas\/\" \/>\n<meta property=\"og:locale\" content=\"es_ES\" \/>\n<meta property=\"og:type\" content=\"article\" \/>\n<meta property=\"og:title\" content=\"Inmujeres lanzar\u00e1 un programa de fortalecimiento para l\u00edderes pol\u00edticas - Diario Digital Femenino\" \/>\n<meta property=\"og:description\" content=\"Inmujeres lanzar\u00e1 un programa. Estar\u00e1 orientado a mujeres que integren partidos o tengan alg\u00fan tipo de actividad pol\u00edtica y busquen ejercer cargos\" \/>\n<meta property=\"og:url\" content=\"https:\/\/diariofemenino.com.ar\/df\/inmujeres-lanzara-un-programa-de-fortalecimiento-para-lideres-politicas\/\" \/>\n<meta property=\"og:site_name\" content=\"Diario Digital Femenino\" \/>\n<meta property=\"article:publisher\" content=\"https:\/\/www.facebook.com\/DiarioDigitaFemenino\/\" \/>\n<meta property=\"article:published_time\" content=\"2021-04-18T14:32:27+00:00\" \/>\n<meta property=\"article:modified_time\" content=\"2021-05-03T12:32:10+00:00\" \/>\n<meta property=\"og:image\" content=\"https:\/\/diariofemenino.com.ar\/df\/wp-content\/uploads\/2021\/04\/14-bottero-RS57291_20210202FGI-0060_1_1200w.jpg\" \/>\n\t<meta property=\"og:image:width\" content=\"1200\" \/>\n\t<meta property=\"og:image:height\" content=\"800\" \/>\n\t<meta property=\"og:image:type\" content=\"image\/jpeg\" \/>\n<meta name=\"author\" content=\"Admin\" \/>\n<meta name=\"twitter:card\" content=\"summary_large_image\" \/>\n<meta name=\"twitter:creator\" content=\"@DiarioFemenino1\" \/>\n<meta name=\"twitter:site\" content=\"@DiarioFemenino1\" \/>\n<meta name=\"twitter:label1\" content=\"Escrito por\" \/>\n\t<meta name=\"twitter:data1\" content=\"Admin\" \/>\n\t<meta name=\"twitter:label2\" content=\"Tiempo de lectura\" \/>\n\t<meta name=\"twitter:data2\" content=\"5 minutos\" \/>\n<script type=\"application\/ld+json\" class=\"yoast-schema-graph\">{\"@context\":\"https:\\\/\\\/schema.org\",\"@graph\":[{\"@type\":\"Article\",\"@id\":\"https:\\\/\\\/diariofemenino.com.ar\\\/df\\\/inmujeres-lanzara-un-programa-de-fortalecimiento-para-lideres-politicas\\\/#article\",\"isPartOf\":{\"@id\":\"https:\\\/\\\/diariofemenino.com.ar\\\/df\\\/inmujeres-lanzara-un-programa-de-fortalecimiento-para-lideres-politicas\\\/\"},\"author\":{\"name\":\"Admin\",\"@id\":\"https:\\\/\\\/diariofemenino.com.ar\\\/df\\\/#\\\/schema\\\/person\\\/bf6199e8158c657ea6f789b11ec85509\"},\"headline\":\"Inmujeres lanzar\u00e1 un programa de fortalecimiento para l\u00edderes pol\u00edticas\",\"datePublished\":\"2021-04-18T14:32:27+00:00\",\"dateModified\":\"2021-05-03T12:32:10+00:00\",\"mainEntityOfPage\":{\"@id\":\"https:\\\/\\\/diariofemenino.com.ar\\\/df\\\/inmujeres-lanzara-un-programa-de-fortalecimiento-para-lideres-politicas\\\/\"},\"wordCount\":1019,\"commentCount\":0,\"publisher\":{\"@id\":\"https:\\\/\\\/diariofemenino.com.ar\\\/df\\\/#organization\"},\"image\":{\"@id\":\"https:\\\/\\\/diariofemenino.com.ar\\\/df\\\/inmujeres-lanzara-un-programa-de-fortalecimiento-para-lideres-politicas\\\/#primaryimage\"},\"thumbnailUrl\":\"https:\\\/\\\/diariofemenino.com.ar\\\/df\\\/wp-content\\\/uploads\\\/2021\\\/04\\\/14-bottero-RS57291_20210202FGI-0060_1_1200w.jpg\",\"keywords\":[\"M\u00f3nica Bottero\",\"Mujeres\",\"Uruguay\"],\"articleSection\":[\"Agenda Feminista\",\"Mujeres\",\"Mujeres en Palabras\"],\"inLanguage\":\"es\",\"potentialAction\":[{\"@type\":\"CommentAction\",\"name\":\"Comment\",\"target\":[\"https:\\\/\\\/diariofemenino.com.ar\\\/df\\\/inmujeres-lanzara-un-programa-de-fortalecimiento-para-lideres-politicas\\\/#respond\"]}]},{\"@type\":\"WebPage\",\"@id\":\"https:\\\/\\\/diariofemenino.com.ar\\\/df\\\/inmujeres-lanzara-un-programa-de-fortalecimiento-para-lideres-politicas\\\/\",\"url\":\"https:\\\/\\\/diariofemenino.com.ar\\\/df\\\/inmujeres-lanzara-un-programa-de-fortalecimiento-para-lideres-politicas\\\/\",\"name\":\"Inmujeres lanzar\u00e1 un programa de fortalecimiento para l\u00edderes pol\u00edticas - Diario Digital Femenino\",\"isPartOf\":{\"@id\":\"https:\\\/\\\/diariofemenino.com.ar\\\/df\\\/#website\"},\"primaryImageOfPage\":{\"@id\":\"https:\\\/\\\/diariofemenino.com.ar\\\/df\\\/inmujeres-lanzara-un-programa-de-fortalecimiento-para-lideres-politicas\\\/#primaryimage\"},\"image\":{\"@id\":\"https:\\\/\\\/diariofemenino.com.ar\\\/df\\\/inmujeres-lanzara-un-programa-de-fortalecimiento-para-lideres-politicas\\\/#primaryimage\"},\"thumbnailUrl\":\"https:\\\/\\\/diariofemenino.com.ar\\\/df\\\/wp-content\\\/uploads\\\/2021\\\/04\\\/14-bottero-RS57291_20210202FGI-0060_1_1200w.jpg\",\"datePublished\":\"2021-04-18T14:32:27+00:00\",\"dateModified\":\"2021-05-03T12:32:10+00:00\",\"description\":\"Inmujeres lanzar\u00e1 un programa. Estar\u00e1 orientado a mujeres que integren partidos o tengan alg\u00fan tipo de actividad pol\u00edtica y busquen ejercer cargos\",\"breadcrumb\":{\"@id\":\"https:\\\/\\\/diariofemenino.com.ar\\\/df\\\/inmujeres-lanzara-un-programa-de-fortalecimiento-para-lideres-politicas\\\/#breadcrumb\"},\"inLanguage\":\"es\",\"potentialAction\":[{\"@type\":\"ReadAction\",\"target\":[\"https:\\\/\\\/diariofemenino.com.ar\\\/df\\\/inmujeres-lanzara-un-programa-de-fortalecimiento-para-lideres-politicas\\\/\"]}]},{\"@type\":\"ImageObject\",\"inLanguage\":\"es\",\"@id\":\"https:\\\/\\\/diariofemenino.com.ar\\\/df\\\/inmujeres-lanzara-un-programa-de-fortalecimiento-para-lideres-politicas\\\/#primaryimage\",\"url\":\"https:\\\/\\\/diariofemenino.com.ar\\\/df\\\/wp-content\\\/uploads\\\/2021\\\/04\\\/14-bottero-RS57291_20210202FGI-0060_1_1200w.jpg\",\"contentUrl\":\"https:\\\/\\\/diariofemenino.com.ar\\\/df\\\/wp-content\\\/uploads\\\/2021\\\/04\\\/14-bottero-RS57291_20210202FGI-0060_1_1200w.jpg\",\"width\":1200,\"height\":800,\"caption\":\"Inmujeres lanzar\u00e1 un programa de fortalecimiento para l\u00edderes pol\u00edticas\"},{\"@type\":\"BreadcrumbList\",\"@id\":\"https:\\\/\\\/diariofemenino.com.ar\\\/df\\\/inmujeres-lanzara-un-programa-de-fortalecimiento-para-lideres-politicas\\\/#breadcrumb\",\"itemListElement\":[{\"@type\":\"ListItem\",\"position\":1,\"name\":\"Portada\",\"item\":\"https:\\\/\\\/diariofemenino.com.ar\\\/df\\\/\"},{\"@type\":\"ListItem\",\"position\":2,\"name\":\"Inmujeres lanzar\u00e1 un programa de fortalecimiento para l\u00edderes pol\u00edticas\"}]},{\"@type\":\"WebSite\",\"@id\":\"https:\\\/\\\/diariofemenino.com.ar\\\/df\\\/#website\",\"url\":\"https:\\\/\\\/diariofemenino.com.ar\\\/df\\\/\",\"name\":\"Diario Digital Femenino\",\"description\":\"Cuesti\u00f3n de G\u00e9nero\",\"publisher\":{\"@id\":\"https:\\\/\\\/diariofemenino.com.ar\\\/df\\\/#organization\"},\"potentialAction\":[{\"@type\":\"SearchAction\",\"target\":{\"@type\":\"EntryPoint\",\"urlTemplate\":\"https:\\\/\\\/diariofemenino.com.ar\\\/df\\\/?s={search_term_string}\"},\"query-input\":{\"@type\":\"PropertyValueSpecification\",\"valueRequired\":true,\"valueName\":\"search_term_string\"}}],\"inLanguage\":\"es\"},{\"@type\":\"Organization\",\"@id\":\"https:\\\/\\\/diariofemenino.com.ar\\\/df\\\/#organization\",\"name\":\"Diario Femenino\",\"url\":\"https:\\\/\\\/diariofemenino.com.ar\\\/df\\\/\",\"logo\":{\"@type\":\"ImageObject\",\"inLanguage\":\"es\",\"@id\":\"https:\\\/\\\/diariofemenino.com.ar\\\/df\\\/#\\\/schema\\\/logo\\\/image\\\/\",\"url\":\"https:\\\/\\\/diariofemenino.com.ar\\\/df\\\/wp-content\\\/uploads\\\/2018\\\/10\\\/logo.png\",\"contentUrl\":\"https:\\\/\\\/diariofemenino.com.ar\\\/df\\\/wp-content\\\/uploads\\\/2018\\\/10\\\/logo.png\",\"width\":500,\"height\":92,\"caption\":\"Diario Femenino\"},\"image\":{\"@id\":\"https:\\\/\\\/diariofemenino.com.ar\\\/df\\\/#\\\/schema\\\/logo\\\/image\\\/\"},\"sameAs\":[\"https:\\\/\\\/www.facebook.com\\\/DiarioDigitaFemenino\\\/\",\"https:\\\/\\\/x.com\\\/DiarioFemenino1\"]},{\"@type\":\"Person\",\"@id\":\"https:\\\/\\\/diariofemenino.com.ar\\\/df\\\/#\\\/schema\\\/person\\\/bf6199e8158c657ea6f789b11ec85509\",\"name\":\"Admin\",\"image\":{\"@type\":\"ImageObject\",\"inLanguage\":\"es\",\"@id\":\"https:\\\/\\\/diariofemenino.com.ar\\\/df\\\/wp-content\\\/uploads\\\/2018\\\/12\\\/favicon-150x150.jpg\",\"url\":\"https:\\\/\\\/diariofemenino.com.ar\\\/df\\\/wp-content\\\/uploads\\\/2018\\\/12\\\/favicon-150x150.jpg\",\"contentUrl\":\"https:\\\/\\\/diariofemenino.com.ar\\\/df\\\/wp-content\\\/uploads\\\/2018\\\/12\\\/favicon-150x150.jpg\",\"caption\":\"Admin\"},\"url\":\"https:\\\/\\\/diariofemenino.com.ar\\\/df\\\/author\\\/lenny\\\/\"}]}<\/script>\n<!-- \/ Yoast SEO plugin. -->","yoast_head_json":{"title":"Inmujeres lanzar\u00e1 un programa de fortalecimiento para l\u00edderes pol\u00edticas - Diario Digital Femenino","description":"Inmujeres lanzar\u00e1 un programa. Estar\u00e1 orientado a mujeres que integren partidos o tengan alg\u00fan tipo de actividad pol\u00edtica y busquen ejercer cargos","robots":{"index":"index","follow":"follow","max-snippet":"max-snippet:-1","max-image-preview":"max-image-preview:large","max-video-preview":"max-video-preview:-1"},"canonical":"https:\/\/diariofemenino.com.ar\/df\/inmujeres-lanzara-un-programa-de-fortalecimiento-para-lideres-politicas\/","og_locale":"es_ES","og_type":"article","og_title":"Inmujeres lanzar\u00e1 un programa de fortalecimiento para l\u00edderes pol\u00edticas - Diario Digital Femenino","og_description":"Inmujeres lanzar\u00e1 un programa. Estar\u00e1 orientado a mujeres que integren partidos o tengan alg\u00fan tipo de actividad pol\u00edtica y busquen ejercer cargos","og_url":"https:\/\/diariofemenino.com.ar\/df\/inmujeres-lanzara-un-programa-de-fortalecimiento-para-lideres-politicas\/","og_site_name":"Diario Digital Femenino","article_publisher":"https:\/\/www.facebook.com\/DiarioDigitaFemenino\/","article_published_time":"2021-04-18T14:32:27+00:00","article_modified_time":"2021-05-03T12:32:10+00:00","og_image":[{"width":1200,"height":800,"url":"https:\/\/diariofemenino.com.ar\/df\/wp-content\/uploads\/2021\/04\/14-bottero-RS57291_20210202FGI-0060_1_1200w.jpg","type":"image\/jpeg"}],"author":"Admin","twitter_card":"summary_large_image","twitter_creator":"@DiarioFemenino1","twitter_site":"@DiarioFemenino1","twitter_misc":{"Escrito por":"Admin","Tiempo de lectura":"5 minutos"},"schema":{"@context":"https:\/\/schema.org","@graph":[{"@type":"Article","@id":"https:\/\/diariofemenino.com.ar\/df\/inmujeres-lanzara-un-programa-de-fortalecimiento-para-lideres-politicas\/#article","isPartOf":{"@id":"https:\/\/diariofemenino.com.ar\/df\/inmujeres-lanzara-un-programa-de-fortalecimiento-para-lideres-politicas\/"},"author":{"name":"Admin","@id":"https:\/\/diariofemenino.com.ar\/df\/#\/schema\/person\/bf6199e8158c657ea6f789b11ec85509"},"headline":"Inmujeres lanzar\u00e1 un programa de fortalecimiento para l\u00edderes pol\u00edticas","datePublished":"2021-04-18T14:32:27+00:00","dateModified":"2021-05-03T12:32:10+00:00","mainEntityOfPage":{"@id":"https:\/\/diariofemenino.com.ar\/df\/inmujeres-lanzara-un-programa-de-fortalecimiento-para-lideres-politicas\/"},"wordCount":1019,"commentCount":0,"publisher":{"@id":"https:\/\/diariofemenino.com.ar\/df\/#organization"},"image":{"@id":"https:\/\/diariofemenino.com.ar\/df\/inmujeres-lanzara-un-programa-de-fortalecimiento-para-lideres-politicas\/#primaryimage"},"thumbnailUrl":"https:\/\/diariofemenino.com.ar\/df\/wp-content\/uploads\/2021\/04\/14-bottero-RS57291_20210202FGI-0060_1_1200w.jpg","keywords":["M\u00f3nica Bottero","Mujeres","Uruguay"],"articleSection":["Agenda Feminista","Mujeres","Mujeres en Palabras"],"inLanguage":"es","potentialAction":[{"@type":"CommentAction","name":"Comment","target":["https:\/\/diariofemenino.com.ar\/df\/inmujeres-lanzara-un-programa-de-fortalecimiento-para-lideres-politicas\/#respond"]}]},{"@type":"WebPage","@id":"https:\/\/diariofemenino.com.ar\/df\/inmujeres-lanzara-un-programa-de-fortalecimiento-para-lideres-politicas\/","url":"https:\/\/diariofemenino.com.ar\/df\/inmujeres-lanzara-un-programa-de-fortalecimiento-para-lideres-politicas\/","name":"Inmujeres lanzar\u00e1 un programa de fortalecimiento para l\u00edderes pol\u00edticas - Diario Digital Femenino","isPartOf":{"@id":"https:\/\/diariofemenino.com.ar\/df\/#website"},"primaryImageOfPage":{"@id":"https:\/\/diariofemenino.com.ar\/df\/inmujeres-lanzara-un-programa-de-fortalecimiento-para-lideres-politicas\/#primaryimage"},"image":{"@id":"https:\/\/diariofemenino.com.ar\/df\/inmujeres-lanzara-un-programa-de-fortalecimiento-para-lideres-politicas\/#primaryimage"},"thumbnailUrl":"https:\/\/diariofemenino.com.ar\/df\/wp-content\/uploads\/2021\/04\/14-bottero-RS57291_20210202FGI-0060_1_1200w.jpg","datePublished":"2021-04-18T14:32:27+00:00","dateModified":"2021-05-03T12:32:10+00:00","description":"Inmujeres lanzar\u00e1 un programa. Estar\u00e1 orientado a mujeres que integren partidos o tengan alg\u00fan tipo de actividad pol\u00edtica y busquen ejercer cargos","breadcrumb":{"@id":"https:\/\/diariofemenino.com.ar\/df\/inmujeres-lanzara-un-programa-de-fortalecimiento-para-lideres-politicas\/#breadcrumb"},"inLanguage":"es","potentialAction":[{"@type":"ReadAction","target":["https:\/\/diariofemenino.com.ar\/df\/inmujeres-lanzara-un-programa-de-fortalecimiento-para-lideres-politicas\/"]}]},{"@type":"ImageObject","inLanguage":"es","@id":"https:\/\/diariofemenino.com.ar\/df\/inmujeres-lanzara-un-programa-de-fortalecimiento-para-lideres-politicas\/#primaryimage","url":"https:\/\/diariofemenino.com.ar\/df\/wp-content\/uploads\/2021\/04\/14-bottero-RS57291_20210202FGI-0060_1_1200w.jpg","contentUrl":"https:\/\/diariofemenino.com.ar\/df\/wp-content\/uploads\/2021\/04\/14-bottero-RS57291_20210202FGI-0060_1_1200w.jpg","width":1200,"height":800,"caption":"Inmujeres lanzar\u00e1 un programa de fortalecimiento para l\u00edderes pol\u00edticas"},{"@type":"BreadcrumbList","@id":"https:\/\/diariofemenino.com.ar\/df\/inmujeres-lanzara-un-programa-de-fortalecimiento-para-lideres-politicas\/#breadcrumb","itemListElement":[{"@type":"ListItem","position":1,"name":"Portada","item":"https:\/\/diariofemenino.com.ar\/df\/"},{"@type":"ListItem","position":2,"name":"Inmujeres lanzar\u00e1 un programa de fortalecimiento para l\u00edderes pol\u00edticas"}]},{"@type":"WebSite","@id":"https:\/\/diariofemenino.com.ar\/df\/#website","url":"https:\/\/diariofemenino.com.ar\/df\/","name":"Diario Digital Femenino","description":"Cuesti\u00f3n de G\u00e9nero","publisher":{"@id":"https:\/\/diariofemenino.com.ar\/df\/#organization"},"potentialAction":[{"@type":"SearchAction","target":{"@type":"EntryPoint","urlTemplate":"https:\/\/diariofemenino.com.ar\/df\/?s={search_term_string}"},"query-input":{"@type":"PropertyValueSpecification","valueRequired":true,"valueName":"search_term_string"}}],"inLanguage":"es"},{"@type":"Organization","@id":"https:\/\/diariofemenino.com.ar\/df\/#organization","name":"Diario Femenino","url":"https:\/\/diariofemenino.com.ar\/df\/","logo":{"@type":"ImageObject","inLanguage":"es","@id":"https:\/\/diariofemenino.com.ar\/df\/#\/schema\/logo\/image\/","url":"https:\/\/diariofemenino.com.ar\/df\/wp-content\/uploads\/2018\/10\/logo.png","contentUrl":"https:\/\/diariofemenino.com.ar\/df\/wp-content\/uploads\/2018\/10\/logo.png","width":500,"height":92,"caption":"Diario Femenino"},"image":{"@id":"https:\/\/diariofemenino.com.ar\/df\/#\/schema\/logo\/image\/"},"sameAs":["https:\/\/www.facebook.com\/DiarioDigitaFemenino\/","https:\/\/x.com\/DiarioFemenino1"]},{"@type":"Person","@id":"https:\/\/diariofemenino.com.ar\/df\/#\/schema\/person\/bf6199e8158c657ea6f789b11ec85509","name":"Admin","image":{"@type":"ImageObject","inLanguage":"es","@id":"https:\/\/diariofemenino.com.ar\/df\/wp-content\/uploads\/2018\/12\/favicon-150x150.jpg","url":"https:\/\/diariofemenino.com.ar\/df\/wp-content\/uploads\/2018\/12\/favicon-150x150.jpg","contentUrl":"https:\/\/diariofemenino.com.ar\/df\/wp-content\/uploads\/2018\/12\/favicon-150x150.jpg","caption":"Admin"},"url":"https:\/\/diariofemenino.com.ar\/df\/author\/lenny\/"}]}},"jetpack_featured_media_url":"https:\/\/diariofemenino.com.ar\/df\/wp-content\/uploads\/2021\/04\/14-bottero-RS57291_20210202FGI-0060_1_1200w.jpg","jetpack_sharing_enabled":true,"rttpg_featured_image_url":{"full":["https:\/\/diariofemenino.com.ar\/df\/wp-content\/uploads\/2021\/04\/14-bottero-RS57291_20210202FGI-0060_1_1200w.jpg",1200,800,false],"landscape":["https:\/\/diariofemenino.com.ar\/df\/wp-content\/uploads\/2021\/04\/14-bottero-RS57291_20210202FGI-0060_1_1200w.jpg",1200,800,false],"portraits":["https:\/\/diariofemenino.com.ar\/df\/wp-content\/uploads\/2021\/04\/14-bottero-RS57291_20210202FGI-0060_1_1200w.jpg",1200,800,false],"thumbnail":["https:\/\/diariofemenino.com.ar\/df\/wp-content\/uploads\/2021\/04\/14-bottero-RS57291_20210202FGI-0060_1_1200w-150x150.jpg",150,150,true],"medium":["https:\/\/diariofemenino.com.ar\/df\/wp-content\/uploads\/2021\/04\/14-bottero-RS57291_20210202FGI-0060_1_1200w-300x200.jpg",300,200,true],"large":["https:\/\/diariofemenino.com.ar\/df\/wp-content\/uploads\/2021\/04\/14-bottero-RS57291_20210202FGI-0060_1_1200w-1024x683.jpg",1024,683,true],"1536x1536":["https:\/\/diariofemenino.com.ar\/df\/wp-content\/uploads\/2021\/04\/14-bottero-RS57291_20210202FGI-0060_1_1200w.jpg",1200,800,false],"2048x2048":["https:\/\/diariofemenino.com.ar\/df\/wp-content\/uploads\/2021\/04\/14-bottero-RS57291_20210202FGI-0060_1_1200w.jpg",1200,800,false]},"rttpg_author":{"display_name":"Admin","author_link":"https:\/\/diariofemenino.com.ar\/df\/author\/lenny\/"},"rttpg_comment":0,"rttpg_category":"<a href=\"https:\/\/diariofemenino.com.ar\/df\/category\/agenda-feminista\/\" rel=\"category tag\">Agenda Feminista<\/a> <a href=\"https:\/\/diariofemenino.com.ar\/df\/category\/mujeres\/\" rel=\"category tag\">Mujeres<\/a> <a href=\"https:\/\/diariofemenino.com.ar\/df\/category\/articulos\/\" rel=\"category tag\">Mujeres en Palabras<\/a>","rttpg_excerpt":"Inmujeres lanzar\u00e1 un programa de fortalecimiento. Estar\u00e1 orientado a mujeres que integren partidos o tengan alg\u00fan tipo de actividad pol\u00edtica y busquen ejercer cargos de mayor responsabilidad. Escuch\u00e1 este art\u00edculo Le\u00eddo por Abril Mederos. Uruguay es la democracia plena m\u00e1s avanzada de Am\u00e9rica Latina y el Caribe y una de las 15 m\u00e1s destacadas del&hellip;","_links":{"self":[{"href":"https:\/\/diariofemenino.com.ar\/df\/wp-json\/wp\/v2\/posts\/57430","targetHints":{"allow":["GET"]}}],"collection":[{"href":"https:\/\/diariofemenino.com.ar\/df\/wp-json\/wp\/v2\/posts"}],"about":[{"href":"https:\/\/diariofemenino.com.ar\/df\/wp-json\/wp\/v2\/types\/post"}],"author":[{"embeddable":true,"href":"https:\/\/diariofemenino.com.ar\/df\/wp-json\/wp\/v2\/users\/4"}],"replies":[{"embeddable":true,"href":"https:\/\/diariofemenino.com.ar\/df\/wp-json\/wp\/v2\/comments?post=57430"}],"version-history":[{"count":0,"href":"https:\/\/diariofemenino.com.ar\/df\/wp-json\/wp\/v2\/posts\/57430\/revisions"}],"wp:featuredmedia":[{"embeddable":true,"href":"https:\/\/diariofemenino.com.ar\/df\/wp-json\/wp\/v2\/media\/57433"}],"wp:attachment":[{"href":"https:\/\/diariofemenino.com.ar\/df\/wp-json\/wp\/v2\/media?parent=57430"}],"wp:term":[{"taxonomy":"category","embeddable":true,"href":"https:\/\/diariofemenino.com.ar\/df\/wp-json\/wp\/v2\/categories?post=57430"},{"taxonomy":"post_tag","embeddable":true,"href":"https:\/\/diariofemenino.com.ar\/df\/wp-json\/wp\/v2\/tags?post=57430"}],"curies":[{"name":"wp","href":"https:\/\/api.w.org\/{rel}","templated":true}]}}