{"id":5741,"date":"2013-03-01T23:44:33","date_gmt":"2013-03-02T02:44:33","guid":{"rendered":"http:\/\/www.diariofemenino.com.ar\/?p=5741"},"modified":"2013-03-01T23:44:33","modified_gmt":"2013-03-02T02:44:33","slug":"recomendaciones-de-las-mujeres-latinoamericanas-sobre-violencia","status":"publish","type":"post","link":"https:\/\/diariofemenino.com.ar\/df\/recomendaciones-de-las-mujeres-latinoamericanas-sobre-violencia\/","title":{"rendered":"Recomendaciones de las Mujeres Latinoamericanas sobre Violencia"},"content":{"rendered":"<p>&nbsp;<br \/>\n&nbsp;<br \/>\n&nbsp;<br \/>\n&nbsp;<br \/>\n<strong>57\u00aa Sesi\u00f3n de la Comisi\u00f3n sobre la Condici\u00f3n de la Mujer de ONU\u00a0<\/strong><br \/>\n<a href=\"http:\/\/www.diariofemenino.com.ar\/wp-content\/uploads\/logo-feim-color6.png\"><img loading=\"lazy\" decoding=\"async\" class=\"alignleft size-full wp-image-5743\" title=\"logo-feim-color\" src=\"http:\/\/www.diariofemenino.com.ar\/wp-content\/uploads\/logo-feim-color6.png\" alt=\"\" width=\"225\" height=\"200\" \/><\/a>Este a\u00f1o, la\u00a0<a id=\"yui_3_7_2_1_1362188752071_5483\" href=\"http:\/\/www.un.org\/womenwatch\/daw\/csw\/57sess.htm\" rel=\"nofollow\" target=\"_blank\">Comisi\u00f3n sobre la Condici\u00f3n de la Mujer de Naciones Unidas\u00a0<\/a>analizar\u00e1 y propondr\u00e1 soluciones para eliminar, atender y prevenir la violencia contra mujeres y ni\u00f1as. Encabezada por Michelle Bachelet, Secretaria General Adjunta y Directora Ejecutiva de ONU Mujeres, la comisi\u00f3n integrada por 46 pa\u00edses del mundo, entre ellos Argentina, escuchar\u00e1 testimonios de mujeres que padecieron violencia y las experiencias de los pa\u00edses, considerando un documento que se espera contribuya una gu\u00eda para todos los pa\u00edses del mundo.<br \/>\nLa violencia contra mujeres y ni\u00f1as aumenta en forma alarmante en toda Am\u00e9rica Latina y el Caribe, especialmente en su forma m\u00e1s extrema: el femicidio\/feminicidio, el asesinato de una mujer por el hecho de ser mujer. De los 25 pa\u00edses del mundo con las tasas m\u00e1s altas de femicidio, m\u00e1s de la mitad se encuentran en la regi\u00f3n, donde las v\u00edctimas a menudo sufren mutilaciones graves.\u00a0<strong>M\u00e1s de ochenta organizaciones de mujeres aportaron a ese documento que sintetiza esta situaci\u00f3n, denuncia la impunidad y propone acciones concretas para que los gobiernos act\u00faen sin m\u00e1s demoras.<br \/>\n<\/strong><br \/>\nEl documento fue redactado por Susanna Moore y Joan Grant Cummings, bajo la coordinaci\u00f3n general de Mabel Bianco, de\u00a0<strong>FEIM<\/strong>, en su condici\u00f3n de coordinadora del Grupo Promotor del Comit\u00e9 de ONGs de Am\u00e9rica Latina y el Caribe, filial de la Confederaci\u00f3n de ONGs de CSW Mundial. El documento se presentar\u00e1 en la\u00a0<strong>57\u00aa Sesi\u00f3n de la Comisi\u00f3n sobre la Condici\u00f3n de la Mujer\u00a0<\/strong>(CSW), que se desarrollar\u00e1 del 4 al 15 de marzo. Moore y Bianco participar\u00e1n en esta reuni\u00f3n y expresar\u00e1n sus propuestas junto a otras activistas.<br \/>\nEl documento detalla las distintas formas de violencias que sufren las mujeres, en el hogar, el trabajo, la pol\u00edtica, las c\u00e1rceles, el sistema judicial y los medios de comunicaci\u00f3n, y alerta sobre nuevas formas de violencia contra mujeres y ni\u00f1as, como las tecnolog\u00edas de la informaci\u00f3n y la comunicaci\u00f3n (TIC). Se\u00f1ala el impacto de la violencia de g\u00e9nero en la epidemia del VIH y en la salud y los derechos sexuales y reproductivos, de acuerdo a las pocas estad\u00edsticas disponibles en la regi\u00f3n.<br \/>\n<strong>Argentina<\/strong>\u00a0se encuentra dentro del grupo de pa\u00edses de la regi\u00f3n que<strong>\u00a0avanz\u00f3 en el marco legal\u00a0<\/strong>para prevenir y penalizar todas las formas de violencia hacia mujeres y ni\u00f1as, con la aprobaci\u00f3n de la ley 26.485, la ley de trata, la ampliaci\u00f3n de las penas por femicidio, entre otras. Sin embargo, esto\u00a0<strong>no es suficiente porque las leyes sancionadas tienen que implementarse y cumplirse efectivamente<\/strong>.<br \/>\nEn pa\u00edses como\u00a0<strong>Argentina<\/strong>,\u00a0<strong>Chile<\/strong>\u00a0y\u00a0<strong>Per\u00fa<\/strong>,\u00a0<strong>la mayor\u00eda de los femicidios es cometido por la pareja<\/strong>, actual o anterior y el lugar m\u00e1s peligroso para las mujeres es el propio hogar.\u00a0<strong>Los esfuerzos para prevenir el femicidio son inexistentes o inefectivos<\/strong>. El documento de las ONG<strong>\u00a0denuncia la impunidad y gran tolerancia que existe frente a la violencia<\/strong>, que impide garantizar los derechos de mujeres y ni\u00f1as. A esto se suman los\u00a0<strong id=\"yui_3_7_2_1_1362188752071_5485\">obst\u00e1culos que encuentran las mujeres cuando quieren acceder a la justicia<\/strong>.<br \/>\nSe sugieren\u00a0<strong>46 recomendaciones<\/strong>\u00a0dirigidas a los gobiernos de la regi\u00f3n para abordar este problema integralmente, principalmente para\u00a0<strong id=\"yui_3_7_2_1_1362188752071_5486\">acabar la impunidad y negligencia de los Estados y actuar YA!\u00a0<\/strong><br \/>\n<strong><\/strong><br \/>\n<strong id=\"yui_3_7_2_1_1362188752071_5487\">M\u00e1s informaci\u00f3n FUNDACI\u00d3N PARA ESTUDIO E INVESTIGACI\u00d3N DE LA MUJER \u2013 FEIM.\u00a0<\/strong> (5411) 4372.2763 |\u00a0<a href=\"mailto:feim@feim.org.ar\" rel=\"nofollow\" target=\"_blank\">feim@feim.org.ar<\/a>\u00a0|\u00a0<a id=\"yui_3_7_2_1_1362188752071_5490\" rel=\"nofollow\">www.feim.org.ar<\/a> Mabel Bianco: (5411) 15.6478.3635 Contacto de prensa: (5411) 15.4421.4264 |\u00a0<a href=\"mailto:gisela@feim.org.ar\" rel=\"nofollow\" target=\"_blank\">gisela@feim.org.ar<\/a><br \/>\n&nbsp;<br \/>\n&nbsp;<br \/>\n&nbsp;<\/p>\n","protected":false},"excerpt":{"rendered":"<p>&nbsp; &nbsp; &nbsp; &nbsp; 57\u00aa Sesi\u00f3n de la Comisi\u00f3n sobre la Condici\u00f3n de la Mujer de ONU\u00a0 Este a\u00f1o, la\u00a0Comisi\u00f3n sobre la Condici\u00f3n de la Mujer de Naciones Unidas\u00a0analizar\u00e1 y propondr\u00e1 soluciones para eliminar, atender y prevenir la violencia contra mujeres y ni\u00f1as. Encabezada por Michelle Bachelet, Secretaria General Adjunta y Directora Ejecutiva de ONU [&hellip;]<\/p>\n","protected":false},"author":1,"featured_media":0,"comment_status":"open","ping_status":"open","sticky":false,"template":"","format":"standard","meta":{"iawp_total_views":2,"footnotes":""},"categories":[22,3,4],"tags":[],"class_list":["post-5741","post","type-post","status-publish","format-standard","hentry","category-aborto","category-de-la-revolucion-al-reaprendizaje","category-medios"],"nelio_content":{"autoShareEndMode":"never","automationSources":{"useCustomSentences":false,"customSentences":[]},"efiAlt":"","efiUrl":"","followers":[],"highlights":[],"isAutoShareEnabled":true,"networkImageIds":[],"permalinkQueryArgs":[],"series":[],"suggestedReferences":[]},"yoast_head":"<!-- This site is optimized with the Yoast SEO plugin v27.4 - https:\/\/yoast.com\/product\/yoast-seo-wordpress\/ -->\n<title>Recomendaciones de las Mujeres Latinoamericanas sobre Violencia - Diario Digital Femenino<\/title>\n<meta name=\"robots\" content=\"index, follow, max-snippet:-1, max-image-preview:large, max-video-preview:-1\" \/>\n<link rel=\"canonical\" href=\"https:\/\/diariofemenino.com.ar\/df\/recomendaciones-de-las-mujeres-latinoamericanas-sobre-violencia\/\" \/>\n<meta property=\"og:locale\" content=\"es_ES\" \/>\n<meta property=\"og:type\" content=\"article\" \/>\n<meta property=\"og:title\" content=\"Recomendaciones de las Mujeres Latinoamericanas sobre Violencia - Diario Digital Femenino\" \/>\n<meta property=\"og:description\" content=\"&nbsp; &nbsp; &nbsp; &nbsp; 57\u00aa Sesi\u00f3n de la Comisi\u00f3n sobre la Condici\u00f3n de la Mujer de ONU\u00a0 Este a\u00f1o, la\u00a0Comisi\u00f3n sobre la Condici\u00f3n de la Mujer de Naciones Unidas\u00a0analizar\u00e1 y propondr\u00e1 soluciones para eliminar, atender y prevenir la violencia contra mujeres y ni\u00f1as. Encabezada por Michelle Bachelet, Secretaria General Adjunta y Directora Ejecutiva de ONU [&hellip;]\" \/>\n<meta property=\"og:url\" content=\"https:\/\/diariofemenino.com.ar\/df\/recomendaciones-de-las-mujeres-latinoamericanas-sobre-violencia\/\" \/>\n<meta property=\"og:site_name\" content=\"Diario Digital Femenino\" \/>\n<meta property=\"article:publisher\" content=\"https:\/\/www.facebook.com\/DiarioDigitaFemenino\/\" \/>\n<meta property=\"article:published_time\" content=\"2013-03-02T02:44:33+00:00\" \/>\n<meta property=\"og:image\" content=\"http:\/\/www.diariofemenino.com.ar\/wp-content\/uploads\/logo-feim-color6.png\" \/>\n<meta name=\"author\" content=\"Admin\" \/>\n<meta name=\"twitter:card\" content=\"summary_large_image\" \/>\n<meta name=\"twitter:creator\" content=\"@DiarioFemenino1\" \/>\n<meta name=\"twitter:site\" content=\"@DiarioFemenino1\" \/>\n<meta name=\"twitter:label1\" content=\"Escrito por\" \/>\n\t<meta name=\"twitter:data1\" content=\"Admin\" \/>\n\t<meta name=\"twitter:label2\" content=\"Tiempo de lectura\" \/>\n\t<meta name=\"twitter:data2\" content=\"3 minutos\" \/>\n<script type=\"application\/ld+json\" class=\"yoast-schema-graph\">{\"@context\":\"https:\\\/\\\/schema.org\",\"@graph\":[{\"@type\":\"Article\",\"@id\":\"https:\\\/\\\/diariofemenino.com.ar\\\/df\\\/recomendaciones-de-las-mujeres-latinoamericanas-sobre-violencia\\\/#article\",\"isPartOf\":{\"@id\":\"https:\\\/\\\/diariofemenino.com.ar\\\/df\\\/recomendaciones-de-las-mujeres-latinoamericanas-sobre-violencia\\\/\"},\"author\":{\"name\":\"Admin\",\"@id\":\"https:\\\/\\\/diariofemenino.com.ar\\\/df\\\/#\\\/schema\\\/person\\\/38f54b3bfd13f561de2460ba95c169c6\"},\"headline\":\"Recomendaciones de las Mujeres Latinoamericanas sobre Violencia\",\"datePublished\":\"2013-03-02T02:44:33+00:00\",\"mainEntityOfPage\":{\"@id\":\"https:\\\/\\\/diariofemenino.com.ar\\\/df\\\/recomendaciones-de-las-mujeres-latinoamericanas-sobre-violencia\\\/\"},\"wordCount\":634,\"commentCount\":0,\"publisher\":{\"@id\":\"https:\\\/\\\/diariofemenino.com.ar\\\/df\\\/#organization\"},\"image\":{\"@id\":\"https:\\\/\\\/diariofemenino.com.ar\\\/df\\\/recomendaciones-de-las-mujeres-latinoamericanas-sobre-violencia\\\/#primaryimage\"},\"thumbnailUrl\":\"http:\\\/\\\/www.diariofemenino.com.ar\\\/wp-content\\\/uploads\\\/logo-feim-color6.png\",\"articleSection\":[\"Aborto\",\"De la Revoluci\u00f3n al Reaprendizaje\",\"Medios\"],\"inLanguage\":\"es\",\"potentialAction\":[{\"@type\":\"CommentAction\",\"name\":\"Comment\",\"target\":[\"https:\\\/\\\/diariofemenino.com.ar\\\/df\\\/recomendaciones-de-las-mujeres-latinoamericanas-sobre-violencia\\\/#respond\"]}]},{\"@type\":\"WebPage\",\"@id\":\"https:\\\/\\\/diariofemenino.com.ar\\\/df\\\/recomendaciones-de-las-mujeres-latinoamericanas-sobre-violencia\\\/\",\"url\":\"https:\\\/\\\/diariofemenino.com.ar\\\/df\\\/recomendaciones-de-las-mujeres-latinoamericanas-sobre-violencia\\\/\",\"name\":\"Recomendaciones de las Mujeres Latinoamericanas sobre Violencia - Diario Digital Femenino\",\"isPartOf\":{\"@id\":\"https:\\\/\\\/diariofemenino.com.ar\\\/df\\\/#website\"},\"primaryImageOfPage\":{\"@id\":\"https:\\\/\\\/diariofemenino.com.ar\\\/df\\\/recomendaciones-de-las-mujeres-latinoamericanas-sobre-violencia\\\/#primaryimage\"},\"image\":{\"@id\":\"https:\\\/\\\/diariofemenino.com.ar\\\/df\\\/recomendaciones-de-las-mujeres-latinoamericanas-sobre-violencia\\\/#primaryimage\"},\"thumbnailUrl\":\"http:\\\/\\\/www.diariofemenino.com.ar\\\/wp-content\\\/uploads\\\/logo-feim-color6.png\",\"datePublished\":\"2013-03-02T02:44:33+00:00\",\"breadcrumb\":{\"@id\":\"https:\\\/\\\/diariofemenino.com.ar\\\/df\\\/recomendaciones-de-las-mujeres-latinoamericanas-sobre-violencia\\\/#breadcrumb\"},\"inLanguage\":\"es\",\"potentialAction\":[{\"@type\":\"ReadAction\",\"target\":[\"https:\\\/\\\/diariofemenino.com.ar\\\/df\\\/recomendaciones-de-las-mujeres-latinoamericanas-sobre-violencia\\\/\"]}]},{\"@type\":\"ImageObject\",\"inLanguage\":\"es\",\"@id\":\"https:\\\/\\\/diariofemenino.com.ar\\\/df\\\/recomendaciones-de-las-mujeres-latinoamericanas-sobre-violencia\\\/#primaryimage\",\"url\":\"http:\\\/\\\/www.diariofemenino.com.ar\\\/wp-content\\\/uploads\\\/logo-feim-color6.png\",\"contentUrl\":\"http:\\\/\\\/www.diariofemenino.com.ar\\\/wp-content\\\/uploads\\\/logo-feim-color6.png\"},{\"@type\":\"BreadcrumbList\",\"@id\":\"https:\\\/\\\/diariofemenino.com.ar\\\/df\\\/recomendaciones-de-las-mujeres-latinoamericanas-sobre-violencia\\\/#breadcrumb\",\"itemListElement\":[{\"@type\":\"ListItem\",\"position\":1,\"name\":\"Portada\",\"item\":\"https:\\\/\\\/diariofemenino.com.ar\\\/df\\\/\"},{\"@type\":\"ListItem\",\"position\":2,\"name\":\"Recomendaciones de las Mujeres Latinoamericanas sobre Violencia\"}]},{\"@type\":\"WebSite\",\"@id\":\"https:\\\/\\\/diariofemenino.com.ar\\\/df\\\/#website\",\"url\":\"https:\\\/\\\/diariofemenino.com.ar\\\/df\\\/\",\"name\":\"Diario Digital Femenino\",\"description\":\"Cuesti\u00f3n de G\u00e9nero\",\"publisher\":{\"@id\":\"https:\\\/\\\/diariofemenino.com.ar\\\/df\\\/#organization\"},\"potentialAction\":[{\"@type\":\"SearchAction\",\"target\":{\"@type\":\"EntryPoint\",\"urlTemplate\":\"https:\\\/\\\/diariofemenino.com.ar\\\/df\\\/?s={search_term_string}\"},\"query-input\":{\"@type\":\"PropertyValueSpecification\",\"valueRequired\":true,\"valueName\":\"search_term_string\"}}],\"inLanguage\":\"es\"},{\"@type\":\"Organization\",\"@id\":\"https:\\\/\\\/diariofemenino.com.ar\\\/df\\\/#organization\",\"name\":\"Diario Femenino\",\"url\":\"https:\\\/\\\/diariofemenino.com.ar\\\/df\\\/\",\"logo\":{\"@type\":\"ImageObject\",\"inLanguage\":\"es\",\"@id\":\"https:\\\/\\\/diariofemenino.com.ar\\\/df\\\/#\\\/schema\\\/logo\\\/image\\\/\",\"url\":\"https:\\\/\\\/diariofemenino.com.ar\\\/df\\\/wp-content\\\/uploads\\\/2018\\\/10\\\/logo.png\",\"contentUrl\":\"https:\\\/\\\/diariofemenino.com.ar\\\/df\\\/wp-content\\\/uploads\\\/2018\\\/10\\\/logo.png\",\"width\":500,\"height\":92,\"caption\":\"Diario Femenino\"},\"image\":{\"@id\":\"https:\\\/\\\/diariofemenino.com.ar\\\/df\\\/#\\\/schema\\\/logo\\\/image\\\/\"},\"sameAs\":[\"https:\\\/\\\/www.facebook.com\\\/DiarioDigitaFemenino\\\/\",\"https:\\\/\\\/x.com\\\/DiarioFemenino1\"]},{\"@type\":\"Person\",\"@id\":\"https:\\\/\\\/diariofemenino.com.ar\\\/df\\\/#\\\/schema\\\/person\\\/38f54b3bfd13f561de2460ba95c169c6\",\"name\":\"Admin\",\"image\":{\"@type\":\"ImageObject\",\"inLanguage\":\"es\",\"@id\":\"https:\\\/\\\/diariofemenino.com.ar\\\/df\\\/wp-content\\\/uploads\\\/2018\\\/12\\\/favicon-150x150.jpg\",\"url\":\"https:\\\/\\\/diariofemenino.com.ar\\\/df\\\/wp-content\\\/uploads\\\/2018\\\/12\\\/favicon-150x150.jpg\",\"contentUrl\":\"https:\\\/\\\/diariofemenino.com.ar\\\/df\\\/wp-content\\\/uploads\\\/2018\\\/12\\\/favicon-150x150.jpg\",\"caption\":\"Admin\"},\"url\":\"https:\\\/\\\/diariofemenino.com.ar\\\/df\\\/author\\\/adm18df\\\/\"}]}<\/script>\n<!-- \/ Yoast SEO plugin. -->","yoast_head_json":{"title":"Recomendaciones de las Mujeres Latinoamericanas sobre Violencia - Diario Digital Femenino","robots":{"index":"index","follow":"follow","max-snippet":"max-snippet:-1","max-image-preview":"max-image-preview:large","max-video-preview":"max-video-preview:-1"},"canonical":"https:\/\/diariofemenino.com.ar\/df\/recomendaciones-de-las-mujeres-latinoamericanas-sobre-violencia\/","og_locale":"es_ES","og_type":"article","og_title":"Recomendaciones de las Mujeres Latinoamericanas sobre Violencia - Diario Digital Femenino","og_description":"&nbsp; &nbsp; &nbsp; &nbsp; 57\u00aa Sesi\u00f3n de la Comisi\u00f3n sobre la Condici\u00f3n de la Mujer de ONU\u00a0 Este a\u00f1o, la\u00a0Comisi\u00f3n sobre la Condici\u00f3n de la Mujer de Naciones Unidas\u00a0analizar\u00e1 y propondr\u00e1 soluciones para eliminar, atender y prevenir la violencia contra mujeres y ni\u00f1as. Encabezada por Michelle Bachelet, Secretaria General Adjunta y Directora Ejecutiva de ONU [&hellip;]","og_url":"https:\/\/diariofemenino.com.ar\/df\/recomendaciones-de-las-mujeres-latinoamericanas-sobre-violencia\/","og_site_name":"Diario Digital Femenino","article_publisher":"https:\/\/www.facebook.com\/DiarioDigitaFemenino\/","article_published_time":"2013-03-02T02:44:33+00:00","og_image":[{"url":"http:\/\/www.diariofemenino.com.ar\/wp-content\/uploads\/logo-feim-color6.png","type":"","width":"","height":""}],"author":"Admin","twitter_card":"summary_large_image","twitter_creator":"@DiarioFemenino1","twitter_site":"@DiarioFemenino1","twitter_misc":{"Escrito por":"Admin","Tiempo de lectura":"3 minutos"},"schema":{"@context":"https:\/\/schema.org","@graph":[{"@type":"Article","@id":"https:\/\/diariofemenino.com.ar\/df\/recomendaciones-de-las-mujeres-latinoamericanas-sobre-violencia\/#article","isPartOf":{"@id":"https:\/\/diariofemenino.com.ar\/df\/recomendaciones-de-las-mujeres-latinoamericanas-sobre-violencia\/"},"author":{"name":"Admin","@id":"https:\/\/diariofemenino.com.ar\/df\/#\/schema\/person\/38f54b3bfd13f561de2460ba95c169c6"},"headline":"Recomendaciones de las Mujeres Latinoamericanas sobre Violencia","datePublished":"2013-03-02T02:44:33+00:00","mainEntityOfPage":{"@id":"https:\/\/diariofemenino.com.ar\/df\/recomendaciones-de-las-mujeres-latinoamericanas-sobre-violencia\/"},"wordCount":634,"commentCount":0,"publisher":{"@id":"https:\/\/diariofemenino.com.ar\/df\/#organization"},"image":{"@id":"https:\/\/diariofemenino.com.ar\/df\/recomendaciones-de-las-mujeres-latinoamericanas-sobre-violencia\/#primaryimage"},"thumbnailUrl":"http:\/\/www.diariofemenino.com.ar\/wp-content\/uploads\/logo-feim-color6.png","articleSection":["Aborto","De la Revoluci\u00f3n al Reaprendizaje","Medios"],"inLanguage":"es","potentialAction":[{"@type":"CommentAction","name":"Comment","target":["https:\/\/diariofemenino.com.ar\/df\/recomendaciones-de-las-mujeres-latinoamericanas-sobre-violencia\/#respond"]}]},{"@type":"WebPage","@id":"https:\/\/diariofemenino.com.ar\/df\/recomendaciones-de-las-mujeres-latinoamericanas-sobre-violencia\/","url":"https:\/\/diariofemenino.com.ar\/df\/recomendaciones-de-las-mujeres-latinoamericanas-sobre-violencia\/","name":"Recomendaciones de las Mujeres Latinoamericanas sobre Violencia - Diario Digital Femenino","isPartOf":{"@id":"https:\/\/diariofemenino.com.ar\/df\/#website"},"primaryImageOfPage":{"@id":"https:\/\/diariofemenino.com.ar\/df\/recomendaciones-de-las-mujeres-latinoamericanas-sobre-violencia\/#primaryimage"},"image":{"@id":"https:\/\/diariofemenino.com.ar\/df\/recomendaciones-de-las-mujeres-latinoamericanas-sobre-violencia\/#primaryimage"},"thumbnailUrl":"http:\/\/www.diariofemenino.com.ar\/wp-content\/uploads\/logo-feim-color6.png","datePublished":"2013-03-02T02:44:33+00:00","breadcrumb":{"@id":"https:\/\/diariofemenino.com.ar\/df\/recomendaciones-de-las-mujeres-latinoamericanas-sobre-violencia\/#breadcrumb"},"inLanguage":"es","potentialAction":[{"@type":"ReadAction","target":["https:\/\/diariofemenino.com.ar\/df\/recomendaciones-de-las-mujeres-latinoamericanas-sobre-violencia\/"]}]},{"@type":"ImageObject","inLanguage":"es","@id":"https:\/\/diariofemenino.com.ar\/df\/recomendaciones-de-las-mujeres-latinoamericanas-sobre-violencia\/#primaryimage","url":"http:\/\/www.diariofemenino.com.ar\/wp-content\/uploads\/logo-feim-color6.png","contentUrl":"http:\/\/www.diariofemenino.com.ar\/wp-content\/uploads\/logo-feim-color6.png"},{"@type":"BreadcrumbList","@id":"https:\/\/diariofemenino.com.ar\/df\/recomendaciones-de-las-mujeres-latinoamericanas-sobre-violencia\/#breadcrumb","itemListElement":[{"@type":"ListItem","position":1,"name":"Portada","item":"https:\/\/diariofemenino.com.ar\/df\/"},{"@type":"ListItem","position":2,"name":"Recomendaciones de las Mujeres Latinoamericanas sobre Violencia"}]},{"@type":"WebSite","@id":"https:\/\/diariofemenino.com.ar\/df\/#website","url":"https:\/\/diariofemenino.com.ar\/df\/","name":"Diario Digital Femenino","description":"Cuesti\u00f3n de G\u00e9nero","publisher":{"@id":"https:\/\/diariofemenino.com.ar\/df\/#organization"},"potentialAction":[{"@type":"SearchAction","target":{"@type":"EntryPoint","urlTemplate":"https:\/\/diariofemenino.com.ar\/df\/?s={search_term_string}"},"query-input":{"@type":"PropertyValueSpecification","valueRequired":true,"valueName":"search_term_string"}}],"inLanguage":"es"},{"@type":"Organization","@id":"https:\/\/diariofemenino.com.ar\/df\/#organization","name":"Diario Femenino","url":"https:\/\/diariofemenino.com.ar\/df\/","logo":{"@type":"ImageObject","inLanguage":"es","@id":"https:\/\/diariofemenino.com.ar\/df\/#\/schema\/logo\/image\/","url":"https:\/\/diariofemenino.com.ar\/df\/wp-content\/uploads\/2018\/10\/logo.png","contentUrl":"https:\/\/diariofemenino.com.ar\/df\/wp-content\/uploads\/2018\/10\/logo.png","width":500,"height":92,"caption":"Diario Femenino"},"image":{"@id":"https:\/\/diariofemenino.com.ar\/df\/#\/schema\/logo\/image\/"},"sameAs":["https:\/\/www.facebook.com\/DiarioDigitaFemenino\/","https:\/\/x.com\/DiarioFemenino1"]},{"@type":"Person","@id":"https:\/\/diariofemenino.com.ar\/df\/#\/schema\/person\/38f54b3bfd13f561de2460ba95c169c6","name":"Admin","image":{"@type":"ImageObject","inLanguage":"es","@id":"https:\/\/diariofemenino.com.ar\/df\/wp-content\/uploads\/2018\/12\/favicon-150x150.jpg","url":"https:\/\/diariofemenino.com.ar\/df\/wp-content\/uploads\/2018\/12\/favicon-150x150.jpg","contentUrl":"https:\/\/diariofemenino.com.ar\/df\/wp-content\/uploads\/2018\/12\/favicon-150x150.jpg","caption":"Admin"},"url":"https:\/\/diariofemenino.com.ar\/df\/author\/adm18df\/"}]}},"jetpack_featured_media_url":"","jetpack_sharing_enabled":true,"rttpg_featured_image_url":null,"rttpg_author":{"display_name":"Admin","author_link":"https:\/\/diariofemenino.com.ar\/df\/author\/adm18df\/"},"rttpg_comment":0,"rttpg_category":"<a href=\"https:\/\/diariofemenino.com.ar\/df\/category\/aborto\/\" rel=\"category tag\">Aborto<\/a> <a href=\"https:\/\/diariofemenino.com.ar\/df\/category\/de-la-revolucion-al-reaprendizaje\/\" rel=\"category tag\">De la Revoluci\u00f3n al Reaprendizaje<\/a> <a href=\"https:\/\/diariofemenino.com.ar\/df\/category\/medios\/\" rel=\"category tag\">Medios<\/a>","rttpg_excerpt":"&nbsp; &nbsp; &nbsp; &nbsp; 57\u00aa Sesi\u00f3n de la Comisi\u00f3n sobre la Condici\u00f3n de la Mujer de ONU\u00a0 Este a\u00f1o, la\u00a0Comisi\u00f3n sobre la Condici\u00f3n de la Mujer de Naciones Unidas\u00a0analizar\u00e1 y propondr\u00e1 soluciones para eliminar, atender y prevenir la violencia contra mujeres y ni\u00f1as. Encabezada por Michelle Bachelet, Secretaria General Adjunta y Directora Ejecutiva de ONU&hellip;","_links":{"self":[{"href":"https:\/\/diariofemenino.com.ar\/df\/wp-json\/wp\/v2\/posts\/5741","targetHints":{"allow":["GET"]}}],"collection":[{"href":"https:\/\/diariofemenino.com.ar\/df\/wp-json\/wp\/v2\/posts"}],"about":[{"href":"https:\/\/diariofemenino.com.ar\/df\/wp-json\/wp\/v2\/types\/post"}],"author":[{"embeddable":true,"href":"https:\/\/diariofemenino.com.ar\/df\/wp-json\/wp\/v2\/users\/1"}],"replies":[{"embeddable":true,"href":"https:\/\/diariofemenino.com.ar\/df\/wp-json\/wp\/v2\/comments?post=5741"}],"version-history":[{"count":0,"href":"https:\/\/diariofemenino.com.ar\/df\/wp-json\/wp\/v2\/posts\/5741\/revisions"}],"wp:attachment":[{"href":"https:\/\/diariofemenino.com.ar\/df\/wp-json\/wp\/v2\/media?parent=5741"}],"wp:term":[{"taxonomy":"category","embeddable":true,"href":"https:\/\/diariofemenino.com.ar\/df\/wp-json\/wp\/v2\/categories?post=5741"},{"taxonomy":"post_tag","embeddable":true,"href":"https:\/\/diariofemenino.com.ar\/df\/wp-json\/wp\/v2\/tags?post=5741"}],"curies":[{"name":"wp","href":"https:\/\/api.w.org\/{rel}","templated":true}]}}