{"id":5724,"date":"2013-03-01T11:23:43","date_gmt":"2013-03-01T14:23:43","guid":{"rendered":"http:\/\/www.diariofemenino.com.ar\/?p=5724"},"modified":"2013-03-01T11:23:43","modified_gmt":"2013-03-01T14:23:43","slug":"talleres-de-sensibilizacion-para-la-plena-vigencia-de-la-ley-de-violencia-de-genero","status":"publish","type":"post","link":"https:\/\/diariofemenino.com.ar\/df\/talleres-de-sensibilizacion-para-la-plena-vigencia-de-la-ley-de-violencia-de-genero\/","title":{"rendered":"Talleres de sensibilizaci\u00f3n para la plena vigencia de la ley de violencia de g\u00e9nero"},"content":{"rendered":"<p>&nbsp;<br \/>\n&nbsp;<br \/>\n&nbsp;<br \/>\n<a href=\"http:\/\/www.diariofemenino.com.ar\/wp-content\/uploads\/victima_200_200.jpg\"><img loading=\"lazy\" decoding=\"async\" class=\"alignleft size-full wp-image-5725\" title=\"victima_200_200\" src=\"http:\/\/www.diariofemenino.com.ar\/wp-content\/uploads\/victima_200_200.jpg\" alt=\"\" width=\"200\" height=\"200\" \/><\/a>Organizado por la Corte de Justicia de Salta y el INADI, se impartir\u00e1 en esta ciudad \u201cTaller de sensibilizaci\u00f3n para la plena vigencia de la Ley de Violencia de G\u00e9nero\u201d. Esta actividad, destinada especialmente a los equipos t\u00e9cnicos de la Oficina de Violencia Familiar y de las \u00e1reas de Psicolog\u00eda y de Servicio Social del Poder Judicial, se realizar\u00e1 el pr\u00f3ximo d\u00eda viernes 8 de marzo, D\u00eda Internacional de la Mujer.<br \/>\nEl taller de sensibilizaci\u00f3n cuenta con el apoyo de la Comisi\u00f3n de la Mujer de la Universidad Nacional de Salta y la Comisi\u00f3n Nacional para la Elaboraci\u00f3n de Sanciones de la Violencia de G\u00e9nero (CONSaVIG), que coordina Perla Prigoshin.<br \/>\nEn una comunicaci\u00f3n de prensa difundida ayer, la Corte de Justicia de Salta recuerda que el Congreso de la Naci\u00f3n dict\u00f3 en 2009 la Ley 26.485, llamada de protecci\u00f3n integral, con el objeto de \u00abprevenir, sancionar y erradicar la violencia contra las mujeres en los \u00e1mbitos en que desarrollen sus relaciones interpersonales\u00bb.<br \/>\nRecuerda tambi\u00e9n que, en el mismo a\u00f1o, la Corte Suprema de Justicia de la Naci\u00f3n cre\u00f3 la Oficina de la Mujer, con la finalidad de incorporar dentro del Poder Judicial \u00abuna mirada sensible a las cuestiones de g\u00e9nero, que impacte en la calidad y eficiencia de la prestaci\u00f3n del servicio de justicia\u00bb.<br \/>\nCon esta finalidad es la actividad programada busca dotar a los equipos t\u00e9cnicos del Poder Judicial de herramientas conceptuales que posibiliten el debido cumplimiento de la Ley y desterrar a la vez prejuicios de g\u00e9nero.<br \/>\n&nbsp;<br \/>\n&nbsp;<br \/>\n&nbsp;<br \/>\n&nbsp;<br \/>\nFuente: Perla Prigoshin &#8211; Noticias Iruya.com<\/p>\n","protected":false},"excerpt":{"rendered":"<p>&nbsp; &nbsp; &nbsp; Organizado por la Corte de Justicia de Salta y el INADI, se impartir\u00e1 en esta ciudad \u201cTaller de sensibilizaci\u00f3n para la plena vigencia de la Ley de Violencia de G\u00e9nero\u201d. Esta actividad, destinada especialmente a los equipos t\u00e9cnicos de la Oficina de Violencia Familiar y de las \u00e1reas de Psicolog\u00eda y de [&hellip;]<\/p>\n","protected":false},"author":1,"featured_media":0,"comment_status":"open","ping_status":"open","sticky":false,"template":"","format":"standard","meta":{"iawp_total_views":2,"footnotes":""},"categories":[22,7],"tags":[],"class_list":["post-5724","post","type-post","status-publish","format-standard","hentry","category-aborto","category-actividades"],"nelio_content":{"autoShareEndMode":"never","automationSources":{"useCustomSentences":false,"customSentences":[]},"efiAlt":"","efiUrl":"","followers":[],"highlights":[],"isAutoShareEnabled":true,"networkImageIds":[],"permalinkQueryArgs":[],"series":[],"suggestedReferences":[]},"yoast_head":"<!-- This site is optimized with the Yoast SEO plugin v27.4 - https:\/\/yoast.com\/product\/yoast-seo-wordpress\/ -->\n<title>Talleres de sensibilizaci\u00f3n para la plena vigencia de la ley de violencia de g\u00e9nero - Diario Digital Femenino<\/title>\n<meta name=\"robots\" content=\"index, follow, max-snippet:-1, max-image-preview:large, max-video-preview:-1\" \/>\n<link rel=\"canonical\" href=\"https:\/\/diariofemenino.com.ar\/df\/talleres-de-sensibilizacion-para-la-plena-vigencia-de-la-ley-de-violencia-de-genero\/\" \/>\n<meta property=\"og:locale\" content=\"es_ES\" \/>\n<meta property=\"og:type\" content=\"article\" \/>\n<meta property=\"og:title\" content=\"Talleres de sensibilizaci\u00f3n para la plena vigencia de la ley de violencia de g\u00e9nero - Diario Digital Femenino\" \/>\n<meta property=\"og:description\" content=\"&nbsp; &nbsp; &nbsp; Organizado por la Corte de Justicia de Salta y el INADI, se impartir\u00e1 en esta ciudad \u201cTaller de sensibilizaci\u00f3n para la plena vigencia de la Ley de Violencia de G\u00e9nero\u201d. Esta actividad, destinada especialmente a los equipos t\u00e9cnicos de la Oficina de Violencia Familiar y de las \u00e1reas de Psicolog\u00eda y de [&hellip;]\" \/>\n<meta property=\"og:url\" content=\"https:\/\/diariofemenino.com.ar\/df\/talleres-de-sensibilizacion-para-la-plena-vigencia-de-la-ley-de-violencia-de-genero\/\" \/>\n<meta property=\"og:site_name\" content=\"Diario Digital Femenino\" \/>\n<meta property=\"article:publisher\" content=\"https:\/\/www.facebook.com\/DiarioDigitaFemenino\/\" \/>\n<meta property=\"article:published_time\" content=\"2013-03-01T14:23:43+00:00\" \/>\n<meta property=\"og:image\" content=\"http:\/\/www.diariofemenino.com.ar\/wp-content\/uploads\/victima_200_200.jpg\" \/>\n<meta name=\"author\" content=\"Admin\" \/>\n<meta name=\"twitter:card\" content=\"summary_large_image\" \/>\n<meta name=\"twitter:creator\" content=\"@DiarioFemenino1\" \/>\n<meta name=\"twitter:site\" content=\"@DiarioFemenino1\" \/>\n<meta name=\"twitter:label1\" content=\"Escrito por\" \/>\n\t<meta name=\"twitter:data1\" content=\"Admin\" \/>\n\t<meta name=\"twitter:label2\" content=\"Tiempo de lectura\" \/>\n\t<meta name=\"twitter:data2\" content=\"1 minuto\" \/>\n<script type=\"application\/ld+json\" class=\"yoast-schema-graph\">{\"@context\":\"https:\\\/\\\/schema.org\",\"@graph\":[{\"@type\":\"Article\",\"@id\":\"https:\\\/\\\/diariofemenino.com.ar\\\/df\\\/talleres-de-sensibilizacion-para-la-plena-vigencia-de-la-ley-de-violencia-de-genero\\\/#article\",\"isPartOf\":{\"@id\":\"https:\\\/\\\/diariofemenino.com.ar\\\/df\\\/talleres-de-sensibilizacion-para-la-plena-vigencia-de-la-ley-de-violencia-de-genero\\\/\"},\"author\":{\"name\":\"Admin\",\"@id\":\"https:\\\/\\\/diariofemenino.com.ar\\\/df\\\/#\\\/schema\\\/person\\\/38f54b3bfd13f561de2460ba95c169c6\"},\"headline\":\"Talleres de sensibilizaci\u00f3n para la plena vigencia de la ley de violencia de g\u00e9nero\",\"datePublished\":\"2013-03-01T14:23:43+00:00\",\"mainEntityOfPage\":{\"@id\":\"https:\\\/\\\/diariofemenino.com.ar\\\/df\\\/talleres-de-sensibilizacion-para-la-plena-vigencia-de-la-ley-de-violencia-de-genero\\\/\"},\"wordCount\":298,\"commentCount\":0,\"publisher\":{\"@id\":\"https:\\\/\\\/diariofemenino.com.ar\\\/df\\\/#organization\"},\"image\":{\"@id\":\"https:\\\/\\\/diariofemenino.com.ar\\\/df\\\/talleres-de-sensibilizacion-para-la-plena-vigencia-de-la-ley-de-violencia-de-genero\\\/#primaryimage\"},\"thumbnailUrl\":\"http:\\\/\\\/www.diariofemenino.com.ar\\\/wp-content\\\/uploads\\\/victima_200_200.jpg\",\"articleSection\":[\"Aborto\",\"Actividades\"],\"inLanguage\":\"es\",\"potentialAction\":[{\"@type\":\"CommentAction\",\"name\":\"Comment\",\"target\":[\"https:\\\/\\\/diariofemenino.com.ar\\\/df\\\/talleres-de-sensibilizacion-para-la-plena-vigencia-de-la-ley-de-violencia-de-genero\\\/#respond\"]}]},{\"@type\":\"WebPage\",\"@id\":\"https:\\\/\\\/diariofemenino.com.ar\\\/df\\\/talleres-de-sensibilizacion-para-la-plena-vigencia-de-la-ley-de-violencia-de-genero\\\/\",\"url\":\"https:\\\/\\\/diariofemenino.com.ar\\\/df\\\/talleres-de-sensibilizacion-para-la-plena-vigencia-de-la-ley-de-violencia-de-genero\\\/\",\"name\":\"Talleres de sensibilizaci\u00f3n para la plena vigencia de la ley de violencia de g\u00e9nero - Diario Digital Femenino\",\"isPartOf\":{\"@id\":\"https:\\\/\\\/diariofemenino.com.ar\\\/df\\\/#website\"},\"primaryImageOfPage\":{\"@id\":\"https:\\\/\\\/diariofemenino.com.ar\\\/df\\\/talleres-de-sensibilizacion-para-la-plena-vigencia-de-la-ley-de-violencia-de-genero\\\/#primaryimage\"},\"image\":{\"@id\":\"https:\\\/\\\/diariofemenino.com.ar\\\/df\\\/talleres-de-sensibilizacion-para-la-plena-vigencia-de-la-ley-de-violencia-de-genero\\\/#primaryimage\"},\"thumbnailUrl\":\"http:\\\/\\\/www.diariofemenino.com.ar\\\/wp-content\\\/uploads\\\/victima_200_200.jpg\",\"datePublished\":\"2013-03-01T14:23:43+00:00\",\"breadcrumb\":{\"@id\":\"https:\\\/\\\/diariofemenino.com.ar\\\/df\\\/talleres-de-sensibilizacion-para-la-plena-vigencia-de-la-ley-de-violencia-de-genero\\\/#breadcrumb\"},\"inLanguage\":\"es\",\"potentialAction\":[{\"@type\":\"ReadAction\",\"target\":[\"https:\\\/\\\/diariofemenino.com.ar\\\/df\\\/talleres-de-sensibilizacion-para-la-plena-vigencia-de-la-ley-de-violencia-de-genero\\\/\"]}]},{\"@type\":\"ImageObject\",\"inLanguage\":\"es\",\"@id\":\"https:\\\/\\\/diariofemenino.com.ar\\\/df\\\/talleres-de-sensibilizacion-para-la-plena-vigencia-de-la-ley-de-violencia-de-genero\\\/#primaryimage\",\"url\":\"http:\\\/\\\/www.diariofemenino.com.ar\\\/wp-content\\\/uploads\\\/victima_200_200.jpg\",\"contentUrl\":\"http:\\\/\\\/www.diariofemenino.com.ar\\\/wp-content\\\/uploads\\\/victima_200_200.jpg\"},{\"@type\":\"BreadcrumbList\",\"@id\":\"https:\\\/\\\/diariofemenino.com.ar\\\/df\\\/talleres-de-sensibilizacion-para-la-plena-vigencia-de-la-ley-de-violencia-de-genero\\\/#breadcrumb\",\"itemListElement\":[{\"@type\":\"ListItem\",\"position\":1,\"name\":\"Portada\",\"item\":\"https:\\\/\\\/diariofemenino.com.ar\\\/df\\\/\"},{\"@type\":\"ListItem\",\"position\":2,\"name\":\"Talleres de sensibilizaci\u00f3n para la plena vigencia de la ley de violencia de g\u00e9nero\"}]},{\"@type\":\"WebSite\",\"@id\":\"https:\\\/\\\/diariofemenino.com.ar\\\/df\\\/#website\",\"url\":\"https:\\\/\\\/diariofemenino.com.ar\\\/df\\\/\",\"name\":\"Diario Digital Femenino\",\"description\":\"Cuesti\u00f3n de G\u00e9nero\",\"publisher\":{\"@id\":\"https:\\\/\\\/diariofemenino.com.ar\\\/df\\\/#organization\"},\"potentialAction\":[{\"@type\":\"SearchAction\",\"target\":{\"@type\":\"EntryPoint\",\"urlTemplate\":\"https:\\\/\\\/diariofemenino.com.ar\\\/df\\\/?s={search_term_string}\"},\"query-input\":{\"@type\":\"PropertyValueSpecification\",\"valueRequired\":true,\"valueName\":\"search_term_string\"}}],\"inLanguage\":\"es\"},{\"@type\":\"Organization\",\"@id\":\"https:\\\/\\\/diariofemenino.com.ar\\\/df\\\/#organization\",\"name\":\"Diario Femenino\",\"url\":\"https:\\\/\\\/diariofemenino.com.ar\\\/df\\\/\",\"logo\":{\"@type\":\"ImageObject\",\"inLanguage\":\"es\",\"@id\":\"https:\\\/\\\/diariofemenino.com.ar\\\/df\\\/#\\\/schema\\\/logo\\\/image\\\/\",\"url\":\"https:\\\/\\\/diariofemenino.com.ar\\\/df\\\/wp-content\\\/uploads\\\/2018\\\/10\\\/logo.png\",\"contentUrl\":\"https:\\\/\\\/diariofemenino.com.ar\\\/df\\\/wp-content\\\/uploads\\\/2018\\\/10\\\/logo.png\",\"width\":500,\"height\":92,\"caption\":\"Diario Femenino\"},\"image\":{\"@id\":\"https:\\\/\\\/diariofemenino.com.ar\\\/df\\\/#\\\/schema\\\/logo\\\/image\\\/\"},\"sameAs\":[\"https:\\\/\\\/www.facebook.com\\\/DiarioDigitaFemenino\\\/\",\"https:\\\/\\\/x.com\\\/DiarioFemenino1\"]},{\"@type\":\"Person\",\"@id\":\"https:\\\/\\\/diariofemenino.com.ar\\\/df\\\/#\\\/schema\\\/person\\\/38f54b3bfd13f561de2460ba95c169c6\",\"name\":\"Admin\",\"image\":{\"@type\":\"ImageObject\",\"inLanguage\":\"es\",\"@id\":\"https:\\\/\\\/diariofemenino.com.ar\\\/df\\\/wp-content\\\/uploads\\\/2018\\\/12\\\/favicon-150x150.jpg\",\"url\":\"https:\\\/\\\/diariofemenino.com.ar\\\/df\\\/wp-content\\\/uploads\\\/2018\\\/12\\\/favicon-150x150.jpg\",\"contentUrl\":\"https:\\\/\\\/diariofemenino.com.ar\\\/df\\\/wp-content\\\/uploads\\\/2018\\\/12\\\/favicon-150x150.jpg\",\"caption\":\"Admin\"},\"url\":\"https:\\\/\\\/diariofemenino.com.ar\\\/df\\\/author\\\/adm18df\\\/\"}]}<\/script>\n<!-- \/ Yoast SEO plugin. -->","yoast_head_json":{"title":"Talleres de sensibilizaci\u00f3n para la plena vigencia de la ley de violencia de g\u00e9nero - Diario Digital Femenino","robots":{"index":"index","follow":"follow","max-snippet":"max-snippet:-1","max-image-preview":"max-image-preview:large","max-video-preview":"max-video-preview:-1"},"canonical":"https:\/\/diariofemenino.com.ar\/df\/talleres-de-sensibilizacion-para-la-plena-vigencia-de-la-ley-de-violencia-de-genero\/","og_locale":"es_ES","og_type":"article","og_title":"Talleres de sensibilizaci\u00f3n para la plena vigencia de la ley de violencia de g\u00e9nero - Diario Digital Femenino","og_description":"&nbsp; &nbsp; &nbsp; Organizado por la Corte de Justicia de Salta y el INADI, se impartir\u00e1 en esta ciudad \u201cTaller de sensibilizaci\u00f3n para la plena vigencia de la Ley de Violencia de G\u00e9nero\u201d. Esta actividad, destinada especialmente a los equipos t\u00e9cnicos de la Oficina de Violencia Familiar y de las \u00e1reas de Psicolog\u00eda y de [&hellip;]","og_url":"https:\/\/diariofemenino.com.ar\/df\/talleres-de-sensibilizacion-para-la-plena-vigencia-de-la-ley-de-violencia-de-genero\/","og_site_name":"Diario Digital Femenino","article_publisher":"https:\/\/www.facebook.com\/DiarioDigitaFemenino\/","article_published_time":"2013-03-01T14:23:43+00:00","og_image":[{"url":"http:\/\/www.diariofemenino.com.ar\/wp-content\/uploads\/victima_200_200.jpg","type":"","width":"","height":""}],"author":"Admin","twitter_card":"summary_large_image","twitter_creator":"@DiarioFemenino1","twitter_site":"@DiarioFemenino1","twitter_misc":{"Escrito por":"Admin","Tiempo de lectura":"1 minuto"},"schema":{"@context":"https:\/\/schema.org","@graph":[{"@type":"Article","@id":"https:\/\/diariofemenino.com.ar\/df\/talleres-de-sensibilizacion-para-la-plena-vigencia-de-la-ley-de-violencia-de-genero\/#article","isPartOf":{"@id":"https:\/\/diariofemenino.com.ar\/df\/talleres-de-sensibilizacion-para-la-plena-vigencia-de-la-ley-de-violencia-de-genero\/"},"author":{"name":"Admin","@id":"https:\/\/diariofemenino.com.ar\/df\/#\/schema\/person\/38f54b3bfd13f561de2460ba95c169c6"},"headline":"Talleres de sensibilizaci\u00f3n para la plena vigencia de la ley de violencia de g\u00e9nero","datePublished":"2013-03-01T14:23:43+00:00","mainEntityOfPage":{"@id":"https:\/\/diariofemenino.com.ar\/df\/talleres-de-sensibilizacion-para-la-plena-vigencia-de-la-ley-de-violencia-de-genero\/"},"wordCount":298,"commentCount":0,"publisher":{"@id":"https:\/\/diariofemenino.com.ar\/df\/#organization"},"image":{"@id":"https:\/\/diariofemenino.com.ar\/df\/talleres-de-sensibilizacion-para-la-plena-vigencia-de-la-ley-de-violencia-de-genero\/#primaryimage"},"thumbnailUrl":"http:\/\/www.diariofemenino.com.ar\/wp-content\/uploads\/victima_200_200.jpg","articleSection":["Aborto","Actividades"],"inLanguage":"es","potentialAction":[{"@type":"CommentAction","name":"Comment","target":["https:\/\/diariofemenino.com.ar\/df\/talleres-de-sensibilizacion-para-la-plena-vigencia-de-la-ley-de-violencia-de-genero\/#respond"]}]},{"@type":"WebPage","@id":"https:\/\/diariofemenino.com.ar\/df\/talleres-de-sensibilizacion-para-la-plena-vigencia-de-la-ley-de-violencia-de-genero\/","url":"https:\/\/diariofemenino.com.ar\/df\/talleres-de-sensibilizacion-para-la-plena-vigencia-de-la-ley-de-violencia-de-genero\/","name":"Talleres de sensibilizaci\u00f3n para la plena vigencia de la ley de violencia de g\u00e9nero - Diario Digital Femenino","isPartOf":{"@id":"https:\/\/diariofemenino.com.ar\/df\/#website"},"primaryImageOfPage":{"@id":"https:\/\/diariofemenino.com.ar\/df\/talleres-de-sensibilizacion-para-la-plena-vigencia-de-la-ley-de-violencia-de-genero\/#primaryimage"},"image":{"@id":"https:\/\/diariofemenino.com.ar\/df\/talleres-de-sensibilizacion-para-la-plena-vigencia-de-la-ley-de-violencia-de-genero\/#primaryimage"},"thumbnailUrl":"http:\/\/www.diariofemenino.com.ar\/wp-content\/uploads\/victima_200_200.jpg","datePublished":"2013-03-01T14:23:43+00:00","breadcrumb":{"@id":"https:\/\/diariofemenino.com.ar\/df\/talleres-de-sensibilizacion-para-la-plena-vigencia-de-la-ley-de-violencia-de-genero\/#breadcrumb"},"inLanguage":"es","potentialAction":[{"@type":"ReadAction","target":["https:\/\/diariofemenino.com.ar\/df\/talleres-de-sensibilizacion-para-la-plena-vigencia-de-la-ley-de-violencia-de-genero\/"]}]},{"@type":"ImageObject","inLanguage":"es","@id":"https:\/\/diariofemenino.com.ar\/df\/talleres-de-sensibilizacion-para-la-plena-vigencia-de-la-ley-de-violencia-de-genero\/#primaryimage","url":"http:\/\/www.diariofemenino.com.ar\/wp-content\/uploads\/victima_200_200.jpg","contentUrl":"http:\/\/www.diariofemenino.com.ar\/wp-content\/uploads\/victima_200_200.jpg"},{"@type":"BreadcrumbList","@id":"https:\/\/diariofemenino.com.ar\/df\/talleres-de-sensibilizacion-para-la-plena-vigencia-de-la-ley-de-violencia-de-genero\/#breadcrumb","itemListElement":[{"@type":"ListItem","position":1,"name":"Portada","item":"https:\/\/diariofemenino.com.ar\/df\/"},{"@type":"ListItem","position":2,"name":"Talleres de sensibilizaci\u00f3n para la plena vigencia de la ley de violencia de g\u00e9nero"}]},{"@type":"WebSite","@id":"https:\/\/diariofemenino.com.ar\/df\/#website","url":"https:\/\/diariofemenino.com.ar\/df\/","name":"Diario Digital Femenino","description":"Cuesti\u00f3n de G\u00e9nero","publisher":{"@id":"https:\/\/diariofemenino.com.ar\/df\/#organization"},"potentialAction":[{"@type":"SearchAction","target":{"@type":"EntryPoint","urlTemplate":"https:\/\/diariofemenino.com.ar\/df\/?s={search_term_string}"},"query-input":{"@type":"PropertyValueSpecification","valueRequired":true,"valueName":"search_term_string"}}],"inLanguage":"es"},{"@type":"Organization","@id":"https:\/\/diariofemenino.com.ar\/df\/#organization","name":"Diario Femenino","url":"https:\/\/diariofemenino.com.ar\/df\/","logo":{"@type":"ImageObject","inLanguage":"es","@id":"https:\/\/diariofemenino.com.ar\/df\/#\/schema\/logo\/image\/","url":"https:\/\/diariofemenino.com.ar\/df\/wp-content\/uploads\/2018\/10\/logo.png","contentUrl":"https:\/\/diariofemenino.com.ar\/df\/wp-content\/uploads\/2018\/10\/logo.png","width":500,"height":92,"caption":"Diario Femenino"},"image":{"@id":"https:\/\/diariofemenino.com.ar\/df\/#\/schema\/logo\/image\/"},"sameAs":["https:\/\/www.facebook.com\/DiarioDigitaFemenino\/","https:\/\/x.com\/DiarioFemenino1"]},{"@type":"Person","@id":"https:\/\/diariofemenino.com.ar\/df\/#\/schema\/person\/38f54b3bfd13f561de2460ba95c169c6","name":"Admin","image":{"@type":"ImageObject","inLanguage":"es","@id":"https:\/\/diariofemenino.com.ar\/df\/wp-content\/uploads\/2018\/12\/favicon-150x150.jpg","url":"https:\/\/diariofemenino.com.ar\/df\/wp-content\/uploads\/2018\/12\/favicon-150x150.jpg","contentUrl":"https:\/\/diariofemenino.com.ar\/df\/wp-content\/uploads\/2018\/12\/favicon-150x150.jpg","caption":"Admin"},"url":"https:\/\/diariofemenino.com.ar\/df\/author\/adm18df\/"}]}},"jetpack_featured_media_url":"","jetpack_sharing_enabled":true,"rttpg_featured_image_url":null,"rttpg_author":{"display_name":"Admin","author_link":"https:\/\/diariofemenino.com.ar\/df\/author\/adm18df\/"},"rttpg_comment":0,"rttpg_category":"<a href=\"https:\/\/diariofemenino.com.ar\/df\/category\/aborto\/\" rel=\"category tag\">Aborto<\/a> <a href=\"https:\/\/diariofemenino.com.ar\/df\/category\/actividades\/\" rel=\"category tag\">Actividades<\/a>","rttpg_excerpt":"&nbsp; &nbsp; &nbsp; Organizado por la Corte de Justicia de Salta y el INADI, se impartir\u00e1 en esta ciudad \u201cTaller de sensibilizaci\u00f3n para la plena vigencia de la Ley de Violencia de G\u00e9nero\u201d. Esta actividad, destinada especialmente a los equipos t\u00e9cnicos de la Oficina de Violencia Familiar y de las \u00e1reas de Psicolog\u00eda y de&hellip;","_links":{"self":[{"href":"https:\/\/diariofemenino.com.ar\/df\/wp-json\/wp\/v2\/posts\/5724","targetHints":{"allow":["GET"]}}],"collection":[{"href":"https:\/\/diariofemenino.com.ar\/df\/wp-json\/wp\/v2\/posts"}],"about":[{"href":"https:\/\/diariofemenino.com.ar\/df\/wp-json\/wp\/v2\/types\/post"}],"author":[{"embeddable":true,"href":"https:\/\/diariofemenino.com.ar\/df\/wp-json\/wp\/v2\/users\/1"}],"replies":[{"embeddable":true,"href":"https:\/\/diariofemenino.com.ar\/df\/wp-json\/wp\/v2\/comments?post=5724"}],"version-history":[{"count":0,"href":"https:\/\/diariofemenino.com.ar\/df\/wp-json\/wp\/v2\/posts\/5724\/revisions"}],"wp:attachment":[{"href":"https:\/\/diariofemenino.com.ar\/df\/wp-json\/wp\/v2\/media?parent=5724"}],"wp:term":[{"taxonomy":"category","embeddable":true,"href":"https:\/\/diariofemenino.com.ar\/df\/wp-json\/wp\/v2\/categories?post=5724"},{"taxonomy":"post_tag","embeddable":true,"href":"https:\/\/diariofemenino.com.ar\/df\/wp-json\/wp\/v2\/tags?post=5724"}],"curies":[{"name":"wp","href":"https:\/\/api.w.org\/{rel}","templated":true}]}}