{"id":57201,"date":"2021-04-09T13:28:43","date_gmt":"2021-04-09T16:28:43","guid":{"rendered":"https:\/\/diariofemenino.com.ar\/?p=57201"},"modified":"2021-04-09T13:28:43","modified_gmt":"2021-04-09T16:28:43","slug":"la-defensoria-del-publico-actua-frente-a-reclamo-por-programa-viviana-con-vos","status":"publish","type":"post","link":"https:\/\/diariofemenino.com.ar\/df\/la-defensoria-del-publico-actua-frente-a-reclamo-por-programa-viviana-con-vos\/","title":{"rendered":"La Defensor\u00eda del P\u00fablico act\u00faa frente a reclamo por programa: \u00abViviana con Vos\u00bb"},"content":{"rendered":"<p style=\"font-weight: 400;\">La Defensor\u00eda del P\u00fablico act\u00faa frente a reclamo por programa: \u00abViviana con Vos\u00bb. Por contenidos que <a href=\"https:\/\/diariofemenino.com.ar\/organismos-estatales-calificaron-de-inaceptables-los-dichos-de-viviana-canosa-sobre-el-caso-de-la-nina-m\/\">afectan<\/a> la Salud P\u00fablica.<\/p>\n<p><img loading=\"lazy\" decoding=\"async\" class=\" wp-image-57202 aligncenter\" src=\"https:\/\/diariofemenino.com.ar\/df\/wp-content\/uploads\/2021\/04\/viviana-canosa-1024x575.jpg\" alt=\"La Defensor\u00eda del P\u00fablico act\u00faa frente a reclamo por programa: &quot;Viviana con Vos&quot;\" width=\"483\" height=\"271\" srcset=\"https:\/\/diariofemenino.com.ar\/df\/wp-content\/uploads\/2021\/04\/viviana-canosa-1024x575.jpg 1024w, https:\/\/diariofemenino.com.ar\/df\/wp-content\/uploads\/2021\/04\/viviana-canosa-300x169.jpg 300w, https:\/\/diariofemenino.com.ar\/df\/wp-content\/uploads\/2021\/04\/viviana-canosa-768x432.jpg 768w, https:\/\/diariofemenino.com.ar\/df\/wp-content\/uploads\/2021\/04\/viviana-canosa.jpg 1500w\" sizes=\"auto, (max-width: 483px) 100vw, 483px\" \/><\/p>\n<p>La Defensor\u00eda del P\u00fablico act\u00faa frente a reclamo por programa: \u00ab<a href=\"https:\/\/diariofemenino.com.ar\/diputado-que-cambio-su-voto-por-amenazas-apunto-contra-viviana-canosa\/\">Viviana<\/a> con Vos\u00bb<\/p>\n<p style=\"font-weight: 400;\">La <a href=\"https:\/\/defensadelpublico.gob.ar\/\">Defensor\u00eda del P\u00fablico<\/a> le inform\u00f3 a <a href=\"https:\/\/www.americatv.com.ar\/\">Am\u00e9rica TV<\/a> sobre reclamos recibidos por mensajes difundidos en el programa \u00abViviana con Vos\u00bb, emitido por la se\u00f1al A24 el pasado 6 de abril, que se consideran que atentan contra la salud p\u00fablica, y les pidi\u00f3 evaluar posibles medidas de reparaci\u00f3n para promover informaci\u00f3n socialmente relevante en el marco de la pandemia de Covid19.<\/p>\n<p style=\"font-weight: 400;\">Los dichos objetados de la conductora se refieren a un presunto procedimiento de adulteraci\u00f3n de los hisopados sobre el cual no puede precisar ni en qu\u00e9 consiste ni d\u00f3nde ocurre, por lo que pueden convertirse en un mensaje peligroso para la salud p\u00fablica, en tanto, el 6 de abril en el programa de televisi\u00f3n se manifest\u00f3: \u201cAyer me contaban, y lo voy a decir, \u2018M\u00e9dicos por la verdad\u2019 de Espa\u00f1a, que hay una denuncia grav\u00edsima porque en determinados lugares los hisopados tienen unos metales, unas cosas extra\u00f1as, no s\u00e9 c\u00f3mo explicarlo f\u00e1cil, que bueno, te ponen eso y te va a dar positivo porque en realidad no sos vos, es lo que le ponen al hisopado, \u00bfpara qu\u00e9? Para meterte en tu casa\u201d.<\/p>\n<p>De acuerdo con el an\u00e1lisis socio-semi\u00f3tico realizado por la Direcci\u00f3n de An\u00e1lisis, Investigaci\u00f3n y Monitoreo de la Defensor\u00eda del P\u00fablico, \u00abla conductora del programa mediatiza un discurso que promueve el p\u00e1nico social, la alarma y la desinformaci\u00f3n entre las audiencias acerca del sistema de testeos o hisopados que se implementan para detectar y diagnosticar el Covid-19.\u00bb<\/p>\n<p style=\"font-weight: 400;\">\u00abEste conjunto de imprecisiones genera alarma social y promueve desconfianza entre las audiencias sobre los m\u00e9todos de detecci\u00f3n del virus\u00bb, sostuvo el an\u00e1lisis.<br \/>\nLa Defensor\u00eda informar\u00e1 sobre el reclamo ante el Ente Nacional de Comunicaciones (ENACOM) y al Ministerio de Salud de la Naci\u00f3n.<\/p>\n<p style=\"font-weight: 400;\">Tambi\u00e9n propuso a Am\u00e9rica TV una instancia de encuentro \u201cpara profundizar las cuestiones planteadas y evaluar la posibilidad de realizar una reparaci\u00f3n simb\u00f3lica\u201d en pos de brindar informaci\u00f3n concreta y chequeada que pueda orientar a la poblaci\u00f3n, en un contexto de pandemia exige a la comunicaci\u00f3n mayor responsabilidad social.<\/p>\n<p>&nbsp;<\/p>\n<p><img loading=\"lazy\" decoding=\"async\" class=\"aligncenter size-large wp-image-57204\" src=\"https:\/\/diariofemenino.com.ar\/df\/wp-content\/uploads\/2021\/04\/unnamed-1024x201.png\" alt=\"\" width=\"900\" height=\"177\" srcset=\"https:\/\/diariofemenino.com.ar\/df\/wp-content\/uploads\/2021\/04\/unnamed-1024x201.png 1024w, https:\/\/diariofemenino.com.ar\/df\/wp-content\/uploads\/2021\/04\/unnamed-300x59.png 300w, https:\/\/diariofemenino.com.ar\/df\/wp-content\/uploads\/2021\/04\/unnamed-768x150.png 768w\" sizes=\"auto, (max-width: 900px) 100vw, 900px\" \/><\/p>\n<p>&nbsp;<\/p>\n<p>Diario Digital<\/p>\n","protected":false},"excerpt":{"rendered":"<p>La Defensor\u00eda del P\u00fablico act\u00faa frente a reclamo por programa: \u00abViviana con Vos\u00bb. Por contenidos que afectan la Salud P\u00fablica. La Defensor\u00eda del P\u00fablico act\u00faa frente a reclamo por programa: \u00abViviana con Vos\u00bb La Defensor\u00eda del P\u00fablico le inform\u00f3 a Am\u00e9rica TV sobre reclamos recibidos por mensajes difundidos en el programa \u00abViviana con Vos\u00bb, emitido [&hellip;]<\/p>\n","protected":false},"author":4,"featured_media":57203,"comment_status":"open","ping_status":"open","sticky":false,"template":"","format":"standard","meta":{"iawp_total_views":3,"footnotes":""},"categories":[1067,21,23,592],"tags":[4298,814,162,3262,1204,3498],"class_list":["post-57201","post","type-post","status-publish","format-standard","has-post-thumbnail","hentry","category-agenda-feminista","category-noticias","category-salud","category-violencias","tag-viviana-con-vos","tag-defensoria-del-publico","tag-medios-de-comunicacion","tag-responsabilidad","tag-salud-publica","tag-viviana-canosa"],"nelio_content":{"autoShareEndMode":"never","automationSources":{"useCustomSentences":false,"customSentences":[]},"efiAlt":"","efiUrl":"","followers":[4],"highlights":[],"isAutoShareEnabled":true,"networkImageIds":[],"permalinkQueryArgs":[],"series":[],"suggestedReferences":[]},"yoast_head":"<!-- This site is optimized with the Yoast SEO plugin v27.5 - https:\/\/yoast.com\/product\/yoast-seo-wordpress\/ -->\n<title>La Defensor\u00eda del P\u00fablico act\u00faa frente a reclamo por programa: &quot;Viviana con Vos&quot; - Diario Digital Femenino<\/title>\n<meta name=\"description\" content=\"La Defensor\u00eda del P\u00fablico le inform\u00f3 a Am\u00e9rica TV sobre reclamos recibidos por mensajes difundidos en el programa &quot;Viviana con Vos&quot;.\" \/>\n<meta name=\"robots\" content=\"index, follow, max-snippet:-1, max-image-preview:large, max-video-preview:-1\" \/>\n<link rel=\"canonical\" href=\"https:\/\/diariofemenino.com.ar\/df\/la-defensoria-del-publico-actua-frente-a-reclamo-por-programa-viviana-con-vos\/\" \/>\n<meta property=\"og:locale\" content=\"es_ES\" \/>\n<meta property=\"og:type\" content=\"article\" \/>\n<meta property=\"og:title\" content=\"La Defensor\u00eda del P\u00fablico act\u00faa frente a reclamo por programa: &quot;Viviana con Vos&quot; - Diario Digital Femenino\" \/>\n<meta property=\"og:description\" content=\"La Defensor\u00eda del P\u00fablico le inform\u00f3 a Am\u00e9rica TV sobre reclamos recibidos por mensajes difundidos en el programa &quot;Viviana con Vos&quot;.\" \/>\n<meta property=\"og:url\" content=\"https:\/\/diariofemenino.com.ar\/df\/la-defensoria-del-publico-actua-frente-a-reclamo-por-programa-viviana-con-vos\/\" \/>\n<meta property=\"og:site_name\" content=\"Diario Digital Femenino\" \/>\n<meta property=\"article:publisher\" content=\"https:\/\/www.facebook.com\/DiarioDigitaFemenino\/\" \/>\n<meta property=\"article:published_time\" content=\"2021-04-09T16:28:43+00:00\" \/>\n<meta property=\"og:image\" content=\"https:\/\/diariofemenino.com.ar\/df\/wp-content\/uploads\/2021\/04\/WhatsApp-Image-2021-04-09-at-13.05.05.jpeg\" \/>\n\t<meta property=\"og:image:width\" content=\"1080\" \/>\n\t<meta property=\"og:image:height\" content=\"650\" \/>\n\t<meta property=\"og:image:type\" content=\"image\/jpeg\" \/>\n<meta name=\"author\" content=\"Admin\" \/>\n<meta name=\"twitter:card\" content=\"summary_large_image\" \/>\n<meta name=\"twitter:creator\" content=\"@DiarioFemenino1\" \/>\n<meta name=\"twitter:site\" content=\"@DiarioFemenino1\" \/>\n<meta name=\"twitter:label1\" content=\"Escrito por\" \/>\n\t<meta name=\"twitter:data1\" content=\"Admin\" \/>\n\t<meta name=\"twitter:label2\" content=\"Tiempo de lectura\" \/>\n\t<meta name=\"twitter:data2\" content=\"2 minutos\" \/>\n<script type=\"application\/ld+json\" class=\"yoast-schema-graph\">{\"@context\":\"https:\\\/\\\/schema.org\",\"@graph\":[{\"@type\":\"Article\",\"@id\":\"https:\\\/\\\/diariofemenino.com.ar\\\/df\\\/la-defensoria-del-publico-actua-frente-a-reclamo-por-programa-viviana-con-vos\\\/#article\",\"isPartOf\":{\"@id\":\"https:\\\/\\\/diariofemenino.com.ar\\\/df\\\/la-defensoria-del-publico-actua-frente-a-reclamo-por-programa-viviana-con-vos\\\/\"},\"author\":{\"name\":\"Admin\",\"@id\":\"https:\\\/\\\/diariofemenino.com.ar\\\/df\\\/#\\\/schema\\\/person\\\/bf6199e8158c657ea6f789b11ec85509\"},\"headline\":\"La Defensor\u00eda del P\u00fablico act\u00faa frente a reclamo por programa: \u00abViviana con Vos\u00bb\",\"datePublished\":\"2021-04-09T16:28:43+00:00\",\"mainEntityOfPage\":{\"@id\":\"https:\\\/\\\/diariofemenino.com.ar\\\/df\\\/la-defensoria-del-publico-actua-frente-a-reclamo-por-programa-viviana-con-vos\\\/\"},\"wordCount\":429,\"commentCount\":0,\"publisher\":{\"@id\":\"https:\\\/\\\/diariofemenino.com.ar\\\/df\\\/#organization\"},\"image\":{\"@id\":\"https:\\\/\\\/diariofemenino.com.ar\\\/df\\\/la-defensoria-del-publico-actua-frente-a-reclamo-por-programa-viviana-con-vos\\\/#primaryimage\"},\"thumbnailUrl\":\"https:\\\/\\\/diariofemenino.com.ar\\\/df\\\/wp-content\\\/uploads\\\/2021\\\/04\\\/WhatsApp-Image-2021-04-09-at-13.05.05.jpeg\",\"keywords\":[\"\\\"Viviana con vos\\\"\",\"Defensor\u00eda del P\u00fablico\",\"Medios de Comunicaci\u00f3n\",\"responsabilidad\",\"salud publica\",\"Viviana Canosa\"],\"articleSection\":[\"Agenda Feminista\",\"Noticias\",\"Salud\",\"Violencias\"],\"inLanguage\":\"es\",\"potentialAction\":[{\"@type\":\"CommentAction\",\"name\":\"Comment\",\"target\":[\"https:\\\/\\\/diariofemenino.com.ar\\\/df\\\/la-defensoria-del-publico-actua-frente-a-reclamo-por-programa-viviana-con-vos\\\/#respond\"]}]},{\"@type\":\"WebPage\",\"@id\":\"https:\\\/\\\/diariofemenino.com.ar\\\/df\\\/la-defensoria-del-publico-actua-frente-a-reclamo-por-programa-viviana-con-vos\\\/\",\"url\":\"https:\\\/\\\/diariofemenino.com.ar\\\/df\\\/la-defensoria-del-publico-actua-frente-a-reclamo-por-programa-viviana-con-vos\\\/\",\"name\":\"La Defensor\u00eda del P\u00fablico act\u00faa frente a reclamo por programa: \\\"Viviana con Vos\\\" - Diario Digital Femenino\",\"isPartOf\":{\"@id\":\"https:\\\/\\\/diariofemenino.com.ar\\\/df\\\/#website\"},\"primaryImageOfPage\":{\"@id\":\"https:\\\/\\\/diariofemenino.com.ar\\\/df\\\/la-defensoria-del-publico-actua-frente-a-reclamo-por-programa-viviana-con-vos\\\/#primaryimage\"},\"image\":{\"@id\":\"https:\\\/\\\/diariofemenino.com.ar\\\/df\\\/la-defensoria-del-publico-actua-frente-a-reclamo-por-programa-viviana-con-vos\\\/#primaryimage\"},\"thumbnailUrl\":\"https:\\\/\\\/diariofemenino.com.ar\\\/df\\\/wp-content\\\/uploads\\\/2021\\\/04\\\/WhatsApp-Image-2021-04-09-at-13.05.05.jpeg\",\"datePublished\":\"2021-04-09T16:28:43+00:00\",\"description\":\"La Defensor\u00eda del P\u00fablico le inform\u00f3 a Am\u00e9rica TV sobre reclamos recibidos por mensajes difundidos en el programa \\\"Viviana con Vos\\\".\",\"breadcrumb\":{\"@id\":\"https:\\\/\\\/diariofemenino.com.ar\\\/df\\\/la-defensoria-del-publico-actua-frente-a-reclamo-por-programa-viviana-con-vos\\\/#breadcrumb\"},\"inLanguage\":\"es\",\"potentialAction\":[{\"@type\":\"ReadAction\",\"target\":[\"https:\\\/\\\/diariofemenino.com.ar\\\/df\\\/la-defensoria-del-publico-actua-frente-a-reclamo-por-programa-viviana-con-vos\\\/\"]}]},{\"@type\":\"ImageObject\",\"inLanguage\":\"es\",\"@id\":\"https:\\\/\\\/diariofemenino.com.ar\\\/df\\\/la-defensoria-del-publico-actua-frente-a-reclamo-por-programa-viviana-con-vos\\\/#primaryimage\",\"url\":\"https:\\\/\\\/diariofemenino.com.ar\\\/df\\\/wp-content\\\/uploads\\\/2021\\\/04\\\/WhatsApp-Image-2021-04-09-at-13.05.05.jpeg\",\"contentUrl\":\"https:\\\/\\\/diariofemenino.com.ar\\\/df\\\/wp-content\\\/uploads\\\/2021\\\/04\\\/WhatsApp-Image-2021-04-09-at-13.05.05.jpeg\",\"width\":1080,\"height\":650,\"caption\":\"La Defensor\u00eda del P\u00fablico act\u00faa frente a reclamo por programa: \\\"Viviana con Vos\\\"\"},{\"@type\":\"BreadcrumbList\",\"@id\":\"https:\\\/\\\/diariofemenino.com.ar\\\/df\\\/la-defensoria-del-publico-actua-frente-a-reclamo-por-programa-viviana-con-vos\\\/#breadcrumb\",\"itemListElement\":[{\"@type\":\"ListItem\",\"position\":1,\"name\":\"Portada\",\"item\":\"https:\\\/\\\/diariofemenino.com.ar\\\/df\\\/\"},{\"@type\":\"ListItem\",\"position\":2,\"name\":\"La Defensor\u00eda del P\u00fablico act\u00faa frente a reclamo por programa: \u00abViviana con Vos\u00bb\"}]},{\"@type\":\"WebSite\",\"@id\":\"https:\\\/\\\/diariofemenino.com.ar\\\/df\\\/#website\",\"url\":\"https:\\\/\\\/diariofemenino.com.ar\\\/df\\\/\",\"name\":\"Diario Digital Femenino\",\"description\":\"Cuesti\u00f3n de G\u00e9nero\",\"publisher\":{\"@id\":\"https:\\\/\\\/diariofemenino.com.ar\\\/df\\\/#organization\"},\"potentialAction\":[{\"@type\":\"SearchAction\",\"target\":{\"@type\":\"EntryPoint\",\"urlTemplate\":\"https:\\\/\\\/diariofemenino.com.ar\\\/df\\\/?s={search_term_string}\"},\"query-input\":{\"@type\":\"PropertyValueSpecification\",\"valueRequired\":true,\"valueName\":\"search_term_string\"}}],\"inLanguage\":\"es\"},{\"@type\":\"Organization\",\"@id\":\"https:\\\/\\\/diariofemenino.com.ar\\\/df\\\/#organization\",\"name\":\"Diario Femenino\",\"url\":\"https:\\\/\\\/diariofemenino.com.ar\\\/df\\\/\",\"logo\":{\"@type\":\"ImageObject\",\"inLanguage\":\"es\",\"@id\":\"https:\\\/\\\/diariofemenino.com.ar\\\/df\\\/#\\\/schema\\\/logo\\\/image\\\/\",\"url\":\"https:\\\/\\\/diariofemenino.com.ar\\\/df\\\/wp-content\\\/uploads\\\/2018\\\/10\\\/logo.png\",\"contentUrl\":\"https:\\\/\\\/diariofemenino.com.ar\\\/df\\\/wp-content\\\/uploads\\\/2018\\\/10\\\/logo.png\",\"width\":500,\"height\":92,\"caption\":\"Diario Femenino\"},\"image\":{\"@id\":\"https:\\\/\\\/diariofemenino.com.ar\\\/df\\\/#\\\/schema\\\/logo\\\/image\\\/\"},\"sameAs\":[\"https:\\\/\\\/www.facebook.com\\\/DiarioDigitaFemenino\\\/\",\"https:\\\/\\\/x.com\\\/DiarioFemenino1\"]},{\"@type\":\"Person\",\"@id\":\"https:\\\/\\\/diariofemenino.com.ar\\\/df\\\/#\\\/schema\\\/person\\\/bf6199e8158c657ea6f789b11ec85509\",\"name\":\"Admin\",\"image\":{\"@type\":\"ImageObject\",\"inLanguage\":\"es\",\"@id\":\"https:\\\/\\\/diariofemenino.com.ar\\\/df\\\/wp-content\\\/uploads\\\/2018\\\/12\\\/favicon-150x150.jpg\",\"url\":\"https:\\\/\\\/diariofemenino.com.ar\\\/df\\\/wp-content\\\/uploads\\\/2018\\\/12\\\/favicon-150x150.jpg\",\"contentUrl\":\"https:\\\/\\\/diariofemenino.com.ar\\\/df\\\/wp-content\\\/uploads\\\/2018\\\/12\\\/favicon-150x150.jpg\",\"caption\":\"Admin\"},\"url\":\"https:\\\/\\\/diariofemenino.com.ar\\\/df\\\/author\\\/lenny\\\/\"}]}<\/script>\n<!-- \/ Yoast SEO plugin. -->","yoast_head_json":{"title":"La Defensor\u00eda del P\u00fablico act\u00faa frente a reclamo por programa: \"Viviana con Vos\" - Diario Digital Femenino","description":"La Defensor\u00eda del P\u00fablico le inform\u00f3 a Am\u00e9rica TV sobre reclamos recibidos por mensajes difundidos en el programa \"Viviana con Vos\".","robots":{"index":"index","follow":"follow","max-snippet":"max-snippet:-1","max-image-preview":"max-image-preview:large","max-video-preview":"max-video-preview:-1"},"canonical":"https:\/\/diariofemenino.com.ar\/df\/la-defensoria-del-publico-actua-frente-a-reclamo-por-programa-viviana-con-vos\/","og_locale":"es_ES","og_type":"article","og_title":"La Defensor\u00eda del P\u00fablico act\u00faa frente a reclamo por programa: \"Viviana con Vos\" - Diario Digital Femenino","og_description":"La Defensor\u00eda del P\u00fablico le inform\u00f3 a Am\u00e9rica TV sobre reclamos recibidos por mensajes difundidos en el programa \"Viviana con Vos\".","og_url":"https:\/\/diariofemenino.com.ar\/df\/la-defensoria-del-publico-actua-frente-a-reclamo-por-programa-viviana-con-vos\/","og_site_name":"Diario Digital Femenino","article_publisher":"https:\/\/www.facebook.com\/DiarioDigitaFemenino\/","article_published_time":"2021-04-09T16:28:43+00:00","og_image":[{"width":1080,"height":650,"url":"https:\/\/diariofemenino.com.ar\/df\/wp-content\/uploads\/2021\/04\/WhatsApp-Image-2021-04-09-at-13.05.05.jpeg","type":"image\/jpeg"}],"author":"Admin","twitter_card":"summary_large_image","twitter_creator":"@DiarioFemenino1","twitter_site":"@DiarioFemenino1","twitter_misc":{"Escrito por":"Admin","Tiempo de lectura":"2 minutos"},"schema":{"@context":"https:\/\/schema.org","@graph":[{"@type":"Article","@id":"https:\/\/diariofemenino.com.ar\/df\/la-defensoria-del-publico-actua-frente-a-reclamo-por-programa-viviana-con-vos\/#article","isPartOf":{"@id":"https:\/\/diariofemenino.com.ar\/df\/la-defensoria-del-publico-actua-frente-a-reclamo-por-programa-viviana-con-vos\/"},"author":{"name":"Admin","@id":"https:\/\/diariofemenino.com.ar\/df\/#\/schema\/person\/bf6199e8158c657ea6f789b11ec85509"},"headline":"La Defensor\u00eda del P\u00fablico act\u00faa frente a reclamo por programa: \u00abViviana con Vos\u00bb","datePublished":"2021-04-09T16:28:43+00:00","mainEntityOfPage":{"@id":"https:\/\/diariofemenino.com.ar\/df\/la-defensoria-del-publico-actua-frente-a-reclamo-por-programa-viviana-con-vos\/"},"wordCount":429,"commentCount":0,"publisher":{"@id":"https:\/\/diariofemenino.com.ar\/df\/#organization"},"image":{"@id":"https:\/\/diariofemenino.com.ar\/df\/la-defensoria-del-publico-actua-frente-a-reclamo-por-programa-viviana-con-vos\/#primaryimage"},"thumbnailUrl":"https:\/\/diariofemenino.com.ar\/df\/wp-content\/uploads\/2021\/04\/WhatsApp-Image-2021-04-09-at-13.05.05.jpeg","keywords":["\"Viviana con vos\"","Defensor\u00eda del P\u00fablico","Medios de Comunicaci\u00f3n","responsabilidad","salud publica","Viviana Canosa"],"articleSection":["Agenda Feminista","Noticias","Salud","Violencias"],"inLanguage":"es","potentialAction":[{"@type":"CommentAction","name":"Comment","target":["https:\/\/diariofemenino.com.ar\/df\/la-defensoria-del-publico-actua-frente-a-reclamo-por-programa-viviana-con-vos\/#respond"]}]},{"@type":"WebPage","@id":"https:\/\/diariofemenino.com.ar\/df\/la-defensoria-del-publico-actua-frente-a-reclamo-por-programa-viviana-con-vos\/","url":"https:\/\/diariofemenino.com.ar\/df\/la-defensoria-del-publico-actua-frente-a-reclamo-por-programa-viviana-con-vos\/","name":"La Defensor\u00eda del P\u00fablico act\u00faa frente a reclamo por programa: \"Viviana con Vos\" - Diario Digital Femenino","isPartOf":{"@id":"https:\/\/diariofemenino.com.ar\/df\/#website"},"primaryImageOfPage":{"@id":"https:\/\/diariofemenino.com.ar\/df\/la-defensoria-del-publico-actua-frente-a-reclamo-por-programa-viviana-con-vos\/#primaryimage"},"image":{"@id":"https:\/\/diariofemenino.com.ar\/df\/la-defensoria-del-publico-actua-frente-a-reclamo-por-programa-viviana-con-vos\/#primaryimage"},"thumbnailUrl":"https:\/\/diariofemenino.com.ar\/df\/wp-content\/uploads\/2021\/04\/WhatsApp-Image-2021-04-09-at-13.05.05.jpeg","datePublished":"2021-04-09T16:28:43+00:00","description":"La Defensor\u00eda del P\u00fablico le inform\u00f3 a Am\u00e9rica TV sobre reclamos recibidos por mensajes difundidos en el programa \"Viviana con Vos\".","breadcrumb":{"@id":"https:\/\/diariofemenino.com.ar\/df\/la-defensoria-del-publico-actua-frente-a-reclamo-por-programa-viviana-con-vos\/#breadcrumb"},"inLanguage":"es","potentialAction":[{"@type":"ReadAction","target":["https:\/\/diariofemenino.com.ar\/df\/la-defensoria-del-publico-actua-frente-a-reclamo-por-programa-viviana-con-vos\/"]}]},{"@type":"ImageObject","inLanguage":"es","@id":"https:\/\/diariofemenino.com.ar\/df\/la-defensoria-del-publico-actua-frente-a-reclamo-por-programa-viviana-con-vos\/#primaryimage","url":"https:\/\/diariofemenino.com.ar\/df\/wp-content\/uploads\/2021\/04\/WhatsApp-Image-2021-04-09-at-13.05.05.jpeg","contentUrl":"https:\/\/diariofemenino.com.ar\/df\/wp-content\/uploads\/2021\/04\/WhatsApp-Image-2021-04-09-at-13.05.05.jpeg","width":1080,"height":650,"caption":"La Defensor\u00eda del P\u00fablico act\u00faa frente a reclamo por programa: \"Viviana con Vos\""},{"@type":"BreadcrumbList","@id":"https:\/\/diariofemenino.com.ar\/df\/la-defensoria-del-publico-actua-frente-a-reclamo-por-programa-viviana-con-vos\/#breadcrumb","itemListElement":[{"@type":"ListItem","position":1,"name":"Portada","item":"https:\/\/diariofemenino.com.ar\/df\/"},{"@type":"ListItem","position":2,"name":"La Defensor\u00eda del P\u00fablico act\u00faa frente a reclamo por programa: \u00abViviana con Vos\u00bb"}]},{"@type":"WebSite","@id":"https:\/\/diariofemenino.com.ar\/df\/#website","url":"https:\/\/diariofemenino.com.ar\/df\/","name":"Diario Digital Femenino","description":"Cuesti\u00f3n de G\u00e9nero","publisher":{"@id":"https:\/\/diariofemenino.com.ar\/df\/#organization"},"potentialAction":[{"@type":"SearchAction","target":{"@type":"EntryPoint","urlTemplate":"https:\/\/diariofemenino.com.ar\/df\/?s={search_term_string}"},"query-input":{"@type":"PropertyValueSpecification","valueRequired":true,"valueName":"search_term_string"}}],"inLanguage":"es"},{"@type":"Organization","@id":"https:\/\/diariofemenino.com.ar\/df\/#organization","name":"Diario Femenino","url":"https:\/\/diariofemenino.com.ar\/df\/","logo":{"@type":"ImageObject","inLanguage":"es","@id":"https:\/\/diariofemenino.com.ar\/df\/#\/schema\/logo\/image\/","url":"https:\/\/diariofemenino.com.ar\/df\/wp-content\/uploads\/2018\/10\/logo.png","contentUrl":"https:\/\/diariofemenino.com.ar\/df\/wp-content\/uploads\/2018\/10\/logo.png","width":500,"height":92,"caption":"Diario Femenino"},"image":{"@id":"https:\/\/diariofemenino.com.ar\/df\/#\/schema\/logo\/image\/"},"sameAs":["https:\/\/www.facebook.com\/DiarioDigitaFemenino\/","https:\/\/x.com\/DiarioFemenino1"]},{"@type":"Person","@id":"https:\/\/diariofemenino.com.ar\/df\/#\/schema\/person\/bf6199e8158c657ea6f789b11ec85509","name":"Admin","image":{"@type":"ImageObject","inLanguage":"es","@id":"https:\/\/diariofemenino.com.ar\/df\/wp-content\/uploads\/2018\/12\/favicon-150x150.jpg","url":"https:\/\/diariofemenino.com.ar\/df\/wp-content\/uploads\/2018\/12\/favicon-150x150.jpg","contentUrl":"https:\/\/diariofemenino.com.ar\/df\/wp-content\/uploads\/2018\/12\/favicon-150x150.jpg","caption":"Admin"},"url":"https:\/\/diariofemenino.com.ar\/df\/author\/lenny\/"}]}},"jetpack_featured_media_url":"https:\/\/diariofemenino.com.ar\/df\/wp-content\/uploads\/2021\/04\/WhatsApp-Image-2021-04-09-at-13.05.05.jpeg","jetpack_sharing_enabled":true,"rttpg_featured_image_url":{"full":["https:\/\/diariofemenino.com.ar\/df\/wp-content\/uploads\/2021\/04\/WhatsApp-Image-2021-04-09-at-13.05.05.jpeg",1080,650,false],"landscape":["https:\/\/diariofemenino.com.ar\/df\/wp-content\/uploads\/2021\/04\/WhatsApp-Image-2021-04-09-at-13.05.05.jpeg",1080,650,false],"portraits":["https:\/\/diariofemenino.com.ar\/df\/wp-content\/uploads\/2021\/04\/WhatsApp-Image-2021-04-09-at-13.05.05.jpeg",1080,650,false],"thumbnail":["https:\/\/diariofemenino.com.ar\/df\/wp-content\/uploads\/2021\/04\/WhatsApp-Image-2021-04-09-at-13.05.05-150x150.jpeg",150,150,true],"medium":["https:\/\/diariofemenino.com.ar\/df\/wp-content\/uploads\/2021\/04\/WhatsApp-Image-2021-04-09-at-13.05.05-300x181.jpeg",300,181,true],"large":["https:\/\/diariofemenino.com.ar\/df\/wp-content\/uploads\/2021\/04\/WhatsApp-Image-2021-04-09-at-13.05.05-1024x616.jpeg",1024,616,true],"1536x1536":["https:\/\/diariofemenino.com.ar\/df\/wp-content\/uploads\/2021\/04\/WhatsApp-Image-2021-04-09-at-13.05.05.jpeg",1080,650,false],"2048x2048":["https:\/\/diariofemenino.com.ar\/df\/wp-content\/uploads\/2021\/04\/WhatsApp-Image-2021-04-09-at-13.05.05.jpeg",1080,650,false]},"rttpg_author":{"display_name":"Admin","author_link":"https:\/\/diariofemenino.com.ar\/df\/author\/lenny\/"},"rttpg_comment":0,"rttpg_category":"<a href=\"https:\/\/diariofemenino.com.ar\/df\/category\/agenda-feminista\/\" rel=\"category tag\">Agenda Feminista<\/a> <a href=\"https:\/\/diariofemenino.com.ar\/df\/category\/noticias\/\" rel=\"category tag\">Noticias<\/a> <a href=\"https:\/\/diariofemenino.com.ar\/df\/category\/salud\/\" rel=\"category tag\">Salud<\/a> <a href=\"https:\/\/diariofemenino.com.ar\/df\/category\/violencias\/\" rel=\"category tag\">Violencias<\/a>","rttpg_excerpt":"La Defensor\u00eda del P\u00fablico act\u00faa frente a reclamo por programa: \u00abViviana con Vos\u00bb. Por contenidos que afectan la Salud P\u00fablica. La Defensor\u00eda del P\u00fablico act\u00faa frente a reclamo por programa: \u00abViviana con Vos\u00bb La Defensor\u00eda del P\u00fablico le inform\u00f3 a Am\u00e9rica TV sobre reclamos recibidos por mensajes difundidos en el programa \u00abViviana con Vos\u00bb, emitido&hellip;","_links":{"self":[{"href":"https:\/\/diariofemenino.com.ar\/df\/wp-json\/wp\/v2\/posts\/57201","targetHints":{"allow":["GET"]}}],"collection":[{"href":"https:\/\/diariofemenino.com.ar\/df\/wp-json\/wp\/v2\/posts"}],"about":[{"href":"https:\/\/diariofemenino.com.ar\/df\/wp-json\/wp\/v2\/types\/post"}],"author":[{"embeddable":true,"href":"https:\/\/diariofemenino.com.ar\/df\/wp-json\/wp\/v2\/users\/4"}],"replies":[{"embeddable":true,"href":"https:\/\/diariofemenino.com.ar\/df\/wp-json\/wp\/v2\/comments?post=57201"}],"version-history":[{"count":0,"href":"https:\/\/diariofemenino.com.ar\/df\/wp-json\/wp\/v2\/posts\/57201\/revisions"}],"wp:featuredmedia":[{"embeddable":true,"href":"https:\/\/diariofemenino.com.ar\/df\/wp-json\/wp\/v2\/media\/57203"}],"wp:attachment":[{"href":"https:\/\/diariofemenino.com.ar\/df\/wp-json\/wp\/v2\/media?parent=57201"}],"wp:term":[{"taxonomy":"category","embeddable":true,"href":"https:\/\/diariofemenino.com.ar\/df\/wp-json\/wp\/v2\/categories?post=57201"},{"taxonomy":"post_tag","embeddable":true,"href":"https:\/\/diariofemenino.com.ar\/df\/wp-json\/wp\/v2\/tags?post=57201"}],"curies":[{"name":"wp","href":"https:\/\/api.w.org\/{rel}","templated":true}]}}