{"id":5716,"date":"2013-03-01T10:01:02","date_gmt":"2013-03-01T13:01:02","guid":{"rendered":"http:\/\/www.diariofemenino.com.ar\/?p=5716"},"modified":"2013-03-01T10:01:02","modified_gmt":"2013-03-01T13:01:02","slug":"juezas-de-america-latina-y-el-caribe-debatiran-en-misiones-sobre-cuestiones-de-genero","status":"publish","type":"post","link":"https:\/\/diariofemenino.com.ar\/df\/juezas-de-america-latina-y-el-caribe-debatiran-en-misiones-sobre-cuestiones-de-genero\/","title":{"rendered":"Juezas de Am\u00e9rica Latina y El Caribe debatir\u00e1n en Misiones sobre cuestiones de g\u00e9nero"},"content":{"rendered":"<p>&nbsp;<br \/>\n&nbsp;<br \/>\n&nbsp;<br \/>\n&nbsp;<br \/>\n<em>Magistradas de Am\u00e9rica Latina y El Caribe se reunir\u00e1n entre el 14 y 15 de marzo en Puerto Iguaz\u00fa para analizar problem\u00e1ticas de g\u00e9nero y comparar jurisprudencia y experiencias aplicables en los distintos pa\u00edses relacionadas a formas de\u00a0 brindar contenci\u00f3n a v\u00edctimas o prevenir el flagelo mundial de la violencia de genero y en especial la intrafamiliar.\u00a0<\/em><br \/>\n<a href=\"http:\/\/www.diariofemenino.com.ar\/wp-content\/uploads\/a0f3bc97b79ae562e408ca682d6f2685a2b96d5d3.jpg\"><img loading=\"lazy\" decoding=\"async\" class=\"alignnone size-full wp-image-5720\" title=\"a0f3bc97b79ae562e408ca682d6f2685a2b96d5d\" src=\"http:\/\/www.diariofemenino.com.ar\/wp-content\/uploads\/a0f3bc97b79ae562e408ca682d6f2685a2b96d5d3.jpg\" alt=\"\" width=\"510\" height=\"426\" \/><\/a><br \/>\nLa organizaci\u00f3n recay\u00f3 en Misiones porque la ministra del STJ, Cristina Leiva, es la delegada para Am\u00e9rica Latina y el Caribe de la Asociaci\u00f3n Internacional de Mujeres Juezas, Bajo su mandato se realizar\u00e1 el primer Encuentro Regional de Juezas de IAWJ de Am\u00e9rica Latina y el Caribe\u201d y el \u201cXX Encuentro de Asociaci\u00f3n de Mujeres Juezas de la\u00a0 Argentina\u201d, denominado \u201cJusticia y G\u00e9nero\u201d.<br \/>\nEl encuentro contar\u00e1 con la disertaci\u00f3n de l\u00edderes de los poderes judiciales de toda Am\u00e9rica y juristas de Estados Unidos que ya confirmaron su presencia. Disertar\u00e1n magistradas de Argentina,\u00a0 Paraguay, Brasil, Estados Unidos, Nicaragua, entre otros pa\u00edses.<br \/>\n\u201cEl objetivo es que se debata sobre la cuesti\u00f3n de g\u00e9nero, para hacer cumplir las leyes y difundir jurisprudencia que pueda ser aplicable en otros pa\u00edses. Buscamos la igualdad real de g\u00e9nero y coincidimos, m\u00e1s all\u00e1 de las ideolog\u00edas o las pol\u00edticas de cada pa\u00eds y las doctrinas, en defender el bienestar de las familias, como n\u00facleo b\u00e1sico de la sociedad, con la igualdad real entre el hombre y la mujer\u201d, explic\u00f3 Leiva.<br \/>\nEl evento es organizado por la Asociaci\u00f3n Internacional de Mujeres Jueces \u2013IAWJ, por sus siglas en ingl\u00e9s- y la Asociaci\u00f3n de Mujeres Jueces de Argentina \u2013AMJA-, con el respaldo de la Corte Suprema argentina, el Superior Tribunal de Justicia y el Gobierno misionero. El c\u00f3nclave se realizar\u00e1 en el Centro de Convenciones del Hotel Amerian.<br \/>\nLas magistradas reflexionar\u00e1n sobre la inclusi\u00f3n de la perspectiva de g\u00e9nero en la gesti\u00f3n humana de las instituciones\u00a0 del sistema de administraci\u00f3n de justicia y la capacitaci\u00f3n general sobre todos los aspectos que importen la erradicaci\u00f3n de la violencia de g\u00e9nero<br \/>\nDesde la organizaci\u00f3n confirmaron que asistir\u00e1n m\u00e1s de 250 juezas y funcionarias de los poderes judiciales de Am\u00e9rica Latina y Caribe.<br \/>\nEntre las disertantes invitadas habr\u00e1 importantes referentes del derecho y Ministras de las Cortes Supremas de Justicia de Am\u00e9rica Latina y el Caribe, como Carmen<br \/>\nMar\u00eda Argibay, Elena Highton de Nolasco, de Argentina, Stella Maris Mart\u00ednez, defensora general de Argentina, Diana Maff\u00eda, doctora en Filosof\u00eda, docente, investigadora, Alicia Beatriz Pucheta de Correa, ministra vicepresidenta primera de la Corte Suprema de Justicia de Paraguay, Gladys Stella \u00c1lvarez, ex magistrada\u00a0 de la C\u00e1mara\u00a0 Nacional de Apelaciones Civil, especialista en Negociaci\u00f3n y Resoluci\u00f3n alternativa de Conflictos, Aida Kemelmajer de Carlucci, doctora en Derecho, ex ministra de la Suprema Corte de Justicia de Mendoza, Arline Pacht, socia fundadora de la I.A.W.J. de Estados Unidos, Germana de Oliveira Moraes, jueza federal titular de la 3ra Corte de Cear\u00e1, en Brasil y Mar\u00eda De Los \u00c1ngeles Araujo Bohr, magistrada de la Corte Constitucional de Nicaragua, entre otras.<br \/>\n&nbsp;<br \/>\n&nbsp;<br \/>\n&nbsp;<br \/>\n&nbsp;<br \/>\n&nbsp;<br \/>\nFuente: Misiones online<\/p>\n","protected":false},"excerpt":{"rendered":"<p>&nbsp; &nbsp; &nbsp; &nbsp; Magistradas de Am\u00e9rica Latina y El Caribe se reunir\u00e1n entre el 14 y 15 de marzo en Puerto Iguaz\u00fa para analizar problem\u00e1ticas de g\u00e9nero y comparar jurisprudencia y experiencias aplicables en los distintos pa\u00edses relacionadas a formas de\u00a0 brindar contenci\u00f3n a v\u00edctimas o prevenir el flagelo mundial de la violencia de [&hellip;]<\/p>\n","protected":false},"author":1,"featured_media":0,"comment_status":"open","ping_status":"open","sticky":false,"template":"","format":"standard","meta":{"iawp_total_views":2,"footnotes":""},"categories":[22,3,4,21],"tags":[],"class_list":["post-5716","post","type-post","status-publish","format-standard","hentry","category-aborto","category-de-la-revolucion-al-reaprendizaje","category-medios","category-noticias"],"nelio_content":{"autoShareEndMode":"never","automationSources":{"useCustomSentences":false,"customSentences":[]},"efiAlt":"","efiUrl":"","followers":[],"highlights":[],"isAutoShareEnabled":true,"networkImageIds":[],"permalinkQueryArgs":[],"series":[],"suggestedReferences":[]},"yoast_head":"<!-- This site is optimized with the Yoast SEO plugin v27.4 - https:\/\/yoast.com\/product\/yoast-seo-wordpress\/ -->\n<title>Juezas de Am\u00e9rica Latina y El Caribe debatir\u00e1n en Misiones sobre cuestiones de g\u00e9nero - Diario Digital Femenino<\/title>\n<meta name=\"robots\" content=\"index, follow, max-snippet:-1, max-image-preview:large, max-video-preview:-1\" \/>\n<link rel=\"canonical\" href=\"https:\/\/diariofemenino.com.ar\/df\/juezas-de-america-latina-y-el-caribe-debatiran-en-misiones-sobre-cuestiones-de-genero\/\" \/>\n<meta property=\"og:locale\" content=\"es_ES\" \/>\n<meta property=\"og:type\" content=\"article\" \/>\n<meta property=\"og:title\" content=\"Juezas de Am\u00e9rica Latina y El Caribe debatir\u00e1n en Misiones sobre cuestiones de g\u00e9nero - Diario Digital Femenino\" \/>\n<meta property=\"og:description\" content=\"&nbsp; &nbsp; &nbsp; &nbsp; Magistradas de Am\u00e9rica Latina y El Caribe se reunir\u00e1n entre el 14 y 15 de marzo en Puerto Iguaz\u00fa para analizar problem\u00e1ticas de g\u00e9nero y comparar jurisprudencia y experiencias aplicables en los distintos pa\u00edses relacionadas a formas de\u00a0 brindar contenci\u00f3n a v\u00edctimas o prevenir el flagelo mundial de la violencia de [&hellip;]\" \/>\n<meta property=\"og:url\" content=\"https:\/\/diariofemenino.com.ar\/df\/juezas-de-america-latina-y-el-caribe-debatiran-en-misiones-sobre-cuestiones-de-genero\/\" \/>\n<meta property=\"og:site_name\" content=\"Diario Digital Femenino\" \/>\n<meta property=\"article:publisher\" content=\"https:\/\/www.facebook.com\/DiarioDigitaFemenino\/\" \/>\n<meta property=\"article:published_time\" content=\"2013-03-01T13:01:02+00:00\" \/>\n<meta property=\"og:image\" content=\"http:\/\/www.diariofemenino.com.ar\/wp-content\/uploads\/a0f3bc97b79ae562e408ca682d6f2685a2b96d5d3.jpg\" \/>\n<meta name=\"author\" content=\"Admin\" \/>\n<meta name=\"twitter:card\" content=\"summary_large_image\" \/>\n<meta name=\"twitter:creator\" content=\"@DiarioFemenino1\" \/>\n<meta name=\"twitter:site\" content=\"@DiarioFemenino1\" \/>\n<meta name=\"twitter:label1\" content=\"Escrito por\" \/>\n\t<meta name=\"twitter:data1\" content=\"Admin\" \/>\n\t<meta name=\"twitter:label2\" content=\"Tiempo de lectura\" \/>\n\t<meta name=\"twitter:data2\" content=\"3 minutos\" \/>\n<script type=\"application\/ld+json\" class=\"yoast-schema-graph\">{\"@context\":\"https:\\\/\\\/schema.org\",\"@graph\":[{\"@type\":\"Article\",\"@id\":\"https:\\\/\\\/diariofemenino.com.ar\\\/df\\\/juezas-de-america-latina-y-el-caribe-debatiran-en-misiones-sobre-cuestiones-de-genero\\\/#article\",\"isPartOf\":{\"@id\":\"https:\\\/\\\/diariofemenino.com.ar\\\/df\\\/juezas-de-america-latina-y-el-caribe-debatiran-en-misiones-sobre-cuestiones-de-genero\\\/\"},\"author\":{\"name\":\"Admin\",\"@id\":\"https:\\\/\\\/diariofemenino.com.ar\\\/df\\\/#\\\/schema\\\/person\\\/38f54b3bfd13f561de2460ba95c169c6\"},\"headline\":\"Juezas de Am\u00e9rica Latina y El Caribe debatir\u00e1n en Misiones sobre cuestiones de g\u00e9nero\",\"datePublished\":\"2013-03-01T13:01:02+00:00\",\"mainEntityOfPage\":{\"@id\":\"https:\\\/\\\/diariofemenino.com.ar\\\/df\\\/juezas-de-america-latina-y-el-caribe-debatiran-en-misiones-sobre-cuestiones-de-genero\\\/\"},\"wordCount\":570,\"commentCount\":0,\"publisher\":{\"@id\":\"https:\\\/\\\/diariofemenino.com.ar\\\/df\\\/#organization\"},\"image\":{\"@id\":\"https:\\\/\\\/diariofemenino.com.ar\\\/df\\\/juezas-de-america-latina-y-el-caribe-debatiran-en-misiones-sobre-cuestiones-de-genero\\\/#primaryimage\"},\"thumbnailUrl\":\"http:\\\/\\\/www.diariofemenino.com.ar\\\/wp-content\\\/uploads\\\/a0f3bc97b79ae562e408ca682d6f2685a2b96d5d3.jpg\",\"articleSection\":[\"Aborto\",\"De la Revoluci\u00f3n al Reaprendizaje\",\"Medios\",\"Noticias\"],\"inLanguage\":\"es\",\"potentialAction\":[{\"@type\":\"CommentAction\",\"name\":\"Comment\",\"target\":[\"https:\\\/\\\/diariofemenino.com.ar\\\/df\\\/juezas-de-america-latina-y-el-caribe-debatiran-en-misiones-sobre-cuestiones-de-genero\\\/#respond\"]}]},{\"@type\":\"WebPage\",\"@id\":\"https:\\\/\\\/diariofemenino.com.ar\\\/df\\\/juezas-de-america-latina-y-el-caribe-debatiran-en-misiones-sobre-cuestiones-de-genero\\\/\",\"url\":\"https:\\\/\\\/diariofemenino.com.ar\\\/df\\\/juezas-de-america-latina-y-el-caribe-debatiran-en-misiones-sobre-cuestiones-de-genero\\\/\",\"name\":\"Juezas de Am\u00e9rica Latina y El Caribe debatir\u00e1n en Misiones sobre cuestiones de g\u00e9nero - Diario Digital Femenino\",\"isPartOf\":{\"@id\":\"https:\\\/\\\/diariofemenino.com.ar\\\/df\\\/#website\"},\"primaryImageOfPage\":{\"@id\":\"https:\\\/\\\/diariofemenino.com.ar\\\/df\\\/juezas-de-america-latina-y-el-caribe-debatiran-en-misiones-sobre-cuestiones-de-genero\\\/#primaryimage\"},\"image\":{\"@id\":\"https:\\\/\\\/diariofemenino.com.ar\\\/df\\\/juezas-de-america-latina-y-el-caribe-debatiran-en-misiones-sobre-cuestiones-de-genero\\\/#primaryimage\"},\"thumbnailUrl\":\"http:\\\/\\\/www.diariofemenino.com.ar\\\/wp-content\\\/uploads\\\/a0f3bc97b79ae562e408ca682d6f2685a2b96d5d3.jpg\",\"datePublished\":\"2013-03-01T13:01:02+00:00\",\"breadcrumb\":{\"@id\":\"https:\\\/\\\/diariofemenino.com.ar\\\/df\\\/juezas-de-america-latina-y-el-caribe-debatiran-en-misiones-sobre-cuestiones-de-genero\\\/#breadcrumb\"},\"inLanguage\":\"es\",\"potentialAction\":[{\"@type\":\"ReadAction\",\"target\":[\"https:\\\/\\\/diariofemenino.com.ar\\\/df\\\/juezas-de-america-latina-y-el-caribe-debatiran-en-misiones-sobre-cuestiones-de-genero\\\/\"]}]},{\"@type\":\"ImageObject\",\"inLanguage\":\"es\",\"@id\":\"https:\\\/\\\/diariofemenino.com.ar\\\/df\\\/juezas-de-america-latina-y-el-caribe-debatiran-en-misiones-sobre-cuestiones-de-genero\\\/#primaryimage\",\"url\":\"http:\\\/\\\/www.diariofemenino.com.ar\\\/wp-content\\\/uploads\\\/a0f3bc97b79ae562e408ca682d6f2685a2b96d5d3.jpg\",\"contentUrl\":\"http:\\\/\\\/www.diariofemenino.com.ar\\\/wp-content\\\/uploads\\\/a0f3bc97b79ae562e408ca682d6f2685a2b96d5d3.jpg\"},{\"@type\":\"BreadcrumbList\",\"@id\":\"https:\\\/\\\/diariofemenino.com.ar\\\/df\\\/juezas-de-america-latina-y-el-caribe-debatiran-en-misiones-sobre-cuestiones-de-genero\\\/#breadcrumb\",\"itemListElement\":[{\"@type\":\"ListItem\",\"position\":1,\"name\":\"Portada\",\"item\":\"https:\\\/\\\/diariofemenino.com.ar\\\/df\\\/\"},{\"@type\":\"ListItem\",\"position\":2,\"name\":\"Juezas de Am\u00e9rica Latina y El Caribe debatir\u00e1n en Misiones sobre cuestiones de g\u00e9nero\"}]},{\"@type\":\"WebSite\",\"@id\":\"https:\\\/\\\/diariofemenino.com.ar\\\/df\\\/#website\",\"url\":\"https:\\\/\\\/diariofemenino.com.ar\\\/df\\\/\",\"name\":\"Diario Digital Femenino\",\"description\":\"Cuesti\u00f3n de G\u00e9nero\",\"publisher\":{\"@id\":\"https:\\\/\\\/diariofemenino.com.ar\\\/df\\\/#organization\"},\"potentialAction\":[{\"@type\":\"SearchAction\",\"target\":{\"@type\":\"EntryPoint\",\"urlTemplate\":\"https:\\\/\\\/diariofemenino.com.ar\\\/df\\\/?s={search_term_string}\"},\"query-input\":{\"@type\":\"PropertyValueSpecification\",\"valueRequired\":true,\"valueName\":\"search_term_string\"}}],\"inLanguage\":\"es\"},{\"@type\":\"Organization\",\"@id\":\"https:\\\/\\\/diariofemenino.com.ar\\\/df\\\/#organization\",\"name\":\"Diario Femenino\",\"url\":\"https:\\\/\\\/diariofemenino.com.ar\\\/df\\\/\",\"logo\":{\"@type\":\"ImageObject\",\"inLanguage\":\"es\",\"@id\":\"https:\\\/\\\/diariofemenino.com.ar\\\/df\\\/#\\\/schema\\\/logo\\\/image\\\/\",\"url\":\"https:\\\/\\\/diariofemenino.com.ar\\\/df\\\/wp-content\\\/uploads\\\/2018\\\/10\\\/logo.png\",\"contentUrl\":\"https:\\\/\\\/diariofemenino.com.ar\\\/df\\\/wp-content\\\/uploads\\\/2018\\\/10\\\/logo.png\",\"width\":500,\"height\":92,\"caption\":\"Diario Femenino\"},\"image\":{\"@id\":\"https:\\\/\\\/diariofemenino.com.ar\\\/df\\\/#\\\/schema\\\/logo\\\/image\\\/\"},\"sameAs\":[\"https:\\\/\\\/www.facebook.com\\\/DiarioDigitaFemenino\\\/\",\"https:\\\/\\\/x.com\\\/DiarioFemenino1\"]},{\"@type\":\"Person\",\"@id\":\"https:\\\/\\\/diariofemenino.com.ar\\\/df\\\/#\\\/schema\\\/person\\\/38f54b3bfd13f561de2460ba95c169c6\",\"name\":\"Admin\",\"image\":{\"@type\":\"ImageObject\",\"inLanguage\":\"es\",\"@id\":\"https:\\\/\\\/diariofemenino.com.ar\\\/df\\\/wp-content\\\/uploads\\\/2018\\\/12\\\/favicon-150x150.jpg\",\"url\":\"https:\\\/\\\/diariofemenino.com.ar\\\/df\\\/wp-content\\\/uploads\\\/2018\\\/12\\\/favicon-150x150.jpg\",\"contentUrl\":\"https:\\\/\\\/diariofemenino.com.ar\\\/df\\\/wp-content\\\/uploads\\\/2018\\\/12\\\/favicon-150x150.jpg\",\"caption\":\"Admin\"},\"url\":\"https:\\\/\\\/diariofemenino.com.ar\\\/df\\\/author\\\/adm18df\\\/\"}]}<\/script>\n<!-- \/ Yoast SEO plugin. -->","yoast_head_json":{"title":"Juezas de Am\u00e9rica Latina y El Caribe debatir\u00e1n en Misiones sobre cuestiones de g\u00e9nero - Diario Digital Femenino","robots":{"index":"index","follow":"follow","max-snippet":"max-snippet:-1","max-image-preview":"max-image-preview:large","max-video-preview":"max-video-preview:-1"},"canonical":"https:\/\/diariofemenino.com.ar\/df\/juezas-de-america-latina-y-el-caribe-debatiran-en-misiones-sobre-cuestiones-de-genero\/","og_locale":"es_ES","og_type":"article","og_title":"Juezas de Am\u00e9rica Latina y El Caribe debatir\u00e1n en Misiones sobre cuestiones de g\u00e9nero - Diario Digital Femenino","og_description":"&nbsp; &nbsp; &nbsp; &nbsp; Magistradas de Am\u00e9rica Latina y El Caribe se reunir\u00e1n entre el 14 y 15 de marzo en Puerto Iguaz\u00fa para analizar problem\u00e1ticas de g\u00e9nero y comparar jurisprudencia y experiencias aplicables en los distintos pa\u00edses relacionadas a formas de\u00a0 brindar contenci\u00f3n a v\u00edctimas o prevenir el flagelo mundial de la violencia de [&hellip;]","og_url":"https:\/\/diariofemenino.com.ar\/df\/juezas-de-america-latina-y-el-caribe-debatiran-en-misiones-sobre-cuestiones-de-genero\/","og_site_name":"Diario Digital Femenino","article_publisher":"https:\/\/www.facebook.com\/DiarioDigitaFemenino\/","article_published_time":"2013-03-01T13:01:02+00:00","og_image":[{"url":"http:\/\/www.diariofemenino.com.ar\/wp-content\/uploads\/a0f3bc97b79ae562e408ca682d6f2685a2b96d5d3.jpg","type":"","width":"","height":""}],"author":"Admin","twitter_card":"summary_large_image","twitter_creator":"@DiarioFemenino1","twitter_site":"@DiarioFemenino1","twitter_misc":{"Escrito por":"Admin","Tiempo de lectura":"3 minutos"},"schema":{"@context":"https:\/\/schema.org","@graph":[{"@type":"Article","@id":"https:\/\/diariofemenino.com.ar\/df\/juezas-de-america-latina-y-el-caribe-debatiran-en-misiones-sobre-cuestiones-de-genero\/#article","isPartOf":{"@id":"https:\/\/diariofemenino.com.ar\/df\/juezas-de-america-latina-y-el-caribe-debatiran-en-misiones-sobre-cuestiones-de-genero\/"},"author":{"name":"Admin","@id":"https:\/\/diariofemenino.com.ar\/df\/#\/schema\/person\/38f54b3bfd13f561de2460ba95c169c6"},"headline":"Juezas de Am\u00e9rica Latina y El Caribe debatir\u00e1n en Misiones sobre cuestiones de g\u00e9nero","datePublished":"2013-03-01T13:01:02+00:00","mainEntityOfPage":{"@id":"https:\/\/diariofemenino.com.ar\/df\/juezas-de-america-latina-y-el-caribe-debatiran-en-misiones-sobre-cuestiones-de-genero\/"},"wordCount":570,"commentCount":0,"publisher":{"@id":"https:\/\/diariofemenino.com.ar\/df\/#organization"},"image":{"@id":"https:\/\/diariofemenino.com.ar\/df\/juezas-de-america-latina-y-el-caribe-debatiran-en-misiones-sobre-cuestiones-de-genero\/#primaryimage"},"thumbnailUrl":"http:\/\/www.diariofemenino.com.ar\/wp-content\/uploads\/a0f3bc97b79ae562e408ca682d6f2685a2b96d5d3.jpg","articleSection":["Aborto","De la Revoluci\u00f3n al Reaprendizaje","Medios","Noticias"],"inLanguage":"es","potentialAction":[{"@type":"CommentAction","name":"Comment","target":["https:\/\/diariofemenino.com.ar\/df\/juezas-de-america-latina-y-el-caribe-debatiran-en-misiones-sobre-cuestiones-de-genero\/#respond"]}]},{"@type":"WebPage","@id":"https:\/\/diariofemenino.com.ar\/df\/juezas-de-america-latina-y-el-caribe-debatiran-en-misiones-sobre-cuestiones-de-genero\/","url":"https:\/\/diariofemenino.com.ar\/df\/juezas-de-america-latina-y-el-caribe-debatiran-en-misiones-sobre-cuestiones-de-genero\/","name":"Juezas de Am\u00e9rica Latina y El Caribe debatir\u00e1n en Misiones sobre cuestiones de g\u00e9nero - Diario Digital Femenino","isPartOf":{"@id":"https:\/\/diariofemenino.com.ar\/df\/#website"},"primaryImageOfPage":{"@id":"https:\/\/diariofemenino.com.ar\/df\/juezas-de-america-latina-y-el-caribe-debatiran-en-misiones-sobre-cuestiones-de-genero\/#primaryimage"},"image":{"@id":"https:\/\/diariofemenino.com.ar\/df\/juezas-de-america-latina-y-el-caribe-debatiran-en-misiones-sobre-cuestiones-de-genero\/#primaryimage"},"thumbnailUrl":"http:\/\/www.diariofemenino.com.ar\/wp-content\/uploads\/a0f3bc97b79ae562e408ca682d6f2685a2b96d5d3.jpg","datePublished":"2013-03-01T13:01:02+00:00","breadcrumb":{"@id":"https:\/\/diariofemenino.com.ar\/df\/juezas-de-america-latina-y-el-caribe-debatiran-en-misiones-sobre-cuestiones-de-genero\/#breadcrumb"},"inLanguage":"es","potentialAction":[{"@type":"ReadAction","target":["https:\/\/diariofemenino.com.ar\/df\/juezas-de-america-latina-y-el-caribe-debatiran-en-misiones-sobre-cuestiones-de-genero\/"]}]},{"@type":"ImageObject","inLanguage":"es","@id":"https:\/\/diariofemenino.com.ar\/df\/juezas-de-america-latina-y-el-caribe-debatiran-en-misiones-sobre-cuestiones-de-genero\/#primaryimage","url":"http:\/\/www.diariofemenino.com.ar\/wp-content\/uploads\/a0f3bc97b79ae562e408ca682d6f2685a2b96d5d3.jpg","contentUrl":"http:\/\/www.diariofemenino.com.ar\/wp-content\/uploads\/a0f3bc97b79ae562e408ca682d6f2685a2b96d5d3.jpg"},{"@type":"BreadcrumbList","@id":"https:\/\/diariofemenino.com.ar\/df\/juezas-de-america-latina-y-el-caribe-debatiran-en-misiones-sobre-cuestiones-de-genero\/#breadcrumb","itemListElement":[{"@type":"ListItem","position":1,"name":"Portada","item":"https:\/\/diariofemenino.com.ar\/df\/"},{"@type":"ListItem","position":2,"name":"Juezas de Am\u00e9rica Latina y El Caribe debatir\u00e1n en Misiones sobre cuestiones de g\u00e9nero"}]},{"@type":"WebSite","@id":"https:\/\/diariofemenino.com.ar\/df\/#website","url":"https:\/\/diariofemenino.com.ar\/df\/","name":"Diario Digital Femenino","description":"Cuesti\u00f3n de G\u00e9nero","publisher":{"@id":"https:\/\/diariofemenino.com.ar\/df\/#organization"},"potentialAction":[{"@type":"SearchAction","target":{"@type":"EntryPoint","urlTemplate":"https:\/\/diariofemenino.com.ar\/df\/?s={search_term_string}"},"query-input":{"@type":"PropertyValueSpecification","valueRequired":true,"valueName":"search_term_string"}}],"inLanguage":"es"},{"@type":"Organization","@id":"https:\/\/diariofemenino.com.ar\/df\/#organization","name":"Diario Femenino","url":"https:\/\/diariofemenino.com.ar\/df\/","logo":{"@type":"ImageObject","inLanguage":"es","@id":"https:\/\/diariofemenino.com.ar\/df\/#\/schema\/logo\/image\/","url":"https:\/\/diariofemenino.com.ar\/df\/wp-content\/uploads\/2018\/10\/logo.png","contentUrl":"https:\/\/diariofemenino.com.ar\/df\/wp-content\/uploads\/2018\/10\/logo.png","width":500,"height":92,"caption":"Diario Femenino"},"image":{"@id":"https:\/\/diariofemenino.com.ar\/df\/#\/schema\/logo\/image\/"},"sameAs":["https:\/\/www.facebook.com\/DiarioDigitaFemenino\/","https:\/\/x.com\/DiarioFemenino1"]},{"@type":"Person","@id":"https:\/\/diariofemenino.com.ar\/df\/#\/schema\/person\/38f54b3bfd13f561de2460ba95c169c6","name":"Admin","image":{"@type":"ImageObject","inLanguage":"es","@id":"https:\/\/diariofemenino.com.ar\/df\/wp-content\/uploads\/2018\/12\/favicon-150x150.jpg","url":"https:\/\/diariofemenino.com.ar\/df\/wp-content\/uploads\/2018\/12\/favicon-150x150.jpg","contentUrl":"https:\/\/diariofemenino.com.ar\/df\/wp-content\/uploads\/2018\/12\/favicon-150x150.jpg","caption":"Admin"},"url":"https:\/\/diariofemenino.com.ar\/df\/author\/adm18df\/"}]}},"jetpack_featured_media_url":"","jetpack_sharing_enabled":true,"rttpg_featured_image_url":null,"rttpg_author":{"display_name":"Admin","author_link":"https:\/\/diariofemenino.com.ar\/df\/author\/adm18df\/"},"rttpg_comment":0,"rttpg_category":"<a href=\"https:\/\/diariofemenino.com.ar\/df\/category\/aborto\/\" rel=\"category tag\">Aborto<\/a> <a href=\"https:\/\/diariofemenino.com.ar\/df\/category\/de-la-revolucion-al-reaprendizaje\/\" rel=\"category tag\">De la Revoluci\u00f3n al Reaprendizaje<\/a> <a href=\"https:\/\/diariofemenino.com.ar\/df\/category\/medios\/\" rel=\"category tag\">Medios<\/a> <a href=\"https:\/\/diariofemenino.com.ar\/df\/category\/noticias\/\" rel=\"category tag\">Noticias<\/a>","rttpg_excerpt":"&nbsp; &nbsp; &nbsp; &nbsp; Magistradas de Am\u00e9rica Latina y El Caribe se reunir\u00e1n entre el 14 y 15 de marzo en Puerto Iguaz\u00fa para analizar problem\u00e1ticas de g\u00e9nero y comparar jurisprudencia y experiencias aplicables en los distintos pa\u00edses relacionadas a formas de\u00a0 brindar contenci\u00f3n a v\u00edctimas o prevenir el flagelo mundial de la violencia de&hellip;","_links":{"self":[{"href":"https:\/\/diariofemenino.com.ar\/df\/wp-json\/wp\/v2\/posts\/5716","targetHints":{"allow":["GET"]}}],"collection":[{"href":"https:\/\/diariofemenino.com.ar\/df\/wp-json\/wp\/v2\/posts"}],"about":[{"href":"https:\/\/diariofemenino.com.ar\/df\/wp-json\/wp\/v2\/types\/post"}],"author":[{"embeddable":true,"href":"https:\/\/diariofemenino.com.ar\/df\/wp-json\/wp\/v2\/users\/1"}],"replies":[{"embeddable":true,"href":"https:\/\/diariofemenino.com.ar\/df\/wp-json\/wp\/v2\/comments?post=5716"}],"version-history":[{"count":0,"href":"https:\/\/diariofemenino.com.ar\/df\/wp-json\/wp\/v2\/posts\/5716\/revisions"}],"wp:attachment":[{"href":"https:\/\/diariofemenino.com.ar\/df\/wp-json\/wp\/v2\/media?parent=5716"}],"wp:term":[{"taxonomy":"category","embeddable":true,"href":"https:\/\/diariofemenino.com.ar\/df\/wp-json\/wp\/v2\/categories?post=5716"},{"taxonomy":"post_tag","embeddable":true,"href":"https:\/\/diariofemenino.com.ar\/df\/wp-json\/wp\/v2\/tags?post=5716"}],"curies":[{"name":"wp","href":"https:\/\/api.w.org\/{rel}","templated":true}]}}