{"id":57114,"date":"2021-04-07T20:25:06","date_gmt":"2021-04-07T23:25:06","guid":{"rendered":"https:\/\/diariofemenino.com.ar\/?p=57114"},"modified":"2021-04-07T20:26:07","modified_gmt":"2021-04-07T23:26:07","slug":"avanza-la-denuncia-de-thelma-fardin-contra-juan-darthes","status":"publish","type":"post","link":"https:\/\/diariofemenino.com.ar\/df\/avanza-la-denuncia-de-thelma-fardin-contra-juan-darthes\/","title":{"rendered":"Avanza la denuncia de Thelma Fard\u00edn contra Juan Darth\u00e9s: el actor fue acusado formalmente por la justicia brasile\u00f1a"},"content":{"rendered":"<p style=\"text-align: center;\"><strong>Avanza la denuncia de Thelma Fard\u00edn contra Juan Darth\u00e9s: el actor fue acusado formalmente por la justicia brasile\u00f1a<\/strong><\/p>\n<p>El anuncio lo hizo el colectivo Actrices Argentinas por medio de una conferencia de prensa, en la que presentaron al nuevo abogado de la causa y el apoyo de Amnist\u00eda Internacional<\/p>\n<p class=\"paragraph\"><b>El Ministerio P\u00fablico de Brasil formul\u00f3 una acusaci\u00f3n formal contra el actor <a href=\"https:\/\/diariofemenino.com.ar\/interpol-emitio-una-circular-roja-para-detener-a-juan-darthes\/\">Juan Darth\u00e9s<\/a> en la causa iniciada por la actriz Thelma Fard\u00edn<\/b>\u00a0por una violaci\u00f3n presuntamente<b>\u00a0<\/b><a href=\"https:\/\/www.infobae.com\/teleshow\/infoshow\/2018\/12\/15\/la-denuncia-de-violacion-de-thelma-fardin-como-fue-el-viaje-del-elenco-de-patito-feo-a-nicaragua\/\" target=\"_blank\" rel=\"noopener\"><b>ocurrida en 2009 en Nicaragua<\/b><\/a>. El anuncio lo realiz\u00f3 el colectivo\u00a0<b>Actrices Argentinas<\/b>\u00a0en la terraza del Centro Cultural Recoleta. All\u00ed, Fard\u00edn tambi\u00e9n inform\u00f3 que no estar\u00e1 m\u00e1s representada por\u00a0<b>Sabrina Cartabia<\/b>, a quien agradeci\u00f3 junto \u201c<b>al enorme movimiento de mujeres y disidencias\u201d,<\/b>\u00a0y present\u00f3 a\u00a0<b>Mart\u00edn Arias Duval<\/b>\u00a0como su nuevo abogado y la colaboraci\u00f3n de Amnist\u00eda Internacional,\u00a0<a href=\"https:\/\/www.infobae.com\/teleshow\/infoshow\/2021\/04\/06\/thelma-fardin-brindara-una-conferencia-de-prensa-sobre-la-causa-contra-juan-darthes-cambio-de-abogados-y-brasil-como-nuevo-escenario\/\" target=\"_blank\" rel=\"noopener\"><b>tal como hab\u00eda informado la agrupaci\u00f3n en un comunicado<\/b><\/a><b>.<\/b><\/p>\n<div class=\"visual__image image_container\"><img loading=\"lazy\" decoding=\"async\" src=\"https:\/\/www.infobae.com\/new-resizer\/KWdPcrHngkMF1X2JlaQRHyZbZcs=\/420x280\/filters:format(jpg):quality(85)\/cloudfront-us-east-1.images.arcpublishing.com\/infobae\/APLPBXYPLJEGDHKSPFH5DKTUEY.jpg\" sizes=\"auto, (min-width: 800px) 50vw, 90vw\" srcset=\"https:\/\/www.infobae.com\/new-resizer\/KWdPcrHngkMF1X2JlaQRHyZbZcs=\/420x280\/filters:format(jpg):quality(85)\/cloudfront-us-east-1.images.arcpublishing.com\/infobae\/APLPBXYPLJEGDHKSPFH5DKTUEY.jpg 420w,https:\/\/www.infobae.com\/new-resizer\/ORI_YHizVgSV0qEzbJOHKObboqo=\/768x512\/filters:format(jpg):quality(85)\/cloudfront-us-east-1.images.arcpublishing.com\/infobae\/APLPBXYPLJEGDHKSPFH5DKTUEY.jpg 768w,https:\/\/www.infobae.com\/new-resizer\/y8bJfsKCJJ2jt3Agea0Fr5kODGY=\/992x661\/filters:format(jpg):quality(85)\/cloudfront-us-east-1.images.arcpublishing.com\/infobae\/APLPBXYPLJEGDHKSPFH5DKTUEY.jpg 992w,https:\/\/www.infobae.com\/new-resizer\/x9PcysHguecKdZPgVkk5s6t2mXU=\/1200x800\/filters:format(jpg):quality(85)\/cloudfront-us-east-1.images.arcpublishing.com\/infobae\/APLPBXYPLJEGDHKSPFH5DKTUEY.jpg 1200w\" alt=\"El anuncio lo hizo el colectivo Actrices Argentinas por medio de una conferencia de prensa, en la que presentaron al nuevo abogado de la causa y el apoyo de Amnist\u00eda Internacional\" width=\"1920\" height=\"1283\" \/>El anuncio lo hizo el colectivo Actrices Argentinas por medio de una conferencia de prensa, en la que presentaron al nuevo abogado de la causa y el apoyo de Amnist\u00eda Internacional<\/div>\n<p class=\"paragraph\">Arias Duval hizo un recorrido por el camino jur\u00eddico de la denuncia y la situaci\u00f3n de Darthes, sobre quien pesa un alerta rojo y una orden de captura internacional. Seg\u00fan su relato, Brasil no puede extraditar a sus nacionales, pero s\u00ed puede hacerlo con los brasileros que cometen cr\u00edmenes en el exterior. \u201c<b>La Justicia brasile\u00f1a inici\u00f3 un exhorto internacional, para que las pruebas pudieran estar a disposici\u00f3n de la justicia. Fueron enviadas, analizadas, y consideraron que hab\u00eda m\u00e9rito suficiente y en el d\u00eda de ayer, present\u00f3 una acusaci\u00f3n formal contra Juan Darth\u00e9s que se encuentra en manos del juez interviniente\u201d<\/b>, se\u00f1al\u00f3 el abogado, que, por prudencia, prefiri\u00f3 guardar el nombre del maigistrado.<\/p>\n<div class=\"inline | ad-wrapper display_flex align_items_center width_full justify_center\">\n<div class=\"dfpAd display_inline_block ad_margin_wrapper text--center\">\n<div id=\"infobae\/teleshow\/infoshow\/nota\/inline\" class=\"infobae\/teleshow\/infoshow\/nota\/inline arcad\" data-google-query-id=\"CPrN66Wi7e8CFcwJuQYdpLgN0g\">\n<div id=\"google_ads_iframe_\/1058609\/infobae\/teleshow\/infoshow\/nota\/inline_0__container__\"><iframe id=\"google_ads_iframe_\/1058609\/infobae\/teleshow\/infoshow\/nota\/inline_0\" title=\"3rd party ad content\" name=\"google_ads_iframe_\/1058609\/infobae\/teleshow\/infoshow\/nota\/inline_0\" width=\"1\" height=\"1\" frameborder=\"0\" marginwidth=\"0\" marginheight=\"0\" scrolling=\"no\" data-google-container-id=\"3\" data-load-complete=\"true\" data-mce-fragment=\"1\"><\/iframe><\/div>\n<\/div>\n<\/div>\n<\/div>\n<div class=\"visual__image image_container\"><img loading=\"lazy\" decoding=\"async\" src=\"https:\/\/www.infobae.com\/new-resizer\/kSwagR9dL9vRsrzvSrX6VS7ciDc=\/420x280\/filters:format(jpg):quality(85)\/cloudfront-us-east-1.images.arcpublishing.com\/infobae\/KKJBAFJEXRGXHHVC7CGZE5EZTA.jpg\" sizes=\"auto, (min-width: 800px) 50vw, 90vw\" srcset=\"https:\/\/www.infobae.com\/new-resizer\/kSwagR9dL9vRsrzvSrX6VS7ciDc=\/420x280\/filters:format(jpg):quality(85)\/cloudfront-us-east-1.images.arcpublishing.com\/infobae\/KKJBAFJEXRGXHHVC7CGZE5EZTA.jpg 420w,https:\/\/www.infobae.com\/new-resizer\/XuUy8HoWQp_Ayy4DcSx-yCDXfXk=\/768x512\/filters:format(jpg):quality(85)\/cloudfront-us-east-1.images.arcpublishing.com\/infobae\/KKJBAFJEXRGXHHVC7CGZE5EZTA.jpg 768w,https:\/\/www.infobae.com\/new-resizer\/OP_3WITn2u8Wl26s_IXlySQgfO8=\/992x661\/filters:format(jpg):quality(85)\/cloudfront-us-east-1.images.arcpublishing.com\/infobae\/KKJBAFJEXRGXHHVC7CGZE5EZTA.jpg 992w,https:\/\/www.infobae.com\/new-resizer\/vD_un6R2CyeISA7FCLT_IgusidY=\/1200x800\/filters:format(jpg):quality(85)\/cloudfront-us-east-1.images.arcpublishing.com\/infobae\/KKJBAFJEXRGXHHVC7CGZE5EZTA.jpg 1200w\" alt=\"(Franco Fafasuli)\" width=\"1920\" height=\"1283\" \/>(Franco Fafasuli)<\/div>\n<p class=\"paragraph\">Despu\u00e9s de la palabra del abogado, las actrices\u00a0<b>Cecilia Roth<\/b>\u00a0y\u00a0<b>Dolores Fonzi<\/b>\u00a0leyeron un comunicado en el que celebraron la informaci\u00f3n brindada por Arias Duval.<b>\u00a0\u201cHoy, asistimos a un triunfo: El Ministerio P\u00fablico de Brasil formul\u00f3 acusaci\u00f3n formal contra Juan Darth\u00e9s. Es decir, tres ministerios p\u00fablicos fiscales de pa\u00edses diferentes (Argentina, Nicaragua y Brasil -donde el denunciado se fug\u00f3 para eludir su responsabilidad-), consideraron que las pruebas presentadas y recabadas tienen contundencia suficiente para acusarlo penalmente.\u00a0<\/b>Es un recorrido que est\u00e1 sentando jurisprudencia internacional\u201d, dec\u00eda la parte m\u00e1s sustancial del comunicado.<\/p>\n<div class=\"visual__image image_container\"><img loading=\"lazy\" decoding=\"async\" src=\"https:\/\/www.infobae.com\/new-resizer\/qxWii_MyttsIUYJXv8PEYAkC7QA=\/420x280\/filters:format(jpg):quality(85)\/cloudfront-us-east-1.images.arcpublishing.com\/infobae\/ZXXCYXYUH5BBDISR7NIEIHFJIM.jpg\" sizes=\"auto, (min-width: 800px) 50vw, 90vw\" srcset=\"https:\/\/www.infobae.com\/new-resizer\/qxWii_MyttsIUYJXv8PEYAkC7QA=\/420x280\/filters:format(jpg):quality(85)\/cloudfront-us-east-1.images.arcpublishing.com\/infobae\/ZXXCYXYUH5BBDISR7NIEIHFJIM.jpg 420w,https:\/\/www.infobae.com\/new-resizer\/1OFBY_1Ve1me5Fi-dVrg-dL0JsE=\/768x512\/filters:format(jpg):quality(85)\/cloudfront-us-east-1.images.arcpublishing.com\/infobae\/ZXXCYXYUH5BBDISR7NIEIHFJIM.jpg 768w,https:\/\/www.infobae.com\/new-resizer\/ntNx_AXwqKywdl3GrPhrc7fjSWQ=\/992x661\/filters:format(jpg):quality(85)\/cloudfront-us-east-1.images.arcpublishing.com\/infobae\/ZXXCYXYUH5BBDISR7NIEIHFJIM.jpg 992w,https:\/\/www.infobae.com\/new-resizer\/CXGgz4yqOZNZ0UlC8Weiq2SX9pI=\/1200x800\/filters:format(jpg):quality(85)\/cloudfront-us-east-1.images.arcpublishing.com\/infobae\/ZXXCYXYUH5BBDISR7NIEIHFJIM.jpg 1200w\" alt=\"Despu\u00e9s de la palabra del abogado, las actrices Cecilia Roth y Dolores Fonzi leyeron un comunicado en el que celebraron la informaci\u00f3n brindada por Arias Duval\" width=\"1920\" height=\"1283\" \/>Despu\u00e9s de la palabra del abogado, las actrices Cecilia Roth y Dolores Fonzi leyeron un comunicado en el que celebraron la informaci\u00f3n brindada por Arias Duval<\/div>\n<p class=\"paragraph\">Adem\u00e1s, se\u00f1alaron que \u201c<b>el camino de la v\u00edctima es cruel y complejo\u201d\u00a0<\/b>y que es\u00a0<b>\u201cineludible e imperiosa una reforma judicial con perspectiva de g\u00e9nero.\u00a0<\/b>El camino institucional que proponen nuestras sociedades frente a la violencia sexual es la intervenci\u00f3n del sistema penal actual, con sus innumerables fracasos y modalidades de disciplinamiento patriarcal, frente a los que les denunciantes y aquellas personas que se atreven a testificar en su favor, se encuentran inermes\u201d, agregaron. En este punto, mencionaron los casos de Calu Rivero, Anita Co y Natalia Juncos \u201c<b>acosadas y abusadas por el mismo sujeto en el \u00e1mbito laboral. Buscamos que nuestras experiencias de violencia sean reconocidas y valoradas, libres de estereotipos de g\u00e9nero\u201d.<\/b><\/p>\n<div class=\"visual__image image_container\"><img loading=\"lazy\" decoding=\"async\" src=\"https:\/\/www.infobae.com\/new-resizer\/Cifg2F37l3iAntjXZZzLJAdVnRA=\/420x280\/filters:format(jpg):quality(85)\/cloudfront-us-east-1.images.arcpublishing.com\/infobae\/JU2F4ATL3BAXHAIOZBYQSUWVSQ.jpg\" sizes=\"auto, (min-width: 800px) 50vw, 90vw\" srcset=\"https:\/\/www.infobae.com\/new-resizer\/Cifg2F37l3iAntjXZZzLJAdVnRA=\/420x280\/filters:format(jpg):quality(85)\/cloudfront-us-east-1.images.arcpublishing.com\/infobae\/JU2F4ATL3BAXHAIOZBYQSUWVSQ.jpg 420w,https:\/\/www.infobae.com\/new-resizer\/ChAbxRwkswJ4UTWrUPtw7GMSZ1U=\/768x512\/filters:format(jpg):quality(85)\/cloudfront-us-east-1.images.arcpublishing.com\/infobae\/JU2F4ATL3BAXHAIOZBYQSUWVSQ.jpg 768w,https:\/\/www.infobae.com\/new-resizer\/kw5bc6bB7xztseWpdwyv8s-6LxY=\/992x661\/filters:format(jpg):quality(85)\/cloudfront-us-east-1.images.arcpublishing.com\/infobae\/JU2F4ATL3BAXHAIOZBYQSUWVSQ.jpg 992w,https:\/\/www.infobae.com\/new-resizer\/X_vNSEyLCxfV5Pd9TMySvNPfOmg=\/1200x800\/filters:format(jpg):quality(85)\/cloudfront-us-east-1.images.arcpublishing.com\/infobae\/JU2F4ATL3BAXHAIOZBYQSUWVSQ.jpg 1200w\" alt=\"Arias Duval hizo un recorrido por el camino jur\u00eddico de la denuncia y la situaci\u00f3n de Darthes, sobre quien pesa un alerta rojo y una orden de captura internacional\" width=\"1920\" height=\"1283\" \/>Arias Duval hizo un recorrido por el camino jur\u00eddico de la denuncia y la situaci\u00f3n de Darthes, sobre quien pesa un alerta rojo y una orden de captura internacional<\/div>\n<p class=\"paragraph\">Por su parte,\u00a0<b>Mariela Belski<\/b>, representante de Amnist\u00eda Internacional destac\u00f3 la lucha del movimiento de mujeres en el pa\u00eds y el alcance hist\u00f3rico de la denuncia de Fard\u00edn: \u201cMarc\u00f3 un punto de inflexi\u00f3n, hemos escuchado testimonios en primera persona de mujeres que han tomado valor en el caso de Thelma para denunciar sus propias trayectorias de violencia.<b>\u00a0Las mujeres hoy se animan a acudir a la Justicia y Thelma tuvo mucho que ver con eso<\/b>\u201d, explic\u00f3.<\/p>\n<p class=\"paragraph\">En la ronda de preguntas, Arias Duval inform\u00f3 que la pena m\u00e1xima en caso de que se haga lugar a este proceso es de 12 a\u00f1os de prisi\u00f3n. \u201dEs de los delitos m\u00e1s graves del c\u00f3digo brasile\u00f1o\u201d, apunt\u00f3. Y consultada sobre si tem\u00eda que el juez brasile\u00f1o no haga lugar y Darth\u00e9s quede impune, Fard\u00edn fue tajante:<b>\u00a0\u201c\u00c9l est\u00e1 pr\u00f3fugo, no puede cruzar una frontera. Esta instancia es un triunfo en s\u00ed misma, la sensaci\u00f3n de quitar impunidad la construimos desde este espacio colectivo\u201d<\/b>, sentenci\u00f3.<\/p>\n<div class=\"visual__image image_container\"><img loading=\"lazy\" decoding=\"async\" src=\"https:\/\/www.infobae.com\/new-resizer\/qZD_UcVVvp2L76uLuZkMGOigQRw=\/420x236\/filters:format(jpg):quality(85)\/cloudfront-us-east-1.images.arcpublishing.com\/infobae\/Z24E3UHGCNFXTLXGN62PD4CMRI.jpg\" sizes=\"auto, (min-width: 800px) 50vw, 90vw\" srcset=\"https:\/\/www.infobae.com\/new-resizer\/qZD_UcVVvp2L76uLuZkMGOigQRw=\/420x236\/filters:format(jpg):quality(85)\/cloudfront-us-east-1.images.arcpublishing.com\/infobae\/Z24E3UHGCNFXTLXGN62PD4CMRI.jpg 420w,https:\/\/www.infobae.com\/new-resizer\/1qcRxY_iG09_f9LTMADJubHL-pA=\/768x432\/filters:format(jpg):quality(85)\/cloudfront-us-east-1.images.arcpublishing.com\/infobae\/Z24E3UHGCNFXTLXGN62PD4CMRI.jpg 768w,https:\/\/www.infobae.com\/new-resizer\/BpXB4EcGQwZuBQQJkRcugMLT5mY=\/992x558\/filters:format(jpg):quality(85)\/cloudfront-us-east-1.images.arcpublishing.com\/infobae\/Z24E3UHGCNFXTLXGN62PD4CMRI.jpg 992w,https:\/\/www.infobae.com\/new-resizer\/VAPe_qw_dp1JAGKwJHgM6SmajWY=\/1200x675\/filters:format(jpg):quality(85)\/cloudfront-us-east-1.images.arcpublishing.com\/infobae\/Z24E3UHGCNFXTLXGN62PD4CMRI.jpg 1200w\" alt=\"Thelma Fard\u00edn durante la conferencia de prensa en la que denunci\u00f3 a Darth\u00e9s\" width=\"1920\" height=\"1080\" \/>Thelma Fard\u00edn durante la conferencia de prensa en la que denunci\u00f3 a Darth\u00e9s<\/div>\n<p class=\"paragraph\">Respecto al fallo, el abogado destac\u00f3 que\u00a0<b>\u201clo in\u00e9dito es que el Ministerio P\u00fablico Fiscal de Brasil tom\u00f3 la decisi\u00f3n de oficio y eso independiente del resultado, es un \u00e9xito en s\u00ed mismo y nos alienta a seguir adelante\u201d<\/b>. Consultado sobre si las otras v\u00edctimas de Darth\u00e9s van a estar incluidas en el juicio, se\u00f1al\u00f3 que \u201cqueremos ser respetuosos de la justicia brasile\u00f1a, que califica este tipo de procesos como secretos para no generar ninguna distorsi\u00f3n\u201d.<\/p>\n<p class=\"paragraph\">El 11 de diciembre de 2018, y acompa\u00f1ada por el colectivo de Actrices Argentinas,\u00a0<a href=\"https:\/\/www.infobae.com\/sociedad\/2018\/12\/11\/juan-darthes-denunciado-por-violar-a-una-menor-en-una-gira-de-patito-feo\/\">Thelma Fard\u00edn hizo p\u00fablica la denuncia a Juan Darth\u00e9s por una violaci\u00f3n producida en Nicaragua<\/a>, en medio de una gira del elenco de\u00a0<i>Patito Feo<\/i>, una exitosa tira juvenil que se emiti\u00f3 a\u00f1os atr\u00e1s en Canal 13.\u00a0<a href=\"https:\/\/www.infobae.com\/teleshow\/paso-en-la-tv\/2018\/12\/11\/el-desgarrador-relato-de-thelma-fardin-del-episodio-de-violacion-que-vivio-con-juan-darthes\/\">En un video que fue reproducido en una conferencia de prensa<\/a>, la joven cont\u00f3 c\u00f3mo fue el ataque del que fue v\u00edctima hace casi nueve a\u00f1os, cuando ella ten\u00eda 16 y su abusador 45.<\/p>\n<div class=\"visual__image image_container\"><img loading=\"lazy\" decoding=\"async\" src=\"https:\/\/www.infobae.com\/new-resizer\/jaY9EO3GeAyR_0O1lL5kaGeY6P4=\/420x236\/filters:format(jpg):quality(85)\/cloudfront-us-east-1.images.arcpublishing.com\/infobae\/JOWSCZ3C6NFPFE5VSJ6QI64UTY.jpg\" sizes=\"auto, (min-width: 800px) 50vw, 90vw\" srcset=\"https:\/\/www.infobae.com\/new-resizer\/jaY9EO3GeAyR_0O1lL5kaGeY6P4=\/420x236\/filters:format(jpg):quality(85)\/cloudfront-us-east-1.images.arcpublishing.com\/infobae\/JOWSCZ3C6NFPFE5VSJ6QI64UTY.jpg 420w,https:\/\/www.infobae.com\/new-resizer\/5vhyjaH4ctkg-I0qbkCxtQa6_3Y=\/768x432\/filters:format(jpg):quality(85)\/cloudfront-us-east-1.images.arcpublishing.com\/infobae\/JOWSCZ3C6NFPFE5VSJ6QI64UTY.jpg 768w,https:\/\/www.infobae.com\/new-resizer\/7G5nKCpjdZN6lzDpSbmCu80OOWY=\/992x558\/filters:format(jpg):quality(85)\/cloudfront-us-east-1.images.arcpublishing.com\/infobae\/JOWSCZ3C6NFPFE5VSJ6QI64UTY.jpg 992w,https:\/\/www.infobae.com\/new-resizer\/5U2q0vlG71S9kUZjPP6njn8ROGE=\/1200x675\/filters:format(jpg):quality(85)\/cloudfront-us-east-1.images.arcpublishing.com\/infobae\/JOWSCZ3C6NFPFE5VSJ6QI64UTY.jpg 1200w\" alt=\"Juan Darthes en el aeropuerto de Rosario antes de partir hacia Brasil \" width=\"1920\" height=\"1080\" \/>Juan Darthes en el aeropuerto de Rosario antes de partir hacia Brasil<\/div>\n<p class=\"paragraph\">Al poco tiempo,\u00a0<b>Darth\u00e9s viaj\u00f3 a Brasil a partir de una de Fernando Burlando,\u00a0<\/b>seg\u00fan \u00e9l mismo cont\u00f3 hace un tiempo. \u201cYo\u00a0<a href=\"https:\/\/www.infobae.com\/teleshow\/paso-en-la-tv\/2018\/12\/13\/la-entrevista-completa-de-mauro-viale-a-juan-darthes\/\">fui el primero que le dije que ten\u00eda que irse<\/a>. All\u00e1 est\u00e1 mejor su situaci\u00f3n; \u00bfqu\u00e9 iba a hacer ac\u00e1? Que \u00e9l haya nacido en Brasil, sea residente argentino y<b>\u00a0que aproveche la legislaci\u00f3n brasile\u00f1a para hacer valer m\u00e1s sus derechos, est\u00e1 bien<\/b>\u201d.Es que all\u00ed<b>\u00a0no hay acuerdo de extradici\u00f3n, es decir que mientras permanezca en suelo brasile\u00f1o, la justicia de Nicaragua no puede pedir su traslado.\u00a0<\/b>En cambio, estando en Argentina,\u00a0<b>Nicaragua s\u00ed podr\u00eda pedir la extradici\u00f3n y luego ser\u00eda potestad de la Canciller\u00eda concederla (para el futuro juicio en Managua) o no.\u00a0<\/b>Habr\u00e1 que ver la nueva estrategia del actor ante este avance de la causa.<\/p>\n<p class=\"paragraph\"><b>El comunicado completo de Actrices Argentinas:<\/b><\/p>\n<p class=\"paragraph\">El 11 de diciembre de 2018, haciendo cuerpo colectivo, Actrices Argentinas acompa\u00f1\u00f3 la denuncia penal de Thelma Fard\u00edn contra Juan Darth\u00e9s, por la violaci\u00f3n sufrida durante una gira de trabajo en Nicaragua, nueve a\u00f1os antes, siendo menor de edad. De inmediato supimos que este caso era mucho m\u00e1s que una historia particular; era la historia de miles de v\u00edctimas. Nuestra uni\u00f3n abr\u00eda la posibilidad de empezar a hablar para luego transformar un sistema que hist\u00f3ricamente nos ha silenciado, naturalizando el abuso, la violencia y la impunidad de sus perpetradores. Hoy estamos ac\u00e1, otra vez, para hacer p\u00fablica esta victoria, y corroborar que a pesar de los innumerables obst\u00e1culos, \u00e9ste es un camino que para las mujeres y disidencias de Am\u00e9rica Latina no tiene vuelta atr\u00e1s.<\/p>\n<p class=\"paragraph\">Esta causa sigui\u00f3 adelante por el coraje de nuestra compa\u00f1era y porque tuvimos y tenemos la certeza de que a la injusticia se la enfrenta juntas y organizadas, y porque desde nuestro movimiento nunca dejamos de trabajar, no s\u00f3lo en este caso, sino en muchos otros de la enorme ola que devino despu\u00e9s de la visibilizaci\u00f3n del tema. Por dar s\u00f3lo un ejemplo de los efectos de \u201cno callarnos m\u00e1s\u201d y acompa\u00f1arnos: despu\u00e9s de la denuncia de Thelma, las consultas al programa \u201cV\u00edctimas contra la violencia\u201d aumentaron un 1240% en s\u00f3lo 24 horas, un programa del Ministerio de Justicia y Derechos Humanos de la Naci\u00f3n que registra miles de v\u00edctimas de abuso sexual por a\u00f1o, de las que el 65% es menor de edad.<\/p>\n<p class=\"paragraph\">Hoy, asistimos a un triunfo: El Ministerio P\u00fablico de Brasil formul\u00f3 acusaci\u00f3n formal contra Juan Darth\u00e9s. Es decir, tres ministerios p\u00fablicos fiscales de pa\u00edses diferentes (Argentina, Nicaragua y Brasil- adonde el denunciado se fug\u00f3 para eludir su responsabilidad-), consideraron que las pruebas presentadas y recabadas tienen contundencia suficiente para acusarlo penalmente; un recorrido que est\u00e1 sentando jurisprudencia internacional.<\/p>\n<p class=\"paragraph\">Nuestro objetivo es la verdad y este avance en la causa es en s\u00ed mismo reparador.<\/p>\n<p class=\"paragraph\">Insistimos en se\u00f1alar que el camino de la v\u00edctima es cruel y complejo: Sumado al trauma y los costos que implica econ\u00f3micamente, desde el momento en que se atreve a denunciar su vida cotidiana se ve expuesta y limitada. La construcci\u00f3n de la mirada social, fomentada y sostenida por los medios masivos de comunicaci\u00f3n, siempre est\u00e1 claramente direccionada hacia ella, a la b\u00fasqueda de sus faltas, la disecci\u00f3n de su vida privada y la prueba constante de lo que una buena v\u00edctima debe ser. La deslegitimaci\u00f3n est\u00e1 a la orden del d\u00eda.<\/p>\n<p class=\"paragraph\">Es ya ineludible e imperiosa una reforma judicial con perspectiva de g\u00e9nero, para que ninguna v\u00edctima sea sometida a declarar 6 veces lo mismo, para que su palabra quede ratificada de una sola vez por todos los especialistas que intervienen en el proceso, para que se respete el tiempo de la v\u00edctima cuando est\u00e1 comprobado que se tardan a\u00f1os en poder hablar. El camino institucional que proponen nuestras sociedades frente a la violencia sexual es la intervenci\u00f3n del sistema penal actual, con sus innumerables fracasos y modalidades de disciplinamiento patriarcal, frente a los que les denunciantes y aquellas personas que se atreven a testificar en su favor, se encuentran inermes. Como le sucedi\u00f3 a la actriz Calu Rivero, la primera que decidi\u00f3 denunciar p\u00fablicamente los abusos de que hab\u00eda sido objeto por parte de Darthes y tiene que seguir afrontando una demanda en la justicia civil por parte de su abusador, que adem\u00e1s es pr\u00f3fugo de la ley, o a nuestras compa\u00f1eras Natalia Juncos y Anita Co, acosadas y abusadas por el mismo sujeto en el \u00e1mbito laboral. Buscamos que nuestras experiencias de violencia sean reconocidas y valoradas, libres de estereotipos de g\u00e9nero.<\/p>\n<p class=\"paragraph\">El caso de Thelma es a la vez la regla y la excepci\u00f3n; muches sobrevivientes de abuso han pasado por esto pero pocos cuentan con su relevancia p\u00fablica e inter\u00e9s medi\u00e1tico, o el respaldo de Amnist\u00eda Internacional. Sabemos que la inmensa mayor\u00eda de las causas por violaci\u00f3n quedan impunes; de hecho, s\u00f3lo el 1% obtiene una condena. Por eso, mientras reivindicamos el derecho a la verdad m\u00e1s all\u00e1 de los tiempos de prescripci\u00f3n de las causas, necesitamos una justicia respetuosa de los derechos humanos y desarrollar mecanismos de reparaci\u00f3n efectivos para que aquellas personas que hayan padecido estos hechos aberrantes puedan sentirse reconocidas y acompa\u00f1adas, en lugar de juzgadas y estigmatizadas.<\/p>\n<p class=\"paragraph\">Se hace urgente prevenir estas violencias. Se hace urgente que el estado provea mayores recursos para la atenci\u00f3n de las v\u00edctimas. Se hace urgente la implementaci\u00f3n de protocolos para que podamos vivir y trabajar en \u00e1mbitos seguros, libres de acoso y abuso. Tenemos la obligaci\u00f3n hist\u00f3rica, pol\u00edtica y social de que as\u00ed sea. Muchas gracias (Infobae)<\/p>\n<p>&nbsp;<\/p>\n<p><a href=\"https:\/\/diariofemenino.com.ar\/\">Diario Digital Femenino<\/a><\/p>\n","protected":false},"excerpt":{"rendered":"<p>Avanza la denuncia de Thelma Fard\u00edn contra Juan Darth\u00e9s: el actor fue acusado formalmente por la justicia brasile\u00f1a El anuncio lo hizo el colectivo Actrices Argentinas por medio de una conferencia de prensa, en la que presentaron al nuevo abogado de la causa y el apoyo de Amnist\u00eda Internacional El Ministerio P\u00fablico de Brasil formul\u00f3 [&hellip;]<\/p>\n","protected":false},"author":4,"featured_media":57120,"comment_status":"open","ping_status":"open","sticky":false,"template":"","format":"standard","meta":{"iawp_total_views":4,"footnotes":""},"categories":[1067,21,592],"tags":[27,2864,1409,591],"class_list":["post-57114","post","type-post","status-publish","format-standard","has-post-thumbnail","hentry","category-agenda-feminista","category-noticias","category-violencias","tag-abuso","tag-causa","tag-juan-darthes","tag-thelma-fardin"],"nelio_content":{"autoShareEndMode":"never","automationSources":{"useCustomSentences":false,"customSentences":[]},"efiAlt":"","efiUrl":"","followers":[4],"highlights":[],"isAutoShareEnabled":true,"networkImageIds":[],"permalinkQueryArgs":[],"series":[],"suggestedReferences":[]},"yoast_head":"<!-- This site is optimized with the Yoast SEO plugin v27.5 - https:\/\/yoast.com\/product\/yoast-seo-wordpress\/ -->\n<title>Avanza la denuncia de Thelma Fard\u00edn contra Juan Darth\u00e9s: el actor fue acusado formalmente por la justicia brasile\u00f1a - Diario Digital Femenino<\/title>\n<meta name=\"description\" content=\"Avanza la denuncia de Thelma Fard\u00edn. El anuncio lo hizo el colectivo Actrices Argentinas por medio de una conferencia de prensa con Amnist\u00eda Internacional\" \/>\n<meta name=\"robots\" content=\"index, follow, max-snippet:-1, max-image-preview:large, max-video-preview:-1\" \/>\n<link rel=\"canonical\" href=\"https:\/\/diariofemenino.com.ar\/df\/avanza-la-denuncia-de-thelma-fardin-contra-juan-darthes\/\" \/>\n<meta property=\"og:locale\" content=\"es_ES\" \/>\n<meta property=\"og:type\" content=\"article\" \/>\n<meta property=\"og:title\" content=\"Avanza la denuncia de Thelma Fard\u00edn contra Juan Darth\u00e9s: el actor fue acusado formalmente por la justicia brasile\u00f1a - Diario Digital Femenino\" \/>\n<meta property=\"og:description\" content=\"Avanza la denuncia de Thelma Fard\u00edn. El anuncio lo hizo el colectivo Actrices Argentinas por medio de una conferencia de prensa con Amnist\u00eda Internacional\" \/>\n<meta property=\"og:url\" content=\"https:\/\/diariofemenino.com.ar\/df\/avanza-la-denuncia-de-thelma-fardin-contra-juan-darthes\/\" \/>\n<meta property=\"og:site_name\" content=\"Diario Digital Femenino\" \/>\n<meta property=\"article:publisher\" content=\"https:\/\/www.facebook.com\/DiarioDigitaFemenino\/\" \/>\n<meta property=\"article:published_time\" content=\"2021-04-07T23:25:06+00:00\" \/>\n<meta property=\"article:modified_time\" content=\"2021-04-07T23:26:07+00:00\" \/>\n<meta property=\"og:image\" content=\"https:\/\/diariofemenino.com.ar\/df\/wp-content\/uploads\/2021\/04\/KIBV3ZMCLBDY5CWAOOI7AYJOZY.jpg\" \/>\n\t<meta property=\"og:image:width\" content=\"992\" \/>\n\t<meta property=\"og:image:height\" content=\"661\" \/>\n\t<meta property=\"og:image:type\" content=\"image\/jpeg\" \/>\n<meta name=\"author\" content=\"Admin\" \/>\n<meta name=\"twitter:card\" content=\"summary_large_image\" \/>\n<meta name=\"twitter:creator\" content=\"@DiarioFemenino1\" \/>\n<meta name=\"twitter:site\" content=\"@DiarioFemenino1\" \/>\n<meta name=\"twitter:label1\" content=\"Escrito por\" \/>\n\t<meta name=\"twitter:data1\" content=\"Admin\" \/>\n\t<meta name=\"twitter:label2\" content=\"Tiempo de lectura\" \/>\n\t<meta name=\"twitter:data2\" content=\"10 minutos\" \/>\n<script type=\"application\/ld+json\" class=\"yoast-schema-graph\">{\"@context\":\"https:\\\/\\\/schema.org\",\"@graph\":[{\"@type\":\"Article\",\"@id\":\"https:\\\/\\\/diariofemenino.com.ar\\\/df\\\/avanza-la-denuncia-de-thelma-fardin-contra-juan-darthes\\\/#article\",\"isPartOf\":{\"@id\":\"https:\\\/\\\/diariofemenino.com.ar\\\/df\\\/avanza-la-denuncia-de-thelma-fardin-contra-juan-darthes\\\/\"},\"author\":{\"name\":\"Admin\",\"@id\":\"https:\\\/\\\/diariofemenino.com.ar\\\/df\\\/#\\\/schema\\\/person\\\/bf6199e8158c657ea6f789b11ec85509\"},\"headline\":\"Avanza la denuncia de Thelma Fard\u00edn contra Juan Darth\u00e9s: el actor fue acusado formalmente por la justicia brasile\u00f1a\",\"datePublished\":\"2021-04-07T23:25:06+00:00\",\"dateModified\":\"2021-04-07T23:26:07+00:00\",\"mainEntityOfPage\":{\"@id\":\"https:\\\/\\\/diariofemenino.com.ar\\\/df\\\/avanza-la-denuncia-de-thelma-fardin-contra-juan-darthes\\\/\"},\"wordCount\":1990,\"commentCount\":0,\"publisher\":{\"@id\":\"https:\\\/\\\/diariofemenino.com.ar\\\/df\\\/#organization\"},\"image\":{\"@id\":\"https:\\\/\\\/diariofemenino.com.ar\\\/df\\\/avanza-la-denuncia-de-thelma-fardin-contra-juan-darthes\\\/#primaryimage\"},\"thumbnailUrl\":\"https:\\\/\\\/diariofemenino.com.ar\\\/df\\\/wp-content\\\/uploads\\\/2021\\\/04\\\/KIBV3ZMCLBDY5CWAOOI7AYJOZY.jpg\",\"keywords\":[\"Abuso\",\"Causa\",\"Juan Darthes\",\"Thelma Fard\u00edn\"],\"articleSection\":[\"Agenda Feminista\",\"Noticias\",\"Violencias\"],\"inLanguage\":\"es\",\"potentialAction\":[{\"@type\":\"CommentAction\",\"name\":\"Comment\",\"target\":[\"https:\\\/\\\/diariofemenino.com.ar\\\/df\\\/avanza-la-denuncia-de-thelma-fardin-contra-juan-darthes\\\/#respond\"]}]},{\"@type\":\"WebPage\",\"@id\":\"https:\\\/\\\/diariofemenino.com.ar\\\/df\\\/avanza-la-denuncia-de-thelma-fardin-contra-juan-darthes\\\/\",\"url\":\"https:\\\/\\\/diariofemenino.com.ar\\\/df\\\/avanza-la-denuncia-de-thelma-fardin-contra-juan-darthes\\\/\",\"name\":\"Avanza la denuncia de Thelma Fard\u00edn contra Juan Darth\u00e9s: el actor fue acusado formalmente por la justicia brasile\u00f1a - Diario Digital Femenino\",\"isPartOf\":{\"@id\":\"https:\\\/\\\/diariofemenino.com.ar\\\/df\\\/#website\"},\"primaryImageOfPage\":{\"@id\":\"https:\\\/\\\/diariofemenino.com.ar\\\/df\\\/avanza-la-denuncia-de-thelma-fardin-contra-juan-darthes\\\/#primaryimage\"},\"image\":{\"@id\":\"https:\\\/\\\/diariofemenino.com.ar\\\/df\\\/avanza-la-denuncia-de-thelma-fardin-contra-juan-darthes\\\/#primaryimage\"},\"thumbnailUrl\":\"https:\\\/\\\/diariofemenino.com.ar\\\/df\\\/wp-content\\\/uploads\\\/2021\\\/04\\\/KIBV3ZMCLBDY5CWAOOI7AYJOZY.jpg\",\"datePublished\":\"2021-04-07T23:25:06+00:00\",\"dateModified\":\"2021-04-07T23:26:07+00:00\",\"description\":\"Avanza la denuncia de Thelma Fard\u00edn. El anuncio lo hizo el colectivo Actrices Argentinas por medio de una conferencia de prensa con Amnist\u00eda Internacional\",\"breadcrumb\":{\"@id\":\"https:\\\/\\\/diariofemenino.com.ar\\\/df\\\/avanza-la-denuncia-de-thelma-fardin-contra-juan-darthes\\\/#breadcrumb\"},\"inLanguage\":\"es\",\"potentialAction\":[{\"@type\":\"ReadAction\",\"target\":[\"https:\\\/\\\/diariofemenino.com.ar\\\/df\\\/avanza-la-denuncia-de-thelma-fardin-contra-juan-darthes\\\/\"]}]},{\"@type\":\"ImageObject\",\"inLanguage\":\"es\",\"@id\":\"https:\\\/\\\/diariofemenino.com.ar\\\/df\\\/avanza-la-denuncia-de-thelma-fardin-contra-juan-darthes\\\/#primaryimage\",\"url\":\"https:\\\/\\\/diariofemenino.com.ar\\\/df\\\/wp-content\\\/uploads\\\/2021\\\/04\\\/KIBV3ZMCLBDY5CWAOOI7AYJOZY.jpg\",\"contentUrl\":\"https:\\\/\\\/diariofemenino.com.ar\\\/df\\\/wp-content\\\/uploads\\\/2021\\\/04\\\/KIBV3ZMCLBDY5CWAOOI7AYJOZY.jpg\",\"width\":992,\"height\":661,\"caption\":\"Avanza la denuncia de Thelma Fard\u00edn contra Juan Darth\u00e9s: el actor fue acusado formalmente por la justicia brasile\u00f1a\"},{\"@type\":\"BreadcrumbList\",\"@id\":\"https:\\\/\\\/diariofemenino.com.ar\\\/df\\\/avanza-la-denuncia-de-thelma-fardin-contra-juan-darthes\\\/#breadcrumb\",\"itemListElement\":[{\"@type\":\"ListItem\",\"position\":1,\"name\":\"Portada\",\"item\":\"https:\\\/\\\/diariofemenino.com.ar\\\/df\\\/\"},{\"@type\":\"ListItem\",\"position\":2,\"name\":\"Avanza la denuncia de Thelma Fard\u00edn contra Juan Darth\u00e9s: el actor fue acusado formalmente por la justicia brasile\u00f1a\"}]},{\"@type\":\"WebSite\",\"@id\":\"https:\\\/\\\/diariofemenino.com.ar\\\/df\\\/#website\",\"url\":\"https:\\\/\\\/diariofemenino.com.ar\\\/df\\\/\",\"name\":\"Diario Digital Femenino\",\"description\":\"Cuesti\u00f3n de G\u00e9nero\",\"publisher\":{\"@id\":\"https:\\\/\\\/diariofemenino.com.ar\\\/df\\\/#organization\"},\"potentialAction\":[{\"@type\":\"SearchAction\",\"target\":{\"@type\":\"EntryPoint\",\"urlTemplate\":\"https:\\\/\\\/diariofemenino.com.ar\\\/df\\\/?s={search_term_string}\"},\"query-input\":{\"@type\":\"PropertyValueSpecification\",\"valueRequired\":true,\"valueName\":\"search_term_string\"}}],\"inLanguage\":\"es\"},{\"@type\":\"Organization\",\"@id\":\"https:\\\/\\\/diariofemenino.com.ar\\\/df\\\/#organization\",\"name\":\"Diario Femenino\",\"url\":\"https:\\\/\\\/diariofemenino.com.ar\\\/df\\\/\",\"logo\":{\"@type\":\"ImageObject\",\"inLanguage\":\"es\",\"@id\":\"https:\\\/\\\/diariofemenino.com.ar\\\/df\\\/#\\\/schema\\\/logo\\\/image\\\/\",\"url\":\"https:\\\/\\\/diariofemenino.com.ar\\\/df\\\/wp-content\\\/uploads\\\/2018\\\/10\\\/logo.png\",\"contentUrl\":\"https:\\\/\\\/diariofemenino.com.ar\\\/df\\\/wp-content\\\/uploads\\\/2018\\\/10\\\/logo.png\",\"width\":500,\"height\":92,\"caption\":\"Diario Femenino\"},\"image\":{\"@id\":\"https:\\\/\\\/diariofemenino.com.ar\\\/df\\\/#\\\/schema\\\/logo\\\/image\\\/\"},\"sameAs\":[\"https:\\\/\\\/www.facebook.com\\\/DiarioDigitaFemenino\\\/\",\"https:\\\/\\\/x.com\\\/DiarioFemenino1\"]},{\"@type\":\"Person\",\"@id\":\"https:\\\/\\\/diariofemenino.com.ar\\\/df\\\/#\\\/schema\\\/person\\\/bf6199e8158c657ea6f789b11ec85509\",\"name\":\"Admin\",\"image\":{\"@type\":\"ImageObject\",\"inLanguage\":\"es\",\"@id\":\"https:\\\/\\\/diariofemenino.com.ar\\\/df\\\/wp-content\\\/uploads\\\/2018\\\/12\\\/favicon-150x150.jpg\",\"url\":\"https:\\\/\\\/diariofemenino.com.ar\\\/df\\\/wp-content\\\/uploads\\\/2018\\\/12\\\/favicon-150x150.jpg\",\"contentUrl\":\"https:\\\/\\\/diariofemenino.com.ar\\\/df\\\/wp-content\\\/uploads\\\/2018\\\/12\\\/favicon-150x150.jpg\",\"caption\":\"Admin\"},\"url\":\"https:\\\/\\\/diariofemenino.com.ar\\\/df\\\/author\\\/lenny\\\/\"}]}<\/script>\n<!-- \/ Yoast SEO plugin. -->","yoast_head_json":{"title":"Avanza la denuncia de Thelma Fard\u00edn contra Juan Darth\u00e9s: el actor fue acusado formalmente por la justicia brasile\u00f1a - Diario Digital Femenino","description":"Avanza la denuncia de Thelma Fard\u00edn. El anuncio lo hizo el colectivo Actrices Argentinas por medio de una conferencia de prensa con Amnist\u00eda Internacional","robots":{"index":"index","follow":"follow","max-snippet":"max-snippet:-1","max-image-preview":"max-image-preview:large","max-video-preview":"max-video-preview:-1"},"canonical":"https:\/\/diariofemenino.com.ar\/df\/avanza-la-denuncia-de-thelma-fardin-contra-juan-darthes\/","og_locale":"es_ES","og_type":"article","og_title":"Avanza la denuncia de Thelma Fard\u00edn contra Juan Darth\u00e9s: el actor fue acusado formalmente por la justicia brasile\u00f1a - Diario Digital Femenino","og_description":"Avanza la denuncia de Thelma Fard\u00edn. El anuncio lo hizo el colectivo Actrices Argentinas por medio de una conferencia de prensa con Amnist\u00eda Internacional","og_url":"https:\/\/diariofemenino.com.ar\/df\/avanza-la-denuncia-de-thelma-fardin-contra-juan-darthes\/","og_site_name":"Diario Digital Femenino","article_publisher":"https:\/\/www.facebook.com\/DiarioDigitaFemenino\/","article_published_time":"2021-04-07T23:25:06+00:00","article_modified_time":"2021-04-07T23:26:07+00:00","og_image":[{"width":992,"height":661,"url":"https:\/\/diariofemenino.com.ar\/df\/wp-content\/uploads\/2021\/04\/KIBV3ZMCLBDY5CWAOOI7AYJOZY.jpg","type":"image\/jpeg"}],"author":"Admin","twitter_card":"summary_large_image","twitter_creator":"@DiarioFemenino1","twitter_site":"@DiarioFemenino1","twitter_misc":{"Escrito por":"Admin","Tiempo de lectura":"10 minutos"},"schema":{"@context":"https:\/\/schema.org","@graph":[{"@type":"Article","@id":"https:\/\/diariofemenino.com.ar\/df\/avanza-la-denuncia-de-thelma-fardin-contra-juan-darthes\/#article","isPartOf":{"@id":"https:\/\/diariofemenino.com.ar\/df\/avanza-la-denuncia-de-thelma-fardin-contra-juan-darthes\/"},"author":{"name":"Admin","@id":"https:\/\/diariofemenino.com.ar\/df\/#\/schema\/person\/bf6199e8158c657ea6f789b11ec85509"},"headline":"Avanza la denuncia de Thelma Fard\u00edn contra Juan Darth\u00e9s: el actor fue acusado formalmente por la justicia brasile\u00f1a","datePublished":"2021-04-07T23:25:06+00:00","dateModified":"2021-04-07T23:26:07+00:00","mainEntityOfPage":{"@id":"https:\/\/diariofemenino.com.ar\/df\/avanza-la-denuncia-de-thelma-fardin-contra-juan-darthes\/"},"wordCount":1990,"commentCount":0,"publisher":{"@id":"https:\/\/diariofemenino.com.ar\/df\/#organization"},"image":{"@id":"https:\/\/diariofemenino.com.ar\/df\/avanza-la-denuncia-de-thelma-fardin-contra-juan-darthes\/#primaryimage"},"thumbnailUrl":"https:\/\/diariofemenino.com.ar\/df\/wp-content\/uploads\/2021\/04\/KIBV3ZMCLBDY5CWAOOI7AYJOZY.jpg","keywords":["Abuso","Causa","Juan Darthes","Thelma Fard\u00edn"],"articleSection":["Agenda Feminista","Noticias","Violencias"],"inLanguage":"es","potentialAction":[{"@type":"CommentAction","name":"Comment","target":["https:\/\/diariofemenino.com.ar\/df\/avanza-la-denuncia-de-thelma-fardin-contra-juan-darthes\/#respond"]}]},{"@type":"WebPage","@id":"https:\/\/diariofemenino.com.ar\/df\/avanza-la-denuncia-de-thelma-fardin-contra-juan-darthes\/","url":"https:\/\/diariofemenino.com.ar\/df\/avanza-la-denuncia-de-thelma-fardin-contra-juan-darthes\/","name":"Avanza la denuncia de Thelma Fard\u00edn contra Juan Darth\u00e9s: el actor fue acusado formalmente por la justicia brasile\u00f1a - Diario Digital Femenino","isPartOf":{"@id":"https:\/\/diariofemenino.com.ar\/df\/#website"},"primaryImageOfPage":{"@id":"https:\/\/diariofemenino.com.ar\/df\/avanza-la-denuncia-de-thelma-fardin-contra-juan-darthes\/#primaryimage"},"image":{"@id":"https:\/\/diariofemenino.com.ar\/df\/avanza-la-denuncia-de-thelma-fardin-contra-juan-darthes\/#primaryimage"},"thumbnailUrl":"https:\/\/diariofemenino.com.ar\/df\/wp-content\/uploads\/2021\/04\/KIBV3ZMCLBDY5CWAOOI7AYJOZY.jpg","datePublished":"2021-04-07T23:25:06+00:00","dateModified":"2021-04-07T23:26:07+00:00","description":"Avanza la denuncia de Thelma Fard\u00edn. El anuncio lo hizo el colectivo Actrices Argentinas por medio de una conferencia de prensa con Amnist\u00eda Internacional","breadcrumb":{"@id":"https:\/\/diariofemenino.com.ar\/df\/avanza-la-denuncia-de-thelma-fardin-contra-juan-darthes\/#breadcrumb"},"inLanguage":"es","potentialAction":[{"@type":"ReadAction","target":["https:\/\/diariofemenino.com.ar\/df\/avanza-la-denuncia-de-thelma-fardin-contra-juan-darthes\/"]}]},{"@type":"ImageObject","inLanguage":"es","@id":"https:\/\/diariofemenino.com.ar\/df\/avanza-la-denuncia-de-thelma-fardin-contra-juan-darthes\/#primaryimage","url":"https:\/\/diariofemenino.com.ar\/df\/wp-content\/uploads\/2021\/04\/KIBV3ZMCLBDY5CWAOOI7AYJOZY.jpg","contentUrl":"https:\/\/diariofemenino.com.ar\/df\/wp-content\/uploads\/2021\/04\/KIBV3ZMCLBDY5CWAOOI7AYJOZY.jpg","width":992,"height":661,"caption":"Avanza la denuncia de Thelma Fard\u00edn contra Juan Darth\u00e9s: el actor fue acusado formalmente por la justicia brasile\u00f1a"},{"@type":"BreadcrumbList","@id":"https:\/\/diariofemenino.com.ar\/df\/avanza-la-denuncia-de-thelma-fardin-contra-juan-darthes\/#breadcrumb","itemListElement":[{"@type":"ListItem","position":1,"name":"Portada","item":"https:\/\/diariofemenino.com.ar\/df\/"},{"@type":"ListItem","position":2,"name":"Avanza la denuncia de Thelma Fard\u00edn contra Juan Darth\u00e9s: el actor fue acusado formalmente por la justicia brasile\u00f1a"}]},{"@type":"WebSite","@id":"https:\/\/diariofemenino.com.ar\/df\/#website","url":"https:\/\/diariofemenino.com.ar\/df\/","name":"Diario Digital Femenino","description":"Cuesti\u00f3n de G\u00e9nero","publisher":{"@id":"https:\/\/diariofemenino.com.ar\/df\/#organization"},"potentialAction":[{"@type":"SearchAction","target":{"@type":"EntryPoint","urlTemplate":"https:\/\/diariofemenino.com.ar\/df\/?s={search_term_string}"},"query-input":{"@type":"PropertyValueSpecification","valueRequired":true,"valueName":"search_term_string"}}],"inLanguage":"es"},{"@type":"Organization","@id":"https:\/\/diariofemenino.com.ar\/df\/#organization","name":"Diario Femenino","url":"https:\/\/diariofemenino.com.ar\/df\/","logo":{"@type":"ImageObject","inLanguage":"es","@id":"https:\/\/diariofemenino.com.ar\/df\/#\/schema\/logo\/image\/","url":"https:\/\/diariofemenino.com.ar\/df\/wp-content\/uploads\/2018\/10\/logo.png","contentUrl":"https:\/\/diariofemenino.com.ar\/df\/wp-content\/uploads\/2018\/10\/logo.png","width":500,"height":92,"caption":"Diario Femenino"},"image":{"@id":"https:\/\/diariofemenino.com.ar\/df\/#\/schema\/logo\/image\/"},"sameAs":["https:\/\/www.facebook.com\/DiarioDigitaFemenino\/","https:\/\/x.com\/DiarioFemenino1"]},{"@type":"Person","@id":"https:\/\/diariofemenino.com.ar\/df\/#\/schema\/person\/bf6199e8158c657ea6f789b11ec85509","name":"Admin","image":{"@type":"ImageObject","inLanguage":"es","@id":"https:\/\/diariofemenino.com.ar\/df\/wp-content\/uploads\/2018\/12\/favicon-150x150.jpg","url":"https:\/\/diariofemenino.com.ar\/df\/wp-content\/uploads\/2018\/12\/favicon-150x150.jpg","contentUrl":"https:\/\/diariofemenino.com.ar\/df\/wp-content\/uploads\/2018\/12\/favicon-150x150.jpg","caption":"Admin"},"url":"https:\/\/diariofemenino.com.ar\/df\/author\/lenny\/"}]}},"jetpack_featured_media_url":"https:\/\/diariofemenino.com.ar\/df\/wp-content\/uploads\/2021\/04\/KIBV3ZMCLBDY5CWAOOI7AYJOZY.jpg","jetpack_sharing_enabled":true,"rttpg_featured_image_url":{"full":["https:\/\/diariofemenino.com.ar\/df\/wp-content\/uploads\/2021\/04\/KIBV3ZMCLBDY5CWAOOI7AYJOZY.jpg",992,661,false],"landscape":["https:\/\/diariofemenino.com.ar\/df\/wp-content\/uploads\/2021\/04\/KIBV3ZMCLBDY5CWAOOI7AYJOZY.jpg",992,661,false],"portraits":["https:\/\/diariofemenino.com.ar\/df\/wp-content\/uploads\/2021\/04\/KIBV3ZMCLBDY5CWAOOI7AYJOZY.jpg",992,661,false],"thumbnail":["https:\/\/diariofemenino.com.ar\/df\/wp-content\/uploads\/2021\/04\/KIBV3ZMCLBDY5CWAOOI7AYJOZY-150x150.jpg",150,150,true],"medium":["https:\/\/diariofemenino.com.ar\/df\/wp-content\/uploads\/2021\/04\/KIBV3ZMCLBDY5CWAOOI7AYJOZY-300x200.jpg",300,200,true],"large":["https:\/\/diariofemenino.com.ar\/df\/wp-content\/uploads\/2021\/04\/KIBV3ZMCLBDY5CWAOOI7AYJOZY.jpg",992,661,false],"1536x1536":["https:\/\/diariofemenino.com.ar\/df\/wp-content\/uploads\/2021\/04\/KIBV3ZMCLBDY5CWAOOI7AYJOZY.jpg",992,661,false],"2048x2048":["https:\/\/diariofemenino.com.ar\/df\/wp-content\/uploads\/2021\/04\/KIBV3ZMCLBDY5CWAOOI7AYJOZY.jpg",992,661,false]},"rttpg_author":{"display_name":"Admin","author_link":"https:\/\/diariofemenino.com.ar\/df\/author\/lenny\/"},"rttpg_comment":0,"rttpg_category":"<a href=\"https:\/\/diariofemenino.com.ar\/df\/category\/agenda-feminista\/\" rel=\"category tag\">Agenda Feminista<\/a> <a href=\"https:\/\/diariofemenino.com.ar\/df\/category\/noticias\/\" rel=\"category tag\">Noticias<\/a> <a href=\"https:\/\/diariofemenino.com.ar\/df\/category\/violencias\/\" rel=\"category tag\">Violencias<\/a>","rttpg_excerpt":"Avanza la denuncia de Thelma Fard\u00edn contra Juan Darth\u00e9s: el actor fue acusado formalmente por la justicia brasile\u00f1a El anuncio lo hizo el colectivo Actrices Argentinas por medio de una conferencia de prensa, en la que presentaron al nuevo abogado de la causa y el apoyo de Amnist\u00eda Internacional El Ministerio P\u00fablico de Brasil formul\u00f3&hellip;","_links":{"self":[{"href":"https:\/\/diariofemenino.com.ar\/df\/wp-json\/wp\/v2\/posts\/57114","targetHints":{"allow":["GET"]}}],"collection":[{"href":"https:\/\/diariofemenino.com.ar\/df\/wp-json\/wp\/v2\/posts"}],"about":[{"href":"https:\/\/diariofemenino.com.ar\/df\/wp-json\/wp\/v2\/types\/post"}],"author":[{"embeddable":true,"href":"https:\/\/diariofemenino.com.ar\/df\/wp-json\/wp\/v2\/users\/4"}],"replies":[{"embeddable":true,"href":"https:\/\/diariofemenino.com.ar\/df\/wp-json\/wp\/v2\/comments?post=57114"}],"version-history":[{"count":0,"href":"https:\/\/diariofemenino.com.ar\/df\/wp-json\/wp\/v2\/posts\/57114\/revisions"}],"wp:featuredmedia":[{"embeddable":true,"href":"https:\/\/diariofemenino.com.ar\/df\/wp-json\/wp\/v2\/media\/57120"}],"wp:attachment":[{"href":"https:\/\/diariofemenino.com.ar\/df\/wp-json\/wp\/v2\/media?parent=57114"}],"wp:term":[{"taxonomy":"category","embeddable":true,"href":"https:\/\/diariofemenino.com.ar\/df\/wp-json\/wp\/v2\/categories?post=57114"},{"taxonomy":"post_tag","embeddable":true,"href":"https:\/\/diariofemenino.com.ar\/df\/wp-json\/wp\/v2\/tags?post=57114"}],"curies":[{"name":"wp","href":"https:\/\/api.w.org\/{rel}","templated":true}]}}