{"id":5711,"date":"2013-03-01T09:28:27","date_gmt":"2013-03-01T12:28:27","guid":{"rendered":"http:\/\/www.diariofemenino.com.ar\/?p=5711"},"modified":"2013-03-01T09:28:27","modified_gmt":"2013-03-01T12:28:27","slug":"quien-no-se-banca-a-una-presidenta-mujer","status":"publish","type":"post","link":"https:\/\/diariofemenino.com.ar\/df\/quien-no-se-banca-a-una-presidenta-mujer\/","title":{"rendered":"\u00bfQui\u00e9n no se banca a una presidenta mujer?"},"content":{"rendered":"<p>&nbsp;<br \/>\n&nbsp;<\/p>\n<p id=\"p-copete\"><em>Est\u00e1 claro que con la presidenta hay un ensa\u00f1amiento especial. Quienes trabajan en Noticias parecen no tolerar el ejercicio del poder por parte de una mujer.<\/em><\/p>\n<p>&nbsp;<br \/>\nPor <a href=\"http:\/\/www.diariofemenino.com.ar\/wp-content\/uploads\/50210eb3e009c_108x77.jpg\"><img loading=\"lazy\" decoding=\"async\" class=\"alignleft size-full wp-image-5712\" title=\"50210eb3e009c_108x77\" src=\"http:\/\/www.diariofemenino.com.ar\/wp-content\/uploads\/50210eb3e009c_108x77.jpg\" alt=\"\" width=\"108\" height=\"77\" \/><\/a>Sandra Chaher<br \/>\nPor qu\u00e9 genera tanta inquietud una mujer poderosa que no est\u00e1 en pareja? \u00bfQu\u00e9 se teme, que el poder que ejerce no tenga dique de contenci\u00f3n, si es que ese pudiera ser el rol de un compa\u00f1ero? Algo potente emana de este tipo de mujeres que desata el sexismo social. Y la revista Noticias est\u00e1 ah\u00ed para captarlo. La presidenta Cristina Fern\u00e1ndez fue agredida en los \u00faltimos a\u00f1os por los art\u00edculos de la revista por, supuestamente, padecer enfermedades mentales (\u00abEl enigma de Cristina. Trastorno bipolar y nuevo gobierno\u00bb, 2006); ser maltratada por familiares y correligionarias\/os (\u00abEl negocio de pegarle a Cristina\u00bb, 2009); y\u00a0 tener una sexualidad desenfrenada (\u00abEl goce de Cristina\u00bb, 2011). Aparte, claro, las cr\u00edticas a lo que califican como falta de l\u00edmites en el ejercicio del poder, que podemos conceder que es un cuestionamiento que podr\u00edan haber realizado tambi\u00e9n a un presidente var\u00f3n.<br \/>\nPero est\u00e1 claro que con la presidenta hay un ensa\u00f1amiento especial. Quienes trabajan en Noticias\u00a0 parecen no tolerar el ejercicio del poder por parte de una mujer. Pero si adem\u00e1s esa mujer demuestra que puede ser aut\u00f3noma en la toma de decisiones y la contenci\u00f3n emocional, y no tiene una sexualidad f\u00e1cilmente encasillable, eso es algo insoportable. El a\u00f1o pasado, la revista public\u00f3 una tapa sobre la sexualidad de la presidenta, \u00abEl goce de Cristina\u00bb, que le vali\u00f3 a la editorial al menos dos causas judiciales por violencia medi\u00e1tica presentadas por legisladoras y funcionarias. En la nota, adem\u00e1s de calificar a la presidenta como \u00abautoritaria\u00bb y \u00abprocaz\u00bb, se especula con el v\u00ednculo entre poder, sexo y soledad: cuanto m\u00e1s poder, m\u00e1s soledad y m\u00e1s necesidad de sexo que libere tensiones. Es bueno recordar ac\u00e1 a Marcela Lagarde y de los R\u00edos, fil\u00f3sofa mexicana, cuando habla de la soledad de las mujeres como una trampa del patriarcado: las mujeres fuimos educadas para compartir y estar con otros, le tememos a la soledad; y tampoco desde fuera se ve bien que estemos solas si eso implica fortaleza en lugar de vulnerabilidad. Una presidenta de luto, abatida e imposibilitada de gobernar probablemente habr\u00eda sido un modelo mucho m\u00e1s digerible que la guerrera que tenemos al frente del pa\u00eds.<br \/>\nLa semana pasada la revista volvi\u00f3 a insistir con el mismo tema, pero en un tono m\u00e1s light que el a\u00f1o pasado, quiz\u00e1 para evitar repudios y juicios. A prop\u00f3sito del cumplea\u00f1os de la presidenta public\u00f3 otra tapa, \u00abLos 60 de Cristina\u00bb, en la que volvi\u00f3 a establecer la misma relaci\u00f3n entre sexualidad, soledad y poder a partir de estudios que indicar\u00edan que, luego de la menopausia y de la exigencia\u00a0 social de la maternidad, el deseo de las mujeres estar\u00eda m\u00e1s libre. Ahora bien, las personas especializadas convocadas en la nota no dicen que liberarse signifique sexo desenfrenado, sino que la liberaci\u00f3n puede no anclar necesariamente en la sexualidad, que el erotismo puede comenzar a manifestarse de formas no habituales hasta entonces, y que son muy diferentes las expectativas sociales para esta etapa de la vida puestas sobre mujeres y varones.<br \/>\nUn art\u00edculo de la misma semana publicado en el suplemento LAS\/12, del diario P\u00e1gina 12, ahondaba en la misma idea: luego de la menopausia es probable que la sexualidad cambie, quiz\u00e1 la penetraci\u00f3n deja de tener un rol preponderante dentro del acto sexual \u2013lo cual no quiere decir que dejen de interesar las relaciones sexuales en s\u00ed mismas, sino que hay que explorar nuevas dimensiones\u2013 y, sobre todo, quiz\u00e1 es un momento para sentirse menos presionada con las exigencias de belleza y rendimiento de la juventud.<br \/>\nPero el art\u00edculo de Noticias no va en esta l\u00ednea, sino que propone la asociaci\u00f3n entre sexualidad y poder. A la revista la inquieta si la presidenta se masturba, si est\u00e1 sola, si tiene deseos. Actos de la vida privada como la sexualidad pasan a ser, en los art\u00edculos de la revista, temas de Estado. Se mezclan las decisiones gubernamentales con los cambios de \u00e1nimo, los partes de salud y los estados civiles. El hor\u00f3scopo chino es un tema destacado de la nota, lo mismo que el vestuario de la presidenta, a la par del panorama pol\u00edtico 2013 con elecciones parlamentarias en medio.<br \/>\n\u00bfExistir\u00edan estos comentarios si la presidenta fuera \u00abel presidente\u00bb? \u00bfHabr\u00eda sido tapa de revista c\u00f3mo resuelve su sexualidad un presidente viudo? \u00bfAlguna vez la andropausia fue motivo de especulaciones en torno al poder? \u00bfQu\u00e9 imagen de la mujer desata estas conjeturas? El art\u00edculo da una pista cuando dice que \u00abla modernidad desarma a cada rato el prejuicio de que la menopausia femenina acaba con el deseo y el goce\u00bb. Si as\u00ed fuera, la presidenta deber\u00eda ser protagonista de escenas sexuales, sola o acompa\u00f1ada, y la revista se regodea en esa especulaci\u00f3n. \u00bfHay alguna otra motivaci\u00f3n para especular sobre la vida privada de las personas adem\u00e1s del amarillismo? Probablemente no. Pero adem\u00e1s, el argumento es misoginia pura: una mujer sola, en ejercicio del poder, \u00bfc\u00f3mo se satisface? Una mujer \u00abno puede\u00bb ser aut\u00f3noma emocional y sexualmente y adem\u00e1s gobernar un pa\u00eds. De semejantes proezas s\u00f3lo es capaz un var\u00f3n.<br \/>\n\u00abSola\u00bb es una palabra repetida muchas veces en el art\u00edculo de Noticias. \u00bfPor qu\u00e9 pensar que la presidenta est\u00e1 sola y no que es autosuficiente? \u00bfPor qu\u00e9 cuestionar la continuidad del luto? \u00bfSer\u00e1 porque no se tolera a una mujer que contiene su duelo, mantiene el v\u00ednculo emocional con su familia, sigue mostr\u00e1ndose bella y a la vez gobierna? \u00bfO ser\u00e1 que si ya hubiera abandonado el luto y tuviera otro novio, la criticar\u00edan igual porque lo que no se tolera es a una mujer en el poder?<br \/>\n&nbsp;<br \/>\n&nbsp;<br \/>\n&nbsp;<br \/>\n&nbsp;<br \/>\nFuente: InfoNews<\/p>\n","protected":false},"excerpt":{"rendered":"<p>&nbsp; &nbsp; Est\u00e1 claro que con la presidenta hay un ensa\u00f1amiento especial. Quienes trabajan en Noticias parecen no tolerar el ejercicio del poder por parte de una mujer. &nbsp; Por Sandra Chaher Por qu\u00e9 genera tanta inquietud una mujer poderosa que no est\u00e1 en pareja? \u00bfQu\u00e9 se teme, que el poder que ejerce no tenga [&hellip;]<\/p>\n","protected":false},"author":1,"featured_media":0,"comment_status":"open","ping_status":"open","sticky":false,"template":"","format":"standard","meta":{"iawp_total_views":1,"footnotes":""},"categories":[4],"tags":[],"class_list":["post-5711","post","type-post","status-publish","format-standard","hentry","category-medios"],"nelio_content":{"autoShareEndMode":"never","automationSources":{"useCustomSentences":false,"customSentences":[]},"efiAlt":"","efiUrl":"","followers":[],"highlights":[],"isAutoShareEnabled":true,"networkImageIds":[],"permalinkQueryArgs":[],"series":[],"suggestedReferences":[]},"yoast_head":"<!-- This site is optimized with the Yoast SEO plugin v27.4 - https:\/\/yoast.com\/product\/yoast-seo-wordpress\/ -->\n<title>\u00bfQui\u00e9n no se banca a una presidenta mujer? - Diario Digital Femenino<\/title>\n<meta name=\"robots\" content=\"index, follow, max-snippet:-1, max-image-preview:large, max-video-preview:-1\" \/>\n<link rel=\"canonical\" href=\"https:\/\/diariofemenino.com.ar\/df\/quien-no-se-banca-a-una-presidenta-mujer\/\" \/>\n<meta property=\"og:locale\" content=\"es_ES\" \/>\n<meta property=\"og:type\" content=\"article\" \/>\n<meta property=\"og:title\" content=\"\u00bfQui\u00e9n no se banca a una presidenta mujer? - Diario Digital Femenino\" \/>\n<meta property=\"og:description\" content=\"&nbsp; &nbsp; Est\u00e1 claro que con la presidenta hay un ensa\u00f1amiento especial. Quienes trabajan en Noticias parecen no tolerar el ejercicio del poder por parte de una mujer. &nbsp; Por Sandra Chaher Por qu\u00e9 genera tanta inquietud una mujer poderosa que no est\u00e1 en pareja? \u00bfQu\u00e9 se teme, que el poder que ejerce no tenga [&hellip;]\" \/>\n<meta property=\"og:url\" content=\"https:\/\/diariofemenino.com.ar\/df\/quien-no-se-banca-a-una-presidenta-mujer\/\" \/>\n<meta property=\"og:site_name\" content=\"Diario Digital Femenino\" \/>\n<meta property=\"article:publisher\" content=\"https:\/\/www.facebook.com\/DiarioDigitaFemenino\/\" \/>\n<meta property=\"article:published_time\" content=\"2013-03-01T12:28:27+00:00\" \/>\n<meta property=\"og:image\" content=\"http:\/\/www.diariofemenino.com.ar\/wp-content\/uploads\/50210eb3e009c_108x77.jpg\" \/>\n<meta name=\"author\" content=\"Admin\" \/>\n<meta name=\"twitter:card\" content=\"summary_large_image\" \/>\n<meta name=\"twitter:creator\" content=\"@DiarioFemenino1\" \/>\n<meta name=\"twitter:site\" content=\"@DiarioFemenino1\" \/>\n<meta name=\"twitter:label1\" content=\"Escrito por\" \/>\n\t<meta name=\"twitter:data1\" content=\"Admin\" \/>\n\t<meta name=\"twitter:label2\" content=\"Tiempo de lectura\" \/>\n\t<meta name=\"twitter:data2\" content=\"5 minutos\" \/>\n<script type=\"application\/ld+json\" class=\"yoast-schema-graph\">{\"@context\":\"https:\\\/\\\/schema.org\",\"@graph\":[{\"@type\":\"Article\",\"@id\":\"https:\\\/\\\/diariofemenino.com.ar\\\/df\\\/quien-no-se-banca-a-una-presidenta-mujer\\\/#article\",\"isPartOf\":{\"@id\":\"https:\\\/\\\/diariofemenino.com.ar\\\/df\\\/quien-no-se-banca-a-una-presidenta-mujer\\\/\"},\"author\":{\"name\":\"Admin\",\"@id\":\"https:\\\/\\\/diariofemenino.com.ar\\\/df\\\/#\\\/schema\\\/person\\\/38f54b3bfd13f561de2460ba95c169c6\"},\"headline\":\"\u00bfQui\u00e9n no se banca a una presidenta mujer?\",\"datePublished\":\"2013-03-01T12:28:27+00:00\",\"mainEntityOfPage\":{\"@id\":\"https:\\\/\\\/diariofemenino.com.ar\\\/df\\\/quien-no-se-banca-a-una-presidenta-mujer\\\/\"},\"wordCount\":1035,\"commentCount\":0,\"publisher\":{\"@id\":\"https:\\\/\\\/diariofemenino.com.ar\\\/df\\\/#organization\"},\"image\":{\"@id\":\"https:\\\/\\\/diariofemenino.com.ar\\\/df\\\/quien-no-se-banca-a-una-presidenta-mujer\\\/#primaryimage\"},\"thumbnailUrl\":\"http:\\\/\\\/www.diariofemenino.com.ar\\\/wp-content\\\/uploads\\\/50210eb3e009c_108x77.jpg\",\"articleSection\":[\"Medios\"],\"inLanguage\":\"es\",\"potentialAction\":[{\"@type\":\"CommentAction\",\"name\":\"Comment\",\"target\":[\"https:\\\/\\\/diariofemenino.com.ar\\\/df\\\/quien-no-se-banca-a-una-presidenta-mujer\\\/#respond\"]}]},{\"@type\":\"WebPage\",\"@id\":\"https:\\\/\\\/diariofemenino.com.ar\\\/df\\\/quien-no-se-banca-a-una-presidenta-mujer\\\/\",\"url\":\"https:\\\/\\\/diariofemenino.com.ar\\\/df\\\/quien-no-se-banca-a-una-presidenta-mujer\\\/\",\"name\":\"\u00bfQui\u00e9n no se banca a una presidenta mujer? - Diario Digital Femenino\",\"isPartOf\":{\"@id\":\"https:\\\/\\\/diariofemenino.com.ar\\\/df\\\/#website\"},\"primaryImageOfPage\":{\"@id\":\"https:\\\/\\\/diariofemenino.com.ar\\\/df\\\/quien-no-se-banca-a-una-presidenta-mujer\\\/#primaryimage\"},\"image\":{\"@id\":\"https:\\\/\\\/diariofemenino.com.ar\\\/df\\\/quien-no-se-banca-a-una-presidenta-mujer\\\/#primaryimage\"},\"thumbnailUrl\":\"http:\\\/\\\/www.diariofemenino.com.ar\\\/wp-content\\\/uploads\\\/50210eb3e009c_108x77.jpg\",\"datePublished\":\"2013-03-01T12:28:27+00:00\",\"breadcrumb\":{\"@id\":\"https:\\\/\\\/diariofemenino.com.ar\\\/df\\\/quien-no-se-banca-a-una-presidenta-mujer\\\/#breadcrumb\"},\"inLanguage\":\"es\",\"potentialAction\":[{\"@type\":\"ReadAction\",\"target\":[\"https:\\\/\\\/diariofemenino.com.ar\\\/df\\\/quien-no-se-banca-a-una-presidenta-mujer\\\/\"]}]},{\"@type\":\"ImageObject\",\"inLanguage\":\"es\",\"@id\":\"https:\\\/\\\/diariofemenino.com.ar\\\/df\\\/quien-no-se-banca-a-una-presidenta-mujer\\\/#primaryimage\",\"url\":\"http:\\\/\\\/www.diariofemenino.com.ar\\\/wp-content\\\/uploads\\\/50210eb3e009c_108x77.jpg\",\"contentUrl\":\"http:\\\/\\\/www.diariofemenino.com.ar\\\/wp-content\\\/uploads\\\/50210eb3e009c_108x77.jpg\"},{\"@type\":\"BreadcrumbList\",\"@id\":\"https:\\\/\\\/diariofemenino.com.ar\\\/df\\\/quien-no-se-banca-a-una-presidenta-mujer\\\/#breadcrumb\",\"itemListElement\":[{\"@type\":\"ListItem\",\"position\":1,\"name\":\"Portada\",\"item\":\"https:\\\/\\\/diariofemenino.com.ar\\\/df\\\/\"},{\"@type\":\"ListItem\",\"position\":2,\"name\":\"\u00bfQui\u00e9n no se banca a una presidenta mujer?\"}]},{\"@type\":\"WebSite\",\"@id\":\"https:\\\/\\\/diariofemenino.com.ar\\\/df\\\/#website\",\"url\":\"https:\\\/\\\/diariofemenino.com.ar\\\/df\\\/\",\"name\":\"Diario Digital Femenino\",\"description\":\"Cuesti\u00f3n de G\u00e9nero\",\"publisher\":{\"@id\":\"https:\\\/\\\/diariofemenino.com.ar\\\/df\\\/#organization\"},\"potentialAction\":[{\"@type\":\"SearchAction\",\"target\":{\"@type\":\"EntryPoint\",\"urlTemplate\":\"https:\\\/\\\/diariofemenino.com.ar\\\/df\\\/?s={search_term_string}\"},\"query-input\":{\"@type\":\"PropertyValueSpecification\",\"valueRequired\":true,\"valueName\":\"search_term_string\"}}],\"inLanguage\":\"es\"},{\"@type\":\"Organization\",\"@id\":\"https:\\\/\\\/diariofemenino.com.ar\\\/df\\\/#organization\",\"name\":\"Diario Femenino\",\"url\":\"https:\\\/\\\/diariofemenino.com.ar\\\/df\\\/\",\"logo\":{\"@type\":\"ImageObject\",\"inLanguage\":\"es\",\"@id\":\"https:\\\/\\\/diariofemenino.com.ar\\\/df\\\/#\\\/schema\\\/logo\\\/image\\\/\",\"url\":\"https:\\\/\\\/diariofemenino.com.ar\\\/df\\\/wp-content\\\/uploads\\\/2018\\\/10\\\/logo.png\",\"contentUrl\":\"https:\\\/\\\/diariofemenino.com.ar\\\/df\\\/wp-content\\\/uploads\\\/2018\\\/10\\\/logo.png\",\"width\":500,\"height\":92,\"caption\":\"Diario Femenino\"},\"image\":{\"@id\":\"https:\\\/\\\/diariofemenino.com.ar\\\/df\\\/#\\\/schema\\\/logo\\\/image\\\/\"},\"sameAs\":[\"https:\\\/\\\/www.facebook.com\\\/DiarioDigitaFemenino\\\/\",\"https:\\\/\\\/x.com\\\/DiarioFemenino1\"]},{\"@type\":\"Person\",\"@id\":\"https:\\\/\\\/diariofemenino.com.ar\\\/df\\\/#\\\/schema\\\/person\\\/38f54b3bfd13f561de2460ba95c169c6\",\"name\":\"Admin\",\"image\":{\"@type\":\"ImageObject\",\"inLanguage\":\"es\",\"@id\":\"https:\\\/\\\/diariofemenino.com.ar\\\/df\\\/wp-content\\\/uploads\\\/2018\\\/12\\\/favicon-150x150.jpg\",\"url\":\"https:\\\/\\\/diariofemenino.com.ar\\\/df\\\/wp-content\\\/uploads\\\/2018\\\/12\\\/favicon-150x150.jpg\",\"contentUrl\":\"https:\\\/\\\/diariofemenino.com.ar\\\/df\\\/wp-content\\\/uploads\\\/2018\\\/12\\\/favicon-150x150.jpg\",\"caption\":\"Admin\"},\"url\":\"https:\\\/\\\/diariofemenino.com.ar\\\/df\\\/author\\\/adm18df\\\/\"}]}<\/script>\n<!-- \/ Yoast SEO plugin. -->","yoast_head_json":{"title":"\u00bfQui\u00e9n no se banca a una presidenta mujer? - Diario Digital Femenino","robots":{"index":"index","follow":"follow","max-snippet":"max-snippet:-1","max-image-preview":"max-image-preview:large","max-video-preview":"max-video-preview:-1"},"canonical":"https:\/\/diariofemenino.com.ar\/df\/quien-no-se-banca-a-una-presidenta-mujer\/","og_locale":"es_ES","og_type":"article","og_title":"\u00bfQui\u00e9n no se banca a una presidenta mujer? - Diario Digital Femenino","og_description":"&nbsp; &nbsp; Est\u00e1 claro que con la presidenta hay un ensa\u00f1amiento especial. Quienes trabajan en Noticias parecen no tolerar el ejercicio del poder por parte de una mujer. &nbsp; Por Sandra Chaher Por qu\u00e9 genera tanta inquietud una mujer poderosa que no est\u00e1 en pareja? \u00bfQu\u00e9 se teme, que el poder que ejerce no tenga [&hellip;]","og_url":"https:\/\/diariofemenino.com.ar\/df\/quien-no-se-banca-a-una-presidenta-mujer\/","og_site_name":"Diario Digital Femenino","article_publisher":"https:\/\/www.facebook.com\/DiarioDigitaFemenino\/","article_published_time":"2013-03-01T12:28:27+00:00","og_image":[{"url":"http:\/\/www.diariofemenino.com.ar\/wp-content\/uploads\/50210eb3e009c_108x77.jpg","type":"","width":"","height":""}],"author":"Admin","twitter_card":"summary_large_image","twitter_creator":"@DiarioFemenino1","twitter_site":"@DiarioFemenino1","twitter_misc":{"Escrito por":"Admin","Tiempo de lectura":"5 minutos"},"schema":{"@context":"https:\/\/schema.org","@graph":[{"@type":"Article","@id":"https:\/\/diariofemenino.com.ar\/df\/quien-no-se-banca-a-una-presidenta-mujer\/#article","isPartOf":{"@id":"https:\/\/diariofemenino.com.ar\/df\/quien-no-se-banca-a-una-presidenta-mujer\/"},"author":{"name":"Admin","@id":"https:\/\/diariofemenino.com.ar\/df\/#\/schema\/person\/38f54b3bfd13f561de2460ba95c169c6"},"headline":"\u00bfQui\u00e9n no se banca a una presidenta mujer?","datePublished":"2013-03-01T12:28:27+00:00","mainEntityOfPage":{"@id":"https:\/\/diariofemenino.com.ar\/df\/quien-no-se-banca-a-una-presidenta-mujer\/"},"wordCount":1035,"commentCount":0,"publisher":{"@id":"https:\/\/diariofemenino.com.ar\/df\/#organization"},"image":{"@id":"https:\/\/diariofemenino.com.ar\/df\/quien-no-se-banca-a-una-presidenta-mujer\/#primaryimage"},"thumbnailUrl":"http:\/\/www.diariofemenino.com.ar\/wp-content\/uploads\/50210eb3e009c_108x77.jpg","articleSection":["Medios"],"inLanguage":"es","potentialAction":[{"@type":"CommentAction","name":"Comment","target":["https:\/\/diariofemenino.com.ar\/df\/quien-no-se-banca-a-una-presidenta-mujer\/#respond"]}]},{"@type":"WebPage","@id":"https:\/\/diariofemenino.com.ar\/df\/quien-no-se-banca-a-una-presidenta-mujer\/","url":"https:\/\/diariofemenino.com.ar\/df\/quien-no-se-banca-a-una-presidenta-mujer\/","name":"\u00bfQui\u00e9n no se banca a una presidenta mujer? - Diario Digital Femenino","isPartOf":{"@id":"https:\/\/diariofemenino.com.ar\/df\/#website"},"primaryImageOfPage":{"@id":"https:\/\/diariofemenino.com.ar\/df\/quien-no-se-banca-a-una-presidenta-mujer\/#primaryimage"},"image":{"@id":"https:\/\/diariofemenino.com.ar\/df\/quien-no-se-banca-a-una-presidenta-mujer\/#primaryimage"},"thumbnailUrl":"http:\/\/www.diariofemenino.com.ar\/wp-content\/uploads\/50210eb3e009c_108x77.jpg","datePublished":"2013-03-01T12:28:27+00:00","breadcrumb":{"@id":"https:\/\/diariofemenino.com.ar\/df\/quien-no-se-banca-a-una-presidenta-mujer\/#breadcrumb"},"inLanguage":"es","potentialAction":[{"@type":"ReadAction","target":["https:\/\/diariofemenino.com.ar\/df\/quien-no-se-banca-a-una-presidenta-mujer\/"]}]},{"@type":"ImageObject","inLanguage":"es","@id":"https:\/\/diariofemenino.com.ar\/df\/quien-no-se-banca-a-una-presidenta-mujer\/#primaryimage","url":"http:\/\/www.diariofemenino.com.ar\/wp-content\/uploads\/50210eb3e009c_108x77.jpg","contentUrl":"http:\/\/www.diariofemenino.com.ar\/wp-content\/uploads\/50210eb3e009c_108x77.jpg"},{"@type":"BreadcrumbList","@id":"https:\/\/diariofemenino.com.ar\/df\/quien-no-se-banca-a-una-presidenta-mujer\/#breadcrumb","itemListElement":[{"@type":"ListItem","position":1,"name":"Portada","item":"https:\/\/diariofemenino.com.ar\/df\/"},{"@type":"ListItem","position":2,"name":"\u00bfQui\u00e9n no se banca a una presidenta mujer?"}]},{"@type":"WebSite","@id":"https:\/\/diariofemenino.com.ar\/df\/#website","url":"https:\/\/diariofemenino.com.ar\/df\/","name":"Diario Digital Femenino","description":"Cuesti\u00f3n de G\u00e9nero","publisher":{"@id":"https:\/\/diariofemenino.com.ar\/df\/#organization"},"potentialAction":[{"@type":"SearchAction","target":{"@type":"EntryPoint","urlTemplate":"https:\/\/diariofemenino.com.ar\/df\/?s={search_term_string}"},"query-input":{"@type":"PropertyValueSpecification","valueRequired":true,"valueName":"search_term_string"}}],"inLanguage":"es"},{"@type":"Organization","@id":"https:\/\/diariofemenino.com.ar\/df\/#organization","name":"Diario Femenino","url":"https:\/\/diariofemenino.com.ar\/df\/","logo":{"@type":"ImageObject","inLanguage":"es","@id":"https:\/\/diariofemenino.com.ar\/df\/#\/schema\/logo\/image\/","url":"https:\/\/diariofemenino.com.ar\/df\/wp-content\/uploads\/2018\/10\/logo.png","contentUrl":"https:\/\/diariofemenino.com.ar\/df\/wp-content\/uploads\/2018\/10\/logo.png","width":500,"height":92,"caption":"Diario Femenino"},"image":{"@id":"https:\/\/diariofemenino.com.ar\/df\/#\/schema\/logo\/image\/"},"sameAs":["https:\/\/www.facebook.com\/DiarioDigitaFemenino\/","https:\/\/x.com\/DiarioFemenino1"]},{"@type":"Person","@id":"https:\/\/diariofemenino.com.ar\/df\/#\/schema\/person\/38f54b3bfd13f561de2460ba95c169c6","name":"Admin","image":{"@type":"ImageObject","inLanguage":"es","@id":"https:\/\/diariofemenino.com.ar\/df\/wp-content\/uploads\/2018\/12\/favicon-150x150.jpg","url":"https:\/\/diariofemenino.com.ar\/df\/wp-content\/uploads\/2018\/12\/favicon-150x150.jpg","contentUrl":"https:\/\/diariofemenino.com.ar\/df\/wp-content\/uploads\/2018\/12\/favicon-150x150.jpg","caption":"Admin"},"url":"https:\/\/diariofemenino.com.ar\/df\/author\/adm18df\/"}]}},"jetpack_featured_media_url":"","jetpack_sharing_enabled":true,"rttpg_featured_image_url":null,"rttpg_author":{"display_name":"Admin","author_link":"https:\/\/diariofemenino.com.ar\/df\/author\/adm18df\/"},"rttpg_comment":0,"rttpg_category":"<a href=\"https:\/\/diariofemenino.com.ar\/df\/category\/medios\/\" rel=\"category tag\">Medios<\/a>","rttpg_excerpt":"&nbsp; &nbsp; Est\u00e1 claro que con la presidenta hay un ensa\u00f1amiento especial. Quienes trabajan en Noticias parecen no tolerar el ejercicio del poder por parte de una mujer. &nbsp; Por Sandra Chaher Por qu\u00e9 genera tanta inquietud una mujer poderosa que no est\u00e1 en pareja? \u00bfQu\u00e9 se teme, que el poder que ejerce no tenga&hellip;","_links":{"self":[{"href":"https:\/\/diariofemenino.com.ar\/df\/wp-json\/wp\/v2\/posts\/5711","targetHints":{"allow":["GET"]}}],"collection":[{"href":"https:\/\/diariofemenino.com.ar\/df\/wp-json\/wp\/v2\/posts"}],"about":[{"href":"https:\/\/diariofemenino.com.ar\/df\/wp-json\/wp\/v2\/types\/post"}],"author":[{"embeddable":true,"href":"https:\/\/diariofemenino.com.ar\/df\/wp-json\/wp\/v2\/users\/1"}],"replies":[{"embeddable":true,"href":"https:\/\/diariofemenino.com.ar\/df\/wp-json\/wp\/v2\/comments?post=5711"}],"version-history":[{"count":0,"href":"https:\/\/diariofemenino.com.ar\/df\/wp-json\/wp\/v2\/posts\/5711\/revisions"}],"wp:attachment":[{"href":"https:\/\/diariofemenino.com.ar\/df\/wp-json\/wp\/v2\/media?parent=5711"}],"wp:term":[{"taxonomy":"category","embeddable":true,"href":"https:\/\/diariofemenino.com.ar\/df\/wp-json\/wp\/v2\/categories?post=5711"},{"taxonomy":"post_tag","embeddable":true,"href":"https:\/\/diariofemenino.com.ar\/df\/wp-json\/wp\/v2\/tags?post=5711"}],"curies":[{"name":"wp","href":"https:\/\/api.w.org\/{rel}","templated":true}]}}