{"id":57105,"date":"2021-04-07T16:06:20","date_gmt":"2021-04-07T19:06:20","guid":{"rendered":"https:\/\/diariofemenino.com.ar\/?p=57105"},"modified":"2021-04-07T16:06:20","modified_gmt":"2021-04-07T19:06:20","slug":"los-acusados-de-playa-union-iran-finalmente-a-juicio-oral","status":"publish","type":"post","link":"https:\/\/diariofemenino.com.ar\/df\/los-acusados-de-playa-union-iran-finalmente-a-juicio-oral\/","title":{"rendered":"Los acusados de Playa Uni\u00f3n ir\u00e1n finalmente a juicio oral"},"content":{"rendered":"<p>El juez concluy\u00f3 que no hay elementos para un sobreseimiento, como hab\u00eda pedido la defensa. El caso, que tuvo una amplia repercusi\u00f3n p\u00fablica, incluy\u00f3 medidas judiciales muy cuestionadas.<\/p>\n<p>Los tres j\u00f3venes \u201chijos del poder\u201d imputados en el caso conocido como \u201cLa Manada de Chubut\u201d ir\u00e1n finalmente a juicio oral. Lo resolvi\u00f3 el <a href=\"https:\/\/www.juschubut.gov.ar\/index.php\/organizacion\/poder-judicial\/circunscripcion-trelew\/jueces-penales-de-trelew-y-rawson\">juez Penal de Trelew<\/a> C\u00e9sar Zariategui, luego de escuchar a las partes en una audiencia preliminar que se extendi\u00f3 por nueve horas. Y donde concluy\u00f3 que no hay elementos para sobreseer a los acusados, como pidi\u00f3 la defensa. Ahora se debe fijar la fecha de realizaci\u00f3n y definir la conformaci\u00f3n del Tribunal de Juicio. Se espera que el debate oral se lleve adelante a mediados de a\u00f1o.<\/p>\n<p>Los tres j\u00f3venes est\u00e1n acusados de abusar sexualmente en forma grupal de una adolescente de 16 a\u00f1os, en una fiesta que se hizo en una casa del balneario Playa Uni\u00f3n, en 2012, por el D\u00eda de la Primavera.<\/p>\n<p>El discernimiento para poder consentir una relaci\u00f3n sexual estar\u00e1 en el centro del debate oral. Para la querella, como relataron las amigas, la denunciante no estaba en condiciones de consentir por su estado de inconsciencia. Para la defensa, en cambio, ella acept\u00f3 tener sexo grupal. Entre los defensores de los imputados se encuentran los abogados penalistas m\u00e1s importantes de la ciudad de Buenos Aires.<\/p>\n<p>Aunque el fiscal general <a href=\"https:\/\/www.telam.com.ar\/notas\/202006\/472530-chubut-fernando-rivarola-abuso-sexual-desahogo.html\">Fernando Rivarola<\/a> busc\u00f3 el a\u00f1o pasado diluir la acusaci\u00f3n con una propuesta de juicio abreviado que les garantizaba penas menores y la libertad a los denunciados -en la que us\u00f3 la repudiable figura de \u201cdesahogo sexual doloso\u201d para describir la conducta de los imputados-, ahora pidi\u00f3 10 a\u00f1os de c\u00e1rcel para cada uno.<\/p>\n<p>La querella, a cargo de la abogada especializada en derechos humanos Ver\u00f3nica Heredia \u2013tambi\u00e9n representante legal de los padres de Luc\u00eda P\u00e9rez- junto a Florencia Piermarini, pidi\u00f3 25 a\u00f1os de prisi\u00f3n para uno de ellos -quien habr\u00eda conducido a la adolescente al quincho donde luego habr\u00eda sido ultrajada- y 20 a\u00f1os para cada uno de los otros dos.<\/p>\n<p>Durante el juicio est\u00e1 previsto que sea citado m\u00e1s de un centenar de testigos. Por la fiscal\u00eda declarar\u00e1n como \u201cexperta\u201d la antrop\u00f3loga feminista Rita Segato, por la querella Mar\u00eda Elena Barbagelata, presidenta de la Comisi\u00f3n de Derechos de la Mujer de la Federaci\u00f3n Argentina de Colegios de Abogados, y el psiquiatra <a href=\"https:\/\/diariofemenino.com.ar\/?s=Enrique+Stola\">Enrique Stola<\/a>, especializado en el abordaje de <a href=\"https:\/\/diariofemenino.com.ar\/enrique-stola-es-tradicion-en-la-iglesia-catolica-destruir-los-cuerpos\/\">violencia sexual<\/a> (asisti\u00f3 a dos de las v\u00edctimas del cura ped\u00f3filo Julio C\u00e9sar Grassi); por la defensa, el controvertido penalista Marcelo Sancinetti. (<a href=\"https:\/\/www.elpatagonico.com\/los-acusados-playa-unioniran-finalmente-juicio-oral-n5182164\">El Patag\u00f3nico)<\/a><\/p>\n<p><strong>Ver\u00f3nica Heredia<\/strong><\/p>\n<p>Ver\u00f3nica Heredia, patrocinante legal de la v\u00edctima y especializada en derechos humanos, en di\u00e1logo con\u00a0<strong>FM Del Viento<\/strong>\u00a0aclar\u00f3 que \u00abno se trata de hechos irracionales, sino de personas adultas que sab\u00edan lo que hac\u00edan. No es una manada; son varones que abusaron de una ni\u00f1a\u00bb.<\/p>\n<figure id=\"attachment_57109\" aria-describedby=\"caption-attachment-57109\" style=\"width: 487px\" class=\"wp-caption aligncenter\"><img loading=\"lazy\" decoding=\"async\" class=\"wp-image-57109 size-full\" src=\"https:\/\/diariofemenino.com.ar\/df\/wp-content\/uploads\/2021\/04\/mujer2.jpg\" alt=\"Los acusados de Playa Uni\u00f3n ir\u00e1n finalmente a juicio oral\" width=\"487\" height=\"498\" srcset=\"https:\/\/diariofemenino.com.ar\/df\/wp-content\/uploads\/2021\/04\/mujer2.jpg 487w, https:\/\/diariofemenino.com.ar\/df\/wp-content\/uploads\/2021\/04\/mujer2-293x300.jpg 293w\" sizes=\"auto, (max-width: 487px) 100vw, 487px\" \/><figcaption id=\"caption-attachment-57109\" class=\"wp-caption-text\">Los acusados de Playa Uni\u00f3n ir\u00e1n finalmente a juicio oral<\/figcaption><\/figure>\n<p>Heredia por otro lado se refiri\u00f3 a las cartacter\u00edsticas del juicio, explicando que cuando un debate afecta a la sensibilidad e intimidad de las personas \u00abes oral pero no as\u00ed abierto al p\u00fablico\u00bb.<\/p>\n<p>\u00abNo es necesario que la querellante est\u00e9 presenciando todo el proceso, pero s\u00ed hay una instancia en que ella va a declarar conforme las reglas que establece el C\u00f3digo Procesal\u00bb, sostuvo.<\/p>\n<p>En relaci\u00f3n a las penas que les corresponder\u00eda a los imputados en caso que el veredicto los declare culpables, la letrada se\u00f1al\u00f3 \u00abhemos solicitado una pena de 25 a\u00f1os para uno de ellos y 20 a\u00f1os de prisi\u00f3n para los otros dos imputados\u00bb. El Ministerio P\u00fablico Fiscal hab\u00eda presentado una pena de 20 y 10 a\u00f1os para los tres j\u00f3venes, y \u00e9sta fue modificada con el correr del tiempo por el mismo organismo.<\/p>\n<p>La calificaci\u00f3n jur\u00eddica de la querella es para los tres imputados de abuso sexual con acceso carnal agravado por la participaci\u00f3n de m\u00e1s de dos personas y graves da\u00f1os a la salud de la v\u00edctima.<\/p>\n<p class=\"has-text-align-center\"><strong>NOTA VER\u00d3NICA HEREDIA &#8211; FM DEL VIENTO<\/strong><\/p>\n<figure class=\"wp-block-audio\"><audio src=\"https:\/\/canal12web.com\/wp-content\/uploads\/2021\/04\/07042021_Veronica_HEREDIA_LAMANADA.mp3\" controls=\"controls\" data-mce-fragment=\"1\"><\/audio><\/figure>\n<p><strong>Si sufr\u00eds violencia de g\u00e9nero podes denunciar a la L\u00ednea 144 &#8211; Atenci\u00f3n a v\u00edctimas de<\/strong><\/p>\n","protected":false},"excerpt":{"rendered":"<p>El juez concluy\u00f3 que no hay elementos para un sobreseimiento, como hab\u00eda pedido la defensa. El caso, que tuvo una amplia repercusi\u00f3n p\u00fablica, incluy\u00f3 medidas judiciales muy cuestionadas. Los tres j\u00f3venes \u201chijos del poder\u201d imputados en el caso conocido como \u201cLa Manada de Chubut\u201d ir\u00e1n finalmente a juicio oral. Lo resolvi\u00f3 el juez Penal de [&hellip;]<\/p>\n","protected":false},"author":4,"featured_media":57106,"comment_status":"open","ping_status":"open","sticky":false,"template":"","format":"standard","meta":{"iawp_total_views":2,"footnotes":""},"categories":[1067,21,592],"tags":[4282,4283,2557],"class_list":["post-57105","post","type-post","status-publish","format-standard","has-post-thumbnail","hentry","category-agenda-feminista","category-noticias","category-violencias","tag-hijos-del-poder","tag-playa-union","tag-violadores"],"nelio_content":{"autoShareEndMode":"never","automationSources":{"useCustomSentences":false,"customSentences":[]},"efiAlt":"","efiUrl":"","followers":[4],"highlights":[],"isAutoShareEnabled":true,"networkImageIds":[],"permalinkQueryArgs":[],"series":[],"suggestedReferences":[]},"yoast_head":"<!-- This site is optimized with the Yoast SEO plugin v27.5 - https:\/\/yoast.com\/product\/yoast-seo-wordpress\/ -->\n<title>Los acusados de Playa Uni\u00f3n ir\u00e1n finalmente a juicio oral - Diario Digital Femenino<\/title>\n<meta name=\"description\" content=\"Los acusados de Playa Uni\u00f3n ir\u00e1n finalmente a juicio oral. Lo resolvi\u00f3 el juez Penal de Trelew C\u00e9sar Zariategui a mediados de a\u00f1o.\" \/>\n<meta name=\"robots\" content=\"index, follow, max-snippet:-1, max-image-preview:large, max-video-preview:-1\" \/>\n<link rel=\"canonical\" href=\"https:\/\/diariofemenino.com.ar\/df\/los-acusados-de-playa-union-iran-finalmente-a-juicio-oral\/\" \/>\n<meta property=\"og:locale\" content=\"es_ES\" \/>\n<meta property=\"og:type\" content=\"article\" \/>\n<meta property=\"og:title\" content=\"Los acusados de Playa Uni\u00f3n ir\u00e1n finalmente a juicio oral - Diario Digital Femenino\" \/>\n<meta property=\"og:description\" content=\"Los acusados de Playa Uni\u00f3n ir\u00e1n finalmente a juicio oral. Lo resolvi\u00f3 el juez Penal de Trelew C\u00e9sar Zariategui a mediados de a\u00f1o.\" \/>\n<meta property=\"og:url\" content=\"https:\/\/diariofemenino.com.ar\/df\/los-acusados-de-playa-union-iran-finalmente-a-juicio-oral\/\" \/>\n<meta property=\"og:site_name\" content=\"Diario Digital Femenino\" \/>\n<meta property=\"article:publisher\" content=\"https:\/\/www.facebook.com\/DiarioDigitaFemenino\/\" \/>\n<meta property=\"article:published_time\" content=\"2021-04-07T19:06:20+00:00\" \/>\n<meta property=\"og:image\" content=\"https:\/\/diariofemenino.com.ar\/df\/wp-content\/uploads\/2021\/04\/mandadajpg.jpg\" \/>\n\t<meta property=\"og:image:width\" content=\"706\" \/>\n\t<meta property=\"og:image:height\" content=\"470\" \/>\n\t<meta property=\"og:image:type\" content=\"image\/jpeg\" \/>\n<meta name=\"author\" content=\"Admin\" \/>\n<meta name=\"twitter:card\" content=\"summary_large_image\" \/>\n<meta name=\"twitter:creator\" content=\"@DiarioFemenino1\" \/>\n<meta name=\"twitter:site\" content=\"@DiarioFemenino1\" \/>\n<meta name=\"twitter:label1\" content=\"Escrito por\" \/>\n\t<meta name=\"twitter:data1\" content=\"Admin\" \/>\n\t<meta name=\"twitter:label2\" content=\"Tiempo de lectura\" \/>\n\t<meta name=\"twitter:data2\" content=\"4 minutos\" \/>\n<script type=\"application\/ld+json\" class=\"yoast-schema-graph\">{\"@context\":\"https:\\\/\\\/schema.org\",\"@graph\":[{\"@type\":\"Article\",\"@id\":\"https:\\\/\\\/diariofemenino.com.ar\\\/df\\\/los-acusados-de-playa-union-iran-finalmente-a-juicio-oral\\\/#article\",\"isPartOf\":{\"@id\":\"https:\\\/\\\/diariofemenino.com.ar\\\/df\\\/los-acusados-de-playa-union-iran-finalmente-a-juicio-oral\\\/\"},\"author\":{\"name\":\"Admin\",\"@id\":\"https:\\\/\\\/diariofemenino.com.ar\\\/df\\\/#\\\/schema\\\/person\\\/bf6199e8158c657ea6f789b11ec85509\"},\"headline\":\"Los acusados de Playa Uni\u00f3n ir\u00e1n finalmente a juicio oral\",\"datePublished\":\"2021-04-07T19:06:20+00:00\",\"mainEntityOfPage\":{\"@id\":\"https:\\\/\\\/diariofemenino.com.ar\\\/df\\\/los-acusados-de-playa-union-iran-finalmente-a-juicio-oral\\\/\"},\"wordCount\":754,\"commentCount\":0,\"publisher\":{\"@id\":\"https:\\\/\\\/diariofemenino.com.ar\\\/df\\\/#organization\"},\"image\":{\"@id\":\"https:\\\/\\\/diariofemenino.com.ar\\\/df\\\/los-acusados-de-playa-union-iran-finalmente-a-juicio-oral\\\/#primaryimage\"},\"thumbnailUrl\":\"https:\\\/\\\/diariofemenino.com.ar\\\/df\\\/wp-content\\\/uploads\\\/2021\\\/04\\\/mandadajpg.jpg\",\"keywords\":[\"Hijos del Poder\",\"Playa Uni\u00f3n\",\"Violadores\"],\"articleSection\":[\"Agenda Feminista\",\"Noticias\",\"Violencias\"],\"inLanguage\":\"es\",\"potentialAction\":[{\"@type\":\"CommentAction\",\"name\":\"Comment\",\"target\":[\"https:\\\/\\\/diariofemenino.com.ar\\\/df\\\/los-acusados-de-playa-union-iran-finalmente-a-juicio-oral\\\/#respond\"]}]},{\"@type\":\"WebPage\",\"@id\":\"https:\\\/\\\/diariofemenino.com.ar\\\/df\\\/los-acusados-de-playa-union-iran-finalmente-a-juicio-oral\\\/\",\"url\":\"https:\\\/\\\/diariofemenino.com.ar\\\/df\\\/los-acusados-de-playa-union-iran-finalmente-a-juicio-oral\\\/\",\"name\":\"Los acusados de Playa Uni\u00f3n ir\u00e1n finalmente a juicio oral - Diario Digital Femenino\",\"isPartOf\":{\"@id\":\"https:\\\/\\\/diariofemenino.com.ar\\\/df\\\/#website\"},\"primaryImageOfPage\":{\"@id\":\"https:\\\/\\\/diariofemenino.com.ar\\\/df\\\/los-acusados-de-playa-union-iran-finalmente-a-juicio-oral\\\/#primaryimage\"},\"image\":{\"@id\":\"https:\\\/\\\/diariofemenino.com.ar\\\/df\\\/los-acusados-de-playa-union-iran-finalmente-a-juicio-oral\\\/#primaryimage\"},\"thumbnailUrl\":\"https:\\\/\\\/diariofemenino.com.ar\\\/df\\\/wp-content\\\/uploads\\\/2021\\\/04\\\/mandadajpg.jpg\",\"datePublished\":\"2021-04-07T19:06:20+00:00\",\"description\":\"Los acusados de Playa Uni\u00f3n ir\u00e1n finalmente a juicio oral. Lo resolvi\u00f3 el juez Penal de Trelew C\u00e9sar Zariategui a mediados de a\u00f1o.\",\"breadcrumb\":{\"@id\":\"https:\\\/\\\/diariofemenino.com.ar\\\/df\\\/los-acusados-de-playa-union-iran-finalmente-a-juicio-oral\\\/#breadcrumb\"},\"inLanguage\":\"es\",\"potentialAction\":[{\"@type\":\"ReadAction\",\"target\":[\"https:\\\/\\\/diariofemenino.com.ar\\\/df\\\/los-acusados-de-playa-union-iran-finalmente-a-juicio-oral\\\/\"]}]},{\"@type\":\"ImageObject\",\"inLanguage\":\"es\",\"@id\":\"https:\\\/\\\/diariofemenino.com.ar\\\/df\\\/los-acusados-de-playa-union-iran-finalmente-a-juicio-oral\\\/#primaryimage\",\"url\":\"https:\\\/\\\/diariofemenino.com.ar\\\/df\\\/wp-content\\\/uploads\\\/2021\\\/04\\\/mandadajpg.jpg\",\"contentUrl\":\"https:\\\/\\\/diariofemenino.com.ar\\\/df\\\/wp-content\\\/uploads\\\/2021\\\/04\\\/mandadajpg.jpg\",\"width\":706,\"height\":470,\"caption\":\"Los acusados de Playa Uni\u00f3n ir\u00e1n finalmente a juicio oral\"},{\"@type\":\"BreadcrumbList\",\"@id\":\"https:\\\/\\\/diariofemenino.com.ar\\\/df\\\/los-acusados-de-playa-union-iran-finalmente-a-juicio-oral\\\/#breadcrumb\",\"itemListElement\":[{\"@type\":\"ListItem\",\"position\":1,\"name\":\"Portada\",\"item\":\"https:\\\/\\\/diariofemenino.com.ar\\\/df\\\/\"},{\"@type\":\"ListItem\",\"position\":2,\"name\":\"Los acusados de Playa Uni\u00f3n ir\u00e1n finalmente a juicio oral\"}]},{\"@type\":\"WebSite\",\"@id\":\"https:\\\/\\\/diariofemenino.com.ar\\\/df\\\/#website\",\"url\":\"https:\\\/\\\/diariofemenino.com.ar\\\/df\\\/\",\"name\":\"Diario Digital Femenino\",\"description\":\"Cuesti\u00f3n de G\u00e9nero\",\"publisher\":{\"@id\":\"https:\\\/\\\/diariofemenino.com.ar\\\/df\\\/#organization\"},\"potentialAction\":[{\"@type\":\"SearchAction\",\"target\":{\"@type\":\"EntryPoint\",\"urlTemplate\":\"https:\\\/\\\/diariofemenino.com.ar\\\/df\\\/?s={search_term_string}\"},\"query-input\":{\"@type\":\"PropertyValueSpecification\",\"valueRequired\":true,\"valueName\":\"search_term_string\"}}],\"inLanguage\":\"es\"},{\"@type\":\"Organization\",\"@id\":\"https:\\\/\\\/diariofemenino.com.ar\\\/df\\\/#organization\",\"name\":\"Diario Femenino\",\"url\":\"https:\\\/\\\/diariofemenino.com.ar\\\/df\\\/\",\"logo\":{\"@type\":\"ImageObject\",\"inLanguage\":\"es\",\"@id\":\"https:\\\/\\\/diariofemenino.com.ar\\\/df\\\/#\\\/schema\\\/logo\\\/image\\\/\",\"url\":\"https:\\\/\\\/diariofemenino.com.ar\\\/df\\\/wp-content\\\/uploads\\\/2018\\\/10\\\/logo.png\",\"contentUrl\":\"https:\\\/\\\/diariofemenino.com.ar\\\/df\\\/wp-content\\\/uploads\\\/2018\\\/10\\\/logo.png\",\"width\":500,\"height\":92,\"caption\":\"Diario Femenino\"},\"image\":{\"@id\":\"https:\\\/\\\/diariofemenino.com.ar\\\/df\\\/#\\\/schema\\\/logo\\\/image\\\/\"},\"sameAs\":[\"https:\\\/\\\/www.facebook.com\\\/DiarioDigitaFemenino\\\/\",\"https:\\\/\\\/x.com\\\/DiarioFemenino1\"]},{\"@type\":\"Person\",\"@id\":\"https:\\\/\\\/diariofemenino.com.ar\\\/df\\\/#\\\/schema\\\/person\\\/bf6199e8158c657ea6f789b11ec85509\",\"name\":\"Admin\",\"image\":{\"@type\":\"ImageObject\",\"inLanguage\":\"es\",\"@id\":\"https:\\\/\\\/diariofemenino.com.ar\\\/df\\\/wp-content\\\/uploads\\\/2018\\\/12\\\/favicon-150x150.jpg\",\"url\":\"https:\\\/\\\/diariofemenino.com.ar\\\/df\\\/wp-content\\\/uploads\\\/2018\\\/12\\\/favicon-150x150.jpg\",\"contentUrl\":\"https:\\\/\\\/diariofemenino.com.ar\\\/df\\\/wp-content\\\/uploads\\\/2018\\\/12\\\/favicon-150x150.jpg\",\"caption\":\"Admin\"},\"url\":\"https:\\\/\\\/diariofemenino.com.ar\\\/df\\\/author\\\/lenny\\\/\"}]}<\/script>\n<!-- \/ Yoast SEO plugin. -->","yoast_head_json":{"title":"Los acusados de Playa Uni\u00f3n ir\u00e1n finalmente a juicio oral - Diario Digital Femenino","description":"Los acusados de Playa Uni\u00f3n ir\u00e1n finalmente a juicio oral. Lo resolvi\u00f3 el juez Penal de Trelew C\u00e9sar Zariategui a mediados de a\u00f1o.","robots":{"index":"index","follow":"follow","max-snippet":"max-snippet:-1","max-image-preview":"max-image-preview:large","max-video-preview":"max-video-preview:-1"},"canonical":"https:\/\/diariofemenino.com.ar\/df\/los-acusados-de-playa-union-iran-finalmente-a-juicio-oral\/","og_locale":"es_ES","og_type":"article","og_title":"Los acusados de Playa Uni\u00f3n ir\u00e1n finalmente a juicio oral - Diario Digital Femenino","og_description":"Los acusados de Playa Uni\u00f3n ir\u00e1n finalmente a juicio oral. Lo resolvi\u00f3 el juez Penal de Trelew C\u00e9sar Zariategui a mediados de a\u00f1o.","og_url":"https:\/\/diariofemenino.com.ar\/df\/los-acusados-de-playa-union-iran-finalmente-a-juicio-oral\/","og_site_name":"Diario Digital Femenino","article_publisher":"https:\/\/www.facebook.com\/DiarioDigitaFemenino\/","article_published_time":"2021-04-07T19:06:20+00:00","og_image":[{"width":706,"height":470,"url":"https:\/\/diariofemenino.com.ar\/df\/wp-content\/uploads\/2021\/04\/mandadajpg.jpg","type":"image\/jpeg"}],"author":"Admin","twitter_card":"summary_large_image","twitter_creator":"@DiarioFemenino1","twitter_site":"@DiarioFemenino1","twitter_misc":{"Escrito por":"Admin","Tiempo de lectura":"4 minutos"},"schema":{"@context":"https:\/\/schema.org","@graph":[{"@type":"Article","@id":"https:\/\/diariofemenino.com.ar\/df\/los-acusados-de-playa-union-iran-finalmente-a-juicio-oral\/#article","isPartOf":{"@id":"https:\/\/diariofemenino.com.ar\/df\/los-acusados-de-playa-union-iran-finalmente-a-juicio-oral\/"},"author":{"name":"Admin","@id":"https:\/\/diariofemenino.com.ar\/df\/#\/schema\/person\/bf6199e8158c657ea6f789b11ec85509"},"headline":"Los acusados de Playa Uni\u00f3n ir\u00e1n finalmente a juicio oral","datePublished":"2021-04-07T19:06:20+00:00","mainEntityOfPage":{"@id":"https:\/\/diariofemenino.com.ar\/df\/los-acusados-de-playa-union-iran-finalmente-a-juicio-oral\/"},"wordCount":754,"commentCount":0,"publisher":{"@id":"https:\/\/diariofemenino.com.ar\/df\/#organization"},"image":{"@id":"https:\/\/diariofemenino.com.ar\/df\/los-acusados-de-playa-union-iran-finalmente-a-juicio-oral\/#primaryimage"},"thumbnailUrl":"https:\/\/diariofemenino.com.ar\/df\/wp-content\/uploads\/2021\/04\/mandadajpg.jpg","keywords":["Hijos del Poder","Playa Uni\u00f3n","Violadores"],"articleSection":["Agenda Feminista","Noticias","Violencias"],"inLanguage":"es","potentialAction":[{"@type":"CommentAction","name":"Comment","target":["https:\/\/diariofemenino.com.ar\/df\/los-acusados-de-playa-union-iran-finalmente-a-juicio-oral\/#respond"]}]},{"@type":"WebPage","@id":"https:\/\/diariofemenino.com.ar\/df\/los-acusados-de-playa-union-iran-finalmente-a-juicio-oral\/","url":"https:\/\/diariofemenino.com.ar\/df\/los-acusados-de-playa-union-iran-finalmente-a-juicio-oral\/","name":"Los acusados de Playa Uni\u00f3n ir\u00e1n finalmente a juicio oral - Diario Digital Femenino","isPartOf":{"@id":"https:\/\/diariofemenino.com.ar\/df\/#website"},"primaryImageOfPage":{"@id":"https:\/\/diariofemenino.com.ar\/df\/los-acusados-de-playa-union-iran-finalmente-a-juicio-oral\/#primaryimage"},"image":{"@id":"https:\/\/diariofemenino.com.ar\/df\/los-acusados-de-playa-union-iran-finalmente-a-juicio-oral\/#primaryimage"},"thumbnailUrl":"https:\/\/diariofemenino.com.ar\/df\/wp-content\/uploads\/2021\/04\/mandadajpg.jpg","datePublished":"2021-04-07T19:06:20+00:00","description":"Los acusados de Playa Uni\u00f3n ir\u00e1n finalmente a juicio oral. Lo resolvi\u00f3 el juez Penal de Trelew C\u00e9sar Zariategui a mediados de a\u00f1o.","breadcrumb":{"@id":"https:\/\/diariofemenino.com.ar\/df\/los-acusados-de-playa-union-iran-finalmente-a-juicio-oral\/#breadcrumb"},"inLanguage":"es","potentialAction":[{"@type":"ReadAction","target":["https:\/\/diariofemenino.com.ar\/df\/los-acusados-de-playa-union-iran-finalmente-a-juicio-oral\/"]}]},{"@type":"ImageObject","inLanguage":"es","@id":"https:\/\/diariofemenino.com.ar\/df\/los-acusados-de-playa-union-iran-finalmente-a-juicio-oral\/#primaryimage","url":"https:\/\/diariofemenino.com.ar\/df\/wp-content\/uploads\/2021\/04\/mandadajpg.jpg","contentUrl":"https:\/\/diariofemenino.com.ar\/df\/wp-content\/uploads\/2021\/04\/mandadajpg.jpg","width":706,"height":470,"caption":"Los acusados de Playa Uni\u00f3n ir\u00e1n finalmente a juicio oral"},{"@type":"BreadcrumbList","@id":"https:\/\/diariofemenino.com.ar\/df\/los-acusados-de-playa-union-iran-finalmente-a-juicio-oral\/#breadcrumb","itemListElement":[{"@type":"ListItem","position":1,"name":"Portada","item":"https:\/\/diariofemenino.com.ar\/df\/"},{"@type":"ListItem","position":2,"name":"Los acusados de Playa Uni\u00f3n ir\u00e1n finalmente a juicio oral"}]},{"@type":"WebSite","@id":"https:\/\/diariofemenino.com.ar\/df\/#website","url":"https:\/\/diariofemenino.com.ar\/df\/","name":"Diario Digital Femenino","description":"Cuesti\u00f3n de G\u00e9nero","publisher":{"@id":"https:\/\/diariofemenino.com.ar\/df\/#organization"},"potentialAction":[{"@type":"SearchAction","target":{"@type":"EntryPoint","urlTemplate":"https:\/\/diariofemenino.com.ar\/df\/?s={search_term_string}"},"query-input":{"@type":"PropertyValueSpecification","valueRequired":true,"valueName":"search_term_string"}}],"inLanguage":"es"},{"@type":"Organization","@id":"https:\/\/diariofemenino.com.ar\/df\/#organization","name":"Diario Femenino","url":"https:\/\/diariofemenino.com.ar\/df\/","logo":{"@type":"ImageObject","inLanguage":"es","@id":"https:\/\/diariofemenino.com.ar\/df\/#\/schema\/logo\/image\/","url":"https:\/\/diariofemenino.com.ar\/df\/wp-content\/uploads\/2018\/10\/logo.png","contentUrl":"https:\/\/diariofemenino.com.ar\/df\/wp-content\/uploads\/2018\/10\/logo.png","width":500,"height":92,"caption":"Diario Femenino"},"image":{"@id":"https:\/\/diariofemenino.com.ar\/df\/#\/schema\/logo\/image\/"},"sameAs":["https:\/\/www.facebook.com\/DiarioDigitaFemenino\/","https:\/\/x.com\/DiarioFemenino1"]},{"@type":"Person","@id":"https:\/\/diariofemenino.com.ar\/df\/#\/schema\/person\/bf6199e8158c657ea6f789b11ec85509","name":"Admin","image":{"@type":"ImageObject","inLanguage":"es","@id":"https:\/\/diariofemenino.com.ar\/df\/wp-content\/uploads\/2018\/12\/favicon-150x150.jpg","url":"https:\/\/diariofemenino.com.ar\/df\/wp-content\/uploads\/2018\/12\/favicon-150x150.jpg","contentUrl":"https:\/\/diariofemenino.com.ar\/df\/wp-content\/uploads\/2018\/12\/favicon-150x150.jpg","caption":"Admin"},"url":"https:\/\/diariofemenino.com.ar\/df\/author\/lenny\/"}]}},"jetpack_featured_media_url":"https:\/\/diariofemenino.com.ar\/df\/wp-content\/uploads\/2021\/04\/mandadajpg.jpg","jetpack_sharing_enabled":true,"rttpg_featured_image_url":{"full":["https:\/\/diariofemenino.com.ar\/df\/wp-content\/uploads\/2021\/04\/mandadajpg.jpg",706,470,false],"landscape":["https:\/\/diariofemenino.com.ar\/df\/wp-content\/uploads\/2021\/04\/mandadajpg.jpg",706,470,false],"portraits":["https:\/\/diariofemenino.com.ar\/df\/wp-content\/uploads\/2021\/04\/mandadajpg.jpg",706,470,false],"thumbnail":["https:\/\/diariofemenino.com.ar\/df\/wp-content\/uploads\/2021\/04\/mandadajpg-150x150.jpg",150,150,true],"medium":["https:\/\/diariofemenino.com.ar\/df\/wp-content\/uploads\/2021\/04\/mandadajpg-300x200.jpg",300,200,true],"large":["https:\/\/diariofemenino.com.ar\/df\/wp-content\/uploads\/2021\/04\/mandadajpg.jpg",706,470,false],"1536x1536":["https:\/\/diariofemenino.com.ar\/df\/wp-content\/uploads\/2021\/04\/mandadajpg.jpg",706,470,false],"2048x2048":["https:\/\/diariofemenino.com.ar\/df\/wp-content\/uploads\/2021\/04\/mandadajpg.jpg",706,470,false]},"rttpg_author":{"display_name":"Admin","author_link":"https:\/\/diariofemenino.com.ar\/df\/author\/lenny\/"},"rttpg_comment":0,"rttpg_category":"<a href=\"https:\/\/diariofemenino.com.ar\/df\/category\/agenda-feminista\/\" rel=\"category tag\">Agenda Feminista<\/a> <a href=\"https:\/\/diariofemenino.com.ar\/df\/category\/noticias\/\" rel=\"category tag\">Noticias<\/a> <a href=\"https:\/\/diariofemenino.com.ar\/df\/category\/violencias\/\" rel=\"category tag\">Violencias<\/a>","rttpg_excerpt":"El juez concluy\u00f3 que no hay elementos para un sobreseimiento, como hab\u00eda pedido la defensa. El caso, que tuvo una amplia repercusi\u00f3n p\u00fablica, incluy\u00f3 medidas judiciales muy cuestionadas. Los tres j\u00f3venes \u201chijos del poder\u201d imputados en el caso conocido como \u201cLa Manada de Chubut\u201d ir\u00e1n finalmente a juicio oral. Lo resolvi\u00f3 el juez Penal de&hellip;","_links":{"self":[{"href":"https:\/\/diariofemenino.com.ar\/df\/wp-json\/wp\/v2\/posts\/57105","targetHints":{"allow":["GET"]}}],"collection":[{"href":"https:\/\/diariofemenino.com.ar\/df\/wp-json\/wp\/v2\/posts"}],"about":[{"href":"https:\/\/diariofemenino.com.ar\/df\/wp-json\/wp\/v2\/types\/post"}],"author":[{"embeddable":true,"href":"https:\/\/diariofemenino.com.ar\/df\/wp-json\/wp\/v2\/users\/4"}],"replies":[{"embeddable":true,"href":"https:\/\/diariofemenino.com.ar\/df\/wp-json\/wp\/v2\/comments?post=57105"}],"version-history":[{"count":0,"href":"https:\/\/diariofemenino.com.ar\/df\/wp-json\/wp\/v2\/posts\/57105\/revisions"}],"wp:featuredmedia":[{"embeddable":true,"href":"https:\/\/diariofemenino.com.ar\/df\/wp-json\/wp\/v2\/media\/57106"}],"wp:attachment":[{"href":"https:\/\/diariofemenino.com.ar\/df\/wp-json\/wp\/v2\/media?parent=57105"}],"wp:term":[{"taxonomy":"category","embeddable":true,"href":"https:\/\/diariofemenino.com.ar\/df\/wp-json\/wp\/v2\/categories?post=57105"},{"taxonomy":"post_tag","embeddable":true,"href":"https:\/\/diariofemenino.com.ar\/df\/wp-json\/wp\/v2\/tags?post=57105"}],"curies":[{"name":"wp","href":"https:\/\/api.w.org\/{rel}","templated":true}]}}