{"id":5707,"date":"2013-03-01T22:03:42","date_gmt":"2013-03-02T01:03:42","guid":{"rendered":"http:\/\/www.diariofemenino.com.ar\/?p=5707"},"modified":"2013-03-01T22:03:42","modified_gmt":"2013-03-02T01:03:42","slug":"maria-elena-elverdin-y-norma-chiapparrone-de-mujeres-de-carreras-juridicas-en-la-57a-sesion-de-la-comision-de-la-condicion-juridica-y-social-de-la-mujer-de-onu","status":"publish","type":"post","link":"https:\/\/diariofemenino.com.ar\/df\/maria-elena-elverdin-y-norma-chiapparrone-de-mujeres-de-carreras-juridicas-en-la-57a-sesion-de-la-comision-de-la-condicion-juridica-y-social-de-la-mujer-de-onu\/","title":{"rendered":"Mar\u00eda Elena Elverdin  y Norma Chiapparrone en la 57\u00aa Sesi\u00f3n de la Comisi\u00f3n de la Condici\u00f3n Jur\u00eddica y Social de la Mujer de ONU"},"content":{"rendered":"<p>&nbsp;<br \/>\n&nbsp;<br \/>\n&nbsp;<br \/>\nDesde el 5\u00a0 al 14 de marzo\u00a0 se\u00a0 realizar\u00e1 la <a href=\"http:\/\/www.un.org\/womenwatch\/daw\/csw\/57sess.htm\">57\u00aa sesi\u00f3n<\/a> de la Comisi\u00f3n de la Condici\u00f3n Jur\u00eddica y Social de la Mujer que \u00a0tendr\u00e1 lugar en la Sede \u00a0de las Naciones Unidas en Nueva York. A la sesi\u00f3n asistir\u00e1n representantes de los <a href=\"http:\/\/www.un.org\/womenwatch\/daw\/csw\/index.html#membership\">Estados Miembros<\/a>, entidades de la ONU y <a href=\"http:\/\/esango.un.org\/irene\/\">organizaciones no gubernamentales (ONG)<\/a> de todas las regiones del mundo acreditadas ante ECOSOC. La sesi\u00f3n, que tendr\u00e1 dos semanas de duraci\u00f3n, incluir\u00e1 una mesa redonda de alto nivel, di\u00e1logos y paneles interactivos, y eventos paralelos.<br \/>\nLa sesi\u00f3n se realiza cada a\u00f1o con el objetivo de evaluar el progreso en materia de igualdad de g\u00e9nero, identificar desaf\u00edos, fijar principios globales y formular pol\u00edticas concretas para promover la igualdad de g\u00e9nero y el adelanto de las mujeres en todo el mundo.<br \/>\nDentro de los eventos paralelos \u00a0Mar\u00eda Elena Elverdin \u00a0y Norma \u00a0Chiapparrone, de la Federaci\u00f3n Internacional de Mujeres de Carreras Jur\u00eddicas,\u00a0\u00a0\u00a0presentan los Talleres\u00a0 sobre\u00a0 la Resoluci\u00f3n <a href=\"https:\/\/diariofemenino.com.ar\/documentos\/S-RES-1325(2000)-S.pdf\">1325-Onu<\/a> y Trata de\u00a0 Personas \u2013 Caso Marita Ver\u00f3n, respectivamente<br \/>\n<strong>La sesi\u00f3n 2013 se enfocar\u00e1 en las siguientes \u00e1reas tem\u00e1ticas:<\/strong><\/p>\n<ul>\n<li><strong>Tema Prioritario<\/strong>: La eliminaci\u00f3n y \u00a0\u00a0\u00a0\u00a0 prevenci\u00f3n de todas las formas de violencia contra la mujer y la ni\u00f1a<\/li>\n<li><strong>Tema de Revisi\u00f3n<\/strong>: El reparto \u00a0\u00a0\u00a0\u00a0 equitativo de las responsabilidades entre mujeres y hombres, incluidos los \u00a0\u00a0\u00a0\u00a0 cuidados prestados en el contexto del VIH\/SIDA<\/li>\n<\/ul>\n<p><strong>La delegaci\u00f3n argentina est\u00e1 compuesta adem\u00e1s por:<\/strong><br \/>\n1.- Susana A- Pastor Feministas en Acci\u00f3n<br \/>\n2.- Susana Stilman Mujeres Trabajando<br \/>\n3.- Graciela De Oto Fundaci\u00f3n Suma Veritas<br \/>\n4.- Marisa Zuccolillo<br \/>\n5.- Norma G. Chiapparrone Sec- Gral. de la Federaci\u00f3n Internacional de Mujeres de Carreras Jur\u00eddicas<br \/>\n6.- Mar\u00eda Elena Elverdin Presidenta de Mujeres de Carreras Jur\u00eddicas<br \/>\n7.- Mabel Bianco &#8211; FEIM<br \/>\n8.- Gladys Mar\u00eda Blas Secretar\u00eda de la Mujer y Protecci\u00f3n de la Ni\u00f1ez Sindicato de Empleados de Comercio de la CABA<br \/>\n9.- Mar\u00eda In\u00e9s Costilla Secretaria de Mutual y Cooperativa &#8211; Sindicato de Empleados de Comercio de la CABA<br \/>\n10-Claudia Mart\u00ednez &#8211; Concejala de la ciudad de C\u00f3rdoba (PJ) y Directora del Instituto de Pol\u00edticas de Equidad de G\u00e9nero ACEP-KAS<br \/>\n11-Susanna Moore- FEIM<br \/>\n12-Edurne Cardenas CLADEM<br \/>\n13-Teresa Gonzalez Fernandez Fundaci\u00f3n Fidentia<br \/>\n14-Susana Chiarotti Boero &#8212; INSGENAR \u2013 Rosario<br \/>\n15-Silvia Julia &#8211; Abogada<br \/>\n16-Marta Alan\u00eds-Cat\u00f3licas por el Derecho a Decidir<br \/>\n17-Noemi Aumedes-Mujeres en Acci\u00f3n-Foro de Mujeres del Mercosur<br \/>\n<a href=\"http:\/\/www.diariofemenino.com.ar\/wp-content\/uploads\/734954_495275460536225_2047646002_n.jpg\"><img loading=\"lazy\" decoding=\"async\" class=\"alignnone  wp-image-5732\" title=\"734954_495275460536225_2047646002_n\" src=\"http:\/\/www.diariofemenino.com.ar\/wp-content\/uploads\/734954_495275460536225_2047646002_n.jpg\" alt=\"\" width=\"530\" height=\"874\" \/><\/a><br \/>\n&nbsp;<\/p>\n","protected":false},"excerpt":{"rendered":"<p>&nbsp; &nbsp; &nbsp; Desde el 5\u00a0 al 14 de marzo\u00a0 se\u00a0 realizar\u00e1 la 57\u00aa sesi\u00f3n de la Comisi\u00f3n de la Condici\u00f3n Jur\u00eddica y Social de la Mujer que \u00a0tendr\u00e1 lugar en la Sede \u00a0de las Naciones Unidas en Nueva York. A la sesi\u00f3n asistir\u00e1n representantes de los Estados Miembros, entidades de la ONU y organizaciones [&hellip;]<\/p>\n","protected":false},"author":1,"featured_media":0,"comment_status":"open","ping_status":"open","sticky":false,"template":"","format":"standard","meta":{"iawp_total_views":6,"footnotes":""},"categories":[22,4,21],"tags":[],"class_list":["post-5707","post","type-post","status-publish","format-standard","hentry","category-aborto","category-medios","category-noticias"],"nelio_content":{"autoShareEndMode":"never","automationSources":{"useCustomSentences":false,"customSentences":[]},"efiAlt":"","efiUrl":"","followers":[],"highlights":[],"isAutoShareEnabled":true,"networkImageIds":[],"permalinkQueryArgs":[],"series":[],"suggestedReferences":[]},"yoast_head":"<!-- This site is optimized with the Yoast SEO plugin v27.4 - https:\/\/yoast.com\/product\/yoast-seo-wordpress\/ -->\n<title>Mar\u00eda Elena Elverdin y Norma Chiapparrone en la 57\u00aa Sesi\u00f3n de la Comisi\u00f3n de la Condici\u00f3n Jur\u00eddica y Social de la Mujer de ONU - Diario Digital Femenino<\/title>\n<meta name=\"robots\" content=\"index, follow, max-snippet:-1, max-image-preview:large, max-video-preview:-1\" \/>\n<link rel=\"canonical\" href=\"https:\/\/diariofemenino.com.ar\/df\/maria-elena-elverdin-y-norma-chiapparrone-de-mujeres-de-carreras-juridicas-en-la-57a-sesion-de-la-comision-de-la-condicion-juridica-y-social-de-la-mujer-de-onu\/\" \/>\n<meta property=\"og:locale\" content=\"es_ES\" \/>\n<meta property=\"og:type\" content=\"article\" \/>\n<meta property=\"og:title\" content=\"Mar\u00eda Elena Elverdin y Norma Chiapparrone en la 57\u00aa Sesi\u00f3n de la Comisi\u00f3n de la Condici\u00f3n Jur\u00eddica y Social de la Mujer de ONU - Diario Digital Femenino\" \/>\n<meta property=\"og:description\" content=\"&nbsp; &nbsp; &nbsp; Desde el 5\u00a0 al 14 de marzo\u00a0 se\u00a0 realizar\u00e1 la 57\u00aa sesi\u00f3n de la Comisi\u00f3n de la Condici\u00f3n Jur\u00eddica y Social de la Mujer que \u00a0tendr\u00e1 lugar en la Sede \u00a0de las Naciones Unidas en Nueva York. A la sesi\u00f3n asistir\u00e1n representantes de los Estados Miembros, entidades de la ONU y organizaciones [&hellip;]\" \/>\n<meta property=\"og:url\" content=\"https:\/\/diariofemenino.com.ar\/df\/maria-elena-elverdin-y-norma-chiapparrone-de-mujeres-de-carreras-juridicas-en-la-57a-sesion-de-la-comision-de-la-condicion-juridica-y-social-de-la-mujer-de-onu\/\" \/>\n<meta property=\"og:site_name\" content=\"Diario Digital Femenino\" \/>\n<meta property=\"article:publisher\" content=\"https:\/\/www.facebook.com\/DiarioDigitaFemenino\/\" \/>\n<meta property=\"article:published_time\" content=\"2013-03-02T01:03:42+00:00\" \/>\n<meta property=\"og:image\" content=\"http:\/\/www.diariofemenino.com.ar\/wp-content\/uploads\/734954_495275460536225_2047646002_n.jpg\" \/>\n<meta name=\"author\" content=\"Admin\" \/>\n<meta name=\"twitter:card\" content=\"summary_large_image\" \/>\n<meta name=\"twitter:creator\" content=\"@DiarioFemenino1\" \/>\n<meta name=\"twitter:site\" content=\"@DiarioFemenino1\" \/>\n<meta name=\"twitter:label1\" content=\"Escrito por\" \/>\n\t<meta name=\"twitter:data1\" content=\"Admin\" \/>\n\t<meta name=\"twitter:label2\" content=\"Tiempo de lectura\" \/>\n\t<meta name=\"twitter:data2\" content=\"2 minutos\" \/>\n<script type=\"application\/ld+json\" class=\"yoast-schema-graph\">{\"@context\":\"https:\\\/\\\/schema.org\",\"@graph\":[{\"@type\":\"Article\",\"@id\":\"https:\\\/\\\/diariofemenino.com.ar\\\/df\\\/maria-elena-elverdin-y-norma-chiapparrone-de-mujeres-de-carreras-juridicas-en-la-57a-sesion-de-la-comision-de-la-condicion-juridica-y-social-de-la-mujer-de-onu\\\/#article\",\"isPartOf\":{\"@id\":\"https:\\\/\\\/diariofemenino.com.ar\\\/df\\\/maria-elena-elverdin-y-norma-chiapparrone-de-mujeres-de-carreras-juridicas-en-la-57a-sesion-de-la-comision-de-la-condicion-juridica-y-social-de-la-mujer-de-onu\\\/\"},\"author\":{\"name\":\"Admin\",\"@id\":\"https:\\\/\\\/diariofemenino.com.ar\\\/df\\\/#\\\/schema\\\/person\\\/38f54b3bfd13f561de2460ba95c169c6\"},\"headline\":\"Mar\u00eda Elena Elverdin y Norma Chiapparrone en la 57\u00aa Sesi\u00f3n de la Comisi\u00f3n de la Condici\u00f3n Jur\u00eddica y Social de la Mujer de ONU\",\"datePublished\":\"2013-03-02T01:03:42+00:00\",\"mainEntityOfPage\":{\"@id\":\"https:\\\/\\\/diariofemenino.com.ar\\\/df\\\/maria-elena-elverdin-y-norma-chiapparrone-de-mujeres-de-carreras-juridicas-en-la-57a-sesion-de-la-comision-de-la-condicion-juridica-y-social-de-la-mujer-de-onu\\\/\"},\"wordCount\":447,\"commentCount\":0,\"publisher\":{\"@id\":\"https:\\\/\\\/diariofemenino.com.ar\\\/df\\\/#organization\"},\"image\":{\"@id\":\"https:\\\/\\\/diariofemenino.com.ar\\\/df\\\/maria-elena-elverdin-y-norma-chiapparrone-de-mujeres-de-carreras-juridicas-en-la-57a-sesion-de-la-comision-de-la-condicion-juridica-y-social-de-la-mujer-de-onu\\\/#primaryimage\"},\"thumbnailUrl\":\"http:\\\/\\\/www.diariofemenino.com.ar\\\/wp-content\\\/uploads\\\/734954_495275460536225_2047646002_n.jpg\",\"articleSection\":[\"Aborto\",\"Medios\",\"Noticias\"],\"inLanguage\":\"es\",\"potentialAction\":[{\"@type\":\"CommentAction\",\"name\":\"Comment\",\"target\":[\"https:\\\/\\\/diariofemenino.com.ar\\\/df\\\/maria-elena-elverdin-y-norma-chiapparrone-de-mujeres-de-carreras-juridicas-en-la-57a-sesion-de-la-comision-de-la-condicion-juridica-y-social-de-la-mujer-de-onu\\\/#respond\"]}]},{\"@type\":\"WebPage\",\"@id\":\"https:\\\/\\\/diariofemenino.com.ar\\\/df\\\/maria-elena-elverdin-y-norma-chiapparrone-de-mujeres-de-carreras-juridicas-en-la-57a-sesion-de-la-comision-de-la-condicion-juridica-y-social-de-la-mujer-de-onu\\\/\",\"url\":\"https:\\\/\\\/diariofemenino.com.ar\\\/df\\\/maria-elena-elverdin-y-norma-chiapparrone-de-mujeres-de-carreras-juridicas-en-la-57a-sesion-de-la-comision-de-la-condicion-juridica-y-social-de-la-mujer-de-onu\\\/\",\"name\":\"Mar\u00eda Elena Elverdin y Norma Chiapparrone en la 57\u00aa Sesi\u00f3n de la Comisi\u00f3n de la Condici\u00f3n Jur\u00eddica y Social de la Mujer de ONU - Diario Digital Femenino\",\"isPartOf\":{\"@id\":\"https:\\\/\\\/diariofemenino.com.ar\\\/df\\\/#website\"},\"primaryImageOfPage\":{\"@id\":\"https:\\\/\\\/diariofemenino.com.ar\\\/df\\\/maria-elena-elverdin-y-norma-chiapparrone-de-mujeres-de-carreras-juridicas-en-la-57a-sesion-de-la-comision-de-la-condicion-juridica-y-social-de-la-mujer-de-onu\\\/#primaryimage\"},\"image\":{\"@id\":\"https:\\\/\\\/diariofemenino.com.ar\\\/df\\\/maria-elena-elverdin-y-norma-chiapparrone-de-mujeres-de-carreras-juridicas-en-la-57a-sesion-de-la-comision-de-la-condicion-juridica-y-social-de-la-mujer-de-onu\\\/#primaryimage\"},\"thumbnailUrl\":\"http:\\\/\\\/www.diariofemenino.com.ar\\\/wp-content\\\/uploads\\\/734954_495275460536225_2047646002_n.jpg\",\"datePublished\":\"2013-03-02T01:03:42+00:00\",\"breadcrumb\":{\"@id\":\"https:\\\/\\\/diariofemenino.com.ar\\\/df\\\/maria-elena-elverdin-y-norma-chiapparrone-de-mujeres-de-carreras-juridicas-en-la-57a-sesion-de-la-comision-de-la-condicion-juridica-y-social-de-la-mujer-de-onu\\\/#breadcrumb\"},\"inLanguage\":\"es\",\"potentialAction\":[{\"@type\":\"ReadAction\",\"target\":[\"https:\\\/\\\/diariofemenino.com.ar\\\/df\\\/maria-elena-elverdin-y-norma-chiapparrone-de-mujeres-de-carreras-juridicas-en-la-57a-sesion-de-la-comision-de-la-condicion-juridica-y-social-de-la-mujer-de-onu\\\/\"]}]},{\"@type\":\"ImageObject\",\"inLanguage\":\"es\",\"@id\":\"https:\\\/\\\/diariofemenino.com.ar\\\/df\\\/maria-elena-elverdin-y-norma-chiapparrone-de-mujeres-de-carreras-juridicas-en-la-57a-sesion-de-la-comision-de-la-condicion-juridica-y-social-de-la-mujer-de-onu\\\/#primaryimage\",\"url\":\"http:\\\/\\\/www.diariofemenino.com.ar\\\/wp-content\\\/uploads\\\/734954_495275460536225_2047646002_n.jpg\",\"contentUrl\":\"http:\\\/\\\/www.diariofemenino.com.ar\\\/wp-content\\\/uploads\\\/734954_495275460536225_2047646002_n.jpg\"},{\"@type\":\"BreadcrumbList\",\"@id\":\"https:\\\/\\\/diariofemenino.com.ar\\\/df\\\/maria-elena-elverdin-y-norma-chiapparrone-de-mujeres-de-carreras-juridicas-en-la-57a-sesion-de-la-comision-de-la-condicion-juridica-y-social-de-la-mujer-de-onu\\\/#breadcrumb\",\"itemListElement\":[{\"@type\":\"ListItem\",\"position\":1,\"name\":\"Portada\",\"item\":\"https:\\\/\\\/diariofemenino.com.ar\\\/df\\\/\"},{\"@type\":\"ListItem\",\"position\":2,\"name\":\"Mar\u00eda Elena Elverdin y Norma Chiapparrone en la 57\u00aa Sesi\u00f3n de la Comisi\u00f3n de la Condici\u00f3n Jur\u00eddica y Social de la Mujer de ONU\"}]},{\"@type\":\"WebSite\",\"@id\":\"https:\\\/\\\/diariofemenino.com.ar\\\/df\\\/#website\",\"url\":\"https:\\\/\\\/diariofemenino.com.ar\\\/df\\\/\",\"name\":\"Diario Digital Femenino\",\"description\":\"Cuesti\u00f3n de G\u00e9nero\",\"publisher\":{\"@id\":\"https:\\\/\\\/diariofemenino.com.ar\\\/df\\\/#organization\"},\"potentialAction\":[{\"@type\":\"SearchAction\",\"target\":{\"@type\":\"EntryPoint\",\"urlTemplate\":\"https:\\\/\\\/diariofemenino.com.ar\\\/df\\\/?s={search_term_string}\"},\"query-input\":{\"@type\":\"PropertyValueSpecification\",\"valueRequired\":true,\"valueName\":\"search_term_string\"}}],\"inLanguage\":\"es\"},{\"@type\":\"Organization\",\"@id\":\"https:\\\/\\\/diariofemenino.com.ar\\\/df\\\/#organization\",\"name\":\"Diario Femenino\",\"url\":\"https:\\\/\\\/diariofemenino.com.ar\\\/df\\\/\",\"logo\":{\"@type\":\"ImageObject\",\"inLanguage\":\"es\",\"@id\":\"https:\\\/\\\/diariofemenino.com.ar\\\/df\\\/#\\\/schema\\\/logo\\\/image\\\/\",\"url\":\"https:\\\/\\\/diariofemenino.com.ar\\\/df\\\/wp-content\\\/uploads\\\/2018\\\/10\\\/logo.png\",\"contentUrl\":\"https:\\\/\\\/diariofemenino.com.ar\\\/df\\\/wp-content\\\/uploads\\\/2018\\\/10\\\/logo.png\",\"width\":500,\"height\":92,\"caption\":\"Diario Femenino\"},\"image\":{\"@id\":\"https:\\\/\\\/diariofemenino.com.ar\\\/df\\\/#\\\/schema\\\/logo\\\/image\\\/\"},\"sameAs\":[\"https:\\\/\\\/www.facebook.com\\\/DiarioDigitaFemenino\\\/\",\"https:\\\/\\\/x.com\\\/DiarioFemenino1\"]},{\"@type\":\"Person\",\"@id\":\"https:\\\/\\\/diariofemenino.com.ar\\\/df\\\/#\\\/schema\\\/person\\\/38f54b3bfd13f561de2460ba95c169c6\",\"name\":\"Admin\",\"image\":{\"@type\":\"ImageObject\",\"inLanguage\":\"es\",\"@id\":\"https:\\\/\\\/diariofemenino.com.ar\\\/df\\\/wp-content\\\/uploads\\\/2018\\\/12\\\/favicon-150x150.jpg\",\"url\":\"https:\\\/\\\/diariofemenino.com.ar\\\/df\\\/wp-content\\\/uploads\\\/2018\\\/12\\\/favicon-150x150.jpg\",\"contentUrl\":\"https:\\\/\\\/diariofemenino.com.ar\\\/df\\\/wp-content\\\/uploads\\\/2018\\\/12\\\/favicon-150x150.jpg\",\"caption\":\"Admin\"},\"url\":\"https:\\\/\\\/diariofemenino.com.ar\\\/df\\\/author\\\/adm18df\\\/\"}]}<\/script>\n<!-- \/ Yoast SEO plugin. -->","yoast_head_json":{"title":"Mar\u00eda Elena Elverdin y Norma Chiapparrone en la 57\u00aa Sesi\u00f3n de la Comisi\u00f3n de la Condici\u00f3n Jur\u00eddica y Social de la Mujer de ONU - Diario Digital Femenino","robots":{"index":"index","follow":"follow","max-snippet":"max-snippet:-1","max-image-preview":"max-image-preview:large","max-video-preview":"max-video-preview:-1"},"canonical":"https:\/\/diariofemenino.com.ar\/df\/maria-elena-elverdin-y-norma-chiapparrone-de-mujeres-de-carreras-juridicas-en-la-57a-sesion-de-la-comision-de-la-condicion-juridica-y-social-de-la-mujer-de-onu\/","og_locale":"es_ES","og_type":"article","og_title":"Mar\u00eda Elena Elverdin y Norma Chiapparrone en la 57\u00aa Sesi\u00f3n de la Comisi\u00f3n de la Condici\u00f3n Jur\u00eddica y Social de la Mujer de ONU - Diario Digital Femenino","og_description":"&nbsp; &nbsp; &nbsp; Desde el 5\u00a0 al 14 de marzo\u00a0 se\u00a0 realizar\u00e1 la 57\u00aa sesi\u00f3n de la Comisi\u00f3n de la Condici\u00f3n Jur\u00eddica y Social de la Mujer que \u00a0tendr\u00e1 lugar en la Sede \u00a0de las Naciones Unidas en Nueva York. A la sesi\u00f3n asistir\u00e1n representantes de los Estados Miembros, entidades de la ONU y organizaciones [&hellip;]","og_url":"https:\/\/diariofemenino.com.ar\/df\/maria-elena-elverdin-y-norma-chiapparrone-de-mujeres-de-carreras-juridicas-en-la-57a-sesion-de-la-comision-de-la-condicion-juridica-y-social-de-la-mujer-de-onu\/","og_site_name":"Diario Digital Femenino","article_publisher":"https:\/\/www.facebook.com\/DiarioDigitaFemenino\/","article_published_time":"2013-03-02T01:03:42+00:00","og_image":[{"url":"http:\/\/www.diariofemenino.com.ar\/wp-content\/uploads\/734954_495275460536225_2047646002_n.jpg","type":"","width":"","height":""}],"author":"Admin","twitter_card":"summary_large_image","twitter_creator":"@DiarioFemenino1","twitter_site":"@DiarioFemenino1","twitter_misc":{"Escrito por":"Admin","Tiempo de lectura":"2 minutos"},"schema":{"@context":"https:\/\/schema.org","@graph":[{"@type":"Article","@id":"https:\/\/diariofemenino.com.ar\/df\/maria-elena-elverdin-y-norma-chiapparrone-de-mujeres-de-carreras-juridicas-en-la-57a-sesion-de-la-comision-de-la-condicion-juridica-y-social-de-la-mujer-de-onu\/#article","isPartOf":{"@id":"https:\/\/diariofemenino.com.ar\/df\/maria-elena-elverdin-y-norma-chiapparrone-de-mujeres-de-carreras-juridicas-en-la-57a-sesion-de-la-comision-de-la-condicion-juridica-y-social-de-la-mujer-de-onu\/"},"author":{"name":"Admin","@id":"https:\/\/diariofemenino.com.ar\/df\/#\/schema\/person\/38f54b3bfd13f561de2460ba95c169c6"},"headline":"Mar\u00eda Elena Elverdin y Norma Chiapparrone en la 57\u00aa Sesi\u00f3n de la Comisi\u00f3n de la Condici\u00f3n Jur\u00eddica y Social de la Mujer de ONU","datePublished":"2013-03-02T01:03:42+00:00","mainEntityOfPage":{"@id":"https:\/\/diariofemenino.com.ar\/df\/maria-elena-elverdin-y-norma-chiapparrone-de-mujeres-de-carreras-juridicas-en-la-57a-sesion-de-la-comision-de-la-condicion-juridica-y-social-de-la-mujer-de-onu\/"},"wordCount":447,"commentCount":0,"publisher":{"@id":"https:\/\/diariofemenino.com.ar\/df\/#organization"},"image":{"@id":"https:\/\/diariofemenino.com.ar\/df\/maria-elena-elverdin-y-norma-chiapparrone-de-mujeres-de-carreras-juridicas-en-la-57a-sesion-de-la-comision-de-la-condicion-juridica-y-social-de-la-mujer-de-onu\/#primaryimage"},"thumbnailUrl":"http:\/\/www.diariofemenino.com.ar\/wp-content\/uploads\/734954_495275460536225_2047646002_n.jpg","articleSection":["Aborto","Medios","Noticias"],"inLanguage":"es","potentialAction":[{"@type":"CommentAction","name":"Comment","target":["https:\/\/diariofemenino.com.ar\/df\/maria-elena-elverdin-y-norma-chiapparrone-de-mujeres-de-carreras-juridicas-en-la-57a-sesion-de-la-comision-de-la-condicion-juridica-y-social-de-la-mujer-de-onu\/#respond"]}]},{"@type":"WebPage","@id":"https:\/\/diariofemenino.com.ar\/df\/maria-elena-elverdin-y-norma-chiapparrone-de-mujeres-de-carreras-juridicas-en-la-57a-sesion-de-la-comision-de-la-condicion-juridica-y-social-de-la-mujer-de-onu\/","url":"https:\/\/diariofemenino.com.ar\/df\/maria-elena-elverdin-y-norma-chiapparrone-de-mujeres-de-carreras-juridicas-en-la-57a-sesion-de-la-comision-de-la-condicion-juridica-y-social-de-la-mujer-de-onu\/","name":"Mar\u00eda Elena Elverdin y Norma Chiapparrone en la 57\u00aa Sesi\u00f3n de la Comisi\u00f3n de la Condici\u00f3n Jur\u00eddica y Social de la Mujer de ONU - Diario Digital Femenino","isPartOf":{"@id":"https:\/\/diariofemenino.com.ar\/df\/#website"},"primaryImageOfPage":{"@id":"https:\/\/diariofemenino.com.ar\/df\/maria-elena-elverdin-y-norma-chiapparrone-de-mujeres-de-carreras-juridicas-en-la-57a-sesion-de-la-comision-de-la-condicion-juridica-y-social-de-la-mujer-de-onu\/#primaryimage"},"image":{"@id":"https:\/\/diariofemenino.com.ar\/df\/maria-elena-elverdin-y-norma-chiapparrone-de-mujeres-de-carreras-juridicas-en-la-57a-sesion-de-la-comision-de-la-condicion-juridica-y-social-de-la-mujer-de-onu\/#primaryimage"},"thumbnailUrl":"http:\/\/www.diariofemenino.com.ar\/wp-content\/uploads\/734954_495275460536225_2047646002_n.jpg","datePublished":"2013-03-02T01:03:42+00:00","breadcrumb":{"@id":"https:\/\/diariofemenino.com.ar\/df\/maria-elena-elverdin-y-norma-chiapparrone-de-mujeres-de-carreras-juridicas-en-la-57a-sesion-de-la-comision-de-la-condicion-juridica-y-social-de-la-mujer-de-onu\/#breadcrumb"},"inLanguage":"es","potentialAction":[{"@type":"ReadAction","target":["https:\/\/diariofemenino.com.ar\/df\/maria-elena-elverdin-y-norma-chiapparrone-de-mujeres-de-carreras-juridicas-en-la-57a-sesion-de-la-comision-de-la-condicion-juridica-y-social-de-la-mujer-de-onu\/"]}]},{"@type":"ImageObject","inLanguage":"es","@id":"https:\/\/diariofemenino.com.ar\/df\/maria-elena-elverdin-y-norma-chiapparrone-de-mujeres-de-carreras-juridicas-en-la-57a-sesion-de-la-comision-de-la-condicion-juridica-y-social-de-la-mujer-de-onu\/#primaryimage","url":"http:\/\/www.diariofemenino.com.ar\/wp-content\/uploads\/734954_495275460536225_2047646002_n.jpg","contentUrl":"http:\/\/www.diariofemenino.com.ar\/wp-content\/uploads\/734954_495275460536225_2047646002_n.jpg"},{"@type":"BreadcrumbList","@id":"https:\/\/diariofemenino.com.ar\/df\/maria-elena-elverdin-y-norma-chiapparrone-de-mujeres-de-carreras-juridicas-en-la-57a-sesion-de-la-comision-de-la-condicion-juridica-y-social-de-la-mujer-de-onu\/#breadcrumb","itemListElement":[{"@type":"ListItem","position":1,"name":"Portada","item":"https:\/\/diariofemenino.com.ar\/df\/"},{"@type":"ListItem","position":2,"name":"Mar\u00eda Elena Elverdin y Norma Chiapparrone en la 57\u00aa Sesi\u00f3n de la Comisi\u00f3n de la Condici\u00f3n Jur\u00eddica y Social de la Mujer de ONU"}]},{"@type":"WebSite","@id":"https:\/\/diariofemenino.com.ar\/df\/#website","url":"https:\/\/diariofemenino.com.ar\/df\/","name":"Diario Digital Femenino","description":"Cuesti\u00f3n de G\u00e9nero","publisher":{"@id":"https:\/\/diariofemenino.com.ar\/df\/#organization"},"potentialAction":[{"@type":"SearchAction","target":{"@type":"EntryPoint","urlTemplate":"https:\/\/diariofemenino.com.ar\/df\/?s={search_term_string}"},"query-input":{"@type":"PropertyValueSpecification","valueRequired":true,"valueName":"search_term_string"}}],"inLanguage":"es"},{"@type":"Organization","@id":"https:\/\/diariofemenino.com.ar\/df\/#organization","name":"Diario Femenino","url":"https:\/\/diariofemenino.com.ar\/df\/","logo":{"@type":"ImageObject","inLanguage":"es","@id":"https:\/\/diariofemenino.com.ar\/df\/#\/schema\/logo\/image\/","url":"https:\/\/diariofemenino.com.ar\/df\/wp-content\/uploads\/2018\/10\/logo.png","contentUrl":"https:\/\/diariofemenino.com.ar\/df\/wp-content\/uploads\/2018\/10\/logo.png","width":500,"height":92,"caption":"Diario Femenino"},"image":{"@id":"https:\/\/diariofemenino.com.ar\/df\/#\/schema\/logo\/image\/"},"sameAs":["https:\/\/www.facebook.com\/DiarioDigitaFemenino\/","https:\/\/x.com\/DiarioFemenino1"]},{"@type":"Person","@id":"https:\/\/diariofemenino.com.ar\/df\/#\/schema\/person\/38f54b3bfd13f561de2460ba95c169c6","name":"Admin","image":{"@type":"ImageObject","inLanguage":"es","@id":"https:\/\/diariofemenino.com.ar\/df\/wp-content\/uploads\/2018\/12\/favicon-150x150.jpg","url":"https:\/\/diariofemenino.com.ar\/df\/wp-content\/uploads\/2018\/12\/favicon-150x150.jpg","contentUrl":"https:\/\/diariofemenino.com.ar\/df\/wp-content\/uploads\/2018\/12\/favicon-150x150.jpg","caption":"Admin"},"url":"https:\/\/diariofemenino.com.ar\/df\/author\/adm18df\/"}]}},"jetpack_featured_media_url":"","jetpack_sharing_enabled":true,"rttpg_featured_image_url":null,"rttpg_author":{"display_name":"Admin","author_link":"https:\/\/diariofemenino.com.ar\/df\/author\/adm18df\/"},"rttpg_comment":0,"rttpg_category":"<a href=\"https:\/\/diariofemenino.com.ar\/df\/category\/aborto\/\" rel=\"category tag\">Aborto<\/a> <a href=\"https:\/\/diariofemenino.com.ar\/df\/category\/medios\/\" rel=\"category tag\">Medios<\/a> <a href=\"https:\/\/diariofemenino.com.ar\/df\/category\/noticias\/\" rel=\"category tag\">Noticias<\/a>","rttpg_excerpt":"&nbsp; &nbsp; &nbsp; Desde el 5\u00a0 al 14 de marzo\u00a0 se\u00a0 realizar\u00e1 la 57\u00aa sesi\u00f3n de la Comisi\u00f3n de la Condici\u00f3n Jur\u00eddica y Social de la Mujer que \u00a0tendr\u00e1 lugar en la Sede \u00a0de las Naciones Unidas en Nueva York. A la sesi\u00f3n asistir\u00e1n representantes de los Estados Miembros, entidades de la ONU y organizaciones&hellip;","_links":{"self":[{"href":"https:\/\/diariofemenino.com.ar\/df\/wp-json\/wp\/v2\/posts\/5707","targetHints":{"allow":["GET"]}}],"collection":[{"href":"https:\/\/diariofemenino.com.ar\/df\/wp-json\/wp\/v2\/posts"}],"about":[{"href":"https:\/\/diariofemenino.com.ar\/df\/wp-json\/wp\/v2\/types\/post"}],"author":[{"embeddable":true,"href":"https:\/\/diariofemenino.com.ar\/df\/wp-json\/wp\/v2\/users\/1"}],"replies":[{"embeddable":true,"href":"https:\/\/diariofemenino.com.ar\/df\/wp-json\/wp\/v2\/comments?post=5707"}],"version-history":[{"count":0,"href":"https:\/\/diariofemenino.com.ar\/df\/wp-json\/wp\/v2\/posts\/5707\/revisions"}],"wp:attachment":[{"href":"https:\/\/diariofemenino.com.ar\/df\/wp-json\/wp\/v2\/media?parent=5707"}],"wp:term":[{"taxonomy":"category","embeddable":true,"href":"https:\/\/diariofemenino.com.ar\/df\/wp-json\/wp\/v2\/categories?post=5707"},{"taxonomy":"post_tag","embeddable":true,"href":"https:\/\/diariofemenino.com.ar\/df\/wp-json\/wp\/v2\/tags?post=5707"}],"curies":[{"name":"wp","href":"https:\/\/api.w.org\/{rel}","templated":true}]}}