{"id":57050,"date":"2021-04-05T12:45:23","date_gmt":"2021-04-05T15:45:23","guid":{"rendered":"https:\/\/diariofemenino.com.ar\/?p=57050"},"modified":"2021-05-25T06:25:02","modified_gmt":"2021-05-25T09:25:02","slug":"la-parda-la-madre-de-la-matria","status":"publish","type":"post","link":"https:\/\/diariofemenino.com.ar\/df\/la-parda-la-madre-de-la-matria\/","title":{"rendered":"La Parda, la madre de la Matria"},"content":{"rendered":"<div class=\"o9v6fnle cxmmr5t8 oygrvhab hcukyx3x c1et5uql ii04i59q\">\n<div dir=\"auto\">\n<p><em>Nada deten\u00eda a la parda, ni los a<\/em><em>zotes que le lonjeaban el lomo<\/em><\/p>\n<p>Naci\u00f3 en Buenos Aires en 1766 \u00f3 1767. Mar\u00eda Remedios la llamaron al nacer de padres innominados. Cuando la ni\u00f1ez se le apil\u00f3 y la hizo mujer le empezaron a llamar parda. A alguien se le hab\u00eda ocurrido llamar as\u00ed a la comunidad (dir\u00edamos hoy) cuyos miembros pululaban en las calles de la Gran Aldea. En ellos se mezclaban las sangres de los esclavos africanos, los criollos y los ind\u00edgenas. Pardos les dec\u00edan sin importar que algunos tuvieran la tez casi blanca. A esa mezcla de ancestros brav\u00edos que sab\u00edan muy bien lo que era pelear por la libertad perteneci\u00f3 <a href=\"https:\/\/es.wikipedia.org\/wiki\/Mar%C3%ADa_Remedios_del_Valle\">Mar\u00eda Remedios del Valle<\/a>.<\/p>\n<\/div>\n<div dir=\"auto\">Por <a href=\"https:\/\/diariofemenino.com.ar\/ana-maria-ford\/\">Ana Mar\u00eda Ford<\/a><\/div>\n<div dir=\"auto\"><\/div>\n<div dir=\"auto\">\n<p>La historia la recoge y la reconoce en la segunda invasi\u00f3n inglesa. En esas jornadas corajudas se convirti\u00f3 en auxiliar de los soldados, curando a los heridos, llevando mensajes, agua, municiones.<\/p>\n<p>Se sabe que ten\u00eda marido y dos hijos, uno de la carne, otro del coraz\u00f3n.<\/p>\n<p>Cuando se arm\u00f3 el Ej\u00e9rcito del Norte, dos meses despu\u00e9s del 25 de mayo de 1810, la parda march\u00f3 con sus tres hombres rumbo a las tierras lejanas a las que hab\u00eda que independizar. No fue la \u00fanica, otras mujeres iban con ella a la retaguardia de las tropas a las que ayudaban como pod\u00edan.<\/p>\n<p>Lleg\u00f3 la hora de las batallas, de los triunfos de Salta y Tucum\u00e1n en los que Manuel Belgrano alz\u00f3 su espada de vencedor.<\/p>\n<p><strong>Las mujeres, no<\/strong><\/p>\n<p>Algunos archivos revelan que Mar\u00eda le suplic\u00f3 a Belgrano que les permitiera un acercamiento m\u00e1s estrecho a los soldados para acompa\u00f1arlos y consolarlos, pero el general se neg\u00f3 rotundamente; la guerra no era territorio de mujeres cuyos arrumacos pod\u00edan distraer y\/o debilitar a sus hombres.<\/p>\n<p>Pero lleg\u00f3 la derrota de Vilcapugio como tr\u00e1gica pr\u00e9ciela de lo que se desatar\u00eda, el 14 de noviembre de 1813 en el llano de Ayohuma donde el general realista Joaqu\u00edn de la Pezuela aplast\u00f3 aa las huestes criollas que tuvieron 400 muertos y 700 heridos. La valiente parda hab\u00eda peleado, con consentimiento o sin \u00e9l, a la par de los hombres. Pero cuando el desenlace era irreversible, se transform\u00f3 en enfermera.<\/p>\n<p>Mar\u00eda Remedios y sus compa\u00f1eras no esperaron autorizaciones. La historia las traslad\u00f3 a los libros y a las ilustraciones escolares como \u201cLas ni\u00f1as de Ayohuma\u201d.<\/p>\n<p>Seguramente, de los a\u00f1os infantiles, haya quedado una imagen casi rom\u00e1ntica de ese episodio. Pero hay que ponerse en situaci\u00f3n. Dicen que dicen que no esperaron que cesase el fuego para adentrarse en el campo de batalla. Corrieron all\u00ed donde un grito de dolor las guiara a un cuerpo destrozado por un ca\u00f1onazo, a una cabeza abierta por un sablazo, al mu\u00f1\u00f3n de la pierna que ya no estaba, a la hemorragia arterial imparable&#8230; \u00bfqu\u00e9 tendr\u00edan entre las manos? Trapos no muy limpios, algo para hacer torniquetes, un cazo de agua que traer\u00edan del r\u00edo\u2026 y amor, mucho amor\u2026<\/p>\n<p>Pero a los vencedores no les import\u00f3 mucho esta acci\u00f3n y las hicieron prisioneras. Mar\u00eda se las ingeni\u00f3 para facilitar la huida de algunos oficiales criollos y esto le vali\u00f3 el castigo de ser azotada en p\u00fablico nueve d\u00edas seguidos, pero pronto logr\u00f3 escaparse con la espalda sangrando.<\/p>\n<p>A la hora del triste balance de la derrota, Belgrano reconoci\u00f3 a las heroicas mujeres y nombr\u00f3 a Mar\u00eda Remedios capitana del Ej\u00e9rcito.<\/p>\n<p>En \u00e9sas u otras batalles la ahora capitana perdi\u00f3 a su marido y a sus dos hijos. La campa\u00f1a del Ej\u00e9rcito del Norte llegaba a su fin, Mar\u00eda, sola y entristecida, emprendi\u00f3 el regreso a Buenos Aires.<\/p>\n<p><strong>\u00a1Usted es la capitana!<\/strong><\/p>\n<p>Nadie ni nada la esperaba; sumida en la pobreza, rayana, en la miseria, Mar\u00eda subsisti\u00f3 mendigando en los atrios de los templos; contaba su historia, mostraba las huellas de los feroces latigazos y cre\u00edan que estaba loca, cuando pod\u00eda hacerse de un poco de harina y grasa hac\u00eda tortas fritas y las vend\u00eda\u2026<\/p>\n<p>Hasta que un d\u00eda el general Juan Jos\u00e9 Viamonte, a la saz\u00f3n diputado que pas\u00f3 ocasionalmente a su lado, la reconoci\u00f3.<\/p>\n<p>\u201c! Usted es la capitana que nos confortaba en el Ej\u00e9rcito del Norte!\u201d Se interes\u00f3 genuinamente por la suerte de esa joven anciana, harapienta y desesperanzada y gestion\u00f3 para ella una ayuda. Ser\u00eda largo y tedioso enumerar las vueltas que dio el expediente (o como fuere que se llamase en ese tiempo el pedido). Hasta que Juan Manuel de Rosas, en su segundo mandado, lo hizo efectivo y aument\u00f3 en un 600% el monto originalmente solicitado, 216 pesos, m\u00e1s el ascenso al grado militar inmediato superior. Como agradecimiento, desde entonces Mar\u00eda Remedios agreg\u00f3 al suyo el apellido Rosas (sin papeles, por supuesto)<\/p>\n<p>Y nada m\u00e1s se sabe de los \u00faltimos a\u00f1os de la parda Mar\u00eda. Escuetamente en una lista del 8 de noviembre de 1847, una nota indica que el mayor de caballer\u00eda D\u00f1a. Remedios Rosas falleci\u00f3\u00bb Ten\u00eda 81 a\u00f1os.<\/p>\n<p>DATO<\/p>\n<p><strong>Pa\u00f1o de l\u00e1grimas<\/strong><\/p>\n<p>Pensi\u00f3n para la parda, recabaron testimonios de su participaci\u00f3n en las campa\u00f1as militares. Uno de los consultados fue <a href=\"https:\/\/cabildonacional.cultura.gob.ar\/noticia\/maria-remedios-del-valle-la-madre-de-la-patria\/\">Tom\u00e1s de Anchorena<\/a> quien fuera secretario de Belgrano en la campa\u00f1a del Alto Per\u00fa \u201c\u2026no hab\u00eda acci\u00f3n, en que ella pudiera tomar parte que no tomase, y en unos t\u00e9rminos que pod\u00eda ponerse en competencia con el soldado m\u00e1s valiente; admiraba al general, a los oficiales, a todos cuantos acompa\u00f1aban al ej\u00e9rcito y en medio de este valor, ten\u00eda una virtud a prueba [\u2026] Era el pa\u00f1o de l\u00e1grimas, de todos aquellos jefes y oficiales y dem\u00e1s individuos a quienes pudiera servir sin el menor inter\u00e9s. Yo los he o\u00eddo a todos, a voz p\u00fablica hacer elogios de esta mujer por esa oficiosidad y caridad con que cuidaba a los hombres en la desgracia y miseria en que quedaban despu\u00e9s de una acci\u00f3n de guerra: sin piernas unos, y otros sin brazos, sin tener auxilios ni recursos para remediar a sus dolencias. De esa clase era esta muger.\u201d<\/p>\n<p>DATO II<\/p>\n<p><strong>Una estatua en <a href=\"https:\/\/diariofemenino.com.ar\/piden-que-la-avenida-san-martin-pase-a-llamarse-maria-remedios-del-valle\/\">La Pampa<\/a><\/strong><\/p>\n<p>Son pocos los lugares que recuerdan a Mar\u00eda Remedios a quien llamaron Madre de la Patria (o Matria, adoptando la terminolog\u00eda en la que incursion\u00f3 Plutarco y utiliz\u00f3 Virginia Woolf).<\/p>\n<p>A mediados de 1930, durante la presidencia de Agust\u00edn P. Justo, designaron con su nombre una calle y una escuela de la ciudad de Buenos Aires.<\/p>\n<p>En 2010 las diputadas Cecilia Merch\u00e1n y Victoria Donde impulsaron un proyecto de ley para construir un monumento en su honor. (No se supo qu\u00e9 ruta sigui\u00f3 la iniciativa).<\/p>\n<p>M\u00e1s ac\u00e1 en el tiempo, el 10 de diciembre de 2018 se inaugur\u00f3 una estatua en la ciudad de Santa Rosa.<\/p>\n<p>Est\u00e1 emplazada en la escuela 25 \u201cGranaderos de San Mart\u00edn\u201d; su autora es una exalumna del establecimiento, Carina Carrasco. As\u00ed de simple, lejos de burocracias. Se concibi\u00f3 el homenaje y se ejecut\u00f3. La parda, la capitana, la Madre de la Patria tiene su estatua en tierra pampeana de la que, seguramente, nunca supo que exist\u00eda\u2026<\/p>\n<\/div>\n<\/div>\n<div dir=\"auto\">\n<figure id=\"attachment_57051\" aria-describedby=\"caption-attachment-57051\" style=\"width: 650px\" class=\"wp-caption aligncenter\"><img loading=\"lazy\" decoding=\"async\" class=\"size-full wp-image-57051\" src=\"https:\/\/diariofemenino.com.ar\/df\/wp-content\/uploads\/2021\/04\/Escuela_25.jpg\" alt=\"La Parda, la madre de la Matria\" width=\"650\" height=\"384\" srcset=\"https:\/\/diariofemenino.com.ar\/df\/wp-content\/uploads\/2021\/04\/Escuela_25.jpg 650w, https:\/\/diariofemenino.com.ar\/df\/wp-content\/uploads\/2021\/04\/Escuela_25-300x177.jpg 300w\" sizes=\"auto, (max-width: 650px) 100vw, 650px\" \/><figcaption id=\"caption-attachment-57051\" class=\"wp-caption-text\">La Parda, la madre de la Matria &#8211; Foto: El Diario de La Pampa.<\/figcaption><\/figure>\n<p><a href=\"https:\/\/diariofemenino.com.ar\/category\/historias-de-vida\/\">Historias de vida<\/a> &#8211; <a href=\"https:\/\/diariofemenino.com.ar\/\">DDF<\/a><\/p>\n<p>&nbsp;<\/p>\n<\/div>\n","protected":false},"excerpt":{"rendered":"<p>Nada deten\u00eda a la parda, ni los azotes que le lonjeaban el lomo Naci\u00f3 en Buenos Aires en 1766 \u00f3 1767. Mar\u00eda Remedios la llamaron al nacer de padres innominados. Cuando la ni\u00f1ez se le apil\u00f3 y la hizo mujer le empezaron a llamar parda. A alguien se le hab\u00eda ocurrido llamar as\u00ed a la [&hellip;]<\/p>\n","protected":false},"author":4,"featured_media":57052,"comment_status":"open","ping_status":"open","sticky":false,"template":"","format":"standard","meta":{"iawp_total_views":126,"footnotes":""},"categories":[1067,178,21],"tags":[2993,2914,596],"class_list":["post-57050","post","type-post","status-publish","format-standard","has-post-thumbnail","hentry","category-agenda-feminista","category-articulos-y-comunicados","category-noticias","tag-madre","tag-maria-remedios-del-valle","tag-matria"],"nelio_content":{"autoShareEndMode":"never","automationSources":{"useCustomSentences":false,"customSentences":[]},"efiAlt":"","efiUrl":"","followers":[4],"highlights":[],"isAutoShareEnabled":true,"networkImageIds":[],"permalinkQueryArgs":[],"series":[],"suggestedReferences":[]},"yoast_head":"<!-- This site is optimized with the Yoast SEO plugin v27.5 - https:\/\/yoast.com\/product\/yoast-seo-wordpress\/ -->\n<title>La Parda, la madre de la Matria - Diario Digital Femenino<\/title>\n<meta name=\"description\" content=\"La Parda\" \/>\n<meta name=\"robots\" content=\"index, follow, max-snippet:-1, max-image-preview:large, max-video-preview:-1\" \/>\n<link rel=\"canonical\" href=\"https:\/\/diariofemenino.com.ar\/df\/la-parda-la-madre-de-la-matria\/\" \/>\n<meta property=\"og:locale\" content=\"es_ES\" \/>\n<meta property=\"og:type\" content=\"article\" \/>\n<meta property=\"og:title\" content=\"La Parda, la madre de la Matria - Diario Digital Femenino\" \/>\n<meta property=\"og:description\" content=\"La Parda\" \/>\n<meta property=\"og:url\" content=\"https:\/\/diariofemenino.com.ar\/df\/la-parda-la-madre-de-la-matria\/\" \/>\n<meta property=\"og:site_name\" content=\"Diario Digital Femenino\" \/>\n<meta property=\"article:publisher\" content=\"https:\/\/www.facebook.com\/DiarioDigitaFemenino\/\" \/>\n<meta property=\"article:published_time\" content=\"2021-04-05T15:45:23+00:00\" \/>\n<meta property=\"article:modified_time\" content=\"2021-05-25T09:25:02+00:00\" \/>\n<meta property=\"og:image\" content=\"https:\/\/diariofemenino.com.ar\/df\/wp-content\/uploads\/2021\/04\/madre_1590431538.jpg\" \/>\n\t<meta property=\"og:image:width\" content=\"1072\" \/>\n\t<meta property=\"og:image:height\" content=\"589\" \/>\n\t<meta property=\"og:image:type\" content=\"image\/jpeg\" \/>\n<meta name=\"author\" content=\"Admin\" \/>\n<meta name=\"twitter:card\" content=\"summary_large_image\" \/>\n<meta name=\"twitter:creator\" content=\"@DiarioFemenino1\" \/>\n<meta name=\"twitter:site\" content=\"@DiarioFemenino1\" \/>\n<meta name=\"twitter:label1\" content=\"Escrito por\" \/>\n\t<meta name=\"twitter:data1\" content=\"Admin\" \/>\n\t<meta name=\"twitter:label2\" content=\"Tiempo de lectura\" \/>\n\t<meta name=\"twitter:data2\" content=\"6 minutos\" \/>\n<script type=\"application\/ld+json\" class=\"yoast-schema-graph\">{\"@context\":\"https:\\\/\\\/schema.org\",\"@graph\":[{\"@type\":\"Article\",\"@id\":\"https:\\\/\\\/diariofemenino.com.ar\\\/df\\\/la-parda-la-madre-de-la-matria\\\/#article\",\"isPartOf\":{\"@id\":\"https:\\\/\\\/diariofemenino.com.ar\\\/df\\\/la-parda-la-madre-de-la-matria\\\/\"},\"author\":{\"name\":\"Admin\",\"@id\":\"https:\\\/\\\/diariofemenino.com.ar\\\/df\\\/#\\\/schema\\\/person\\\/bf6199e8158c657ea6f789b11ec85509\"},\"headline\":\"La Parda, la madre de la Matria\",\"datePublished\":\"2021-04-05T15:45:23+00:00\",\"dateModified\":\"2021-05-25T09:25:02+00:00\",\"mainEntityOfPage\":{\"@id\":\"https:\\\/\\\/diariofemenino.com.ar\\\/df\\\/la-parda-la-madre-de-la-matria\\\/\"},\"wordCount\":1263,\"commentCount\":0,\"publisher\":{\"@id\":\"https:\\\/\\\/diariofemenino.com.ar\\\/df\\\/#organization\"},\"image\":{\"@id\":\"https:\\\/\\\/diariofemenino.com.ar\\\/df\\\/la-parda-la-madre-de-la-matria\\\/#primaryimage\"},\"thumbnailUrl\":\"https:\\\/\\\/diariofemenino.com.ar\\\/df\\\/wp-content\\\/uploads\\\/2021\\\/04\\\/madre_1590431538.jpg\",\"keywords\":[\"Madre\",\"Mar\u00eda Remedios del Valle\",\"Matria\"],\"articleSection\":[\"Agenda Feminista\",\"Art\u00edculos y Comunicados\",\"Noticias\"],\"inLanguage\":\"es\",\"potentialAction\":[{\"@type\":\"CommentAction\",\"name\":\"Comment\",\"target\":[\"https:\\\/\\\/diariofemenino.com.ar\\\/df\\\/la-parda-la-madre-de-la-matria\\\/#respond\"]}]},{\"@type\":\"WebPage\",\"@id\":\"https:\\\/\\\/diariofemenino.com.ar\\\/df\\\/la-parda-la-madre-de-la-matria\\\/\",\"url\":\"https:\\\/\\\/diariofemenino.com.ar\\\/df\\\/la-parda-la-madre-de-la-matria\\\/\",\"name\":\"La Parda, la madre de la Matria - Diario Digital Femenino\",\"isPartOf\":{\"@id\":\"https:\\\/\\\/diariofemenino.com.ar\\\/df\\\/#website\"},\"primaryImageOfPage\":{\"@id\":\"https:\\\/\\\/diariofemenino.com.ar\\\/df\\\/la-parda-la-madre-de-la-matria\\\/#primaryimage\"},\"image\":{\"@id\":\"https:\\\/\\\/diariofemenino.com.ar\\\/df\\\/la-parda-la-madre-de-la-matria\\\/#primaryimage\"},\"thumbnailUrl\":\"https:\\\/\\\/diariofemenino.com.ar\\\/df\\\/wp-content\\\/uploads\\\/2021\\\/04\\\/madre_1590431538.jpg\",\"datePublished\":\"2021-04-05T15:45:23+00:00\",\"dateModified\":\"2021-05-25T09:25:02+00:00\",\"description\":\"La Parda\",\"breadcrumb\":{\"@id\":\"https:\\\/\\\/diariofemenino.com.ar\\\/df\\\/la-parda-la-madre-de-la-matria\\\/#breadcrumb\"},\"inLanguage\":\"es\",\"potentialAction\":[{\"@type\":\"ReadAction\",\"target\":[\"https:\\\/\\\/diariofemenino.com.ar\\\/df\\\/la-parda-la-madre-de-la-matria\\\/\"]}]},{\"@type\":\"ImageObject\",\"inLanguage\":\"es\",\"@id\":\"https:\\\/\\\/diariofemenino.com.ar\\\/df\\\/la-parda-la-madre-de-la-matria\\\/#primaryimage\",\"url\":\"https:\\\/\\\/diariofemenino.com.ar\\\/df\\\/wp-content\\\/uploads\\\/2021\\\/04\\\/madre_1590431538.jpg\",\"contentUrl\":\"https:\\\/\\\/diariofemenino.com.ar\\\/df\\\/wp-content\\\/uploads\\\/2021\\\/04\\\/madre_1590431538.jpg\",\"width\":1072,\"height\":589,\"caption\":\"La Parda, la madre de la Matria\"},{\"@type\":\"BreadcrumbList\",\"@id\":\"https:\\\/\\\/diariofemenino.com.ar\\\/df\\\/la-parda-la-madre-de-la-matria\\\/#breadcrumb\",\"itemListElement\":[{\"@type\":\"ListItem\",\"position\":1,\"name\":\"Portada\",\"item\":\"https:\\\/\\\/diariofemenino.com.ar\\\/df\\\/\"},{\"@type\":\"ListItem\",\"position\":2,\"name\":\"La Parda, la madre de la Matria\"}]},{\"@type\":\"WebSite\",\"@id\":\"https:\\\/\\\/diariofemenino.com.ar\\\/df\\\/#website\",\"url\":\"https:\\\/\\\/diariofemenino.com.ar\\\/df\\\/\",\"name\":\"Diario Digital Femenino\",\"description\":\"Cuesti\u00f3n de G\u00e9nero\",\"publisher\":{\"@id\":\"https:\\\/\\\/diariofemenino.com.ar\\\/df\\\/#organization\"},\"potentialAction\":[{\"@type\":\"SearchAction\",\"target\":{\"@type\":\"EntryPoint\",\"urlTemplate\":\"https:\\\/\\\/diariofemenino.com.ar\\\/df\\\/?s={search_term_string}\"},\"query-input\":{\"@type\":\"PropertyValueSpecification\",\"valueRequired\":true,\"valueName\":\"search_term_string\"}}],\"inLanguage\":\"es\"},{\"@type\":\"Organization\",\"@id\":\"https:\\\/\\\/diariofemenino.com.ar\\\/df\\\/#organization\",\"name\":\"Diario Femenino\",\"url\":\"https:\\\/\\\/diariofemenino.com.ar\\\/df\\\/\",\"logo\":{\"@type\":\"ImageObject\",\"inLanguage\":\"es\",\"@id\":\"https:\\\/\\\/diariofemenino.com.ar\\\/df\\\/#\\\/schema\\\/logo\\\/image\\\/\",\"url\":\"https:\\\/\\\/diariofemenino.com.ar\\\/df\\\/wp-content\\\/uploads\\\/2018\\\/10\\\/logo.png\",\"contentUrl\":\"https:\\\/\\\/diariofemenino.com.ar\\\/df\\\/wp-content\\\/uploads\\\/2018\\\/10\\\/logo.png\",\"width\":500,\"height\":92,\"caption\":\"Diario Femenino\"},\"image\":{\"@id\":\"https:\\\/\\\/diariofemenino.com.ar\\\/df\\\/#\\\/schema\\\/logo\\\/image\\\/\"},\"sameAs\":[\"https:\\\/\\\/www.facebook.com\\\/DiarioDigitaFemenino\\\/\",\"https:\\\/\\\/x.com\\\/DiarioFemenino1\"]},{\"@type\":\"Person\",\"@id\":\"https:\\\/\\\/diariofemenino.com.ar\\\/df\\\/#\\\/schema\\\/person\\\/bf6199e8158c657ea6f789b11ec85509\",\"name\":\"Admin\",\"image\":{\"@type\":\"ImageObject\",\"inLanguage\":\"es\",\"@id\":\"https:\\\/\\\/diariofemenino.com.ar\\\/df\\\/wp-content\\\/uploads\\\/2018\\\/12\\\/favicon-150x150.jpg\",\"url\":\"https:\\\/\\\/diariofemenino.com.ar\\\/df\\\/wp-content\\\/uploads\\\/2018\\\/12\\\/favicon-150x150.jpg\",\"contentUrl\":\"https:\\\/\\\/diariofemenino.com.ar\\\/df\\\/wp-content\\\/uploads\\\/2018\\\/12\\\/favicon-150x150.jpg\",\"caption\":\"Admin\"},\"url\":\"https:\\\/\\\/diariofemenino.com.ar\\\/df\\\/author\\\/lenny\\\/\"}]}<\/script>\n<!-- \/ Yoast SEO plugin. -->","yoast_head_json":{"title":"La Parda, la madre de la Matria - Diario Digital Femenino","description":"La Parda","robots":{"index":"index","follow":"follow","max-snippet":"max-snippet:-1","max-image-preview":"max-image-preview:large","max-video-preview":"max-video-preview:-1"},"canonical":"https:\/\/diariofemenino.com.ar\/df\/la-parda-la-madre-de-la-matria\/","og_locale":"es_ES","og_type":"article","og_title":"La Parda, la madre de la Matria - Diario Digital Femenino","og_description":"La Parda","og_url":"https:\/\/diariofemenino.com.ar\/df\/la-parda-la-madre-de-la-matria\/","og_site_name":"Diario Digital Femenino","article_publisher":"https:\/\/www.facebook.com\/DiarioDigitaFemenino\/","article_published_time":"2021-04-05T15:45:23+00:00","article_modified_time":"2021-05-25T09:25:02+00:00","og_image":[{"width":1072,"height":589,"url":"https:\/\/diariofemenino.com.ar\/df\/wp-content\/uploads\/2021\/04\/madre_1590431538.jpg","type":"image\/jpeg"}],"author":"Admin","twitter_card":"summary_large_image","twitter_creator":"@DiarioFemenino1","twitter_site":"@DiarioFemenino1","twitter_misc":{"Escrito por":"Admin","Tiempo de lectura":"6 minutos"},"schema":{"@context":"https:\/\/schema.org","@graph":[{"@type":"Article","@id":"https:\/\/diariofemenino.com.ar\/df\/la-parda-la-madre-de-la-matria\/#article","isPartOf":{"@id":"https:\/\/diariofemenino.com.ar\/df\/la-parda-la-madre-de-la-matria\/"},"author":{"name":"Admin","@id":"https:\/\/diariofemenino.com.ar\/df\/#\/schema\/person\/bf6199e8158c657ea6f789b11ec85509"},"headline":"La Parda, la madre de la Matria","datePublished":"2021-04-05T15:45:23+00:00","dateModified":"2021-05-25T09:25:02+00:00","mainEntityOfPage":{"@id":"https:\/\/diariofemenino.com.ar\/df\/la-parda-la-madre-de-la-matria\/"},"wordCount":1263,"commentCount":0,"publisher":{"@id":"https:\/\/diariofemenino.com.ar\/df\/#organization"},"image":{"@id":"https:\/\/diariofemenino.com.ar\/df\/la-parda-la-madre-de-la-matria\/#primaryimage"},"thumbnailUrl":"https:\/\/diariofemenino.com.ar\/df\/wp-content\/uploads\/2021\/04\/madre_1590431538.jpg","keywords":["Madre","Mar\u00eda Remedios del Valle","Matria"],"articleSection":["Agenda Feminista","Art\u00edculos y Comunicados","Noticias"],"inLanguage":"es","potentialAction":[{"@type":"CommentAction","name":"Comment","target":["https:\/\/diariofemenino.com.ar\/df\/la-parda-la-madre-de-la-matria\/#respond"]}]},{"@type":"WebPage","@id":"https:\/\/diariofemenino.com.ar\/df\/la-parda-la-madre-de-la-matria\/","url":"https:\/\/diariofemenino.com.ar\/df\/la-parda-la-madre-de-la-matria\/","name":"La Parda, la madre de la Matria - Diario Digital Femenino","isPartOf":{"@id":"https:\/\/diariofemenino.com.ar\/df\/#website"},"primaryImageOfPage":{"@id":"https:\/\/diariofemenino.com.ar\/df\/la-parda-la-madre-de-la-matria\/#primaryimage"},"image":{"@id":"https:\/\/diariofemenino.com.ar\/df\/la-parda-la-madre-de-la-matria\/#primaryimage"},"thumbnailUrl":"https:\/\/diariofemenino.com.ar\/df\/wp-content\/uploads\/2021\/04\/madre_1590431538.jpg","datePublished":"2021-04-05T15:45:23+00:00","dateModified":"2021-05-25T09:25:02+00:00","description":"La Parda","breadcrumb":{"@id":"https:\/\/diariofemenino.com.ar\/df\/la-parda-la-madre-de-la-matria\/#breadcrumb"},"inLanguage":"es","potentialAction":[{"@type":"ReadAction","target":["https:\/\/diariofemenino.com.ar\/df\/la-parda-la-madre-de-la-matria\/"]}]},{"@type":"ImageObject","inLanguage":"es","@id":"https:\/\/diariofemenino.com.ar\/df\/la-parda-la-madre-de-la-matria\/#primaryimage","url":"https:\/\/diariofemenino.com.ar\/df\/wp-content\/uploads\/2021\/04\/madre_1590431538.jpg","contentUrl":"https:\/\/diariofemenino.com.ar\/df\/wp-content\/uploads\/2021\/04\/madre_1590431538.jpg","width":1072,"height":589,"caption":"La Parda, la madre de la Matria"},{"@type":"BreadcrumbList","@id":"https:\/\/diariofemenino.com.ar\/df\/la-parda-la-madre-de-la-matria\/#breadcrumb","itemListElement":[{"@type":"ListItem","position":1,"name":"Portada","item":"https:\/\/diariofemenino.com.ar\/df\/"},{"@type":"ListItem","position":2,"name":"La Parda, la madre de la Matria"}]},{"@type":"WebSite","@id":"https:\/\/diariofemenino.com.ar\/df\/#website","url":"https:\/\/diariofemenino.com.ar\/df\/","name":"Diario Digital Femenino","description":"Cuesti\u00f3n de G\u00e9nero","publisher":{"@id":"https:\/\/diariofemenino.com.ar\/df\/#organization"},"potentialAction":[{"@type":"SearchAction","target":{"@type":"EntryPoint","urlTemplate":"https:\/\/diariofemenino.com.ar\/df\/?s={search_term_string}"},"query-input":{"@type":"PropertyValueSpecification","valueRequired":true,"valueName":"search_term_string"}}],"inLanguage":"es"},{"@type":"Organization","@id":"https:\/\/diariofemenino.com.ar\/df\/#organization","name":"Diario Femenino","url":"https:\/\/diariofemenino.com.ar\/df\/","logo":{"@type":"ImageObject","inLanguage":"es","@id":"https:\/\/diariofemenino.com.ar\/df\/#\/schema\/logo\/image\/","url":"https:\/\/diariofemenino.com.ar\/df\/wp-content\/uploads\/2018\/10\/logo.png","contentUrl":"https:\/\/diariofemenino.com.ar\/df\/wp-content\/uploads\/2018\/10\/logo.png","width":500,"height":92,"caption":"Diario Femenino"},"image":{"@id":"https:\/\/diariofemenino.com.ar\/df\/#\/schema\/logo\/image\/"},"sameAs":["https:\/\/www.facebook.com\/DiarioDigitaFemenino\/","https:\/\/x.com\/DiarioFemenino1"]},{"@type":"Person","@id":"https:\/\/diariofemenino.com.ar\/df\/#\/schema\/person\/bf6199e8158c657ea6f789b11ec85509","name":"Admin","image":{"@type":"ImageObject","inLanguage":"es","@id":"https:\/\/diariofemenino.com.ar\/df\/wp-content\/uploads\/2018\/12\/favicon-150x150.jpg","url":"https:\/\/diariofemenino.com.ar\/df\/wp-content\/uploads\/2018\/12\/favicon-150x150.jpg","contentUrl":"https:\/\/diariofemenino.com.ar\/df\/wp-content\/uploads\/2018\/12\/favicon-150x150.jpg","caption":"Admin"},"url":"https:\/\/diariofemenino.com.ar\/df\/author\/lenny\/"}]}},"jetpack_featured_media_url":"https:\/\/diariofemenino.com.ar\/df\/wp-content\/uploads\/2021\/04\/madre_1590431538.jpg","jetpack_sharing_enabled":true,"rttpg_featured_image_url":{"full":["https:\/\/diariofemenino.com.ar\/df\/wp-content\/uploads\/2021\/04\/madre_1590431538.jpg",1072,589,false],"landscape":["https:\/\/diariofemenino.com.ar\/df\/wp-content\/uploads\/2021\/04\/madre_1590431538.jpg",1072,589,false],"portraits":["https:\/\/diariofemenino.com.ar\/df\/wp-content\/uploads\/2021\/04\/madre_1590431538.jpg",1072,589,false],"thumbnail":["https:\/\/diariofemenino.com.ar\/df\/wp-content\/uploads\/2021\/04\/madre_1590431538-150x150.jpg",150,150,true],"medium":["https:\/\/diariofemenino.com.ar\/df\/wp-content\/uploads\/2021\/04\/madre_1590431538-300x165.jpg",300,165,true],"large":["https:\/\/diariofemenino.com.ar\/df\/wp-content\/uploads\/2021\/04\/madre_1590431538-1024x563.jpg",1024,563,true],"1536x1536":["https:\/\/diariofemenino.com.ar\/df\/wp-content\/uploads\/2021\/04\/madre_1590431538.jpg",1072,589,false],"2048x2048":["https:\/\/diariofemenino.com.ar\/df\/wp-content\/uploads\/2021\/04\/madre_1590431538.jpg",1072,589,false]},"rttpg_author":{"display_name":"Admin","author_link":"https:\/\/diariofemenino.com.ar\/df\/author\/lenny\/"},"rttpg_comment":0,"rttpg_category":"<a href=\"https:\/\/diariofemenino.com.ar\/df\/category\/agenda-feminista\/\" rel=\"category tag\">Agenda Feminista<\/a> <a href=\"https:\/\/diariofemenino.com.ar\/df\/category\/articulos-y-comunicados\/\" rel=\"category tag\">Art\u00edculos y Comunicados<\/a> <a href=\"https:\/\/diariofemenino.com.ar\/df\/category\/noticias\/\" rel=\"category tag\">Noticias<\/a>","rttpg_excerpt":"Nada deten\u00eda a la parda, ni los azotes que le lonjeaban el lomo Naci\u00f3 en Buenos Aires en 1766 \u00f3 1767. Mar\u00eda Remedios la llamaron al nacer de padres innominados. Cuando la ni\u00f1ez se le apil\u00f3 y la hizo mujer le empezaron a llamar parda. A alguien se le hab\u00eda ocurrido llamar as\u00ed a la&hellip;","_links":{"self":[{"href":"https:\/\/diariofemenino.com.ar\/df\/wp-json\/wp\/v2\/posts\/57050","targetHints":{"allow":["GET"]}}],"collection":[{"href":"https:\/\/diariofemenino.com.ar\/df\/wp-json\/wp\/v2\/posts"}],"about":[{"href":"https:\/\/diariofemenino.com.ar\/df\/wp-json\/wp\/v2\/types\/post"}],"author":[{"embeddable":true,"href":"https:\/\/diariofemenino.com.ar\/df\/wp-json\/wp\/v2\/users\/4"}],"replies":[{"embeddable":true,"href":"https:\/\/diariofemenino.com.ar\/df\/wp-json\/wp\/v2\/comments?post=57050"}],"version-history":[{"count":0,"href":"https:\/\/diariofemenino.com.ar\/df\/wp-json\/wp\/v2\/posts\/57050\/revisions"}],"wp:featuredmedia":[{"embeddable":true,"href":"https:\/\/diariofemenino.com.ar\/df\/wp-json\/wp\/v2\/media\/57052"}],"wp:attachment":[{"href":"https:\/\/diariofemenino.com.ar\/df\/wp-json\/wp\/v2\/media?parent=57050"}],"wp:term":[{"taxonomy":"category","embeddable":true,"href":"https:\/\/diariofemenino.com.ar\/df\/wp-json\/wp\/v2\/categories?post=57050"},{"taxonomy":"post_tag","embeddable":true,"href":"https:\/\/diariofemenino.com.ar\/df\/wp-json\/wp\/v2\/tags?post=57050"}],"curies":[{"name":"wp","href":"https:\/\/api.w.org\/{rel}","templated":true}]}}