{"id":5692,"date":"2013-02-27T12:11:35","date_gmt":"2013-02-27T15:11:35","guid":{"rendered":"http:\/\/www.diariofemenino.com.ar\/?p=5692"},"modified":"2013-02-27T12:11:35","modified_gmt":"2013-02-27T15:11:35","slug":"amicus-curiae-por-las-hermanas-jara","status":"publish","type":"post","link":"https:\/\/diariofemenino.com.ar\/df\/amicus-curiae-por-las-hermanas-jara\/","title":{"rendered":"Amicus Curiae por las hermanas Jara"},"content":{"rendered":"<p>&nbsp;<br \/>\n&nbsp;<br \/>\n&nbsp;<br \/>\n&nbsp;<br \/>\n<a href=\"http:\/\/www.diariofemenino.com.ar\/wp-content\/uploads\/logoAAMCJ3.jpg\"><img loading=\"lazy\" decoding=\"async\" class=\"alignleft size-full wp-image-5694\" title=\"logoAAMCJ\" src=\"http:\/\/www.diariofemenino.com.ar\/wp-content\/uploads\/logoAAMCJ3.jpg\" alt=\"\" width=\"144\" height=\"137\" \/><\/a>Norma Graciela Chiapparrone y Soledad Deza son las firmantes y representantes de la Asociaci\u00f3n Argentina de Mujeres de Carreras Jur\u00eddicas al frente de la Federaci\u00f3n Internacional de Mujeres de Carreras Jur\u00eddicas, que en el d\u00eda de la fecha formalizaron la presentaci\u00f3n de un Amicus Curiae en la investigaci\u00f3n penal que lleva adelante \u00a0el Tribunal Oral Nro. 2 de Mercedes, \u00a0que tiene como imputadas del delito de tentativa de homicidio y privadas de la libertad desde hace casi dos a\u00f1os, a las hermanas Ailen y Marina Jara.<br \/>\nLas particularidades que rodean a este caso, las cuales han tomado estado p\u00fablico en los \u00faltimos meses (dos mujeres de 19 y 21 a\u00f1os privadas de su libertad desde hace casi dos a\u00f1os en el marco de una investigaci\u00f3n penal inicialmente caratulada como \u201clesiones\u201d pero finalmente re-nombrada como \u201ctentativa de homicidio\u201d que tiene parad\u00f3jicamente como v\u00edctima del delito a quien las mismas denunciaran anteriormente como su agresor sexual), nos han alertado sobre la posibilidad de que un apego desmedido a la norma, aleje mediante el ejercicio de la discrecionalidad propia del poder judicial de la obligaci\u00f3n de impartir justicia en el caso concreto.<br \/>\nUn caso sumamente doloroso, con aristas de g\u00e9nero e inequidades de poder involucradas y por ende, con necesidades t\u00e9cnicas puntuales para interpretar el derecho.<br \/>\nVislumbrar la posibilidad de un pronunciamiento definitivo que no haga justicia a la realidad de los hechos y que sea eficaz para revictimizar a Aylem y Marina Jara, impone reflexionar sobre el alcance real que el enfoque de g\u00e9nero proyecta en las decisiones del Poder Judicial, toda vez que una pol\u00edtica de Estado que se aplica en forma dispar seg\u00fan el Juez o Jueza que intervenga, no habr\u00e1 de incidir en el cambio cultural que se precisa para desarticular las alarmantes cifras de violencia contra las mujeres que se vienen registrando en nuestro pa\u00eds.<br \/>\nEsta necesidad de invitar a reflexionar sobre las responsabilidades que tiene el Poder Judicial en la construcci\u00f3n de una realidad m\u00e1s equitativa para todas las mujeres, es lo que condujo el ideario del Amicus Curiae.<br \/>\n&nbsp;<br \/>\n&nbsp;<br \/>\n&nbsp;<br \/>\n&nbsp;<\/p>\n","protected":false},"excerpt":{"rendered":"<p>&nbsp; &nbsp; &nbsp; &nbsp; Norma Graciela Chiapparrone y Soledad Deza son las firmantes y representantes de la Asociaci\u00f3n Argentina de Mujeres de Carreras Jur\u00eddicas al frente de la Federaci\u00f3n Internacional de Mujeres de Carreras Jur\u00eddicas, que en el d\u00eda de la fecha formalizaron la presentaci\u00f3n de un Amicus Curiae en la investigaci\u00f3n penal que lleva [&hellip;]<\/p>\n","protected":false},"author":1,"featured_media":0,"comment_status":"open","ping_status":"open","sticky":false,"template":"","format":"standard","meta":{"iawp_total_views":3,"footnotes":""},"categories":[4,21],"tags":[],"class_list":["post-5692","post","type-post","status-publish","format-standard","hentry","category-medios","category-noticias"],"nelio_content":{"autoShareEndMode":"never","automationSources":{"useCustomSentences":false,"customSentences":[]},"efiAlt":"","efiUrl":"","followers":[],"highlights":[],"isAutoShareEnabled":true,"networkImageIds":[],"permalinkQueryArgs":[],"series":[],"suggestedReferences":[]},"yoast_head":"<!-- This site is optimized with the Yoast SEO plugin v27.4 - https:\/\/yoast.com\/product\/yoast-seo-wordpress\/ -->\n<title>Amicus Curiae por las hermanas Jara - Diario Digital Femenino<\/title>\n<meta name=\"robots\" content=\"index, follow, max-snippet:-1, max-image-preview:large, max-video-preview:-1\" \/>\n<link rel=\"canonical\" href=\"https:\/\/diariofemenino.com.ar\/df\/amicus-curiae-por-las-hermanas-jara\/\" \/>\n<meta property=\"og:locale\" content=\"es_ES\" \/>\n<meta property=\"og:type\" content=\"article\" \/>\n<meta property=\"og:title\" content=\"Amicus Curiae por las hermanas Jara - Diario Digital Femenino\" \/>\n<meta property=\"og:description\" content=\"&nbsp; &nbsp; &nbsp; &nbsp; Norma Graciela Chiapparrone y Soledad Deza son las firmantes y representantes de la Asociaci\u00f3n Argentina de Mujeres de Carreras Jur\u00eddicas al frente de la Federaci\u00f3n Internacional de Mujeres de Carreras Jur\u00eddicas, que en el d\u00eda de la fecha formalizaron la presentaci\u00f3n de un Amicus Curiae en la investigaci\u00f3n penal que lleva [&hellip;]\" \/>\n<meta property=\"og:url\" content=\"https:\/\/diariofemenino.com.ar\/df\/amicus-curiae-por-las-hermanas-jara\/\" \/>\n<meta property=\"og:site_name\" content=\"Diario Digital Femenino\" \/>\n<meta property=\"article:publisher\" content=\"https:\/\/www.facebook.com\/DiarioDigitaFemenino\/\" \/>\n<meta property=\"article:published_time\" content=\"2013-02-27T15:11:35+00:00\" \/>\n<meta property=\"og:image\" content=\"http:\/\/www.diariofemenino.com.ar\/wp-content\/uploads\/logoAAMCJ3.jpg\" \/>\n<meta name=\"author\" content=\"Admin\" \/>\n<meta name=\"twitter:card\" content=\"summary_large_image\" \/>\n<meta name=\"twitter:creator\" content=\"@DiarioFemenino1\" \/>\n<meta name=\"twitter:site\" content=\"@DiarioFemenino1\" \/>\n<meta name=\"twitter:label1\" content=\"Escrito por\" \/>\n\t<meta name=\"twitter:data1\" content=\"Admin\" \/>\n\t<meta name=\"twitter:label2\" content=\"Tiempo de lectura\" \/>\n\t<meta name=\"twitter:data2\" content=\"2 minutos\" \/>\n<script type=\"application\/ld+json\" class=\"yoast-schema-graph\">{\"@context\":\"https:\\\/\\\/schema.org\",\"@graph\":[{\"@type\":\"Article\",\"@id\":\"https:\\\/\\\/diariofemenino.com.ar\\\/df\\\/amicus-curiae-por-las-hermanas-jara\\\/#article\",\"isPartOf\":{\"@id\":\"https:\\\/\\\/diariofemenino.com.ar\\\/df\\\/amicus-curiae-por-las-hermanas-jara\\\/\"},\"author\":{\"name\":\"Admin\",\"@id\":\"https:\\\/\\\/diariofemenino.com.ar\\\/df\\\/#\\\/schema\\\/person\\\/38f54b3bfd13f561de2460ba95c169c6\"},\"headline\":\"Amicus Curiae por las hermanas Jara\",\"datePublished\":\"2013-02-27T15:11:35+00:00\",\"mainEntityOfPage\":{\"@id\":\"https:\\\/\\\/diariofemenino.com.ar\\\/df\\\/amicus-curiae-por-las-hermanas-jara\\\/\"},\"wordCount\":376,\"commentCount\":2,\"publisher\":{\"@id\":\"https:\\\/\\\/diariofemenino.com.ar\\\/df\\\/#organization\"},\"image\":{\"@id\":\"https:\\\/\\\/diariofemenino.com.ar\\\/df\\\/amicus-curiae-por-las-hermanas-jara\\\/#primaryimage\"},\"thumbnailUrl\":\"http:\\\/\\\/www.diariofemenino.com.ar\\\/wp-content\\\/uploads\\\/logoAAMCJ3.jpg\",\"articleSection\":[\"Medios\",\"Noticias\"],\"inLanguage\":\"es\",\"potentialAction\":[{\"@type\":\"CommentAction\",\"name\":\"Comment\",\"target\":[\"https:\\\/\\\/diariofemenino.com.ar\\\/df\\\/amicus-curiae-por-las-hermanas-jara\\\/#respond\"]}]},{\"@type\":\"WebPage\",\"@id\":\"https:\\\/\\\/diariofemenino.com.ar\\\/df\\\/amicus-curiae-por-las-hermanas-jara\\\/\",\"url\":\"https:\\\/\\\/diariofemenino.com.ar\\\/df\\\/amicus-curiae-por-las-hermanas-jara\\\/\",\"name\":\"Amicus Curiae por las hermanas Jara - Diario Digital Femenino\",\"isPartOf\":{\"@id\":\"https:\\\/\\\/diariofemenino.com.ar\\\/df\\\/#website\"},\"primaryImageOfPage\":{\"@id\":\"https:\\\/\\\/diariofemenino.com.ar\\\/df\\\/amicus-curiae-por-las-hermanas-jara\\\/#primaryimage\"},\"image\":{\"@id\":\"https:\\\/\\\/diariofemenino.com.ar\\\/df\\\/amicus-curiae-por-las-hermanas-jara\\\/#primaryimage\"},\"thumbnailUrl\":\"http:\\\/\\\/www.diariofemenino.com.ar\\\/wp-content\\\/uploads\\\/logoAAMCJ3.jpg\",\"datePublished\":\"2013-02-27T15:11:35+00:00\",\"breadcrumb\":{\"@id\":\"https:\\\/\\\/diariofemenino.com.ar\\\/df\\\/amicus-curiae-por-las-hermanas-jara\\\/#breadcrumb\"},\"inLanguage\":\"es\",\"potentialAction\":[{\"@type\":\"ReadAction\",\"target\":[\"https:\\\/\\\/diariofemenino.com.ar\\\/df\\\/amicus-curiae-por-las-hermanas-jara\\\/\"]}]},{\"@type\":\"ImageObject\",\"inLanguage\":\"es\",\"@id\":\"https:\\\/\\\/diariofemenino.com.ar\\\/df\\\/amicus-curiae-por-las-hermanas-jara\\\/#primaryimage\",\"url\":\"http:\\\/\\\/www.diariofemenino.com.ar\\\/wp-content\\\/uploads\\\/logoAAMCJ3.jpg\",\"contentUrl\":\"http:\\\/\\\/www.diariofemenino.com.ar\\\/wp-content\\\/uploads\\\/logoAAMCJ3.jpg\"},{\"@type\":\"BreadcrumbList\",\"@id\":\"https:\\\/\\\/diariofemenino.com.ar\\\/df\\\/amicus-curiae-por-las-hermanas-jara\\\/#breadcrumb\",\"itemListElement\":[{\"@type\":\"ListItem\",\"position\":1,\"name\":\"Portada\",\"item\":\"https:\\\/\\\/diariofemenino.com.ar\\\/df\\\/\"},{\"@type\":\"ListItem\",\"position\":2,\"name\":\"Amicus Curiae por las hermanas Jara\"}]},{\"@type\":\"WebSite\",\"@id\":\"https:\\\/\\\/diariofemenino.com.ar\\\/df\\\/#website\",\"url\":\"https:\\\/\\\/diariofemenino.com.ar\\\/df\\\/\",\"name\":\"Diario Digital Femenino\",\"description\":\"Cuesti\u00f3n de G\u00e9nero\",\"publisher\":{\"@id\":\"https:\\\/\\\/diariofemenino.com.ar\\\/df\\\/#organization\"},\"potentialAction\":[{\"@type\":\"SearchAction\",\"target\":{\"@type\":\"EntryPoint\",\"urlTemplate\":\"https:\\\/\\\/diariofemenino.com.ar\\\/df\\\/?s={search_term_string}\"},\"query-input\":{\"@type\":\"PropertyValueSpecification\",\"valueRequired\":true,\"valueName\":\"search_term_string\"}}],\"inLanguage\":\"es\"},{\"@type\":\"Organization\",\"@id\":\"https:\\\/\\\/diariofemenino.com.ar\\\/df\\\/#organization\",\"name\":\"Diario Femenino\",\"url\":\"https:\\\/\\\/diariofemenino.com.ar\\\/df\\\/\",\"logo\":{\"@type\":\"ImageObject\",\"inLanguage\":\"es\",\"@id\":\"https:\\\/\\\/diariofemenino.com.ar\\\/df\\\/#\\\/schema\\\/logo\\\/image\\\/\",\"url\":\"https:\\\/\\\/diariofemenino.com.ar\\\/df\\\/wp-content\\\/uploads\\\/2018\\\/10\\\/logo.png\",\"contentUrl\":\"https:\\\/\\\/diariofemenino.com.ar\\\/df\\\/wp-content\\\/uploads\\\/2018\\\/10\\\/logo.png\",\"width\":500,\"height\":92,\"caption\":\"Diario Femenino\"},\"image\":{\"@id\":\"https:\\\/\\\/diariofemenino.com.ar\\\/df\\\/#\\\/schema\\\/logo\\\/image\\\/\"},\"sameAs\":[\"https:\\\/\\\/www.facebook.com\\\/DiarioDigitaFemenino\\\/\",\"https:\\\/\\\/x.com\\\/DiarioFemenino1\"]},{\"@type\":\"Person\",\"@id\":\"https:\\\/\\\/diariofemenino.com.ar\\\/df\\\/#\\\/schema\\\/person\\\/38f54b3bfd13f561de2460ba95c169c6\",\"name\":\"Admin\",\"image\":{\"@type\":\"ImageObject\",\"inLanguage\":\"es\",\"@id\":\"https:\\\/\\\/diariofemenino.com.ar\\\/df\\\/wp-content\\\/uploads\\\/2018\\\/12\\\/favicon-150x150.jpg\",\"url\":\"https:\\\/\\\/diariofemenino.com.ar\\\/df\\\/wp-content\\\/uploads\\\/2018\\\/12\\\/favicon-150x150.jpg\",\"contentUrl\":\"https:\\\/\\\/diariofemenino.com.ar\\\/df\\\/wp-content\\\/uploads\\\/2018\\\/12\\\/favicon-150x150.jpg\",\"caption\":\"Admin\"},\"url\":\"https:\\\/\\\/diariofemenino.com.ar\\\/df\\\/author\\\/adm18df\\\/\"}]}<\/script>\n<!-- \/ Yoast SEO plugin. -->","yoast_head_json":{"title":"Amicus Curiae por las hermanas Jara - Diario Digital Femenino","robots":{"index":"index","follow":"follow","max-snippet":"max-snippet:-1","max-image-preview":"max-image-preview:large","max-video-preview":"max-video-preview:-1"},"canonical":"https:\/\/diariofemenino.com.ar\/df\/amicus-curiae-por-las-hermanas-jara\/","og_locale":"es_ES","og_type":"article","og_title":"Amicus Curiae por las hermanas Jara - Diario Digital Femenino","og_description":"&nbsp; &nbsp; &nbsp; &nbsp; Norma Graciela Chiapparrone y Soledad Deza son las firmantes y representantes de la Asociaci\u00f3n Argentina de Mujeres de Carreras Jur\u00eddicas al frente de la Federaci\u00f3n Internacional de Mujeres de Carreras Jur\u00eddicas, que en el d\u00eda de la fecha formalizaron la presentaci\u00f3n de un Amicus Curiae en la investigaci\u00f3n penal que lleva [&hellip;]","og_url":"https:\/\/diariofemenino.com.ar\/df\/amicus-curiae-por-las-hermanas-jara\/","og_site_name":"Diario Digital Femenino","article_publisher":"https:\/\/www.facebook.com\/DiarioDigitaFemenino\/","article_published_time":"2013-02-27T15:11:35+00:00","og_image":[{"url":"http:\/\/www.diariofemenino.com.ar\/wp-content\/uploads\/logoAAMCJ3.jpg","type":"","width":"","height":""}],"author":"Admin","twitter_card":"summary_large_image","twitter_creator":"@DiarioFemenino1","twitter_site":"@DiarioFemenino1","twitter_misc":{"Escrito por":"Admin","Tiempo de lectura":"2 minutos"},"schema":{"@context":"https:\/\/schema.org","@graph":[{"@type":"Article","@id":"https:\/\/diariofemenino.com.ar\/df\/amicus-curiae-por-las-hermanas-jara\/#article","isPartOf":{"@id":"https:\/\/diariofemenino.com.ar\/df\/amicus-curiae-por-las-hermanas-jara\/"},"author":{"name":"Admin","@id":"https:\/\/diariofemenino.com.ar\/df\/#\/schema\/person\/38f54b3bfd13f561de2460ba95c169c6"},"headline":"Amicus Curiae por las hermanas Jara","datePublished":"2013-02-27T15:11:35+00:00","mainEntityOfPage":{"@id":"https:\/\/diariofemenino.com.ar\/df\/amicus-curiae-por-las-hermanas-jara\/"},"wordCount":376,"commentCount":2,"publisher":{"@id":"https:\/\/diariofemenino.com.ar\/df\/#organization"},"image":{"@id":"https:\/\/diariofemenino.com.ar\/df\/amicus-curiae-por-las-hermanas-jara\/#primaryimage"},"thumbnailUrl":"http:\/\/www.diariofemenino.com.ar\/wp-content\/uploads\/logoAAMCJ3.jpg","articleSection":["Medios","Noticias"],"inLanguage":"es","potentialAction":[{"@type":"CommentAction","name":"Comment","target":["https:\/\/diariofemenino.com.ar\/df\/amicus-curiae-por-las-hermanas-jara\/#respond"]}]},{"@type":"WebPage","@id":"https:\/\/diariofemenino.com.ar\/df\/amicus-curiae-por-las-hermanas-jara\/","url":"https:\/\/diariofemenino.com.ar\/df\/amicus-curiae-por-las-hermanas-jara\/","name":"Amicus Curiae por las hermanas Jara - Diario Digital Femenino","isPartOf":{"@id":"https:\/\/diariofemenino.com.ar\/df\/#website"},"primaryImageOfPage":{"@id":"https:\/\/diariofemenino.com.ar\/df\/amicus-curiae-por-las-hermanas-jara\/#primaryimage"},"image":{"@id":"https:\/\/diariofemenino.com.ar\/df\/amicus-curiae-por-las-hermanas-jara\/#primaryimage"},"thumbnailUrl":"http:\/\/www.diariofemenino.com.ar\/wp-content\/uploads\/logoAAMCJ3.jpg","datePublished":"2013-02-27T15:11:35+00:00","breadcrumb":{"@id":"https:\/\/diariofemenino.com.ar\/df\/amicus-curiae-por-las-hermanas-jara\/#breadcrumb"},"inLanguage":"es","potentialAction":[{"@type":"ReadAction","target":["https:\/\/diariofemenino.com.ar\/df\/amicus-curiae-por-las-hermanas-jara\/"]}]},{"@type":"ImageObject","inLanguage":"es","@id":"https:\/\/diariofemenino.com.ar\/df\/amicus-curiae-por-las-hermanas-jara\/#primaryimage","url":"http:\/\/www.diariofemenino.com.ar\/wp-content\/uploads\/logoAAMCJ3.jpg","contentUrl":"http:\/\/www.diariofemenino.com.ar\/wp-content\/uploads\/logoAAMCJ3.jpg"},{"@type":"BreadcrumbList","@id":"https:\/\/diariofemenino.com.ar\/df\/amicus-curiae-por-las-hermanas-jara\/#breadcrumb","itemListElement":[{"@type":"ListItem","position":1,"name":"Portada","item":"https:\/\/diariofemenino.com.ar\/df\/"},{"@type":"ListItem","position":2,"name":"Amicus Curiae por las hermanas Jara"}]},{"@type":"WebSite","@id":"https:\/\/diariofemenino.com.ar\/df\/#website","url":"https:\/\/diariofemenino.com.ar\/df\/","name":"Diario Digital Femenino","description":"Cuesti\u00f3n de G\u00e9nero","publisher":{"@id":"https:\/\/diariofemenino.com.ar\/df\/#organization"},"potentialAction":[{"@type":"SearchAction","target":{"@type":"EntryPoint","urlTemplate":"https:\/\/diariofemenino.com.ar\/df\/?s={search_term_string}"},"query-input":{"@type":"PropertyValueSpecification","valueRequired":true,"valueName":"search_term_string"}}],"inLanguage":"es"},{"@type":"Organization","@id":"https:\/\/diariofemenino.com.ar\/df\/#organization","name":"Diario Femenino","url":"https:\/\/diariofemenino.com.ar\/df\/","logo":{"@type":"ImageObject","inLanguage":"es","@id":"https:\/\/diariofemenino.com.ar\/df\/#\/schema\/logo\/image\/","url":"https:\/\/diariofemenino.com.ar\/df\/wp-content\/uploads\/2018\/10\/logo.png","contentUrl":"https:\/\/diariofemenino.com.ar\/df\/wp-content\/uploads\/2018\/10\/logo.png","width":500,"height":92,"caption":"Diario Femenino"},"image":{"@id":"https:\/\/diariofemenino.com.ar\/df\/#\/schema\/logo\/image\/"},"sameAs":["https:\/\/www.facebook.com\/DiarioDigitaFemenino\/","https:\/\/x.com\/DiarioFemenino1"]},{"@type":"Person","@id":"https:\/\/diariofemenino.com.ar\/df\/#\/schema\/person\/38f54b3bfd13f561de2460ba95c169c6","name":"Admin","image":{"@type":"ImageObject","inLanguage":"es","@id":"https:\/\/diariofemenino.com.ar\/df\/wp-content\/uploads\/2018\/12\/favicon-150x150.jpg","url":"https:\/\/diariofemenino.com.ar\/df\/wp-content\/uploads\/2018\/12\/favicon-150x150.jpg","contentUrl":"https:\/\/diariofemenino.com.ar\/df\/wp-content\/uploads\/2018\/12\/favicon-150x150.jpg","caption":"Admin"},"url":"https:\/\/diariofemenino.com.ar\/df\/author\/adm18df\/"}]}},"jetpack_featured_media_url":"","jetpack_sharing_enabled":true,"rttpg_featured_image_url":null,"rttpg_author":{"display_name":"Admin","author_link":"https:\/\/diariofemenino.com.ar\/df\/author\/adm18df\/"},"rttpg_comment":1,"rttpg_category":"<a href=\"https:\/\/diariofemenino.com.ar\/df\/category\/medios\/\" rel=\"category tag\">Medios<\/a> <a href=\"https:\/\/diariofemenino.com.ar\/df\/category\/noticias\/\" rel=\"category tag\">Noticias<\/a>","rttpg_excerpt":"&nbsp; &nbsp; &nbsp; &nbsp; Norma Graciela Chiapparrone y Soledad Deza son las firmantes y representantes de la Asociaci\u00f3n Argentina de Mujeres de Carreras Jur\u00eddicas al frente de la Federaci\u00f3n Internacional de Mujeres de Carreras Jur\u00eddicas, que en el d\u00eda de la fecha formalizaron la presentaci\u00f3n de un Amicus Curiae en la investigaci\u00f3n penal que lleva&hellip;","_links":{"self":[{"href":"https:\/\/diariofemenino.com.ar\/df\/wp-json\/wp\/v2\/posts\/5692","targetHints":{"allow":["GET"]}}],"collection":[{"href":"https:\/\/diariofemenino.com.ar\/df\/wp-json\/wp\/v2\/posts"}],"about":[{"href":"https:\/\/diariofemenino.com.ar\/df\/wp-json\/wp\/v2\/types\/post"}],"author":[{"embeddable":true,"href":"https:\/\/diariofemenino.com.ar\/df\/wp-json\/wp\/v2\/users\/1"}],"replies":[{"embeddable":true,"href":"https:\/\/diariofemenino.com.ar\/df\/wp-json\/wp\/v2\/comments?post=5692"}],"version-history":[{"count":0,"href":"https:\/\/diariofemenino.com.ar\/df\/wp-json\/wp\/v2\/posts\/5692\/revisions"}],"wp:attachment":[{"href":"https:\/\/diariofemenino.com.ar\/df\/wp-json\/wp\/v2\/media?parent=5692"}],"wp:term":[{"taxonomy":"category","embeddable":true,"href":"https:\/\/diariofemenino.com.ar\/df\/wp-json\/wp\/v2\/categories?post=5692"},{"taxonomy":"post_tag","embeddable":true,"href":"https:\/\/diariofemenino.com.ar\/df\/wp-json\/wp\/v2\/tags?post=5692"}],"curies":[{"name":"wp","href":"https:\/\/api.w.org\/{rel}","templated":true}]}}