{"id":5684,"date":"2013-02-26T21:04:39","date_gmt":"2013-02-27T00:04:39","guid":{"rendered":"http:\/\/www.diariofemenino.com.ar\/?p=5684"},"modified":"2013-02-26T21:04:39","modified_gmt":"2013-02-27T00:04:39","slug":"genero-y-equidad-segunda-reunion-por-una-agenda-comun","status":"publish","type":"post","link":"https:\/\/diariofemenino.com.ar\/df\/genero-y-equidad-segunda-reunion-por-una-agenda-comun\/","title":{"rendered":"G\u00e9nero y equidad: Segunda reuni\u00f3n por una agenda com\u00fan"},"content":{"rendered":"<p>&nbsp;<br \/>\n&nbsp;<br \/>\n&nbsp;<br \/>\n<strong><\/strong><br \/>\n<a href=\"http:\/\/www.diariofemenino.com.ar\/wp-content\/uploads\/Reuni+\u00a6n1.jpg\"><img loading=\"lazy\" decoding=\"async\" class=\"alignnone size-full wp-image-5686\" title=\"Reuni+\u00a6n\" src=\"http:\/\/www.diariofemenino.com.ar\/wp-content\/uploads\/Reuni+\u00a6n1.jpg\" alt=\"\" width=\"500\" height=\"328\" \/><\/a><br \/>\nNorma Durango encabez\u00f3 en la Sala de la Memoria de la Legislatura el encuentro al que asistieron representantes de: Unidad funcional de g\u00e9nero, Movimiento de mujeres de General Pico, Secretar\u00eda de desarrollo social de Santa Rosa, Grupo por los derechos de las mujeres, Desayunador de Villa Germinal, Grupo Tamboras, Foro Pampeano por\u00a0 el derecho al aborto seguro legal y gratuito, Mujeres por la solidaridad, Grupo de Victorica, Consejo de la mujer, Centro de capacitaci\u00f3n del \u00a0Poder Judicial, Fundaci\u00f3n Ayud\u00e1ndonos, Biblioteca Teresa P\u00e9rez, Derechos sociales y Pol\u00edticas de g\u00e9nero de la Municipalidad de Santa Rosa, Instituto superior Policial; UNLPam, Red de mujeres, INADI y el Ministerio de Educaci\u00f3n.<br \/>\nEn una reuni\u00f3n que se extendi\u00f3 por alrededor de tres horas, las y los representantes de los organismos e instituciones comprometidos con los derechos de las mujeres y la equidad de g\u00e9nero avanzaron en propuestas de capacitaci\u00f3n y tareas de sensibilizaci\u00f3n para y con la comunidad, las que se ver\u00e1n concretadas de manera conjunta, consensuadas y articuladas durante el presente a\u00f1o.<\/p>\n<p style=\"text-align: left;\" align=\"center\">De este modo, se dio continuidad a la convocatoria que en diciembre del pasado a\u00f1o realizara Durango con la finalidad de articular la tarea para la realizaci\u00f3n de actividades tendientes a sensibilizar, capacitar y discutir abordajes y pol\u00edticas sobre violencia e igualdad de derechos con perspectiva de g\u00e9nero.<\/p>\n<p>Durango expres\u00f3 que \u201cvisibilizar, sensibilizar y capacitar ha sido posible el a\u00f1o pasado a partir de la realizaci\u00f3n de una tarea importante y comprometida, pero podemos hacer m\u00e1s. \u00a0Estoy convencida, como ya he dicho, en la necesidad de trabajar en conjunto, unidas y unidos tras objetivos comunes. La causa es demasiado importante y compleja como para creer que alguien podr\u00e1 sola o solo conseguir el cambio, por lo que las y los invito a concertar y organizar una agenda com\u00fan de trabajo para el a\u00f1o 2013\u201d se\u00f1al\u00f3.<br \/>\nEn los pr\u00f3ximos d\u00edas se dar\u00e1 a conocer la primera parte de la agenda acordada, que prev\u00e9 capacitaciones p\u00fablicas y especificas sobre Violencia, Masculinidades, Derechos sexuales y reproductivos, Trata de personas, G\u00e9nero e identidades, acceso a la justicia, abordajes transversales, etc.<br \/>\nLa pr\u00f3xima reuni\u00f3n multisectorial tendr\u00e1 lugar el lunes 8 de abril a las 18 horas en la Legislatura.<br \/>\n&nbsp;<br \/>\n&nbsp;<\/p>\n","protected":false},"excerpt":{"rendered":"<p>&nbsp; &nbsp; &nbsp; Norma Durango encabez\u00f3 en la Sala de la Memoria de la Legislatura el encuentro al que asistieron representantes de: Unidad funcional de g\u00e9nero, Movimiento de mujeres de General Pico, Secretar\u00eda de desarrollo social de Santa Rosa, Grupo por los derechos de las mujeres, Desayunador de Villa Germinal, Grupo Tamboras, Foro Pampeano por\u00a0 [&hellip;]<\/p>\n","protected":false},"author":1,"featured_media":5688,"comment_status":"open","ping_status":"open","sticky":false,"template":"","format":"standard","meta":{"iawp_total_views":0,"footnotes":""},"categories":[4,21],"tags":[],"class_list":["post-5684","post","type-post","status-publish","format-standard","has-post-thumbnail","hentry","category-medios","category-noticias"],"nelio_content":{"autoShareEndMode":"never","automationSources":{"useCustomSentences":false,"customSentences":[]},"efiAlt":"","efiUrl":"","followers":[],"highlights":[],"isAutoShareEnabled":true,"networkImageIds":[],"permalinkQueryArgs":[],"series":[],"suggestedReferences":[]},"yoast_head":"<!-- This site is optimized with the Yoast SEO plugin v27.4 - https:\/\/yoast.com\/product\/yoast-seo-wordpress\/ -->\n<title>G\u00e9nero y equidad: Segunda reuni\u00f3n por una agenda com\u00fan - Diario Digital Femenino<\/title>\n<meta name=\"robots\" content=\"index, follow, max-snippet:-1, max-image-preview:large, max-video-preview:-1\" \/>\n<link rel=\"canonical\" href=\"https:\/\/diariofemenino.com.ar\/df\/genero-y-equidad-segunda-reunion-por-una-agenda-comun\/\" \/>\n<meta property=\"og:locale\" content=\"es_ES\" \/>\n<meta property=\"og:type\" content=\"article\" \/>\n<meta property=\"og:title\" content=\"G\u00e9nero y equidad: Segunda reuni\u00f3n por una agenda com\u00fan - Diario Digital Femenino\" \/>\n<meta property=\"og:description\" content=\"&nbsp; &nbsp; &nbsp; Norma Durango encabez\u00f3 en la Sala de la Memoria de la Legislatura el encuentro al que asistieron representantes de: Unidad funcional de g\u00e9nero, Movimiento de mujeres de General Pico, Secretar\u00eda de desarrollo social de Santa Rosa, Grupo por los derechos de las mujeres, Desayunador de Villa Germinal, Grupo Tamboras, Foro Pampeano por\u00a0 [&hellip;]\" \/>\n<meta property=\"og:url\" content=\"https:\/\/diariofemenino.com.ar\/df\/genero-y-equidad-segunda-reunion-por-una-agenda-comun\/\" \/>\n<meta property=\"og:site_name\" content=\"Diario Digital Femenino\" \/>\n<meta property=\"article:publisher\" content=\"https:\/\/www.facebook.com\/DiarioDigitaFemenino\/\" \/>\n<meta property=\"article:published_time\" content=\"2013-02-27T00:04:39+00:00\" \/>\n<meta property=\"og:image\" content=\"https:\/\/diariofemenino.com.ar\/df\/wp-content\/uploads\/2016\/10\/logo-negro.png\" \/>\n\t<meta property=\"og:image:width\" content=\"855\" \/>\n\t<meta property=\"og:image:height\" content=\"319\" \/>\n\t<meta property=\"og:image:type\" content=\"image\/png\" \/>\n<meta name=\"author\" content=\"Admin\" \/>\n<meta name=\"twitter:card\" content=\"summary_large_image\" \/>\n<meta name=\"twitter:creator\" content=\"@DiarioFemenino1\" \/>\n<meta name=\"twitter:site\" content=\"@DiarioFemenino1\" \/>\n<meta name=\"twitter:label1\" content=\"Escrito por\" \/>\n\t<meta name=\"twitter:data1\" content=\"Admin\" \/>\n\t<meta name=\"twitter:label2\" content=\"Tiempo de lectura\" \/>\n\t<meta name=\"twitter:data2\" content=\"2 minutos\" \/>\n<script type=\"application\/ld+json\" class=\"yoast-schema-graph\">{\"@context\":\"https:\\\/\\\/schema.org\",\"@graph\":[{\"@type\":\"Article\",\"@id\":\"https:\\\/\\\/diariofemenino.com.ar\\\/df\\\/genero-y-equidad-segunda-reunion-por-una-agenda-comun\\\/#article\",\"isPartOf\":{\"@id\":\"https:\\\/\\\/diariofemenino.com.ar\\\/df\\\/genero-y-equidad-segunda-reunion-por-una-agenda-comun\\\/\"},\"author\":{\"name\":\"Admin\",\"@id\":\"https:\\\/\\\/diariofemenino.com.ar\\\/df\\\/#\\\/schema\\\/person\\\/38f54b3bfd13f561de2460ba95c169c6\"},\"headline\":\"G\u00e9nero y equidad: Segunda reuni\u00f3n por una agenda com\u00fan\",\"datePublished\":\"2013-02-27T00:04:39+00:00\",\"mainEntityOfPage\":{\"@id\":\"https:\\\/\\\/diariofemenino.com.ar\\\/df\\\/genero-y-equidad-segunda-reunion-por-una-agenda-comun\\\/\"},\"wordCount\":407,\"commentCount\":0,\"publisher\":{\"@id\":\"https:\\\/\\\/diariofemenino.com.ar\\\/df\\\/#organization\"},\"image\":{\"@id\":\"https:\\\/\\\/diariofemenino.com.ar\\\/df\\\/genero-y-equidad-segunda-reunion-por-una-agenda-comun\\\/#primaryimage\"},\"thumbnailUrl\":\"\",\"articleSection\":[\"Medios\",\"Noticias\"],\"inLanguage\":\"es\",\"potentialAction\":[{\"@type\":\"CommentAction\",\"name\":\"Comment\",\"target\":[\"https:\\\/\\\/diariofemenino.com.ar\\\/df\\\/genero-y-equidad-segunda-reunion-por-una-agenda-comun\\\/#respond\"]}]},{\"@type\":\"WebPage\",\"@id\":\"https:\\\/\\\/diariofemenino.com.ar\\\/df\\\/genero-y-equidad-segunda-reunion-por-una-agenda-comun\\\/\",\"url\":\"https:\\\/\\\/diariofemenino.com.ar\\\/df\\\/genero-y-equidad-segunda-reunion-por-una-agenda-comun\\\/\",\"name\":\"G\u00e9nero y equidad: Segunda reuni\u00f3n por una agenda com\u00fan - Diario Digital Femenino\",\"isPartOf\":{\"@id\":\"https:\\\/\\\/diariofemenino.com.ar\\\/df\\\/#website\"},\"primaryImageOfPage\":{\"@id\":\"https:\\\/\\\/diariofemenino.com.ar\\\/df\\\/genero-y-equidad-segunda-reunion-por-una-agenda-comun\\\/#primaryimage\"},\"image\":{\"@id\":\"https:\\\/\\\/diariofemenino.com.ar\\\/df\\\/genero-y-equidad-segunda-reunion-por-una-agenda-comun\\\/#primaryimage\"},\"thumbnailUrl\":\"\",\"datePublished\":\"2013-02-27T00:04:39+00:00\",\"breadcrumb\":{\"@id\":\"https:\\\/\\\/diariofemenino.com.ar\\\/df\\\/genero-y-equidad-segunda-reunion-por-una-agenda-comun\\\/#breadcrumb\"},\"inLanguage\":\"es\",\"potentialAction\":[{\"@type\":\"ReadAction\",\"target\":[\"https:\\\/\\\/diariofemenino.com.ar\\\/df\\\/genero-y-equidad-segunda-reunion-por-una-agenda-comun\\\/\"]}]},{\"@type\":\"ImageObject\",\"inLanguage\":\"es\",\"@id\":\"https:\\\/\\\/diariofemenino.com.ar\\\/df\\\/genero-y-equidad-segunda-reunion-por-una-agenda-comun\\\/#primaryimage\",\"url\":\"\",\"contentUrl\":\"\"},{\"@type\":\"BreadcrumbList\",\"@id\":\"https:\\\/\\\/diariofemenino.com.ar\\\/df\\\/genero-y-equidad-segunda-reunion-por-una-agenda-comun\\\/#breadcrumb\",\"itemListElement\":[{\"@type\":\"ListItem\",\"position\":1,\"name\":\"Portada\",\"item\":\"https:\\\/\\\/diariofemenino.com.ar\\\/df\\\/\"},{\"@type\":\"ListItem\",\"position\":2,\"name\":\"G\u00e9nero y equidad: Segunda reuni\u00f3n por una agenda com\u00fan\"}]},{\"@type\":\"WebSite\",\"@id\":\"https:\\\/\\\/diariofemenino.com.ar\\\/df\\\/#website\",\"url\":\"https:\\\/\\\/diariofemenino.com.ar\\\/df\\\/\",\"name\":\"Diario Digital Femenino\",\"description\":\"Cuesti\u00f3n de G\u00e9nero\",\"publisher\":{\"@id\":\"https:\\\/\\\/diariofemenino.com.ar\\\/df\\\/#organization\"},\"potentialAction\":[{\"@type\":\"SearchAction\",\"target\":{\"@type\":\"EntryPoint\",\"urlTemplate\":\"https:\\\/\\\/diariofemenino.com.ar\\\/df\\\/?s={search_term_string}\"},\"query-input\":{\"@type\":\"PropertyValueSpecification\",\"valueRequired\":true,\"valueName\":\"search_term_string\"}}],\"inLanguage\":\"es\"},{\"@type\":\"Organization\",\"@id\":\"https:\\\/\\\/diariofemenino.com.ar\\\/df\\\/#organization\",\"name\":\"Diario Femenino\",\"url\":\"https:\\\/\\\/diariofemenino.com.ar\\\/df\\\/\",\"logo\":{\"@type\":\"ImageObject\",\"inLanguage\":\"es\",\"@id\":\"https:\\\/\\\/diariofemenino.com.ar\\\/df\\\/#\\\/schema\\\/logo\\\/image\\\/\",\"url\":\"https:\\\/\\\/diariofemenino.com.ar\\\/df\\\/wp-content\\\/uploads\\\/2018\\\/10\\\/logo.png\",\"contentUrl\":\"https:\\\/\\\/diariofemenino.com.ar\\\/df\\\/wp-content\\\/uploads\\\/2018\\\/10\\\/logo.png\",\"width\":500,\"height\":92,\"caption\":\"Diario Femenino\"},\"image\":{\"@id\":\"https:\\\/\\\/diariofemenino.com.ar\\\/df\\\/#\\\/schema\\\/logo\\\/image\\\/\"},\"sameAs\":[\"https:\\\/\\\/www.facebook.com\\\/DiarioDigitaFemenino\\\/\",\"https:\\\/\\\/x.com\\\/DiarioFemenino1\"]},{\"@type\":\"Person\",\"@id\":\"https:\\\/\\\/diariofemenino.com.ar\\\/df\\\/#\\\/schema\\\/person\\\/38f54b3bfd13f561de2460ba95c169c6\",\"name\":\"Admin\",\"image\":{\"@type\":\"ImageObject\",\"inLanguage\":\"es\",\"@id\":\"https:\\\/\\\/diariofemenino.com.ar\\\/df\\\/wp-content\\\/uploads\\\/2018\\\/12\\\/favicon-150x150.jpg\",\"url\":\"https:\\\/\\\/diariofemenino.com.ar\\\/df\\\/wp-content\\\/uploads\\\/2018\\\/12\\\/favicon-150x150.jpg\",\"contentUrl\":\"https:\\\/\\\/diariofemenino.com.ar\\\/df\\\/wp-content\\\/uploads\\\/2018\\\/12\\\/favicon-150x150.jpg\",\"caption\":\"Admin\"},\"url\":\"https:\\\/\\\/diariofemenino.com.ar\\\/df\\\/author\\\/adm18df\\\/\"}]}<\/script>\n<!-- \/ Yoast SEO plugin. -->","yoast_head_json":{"title":"G\u00e9nero y equidad: Segunda reuni\u00f3n por una agenda com\u00fan - Diario Digital Femenino","robots":{"index":"index","follow":"follow","max-snippet":"max-snippet:-1","max-image-preview":"max-image-preview:large","max-video-preview":"max-video-preview:-1"},"canonical":"https:\/\/diariofemenino.com.ar\/df\/genero-y-equidad-segunda-reunion-por-una-agenda-comun\/","og_locale":"es_ES","og_type":"article","og_title":"G\u00e9nero y equidad: Segunda reuni\u00f3n por una agenda com\u00fan - Diario Digital Femenino","og_description":"&nbsp; &nbsp; &nbsp; Norma Durango encabez\u00f3 en la Sala de la Memoria de la Legislatura el encuentro al que asistieron representantes de: Unidad funcional de g\u00e9nero, Movimiento de mujeres de General Pico, Secretar\u00eda de desarrollo social de Santa Rosa, Grupo por los derechos de las mujeres, Desayunador de Villa Germinal, Grupo Tamboras, Foro Pampeano por\u00a0 [&hellip;]","og_url":"https:\/\/diariofemenino.com.ar\/df\/genero-y-equidad-segunda-reunion-por-una-agenda-comun\/","og_site_name":"Diario Digital Femenino","article_publisher":"https:\/\/www.facebook.com\/DiarioDigitaFemenino\/","article_published_time":"2013-02-27T00:04:39+00:00","og_image":[{"width":855,"height":319,"url":"https:\/\/diariofemenino.com.ar\/df\/wp-content\/uploads\/2016\/10\/logo-negro.png","type":"image\/png"}],"author":"Admin","twitter_card":"summary_large_image","twitter_creator":"@DiarioFemenino1","twitter_site":"@DiarioFemenino1","twitter_misc":{"Escrito por":"Admin","Tiempo de lectura":"2 minutos"},"schema":{"@context":"https:\/\/schema.org","@graph":[{"@type":"Article","@id":"https:\/\/diariofemenino.com.ar\/df\/genero-y-equidad-segunda-reunion-por-una-agenda-comun\/#article","isPartOf":{"@id":"https:\/\/diariofemenino.com.ar\/df\/genero-y-equidad-segunda-reunion-por-una-agenda-comun\/"},"author":{"name":"Admin","@id":"https:\/\/diariofemenino.com.ar\/df\/#\/schema\/person\/38f54b3bfd13f561de2460ba95c169c6"},"headline":"G\u00e9nero y equidad: Segunda reuni\u00f3n por una agenda com\u00fan","datePublished":"2013-02-27T00:04:39+00:00","mainEntityOfPage":{"@id":"https:\/\/diariofemenino.com.ar\/df\/genero-y-equidad-segunda-reunion-por-una-agenda-comun\/"},"wordCount":407,"commentCount":0,"publisher":{"@id":"https:\/\/diariofemenino.com.ar\/df\/#organization"},"image":{"@id":"https:\/\/diariofemenino.com.ar\/df\/genero-y-equidad-segunda-reunion-por-una-agenda-comun\/#primaryimage"},"thumbnailUrl":"","articleSection":["Medios","Noticias"],"inLanguage":"es","potentialAction":[{"@type":"CommentAction","name":"Comment","target":["https:\/\/diariofemenino.com.ar\/df\/genero-y-equidad-segunda-reunion-por-una-agenda-comun\/#respond"]}]},{"@type":"WebPage","@id":"https:\/\/diariofemenino.com.ar\/df\/genero-y-equidad-segunda-reunion-por-una-agenda-comun\/","url":"https:\/\/diariofemenino.com.ar\/df\/genero-y-equidad-segunda-reunion-por-una-agenda-comun\/","name":"G\u00e9nero y equidad: Segunda reuni\u00f3n por una agenda com\u00fan - Diario Digital Femenino","isPartOf":{"@id":"https:\/\/diariofemenino.com.ar\/df\/#website"},"primaryImageOfPage":{"@id":"https:\/\/diariofemenino.com.ar\/df\/genero-y-equidad-segunda-reunion-por-una-agenda-comun\/#primaryimage"},"image":{"@id":"https:\/\/diariofemenino.com.ar\/df\/genero-y-equidad-segunda-reunion-por-una-agenda-comun\/#primaryimage"},"thumbnailUrl":"","datePublished":"2013-02-27T00:04:39+00:00","breadcrumb":{"@id":"https:\/\/diariofemenino.com.ar\/df\/genero-y-equidad-segunda-reunion-por-una-agenda-comun\/#breadcrumb"},"inLanguage":"es","potentialAction":[{"@type":"ReadAction","target":["https:\/\/diariofemenino.com.ar\/df\/genero-y-equidad-segunda-reunion-por-una-agenda-comun\/"]}]},{"@type":"ImageObject","inLanguage":"es","@id":"https:\/\/diariofemenino.com.ar\/df\/genero-y-equidad-segunda-reunion-por-una-agenda-comun\/#primaryimage","url":"","contentUrl":""},{"@type":"BreadcrumbList","@id":"https:\/\/diariofemenino.com.ar\/df\/genero-y-equidad-segunda-reunion-por-una-agenda-comun\/#breadcrumb","itemListElement":[{"@type":"ListItem","position":1,"name":"Portada","item":"https:\/\/diariofemenino.com.ar\/df\/"},{"@type":"ListItem","position":2,"name":"G\u00e9nero y equidad: Segunda reuni\u00f3n por una agenda com\u00fan"}]},{"@type":"WebSite","@id":"https:\/\/diariofemenino.com.ar\/df\/#website","url":"https:\/\/diariofemenino.com.ar\/df\/","name":"Diario Digital Femenino","description":"Cuesti\u00f3n de G\u00e9nero","publisher":{"@id":"https:\/\/diariofemenino.com.ar\/df\/#organization"},"potentialAction":[{"@type":"SearchAction","target":{"@type":"EntryPoint","urlTemplate":"https:\/\/diariofemenino.com.ar\/df\/?s={search_term_string}"},"query-input":{"@type":"PropertyValueSpecification","valueRequired":true,"valueName":"search_term_string"}}],"inLanguage":"es"},{"@type":"Organization","@id":"https:\/\/diariofemenino.com.ar\/df\/#organization","name":"Diario Femenino","url":"https:\/\/diariofemenino.com.ar\/df\/","logo":{"@type":"ImageObject","inLanguage":"es","@id":"https:\/\/diariofemenino.com.ar\/df\/#\/schema\/logo\/image\/","url":"https:\/\/diariofemenino.com.ar\/df\/wp-content\/uploads\/2018\/10\/logo.png","contentUrl":"https:\/\/diariofemenino.com.ar\/df\/wp-content\/uploads\/2018\/10\/logo.png","width":500,"height":92,"caption":"Diario Femenino"},"image":{"@id":"https:\/\/diariofemenino.com.ar\/df\/#\/schema\/logo\/image\/"},"sameAs":["https:\/\/www.facebook.com\/DiarioDigitaFemenino\/","https:\/\/x.com\/DiarioFemenino1"]},{"@type":"Person","@id":"https:\/\/diariofemenino.com.ar\/df\/#\/schema\/person\/38f54b3bfd13f561de2460ba95c169c6","name":"Admin","image":{"@type":"ImageObject","inLanguage":"es","@id":"https:\/\/diariofemenino.com.ar\/df\/wp-content\/uploads\/2018\/12\/favicon-150x150.jpg","url":"https:\/\/diariofemenino.com.ar\/df\/wp-content\/uploads\/2018\/12\/favicon-150x150.jpg","contentUrl":"https:\/\/diariofemenino.com.ar\/df\/wp-content\/uploads\/2018\/12\/favicon-150x150.jpg","caption":"Admin"},"url":"https:\/\/diariofemenino.com.ar\/df\/author\/adm18df\/"}]}},"jetpack_featured_media_url":"","jetpack_sharing_enabled":true,"rttpg_featured_image_url":null,"rttpg_author":{"display_name":"Admin","author_link":"https:\/\/diariofemenino.com.ar\/df\/author\/adm18df\/"},"rttpg_comment":0,"rttpg_category":"<a href=\"https:\/\/diariofemenino.com.ar\/df\/category\/medios\/\" rel=\"category tag\">Medios<\/a> <a href=\"https:\/\/diariofemenino.com.ar\/df\/category\/noticias\/\" rel=\"category tag\">Noticias<\/a>","rttpg_excerpt":"&nbsp; &nbsp; &nbsp; Norma Durango encabez\u00f3 en la Sala de la Memoria de la Legislatura el encuentro al que asistieron representantes de: Unidad funcional de g\u00e9nero, Movimiento de mujeres de General Pico, Secretar\u00eda de desarrollo social de Santa Rosa, Grupo por los derechos de las mujeres, Desayunador de Villa Germinal, Grupo Tamboras, Foro Pampeano por\u00a0&hellip;","_links":{"self":[{"href":"https:\/\/diariofemenino.com.ar\/df\/wp-json\/wp\/v2\/posts\/5684","targetHints":{"allow":["GET"]}}],"collection":[{"href":"https:\/\/diariofemenino.com.ar\/df\/wp-json\/wp\/v2\/posts"}],"about":[{"href":"https:\/\/diariofemenino.com.ar\/df\/wp-json\/wp\/v2\/types\/post"}],"author":[{"embeddable":true,"href":"https:\/\/diariofemenino.com.ar\/df\/wp-json\/wp\/v2\/users\/1"}],"replies":[{"embeddable":true,"href":"https:\/\/diariofemenino.com.ar\/df\/wp-json\/wp\/v2\/comments?post=5684"}],"version-history":[{"count":0,"href":"https:\/\/diariofemenino.com.ar\/df\/wp-json\/wp\/v2\/posts\/5684\/revisions"}],"wp:featuredmedia":[{"embeddable":true,"href":"https:\/\/diariofemenino.com.ar\/df\/wp-json\/"}],"wp:attachment":[{"href":"https:\/\/diariofemenino.com.ar\/df\/wp-json\/wp\/v2\/media?parent=5684"}],"wp:term":[{"taxonomy":"category","embeddable":true,"href":"https:\/\/diariofemenino.com.ar\/df\/wp-json\/wp\/v2\/categories?post=5684"},{"taxonomy":"post_tag","embeddable":true,"href":"https:\/\/diariofemenino.com.ar\/df\/wp-json\/wp\/v2\/tags?post=5684"}],"curies":[{"name":"wp","href":"https:\/\/api.w.org\/{rel}","templated":true}]}}