{"id":5675,"date":"2013-02-26T14:26:10","date_gmt":"2013-02-26T17:26:10","guid":{"rendered":"http:\/\/www.diariofemenino.com.ar\/?p=5675"},"modified":"2013-02-26T14:26:10","modified_gmt":"2013-02-26T17:26:10","slug":"en-mar-del-plata-vigilia-cultural-esperando-el-8-de-marzo","status":"publish","type":"post","link":"https:\/\/diariofemenino.com.ar\/df\/en-mar-del-plata-vigilia-cultural-esperando-el-8-de-marzo\/","title":{"rendered":"En Mar del Plata: Vigilia Cultural esperando el 8 de marzo"},"content":{"rendered":"<p>&nbsp;<br \/>\n&nbsp;<br \/>\n&nbsp;<br \/>\n&nbsp;<br \/>\n<a href=\"http:\/\/www.diariofemenino.com.ar\/wp-content\/uploads\/afiche-mumala1.jpg\"><img loading=\"lazy\" decoding=\"async\" class=\"alignnone size-full wp-image-5679\" title=\"afiche mumala\" src=\"http:\/\/www.diariofemenino.com.ar\/wp-content\/uploads\/afiche-mumala1.jpg\" alt=\"\" width=\"576\" height=\"461\" \/><\/a><br \/>\nVen\u00ed a compartir la vigilia cultural el d\u00eda 7 de marzo, para esperar juntxs el D\u00eda Internacional de la Mujer. Contaremos con la presencia de diversos artistas de Mar\u00a0 del Plata y la zona:<br \/>\n-MURGA LA MISERIA ES ILEGAL<br \/>\n-LORENA PACHECO (PINTURA)<br \/>\n-MUDA ROCK<br \/>\n-ANA T. ALVAREZ, UNIPERSONAL \u00abUNA VERDAD\u00bb. DIRECCI\u00d3N: MARCELO CA\u00d1ETE<br \/>\n-FLORENCIA COSENTINO, M\u00daSICA LATINOAMERICANA Y FOLKLORE.<br \/>\n-\u00abSAB\u00cdA QUE ESTABAS AH\u00cd\u00bb DANZA CONTEMPOR\u00c1NEA<br \/>\n-SABRINA SPADARI (ARTISTA PL\u00c1STICA)<br \/>\n&nbsp;<br \/>\nFuente: Vanina Nielsen<\/p>\n","protected":false},"excerpt":{"rendered":"<p>&nbsp; &nbsp; &nbsp; &nbsp; Ven\u00ed a compartir la vigilia cultural el d\u00eda 7 de marzo, para esperar juntxs el D\u00eda Internacional de la Mujer. Contaremos con la presencia de diversos artistas de Mar\u00a0 del Plata y la zona: -MURGA LA MISERIA ES ILEGAL -LORENA PACHECO (PINTURA) -MUDA ROCK -ANA T. ALVAREZ, UNIPERSONAL \u00abUNA VERDAD\u00bb. DIRECCI\u00d3N: [&hellip;]<\/p>\n","protected":false},"author":1,"featured_media":0,"comment_status":"open","ping_status":"open","sticky":false,"template":"","format":"standard","meta":{"iawp_total_views":2,"footnotes":""},"categories":[7,4],"tags":[],"class_list":["post-5675","post","type-post","status-publish","format-standard","hentry","category-actividades","category-medios"],"nelio_content":{"autoShareEndMode":"never","automationSources":{"useCustomSentences":false,"customSentences":[]},"efiAlt":"","efiUrl":"","followers":[],"highlights":[],"isAutoShareEnabled":true,"networkImageIds":[],"permalinkQueryArgs":[],"series":[],"suggestedReferences":[]},"yoast_head":"<!-- This site is optimized with the Yoast SEO plugin v27.4 - https:\/\/yoast.com\/product\/yoast-seo-wordpress\/ -->\n<title>En Mar del Plata: Vigilia Cultural esperando el 8 de marzo - Diario Digital Femenino<\/title>\n<meta name=\"robots\" content=\"index, follow, max-snippet:-1, max-image-preview:large, max-video-preview:-1\" \/>\n<link rel=\"canonical\" href=\"https:\/\/diariofemenino.com.ar\/df\/en-mar-del-plata-vigilia-cultural-esperando-el-8-de-marzo\/\" \/>\n<meta property=\"og:locale\" content=\"es_ES\" \/>\n<meta property=\"og:type\" content=\"article\" \/>\n<meta property=\"og:title\" content=\"En Mar del Plata: Vigilia Cultural esperando el 8 de marzo - Diario Digital Femenino\" \/>\n<meta property=\"og:description\" content=\"&nbsp; &nbsp; &nbsp; &nbsp; Ven\u00ed a compartir la vigilia cultural el d\u00eda 7 de marzo, para esperar juntxs el D\u00eda Internacional de la Mujer. Contaremos con la presencia de diversos artistas de Mar\u00a0 del Plata y la zona: -MURGA LA MISERIA ES ILEGAL -LORENA PACHECO (PINTURA) -MUDA ROCK -ANA T. ALVAREZ, UNIPERSONAL \u00abUNA VERDAD\u00bb. DIRECCI\u00d3N: [&hellip;]\" \/>\n<meta property=\"og:url\" content=\"https:\/\/diariofemenino.com.ar\/df\/en-mar-del-plata-vigilia-cultural-esperando-el-8-de-marzo\/\" \/>\n<meta property=\"og:site_name\" content=\"Diario Digital Femenino\" \/>\n<meta property=\"article:publisher\" content=\"https:\/\/www.facebook.com\/DiarioDigitaFemenino\/\" \/>\n<meta property=\"article:published_time\" content=\"2013-02-26T17:26:10+00:00\" \/>\n<meta property=\"og:image\" content=\"http:\/\/www.diariofemenino.com.ar\/wp-content\/uploads\/afiche-mumala1.jpg\" \/>\n<meta name=\"author\" content=\"Admin\" \/>\n<meta name=\"twitter:card\" content=\"summary_large_image\" \/>\n<meta name=\"twitter:creator\" content=\"@DiarioFemenino1\" \/>\n<meta name=\"twitter:site\" content=\"@DiarioFemenino1\" \/>\n<meta name=\"twitter:label1\" content=\"Escrito por\" \/>\n\t<meta name=\"twitter:data1\" content=\"Admin\" \/>\n<script type=\"application\/ld+json\" class=\"yoast-schema-graph\">{\"@context\":\"https:\\\/\\\/schema.org\",\"@graph\":[{\"@type\":\"Article\",\"@id\":\"https:\\\/\\\/diariofemenino.com.ar\\\/df\\\/en-mar-del-plata-vigilia-cultural-esperando-el-8-de-marzo\\\/#article\",\"isPartOf\":{\"@id\":\"https:\\\/\\\/diariofemenino.com.ar\\\/df\\\/en-mar-del-plata-vigilia-cultural-esperando-el-8-de-marzo\\\/\"},\"author\":{\"name\":\"Admin\",\"@id\":\"https:\\\/\\\/diariofemenino.com.ar\\\/df\\\/#\\\/schema\\\/person\\\/38f54b3bfd13f561de2460ba95c169c6\"},\"headline\":\"En Mar del Plata: Vigilia Cultural esperando el 8 de marzo\",\"datePublished\":\"2013-02-26T17:26:10+00:00\",\"mainEntityOfPage\":{\"@id\":\"https:\\\/\\\/diariofemenino.com.ar\\\/df\\\/en-mar-del-plata-vigilia-cultural-esperando-el-8-de-marzo\\\/\"},\"wordCount\":95,\"commentCount\":0,\"publisher\":{\"@id\":\"https:\\\/\\\/diariofemenino.com.ar\\\/df\\\/#organization\"},\"image\":{\"@id\":\"https:\\\/\\\/diariofemenino.com.ar\\\/df\\\/en-mar-del-plata-vigilia-cultural-esperando-el-8-de-marzo\\\/#primaryimage\"},\"thumbnailUrl\":\"http:\\\/\\\/www.diariofemenino.com.ar\\\/wp-content\\\/uploads\\\/afiche-mumala1.jpg\",\"articleSection\":[\"Actividades\",\"Medios\"],\"inLanguage\":\"es\",\"potentialAction\":[{\"@type\":\"CommentAction\",\"name\":\"Comment\",\"target\":[\"https:\\\/\\\/diariofemenino.com.ar\\\/df\\\/en-mar-del-plata-vigilia-cultural-esperando-el-8-de-marzo\\\/#respond\"]}]},{\"@type\":\"WebPage\",\"@id\":\"https:\\\/\\\/diariofemenino.com.ar\\\/df\\\/en-mar-del-plata-vigilia-cultural-esperando-el-8-de-marzo\\\/\",\"url\":\"https:\\\/\\\/diariofemenino.com.ar\\\/df\\\/en-mar-del-plata-vigilia-cultural-esperando-el-8-de-marzo\\\/\",\"name\":\"En Mar del Plata: Vigilia Cultural esperando el 8 de marzo - Diario Digital Femenino\",\"isPartOf\":{\"@id\":\"https:\\\/\\\/diariofemenino.com.ar\\\/df\\\/#website\"},\"primaryImageOfPage\":{\"@id\":\"https:\\\/\\\/diariofemenino.com.ar\\\/df\\\/en-mar-del-plata-vigilia-cultural-esperando-el-8-de-marzo\\\/#primaryimage\"},\"image\":{\"@id\":\"https:\\\/\\\/diariofemenino.com.ar\\\/df\\\/en-mar-del-plata-vigilia-cultural-esperando-el-8-de-marzo\\\/#primaryimage\"},\"thumbnailUrl\":\"http:\\\/\\\/www.diariofemenino.com.ar\\\/wp-content\\\/uploads\\\/afiche-mumala1.jpg\",\"datePublished\":\"2013-02-26T17:26:10+00:00\",\"breadcrumb\":{\"@id\":\"https:\\\/\\\/diariofemenino.com.ar\\\/df\\\/en-mar-del-plata-vigilia-cultural-esperando-el-8-de-marzo\\\/#breadcrumb\"},\"inLanguage\":\"es\",\"potentialAction\":[{\"@type\":\"ReadAction\",\"target\":[\"https:\\\/\\\/diariofemenino.com.ar\\\/df\\\/en-mar-del-plata-vigilia-cultural-esperando-el-8-de-marzo\\\/\"]}]},{\"@type\":\"ImageObject\",\"inLanguage\":\"es\",\"@id\":\"https:\\\/\\\/diariofemenino.com.ar\\\/df\\\/en-mar-del-plata-vigilia-cultural-esperando-el-8-de-marzo\\\/#primaryimage\",\"url\":\"http:\\\/\\\/www.diariofemenino.com.ar\\\/wp-content\\\/uploads\\\/afiche-mumala1.jpg\",\"contentUrl\":\"http:\\\/\\\/www.diariofemenino.com.ar\\\/wp-content\\\/uploads\\\/afiche-mumala1.jpg\"},{\"@type\":\"BreadcrumbList\",\"@id\":\"https:\\\/\\\/diariofemenino.com.ar\\\/df\\\/en-mar-del-plata-vigilia-cultural-esperando-el-8-de-marzo\\\/#breadcrumb\",\"itemListElement\":[{\"@type\":\"ListItem\",\"position\":1,\"name\":\"Portada\",\"item\":\"https:\\\/\\\/diariofemenino.com.ar\\\/df\\\/\"},{\"@type\":\"ListItem\",\"position\":2,\"name\":\"En Mar del Plata: Vigilia Cultural esperando el 8 de marzo\"}]},{\"@type\":\"WebSite\",\"@id\":\"https:\\\/\\\/diariofemenino.com.ar\\\/df\\\/#website\",\"url\":\"https:\\\/\\\/diariofemenino.com.ar\\\/df\\\/\",\"name\":\"Diario Digital Femenino\",\"description\":\"Cuesti\u00f3n de G\u00e9nero\",\"publisher\":{\"@id\":\"https:\\\/\\\/diariofemenino.com.ar\\\/df\\\/#organization\"},\"potentialAction\":[{\"@type\":\"SearchAction\",\"target\":{\"@type\":\"EntryPoint\",\"urlTemplate\":\"https:\\\/\\\/diariofemenino.com.ar\\\/df\\\/?s={search_term_string}\"},\"query-input\":{\"@type\":\"PropertyValueSpecification\",\"valueRequired\":true,\"valueName\":\"search_term_string\"}}],\"inLanguage\":\"es\"},{\"@type\":\"Organization\",\"@id\":\"https:\\\/\\\/diariofemenino.com.ar\\\/df\\\/#organization\",\"name\":\"Diario Femenino\",\"url\":\"https:\\\/\\\/diariofemenino.com.ar\\\/df\\\/\",\"logo\":{\"@type\":\"ImageObject\",\"inLanguage\":\"es\",\"@id\":\"https:\\\/\\\/diariofemenino.com.ar\\\/df\\\/#\\\/schema\\\/logo\\\/image\\\/\",\"url\":\"https:\\\/\\\/diariofemenino.com.ar\\\/df\\\/wp-content\\\/uploads\\\/2018\\\/10\\\/logo.png\",\"contentUrl\":\"https:\\\/\\\/diariofemenino.com.ar\\\/df\\\/wp-content\\\/uploads\\\/2018\\\/10\\\/logo.png\",\"width\":500,\"height\":92,\"caption\":\"Diario Femenino\"},\"image\":{\"@id\":\"https:\\\/\\\/diariofemenino.com.ar\\\/df\\\/#\\\/schema\\\/logo\\\/image\\\/\"},\"sameAs\":[\"https:\\\/\\\/www.facebook.com\\\/DiarioDigitaFemenino\\\/\",\"https:\\\/\\\/x.com\\\/DiarioFemenino1\"]},{\"@type\":\"Person\",\"@id\":\"https:\\\/\\\/diariofemenino.com.ar\\\/df\\\/#\\\/schema\\\/person\\\/38f54b3bfd13f561de2460ba95c169c6\",\"name\":\"Admin\",\"image\":{\"@type\":\"ImageObject\",\"inLanguage\":\"es\",\"@id\":\"https:\\\/\\\/diariofemenino.com.ar\\\/df\\\/wp-content\\\/uploads\\\/2018\\\/12\\\/favicon-150x150.jpg\",\"url\":\"https:\\\/\\\/diariofemenino.com.ar\\\/df\\\/wp-content\\\/uploads\\\/2018\\\/12\\\/favicon-150x150.jpg\",\"contentUrl\":\"https:\\\/\\\/diariofemenino.com.ar\\\/df\\\/wp-content\\\/uploads\\\/2018\\\/12\\\/favicon-150x150.jpg\",\"caption\":\"Admin\"},\"url\":\"https:\\\/\\\/diariofemenino.com.ar\\\/df\\\/author\\\/adm18df\\\/\"}]}<\/script>\n<!-- \/ Yoast SEO plugin. -->","yoast_head_json":{"title":"En Mar del Plata: Vigilia Cultural esperando el 8 de marzo - Diario Digital Femenino","robots":{"index":"index","follow":"follow","max-snippet":"max-snippet:-1","max-image-preview":"max-image-preview:large","max-video-preview":"max-video-preview:-1"},"canonical":"https:\/\/diariofemenino.com.ar\/df\/en-mar-del-plata-vigilia-cultural-esperando-el-8-de-marzo\/","og_locale":"es_ES","og_type":"article","og_title":"En Mar del Plata: Vigilia Cultural esperando el 8 de marzo - Diario Digital Femenino","og_description":"&nbsp; &nbsp; &nbsp; &nbsp; Ven\u00ed a compartir la vigilia cultural el d\u00eda 7 de marzo, para esperar juntxs el D\u00eda Internacional de la Mujer. Contaremos con la presencia de diversos artistas de Mar\u00a0 del Plata y la zona: -MURGA LA MISERIA ES ILEGAL -LORENA PACHECO (PINTURA) -MUDA ROCK -ANA T. ALVAREZ, UNIPERSONAL \u00abUNA VERDAD\u00bb. DIRECCI\u00d3N: [&hellip;]","og_url":"https:\/\/diariofemenino.com.ar\/df\/en-mar-del-plata-vigilia-cultural-esperando-el-8-de-marzo\/","og_site_name":"Diario Digital Femenino","article_publisher":"https:\/\/www.facebook.com\/DiarioDigitaFemenino\/","article_published_time":"2013-02-26T17:26:10+00:00","og_image":[{"url":"http:\/\/www.diariofemenino.com.ar\/wp-content\/uploads\/afiche-mumala1.jpg","type":"","width":"","height":""}],"author":"Admin","twitter_card":"summary_large_image","twitter_creator":"@DiarioFemenino1","twitter_site":"@DiarioFemenino1","twitter_misc":{"Escrito por":"Admin"},"schema":{"@context":"https:\/\/schema.org","@graph":[{"@type":"Article","@id":"https:\/\/diariofemenino.com.ar\/df\/en-mar-del-plata-vigilia-cultural-esperando-el-8-de-marzo\/#article","isPartOf":{"@id":"https:\/\/diariofemenino.com.ar\/df\/en-mar-del-plata-vigilia-cultural-esperando-el-8-de-marzo\/"},"author":{"name":"Admin","@id":"https:\/\/diariofemenino.com.ar\/df\/#\/schema\/person\/38f54b3bfd13f561de2460ba95c169c6"},"headline":"En Mar del Plata: Vigilia Cultural esperando el 8 de marzo","datePublished":"2013-02-26T17:26:10+00:00","mainEntityOfPage":{"@id":"https:\/\/diariofemenino.com.ar\/df\/en-mar-del-plata-vigilia-cultural-esperando-el-8-de-marzo\/"},"wordCount":95,"commentCount":0,"publisher":{"@id":"https:\/\/diariofemenino.com.ar\/df\/#organization"},"image":{"@id":"https:\/\/diariofemenino.com.ar\/df\/en-mar-del-plata-vigilia-cultural-esperando-el-8-de-marzo\/#primaryimage"},"thumbnailUrl":"http:\/\/www.diariofemenino.com.ar\/wp-content\/uploads\/afiche-mumala1.jpg","articleSection":["Actividades","Medios"],"inLanguage":"es","potentialAction":[{"@type":"CommentAction","name":"Comment","target":["https:\/\/diariofemenino.com.ar\/df\/en-mar-del-plata-vigilia-cultural-esperando-el-8-de-marzo\/#respond"]}]},{"@type":"WebPage","@id":"https:\/\/diariofemenino.com.ar\/df\/en-mar-del-plata-vigilia-cultural-esperando-el-8-de-marzo\/","url":"https:\/\/diariofemenino.com.ar\/df\/en-mar-del-plata-vigilia-cultural-esperando-el-8-de-marzo\/","name":"En Mar del Plata: Vigilia Cultural esperando el 8 de marzo - Diario Digital Femenino","isPartOf":{"@id":"https:\/\/diariofemenino.com.ar\/df\/#website"},"primaryImageOfPage":{"@id":"https:\/\/diariofemenino.com.ar\/df\/en-mar-del-plata-vigilia-cultural-esperando-el-8-de-marzo\/#primaryimage"},"image":{"@id":"https:\/\/diariofemenino.com.ar\/df\/en-mar-del-plata-vigilia-cultural-esperando-el-8-de-marzo\/#primaryimage"},"thumbnailUrl":"http:\/\/www.diariofemenino.com.ar\/wp-content\/uploads\/afiche-mumala1.jpg","datePublished":"2013-02-26T17:26:10+00:00","breadcrumb":{"@id":"https:\/\/diariofemenino.com.ar\/df\/en-mar-del-plata-vigilia-cultural-esperando-el-8-de-marzo\/#breadcrumb"},"inLanguage":"es","potentialAction":[{"@type":"ReadAction","target":["https:\/\/diariofemenino.com.ar\/df\/en-mar-del-plata-vigilia-cultural-esperando-el-8-de-marzo\/"]}]},{"@type":"ImageObject","inLanguage":"es","@id":"https:\/\/diariofemenino.com.ar\/df\/en-mar-del-plata-vigilia-cultural-esperando-el-8-de-marzo\/#primaryimage","url":"http:\/\/www.diariofemenino.com.ar\/wp-content\/uploads\/afiche-mumala1.jpg","contentUrl":"http:\/\/www.diariofemenino.com.ar\/wp-content\/uploads\/afiche-mumala1.jpg"},{"@type":"BreadcrumbList","@id":"https:\/\/diariofemenino.com.ar\/df\/en-mar-del-plata-vigilia-cultural-esperando-el-8-de-marzo\/#breadcrumb","itemListElement":[{"@type":"ListItem","position":1,"name":"Portada","item":"https:\/\/diariofemenino.com.ar\/df\/"},{"@type":"ListItem","position":2,"name":"En Mar del Plata: Vigilia Cultural esperando el 8 de marzo"}]},{"@type":"WebSite","@id":"https:\/\/diariofemenino.com.ar\/df\/#website","url":"https:\/\/diariofemenino.com.ar\/df\/","name":"Diario Digital Femenino","description":"Cuesti\u00f3n de G\u00e9nero","publisher":{"@id":"https:\/\/diariofemenino.com.ar\/df\/#organization"},"potentialAction":[{"@type":"SearchAction","target":{"@type":"EntryPoint","urlTemplate":"https:\/\/diariofemenino.com.ar\/df\/?s={search_term_string}"},"query-input":{"@type":"PropertyValueSpecification","valueRequired":true,"valueName":"search_term_string"}}],"inLanguage":"es"},{"@type":"Organization","@id":"https:\/\/diariofemenino.com.ar\/df\/#organization","name":"Diario Femenino","url":"https:\/\/diariofemenino.com.ar\/df\/","logo":{"@type":"ImageObject","inLanguage":"es","@id":"https:\/\/diariofemenino.com.ar\/df\/#\/schema\/logo\/image\/","url":"https:\/\/diariofemenino.com.ar\/df\/wp-content\/uploads\/2018\/10\/logo.png","contentUrl":"https:\/\/diariofemenino.com.ar\/df\/wp-content\/uploads\/2018\/10\/logo.png","width":500,"height":92,"caption":"Diario Femenino"},"image":{"@id":"https:\/\/diariofemenino.com.ar\/df\/#\/schema\/logo\/image\/"},"sameAs":["https:\/\/www.facebook.com\/DiarioDigitaFemenino\/","https:\/\/x.com\/DiarioFemenino1"]},{"@type":"Person","@id":"https:\/\/diariofemenino.com.ar\/df\/#\/schema\/person\/38f54b3bfd13f561de2460ba95c169c6","name":"Admin","image":{"@type":"ImageObject","inLanguage":"es","@id":"https:\/\/diariofemenino.com.ar\/df\/wp-content\/uploads\/2018\/12\/favicon-150x150.jpg","url":"https:\/\/diariofemenino.com.ar\/df\/wp-content\/uploads\/2018\/12\/favicon-150x150.jpg","contentUrl":"https:\/\/diariofemenino.com.ar\/df\/wp-content\/uploads\/2018\/12\/favicon-150x150.jpg","caption":"Admin"},"url":"https:\/\/diariofemenino.com.ar\/df\/author\/adm18df\/"}]}},"jetpack_featured_media_url":"","jetpack_sharing_enabled":true,"rttpg_featured_image_url":null,"rttpg_author":{"display_name":"Admin","author_link":"https:\/\/diariofemenino.com.ar\/df\/author\/adm18df\/"},"rttpg_comment":0,"rttpg_category":"<a href=\"https:\/\/diariofemenino.com.ar\/df\/category\/actividades\/\" rel=\"category tag\">Actividades<\/a> <a href=\"https:\/\/diariofemenino.com.ar\/df\/category\/medios\/\" rel=\"category tag\">Medios<\/a>","rttpg_excerpt":"&nbsp; &nbsp; &nbsp; &nbsp; Ven\u00ed a compartir la vigilia cultural el d\u00eda 7 de marzo, para esperar juntxs el D\u00eda Internacional de la Mujer. Contaremos con la presencia de diversos artistas de Mar\u00a0 del Plata y la zona: -MURGA LA MISERIA ES ILEGAL -LORENA PACHECO (PINTURA) -MUDA ROCK -ANA T. ALVAREZ, UNIPERSONAL \u00abUNA VERDAD\u00bb. DIRECCI\u00d3N:&hellip;","_links":{"self":[{"href":"https:\/\/diariofemenino.com.ar\/df\/wp-json\/wp\/v2\/posts\/5675","targetHints":{"allow":["GET"]}}],"collection":[{"href":"https:\/\/diariofemenino.com.ar\/df\/wp-json\/wp\/v2\/posts"}],"about":[{"href":"https:\/\/diariofemenino.com.ar\/df\/wp-json\/wp\/v2\/types\/post"}],"author":[{"embeddable":true,"href":"https:\/\/diariofemenino.com.ar\/df\/wp-json\/wp\/v2\/users\/1"}],"replies":[{"embeddable":true,"href":"https:\/\/diariofemenino.com.ar\/df\/wp-json\/wp\/v2\/comments?post=5675"}],"version-history":[{"count":0,"href":"https:\/\/diariofemenino.com.ar\/df\/wp-json\/wp\/v2\/posts\/5675\/revisions"}],"wp:attachment":[{"href":"https:\/\/diariofemenino.com.ar\/df\/wp-json\/wp\/v2\/media?parent=5675"}],"wp:term":[{"taxonomy":"category","embeddable":true,"href":"https:\/\/diariofemenino.com.ar\/df\/wp-json\/wp\/v2\/categories?post=5675"},{"taxonomy":"post_tag","embeddable":true,"href":"https:\/\/diariofemenino.com.ar\/df\/wp-json\/wp\/v2\/tags?post=5675"}],"curies":[{"name":"wp","href":"https:\/\/api.w.org\/{rel}","templated":true}]}}