{"id":5669,"date":"2013-02-26T09:05:36","date_gmt":"2013-02-26T12:05:36","guid":{"rendered":"http:\/\/www.diariofemenino.com.ar\/?p=5669"},"modified":"2013-02-26T09:05:36","modified_gmt":"2013-02-26T12:05:36","slug":"el-cabildo-de-tenerife-dedica-una-exposicion-a-la-historia-del-movimiento-feminista","status":"publish","type":"post","link":"https:\/\/diariofemenino.com.ar\/df\/el-cabildo-de-tenerife-dedica-una-exposicion-a-la-historia-del-movimiento-feminista\/","title":{"rendered":"El Cabildo de Tenerife dedica una exposici\u00f3n a la historia del movimiento feminista"},"content":{"rendered":"<p>&nbsp;<br \/>\n&nbsp;<br \/>\n&nbsp;<br \/>\n&nbsp;<br \/>\nD\u00eda Internacional de la Mujer: El Cabildo de Tenerife, a trav\u00e9s del \u00e1rea de Educaci\u00f3n, Juventud e Igualdad, ha organizado una muestra y una gu\u00eda en la que se destaca la importancia del movimiento feminista a lo largo de varios siglos.<br \/>\n<a href=\"http:\/\/www.diariofemenino.com.ar\/wp-content\/uploads\/cabildo-tenerife-1-2.jpg\"><img loading=\"lazy\" decoding=\"async\" class=\"alignnone  wp-image-5670\" title=\"cabildo-tenerife-1-2\" src=\"http:\/\/www.diariofemenino.com.ar\/wp-content\/uploads\/cabildo-tenerife-1-2.jpg\" alt=\"\" width=\"613\" height=\"446\" \/><\/a><br \/>\nEl Cabildo de Tenerife, a trav\u00e9s del \u00e1rea de Educaci\u00f3n, Juventud e Igualdad, ha organizado una muestra y una gu\u00eda en la que se destaca la importancia del movimiento feminista a lo largo de varios siglos.<br \/>\nBajo el t\u00edtulo &#8216;La conquista de los derechos de las mujeres a lo largo de la historia&#8217;, la muestra y la gu\u00eda fueron presentadas esta ma\u00f1ana por el consejero de Educaci\u00f3n, Juventud e Igualdad, Miguel \u00c1ngel P\u00e9rez, y la consejera insular de Museos, Amaya Conde.<br \/>\nLA exposici\u00f3n, explic\u00f3 Miguel \u00c1ngel P\u00e9rez, se podr\u00e1 visitar en el Museo de la Casa Lercaro, del 4 al 10 de marzo, y en el Museo de la Ciencia y el Hombre, del 11 al 17 del mismo mes, y e ha organizado con motivo del D\u00eda Internacional de la Mujer, que se celebra el pr\u00f3ximo 8 de marzo.<br \/>\nLa muestra consta de un total de ocho paneles de vinilo en los que se explica y se da cuenta de los principales hitos hist\u00f3ricos en la lucha y conquista de los derechos de las mujeres en el mundo occidental, indic\u00f3 el consejero. De esta forma, a\u00f1adi\u00f3, se pretende que quienes visiten la exposici\u00f3n obtengan \u00abuna idea amplia del intenso camino que la sociedad ha tenido que realizar para hacer uso de sus derechos fundamentales\u00bb.<br \/>\nCon esta iniciativa, se trata de ofrecer a la sociedad tinerfe\u00f1a una herramienta con materiales destinados a informar y concienciar en materia de igualdad de oportunidades entre mujeres y hombres, agreg\u00f3 P\u00e9rez.<br \/>\nLos t\u00edtulos que presidente los paneles que se expondr\u00e1n, los cuales mostrar\u00e1n una breve rese\u00f1a hist\u00f3rica de lo que se expone, son &#8216;La conquista de lo derechos de la mujer. Mujer y ciudadan\u00eda. Los derechos de ciudadan\u00eda para las mujeres&#8217;; &#8216;Sufragistas. El derecho al voto de las mujeres&#8217;; &#8216;De la casa a la escuela. Por la educaci\u00f3n de las ni\u00f1as&#8217;; &#8216;Derecho al empleo&#8217;; &#8216;Derecho a decidir, libres e iguales. Los derechos de las mujeres son derechos humanos&#8217;, y &#8216;Derechos para todas&#8217;.<br \/>\nEsta muestra cuenta tambi\u00e9n con una serie de actividades para los visitantes. En una de ellas se busca crear una reflexi\u00f3n en torno a lo que ha supuesto la historia de la conquista de los derechos de las mujeres.<br \/>\nOtra de las actividades tiene como objetivo que las personas participantes tomen conciencia del papel que ha desempe\u00f1ado y desempe\u00f1a el feminismo en la conquista de los derechos por la igualdad entre mujeres y hombres, desterrando falsas creencias en torno al movimiento. As\u00ed, la consejera de Museos ha se\u00f1alado que esta exposici\u00f3n permitir\u00e1 hacer frente a la \u00abvisi\u00f3n sesgada\u00bb que hace la historia sobre la mujer.<br \/>\nDERECHO A QUE NOS REPRESENTEN<br \/>\nLa tercera actividad, que se titula &#8216;Derecho a que nos representen, derecho a representar&#8217;, trata de dar visibilidad al reparto desigual que existe del espacio de lo p\u00fablico, concretamente, en la participaci\u00f3n pol\u00edtica de las mujeres y que pone de manifiesto el d\u00e9ficit democr\u00e1tico donde la participaci\u00f3n de mujeres y hombres no se hace en igualdad de condiciones.<br \/>\nCon la cuarta actividad se pretende mostrar que en la igualdad entre mujeres y hombres a\u00fan resta camino, ya que no todas las mujeres puedan acceder a los mismos derechos en todos los pa\u00edses del mundo.<br \/>\nLos visitantes tambi\u00e9n contar\u00e1n con una gu\u00eda a modo de material did\u00e1ctico adicional para la explicaci\u00f3n de los ocho paneles que la componen o deseen abordar de forma m\u00e1s detallada los contenidos de la exposici\u00f3n.<br \/>\nAdem\u00e1s, se a\u00f1ade parte de la biograf\u00eda de mujeres destacadas que son las que, principalmente, han contribuido a poder disfrutar de los actuales derechos b\u00e1sicos, como han sido Clara Campoamor, Olympe de Gouges, Alexandra Kollontai, Emilia Pardo Baz\u00e1n, Elizabeth Cady Stanton, Flora Trist\u00e1n, Mary Wollstonecraft y Clara Zetkin.<br \/>\n&nbsp;<br \/>\n&nbsp;<br \/>\n&nbsp;<br \/>\nFuente: Gente en Tenerife<\/p>\n","protected":false},"excerpt":{"rendered":"<p>&nbsp; &nbsp; &nbsp; &nbsp; D\u00eda Internacional de la Mujer: El Cabildo de Tenerife, a trav\u00e9s del \u00e1rea de Educaci\u00f3n, Juventud e Igualdad, ha organizado una muestra y una gu\u00eda en la que se destaca la importancia del movimiento feminista a lo largo de varios siglos. El Cabildo de Tenerife, a trav\u00e9s del \u00e1rea de Educaci\u00f3n, [&hellip;]<\/p>\n","protected":false},"author":1,"featured_media":0,"comment_status":"open","ping_status":"open","sticky":false,"template":"","format":"standard","meta":{"iawp_total_views":4,"footnotes":""},"categories":[7,3,4],"tags":[],"class_list":["post-5669","post","type-post","status-publish","format-standard","hentry","category-actividades","category-de-la-revolucion-al-reaprendizaje","category-medios"],"nelio_content":{"autoShareEndMode":"never","automationSources":{"useCustomSentences":false,"customSentences":[]},"efiAlt":"","efiUrl":"","followers":[],"highlights":[],"isAutoShareEnabled":true,"networkImageIds":[],"permalinkQueryArgs":[],"series":[],"suggestedReferences":[]},"yoast_head":"<!-- This site is optimized with the Yoast SEO plugin v27.4 - https:\/\/yoast.com\/product\/yoast-seo-wordpress\/ -->\n<title>El Cabildo de Tenerife dedica una exposici\u00f3n a la historia del movimiento feminista - Diario Digital Femenino<\/title>\n<meta name=\"robots\" content=\"index, follow, max-snippet:-1, max-image-preview:large, max-video-preview:-1\" \/>\n<link rel=\"canonical\" href=\"https:\/\/diariofemenino.com.ar\/df\/el-cabildo-de-tenerife-dedica-una-exposicion-a-la-historia-del-movimiento-feminista\/\" \/>\n<meta property=\"og:locale\" content=\"es_ES\" \/>\n<meta property=\"og:type\" content=\"article\" \/>\n<meta property=\"og:title\" content=\"El Cabildo de Tenerife dedica una exposici\u00f3n a la historia del movimiento feminista - Diario Digital Femenino\" \/>\n<meta property=\"og:description\" content=\"&nbsp; &nbsp; &nbsp; &nbsp; D\u00eda Internacional de la Mujer: El Cabildo de Tenerife, a trav\u00e9s del \u00e1rea de Educaci\u00f3n, Juventud e Igualdad, ha organizado una muestra y una gu\u00eda en la que se destaca la importancia del movimiento feminista a lo largo de varios siglos. El Cabildo de Tenerife, a trav\u00e9s del \u00e1rea de Educaci\u00f3n, [&hellip;]\" \/>\n<meta property=\"og:url\" content=\"https:\/\/diariofemenino.com.ar\/df\/el-cabildo-de-tenerife-dedica-una-exposicion-a-la-historia-del-movimiento-feminista\/\" \/>\n<meta property=\"og:site_name\" content=\"Diario Digital Femenino\" \/>\n<meta property=\"article:publisher\" content=\"https:\/\/www.facebook.com\/DiarioDigitaFemenino\/\" \/>\n<meta property=\"article:published_time\" content=\"2013-02-26T12:05:36+00:00\" \/>\n<meta property=\"og:image\" content=\"http:\/\/www.diariofemenino.com.ar\/wp-content\/uploads\/cabildo-tenerife-1-2.jpg\" \/>\n<meta name=\"author\" content=\"Admin\" \/>\n<meta name=\"twitter:card\" content=\"summary_large_image\" \/>\n<meta name=\"twitter:creator\" content=\"@DiarioFemenino1\" \/>\n<meta name=\"twitter:site\" content=\"@DiarioFemenino1\" \/>\n<meta name=\"twitter:label1\" content=\"Escrito por\" \/>\n\t<meta name=\"twitter:data1\" content=\"Admin\" \/>\n\t<meta name=\"twitter:label2\" content=\"Tiempo de lectura\" \/>\n\t<meta name=\"twitter:data2\" content=\"4 minutos\" \/>\n<script type=\"application\/ld+json\" class=\"yoast-schema-graph\">{\"@context\":\"https:\\\/\\\/schema.org\",\"@graph\":[{\"@type\":\"Article\",\"@id\":\"https:\\\/\\\/diariofemenino.com.ar\\\/df\\\/el-cabildo-de-tenerife-dedica-una-exposicion-a-la-historia-del-movimiento-feminista\\\/#article\",\"isPartOf\":{\"@id\":\"https:\\\/\\\/diariofemenino.com.ar\\\/df\\\/el-cabildo-de-tenerife-dedica-una-exposicion-a-la-historia-del-movimiento-feminista\\\/\"},\"author\":{\"name\":\"Admin\",\"@id\":\"https:\\\/\\\/diariofemenino.com.ar\\\/df\\\/#\\\/schema\\\/person\\\/38f54b3bfd13f561de2460ba95c169c6\"},\"headline\":\"El Cabildo de Tenerife dedica una exposici\u00f3n a la historia del movimiento feminista\",\"datePublished\":\"2013-02-26T12:05:36+00:00\",\"mainEntityOfPage\":{\"@id\":\"https:\\\/\\\/diariofemenino.com.ar\\\/df\\\/el-cabildo-de-tenerife-dedica-una-exposicion-a-la-historia-del-movimiento-feminista\\\/\"},\"wordCount\":734,\"commentCount\":0,\"publisher\":{\"@id\":\"https:\\\/\\\/diariofemenino.com.ar\\\/df\\\/#organization\"},\"image\":{\"@id\":\"https:\\\/\\\/diariofemenino.com.ar\\\/df\\\/el-cabildo-de-tenerife-dedica-una-exposicion-a-la-historia-del-movimiento-feminista\\\/#primaryimage\"},\"thumbnailUrl\":\"http:\\\/\\\/www.diariofemenino.com.ar\\\/wp-content\\\/uploads\\\/cabildo-tenerife-1-2.jpg\",\"articleSection\":[\"Actividades\",\"De la Revoluci\u00f3n al Reaprendizaje\",\"Medios\"],\"inLanguage\":\"es\",\"potentialAction\":[{\"@type\":\"CommentAction\",\"name\":\"Comment\",\"target\":[\"https:\\\/\\\/diariofemenino.com.ar\\\/df\\\/el-cabildo-de-tenerife-dedica-una-exposicion-a-la-historia-del-movimiento-feminista\\\/#respond\"]}]},{\"@type\":\"WebPage\",\"@id\":\"https:\\\/\\\/diariofemenino.com.ar\\\/df\\\/el-cabildo-de-tenerife-dedica-una-exposicion-a-la-historia-del-movimiento-feminista\\\/\",\"url\":\"https:\\\/\\\/diariofemenino.com.ar\\\/df\\\/el-cabildo-de-tenerife-dedica-una-exposicion-a-la-historia-del-movimiento-feminista\\\/\",\"name\":\"El Cabildo de Tenerife dedica una exposici\u00f3n a la historia del movimiento feminista - Diario Digital Femenino\",\"isPartOf\":{\"@id\":\"https:\\\/\\\/diariofemenino.com.ar\\\/df\\\/#website\"},\"primaryImageOfPage\":{\"@id\":\"https:\\\/\\\/diariofemenino.com.ar\\\/df\\\/el-cabildo-de-tenerife-dedica-una-exposicion-a-la-historia-del-movimiento-feminista\\\/#primaryimage\"},\"image\":{\"@id\":\"https:\\\/\\\/diariofemenino.com.ar\\\/df\\\/el-cabildo-de-tenerife-dedica-una-exposicion-a-la-historia-del-movimiento-feminista\\\/#primaryimage\"},\"thumbnailUrl\":\"http:\\\/\\\/www.diariofemenino.com.ar\\\/wp-content\\\/uploads\\\/cabildo-tenerife-1-2.jpg\",\"datePublished\":\"2013-02-26T12:05:36+00:00\",\"breadcrumb\":{\"@id\":\"https:\\\/\\\/diariofemenino.com.ar\\\/df\\\/el-cabildo-de-tenerife-dedica-una-exposicion-a-la-historia-del-movimiento-feminista\\\/#breadcrumb\"},\"inLanguage\":\"es\",\"potentialAction\":[{\"@type\":\"ReadAction\",\"target\":[\"https:\\\/\\\/diariofemenino.com.ar\\\/df\\\/el-cabildo-de-tenerife-dedica-una-exposicion-a-la-historia-del-movimiento-feminista\\\/\"]}]},{\"@type\":\"ImageObject\",\"inLanguage\":\"es\",\"@id\":\"https:\\\/\\\/diariofemenino.com.ar\\\/df\\\/el-cabildo-de-tenerife-dedica-una-exposicion-a-la-historia-del-movimiento-feminista\\\/#primaryimage\",\"url\":\"http:\\\/\\\/www.diariofemenino.com.ar\\\/wp-content\\\/uploads\\\/cabildo-tenerife-1-2.jpg\",\"contentUrl\":\"http:\\\/\\\/www.diariofemenino.com.ar\\\/wp-content\\\/uploads\\\/cabildo-tenerife-1-2.jpg\"},{\"@type\":\"BreadcrumbList\",\"@id\":\"https:\\\/\\\/diariofemenino.com.ar\\\/df\\\/el-cabildo-de-tenerife-dedica-una-exposicion-a-la-historia-del-movimiento-feminista\\\/#breadcrumb\",\"itemListElement\":[{\"@type\":\"ListItem\",\"position\":1,\"name\":\"Portada\",\"item\":\"https:\\\/\\\/diariofemenino.com.ar\\\/df\\\/\"},{\"@type\":\"ListItem\",\"position\":2,\"name\":\"El Cabildo de Tenerife dedica una exposici\u00f3n a la historia del movimiento feminista\"}]},{\"@type\":\"WebSite\",\"@id\":\"https:\\\/\\\/diariofemenino.com.ar\\\/df\\\/#website\",\"url\":\"https:\\\/\\\/diariofemenino.com.ar\\\/df\\\/\",\"name\":\"Diario Digital Femenino\",\"description\":\"Cuesti\u00f3n de G\u00e9nero\",\"publisher\":{\"@id\":\"https:\\\/\\\/diariofemenino.com.ar\\\/df\\\/#organization\"},\"potentialAction\":[{\"@type\":\"SearchAction\",\"target\":{\"@type\":\"EntryPoint\",\"urlTemplate\":\"https:\\\/\\\/diariofemenino.com.ar\\\/df\\\/?s={search_term_string}\"},\"query-input\":{\"@type\":\"PropertyValueSpecification\",\"valueRequired\":true,\"valueName\":\"search_term_string\"}}],\"inLanguage\":\"es\"},{\"@type\":\"Organization\",\"@id\":\"https:\\\/\\\/diariofemenino.com.ar\\\/df\\\/#organization\",\"name\":\"Diario Femenino\",\"url\":\"https:\\\/\\\/diariofemenino.com.ar\\\/df\\\/\",\"logo\":{\"@type\":\"ImageObject\",\"inLanguage\":\"es\",\"@id\":\"https:\\\/\\\/diariofemenino.com.ar\\\/df\\\/#\\\/schema\\\/logo\\\/image\\\/\",\"url\":\"https:\\\/\\\/diariofemenino.com.ar\\\/df\\\/wp-content\\\/uploads\\\/2018\\\/10\\\/logo.png\",\"contentUrl\":\"https:\\\/\\\/diariofemenino.com.ar\\\/df\\\/wp-content\\\/uploads\\\/2018\\\/10\\\/logo.png\",\"width\":500,\"height\":92,\"caption\":\"Diario Femenino\"},\"image\":{\"@id\":\"https:\\\/\\\/diariofemenino.com.ar\\\/df\\\/#\\\/schema\\\/logo\\\/image\\\/\"},\"sameAs\":[\"https:\\\/\\\/www.facebook.com\\\/DiarioDigitaFemenino\\\/\",\"https:\\\/\\\/x.com\\\/DiarioFemenino1\"]},{\"@type\":\"Person\",\"@id\":\"https:\\\/\\\/diariofemenino.com.ar\\\/df\\\/#\\\/schema\\\/person\\\/38f54b3bfd13f561de2460ba95c169c6\",\"name\":\"Admin\",\"image\":{\"@type\":\"ImageObject\",\"inLanguage\":\"es\",\"@id\":\"https:\\\/\\\/diariofemenino.com.ar\\\/df\\\/wp-content\\\/uploads\\\/2018\\\/12\\\/favicon-150x150.jpg\",\"url\":\"https:\\\/\\\/diariofemenino.com.ar\\\/df\\\/wp-content\\\/uploads\\\/2018\\\/12\\\/favicon-150x150.jpg\",\"contentUrl\":\"https:\\\/\\\/diariofemenino.com.ar\\\/df\\\/wp-content\\\/uploads\\\/2018\\\/12\\\/favicon-150x150.jpg\",\"caption\":\"Admin\"},\"url\":\"https:\\\/\\\/diariofemenino.com.ar\\\/df\\\/author\\\/adm18df\\\/\"}]}<\/script>\n<!-- \/ Yoast SEO plugin. -->","yoast_head_json":{"title":"El Cabildo de Tenerife dedica una exposici\u00f3n a la historia del movimiento feminista - Diario Digital Femenino","robots":{"index":"index","follow":"follow","max-snippet":"max-snippet:-1","max-image-preview":"max-image-preview:large","max-video-preview":"max-video-preview:-1"},"canonical":"https:\/\/diariofemenino.com.ar\/df\/el-cabildo-de-tenerife-dedica-una-exposicion-a-la-historia-del-movimiento-feminista\/","og_locale":"es_ES","og_type":"article","og_title":"El Cabildo de Tenerife dedica una exposici\u00f3n a la historia del movimiento feminista - Diario Digital Femenino","og_description":"&nbsp; &nbsp; &nbsp; &nbsp; D\u00eda Internacional de la Mujer: El Cabildo de Tenerife, a trav\u00e9s del \u00e1rea de Educaci\u00f3n, Juventud e Igualdad, ha organizado una muestra y una gu\u00eda en la que se destaca la importancia del movimiento feminista a lo largo de varios siglos. El Cabildo de Tenerife, a trav\u00e9s del \u00e1rea de Educaci\u00f3n, [&hellip;]","og_url":"https:\/\/diariofemenino.com.ar\/df\/el-cabildo-de-tenerife-dedica-una-exposicion-a-la-historia-del-movimiento-feminista\/","og_site_name":"Diario Digital Femenino","article_publisher":"https:\/\/www.facebook.com\/DiarioDigitaFemenino\/","article_published_time":"2013-02-26T12:05:36+00:00","og_image":[{"url":"http:\/\/www.diariofemenino.com.ar\/wp-content\/uploads\/cabildo-tenerife-1-2.jpg","type":"","width":"","height":""}],"author":"Admin","twitter_card":"summary_large_image","twitter_creator":"@DiarioFemenino1","twitter_site":"@DiarioFemenino1","twitter_misc":{"Escrito por":"Admin","Tiempo de lectura":"4 minutos"},"schema":{"@context":"https:\/\/schema.org","@graph":[{"@type":"Article","@id":"https:\/\/diariofemenino.com.ar\/df\/el-cabildo-de-tenerife-dedica-una-exposicion-a-la-historia-del-movimiento-feminista\/#article","isPartOf":{"@id":"https:\/\/diariofemenino.com.ar\/df\/el-cabildo-de-tenerife-dedica-una-exposicion-a-la-historia-del-movimiento-feminista\/"},"author":{"name":"Admin","@id":"https:\/\/diariofemenino.com.ar\/df\/#\/schema\/person\/38f54b3bfd13f561de2460ba95c169c6"},"headline":"El Cabildo de Tenerife dedica una exposici\u00f3n a la historia del movimiento feminista","datePublished":"2013-02-26T12:05:36+00:00","mainEntityOfPage":{"@id":"https:\/\/diariofemenino.com.ar\/df\/el-cabildo-de-tenerife-dedica-una-exposicion-a-la-historia-del-movimiento-feminista\/"},"wordCount":734,"commentCount":0,"publisher":{"@id":"https:\/\/diariofemenino.com.ar\/df\/#organization"},"image":{"@id":"https:\/\/diariofemenino.com.ar\/df\/el-cabildo-de-tenerife-dedica-una-exposicion-a-la-historia-del-movimiento-feminista\/#primaryimage"},"thumbnailUrl":"http:\/\/www.diariofemenino.com.ar\/wp-content\/uploads\/cabildo-tenerife-1-2.jpg","articleSection":["Actividades","De la Revoluci\u00f3n al Reaprendizaje","Medios"],"inLanguage":"es","potentialAction":[{"@type":"CommentAction","name":"Comment","target":["https:\/\/diariofemenino.com.ar\/df\/el-cabildo-de-tenerife-dedica-una-exposicion-a-la-historia-del-movimiento-feminista\/#respond"]}]},{"@type":"WebPage","@id":"https:\/\/diariofemenino.com.ar\/df\/el-cabildo-de-tenerife-dedica-una-exposicion-a-la-historia-del-movimiento-feminista\/","url":"https:\/\/diariofemenino.com.ar\/df\/el-cabildo-de-tenerife-dedica-una-exposicion-a-la-historia-del-movimiento-feminista\/","name":"El Cabildo de Tenerife dedica una exposici\u00f3n a la historia del movimiento feminista - Diario Digital Femenino","isPartOf":{"@id":"https:\/\/diariofemenino.com.ar\/df\/#website"},"primaryImageOfPage":{"@id":"https:\/\/diariofemenino.com.ar\/df\/el-cabildo-de-tenerife-dedica-una-exposicion-a-la-historia-del-movimiento-feminista\/#primaryimage"},"image":{"@id":"https:\/\/diariofemenino.com.ar\/df\/el-cabildo-de-tenerife-dedica-una-exposicion-a-la-historia-del-movimiento-feminista\/#primaryimage"},"thumbnailUrl":"http:\/\/www.diariofemenino.com.ar\/wp-content\/uploads\/cabildo-tenerife-1-2.jpg","datePublished":"2013-02-26T12:05:36+00:00","breadcrumb":{"@id":"https:\/\/diariofemenino.com.ar\/df\/el-cabildo-de-tenerife-dedica-una-exposicion-a-la-historia-del-movimiento-feminista\/#breadcrumb"},"inLanguage":"es","potentialAction":[{"@type":"ReadAction","target":["https:\/\/diariofemenino.com.ar\/df\/el-cabildo-de-tenerife-dedica-una-exposicion-a-la-historia-del-movimiento-feminista\/"]}]},{"@type":"ImageObject","inLanguage":"es","@id":"https:\/\/diariofemenino.com.ar\/df\/el-cabildo-de-tenerife-dedica-una-exposicion-a-la-historia-del-movimiento-feminista\/#primaryimage","url":"http:\/\/www.diariofemenino.com.ar\/wp-content\/uploads\/cabildo-tenerife-1-2.jpg","contentUrl":"http:\/\/www.diariofemenino.com.ar\/wp-content\/uploads\/cabildo-tenerife-1-2.jpg"},{"@type":"BreadcrumbList","@id":"https:\/\/diariofemenino.com.ar\/df\/el-cabildo-de-tenerife-dedica-una-exposicion-a-la-historia-del-movimiento-feminista\/#breadcrumb","itemListElement":[{"@type":"ListItem","position":1,"name":"Portada","item":"https:\/\/diariofemenino.com.ar\/df\/"},{"@type":"ListItem","position":2,"name":"El Cabildo de Tenerife dedica una exposici\u00f3n a la historia del movimiento feminista"}]},{"@type":"WebSite","@id":"https:\/\/diariofemenino.com.ar\/df\/#website","url":"https:\/\/diariofemenino.com.ar\/df\/","name":"Diario Digital Femenino","description":"Cuesti\u00f3n de G\u00e9nero","publisher":{"@id":"https:\/\/diariofemenino.com.ar\/df\/#organization"},"potentialAction":[{"@type":"SearchAction","target":{"@type":"EntryPoint","urlTemplate":"https:\/\/diariofemenino.com.ar\/df\/?s={search_term_string}"},"query-input":{"@type":"PropertyValueSpecification","valueRequired":true,"valueName":"search_term_string"}}],"inLanguage":"es"},{"@type":"Organization","@id":"https:\/\/diariofemenino.com.ar\/df\/#organization","name":"Diario Femenino","url":"https:\/\/diariofemenino.com.ar\/df\/","logo":{"@type":"ImageObject","inLanguage":"es","@id":"https:\/\/diariofemenino.com.ar\/df\/#\/schema\/logo\/image\/","url":"https:\/\/diariofemenino.com.ar\/df\/wp-content\/uploads\/2018\/10\/logo.png","contentUrl":"https:\/\/diariofemenino.com.ar\/df\/wp-content\/uploads\/2018\/10\/logo.png","width":500,"height":92,"caption":"Diario Femenino"},"image":{"@id":"https:\/\/diariofemenino.com.ar\/df\/#\/schema\/logo\/image\/"},"sameAs":["https:\/\/www.facebook.com\/DiarioDigitaFemenino\/","https:\/\/x.com\/DiarioFemenino1"]},{"@type":"Person","@id":"https:\/\/diariofemenino.com.ar\/df\/#\/schema\/person\/38f54b3bfd13f561de2460ba95c169c6","name":"Admin","image":{"@type":"ImageObject","inLanguage":"es","@id":"https:\/\/diariofemenino.com.ar\/df\/wp-content\/uploads\/2018\/12\/favicon-150x150.jpg","url":"https:\/\/diariofemenino.com.ar\/df\/wp-content\/uploads\/2018\/12\/favicon-150x150.jpg","contentUrl":"https:\/\/diariofemenino.com.ar\/df\/wp-content\/uploads\/2018\/12\/favicon-150x150.jpg","caption":"Admin"},"url":"https:\/\/diariofemenino.com.ar\/df\/author\/adm18df\/"}]}},"jetpack_featured_media_url":"","jetpack_sharing_enabled":true,"rttpg_featured_image_url":null,"rttpg_author":{"display_name":"Admin","author_link":"https:\/\/diariofemenino.com.ar\/df\/author\/adm18df\/"},"rttpg_comment":0,"rttpg_category":"<a href=\"https:\/\/diariofemenino.com.ar\/df\/category\/actividades\/\" rel=\"category tag\">Actividades<\/a> <a href=\"https:\/\/diariofemenino.com.ar\/df\/category\/de-la-revolucion-al-reaprendizaje\/\" rel=\"category tag\">De la Revoluci\u00f3n al Reaprendizaje<\/a> <a href=\"https:\/\/diariofemenino.com.ar\/df\/category\/medios\/\" rel=\"category tag\">Medios<\/a>","rttpg_excerpt":"&nbsp; &nbsp; &nbsp; &nbsp; D\u00eda Internacional de la Mujer: El Cabildo de Tenerife, a trav\u00e9s del \u00e1rea de Educaci\u00f3n, Juventud e Igualdad, ha organizado una muestra y una gu\u00eda en la que se destaca la importancia del movimiento feminista a lo largo de varios siglos. El Cabildo de Tenerife, a trav\u00e9s del \u00e1rea de Educaci\u00f3n,&hellip;","_links":{"self":[{"href":"https:\/\/diariofemenino.com.ar\/df\/wp-json\/wp\/v2\/posts\/5669","targetHints":{"allow":["GET"]}}],"collection":[{"href":"https:\/\/diariofemenino.com.ar\/df\/wp-json\/wp\/v2\/posts"}],"about":[{"href":"https:\/\/diariofemenino.com.ar\/df\/wp-json\/wp\/v2\/types\/post"}],"author":[{"embeddable":true,"href":"https:\/\/diariofemenino.com.ar\/df\/wp-json\/wp\/v2\/users\/1"}],"replies":[{"embeddable":true,"href":"https:\/\/diariofemenino.com.ar\/df\/wp-json\/wp\/v2\/comments?post=5669"}],"version-history":[{"count":0,"href":"https:\/\/diariofemenino.com.ar\/df\/wp-json\/wp\/v2\/posts\/5669\/revisions"}],"wp:attachment":[{"href":"https:\/\/diariofemenino.com.ar\/df\/wp-json\/wp\/v2\/media?parent=5669"}],"wp:term":[{"taxonomy":"category","embeddable":true,"href":"https:\/\/diariofemenino.com.ar\/df\/wp-json\/wp\/v2\/categories?post=5669"},{"taxonomy":"post_tag","embeddable":true,"href":"https:\/\/diariofemenino.com.ar\/df\/wp-json\/wp\/v2\/tags?post=5669"}],"curies":[{"name":"wp","href":"https:\/\/api.w.org\/{rel}","templated":true}]}}