{"id":5663,"date":"2013-02-25T21:01:51","date_gmt":"2013-02-26T00:01:51","guid":{"rendered":"http:\/\/www.diariofemenino.com.ar\/?p=5663"},"modified":"2013-02-25T21:01:51","modified_gmt":"2013-02-26T00:01:51","slug":"el-acceso-a-la-justicia-de-las-mujeres-victimas-de-violencia","status":"publish","type":"post","link":"https:\/\/diariofemenino.com.ar\/df\/el-acceso-a-la-justicia-de-las-mujeres-victimas-de-violencia\/","title":{"rendered":"El acceso a la justicia de las mujeres v\u00edctimas de violencia"},"content":{"rendered":"<p>&nbsp;<br \/>\n&nbsp;<br \/>\nDentro del <a href=\"https:\/\/diariofemenino.com.ar\/documentos\/Documento-Debate-1-Bajo-la-lupa-SIDH1.pdf\">Documento:<\/a>\u00a0presentado hoy por Sistema Interamericano de Derechos Humanos (SIDH)- ADS<br \/>\nSe encuentra este art\u00edculo de Norma Chiapparrone.<br \/>\n&nbsp;<br \/>\n<strong>Por Norma Graciela Chiapparrone*<\/strong><br \/>\n<strong>\u00a0<\/strong>Para el sistema interamericano de derechos humanos el acceso a la justicia es esencial, y supone no s\u00f3lo la posibilidad de presentar una demanda ante un tribunal de justicia, sino que -desde una perspectiva amplia- vincula la totalidad de pasos que deben seguirse en los casos de violaci\u00f3n de los derechos consagrados en los diversos instrumentos que lo integran.<br \/>\nConcebido el acceso a la justicia como una garant\u00eda para el goce de los derechos humanos, el estudio de los obst\u00e1culos y dificultades que se observan para ponerla en pr\u00e1ctica de modo efectivo, revela en el sistema interamericano las debilidades y fortalezas de los sistemas jur\u00eddicos nacionales, y enfrenta a los Estados con los deberes y obligaciones asumidos al ratificar la Convenci\u00f3n Americana de Derechos Humanos.<br \/>\nLa violencia de g\u00e9nero a la luz de la jurisprudencia basada en la Convenci\u00f3n ofrece la posibilidad de examinar lo referido a las garant\u00edas judiciales y el debido proceso garantizados en aquella, y en otros tratados.<br \/>\nEn una interpretaci\u00f3n arm\u00f3nica de los instrumentos internacionales y la jurisprudencia de los \u00f3rganos del sistema interamericano, se parte de la base que la violencia es una forma de discriminaci\u00f3n contra la mujer, que le impide gravemente el goce efectivo de los derechos y libertades en pie de igualdad con el hombre.<br \/>\nEl SIDH se integra con un conjunto de instrumentos que coadyuvan todos juntos al respeto de los derechos y garant\u00edas de los hombres y mujeres de la regi\u00f3n.<br \/>\nLa Convenci\u00f3n no es el \u00fanico instrumento aplicable en la materia, pues como tiene dicho la Corte en su primera opini\u00f3n consultiva, se advierte una tendencia a integrar el sistema regional y el sistema universal de protecci\u00f3n de los derechos humanos, al tiempo que varias disposiciones de ella hacen referencia a otras convenciones internacionales o al derecho internacional, sin restringirlas al \u00e1mbito regional.<br \/>\nNo existen en la labor de la Corte y la Comisi\u00f3n limitaciones en cuanto a la aplicaci\u00f3n de otros instrumentos internacionales, tomando al ser humano como una unidad, y considerando que los derechos y libertades son de car\u00e1cter universal, y por lo tanto se hallan en la base de todo r\u00e9gimen de protecci\u00f3n internacional.<br \/>\nPartiendo de los art\u00edculos 8.1 y 25 de la Convenci\u00f3n, ambos \u00f3rganos han articulado un conjunto de criterios que demuestran c\u00f3mo los Estados incurren en responsabilidad cuando se enfrentan con denuncias por violencia de g\u00e9nero. \u00c9stos, resultan enriquecidos con la aplicaci\u00f3n de la Convenci\u00f3n de Bel\u00e9m do Par\u00e1 -verdadero estatuto regional contra la violencia sobre la mujer-, m\u00e1s las disposiciones de la Convenci\u00f3n sobre la Eliminaci\u00f3n de Todas las Formas de Discriminaci\u00f3n contra la Mujer (CEDAW) y su Protocolo Facultativo.<br \/>\nEste plexo normativo -el interamericano unido al universal- constituye una herramienta eficaz para combatir el flagelo de la violencia contra la mujer. Los Estados deben asumir en plenitud los acuerdos suscriptos, incorporando en sus derechos internos no s\u00f3lo los predicados de aqu\u00e9l, sino tambi\u00e9n sus principios y directrices interpretativas para hacer desaparecer las causas o motivos generadores de la violencia de g\u00e9nero.<br \/>\nLas mujeres constituyen un grupo de marcada vulnerabilidad, debiendo considerarse no s\u00f3lo el g\u00e9nero sino otros elementos que incrementan esa condici\u00f3n \u2013 la edad, la pertenencia a comunidades ind\u00edgenas o a minor\u00edas, la migraci\u00f3n, la religi\u00f3n, entre otras-. As\u00ed ha sido incluido este colectivo en las 100 Reglas de Brasilia, que incorpora est\u00e1ndares b\u00e1sicos para garantizar el acceso a la justicia de las personas en condici\u00f3n de vulnerabilidad.<br \/>\nLas dificultades en el acceso a la justicia y la existencia de procedimientos y pr\u00e1cticas judiciales que afectan a las mujeres v\u00edctimas de violencia constituyen actos de discriminaci\u00f3n contra la mujer.<br \/>\nEllo encuadra en lo establecido por la Recomendaci\u00f3n General N\u00b0 19 del Comit\u00e9 CEDAW &#8211; comprendido como tal en el art\u00edculo 1 de dicha convenci\u00f3n-.<br \/>\nConstituye una premisa b\u00e1sica del derecho humanitario que se asienta en el acceso a recursos judiciales id\u00f3neos y efectivos, siendo \u00e9sta la que se conoce como primera l\u00ednea de defensa de los derechos b\u00e1sicos. Hablar de recursos id\u00f3neos \u2013 por oposici\u00f3n a la existencia formal de \u00e9stos -en el acceso a la justicia significa lograr la protecci\u00f3n judicial en la medida que el sistema provea las garant\u00edas necesarias y adecuadas para el logro de tal finalidad.<br \/>\nLos casos sometidos al SIDH demuestran c\u00f3mo \u00e9ste interpela a los Estados en el sentido enunciado, y son profundamente ejemplarizadores.<br \/>\n1. El caso paradigm\u00e1tico lo constituye <em>Mar\u00eda da Penha \u2013 <\/em>decidido por la Comisi\u00f3n el 16-04-2001-,<br \/>\nque dio lugar a la sanci\u00f3n de la ley que lleva su nombre en Brasil. Fue el primer caso en el que se aplic\u00f3 la Convenci\u00f3n de Belem do Par\u00e1, y dej\u00f3 en evidencia el accionar del Estado por no haber tomado durando m\u00e1s de quince a\u00f1os medidas efectivas que condujeran al procesamiento y sanci\u00f3n del agresor, pese a las denuncias efectuadas.<br \/>\n2. En <em>Penal Castro Castro vs. Per\u00fa<\/em>, la Corte tambi\u00e9n acudi\u00f3 a la Convenci\u00f3n de Belem do Par\u00e1, para resolver una denuncia con relaci\u00f3n al operativo de las fuerzas de seguridad dentro del establecimiento penal.<br \/>\nPara la Corte se trat\u00f3 de un ataque premeditado que caus\u00f3 muertes, heridos y tambi\u00e9n personas sometidas a tratos crueles, inhumanos y degradantes; las mujeres se vieron afectadas de modo diferente por los hechos de violencia, y por ello consider\u00f3 que algunos actos fueron directamente dirigidos contra ellas, y que otros las afectaron en mayor proporci\u00f3n que a los hombres. Entendi\u00f3 que, adem\u00e1s, fueron v\u00edctimas de violencia sexual \u2013las detenidas estuvieron desnudas, cubiertas s\u00f3lo con una s\u00e1bana, y rodeadas de hombres armados-, tomando en cuenta lo dispuesto por la Convenci\u00f3n de Bel\u00e9m do Par\u00e1 y en l\u00ednea con la jurisprudencia internacional.<br \/>\n3. <em>Rosendo Cant\u00fa y otra vs. M\u00e9xico<\/em><br \/>\nRosendo Cant\u00fa era una ni\u00f1a ind\u00edgena que fue violada por un grupo de militares, hecho que ocurri\u00f3 en una zona monta\u00f1osa aislada, que se vio obligada a caminar varias horas para recibir asistencia m\u00e9dica y denunciar la violaci\u00f3n sexual ante autoridades que hablaban un idioma que no dominaba. Ello supon\u00eda para el Estado la obligaci\u00f3n de realizar una investigaci\u00f3n seria y efectiva, lo que no sucedi\u00f3.<br \/>\n4. <em>Gonz\u00e1lez y otras vs. M\u00e9xico \u201cCampo Algodonero\u201d del 16-11-09.<\/em><br \/>\nCientos de mujeres fueron asesinadas a partir de 1990, sometidas a violencia sexual, torturadas, y sus cuerpos ocultos en lugares distantes de la ciudad, sin que el Estado diera una respuesta satisfactoria respecto de estos cr\u00edmenes. Para la Corte la violencia contra las mujeres evidenciaba un patr\u00f3n de violencia sistem\u00e1tica basada en el g\u00e9nero, en la edad y asimismo en el origen social de las v\u00edctimas. Ese esquema constitu\u00eda asimismo, una modalidad de discriminaci\u00f3n, que se extend\u00eda a la actuaci\u00f3n de las autoridades, y en la indiferencia demostrada en los procedimientos de investigaci\u00f3n.<br \/>\nEsta breve rese\u00f1a evidencia la labor esclarecedora del SIDH en relaci\u00f3n al acceso a la justicia de las mujeres v\u00edctimas de violencia; no s\u00f3lo interviene concediendo justicia all\u00ed donde no la hubo, sino que denuncia a los Estados por sus actos de discriminaci\u00f3n contra aquellas, y les se\u00f1ala nuevos caminos a recorrer ante sus propios estrados judiciales hacia el futuro. Sin duda, una muestra m\u00e1s del invalorable aporte que el derecho humanitario regional viene haciendo para combatir la violencia contra las mujeres de la regi\u00f3n.<br \/>\n&nbsp;<br \/>\n&nbsp;<br \/>\n<strong><em>*Norma es abogada, feminista, Mag\u00edster en Derecho Administrativo, Secretaria General de la Asociaci\u00f3n <\/em><\/strong><strong><em>Argentina de Mujeres de Carreras Jur\u00eddicas (AAMCJ).<br \/>\nTw: @NChiapparrone<\/em><\/strong><\/p>\n","protected":false},"excerpt":{"rendered":"<p>&nbsp; &nbsp; Dentro del Documento:\u00a0presentado hoy por Sistema Interamericano de Derechos Humanos (SIDH)- ADS Se encuentra este art\u00edculo de Norma Chiapparrone. &nbsp; Por Norma Graciela Chiapparrone* \u00a0Para el sistema interamericano de derechos humanos el acceso a la justicia es esencial, y supone no s\u00f3lo la posibilidad de presentar una demanda ante un tribunal de justicia, [&hellip;]<\/p>\n","protected":false},"author":1,"featured_media":0,"comment_status":"open","ping_status":"open","sticky":false,"template":"","format":"standard","meta":{"iawp_total_views":7,"footnotes":""},"categories":[3,4],"tags":[],"class_list":["post-5663","post","type-post","status-publish","format-standard","hentry","category-de-la-revolucion-al-reaprendizaje","category-medios"],"nelio_content":{"autoShareEndMode":"never","automationSources":{"useCustomSentences":false,"customSentences":[]},"efiAlt":"","efiUrl":"","followers":[],"highlights":[],"isAutoShareEnabled":true,"networkImageIds":[],"permalinkQueryArgs":[],"series":[],"suggestedReferences":[]},"yoast_head":"<!-- This site is optimized with the Yoast SEO plugin v27.4 - https:\/\/yoast.com\/product\/yoast-seo-wordpress\/ -->\n<title>El acceso a la justicia de las mujeres v\u00edctimas de violencia - Diario Digital Femenino<\/title>\n<meta name=\"robots\" content=\"index, follow, max-snippet:-1, max-image-preview:large, max-video-preview:-1\" \/>\n<link rel=\"canonical\" href=\"https:\/\/diariofemenino.com.ar\/df\/el-acceso-a-la-justicia-de-las-mujeres-victimas-de-violencia\/\" \/>\n<meta property=\"og:locale\" content=\"es_ES\" \/>\n<meta property=\"og:type\" content=\"article\" \/>\n<meta property=\"og:title\" content=\"El acceso a la justicia de las mujeres v\u00edctimas de violencia - Diario Digital Femenino\" \/>\n<meta property=\"og:description\" content=\"&nbsp; &nbsp; Dentro del Documento:\u00a0presentado hoy por Sistema Interamericano de Derechos Humanos (SIDH)- ADS Se encuentra este art\u00edculo de Norma Chiapparrone. &nbsp; Por Norma Graciela Chiapparrone* \u00a0Para el sistema interamericano de derechos humanos el acceso a la justicia es esencial, y supone no s\u00f3lo la posibilidad de presentar una demanda ante un tribunal de justicia, [&hellip;]\" \/>\n<meta property=\"og:url\" content=\"https:\/\/diariofemenino.com.ar\/df\/el-acceso-a-la-justicia-de-las-mujeres-victimas-de-violencia\/\" \/>\n<meta property=\"og:site_name\" content=\"Diario Digital Femenino\" \/>\n<meta property=\"article:publisher\" content=\"https:\/\/www.facebook.com\/DiarioDigitaFemenino\/\" \/>\n<meta property=\"article:published_time\" content=\"2013-02-26T00:01:51+00:00\" \/>\n<meta property=\"og:image\" content=\"https:\/\/diariofemenino.com.ar\/df\/wp-content\/uploads\/2016\/10\/logo-negro.png\" \/>\n\t<meta property=\"og:image:width\" content=\"855\" \/>\n\t<meta property=\"og:image:height\" content=\"319\" \/>\n\t<meta property=\"og:image:type\" content=\"image\/png\" \/>\n<meta name=\"author\" content=\"Admin\" \/>\n<meta name=\"twitter:card\" content=\"summary_large_image\" \/>\n<meta name=\"twitter:creator\" content=\"@DiarioFemenino1\" \/>\n<meta name=\"twitter:site\" content=\"@DiarioFemenino1\" \/>\n<meta name=\"twitter:label1\" content=\"Escrito por\" \/>\n\t<meta name=\"twitter:data1\" content=\"Admin\" \/>\n\t<meta name=\"twitter:label2\" content=\"Tiempo de lectura\" \/>\n\t<meta name=\"twitter:data2\" content=\"7 minutos\" \/>\n<script type=\"application\/ld+json\" class=\"yoast-schema-graph\">{\"@context\":\"https:\\\/\\\/schema.org\",\"@graph\":[{\"@type\":\"Article\",\"@id\":\"https:\\\/\\\/diariofemenino.com.ar\\\/df\\\/el-acceso-a-la-justicia-de-las-mujeres-victimas-de-violencia\\\/#article\",\"isPartOf\":{\"@id\":\"https:\\\/\\\/diariofemenino.com.ar\\\/df\\\/el-acceso-a-la-justicia-de-las-mujeres-victimas-de-violencia\\\/\"},\"author\":{\"name\":\"Admin\",\"@id\":\"https:\\\/\\\/diariofemenino.com.ar\\\/df\\\/#\\\/schema\\\/person\\\/38f54b3bfd13f561de2460ba95c169c6\"},\"headline\":\"El acceso a la justicia de las mujeres v\u00edctimas de violencia\",\"datePublished\":\"2013-02-26T00:01:51+00:00\",\"mainEntityOfPage\":{\"@id\":\"https:\\\/\\\/diariofemenino.com.ar\\\/df\\\/el-acceso-a-la-justicia-de-las-mujeres-victimas-de-violencia\\\/\"},\"wordCount\":1365,\"commentCount\":0,\"publisher\":{\"@id\":\"https:\\\/\\\/diariofemenino.com.ar\\\/df\\\/#organization\"},\"articleSection\":[\"De la Revoluci\u00f3n al Reaprendizaje\",\"Medios\"],\"inLanguage\":\"es\",\"potentialAction\":[{\"@type\":\"CommentAction\",\"name\":\"Comment\",\"target\":[\"https:\\\/\\\/diariofemenino.com.ar\\\/df\\\/el-acceso-a-la-justicia-de-las-mujeres-victimas-de-violencia\\\/#respond\"]}]},{\"@type\":\"WebPage\",\"@id\":\"https:\\\/\\\/diariofemenino.com.ar\\\/df\\\/el-acceso-a-la-justicia-de-las-mujeres-victimas-de-violencia\\\/\",\"url\":\"https:\\\/\\\/diariofemenino.com.ar\\\/df\\\/el-acceso-a-la-justicia-de-las-mujeres-victimas-de-violencia\\\/\",\"name\":\"El acceso a la justicia de las mujeres v\u00edctimas de violencia - Diario Digital Femenino\",\"isPartOf\":{\"@id\":\"https:\\\/\\\/diariofemenino.com.ar\\\/df\\\/#website\"},\"datePublished\":\"2013-02-26T00:01:51+00:00\",\"breadcrumb\":{\"@id\":\"https:\\\/\\\/diariofemenino.com.ar\\\/df\\\/el-acceso-a-la-justicia-de-las-mujeres-victimas-de-violencia\\\/#breadcrumb\"},\"inLanguage\":\"es\",\"potentialAction\":[{\"@type\":\"ReadAction\",\"target\":[\"https:\\\/\\\/diariofemenino.com.ar\\\/df\\\/el-acceso-a-la-justicia-de-las-mujeres-victimas-de-violencia\\\/\"]}]},{\"@type\":\"BreadcrumbList\",\"@id\":\"https:\\\/\\\/diariofemenino.com.ar\\\/df\\\/el-acceso-a-la-justicia-de-las-mujeres-victimas-de-violencia\\\/#breadcrumb\",\"itemListElement\":[{\"@type\":\"ListItem\",\"position\":1,\"name\":\"Portada\",\"item\":\"https:\\\/\\\/diariofemenino.com.ar\\\/df\\\/\"},{\"@type\":\"ListItem\",\"position\":2,\"name\":\"El acceso a la justicia de las mujeres v\u00edctimas de violencia\"}]},{\"@type\":\"WebSite\",\"@id\":\"https:\\\/\\\/diariofemenino.com.ar\\\/df\\\/#website\",\"url\":\"https:\\\/\\\/diariofemenino.com.ar\\\/df\\\/\",\"name\":\"Diario Digital Femenino\",\"description\":\"Cuesti\u00f3n de G\u00e9nero\",\"publisher\":{\"@id\":\"https:\\\/\\\/diariofemenino.com.ar\\\/df\\\/#organization\"},\"potentialAction\":[{\"@type\":\"SearchAction\",\"target\":{\"@type\":\"EntryPoint\",\"urlTemplate\":\"https:\\\/\\\/diariofemenino.com.ar\\\/df\\\/?s={search_term_string}\"},\"query-input\":{\"@type\":\"PropertyValueSpecification\",\"valueRequired\":true,\"valueName\":\"search_term_string\"}}],\"inLanguage\":\"es\"},{\"@type\":\"Organization\",\"@id\":\"https:\\\/\\\/diariofemenino.com.ar\\\/df\\\/#organization\",\"name\":\"Diario Femenino\",\"url\":\"https:\\\/\\\/diariofemenino.com.ar\\\/df\\\/\",\"logo\":{\"@type\":\"ImageObject\",\"inLanguage\":\"es\",\"@id\":\"https:\\\/\\\/diariofemenino.com.ar\\\/df\\\/#\\\/schema\\\/logo\\\/image\\\/\",\"url\":\"https:\\\/\\\/diariofemenino.com.ar\\\/df\\\/wp-content\\\/uploads\\\/2018\\\/10\\\/logo.png\",\"contentUrl\":\"https:\\\/\\\/diariofemenino.com.ar\\\/df\\\/wp-content\\\/uploads\\\/2018\\\/10\\\/logo.png\",\"width\":500,\"height\":92,\"caption\":\"Diario Femenino\"},\"image\":{\"@id\":\"https:\\\/\\\/diariofemenino.com.ar\\\/df\\\/#\\\/schema\\\/logo\\\/image\\\/\"},\"sameAs\":[\"https:\\\/\\\/www.facebook.com\\\/DiarioDigitaFemenino\\\/\",\"https:\\\/\\\/x.com\\\/DiarioFemenino1\"]},{\"@type\":\"Person\",\"@id\":\"https:\\\/\\\/diariofemenino.com.ar\\\/df\\\/#\\\/schema\\\/person\\\/38f54b3bfd13f561de2460ba95c169c6\",\"name\":\"Admin\",\"image\":{\"@type\":\"ImageObject\",\"inLanguage\":\"es\",\"@id\":\"https:\\\/\\\/diariofemenino.com.ar\\\/df\\\/wp-content\\\/uploads\\\/2018\\\/12\\\/favicon-150x150.jpg\",\"url\":\"https:\\\/\\\/diariofemenino.com.ar\\\/df\\\/wp-content\\\/uploads\\\/2018\\\/12\\\/favicon-150x150.jpg\",\"contentUrl\":\"https:\\\/\\\/diariofemenino.com.ar\\\/df\\\/wp-content\\\/uploads\\\/2018\\\/12\\\/favicon-150x150.jpg\",\"caption\":\"Admin\"},\"url\":\"https:\\\/\\\/diariofemenino.com.ar\\\/df\\\/author\\\/adm18df\\\/\"}]}<\/script>\n<!-- \/ Yoast SEO plugin. -->","yoast_head_json":{"title":"El acceso a la justicia de las mujeres v\u00edctimas de violencia - Diario Digital Femenino","robots":{"index":"index","follow":"follow","max-snippet":"max-snippet:-1","max-image-preview":"max-image-preview:large","max-video-preview":"max-video-preview:-1"},"canonical":"https:\/\/diariofemenino.com.ar\/df\/el-acceso-a-la-justicia-de-las-mujeres-victimas-de-violencia\/","og_locale":"es_ES","og_type":"article","og_title":"El acceso a la justicia de las mujeres v\u00edctimas de violencia - Diario Digital Femenino","og_description":"&nbsp; &nbsp; Dentro del Documento:\u00a0presentado hoy por Sistema Interamericano de Derechos Humanos (SIDH)- ADS Se encuentra este art\u00edculo de Norma Chiapparrone. &nbsp; Por Norma Graciela Chiapparrone* \u00a0Para el sistema interamericano de derechos humanos el acceso a la justicia es esencial, y supone no s\u00f3lo la posibilidad de presentar una demanda ante un tribunal de justicia, [&hellip;]","og_url":"https:\/\/diariofemenino.com.ar\/df\/el-acceso-a-la-justicia-de-las-mujeres-victimas-de-violencia\/","og_site_name":"Diario Digital Femenino","article_publisher":"https:\/\/www.facebook.com\/DiarioDigitaFemenino\/","article_published_time":"2013-02-26T00:01:51+00:00","og_image":[{"width":855,"height":319,"url":"https:\/\/diariofemenino.com.ar\/df\/wp-content\/uploads\/2016\/10\/logo-negro.png","type":"image\/png"}],"author":"Admin","twitter_card":"summary_large_image","twitter_creator":"@DiarioFemenino1","twitter_site":"@DiarioFemenino1","twitter_misc":{"Escrito por":"Admin","Tiempo de lectura":"7 minutos"},"schema":{"@context":"https:\/\/schema.org","@graph":[{"@type":"Article","@id":"https:\/\/diariofemenino.com.ar\/df\/el-acceso-a-la-justicia-de-las-mujeres-victimas-de-violencia\/#article","isPartOf":{"@id":"https:\/\/diariofemenino.com.ar\/df\/el-acceso-a-la-justicia-de-las-mujeres-victimas-de-violencia\/"},"author":{"name":"Admin","@id":"https:\/\/diariofemenino.com.ar\/df\/#\/schema\/person\/38f54b3bfd13f561de2460ba95c169c6"},"headline":"El acceso a la justicia de las mujeres v\u00edctimas de violencia","datePublished":"2013-02-26T00:01:51+00:00","mainEntityOfPage":{"@id":"https:\/\/diariofemenino.com.ar\/df\/el-acceso-a-la-justicia-de-las-mujeres-victimas-de-violencia\/"},"wordCount":1365,"commentCount":0,"publisher":{"@id":"https:\/\/diariofemenino.com.ar\/df\/#organization"},"articleSection":["De la Revoluci\u00f3n al Reaprendizaje","Medios"],"inLanguage":"es","potentialAction":[{"@type":"CommentAction","name":"Comment","target":["https:\/\/diariofemenino.com.ar\/df\/el-acceso-a-la-justicia-de-las-mujeres-victimas-de-violencia\/#respond"]}]},{"@type":"WebPage","@id":"https:\/\/diariofemenino.com.ar\/df\/el-acceso-a-la-justicia-de-las-mujeres-victimas-de-violencia\/","url":"https:\/\/diariofemenino.com.ar\/df\/el-acceso-a-la-justicia-de-las-mujeres-victimas-de-violencia\/","name":"El acceso a la justicia de las mujeres v\u00edctimas de violencia - Diario Digital Femenino","isPartOf":{"@id":"https:\/\/diariofemenino.com.ar\/df\/#website"},"datePublished":"2013-02-26T00:01:51+00:00","breadcrumb":{"@id":"https:\/\/diariofemenino.com.ar\/df\/el-acceso-a-la-justicia-de-las-mujeres-victimas-de-violencia\/#breadcrumb"},"inLanguage":"es","potentialAction":[{"@type":"ReadAction","target":["https:\/\/diariofemenino.com.ar\/df\/el-acceso-a-la-justicia-de-las-mujeres-victimas-de-violencia\/"]}]},{"@type":"BreadcrumbList","@id":"https:\/\/diariofemenino.com.ar\/df\/el-acceso-a-la-justicia-de-las-mujeres-victimas-de-violencia\/#breadcrumb","itemListElement":[{"@type":"ListItem","position":1,"name":"Portada","item":"https:\/\/diariofemenino.com.ar\/df\/"},{"@type":"ListItem","position":2,"name":"El acceso a la justicia de las mujeres v\u00edctimas de violencia"}]},{"@type":"WebSite","@id":"https:\/\/diariofemenino.com.ar\/df\/#website","url":"https:\/\/diariofemenino.com.ar\/df\/","name":"Diario Digital Femenino","description":"Cuesti\u00f3n de G\u00e9nero","publisher":{"@id":"https:\/\/diariofemenino.com.ar\/df\/#organization"},"potentialAction":[{"@type":"SearchAction","target":{"@type":"EntryPoint","urlTemplate":"https:\/\/diariofemenino.com.ar\/df\/?s={search_term_string}"},"query-input":{"@type":"PropertyValueSpecification","valueRequired":true,"valueName":"search_term_string"}}],"inLanguage":"es"},{"@type":"Organization","@id":"https:\/\/diariofemenino.com.ar\/df\/#organization","name":"Diario Femenino","url":"https:\/\/diariofemenino.com.ar\/df\/","logo":{"@type":"ImageObject","inLanguage":"es","@id":"https:\/\/diariofemenino.com.ar\/df\/#\/schema\/logo\/image\/","url":"https:\/\/diariofemenino.com.ar\/df\/wp-content\/uploads\/2018\/10\/logo.png","contentUrl":"https:\/\/diariofemenino.com.ar\/df\/wp-content\/uploads\/2018\/10\/logo.png","width":500,"height":92,"caption":"Diario Femenino"},"image":{"@id":"https:\/\/diariofemenino.com.ar\/df\/#\/schema\/logo\/image\/"},"sameAs":["https:\/\/www.facebook.com\/DiarioDigitaFemenino\/","https:\/\/x.com\/DiarioFemenino1"]},{"@type":"Person","@id":"https:\/\/diariofemenino.com.ar\/df\/#\/schema\/person\/38f54b3bfd13f561de2460ba95c169c6","name":"Admin","image":{"@type":"ImageObject","inLanguage":"es","@id":"https:\/\/diariofemenino.com.ar\/df\/wp-content\/uploads\/2018\/12\/favicon-150x150.jpg","url":"https:\/\/diariofemenino.com.ar\/df\/wp-content\/uploads\/2018\/12\/favicon-150x150.jpg","contentUrl":"https:\/\/diariofemenino.com.ar\/df\/wp-content\/uploads\/2018\/12\/favicon-150x150.jpg","caption":"Admin"},"url":"https:\/\/diariofemenino.com.ar\/df\/author\/adm18df\/"}]}},"jetpack_featured_media_url":"","jetpack_sharing_enabled":true,"rttpg_featured_image_url":null,"rttpg_author":{"display_name":"Admin","author_link":"https:\/\/diariofemenino.com.ar\/df\/author\/adm18df\/"},"rttpg_comment":0,"rttpg_category":"<a href=\"https:\/\/diariofemenino.com.ar\/df\/category\/de-la-revolucion-al-reaprendizaje\/\" rel=\"category tag\">De la Revoluci\u00f3n al Reaprendizaje<\/a> <a href=\"https:\/\/diariofemenino.com.ar\/df\/category\/medios\/\" rel=\"category tag\">Medios<\/a>","rttpg_excerpt":"&nbsp; &nbsp; Dentro del Documento:\u00a0presentado hoy por Sistema Interamericano de Derechos Humanos (SIDH)- ADS Se encuentra este art\u00edculo de Norma Chiapparrone. &nbsp; Por Norma Graciela Chiapparrone* \u00a0Para el sistema interamericano de derechos humanos el acceso a la justicia es esencial, y supone no s\u00f3lo la posibilidad de presentar una demanda ante un tribunal de justicia,&hellip;","_links":{"self":[{"href":"https:\/\/diariofemenino.com.ar\/df\/wp-json\/wp\/v2\/posts\/5663","targetHints":{"allow":["GET"]}}],"collection":[{"href":"https:\/\/diariofemenino.com.ar\/df\/wp-json\/wp\/v2\/posts"}],"about":[{"href":"https:\/\/diariofemenino.com.ar\/df\/wp-json\/wp\/v2\/types\/post"}],"author":[{"embeddable":true,"href":"https:\/\/diariofemenino.com.ar\/df\/wp-json\/wp\/v2\/users\/1"}],"replies":[{"embeddable":true,"href":"https:\/\/diariofemenino.com.ar\/df\/wp-json\/wp\/v2\/comments?post=5663"}],"version-history":[{"count":0,"href":"https:\/\/diariofemenino.com.ar\/df\/wp-json\/wp\/v2\/posts\/5663\/revisions"}],"wp:attachment":[{"href":"https:\/\/diariofemenino.com.ar\/df\/wp-json\/wp\/v2\/media?parent=5663"}],"wp:term":[{"taxonomy":"category","embeddable":true,"href":"https:\/\/diariofemenino.com.ar\/df\/wp-json\/wp\/v2\/categories?post=5663"},{"taxonomy":"post_tag","embeddable":true,"href":"https:\/\/diariofemenino.com.ar\/df\/wp-json\/wp\/v2\/tags?post=5663"}],"curies":[{"name":"wp","href":"https:\/\/api.w.org\/{rel}","templated":true}]}}