{"id":5659,"date":"2013-02-25T15:33:54","date_gmt":"2013-02-25T18:33:54","guid":{"rendered":"http:\/\/www.diariofemenino.com.ar\/?p=5659"},"modified":"2013-02-25T15:33:54","modified_gmt":"2013-02-25T18:33:54","slug":"bajo-la-lupa-la-reforma-del-sistema-interamericano-de-derechos-humanos","status":"publish","type":"post","link":"https:\/\/diariofemenino.com.ar\/df\/bajo-la-lupa-la-reforma-del-sistema-interamericano-de-derechos-humanos\/","title":{"rendered":"BAJO LA LUPA: La reforma del Sistema Interamericano de Derechos Humanos"},"content":{"rendered":"<p>&nbsp;<br \/>\n&nbsp;<br \/>\n&nbsp;<\/p>\n<h4><strong>Debatiendo escenarios para Am\u00e9rica Latina<\/strong><\/h4>\n<p><a href=\"http:\/\/www.diariofemenino.com.ar\/wp-content\/uploads\/thumb.jpg\"><img loading=\"lazy\" decoding=\"async\" class=\"alignleft size-full wp-image-5660\" title=\"thumb\" src=\"http:\/\/www.diariofemenino.com.ar\/wp-content\/uploads\/thumb.jpg\" alt=\"\" width=\"200\" height=\"200\" \/><\/a>El Sistema Interamericano de Derechos Humanos (SIDH) es el marco legal de protecci\u00f3n de los derechos humanos en Am\u00e9rica. Org\u00e1nicamente, est\u00e1 integrado por la Comisi\u00f3n Interamericana de Derechos Humanos y la Corte Interamericana de Derechos Humanos. Hoy se encuentra bajo la lupa tanto por sus defensores que quieren mantenerlo o mejorarlo, como por sus detractores que lo juzgan sesgado o ineficaz y buscan disolverlo. Este 2013 se dar\u00e1 lugar un debate crucial para su futuro.<br \/>\nEspec\u00edficamente, desde hace m\u00e1s de un a\u00f1o, varios pa\u00edses miembros de la Organizaci\u00f3n de los Estados Americanos (OEA)\u00a0 buscan debilitar el Sistema Interamericano, en particular a la Comisi\u00f3n Interamericana de Derechos Humanos (CIDH), por medio de un proceso de reformas del Sistema que se decidir\u00e1 en marzo de 2013. Es decir, los pr\u00f3ximos meses ser\u00e1n claves.<br \/>\nDesde Asuntos del Sur nos propusimos poner sobre la mesa la discusi\u00f3n sobre su vigencia y utilidad para la protecci\u00f3n de los derechos humanos en la regi\u00f3n, con el mismo esp\u00edritu y metodolog\u00eda con el que nos planteamos todos los desaf\u00edos que enfrentan los pa\u00edses de Am\u00e9rica Latina. En Asuntos del Sur damos lugar a discusiones abiertas, sin tab\u00faes, en las que cualquiera puede participar. Es con esta \u00f3ptica hemos debatido temas tan \u00e1lgidos y diversos que van desde los modelos de desarrollo econ\u00f3mico hasta el aborto, pasando por pol\u00edticas de drogas, matrimonio igualitario y reformas fiscales. Esta posici\u00f3n no es neutral y as\u00e9ptica, nosotros tomamos posici\u00f3n, y en este caso la posici\u00f3n clara de la inalienabilidad de los derechos fundamentales del hombre, y del valor del SIDH \u2013 con pura consciencia de sus imperfecciones y de la pesada carga de su historia en Am\u00e9rica Latina. Nuestro enfoque respeta el origen etimol\u00f3gico de \u201cdebate\u201d en donde se busca \u201cbatir\u201d al adversario, pero en un sentido dial\u00e9ctico de construcci\u00f3n conocimiento, basado en evidencia pero sin dejar de respetar la pluralidad de ideas.<br \/>\nPara este debate contamos con la participaci\u00f3n de j\u00f3venes activistas de Argentina, Chile, Ecuador, Per\u00fa, Honduras, El Salvador, M\u00e9xico y Nicaragua que brindan sus puntos de vista criticando la transparencia del proceso de toma de decisiones dentro de la CIDH hasta la carga pol\u00edtica de algunas posiciones encontradas al sistema. Este trabajo ha sido dirigido por nuestra Coordinadora del \u00e1rea de Derechos Humanos, Mariana Rodr\u00edguez Pareja, y cuenta con el invaluable apoyo de Karla Morales (Ecuador) y Belissa Guerrero-Rivas (El Salvador).<br \/>\nPodemos adelantar que esta publicaci\u00f3n est\u00e1 sesgada, ya que la totalidad de los contribuyentes a este n\u00famero apoyan y abogan por el fortalecimiento del SIDH y condenan a las propuestas de ciertos pa\u00edses \u2013con Venezuela y Ecuador a la cabeza- que con la excusa de fortalecer al sistema en realidad buscan debilitarlo (Morales, Rodr\u00edguez Pareja, Goldar y Schmidhuber Pe\u00f1a). La idea que atraviesa a la gran mayor\u00eda de los art\u00edculos es que estos pa\u00edses buscan \u201crecuperar\u201d soberan\u00eda y la falta de voluntad a someterse a una justicia supranacional. Esto deber\u00eda alertarnos teniendo en cuenta la mochila pesada que tienen muchos de los Estados de la regi\u00f3n en relaci\u00f3n a los derechos humanos. Han sido, muchas veces, los propios Estados los principales victimarios de sus propias poblaciones.<br \/>\nDistintos autores destacan el rol valioso que ha tenido la CIDH en la defensa de los derechos de la mujer (Chiapparrone) y en procesos espec\u00edficos en pa\u00edses tan variados como Argentina, El Salvador, Per\u00fa y Guatemala (Rodr\u00edguez Pareja, Mi\u00f1o, Bengtsson, Herencia Carrasco). Con una mirada cr\u00edtica, algunos proponen reformas t\u00e9cnicas (Buend\u00eda, Mi\u00f1o), pero siempre en l\u00ednea de un fortalecimiento institucional del SIDH y desde la idea de universalidad de los derechos. Otros nos recuerdan que la CIDH ha desarrollado en la regi\u00f3n los est\u00e1ndares m\u00ednimos de respeto y garant\u00eda de los derechos humanos (Tamayo).<br \/>\nEsta publicaci\u00f3n, rica en perspectivas, geograf\u00edas y especialidad, busca en definitiva mostrar diferentes aspectos del debate con la voluntad de enriquecerlo, abrirlo y publicitarlo. El mismo sigue abierto.<strong> <\/strong><\/p>\n<p style=\"text-align: left;\" align=\"right\"><strong>Mat\u00edas Bianchi, <\/strong><strong>Director de Asuntos del Sur <\/strong><\/p>\n<p style=\"text-align: left;\" align=\"right\"><strong><a href=\"https:\/\/diariofemenino.com.ar\/documentos\/Documento-Debate-1-Bajo-la-lupa-SIDH1.pdf\">Descargar el documento completo.<\/a><\/strong><\/p>\n<p style=\"text-align: left;\" align=\"right\"><strong><\/strong><\/p>\n","protected":false},"excerpt":{"rendered":"<p>&nbsp; &nbsp; &nbsp; Debatiendo escenarios para Am\u00e9rica Latina El Sistema Interamericano de Derechos Humanos (SIDH) es el marco legal de protecci\u00f3n de los derechos humanos en Am\u00e9rica. Org\u00e1nicamente, est\u00e1 integrado por la Comisi\u00f3n Interamericana de Derechos Humanos y la Corte Interamericana de Derechos Humanos. Hoy se encuentra bajo la lupa tanto por sus defensores que [&hellip;]<\/p>\n","protected":false},"author":1,"featured_media":0,"comment_status":"open","ping_status":"open","sticky":false,"template":"","format":"standard","meta":{"iawp_total_views":4,"footnotes":""},"categories":[4,6,21],"tags":[],"class_list":["post-5659","post","type-post","status-publish","format-standard","hentry","category-medios","category-articulos","category-noticias"],"nelio_content":{"autoShareEndMode":"never","automationSources":{"useCustomSentences":false,"customSentences":[]},"efiAlt":"","efiUrl":"","followers":[],"highlights":[],"isAutoShareEnabled":true,"networkImageIds":[],"permalinkQueryArgs":[],"series":[],"suggestedReferences":[]},"yoast_head":"<!-- This site is optimized with the Yoast SEO plugin v27.4 - https:\/\/yoast.com\/product\/yoast-seo-wordpress\/ -->\n<title>BAJO LA LUPA: La reforma del Sistema Interamericano de Derechos Humanos - Diario Digital Femenino<\/title>\n<meta name=\"robots\" content=\"index, follow, max-snippet:-1, max-image-preview:large, max-video-preview:-1\" \/>\n<link rel=\"canonical\" href=\"https:\/\/diariofemenino.com.ar\/df\/bajo-la-lupa-la-reforma-del-sistema-interamericano-de-derechos-humanos\/\" \/>\n<meta property=\"og:locale\" content=\"es_ES\" \/>\n<meta property=\"og:type\" content=\"article\" \/>\n<meta property=\"og:title\" content=\"BAJO LA LUPA: La reforma del Sistema Interamericano de Derechos Humanos - Diario Digital Femenino\" \/>\n<meta property=\"og:description\" content=\"&nbsp; &nbsp; &nbsp; Debatiendo escenarios para Am\u00e9rica Latina El Sistema Interamericano de Derechos Humanos (SIDH) es el marco legal de protecci\u00f3n de los derechos humanos en Am\u00e9rica. Org\u00e1nicamente, est\u00e1 integrado por la Comisi\u00f3n Interamericana de Derechos Humanos y la Corte Interamericana de Derechos Humanos. Hoy se encuentra bajo la lupa tanto por sus defensores que [&hellip;]\" \/>\n<meta property=\"og:url\" content=\"https:\/\/diariofemenino.com.ar\/df\/bajo-la-lupa-la-reforma-del-sistema-interamericano-de-derechos-humanos\/\" \/>\n<meta property=\"og:site_name\" content=\"Diario Digital Femenino\" \/>\n<meta property=\"article:publisher\" content=\"https:\/\/www.facebook.com\/DiarioDigitaFemenino\/\" \/>\n<meta property=\"article:published_time\" content=\"2013-02-25T18:33:54+00:00\" \/>\n<meta property=\"og:image\" content=\"http:\/\/www.diariofemenino.com.ar\/wp-content\/uploads\/thumb.jpg\" \/>\n<meta name=\"author\" content=\"Admin\" \/>\n<meta name=\"twitter:card\" content=\"summary_large_image\" \/>\n<meta name=\"twitter:creator\" content=\"@DiarioFemenino1\" \/>\n<meta name=\"twitter:site\" content=\"@DiarioFemenino1\" \/>\n<meta name=\"twitter:label1\" content=\"Escrito por\" \/>\n\t<meta name=\"twitter:data1\" content=\"Admin\" \/>\n\t<meta name=\"twitter:label2\" content=\"Tiempo de lectura\" \/>\n\t<meta name=\"twitter:data2\" content=\"4 minutos\" \/>\n<script type=\"application\/ld+json\" class=\"yoast-schema-graph\">{\"@context\":\"https:\\\/\\\/schema.org\",\"@graph\":[{\"@type\":\"Article\",\"@id\":\"https:\\\/\\\/diariofemenino.com.ar\\\/df\\\/bajo-la-lupa-la-reforma-del-sistema-interamericano-de-derechos-humanos\\\/#article\",\"isPartOf\":{\"@id\":\"https:\\\/\\\/diariofemenino.com.ar\\\/df\\\/bajo-la-lupa-la-reforma-del-sistema-interamericano-de-derechos-humanos\\\/\"},\"author\":{\"name\":\"Admin\",\"@id\":\"https:\\\/\\\/diariofemenino.com.ar\\\/df\\\/#\\\/schema\\\/person\\\/38f54b3bfd13f561de2460ba95c169c6\"},\"headline\":\"BAJO LA LUPA: La reforma del Sistema Interamericano de Derechos Humanos\",\"datePublished\":\"2013-02-25T18:33:54+00:00\",\"mainEntityOfPage\":{\"@id\":\"https:\\\/\\\/diariofemenino.com.ar\\\/df\\\/bajo-la-lupa-la-reforma-del-sistema-interamericano-de-derechos-humanos\\\/\"},\"wordCount\":733,\"commentCount\":0,\"publisher\":{\"@id\":\"https:\\\/\\\/diariofemenino.com.ar\\\/df\\\/#organization\"},\"image\":{\"@id\":\"https:\\\/\\\/diariofemenino.com.ar\\\/df\\\/bajo-la-lupa-la-reforma-del-sistema-interamericano-de-derechos-humanos\\\/#primaryimage\"},\"thumbnailUrl\":\"http:\\\/\\\/www.diariofemenino.com.ar\\\/wp-content\\\/uploads\\\/thumb.jpg\",\"articleSection\":[\"Medios\",\"Mujeres en Palabras\",\"Noticias\"],\"inLanguage\":\"es\",\"potentialAction\":[{\"@type\":\"CommentAction\",\"name\":\"Comment\",\"target\":[\"https:\\\/\\\/diariofemenino.com.ar\\\/df\\\/bajo-la-lupa-la-reforma-del-sistema-interamericano-de-derechos-humanos\\\/#respond\"]}]},{\"@type\":\"WebPage\",\"@id\":\"https:\\\/\\\/diariofemenino.com.ar\\\/df\\\/bajo-la-lupa-la-reforma-del-sistema-interamericano-de-derechos-humanos\\\/\",\"url\":\"https:\\\/\\\/diariofemenino.com.ar\\\/df\\\/bajo-la-lupa-la-reforma-del-sistema-interamericano-de-derechos-humanos\\\/\",\"name\":\"BAJO LA LUPA: La reforma del Sistema Interamericano de Derechos Humanos - Diario Digital Femenino\",\"isPartOf\":{\"@id\":\"https:\\\/\\\/diariofemenino.com.ar\\\/df\\\/#website\"},\"primaryImageOfPage\":{\"@id\":\"https:\\\/\\\/diariofemenino.com.ar\\\/df\\\/bajo-la-lupa-la-reforma-del-sistema-interamericano-de-derechos-humanos\\\/#primaryimage\"},\"image\":{\"@id\":\"https:\\\/\\\/diariofemenino.com.ar\\\/df\\\/bajo-la-lupa-la-reforma-del-sistema-interamericano-de-derechos-humanos\\\/#primaryimage\"},\"thumbnailUrl\":\"http:\\\/\\\/www.diariofemenino.com.ar\\\/wp-content\\\/uploads\\\/thumb.jpg\",\"datePublished\":\"2013-02-25T18:33:54+00:00\",\"breadcrumb\":{\"@id\":\"https:\\\/\\\/diariofemenino.com.ar\\\/df\\\/bajo-la-lupa-la-reforma-del-sistema-interamericano-de-derechos-humanos\\\/#breadcrumb\"},\"inLanguage\":\"es\",\"potentialAction\":[{\"@type\":\"ReadAction\",\"target\":[\"https:\\\/\\\/diariofemenino.com.ar\\\/df\\\/bajo-la-lupa-la-reforma-del-sistema-interamericano-de-derechos-humanos\\\/\"]}]},{\"@type\":\"ImageObject\",\"inLanguage\":\"es\",\"@id\":\"https:\\\/\\\/diariofemenino.com.ar\\\/df\\\/bajo-la-lupa-la-reforma-del-sistema-interamericano-de-derechos-humanos\\\/#primaryimage\",\"url\":\"http:\\\/\\\/www.diariofemenino.com.ar\\\/wp-content\\\/uploads\\\/thumb.jpg\",\"contentUrl\":\"http:\\\/\\\/www.diariofemenino.com.ar\\\/wp-content\\\/uploads\\\/thumb.jpg\"},{\"@type\":\"BreadcrumbList\",\"@id\":\"https:\\\/\\\/diariofemenino.com.ar\\\/df\\\/bajo-la-lupa-la-reforma-del-sistema-interamericano-de-derechos-humanos\\\/#breadcrumb\",\"itemListElement\":[{\"@type\":\"ListItem\",\"position\":1,\"name\":\"Portada\",\"item\":\"https:\\\/\\\/diariofemenino.com.ar\\\/df\\\/\"},{\"@type\":\"ListItem\",\"position\":2,\"name\":\"BAJO LA LUPA: La reforma del Sistema Interamericano de Derechos Humanos\"}]},{\"@type\":\"WebSite\",\"@id\":\"https:\\\/\\\/diariofemenino.com.ar\\\/df\\\/#website\",\"url\":\"https:\\\/\\\/diariofemenino.com.ar\\\/df\\\/\",\"name\":\"Diario Digital Femenino\",\"description\":\"Cuesti\u00f3n de G\u00e9nero\",\"publisher\":{\"@id\":\"https:\\\/\\\/diariofemenino.com.ar\\\/df\\\/#organization\"},\"potentialAction\":[{\"@type\":\"SearchAction\",\"target\":{\"@type\":\"EntryPoint\",\"urlTemplate\":\"https:\\\/\\\/diariofemenino.com.ar\\\/df\\\/?s={search_term_string}\"},\"query-input\":{\"@type\":\"PropertyValueSpecification\",\"valueRequired\":true,\"valueName\":\"search_term_string\"}}],\"inLanguage\":\"es\"},{\"@type\":\"Organization\",\"@id\":\"https:\\\/\\\/diariofemenino.com.ar\\\/df\\\/#organization\",\"name\":\"Diario Femenino\",\"url\":\"https:\\\/\\\/diariofemenino.com.ar\\\/df\\\/\",\"logo\":{\"@type\":\"ImageObject\",\"inLanguage\":\"es\",\"@id\":\"https:\\\/\\\/diariofemenino.com.ar\\\/df\\\/#\\\/schema\\\/logo\\\/image\\\/\",\"url\":\"https:\\\/\\\/diariofemenino.com.ar\\\/df\\\/wp-content\\\/uploads\\\/2018\\\/10\\\/logo.png\",\"contentUrl\":\"https:\\\/\\\/diariofemenino.com.ar\\\/df\\\/wp-content\\\/uploads\\\/2018\\\/10\\\/logo.png\",\"width\":500,\"height\":92,\"caption\":\"Diario Femenino\"},\"image\":{\"@id\":\"https:\\\/\\\/diariofemenino.com.ar\\\/df\\\/#\\\/schema\\\/logo\\\/image\\\/\"},\"sameAs\":[\"https:\\\/\\\/www.facebook.com\\\/DiarioDigitaFemenino\\\/\",\"https:\\\/\\\/x.com\\\/DiarioFemenino1\"]},{\"@type\":\"Person\",\"@id\":\"https:\\\/\\\/diariofemenino.com.ar\\\/df\\\/#\\\/schema\\\/person\\\/38f54b3bfd13f561de2460ba95c169c6\",\"name\":\"Admin\",\"image\":{\"@type\":\"ImageObject\",\"inLanguage\":\"es\",\"@id\":\"https:\\\/\\\/diariofemenino.com.ar\\\/df\\\/wp-content\\\/uploads\\\/2018\\\/12\\\/favicon-150x150.jpg\",\"url\":\"https:\\\/\\\/diariofemenino.com.ar\\\/df\\\/wp-content\\\/uploads\\\/2018\\\/12\\\/favicon-150x150.jpg\",\"contentUrl\":\"https:\\\/\\\/diariofemenino.com.ar\\\/df\\\/wp-content\\\/uploads\\\/2018\\\/12\\\/favicon-150x150.jpg\",\"caption\":\"Admin\"},\"url\":\"https:\\\/\\\/diariofemenino.com.ar\\\/df\\\/author\\\/adm18df\\\/\"}]}<\/script>\n<!-- \/ Yoast SEO plugin. -->","yoast_head_json":{"title":"BAJO LA LUPA: La reforma del Sistema Interamericano de Derechos Humanos - Diario Digital Femenino","robots":{"index":"index","follow":"follow","max-snippet":"max-snippet:-1","max-image-preview":"max-image-preview:large","max-video-preview":"max-video-preview:-1"},"canonical":"https:\/\/diariofemenino.com.ar\/df\/bajo-la-lupa-la-reforma-del-sistema-interamericano-de-derechos-humanos\/","og_locale":"es_ES","og_type":"article","og_title":"BAJO LA LUPA: La reforma del Sistema Interamericano de Derechos Humanos - Diario Digital Femenino","og_description":"&nbsp; &nbsp; &nbsp; Debatiendo escenarios para Am\u00e9rica Latina El Sistema Interamericano de Derechos Humanos (SIDH) es el marco legal de protecci\u00f3n de los derechos humanos en Am\u00e9rica. Org\u00e1nicamente, est\u00e1 integrado por la Comisi\u00f3n Interamericana de Derechos Humanos y la Corte Interamericana de Derechos Humanos. Hoy se encuentra bajo la lupa tanto por sus defensores que [&hellip;]","og_url":"https:\/\/diariofemenino.com.ar\/df\/bajo-la-lupa-la-reforma-del-sistema-interamericano-de-derechos-humanos\/","og_site_name":"Diario Digital Femenino","article_publisher":"https:\/\/www.facebook.com\/DiarioDigitaFemenino\/","article_published_time":"2013-02-25T18:33:54+00:00","og_image":[{"url":"http:\/\/www.diariofemenino.com.ar\/wp-content\/uploads\/thumb.jpg","type":"","width":"","height":""}],"author":"Admin","twitter_card":"summary_large_image","twitter_creator":"@DiarioFemenino1","twitter_site":"@DiarioFemenino1","twitter_misc":{"Escrito por":"Admin","Tiempo de lectura":"4 minutos"},"schema":{"@context":"https:\/\/schema.org","@graph":[{"@type":"Article","@id":"https:\/\/diariofemenino.com.ar\/df\/bajo-la-lupa-la-reforma-del-sistema-interamericano-de-derechos-humanos\/#article","isPartOf":{"@id":"https:\/\/diariofemenino.com.ar\/df\/bajo-la-lupa-la-reforma-del-sistema-interamericano-de-derechos-humanos\/"},"author":{"name":"Admin","@id":"https:\/\/diariofemenino.com.ar\/df\/#\/schema\/person\/38f54b3bfd13f561de2460ba95c169c6"},"headline":"BAJO LA LUPA: La reforma del Sistema Interamericano de Derechos Humanos","datePublished":"2013-02-25T18:33:54+00:00","mainEntityOfPage":{"@id":"https:\/\/diariofemenino.com.ar\/df\/bajo-la-lupa-la-reforma-del-sistema-interamericano-de-derechos-humanos\/"},"wordCount":733,"commentCount":0,"publisher":{"@id":"https:\/\/diariofemenino.com.ar\/df\/#organization"},"image":{"@id":"https:\/\/diariofemenino.com.ar\/df\/bajo-la-lupa-la-reforma-del-sistema-interamericano-de-derechos-humanos\/#primaryimage"},"thumbnailUrl":"http:\/\/www.diariofemenino.com.ar\/wp-content\/uploads\/thumb.jpg","articleSection":["Medios","Mujeres en Palabras","Noticias"],"inLanguage":"es","potentialAction":[{"@type":"CommentAction","name":"Comment","target":["https:\/\/diariofemenino.com.ar\/df\/bajo-la-lupa-la-reforma-del-sistema-interamericano-de-derechos-humanos\/#respond"]}]},{"@type":"WebPage","@id":"https:\/\/diariofemenino.com.ar\/df\/bajo-la-lupa-la-reforma-del-sistema-interamericano-de-derechos-humanos\/","url":"https:\/\/diariofemenino.com.ar\/df\/bajo-la-lupa-la-reforma-del-sistema-interamericano-de-derechos-humanos\/","name":"BAJO LA LUPA: La reforma del Sistema Interamericano de Derechos Humanos - Diario Digital Femenino","isPartOf":{"@id":"https:\/\/diariofemenino.com.ar\/df\/#website"},"primaryImageOfPage":{"@id":"https:\/\/diariofemenino.com.ar\/df\/bajo-la-lupa-la-reforma-del-sistema-interamericano-de-derechos-humanos\/#primaryimage"},"image":{"@id":"https:\/\/diariofemenino.com.ar\/df\/bajo-la-lupa-la-reforma-del-sistema-interamericano-de-derechos-humanos\/#primaryimage"},"thumbnailUrl":"http:\/\/www.diariofemenino.com.ar\/wp-content\/uploads\/thumb.jpg","datePublished":"2013-02-25T18:33:54+00:00","breadcrumb":{"@id":"https:\/\/diariofemenino.com.ar\/df\/bajo-la-lupa-la-reforma-del-sistema-interamericano-de-derechos-humanos\/#breadcrumb"},"inLanguage":"es","potentialAction":[{"@type":"ReadAction","target":["https:\/\/diariofemenino.com.ar\/df\/bajo-la-lupa-la-reforma-del-sistema-interamericano-de-derechos-humanos\/"]}]},{"@type":"ImageObject","inLanguage":"es","@id":"https:\/\/diariofemenino.com.ar\/df\/bajo-la-lupa-la-reforma-del-sistema-interamericano-de-derechos-humanos\/#primaryimage","url":"http:\/\/www.diariofemenino.com.ar\/wp-content\/uploads\/thumb.jpg","contentUrl":"http:\/\/www.diariofemenino.com.ar\/wp-content\/uploads\/thumb.jpg"},{"@type":"BreadcrumbList","@id":"https:\/\/diariofemenino.com.ar\/df\/bajo-la-lupa-la-reforma-del-sistema-interamericano-de-derechos-humanos\/#breadcrumb","itemListElement":[{"@type":"ListItem","position":1,"name":"Portada","item":"https:\/\/diariofemenino.com.ar\/df\/"},{"@type":"ListItem","position":2,"name":"BAJO LA LUPA: La reforma del Sistema Interamericano de Derechos Humanos"}]},{"@type":"WebSite","@id":"https:\/\/diariofemenino.com.ar\/df\/#website","url":"https:\/\/diariofemenino.com.ar\/df\/","name":"Diario Digital Femenino","description":"Cuesti\u00f3n de G\u00e9nero","publisher":{"@id":"https:\/\/diariofemenino.com.ar\/df\/#organization"},"potentialAction":[{"@type":"SearchAction","target":{"@type":"EntryPoint","urlTemplate":"https:\/\/diariofemenino.com.ar\/df\/?s={search_term_string}"},"query-input":{"@type":"PropertyValueSpecification","valueRequired":true,"valueName":"search_term_string"}}],"inLanguage":"es"},{"@type":"Organization","@id":"https:\/\/diariofemenino.com.ar\/df\/#organization","name":"Diario Femenino","url":"https:\/\/diariofemenino.com.ar\/df\/","logo":{"@type":"ImageObject","inLanguage":"es","@id":"https:\/\/diariofemenino.com.ar\/df\/#\/schema\/logo\/image\/","url":"https:\/\/diariofemenino.com.ar\/df\/wp-content\/uploads\/2018\/10\/logo.png","contentUrl":"https:\/\/diariofemenino.com.ar\/df\/wp-content\/uploads\/2018\/10\/logo.png","width":500,"height":92,"caption":"Diario Femenino"},"image":{"@id":"https:\/\/diariofemenino.com.ar\/df\/#\/schema\/logo\/image\/"},"sameAs":["https:\/\/www.facebook.com\/DiarioDigitaFemenino\/","https:\/\/x.com\/DiarioFemenino1"]},{"@type":"Person","@id":"https:\/\/diariofemenino.com.ar\/df\/#\/schema\/person\/38f54b3bfd13f561de2460ba95c169c6","name":"Admin","image":{"@type":"ImageObject","inLanguage":"es","@id":"https:\/\/diariofemenino.com.ar\/df\/wp-content\/uploads\/2018\/12\/favicon-150x150.jpg","url":"https:\/\/diariofemenino.com.ar\/df\/wp-content\/uploads\/2018\/12\/favicon-150x150.jpg","contentUrl":"https:\/\/diariofemenino.com.ar\/df\/wp-content\/uploads\/2018\/12\/favicon-150x150.jpg","caption":"Admin"},"url":"https:\/\/diariofemenino.com.ar\/df\/author\/adm18df\/"}]}},"jetpack_featured_media_url":"","jetpack_sharing_enabled":true,"rttpg_featured_image_url":null,"rttpg_author":{"display_name":"Admin","author_link":"https:\/\/diariofemenino.com.ar\/df\/author\/adm18df\/"},"rttpg_comment":0,"rttpg_category":"<a href=\"https:\/\/diariofemenino.com.ar\/df\/category\/medios\/\" rel=\"category tag\">Medios<\/a> <a href=\"https:\/\/diariofemenino.com.ar\/df\/category\/articulos\/\" rel=\"category tag\">Mujeres en Palabras<\/a> <a href=\"https:\/\/diariofemenino.com.ar\/df\/category\/noticias\/\" rel=\"category tag\">Noticias<\/a>","rttpg_excerpt":"&nbsp; &nbsp; &nbsp; Debatiendo escenarios para Am\u00e9rica Latina El Sistema Interamericano de Derechos Humanos (SIDH) es el marco legal de protecci\u00f3n de los derechos humanos en Am\u00e9rica. Org\u00e1nicamente, est\u00e1 integrado por la Comisi\u00f3n Interamericana de Derechos Humanos y la Corte Interamericana de Derechos Humanos. Hoy se encuentra bajo la lupa tanto por sus defensores que&hellip;","_links":{"self":[{"href":"https:\/\/diariofemenino.com.ar\/df\/wp-json\/wp\/v2\/posts\/5659","targetHints":{"allow":["GET"]}}],"collection":[{"href":"https:\/\/diariofemenino.com.ar\/df\/wp-json\/wp\/v2\/posts"}],"about":[{"href":"https:\/\/diariofemenino.com.ar\/df\/wp-json\/wp\/v2\/types\/post"}],"author":[{"embeddable":true,"href":"https:\/\/diariofemenino.com.ar\/df\/wp-json\/wp\/v2\/users\/1"}],"replies":[{"embeddable":true,"href":"https:\/\/diariofemenino.com.ar\/df\/wp-json\/wp\/v2\/comments?post=5659"}],"version-history":[{"count":0,"href":"https:\/\/diariofemenino.com.ar\/df\/wp-json\/wp\/v2\/posts\/5659\/revisions"}],"wp:attachment":[{"href":"https:\/\/diariofemenino.com.ar\/df\/wp-json\/wp\/v2\/media?parent=5659"}],"wp:term":[{"taxonomy":"category","embeddable":true,"href":"https:\/\/diariofemenino.com.ar\/df\/wp-json\/wp\/v2\/categories?post=5659"},{"taxonomy":"post_tag","embeddable":true,"href":"https:\/\/diariofemenino.com.ar\/df\/wp-json\/wp\/v2\/tags?post=5659"}],"curies":[{"name":"wp","href":"https:\/\/api.w.org\/{rel}","templated":true}]}}