{"id":5653,"date":"2013-02-25T08:21:31","date_gmt":"2013-02-25T11:21:31","guid":{"rendered":"http:\/\/www.diariofemenino.com.ar\/?p=5653"},"modified":"2013-02-25T08:21:31","modified_gmt":"2013-02-25T11:21:31","slug":"jorge-taddei-para-evitar-violencia-de-genero-hay-que-educar-desde-el-jardin","status":"publish","type":"post","link":"https:\/\/diariofemenino.com.ar\/df\/jorge-taddei-para-evitar-violencia-de-genero-hay-que-educar-desde-el-jardin\/","title":{"rendered":"Jorge Taddei: \u201cPara evitar violencia de g\u00e9nero hay que educar desde el jard\u00edn\u201d"},"content":{"rendered":"<p>&nbsp;<br \/>\n&nbsp;<br \/>\n&nbsp;<br \/>\n&nbsp;<br \/>\nTiene 71 a\u00f1os pero no deja de moverse un minuto. Va de un juzgado a otro sin descanso. Jorge Taddei es padre de una v\u00edctima fatal de violencia de g\u00e9nero. Su hija Wanda muri\u00f3 a manos de su esposo, el exbaterista de Callejeros Eduardo V\u00e1zquez. El hombre fue condenado a 18 a\u00f1os de prisi\u00f3n con el atenuante de \u201cemoci\u00f3n violenta\u201d. A tres a\u00f1os de la muerte de Wanda, su padre busca que la Justicia revierta este fallo.<br \/>\n<a href=\"http:\/\/www.diariofemenino.com.ar\/wp-content\/uploads\/229610_6201.jpg\"><img loading=\"lazy\" decoding=\"async\" class=\"alignnone size-full wp-image-5655\" title=\"229610_620\" src=\"http:\/\/www.diariofemenino.com.ar\/wp-content\/uploads\/229610_6201.jpg\" alt=\"\" width=\"434\" height=\"326\" \/><\/a><br \/>\nEn di\u00e1logo con el\u00a0<strong>El Tribuno,\u00a0<\/strong>Taddei analiz\u00f3 las consecuencias que tuvo el caso de su hija y de las necesidad de \u201ceducar para tener una mejor sociedad\u201d.<br \/>\n<strong>\u00bfCree que la muerte de su hija a causa de las quemaduras que le provoc\u00f3 su esposo fue un disparador para que aumenten estos casos?<\/strong><br \/>\nSeg\u00fan la Casa del Encuentro en los \u00faltimos tres a\u00f1os hubo 132 casos similares. Creo que en los casos como los de mi hija hay un poco de todo. Un poco es que no se los da a conocer, no se hacen denuncias y, por otro lado, el morbo de la gente. En el caso de una persona conocida como era Eduardo V\u00e1zquez, exbaterista de Callejeros, con toda la publicidad y todo lo medi\u00e1tico que fue, tambi\u00e9n ayud\u00f3 a que esto se multiplique. En un primer momento, cuando V\u00e1zquez queda en libertad luego de atacar a mi hija, pens\u00e9 que como hab\u00eda impunidad en estos casos los ataques se multiplicaban. Pero despu\u00e9s, cuando queda detenido, juzgado y condenado los casos se siguen repitiendo. Entonces -la conclusi\u00f3n que saco y es algo que siempre pens\u00e9- es que ac\u00e1 hay un tema de fondo muy grave, que es un problema que no se va a resolver de hoy para ma\u00f1ana ni en uno ni en diez a\u00f1os. Se va a resolver cuando se trate a partir de la educaci\u00f3n, a partir de la primaria el cambio de paradigma de machismo que tiene la sociedad. Y no hablo s\u00f3lo de Argentina sino de todas las sociedades del mundo. Aun en sociedades avanzadas, tambi\u00e9n hay violencia de g\u00e9nero. Es muy profundo. Si lo queremos tratar con seriedad hay que educar. Desde el chiquito de jard\u00edn de infantes que empuja a la nenita.<br \/>\n<strong>La provincia de Buenos Aires analiza impartir en las escuelas secundarias una materia sobre violencia de g\u00e9nero&#8230;<\/strong><br \/>\nVan a poner como materia en la secundaria el tema de la violencia de g\u00e9nero. Esta es una de las formas. Si esto se hace a nivel nacional puede tener muy buen resultado.<br \/>\n<strong>El tema de la violencia se da en todas partes pero hay zonas del pa\u00eds donde parece que el machismo y estas actitudes son m\u00e1s arraigadas&#8230;<\/strong><br \/>\nTratando el tema de la violencia de g\u00e9nero me ha tocado estar en varias provincias y localidades del pa\u00eds. Y hay un caso que me llam\u00f3 mucho la atenci\u00f3n. En la localidad bonaerense de Lober\u00eda, que es una zona semirural, donde el intendente trabaj\u00f3 muy bien el tema. Nos dio la posibilidad de reunirnos con los estudiantes y ah\u00ed charlamos con los secundarios. Es muy bueno darles participaci\u00f3n en este tema. Si se profundiza, vamos a tener resultados. El machismo no es patrimonio de ninguna provincia en particular, se da en todos lados. Buenos Aires, Salta, M\u00e9xico, Guatemala, Chile&#8230; Todos tienen los mismos comportamientos. Esto es una educaci\u00f3n de miles de a\u00f1os que hay que revertir. Ojal\u00e1 que llegue la hora en que las sociedades tomen en serio lo importantes que es frenar la violencia de g\u00e9nero.<br \/>\nSi bien se mejor\u00f3 la legislaci\u00f3n con la figura del femicidio, parecer\u00eda que los jueces tienen temor de aplicarla.<br \/>\nNosotros tenemos una ley que es vanguardia pero no cambio nada. Las cosas no se van a cambiar solo con una ley ni con 100 cadenas perpetuas. Hay que trabajar desde otro lado, hay que cambiar la cabeza.<br \/>\n<strong>\u00bfHay una sensaci\u00f3n de impunidad por parte de los atacantes?<\/strong><br \/>\nAs\u00ed es. La ley de femicidio est\u00e1 reglamentada, en algunas provincias tambi\u00e9n se aplic\u00f3. En el caso de mi hija, por ejemplo, arrancamos con un juicio que estaba pr\u00e1cticamente cerrado. Mientras estuvo viva Wanda, nosotros no nos presentamos como querellantes, porque ella negaba lo ocurrido. Cuando muere mi hija, el defensor de V\u00e1zquez nos comunic\u00f3 que iban a pedirle a la Justicia que cierre el juicio. Nos presentamos como querellantes y fuimos a ver al fiscal. Sabe lo que me dijo el fiscal: \u201cTraiganme pruebas\u201d. \u00bfCu\u00e1l es la tarea de un fiscal? Traer pruebas, para eso tiene que trabajar con la Polic\u00eda. Bueno, pese a todo, nosotros trabajamos el caso, le llevamos las pruebas. Despu\u00e9s no nos permit\u00edan el uso de la c\u00e1mara Gessell. Luego un m\u00e9dico del hospital Santojanni se present\u00f3 y reconoci\u00f3 que Wanda le dijo \u201cmi marido me quem\u00f3\u201d. A partir de ah\u00ed reci\u00e9n lo mandan a juzgar a V\u00e1zquez. Ah\u00ed decimos ya vamos a juicio, que era lo importante. Pasa el juicio, un tribunal impecable que da un fallo vergonzoso. Porque le dan un atenuante a Eduardo V\u00e1zquez. Le dan el atenuante de \u201cemoci\u00f3n violenta\u201d. En el fallo descalifican a varios testigos de las peleas constantes. En la Justicia tenemos de todo: tenemos delincuentes, tenemos gente buena y tenemos hijos de puta. Y es la lucha, la lucha permanente para que no se den cosas as\u00ed.<br \/>\n<strong>Muchos jueces dan el atenuante de \u201cemoci\u00f3n violenta\u201d pero hay especialistas que dicen que el agresor sabe muy bien lo que hace&#8230;<\/strong><br \/>\nEl fallo que dieron en el juicio de Wanda dice que V\u00e1zquez estaba shockeado por un trauma que ten\u00eda, y era que Wanda le apag\u00f3 la luz, pero qued\u00f3 demostrado que mi hija no le apag\u00f3 la luz. Hay aberraciones jur\u00eddicas en la Justicia de la Naci\u00f3n.<br \/>\n<strong>El terrible \u201cefecto Wanda\u201d<\/strong><br \/>\nEl pasado 21 de febrero se cumplieron tres a\u00f1os del ataque que tuvo como v\u00edctima a Wanda Taddei, esposa del exbaterista de Callejeros Eduardo V\u00e1zquez. Desde entonces, las estad\u00edsticas en Argentina sobre mujeres incineradas por hombres son alarmantes. Entre el 10 de febrero de 2010 e igual d\u00eda de este a\u00f1o, ya son 132 los casos que se registraron bajo esta modalidad de agresi\u00f3n, de los cuales casi el 50 por ciento resultaron mortales.<br \/>\nS\u00f3lo el a\u00f1o pasado fueron contabilizados 53 ataques con fuego, la misma cantidad que en 2011; mientras que despu\u00e9s de que la joven Wanda fuera asesinada en 2010 fueron 20 las mujeres quemadas. En tanto, en lo que va de este a\u00f1o, ya se registraron 6 hechos m\u00e1s. Si se tiene en cuenta que en los dos a\u00f1os previos al ataque perpetrado por Eduardo V\u00e1zquez s\u00f3lo fueron identificadas 9 embestidas de estas caracter\u00edsticas, se evidencia el notable incremento de los casos enmarcados en un fen\u00f3meno que algunos especialistas explican como \u201cefecto Wanda\u201d.<br \/>\nEn torno a los datos estad\u00edsticos, se ubica al Conurbano bonaerense como la zona de mayor registro, con el 30% de los casos, Capital Federal con 5% y el interior del pa\u00eds con el 65% restante.<br \/>\n&nbsp;<br \/>\n&nbsp;<br \/>\n&nbsp;<br \/>\nCarina Costello.<\/p>\n","protected":false},"excerpt":{"rendered":"<p>&nbsp; &nbsp; &nbsp; &nbsp; Tiene 71 a\u00f1os pero no deja de moverse un minuto. Va de un juzgado a otro sin descanso. Jorge Taddei es padre de una v\u00edctima fatal de violencia de g\u00e9nero. Su hija Wanda muri\u00f3 a manos de su esposo, el exbaterista de Callejeros Eduardo V\u00e1zquez. El hombre fue condenado a 18 [&hellip;]<\/p>\n","protected":false},"author":1,"featured_media":0,"comment_status":"open","ping_status":"open","sticky":false,"template":"","format":"standard","meta":{"iawp_total_views":10,"footnotes":""},"categories":[8,5,4,13],"tags":[],"class_list":["post-5653","post","type-post","status-publish","format-standard","hentry","category-entrevistas","category-historias-de-vida","category-medios","category-mujeres-sindicalistas"],"nelio_content":{"autoShareEndMode":"never","automationSources":{"useCustomSentences":false,"customSentences":[]},"efiAlt":"","efiUrl":"","followers":[],"highlights":[],"isAutoShareEnabled":true,"networkImageIds":[],"permalinkQueryArgs":[],"series":[],"suggestedReferences":[]},"yoast_head":"<!-- This site is optimized with the Yoast SEO plugin v27.4 - https:\/\/yoast.com\/product\/yoast-seo-wordpress\/ -->\n<title>Jorge Taddei: \u201cPara evitar violencia de g\u00e9nero hay que educar desde el jard\u00edn\u201d - Diario Digital Femenino<\/title>\n<meta name=\"robots\" content=\"index, follow, max-snippet:-1, max-image-preview:large, max-video-preview:-1\" \/>\n<link rel=\"canonical\" href=\"https:\/\/diariofemenino.com.ar\/df\/jorge-taddei-para-evitar-violencia-de-genero-hay-que-educar-desde-el-jardin\/\" \/>\n<meta property=\"og:locale\" content=\"es_ES\" \/>\n<meta property=\"og:type\" content=\"article\" \/>\n<meta property=\"og:title\" content=\"Jorge Taddei: \u201cPara evitar violencia de g\u00e9nero hay que educar desde el jard\u00edn\u201d - Diario Digital Femenino\" \/>\n<meta property=\"og:description\" content=\"&nbsp; &nbsp; &nbsp; &nbsp; Tiene 71 a\u00f1os pero no deja de moverse un minuto. Va de un juzgado a otro sin descanso. Jorge Taddei es padre de una v\u00edctima fatal de violencia de g\u00e9nero. Su hija Wanda muri\u00f3 a manos de su esposo, el exbaterista de Callejeros Eduardo V\u00e1zquez. El hombre fue condenado a 18 [&hellip;]\" \/>\n<meta property=\"og:url\" content=\"https:\/\/diariofemenino.com.ar\/df\/jorge-taddei-para-evitar-violencia-de-genero-hay-que-educar-desde-el-jardin\/\" \/>\n<meta property=\"og:site_name\" content=\"Diario Digital Femenino\" \/>\n<meta property=\"article:publisher\" content=\"https:\/\/www.facebook.com\/DiarioDigitaFemenino\/\" \/>\n<meta property=\"article:published_time\" content=\"2013-02-25T11:21:31+00:00\" \/>\n<meta property=\"og:image\" content=\"http:\/\/www.diariofemenino.com.ar\/wp-content\/uploads\/229610_6201.jpg\" \/>\n<meta name=\"author\" content=\"Admin\" \/>\n<meta name=\"twitter:card\" content=\"summary_large_image\" \/>\n<meta name=\"twitter:creator\" content=\"@DiarioFemenino1\" \/>\n<meta name=\"twitter:site\" content=\"@DiarioFemenino1\" \/>\n<meta name=\"twitter:label1\" content=\"Escrito por\" \/>\n\t<meta name=\"twitter:data1\" content=\"Admin\" \/>\n\t<meta name=\"twitter:label2\" content=\"Tiempo de lectura\" \/>\n\t<meta name=\"twitter:data2\" content=\"6 minutos\" \/>\n<script type=\"application\/ld+json\" class=\"yoast-schema-graph\">{\"@context\":\"https:\\\/\\\/schema.org\",\"@graph\":[{\"@type\":\"Article\",\"@id\":\"https:\\\/\\\/diariofemenino.com.ar\\\/df\\\/jorge-taddei-para-evitar-violencia-de-genero-hay-que-educar-desde-el-jardin\\\/#article\",\"isPartOf\":{\"@id\":\"https:\\\/\\\/diariofemenino.com.ar\\\/df\\\/jorge-taddei-para-evitar-violencia-de-genero-hay-que-educar-desde-el-jardin\\\/\"},\"author\":{\"name\":\"Admin\",\"@id\":\"https:\\\/\\\/diariofemenino.com.ar\\\/df\\\/#\\\/schema\\\/person\\\/38f54b3bfd13f561de2460ba95c169c6\"},\"headline\":\"Jorge Taddei: \u201cPara evitar violencia de g\u00e9nero hay que educar desde el jard\u00edn\u201d\",\"datePublished\":\"2013-02-25T11:21:31+00:00\",\"mainEntityOfPage\":{\"@id\":\"https:\\\/\\\/diariofemenino.com.ar\\\/df\\\/jorge-taddei-para-evitar-violencia-de-genero-hay-que-educar-desde-el-jardin\\\/\"},\"wordCount\":1238,\"commentCount\":0,\"publisher\":{\"@id\":\"https:\\\/\\\/diariofemenino.com.ar\\\/df\\\/#organization\"},\"image\":{\"@id\":\"https:\\\/\\\/diariofemenino.com.ar\\\/df\\\/jorge-taddei-para-evitar-violencia-de-genero-hay-que-educar-desde-el-jardin\\\/#primaryimage\"},\"thumbnailUrl\":\"http:\\\/\\\/www.diariofemenino.com.ar\\\/wp-content\\\/uploads\\\/229610_6201.jpg\",\"articleSection\":[\"Entrevistas\",\"Historias de vida\",\"Medios\",\"Mujeres Sindicalistas\"],\"inLanguage\":\"es\",\"potentialAction\":[{\"@type\":\"CommentAction\",\"name\":\"Comment\",\"target\":[\"https:\\\/\\\/diariofemenino.com.ar\\\/df\\\/jorge-taddei-para-evitar-violencia-de-genero-hay-que-educar-desde-el-jardin\\\/#respond\"]}]},{\"@type\":\"WebPage\",\"@id\":\"https:\\\/\\\/diariofemenino.com.ar\\\/df\\\/jorge-taddei-para-evitar-violencia-de-genero-hay-que-educar-desde-el-jardin\\\/\",\"url\":\"https:\\\/\\\/diariofemenino.com.ar\\\/df\\\/jorge-taddei-para-evitar-violencia-de-genero-hay-que-educar-desde-el-jardin\\\/\",\"name\":\"Jorge Taddei: \u201cPara evitar violencia de g\u00e9nero hay que educar desde el jard\u00edn\u201d - Diario Digital Femenino\",\"isPartOf\":{\"@id\":\"https:\\\/\\\/diariofemenino.com.ar\\\/df\\\/#website\"},\"primaryImageOfPage\":{\"@id\":\"https:\\\/\\\/diariofemenino.com.ar\\\/df\\\/jorge-taddei-para-evitar-violencia-de-genero-hay-que-educar-desde-el-jardin\\\/#primaryimage\"},\"image\":{\"@id\":\"https:\\\/\\\/diariofemenino.com.ar\\\/df\\\/jorge-taddei-para-evitar-violencia-de-genero-hay-que-educar-desde-el-jardin\\\/#primaryimage\"},\"thumbnailUrl\":\"http:\\\/\\\/www.diariofemenino.com.ar\\\/wp-content\\\/uploads\\\/229610_6201.jpg\",\"datePublished\":\"2013-02-25T11:21:31+00:00\",\"breadcrumb\":{\"@id\":\"https:\\\/\\\/diariofemenino.com.ar\\\/df\\\/jorge-taddei-para-evitar-violencia-de-genero-hay-que-educar-desde-el-jardin\\\/#breadcrumb\"},\"inLanguage\":\"es\",\"potentialAction\":[{\"@type\":\"ReadAction\",\"target\":[\"https:\\\/\\\/diariofemenino.com.ar\\\/df\\\/jorge-taddei-para-evitar-violencia-de-genero-hay-que-educar-desde-el-jardin\\\/\"]}]},{\"@type\":\"ImageObject\",\"inLanguage\":\"es\",\"@id\":\"https:\\\/\\\/diariofemenino.com.ar\\\/df\\\/jorge-taddei-para-evitar-violencia-de-genero-hay-que-educar-desde-el-jardin\\\/#primaryimage\",\"url\":\"http:\\\/\\\/www.diariofemenino.com.ar\\\/wp-content\\\/uploads\\\/229610_6201.jpg\",\"contentUrl\":\"http:\\\/\\\/www.diariofemenino.com.ar\\\/wp-content\\\/uploads\\\/229610_6201.jpg\"},{\"@type\":\"BreadcrumbList\",\"@id\":\"https:\\\/\\\/diariofemenino.com.ar\\\/df\\\/jorge-taddei-para-evitar-violencia-de-genero-hay-que-educar-desde-el-jardin\\\/#breadcrumb\",\"itemListElement\":[{\"@type\":\"ListItem\",\"position\":1,\"name\":\"Portada\",\"item\":\"https:\\\/\\\/diariofemenino.com.ar\\\/df\\\/\"},{\"@type\":\"ListItem\",\"position\":2,\"name\":\"Jorge Taddei: \u201cPara evitar violencia de g\u00e9nero hay que educar desde el jard\u00edn\u201d\"}]},{\"@type\":\"WebSite\",\"@id\":\"https:\\\/\\\/diariofemenino.com.ar\\\/df\\\/#website\",\"url\":\"https:\\\/\\\/diariofemenino.com.ar\\\/df\\\/\",\"name\":\"Diario Digital Femenino\",\"description\":\"Cuesti\u00f3n de G\u00e9nero\",\"publisher\":{\"@id\":\"https:\\\/\\\/diariofemenino.com.ar\\\/df\\\/#organization\"},\"potentialAction\":[{\"@type\":\"SearchAction\",\"target\":{\"@type\":\"EntryPoint\",\"urlTemplate\":\"https:\\\/\\\/diariofemenino.com.ar\\\/df\\\/?s={search_term_string}\"},\"query-input\":{\"@type\":\"PropertyValueSpecification\",\"valueRequired\":true,\"valueName\":\"search_term_string\"}}],\"inLanguage\":\"es\"},{\"@type\":\"Organization\",\"@id\":\"https:\\\/\\\/diariofemenino.com.ar\\\/df\\\/#organization\",\"name\":\"Diario Femenino\",\"url\":\"https:\\\/\\\/diariofemenino.com.ar\\\/df\\\/\",\"logo\":{\"@type\":\"ImageObject\",\"inLanguage\":\"es\",\"@id\":\"https:\\\/\\\/diariofemenino.com.ar\\\/df\\\/#\\\/schema\\\/logo\\\/image\\\/\",\"url\":\"https:\\\/\\\/diariofemenino.com.ar\\\/df\\\/wp-content\\\/uploads\\\/2018\\\/10\\\/logo.png\",\"contentUrl\":\"https:\\\/\\\/diariofemenino.com.ar\\\/df\\\/wp-content\\\/uploads\\\/2018\\\/10\\\/logo.png\",\"width\":500,\"height\":92,\"caption\":\"Diario Femenino\"},\"image\":{\"@id\":\"https:\\\/\\\/diariofemenino.com.ar\\\/df\\\/#\\\/schema\\\/logo\\\/image\\\/\"},\"sameAs\":[\"https:\\\/\\\/www.facebook.com\\\/DiarioDigitaFemenino\\\/\",\"https:\\\/\\\/x.com\\\/DiarioFemenino1\"]},{\"@type\":\"Person\",\"@id\":\"https:\\\/\\\/diariofemenino.com.ar\\\/df\\\/#\\\/schema\\\/person\\\/38f54b3bfd13f561de2460ba95c169c6\",\"name\":\"Admin\",\"image\":{\"@type\":\"ImageObject\",\"inLanguage\":\"es\",\"@id\":\"https:\\\/\\\/diariofemenino.com.ar\\\/df\\\/wp-content\\\/uploads\\\/2018\\\/12\\\/favicon-150x150.jpg\",\"url\":\"https:\\\/\\\/diariofemenino.com.ar\\\/df\\\/wp-content\\\/uploads\\\/2018\\\/12\\\/favicon-150x150.jpg\",\"contentUrl\":\"https:\\\/\\\/diariofemenino.com.ar\\\/df\\\/wp-content\\\/uploads\\\/2018\\\/12\\\/favicon-150x150.jpg\",\"caption\":\"Admin\"},\"url\":\"https:\\\/\\\/diariofemenino.com.ar\\\/df\\\/author\\\/adm18df\\\/\"}]}<\/script>\n<!-- \/ Yoast SEO plugin. -->","yoast_head_json":{"title":"Jorge Taddei: \u201cPara evitar violencia de g\u00e9nero hay que educar desde el jard\u00edn\u201d - Diario Digital Femenino","robots":{"index":"index","follow":"follow","max-snippet":"max-snippet:-1","max-image-preview":"max-image-preview:large","max-video-preview":"max-video-preview:-1"},"canonical":"https:\/\/diariofemenino.com.ar\/df\/jorge-taddei-para-evitar-violencia-de-genero-hay-que-educar-desde-el-jardin\/","og_locale":"es_ES","og_type":"article","og_title":"Jorge Taddei: \u201cPara evitar violencia de g\u00e9nero hay que educar desde el jard\u00edn\u201d - Diario Digital Femenino","og_description":"&nbsp; &nbsp; &nbsp; &nbsp; Tiene 71 a\u00f1os pero no deja de moverse un minuto. Va de un juzgado a otro sin descanso. Jorge Taddei es padre de una v\u00edctima fatal de violencia de g\u00e9nero. Su hija Wanda muri\u00f3 a manos de su esposo, el exbaterista de Callejeros Eduardo V\u00e1zquez. El hombre fue condenado a 18 [&hellip;]","og_url":"https:\/\/diariofemenino.com.ar\/df\/jorge-taddei-para-evitar-violencia-de-genero-hay-que-educar-desde-el-jardin\/","og_site_name":"Diario Digital Femenino","article_publisher":"https:\/\/www.facebook.com\/DiarioDigitaFemenino\/","article_published_time":"2013-02-25T11:21:31+00:00","og_image":[{"url":"http:\/\/www.diariofemenino.com.ar\/wp-content\/uploads\/229610_6201.jpg","type":"","width":"","height":""}],"author":"Admin","twitter_card":"summary_large_image","twitter_creator":"@DiarioFemenino1","twitter_site":"@DiarioFemenino1","twitter_misc":{"Escrito por":"Admin","Tiempo de lectura":"6 minutos"},"schema":{"@context":"https:\/\/schema.org","@graph":[{"@type":"Article","@id":"https:\/\/diariofemenino.com.ar\/df\/jorge-taddei-para-evitar-violencia-de-genero-hay-que-educar-desde-el-jardin\/#article","isPartOf":{"@id":"https:\/\/diariofemenino.com.ar\/df\/jorge-taddei-para-evitar-violencia-de-genero-hay-que-educar-desde-el-jardin\/"},"author":{"name":"Admin","@id":"https:\/\/diariofemenino.com.ar\/df\/#\/schema\/person\/38f54b3bfd13f561de2460ba95c169c6"},"headline":"Jorge Taddei: \u201cPara evitar violencia de g\u00e9nero hay que educar desde el jard\u00edn\u201d","datePublished":"2013-02-25T11:21:31+00:00","mainEntityOfPage":{"@id":"https:\/\/diariofemenino.com.ar\/df\/jorge-taddei-para-evitar-violencia-de-genero-hay-que-educar-desde-el-jardin\/"},"wordCount":1238,"commentCount":0,"publisher":{"@id":"https:\/\/diariofemenino.com.ar\/df\/#organization"},"image":{"@id":"https:\/\/diariofemenino.com.ar\/df\/jorge-taddei-para-evitar-violencia-de-genero-hay-que-educar-desde-el-jardin\/#primaryimage"},"thumbnailUrl":"http:\/\/www.diariofemenino.com.ar\/wp-content\/uploads\/229610_6201.jpg","articleSection":["Entrevistas","Historias de vida","Medios","Mujeres Sindicalistas"],"inLanguage":"es","potentialAction":[{"@type":"CommentAction","name":"Comment","target":["https:\/\/diariofemenino.com.ar\/df\/jorge-taddei-para-evitar-violencia-de-genero-hay-que-educar-desde-el-jardin\/#respond"]}]},{"@type":"WebPage","@id":"https:\/\/diariofemenino.com.ar\/df\/jorge-taddei-para-evitar-violencia-de-genero-hay-que-educar-desde-el-jardin\/","url":"https:\/\/diariofemenino.com.ar\/df\/jorge-taddei-para-evitar-violencia-de-genero-hay-que-educar-desde-el-jardin\/","name":"Jorge Taddei: \u201cPara evitar violencia de g\u00e9nero hay que educar desde el jard\u00edn\u201d - Diario Digital Femenino","isPartOf":{"@id":"https:\/\/diariofemenino.com.ar\/df\/#website"},"primaryImageOfPage":{"@id":"https:\/\/diariofemenino.com.ar\/df\/jorge-taddei-para-evitar-violencia-de-genero-hay-que-educar-desde-el-jardin\/#primaryimage"},"image":{"@id":"https:\/\/diariofemenino.com.ar\/df\/jorge-taddei-para-evitar-violencia-de-genero-hay-que-educar-desde-el-jardin\/#primaryimage"},"thumbnailUrl":"http:\/\/www.diariofemenino.com.ar\/wp-content\/uploads\/229610_6201.jpg","datePublished":"2013-02-25T11:21:31+00:00","breadcrumb":{"@id":"https:\/\/diariofemenino.com.ar\/df\/jorge-taddei-para-evitar-violencia-de-genero-hay-que-educar-desde-el-jardin\/#breadcrumb"},"inLanguage":"es","potentialAction":[{"@type":"ReadAction","target":["https:\/\/diariofemenino.com.ar\/df\/jorge-taddei-para-evitar-violencia-de-genero-hay-que-educar-desde-el-jardin\/"]}]},{"@type":"ImageObject","inLanguage":"es","@id":"https:\/\/diariofemenino.com.ar\/df\/jorge-taddei-para-evitar-violencia-de-genero-hay-que-educar-desde-el-jardin\/#primaryimage","url":"http:\/\/www.diariofemenino.com.ar\/wp-content\/uploads\/229610_6201.jpg","contentUrl":"http:\/\/www.diariofemenino.com.ar\/wp-content\/uploads\/229610_6201.jpg"},{"@type":"BreadcrumbList","@id":"https:\/\/diariofemenino.com.ar\/df\/jorge-taddei-para-evitar-violencia-de-genero-hay-que-educar-desde-el-jardin\/#breadcrumb","itemListElement":[{"@type":"ListItem","position":1,"name":"Portada","item":"https:\/\/diariofemenino.com.ar\/df\/"},{"@type":"ListItem","position":2,"name":"Jorge Taddei: \u201cPara evitar violencia de g\u00e9nero hay que educar desde el jard\u00edn\u201d"}]},{"@type":"WebSite","@id":"https:\/\/diariofemenino.com.ar\/df\/#website","url":"https:\/\/diariofemenino.com.ar\/df\/","name":"Diario Digital Femenino","description":"Cuesti\u00f3n de G\u00e9nero","publisher":{"@id":"https:\/\/diariofemenino.com.ar\/df\/#organization"},"potentialAction":[{"@type":"SearchAction","target":{"@type":"EntryPoint","urlTemplate":"https:\/\/diariofemenino.com.ar\/df\/?s={search_term_string}"},"query-input":{"@type":"PropertyValueSpecification","valueRequired":true,"valueName":"search_term_string"}}],"inLanguage":"es"},{"@type":"Organization","@id":"https:\/\/diariofemenino.com.ar\/df\/#organization","name":"Diario Femenino","url":"https:\/\/diariofemenino.com.ar\/df\/","logo":{"@type":"ImageObject","inLanguage":"es","@id":"https:\/\/diariofemenino.com.ar\/df\/#\/schema\/logo\/image\/","url":"https:\/\/diariofemenino.com.ar\/df\/wp-content\/uploads\/2018\/10\/logo.png","contentUrl":"https:\/\/diariofemenino.com.ar\/df\/wp-content\/uploads\/2018\/10\/logo.png","width":500,"height":92,"caption":"Diario Femenino"},"image":{"@id":"https:\/\/diariofemenino.com.ar\/df\/#\/schema\/logo\/image\/"},"sameAs":["https:\/\/www.facebook.com\/DiarioDigitaFemenino\/","https:\/\/x.com\/DiarioFemenino1"]},{"@type":"Person","@id":"https:\/\/diariofemenino.com.ar\/df\/#\/schema\/person\/38f54b3bfd13f561de2460ba95c169c6","name":"Admin","image":{"@type":"ImageObject","inLanguage":"es","@id":"https:\/\/diariofemenino.com.ar\/df\/wp-content\/uploads\/2018\/12\/favicon-150x150.jpg","url":"https:\/\/diariofemenino.com.ar\/df\/wp-content\/uploads\/2018\/12\/favicon-150x150.jpg","contentUrl":"https:\/\/diariofemenino.com.ar\/df\/wp-content\/uploads\/2018\/12\/favicon-150x150.jpg","caption":"Admin"},"url":"https:\/\/diariofemenino.com.ar\/df\/author\/adm18df\/"}]}},"jetpack_featured_media_url":"","jetpack_sharing_enabled":true,"rttpg_featured_image_url":null,"rttpg_author":{"display_name":"Admin","author_link":"https:\/\/diariofemenino.com.ar\/df\/author\/adm18df\/"},"rttpg_comment":0,"rttpg_category":"<a href=\"https:\/\/diariofemenino.com.ar\/df\/category\/entrevistas\/\" rel=\"category tag\">Entrevistas<\/a> <a href=\"https:\/\/diariofemenino.com.ar\/df\/category\/historias-de-vida\/\" rel=\"category tag\">Historias de vida<\/a> <a href=\"https:\/\/diariofemenino.com.ar\/df\/category\/medios\/\" rel=\"category tag\">Medios<\/a> <a href=\"https:\/\/diariofemenino.com.ar\/df\/category\/mujeres-sindicalistas\/\" rel=\"category tag\">Mujeres Sindicalistas<\/a>","rttpg_excerpt":"&nbsp; &nbsp; &nbsp; &nbsp; Tiene 71 a\u00f1os pero no deja de moverse un minuto. Va de un juzgado a otro sin descanso. Jorge Taddei es padre de una v\u00edctima fatal de violencia de g\u00e9nero. Su hija Wanda muri\u00f3 a manos de su esposo, el exbaterista de Callejeros Eduardo V\u00e1zquez. El hombre fue condenado a 18&hellip;","_links":{"self":[{"href":"https:\/\/diariofemenino.com.ar\/df\/wp-json\/wp\/v2\/posts\/5653","targetHints":{"allow":["GET"]}}],"collection":[{"href":"https:\/\/diariofemenino.com.ar\/df\/wp-json\/wp\/v2\/posts"}],"about":[{"href":"https:\/\/diariofemenino.com.ar\/df\/wp-json\/wp\/v2\/types\/post"}],"author":[{"embeddable":true,"href":"https:\/\/diariofemenino.com.ar\/df\/wp-json\/wp\/v2\/users\/1"}],"replies":[{"embeddable":true,"href":"https:\/\/diariofemenino.com.ar\/df\/wp-json\/wp\/v2\/comments?post=5653"}],"version-history":[{"count":0,"href":"https:\/\/diariofemenino.com.ar\/df\/wp-json\/wp\/v2\/posts\/5653\/revisions"}],"wp:attachment":[{"href":"https:\/\/diariofemenino.com.ar\/df\/wp-json\/wp\/v2\/media?parent=5653"}],"wp:term":[{"taxonomy":"category","embeddable":true,"href":"https:\/\/diariofemenino.com.ar\/df\/wp-json\/wp\/v2\/categories?post=5653"},{"taxonomy":"post_tag","embeddable":true,"href":"https:\/\/diariofemenino.com.ar\/df\/wp-json\/wp\/v2\/tags?post=5653"}],"curies":[{"name":"wp","href":"https:\/\/api.w.org\/{rel}","templated":true}]}}