{"id":5641,"date":"2013-02-25T07:58:03","date_gmt":"2013-02-25T10:58:03","guid":{"rendered":"http:\/\/www.diariofemenino.com.ar\/?p=5641"},"modified":"2013-02-25T07:58:03","modified_gmt":"2013-02-25T10:58:03","slug":"sin-tregua-para-la-violencia-de-genero","status":"publish","type":"post","link":"https:\/\/diariofemenino.com.ar\/df\/sin-tregua-para-la-violencia-de-genero\/","title":{"rendered":"Sin tregua para la violencia de g\u00e9nero"},"content":{"rendered":"<p>&nbsp;<br \/>\n&nbsp;<br \/>\n&nbsp;<br \/>\n&nbsp;<br \/>\nUn informe del Observatorio de Femicidios registr\u00f3 255 mujeres muertas. La cifra es 10 por ciento menor a 2011, pero en lo que va de 2013 el promedio de casos aument\u00f3.<br \/>\nPor Mariana Carbajal<br \/>\n<a href=\"http:\/\/www.diariofemenino.com.ar\/wp-content\/uploads\/na03fo01.jpg\"><img loading=\"lazy\" decoding=\"async\" class=\"alignnone size-full wp-image-5642\" title=\"foto sandra cartasso marcha por femicidio\" src=\"http:\/\/www.diariofemenino.com.ar\/wp-content\/uploads\/na03fo01.jpg\" alt=\"\" width=\"232\" height=\"154\" \/><\/a><br \/>\nEl drama de la violencia de g\u00e9nero no se detiene en el pa\u00eds. A lo largo de 2012, se registraron en promedio cinco femicidios por semana. En total fueron ejecutadas 255 mujeres por el hecho de ser mujeres. El 63 por ciento fue ultimada por su esposo, amante, novio o ex pareja, de acuerdo con el informe del Observatorio de Femicidios en Argentina, que dirige La Casa del Encuentro, y cuyos resultados adelanta P\u00e1gina\/12 en forma exclusiva. El impacto social de la violencia machista es enorme: dej\u00f3 en el \u00faltimo a\u00f1o 357 hijos e hijas hu\u00e9rfanos, 248 de ellos menores de edad.<br \/>\n\u201cEs necesario considerar a la violencia sexista como una cuesti\u00f3n pol\u00edtica, social, cultural y de derechos humanos. De esta forma se podr\u00e1 ver la grave situaci\u00f3n que viven las mujeres, ni\u00f1as y ni\u00f1os en la Argentina como una realidad colectiva por la que se debe actuar de manera inmediata\u201d, exhort\u00f3 Fabiana Tu\u00f1ez, coordinadora ejecutiva del Observatorio y cofundadora de la ONG.<br \/>\nEl Observatorio lleva adelante el registro de los casos publicados en las agencias informativas y en 120 diarios del pa\u00eds. Contabiliza los homicidios de mujeres por raz\u00f3n de g\u00e9nero, es decir, casos que no tienen que ver con robos, secuestros u otras situaciones de la llamada \u201cinseguridad\u201d urbana, record\u00f3 a este diario Ada Beatriz Rico, su directora. El informe de 2012 ser\u00e1 presentado ma\u00f1ana a las 18 en la Legislatura porte\u00f1a, donde Tu\u00f1ez y Rico har\u00e1n un balance de los cinco a\u00f1os que vienen realizando el trabajo de registro de los femicidios, ante la ausencia de estad\u00edsticas oficiales que permitan visibilizar la magnitud de la sangr\u00eda por violencia machista en la Argentina.<br \/>\nSi se comparan los datos del a\u00f1o pasado, surge que en 2012 se cometieron casi un 10 por ciento menos de femicidios que en 2011, seg\u00fan la misma fuente. De 282 se pas\u00f3 a 255. Sin embargo, Rico advirti\u00f3 que no puede tomarse como una tendencia todav\u00eda, dado que en el primer mes de 2013 la cifra de asesinatos de mujeres como consecuencia de la violencia de g\u00e9nero fue enorme: casi uno por d\u00eda; en total fueron 26 a lo largo de enero, una cantidad que no se registr\u00f3 en ning\u00fan mes de 2012. Y en febrero, en los primeros 19 d\u00edas ya se contaban 14 hechos. En 2011 la cifra hab\u00eda crecido un 8 por ciento en relaci\u00f3n con el a\u00f1o anterior. En 2010 el Observatorio registr\u00f3 260 femicidios y en 2009, 231 (pero en ese a\u00f1o los medios relevados eran menos, solo 43). En la mayor\u00eda de los casos, el principal sospechoso o imputado por el crimen siempre resulta el marido, novio o ex pareja de la v\u00edctima, puntualiz\u00f3 Rico.<br \/>\nDesde el a\u00f1o pasado, en el n\u00famero total de femicidios, el Observatorio incluye aquellos denominados \u201cfemicidios vinculados\u201d de mujeres y ni\u00f1as, que son personas asesinadas por el femicida para castigar o destruir ps\u00edquicamente a la mujer sobre la cual ejerce dominaci\u00f3n (muchas veces ultiman a los hijos de su ex, algunas veces son adem\u00e1s sus propios hijos) o al intentar impedir el femicidio, o quedaron en la \u201cl\u00ednea de fuego\u201d del atacante. De los 255 hechos, 17 fueron \u201cfemicidios vinculados\u201d: diez fueron mujeres adultas familiares de la v\u00edctima y en siete casos se trat\u00f3 de la hija de la mujer de la que se quer\u00eda vengar el presunto femicida. Como ocurri\u00f3 el 27 de agosto \u00faltimo, cuando Juan Carlos Cardozo, de 24 a\u00f1os, asesin\u00f3 a la abuela, la hermana y la primera hija de su ex pareja Romina Mart\u00ednez, de 26 a\u00f1os, en la localidad bonaerense de Benav\u00eddez. El caso se conoci\u00f3 como el triple femicidio de Benav\u00eddez. Cardozo confes\u00f3 los homicidios. Seg\u00fan trascendi\u00f3, dijo que las mat\u00f3 porque Romina lo hab\u00eda abandonado y supuestamente no la dejaba ver a la hija de ambos, de tres a\u00f1os. El joven ten\u00eda en su contra denuncias previas realizadas por Romina por violencia.<br \/>\nAdem\u00e1s se contabilizaron 24 casos de \u201cfemicidios vinculados\u201d de varones o ni\u00f1os, en 2012. Algunos de los chicos, hijos de una mujer tambi\u00e9n asesinada en el mismo hecho o de la que el autor del ataque se quer\u00eda vengar eliminando lo que ella m\u00e1s quer\u00eda.<br \/>\nOtros datos que aporta el an\u00e1lisis del Observatorio:<br \/>\n&#8211; 5 de las v\u00edctimas estaban embarazadas.<br \/>\n&#8211; 26 presentaban indicios de abuso sexual.<br \/>\n&#8211; 25 casos ten\u00edan denuncias iniciales, realizadas por familiares, de desaparici\u00f3n.<br \/>\n&#8211; 7 mujeres que ten\u00edan antecedentes de sufrir violencia de g\u00e9nero en el marco de sus parejas permanecen desaparecidas desde 2004, entre ellas, tal vez el caso con m\u00e1s resonancia medi\u00e1tica es el de Erica Soriano (ver aparte).<br \/>\nEn relaci\u00f3n con el v\u00ednculo entre el presunto femicida y la v\u00edctima, el Observatorio se\u00f1ala que en 95 casos se tratar\u00eda del esposo, pareja, novio o amante; en 65, una ex pareja; en 11, el padre; en 21, otros familiares; en 18 hechos, vecinos o conocidos; en 5 de los asesinatos, un hijo; y en 40 no habr\u00eda relaci\u00f3n aparente. Es decir, la mayor\u00eda de los femicidios fueron perpetrados, seg\u00fan los datos publicados, por la pareja o ex pareja de la mujer.<br \/>\nOtro dato interesante que brinda el estudio es que no es el espacio p\u00fablico el lugar m\u00e1s riesgoso para la mujer que sufre violencia de g\u00e9nero: la vivienda en la que viv\u00eda o la que compart\u00eda con el acusado de matarla son los escenarios m\u00e1s frecuentes donde ocurren los femicidios: en 138 casos las mujeres encontraron en su propio hogar la muerte. En 2012, hubo un hecho emblem\u00e1tico: una de las mujeres fue asesinada en una Comisar\u00eda de la Mujer cuando fue a denunciar al agresor, que era personal policial, y la ejecut\u00f3 en ese momento<br \/>\n&nbsp;<br \/>\n&nbsp;<br \/>\n&nbsp;<br \/>\n&nbsp;<br \/>\nFuente: P\u00e1gina12<\/p>\n","protected":false},"excerpt":{"rendered":"<p>&nbsp; &nbsp; &nbsp; &nbsp; Un informe del Observatorio de Femicidios registr\u00f3 255 mujeres muertas. La cifra es 10 por ciento menor a 2011, pero en lo que va de 2013 el promedio de casos aument\u00f3. Por Mariana Carbajal El drama de la violencia de g\u00e9nero no se detiene en el pa\u00eds. A lo largo de [&hellip;]<\/p>\n","protected":false},"author":1,"featured_media":0,"comment_status":"open","ping_status":"open","sticky":false,"template":"","format":"standard","meta":{"iawp_total_views":1,"footnotes":""},"categories":[5,4,13],"tags":[],"class_list":["post-5641","post","type-post","status-publish","format-standard","hentry","category-historias-de-vida","category-medios","category-mujeres-sindicalistas"],"nelio_content":{"autoShareEndMode":"never","automationSources":{"useCustomSentences":false,"customSentences":[]},"efiAlt":"","efiUrl":"","followers":[],"highlights":[],"isAutoShareEnabled":true,"networkImageIds":[],"permalinkQueryArgs":[],"series":[],"suggestedReferences":[]},"yoast_head":"<!-- This site is optimized with the Yoast SEO plugin v27.4 - https:\/\/yoast.com\/product\/yoast-seo-wordpress\/ -->\n<title>Sin tregua para la violencia de g\u00e9nero - Diario Digital Femenino<\/title>\n<meta name=\"robots\" content=\"index, follow, max-snippet:-1, max-image-preview:large, max-video-preview:-1\" \/>\n<link rel=\"canonical\" href=\"https:\/\/diariofemenino.com.ar\/df\/sin-tregua-para-la-violencia-de-genero\/\" \/>\n<meta property=\"og:locale\" content=\"es_ES\" \/>\n<meta property=\"og:type\" content=\"article\" \/>\n<meta property=\"og:title\" content=\"Sin tregua para la violencia de g\u00e9nero - Diario Digital Femenino\" \/>\n<meta property=\"og:description\" content=\"&nbsp; &nbsp; &nbsp; &nbsp; Un informe del Observatorio de Femicidios registr\u00f3 255 mujeres muertas. La cifra es 10 por ciento menor a 2011, pero en lo que va de 2013 el promedio de casos aument\u00f3. Por Mariana Carbajal El drama de la violencia de g\u00e9nero no se detiene en el pa\u00eds. A lo largo de [&hellip;]\" \/>\n<meta property=\"og:url\" content=\"https:\/\/diariofemenino.com.ar\/df\/sin-tregua-para-la-violencia-de-genero\/\" \/>\n<meta property=\"og:site_name\" content=\"Diario Digital Femenino\" \/>\n<meta property=\"article:publisher\" content=\"https:\/\/www.facebook.com\/DiarioDigitaFemenino\/\" \/>\n<meta property=\"article:published_time\" content=\"2013-02-25T10:58:03+00:00\" \/>\n<meta property=\"og:image\" content=\"http:\/\/www.diariofemenino.com.ar\/wp-content\/uploads\/na03fo01.jpg\" \/>\n<meta name=\"author\" content=\"Admin\" \/>\n<meta name=\"twitter:card\" content=\"summary_large_image\" \/>\n<meta name=\"twitter:creator\" content=\"@DiarioFemenino1\" \/>\n<meta name=\"twitter:site\" content=\"@DiarioFemenino1\" \/>\n<meta name=\"twitter:label1\" content=\"Escrito por\" \/>\n\t<meta name=\"twitter:data1\" content=\"Admin\" \/>\n\t<meta name=\"twitter:label2\" content=\"Tiempo de lectura\" \/>\n\t<meta name=\"twitter:data2\" content=\"5 minutos\" \/>\n<script type=\"application\/ld+json\" class=\"yoast-schema-graph\">{\"@context\":\"https:\\\/\\\/schema.org\",\"@graph\":[{\"@type\":\"Article\",\"@id\":\"https:\\\/\\\/diariofemenino.com.ar\\\/df\\\/sin-tregua-para-la-violencia-de-genero\\\/#article\",\"isPartOf\":{\"@id\":\"https:\\\/\\\/diariofemenino.com.ar\\\/df\\\/sin-tregua-para-la-violencia-de-genero\\\/\"},\"author\":{\"name\":\"Admin\",\"@id\":\"https:\\\/\\\/diariofemenino.com.ar\\\/df\\\/#\\\/schema\\\/person\\\/38f54b3bfd13f561de2460ba95c169c6\"},\"headline\":\"Sin tregua para la violencia de g\u00e9nero\",\"datePublished\":\"2013-02-25T10:58:03+00:00\",\"mainEntityOfPage\":{\"@id\":\"https:\\\/\\\/diariofemenino.com.ar\\\/df\\\/sin-tregua-para-la-violencia-de-genero\\\/\"},\"wordCount\":1027,\"commentCount\":0,\"publisher\":{\"@id\":\"https:\\\/\\\/diariofemenino.com.ar\\\/df\\\/#organization\"},\"image\":{\"@id\":\"https:\\\/\\\/diariofemenino.com.ar\\\/df\\\/sin-tregua-para-la-violencia-de-genero\\\/#primaryimage\"},\"thumbnailUrl\":\"http:\\\/\\\/www.diariofemenino.com.ar\\\/wp-content\\\/uploads\\\/na03fo01.jpg\",\"articleSection\":[\"Historias de vida\",\"Medios\",\"Mujeres Sindicalistas\"],\"inLanguage\":\"es\",\"potentialAction\":[{\"@type\":\"CommentAction\",\"name\":\"Comment\",\"target\":[\"https:\\\/\\\/diariofemenino.com.ar\\\/df\\\/sin-tregua-para-la-violencia-de-genero\\\/#respond\"]}]},{\"@type\":\"WebPage\",\"@id\":\"https:\\\/\\\/diariofemenino.com.ar\\\/df\\\/sin-tregua-para-la-violencia-de-genero\\\/\",\"url\":\"https:\\\/\\\/diariofemenino.com.ar\\\/df\\\/sin-tregua-para-la-violencia-de-genero\\\/\",\"name\":\"Sin tregua para la violencia de g\u00e9nero - Diario Digital Femenino\",\"isPartOf\":{\"@id\":\"https:\\\/\\\/diariofemenino.com.ar\\\/df\\\/#website\"},\"primaryImageOfPage\":{\"@id\":\"https:\\\/\\\/diariofemenino.com.ar\\\/df\\\/sin-tregua-para-la-violencia-de-genero\\\/#primaryimage\"},\"image\":{\"@id\":\"https:\\\/\\\/diariofemenino.com.ar\\\/df\\\/sin-tregua-para-la-violencia-de-genero\\\/#primaryimage\"},\"thumbnailUrl\":\"http:\\\/\\\/www.diariofemenino.com.ar\\\/wp-content\\\/uploads\\\/na03fo01.jpg\",\"datePublished\":\"2013-02-25T10:58:03+00:00\",\"breadcrumb\":{\"@id\":\"https:\\\/\\\/diariofemenino.com.ar\\\/df\\\/sin-tregua-para-la-violencia-de-genero\\\/#breadcrumb\"},\"inLanguage\":\"es\",\"potentialAction\":[{\"@type\":\"ReadAction\",\"target\":[\"https:\\\/\\\/diariofemenino.com.ar\\\/df\\\/sin-tregua-para-la-violencia-de-genero\\\/\"]}]},{\"@type\":\"ImageObject\",\"inLanguage\":\"es\",\"@id\":\"https:\\\/\\\/diariofemenino.com.ar\\\/df\\\/sin-tregua-para-la-violencia-de-genero\\\/#primaryimage\",\"url\":\"http:\\\/\\\/www.diariofemenino.com.ar\\\/wp-content\\\/uploads\\\/na03fo01.jpg\",\"contentUrl\":\"http:\\\/\\\/www.diariofemenino.com.ar\\\/wp-content\\\/uploads\\\/na03fo01.jpg\"},{\"@type\":\"BreadcrumbList\",\"@id\":\"https:\\\/\\\/diariofemenino.com.ar\\\/df\\\/sin-tregua-para-la-violencia-de-genero\\\/#breadcrumb\",\"itemListElement\":[{\"@type\":\"ListItem\",\"position\":1,\"name\":\"Portada\",\"item\":\"https:\\\/\\\/diariofemenino.com.ar\\\/df\\\/\"},{\"@type\":\"ListItem\",\"position\":2,\"name\":\"Sin tregua para la violencia de g\u00e9nero\"}]},{\"@type\":\"WebSite\",\"@id\":\"https:\\\/\\\/diariofemenino.com.ar\\\/df\\\/#website\",\"url\":\"https:\\\/\\\/diariofemenino.com.ar\\\/df\\\/\",\"name\":\"Diario Digital Femenino\",\"description\":\"Cuesti\u00f3n de G\u00e9nero\",\"publisher\":{\"@id\":\"https:\\\/\\\/diariofemenino.com.ar\\\/df\\\/#organization\"},\"potentialAction\":[{\"@type\":\"SearchAction\",\"target\":{\"@type\":\"EntryPoint\",\"urlTemplate\":\"https:\\\/\\\/diariofemenino.com.ar\\\/df\\\/?s={search_term_string}\"},\"query-input\":{\"@type\":\"PropertyValueSpecification\",\"valueRequired\":true,\"valueName\":\"search_term_string\"}}],\"inLanguage\":\"es\"},{\"@type\":\"Organization\",\"@id\":\"https:\\\/\\\/diariofemenino.com.ar\\\/df\\\/#organization\",\"name\":\"Diario Femenino\",\"url\":\"https:\\\/\\\/diariofemenino.com.ar\\\/df\\\/\",\"logo\":{\"@type\":\"ImageObject\",\"inLanguage\":\"es\",\"@id\":\"https:\\\/\\\/diariofemenino.com.ar\\\/df\\\/#\\\/schema\\\/logo\\\/image\\\/\",\"url\":\"https:\\\/\\\/diariofemenino.com.ar\\\/df\\\/wp-content\\\/uploads\\\/2018\\\/10\\\/logo.png\",\"contentUrl\":\"https:\\\/\\\/diariofemenino.com.ar\\\/df\\\/wp-content\\\/uploads\\\/2018\\\/10\\\/logo.png\",\"width\":500,\"height\":92,\"caption\":\"Diario Femenino\"},\"image\":{\"@id\":\"https:\\\/\\\/diariofemenino.com.ar\\\/df\\\/#\\\/schema\\\/logo\\\/image\\\/\"},\"sameAs\":[\"https:\\\/\\\/www.facebook.com\\\/DiarioDigitaFemenino\\\/\",\"https:\\\/\\\/x.com\\\/DiarioFemenino1\"]},{\"@type\":\"Person\",\"@id\":\"https:\\\/\\\/diariofemenino.com.ar\\\/df\\\/#\\\/schema\\\/person\\\/38f54b3bfd13f561de2460ba95c169c6\",\"name\":\"Admin\",\"image\":{\"@type\":\"ImageObject\",\"inLanguage\":\"es\",\"@id\":\"https:\\\/\\\/diariofemenino.com.ar\\\/df\\\/wp-content\\\/uploads\\\/2018\\\/12\\\/favicon-150x150.jpg\",\"url\":\"https:\\\/\\\/diariofemenino.com.ar\\\/df\\\/wp-content\\\/uploads\\\/2018\\\/12\\\/favicon-150x150.jpg\",\"contentUrl\":\"https:\\\/\\\/diariofemenino.com.ar\\\/df\\\/wp-content\\\/uploads\\\/2018\\\/12\\\/favicon-150x150.jpg\",\"caption\":\"Admin\"},\"url\":\"https:\\\/\\\/diariofemenino.com.ar\\\/df\\\/author\\\/adm18df\\\/\"}]}<\/script>\n<!-- \/ Yoast SEO plugin. -->","yoast_head_json":{"title":"Sin tregua para la violencia de g\u00e9nero - Diario Digital Femenino","robots":{"index":"index","follow":"follow","max-snippet":"max-snippet:-1","max-image-preview":"max-image-preview:large","max-video-preview":"max-video-preview:-1"},"canonical":"https:\/\/diariofemenino.com.ar\/df\/sin-tregua-para-la-violencia-de-genero\/","og_locale":"es_ES","og_type":"article","og_title":"Sin tregua para la violencia de g\u00e9nero - Diario Digital Femenino","og_description":"&nbsp; &nbsp; &nbsp; &nbsp; Un informe del Observatorio de Femicidios registr\u00f3 255 mujeres muertas. La cifra es 10 por ciento menor a 2011, pero en lo que va de 2013 el promedio de casos aument\u00f3. Por Mariana Carbajal El drama de la violencia de g\u00e9nero no se detiene en el pa\u00eds. A lo largo de [&hellip;]","og_url":"https:\/\/diariofemenino.com.ar\/df\/sin-tregua-para-la-violencia-de-genero\/","og_site_name":"Diario Digital Femenino","article_publisher":"https:\/\/www.facebook.com\/DiarioDigitaFemenino\/","article_published_time":"2013-02-25T10:58:03+00:00","og_image":[{"url":"http:\/\/www.diariofemenino.com.ar\/wp-content\/uploads\/na03fo01.jpg","type":"","width":"","height":""}],"author":"Admin","twitter_card":"summary_large_image","twitter_creator":"@DiarioFemenino1","twitter_site":"@DiarioFemenino1","twitter_misc":{"Escrito por":"Admin","Tiempo de lectura":"5 minutos"},"schema":{"@context":"https:\/\/schema.org","@graph":[{"@type":"Article","@id":"https:\/\/diariofemenino.com.ar\/df\/sin-tregua-para-la-violencia-de-genero\/#article","isPartOf":{"@id":"https:\/\/diariofemenino.com.ar\/df\/sin-tregua-para-la-violencia-de-genero\/"},"author":{"name":"Admin","@id":"https:\/\/diariofemenino.com.ar\/df\/#\/schema\/person\/38f54b3bfd13f561de2460ba95c169c6"},"headline":"Sin tregua para la violencia de g\u00e9nero","datePublished":"2013-02-25T10:58:03+00:00","mainEntityOfPage":{"@id":"https:\/\/diariofemenino.com.ar\/df\/sin-tregua-para-la-violencia-de-genero\/"},"wordCount":1027,"commentCount":0,"publisher":{"@id":"https:\/\/diariofemenino.com.ar\/df\/#organization"},"image":{"@id":"https:\/\/diariofemenino.com.ar\/df\/sin-tregua-para-la-violencia-de-genero\/#primaryimage"},"thumbnailUrl":"http:\/\/www.diariofemenino.com.ar\/wp-content\/uploads\/na03fo01.jpg","articleSection":["Historias de vida","Medios","Mujeres Sindicalistas"],"inLanguage":"es","potentialAction":[{"@type":"CommentAction","name":"Comment","target":["https:\/\/diariofemenino.com.ar\/df\/sin-tregua-para-la-violencia-de-genero\/#respond"]}]},{"@type":"WebPage","@id":"https:\/\/diariofemenino.com.ar\/df\/sin-tregua-para-la-violencia-de-genero\/","url":"https:\/\/diariofemenino.com.ar\/df\/sin-tregua-para-la-violencia-de-genero\/","name":"Sin tregua para la violencia de g\u00e9nero - Diario Digital Femenino","isPartOf":{"@id":"https:\/\/diariofemenino.com.ar\/df\/#website"},"primaryImageOfPage":{"@id":"https:\/\/diariofemenino.com.ar\/df\/sin-tregua-para-la-violencia-de-genero\/#primaryimage"},"image":{"@id":"https:\/\/diariofemenino.com.ar\/df\/sin-tregua-para-la-violencia-de-genero\/#primaryimage"},"thumbnailUrl":"http:\/\/www.diariofemenino.com.ar\/wp-content\/uploads\/na03fo01.jpg","datePublished":"2013-02-25T10:58:03+00:00","breadcrumb":{"@id":"https:\/\/diariofemenino.com.ar\/df\/sin-tregua-para-la-violencia-de-genero\/#breadcrumb"},"inLanguage":"es","potentialAction":[{"@type":"ReadAction","target":["https:\/\/diariofemenino.com.ar\/df\/sin-tregua-para-la-violencia-de-genero\/"]}]},{"@type":"ImageObject","inLanguage":"es","@id":"https:\/\/diariofemenino.com.ar\/df\/sin-tregua-para-la-violencia-de-genero\/#primaryimage","url":"http:\/\/www.diariofemenino.com.ar\/wp-content\/uploads\/na03fo01.jpg","contentUrl":"http:\/\/www.diariofemenino.com.ar\/wp-content\/uploads\/na03fo01.jpg"},{"@type":"BreadcrumbList","@id":"https:\/\/diariofemenino.com.ar\/df\/sin-tregua-para-la-violencia-de-genero\/#breadcrumb","itemListElement":[{"@type":"ListItem","position":1,"name":"Portada","item":"https:\/\/diariofemenino.com.ar\/df\/"},{"@type":"ListItem","position":2,"name":"Sin tregua para la violencia de g\u00e9nero"}]},{"@type":"WebSite","@id":"https:\/\/diariofemenino.com.ar\/df\/#website","url":"https:\/\/diariofemenino.com.ar\/df\/","name":"Diario Digital Femenino","description":"Cuesti\u00f3n de G\u00e9nero","publisher":{"@id":"https:\/\/diariofemenino.com.ar\/df\/#organization"},"potentialAction":[{"@type":"SearchAction","target":{"@type":"EntryPoint","urlTemplate":"https:\/\/diariofemenino.com.ar\/df\/?s={search_term_string}"},"query-input":{"@type":"PropertyValueSpecification","valueRequired":true,"valueName":"search_term_string"}}],"inLanguage":"es"},{"@type":"Organization","@id":"https:\/\/diariofemenino.com.ar\/df\/#organization","name":"Diario Femenino","url":"https:\/\/diariofemenino.com.ar\/df\/","logo":{"@type":"ImageObject","inLanguage":"es","@id":"https:\/\/diariofemenino.com.ar\/df\/#\/schema\/logo\/image\/","url":"https:\/\/diariofemenino.com.ar\/df\/wp-content\/uploads\/2018\/10\/logo.png","contentUrl":"https:\/\/diariofemenino.com.ar\/df\/wp-content\/uploads\/2018\/10\/logo.png","width":500,"height":92,"caption":"Diario Femenino"},"image":{"@id":"https:\/\/diariofemenino.com.ar\/df\/#\/schema\/logo\/image\/"},"sameAs":["https:\/\/www.facebook.com\/DiarioDigitaFemenino\/","https:\/\/x.com\/DiarioFemenino1"]},{"@type":"Person","@id":"https:\/\/diariofemenino.com.ar\/df\/#\/schema\/person\/38f54b3bfd13f561de2460ba95c169c6","name":"Admin","image":{"@type":"ImageObject","inLanguage":"es","@id":"https:\/\/diariofemenino.com.ar\/df\/wp-content\/uploads\/2018\/12\/favicon-150x150.jpg","url":"https:\/\/diariofemenino.com.ar\/df\/wp-content\/uploads\/2018\/12\/favicon-150x150.jpg","contentUrl":"https:\/\/diariofemenino.com.ar\/df\/wp-content\/uploads\/2018\/12\/favicon-150x150.jpg","caption":"Admin"},"url":"https:\/\/diariofemenino.com.ar\/df\/author\/adm18df\/"}]}},"jetpack_featured_media_url":"","jetpack_sharing_enabled":true,"rttpg_featured_image_url":null,"rttpg_author":{"display_name":"Admin","author_link":"https:\/\/diariofemenino.com.ar\/df\/author\/adm18df\/"},"rttpg_comment":0,"rttpg_category":"<a href=\"https:\/\/diariofemenino.com.ar\/df\/category\/historias-de-vida\/\" rel=\"category tag\">Historias de vida<\/a> <a href=\"https:\/\/diariofemenino.com.ar\/df\/category\/medios\/\" rel=\"category tag\">Medios<\/a> <a href=\"https:\/\/diariofemenino.com.ar\/df\/category\/mujeres-sindicalistas\/\" rel=\"category tag\">Mujeres Sindicalistas<\/a>","rttpg_excerpt":"&nbsp; &nbsp; &nbsp; &nbsp; Un informe del Observatorio de Femicidios registr\u00f3 255 mujeres muertas. La cifra es 10 por ciento menor a 2011, pero en lo que va de 2013 el promedio de casos aument\u00f3. Por Mariana Carbajal El drama de la violencia de g\u00e9nero no se detiene en el pa\u00eds. A lo largo de&hellip;","_links":{"self":[{"href":"https:\/\/diariofemenino.com.ar\/df\/wp-json\/wp\/v2\/posts\/5641","targetHints":{"allow":["GET"]}}],"collection":[{"href":"https:\/\/diariofemenino.com.ar\/df\/wp-json\/wp\/v2\/posts"}],"about":[{"href":"https:\/\/diariofemenino.com.ar\/df\/wp-json\/wp\/v2\/types\/post"}],"author":[{"embeddable":true,"href":"https:\/\/diariofemenino.com.ar\/df\/wp-json\/wp\/v2\/users\/1"}],"replies":[{"embeddable":true,"href":"https:\/\/diariofemenino.com.ar\/df\/wp-json\/wp\/v2\/comments?post=5641"}],"version-history":[{"count":0,"href":"https:\/\/diariofemenino.com.ar\/df\/wp-json\/wp\/v2\/posts\/5641\/revisions"}],"wp:attachment":[{"href":"https:\/\/diariofemenino.com.ar\/df\/wp-json\/wp\/v2\/media?parent=5641"}],"wp:term":[{"taxonomy":"category","embeddable":true,"href":"https:\/\/diariofemenino.com.ar\/df\/wp-json\/wp\/v2\/categories?post=5641"},{"taxonomy":"post_tag","embeddable":true,"href":"https:\/\/diariofemenino.com.ar\/df\/wp-json\/wp\/v2\/tags?post=5641"}],"curies":[{"name":"wp","href":"https:\/\/api.w.org\/{rel}","templated":true}]}}