{"id":56400,"date":"2021-03-11T12:14:18","date_gmt":"2021-03-11T15:14:18","guid":{"rendered":"https:\/\/diariofemenino.com.ar\/?p=56400"},"modified":"2021-03-11T12:14:18","modified_gmt":"2021-03-11T15:14:18","slug":"desiree-bela","status":"publish","type":"post","link":"https:\/\/diariofemenino.com.ar\/df\/desiree-bela\/","title":{"rendered":"Desir\u00e9e Bela: \u201cLas mujeres pertenecientes a grupos minorizados no necesitamos que nos den voz, porque ya la tenemos\u201d"},"content":{"rendered":"<p><strong>Desir\u00e9e Bela-Lobedde es una escritora, comunicadora y activista afrodescendiente espa\u00f1ola. Comenz\u00f3 su andadura en 2011 con el activismo est\u00e9tico que busca poner en valor la identidad afro femenina a trav\u00e9s de la imagen f\u00edsica. En 2018 public\u00f3 su primer libro,\u00a0<\/strong><a href=\"https:\/\/afrofeminas.us4.list-manage.com\/track\/click?u=25b078b389d06f4d681e096e1&amp;id=8070842203&amp;e=ea8a404155\" target=\"_blank\" rel=\"noopener\" data-saferedirecturl=\"https:\/\/www.google.com\/url?q=https:\/\/afrofeminas.us4.list-manage.com\/track\/click?u%3D25b078b389d06f4d681e096e1%26id%3D8070842203%26e%3Dea8a404155&amp;source=gmail&amp;ust=1615559702251000&amp;usg=AFQjCNHd0RETc2HuzXVyy9vDxtq8wZKEQQ\"><strong><em>Ser mujer negra en Espa\u00f1a<\/em><\/strong><\/a><strong><em>,<\/em>\u00a0donde relat\u00f3 como es la experiencia, desde la infancia hasta la edad adulta, de ser una mujer negra en nuestro pa\u00eds. Actualmente cuenta con la columna\u00a0<\/strong><a href=\"https:\/\/afrofeminas.us4.list-manage.com\/track\/click?u=25b078b389d06f4d681e096e1&amp;id=6e20c24fbb&amp;e=ea8a404155\" target=\"_blank\" rel=\"noopener\" data-saferedirecturl=\"https:\/\/www.google.com\/url?q=https:\/\/afrofeminas.us4.list-manage.com\/track\/click?u%3D25b078b389d06f4d681e096e1%26id%3D6e20c24fbb%26e%3Dea8a404155&amp;source=gmail&amp;ust=1615559702251000&amp;usg=AFQjCNHrrHS7zN5olV_8S1xRotA7hy8azg\"><strong><em>Desenredando<\/em><\/strong><\/a><strong>\u00a0en\u00a0<em>P\u00fablic<wbr \/>o,<\/em>\u00a0un\u00a0<\/strong><a href=\"https:\/\/afrofeminas.us4.list-manage.com\/track\/click?u=25b078b389d06f4d681e096e1&amp;id=382fbf1c24&amp;e=ea8a404155\" target=\"_blank\" rel=\"noopener\" data-saferedirecturl=\"https:\/\/www.google.com\/url?q=https:\/\/afrofeminas.us4.list-manage.com\/track\/click?u%3D25b078b389d06f4d681e096e1%26id%3D382fbf1c24%26e%3Dea8a404155&amp;source=gmail&amp;ust=1615559702251000&amp;usg=AFQjCNFHZ32JvtO_YQuGCNK95v2dD5xJ2w\"><strong>canal<\/strong><\/a><strong>\u00a0de YouTube donde trata diferentes tem\u00e1ticas desde la perspectiva afrofeminista y diversas colaboraciones en distintos medios de comunicaci\u00f3n como RAC1, donde participa en el programa\u00a0<em>Vost\u00e8 primer<\/em>.<\/strong><\/p>\n<p>Por\u00a0<strong>Nerea de Ara<br \/>\n<\/strong>Foto de portada:\u00a0<strong>Luciana Hoffman<\/strong><\/p>\n<table border=\"0\" width=\"100%\" cellspacing=\"0\" cellpadding=\"0\">\n<tbody>\n<tr>\n<td valign=\"top\">\n<table class=\"m_2298854242625672662mcnTextContentContainer\" border=\"0\" width=\"100%\" cellspacing=\"0\" cellpadding=\"0\" align=\"left\">\n<tbody>\n<tr>\n<td class=\"m_2298854242625672662mcnTextContent\" valign=\"top\"><strong>Este jueves 11 sale a la venta su nuevo libro,\u00a0<\/strong><a href=\"https:\/\/afrofeminas.us4.list-manage.com\/track\/click?u=25b078b389d06f4d681e096e1&amp;id=09dd470ca4&amp;e=ea8a404155\" target=\"_blank\" rel=\"noopener\" data-saferedirecturl=\"https:\/\/www.google.com\/url?q=https:\/\/afrofeminas.us4.list-manage.com\/track\/click?u%3D25b078b389d06f4d681e096e1%26id%3D09dd470ca4%26e%3Dea8a404155&amp;source=gmail&amp;ust=1615559702251000&amp;usg=AFQjCNFEaqs26q99H5g4QnJoobMpLhh08w\"><strong><em>Minor\u00edas<\/em><\/strong><\/a><strong>, un ensayo donde la autora conversa con nueve mujeres que viven situaciones de discriminaci\u00f3n o pertenecen a colectivos asociados a ciertos prejuicios o estereotipos.\u00a0<\/strong><\/p>\n<p><strong>Como has comentado en diversas ocasiones, tu libro anterior\u00a0<\/strong><strong><em>Ser mujer negra en Espa\u00f1a<\/em><\/strong><strong>\u00a0vino en gran parte motivado por la empresaria afrodescendiente espa\u00f1ola Bisila Bokoko. \u00bfDe d\u00f3nde nace ahora la necesidad de escribir\u00a0<\/strong><strong><em>Minor\u00edas<\/em><\/strong><strong>?<\/strong><\/p>\n<p>Surge un poco ante la posibilidad y la oferta por parte de la editorial de escribir un nuevo libro. Ya hab\u00eda hablado de mi experiencia como mujer negra en Espa\u00f1a, lo que viene impl\u00edcito a formar parte de un grupo discriminado. Empec\u00e9 a plantearme la posibilidad de hablar sobre otras personas que, sin ser negras, tambi\u00e9n se viesen envueltas en situaciones discriminatorias o viviesen opresi\u00f3n por sus condicionantes. Es decir, por ser consideradas personas pertenecientes a esas mal llamadas \u201cminor\u00edas\u201d, ya que, en realidad, no somos minor\u00edas sino grupos minorizados.<\/p>\n<p>Quer\u00eda ver qu\u00e9 se siente al ser una mujer gitana en Espa\u00f1a, una mujer con s\u00edndrome de Down, una mujer migrante con fibromialgia, una mujer asi\u00e1tica con madre filipina y padre alem\u00e1n\u2026, y lo quer\u00eda hacer desde una aproximaci\u00f3n muy cercana. Buscaba tener conversaciones y escuchar mucho las vivencias, puntos de vista y reflexiones de estas mujeres con las que me sentaba a hablar. Por eso,\u00a0<em>Minor\u00edas<\/em>, m\u00e1s que entrevistas en s\u00ed, est\u00e1 formado por charlas con amigas, porque tras conocer sus realidades puedo considerarlas mis amigas y espero que ellas a m\u00ed tambi\u00e9n.<\/p>\n<p><strong>\u00bfCrees que a veces las personas que se encuentran bajo determinadas etiquetas no luchan lo suficiente para escapar de estas, bien por no saber como hacerlo o por no ser conscientes del problema real que suponen?\u00a0<\/strong><\/p>\n<p>No me atrever\u00eda a decir que alguien no lucha lo suficiente. No estoy en la piel de esas personas por lo que no s\u00e9 si est\u00e1n trabajando mucho o si lo mucho que luchan resulta no ser suficiente para otros. Lo que s\u00ed es verdad es que en muchos casos no identificamos las discriminaciones o situaciones de opresi\u00f3n porque la estructura en la que vivimos nos obliga a normalizarlas. Simplemente por el hecho de ser mujeres ya nos pasa: hasta que no empezamos a deconstruir los patriarcados que nos atraviesan tenemos estandarizadas una gran cantidad de conductas mis\u00f3ginas y comentarios machistas que incluso nos hacemos a nosotras mismas o a otras mujeres pensando que est\u00e1n bien. Hasta que no empezamos nuestro proceso de cambio, no identificamos esas cosas. Y cuando llegamos ah\u00ed, vienen los \u201cPero \u00a1c\u00f3mo pod\u00eda pensar yo as\u00ed hace tres meses!\u201d.<\/p>\n<p>Con todas estas personas pasa lo mismo. El sistema nos educa de una forma muy intencionada para que seamos piezas de \u00e9l. Y para ser piezas, debemos de tener una venda en los ojos que no nos permita ver que ese sistema nos perjudica. Hasta que a cada una no le llegue en momento de que se le encienda la bombilla, no se dar\u00e1 cuenta.<\/p>\n<p><strong>Desde la introducci\u00f3n del libro avisas de que no es una obra basada en estudios sino en historias, con entrevistas en primera persona a mujeres pertenecientes a diversos colectivos. \u00bfConsideras que es un error realizar obras de este tipo sin contar con los testimonios de protagonistas que se vean envueltas en lo que se habla?\u00a0<\/strong><\/p>\n<p>Por supuesto. Es lo que se ha hecho siempre desde la blanquitud. El hombre blanco se ha sentado a observar, desde la antropolog\u00eda, la psicolog\u00eda social y otro mont\u00f3n m\u00e1s de disciplinas, a otras personas y a interpretar. Mi objetivo no era esto. Yo quer\u00eda hablar con unas amigas y escucharlas. En el libro hay mucha cita literal de las mujeres a las que entrevist\u00e9 tal y como las dijeron, con su forma de hablar, con las palabras malsonantes que utilizan y sus expresiones m\u00e1s t\u00edpicas, porque para m\u00ed era muy importante que cuando leyeran su cap\u00edtulo, se vieran y se escucharan a s\u00ed mismas.<\/p>\n<p>Por ello,\u00a0<em>Minor\u00edas<\/em>\u00a0no es una herramienta de an\u00e1lisis para nadie. Es lo que te contar\u00edan estas mujeres si te sentaras a tomarte un caf\u00e9 con ellas, que al final es un poco lo que hice yo en mi primer libro al relatar mis experiencias. He combinado lo que ellas me dec\u00edan con las reflexiones que yo hice a ra\u00edz de lo que me contaron.<\/td>\n<\/tr>\n<\/tbody>\n<\/table>\n<\/td>\n<\/tr>\n<\/tbody>\n<\/table>\n<table border=\"0\" width=\"100%\" cellspacing=\"0\" cellpadding=\"0\">\n<tbody>\n<tr>\n<td valign=\"top\">\n<table class=\"m_2298854242625672662mcnCaptionBottomContent\" border=\"0\" cellspacing=\"0\" cellpadding=\"0\" align=\"left\">\n<tbody>\n<tr>\n<td align=\"center\" valign=\"top\">\n<p><figure style=\"width: 564px\" class=\"wp-caption alignnone\"><a title=\"\" href=\"https:\/\/afrofeminas.us4.list-manage.com\/track\/click?u=25b078b389d06f4d681e096e1&amp;id=1d7cb257a9&amp;e=ea8a404155\" target=\"_blank\" rel=\"noopener\" data-saferedirecturl=\"https:\/\/www.google.com\/url?q=https:\/\/afrofeminas.us4.list-manage.com\/track\/click?u%3D25b078b389d06f4d681e096e1%26id%3D1d7cb257a9%26e%3Dea8a404155&amp;source=gmail&amp;ust=1615559702251000&amp;usg=AFQjCNHiYKMVtszPpDM34UCJ6JOHvipiTA\"><img loading=\"lazy\" decoding=\"async\" class=\"m_2298854242625672662mcnImage CToWUd\" src=\"https:\/\/ci6.googleusercontent.com\/proxy\/k3wA60SnrEfZlFnVX5Ovhb7ga2d-arJikRn2cL7bb9GPQRUFqs4IsuBlKRPeVvJeiFVj64etvdjhVmuiiicaM2W9zoaOL_N3VsgX6Yqrz4L2ZsQTWa3dmLBDOCSTsuKgMpDXmWjbi75xcXDNDgmxFxEuRghTxg=s0-d-e1-ft#https:\/\/mcusercontent.com\/25b078b389d06f4d681e096e1\/images\/9f17386d-434d-42fb-ae8f-5755b889143c.jpg\" alt=\"Desir\u00e9e Bela: \u201cLas mujeres pertenecientes a grupos minorizados no necesitamos que nos den voz, porque ya la tenemos\u201d\" width=\"564\" height=\"643\" \/><\/a><figcaption class=\"wp-caption-text\">Desir\u00e9e Bela: \u201cLas mujeres pertenecientes a grupos minorizados no necesitamos que nos den voz, porque ya la tenemos\u201d<\/figcaption><\/figure><\/td>\n<\/tr>\n<tr>\n<td class=\"m_2298854242625672662mcnTextContent\" valign=\"top\" width=\"564\"><a href=\"https:\/\/afrofeminas.us4.list-manage.com\/track\/click?u=25b078b389d06f4d681e096e1&amp;id=f887670e15&amp;e=ea8a404155\" target=\"_blank\" rel=\"noopener\" data-saferedirecturl=\"https:\/\/www.google.com\/url?q=https:\/\/afrofeminas.us4.list-manage.com\/track\/click?u%3D25b078b389d06f4d681e096e1%26id%3Df887670e15%26e%3Dea8a404155&amp;source=gmail&amp;ust=1615559702252000&amp;usg=AFQjCNHsHbCoyfeBy8wSGlR-iNuUm0ojyg\"><strong>PUEDES COMPRAR EL NUEVO LIBRO DE DESIR\u00c9E EN NUESTRA TIENDA ON LINE A TRAV\u00c9S DE ESTE ENLACE<\/strong><\/a><\/td>\n<\/tr>\n<\/tbody>\n<\/table>\n<\/td>\n<\/tr>\n<\/tbody>\n<\/table>\n<table border=\"0\" width=\"100%\" cellspacing=\"0\" cellpadding=\"0\">\n<tbody>\n<tr>\n<td valign=\"top\">\n<table class=\"m_2298854242625672662mcnTextContentContainer\" border=\"0\" width=\"100%\" cellspacing=\"0\" cellpadding=\"0\" align=\"left\">\n<tbody>\n<tr>\n<td class=\"m_2298854242625672662mcnTextContent\" valign=\"top\"><strong>En el pr\u00f3logo, la pol\u00edtica y activista Rita Bosaho relata que el objetivo del ensayo es \u201ctransformar la sociedad para que los que vengan detr\u00e1s lo tengan un poco m\u00e1s f\u00e1cil\u201d. \u00bfDa v\u00e9rtigo tener un fin tan transcendente?<\/strong><\/p>\n<p>Puede resultar ambicioso, pero en realidad, como madre es lo que quiero para mis hijas: una sociedad que sea m\u00e1s amable con ellas de lo que es conmigo o lo que fue con mi padre, que lleg\u00f3 a Espa\u00f1a a principios de los a\u00f1os 60. Creo mucho en el activismo de kil\u00f3metro cero o proximidad, y por ello estoy a favor del pensamiento de que muchas personas peque\u00f1as trabajando en diferentes lugares ocasionan grandes cambios. Porque si no tenemos esa ambici\u00f3n, \u00bfQu\u00e9 hacemos? Al final, las personas que militamos o formamos parte de movimientos en favor de la justicia social somos muy codiciosas en este sentido, queremos lograr cambios. Aunque sea consciente de que probablemente en mi vida no ver\u00e9 variaciones significativas, s\u00e9 que estoy sembrando.<\/p>\n<p>Respecto a esto, los libros son algo que permanece y da la posibilidad de que alcance a mucha gente. Hace unos meses escuchaba a Rub\u00e9n H. Berm\u00fadez decir que un libro es algo que sobrevive. Partiendo de esa premisa, por m\u00e1s ambicioso que sea, aspiro a que\u00a0<em>Minor\u00edas<\/em>\u00a0forme parte de una transformaci\u00f3n social en favor de los grupos vulnerables.<\/p>\n<p><strong>En la introducci\u00f3n de la obra, tambi\u00e9n argumentas que \u201ctal vez sea hora de redefinir los marcos conceptuales, volver las tornas y considerar minor\u00edas a quienes siempre han cre\u00eddo que no lo son\u201d. Siendo el racismo una cuesti\u00f3n estructural en Espa\u00f1a, como t\u00fa misma has defendido, \u00bfqu\u00e9 debe hacer la sociedad para comenzar con esta transformaci\u00f3n?<\/strong><\/p>\n<p>De entrada, entender justamente que el racismo es estructural. Hay una negaci\u00f3n permanente, sobre todo en Espa\u00f1a, de este hecho. Existe una voluntad de pasar por alto la participaci\u00f3n del reino espa\u00f1ol en la trata de personas esclavizadas, la negativa a aceptar que aqu\u00ed exist\u00edan mercados donde se vend\u00edan a estos esclavos, el inter\u00e9s y el af\u00e1n por ocultar las relaciones entre Espa\u00f1a y \u00c1frica, la permanente voluntad de invisibilizar el legado de las personas africanas y afrodescendientes en el pa\u00eds a lo largo de la historia\u2026 Son muchas cosas y de una profundidad bastante importante. Pero creo que el punto de partida es entender que la sociedad en la que vivimos es consecuencia de que el Imperio espa\u00f1ol, con su af\u00e1n colonizador, decidiera empezar a molestar a gente que viv\u00eda tranquilamente en sus territorios. En definitiva, llegar all\u00ed a evangelizar, violentar e invadir estas comunidades. Obviamente es un trabajo muy profundo y a muy largo plazo el que debemos hacer, pero si hay que comenzar por alg\u00fan sitio es por revisar la historia y ver la otra cara de la moneda, observando cu\u00e1les han sido las contribuciones de todas estas personas que se intentan invisibilizar.<\/p>\n<blockquote>\n<h2><em><strong>\u201cLa sociedad, tal y como est\u00e1 construida hoy en d\u00eda, no es un espacio amable para ninguna de las mujeres que protagonizan\u00a0<\/strong><strong>Minor\u00edas<\/strong><strong>\u201d<\/strong><\/em><\/h2>\n<\/blockquote>\n<p><strong>Empezaste en el activismo est\u00e9tico en 2011. \u00bfCu\u00e1l fue el punto de inflexi\u00f3n en el que te diste cuenta de la importancia de realizar este tipo de militancia?<\/strong><\/p>\n<p>Fui descubri\u00e9ndolo conforme iba teniendo un mayor\u00a0<em>feedback<\/em>\u00a0de mujeres negras que me le\u00edan. Cuando empec\u00e9 el blog apenas ten\u00eda relaci\u00f3n con ellas, solo ten\u00eda unas pocas amigas negras, por lo que al subir las publicaciones y v\u00eddeos sent\u00eda que todo aquello ca\u00eda en saco roto. Pero de repente mi contenido empez\u00f3 a llegar a mujeres negras que no conoc\u00eda y encontraban las publicaciones en la red. En l\u00edneas generales, sus comentarios tend\u00edan a, no tanto si hab\u00edan probado este producto o aquel peinado, sino a decirme c\u00f3mo hab\u00eda cambiado su percepci\u00f3n sobre s\u00ed mismas desde que, gracias a mi contenido, estaban reconectando con su cabello y se lo hab\u00edan dejado de alisar. Adem\u00e1s, me contaban que esto las hac\u00eda sentirse mucho m\u00e1s seguras de s\u00ed mismas. Ah\u00ed fue cuando me di cuenta de que la cosa iba m\u00e1s all\u00e1 de ser una\u00a0<em>blogger<\/em>\u00a0de belleza, que es la etiqueta que yo me puse en aquel momento, y que mis recursos estaban creando algo m\u00e1s profundo para esas mujeres.<\/p>\n<p><strong>Dentro de la lucha antirracista actual, \u00bfse obvian cuestiones que,\u00a0<\/strong><strong><em>a priori<\/em><\/strong><strong>, pueden parecer menos importantes como el activismo est\u00e9tico?<\/strong><\/p>\n<p>A m\u00ed me lo han dicho muchas veces<strong>\u00a0<\/strong>y hay mucha gente que considera que no es importante, pero yo no lo desmerecer\u00eda. Por un lado, no ocultar\u00eda la fuerza que puede tener el activismo est\u00e9tico porque en un momento dado, yo misma me di cuenta de que es la puerta de entrada de muchas mujeres hacia un trabajo mucho m\u00e1s profundo, m\u00e1s all\u00e1 de la est\u00e9tica. A partir de ah\u00ed empezaban a interesarse por tener m\u00e1s referencias, descubrir a m\u00e1s autores o aprender sobre su propia historia.<\/p>\n<p>Por otro lado, yo me he desvinculado y poco y ya no estoy realizando tanto este tipo de contenidos, pero s\u00e9 lo que es y por ello no debemos desprestigiar a las compa\u00f1eras que ponen todo su esfuerzo y su conocimiento en hacer este trabajo para ayudar a otras compa\u00f1eras. No podemos desmerecer eso. Y si hay un momento en el que una persona tiene una determinada conciencia, necesitando elevar la conversaci\u00f3n y que se hablen de otras cosas, muy bien. Pero siempre va a haber gente nueva incorpor\u00e1ndose. Siempre, siempre. Y si esta es su v\u00eda de entrada, \u00bfpor qu\u00e9 le vamos a restar importancia?<\/p>\n<p><strong>En una entrevista para\u00a0<\/strong><strong><em>Wiriko<\/em><\/strong><strong>, declaraste que \u201ctodo era menos hostil cuando\u00a0<\/strong><strong><em>solo<\/em><\/strong><strong>\u00a0hablabas de est\u00e9tica\u201d. \u00bfTe has arrepentido alguna vez de derivar tus acciones hacia un activismo tambi\u00e9n pol\u00edtico?\u00a0<\/strong><\/p>\n<p>No, no soy de arrepentirme de las cosas. Hay un aforismo que dice que \u201clos remordimientos son lo mismo que la mordedura de un perro en una piedra\u201d, o sea, una tonter\u00eda. Lo he vivido todo de una forma muy org\u00e1nica que se ha ido dando: he ido creciendo, avanzando, reorientando mis intereses hacia otras cuestiones\u2026 Pero nunca me arrepentir\u00eda.<\/p>\n<blockquote>\n<h2><em><strong>\u201cMe he dicho a m\u00ed misma: \u00abEste es el libro que quer\u00eda escribir\u00bb\u201d<\/strong><\/em><\/h2>\n<\/blockquote>\n<p><strong>Canal de YouTube, columna en\u00a0<\/strong><strong><em>P\u00fablico<\/em><\/strong><strong>, aportaciones en diversos medios de comunicaci\u00f3n y dos libros. Evidentemente, no eres de las que se quedan de brazos cruzados en la lucha antirracista. \u00bfQu\u00e9 grado de presi\u00f3n suponen las expectativas de otros o de ti misma sobre tu trabajo?<\/strong><\/p>\n<p><em>\u00a1Uy!<\/em>\u00a0Un grado de presi\u00f3n superlativo (risas). Con\u00a0<em>Minor\u00edas<\/em>\u00a0he sufrido esto. Ten\u00eda mucho miedo a morir de \u00e9xito. Cuando te das cuenta de que tu primer libro ha sido un \u201cbombazo\u201d por la respuesta que recibes de la gente, plantearte escribir uno nuevo\u2026 Ten\u00eda un list\u00f3n, mi propio list\u00f3n, muy alto. Sin embargo, esto es algo que trabajo mucho en terapia \u2212porque una tambi\u00e9n tiene que hacer su trabajito con su terapeuta para aprender a gestionar algunas cosas\u2212. Constantemente me empleo en recordarme que no tengo ning\u00fan poder sobre las expectativas ajenas. Si alguien tiene una idea equis sobre m\u00ed, es cosa suya, porque la genera con base a lo que ella ha construido en su imaginario sobre m\u00ed. A d\u00eda de hoy, existen unas relaciones parasociales que hacen que la gente crea que te conoce porque te ve mucho en redes, pero en realidad no es as\u00ed. Y, a partir de ah\u00ed, se generan unas esperanzas que yo no alcanzo a controlar, por lo que si alguien se siente decepcionado cuando lea\u00a0<em>Minor\u00edas<\/em>, no puedo hacer nada con eso.<\/p>\n<p>Despu\u00e9s de lo que me ha costado escribir este libro, porque el contexto y mi salud mental en momentos no acompa\u00f1aba, me he trabado mis propias expectativas. Con lo que me quedo es con que cuando lo he le\u00eddo, lo he tenido en las manos y he visto lo bonito que es, me he dicho a m\u00ed misma: \u201cEste es el libro que quer\u00eda escribir\u201d. Junto a esto, el hecho de que las protagonistas de las historias sientan que he tratado sus vivencias con cari\u00f1o y respeto hacen que no pueda pedir m\u00e1s.<\/p>\n<p><strong>En un art\u00edculo para\u00a0<\/strong><strong><em>Vogue<\/em><\/strong><strong>, comentaste que el hecho de \u201cdar voz es paternalista\u201d. \u00bfQu\u00e9 es, entonces, lo que deben hacer los medios de comunicaci\u00f3n para contribuir a la lucha de las mujeres pertenecientes a colectivos discriminados?<\/strong><\/p>\n<p>Siempre pienso que el lenguaje construye realidades, por lo que en funci\u00f3n de c\u00f3mo nos expresamos, la realidad se percibe de una forma o de otra. Las mujeres pertenecientes a grupos minorizados no necesitamos que nos den voz, porque ya la tenemos. Tenemos agenda y discurso pol\u00edtico, lo que necesitamos son espacios en los que difundir nuestros propios argumentos. Esto en realidad es una cosa muy sutil, pero si decimos que \u201cdamos voz\u201d, \u00bfqui\u00e9nes la estamos dando?<\/p>\n<p><strong>Nosotros.<\/strong><\/p>\n<p>Exacto. Ah\u00ed est\u00e1 el problema. \u201cYo soy buena persona porque yo doy voz\u201d. Yo, yo, yo. A lo mejor hay que apartarse y permitir que otras personas, ya no solo las mujeres negras, sino cualquier colectivo minorizado, pueda recuperar espacios que nos pertenecen a todos. Y que tengamos la oportunidad de expresar y reivindicar desde nuestros propios discursos, con nuestras propias palabras, como nosotras queramos y no como nos digan.<\/p>\n<p><strong>En base a tu experiencia personal y a otras que has conocido durante estos a\u00f1os de activismo, \u00bfes Espa\u00f1a un mal lugar para una mujer que pertenece a alguna de estas minor\u00edas?<\/strong><\/p>\n<p>Si solo fuera Espa\u00f1a\u2026 La sociedad, tal y como est\u00e1 construida hoy en d\u00eda, no es un espacio amable para ninguna de las mujeres que protagonizan\u00a0<em>Minor\u00edas<\/em>, ni para m\u00ed, ni para ti. Espa\u00f1a no es un lugar amable porque queda mucho por cambiar en cuanto a pol\u00edticas sociales, consecuci\u00f3n de derechos civiles y garantizaci\u00f3n de los derechos humanos m\u00e1s fundamentales. Queda mucho por reconstruir\u2026 Pero en Espa\u00f1a, en Francia, en Andorra y en cualquier otro pa\u00eds.<\/td>\n<\/tr>\n<\/tbody>\n<\/table>\n<\/td>\n<\/tr>\n<\/tbody>\n<\/table>\n<p>&nbsp;<\/p>\n<p><a href=\"https:\/\/afrofeminas.com\/2021\/03\/11\/desiree-bela-las-mujeres-pertenecientes-a-grupos-minorizados-no-necesitamos-que-nos-den-voz-porque-ya-la-tenemos\/\">Afrof\u00e9minas<\/a><\/p>\n<p><a href=\"https:\/\/diariofemenino.com.ar\/category\/articulos\/\">Mujeres en Palabras<\/a> &#8211; <a href=\"https:\/\/diariofemenino.com.ar\/\">DDF<\/a><\/p>\n","protected":false},"excerpt":{"rendered":"<p>Desir\u00e9e Bela-Lobedde es una escritora, comunicadora y activista afrodescendiente espa\u00f1ola. Comenz\u00f3 su andadura en 2011 con el activismo est\u00e9tico que busca poner en valor la identidad afro femenina a trav\u00e9s de la imagen f\u00edsica. En 2018 public\u00f3 su primer libro,\u00a0Ser mujer negra en Espa\u00f1a,\u00a0donde relat\u00f3 como es la experiencia, desde la infancia hasta la edad [&hellip;]<\/p>\n","protected":false},"author":4,"featured_media":56413,"comment_status":"open","ping_status":"open","sticky":false,"template":"","format":"standard","meta":{"iawp_total_views":2,"footnotes":""},"categories":[1067,5,32,6],"tags":[4187,1920,4189,4188],"class_list":["post-56400","post","type-post","status-publish","format-standard","has-post-thumbnail","hentry","category-agenda-feminista","category-historias-de-vida","category-mujeres","category-articulos","tag-desiree-bela","tag-escritora","tag-minorias","tag-ser-mujer-negra-en-espana"],"nelio_content":{"autoShareEndMode":"never","automationSources":{"useCustomSentences":false,"customSentences":[]},"efiAlt":"","efiUrl":"","followers":[4],"highlights":[],"isAutoShareEnabled":true,"networkImageIds":[],"permalinkQueryArgs":[],"series":[],"suggestedReferences":[]},"yoast_head":"<!-- This site is optimized with the Yoast SEO plugin v27.5 - https:\/\/yoast.com\/product\/yoast-seo-wordpress\/ -->\n<title>Desir\u00e9e Bela: \u201cLas mujeres pertenecientes a grupos minorizados no necesitamos que nos den voz, porque ya la tenemos\u201d - Diario Digital Femenino<\/title>\n<meta name=\"description\" content=\"Desir\u00e9e Bela, es una escritora, comunicadora y activista afrodescendiente espa\u00f1ola. Comenz\u00f3 su andadura en 2011 con el activismo est\u00e9tico...\" \/>\n<meta name=\"robots\" content=\"index, follow, max-snippet:-1, max-image-preview:large, max-video-preview:-1\" \/>\n<link rel=\"canonical\" href=\"https:\/\/diariofemenino.com.ar\/df\/desiree-bela\/\" \/>\n<meta property=\"og:locale\" content=\"es_ES\" \/>\n<meta property=\"og:type\" content=\"article\" \/>\n<meta property=\"og:title\" content=\"Desir\u00e9e Bela: \u201cLas mujeres pertenecientes a grupos minorizados no necesitamos que nos den voz, porque ya la tenemos\u201d - Diario Digital Femenino\" \/>\n<meta property=\"og:description\" content=\"Desir\u00e9e Bela, es una escritora, comunicadora y activista afrodescendiente espa\u00f1ola. Comenz\u00f3 su andadura en 2011 con el activismo est\u00e9tico...\" \/>\n<meta property=\"og:url\" content=\"https:\/\/diariofemenino.com.ar\/df\/desiree-bela\/\" \/>\n<meta property=\"og:site_name\" content=\"Diario Digital Femenino\" \/>\n<meta property=\"article:publisher\" content=\"https:\/\/www.facebook.com\/DiarioDigitaFemenino\/\" \/>\n<meta property=\"article:published_time\" content=\"2021-03-11T15:14:18+00:00\" \/>\n<meta property=\"og:image\" content=\"https:\/\/diariofemenino.com.ar\/df\/wp-content\/uploads\/2021\/03\/Desire.jpg\" \/>\n\t<meta property=\"og:image:width\" content=\"997\" \/>\n\t<meta property=\"og:image:height\" content=\"525\" \/>\n\t<meta property=\"og:image:type\" content=\"image\/jpeg\" \/>\n<meta name=\"author\" content=\"Admin\" \/>\n<meta name=\"twitter:card\" content=\"summary_large_image\" \/>\n<meta name=\"twitter:creator\" content=\"@DiarioFemenino1\" \/>\n<meta name=\"twitter:site\" content=\"@DiarioFemenino1\" \/>\n<meta name=\"twitter:label1\" content=\"Escrito por\" \/>\n\t<meta name=\"twitter:data1\" content=\"Admin\" \/>\n\t<meta name=\"twitter:label2\" content=\"Tiempo de lectura\" \/>\n\t<meta name=\"twitter:data2\" content=\"13 minutos\" \/>\n<script type=\"application\/ld+json\" class=\"yoast-schema-graph\">{\"@context\":\"https:\\\/\\\/schema.org\",\"@graph\":[{\"@type\":\"Article\",\"@id\":\"https:\\\/\\\/diariofemenino.com.ar\\\/df\\\/desiree-bela\\\/#article\",\"isPartOf\":{\"@id\":\"https:\\\/\\\/diariofemenino.com.ar\\\/df\\\/desiree-bela\\\/\"},\"author\":{\"name\":\"Admin\",\"@id\":\"https:\\\/\\\/diariofemenino.com.ar\\\/df\\\/#\\\/schema\\\/person\\\/bf6199e8158c657ea6f789b11ec85509\"},\"headline\":\"Desir\u00e9e Bela: \u201cLas mujeres pertenecientes a grupos minorizados no necesitamos que nos den voz, porque ya la tenemos\u201d\",\"datePublished\":\"2021-03-11T15:14:18+00:00\",\"mainEntityOfPage\":{\"@id\":\"https:\\\/\\\/diariofemenino.com.ar\\\/df\\\/desiree-bela\\\/\"},\"wordCount\":2706,\"commentCount\":0,\"publisher\":{\"@id\":\"https:\\\/\\\/diariofemenino.com.ar\\\/df\\\/#organization\"},\"image\":{\"@id\":\"https:\\\/\\\/diariofemenino.com.ar\\\/df\\\/desiree-bela\\\/#primaryimage\"},\"thumbnailUrl\":\"https:\\\/\\\/diariofemenino.com.ar\\\/df\\\/wp-content\\\/uploads\\\/2021\\\/03\\\/Desire.jpg\",\"keywords\":[\"Desir\u00e9e Bela\",\"Escritora\",\"Minor\u00edas\",\"Ser mujer negra en Espa\u00f1a\"],\"articleSection\":[\"Agenda Feminista\",\"Historias de vida\",\"Mujeres\",\"Mujeres en Palabras\"],\"inLanguage\":\"es\",\"potentialAction\":[{\"@type\":\"CommentAction\",\"name\":\"Comment\",\"target\":[\"https:\\\/\\\/diariofemenino.com.ar\\\/df\\\/desiree-bela\\\/#respond\"]}]},{\"@type\":\"WebPage\",\"@id\":\"https:\\\/\\\/diariofemenino.com.ar\\\/df\\\/desiree-bela\\\/\",\"url\":\"https:\\\/\\\/diariofemenino.com.ar\\\/df\\\/desiree-bela\\\/\",\"name\":\"Desir\u00e9e Bela: \u201cLas mujeres pertenecientes a grupos minorizados no necesitamos que nos den voz, porque ya la tenemos\u201d - Diario Digital Femenino\",\"isPartOf\":{\"@id\":\"https:\\\/\\\/diariofemenino.com.ar\\\/df\\\/#website\"},\"primaryImageOfPage\":{\"@id\":\"https:\\\/\\\/diariofemenino.com.ar\\\/df\\\/desiree-bela\\\/#primaryimage\"},\"image\":{\"@id\":\"https:\\\/\\\/diariofemenino.com.ar\\\/df\\\/desiree-bela\\\/#primaryimage\"},\"thumbnailUrl\":\"https:\\\/\\\/diariofemenino.com.ar\\\/df\\\/wp-content\\\/uploads\\\/2021\\\/03\\\/Desire.jpg\",\"datePublished\":\"2021-03-11T15:14:18+00:00\",\"description\":\"Desir\u00e9e Bela, es una escritora, comunicadora y activista afrodescendiente espa\u00f1ola. Comenz\u00f3 su andadura en 2011 con el activismo est\u00e9tico...\",\"breadcrumb\":{\"@id\":\"https:\\\/\\\/diariofemenino.com.ar\\\/df\\\/desiree-bela\\\/#breadcrumb\"},\"inLanguage\":\"es\",\"potentialAction\":[{\"@type\":\"ReadAction\",\"target\":[\"https:\\\/\\\/diariofemenino.com.ar\\\/df\\\/desiree-bela\\\/\"]}]},{\"@type\":\"ImageObject\",\"inLanguage\":\"es\",\"@id\":\"https:\\\/\\\/diariofemenino.com.ar\\\/df\\\/desiree-bela\\\/#primaryimage\",\"url\":\"https:\\\/\\\/diariofemenino.com.ar\\\/df\\\/wp-content\\\/uploads\\\/2021\\\/03\\\/Desire.jpg\",\"contentUrl\":\"https:\\\/\\\/diariofemenino.com.ar\\\/df\\\/wp-content\\\/uploads\\\/2021\\\/03\\\/Desire.jpg\",\"width\":997,\"height\":525,\"caption\":\"Desir\u00e9e Bela: \u201cLas mujeres pertenecientes a grupos minorizados no necesitamos que nos den voz, porque ya la tenemos\u201d\"},{\"@type\":\"BreadcrumbList\",\"@id\":\"https:\\\/\\\/diariofemenino.com.ar\\\/df\\\/desiree-bela\\\/#breadcrumb\",\"itemListElement\":[{\"@type\":\"ListItem\",\"position\":1,\"name\":\"Portada\",\"item\":\"https:\\\/\\\/diariofemenino.com.ar\\\/df\\\/\"},{\"@type\":\"ListItem\",\"position\":2,\"name\":\"Desir\u00e9e Bela: \u201cLas mujeres pertenecientes a grupos minorizados no necesitamos que nos den voz, porque ya la tenemos\u201d\"}]},{\"@type\":\"WebSite\",\"@id\":\"https:\\\/\\\/diariofemenino.com.ar\\\/df\\\/#website\",\"url\":\"https:\\\/\\\/diariofemenino.com.ar\\\/df\\\/\",\"name\":\"Diario Digital Femenino\",\"description\":\"Cuesti\u00f3n de G\u00e9nero\",\"publisher\":{\"@id\":\"https:\\\/\\\/diariofemenino.com.ar\\\/df\\\/#organization\"},\"potentialAction\":[{\"@type\":\"SearchAction\",\"target\":{\"@type\":\"EntryPoint\",\"urlTemplate\":\"https:\\\/\\\/diariofemenino.com.ar\\\/df\\\/?s={search_term_string}\"},\"query-input\":{\"@type\":\"PropertyValueSpecification\",\"valueRequired\":true,\"valueName\":\"search_term_string\"}}],\"inLanguage\":\"es\"},{\"@type\":\"Organization\",\"@id\":\"https:\\\/\\\/diariofemenino.com.ar\\\/df\\\/#organization\",\"name\":\"Diario Femenino\",\"url\":\"https:\\\/\\\/diariofemenino.com.ar\\\/df\\\/\",\"logo\":{\"@type\":\"ImageObject\",\"inLanguage\":\"es\",\"@id\":\"https:\\\/\\\/diariofemenino.com.ar\\\/df\\\/#\\\/schema\\\/logo\\\/image\\\/\",\"url\":\"https:\\\/\\\/diariofemenino.com.ar\\\/df\\\/wp-content\\\/uploads\\\/2018\\\/10\\\/logo.png\",\"contentUrl\":\"https:\\\/\\\/diariofemenino.com.ar\\\/df\\\/wp-content\\\/uploads\\\/2018\\\/10\\\/logo.png\",\"width\":500,\"height\":92,\"caption\":\"Diario Femenino\"},\"image\":{\"@id\":\"https:\\\/\\\/diariofemenino.com.ar\\\/df\\\/#\\\/schema\\\/logo\\\/image\\\/\"},\"sameAs\":[\"https:\\\/\\\/www.facebook.com\\\/DiarioDigitaFemenino\\\/\",\"https:\\\/\\\/x.com\\\/DiarioFemenino1\"]},{\"@type\":\"Person\",\"@id\":\"https:\\\/\\\/diariofemenino.com.ar\\\/df\\\/#\\\/schema\\\/person\\\/bf6199e8158c657ea6f789b11ec85509\",\"name\":\"Admin\",\"image\":{\"@type\":\"ImageObject\",\"inLanguage\":\"es\",\"@id\":\"https:\\\/\\\/diariofemenino.com.ar\\\/df\\\/wp-content\\\/uploads\\\/2018\\\/12\\\/favicon-150x150.jpg\",\"url\":\"https:\\\/\\\/diariofemenino.com.ar\\\/df\\\/wp-content\\\/uploads\\\/2018\\\/12\\\/favicon-150x150.jpg\",\"contentUrl\":\"https:\\\/\\\/diariofemenino.com.ar\\\/df\\\/wp-content\\\/uploads\\\/2018\\\/12\\\/favicon-150x150.jpg\",\"caption\":\"Admin\"},\"url\":\"https:\\\/\\\/diariofemenino.com.ar\\\/df\\\/author\\\/lenny\\\/\"}]}<\/script>\n<!-- \/ Yoast SEO plugin. -->","yoast_head_json":{"title":"Desir\u00e9e Bela: \u201cLas mujeres pertenecientes a grupos minorizados no necesitamos que nos den voz, porque ya la tenemos\u201d - Diario Digital Femenino","description":"Desir\u00e9e Bela, es una escritora, comunicadora y activista afrodescendiente espa\u00f1ola. Comenz\u00f3 su andadura en 2011 con el activismo est\u00e9tico...","robots":{"index":"index","follow":"follow","max-snippet":"max-snippet:-1","max-image-preview":"max-image-preview:large","max-video-preview":"max-video-preview:-1"},"canonical":"https:\/\/diariofemenino.com.ar\/df\/desiree-bela\/","og_locale":"es_ES","og_type":"article","og_title":"Desir\u00e9e Bela: \u201cLas mujeres pertenecientes a grupos minorizados no necesitamos que nos den voz, porque ya la tenemos\u201d - Diario Digital Femenino","og_description":"Desir\u00e9e Bela, es una escritora, comunicadora y activista afrodescendiente espa\u00f1ola. Comenz\u00f3 su andadura en 2011 con el activismo est\u00e9tico...","og_url":"https:\/\/diariofemenino.com.ar\/df\/desiree-bela\/","og_site_name":"Diario Digital Femenino","article_publisher":"https:\/\/www.facebook.com\/DiarioDigitaFemenino\/","article_published_time":"2021-03-11T15:14:18+00:00","og_image":[{"width":997,"height":525,"url":"https:\/\/diariofemenino.com.ar\/df\/wp-content\/uploads\/2021\/03\/Desire.jpg","type":"image\/jpeg"}],"author":"Admin","twitter_card":"summary_large_image","twitter_creator":"@DiarioFemenino1","twitter_site":"@DiarioFemenino1","twitter_misc":{"Escrito por":"Admin","Tiempo de lectura":"13 minutos"},"schema":{"@context":"https:\/\/schema.org","@graph":[{"@type":"Article","@id":"https:\/\/diariofemenino.com.ar\/df\/desiree-bela\/#article","isPartOf":{"@id":"https:\/\/diariofemenino.com.ar\/df\/desiree-bela\/"},"author":{"name":"Admin","@id":"https:\/\/diariofemenino.com.ar\/df\/#\/schema\/person\/bf6199e8158c657ea6f789b11ec85509"},"headline":"Desir\u00e9e Bela: \u201cLas mujeres pertenecientes a grupos minorizados no necesitamos que nos den voz, porque ya la tenemos\u201d","datePublished":"2021-03-11T15:14:18+00:00","mainEntityOfPage":{"@id":"https:\/\/diariofemenino.com.ar\/df\/desiree-bela\/"},"wordCount":2706,"commentCount":0,"publisher":{"@id":"https:\/\/diariofemenino.com.ar\/df\/#organization"},"image":{"@id":"https:\/\/diariofemenino.com.ar\/df\/desiree-bela\/#primaryimage"},"thumbnailUrl":"https:\/\/diariofemenino.com.ar\/df\/wp-content\/uploads\/2021\/03\/Desire.jpg","keywords":["Desir\u00e9e Bela","Escritora","Minor\u00edas","Ser mujer negra en Espa\u00f1a"],"articleSection":["Agenda Feminista","Historias de vida","Mujeres","Mujeres en Palabras"],"inLanguage":"es","potentialAction":[{"@type":"CommentAction","name":"Comment","target":["https:\/\/diariofemenino.com.ar\/df\/desiree-bela\/#respond"]}]},{"@type":"WebPage","@id":"https:\/\/diariofemenino.com.ar\/df\/desiree-bela\/","url":"https:\/\/diariofemenino.com.ar\/df\/desiree-bela\/","name":"Desir\u00e9e Bela: \u201cLas mujeres pertenecientes a grupos minorizados no necesitamos que nos den voz, porque ya la tenemos\u201d - Diario Digital Femenino","isPartOf":{"@id":"https:\/\/diariofemenino.com.ar\/df\/#website"},"primaryImageOfPage":{"@id":"https:\/\/diariofemenino.com.ar\/df\/desiree-bela\/#primaryimage"},"image":{"@id":"https:\/\/diariofemenino.com.ar\/df\/desiree-bela\/#primaryimage"},"thumbnailUrl":"https:\/\/diariofemenino.com.ar\/df\/wp-content\/uploads\/2021\/03\/Desire.jpg","datePublished":"2021-03-11T15:14:18+00:00","description":"Desir\u00e9e Bela, es una escritora, comunicadora y activista afrodescendiente espa\u00f1ola. Comenz\u00f3 su andadura en 2011 con el activismo est\u00e9tico...","breadcrumb":{"@id":"https:\/\/diariofemenino.com.ar\/df\/desiree-bela\/#breadcrumb"},"inLanguage":"es","potentialAction":[{"@type":"ReadAction","target":["https:\/\/diariofemenino.com.ar\/df\/desiree-bela\/"]}]},{"@type":"ImageObject","inLanguage":"es","@id":"https:\/\/diariofemenino.com.ar\/df\/desiree-bela\/#primaryimage","url":"https:\/\/diariofemenino.com.ar\/df\/wp-content\/uploads\/2021\/03\/Desire.jpg","contentUrl":"https:\/\/diariofemenino.com.ar\/df\/wp-content\/uploads\/2021\/03\/Desire.jpg","width":997,"height":525,"caption":"Desir\u00e9e Bela: \u201cLas mujeres pertenecientes a grupos minorizados no necesitamos que nos den voz, porque ya la tenemos\u201d"},{"@type":"BreadcrumbList","@id":"https:\/\/diariofemenino.com.ar\/df\/desiree-bela\/#breadcrumb","itemListElement":[{"@type":"ListItem","position":1,"name":"Portada","item":"https:\/\/diariofemenino.com.ar\/df\/"},{"@type":"ListItem","position":2,"name":"Desir\u00e9e Bela: \u201cLas mujeres pertenecientes a grupos minorizados no necesitamos que nos den voz, porque ya la tenemos\u201d"}]},{"@type":"WebSite","@id":"https:\/\/diariofemenino.com.ar\/df\/#website","url":"https:\/\/diariofemenino.com.ar\/df\/","name":"Diario Digital Femenino","description":"Cuesti\u00f3n de G\u00e9nero","publisher":{"@id":"https:\/\/diariofemenino.com.ar\/df\/#organization"},"potentialAction":[{"@type":"SearchAction","target":{"@type":"EntryPoint","urlTemplate":"https:\/\/diariofemenino.com.ar\/df\/?s={search_term_string}"},"query-input":{"@type":"PropertyValueSpecification","valueRequired":true,"valueName":"search_term_string"}}],"inLanguage":"es"},{"@type":"Organization","@id":"https:\/\/diariofemenino.com.ar\/df\/#organization","name":"Diario Femenino","url":"https:\/\/diariofemenino.com.ar\/df\/","logo":{"@type":"ImageObject","inLanguage":"es","@id":"https:\/\/diariofemenino.com.ar\/df\/#\/schema\/logo\/image\/","url":"https:\/\/diariofemenino.com.ar\/df\/wp-content\/uploads\/2018\/10\/logo.png","contentUrl":"https:\/\/diariofemenino.com.ar\/df\/wp-content\/uploads\/2018\/10\/logo.png","width":500,"height":92,"caption":"Diario Femenino"},"image":{"@id":"https:\/\/diariofemenino.com.ar\/df\/#\/schema\/logo\/image\/"},"sameAs":["https:\/\/www.facebook.com\/DiarioDigitaFemenino\/","https:\/\/x.com\/DiarioFemenino1"]},{"@type":"Person","@id":"https:\/\/diariofemenino.com.ar\/df\/#\/schema\/person\/bf6199e8158c657ea6f789b11ec85509","name":"Admin","image":{"@type":"ImageObject","inLanguage":"es","@id":"https:\/\/diariofemenino.com.ar\/df\/wp-content\/uploads\/2018\/12\/favicon-150x150.jpg","url":"https:\/\/diariofemenino.com.ar\/df\/wp-content\/uploads\/2018\/12\/favicon-150x150.jpg","contentUrl":"https:\/\/diariofemenino.com.ar\/df\/wp-content\/uploads\/2018\/12\/favicon-150x150.jpg","caption":"Admin"},"url":"https:\/\/diariofemenino.com.ar\/df\/author\/lenny\/"}]}},"jetpack_featured_media_url":"https:\/\/diariofemenino.com.ar\/df\/wp-content\/uploads\/2021\/03\/Desire.jpg","jetpack_sharing_enabled":true,"rttpg_featured_image_url":{"full":["https:\/\/diariofemenino.com.ar\/df\/wp-content\/uploads\/2021\/03\/Desire.jpg",997,525,false],"landscape":["https:\/\/diariofemenino.com.ar\/df\/wp-content\/uploads\/2021\/03\/Desire.jpg",997,525,false],"portraits":["https:\/\/diariofemenino.com.ar\/df\/wp-content\/uploads\/2021\/03\/Desire.jpg",997,525,false],"thumbnail":["https:\/\/diariofemenino.com.ar\/df\/wp-content\/uploads\/2021\/03\/Desire-150x150.jpg",150,150,true],"medium":["https:\/\/diariofemenino.com.ar\/df\/wp-content\/uploads\/2021\/03\/Desire-300x158.jpg",300,158,true],"large":["https:\/\/diariofemenino.com.ar\/df\/wp-content\/uploads\/2021\/03\/Desire.jpg",997,525,false],"1536x1536":["https:\/\/diariofemenino.com.ar\/df\/wp-content\/uploads\/2021\/03\/Desire.jpg",997,525,false],"2048x2048":["https:\/\/diariofemenino.com.ar\/df\/wp-content\/uploads\/2021\/03\/Desire.jpg",997,525,false]},"rttpg_author":{"display_name":"Admin","author_link":"https:\/\/diariofemenino.com.ar\/df\/author\/lenny\/"},"rttpg_comment":0,"rttpg_category":"<a href=\"https:\/\/diariofemenino.com.ar\/df\/category\/agenda-feminista\/\" rel=\"category tag\">Agenda Feminista<\/a> <a href=\"https:\/\/diariofemenino.com.ar\/df\/category\/historias-de-vida\/\" rel=\"category tag\">Historias de vida<\/a> <a href=\"https:\/\/diariofemenino.com.ar\/df\/category\/mujeres\/\" rel=\"category tag\">Mujeres<\/a> <a href=\"https:\/\/diariofemenino.com.ar\/df\/category\/articulos\/\" rel=\"category tag\">Mujeres en Palabras<\/a>","rttpg_excerpt":"Desir\u00e9e Bela-Lobedde es una escritora, comunicadora y activista afrodescendiente espa\u00f1ola. Comenz\u00f3 su andadura en 2011 con el activismo est\u00e9tico que busca poner en valor la identidad afro femenina a trav\u00e9s de la imagen f\u00edsica. En 2018 public\u00f3 su primer libro,\u00a0Ser mujer negra en Espa\u00f1a,\u00a0donde relat\u00f3 como es la experiencia, desde la infancia hasta la edad&hellip;","_links":{"self":[{"href":"https:\/\/diariofemenino.com.ar\/df\/wp-json\/wp\/v2\/posts\/56400","targetHints":{"allow":["GET"]}}],"collection":[{"href":"https:\/\/diariofemenino.com.ar\/df\/wp-json\/wp\/v2\/posts"}],"about":[{"href":"https:\/\/diariofemenino.com.ar\/df\/wp-json\/wp\/v2\/types\/post"}],"author":[{"embeddable":true,"href":"https:\/\/diariofemenino.com.ar\/df\/wp-json\/wp\/v2\/users\/4"}],"replies":[{"embeddable":true,"href":"https:\/\/diariofemenino.com.ar\/df\/wp-json\/wp\/v2\/comments?post=56400"}],"version-history":[{"count":0,"href":"https:\/\/diariofemenino.com.ar\/df\/wp-json\/wp\/v2\/posts\/56400\/revisions"}],"wp:featuredmedia":[{"embeddable":true,"href":"https:\/\/diariofemenino.com.ar\/df\/wp-json\/wp\/v2\/media\/56413"}],"wp:attachment":[{"href":"https:\/\/diariofemenino.com.ar\/df\/wp-json\/wp\/v2\/media?parent=56400"}],"wp:term":[{"taxonomy":"category","embeddable":true,"href":"https:\/\/diariofemenino.com.ar\/df\/wp-json\/wp\/v2\/categories?post=56400"},{"taxonomy":"post_tag","embeddable":true,"href":"https:\/\/diariofemenino.com.ar\/df\/wp-json\/wp\/v2\/tags?post=56400"}],"curies":[{"name":"wp","href":"https:\/\/api.w.org\/{rel}","templated":true}]}}