{"id":5634,"date":"2013-02-24T21:52:50","date_gmt":"2013-02-25T00:52:50","guid":{"rendered":"http:\/\/www.diariofemenino.com.ar\/?p=5634"},"modified":"2013-02-24T21:52:50","modified_gmt":"2013-02-25T00:52:50","slug":"peru-mas-de-380-denuncias-por-delitos-de-trata-de-personas-recibio-la-fiscalia-en-el-2012","status":"publish","type":"post","link":"https:\/\/diariofemenino.com.ar\/df\/peru-mas-de-380-denuncias-por-delitos-de-trata-de-personas-recibio-la-fiscalia-en-el-2012\/","title":{"rendered":"Per\u00fa: M\u00e1s de 380 denuncias por delitos de trata de personas recibi\u00f3 la Fiscal\u00eda en el 2012"},"content":{"rendered":"<p>&nbsp;<br \/>\n&nbsp;<br \/>\n&nbsp;<\/p>\n<div><strong>Lima, feb. 24 (ANDINA).<\/strong>\u00a0Un total de 387 denuncias por el delito de trata de personas recibi\u00f3 el Ministerio P\u00fablico, de enero a noviembre del 2012, logr\u00e1ndose la detenci\u00f3n de 92 personas a nivel nacional por dicho il\u00edcito, se inform\u00f3 hoy.<\/div>\n<div>\n<div><\/div>\n<div>\nDe acuerdo al reciente informe del Registro Nacional de Detenidos y Sentenciados a Pena Privativa de la Libertad Efectiva (Renadespple), de enero a noviembre del 2012, se detuvo en Lima a 18 personas.<br \/>\nMientras tanto en Jun\u00edn se registr\u00f3 a 15 detenidos y en Loreto 13. En su modalidad agravada se detuvo, de febrero a agosto del a\u00f1o pasado, a 22 personas.<br \/>\nEl C\u00f3digo Penal sanciona este delito con pena privativa de libertad no menor de ocho a\u00f1os ni mayor de quince a\u00f1os, de acuerdo al art\u00edculo 153.<br \/>\nEn su forma agravada, cuando es cometido en contra un menor de 14 a\u00f1os y cuando el criminal pertenece a una organizaci\u00f3n delictiva, el art\u00edculo 153-A sanciona con una pena privativa de libertad no menor de 25 a\u00f1os. \u00a0 Cabe precisar, que el Ministerio P\u00fablico a trav\u00e9s del programa de Asistencia a V\u00edctimas y Testigos brinda atenci\u00f3n legal, psicol\u00f3gica y social a las v\u00edctimas de trata. De esto modo, la instituci\u00f3n busca protegerlos de los traficantes de personas.<br \/>\nLa data indica que los distritos fiscales con mayor porcentaje de denuncias registradas son Lima con 51 denuncias, lo que representa el 13.2%; Madre de Dios con 43 denuncias, lo que representa el 11.1% y Cusco con 42 denuncias, lo que representa el 10.9%.<br \/>\nAl respecto la fiscal provincial penal, Miluska Romero Pacheco, explic\u00f3 que la trata de personas es una forma de esclavitud contempor\u00e1nea, vinculada al comercio de seres humanos para su explotaci\u00f3n u otros fines il\u00edcitos.<br \/>\n\u201cA la persona se la capta y se la aleja de su lugar de origen para retenerla a fin de explotarla de manera sexual o laboral, e incluso se le puede extraer hasta los \u00f3rganos para venderlos. Es un delito sumamente grave que atenta contra los derechos humanos, y que afecta la dignidad de la persona\u201d, se\u00f1al\u00f3 la magistrada.<br \/>\nOpin\u00f3 que la legislaci\u00f3n que sanciona este delito contiene algunos defectos en su redacci\u00f3n, dado que considera que afecta la libertad personal cuando en ocasiones la v\u00edctima puede retornar a su casa pero ante el temor de que el explotador atente contra su vida o la de su familia retorna con el tratante o en ocasiones lo hacer porque es el \u00fanico medio que tiene para sobrevivir.<br \/>\n\u201cNing\u00fan operador de justicia puede permitir que una persona consienta su propia explotaci\u00f3n. Esa es la problem\u00e1tica que enfrentamos, incluso (la legislaci\u00f3n) considera la venta de ni\u00f1os y la mendicidad como trata. Estos defectos no ayudan al operador (de justicia) a llevar una investigaci\u00f3n adecuada y lograr la condena del tratante\u201d, indic\u00f3 en Los Fiscales.<br \/>\nConsider\u00f3 que no se deber\u00eda interpretar la libertad personal de manera restringida sino en el sentido de la autodeterminaci\u00f3n de la voluntad, dado que la victima de trata no puede decidir qu\u00e9 va ser de su vida ma\u00f1ana, ni mucho menos en las pr\u00f3ximas horas.\u00a0 \u00a0 Asimismo inform\u00f3 que en el marco del proyecto de fortalecimiento de la funci\u00f3n fiscal, se tiene previsto que para el mes de marzo entre en funcionamiento la data inteligente sobre trata, que va permitir a los fiscales contar con herramientas para enfrentar este delito.<br \/>\n&nbsp;<br \/>\n&nbsp;<br \/>\n&nbsp;\n<\/div>\n<\/div>\n","protected":false},"excerpt":{"rendered":"<p>&nbsp; &nbsp; &nbsp; Lima, feb. 24 (ANDINA).\u00a0Un total de 387 denuncias por el delito de trata de personas recibi\u00f3 el Ministerio P\u00fablico, de enero a noviembre del 2012, logr\u00e1ndose la detenci\u00f3n de 92 personas a nivel nacional por dicho il\u00edcito, se inform\u00f3 hoy. De acuerdo al reciente informe del Registro Nacional de Detenidos y Sentenciados [&hellip;]<\/p>\n","protected":false},"author":1,"featured_media":0,"comment_status":"open","ping_status":"open","sticky":false,"template":"","format":"standard","meta":{"iawp_total_views":2,"footnotes":""},"categories":[3,4,21,15],"tags":[],"class_list":["post-5634","post","type-post","status-publish","format-standard","hentry","category-de-la-revolucion-al-reaprendizaje","category-medios","category-noticias","category-trata-de-personas"],"nelio_content":{"autoShareEndMode":"never","automationSources":{"useCustomSentences":false,"customSentences":[]},"efiAlt":"","efiUrl":"","followers":[],"highlights":[],"isAutoShareEnabled":true,"networkImageIds":[],"permalinkQueryArgs":[],"series":[],"suggestedReferences":[]},"yoast_head":"<!-- This site is optimized with the Yoast SEO plugin v27.4 - https:\/\/yoast.com\/product\/yoast-seo-wordpress\/ -->\n<title>Per\u00fa: M\u00e1s de 380 denuncias por delitos de trata de personas recibi\u00f3 la Fiscal\u00eda en el 2012 - Diario Digital Femenino<\/title>\n<meta name=\"robots\" content=\"index, follow, max-snippet:-1, max-image-preview:large, max-video-preview:-1\" \/>\n<link rel=\"canonical\" href=\"https:\/\/diariofemenino.com.ar\/df\/peru-mas-de-380-denuncias-por-delitos-de-trata-de-personas-recibio-la-fiscalia-en-el-2012\/\" \/>\n<meta property=\"og:locale\" content=\"es_ES\" \/>\n<meta property=\"og:type\" content=\"article\" \/>\n<meta property=\"og:title\" content=\"Per\u00fa: M\u00e1s de 380 denuncias por delitos de trata de personas recibi\u00f3 la Fiscal\u00eda en el 2012 - Diario Digital Femenino\" \/>\n<meta property=\"og:description\" content=\"&nbsp; &nbsp; &nbsp; Lima, feb. 24 (ANDINA).\u00a0Un total de 387 denuncias por el delito de trata de personas recibi\u00f3 el Ministerio P\u00fablico, de enero a noviembre del 2012, logr\u00e1ndose la detenci\u00f3n de 92 personas a nivel nacional por dicho il\u00edcito, se inform\u00f3 hoy. De acuerdo al reciente informe del Registro Nacional de Detenidos y Sentenciados [&hellip;]\" \/>\n<meta property=\"og:url\" content=\"https:\/\/diariofemenino.com.ar\/df\/peru-mas-de-380-denuncias-por-delitos-de-trata-de-personas-recibio-la-fiscalia-en-el-2012\/\" \/>\n<meta property=\"og:site_name\" content=\"Diario Digital Femenino\" \/>\n<meta property=\"article:publisher\" content=\"https:\/\/www.facebook.com\/DiarioDigitaFemenino\/\" \/>\n<meta property=\"article:published_time\" content=\"2013-02-25T00:52:50+00:00\" \/>\n<meta property=\"og:image\" content=\"https:\/\/diariofemenino.com.ar\/df\/wp-content\/uploads\/2016\/10\/logo-negro.png\" \/>\n\t<meta property=\"og:image:width\" content=\"855\" \/>\n\t<meta property=\"og:image:height\" content=\"319\" \/>\n\t<meta property=\"og:image:type\" content=\"image\/png\" \/>\n<meta name=\"author\" content=\"Admin\" \/>\n<meta name=\"twitter:card\" content=\"summary_large_image\" \/>\n<meta name=\"twitter:creator\" content=\"@DiarioFemenino1\" \/>\n<meta name=\"twitter:site\" content=\"@DiarioFemenino1\" \/>\n<meta name=\"twitter:label1\" content=\"Escrito por\" \/>\n\t<meta name=\"twitter:data1\" content=\"Admin\" \/>\n\t<meta name=\"twitter:label2\" content=\"Tiempo de lectura\" \/>\n\t<meta name=\"twitter:data2\" content=\"3 minutos\" \/>\n<script type=\"application\/ld+json\" class=\"yoast-schema-graph\">{\"@context\":\"https:\\\/\\\/schema.org\",\"@graph\":[{\"@type\":\"Article\",\"@id\":\"https:\\\/\\\/diariofemenino.com.ar\\\/df\\\/peru-mas-de-380-denuncias-por-delitos-de-trata-de-personas-recibio-la-fiscalia-en-el-2012\\\/#article\",\"isPartOf\":{\"@id\":\"https:\\\/\\\/diariofemenino.com.ar\\\/df\\\/peru-mas-de-380-denuncias-por-delitos-de-trata-de-personas-recibio-la-fiscalia-en-el-2012\\\/\"},\"author\":{\"name\":\"Admin\",\"@id\":\"https:\\\/\\\/diariofemenino.com.ar\\\/df\\\/#\\\/schema\\\/person\\\/38f54b3bfd13f561de2460ba95c169c6\"},\"headline\":\"Per\u00fa: M\u00e1s de 380 denuncias por delitos de trata de personas recibi\u00f3 la Fiscal\u00eda en el 2012\",\"datePublished\":\"2013-02-25T00:52:50+00:00\",\"mainEntityOfPage\":{\"@id\":\"https:\\\/\\\/diariofemenino.com.ar\\\/df\\\/peru-mas-de-380-denuncias-por-delitos-de-trata-de-personas-recibio-la-fiscalia-en-el-2012\\\/\"},\"wordCount\":598,\"commentCount\":0,\"publisher\":{\"@id\":\"https:\\\/\\\/diariofemenino.com.ar\\\/df\\\/#organization\"},\"articleSection\":[\"De la Revoluci\u00f3n al Reaprendizaje\",\"Medios\",\"Noticias\",\"Trata de Pers.\"],\"inLanguage\":\"es\",\"potentialAction\":[{\"@type\":\"CommentAction\",\"name\":\"Comment\",\"target\":[\"https:\\\/\\\/diariofemenino.com.ar\\\/df\\\/peru-mas-de-380-denuncias-por-delitos-de-trata-de-personas-recibio-la-fiscalia-en-el-2012\\\/#respond\"]}]},{\"@type\":\"WebPage\",\"@id\":\"https:\\\/\\\/diariofemenino.com.ar\\\/df\\\/peru-mas-de-380-denuncias-por-delitos-de-trata-de-personas-recibio-la-fiscalia-en-el-2012\\\/\",\"url\":\"https:\\\/\\\/diariofemenino.com.ar\\\/df\\\/peru-mas-de-380-denuncias-por-delitos-de-trata-de-personas-recibio-la-fiscalia-en-el-2012\\\/\",\"name\":\"Per\u00fa: M\u00e1s de 380 denuncias por delitos de trata de personas recibi\u00f3 la Fiscal\u00eda en el 2012 - Diario Digital Femenino\",\"isPartOf\":{\"@id\":\"https:\\\/\\\/diariofemenino.com.ar\\\/df\\\/#website\"},\"datePublished\":\"2013-02-25T00:52:50+00:00\",\"breadcrumb\":{\"@id\":\"https:\\\/\\\/diariofemenino.com.ar\\\/df\\\/peru-mas-de-380-denuncias-por-delitos-de-trata-de-personas-recibio-la-fiscalia-en-el-2012\\\/#breadcrumb\"},\"inLanguage\":\"es\",\"potentialAction\":[{\"@type\":\"ReadAction\",\"target\":[\"https:\\\/\\\/diariofemenino.com.ar\\\/df\\\/peru-mas-de-380-denuncias-por-delitos-de-trata-de-personas-recibio-la-fiscalia-en-el-2012\\\/\"]}]},{\"@type\":\"BreadcrumbList\",\"@id\":\"https:\\\/\\\/diariofemenino.com.ar\\\/df\\\/peru-mas-de-380-denuncias-por-delitos-de-trata-de-personas-recibio-la-fiscalia-en-el-2012\\\/#breadcrumb\",\"itemListElement\":[{\"@type\":\"ListItem\",\"position\":1,\"name\":\"Portada\",\"item\":\"https:\\\/\\\/diariofemenino.com.ar\\\/df\\\/\"},{\"@type\":\"ListItem\",\"position\":2,\"name\":\"Per\u00fa: M\u00e1s de 380 denuncias por delitos de trata de personas recibi\u00f3 la Fiscal\u00eda en el 2012\"}]},{\"@type\":\"WebSite\",\"@id\":\"https:\\\/\\\/diariofemenino.com.ar\\\/df\\\/#website\",\"url\":\"https:\\\/\\\/diariofemenino.com.ar\\\/df\\\/\",\"name\":\"Diario Digital Femenino\",\"description\":\"Cuesti\u00f3n de G\u00e9nero\",\"publisher\":{\"@id\":\"https:\\\/\\\/diariofemenino.com.ar\\\/df\\\/#organization\"},\"potentialAction\":[{\"@type\":\"SearchAction\",\"target\":{\"@type\":\"EntryPoint\",\"urlTemplate\":\"https:\\\/\\\/diariofemenino.com.ar\\\/df\\\/?s={search_term_string}\"},\"query-input\":{\"@type\":\"PropertyValueSpecification\",\"valueRequired\":true,\"valueName\":\"search_term_string\"}}],\"inLanguage\":\"es\"},{\"@type\":\"Organization\",\"@id\":\"https:\\\/\\\/diariofemenino.com.ar\\\/df\\\/#organization\",\"name\":\"Diario Femenino\",\"url\":\"https:\\\/\\\/diariofemenino.com.ar\\\/df\\\/\",\"logo\":{\"@type\":\"ImageObject\",\"inLanguage\":\"es\",\"@id\":\"https:\\\/\\\/diariofemenino.com.ar\\\/df\\\/#\\\/schema\\\/logo\\\/image\\\/\",\"url\":\"https:\\\/\\\/diariofemenino.com.ar\\\/df\\\/wp-content\\\/uploads\\\/2018\\\/10\\\/logo.png\",\"contentUrl\":\"https:\\\/\\\/diariofemenino.com.ar\\\/df\\\/wp-content\\\/uploads\\\/2018\\\/10\\\/logo.png\",\"width\":500,\"height\":92,\"caption\":\"Diario Femenino\"},\"image\":{\"@id\":\"https:\\\/\\\/diariofemenino.com.ar\\\/df\\\/#\\\/schema\\\/logo\\\/image\\\/\"},\"sameAs\":[\"https:\\\/\\\/www.facebook.com\\\/DiarioDigitaFemenino\\\/\",\"https:\\\/\\\/x.com\\\/DiarioFemenino1\"]},{\"@type\":\"Person\",\"@id\":\"https:\\\/\\\/diariofemenino.com.ar\\\/df\\\/#\\\/schema\\\/person\\\/38f54b3bfd13f561de2460ba95c169c6\",\"name\":\"Admin\",\"image\":{\"@type\":\"ImageObject\",\"inLanguage\":\"es\",\"@id\":\"https:\\\/\\\/diariofemenino.com.ar\\\/df\\\/wp-content\\\/uploads\\\/2018\\\/12\\\/favicon-150x150.jpg\",\"url\":\"https:\\\/\\\/diariofemenino.com.ar\\\/df\\\/wp-content\\\/uploads\\\/2018\\\/12\\\/favicon-150x150.jpg\",\"contentUrl\":\"https:\\\/\\\/diariofemenino.com.ar\\\/df\\\/wp-content\\\/uploads\\\/2018\\\/12\\\/favicon-150x150.jpg\",\"caption\":\"Admin\"},\"url\":\"https:\\\/\\\/diariofemenino.com.ar\\\/df\\\/author\\\/adm18df\\\/\"}]}<\/script>\n<!-- \/ Yoast SEO plugin. -->","yoast_head_json":{"title":"Per\u00fa: M\u00e1s de 380 denuncias por delitos de trata de personas recibi\u00f3 la Fiscal\u00eda en el 2012 - Diario Digital Femenino","robots":{"index":"index","follow":"follow","max-snippet":"max-snippet:-1","max-image-preview":"max-image-preview:large","max-video-preview":"max-video-preview:-1"},"canonical":"https:\/\/diariofemenino.com.ar\/df\/peru-mas-de-380-denuncias-por-delitos-de-trata-de-personas-recibio-la-fiscalia-en-el-2012\/","og_locale":"es_ES","og_type":"article","og_title":"Per\u00fa: M\u00e1s de 380 denuncias por delitos de trata de personas recibi\u00f3 la Fiscal\u00eda en el 2012 - Diario Digital Femenino","og_description":"&nbsp; &nbsp; &nbsp; Lima, feb. 24 (ANDINA).\u00a0Un total de 387 denuncias por el delito de trata de personas recibi\u00f3 el Ministerio P\u00fablico, de enero a noviembre del 2012, logr\u00e1ndose la detenci\u00f3n de 92 personas a nivel nacional por dicho il\u00edcito, se inform\u00f3 hoy. De acuerdo al reciente informe del Registro Nacional de Detenidos y Sentenciados [&hellip;]","og_url":"https:\/\/diariofemenino.com.ar\/df\/peru-mas-de-380-denuncias-por-delitos-de-trata-de-personas-recibio-la-fiscalia-en-el-2012\/","og_site_name":"Diario Digital Femenino","article_publisher":"https:\/\/www.facebook.com\/DiarioDigitaFemenino\/","article_published_time":"2013-02-25T00:52:50+00:00","og_image":[{"width":855,"height":319,"url":"https:\/\/diariofemenino.com.ar\/df\/wp-content\/uploads\/2016\/10\/logo-negro.png","type":"image\/png"}],"author":"Admin","twitter_card":"summary_large_image","twitter_creator":"@DiarioFemenino1","twitter_site":"@DiarioFemenino1","twitter_misc":{"Escrito por":"Admin","Tiempo de lectura":"3 minutos"},"schema":{"@context":"https:\/\/schema.org","@graph":[{"@type":"Article","@id":"https:\/\/diariofemenino.com.ar\/df\/peru-mas-de-380-denuncias-por-delitos-de-trata-de-personas-recibio-la-fiscalia-en-el-2012\/#article","isPartOf":{"@id":"https:\/\/diariofemenino.com.ar\/df\/peru-mas-de-380-denuncias-por-delitos-de-trata-de-personas-recibio-la-fiscalia-en-el-2012\/"},"author":{"name":"Admin","@id":"https:\/\/diariofemenino.com.ar\/df\/#\/schema\/person\/38f54b3bfd13f561de2460ba95c169c6"},"headline":"Per\u00fa: M\u00e1s de 380 denuncias por delitos de trata de personas recibi\u00f3 la Fiscal\u00eda en el 2012","datePublished":"2013-02-25T00:52:50+00:00","mainEntityOfPage":{"@id":"https:\/\/diariofemenino.com.ar\/df\/peru-mas-de-380-denuncias-por-delitos-de-trata-de-personas-recibio-la-fiscalia-en-el-2012\/"},"wordCount":598,"commentCount":0,"publisher":{"@id":"https:\/\/diariofemenino.com.ar\/df\/#organization"},"articleSection":["De la Revoluci\u00f3n al Reaprendizaje","Medios","Noticias","Trata de Pers."],"inLanguage":"es","potentialAction":[{"@type":"CommentAction","name":"Comment","target":["https:\/\/diariofemenino.com.ar\/df\/peru-mas-de-380-denuncias-por-delitos-de-trata-de-personas-recibio-la-fiscalia-en-el-2012\/#respond"]}]},{"@type":"WebPage","@id":"https:\/\/diariofemenino.com.ar\/df\/peru-mas-de-380-denuncias-por-delitos-de-trata-de-personas-recibio-la-fiscalia-en-el-2012\/","url":"https:\/\/diariofemenino.com.ar\/df\/peru-mas-de-380-denuncias-por-delitos-de-trata-de-personas-recibio-la-fiscalia-en-el-2012\/","name":"Per\u00fa: M\u00e1s de 380 denuncias por delitos de trata de personas recibi\u00f3 la Fiscal\u00eda en el 2012 - Diario Digital Femenino","isPartOf":{"@id":"https:\/\/diariofemenino.com.ar\/df\/#website"},"datePublished":"2013-02-25T00:52:50+00:00","breadcrumb":{"@id":"https:\/\/diariofemenino.com.ar\/df\/peru-mas-de-380-denuncias-por-delitos-de-trata-de-personas-recibio-la-fiscalia-en-el-2012\/#breadcrumb"},"inLanguage":"es","potentialAction":[{"@type":"ReadAction","target":["https:\/\/diariofemenino.com.ar\/df\/peru-mas-de-380-denuncias-por-delitos-de-trata-de-personas-recibio-la-fiscalia-en-el-2012\/"]}]},{"@type":"BreadcrumbList","@id":"https:\/\/diariofemenino.com.ar\/df\/peru-mas-de-380-denuncias-por-delitos-de-trata-de-personas-recibio-la-fiscalia-en-el-2012\/#breadcrumb","itemListElement":[{"@type":"ListItem","position":1,"name":"Portada","item":"https:\/\/diariofemenino.com.ar\/df\/"},{"@type":"ListItem","position":2,"name":"Per\u00fa: M\u00e1s de 380 denuncias por delitos de trata de personas recibi\u00f3 la Fiscal\u00eda en el 2012"}]},{"@type":"WebSite","@id":"https:\/\/diariofemenino.com.ar\/df\/#website","url":"https:\/\/diariofemenino.com.ar\/df\/","name":"Diario Digital Femenino","description":"Cuesti\u00f3n de G\u00e9nero","publisher":{"@id":"https:\/\/diariofemenino.com.ar\/df\/#organization"},"potentialAction":[{"@type":"SearchAction","target":{"@type":"EntryPoint","urlTemplate":"https:\/\/diariofemenino.com.ar\/df\/?s={search_term_string}"},"query-input":{"@type":"PropertyValueSpecification","valueRequired":true,"valueName":"search_term_string"}}],"inLanguage":"es"},{"@type":"Organization","@id":"https:\/\/diariofemenino.com.ar\/df\/#organization","name":"Diario Femenino","url":"https:\/\/diariofemenino.com.ar\/df\/","logo":{"@type":"ImageObject","inLanguage":"es","@id":"https:\/\/diariofemenino.com.ar\/df\/#\/schema\/logo\/image\/","url":"https:\/\/diariofemenino.com.ar\/df\/wp-content\/uploads\/2018\/10\/logo.png","contentUrl":"https:\/\/diariofemenino.com.ar\/df\/wp-content\/uploads\/2018\/10\/logo.png","width":500,"height":92,"caption":"Diario Femenino"},"image":{"@id":"https:\/\/diariofemenino.com.ar\/df\/#\/schema\/logo\/image\/"},"sameAs":["https:\/\/www.facebook.com\/DiarioDigitaFemenino\/","https:\/\/x.com\/DiarioFemenino1"]},{"@type":"Person","@id":"https:\/\/diariofemenino.com.ar\/df\/#\/schema\/person\/38f54b3bfd13f561de2460ba95c169c6","name":"Admin","image":{"@type":"ImageObject","inLanguage":"es","@id":"https:\/\/diariofemenino.com.ar\/df\/wp-content\/uploads\/2018\/12\/favicon-150x150.jpg","url":"https:\/\/diariofemenino.com.ar\/df\/wp-content\/uploads\/2018\/12\/favicon-150x150.jpg","contentUrl":"https:\/\/diariofemenino.com.ar\/df\/wp-content\/uploads\/2018\/12\/favicon-150x150.jpg","caption":"Admin"},"url":"https:\/\/diariofemenino.com.ar\/df\/author\/adm18df\/"}]}},"jetpack_featured_media_url":"","jetpack_sharing_enabled":true,"rttpg_featured_image_url":null,"rttpg_author":{"display_name":"Admin","author_link":"https:\/\/diariofemenino.com.ar\/df\/author\/adm18df\/"},"rttpg_comment":0,"rttpg_category":"<a href=\"https:\/\/diariofemenino.com.ar\/df\/category\/de-la-revolucion-al-reaprendizaje\/\" rel=\"category tag\">De la Revoluci\u00f3n al Reaprendizaje<\/a> <a href=\"https:\/\/diariofemenino.com.ar\/df\/category\/medios\/\" rel=\"category tag\">Medios<\/a> <a href=\"https:\/\/diariofemenino.com.ar\/df\/category\/noticias\/\" rel=\"category tag\">Noticias<\/a> <a href=\"https:\/\/diariofemenino.com.ar\/df\/category\/trata-de-personas\/\" rel=\"category tag\">Trata de Pers.<\/a>","rttpg_excerpt":"&nbsp; &nbsp; &nbsp; Lima, feb. 24 (ANDINA).\u00a0Un total de 387 denuncias por el delito de trata de personas recibi\u00f3 el Ministerio P\u00fablico, de enero a noviembre del 2012, logr\u00e1ndose la detenci\u00f3n de 92 personas a nivel nacional por dicho il\u00edcito, se inform\u00f3 hoy. De acuerdo al reciente informe del Registro Nacional de Detenidos y Sentenciados&hellip;","_links":{"self":[{"href":"https:\/\/diariofemenino.com.ar\/df\/wp-json\/wp\/v2\/posts\/5634","targetHints":{"allow":["GET"]}}],"collection":[{"href":"https:\/\/diariofemenino.com.ar\/df\/wp-json\/wp\/v2\/posts"}],"about":[{"href":"https:\/\/diariofemenino.com.ar\/df\/wp-json\/wp\/v2\/types\/post"}],"author":[{"embeddable":true,"href":"https:\/\/diariofemenino.com.ar\/df\/wp-json\/wp\/v2\/users\/1"}],"replies":[{"embeddable":true,"href":"https:\/\/diariofemenino.com.ar\/df\/wp-json\/wp\/v2\/comments?post=5634"}],"version-history":[{"count":0,"href":"https:\/\/diariofemenino.com.ar\/df\/wp-json\/wp\/v2\/posts\/5634\/revisions"}],"wp:attachment":[{"href":"https:\/\/diariofemenino.com.ar\/df\/wp-json\/wp\/v2\/media?parent=5634"}],"wp:term":[{"taxonomy":"category","embeddable":true,"href":"https:\/\/diariofemenino.com.ar\/df\/wp-json\/wp\/v2\/categories?post=5634"},{"taxonomy":"post_tag","embeddable":true,"href":"https:\/\/diariofemenino.com.ar\/df\/wp-json\/wp\/v2\/tags?post=5634"}],"curies":[{"name":"wp","href":"https:\/\/api.w.org\/{rel}","templated":true}]}}