{"id":5626,"date":"2013-02-22T14:58:52","date_gmt":"2013-02-22T17:58:52","guid":{"rendered":"http:\/\/www.diariofemenino.com.ar\/?p=5626"},"modified":"2013-02-22T14:58:52","modified_gmt":"2013-02-22T17:58:52","slug":"2o-plenario-politicas-publicas-para-la-provincia-de-buenos-aires","status":"publish","type":"post","link":"https:\/\/diariofemenino.com.ar\/df\/2o-plenario-politicas-publicas-para-la-provincia-de-buenos-aires\/","title":{"rendered":"2\u00ba Plenario Pol\u00edticas P\u00fablicas para la Provincia de Buenos Aires"},"content":{"rendered":"<p>&nbsp;<br \/>\n&nbsp;<br \/>\n&nbsp;<br \/>\n&nbsp;<\/p>\n<div id=\"id_5127aab5d97375129409203\">\n<div>El proximo jueves 28 de febrero\u00a0 a las 09:00 hs se realizara el <em><strong>2\u00ba Plenario Pol\u00edticas P\u00fablicas para la Provincia de Buenos Aires.<br \/>\n<\/strong><\/em><\/div>\n<div><em><strong><a href=\"http:\/\/www.diariofemenino.com.ar\/wp-content\/uploads\/536892_343225092463232_1144276507_n.jpg\"><img loading=\"lazy\" decoding=\"async\" class=\"alignnone size-full wp-image-5627\" title=\"536892_343225092463232_1144276507_n\" src=\"http:\/\/www.diariofemenino.com.ar\/wp-content\/uploads\/536892_343225092463232_1144276507_n.jpg\" alt=\"\" width=\"576\" height=\"410\" \/><\/a><\/strong><\/em><\/div>\n<div id=\"id_5127aab5d97375129409203\">\n<div id=\"u_jsonp_8_5\">\nLa actividad se desarrollara en el Predio Club Atl\u00e9tico Banfield. Ubicado en la cuidad de Luis Guill\u00f3n, en el partido de Esteban Echeverr\u00eda de la provincia de Buenos Aires. Calle Zuvir\u00eda intersecci\u00f3n con Camino de Cintura.<\/div>\n<div><\/div>\n<p>Inscribite y Particip\u00e1: <a href=\"http:\/\/www.plenario.gob.ar\/plenarioba\/Inscripcion.aspx\" rel=\"nofollow nofollow\" target=\"_blank\">http:\/\/<wbr>www.plenario.gob.ar\/<wbr>plenarioba\/Inscripcion.aspx<\/wbr><\/wbr><\/a><br \/>\n<strong>\u00bfQu\u00e9 es un Plenario de Pol\u00edticas P\u00fablicas?<\/strong><br \/>\nSe trata de una iniciativa que busca la participaci\u00f3n ciudadana en el debate y la reflexi\u00f3n de nuevas leyes para la provincia de Buenos Aires. El primer encuentro se realiz\u00f3 el 25 de noviembre de 2011 en el predio de la UOCRA, en Esteban Echeverr\u00eda, con la presencia de m\u00e1s de tres mil personas, entre ellas, militantes, funcionarios nacionalidades, provinciales, personalidad del campo nacional y popular de Latinoam\u00e9rica, cuadros t\u00e9cnicos, y militantes de distintos espacios.<\/div>\n<div>En esa primera experiencia el trabajo se realiz\u00f3 a trav\u00e9s de comisiones y gir\u00f3 en torno a los siguientes ejes tem\u00e1ticos: Seguridad, Ciencia y Tecnolog\u00eda, Medio Ambiente y Desarrollo Sustentable, Pol\u00edticas Sanitarias, Juventud; Educaci\u00f3n, G\u00e9nero y Promoci\u00f3n de la Igualdad, Deporte, Pol\u00edticas Sociales e Inclusi\u00f3n, Seguridad Ciudadana, Transporte, Producci\u00f3n, Trabajo y Econom\u00eda Solidaria, y Justicia y Derechos Humanos.<\/div>\n<div><\/div>\n<div>La jornada comenz\u00f3 9.30 con la distribuci\u00f3n de los convocados en distintos grupos de debate y reflexi\u00f3n. All\u00ed, las fuerzas vivas expusieron sus propuestas para la provincia, las cuales luego fueron recogidas y sintetizadas por un coordinador grupal.<\/div>\n<div><\/div>\n<div>Por la tarde, cada comisi\u00f3n dio a conocer sus conclusiones, las que conformaran un listado de \u201cprioridades\u201d de la comunidad que ser\u00e1n incorporadas a la agenda de la Legislatura.<br \/>\nDe ese debate surgieron algunas de las propuestas que despu\u00e9s fueron debatidas durante el ciclo de sesiones ordinarias y en foros a lo largo de toda la provincia, como el proyecto de Ley de creaci\u00f3n de un Cuerpo Especial de Investigaciones (Polic\u00eda Judicial), la Ley de H\u00e1bitat y tem\u00e1ticas vinculadas con la violencia de g\u00e9nero, entre otras.<br \/>\n<strong>\u00bfC\u00f3mo es el funcionamiento?<\/strong><br \/>\nLa metodolog\u00eda de trabajo ser\u00e1 similar a la utilizada en el primer plenario y en los foros de debate organizados por el Senado de la provincia de Buenos Aires durante 2012.<br \/>\nA las 9.00 comenzar\u00e1 el ingreso y la distribuci\u00f3n en las distintas carpas donde se realizar\u00e1n las comisiones. Cada una de ellas tendr\u00e1:<br \/>\n. un locutor, que se encargar\u00e1 de las presentaciones y la lectura de documentos, aportes y conclusiones;<br \/>\n&#8211; un coordinador, que llevar\u00e1 la supervisi\u00f3n de la duraci\u00f3n de cada una de las exposiciones, articular\u00e1 el debate entre los distintos actores y plantear\u00e1 los ejes sobre los que discurrir\u00e1 la reflexi\u00f3n;<br \/>\n-y expositores; que ser\u00e1n cuadros t\u00e9cnicos, funcionarios y representantes de distintos estamentos del Estado u organizaciones que dar\u00e1n sus puntos de vista sobre tem\u00e1ticas propias de la comisi\u00f3n.<\/div>\n<div>Al comienzo del plenario se plantear\u00e1n los temas sobre los que se reflexionar\u00e1 durante la jornada, muchos de los cu\u00e1les estar\u00e1n determinados por las propuestas de debate que los participantes hayan remitido a trav\u00e9s de esta p\u00e1gina (link de deja tu propuesta) durante la inscripci\u00f3n.<\/div>\n<div>\u00a0Luego del debate, aproximadamente a las 14.00, se cerrar\u00e1 la discusi\u00f3n y se conformar\u00e1n las conclusiones. De ellas, surgir\u00e1 un dec\u00e1logo de temas que luego ser\u00e1n abordados en las comisiones del Senado bonaerense, como sucedi\u00f3 con los aportes recibidos en el primer Plenario de Esteban Echeverr\u00eda.<\/div>\n<div><\/div>\n<div><strong>\u00bfCu\u00e1les son las Comisiones?<br \/>\n<\/strong><\/div>\n<div>\n1. Seguridad Democr\u00e1tica.<br \/>\n2. Educaci\u00f3n, Ciencia y Tecnolog\u00eda.<br \/>\n3. Cultura, Comunicaci\u00f3n y Ley de Medios.<br \/>\n4. Juventud.<br \/>\n5. G\u00e9nero y Promoci\u00f3n de la Igualdad.<\/div>\n<div>6. Gestiones Locales, Recursos y Planificaci\u00f3n.<\/div>\n<div>7. Ambiente y Desarrollo Sustentable.<\/div>\n<div>8. Transporte y Obras P\u00fablicas.<\/div>\n<div>9. Inclusi\u00f3n Social, Tierra y H\u00e1bitat.<\/div>\n<div>10. Justicia y Derechos Humanos.<\/div>\n<div>11. Producci\u00f3n, Trabajo y Econom\u00eda Solidaria.<\/div>\n<div>12. Pol\u00edticas Socio-Sanitarias.<\/div>\n<div><strong>Programa<br \/>\n<\/strong><\/div>\n<div>\u2022 9.00hs &#8211; Ingreso y Acreditaci\u00f3n.<br \/>\n\u2022 10.00hs a 14.00hs &#8211; Funcionamiento de Comisiones.<br \/>\n\u2022 14.00hs a 17.30hs &#8211; Espect\u00e1culos Art\u00edsticos.<br \/>\n\u2022 18hs &#8211; Acto de Cierre.<\/div>\n<div><\/div>\n<div><\/div>\n<div><\/div>\n<div><\/div>\n<div><\/div>\n<div><\/div>\n<div><\/div>\n<div><\/div>\n<div><\/div>\n<\/div>\n","protected":false},"excerpt":{"rendered":"<p>&nbsp; &nbsp; &nbsp; &nbsp; El proximo jueves 28 de febrero\u00a0 a las 09:00 hs se realizara el 2\u00ba Plenario Pol\u00edticas P\u00fablicas para la Provincia de Buenos Aires. La actividad se desarrollara en el Predio Club Atl\u00e9tico Banfield. Ubicado en la cuidad de Luis Guill\u00f3n, en el partido de Esteban Echeverr\u00eda de la provincia de Buenos [&hellip;]<\/p>\n","protected":false},"author":1,"featured_media":0,"comment_status":"open","ping_status":"open","sticky":false,"template":"","format":"standard","meta":{"iawp_total_views":5,"footnotes":""},"categories":[7,4],"tags":[],"class_list":["post-5626","post","type-post","status-publish","format-standard","hentry","category-actividades","category-medios"],"nelio_content":{"autoShareEndMode":"never","automationSources":{"useCustomSentences":false,"customSentences":[]},"efiAlt":"","efiUrl":"","followers":[],"highlights":[],"isAutoShareEnabled":true,"networkImageIds":[],"permalinkQueryArgs":[],"series":[],"suggestedReferences":[]},"yoast_head":"<!-- This site is optimized with the Yoast SEO plugin v27.4 - https:\/\/yoast.com\/product\/yoast-seo-wordpress\/ -->\n<title>2\u00ba Plenario Pol\u00edticas P\u00fablicas para la Provincia de Buenos Aires - Diario Digital Femenino<\/title>\n<meta name=\"robots\" content=\"index, follow, max-snippet:-1, max-image-preview:large, max-video-preview:-1\" \/>\n<link rel=\"canonical\" href=\"https:\/\/diariofemenino.com.ar\/df\/2o-plenario-politicas-publicas-para-la-provincia-de-buenos-aires\/\" \/>\n<meta property=\"og:locale\" content=\"es_ES\" \/>\n<meta property=\"og:type\" content=\"article\" \/>\n<meta property=\"og:title\" content=\"2\u00ba Plenario Pol\u00edticas P\u00fablicas para la Provincia de Buenos Aires - Diario Digital Femenino\" \/>\n<meta property=\"og:description\" content=\"&nbsp; &nbsp; &nbsp; &nbsp; El proximo jueves 28 de febrero\u00a0 a las 09:00 hs se realizara el 2\u00ba Plenario Pol\u00edticas P\u00fablicas para la Provincia de Buenos Aires. La actividad se desarrollara en el Predio Club Atl\u00e9tico Banfield. Ubicado en la cuidad de Luis Guill\u00f3n, en el partido de Esteban Echeverr\u00eda de la provincia de Buenos [&hellip;]\" \/>\n<meta property=\"og:url\" content=\"https:\/\/diariofemenino.com.ar\/df\/2o-plenario-politicas-publicas-para-la-provincia-de-buenos-aires\/\" \/>\n<meta property=\"og:site_name\" content=\"Diario Digital Femenino\" \/>\n<meta property=\"article:publisher\" content=\"https:\/\/www.facebook.com\/DiarioDigitaFemenino\/\" \/>\n<meta property=\"article:published_time\" content=\"2013-02-22T17:58:52+00:00\" \/>\n<meta property=\"og:image\" content=\"http:\/\/www.diariofemenino.com.ar\/wp-content\/uploads\/536892_343225092463232_1144276507_n.jpg\" \/>\n<meta name=\"author\" content=\"Admin\" \/>\n<meta name=\"twitter:card\" content=\"summary_large_image\" \/>\n<meta name=\"twitter:creator\" content=\"@DiarioFemenino1\" \/>\n<meta name=\"twitter:site\" content=\"@DiarioFemenino1\" \/>\n<meta name=\"twitter:label1\" content=\"Escrito por\" \/>\n\t<meta name=\"twitter:data1\" content=\"Admin\" \/>\n\t<meta name=\"twitter:label2\" content=\"Tiempo de lectura\" \/>\n\t<meta name=\"twitter:data2\" content=\"4 minutos\" \/>\n<script type=\"application\/ld+json\" class=\"yoast-schema-graph\">{\"@context\":\"https:\\\/\\\/schema.org\",\"@graph\":[{\"@type\":\"Article\",\"@id\":\"https:\\\/\\\/diariofemenino.com.ar\\\/df\\\/2o-plenario-politicas-publicas-para-la-provincia-de-buenos-aires\\\/#article\",\"isPartOf\":{\"@id\":\"https:\\\/\\\/diariofemenino.com.ar\\\/df\\\/2o-plenario-politicas-publicas-para-la-provincia-de-buenos-aires\\\/\"},\"author\":{\"name\":\"Admin\",\"@id\":\"https:\\\/\\\/diariofemenino.com.ar\\\/df\\\/#\\\/schema\\\/person\\\/38f54b3bfd13f561de2460ba95c169c6\"},\"headline\":\"2\u00ba Plenario Pol\u00edticas P\u00fablicas para la Provincia de Buenos Aires\",\"datePublished\":\"2013-02-22T17:58:52+00:00\",\"mainEntityOfPage\":{\"@id\":\"https:\\\/\\\/diariofemenino.com.ar\\\/df\\\/2o-plenario-politicas-publicas-para-la-provincia-de-buenos-aires\\\/\"},\"wordCount\":718,\"commentCount\":0,\"publisher\":{\"@id\":\"https:\\\/\\\/diariofemenino.com.ar\\\/df\\\/#organization\"},\"image\":{\"@id\":\"https:\\\/\\\/diariofemenino.com.ar\\\/df\\\/2o-plenario-politicas-publicas-para-la-provincia-de-buenos-aires\\\/#primaryimage\"},\"thumbnailUrl\":\"http:\\\/\\\/www.diariofemenino.com.ar\\\/wp-content\\\/uploads\\\/536892_343225092463232_1144276507_n.jpg\",\"articleSection\":[\"Actividades\",\"Medios\"],\"inLanguage\":\"es\",\"potentialAction\":[{\"@type\":\"CommentAction\",\"name\":\"Comment\",\"target\":[\"https:\\\/\\\/diariofemenino.com.ar\\\/df\\\/2o-plenario-politicas-publicas-para-la-provincia-de-buenos-aires\\\/#respond\"]}]},{\"@type\":\"WebPage\",\"@id\":\"https:\\\/\\\/diariofemenino.com.ar\\\/df\\\/2o-plenario-politicas-publicas-para-la-provincia-de-buenos-aires\\\/\",\"url\":\"https:\\\/\\\/diariofemenino.com.ar\\\/df\\\/2o-plenario-politicas-publicas-para-la-provincia-de-buenos-aires\\\/\",\"name\":\"2\u00ba Plenario Pol\u00edticas P\u00fablicas para la Provincia de Buenos Aires - Diario Digital Femenino\",\"isPartOf\":{\"@id\":\"https:\\\/\\\/diariofemenino.com.ar\\\/df\\\/#website\"},\"primaryImageOfPage\":{\"@id\":\"https:\\\/\\\/diariofemenino.com.ar\\\/df\\\/2o-plenario-politicas-publicas-para-la-provincia-de-buenos-aires\\\/#primaryimage\"},\"image\":{\"@id\":\"https:\\\/\\\/diariofemenino.com.ar\\\/df\\\/2o-plenario-politicas-publicas-para-la-provincia-de-buenos-aires\\\/#primaryimage\"},\"thumbnailUrl\":\"http:\\\/\\\/www.diariofemenino.com.ar\\\/wp-content\\\/uploads\\\/536892_343225092463232_1144276507_n.jpg\",\"datePublished\":\"2013-02-22T17:58:52+00:00\",\"breadcrumb\":{\"@id\":\"https:\\\/\\\/diariofemenino.com.ar\\\/df\\\/2o-plenario-politicas-publicas-para-la-provincia-de-buenos-aires\\\/#breadcrumb\"},\"inLanguage\":\"es\",\"potentialAction\":[{\"@type\":\"ReadAction\",\"target\":[\"https:\\\/\\\/diariofemenino.com.ar\\\/df\\\/2o-plenario-politicas-publicas-para-la-provincia-de-buenos-aires\\\/\"]}]},{\"@type\":\"ImageObject\",\"inLanguage\":\"es\",\"@id\":\"https:\\\/\\\/diariofemenino.com.ar\\\/df\\\/2o-plenario-politicas-publicas-para-la-provincia-de-buenos-aires\\\/#primaryimage\",\"url\":\"http:\\\/\\\/www.diariofemenino.com.ar\\\/wp-content\\\/uploads\\\/536892_343225092463232_1144276507_n.jpg\",\"contentUrl\":\"http:\\\/\\\/www.diariofemenino.com.ar\\\/wp-content\\\/uploads\\\/536892_343225092463232_1144276507_n.jpg\"},{\"@type\":\"BreadcrumbList\",\"@id\":\"https:\\\/\\\/diariofemenino.com.ar\\\/df\\\/2o-plenario-politicas-publicas-para-la-provincia-de-buenos-aires\\\/#breadcrumb\",\"itemListElement\":[{\"@type\":\"ListItem\",\"position\":1,\"name\":\"Portada\",\"item\":\"https:\\\/\\\/diariofemenino.com.ar\\\/df\\\/\"},{\"@type\":\"ListItem\",\"position\":2,\"name\":\"2\u00ba Plenario Pol\u00edticas P\u00fablicas para la Provincia de Buenos Aires\"}]},{\"@type\":\"WebSite\",\"@id\":\"https:\\\/\\\/diariofemenino.com.ar\\\/df\\\/#website\",\"url\":\"https:\\\/\\\/diariofemenino.com.ar\\\/df\\\/\",\"name\":\"Diario Digital Femenino\",\"description\":\"Cuesti\u00f3n de G\u00e9nero\",\"publisher\":{\"@id\":\"https:\\\/\\\/diariofemenino.com.ar\\\/df\\\/#organization\"},\"potentialAction\":[{\"@type\":\"SearchAction\",\"target\":{\"@type\":\"EntryPoint\",\"urlTemplate\":\"https:\\\/\\\/diariofemenino.com.ar\\\/df\\\/?s={search_term_string}\"},\"query-input\":{\"@type\":\"PropertyValueSpecification\",\"valueRequired\":true,\"valueName\":\"search_term_string\"}}],\"inLanguage\":\"es\"},{\"@type\":\"Organization\",\"@id\":\"https:\\\/\\\/diariofemenino.com.ar\\\/df\\\/#organization\",\"name\":\"Diario Femenino\",\"url\":\"https:\\\/\\\/diariofemenino.com.ar\\\/df\\\/\",\"logo\":{\"@type\":\"ImageObject\",\"inLanguage\":\"es\",\"@id\":\"https:\\\/\\\/diariofemenino.com.ar\\\/df\\\/#\\\/schema\\\/logo\\\/image\\\/\",\"url\":\"https:\\\/\\\/diariofemenino.com.ar\\\/df\\\/wp-content\\\/uploads\\\/2018\\\/10\\\/logo.png\",\"contentUrl\":\"https:\\\/\\\/diariofemenino.com.ar\\\/df\\\/wp-content\\\/uploads\\\/2018\\\/10\\\/logo.png\",\"width\":500,\"height\":92,\"caption\":\"Diario Femenino\"},\"image\":{\"@id\":\"https:\\\/\\\/diariofemenino.com.ar\\\/df\\\/#\\\/schema\\\/logo\\\/image\\\/\"},\"sameAs\":[\"https:\\\/\\\/www.facebook.com\\\/DiarioDigitaFemenino\\\/\",\"https:\\\/\\\/x.com\\\/DiarioFemenino1\"]},{\"@type\":\"Person\",\"@id\":\"https:\\\/\\\/diariofemenino.com.ar\\\/df\\\/#\\\/schema\\\/person\\\/38f54b3bfd13f561de2460ba95c169c6\",\"name\":\"Admin\",\"image\":{\"@type\":\"ImageObject\",\"inLanguage\":\"es\",\"@id\":\"https:\\\/\\\/diariofemenino.com.ar\\\/df\\\/wp-content\\\/uploads\\\/2018\\\/12\\\/favicon-150x150.jpg\",\"url\":\"https:\\\/\\\/diariofemenino.com.ar\\\/df\\\/wp-content\\\/uploads\\\/2018\\\/12\\\/favicon-150x150.jpg\",\"contentUrl\":\"https:\\\/\\\/diariofemenino.com.ar\\\/df\\\/wp-content\\\/uploads\\\/2018\\\/12\\\/favicon-150x150.jpg\",\"caption\":\"Admin\"},\"url\":\"https:\\\/\\\/diariofemenino.com.ar\\\/df\\\/author\\\/adm18df\\\/\"}]}<\/script>\n<!-- \/ Yoast SEO plugin. -->","yoast_head_json":{"title":"2\u00ba Plenario Pol\u00edticas P\u00fablicas para la Provincia de Buenos Aires - Diario Digital Femenino","robots":{"index":"index","follow":"follow","max-snippet":"max-snippet:-1","max-image-preview":"max-image-preview:large","max-video-preview":"max-video-preview:-1"},"canonical":"https:\/\/diariofemenino.com.ar\/df\/2o-plenario-politicas-publicas-para-la-provincia-de-buenos-aires\/","og_locale":"es_ES","og_type":"article","og_title":"2\u00ba Plenario Pol\u00edticas P\u00fablicas para la Provincia de Buenos Aires - Diario Digital Femenino","og_description":"&nbsp; &nbsp; &nbsp; &nbsp; El proximo jueves 28 de febrero\u00a0 a las 09:00 hs se realizara el 2\u00ba Plenario Pol\u00edticas P\u00fablicas para la Provincia de Buenos Aires. La actividad se desarrollara en el Predio Club Atl\u00e9tico Banfield. Ubicado en la cuidad de Luis Guill\u00f3n, en el partido de Esteban Echeverr\u00eda de la provincia de Buenos [&hellip;]","og_url":"https:\/\/diariofemenino.com.ar\/df\/2o-plenario-politicas-publicas-para-la-provincia-de-buenos-aires\/","og_site_name":"Diario Digital Femenino","article_publisher":"https:\/\/www.facebook.com\/DiarioDigitaFemenino\/","article_published_time":"2013-02-22T17:58:52+00:00","og_image":[{"url":"http:\/\/www.diariofemenino.com.ar\/wp-content\/uploads\/536892_343225092463232_1144276507_n.jpg","type":"","width":"","height":""}],"author":"Admin","twitter_card":"summary_large_image","twitter_creator":"@DiarioFemenino1","twitter_site":"@DiarioFemenino1","twitter_misc":{"Escrito por":"Admin","Tiempo de lectura":"4 minutos"},"schema":{"@context":"https:\/\/schema.org","@graph":[{"@type":"Article","@id":"https:\/\/diariofemenino.com.ar\/df\/2o-plenario-politicas-publicas-para-la-provincia-de-buenos-aires\/#article","isPartOf":{"@id":"https:\/\/diariofemenino.com.ar\/df\/2o-plenario-politicas-publicas-para-la-provincia-de-buenos-aires\/"},"author":{"name":"Admin","@id":"https:\/\/diariofemenino.com.ar\/df\/#\/schema\/person\/38f54b3bfd13f561de2460ba95c169c6"},"headline":"2\u00ba Plenario Pol\u00edticas P\u00fablicas para la Provincia de Buenos Aires","datePublished":"2013-02-22T17:58:52+00:00","mainEntityOfPage":{"@id":"https:\/\/diariofemenino.com.ar\/df\/2o-plenario-politicas-publicas-para-la-provincia-de-buenos-aires\/"},"wordCount":718,"commentCount":0,"publisher":{"@id":"https:\/\/diariofemenino.com.ar\/df\/#organization"},"image":{"@id":"https:\/\/diariofemenino.com.ar\/df\/2o-plenario-politicas-publicas-para-la-provincia-de-buenos-aires\/#primaryimage"},"thumbnailUrl":"http:\/\/www.diariofemenino.com.ar\/wp-content\/uploads\/536892_343225092463232_1144276507_n.jpg","articleSection":["Actividades","Medios"],"inLanguage":"es","potentialAction":[{"@type":"CommentAction","name":"Comment","target":["https:\/\/diariofemenino.com.ar\/df\/2o-plenario-politicas-publicas-para-la-provincia-de-buenos-aires\/#respond"]}]},{"@type":"WebPage","@id":"https:\/\/diariofemenino.com.ar\/df\/2o-plenario-politicas-publicas-para-la-provincia-de-buenos-aires\/","url":"https:\/\/diariofemenino.com.ar\/df\/2o-plenario-politicas-publicas-para-la-provincia-de-buenos-aires\/","name":"2\u00ba Plenario Pol\u00edticas P\u00fablicas para la Provincia de Buenos Aires - Diario Digital Femenino","isPartOf":{"@id":"https:\/\/diariofemenino.com.ar\/df\/#website"},"primaryImageOfPage":{"@id":"https:\/\/diariofemenino.com.ar\/df\/2o-plenario-politicas-publicas-para-la-provincia-de-buenos-aires\/#primaryimage"},"image":{"@id":"https:\/\/diariofemenino.com.ar\/df\/2o-plenario-politicas-publicas-para-la-provincia-de-buenos-aires\/#primaryimage"},"thumbnailUrl":"http:\/\/www.diariofemenino.com.ar\/wp-content\/uploads\/536892_343225092463232_1144276507_n.jpg","datePublished":"2013-02-22T17:58:52+00:00","breadcrumb":{"@id":"https:\/\/diariofemenino.com.ar\/df\/2o-plenario-politicas-publicas-para-la-provincia-de-buenos-aires\/#breadcrumb"},"inLanguage":"es","potentialAction":[{"@type":"ReadAction","target":["https:\/\/diariofemenino.com.ar\/df\/2o-plenario-politicas-publicas-para-la-provincia-de-buenos-aires\/"]}]},{"@type":"ImageObject","inLanguage":"es","@id":"https:\/\/diariofemenino.com.ar\/df\/2o-plenario-politicas-publicas-para-la-provincia-de-buenos-aires\/#primaryimage","url":"http:\/\/www.diariofemenino.com.ar\/wp-content\/uploads\/536892_343225092463232_1144276507_n.jpg","contentUrl":"http:\/\/www.diariofemenino.com.ar\/wp-content\/uploads\/536892_343225092463232_1144276507_n.jpg"},{"@type":"BreadcrumbList","@id":"https:\/\/diariofemenino.com.ar\/df\/2o-plenario-politicas-publicas-para-la-provincia-de-buenos-aires\/#breadcrumb","itemListElement":[{"@type":"ListItem","position":1,"name":"Portada","item":"https:\/\/diariofemenino.com.ar\/df\/"},{"@type":"ListItem","position":2,"name":"2\u00ba Plenario Pol\u00edticas P\u00fablicas para la Provincia de Buenos Aires"}]},{"@type":"WebSite","@id":"https:\/\/diariofemenino.com.ar\/df\/#website","url":"https:\/\/diariofemenino.com.ar\/df\/","name":"Diario Digital Femenino","description":"Cuesti\u00f3n de G\u00e9nero","publisher":{"@id":"https:\/\/diariofemenino.com.ar\/df\/#organization"},"potentialAction":[{"@type":"SearchAction","target":{"@type":"EntryPoint","urlTemplate":"https:\/\/diariofemenino.com.ar\/df\/?s={search_term_string}"},"query-input":{"@type":"PropertyValueSpecification","valueRequired":true,"valueName":"search_term_string"}}],"inLanguage":"es"},{"@type":"Organization","@id":"https:\/\/diariofemenino.com.ar\/df\/#organization","name":"Diario Femenino","url":"https:\/\/diariofemenino.com.ar\/df\/","logo":{"@type":"ImageObject","inLanguage":"es","@id":"https:\/\/diariofemenino.com.ar\/df\/#\/schema\/logo\/image\/","url":"https:\/\/diariofemenino.com.ar\/df\/wp-content\/uploads\/2018\/10\/logo.png","contentUrl":"https:\/\/diariofemenino.com.ar\/df\/wp-content\/uploads\/2018\/10\/logo.png","width":500,"height":92,"caption":"Diario Femenino"},"image":{"@id":"https:\/\/diariofemenino.com.ar\/df\/#\/schema\/logo\/image\/"},"sameAs":["https:\/\/www.facebook.com\/DiarioDigitaFemenino\/","https:\/\/x.com\/DiarioFemenino1"]},{"@type":"Person","@id":"https:\/\/diariofemenino.com.ar\/df\/#\/schema\/person\/38f54b3bfd13f561de2460ba95c169c6","name":"Admin","image":{"@type":"ImageObject","inLanguage":"es","@id":"https:\/\/diariofemenino.com.ar\/df\/wp-content\/uploads\/2018\/12\/favicon-150x150.jpg","url":"https:\/\/diariofemenino.com.ar\/df\/wp-content\/uploads\/2018\/12\/favicon-150x150.jpg","contentUrl":"https:\/\/diariofemenino.com.ar\/df\/wp-content\/uploads\/2018\/12\/favicon-150x150.jpg","caption":"Admin"},"url":"https:\/\/diariofemenino.com.ar\/df\/author\/adm18df\/"}]}},"jetpack_featured_media_url":"","jetpack_sharing_enabled":true,"rttpg_featured_image_url":null,"rttpg_author":{"display_name":"Admin","author_link":"https:\/\/diariofemenino.com.ar\/df\/author\/adm18df\/"},"rttpg_comment":0,"rttpg_category":"<a href=\"https:\/\/diariofemenino.com.ar\/df\/category\/actividades\/\" rel=\"category tag\">Actividades<\/a> <a href=\"https:\/\/diariofemenino.com.ar\/df\/category\/medios\/\" rel=\"category tag\">Medios<\/a>","rttpg_excerpt":"&nbsp; &nbsp; &nbsp; &nbsp; El proximo jueves 28 de febrero\u00a0 a las 09:00 hs se realizara el 2\u00ba Plenario Pol\u00edticas P\u00fablicas para la Provincia de Buenos Aires. La actividad se desarrollara en el Predio Club Atl\u00e9tico Banfield. Ubicado en la cuidad de Luis Guill\u00f3n, en el partido de Esteban Echeverr\u00eda de la provincia de Buenos&hellip;","_links":{"self":[{"href":"https:\/\/diariofemenino.com.ar\/df\/wp-json\/wp\/v2\/posts\/5626","targetHints":{"allow":["GET"]}}],"collection":[{"href":"https:\/\/diariofemenino.com.ar\/df\/wp-json\/wp\/v2\/posts"}],"about":[{"href":"https:\/\/diariofemenino.com.ar\/df\/wp-json\/wp\/v2\/types\/post"}],"author":[{"embeddable":true,"href":"https:\/\/diariofemenino.com.ar\/df\/wp-json\/wp\/v2\/users\/1"}],"replies":[{"embeddable":true,"href":"https:\/\/diariofemenino.com.ar\/df\/wp-json\/wp\/v2\/comments?post=5626"}],"version-history":[{"count":0,"href":"https:\/\/diariofemenino.com.ar\/df\/wp-json\/wp\/v2\/posts\/5626\/revisions"}],"wp:attachment":[{"href":"https:\/\/diariofemenino.com.ar\/df\/wp-json\/wp\/v2\/media?parent=5626"}],"wp:term":[{"taxonomy":"category","embeddable":true,"href":"https:\/\/diariofemenino.com.ar\/df\/wp-json\/wp\/v2\/categories?post=5626"},{"taxonomy":"post_tag","embeddable":true,"href":"https:\/\/diariofemenino.com.ar\/df\/wp-json\/wp\/v2\/tags?post=5626"}],"curies":[{"name":"wp","href":"https:\/\/api.w.org\/{rel}","templated":true}]}}