{"id":5609,"date":"2013-02-21T13:30:15","date_gmt":"2013-02-21T16:30:15","guid":{"rendered":"http:\/\/www.diariofemenino.com.ar\/?p=5609"},"modified":"2013-02-21T13:30:15","modified_gmt":"2013-02-21T16:30:15","slug":"lila-downs-la-mujer-que-no-queria-ser-invisible","status":"publish","type":"post","link":"https:\/\/diariofemenino.com.ar\/df\/lila-downs-la-mujer-que-no-queria-ser-invisible\/","title":{"rendered":"Lila Downs, la mujer que no quer\u00eda ser invisible"},"content":{"rendered":"<p>&nbsp;<br \/>\n&nbsp;<br \/>\n&nbsp;<br \/>\nDif\u00edcil hablar sobre m\u00fasica de ra\u00edces, sin referirse a Lila Downs. Nacida en Oaxaca (M\u00e9xico), sus a\u00f1os de formaci\u00f3n los pas\u00f3 en Estados Unidos donde bebi\u00f3 del rock, el blues, el jazz. Se escap\u00f3 con los Grateful Dead durante dos a\u00f1os y luego regres\u00f3 a los or\u00edgenes, a las canciones de Lucha Reyes y de Chavela Vargas. Entre estos dos universos cre\u00f3 una de las m\u00e1s sugestivas propuestas musicales de los \u00faltimos a\u00f1os. Aqu\u00ed hay de todo, sones, rancheras, blues, rock, cumbia, jazz, bolero. Se present\u00f3\u00a0en Antigua Guatemala.<br \/>\n<a href=\"http:\/\/www.diariofemenino.com.ar\/wp-content\/uploads\/lila12.jpg\"><img loading=\"lazy\" decoding=\"async\" class=\"alignnone size-full wp-image-5613\" title=\"lila1\" src=\"http:\/\/www.diariofemenino.com.ar\/wp-content\/uploads\/lila12.jpg\" alt=\"\" width=\"624\" height=\"420\" \/><\/a><br \/>\nPor Luc\u00eda Escobar<br \/>\nEn la pantalla de mi computadora se encuentra Lila Downs sin maquillaje, sin trenzas, sin un rebozo de colores, puntual y sonriente en lo que parece ser un cuarto de hotel o un lugar de ensayos. Faltan pocos d\u00edas para su primera presentaci\u00f3n art\u00edstica en Guatemala donde tendr\u00e1 como escenario nada menos que la Ermita de la Santa Cruz en Antigua Guatemala, el lugar ideal para que Downs despliegue esa riqueza cultural que presume llevar en su haber.<br \/>\nAna Lila Downs S\u00e1nchez, como fue inscrita en alg\u00fan lugar de Oaxaca, M\u00e9xico, en el a\u00f1o 1968, es hija de una cantante mixteca y un profesor de cine medio gringo, medio escoc\u00e9s. Vivir entre esos dos mundos, aparentemente dispares, le caus\u00f3 algunos conflictos de adolescente, una confusi\u00f3n que luego convirti\u00f3 en el \u00e9xito de su carrera: la fusi\u00f3n.<br \/>\nEn los ochenta se escap\u00f3 con el m\u00edtico grupo Grateful Dead y con ellos recorri\u00f3 Estados Unidos durante dos a\u00f1os. Estudi\u00f3 antropolog\u00eda y las culturas ind\u00edgenas de M\u00e9xico, especializ\u00e1ndose en los textiles.\u00a0 De ah\u00ed que no sea la primera vez que Lila Downs se encuentra en Guatemala. Entre los lugares que recuerda\u00a0 est\u00e1n Todos Santos Cuchumatanes, Nebaj y Chichicastenango.<br \/>\nLa artista mexicana empez\u00f3 su carrera musical como vocalista de un grupo de percusi\u00f3n llamado Los Cadetes de Yodoyuxi, luego se integr\u00f3 a la banda La Trova Serrana y finalmente en 1994 inici\u00f3 su carrera como solista con el \u00e1lbum Ofrenda. Desde esos d\u00edas para ac\u00e1, ha grabado m\u00e1s de una decena de discos\u00a0 en ritmos que van desde ranchera, jazz, bolero, blues, sones tradicionales, rock, folk, norte\u00f1o, cumbia y hiphop. Downs ha compartido el escenario con cantantes tan dispares como Chavela Vargas, Enrique Bunbury, Mercedes Soca, Rub\u00e9n Albarr\u00e1n (Caf\u00e9 Tacvba), Celso Pi\u00f1a y los Illiya Kuryaki &amp; The Valderramas. Tiene canciones en idioma espa\u00f1ol, ingl\u00e9s, mixteco, zapoteco, maya, y hasta en pur\u00e9pecha y n\u00e1huatl.<br \/>\nHa sido dos veces ganadora de un Grammy Latino y obtuvo un Oscar por su participaci\u00f3n en la pel\u00edcula Frida junto a Salma Hayek. Su m\u00fasica ha sido soundtrack de var\u00edas pel\u00edculas.<br \/>\nDurante 22 minutos, la tuvimos v\u00eda skype para platicar:<br \/>\n<strong>\u00bfQu\u00e9 sentimiento marc\u00f3 tu infancia y adolescencia? <\/strong><br \/>\n-Creo que la confusi\u00f3n. Desde que era muy peque\u00f1a entend\u00eda que ten\u00eda ra\u00edces diferentes, era diferente, y percib\u00eda un mundo al que le faltaban algunas cuantas cosas.<br \/>\n<strong>Reivindicas tus ra\u00edces mexicanas,pero tu lado \u201cgringo\u201d, \u00bfc\u00f3mo lo llevas?<\/strong><br \/>\n-Al principio yo rechazaba mi ra\u00edz ind\u00edgena porque no entend\u00eda c\u00f3mo expresarla. En mi comunidad siempre se trataba de salir de esa realidad, aunque est\u00e1bamos siempre empapados de la cultura mixteca, de la cual yo provengo. El mexicano nacional se encuentra en un dilema: al mismo tiempo que expresa sus ra\u00edces de formas cotidianas con su m\u00fasica, con lo que escribe, con lo que come; tambi\u00e9n lo niega. Eso fue una constante, por lo tanto yo, me identifiqu\u00e9 primero con la cultura anglosajona porque dec\u00eda \u201cesta es aceptable\u201d y me fui dando cuenta de que exist\u00eda una contradicci\u00f3n muy fuerte, en m\u00ed de primero y en mi sociedad. Por eso sigue siendo muy importante cantar sobre estos temas.<br \/>\n<strong>Sos una mujer muy activa, compositora, int\u00e9rprete, cantante, productora, antrop\u00f3loga, actriz. \u00bfEn qu\u00e9 papel te sent\u00eds m\u00e1s c\u00f3moda?<\/strong><br \/>\n-No me gusta clasificarme porque soy un ser humano con sensibilidad, ideas, proyectos, sue\u00f1os. Y creo que estas definiciones que mencionas son herramientas para poder componer, crear y de esa manera uno puede expresar los deseos, los proyectos. Cuando era adolescente sent\u00eda mucho coraje, mucho enojo porque me sent\u00eda invisible de cierta manera y yo creo que el arte ha permitido que poco a poco me vaya sintiendo menos invisible en este gran universo en el que existo.<br \/>\n<strong>En ese proceso de no ser invisible te han llenado de etiquetas: controversial, socialmente comprometida, inconformista, combativa. \u00bfEs dif\u00edcil mantener tanta expectativa?<\/strong><br \/>\n-Una es como cualquier otro ser humano con debilidades e imperfecciones. Lo importante es siempre recordar la humildad porque una de las\u00a0 cosas maravillosas, de las lecciones m\u00e1s grandes de la sabidur\u00eda ancestral ind\u00edgena, es eso; es ser nobles con el entorno, con la naturaleza que convive contigo a diario, que te ha dado la vida. Es siempre recordar todas las cosas que se van haciendo complejas porque los seres humanos somos bien complejos, especialmente los ind\u00edgenas. Mi abuela siempre me recordaba eso: \u201cAy hija, con que tengas un lecho d\u00f3nde dormir y tengas una cuevita\u201d. Recordar esa sencillez, eso es lo que me da fuerza para seguir adelante.<br \/>\n<strong>\u00bfC\u00f3mo ser una artista pol\u00edticamente comprometida sin caer en ser pol\u00edticamente correcta o aburrida?<\/strong><br \/>\n-(Risas) Espero no ser aburrida. Es eso, es siempre buscar la felicidad en lo que uno hace, que te provoque la risa, que te haga sentir, \u00a1que nunca deje de hacerte sentir! Para m\u00ed,\u00a0 eso es bien importante. A veces me causa problemas tener tanta sensibilidad a flor de piel, pero creo que tambi\u00e9n hace mucho bien porque as\u00ed estoy constantemente buscando algo nuevo qu\u00e9 decir.<br \/>\n<strong>Hablando de esa sensibilidad a flor de piel que nos acompa\u00f1a a las mujeres, \u00bfqu\u00e9 significan Chavela Vargas y Frida Kalho en tu vida?<\/strong><br \/>\n-Son mujeres que en alg\u00fan momento me han ayudado a entenderme a m\u00ed misma. A Frida Kalho la conoc\u00ed hasta que fui a la universidad cuando estudiaba el textil ind\u00edgena. Entonces supe que era la esposa del gran Diego Rivera. Pero a Frida no la hab\u00edan tratado mucho en mi educaci\u00f3n cuando yo era chavita. Me sorprendi\u00f3 que ven\u00eda de culturas tambi\u00e9n mixtas: por la parte de la madre, ind\u00edgena; por la parte del padre, extranjero y pintor. Encontr\u00e9 una similitud en la visi\u00f3n, en sus pinturas que me llenaron de preguntas y de orgullo. Eran contradicciones que yo tambi\u00e9n sent\u00eda.\u00a0 De cierta manera, su androginia era muy atractiva en alg\u00fan momento. Conocerla me sac\u00f3 de un entorno que era limitante en mi comunidad.<br \/>\nY a Chavela Vargas s\u00ed tuve el privilegio de conocerla, ella fue una gran influencia tambi\u00e9n por su actitud ante la vida. Y darme cuenta que ten\u00eda mucho en com\u00fan con ella, aunque ella es tan diferente en muchos sentidos, respecto a la sexualidad, por ejemplo. Admiro y respeto mucho su constancia en ser guerrera en el escenario. Tuve la fortuna de conocerla y compartir risas y escenario con ella.<br \/>\n<strong>\u00bfSos feminista?<\/strong><br \/>\n-Yo no ser\u00eda lo que soy sin el feminismo, ninguna mujer de mi generaci\u00f3n ser\u00eda lo que es sin las feministas. Entiendo que hay temor a ese t\u00e9rmino porque hay mucha gente que lo interpreta como una afrenta, pero el feminismo simplemente representa un cambio social dr\u00e1stico en el que se nos da muchas oportunidades a las mujeres.<br \/>\n<strong>\u00bfLa presentaci\u00f3n\u00a0 ser\u00e1 tu primera vez en Guatemala?<\/strong><br \/>\n-Es la primera vez como artista, conozco La Antigua y la ciudad de Guatemala porque adoro el textil ind\u00edgena y hace a\u00f1os tuve el honor de visitarlos.<br \/>\n<strong>\u00bfQu\u00e9 sabes de lo que sucede en el pa\u00eds? <\/strong><br \/>\n-S\u00e9 muy poco de lo que pasa ahora, s\u00e9 que en Guatemala tuvieron problemas bastante profundos con respecto a las relaciones sociales y econ\u00f3micas de diferentes grupos y que tuvieron \u00e9pocas de mucha violencia y de desaparecidos. Entonces creo que tenemos mucho en com\u00fan. El sur de M\u00e9xico es m\u00e1s parecido al mundo maya que el norte. Yo vengo de una comunidad en donde conviven ind\u00edgenas aut\u00f3nomos respecto a su cosmovisi\u00f3n y su realidad ling\u00fc\u00edstica y que comparten con los mayas la belleza de los g\u00fcipiles que plasman la historia y la realidad de las mujeres. As\u00ed que me va a encantar compartir el escenario con los m\u00fasicos y contarles un poco las an\u00e9cdotas y los temas que estaremos cantando. Muchos tienen que ver con el ma\u00edz, con los caudillos de la revoluciones sociales, con Latinoam\u00e9rica y las realidades encontradas que llevamos en el sur y Centroam\u00e9rica.<br \/>\n<strong>Me da curiosidad saber si ten\u00e9s alg\u00fan g\u00fcipil guatemalteco.<\/strong><br \/>\n-Tengo muchos g\u00fcipiles guatemaltecos, conozco un poco las comunidades de Nebaj, de Todos Santos, Chichicastenango y bueno, estaremos tambi\u00e9n ah\u00ed de compras.<br \/>\n<strong>\u00bfQu\u00e9 puede esperar el p\u00fablico de tu presentaci\u00f3n? \u00bfUn recorrido por tu carrera musical o lo nuevo? <\/strong><br \/>\n-Un poco las dos cosas. Nos gusta tomar en cuenta el entorno cultural a donde vamos.\u00a0 Tocaremos los temas que conocemos en toda Latinoam\u00e9rica como La llorona, quiz\u00e1 las de La Sandunga, temas mas recientes de nuestros disco Pecados y Milagros que alude a esta noci\u00f3n de la moralidad en Latinoam\u00e9rica, que no es solo una realidad y un espectro bastante grande aqu\u00ed en M\u00e9xico donde se lidia con esa dualidad de pecados y milagros en nuestro diario vivir y hace alusi\u00f3n a los santos, porque en el sur de M\u00e9xico tambi\u00e9n cargamos nuestros santos en los d\u00edas del santo patr\u00f3n y creemos en los milagros de la vida.<br \/>\n<strong>\u00bfQu\u00e9 sue\u00f1os te faltan por cumplir?<\/strong><br \/>\n-Me faltan muchas cosas; poder decir cosas sobre mis ra\u00edces, sobre estos lugares que me han inspirado tanto como el entorno rural. Creo que en las ciudades estamos \u00e1vidos y queremos escuchar m\u00e1s de estos puentes de comunidades que tienen visiones distintas. Pronto vamos a comenzar a componer unos boleros y alguna m\u00fasica que tenga que ver con la intimidad, con los momentos de reflexi\u00f3n sobre el amor, eso me interesa ahora mucho.<br \/>\n&nbsp;<br \/>\n&nbsp;<br \/>\n&nbsp;<br \/>\nFuente: El peri\u00f3dico<\/p>\n","protected":false},"excerpt":{"rendered":"<p>&nbsp; &nbsp; &nbsp; Dif\u00edcil hablar sobre m\u00fasica de ra\u00edces, sin referirse a Lila Downs. Nacida en Oaxaca (M\u00e9xico), sus a\u00f1os de formaci\u00f3n los pas\u00f3 en Estados Unidos donde bebi\u00f3 del rock, el blues, el jazz. Se escap\u00f3 con los Grateful Dead durante dos a\u00f1os y luego regres\u00f3 a los or\u00edgenes, a las canciones de Lucha [&hellip;]<\/p>\n","protected":false},"author":1,"featured_media":0,"comment_status":"open","ping_status":"open","sticky":false,"template":"","format":"standard","meta":{"iawp_total_views":3,"footnotes":""},"categories":[3,4],"tags":[],"class_list":["post-5609","post","type-post","status-publish","format-standard","hentry","category-de-la-revolucion-al-reaprendizaje","category-medios"],"nelio_content":{"autoShareEndMode":"never","automationSources":{"useCustomSentences":false,"customSentences":[]},"efiAlt":"","efiUrl":"","followers":[],"highlights":[],"isAutoShareEnabled":true,"networkImageIds":[],"permalinkQueryArgs":[],"series":[],"suggestedReferences":[]},"yoast_head":"<!-- This site is optimized with the Yoast SEO plugin v27.4 - https:\/\/yoast.com\/product\/yoast-seo-wordpress\/ -->\n<title>Lila Downs, la mujer que no quer\u00eda ser invisible - Diario Digital Femenino<\/title>\n<meta name=\"robots\" content=\"index, follow, max-snippet:-1, max-image-preview:large, max-video-preview:-1\" \/>\n<link rel=\"canonical\" href=\"https:\/\/diariofemenino.com.ar\/df\/lila-downs-la-mujer-que-no-queria-ser-invisible\/\" \/>\n<meta property=\"og:locale\" content=\"es_ES\" \/>\n<meta property=\"og:type\" content=\"article\" \/>\n<meta property=\"og:title\" content=\"Lila Downs, la mujer que no quer\u00eda ser invisible - Diario Digital Femenino\" \/>\n<meta property=\"og:description\" content=\"&nbsp; &nbsp; &nbsp; Dif\u00edcil hablar sobre m\u00fasica de ra\u00edces, sin referirse a Lila Downs. Nacida en Oaxaca (M\u00e9xico), sus a\u00f1os de formaci\u00f3n los pas\u00f3 en Estados Unidos donde bebi\u00f3 del rock, el blues, el jazz. Se escap\u00f3 con los Grateful Dead durante dos a\u00f1os y luego regres\u00f3 a los or\u00edgenes, a las canciones de Lucha [&hellip;]\" \/>\n<meta property=\"og:url\" content=\"https:\/\/diariofemenino.com.ar\/df\/lila-downs-la-mujer-que-no-queria-ser-invisible\/\" \/>\n<meta property=\"og:site_name\" content=\"Diario Digital Femenino\" \/>\n<meta property=\"article:publisher\" content=\"https:\/\/www.facebook.com\/DiarioDigitaFemenino\/\" \/>\n<meta property=\"article:published_time\" content=\"2013-02-21T16:30:15+00:00\" \/>\n<meta property=\"og:image\" content=\"http:\/\/www.diariofemenino.com.ar\/wp-content\/uploads\/lila12.jpg\" \/>\n<meta name=\"author\" content=\"Admin\" \/>\n<meta name=\"twitter:card\" content=\"summary_large_image\" \/>\n<meta name=\"twitter:creator\" content=\"@DiarioFemenino1\" \/>\n<meta name=\"twitter:site\" content=\"@DiarioFemenino1\" \/>\n<meta name=\"twitter:label1\" content=\"Escrito por\" \/>\n\t<meta name=\"twitter:data1\" content=\"Admin\" \/>\n\t<meta name=\"twitter:label2\" content=\"Tiempo de lectura\" \/>\n\t<meta name=\"twitter:data2\" content=\"9 minutos\" \/>\n<script type=\"application\/ld+json\" class=\"yoast-schema-graph\">{\"@context\":\"https:\\\/\\\/schema.org\",\"@graph\":[{\"@type\":\"Article\",\"@id\":\"https:\\\/\\\/diariofemenino.com.ar\\\/df\\\/lila-downs-la-mujer-que-no-queria-ser-invisible\\\/#article\",\"isPartOf\":{\"@id\":\"https:\\\/\\\/diariofemenino.com.ar\\\/df\\\/lila-downs-la-mujer-que-no-queria-ser-invisible\\\/\"},\"author\":{\"name\":\"Admin\",\"@id\":\"https:\\\/\\\/diariofemenino.com.ar\\\/df\\\/#\\\/schema\\\/person\\\/38f54b3bfd13f561de2460ba95c169c6\"},\"headline\":\"Lila Downs, la mujer que no quer\u00eda ser invisible\",\"datePublished\":\"2013-02-21T16:30:15+00:00\",\"mainEntityOfPage\":{\"@id\":\"https:\\\/\\\/diariofemenino.com.ar\\\/df\\\/lila-downs-la-mujer-que-no-queria-ser-invisible\\\/\"},\"wordCount\":1777,\"commentCount\":0,\"publisher\":{\"@id\":\"https:\\\/\\\/diariofemenino.com.ar\\\/df\\\/#organization\"},\"image\":{\"@id\":\"https:\\\/\\\/diariofemenino.com.ar\\\/df\\\/lila-downs-la-mujer-que-no-queria-ser-invisible\\\/#primaryimage\"},\"thumbnailUrl\":\"http:\\\/\\\/www.diariofemenino.com.ar\\\/wp-content\\\/uploads\\\/lila12.jpg\",\"articleSection\":[\"De la Revoluci\u00f3n al Reaprendizaje\",\"Medios\"],\"inLanguage\":\"es\",\"potentialAction\":[{\"@type\":\"CommentAction\",\"name\":\"Comment\",\"target\":[\"https:\\\/\\\/diariofemenino.com.ar\\\/df\\\/lila-downs-la-mujer-que-no-queria-ser-invisible\\\/#respond\"]}]},{\"@type\":\"WebPage\",\"@id\":\"https:\\\/\\\/diariofemenino.com.ar\\\/df\\\/lila-downs-la-mujer-que-no-queria-ser-invisible\\\/\",\"url\":\"https:\\\/\\\/diariofemenino.com.ar\\\/df\\\/lila-downs-la-mujer-que-no-queria-ser-invisible\\\/\",\"name\":\"Lila Downs, la mujer que no quer\u00eda ser invisible - Diario Digital Femenino\",\"isPartOf\":{\"@id\":\"https:\\\/\\\/diariofemenino.com.ar\\\/df\\\/#website\"},\"primaryImageOfPage\":{\"@id\":\"https:\\\/\\\/diariofemenino.com.ar\\\/df\\\/lila-downs-la-mujer-que-no-queria-ser-invisible\\\/#primaryimage\"},\"image\":{\"@id\":\"https:\\\/\\\/diariofemenino.com.ar\\\/df\\\/lila-downs-la-mujer-que-no-queria-ser-invisible\\\/#primaryimage\"},\"thumbnailUrl\":\"http:\\\/\\\/www.diariofemenino.com.ar\\\/wp-content\\\/uploads\\\/lila12.jpg\",\"datePublished\":\"2013-02-21T16:30:15+00:00\",\"breadcrumb\":{\"@id\":\"https:\\\/\\\/diariofemenino.com.ar\\\/df\\\/lila-downs-la-mujer-que-no-queria-ser-invisible\\\/#breadcrumb\"},\"inLanguage\":\"es\",\"potentialAction\":[{\"@type\":\"ReadAction\",\"target\":[\"https:\\\/\\\/diariofemenino.com.ar\\\/df\\\/lila-downs-la-mujer-que-no-queria-ser-invisible\\\/\"]}]},{\"@type\":\"ImageObject\",\"inLanguage\":\"es\",\"@id\":\"https:\\\/\\\/diariofemenino.com.ar\\\/df\\\/lila-downs-la-mujer-que-no-queria-ser-invisible\\\/#primaryimage\",\"url\":\"http:\\\/\\\/www.diariofemenino.com.ar\\\/wp-content\\\/uploads\\\/lila12.jpg\",\"contentUrl\":\"http:\\\/\\\/www.diariofemenino.com.ar\\\/wp-content\\\/uploads\\\/lila12.jpg\"},{\"@type\":\"BreadcrumbList\",\"@id\":\"https:\\\/\\\/diariofemenino.com.ar\\\/df\\\/lila-downs-la-mujer-que-no-queria-ser-invisible\\\/#breadcrumb\",\"itemListElement\":[{\"@type\":\"ListItem\",\"position\":1,\"name\":\"Portada\",\"item\":\"https:\\\/\\\/diariofemenino.com.ar\\\/df\\\/\"},{\"@type\":\"ListItem\",\"position\":2,\"name\":\"Lila Downs, la mujer que no quer\u00eda ser invisible\"}]},{\"@type\":\"WebSite\",\"@id\":\"https:\\\/\\\/diariofemenino.com.ar\\\/df\\\/#website\",\"url\":\"https:\\\/\\\/diariofemenino.com.ar\\\/df\\\/\",\"name\":\"Diario Digital Femenino\",\"description\":\"Cuesti\u00f3n de G\u00e9nero\",\"publisher\":{\"@id\":\"https:\\\/\\\/diariofemenino.com.ar\\\/df\\\/#organization\"},\"potentialAction\":[{\"@type\":\"SearchAction\",\"target\":{\"@type\":\"EntryPoint\",\"urlTemplate\":\"https:\\\/\\\/diariofemenino.com.ar\\\/df\\\/?s={search_term_string}\"},\"query-input\":{\"@type\":\"PropertyValueSpecification\",\"valueRequired\":true,\"valueName\":\"search_term_string\"}}],\"inLanguage\":\"es\"},{\"@type\":\"Organization\",\"@id\":\"https:\\\/\\\/diariofemenino.com.ar\\\/df\\\/#organization\",\"name\":\"Diario Femenino\",\"url\":\"https:\\\/\\\/diariofemenino.com.ar\\\/df\\\/\",\"logo\":{\"@type\":\"ImageObject\",\"inLanguage\":\"es\",\"@id\":\"https:\\\/\\\/diariofemenino.com.ar\\\/df\\\/#\\\/schema\\\/logo\\\/image\\\/\",\"url\":\"https:\\\/\\\/diariofemenino.com.ar\\\/df\\\/wp-content\\\/uploads\\\/2018\\\/10\\\/logo.png\",\"contentUrl\":\"https:\\\/\\\/diariofemenino.com.ar\\\/df\\\/wp-content\\\/uploads\\\/2018\\\/10\\\/logo.png\",\"width\":500,\"height\":92,\"caption\":\"Diario Femenino\"},\"image\":{\"@id\":\"https:\\\/\\\/diariofemenino.com.ar\\\/df\\\/#\\\/schema\\\/logo\\\/image\\\/\"},\"sameAs\":[\"https:\\\/\\\/www.facebook.com\\\/DiarioDigitaFemenino\\\/\",\"https:\\\/\\\/x.com\\\/DiarioFemenino1\"]},{\"@type\":\"Person\",\"@id\":\"https:\\\/\\\/diariofemenino.com.ar\\\/df\\\/#\\\/schema\\\/person\\\/38f54b3bfd13f561de2460ba95c169c6\",\"name\":\"Admin\",\"image\":{\"@type\":\"ImageObject\",\"inLanguage\":\"es\",\"@id\":\"https:\\\/\\\/diariofemenino.com.ar\\\/df\\\/wp-content\\\/uploads\\\/2018\\\/12\\\/favicon-150x150.jpg\",\"url\":\"https:\\\/\\\/diariofemenino.com.ar\\\/df\\\/wp-content\\\/uploads\\\/2018\\\/12\\\/favicon-150x150.jpg\",\"contentUrl\":\"https:\\\/\\\/diariofemenino.com.ar\\\/df\\\/wp-content\\\/uploads\\\/2018\\\/12\\\/favicon-150x150.jpg\",\"caption\":\"Admin\"},\"url\":\"https:\\\/\\\/diariofemenino.com.ar\\\/df\\\/author\\\/adm18df\\\/\"}]}<\/script>\n<!-- \/ Yoast SEO plugin. -->","yoast_head_json":{"title":"Lila Downs, la mujer que no quer\u00eda ser invisible - Diario Digital Femenino","robots":{"index":"index","follow":"follow","max-snippet":"max-snippet:-1","max-image-preview":"max-image-preview:large","max-video-preview":"max-video-preview:-1"},"canonical":"https:\/\/diariofemenino.com.ar\/df\/lila-downs-la-mujer-que-no-queria-ser-invisible\/","og_locale":"es_ES","og_type":"article","og_title":"Lila Downs, la mujer que no quer\u00eda ser invisible - Diario Digital Femenino","og_description":"&nbsp; &nbsp; &nbsp; Dif\u00edcil hablar sobre m\u00fasica de ra\u00edces, sin referirse a Lila Downs. Nacida en Oaxaca (M\u00e9xico), sus a\u00f1os de formaci\u00f3n los pas\u00f3 en Estados Unidos donde bebi\u00f3 del rock, el blues, el jazz. Se escap\u00f3 con los Grateful Dead durante dos a\u00f1os y luego regres\u00f3 a los or\u00edgenes, a las canciones de Lucha [&hellip;]","og_url":"https:\/\/diariofemenino.com.ar\/df\/lila-downs-la-mujer-que-no-queria-ser-invisible\/","og_site_name":"Diario Digital Femenino","article_publisher":"https:\/\/www.facebook.com\/DiarioDigitaFemenino\/","article_published_time":"2013-02-21T16:30:15+00:00","og_image":[{"url":"http:\/\/www.diariofemenino.com.ar\/wp-content\/uploads\/lila12.jpg","type":"","width":"","height":""}],"author":"Admin","twitter_card":"summary_large_image","twitter_creator":"@DiarioFemenino1","twitter_site":"@DiarioFemenino1","twitter_misc":{"Escrito por":"Admin","Tiempo de lectura":"9 minutos"},"schema":{"@context":"https:\/\/schema.org","@graph":[{"@type":"Article","@id":"https:\/\/diariofemenino.com.ar\/df\/lila-downs-la-mujer-que-no-queria-ser-invisible\/#article","isPartOf":{"@id":"https:\/\/diariofemenino.com.ar\/df\/lila-downs-la-mujer-que-no-queria-ser-invisible\/"},"author":{"name":"Admin","@id":"https:\/\/diariofemenino.com.ar\/df\/#\/schema\/person\/38f54b3bfd13f561de2460ba95c169c6"},"headline":"Lila Downs, la mujer que no quer\u00eda ser invisible","datePublished":"2013-02-21T16:30:15+00:00","mainEntityOfPage":{"@id":"https:\/\/diariofemenino.com.ar\/df\/lila-downs-la-mujer-que-no-queria-ser-invisible\/"},"wordCount":1777,"commentCount":0,"publisher":{"@id":"https:\/\/diariofemenino.com.ar\/df\/#organization"},"image":{"@id":"https:\/\/diariofemenino.com.ar\/df\/lila-downs-la-mujer-que-no-queria-ser-invisible\/#primaryimage"},"thumbnailUrl":"http:\/\/www.diariofemenino.com.ar\/wp-content\/uploads\/lila12.jpg","articleSection":["De la Revoluci\u00f3n al Reaprendizaje","Medios"],"inLanguage":"es","potentialAction":[{"@type":"CommentAction","name":"Comment","target":["https:\/\/diariofemenino.com.ar\/df\/lila-downs-la-mujer-que-no-queria-ser-invisible\/#respond"]}]},{"@type":"WebPage","@id":"https:\/\/diariofemenino.com.ar\/df\/lila-downs-la-mujer-que-no-queria-ser-invisible\/","url":"https:\/\/diariofemenino.com.ar\/df\/lila-downs-la-mujer-que-no-queria-ser-invisible\/","name":"Lila Downs, la mujer que no quer\u00eda ser invisible - Diario Digital Femenino","isPartOf":{"@id":"https:\/\/diariofemenino.com.ar\/df\/#website"},"primaryImageOfPage":{"@id":"https:\/\/diariofemenino.com.ar\/df\/lila-downs-la-mujer-que-no-queria-ser-invisible\/#primaryimage"},"image":{"@id":"https:\/\/diariofemenino.com.ar\/df\/lila-downs-la-mujer-que-no-queria-ser-invisible\/#primaryimage"},"thumbnailUrl":"http:\/\/www.diariofemenino.com.ar\/wp-content\/uploads\/lila12.jpg","datePublished":"2013-02-21T16:30:15+00:00","breadcrumb":{"@id":"https:\/\/diariofemenino.com.ar\/df\/lila-downs-la-mujer-que-no-queria-ser-invisible\/#breadcrumb"},"inLanguage":"es","potentialAction":[{"@type":"ReadAction","target":["https:\/\/diariofemenino.com.ar\/df\/lila-downs-la-mujer-que-no-queria-ser-invisible\/"]}]},{"@type":"ImageObject","inLanguage":"es","@id":"https:\/\/diariofemenino.com.ar\/df\/lila-downs-la-mujer-que-no-queria-ser-invisible\/#primaryimage","url":"http:\/\/www.diariofemenino.com.ar\/wp-content\/uploads\/lila12.jpg","contentUrl":"http:\/\/www.diariofemenino.com.ar\/wp-content\/uploads\/lila12.jpg"},{"@type":"BreadcrumbList","@id":"https:\/\/diariofemenino.com.ar\/df\/lila-downs-la-mujer-que-no-queria-ser-invisible\/#breadcrumb","itemListElement":[{"@type":"ListItem","position":1,"name":"Portada","item":"https:\/\/diariofemenino.com.ar\/df\/"},{"@type":"ListItem","position":2,"name":"Lila Downs, la mujer que no quer\u00eda ser invisible"}]},{"@type":"WebSite","@id":"https:\/\/diariofemenino.com.ar\/df\/#website","url":"https:\/\/diariofemenino.com.ar\/df\/","name":"Diario Digital Femenino","description":"Cuesti\u00f3n de G\u00e9nero","publisher":{"@id":"https:\/\/diariofemenino.com.ar\/df\/#organization"},"potentialAction":[{"@type":"SearchAction","target":{"@type":"EntryPoint","urlTemplate":"https:\/\/diariofemenino.com.ar\/df\/?s={search_term_string}"},"query-input":{"@type":"PropertyValueSpecification","valueRequired":true,"valueName":"search_term_string"}}],"inLanguage":"es"},{"@type":"Organization","@id":"https:\/\/diariofemenino.com.ar\/df\/#organization","name":"Diario Femenino","url":"https:\/\/diariofemenino.com.ar\/df\/","logo":{"@type":"ImageObject","inLanguage":"es","@id":"https:\/\/diariofemenino.com.ar\/df\/#\/schema\/logo\/image\/","url":"https:\/\/diariofemenino.com.ar\/df\/wp-content\/uploads\/2018\/10\/logo.png","contentUrl":"https:\/\/diariofemenino.com.ar\/df\/wp-content\/uploads\/2018\/10\/logo.png","width":500,"height":92,"caption":"Diario Femenino"},"image":{"@id":"https:\/\/diariofemenino.com.ar\/df\/#\/schema\/logo\/image\/"},"sameAs":["https:\/\/www.facebook.com\/DiarioDigitaFemenino\/","https:\/\/x.com\/DiarioFemenino1"]},{"@type":"Person","@id":"https:\/\/diariofemenino.com.ar\/df\/#\/schema\/person\/38f54b3bfd13f561de2460ba95c169c6","name":"Admin","image":{"@type":"ImageObject","inLanguage":"es","@id":"https:\/\/diariofemenino.com.ar\/df\/wp-content\/uploads\/2018\/12\/favicon-150x150.jpg","url":"https:\/\/diariofemenino.com.ar\/df\/wp-content\/uploads\/2018\/12\/favicon-150x150.jpg","contentUrl":"https:\/\/diariofemenino.com.ar\/df\/wp-content\/uploads\/2018\/12\/favicon-150x150.jpg","caption":"Admin"},"url":"https:\/\/diariofemenino.com.ar\/df\/author\/adm18df\/"}]}},"jetpack_featured_media_url":"","jetpack_sharing_enabled":true,"rttpg_featured_image_url":null,"rttpg_author":{"display_name":"Admin","author_link":"https:\/\/diariofemenino.com.ar\/df\/author\/adm18df\/"},"rttpg_comment":0,"rttpg_category":"<a href=\"https:\/\/diariofemenino.com.ar\/df\/category\/de-la-revolucion-al-reaprendizaje\/\" rel=\"category tag\">De la Revoluci\u00f3n al Reaprendizaje<\/a> <a href=\"https:\/\/diariofemenino.com.ar\/df\/category\/medios\/\" rel=\"category tag\">Medios<\/a>","rttpg_excerpt":"&nbsp; &nbsp; &nbsp; Dif\u00edcil hablar sobre m\u00fasica de ra\u00edces, sin referirse a Lila Downs. Nacida en Oaxaca (M\u00e9xico), sus a\u00f1os de formaci\u00f3n los pas\u00f3 en Estados Unidos donde bebi\u00f3 del rock, el blues, el jazz. Se escap\u00f3 con los Grateful Dead durante dos a\u00f1os y luego regres\u00f3 a los or\u00edgenes, a las canciones de Lucha&hellip;","_links":{"self":[{"href":"https:\/\/diariofemenino.com.ar\/df\/wp-json\/wp\/v2\/posts\/5609","targetHints":{"allow":["GET"]}}],"collection":[{"href":"https:\/\/diariofemenino.com.ar\/df\/wp-json\/wp\/v2\/posts"}],"about":[{"href":"https:\/\/diariofemenino.com.ar\/df\/wp-json\/wp\/v2\/types\/post"}],"author":[{"embeddable":true,"href":"https:\/\/diariofemenino.com.ar\/df\/wp-json\/wp\/v2\/users\/1"}],"replies":[{"embeddable":true,"href":"https:\/\/diariofemenino.com.ar\/df\/wp-json\/wp\/v2\/comments?post=5609"}],"version-history":[{"count":0,"href":"https:\/\/diariofemenino.com.ar\/df\/wp-json\/wp\/v2\/posts\/5609\/revisions"}],"wp:attachment":[{"href":"https:\/\/diariofemenino.com.ar\/df\/wp-json\/wp\/v2\/media?parent=5609"}],"wp:term":[{"taxonomy":"category","embeddable":true,"href":"https:\/\/diariofemenino.com.ar\/df\/wp-json\/wp\/v2\/categories?post=5609"},{"taxonomy":"post_tag","embeddable":true,"href":"https:\/\/diariofemenino.com.ar\/df\/wp-json\/wp\/v2\/tags?post=5609"}],"curies":[{"name":"wp","href":"https:\/\/api.w.org\/{rel}","templated":true}]}}