{"id":55922,"date":"2021-02-18T09:40:13","date_gmt":"2021-02-18T12:40:13","guid":{"rendered":"https:\/\/diariofemenino.com.ar\/?p=55922"},"modified":"2021-02-18T09:40:13","modified_gmt":"2021-02-18T12:40:13","slug":"la-invisibilizacion-de-las-mujeres-en-la-arquitectura","status":"publish","type":"post","link":"https:\/\/diariofemenino.com.ar\/df\/la-invisibilizacion-de-las-mujeres-en-la-arquitectura\/","title":{"rendered":"La invisibilizaci\u00f3n de las mujeres en la arquitectura"},"content":{"rendered":"<p>La invisibilizaci\u00f3n de las mujeres en la arquitectura<\/p>\n<p>Los hombres tenemos una deuda hist\u00f3rica con las mujeres puesto que, en muchas disciplinas, las aportaciones de ellas <a href=\"https:\/\/diariofemenino.com.ar\/efecto-matilda-si-einstein-hubiese-nacido-mujer-no-la-conoceriamos\/\">han sido eliminadas, mal documentadas o minimizadas<\/a>. La arquitectura no es la excepci\u00f3n. Las injusticas en contra de las mujeres van desde invalidar sus contribuciones, hasta apropiarse de su trabajo. Tal es el caso de figuras hist\u00f3ricas como Denise Scott Brown, Anne Tyng, y Eileen Gray, quienes fueron socias cruciales en los proyectos atribuidos a Robert Venturi, Louis Khan, y Le Corbusier, respectivamente. Lamentablemente, ninguna de ellas tuvo el mismo reconocimiento que sus compa\u00f1eros.<\/p>\n<p>Por: Rodrigo Pantoja Calder\u00f3n<\/p>\n<p>En su tesis doctoral, Daniela Arias Laurino muestra c\u00f3mo algunos de los libros m\u00e1s importantes de la historia de la arquitectura han borrado los nombres de mujeres de las bibliograf\u00edas, dejando \u00fanicamente su inicial y apellido, mientras que los varones s\u00ed han aparecido con su nombre completo. Al respecto, Celine Amor\u00f3s sostiene que \u201c\u2018la mitad de la inteligencia del planeta\u2019 ha sido subestimada al erigirse la creencia de que las arquitectas no formaron parte de la historia arquitect\u00f3nica o de que sus contribuciones no han sido lo suficientemente destacables para ser publicadas\u2026\u201d.<\/p>\n<figure id=\"attachment_55925\" aria-describedby=\"caption-attachment-55925\" style=\"width: 709px\" class=\"wp-caption aligncenter\"><img loading=\"lazy\" decoding=\"async\" class=\"size-full wp-image-55925\" src=\"https:\/\/diariofemenino.com.ar\/df\/wp-content\/uploads\/2021\/02\/p17-f1-1.jpg\" alt=\"La invisibilizaci\u00f3n de las mujeres en la arquitectura\" width=\"709\" height=\"496\" srcset=\"https:\/\/diariofemenino.com.ar\/df\/wp-content\/uploads\/2021\/02\/p17-f1-1.jpg 709w, https:\/\/diariofemenino.com.ar\/df\/wp-content\/uploads\/2021\/02\/p17-f1-1-300x210.jpg 300w\" sizes=\"auto, (max-width: 709px) 100vw, 709px\" \/><figcaption id=\"caption-attachment-55925\" class=\"wp-caption-text\">53urbana001&#8230;&#8230;&#8230;&#8230;&#8230;&#8230;..ciudad&#8230;&#8230;&#8230;&#8230;17 de octubre 2012&#8230;&#8230;&#8230;foto adrian hernandez&#8230;&#8230;&#8230;aspecto en un ida de laboral de mujeres que trabajan en obras de la autopista urbana<\/figcaption><\/figure>\n<p>Como ejemplo de lo anterior, la arquitecta In\u00e9s Moisset analiz\u00f3 la\u00a0Enciclopedia de la arquitectura del siglo XX, de la editorial espa\u00f1ola Gustavo Gili. Moisset encontr\u00f3 que solo el 0.5% de las personas mencionadas ah\u00ed son mujeres y otro 0.5% son mujeres que se mencionan en pareja. A su vez, hall\u00f3 que en Wikipedia \u00fanicamente hab\u00eda 60 biograf\u00edas de arquitectas contra 2 mil 835 biograf\u00edas de arquitectos. Debido a esto y con la finalidad de \u201cescribir una historia m\u00e1s equitativa\u201d, un grupo de 40 arquitectas, comenz\u00f3 en 2015 la plataforma \u201cUn d\u00eda, una arquitecta\u201d, que tiene como objetivo \u201cvisibilizar el aporte de las arquitectas en diferentes facetas: proyecto arquitect\u00f3nico, urbano y paisaj\u00edstico, tecnolog\u00eda, curadur\u00eda y publicaciones, producci\u00f3n art\u00edstica, pol\u00edtica, gesti\u00f3n del h\u00e1bitat social, teor\u00eda y ense\u00f1anza\u201d. El equipo editorial est\u00e1 conformado por las arquitectas: Cecilia Kesman, Florencia Marciani, In\u00e9s Moisset, Gueni Ojeda, Zaida Mux\u00ed y Daniela Arias.<\/p>\n<p>Asimismo, la arquitecta Zaida Mux\u00ed escribi\u00f3 el libro\u00a0Mujeres, casas y ciudades\u00a0(2018) en donde propone \u201cuna reescritura de la historia de la arquitectura y el urbanismo a partir de las aportaciones realizadas por mujeres que han sido silenciadas en las historias generales\u201d.<\/p>\n<p>El libro demuestra que es fundamental revisar la historia de la arquitectura \u201cincorporando a las mujeres como protagonistas\u201d. Sin embargo, queda mucho trabajo por hacer. Si el mundo lo habitan 50% mujeres y s\u00f3lo se ha narrado la historia desde la visi\u00f3n patriarcal, entonces como humanidad nos hemos perdido la mitad del conocimiento. Desde nuestra disciplina, es necesario visibilizar las innumerables aportaciones femeninas, as\u00ed como tambi\u00e9n escribir para el futuro una historia inclusiva, diversa y fidedigna.<\/p>\n<p><a href=\"https:\/\/www.enlalupa.com\/\">En la Lupa<\/a><\/p>\n<p><a href=\"https:\/\/diariofemenino.com.ar\">Diario Digital Femenino<\/a><\/p>\n<p>&nbsp;<\/p>\n","protected":false},"excerpt":{"rendered":"<p>La invisibilizaci\u00f3n de las mujeres en la arquitectura Los hombres tenemos una deuda hist\u00f3rica con las mujeres puesto que, en muchas disciplinas, las aportaciones de ellas han sido eliminadas, mal documentadas o minimizadas. La arquitectura no es la excepci\u00f3n. Las injusticas en contra de las mujeres van desde invalidar sus contribuciones, hasta apropiarse de su [&hellip;]<\/p>\n","protected":false},"author":1,"featured_media":55924,"comment_status":"open","ping_status":"open","sticky":false,"template":"","format":"standard","meta":{"iawp_total_views":85,"footnotes":""},"categories":[32,580],"tags":[4120,131,3982],"class_list":["post-55922","post","type-post","status-publish","format-standard","has-post-thumbnail","hentry","category-mujeres","category-resistencia-verdevioleta","tag-arquitectura","tag-igualdad","tag-invisibilizacion"],"nelio_content":{"autoShareEndMode":"never","automationSources":{"useCustomSentences":false,"customSentences":[]},"efiAlt":"","efiUrl":"","followers":[],"highlights":[],"isAutoShareEnabled":true,"networkImageIds":[],"permalinkQueryArgs":[],"series":[],"suggestedReferences":[]},"yoast_head":"<!-- This site is optimized with the Yoast SEO plugin v27.5 - https:\/\/yoast.com\/product\/yoast-seo-wordpress\/ -->\n<title>La invisibilizaci\u00f3n de las mujeres en la arquitectura - Diario Digital Femenino<\/title>\n<meta name=\"description\" content=\"La invisibilizaci\u00f3n de las mujeres en la arquitectura: las aportaciones de ellas han sido eliminadas, mal documentadas o minimizadas\" \/>\n<meta name=\"robots\" content=\"index, follow, max-snippet:-1, max-image-preview:large, max-video-preview:-1\" \/>\n<link rel=\"canonical\" href=\"https:\/\/diariofemenino.com.ar\/df\/la-invisibilizacion-de-las-mujeres-en-la-arquitectura\/\" \/>\n<meta property=\"og:locale\" content=\"es_ES\" \/>\n<meta property=\"og:type\" content=\"article\" \/>\n<meta property=\"og:title\" content=\"La invisibilizaci\u00f3n de las mujeres en la arquitectura - Diario Digital Femenino\" \/>\n<meta property=\"og:description\" content=\"La invisibilizaci\u00f3n de las mujeres en la arquitectura: las aportaciones de ellas han sido eliminadas, mal documentadas o minimizadas\" \/>\n<meta property=\"og:url\" content=\"https:\/\/diariofemenino.com.ar\/df\/la-invisibilizacion-de-las-mujeres-en-la-arquitectura\/\" \/>\n<meta property=\"og:site_name\" content=\"Diario Digital Femenino\" \/>\n<meta property=\"article:publisher\" content=\"https:\/\/www.facebook.com\/DiarioDigitaFemenino\/\" \/>\n<meta property=\"article:published_time\" content=\"2021-02-18T12:40:13+00:00\" \/>\n<meta property=\"og:image\" content=\"https:\/\/diariofemenino.com.ar\/df\/wp-content\/uploads\/2021\/02\/arquitecto-mujer-plan-concepto-arquitectonico_2221-1267-e1613651911636.jpg\" \/>\n\t<meta property=\"og:image:width\" content=\"624\" \/>\n\t<meta property=\"og:image:height\" content=\"281\" \/>\n\t<meta property=\"og:image:type\" content=\"image\/jpeg\" \/>\n<meta name=\"author\" content=\"Admin\" \/>\n<meta name=\"twitter:card\" content=\"summary_large_image\" \/>\n<meta name=\"twitter:creator\" content=\"@DiarioFemenino1\" \/>\n<meta name=\"twitter:site\" content=\"@DiarioFemenino1\" \/>\n<meta name=\"twitter:label1\" content=\"Escrito por\" \/>\n\t<meta name=\"twitter:data1\" content=\"Admin\" \/>\n\t<meta name=\"twitter:label2\" content=\"Tiempo de lectura\" \/>\n\t<meta name=\"twitter:data2\" content=\"3 minutos\" \/>\n<script type=\"application\/ld+json\" class=\"yoast-schema-graph\">{\"@context\":\"https:\\\/\\\/schema.org\",\"@graph\":[{\"@type\":\"Article\",\"@id\":\"https:\\\/\\\/diariofemenino.com.ar\\\/df\\\/la-invisibilizacion-de-las-mujeres-en-la-arquitectura\\\/#article\",\"isPartOf\":{\"@id\":\"https:\\\/\\\/diariofemenino.com.ar\\\/df\\\/la-invisibilizacion-de-las-mujeres-en-la-arquitectura\\\/\"},\"author\":{\"name\":\"Admin\",\"@id\":\"https:\\\/\\\/diariofemenino.com.ar\\\/df\\\/#\\\/schema\\\/person\\\/38f54b3bfd13f561de2460ba95c169c6\"},\"headline\":\"La invisibilizaci\u00f3n de las mujeres en la arquitectura\",\"datePublished\":\"2021-02-18T12:40:13+00:00\",\"mainEntityOfPage\":{\"@id\":\"https:\\\/\\\/diariofemenino.com.ar\\\/df\\\/la-invisibilizacion-de-las-mujeres-en-la-arquitectura\\\/\"},\"wordCount\":532,\"commentCount\":0,\"publisher\":{\"@id\":\"https:\\\/\\\/diariofemenino.com.ar\\\/df\\\/#organization\"},\"image\":{\"@id\":\"https:\\\/\\\/diariofemenino.com.ar\\\/df\\\/la-invisibilizacion-de-las-mujeres-en-la-arquitectura\\\/#primaryimage\"},\"thumbnailUrl\":\"https:\\\/\\\/diariofemenino.com.ar\\\/df\\\/wp-content\\\/uploads\\\/2021\\\/02\\\/arquitecto-mujer-plan-concepto-arquitectonico_2221-1267-e1613651911636.jpg\",\"keywords\":[\"Arquitectura\",\"Igualdad\",\"Invisibilizaci\u00f3n\"],\"articleSection\":[\"Mujeres\",\"Resistencia VerdeVioleta\"],\"inLanguage\":\"es\",\"potentialAction\":[{\"@type\":\"CommentAction\",\"name\":\"Comment\",\"target\":[\"https:\\\/\\\/diariofemenino.com.ar\\\/df\\\/la-invisibilizacion-de-las-mujeres-en-la-arquitectura\\\/#respond\"]}]},{\"@type\":\"WebPage\",\"@id\":\"https:\\\/\\\/diariofemenino.com.ar\\\/df\\\/la-invisibilizacion-de-las-mujeres-en-la-arquitectura\\\/\",\"url\":\"https:\\\/\\\/diariofemenino.com.ar\\\/df\\\/la-invisibilizacion-de-las-mujeres-en-la-arquitectura\\\/\",\"name\":\"La invisibilizaci\u00f3n de las mujeres en la arquitectura - Diario Digital Femenino\",\"isPartOf\":{\"@id\":\"https:\\\/\\\/diariofemenino.com.ar\\\/df\\\/#website\"},\"primaryImageOfPage\":{\"@id\":\"https:\\\/\\\/diariofemenino.com.ar\\\/df\\\/la-invisibilizacion-de-las-mujeres-en-la-arquitectura\\\/#primaryimage\"},\"image\":{\"@id\":\"https:\\\/\\\/diariofemenino.com.ar\\\/df\\\/la-invisibilizacion-de-las-mujeres-en-la-arquitectura\\\/#primaryimage\"},\"thumbnailUrl\":\"https:\\\/\\\/diariofemenino.com.ar\\\/df\\\/wp-content\\\/uploads\\\/2021\\\/02\\\/arquitecto-mujer-plan-concepto-arquitectonico_2221-1267-e1613651911636.jpg\",\"datePublished\":\"2021-02-18T12:40:13+00:00\",\"description\":\"La invisibilizaci\u00f3n de las mujeres en la arquitectura: las aportaciones de ellas han sido eliminadas, mal documentadas o minimizadas\",\"breadcrumb\":{\"@id\":\"https:\\\/\\\/diariofemenino.com.ar\\\/df\\\/la-invisibilizacion-de-las-mujeres-en-la-arquitectura\\\/#breadcrumb\"},\"inLanguage\":\"es\",\"potentialAction\":[{\"@type\":\"ReadAction\",\"target\":[\"https:\\\/\\\/diariofemenino.com.ar\\\/df\\\/la-invisibilizacion-de-las-mujeres-en-la-arquitectura\\\/\"]}]},{\"@type\":\"ImageObject\",\"inLanguage\":\"es\",\"@id\":\"https:\\\/\\\/diariofemenino.com.ar\\\/df\\\/la-invisibilizacion-de-las-mujeres-en-la-arquitectura\\\/#primaryimage\",\"url\":\"https:\\\/\\\/diariofemenino.com.ar\\\/df\\\/wp-content\\\/uploads\\\/2021\\\/02\\\/arquitecto-mujer-plan-concepto-arquitectonico_2221-1267-e1613651911636.jpg\",\"contentUrl\":\"https:\\\/\\\/diariofemenino.com.ar\\\/df\\\/wp-content\\\/uploads\\\/2021\\\/02\\\/arquitecto-mujer-plan-concepto-arquitectonico_2221-1267-e1613651911636.jpg\",\"width\":624,\"height\":281,\"caption\":\"La invisibilizaci\u00f3n de las mujeres en la arquitectura\"},{\"@type\":\"BreadcrumbList\",\"@id\":\"https:\\\/\\\/diariofemenino.com.ar\\\/df\\\/la-invisibilizacion-de-las-mujeres-en-la-arquitectura\\\/#breadcrumb\",\"itemListElement\":[{\"@type\":\"ListItem\",\"position\":1,\"name\":\"Portada\",\"item\":\"https:\\\/\\\/diariofemenino.com.ar\\\/df\\\/\"},{\"@type\":\"ListItem\",\"position\":2,\"name\":\"La invisibilizaci\u00f3n de las mujeres en la arquitectura\"}]},{\"@type\":\"WebSite\",\"@id\":\"https:\\\/\\\/diariofemenino.com.ar\\\/df\\\/#website\",\"url\":\"https:\\\/\\\/diariofemenino.com.ar\\\/df\\\/\",\"name\":\"Diario Digital Femenino\",\"description\":\"Cuesti\u00f3n de G\u00e9nero\",\"publisher\":{\"@id\":\"https:\\\/\\\/diariofemenino.com.ar\\\/df\\\/#organization\"},\"potentialAction\":[{\"@type\":\"SearchAction\",\"target\":{\"@type\":\"EntryPoint\",\"urlTemplate\":\"https:\\\/\\\/diariofemenino.com.ar\\\/df\\\/?s={search_term_string}\"},\"query-input\":{\"@type\":\"PropertyValueSpecification\",\"valueRequired\":true,\"valueName\":\"search_term_string\"}}],\"inLanguage\":\"es\"},{\"@type\":\"Organization\",\"@id\":\"https:\\\/\\\/diariofemenino.com.ar\\\/df\\\/#organization\",\"name\":\"Diario Femenino\",\"url\":\"https:\\\/\\\/diariofemenino.com.ar\\\/df\\\/\",\"logo\":{\"@type\":\"ImageObject\",\"inLanguage\":\"es\",\"@id\":\"https:\\\/\\\/diariofemenino.com.ar\\\/df\\\/#\\\/schema\\\/logo\\\/image\\\/\",\"url\":\"https:\\\/\\\/diariofemenino.com.ar\\\/df\\\/wp-content\\\/uploads\\\/2018\\\/10\\\/logo.png\",\"contentUrl\":\"https:\\\/\\\/diariofemenino.com.ar\\\/df\\\/wp-content\\\/uploads\\\/2018\\\/10\\\/logo.png\",\"width\":500,\"height\":92,\"caption\":\"Diario Femenino\"},\"image\":{\"@id\":\"https:\\\/\\\/diariofemenino.com.ar\\\/df\\\/#\\\/schema\\\/logo\\\/image\\\/\"},\"sameAs\":[\"https:\\\/\\\/www.facebook.com\\\/DiarioDigitaFemenino\\\/\",\"https:\\\/\\\/x.com\\\/DiarioFemenino1\"]},{\"@type\":\"Person\",\"@id\":\"https:\\\/\\\/diariofemenino.com.ar\\\/df\\\/#\\\/schema\\\/person\\\/38f54b3bfd13f561de2460ba95c169c6\",\"name\":\"Admin\",\"image\":{\"@type\":\"ImageObject\",\"inLanguage\":\"es\",\"@id\":\"https:\\\/\\\/diariofemenino.com.ar\\\/df\\\/wp-content\\\/uploads\\\/2018\\\/12\\\/favicon-150x150.jpg\",\"url\":\"https:\\\/\\\/diariofemenino.com.ar\\\/df\\\/wp-content\\\/uploads\\\/2018\\\/12\\\/favicon-150x150.jpg\",\"contentUrl\":\"https:\\\/\\\/diariofemenino.com.ar\\\/df\\\/wp-content\\\/uploads\\\/2018\\\/12\\\/favicon-150x150.jpg\",\"caption\":\"Admin\"},\"url\":\"https:\\\/\\\/diariofemenino.com.ar\\\/df\\\/author\\\/adm18df\\\/\"}]}<\/script>\n<!-- \/ Yoast SEO plugin. -->","yoast_head_json":{"title":"La invisibilizaci\u00f3n de las mujeres en la arquitectura - Diario Digital Femenino","description":"La invisibilizaci\u00f3n de las mujeres en la arquitectura: las aportaciones de ellas han sido eliminadas, mal documentadas o minimizadas","robots":{"index":"index","follow":"follow","max-snippet":"max-snippet:-1","max-image-preview":"max-image-preview:large","max-video-preview":"max-video-preview:-1"},"canonical":"https:\/\/diariofemenino.com.ar\/df\/la-invisibilizacion-de-las-mujeres-en-la-arquitectura\/","og_locale":"es_ES","og_type":"article","og_title":"La invisibilizaci\u00f3n de las mujeres en la arquitectura - Diario Digital Femenino","og_description":"La invisibilizaci\u00f3n de las mujeres en la arquitectura: las aportaciones de ellas han sido eliminadas, mal documentadas o minimizadas","og_url":"https:\/\/diariofemenino.com.ar\/df\/la-invisibilizacion-de-las-mujeres-en-la-arquitectura\/","og_site_name":"Diario Digital Femenino","article_publisher":"https:\/\/www.facebook.com\/DiarioDigitaFemenino\/","article_published_time":"2021-02-18T12:40:13+00:00","og_image":[{"width":624,"height":281,"url":"https:\/\/diariofemenino.com.ar\/df\/wp-content\/uploads\/2021\/02\/arquitecto-mujer-plan-concepto-arquitectonico_2221-1267-e1613651911636.jpg","type":"image\/jpeg"}],"author":"Admin","twitter_card":"summary_large_image","twitter_creator":"@DiarioFemenino1","twitter_site":"@DiarioFemenino1","twitter_misc":{"Escrito por":"Admin","Tiempo de lectura":"3 minutos"},"schema":{"@context":"https:\/\/schema.org","@graph":[{"@type":"Article","@id":"https:\/\/diariofemenino.com.ar\/df\/la-invisibilizacion-de-las-mujeres-en-la-arquitectura\/#article","isPartOf":{"@id":"https:\/\/diariofemenino.com.ar\/df\/la-invisibilizacion-de-las-mujeres-en-la-arquitectura\/"},"author":{"name":"Admin","@id":"https:\/\/diariofemenino.com.ar\/df\/#\/schema\/person\/38f54b3bfd13f561de2460ba95c169c6"},"headline":"La invisibilizaci\u00f3n de las mujeres en la arquitectura","datePublished":"2021-02-18T12:40:13+00:00","mainEntityOfPage":{"@id":"https:\/\/diariofemenino.com.ar\/df\/la-invisibilizacion-de-las-mujeres-en-la-arquitectura\/"},"wordCount":532,"commentCount":0,"publisher":{"@id":"https:\/\/diariofemenino.com.ar\/df\/#organization"},"image":{"@id":"https:\/\/diariofemenino.com.ar\/df\/la-invisibilizacion-de-las-mujeres-en-la-arquitectura\/#primaryimage"},"thumbnailUrl":"https:\/\/diariofemenino.com.ar\/df\/wp-content\/uploads\/2021\/02\/arquitecto-mujer-plan-concepto-arquitectonico_2221-1267-e1613651911636.jpg","keywords":["Arquitectura","Igualdad","Invisibilizaci\u00f3n"],"articleSection":["Mujeres","Resistencia VerdeVioleta"],"inLanguage":"es","potentialAction":[{"@type":"CommentAction","name":"Comment","target":["https:\/\/diariofemenino.com.ar\/df\/la-invisibilizacion-de-las-mujeres-en-la-arquitectura\/#respond"]}]},{"@type":"WebPage","@id":"https:\/\/diariofemenino.com.ar\/df\/la-invisibilizacion-de-las-mujeres-en-la-arquitectura\/","url":"https:\/\/diariofemenino.com.ar\/df\/la-invisibilizacion-de-las-mujeres-en-la-arquitectura\/","name":"La invisibilizaci\u00f3n de las mujeres en la arquitectura - Diario Digital Femenino","isPartOf":{"@id":"https:\/\/diariofemenino.com.ar\/df\/#website"},"primaryImageOfPage":{"@id":"https:\/\/diariofemenino.com.ar\/df\/la-invisibilizacion-de-las-mujeres-en-la-arquitectura\/#primaryimage"},"image":{"@id":"https:\/\/diariofemenino.com.ar\/df\/la-invisibilizacion-de-las-mujeres-en-la-arquitectura\/#primaryimage"},"thumbnailUrl":"https:\/\/diariofemenino.com.ar\/df\/wp-content\/uploads\/2021\/02\/arquitecto-mujer-plan-concepto-arquitectonico_2221-1267-e1613651911636.jpg","datePublished":"2021-02-18T12:40:13+00:00","description":"La invisibilizaci\u00f3n de las mujeres en la arquitectura: las aportaciones de ellas han sido eliminadas, mal documentadas o minimizadas","breadcrumb":{"@id":"https:\/\/diariofemenino.com.ar\/df\/la-invisibilizacion-de-las-mujeres-en-la-arquitectura\/#breadcrumb"},"inLanguage":"es","potentialAction":[{"@type":"ReadAction","target":["https:\/\/diariofemenino.com.ar\/df\/la-invisibilizacion-de-las-mujeres-en-la-arquitectura\/"]}]},{"@type":"ImageObject","inLanguage":"es","@id":"https:\/\/diariofemenino.com.ar\/df\/la-invisibilizacion-de-las-mujeres-en-la-arquitectura\/#primaryimage","url":"https:\/\/diariofemenino.com.ar\/df\/wp-content\/uploads\/2021\/02\/arquitecto-mujer-plan-concepto-arquitectonico_2221-1267-e1613651911636.jpg","contentUrl":"https:\/\/diariofemenino.com.ar\/df\/wp-content\/uploads\/2021\/02\/arquitecto-mujer-plan-concepto-arquitectonico_2221-1267-e1613651911636.jpg","width":624,"height":281,"caption":"La invisibilizaci\u00f3n de las mujeres en la arquitectura"},{"@type":"BreadcrumbList","@id":"https:\/\/diariofemenino.com.ar\/df\/la-invisibilizacion-de-las-mujeres-en-la-arquitectura\/#breadcrumb","itemListElement":[{"@type":"ListItem","position":1,"name":"Portada","item":"https:\/\/diariofemenino.com.ar\/df\/"},{"@type":"ListItem","position":2,"name":"La invisibilizaci\u00f3n de las mujeres en la arquitectura"}]},{"@type":"WebSite","@id":"https:\/\/diariofemenino.com.ar\/df\/#website","url":"https:\/\/diariofemenino.com.ar\/df\/","name":"Diario Digital Femenino","description":"Cuesti\u00f3n de G\u00e9nero","publisher":{"@id":"https:\/\/diariofemenino.com.ar\/df\/#organization"},"potentialAction":[{"@type":"SearchAction","target":{"@type":"EntryPoint","urlTemplate":"https:\/\/diariofemenino.com.ar\/df\/?s={search_term_string}"},"query-input":{"@type":"PropertyValueSpecification","valueRequired":true,"valueName":"search_term_string"}}],"inLanguage":"es"},{"@type":"Organization","@id":"https:\/\/diariofemenino.com.ar\/df\/#organization","name":"Diario Femenino","url":"https:\/\/diariofemenino.com.ar\/df\/","logo":{"@type":"ImageObject","inLanguage":"es","@id":"https:\/\/diariofemenino.com.ar\/df\/#\/schema\/logo\/image\/","url":"https:\/\/diariofemenino.com.ar\/df\/wp-content\/uploads\/2018\/10\/logo.png","contentUrl":"https:\/\/diariofemenino.com.ar\/df\/wp-content\/uploads\/2018\/10\/logo.png","width":500,"height":92,"caption":"Diario Femenino"},"image":{"@id":"https:\/\/diariofemenino.com.ar\/df\/#\/schema\/logo\/image\/"},"sameAs":["https:\/\/www.facebook.com\/DiarioDigitaFemenino\/","https:\/\/x.com\/DiarioFemenino1"]},{"@type":"Person","@id":"https:\/\/diariofemenino.com.ar\/df\/#\/schema\/person\/38f54b3bfd13f561de2460ba95c169c6","name":"Admin","image":{"@type":"ImageObject","inLanguage":"es","@id":"https:\/\/diariofemenino.com.ar\/df\/wp-content\/uploads\/2018\/12\/favicon-150x150.jpg","url":"https:\/\/diariofemenino.com.ar\/df\/wp-content\/uploads\/2018\/12\/favicon-150x150.jpg","contentUrl":"https:\/\/diariofemenino.com.ar\/df\/wp-content\/uploads\/2018\/12\/favicon-150x150.jpg","caption":"Admin"},"url":"https:\/\/diariofemenino.com.ar\/df\/author\/adm18df\/"}]}},"jetpack_featured_media_url":"https:\/\/diariofemenino.com.ar\/df\/wp-content\/uploads\/2021\/02\/arquitecto-mujer-plan-concepto-arquitectonico_2221-1267-e1613651911636.jpg","jetpack_sharing_enabled":true,"rttpg_featured_image_url":{"full":["https:\/\/diariofemenino.com.ar\/df\/wp-content\/uploads\/2021\/02\/arquitecto-mujer-plan-concepto-arquitectonico_2221-1267-e1613651911636.jpg",624,281,false],"landscape":["https:\/\/diariofemenino.com.ar\/df\/wp-content\/uploads\/2021\/02\/arquitecto-mujer-plan-concepto-arquitectonico_2221-1267-e1613651911636.jpg",624,281,false],"portraits":["https:\/\/diariofemenino.com.ar\/df\/wp-content\/uploads\/2021\/02\/arquitecto-mujer-plan-concepto-arquitectonico_2221-1267-e1613651911636.jpg",624,281,false],"thumbnail":["https:\/\/diariofemenino.com.ar\/df\/wp-content\/uploads\/2021\/02\/arquitecto-mujer-plan-concepto-arquitectonico_2221-1267-e1613651911636-150x150.jpg",150,150,true],"medium":["https:\/\/diariofemenino.com.ar\/df\/wp-content\/uploads\/2021\/02\/arquitecto-mujer-plan-concepto-arquitectonico_2221-1267-e1613651911636-300x135.jpg",300,135,true],"large":["https:\/\/diariofemenino.com.ar\/df\/wp-content\/uploads\/2021\/02\/arquitecto-mujer-plan-concepto-arquitectonico_2221-1267-e1613651911636.jpg",624,281,false],"1536x1536":["https:\/\/diariofemenino.com.ar\/df\/wp-content\/uploads\/2021\/02\/arquitecto-mujer-plan-concepto-arquitectonico_2221-1267-e1613651911636.jpg",624,281,false],"2048x2048":["https:\/\/diariofemenino.com.ar\/df\/wp-content\/uploads\/2021\/02\/arquitecto-mujer-plan-concepto-arquitectonico_2221-1267-e1613651911636.jpg",624,281,false]},"rttpg_author":{"display_name":"Admin","author_link":"https:\/\/diariofemenino.com.ar\/df\/author\/adm18df\/"},"rttpg_comment":0,"rttpg_category":"<a href=\"https:\/\/diariofemenino.com.ar\/df\/category\/mujeres\/\" rel=\"category tag\">Mujeres<\/a> <a href=\"https:\/\/diariofemenino.com.ar\/df\/category\/resistencia-verdevioleta\/\" rel=\"category tag\">Resistencia VerdeVioleta<\/a>","rttpg_excerpt":"La invisibilizaci\u00f3n de las mujeres en la arquitectura Los hombres tenemos una deuda hist\u00f3rica con las mujeres puesto que, en muchas disciplinas, las aportaciones de ellas han sido eliminadas, mal documentadas o minimizadas. La arquitectura no es la excepci\u00f3n. Las injusticas en contra de las mujeres van desde invalidar sus contribuciones, hasta apropiarse de su&hellip;","_links":{"self":[{"href":"https:\/\/diariofemenino.com.ar\/df\/wp-json\/wp\/v2\/posts\/55922","targetHints":{"allow":["GET"]}}],"collection":[{"href":"https:\/\/diariofemenino.com.ar\/df\/wp-json\/wp\/v2\/posts"}],"about":[{"href":"https:\/\/diariofemenino.com.ar\/df\/wp-json\/wp\/v2\/types\/post"}],"author":[{"embeddable":true,"href":"https:\/\/diariofemenino.com.ar\/df\/wp-json\/wp\/v2\/users\/1"}],"replies":[{"embeddable":true,"href":"https:\/\/diariofemenino.com.ar\/df\/wp-json\/wp\/v2\/comments?post=55922"}],"version-history":[{"count":0,"href":"https:\/\/diariofemenino.com.ar\/df\/wp-json\/wp\/v2\/posts\/55922\/revisions"}],"wp:featuredmedia":[{"embeddable":true,"href":"https:\/\/diariofemenino.com.ar\/df\/wp-json\/wp\/v2\/media\/55924"}],"wp:attachment":[{"href":"https:\/\/diariofemenino.com.ar\/df\/wp-json\/wp\/v2\/media?parent=55922"}],"wp:term":[{"taxonomy":"category","embeddable":true,"href":"https:\/\/diariofemenino.com.ar\/df\/wp-json\/wp\/v2\/categories?post=55922"},{"taxonomy":"post_tag","embeddable":true,"href":"https:\/\/diariofemenino.com.ar\/df\/wp-json\/wp\/v2\/tags?post=55922"}],"curies":[{"name":"wp","href":"https:\/\/api.w.org\/{rel}","templated":true}]}}