{"id":5586,"date":"2013-02-20T11:53:21","date_gmt":"2013-02-20T14:53:21","guid":{"rendered":"http:\/\/www.diariofemenino.com.ar\/?p=5586"},"modified":"2013-02-20T11:53:21","modified_gmt":"2013-02-20T14:53:21","slug":"celebran-que-se-incorpore-una-materia-contra-la-violencia-de-genero","status":"publish","type":"post","link":"https:\/\/diariofemenino.com.ar\/df\/celebran-que-se-incorpore-una-materia-contra-la-violencia-de-genero\/","title":{"rendered":"Celebran que se incorpore una materia sobre violencia de g\u00e9nero"},"content":{"rendered":"<p>&nbsp;<br \/>\n&nbsp;<br \/>\n&nbsp;<br \/>\n<strong>Se trata de un <a href=\"http:\/\/www.diariofemenino.com.ar\/?p=5582\">proyecto<\/a> de ley presentado en el Senado de la provincia de Buenos Aires, que a\u00fan no fue tratado, pero ya despert\u00f3 buenas cr\u00edticas. Desde La Casa del Encuentro dijeron que \u201cesta noticia es muy auspiciosa\u201d, mientras que Grupo Buenos Ayres abog\u00f3 por profundizar en concepciones no-sexistas, de equidad e igualdad.<\/strong><br \/>\n<a href=\"http:\/\/www.diariofemenino.com.ar\/wp-content\/uploads\/27150_1.jpg\"><img loading=\"lazy\" decoding=\"async\" class=\"alignnone size-full wp-image-5587\" title=\"27150_1\" src=\"http:\/\/www.diariofemenino.com.ar\/wp-content\/uploads\/27150_1.jpg\" alt=\"\" width=\"320\" height=\"200\" \/><\/a><br \/>\nOrganizaciones de g\u00e9nero celebraron que se impulse una materia contra la violencia de g\u00e9nero en las curr\u00edculas escolares. Se trata de un proyecto que ingres\u00f3 al Senado bonaerense y a\u00fan no tuvo tratamiento, pero que ya despert\u00f3 buenas cr\u00edticas.<br \/>\nAda Beatriz Rico, presidenta de la Asociaci\u00f3n Civil La Casa del Encuentro, dijo a Info Regi\u00f3n que \u201cesta noticia es muy auspiciosa\u201d porque es un reclamo que su organizaci\u00f3n viene haciendo hace mucho. \u201cNosotros pedimos la modificaci\u00f3n en todas las curr\u00edculas educativas para trabajar la tem\u00e1tica de violencia de g\u00e9nero en los diferentes niveles educativos y tambi\u00e9n incorporar en las carreras universitarias las materias de g\u00e9nero como obligatorias\u201d, explic\u00f3 la titular de ese espacio.<br \/>\nEn cuanto al programa de esa curr\u00edcula, Rico tambi\u00e9n ponder\u00f3 que es necesario \u201cpreparar un programa adecuado, de acuerdo al nivel de escolaridad que tengan los estudiantes y trabajar muy fuertemente para que se tome conciencia desde chicos lo que significa esta tem\u00e1tica\u201d.<br \/>\nEn ese sentido, la presidenta de la Asociaci\u00f3n Mutual Grupo Buenos Ayres, Mar\u00eda Eva Sanz, asegur\u00f3 que se debe profundizar \u201cen todo lo que sea concepciones no-sexistas, de equidad e igualdad, igualdad de derechos entre hombres y mujeres\u201d. \u201cFundamentalmente un cambio cultural es lo que se pretende. O sea, ir al sistema de creencias de las personas para que pensemos de manera m\u00e1s igualitaria\u201d, apunt\u00f3.<br \/>\nLa premisa es un cambio cultural en referencia a la concepci\u00f3n, creencias e informaci\u00f3n sobre la violencia de g\u00e9nero. En ese aspecto, Sanz explic\u00f3 que \u201clos patrones culturales todav\u00eda est\u00e1n marcando estereotipos de diferencias entre los sexos y estar\u00eda bueno que se pudiera ir limando todo eso y logrando cada vez mayor igualdad\u201d.<br \/>\nPor su lado, Rico enfatiz\u00f3 la necesidad de que \u201cla violencia de g\u00e9nero hacia las mujeres sea un tema de la agenda p\u00fablica y prioritaria del Estado\u201d, y destac\u00f3 que si se realizan m\u00e1s campa\u00f1as de informaci\u00f3n y sensibilizaci\u00f3n en todo el pa\u00eds acerca de esta tem\u00e1tica, \u00e9se puede ser el inicio de un cambio cultural\u201d.<br \/>\nSanz coincide con esa visi\u00f3n y agreg\u00f3 que \u201ca mayor interacci\u00f3n de las organizaciones y mayor y m\u00e1s tupida esa red, mejor es el resultado en cuanto a la respuestas que se les da a las v\u00edctimas\u201d.<br \/>\nUn proyecto de ley impulsado por la senadora provincial de la Coalici\u00f3n C\u00edvica Mar\u00eda Isabel Gainza ingres\u00f3 al Senado de la provincia de Buenos Aires y busca que los estudiantes de las escuelas del distrito cursen una materia destinada a prevenir la violencia de g\u00e9nero.<br \/>\nEsta iniciativa pretende incorporar al dise\u00f1o curricular del sistema educativo bonaerense, con car\u00e1cter obligatorio para todos los niveles y modalidades, programas destinados a la prevenci\u00f3n de la violencia de g\u00e9nero.<br \/>\nEn el marco de esta propuesta, Gainza destac\u00f3 que \u00abel t\u00e9rmino femicidio se halla directamente vinculado a la naturalizaci\u00f3n de la sociedad hacia la violencia sexista y la definici\u00f3n de la mujer como propiedad de su pareja o del hombre que as\u00ed la considere\u00bb, y teniendo en cuenta el contexto, la legisladora propuso la creaci\u00f3n de una nueva curr\u00edcula, la cual \u00abbusca ofrecer a las nuevas generaciones un espacio de reflexi\u00f3n espec\u00edfico para la concientizaci\u00f3n de los derechos inalienables de cada persona en general y de las mujeres en particular\u00bb.<br \/>\n&nbsp;<br \/>\n&nbsp;<br \/>\n&nbsp;<br \/>\nFuente: InfoRegi\u00f3n<\/p>\n","protected":false},"excerpt":{"rendered":"<p>&nbsp; &nbsp; &nbsp; Se trata de un proyecto de ley presentado en el Senado de la provincia de Buenos Aires, que a\u00fan no fue tratado, pero ya despert\u00f3 buenas cr\u00edticas. Desde La Casa del Encuentro dijeron que \u201cesta noticia es muy auspiciosa\u201d, mientras que Grupo Buenos Ayres abog\u00f3 por profundizar en concepciones no-sexistas, de equidad [&hellip;]<\/p>\n","protected":false},"author":1,"featured_media":0,"comment_status":"open","ping_status":"open","sticky":false,"template":"","format":"standard","meta":{"iawp_total_views":7,"footnotes":""},"categories":[4,13],"tags":[],"class_list":["post-5586","post","type-post","status-publish","format-standard","hentry","category-medios","category-mujeres-sindicalistas"],"nelio_content":{"autoShareEndMode":"never","automationSources":{"useCustomSentences":false,"customSentences":[]},"efiAlt":"","efiUrl":"","followers":[],"highlights":[],"isAutoShareEnabled":true,"networkImageIds":[],"permalinkQueryArgs":[],"series":[],"suggestedReferences":[]},"yoast_head":"<!-- This site is optimized with the Yoast SEO plugin v27.4 - https:\/\/yoast.com\/product\/yoast-seo-wordpress\/ -->\n<title>Celebran que se incorpore una materia sobre violencia de g\u00e9nero - Diario Digital Femenino<\/title>\n<meta name=\"robots\" content=\"index, follow, max-snippet:-1, max-image-preview:large, max-video-preview:-1\" \/>\n<link rel=\"canonical\" href=\"https:\/\/diariofemenino.com.ar\/df\/celebran-que-se-incorpore-una-materia-contra-la-violencia-de-genero\/\" \/>\n<meta property=\"og:locale\" content=\"es_ES\" \/>\n<meta property=\"og:type\" content=\"article\" \/>\n<meta property=\"og:title\" content=\"Celebran que se incorpore una materia sobre violencia de g\u00e9nero - Diario Digital Femenino\" \/>\n<meta property=\"og:description\" content=\"&nbsp; &nbsp; &nbsp; Se trata de un proyecto de ley presentado en el Senado de la provincia de Buenos Aires, que a\u00fan no fue tratado, pero ya despert\u00f3 buenas cr\u00edticas. Desde La Casa del Encuentro dijeron que \u201cesta noticia es muy auspiciosa\u201d, mientras que Grupo Buenos Ayres abog\u00f3 por profundizar en concepciones no-sexistas, de equidad [&hellip;]\" \/>\n<meta property=\"og:url\" content=\"https:\/\/diariofemenino.com.ar\/df\/celebran-que-se-incorpore-una-materia-contra-la-violencia-de-genero\/\" \/>\n<meta property=\"og:site_name\" content=\"Diario Digital Femenino\" \/>\n<meta property=\"article:publisher\" content=\"https:\/\/www.facebook.com\/DiarioDigitaFemenino\/\" \/>\n<meta property=\"article:published_time\" content=\"2013-02-20T14:53:21+00:00\" \/>\n<meta property=\"og:image\" content=\"http:\/\/www.diariofemenino.com.ar\/wp-content\/uploads\/27150_1.jpg\" \/>\n<meta name=\"author\" content=\"Admin\" \/>\n<meta name=\"twitter:card\" content=\"summary_large_image\" \/>\n<meta name=\"twitter:creator\" content=\"@DiarioFemenino1\" \/>\n<meta name=\"twitter:site\" content=\"@DiarioFemenino1\" \/>\n<meta name=\"twitter:label1\" content=\"Escrito por\" \/>\n\t<meta name=\"twitter:data1\" content=\"Admin\" \/>\n\t<meta name=\"twitter:label2\" content=\"Tiempo de lectura\" \/>\n\t<meta name=\"twitter:data2\" content=\"3 minutos\" \/>\n<script type=\"application\/ld+json\" class=\"yoast-schema-graph\">{\"@context\":\"https:\\\/\\\/schema.org\",\"@graph\":[{\"@type\":\"Article\",\"@id\":\"https:\\\/\\\/diariofemenino.com.ar\\\/df\\\/celebran-que-se-incorpore-una-materia-contra-la-violencia-de-genero\\\/#article\",\"isPartOf\":{\"@id\":\"https:\\\/\\\/diariofemenino.com.ar\\\/df\\\/celebran-que-se-incorpore-una-materia-contra-la-violencia-de-genero\\\/\"},\"author\":{\"name\":\"Admin\",\"@id\":\"https:\\\/\\\/diariofemenino.com.ar\\\/df\\\/#\\\/schema\\\/person\\\/38f54b3bfd13f561de2460ba95c169c6\"},\"headline\":\"Celebran que se incorpore una materia sobre violencia de g\u00e9nero\",\"datePublished\":\"2013-02-20T14:53:21+00:00\",\"mainEntityOfPage\":{\"@id\":\"https:\\\/\\\/diariofemenino.com.ar\\\/df\\\/celebran-que-se-incorpore-una-materia-contra-la-violencia-de-genero\\\/\"},\"wordCount\":662,\"commentCount\":0,\"publisher\":{\"@id\":\"https:\\\/\\\/diariofemenino.com.ar\\\/df\\\/#organization\"},\"image\":{\"@id\":\"https:\\\/\\\/diariofemenino.com.ar\\\/df\\\/celebran-que-se-incorpore-una-materia-contra-la-violencia-de-genero\\\/#primaryimage\"},\"thumbnailUrl\":\"http:\\\/\\\/www.diariofemenino.com.ar\\\/wp-content\\\/uploads\\\/27150_1.jpg\",\"articleSection\":[\"Medios\",\"Mujeres Sindicalistas\"],\"inLanguage\":\"es\",\"potentialAction\":[{\"@type\":\"CommentAction\",\"name\":\"Comment\",\"target\":[\"https:\\\/\\\/diariofemenino.com.ar\\\/df\\\/celebran-que-se-incorpore-una-materia-contra-la-violencia-de-genero\\\/#respond\"]}]},{\"@type\":\"WebPage\",\"@id\":\"https:\\\/\\\/diariofemenino.com.ar\\\/df\\\/celebran-que-se-incorpore-una-materia-contra-la-violencia-de-genero\\\/\",\"url\":\"https:\\\/\\\/diariofemenino.com.ar\\\/df\\\/celebran-que-se-incorpore-una-materia-contra-la-violencia-de-genero\\\/\",\"name\":\"Celebran que se incorpore una materia sobre violencia de g\u00e9nero - Diario Digital Femenino\",\"isPartOf\":{\"@id\":\"https:\\\/\\\/diariofemenino.com.ar\\\/df\\\/#website\"},\"primaryImageOfPage\":{\"@id\":\"https:\\\/\\\/diariofemenino.com.ar\\\/df\\\/celebran-que-se-incorpore-una-materia-contra-la-violencia-de-genero\\\/#primaryimage\"},\"image\":{\"@id\":\"https:\\\/\\\/diariofemenino.com.ar\\\/df\\\/celebran-que-se-incorpore-una-materia-contra-la-violencia-de-genero\\\/#primaryimage\"},\"thumbnailUrl\":\"http:\\\/\\\/www.diariofemenino.com.ar\\\/wp-content\\\/uploads\\\/27150_1.jpg\",\"datePublished\":\"2013-02-20T14:53:21+00:00\",\"breadcrumb\":{\"@id\":\"https:\\\/\\\/diariofemenino.com.ar\\\/df\\\/celebran-que-se-incorpore-una-materia-contra-la-violencia-de-genero\\\/#breadcrumb\"},\"inLanguage\":\"es\",\"potentialAction\":[{\"@type\":\"ReadAction\",\"target\":[\"https:\\\/\\\/diariofemenino.com.ar\\\/df\\\/celebran-que-se-incorpore-una-materia-contra-la-violencia-de-genero\\\/\"]}]},{\"@type\":\"ImageObject\",\"inLanguage\":\"es\",\"@id\":\"https:\\\/\\\/diariofemenino.com.ar\\\/df\\\/celebran-que-se-incorpore-una-materia-contra-la-violencia-de-genero\\\/#primaryimage\",\"url\":\"http:\\\/\\\/www.diariofemenino.com.ar\\\/wp-content\\\/uploads\\\/27150_1.jpg\",\"contentUrl\":\"http:\\\/\\\/www.diariofemenino.com.ar\\\/wp-content\\\/uploads\\\/27150_1.jpg\"},{\"@type\":\"BreadcrumbList\",\"@id\":\"https:\\\/\\\/diariofemenino.com.ar\\\/df\\\/celebran-que-se-incorpore-una-materia-contra-la-violencia-de-genero\\\/#breadcrumb\",\"itemListElement\":[{\"@type\":\"ListItem\",\"position\":1,\"name\":\"Portada\",\"item\":\"https:\\\/\\\/diariofemenino.com.ar\\\/df\\\/\"},{\"@type\":\"ListItem\",\"position\":2,\"name\":\"Celebran que se incorpore una materia sobre violencia de g\u00e9nero\"}]},{\"@type\":\"WebSite\",\"@id\":\"https:\\\/\\\/diariofemenino.com.ar\\\/df\\\/#website\",\"url\":\"https:\\\/\\\/diariofemenino.com.ar\\\/df\\\/\",\"name\":\"Diario Digital Femenino\",\"description\":\"Cuesti\u00f3n de G\u00e9nero\",\"publisher\":{\"@id\":\"https:\\\/\\\/diariofemenino.com.ar\\\/df\\\/#organization\"},\"potentialAction\":[{\"@type\":\"SearchAction\",\"target\":{\"@type\":\"EntryPoint\",\"urlTemplate\":\"https:\\\/\\\/diariofemenino.com.ar\\\/df\\\/?s={search_term_string}\"},\"query-input\":{\"@type\":\"PropertyValueSpecification\",\"valueRequired\":true,\"valueName\":\"search_term_string\"}}],\"inLanguage\":\"es\"},{\"@type\":\"Organization\",\"@id\":\"https:\\\/\\\/diariofemenino.com.ar\\\/df\\\/#organization\",\"name\":\"Diario Femenino\",\"url\":\"https:\\\/\\\/diariofemenino.com.ar\\\/df\\\/\",\"logo\":{\"@type\":\"ImageObject\",\"inLanguage\":\"es\",\"@id\":\"https:\\\/\\\/diariofemenino.com.ar\\\/df\\\/#\\\/schema\\\/logo\\\/image\\\/\",\"url\":\"https:\\\/\\\/diariofemenino.com.ar\\\/df\\\/wp-content\\\/uploads\\\/2018\\\/10\\\/logo.png\",\"contentUrl\":\"https:\\\/\\\/diariofemenino.com.ar\\\/df\\\/wp-content\\\/uploads\\\/2018\\\/10\\\/logo.png\",\"width\":500,\"height\":92,\"caption\":\"Diario Femenino\"},\"image\":{\"@id\":\"https:\\\/\\\/diariofemenino.com.ar\\\/df\\\/#\\\/schema\\\/logo\\\/image\\\/\"},\"sameAs\":[\"https:\\\/\\\/www.facebook.com\\\/DiarioDigitaFemenino\\\/\",\"https:\\\/\\\/x.com\\\/DiarioFemenino1\"]},{\"@type\":\"Person\",\"@id\":\"https:\\\/\\\/diariofemenino.com.ar\\\/df\\\/#\\\/schema\\\/person\\\/38f54b3bfd13f561de2460ba95c169c6\",\"name\":\"Admin\",\"image\":{\"@type\":\"ImageObject\",\"inLanguage\":\"es\",\"@id\":\"https:\\\/\\\/diariofemenino.com.ar\\\/df\\\/wp-content\\\/uploads\\\/2018\\\/12\\\/favicon-150x150.jpg\",\"url\":\"https:\\\/\\\/diariofemenino.com.ar\\\/df\\\/wp-content\\\/uploads\\\/2018\\\/12\\\/favicon-150x150.jpg\",\"contentUrl\":\"https:\\\/\\\/diariofemenino.com.ar\\\/df\\\/wp-content\\\/uploads\\\/2018\\\/12\\\/favicon-150x150.jpg\",\"caption\":\"Admin\"},\"url\":\"https:\\\/\\\/diariofemenino.com.ar\\\/df\\\/author\\\/adm18df\\\/\"}]}<\/script>\n<!-- \/ Yoast SEO plugin. -->","yoast_head_json":{"title":"Celebran que se incorpore una materia sobre violencia de g\u00e9nero - Diario Digital Femenino","robots":{"index":"index","follow":"follow","max-snippet":"max-snippet:-1","max-image-preview":"max-image-preview:large","max-video-preview":"max-video-preview:-1"},"canonical":"https:\/\/diariofemenino.com.ar\/df\/celebran-que-se-incorpore-una-materia-contra-la-violencia-de-genero\/","og_locale":"es_ES","og_type":"article","og_title":"Celebran que se incorpore una materia sobre violencia de g\u00e9nero - Diario Digital Femenino","og_description":"&nbsp; &nbsp; &nbsp; Se trata de un proyecto de ley presentado en el Senado de la provincia de Buenos Aires, que a\u00fan no fue tratado, pero ya despert\u00f3 buenas cr\u00edticas. Desde La Casa del Encuentro dijeron que \u201cesta noticia es muy auspiciosa\u201d, mientras que Grupo Buenos Ayres abog\u00f3 por profundizar en concepciones no-sexistas, de equidad [&hellip;]","og_url":"https:\/\/diariofemenino.com.ar\/df\/celebran-que-se-incorpore-una-materia-contra-la-violencia-de-genero\/","og_site_name":"Diario Digital Femenino","article_publisher":"https:\/\/www.facebook.com\/DiarioDigitaFemenino\/","article_published_time":"2013-02-20T14:53:21+00:00","og_image":[{"url":"http:\/\/www.diariofemenino.com.ar\/wp-content\/uploads\/27150_1.jpg","type":"","width":"","height":""}],"author":"Admin","twitter_card":"summary_large_image","twitter_creator":"@DiarioFemenino1","twitter_site":"@DiarioFemenino1","twitter_misc":{"Escrito por":"Admin","Tiempo de lectura":"3 minutos"},"schema":{"@context":"https:\/\/schema.org","@graph":[{"@type":"Article","@id":"https:\/\/diariofemenino.com.ar\/df\/celebran-que-se-incorpore-una-materia-contra-la-violencia-de-genero\/#article","isPartOf":{"@id":"https:\/\/diariofemenino.com.ar\/df\/celebran-que-se-incorpore-una-materia-contra-la-violencia-de-genero\/"},"author":{"name":"Admin","@id":"https:\/\/diariofemenino.com.ar\/df\/#\/schema\/person\/38f54b3bfd13f561de2460ba95c169c6"},"headline":"Celebran que se incorpore una materia sobre violencia de g\u00e9nero","datePublished":"2013-02-20T14:53:21+00:00","mainEntityOfPage":{"@id":"https:\/\/diariofemenino.com.ar\/df\/celebran-que-se-incorpore-una-materia-contra-la-violencia-de-genero\/"},"wordCount":662,"commentCount":0,"publisher":{"@id":"https:\/\/diariofemenino.com.ar\/df\/#organization"},"image":{"@id":"https:\/\/diariofemenino.com.ar\/df\/celebran-que-se-incorpore-una-materia-contra-la-violencia-de-genero\/#primaryimage"},"thumbnailUrl":"http:\/\/www.diariofemenino.com.ar\/wp-content\/uploads\/27150_1.jpg","articleSection":["Medios","Mujeres Sindicalistas"],"inLanguage":"es","potentialAction":[{"@type":"CommentAction","name":"Comment","target":["https:\/\/diariofemenino.com.ar\/df\/celebran-que-se-incorpore-una-materia-contra-la-violencia-de-genero\/#respond"]}]},{"@type":"WebPage","@id":"https:\/\/diariofemenino.com.ar\/df\/celebran-que-se-incorpore-una-materia-contra-la-violencia-de-genero\/","url":"https:\/\/diariofemenino.com.ar\/df\/celebran-que-se-incorpore-una-materia-contra-la-violencia-de-genero\/","name":"Celebran que se incorpore una materia sobre violencia de g\u00e9nero - Diario Digital Femenino","isPartOf":{"@id":"https:\/\/diariofemenino.com.ar\/df\/#website"},"primaryImageOfPage":{"@id":"https:\/\/diariofemenino.com.ar\/df\/celebran-que-se-incorpore-una-materia-contra-la-violencia-de-genero\/#primaryimage"},"image":{"@id":"https:\/\/diariofemenino.com.ar\/df\/celebran-que-se-incorpore-una-materia-contra-la-violencia-de-genero\/#primaryimage"},"thumbnailUrl":"http:\/\/www.diariofemenino.com.ar\/wp-content\/uploads\/27150_1.jpg","datePublished":"2013-02-20T14:53:21+00:00","breadcrumb":{"@id":"https:\/\/diariofemenino.com.ar\/df\/celebran-que-se-incorpore-una-materia-contra-la-violencia-de-genero\/#breadcrumb"},"inLanguage":"es","potentialAction":[{"@type":"ReadAction","target":["https:\/\/diariofemenino.com.ar\/df\/celebran-que-se-incorpore-una-materia-contra-la-violencia-de-genero\/"]}]},{"@type":"ImageObject","inLanguage":"es","@id":"https:\/\/diariofemenino.com.ar\/df\/celebran-que-se-incorpore-una-materia-contra-la-violencia-de-genero\/#primaryimage","url":"http:\/\/www.diariofemenino.com.ar\/wp-content\/uploads\/27150_1.jpg","contentUrl":"http:\/\/www.diariofemenino.com.ar\/wp-content\/uploads\/27150_1.jpg"},{"@type":"BreadcrumbList","@id":"https:\/\/diariofemenino.com.ar\/df\/celebran-que-se-incorpore-una-materia-contra-la-violencia-de-genero\/#breadcrumb","itemListElement":[{"@type":"ListItem","position":1,"name":"Portada","item":"https:\/\/diariofemenino.com.ar\/df\/"},{"@type":"ListItem","position":2,"name":"Celebran que se incorpore una materia sobre violencia de g\u00e9nero"}]},{"@type":"WebSite","@id":"https:\/\/diariofemenino.com.ar\/df\/#website","url":"https:\/\/diariofemenino.com.ar\/df\/","name":"Diario Digital Femenino","description":"Cuesti\u00f3n de G\u00e9nero","publisher":{"@id":"https:\/\/diariofemenino.com.ar\/df\/#organization"},"potentialAction":[{"@type":"SearchAction","target":{"@type":"EntryPoint","urlTemplate":"https:\/\/diariofemenino.com.ar\/df\/?s={search_term_string}"},"query-input":{"@type":"PropertyValueSpecification","valueRequired":true,"valueName":"search_term_string"}}],"inLanguage":"es"},{"@type":"Organization","@id":"https:\/\/diariofemenino.com.ar\/df\/#organization","name":"Diario Femenino","url":"https:\/\/diariofemenino.com.ar\/df\/","logo":{"@type":"ImageObject","inLanguage":"es","@id":"https:\/\/diariofemenino.com.ar\/df\/#\/schema\/logo\/image\/","url":"https:\/\/diariofemenino.com.ar\/df\/wp-content\/uploads\/2018\/10\/logo.png","contentUrl":"https:\/\/diariofemenino.com.ar\/df\/wp-content\/uploads\/2018\/10\/logo.png","width":500,"height":92,"caption":"Diario Femenino"},"image":{"@id":"https:\/\/diariofemenino.com.ar\/df\/#\/schema\/logo\/image\/"},"sameAs":["https:\/\/www.facebook.com\/DiarioDigitaFemenino\/","https:\/\/x.com\/DiarioFemenino1"]},{"@type":"Person","@id":"https:\/\/diariofemenino.com.ar\/df\/#\/schema\/person\/38f54b3bfd13f561de2460ba95c169c6","name":"Admin","image":{"@type":"ImageObject","inLanguage":"es","@id":"https:\/\/diariofemenino.com.ar\/df\/wp-content\/uploads\/2018\/12\/favicon-150x150.jpg","url":"https:\/\/diariofemenino.com.ar\/df\/wp-content\/uploads\/2018\/12\/favicon-150x150.jpg","contentUrl":"https:\/\/diariofemenino.com.ar\/df\/wp-content\/uploads\/2018\/12\/favicon-150x150.jpg","caption":"Admin"},"url":"https:\/\/diariofemenino.com.ar\/df\/author\/adm18df\/"}]}},"jetpack_featured_media_url":"","jetpack_sharing_enabled":true,"rttpg_featured_image_url":null,"rttpg_author":{"display_name":"Admin","author_link":"https:\/\/diariofemenino.com.ar\/df\/author\/adm18df\/"},"rttpg_comment":0,"rttpg_category":"<a href=\"https:\/\/diariofemenino.com.ar\/df\/category\/medios\/\" rel=\"category tag\">Medios<\/a> <a href=\"https:\/\/diariofemenino.com.ar\/df\/category\/mujeres-sindicalistas\/\" rel=\"category tag\">Mujeres Sindicalistas<\/a>","rttpg_excerpt":"&nbsp; &nbsp; &nbsp; Se trata de un proyecto de ley presentado en el Senado de la provincia de Buenos Aires, que a\u00fan no fue tratado, pero ya despert\u00f3 buenas cr\u00edticas. Desde La Casa del Encuentro dijeron que \u201cesta noticia es muy auspiciosa\u201d, mientras que Grupo Buenos Ayres abog\u00f3 por profundizar en concepciones no-sexistas, de equidad&hellip;","_links":{"self":[{"href":"https:\/\/diariofemenino.com.ar\/df\/wp-json\/wp\/v2\/posts\/5586","targetHints":{"allow":["GET"]}}],"collection":[{"href":"https:\/\/diariofemenino.com.ar\/df\/wp-json\/wp\/v2\/posts"}],"about":[{"href":"https:\/\/diariofemenino.com.ar\/df\/wp-json\/wp\/v2\/types\/post"}],"author":[{"embeddable":true,"href":"https:\/\/diariofemenino.com.ar\/df\/wp-json\/wp\/v2\/users\/1"}],"replies":[{"embeddable":true,"href":"https:\/\/diariofemenino.com.ar\/df\/wp-json\/wp\/v2\/comments?post=5586"}],"version-history":[{"count":0,"href":"https:\/\/diariofemenino.com.ar\/df\/wp-json\/wp\/v2\/posts\/5586\/revisions"}],"wp:attachment":[{"href":"https:\/\/diariofemenino.com.ar\/df\/wp-json\/wp\/v2\/media?parent=5586"}],"wp:term":[{"taxonomy":"category","embeddable":true,"href":"https:\/\/diariofemenino.com.ar\/df\/wp-json\/wp\/v2\/categories?post=5586"},{"taxonomy":"post_tag","embeddable":true,"href":"https:\/\/diariofemenino.com.ar\/df\/wp-json\/wp\/v2\/tags?post=5586"}],"curies":[{"name":"wp","href":"https:\/\/api.w.org\/{rel}","templated":true}]}}