{"id":5573,"date":"2013-02-19T09:19:47","date_gmt":"2013-02-19T12:19:47","guid":{"rendered":"http:\/\/www.diariofemenino.com.ar\/?p=5573"},"modified":"2013-02-19T09:19:47","modified_gmt":"2013-02-19T12:19:47","slug":"congreso-triple-frontera-sobre-trata-de-personas","status":"publish","type":"post","link":"https:\/\/diariofemenino.com.ar\/df\/congreso-triple-frontera-sobre-trata-de-personas\/","title":{"rendered":"\u201cCongreso Triple Frontera Sobre Trata de Personas\u201d"},"content":{"rendered":"<p>&nbsp;<br \/>\n&nbsp;<br \/>\n&nbsp;<br \/>\n<strong>Informar\u00e1n del Congreso sobre la Trata de Personas<\/strong><br \/>\n<a href=\"http:\/\/www.diariofemenino.com.ar\/wp-content\/uploads\/20121107-la-provincia-lanz-una-nueva-herramienta-contra-la-trata-de-personas.jpg\"><img loading=\"lazy\" decoding=\"async\" class=\"alignnone  wp-image-5576\" title=\"20121107-la-provincia-lanz-una-nueva-herramienta-contra-la-trata-de-personas\" src=\"http:\/\/www.diariofemenino.com.ar\/wp-content\/uploads\/20121107-la-provincia-lanz-una-nueva-herramienta-contra-la-trata-de-personas.jpg\" alt=\"\" width=\"500\" height=\"315\" \/><\/a><br \/>\nMisinones 19-o2-2013. Representantes de la ong \u201cV\u00ednculos en red\u201d ofrecer\u00e1n ma\u00f1ana a las 11:15hs \u00a0una conferencia de prensa en el Infogep, para dar una perspectiva de los lineamientos que llevaran a cabo en el encuentro a realizarse en julio, denominado \u201cCongreso Triple Frontera Sobre Trata de Personas\u201d.<\/p>\n<div>La ong \u00abV\u00ednculos en red\u201d, es una organizaci\u00f3n fundada por Alicia Peressutti, una investigadora y \u00a0 luchadora contra el delito de trata y tr\u00e1fico de personas, la cual lleva un sinn\u00famero de libros como \u201cBuscando a Ana\u201d, \u201cD\u00edas de esclavitud\u201d, \u201cDesde las Sombras\u201d \u00a0y tantos otros, en pos de dar a conocer los procedimientos de las redes de tratantes para captar y someter a las mujeres y ni\u00f1as.<\/div>\n<div><\/div>\n<div>Esta Organizaci\u00f3n, adem\u00e1s de potenciar la asistencia y la contenci\u00f3n brinda capacitaciones para sensibilizar a la comunidad sobre el delito, dar a conocer las estrategias tanto de captaci\u00f3n como de sometimiento, lo cual se realiza para que la comunidad pueda reconocer, denunciar y evitar el mismo.<\/div>\n<div><\/div>\n<div>Tambi\u00e9n dicha organizaci\u00f3n manifiesta un gran apoyo \u00a0a la penalizaci\u00f3n de los clientes, puesto que no niegan la responsabilidad social que todos tienen como ciudadanos, y se sostiene que sin clientes no habr\u00eda trata de personas.<\/div>\n<div><\/div>\n<div>Ma\u00f1ana ofrecer\u00e1n una conferencia junto al Departamento de Trata y Tr\u00e1fico de Personas del Ministerio de Derechos Humanos, para dar a conocer los lineamientos b\u00e1sicos del congreso que se realizar\u00e1 en julio \u00a0a llamarse \u201cCongreso Triple Frontera Sobre Trata de Personas\u201d, como primer adelanto del mismo.<\/div>\n<div><\/div>\n<div>Por la gran importancia que tiene la zona fronteriza para la propagaci\u00f3n del delito, vendr\u00e1n disertantes muy reconocidos en la lucha contra la Trata de Personas, para mostrar no s\u00f3lo como se trabaja desde diferentes sitios en la lucha y la sensibilizaci\u00f3n, as\u00ed como la asistencia y los m\u00e9todos de revinculaci\u00f3n social de las v\u00edctimas. Dicha conferencia se realizar\u00e1 en el sexto piso de la Multilateral de Pol\u00edticas Sociales, Santa Catalina 1778.<\/div>\n<div><\/div>\n<div>Desde el departamento de Trata y Tr\u00e1fico de Personas de la Subsecretar\u00eda de Igualdad y Oportunidades de dicho Ministerio, \u00a0se pretende coordinar, junto con otras entidades que tambi\u00e9n bregan en la lucha contra el delito, este congreso para que se ajusten perspectivas de trabajo \u00a0en conjunto con las autoridades, y entes de seguridad, de manera de que Misiones pueda erradicar este delito de ra\u00edz.<\/div>\n<div><\/div>\n<div>En este sentido, este tipo de eventos y congresos permiten no s\u00f3lo el intercambio de m\u00e9todos de trabajo, sino la articulaci\u00f3n con diferentes puntos del pa\u00eds, y de la frontera, que una vez afianzados permiten la mayor interrelaci\u00f3n, y combate de este tipo de problem\u00e1ticas la cual atenta contra todos los derechos de las personas.<\/div>\n<div><\/div>\n<div><\/div>\n<div><\/div>\n<div><\/div>\n<div><\/div>\n","protected":false},"excerpt":{"rendered":"<p>&nbsp; &nbsp; &nbsp; Informar\u00e1n del Congreso sobre la Trata de Personas Misinones 19-o2-2013. Representantes de la ong \u201cV\u00ednculos en red\u201d ofrecer\u00e1n ma\u00f1ana a las 11:15hs \u00a0una conferencia de prensa en el Infogep, para dar una perspectiva de los lineamientos que llevaran a cabo en el encuentro a realizarse en julio, denominado \u201cCongreso Triple Frontera Sobre [&hellip;]<\/p>\n","protected":false},"author":1,"featured_media":0,"comment_status":"open","ping_status":"open","sticky":false,"template":"","format":"standard","meta":{"iawp_total_views":2,"footnotes":""},"categories":[3,4,21,15],"tags":[],"class_list":["post-5573","post","type-post","status-publish","format-standard","hentry","category-de-la-revolucion-al-reaprendizaje","category-medios","category-noticias","category-trata-de-personas"],"nelio_content":{"autoShareEndMode":"never","automationSources":{"useCustomSentences":false,"customSentences":[]},"efiAlt":"","efiUrl":"","followers":[],"highlights":[],"isAutoShareEnabled":true,"networkImageIds":[],"permalinkQueryArgs":[],"series":[],"suggestedReferences":[]},"yoast_head":"<!-- This site is optimized with the Yoast SEO plugin v27.4 - https:\/\/yoast.com\/product\/yoast-seo-wordpress\/ -->\n<title>\u201cCongreso Triple Frontera Sobre Trata de Personas\u201d - Diario Digital Femenino<\/title>\n<meta name=\"robots\" content=\"index, follow, max-snippet:-1, max-image-preview:large, max-video-preview:-1\" \/>\n<link rel=\"canonical\" href=\"https:\/\/diariofemenino.com.ar\/df\/congreso-triple-frontera-sobre-trata-de-personas\/\" \/>\n<meta property=\"og:locale\" content=\"es_ES\" \/>\n<meta property=\"og:type\" content=\"article\" \/>\n<meta property=\"og:title\" content=\"\u201cCongreso Triple Frontera Sobre Trata de Personas\u201d - Diario Digital Femenino\" \/>\n<meta property=\"og:description\" content=\"&nbsp; &nbsp; &nbsp; Informar\u00e1n del Congreso sobre la Trata de Personas Misinones 19-o2-2013. Representantes de la ong \u201cV\u00ednculos en red\u201d ofrecer\u00e1n ma\u00f1ana a las 11:15hs \u00a0una conferencia de prensa en el Infogep, para dar una perspectiva de los lineamientos que llevaran a cabo en el encuentro a realizarse en julio, denominado \u201cCongreso Triple Frontera Sobre [&hellip;]\" \/>\n<meta property=\"og:url\" content=\"https:\/\/diariofemenino.com.ar\/df\/congreso-triple-frontera-sobre-trata-de-personas\/\" \/>\n<meta property=\"og:site_name\" content=\"Diario Digital Femenino\" \/>\n<meta property=\"article:publisher\" content=\"https:\/\/www.facebook.com\/DiarioDigitaFemenino\/\" \/>\n<meta property=\"article:published_time\" content=\"2013-02-19T12:19:47+00:00\" \/>\n<meta property=\"og:image\" content=\"http:\/\/www.diariofemenino.com.ar\/wp-content\/uploads\/20121107-la-provincia-lanz-una-nueva-herramienta-contra-la-trata-de-personas.jpg\" \/>\n<meta name=\"author\" content=\"Admin\" \/>\n<meta name=\"twitter:card\" content=\"summary_large_image\" \/>\n<meta name=\"twitter:creator\" content=\"@DiarioFemenino1\" \/>\n<meta name=\"twitter:site\" content=\"@DiarioFemenino1\" \/>\n<meta name=\"twitter:label1\" content=\"Escrito por\" \/>\n\t<meta name=\"twitter:data1\" content=\"Admin\" \/>\n\t<meta name=\"twitter:label2\" content=\"Tiempo de lectura\" \/>\n\t<meta name=\"twitter:data2\" content=\"2 minutos\" \/>\n<script type=\"application\/ld+json\" class=\"yoast-schema-graph\">{\"@context\":\"https:\\\/\\\/schema.org\",\"@graph\":[{\"@type\":\"Article\",\"@id\":\"https:\\\/\\\/diariofemenino.com.ar\\\/df\\\/congreso-triple-frontera-sobre-trata-de-personas\\\/#article\",\"isPartOf\":{\"@id\":\"https:\\\/\\\/diariofemenino.com.ar\\\/df\\\/congreso-triple-frontera-sobre-trata-de-personas\\\/\"},\"author\":{\"name\":\"Admin\",\"@id\":\"https:\\\/\\\/diariofemenino.com.ar\\\/df\\\/#\\\/schema\\\/person\\\/38f54b3bfd13f561de2460ba95c169c6\"},\"headline\":\"\u201cCongreso Triple Frontera Sobre Trata de Personas\u201d\",\"datePublished\":\"2013-02-19T12:19:47+00:00\",\"mainEntityOfPage\":{\"@id\":\"https:\\\/\\\/diariofemenino.com.ar\\\/df\\\/congreso-triple-frontera-sobre-trata-de-personas\\\/\"},\"wordCount\":491,\"commentCount\":0,\"publisher\":{\"@id\":\"https:\\\/\\\/diariofemenino.com.ar\\\/df\\\/#organization\"},\"image\":{\"@id\":\"https:\\\/\\\/diariofemenino.com.ar\\\/df\\\/congreso-triple-frontera-sobre-trata-de-personas\\\/#primaryimage\"},\"thumbnailUrl\":\"http:\\\/\\\/www.diariofemenino.com.ar\\\/wp-content\\\/uploads\\\/20121107-la-provincia-lanz-una-nueva-herramienta-contra-la-trata-de-personas.jpg\",\"articleSection\":[\"De la Revoluci\u00f3n al Reaprendizaje\",\"Medios\",\"Noticias\",\"Trata de Pers.\"],\"inLanguage\":\"es\",\"potentialAction\":[{\"@type\":\"CommentAction\",\"name\":\"Comment\",\"target\":[\"https:\\\/\\\/diariofemenino.com.ar\\\/df\\\/congreso-triple-frontera-sobre-trata-de-personas\\\/#respond\"]}]},{\"@type\":\"WebPage\",\"@id\":\"https:\\\/\\\/diariofemenino.com.ar\\\/df\\\/congreso-triple-frontera-sobre-trata-de-personas\\\/\",\"url\":\"https:\\\/\\\/diariofemenino.com.ar\\\/df\\\/congreso-triple-frontera-sobre-trata-de-personas\\\/\",\"name\":\"\u201cCongreso Triple Frontera Sobre Trata de Personas\u201d - Diario Digital Femenino\",\"isPartOf\":{\"@id\":\"https:\\\/\\\/diariofemenino.com.ar\\\/df\\\/#website\"},\"primaryImageOfPage\":{\"@id\":\"https:\\\/\\\/diariofemenino.com.ar\\\/df\\\/congreso-triple-frontera-sobre-trata-de-personas\\\/#primaryimage\"},\"image\":{\"@id\":\"https:\\\/\\\/diariofemenino.com.ar\\\/df\\\/congreso-triple-frontera-sobre-trata-de-personas\\\/#primaryimage\"},\"thumbnailUrl\":\"http:\\\/\\\/www.diariofemenino.com.ar\\\/wp-content\\\/uploads\\\/20121107-la-provincia-lanz-una-nueva-herramienta-contra-la-trata-de-personas.jpg\",\"datePublished\":\"2013-02-19T12:19:47+00:00\",\"breadcrumb\":{\"@id\":\"https:\\\/\\\/diariofemenino.com.ar\\\/df\\\/congreso-triple-frontera-sobre-trata-de-personas\\\/#breadcrumb\"},\"inLanguage\":\"es\",\"potentialAction\":[{\"@type\":\"ReadAction\",\"target\":[\"https:\\\/\\\/diariofemenino.com.ar\\\/df\\\/congreso-triple-frontera-sobre-trata-de-personas\\\/\"]}]},{\"@type\":\"ImageObject\",\"inLanguage\":\"es\",\"@id\":\"https:\\\/\\\/diariofemenino.com.ar\\\/df\\\/congreso-triple-frontera-sobre-trata-de-personas\\\/#primaryimage\",\"url\":\"http:\\\/\\\/www.diariofemenino.com.ar\\\/wp-content\\\/uploads\\\/20121107-la-provincia-lanz-una-nueva-herramienta-contra-la-trata-de-personas.jpg\",\"contentUrl\":\"http:\\\/\\\/www.diariofemenino.com.ar\\\/wp-content\\\/uploads\\\/20121107-la-provincia-lanz-una-nueva-herramienta-contra-la-trata-de-personas.jpg\"},{\"@type\":\"BreadcrumbList\",\"@id\":\"https:\\\/\\\/diariofemenino.com.ar\\\/df\\\/congreso-triple-frontera-sobre-trata-de-personas\\\/#breadcrumb\",\"itemListElement\":[{\"@type\":\"ListItem\",\"position\":1,\"name\":\"Portada\",\"item\":\"https:\\\/\\\/diariofemenino.com.ar\\\/df\\\/\"},{\"@type\":\"ListItem\",\"position\":2,\"name\":\"\u201cCongreso Triple Frontera Sobre Trata de Personas\u201d\"}]},{\"@type\":\"WebSite\",\"@id\":\"https:\\\/\\\/diariofemenino.com.ar\\\/df\\\/#website\",\"url\":\"https:\\\/\\\/diariofemenino.com.ar\\\/df\\\/\",\"name\":\"Diario Digital Femenino\",\"description\":\"Cuesti\u00f3n de G\u00e9nero\",\"publisher\":{\"@id\":\"https:\\\/\\\/diariofemenino.com.ar\\\/df\\\/#organization\"},\"potentialAction\":[{\"@type\":\"SearchAction\",\"target\":{\"@type\":\"EntryPoint\",\"urlTemplate\":\"https:\\\/\\\/diariofemenino.com.ar\\\/df\\\/?s={search_term_string}\"},\"query-input\":{\"@type\":\"PropertyValueSpecification\",\"valueRequired\":true,\"valueName\":\"search_term_string\"}}],\"inLanguage\":\"es\"},{\"@type\":\"Organization\",\"@id\":\"https:\\\/\\\/diariofemenino.com.ar\\\/df\\\/#organization\",\"name\":\"Diario Femenino\",\"url\":\"https:\\\/\\\/diariofemenino.com.ar\\\/df\\\/\",\"logo\":{\"@type\":\"ImageObject\",\"inLanguage\":\"es\",\"@id\":\"https:\\\/\\\/diariofemenino.com.ar\\\/df\\\/#\\\/schema\\\/logo\\\/image\\\/\",\"url\":\"https:\\\/\\\/diariofemenino.com.ar\\\/df\\\/wp-content\\\/uploads\\\/2018\\\/10\\\/logo.png\",\"contentUrl\":\"https:\\\/\\\/diariofemenino.com.ar\\\/df\\\/wp-content\\\/uploads\\\/2018\\\/10\\\/logo.png\",\"width\":500,\"height\":92,\"caption\":\"Diario Femenino\"},\"image\":{\"@id\":\"https:\\\/\\\/diariofemenino.com.ar\\\/df\\\/#\\\/schema\\\/logo\\\/image\\\/\"},\"sameAs\":[\"https:\\\/\\\/www.facebook.com\\\/DiarioDigitaFemenino\\\/\",\"https:\\\/\\\/x.com\\\/DiarioFemenino1\"]},{\"@type\":\"Person\",\"@id\":\"https:\\\/\\\/diariofemenino.com.ar\\\/df\\\/#\\\/schema\\\/person\\\/38f54b3bfd13f561de2460ba95c169c6\",\"name\":\"Admin\",\"image\":{\"@type\":\"ImageObject\",\"inLanguage\":\"es\",\"@id\":\"https:\\\/\\\/diariofemenino.com.ar\\\/df\\\/wp-content\\\/uploads\\\/2018\\\/12\\\/favicon-150x150.jpg\",\"url\":\"https:\\\/\\\/diariofemenino.com.ar\\\/df\\\/wp-content\\\/uploads\\\/2018\\\/12\\\/favicon-150x150.jpg\",\"contentUrl\":\"https:\\\/\\\/diariofemenino.com.ar\\\/df\\\/wp-content\\\/uploads\\\/2018\\\/12\\\/favicon-150x150.jpg\",\"caption\":\"Admin\"},\"url\":\"https:\\\/\\\/diariofemenino.com.ar\\\/df\\\/author\\\/adm18df\\\/\"}]}<\/script>\n<!-- \/ Yoast SEO plugin. -->","yoast_head_json":{"title":"\u201cCongreso Triple Frontera Sobre Trata de Personas\u201d - Diario Digital Femenino","robots":{"index":"index","follow":"follow","max-snippet":"max-snippet:-1","max-image-preview":"max-image-preview:large","max-video-preview":"max-video-preview:-1"},"canonical":"https:\/\/diariofemenino.com.ar\/df\/congreso-triple-frontera-sobre-trata-de-personas\/","og_locale":"es_ES","og_type":"article","og_title":"\u201cCongreso Triple Frontera Sobre Trata de Personas\u201d - Diario Digital Femenino","og_description":"&nbsp; &nbsp; &nbsp; Informar\u00e1n del Congreso sobre la Trata de Personas Misinones 19-o2-2013. Representantes de la ong \u201cV\u00ednculos en red\u201d ofrecer\u00e1n ma\u00f1ana a las 11:15hs \u00a0una conferencia de prensa en el Infogep, para dar una perspectiva de los lineamientos que llevaran a cabo en el encuentro a realizarse en julio, denominado \u201cCongreso Triple Frontera Sobre [&hellip;]","og_url":"https:\/\/diariofemenino.com.ar\/df\/congreso-triple-frontera-sobre-trata-de-personas\/","og_site_name":"Diario Digital Femenino","article_publisher":"https:\/\/www.facebook.com\/DiarioDigitaFemenino\/","article_published_time":"2013-02-19T12:19:47+00:00","og_image":[{"url":"http:\/\/www.diariofemenino.com.ar\/wp-content\/uploads\/20121107-la-provincia-lanz-una-nueva-herramienta-contra-la-trata-de-personas.jpg","type":"","width":"","height":""}],"author":"Admin","twitter_card":"summary_large_image","twitter_creator":"@DiarioFemenino1","twitter_site":"@DiarioFemenino1","twitter_misc":{"Escrito por":"Admin","Tiempo de lectura":"2 minutos"},"schema":{"@context":"https:\/\/schema.org","@graph":[{"@type":"Article","@id":"https:\/\/diariofemenino.com.ar\/df\/congreso-triple-frontera-sobre-trata-de-personas\/#article","isPartOf":{"@id":"https:\/\/diariofemenino.com.ar\/df\/congreso-triple-frontera-sobre-trata-de-personas\/"},"author":{"name":"Admin","@id":"https:\/\/diariofemenino.com.ar\/df\/#\/schema\/person\/38f54b3bfd13f561de2460ba95c169c6"},"headline":"\u201cCongreso Triple Frontera Sobre Trata de Personas\u201d","datePublished":"2013-02-19T12:19:47+00:00","mainEntityOfPage":{"@id":"https:\/\/diariofemenino.com.ar\/df\/congreso-triple-frontera-sobre-trata-de-personas\/"},"wordCount":491,"commentCount":0,"publisher":{"@id":"https:\/\/diariofemenino.com.ar\/df\/#organization"},"image":{"@id":"https:\/\/diariofemenino.com.ar\/df\/congreso-triple-frontera-sobre-trata-de-personas\/#primaryimage"},"thumbnailUrl":"http:\/\/www.diariofemenino.com.ar\/wp-content\/uploads\/20121107-la-provincia-lanz-una-nueva-herramienta-contra-la-trata-de-personas.jpg","articleSection":["De la Revoluci\u00f3n al Reaprendizaje","Medios","Noticias","Trata de Pers."],"inLanguage":"es","potentialAction":[{"@type":"CommentAction","name":"Comment","target":["https:\/\/diariofemenino.com.ar\/df\/congreso-triple-frontera-sobre-trata-de-personas\/#respond"]}]},{"@type":"WebPage","@id":"https:\/\/diariofemenino.com.ar\/df\/congreso-triple-frontera-sobre-trata-de-personas\/","url":"https:\/\/diariofemenino.com.ar\/df\/congreso-triple-frontera-sobre-trata-de-personas\/","name":"\u201cCongreso Triple Frontera Sobre Trata de Personas\u201d - Diario Digital Femenino","isPartOf":{"@id":"https:\/\/diariofemenino.com.ar\/df\/#website"},"primaryImageOfPage":{"@id":"https:\/\/diariofemenino.com.ar\/df\/congreso-triple-frontera-sobre-trata-de-personas\/#primaryimage"},"image":{"@id":"https:\/\/diariofemenino.com.ar\/df\/congreso-triple-frontera-sobre-trata-de-personas\/#primaryimage"},"thumbnailUrl":"http:\/\/www.diariofemenino.com.ar\/wp-content\/uploads\/20121107-la-provincia-lanz-una-nueva-herramienta-contra-la-trata-de-personas.jpg","datePublished":"2013-02-19T12:19:47+00:00","breadcrumb":{"@id":"https:\/\/diariofemenino.com.ar\/df\/congreso-triple-frontera-sobre-trata-de-personas\/#breadcrumb"},"inLanguage":"es","potentialAction":[{"@type":"ReadAction","target":["https:\/\/diariofemenino.com.ar\/df\/congreso-triple-frontera-sobre-trata-de-personas\/"]}]},{"@type":"ImageObject","inLanguage":"es","@id":"https:\/\/diariofemenino.com.ar\/df\/congreso-triple-frontera-sobre-trata-de-personas\/#primaryimage","url":"http:\/\/www.diariofemenino.com.ar\/wp-content\/uploads\/20121107-la-provincia-lanz-una-nueva-herramienta-contra-la-trata-de-personas.jpg","contentUrl":"http:\/\/www.diariofemenino.com.ar\/wp-content\/uploads\/20121107-la-provincia-lanz-una-nueva-herramienta-contra-la-trata-de-personas.jpg"},{"@type":"BreadcrumbList","@id":"https:\/\/diariofemenino.com.ar\/df\/congreso-triple-frontera-sobre-trata-de-personas\/#breadcrumb","itemListElement":[{"@type":"ListItem","position":1,"name":"Portada","item":"https:\/\/diariofemenino.com.ar\/df\/"},{"@type":"ListItem","position":2,"name":"\u201cCongreso Triple Frontera Sobre Trata de Personas\u201d"}]},{"@type":"WebSite","@id":"https:\/\/diariofemenino.com.ar\/df\/#website","url":"https:\/\/diariofemenino.com.ar\/df\/","name":"Diario Digital Femenino","description":"Cuesti\u00f3n de G\u00e9nero","publisher":{"@id":"https:\/\/diariofemenino.com.ar\/df\/#organization"},"potentialAction":[{"@type":"SearchAction","target":{"@type":"EntryPoint","urlTemplate":"https:\/\/diariofemenino.com.ar\/df\/?s={search_term_string}"},"query-input":{"@type":"PropertyValueSpecification","valueRequired":true,"valueName":"search_term_string"}}],"inLanguage":"es"},{"@type":"Organization","@id":"https:\/\/diariofemenino.com.ar\/df\/#organization","name":"Diario Femenino","url":"https:\/\/diariofemenino.com.ar\/df\/","logo":{"@type":"ImageObject","inLanguage":"es","@id":"https:\/\/diariofemenino.com.ar\/df\/#\/schema\/logo\/image\/","url":"https:\/\/diariofemenino.com.ar\/df\/wp-content\/uploads\/2018\/10\/logo.png","contentUrl":"https:\/\/diariofemenino.com.ar\/df\/wp-content\/uploads\/2018\/10\/logo.png","width":500,"height":92,"caption":"Diario Femenino"},"image":{"@id":"https:\/\/diariofemenino.com.ar\/df\/#\/schema\/logo\/image\/"},"sameAs":["https:\/\/www.facebook.com\/DiarioDigitaFemenino\/","https:\/\/x.com\/DiarioFemenino1"]},{"@type":"Person","@id":"https:\/\/diariofemenino.com.ar\/df\/#\/schema\/person\/38f54b3bfd13f561de2460ba95c169c6","name":"Admin","image":{"@type":"ImageObject","inLanguage":"es","@id":"https:\/\/diariofemenino.com.ar\/df\/wp-content\/uploads\/2018\/12\/favicon-150x150.jpg","url":"https:\/\/diariofemenino.com.ar\/df\/wp-content\/uploads\/2018\/12\/favicon-150x150.jpg","contentUrl":"https:\/\/diariofemenino.com.ar\/df\/wp-content\/uploads\/2018\/12\/favicon-150x150.jpg","caption":"Admin"},"url":"https:\/\/diariofemenino.com.ar\/df\/author\/adm18df\/"}]}},"jetpack_featured_media_url":"","jetpack_sharing_enabled":true,"rttpg_featured_image_url":null,"rttpg_author":{"display_name":"Admin","author_link":"https:\/\/diariofemenino.com.ar\/df\/author\/adm18df\/"},"rttpg_comment":0,"rttpg_category":"<a href=\"https:\/\/diariofemenino.com.ar\/df\/category\/de-la-revolucion-al-reaprendizaje\/\" rel=\"category tag\">De la Revoluci\u00f3n al Reaprendizaje<\/a> <a href=\"https:\/\/diariofemenino.com.ar\/df\/category\/medios\/\" rel=\"category tag\">Medios<\/a> <a href=\"https:\/\/diariofemenino.com.ar\/df\/category\/noticias\/\" rel=\"category tag\">Noticias<\/a> <a href=\"https:\/\/diariofemenino.com.ar\/df\/category\/trata-de-personas\/\" rel=\"category tag\">Trata de Pers.<\/a>","rttpg_excerpt":"&nbsp; &nbsp; &nbsp; Informar\u00e1n del Congreso sobre la Trata de Personas Misinones 19-o2-2013. Representantes de la ong \u201cV\u00ednculos en red\u201d ofrecer\u00e1n ma\u00f1ana a las 11:15hs \u00a0una conferencia de prensa en el Infogep, para dar una perspectiva de los lineamientos que llevaran a cabo en el encuentro a realizarse en julio, denominado \u201cCongreso Triple Frontera Sobre&hellip;","_links":{"self":[{"href":"https:\/\/diariofemenino.com.ar\/df\/wp-json\/wp\/v2\/posts\/5573","targetHints":{"allow":["GET"]}}],"collection":[{"href":"https:\/\/diariofemenino.com.ar\/df\/wp-json\/wp\/v2\/posts"}],"about":[{"href":"https:\/\/diariofemenino.com.ar\/df\/wp-json\/wp\/v2\/types\/post"}],"author":[{"embeddable":true,"href":"https:\/\/diariofemenino.com.ar\/df\/wp-json\/wp\/v2\/users\/1"}],"replies":[{"embeddable":true,"href":"https:\/\/diariofemenino.com.ar\/df\/wp-json\/wp\/v2\/comments?post=5573"}],"version-history":[{"count":0,"href":"https:\/\/diariofemenino.com.ar\/df\/wp-json\/wp\/v2\/posts\/5573\/revisions"}],"wp:attachment":[{"href":"https:\/\/diariofemenino.com.ar\/df\/wp-json\/wp\/v2\/media?parent=5573"}],"wp:term":[{"taxonomy":"category","embeddable":true,"href":"https:\/\/diariofemenino.com.ar\/df\/wp-json\/wp\/v2\/categories?post=5573"},{"taxonomy":"post_tag","embeddable":true,"href":"https:\/\/diariofemenino.com.ar\/df\/wp-json\/wp\/v2\/tags?post=5573"}],"curies":[{"name":"wp","href":"https:\/\/api.w.org\/{rel}","templated":true}]}}