{"id":55716,"date":"2021-02-06T07:51:47","date_gmt":"2021-02-06T10:51:47","guid":{"rendered":"https:\/\/diariofemenino.com.ar\/?p=55716"},"modified":"2021-02-06T07:51:47","modified_gmt":"2021-02-06T10:51:47","slug":"ive-31-abortos-en-la-primera-semana-de-vigencia-de-la-ley","status":"publish","type":"post","link":"https:\/\/diariofemenino.com.ar\/df\/ive-31-abortos-en-la-primera-semana-de-vigencia-de-la-ley\/","title":{"rendered":"IVE: 31 abortos en la primera semana de vigencia de la ley"},"content":{"rendered":"<p>La cifra da cuenta de las pr\u00e1cticas clandestinas que se hac\u00edan antes de la ley.<\/p>\n<p>Durante la primera semana desde la reglamentaci\u00f3n de la Ley de Interrupci\u00f3n Voluntaria del Embarazo (<a href=\"https:\/\/diariofemenino.com.ar\/la-ive-es-ley\/\">IVE<\/a>), se registraron 29 solicitudes y se realizaron 31 interrupciones, precis\u00f3 Laura Soto, referente del Programa de Salud Sexual en La Pampa.<\/p>\n<figure id=\"attachment_55719\" aria-describedby=\"caption-attachment-55719\" style=\"width: 900px\" class=\"wp-caption aligncenter\"><img loading=\"lazy\" decoding=\"async\" class=\"size-large wp-image-55719\" src=\"https:\/\/diariofemenino.com.ar\/df\/wp-content\/uploads\/2021\/02\/aborto-1280x720-1024x576.jpg\" alt=\"IVE: 31 abortos en la primera semana de vigencia de la ley\" width=\"900\" height=\"506\" srcset=\"https:\/\/diariofemenino.com.ar\/df\/wp-content\/uploads\/2021\/02\/aborto-1280x720-1024x576.jpg 1024w, https:\/\/diariofemenino.com.ar\/df\/wp-content\/uploads\/2021\/02\/aborto-1280x720-300x169.jpg 300w, https:\/\/diariofemenino.com.ar\/df\/wp-content\/uploads\/2021\/02\/aborto-1280x720-768x432.jpg 768w, https:\/\/diariofemenino.com.ar\/df\/wp-content\/uploads\/2021\/02\/aborto-1280x720.jpg 1280w\" sizes=\"auto, (max-width: 900px) 100vw, 900px\" \/><figcaption id=\"caption-attachment-55719\" class=\"wp-caption-text\">IVE: 31 abortos en la primera semana de vigencia de la ley<\/figcaption><\/figure>\n<p>Soto le dijo ayer a <a href=\"http:\/\/www.laarena.com.ar\/la_pampa-ive-31-abortos-en-la-primera-semana-de-vigencia-de-la-ley-2156878-163.html\">LA ARENA<\/a> que \u00ablos datos que tenemos desde que se implement\u00f3 la IVE son de la primera semana. Tuvimos 29 solicitudes de IVE y 31 interrupciones. De estas 31 interrupciones, seguramente la mayor\u00eda ten\u00edan prevista una Interrupci\u00f3n Legal del Embarazo (ILE), y con el cambio de la normativa, fueron incluidas dentro de la IVE, pero no creo que de las 29 solicitudes se haya alcanzado a realizar ninguna\u00bb.<\/p>\n<p>Respecto de la solicitud para la pr\u00e1ctica de una IVE, Soto explic\u00f3 que \u00abla persona se acerca al centro de salud y refiere que desea la IVE. Cuando expresa la voluntad de interrumpir, se tiene que hacer una ecograf\u00eda y un an\u00e1lisis de laboratorio. Acorde a la edad gestacional, si el embarazo es de 4 \u00f3 5 semanas por ejemplo, se debe esperar, porque la interrupci\u00f3n se debe realizar entre las 7 u 8 semanas para que el tratamiento medicamentoso sea m\u00e1s exitoso\u00bb.<\/p>\n<p>\u00abDe las 29 solicitudes, quiz\u00e1s alguna tuvo que resolverse en esa primera semana, por la edad gestacional, pero mayormente se trat\u00f3 de resoluciones de pacientes que entraron con causales con ILE y con la ley pasaron a ser IVE. Seguramente esas 29 solicitudes no son de las mismas que las de las 31 resoluciones, y si hay alguna ha sido un caso muy puntual\u00bb, a\u00f1adi\u00f3.<\/p>\n<p>Estad\u00edstica.<br \/>\nConsultada por una comparaci\u00f3n entre las IVE realizadas durante la primera semana, y las ILE que ya se realizaban en la provincia, Soto se\u00f1al\u00f3 que \u00abse llevaba una estad\u00edstica mensual, las comparativas las podr\u00edamos hacer reci\u00e9n a fin de febrero, que estuvo vigente la ley, en constaste con febrero del a\u00f1o pasado o enero de este a\u00f1o\u00bb.<\/p>\n<p>Finalmente, se\u00f1al\u00f3 que \u00abla IVE se realiza para todo el territorio de la Rep\u00fablica Argentina, independientemente del \u00e1mbito, y puede desarrollarse en centros asistenciales p\u00fablicos y privados. Si bien en la provincia no tengo los datos de las que se puedan haber realizado en centros privados, yo asumo que s\u00ed han comenzado a realizarse, porque esta semana ya sali\u00f3 que el Sempre cubri\u00f3 el primer tratamiento con Misoprostol, as\u00ed que debe haber sido una paciente atendida en el \u00e1mbito privado, pero no tenemos los datos certeros de los privados a\u00fan\u00bb, concluy\u00f3.<\/p>\n<p>Alcances.<br \/>\nJustamente, durante esta semana, el Ministerio de Salud present\u00f3 los alcances de la Ley de IVE a los equipos de la Provincia. La ley regula el acceso a la Interrupci\u00f3n Voluntaria del Embarazo (IVE) hasta las 14 semanas inclusive y a la interrupci\u00f3n legal por causales a partir de las 15 semanas. Para esta actividad se convocaron a todos los efectores de Salud de la Provincia a trav\u00e9s de una reuni\u00f3n v\u00eda Zoom, para trabajar sobre la implementaci\u00f3n de la ley sancionada a partir del 24 de enero de 2021.<\/p>\n<p>El encuentro se desarroll\u00f3 en el auditorio del Ministerio de Salud con la participaci\u00f3n del ministro de Salud, Rub\u00e9n Kohan, el subsecretario del \u00e1rea, Gustavo Vera, la directora de Maternidad e Infancia, Cinthia Jacovi, la directora de Asistencia Social y Comunitaria, Cintia Zalabardo y las referentes de los programas de Salud Sexual, Laura Soto; y de Adolescencia, Noelia Davini.<\/p>\n<p>Juez rechaz\u00f3 medida contra la IVE en Corrientes<br \/>\nUn juez de Corrientes rechaz\u00f3 ayer un recurso presentado por el partido Ciudadanos a Gobernar para que se declare la inconstitucionalidad de la Ley 27.610 de interrupci\u00f3n voluntaria del embarazo, tras considerar que la acci\u00f3n promovida resulta \u0093inadmisible\u0094, dijeron fuentes judiciales. El juez de Ejecuci\u00f3n Tributaria de Corrientes, Alejandro Aquino Britos, rechaz\u00f3 con ese argumento la acci\u00f3n impulsada por el dirigente Eduardo Achitte, del mencionado partido provincial.<br \/>\nLa causa ingres\u00f3 como \u00abmedida autosatisfactiva\u00bb al Juzgado de Ejecuci\u00f3n Tributaria bajo la caratula \u00abPartido Ciudadanos a Gobernar Distrito Corrientes C\/ Gobierno de la provincia de Corrientes y Ministerio de Salud Publica de Corrientes \/ Amparo\u00bb.<\/p>\n<p>Inadmisible.<br \/>\nEl juez Aquino Britos consider\u00f3 que los presupuestos (o requisitos) necesarios de esa medida no se cumpl\u00edan en el presente caso. Analiz\u00f3 la admisibilidad o inadmisibilidad de la pretensi\u00f3n y, en ese sentido, indic\u00f3 que no surg\u00eda de modo flagrante la arbitrariedad o ilegalidad. Agreg\u00f3 que \u00abla determinaci\u00f3n de la eventual invalidez del acto requer\u00eda una mayor amplitud de debate y prueba, que no constaban en este caso\u00bb. El magistrado fundament\u00f3 que la \u00abparte\u00bb debe demostrar la existencia de un inter\u00e9s jur\u00eddico suficiente o que los agravios expresados la afecten de manera suficientemente directa o sustancial\u00bb. \u00abEl inter\u00e9s jur\u00eddico eventualmente estar\u00e1 en cabeza de cada una de las mujeres y personas con otras identidades de g\u00e9nero con capacidad de gestar o no, de acuerdo a sus convicciones\u00bb, remarc\u00f3.<\/p>\n<p>La presentaci\u00f3n del partido Ciudadanos a Gobernar hab\u00eda generado m\u00faltiples reacciones en legisladores y colectivos feministas correntinos. El Colectivo de Mujeres Organizadas repudi\u00f3 ayer en un documento \u00abel intento de obstaculizaci\u00f3n del acceso a la ley de interrupci\u00f3n del embarazo\u00bb en la provincia, por parte de \u00abun partido pol\u00edtico sin representaci\u00f3n alguna\u00bb. (<a href=\"https:\/\/www.telam.com.ar\/\">T\u00e9lam<\/a>)<\/p>\n<p><img loading=\"lazy\" decoding=\"async\" class=\"aligncenter size-full wp-image-55720\" src=\"https:\/\/diariofemenino.com.ar\/df\/wp-content\/uploads\/2021\/02\/05-Abortoe94ee55c.jpg\" alt=\"\" width=\"900\" height=\"600\" srcset=\"https:\/\/diariofemenino.com.ar\/df\/wp-content\/uploads\/2021\/02\/05-Abortoe94ee55c.jpg 900w, https:\/\/diariofemenino.com.ar\/df\/wp-content\/uploads\/2021\/02\/05-Abortoe94ee55c-300x200.jpg 300w, https:\/\/diariofemenino.com.ar\/df\/wp-content\/uploads\/2021\/02\/05-Abortoe94ee55c-768x512.jpg 768w\" sizes=\"auto, (max-width: 900px) 100vw, 900px\" \/><\/p>\n<p>&nbsp;<\/p>\n<p><a href=\"https:\/\/diariofemenino.com.ar\/\">Diario Digital Femenino<\/a><\/p>\n","protected":false},"excerpt":{"rendered":"<p>La cifra da cuenta de las pr\u00e1cticas clandestinas que se hac\u00edan antes de la ley. Durante la primera semana desde la reglamentaci\u00f3n de la Ley de Interrupci\u00f3n Voluntaria del Embarazo (IVE), se registraron 29 solicitudes y se realizaron 31 interrupciones, precis\u00f3 Laura Soto, referente del Programa de Salud Sexual en La Pampa. Soto le dijo [&hellip;]<\/p>\n","protected":false},"author":4,"featured_media":55717,"comment_status":"open","ping_status":"open","sticky":false,"template":"","format":"standard","meta":{"iawp_total_views":4,"footnotes":""},"categories":[1],"tags":[4089,1483,439],"class_list":["post-55716","post","type-post","status-publish","format-standard","has-post-thumbnail","hentry","category-uncategorized","tag-cifras","tag-ive","tag-la-pampa"],"nelio_content":{"autoShareEndMode":"never","automationSources":{"useCustomSentences":false,"customSentences":[]},"efiAlt":"","efiUrl":"","followers":[4],"highlights":[],"isAutoShareEnabled":true,"networkImageIds":[],"permalinkQueryArgs":[],"series":[],"suggestedReferences":[]},"yoast_head":"<!-- This site is optimized with the Yoast SEO plugin v27.5 - https:\/\/yoast.com\/product\/yoast-seo-wordpress\/ -->\n<title>IVE: 31 abortos en la primera semana de vigencia de la ley - Diario Digital Femenino<\/title>\n<meta name=\"description\" content=\"IVE: 31 abortos desde la sanci\u00f3n de la ley. La cifra da cuenta de las pr\u00e1cticas clandestinas que se hac\u00edan antes de la ley\" \/>\n<meta name=\"robots\" content=\"index, follow, max-snippet:-1, max-image-preview:large, max-video-preview:-1\" \/>\n<link rel=\"canonical\" href=\"https:\/\/diariofemenino.com.ar\/df\/ive-31-abortos-en-la-primera-semana-de-vigencia-de-la-ley\/\" \/>\n<meta property=\"og:locale\" content=\"es_ES\" \/>\n<meta property=\"og:type\" content=\"article\" \/>\n<meta property=\"og:title\" content=\"IVE: 31 abortos en la primera semana de vigencia de la ley - Diario Digital Femenino\" \/>\n<meta property=\"og:description\" content=\"IVE: 31 abortos desde la sanci\u00f3n de la ley. La cifra da cuenta de las pr\u00e1cticas clandestinas que se hac\u00edan antes de la ley\" \/>\n<meta property=\"og:url\" content=\"https:\/\/diariofemenino.com.ar\/df\/ive-31-abortos-en-la-primera-semana-de-vigencia-de-la-ley\/\" \/>\n<meta property=\"og:site_name\" content=\"Diario Digital Femenino\" \/>\n<meta property=\"article:publisher\" content=\"https:\/\/www.facebook.com\/DiarioDigitaFemenino\/\" \/>\n<meta property=\"article:published_time\" content=\"2021-02-06T10:51:47+00:00\" \/>\n<meta property=\"og:image\" content=\"https:\/\/diariofemenino.com.ar\/df\/wp-content\/uploads\/2021\/02\/04-ive0950f412.jpg\" \/>\n\t<meta property=\"og:image:width\" content=\"900\" \/>\n\t<meta property=\"og:image:height\" content=\"583\" \/>\n\t<meta property=\"og:image:type\" content=\"image\/jpeg\" \/>\n<meta name=\"author\" content=\"Admin\" \/>\n<meta name=\"twitter:card\" content=\"summary_large_image\" \/>\n<meta name=\"twitter:creator\" content=\"@DiarioFemenino1\" \/>\n<meta name=\"twitter:site\" content=\"@DiarioFemenino1\" \/>\n<meta name=\"twitter:label1\" content=\"Escrito por\" \/>\n\t<meta name=\"twitter:data1\" content=\"Admin\" \/>\n\t<meta name=\"twitter:label2\" content=\"Tiempo de lectura\" \/>\n\t<meta name=\"twitter:data2\" content=\"5 minutos\" \/>\n<script type=\"application\/ld+json\" class=\"yoast-schema-graph\">{\"@context\":\"https:\\\/\\\/schema.org\",\"@graph\":[{\"@type\":\"Article\",\"@id\":\"https:\\\/\\\/diariofemenino.com.ar\\\/df\\\/ive-31-abortos-en-la-primera-semana-de-vigencia-de-la-ley\\\/#article\",\"isPartOf\":{\"@id\":\"https:\\\/\\\/diariofemenino.com.ar\\\/df\\\/ive-31-abortos-en-la-primera-semana-de-vigencia-de-la-ley\\\/\"},\"author\":{\"name\":\"Admin\",\"@id\":\"https:\\\/\\\/diariofemenino.com.ar\\\/df\\\/#\\\/schema\\\/person\\\/bf6199e8158c657ea6f789b11ec85509\"},\"headline\":\"IVE: 31 abortos en la primera semana de vigencia de la ley\",\"datePublished\":\"2021-02-06T10:51:47+00:00\",\"mainEntityOfPage\":{\"@id\":\"https:\\\/\\\/diariofemenino.com.ar\\\/df\\\/ive-31-abortos-en-la-primera-semana-de-vigencia-de-la-ley\\\/\"},\"wordCount\":935,\"commentCount\":0,\"publisher\":{\"@id\":\"https:\\\/\\\/diariofemenino.com.ar\\\/df\\\/#organization\"},\"image\":{\"@id\":\"https:\\\/\\\/diariofemenino.com.ar\\\/df\\\/ive-31-abortos-en-la-primera-semana-de-vigencia-de-la-ley\\\/#primaryimage\"},\"thumbnailUrl\":\"https:\\\/\\\/diariofemenino.com.ar\\\/df\\\/wp-content\\\/uploads\\\/2021\\\/02\\\/04-ive0950f412.jpg\",\"keywords\":[\"Cifras\",\"IVE\",\"La Pampa\"],\"articleSection\":[\"Uncategorized\"],\"inLanguage\":\"es\",\"potentialAction\":[{\"@type\":\"CommentAction\",\"name\":\"Comment\",\"target\":[\"https:\\\/\\\/diariofemenino.com.ar\\\/df\\\/ive-31-abortos-en-la-primera-semana-de-vigencia-de-la-ley\\\/#respond\"]}]},{\"@type\":\"WebPage\",\"@id\":\"https:\\\/\\\/diariofemenino.com.ar\\\/df\\\/ive-31-abortos-en-la-primera-semana-de-vigencia-de-la-ley\\\/\",\"url\":\"https:\\\/\\\/diariofemenino.com.ar\\\/df\\\/ive-31-abortos-en-la-primera-semana-de-vigencia-de-la-ley\\\/\",\"name\":\"IVE: 31 abortos en la primera semana de vigencia de la ley - Diario Digital Femenino\",\"isPartOf\":{\"@id\":\"https:\\\/\\\/diariofemenino.com.ar\\\/df\\\/#website\"},\"primaryImageOfPage\":{\"@id\":\"https:\\\/\\\/diariofemenino.com.ar\\\/df\\\/ive-31-abortos-en-la-primera-semana-de-vigencia-de-la-ley\\\/#primaryimage\"},\"image\":{\"@id\":\"https:\\\/\\\/diariofemenino.com.ar\\\/df\\\/ive-31-abortos-en-la-primera-semana-de-vigencia-de-la-ley\\\/#primaryimage\"},\"thumbnailUrl\":\"https:\\\/\\\/diariofemenino.com.ar\\\/df\\\/wp-content\\\/uploads\\\/2021\\\/02\\\/04-ive0950f412.jpg\",\"datePublished\":\"2021-02-06T10:51:47+00:00\",\"description\":\"IVE: 31 abortos desde la sanci\u00f3n de la ley. La cifra da cuenta de las pr\u00e1cticas clandestinas que se hac\u00edan antes de la ley\",\"breadcrumb\":{\"@id\":\"https:\\\/\\\/diariofemenino.com.ar\\\/df\\\/ive-31-abortos-en-la-primera-semana-de-vigencia-de-la-ley\\\/#breadcrumb\"},\"inLanguage\":\"es\",\"potentialAction\":[{\"@type\":\"ReadAction\",\"target\":[\"https:\\\/\\\/diariofemenino.com.ar\\\/df\\\/ive-31-abortos-en-la-primera-semana-de-vigencia-de-la-ley\\\/\"]}]},{\"@type\":\"ImageObject\",\"inLanguage\":\"es\",\"@id\":\"https:\\\/\\\/diariofemenino.com.ar\\\/df\\\/ive-31-abortos-en-la-primera-semana-de-vigencia-de-la-ley\\\/#primaryimage\",\"url\":\"https:\\\/\\\/diariofemenino.com.ar\\\/df\\\/wp-content\\\/uploads\\\/2021\\\/02\\\/04-ive0950f412.jpg\",\"contentUrl\":\"https:\\\/\\\/diariofemenino.com.ar\\\/df\\\/wp-content\\\/uploads\\\/2021\\\/02\\\/04-ive0950f412.jpg\",\"width\":900,\"height\":583,\"caption\":\"IVE: 31 abortos en la primera semana de vigencia de la ley\"},{\"@type\":\"BreadcrumbList\",\"@id\":\"https:\\\/\\\/diariofemenino.com.ar\\\/df\\\/ive-31-abortos-en-la-primera-semana-de-vigencia-de-la-ley\\\/#breadcrumb\",\"itemListElement\":[{\"@type\":\"ListItem\",\"position\":1,\"name\":\"Portada\",\"item\":\"https:\\\/\\\/diariofemenino.com.ar\\\/df\\\/\"},{\"@type\":\"ListItem\",\"position\":2,\"name\":\"IVE: 31 abortos en la primera semana de vigencia de la ley\"}]},{\"@type\":\"WebSite\",\"@id\":\"https:\\\/\\\/diariofemenino.com.ar\\\/df\\\/#website\",\"url\":\"https:\\\/\\\/diariofemenino.com.ar\\\/df\\\/\",\"name\":\"Diario Digital Femenino\",\"description\":\"Cuesti\u00f3n de G\u00e9nero\",\"publisher\":{\"@id\":\"https:\\\/\\\/diariofemenino.com.ar\\\/df\\\/#organization\"},\"potentialAction\":[{\"@type\":\"SearchAction\",\"target\":{\"@type\":\"EntryPoint\",\"urlTemplate\":\"https:\\\/\\\/diariofemenino.com.ar\\\/df\\\/?s={search_term_string}\"},\"query-input\":{\"@type\":\"PropertyValueSpecification\",\"valueRequired\":true,\"valueName\":\"search_term_string\"}}],\"inLanguage\":\"es\"},{\"@type\":\"Organization\",\"@id\":\"https:\\\/\\\/diariofemenino.com.ar\\\/df\\\/#organization\",\"name\":\"Diario Femenino\",\"url\":\"https:\\\/\\\/diariofemenino.com.ar\\\/df\\\/\",\"logo\":{\"@type\":\"ImageObject\",\"inLanguage\":\"es\",\"@id\":\"https:\\\/\\\/diariofemenino.com.ar\\\/df\\\/#\\\/schema\\\/logo\\\/image\\\/\",\"url\":\"https:\\\/\\\/diariofemenino.com.ar\\\/df\\\/wp-content\\\/uploads\\\/2018\\\/10\\\/logo.png\",\"contentUrl\":\"https:\\\/\\\/diariofemenino.com.ar\\\/df\\\/wp-content\\\/uploads\\\/2018\\\/10\\\/logo.png\",\"width\":500,\"height\":92,\"caption\":\"Diario Femenino\"},\"image\":{\"@id\":\"https:\\\/\\\/diariofemenino.com.ar\\\/df\\\/#\\\/schema\\\/logo\\\/image\\\/\"},\"sameAs\":[\"https:\\\/\\\/www.facebook.com\\\/DiarioDigitaFemenino\\\/\",\"https:\\\/\\\/x.com\\\/DiarioFemenino1\"]},{\"@type\":\"Person\",\"@id\":\"https:\\\/\\\/diariofemenino.com.ar\\\/df\\\/#\\\/schema\\\/person\\\/bf6199e8158c657ea6f789b11ec85509\",\"name\":\"Admin\",\"image\":{\"@type\":\"ImageObject\",\"inLanguage\":\"es\",\"@id\":\"https:\\\/\\\/diariofemenino.com.ar\\\/df\\\/wp-content\\\/uploads\\\/2018\\\/12\\\/favicon-150x150.jpg\",\"url\":\"https:\\\/\\\/diariofemenino.com.ar\\\/df\\\/wp-content\\\/uploads\\\/2018\\\/12\\\/favicon-150x150.jpg\",\"contentUrl\":\"https:\\\/\\\/diariofemenino.com.ar\\\/df\\\/wp-content\\\/uploads\\\/2018\\\/12\\\/favicon-150x150.jpg\",\"caption\":\"Admin\"},\"url\":\"https:\\\/\\\/diariofemenino.com.ar\\\/df\\\/author\\\/lenny\\\/\"}]}<\/script>\n<!-- \/ Yoast SEO plugin. -->","yoast_head_json":{"title":"IVE: 31 abortos en la primera semana de vigencia de la ley - Diario Digital Femenino","description":"IVE: 31 abortos desde la sanci\u00f3n de la ley. La cifra da cuenta de las pr\u00e1cticas clandestinas que se hac\u00edan antes de la ley","robots":{"index":"index","follow":"follow","max-snippet":"max-snippet:-1","max-image-preview":"max-image-preview:large","max-video-preview":"max-video-preview:-1"},"canonical":"https:\/\/diariofemenino.com.ar\/df\/ive-31-abortos-en-la-primera-semana-de-vigencia-de-la-ley\/","og_locale":"es_ES","og_type":"article","og_title":"IVE: 31 abortos en la primera semana de vigencia de la ley - Diario Digital Femenino","og_description":"IVE: 31 abortos desde la sanci\u00f3n de la ley. La cifra da cuenta de las pr\u00e1cticas clandestinas que se hac\u00edan antes de la ley","og_url":"https:\/\/diariofemenino.com.ar\/df\/ive-31-abortos-en-la-primera-semana-de-vigencia-de-la-ley\/","og_site_name":"Diario Digital Femenino","article_publisher":"https:\/\/www.facebook.com\/DiarioDigitaFemenino\/","article_published_time":"2021-02-06T10:51:47+00:00","og_image":[{"width":900,"height":583,"url":"https:\/\/diariofemenino.com.ar\/df\/wp-content\/uploads\/2021\/02\/04-ive0950f412.jpg","type":"image\/jpeg"}],"author":"Admin","twitter_card":"summary_large_image","twitter_creator":"@DiarioFemenino1","twitter_site":"@DiarioFemenino1","twitter_misc":{"Escrito por":"Admin","Tiempo de lectura":"5 minutos"},"schema":{"@context":"https:\/\/schema.org","@graph":[{"@type":"Article","@id":"https:\/\/diariofemenino.com.ar\/df\/ive-31-abortos-en-la-primera-semana-de-vigencia-de-la-ley\/#article","isPartOf":{"@id":"https:\/\/diariofemenino.com.ar\/df\/ive-31-abortos-en-la-primera-semana-de-vigencia-de-la-ley\/"},"author":{"name":"Admin","@id":"https:\/\/diariofemenino.com.ar\/df\/#\/schema\/person\/bf6199e8158c657ea6f789b11ec85509"},"headline":"IVE: 31 abortos en la primera semana de vigencia de la ley","datePublished":"2021-02-06T10:51:47+00:00","mainEntityOfPage":{"@id":"https:\/\/diariofemenino.com.ar\/df\/ive-31-abortos-en-la-primera-semana-de-vigencia-de-la-ley\/"},"wordCount":935,"commentCount":0,"publisher":{"@id":"https:\/\/diariofemenino.com.ar\/df\/#organization"},"image":{"@id":"https:\/\/diariofemenino.com.ar\/df\/ive-31-abortos-en-la-primera-semana-de-vigencia-de-la-ley\/#primaryimage"},"thumbnailUrl":"https:\/\/diariofemenino.com.ar\/df\/wp-content\/uploads\/2021\/02\/04-ive0950f412.jpg","keywords":["Cifras","IVE","La Pampa"],"articleSection":["Uncategorized"],"inLanguage":"es","potentialAction":[{"@type":"CommentAction","name":"Comment","target":["https:\/\/diariofemenino.com.ar\/df\/ive-31-abortos-en-la-primera-semana-de-vigencia-de-la-ley\/#respond"]}]},{"@type":"WebPage","@id":"https:\/\/diariofemenino.com.ar\/df\/ive-31-abortos-en-la-primera-semana-de-vigencia-de-la-ley\/","url":"https:\/\/diariofemenino.com.ar\/df\/ive-31-abortos-en-la-primera-semana-de-vigencia-de-la-ley\/","name":"IVE: 31 abortos en la primera semana de vigencia de la ley - Diario Digital Femenino","isPartOf":{"@id":"https:\/\/diariofemenino.com.ar\/df\/#website"},"primaryImageOfPage":{"@id":"https:\/\/diariofemenino.com.ar\/df\/ive-31-abortos-en-la-primera-semana-de-vigencia-de-la-ley\/#primaryimage"},"image":{"@id":"https:\/\/diariofemenino.com.ar\/df\/ive-31-abortos-en-la-primera-semana-de-vigencia-de-la-ley\/#primaryimage"},"thumbnailUrl":"https:\/\/diariofemenino.com.ar\/df\/wp-content\/uploads\/2021\/02\/04-ive0950f412.jpg","datePublished":"2021-02-06T10:51:47+00:00","description":"IVE: 31 abortos desde la sanci\u00f3n de la ley. La cifra da cuenta de las pr\u00e1cticas clandestinas que se hac\u00edan antes de la ley","breadcrumb":{"@id":"https:\/\/diariofemenino.com.ar\/df\/ive-31-abortos-en-la-primera-semana-de-vigencia-de-la-ley\/#breadcrumb"},"inLanguage":"es","potentialAction":[{"@type":"ReadAction","target":["https:\/\/diariofemenino.com.ar\/df\/ive-31-abortos-en-la-primera-semana-de-vigencia-de-la-ley\/"]}]},{"@type":"ImageObject","inLanguage":"es","@id":"https:\/\/diariofemenino.com.ar\/df\/ive-31-abortos-en-la-primera-semana-de-vigencia-de-la-ley\/#primaryimage","url":"https:\/\/diariofemenino.com.ar\/df\/wp-content\/uploads\/2021\/02\/04-ive0950f412.jpg","contentUrl":"https:\/\/diariofemenino.com.ar\/df\/wp-content\/uploads\/2021\/02\/04-ive0950f412.jpg","width":900,"height":583,"caption":"IVE: 31 abortos en la primera semana de vigencia de la ley"},{"@type":"BreadcrumbList","@id":"https:\/\/diariofemenino.com.ar\/df\/ive-31-abortos-en-la-primera-semana-de-vigencia-de-la-ley\/#breadcrumb","itemListElement":[{"@type":"ListItem","position":1,"name":"Portada","item":"https:\/\/diariofemenino.com.ar\/df\/"},{"@type":"ListItem","position":2,"name":"IVE: 31 abortos en la primera semana de vigencia de la ley"}]},{"@type":"WebSite","@id":"https:\/\/diariofemenino.com.ar\/df\/#website","url":"https:\/\/diariofemenino.com.ar\/df\/","name":"Diario Digital Femenino","description":"Cuesti\u00f3n de G\u00e9nero","publisher":{"@id":"https:\/\/diariofemenino.com.ar\/df\/#organization"},"potentialAction":[{"@type":"SearchAction","target":{"@type":"EntryPoint","urlTemplate":"https:\/\/diariofemenino.com.ar\/df\/?s={search_term_string}"},"query-input":{"@type":"PropertyValueSpecification","valueRequired":true,"valueName":"search_term_string"}}],"inLanguage":"es"},{"@type":"Organization","@id":"https:\/\/diariofemenino.com.ar\/df\/#organization","name":"Diario Femenino","url":"https:\/\/diariofemenino.com.ar\/df\/","logo":{"@type":"ImageObject","inLanguage":"es","@id":"https:\/\/diariofemenino.com.ar\/df\/#\/schema\/logo\/image\/","url":"https:\/\/diariofemenino.com.ar\/df\/wp-content\/uploads\/2018\/10\/logo.png","contentUrl":"https:\/\/diariofemenino.com.ar\/df\/wp-content\/uploads\/2018\/10\/logo.png","width":500,"height":92,"caption":"Diario Femenino"},"image":{"@id":"https:\/\/diariofemenino.com.ar\/df\/#\/schema\/logo\/image\/"},"sameAs":["https:\/\/www.facebook.com\/DiarioDigitaFemenino\/","https:\/\/x.com\/DiarioFemenino1"]},{"@type":"Person","@id":"https:\/\/diariofemenino.com.ar\/df\/#\/schema\/person\/bf6199e8158c657ea6f789b11ec85509","name":"Admin","image":{"@type":"ImageObject","inLanguage":"es","@id":"https:\/\/diariofemenino.com.ar\/df\/wp-content\/uploads\/2018\/12\/favicon-150x150.jpg","url":"https:\/\/diariofemenino.com.ar\/df\/wp-content\/uploads\/2018\/12\/favicon-150x150.jpg","contentUrl":"https:\/\/diariofemenino.com.ar\/df\/wp-content\/uploads\/2018\/12\/favicon-150x150.jpg","caption":"Admin"},"url":"https:\/\/diariofemenino.com.ar\/df\/author\/lenny\/"}]}},"jetpack_featured_media_url":"https:\/\/diariofemenino.com.ar\/df\/wp-content\/uploads\/2021\/02\/04-ive0950f412.jpg","jetpack_sharing_enabled":true,"rttpg_featured_image_url":{"full":["https:\/\/diariofemenino.com.ar\/df\/wp-content\/uploads\/2021\/02\/04-ive0950f412.jpg",900,583,false],"landscape":["https:\/\/diariofemenino.com.ar\/df\/wp-content\/uploads\/2021\/02\/04-ive0950f412.jpg",900,583,false],"portraits":["https:\/\/diariofemenino.com.ar\/df\/wp-content\/uploads\/2021\/02\/04-ive0950f412.jpg",900,583,false],"thumbnail":["https:\/\/diariofemenino.com.ar\/df\/wp-content\/uploads\/2021\/02\/04-ive0950f412-150x150.jpg",150,150,true],"medium":["https:\/\/diariofemenino.com.ar\/df\/wp-content\/uploads\/2021\/02\/04-ive0950f412-300x194.jpg",300,194,true],"large":["https:\/\/diariofemenino.com.ar\/df\/wp-content\/uploads\/2021\/02\/04-ive0950f412.jpg",900,583,false],"1536x1536":["https:\/\/diariofemenino.com.ar\/df\/wp-content\/uploads\/2021\/02\/04-ive0950f412.jpg",900,583,false],"2048x2048":["https:\/\/diariofemenino.com.ar\/df\/wp-content\/uploads\/2021\/02\/04-ive0950f412.jpg",900,583,false]},"rttpg_author":{"display_name":"Admin","author_link":"https:\/\/diariofemenino.com.ar\/df\/author\/lenny\/"},"rttpg_comment":0,"rttpg_category":"<a href=\"https:\/\/diariofemenino.com.ar\/df\/category\/uncategorized\/\" rel=\"category tag\">Uncategorized<\/a>","rttpg_excerpt":"La cifra da cuenta de las pr\u00e1cticas clandestinas que se hac\u00edan antes de la ley. Durante la primera semana desde la reglamentaci\u00f3n de la Ley de Interrupci\u00f3n Voluntaria del Embarazo (IVE), se registraron 29 solicitudes y se realizaron 31 interrupciones, precis\u00f3 Laura Soto, referente del Programa de Salud Sexual en La Pampa. Soto le dijo&hellip;","_links":{"self":[{"href":"https:\/\/diariofemenino.com.ar\/df\/wp-json\/wp\/v2\/posts\/55716","targetHints":{"allow":["GET"]}}],"collection":[{"href":"https:\/\/diariofemenino.com.ar\/df\/wp-json\/wp\/v2\/posts"}],"about":[{"href":"https:\/\/diariofemenino.com.ar\/df\/wp-json\/wp\/v2\/types\/post"}],"author":[{"embeddable":true,"href":"https:\/\/diariofemenino.com.ar\/df\/wp-json\/wp\/v2\/users\/4"}],"replies":[{"embeddable":true,"href":"https:\/\/diariofemenino.com.ar\/df\/wp-json\/wp\/v2\/comments?post=55716"}],"version-history":[{"count":0,"href":"https:\/\/diariofemenino.com.ar\/df\/wp-json\/wp\/v2\/posts\/55716\/revisions"}],"wp:featuredmedia":[{"embeddable":true,"href":"https:\/\/diariofemenino.com.ar\/df\/wp-json\/wp\/v2\/media\/55717"}],"wp:attachment":[{"href":"https:\/\/diariofemenino.com.ar\/df\/wp-json\/wp\/v2\/media?parent=55716"}],"wp:term":[{"taxonomy":"category","embeddable":true,"href":"https:\/\/diariofemenino.com.ar\/df\/wp-json\/wp\/v2\/categories?post=55716"},{"taxonomy":"post_tag","embeddable":true,"href":"https:\/\/diariofemenino.com.ar\/df\/wp-json\/wp\/v2\/tags?post=55716"}],"curies":[{"name":"wp","href":"https:\/\/api.w.org\/{rel}","templated":true}]}}