{"id":5569,"date":"2013-02-18T12:19:15","date_gmt":"2013-02-18T15:19:15","guid":{"rendered":"http:\/\/www.diariofemenino.com.ar\/?p=5569"},"modified":"2013-02-18T12:19:15","modified_gmt":"2013-02-18T15:19:15","slug":"medio-misoginos","status":"publish","type":"post","link":"https:\/\/diariofemenino.com.ar\/df\/medio-misoginos\/","title":{"rendered":"Medio mis\u00f3ginos"},"content":{"rendered":"<p>&nbsp;<br \/>\n&nbsp;<br \/>\n&nbsp;<br \/>\n<span style=\"font-family: Cambria;\">Por Soledad Jarqu\u00edn Edgar<\/span><br \/>\n<span style=\"font-family: Cambria;\">La representaci\u00f3n de las mujeres en los medios de comunicaci\u00f3n es una deuda pendiente y un punto no cumplido desde 1995, cuando se suscribi\u00f3 la Plataforma y Acci\u00f3n de Beijing,\u00a0 resoluciones tomadas durante la IV Conferencia Mundial de la Mujer, en eso que desde entonces conocemos como el Cap\u00edtulo J: La mujer y los medios de difusi\u00f3n.<\/span><br \/>\n<span style=\"font-family: Cambria;\">Los comentarios vertidos por Miguel \u00c1ngel Castillo en su columna Corte de Caja que se publica en el portal de Yahoo Noticias M\u00e9xico en contra de la diputada Crystal Tovar no son inocentes, no fueron un resbal\u00f3n\u2026es algo que se hace con mucha m\u00e1s frecuencia de lo que pensamos y creemos. Lo que public\u00f3 este \u201c@geniomutante\u201d, como se autonombra en su cuenta de tuiter, es s\u00f3lo un ejemplo de los muchos que de forma cotidiana se encuentran en la espesura de letras, voces e im\u00e1genes que se vierten todos los d\u00edas y que se confunden como quehacer period\u00edstico.<\/span><br \/>\n<span style=\"font-family: Cambria;\">De lo que nadie duda es que sus comentarios est\u00e1n cargados de machismo y misoginia, de esa que parece \u201cinnata\u201dpero que no lo es, porque es aprendida en una sociedad donde el valor de las mujeres es menor al que los varones se asignan a s\u00ed mismos. La columna tan desafortunada, como dir\u00edan quienes se alarmaron o entre quienes aprovecharon para hacer le\u00f1a del \u00e1rbol ca\u00eddo, se pueden encontrar todos los d\u00edas en los medios de comunicaci\u00f3n, s\u00f3lo que este se hizo notorio porque el periodista Castillo se refiri\u00f3 a una diputada federal y no a una presidenta municipal de un pueblo perdido en las sierras de Oaxaca.<\/span><br \/>\n<span style=\"font-family: Cambria;\">Ese ejemplo nada ejemplar, por cierto, prueba la regla que han demostrado las cient\u00edficas sociales y de la comunicaci\u00f3n-informaci\u00f3n, o que han puesto sobre la mesa periodistas como Sara Lovera en M\u00e9xico o Juana Gallego en Espa\u00f1a, entre muchas, y es a lo que me estaba refiriendo al principio: el hecho concreto de que son las mujeres pol\u00edticas las mayormente atacadas, vilipendiadas, ninguneadas, difamadas, ridiculizadas y en el extremo de los casos invisibilizadas en los medios por el simple hecho de \u201cpararse\u201d en un territorio apto s\u00f3lo para varones. Ojo, es importante no confundir. Esto no quiere decir que las mujeres sean intocables, por supuesto que no. Existe una diferencia abismal entre la denuncia de hechos concretos y comprobables (que es estrictamente periodismo) y lo otro es juzgar a las personas por lo que llevan puesto o calificarlas que en este caso result\u00f3 todo un acto de descalificaci\u00f3n.<\/span><br \/>\n<span style=\"font-family: Cambria;\">El texto cuya cabeza es \u201cCrystal Tovar la diputada con la falda m\u00e1s corta\u201d, nada tiene que ver con lo que hace o deja de hacer esta representante popular y a quien se juzga a partir de una fotograf\u00eda de la agencia Cuartoscuro. Sin duda, este trabajo es una pieza perfecta para quienes andamos de aqu\u00ed por all\u00e1 hablando de periodismo de g\u00e9nero y de lo que no se debe hacer, por eso mi recomendaci\u00f3n es que usted la busque y la lea para que yo no le cuente. Pero el columnista juzga a la diputada por \u201cla diminuta prenda con la que asisti\u00f3 a una de las sesiones del Congreso lo que la ha lanzado al estrellato, dot\u00e1ndola de esos 15 minutos de fama\u2026\u201d<\/span><br \/>\n<span style=\"font-family: Cambria;\">M\u00e1s adelante, se refiere a la diputada m\u00e1s joven (23 a\u00f1os) que lleg\u00f3 por la v\u00eda pluri \u201ces una de esas diputadas por las que nadie vot\u00f3\u2026\u201d y de ah\u00ed pasa a la preparaci\u00f3n, lo que tampoco le parece y arremete en contra ella porque\u00a0 su escolaridad es de preparatoria pues a\u00fan estudia una licenciatura. <\/span><br \/>\n<span style=\"font-family: Cambria;\">Aclaro que no estoy defendiendo a la diputada perredista, no. Lo que estoy poniendo aqu\u00ed es el trato desigual que esta diputada ha recibido por ser mujer, porque al periodista se le olvid\u00f3 que la C\u00e1mara de Diputados es la representaci\u00f3n popular y nos guste o no ah\u00ed hay de todo un poco y dudo que los diputados se quieran autolimitar imponiendo alg\u00fan tipo de escolaridad o licenciatura como m\u00ednimo, pues algunos como podr\u00e1 comprobar apenas con secundaria terminada. Por otro lado, si consideramos que porcentualmente son menos las mujeres que los hombres, sorpresota la que se va a llevar cuando descubra \u00bfqui\u00e9n es qui\u00e9n? Pues seguramente se descubrir\u00e1 que porcentualmente son m\u00e1s los hombres menos preparados. <\/span><br \/>\n<span style=\"font-family: Cambria;\">En suma, Crystal Tovar es juzgada primero por la minifalda es decir su ropa. \u00bfY su libertad de elegir? Despu\u00e9s la critican por su corta edad. Luego porque es pluri y finalmente que es una estudiante. \u201cDetalles\u201d que nada tienen que ver con el quehacer de la diputada que tendr\u00eda que ser el inter\u00e9s del periodista; \u201cdetalles\u201d que por esa supremac\u00eda no se juzga ciertamente en los se\u00f1ores diputados, en ellos es natural estar en la pol\u00edtica, en ellas no. No dudo que haya algunas excepciones, como el caso de los costos\u00edsimos zapatos del \u201cNi\u00f1o Verde\u201d y cosas por el estilo. \u201cJuzgar su acci\u00f3n no su esencia\u201d recomienda Juana Gallego, periodista espa\u00f1ola que ha sistematizado algunos de estos casos.<\/span><br \/>\n<span style=\"font-family: Cambria;\">La nota de Crystal Tovar me recuerda el caso de Ingrid Betancourt criticada por el \u201cpronunciado\u201d escote que llev\u00f3 cuando recibi\u00f3 el premio \u201cPr\u00edncipe de Asturias\u201d, por ejemplo. O el ejemplo m\u00e1s cl\u00e1sico: Las piernas de la ministra de Defensa causan sensaci\u00f3n (<a href=\"http:\/\/correodiplomatico.com\" target=\"_blank\">correodiplomatico.com<\/a>), ambas publicadas en Espa\u00f1a. <\/span><br \/>\n<span style=\"font-family: Cambria;\">Pero dec\u00eda al principio, el caso de Crystal Tovar es un ejemplo y cobr\u00f3 notoriedad por ser quien es y porque se defendi\u00f3 y luego se solidarizar\u00edan otras diputadas indignadas por el maltrato. Pero esa misma semana encontr\u00e9 dos perlas m\u00e1s dignas de ser comentadas porque lo que se plantea en esta entrega es el trato indigno que se da a las mujeres en los medios de comunicaci\u00f3n y son todas las mujeres.<\/span><br \/>\n<span style=\"font-family: Cambria;\">Otro ejemplo: Mi tumba dir\u00e1 \u201cAqu\u00ed yace una guerrera\u201d: Elba Esther. A ver cuando cabecean una nota period\u00edstica como\u201cEnrique pide al ejercito respetar los derechos humanos\u201d. Claro que nadie pondr\u00eda Enrique como s\u00ed utilizan Elba Esther. Ella puede ser ninguneada en un medio, en cambio el es Enrique Pe\u00f1a Nieto o para ahorrar espacio ya sabe EPN. <\/span><br \/>\n<span style=\"font-family: Cambria;\">Cuando reci\u00e9n present\u00e9 este ejemplo ante un grupo de j\u00f3venes me dec\u00edan que \u201cla maestra\u201d es indefendible. Yo, reitero aqu\u00ed, no la voy a defender esa es otra discusi\u00f3n que tiene que ver con las condiciones en que a esta poderos\u00edsima mujer se le tiene por el hecho de trasgredir un espacio \u201cpropio\u201d de los se\u00f1ores con poder y del que por cierto se hizo con las mismas herramientas utilizadas por los hombres desde hace miles de a\u00f1os, pero en ella siendo mujer son totalmente juzgables, hombres con poder y de los cuales hay varios cientos, uno de ellos Romero Deschamps, cuyos calificativos recibidos en los medios no tienen comparaci\u00f3n con los recibidos por Gordillo, a\u00fan en este momento cuando el l\u00edder de los trabajadores petroleros se encuentra en el \u201ctop-ten\u201d por el pr\u00e9stamo de 500 millones de pesos recibidos de la paraestatal y tambi\u00e9n porque reci\u00e9n recibi\u00f3 la toma de nota para dirigir ese sindicato por otros seis a\u00f1os. Es decir, no son cosas menores, pero el trato para este dirigente no se compara con el que recibe la dirigente magisterial.<\/span><br \/>\n<span style=\"font-family: Cambria;\">Una muestra m\u00e1s y con esta me despido.\u201cMujer preside por primera vez el m\u00e1ximo tribunal\u201d. La nota apenas tiene tres p\u00e1rrafos pero todos son una joya. \u201cOlga S\u00e1nchez Cordero en \u201csu calidad de ministro decano\u201d\u2026su arribo a la presidencia se dio tras la ausencia del ministro Juan Silva Meza quien se traslad\u00f3 a Quer\u00e9taro\u2026La ministra sac\u00f3 adelante la sesi\u00f3n sin contratiempos al desechar\u2026\u201d<\/span><br \/>\n<span style=\"font-family: Cambria;\">Solo tres cosas: lenguaje sexista, lleg\u00f3 porque el otro ministro se tuvo que ir y tal parece que no fall\u00f3. Menos mal tendr\u00edamos que decir, porque \u00bfse imaginan que habr\u00eda pasado?<\/span><br \/>\n<span style=\"font-family: Cambria;\">Solo muestras de lo que en M\u00e9xico y en el mundo sigue pasando: la invisibilidad como acto extremo de no reconocimiento a la participaci\u00f3n p\u00fablica de las mujeres o lo cotidiano que es la representaci\u00f3n desequilibrada de las mujeres. Salvo sus muy contadas excepciones.<\/span><br \/>\n&nbsp;<br \/>\n&nbsp;<br \/>\n&nbsp;<br \/>\n<span style=\"font-family: Cambria;\">Palabra de Ant\u00edgona<br \/>\nMujer y Pol\u00edtica<a href=\"mailto:Pol\u00edtica@jarquinedgar\"><br \/>\n<\/a><\/span><span style=\"font-family: Cambria;\">@jarquinedgar<\/span><\/p>\n","protected":false},"excerpt":{"rendered":"<p>&nbsp; &nbsp; &nbsp; Por Soledad Jarqu\u00edn Edgar La representaci\u00f3n de las mujeres en los medios de comunicaci\u00f3n es una deuda pendiente y un punto no cumplido desde 1995, cuando se suscribi\u00f3 la Plataforma y Acci\u00f3n de Beijing,\u00a0 resoluciones tomadas durante la IV Conferencia Mundial de la Mujer, en eso que desde entonces conocemos como el [&hellip;]<\/p>\n","protected":false},"author":1,"featured_media":0,"comment_status":"open","ping_status":"open","sticky":false,"template":"","format":"standard","meta":{"iawp_total_views":2,"footnotes":""},"categories":[3,4,6,21],"tags":[],"class_list":["post-5569","post","type-post","status-publish","format-standard","hentry","category-de-la-revolucion-al-reaprendizaje","category-medios","category-articulos","category-noticias"],"nelio_content":{"autoShareEndMode":"never","automationSources":{"useCustomSentences":false,"customSentences":[]},"efiAlt":"","efiUrl":"","followers":[],"highlights":[],"isAutoShareEnabled":true,"networkImageIds":[],"permalinkQueryArgs":[],"series":[],"suggestedReferences":[]},"yoast_head":"<!-- This site is optimized with the Yoast SEO plugin v27.4 - https:\/\/yoast.com\/product\/yoast-seo-wordpress\/ -->\n<title>Medio mis\u00f3ginos - Diario Digital Femenino<\/title>\n<meta name=\"robots\" content=\"index, follow, max-snippet:-1, max-image-preview:large, max-video-preview:-1\" \/>\n<link rel=\"canonical\" href=\"https:\/\/diariofemenino.com.ar\/df\/medio-misoginos\/\" \/>\n<meta property=\"og:locale\" content=\"es_ES\" \/>\n<meta property=\"og:type\" content=\"article\" \/>\n<meta property=\"og:title\" content=\"Medio mis\u00f3ginos - Diario Digital Femenino\" \/>\n<meta property=\"og:description\" content=\"&nbsp; &nbsp; &nbsp; Por Soledad Jarqu\u00edn Edgar La representaci\u00f3n de las mujeres en los medios de comunicaci\u00f3n es una deuda pendiente y un punto no cumplido desde 1995, cuando se suscribi\u00f3 la Plataforma y Acci\u00f3n de Beijing,\u00a0 resoluciones tomadas durante la IV Conferencia Mundial de la Mujer, en eso que desde entonces conocemos como el [&hellip;]\" \/>\n<meta property=\"og:url\" content=\"https:\/\/diariofemenino.com.ar\/df\/medio-misoginos\/\" \/>\n<meta property=\"og:site_name\" content=\"Diario Digital Femenino\" \/>\n<meta property=\"article:publisher\" content=\"https:\/\/www.facebook.com\/DiarioDigitaFemenino\/\" \/>\n<meta property=\"article:published_time\" content=\"2013-02-18T15:19:15+00:00\" \/>\n<meta property=\"og:image\" content=\"https:\/\/diariofemenino.com.ar\/df\/wp-content\/uploads\/2016\/10\/logo-negro.png\" \/>\n\t<meta property=\"og:image:width\" content=\"855\" \/>\n\t<meta property=\"og:image:height\" content=\"319\" \/>\n\t<meta property=\"og:image:type\" content=\"image\/png\" \/>\n<meta name=\"author\" content=\"Admin\" \/>\n<meta name=\"twitter:card\" content=\"summary_large_image\" \/>\n<meta name=\"twitter:creator\" content=\"@DiarioFemenino1\" \/>\n<meta name=\"twitter:site\" content=\"@DiarioFemenino1\" \/>\n<meta name=\"twitter:label1\" content=\"Escrito por\" \/>\n\t<meta name=\"twitter:data1\" content=\"Admin\" \/>\n\t<meta name=\"twitter:label2\" content=\"Tiempo de lectura\" \/>\n\t<meta name=\"twitter:data2\" content=\"7 minutos\" \/>\n<script type=\"application\/ld+json\" class=\"yoast-schema-graph\">{\"@context\":\"https:\\\/\\\/schema.org\",\"@graph\":[{\"@type\":\"Article\",\"@id\":\"https:\\\/\\\/diariofemenino.com.ar\\\/df\\\/medio-misoginos\\\/#article\",\"isPartOf\":{\"@id\":\"https:\\\/\\\/diariofemenino.com.ar\\\/df\\\/medio-misoginos\\\/\"},\"author\":{\"name\":\"Admin\",\"@id\":\"https:\\\/\\\/diariofemenino.com.ar\\\/df\\\/#\\\/schema\\\/person\\\/38f54b3bfd13f561de2460ba95c169c6\"},\"headline\":\"Medio mis\u00f3ginos\",\"datePublished\":\"2013-02-18T15:19:15+00:00\",\"mainEntityOfPage\":{\"@id\":\"https:\\\/\\\/diariofemenino.com.ar\\\/df\\\/medio-misoginos\\\/\"},\"wordCount\":1443,\"commentCount\":0,\"publisher\":{\"@id\":\"https:\\\/\\\/diariofemenino.com.ar\\\/df\\\/#organization\"},\"articleSection\":[\"De la Revoluci\u00f3n al Reaprendizaje\",\"Medios\",\"Mujeres en Palabras\",\"Noticias\"],\"inLanguage\":\"es\",\"potentialAction\":[{\"@type\":\"CommentAction\",\"name\":\"Comment\",\"target\":[\"https:\\\/\\\/diariofemenino.com.ar\\\/df\\\/medio-misoginos\\\/#respond\"]}]},{\"@type\":\"WebPage\",\"@id\":\"https:\\\/\\\/diariofemenino.com.ar\\\/df\\\/medio-misoginos\\\/\",\"url\":\"https:\\\/\\\/diariofemenino.com.ar\\\/df\\\/medio-misoginos\\\/\",\"name\":\"Medio mis\u00f3ginos - Diario Digital Femenino\",\"isPartOf\":{\"@id\":\"https:\\\/\\\/diariofemenino.com.ar\\\/df\\\/#website\"},\"datePublished\":\"2013-02-18T15:19:15+00:00\",\"breadcrumb\":{\"@id\":\"https:\\\/\\\/diariofemenino.com.ar\\\/df\\\/medio-misoginos\\\/#breadcrumb\"},\"inLanguage\":\"es\",\"potentialAction\":[{\"@type\":\"ReadAction\",\"target\":[\"https:\\\/\\\/diariofemenino.com.ar\\\/df\\\/medio-misoginos\\\/\"]}]},{\"@type\":\"BreadcrumbList\",\"@id\":\"https:\\\/\\\/diariofemenino.com.ar\\\/df\\\/medio-misoginos\\\/#breadcrumb\",\"itemListElement\":[{\"@type\":\"ListItem\",\"position\":1,\"name\":\"Portada\",\"item\":\"https:\\\/\\\/diariofemenino.com.ar\\\/df\\\/\"},{\"@type\":\"ListItem\",\"position\":2,\"name\":\"Medio mis\u00f3ginos\"}]},{\"@type\":\"WebSite\",\"@id\":\"https:\\\/\\\/diariofemenino.com.ar\\\/df\\\/#website\",\"url\":\"https:\\\/\\\/diariofemenino.com.ar\\\/df\\\/\",\"name\":\"Diario Digital Femenino\",\"description\":\"Cuesti\u00f3n de G\u00e9nero\",\"publisher\":{\"@id\":\"https:\\\/\\\/diariofemenino.com.ar\\\/df\\\/#organization\"},\"potentialAction\":[{\"@type\":\"SearchAction\",\"target\":{\"@type\":\"EntryPoint\",\"urlTemplate\":\"https:\\\/\\\/diariofemenino.com.ar\\\/df\\\/?s={search_term_string}\"},\"query-input\":{\"@type\":\"PropertyValueSpecification\",\"valueRequired\":true,\"valueName\":\"search_term_string\"}}],\"inLanguage\":\"es\"},{\"@type\":\"Organization\",\"@id\":\"https:\\\/\\\/diariofemenino.com.ar\\\/df\\\/#organization\",\"name\":\"Diario Femenino\",\"url\":\"https:\\\/\\\/diariofemenino.com.ar\\\/df\\\/\",\"logo\":{\"@type\":\"ImageObject\",\"inLanguage\":\"es\",\"@id\":\"https:\\\/\\\/diariofemenino.com.ar\\\/df\\\/#\\\/schema\\\/logo\\\/image\\\/\",\"url\":\"https:\\\/\\\/diariofemenino.com.ar\\\/df\\\/wp-content\\\/uploads\\\/2018\\\/10\\\/logo.png\",\"contentUrl\":\"https:\\\/\\\/diariofemenino.com.ar\\\/df\\\/wp-content\\\/uploads\\\/2018\\\/10\\\/logo.png\",\"width\":500,\"height\":92,\"caption\":\"Diario Femenino\"},\"image\":{\"@id\":\"https:\\\/\\\/diariofemenino.com.ar\\\/df\\\/#\\\/schema\\\/logo\\\/image\\\/\"},\"sameAs\":[\"https:\\\/\\\/www.facebook.com\\\/DiarioDigitaFemenino\\\/\",\"https:\\\/\\\/x.com\\\/DiarioFemenino1\"]},{\"@type\":\"Person\",\"@id\":\"https:\\\/\\\/diariofemenino.com.ar\\\/df\\\/#\\\/schema\\\/person\\\/38f54b3bfd13f561de2460ba95c169c6\",\"name\":\"Admin\",\"image\":{\"@type\":\"ImageObject\",\"inLanguage\":\"es\",\"@id\":\"https:\\\/\\\/diariofemenino.com.ar\\\/df\\\/wp-content\\\/uploads\\\/2018\\\/12\\\/favicon-150x150.jpg\",\"url\":\"https:\\\/\\\/diariofemenino.com.ar\\\/df\\\/wp-content\\\/uploads\\\/2018\\\/12\\\/favicon-150x150.jpg\",\"contentUrl\":\"https:\\\/\\\/diariofemenino.com.ar\\\/df\\\/wp-content\\\/uploads\\\/2018\\\/12\\\/favicon-150x150.jpg\",\"caption\":\"Admin\"},\"url\":\"https:\\\/\\\/diariofemenino.com.ar\\\/df\\\/author\\\/adm18df\\\/\"}]}<\/script>\n<!-- \/ Yoast SEO plugin. -->","yoast_head_json":{"title":"Medio mis\u00f3ginos - Diario Digital Femenino","robots":{"index":"index","follow":"follow","max-snippet":"max-snippet:-1","max-image-preview":"max-image-preview:large","max-video-preview":"max-video-preview:-1"},"canonical":"https:\/\/diariofemenino.com.ar\/df\/medio-misoginos\/","og_locale":"es_ES","og_type":"article","og_title":"Medio mis\u00f3ginos - Diario Digital Femenino","og_description":"&nbsp; &nbsp; &nbsp; Por Soledad Jarqu\u00edn Edgar La representaci\u00f3n de las mujeres en los medios de comunicaci\u00f3n es una deuda pendiente y un punto no cumplido desde 1995, cuando se suscribi\u00f3 la Plataforma y Acci\u00f3n de Beijing,\u00a0 resoluciones tomadas durante la IV Conferencia Mundial de la Mujer, en eso que desde entonces conocemos como el [&hellip;]","og_url":"https:\/\/diariofemenino.com.ar\/df\/medio-misoginos\/","og_site_name":"Diario Digital Femenino","article_publisher":"https:\/\/www.facebook.com\/DiarioDigitaFemenino\/","article_published_time":"2013-02-18T15:19:15+00:00","og_image":[{"width":855,"height":319,"url":"https:\/\/diariofemenino.com.ar\/df\/wp-content\/uploads\/2016\/10\/logo-negro.png","type":"image\/png"}],"author":"Admin","twitter_card":"summary_large_image","twitter_creator":"@DiarioFemenino1","twitter_site":"@DiarioFemenino1","twitter_misc":{"Escrito por":"Admin","Tiempo de lectura":"7 minutos"},"schema":{"@context":"https:\/\/schema.org","@graph":[{"@type":"Article","@id":"https:\/\/diariofemenino.com.ar\/df\/medio-misoginos\/#article","isPartOf":{"@id":"https:\/\/diariofemenino.com.ar\/df\/medio-misoginos\/"},"author":{"name":"Admin","@id":"https:\/\/diariofemenino.com.ar\/df\/#\/schema\/person\/38f54b3bfd13f561de2460ba95c169c6"},"headline":"Medio mis\u00f3ginos","datePublished":"2013-02-18T15:19:15+00:00","mainEntityOfPage":{"@id":"https:\/\/diariofemenino.com.ar\/df\/medio-misoginos\/"},"wordCount":1443,"commentCount":0,"publisher":{"@id":"https:\/\/diariofemenino.com.ar\/df\/#organization"},"articleSection":["De la Revoluci\u00f3n al Reaprendizaje","Medios","Mujeres en Palabras","Noticias"],"inLanguage":"es","potentialAction":[{"@type":"CommentAction","name":"Comment","target":["https:\/\/diariofemenino.com.ar\/df\/medio-misoginos\/#respond"]}]},{"@type":"WebPage","@id":"https:\/\/diariofemenino.com.ar\/df\/medio-misoginos\/","url":"https:\/\/diariofemenino.com.ar\/df\/medio-misoginos\/","name":"Medio mis\u00f3ginos - Diario Digital Femenino","isPartOf":{"@id":"https:\/\/diariofemenino.com.ar\/df\/#website"},"datePublished":"2013-02-18T15:19:15+00:00","breadcrumb":{"@id":"https:\/\/diariofemenino.com.ar\/df\/medio-misoginos\/#breadcrumb"},"inLanguage":"es","potentialAction":[{"@type":"ReadAction","target":["https:\/\/diariofemenino.com.ar\/df\/medio-misoginos\/"]}]},{"@type":"BreadcrumbList","@id":"https:\/\/diariofemenino.com.ar\/df\/medio-misoginos\/#breadcrumb","itemListElement":[{"@type":"ListItem","position":1,"name":"Portada","item":"https:\/\/diariofemenino.com.ar\/df\/"},{"@type":"ListItem","position":2,"name":"Medio mis\u00f3ginos"}]},{"@type":"WebSite","@id":"https:\/\/diariofemenino.com.ar\/df\/#website","url":"https:\/\/diariofemenino.com.ar\/df\/","name":"Diario Digital Femenino","description":"Cuesti\u00f3n de G\u00e9nero","publisher":{"@id":"https:\/\/diariofemenino.com.ar\/df\/#organization"},"potentialAction":[{"@type":"SearchAction","target":{"@type":"EntryPoint","urlTemplate":"https:\/\/diariofemenino.com.ar\/df\/?s={search_term_string}"},"query-input":{"@type":"PropertyValueSpecification","valueRequired":true,"valueName":"search_term_string"}}],"inLanguage":"es"},{"@type":"Organization","@id":"https:\/\/diariofemenino.com.ar\/df\/#organization","name":"Diario Femenino","url":"https:\/\/diariofemenino.com.ar\/df\/","logo":{"@type":"ImageObject","inLanguage":"es","@id":"https:\/\/diariofemenino.com.ar\/df\/#\/schema\/logo\/image\/","url":"https:\/\/diariofemenino.com.ar\/df\/wp-content\/uploads\/2018\/10\/logo.png","contentUrl":"https:\/\/diariofemenino.com.ar\/df\/wp-content\/uploads\/2018\/10\/logo.png","width":500,"height":92,"caption":"Diario Femenino"},"image":{"@id":"https:\/\/diariofemenino.com.ar\/df\/#\/schema\/logo\/image\/"},"sameAs":["https:\/\/www.facebook.com\/DiarioDigitaFemenino\/","https:\/\/x.com\/DiarioFemenino1"]},{"@type":"Person","@id":"https:\/\/diariofemenino.com.ar\/df\/#\/schema\/person\/38f54b3bfd13f561de2460ba95c169c6","name":"Admin","image":{"@type":"ImageObject","inLanguage":"es","@id":"https:\/\/diariofemenino.com.ar\/df\/wp-content\/uploads\/2018\/12\/favicon-150x150.jpg","url":"https:\/\/diariofemenino.com.ar\/df\/wp-content\/uploads\/2018\/12\/favicon-150x150.jpg","contentUrl":"https:\/\/diariofemenino.com.ar\/df\/wp-content\/uploads\/2018\/12\/favicon-150x150.jpg","caption":"Admin"},"url":"https:\/\/diariofemenino.com.ar\/df\/author\/adm18df\/"}]}},"jetpack_featured_media_url":"","jetpack_sharing_enabled":true,"rttpg_featured_image_url":null,"rttpg_author":{"display_name":"Admin","author_link":"https:\/\/diariofemenino.com.ar\/df\/author\/adm18df\/"},"rttpg_comment":0,"rttpg_category":"<a href=\"https:\/\/diariofemenino.com.ar\/df\/category\/de-la-revolucion-al-reaprendizaje\/\" rel=\"category tag\">De la Revoluci\u00f3n al Reaprendizaje<\/a> <a href=\"https:\/\/diariofemenino.com.ar\/df\/category\/medios\/\" rel=\"category tag\">Medios<\/a> <a href=\"https:\/\/diariofemenino.com.ar\/df\/category\/articulos\/\" rel=\"category tag\">Mujeres en Palabras<\/a> <a href=\"https:\/\/diariofemenino.com.ar\/df\/category\/noticias\/\" rel=\"category tag\">Noticias<\/a>","rttpg_excerpt":"&nbsp; &nbsp; &nbsp; Por Soledad Jarqu\u00edn Edgar La representaci\u00f3n de las mujeres en los medios de comunicaci\u00f3n es una deuda pendiente y un punto no cumplido desde 1995, cuando se suscribi\u00f3 la Plataforma y Acci\u00f3n de Beijing,\u00a0 resoluciones tomadas durante la IV Conferencia Mundial de la Mujer, en eso que desde entonces conocemos como el&hellip;","_links":{"self":[{"href":"https:\/\/diariofemenino.com.ar\/df\/wp-json\/wp\/v2\/posts\/5569","targetHints":{"allow":["GET"]}}],"collection":[{"href":"https:\/\/diariofemenino.com.ar\/df\/wp-json\/wp\/v2\/posts"}],"about":[{"href":"https:\/\/diariofemenino.com.ar\/df\/wp-json\/wp\/v2\/types\/post"}],"author":[{"embeddable":true,"href":"https:\/\/diariofemenino.com.ar\/df\/wp-json\/wp\/v2\/users\/1"}],"replies":[{"embeddable":true,"href":"https:\/\/diariofemenino.com.ar\/df\/wp-json\/wp\/v2\/comments?post=5569"}],"version-history":[{"count":0,"href":"https:\/\/diariofemenino.com.ar\/df\/wp-json\/wp\/v2\/posts\/5569\/revisions"}],"wp:attachment":[{"href":"https:\/\/diariofemenino.com.ar\/df\/wp-json\/wp\/v2\/media?parent=5569"}],"wp:term":[{"taxonomy":"category","embeddable":true,"href":"https:\/\/diariofemenino.com.ar\/df\/wp-json\/wp\/v2\/categories?post=5569"},{"taxonomy":"post_tag","embeddable":true,"href":"https:\/\/diariofemenino.com.ar\/df\/wp-json\/wp\/v2\/tags?post=5569"}],"curies":[{"name":"wp","href":"https:\/\/api.w.org\/{rel}","templated":true}]}}