{"id":55686,"date":"2021-02-04T16:15:47","date_gmt":"2021-02-04T19:15:47","guid":{"rendered":"https:\/\/diariofemenino.com.ar\/?p=55686"},"modified":"2021-02-04T16:42:37","modified_gmt":"2021-02-04T19:42:37","slug":"ley-nacional-ive-n27610-luchamos-por-su-aprobacion-defenderemos-su-aplicacion","status":"publish","type":"post","link":"https:\/\/diariofemenino.com.ar\/df\/ley-nacional-ive-n27610-luchamos-por-su-aprobacion-defenderemos-su-aplicacion\/","title":{"rendered":"\u00abLey Nacional IVE, N\u00b027610: Luchamos por su aprobaci\u00f3n, defenderemos su aplicaci\u00f3n\u00bb."},"content":{"rendered":"<p>Ley Nacional IVE N\u00b027610<\/p>\n<p>Ante la presentaci\u00f3n judicial de un sector antiderechos en la <a href=\"http:\/\/www.consejomagistratura.gov.ar\/index.php\/botonpresidencia\/3381-justicia-federal-en-la-pampa\">Justicia Federal<\/a> de La Pampa el Foro Pampeano por el Derecho al Aborto Legal Seguro y Gratuito emiti\u00f3 un\u00a0 comunicado en rechazo a la acci\u00f3n.<\/p>\n<p><strong>Documento completo<\/strong><\/p>\n<p>El <a href=\"https:\/\/diariofemenino.com.ar\/el-foro-pide-a-diputados-que-resuelvan-la-ilegalidad-que-afecta-la-vida-de-mujeres\/\">Foro Pampeano por el Derecho al Aborto Legal, Seguro y Gratuito<\/a> manifiesta su m\u00e1s en\u00e9rgico rechazo a las presentaciones judiciales que han realizado grupos antiderechos en nuestra provincia, con el objetivo de suspender a trav\u00e9s de una medida cautelar, la aplicaci\u00f3n de la ley 27.610 que legaliza el aborto, luego de un amplio y profundo debate democr\u00e1tico.<\/p>\n<p>La medida solicitada \u00a0en el Juzgado Federal de La Pampa por el partido NOS, cuyo apoderado es defensor de represores de la \u00faltima dictadura militar, pretende una declaraci\u00f3n de inconstitucionalidad de la <a href=\"http:\/\/servicios.infoleg.gob.ar\/infolegInternet\/verNorma.do?id=346231\">ley 27.610<\/a>, Ley de Interrupci\u00f3n Voluntaria del Embarazo, lo que constituye \u00a0una \u00a0gravedad institucional inusitada \u00a0para la provincia ya que, de prosperar, dejar\u00eda a las mujeres y personas gestantes pampeanas en situaci\u00f3n de ciudadanas de segunda respecto de sus con-ciudadanas en el pa\u00eds, en tanto no podr\u00edan \u00a0acceder al derecho adquirido de interrumpir \u00a0voluntariamente el embarazo \u00a0hasta la semana 14 inclusive en su propia provincia, como lo dispone la ley .<\/p>\n<p>Estas medidas presentadas por sectores que buscan imponer a trav\u00e9s de \u00a0los fueros judiciales lo que no pudieron lograr bajo el \u00a0amparo del m\u00e1s amplio, prolongado y democr\u00e1tico debate llevado a cabo en m\u00e1s de una oportunidad en el Congreso y donde finalmente por amplia mayor\u00eda se decidi\u00f3 la sanci\u00f3n de la Ley IVE, nos convoca a reflexionar sobre el peso de una medida cautelar presentada por un grupo min\u00fasculo, antidemocr\u00e1tico y \u00a0retr\u00f3grado de la sociedad \u00a0para frenar la voluntad de una comunidad, expresada en un todo de acuerdo con la constituci\u00f3n nacional ,con el trabajo sostenido de los ejecutivos, nacional y provincial , las redes de profesionales de la abogac\u00eda, la salud, la educaci\u00f3n y las organizaciones sociales ,pol\u00edticas y sindicales.<\/p>\n<p>La medida cautelar que esgrime la inconstitucionalidad de la Ley IVE es inadmisible no s\u00f3lo por las razones expuestas precedentemente referidas al respeto a las instituciones democr\u00e1ticas y sus resoluciones sino tambi\u00e9n porque, como se ha manifestado repetidamente en el Congreso, los argumentos que sostienen la inconstitucionalidad de la norma son falaces.<\/p>\n<p>Del relevamiento del Derecho Convencional vigente, es posible se\u00f1alar que no surge de los Instrumentos Internacionales sobre Derechos Humanos, que ostentan jerarqu\u00eda constitucional, ning\u00fan mandato que implique punir de manera absoluta el aborto voluntario o impedir que se adopten distintos sistemas normativos que posibiliten la realizaci\u00f3n de abortos voluntarios. As\u00ed mismo, de las interpretaciones convencionales realizadas por los \u00f3rganos de control de los IIDH surgen mandatos expresos dirigidos al Estado argentino y a otros estados partes respecto de la obligaci\u00f3n de posibilitar el acceso a los sistemas de abortos voluntarios vigentes en el orden interno, o bien de eliminar la punibilidad del aborto voluntario concebido como uno de los principales motivos de morbimortalidad materna y de discriminaci\u00f3n a las personas gestantes.<\/p>\n<ul>\n<li>Comit\u00e9 de Derechos Humanos, 98 per\u00edodo de sesiones (Nueva York, 8 al 26-3-2010);<\/li>\n<li>Comit\u00e9 de Derechos Humanos (en caso \u201cL. M vs. Argentina\u201d, 29\/03\/201);<\/li>\n<li>Comit\u00e9 para la Eliminaci\u00f3n de la Discriminaci\u00f3n contra la Mujer, en su 17 periodo de sesiones (7 al 15-7-97);<\/li>\n<li>Comit\u00e9 para la Eliminaci\u00f3n de la Discriminaci\u00f3n contra la Mujer, en su 46 per\u00edodo de sesiones (12 al 30-07-2010);<\/li>\n<li>Comit\u00e9 de los Derechos del Ni\u00f1o, Observaci\u00f3n General N 4 (2003);<\/li>\n<li>Comit\u00e9 de los Derechos del Ni\u00f1o, en su 54 periodo de sesiones (25-5 al 11-6-2010);<\/li>\n<li>Comit\u00e9 de los Derechos del Ni\u00f1o en su 17 periodo de sesiones (20-6 al 15-7-2016);<\/li>\n<li>Comit\u00e9 de Derechos Econ\u00f3micos Sociales y Culturales en su 46 periodo de sesiones(14-12 a 2-12-2011),<\/li>\n<li>Comit\u00e9 de Derechos Econ\u00f3micos, Sociales y Culturales, Observaci\u00f3n General 22 (2016);<\/li>\n<li>10 de la Convenci\u00f3n sobre los Derechos de las Personas con discapacidad;<\/li>\n<li>Comit\u00e9 sobre los Derechos de las Personas con Discapacidad, Observaci\u00f3n General 3\/2016;<\/li>\n<li>en su art 21 la ley 27610 dice: \u00aby de aplicaci\u00f3n obligatoria en todo el territorio del pa\u00eds\u201d.<\/li>\n<\/ul>\n<p>Rechazamos esta demanda judicial presentada porque est\u00e1 re\u00f1ida con las instituciones democr\u00e1ticas y afecta gravemente la independencia y divisi\u00f3n de poderes.<\/p>\n<p>Instamos a respetar las leyes, sus procesos de aprobaci\u00f3n y a\u00a0respetar su cumplimiento.<\/p>\n<p>Los profundos cambios sociales que hacen que una sociedad sea m\u00e1s justa ampliando los derechos de la ciudadan\u00eda, se hacen a trav\u00e9s de los instrumentos democr\u00e1ticos no por imposici\u00f3n de minor\u00edas conservadoras que a\u00f1oran avasallar con prepotencia lo que el pueblo logra con su lucha.<\/p>\n<p>Nuestro derecho a la Interrupci\u00f3n Voluntaria del Embarazo ya est\u00e1 en vigencia y no vamos a tolerar ninguna acci\u00f3n que intente obstaculizar el acceso. \u00a1Aborto es ley!<\/p>\n<figure id=\"attachment_55687\" aria-describedby=\"caption-attachment-55687\" style=\"width: 400px\" class=\"wp-caption aligncenter\"><img loading=\"lazy\" decoding=\"async\" class=\"size-full wp-image-55687\" src=\"https:\/\/diariofemenino.com.ar\/df\/wp-content\/uploads\/2021\/02\/BpR9YuNR_400x400.jpg\" alt=\"&quot;Ley Nacional IVE, N\u00b027610: Luchamos por su aprobaci\u00f3n, defenderemos su aplicaci\u00f3n&quot;.\" width=\"400\" height=\"400\" srcset=\"https:\/\/diariofemenino.com.ar\/df\/wp-content\/uploads\/2021\/02\/BpR9YuNR_400x400.jpg 400w, https:\/\/diariofemenino.com.ar\/df\/wp-content\/uploads\/2021\/02\/BpR9YuNR_400x400-150x150.jpg 150w, https:\/\/diariofemenino.com.ar\/df\/wp-content\/uploads\/2021\/02\/BpR9YuNR_400x400-300x300.jpg 300w\" sizes=\"auto, (max-width: 400px) 100vw, 400px\" \/><figcaption id=\"caption-attachment-55687\" class=\"wp-caption-text\">Ley Nacional IVE, N\u00b027610: Luchamos por su aprobaci\u00f3n, defenderemos su aplicaci\u00f3n<\/figcaption><\/figure>\n<p><strong>Foro Pampeano por el Derecho al Aborto Legal, Seguro y Gratuito.<\/strong><\/p>\n<p><a href=\"https:\/\/diariofemenino.com.ar\">Diario Digital Femenino<\/a><\/p>\n","protected":false},"excerpt":{"rendered":"<p>Ley Nacional IVE N\u00b027610 Ante la presentaci\u00f3n judicial de un sector antiderechos en la Justicia Federal de La Pampa el Foro Pampeano por el Derecho al Aborto Legal Seguro y Gratuito emiti\u00f3 un\u00a0 comunicado en rechazo a la acci\u00f3n. Documento completo El Foro Pampeano por el Derecho al Aborto Legal, Seguro y Gratuito manifiesta su [&hellip;]<\/p>\n","protected":false},"author":1,"featured_media":55688,"comment_status":"open","ping_status":"open","sticky":false,"template":"","format":"standard","meta":{"iawp_total_views":3,"footnotes":""},"categories":[22,21],"tags":[4086,1483,439],"class_list":["post-55686","post","type-post","status-publish","format-standard","has-post-thumbnail","hentry","category-aborto","category-noticias","tag-esley","tag-ive","tag-la-pampa"],"nelio_content":{"autoShareEndMode":"never","automationSources":{"useCustomSentences":false,"customSentences":[]},"efiAlt":"","efiUrl":"","followers":[4],"highlights":[],"isAutoShareEnabled":true,"networkImageIds":[],"permalinkQueryArgs":[],"series":[],"suggestedReferences":[]},"yoast_head":"<!-- This site is optimized with the Yoast SEO plugin v27.5 - https:\/\/yoast.com\/product\/yoast-seo-wordpress\/ -->\n<title>&quot;Ley Nacional IVE, N\u00b027610: Luchamos por su aprobaci\u00f3n, defenderemos su aplicaci\u00f3n&quot;. - Diario Digital Femenino<\/title>\n<meta name=\"description\" content=\"&quot;Ley Nacional IVE, N\u00b027610&quot;: El Foro Pampeano por el Derecho al Aborto Legal, Seguro y Gratuito manifiesta su rechazo a las presentaciones judiciales\" \/>\n<meta name=\"robots\" content=\"index, follow, max-snippet:-1, max-image-preview:large, max-video-preview:-1\" \/>\n<link rel=\"canonical\" href=\"https:\/\/diariofemenino.com.ar\/df\/ley-nacional-ive-n27610-luchamos-por-su-aprobacion-defenderemos-su-aplicacion\/\" \/>\n<meta property=\"og:locale\" content=\"es_ES\" \/>\n<meta property=\"og:type\" content=\"article\" \/>\n<meta property=\"og:title\" content=\"&quot;Ley Nacional IVE, N\u00b027610: Luchamos por su aprobaci\u00f3n, defenderemos su aplicaci\u00f3n&quot;. - Diario Digital Femenino\" \/>\n<meta property=\"og:description\" content=\"&quot;Ley Nacional IVE, N\u00b027610&quot;: El Foro Pampeano por el Derecho al Aborto Legal, Seguro y Gratuito manifiesta su rechazo a las presentaciones judiciales\" \/>\n<meta property=\"og:url\" content=\"https:\/\/diariofemenino.com.ar\/df\/ley-nacional-ive-n27610-luchamos-por-su-aprobacion-defenderemos-su-aplicacion\/\" \/>\n<meta property=\"og:site_name\" content=\"Diario Digital Femenino\" \/>\n<meta property=\"article:publisher\" content=\"https:\/\/www.facebook.com\/DiarioDigitaFemenino\/\" \/>\n<meta property=\"article:published_time\" content=\"2021-02-04T19:15:47+00:00\" \/>\n<meta property=\"article:modified_time\" content=\"2021-02-04T19:42:37+00:00\" \/>\n<meta property=\"og:image\" content=\"https:\/\/diariofemenino.com.ar\/df\/wp-content\/uploads\/2021\/02\/Imagen1-2-e1612466035858.png\" \/>\n\t<meta property=\"og:image:width\" content=\"1364\" \/>\n\t<meta property=\"og:image:height\" content=\"573\" \/>\n\t<meta property=\"og:image:type\" content=\"image\/png\" \/>\n<meta name=\"author\" content=\"Admin\" \/>\n<meta name=\"twitter:card\" content=\"summary_large_image\" \/>\n<meta name=\"twitter:creator\" content=\"@DiarioFemenino1\" \/>\n<meta name=\"twitter:site\" content=\"@DiarioFemenino1\" \/>\n<meta name=\"twitter:label1\" content=\"Escrito por\" \/>\n\t<meta name=\"twitter:data1\" content=\"Admin\" \/>\n\t<meta name=\"twitter:label2\" content=\"Tiempo de lectura\" \/>\n\t<meta name=\"twitter:data2\" content=\"4 minutos\" \/>\n<script type=\"application\/ld+json\" class=\"yoast-schema-graph\">{\"@context\":\"https:\\\/\\\/schema.org\",\"@graph\":[{\"@type\":\"Article\",\"@id\":\"https:\\\/\\\/diariofemenino.com.ar\\\/df\\\/ley-nacional-ive-n27610-luchamos-por-su-aprobacion-defenderemos-su-aplicacion\\\/#article\",\"isPartOf\":{\"@id\":\"https:\\\/\\\/diariofemenino.com.ar\\\/df\\\/ley-nacional-ive-n27610-luchamos-por-su-aprobacion-defenderemos-su-aplicacion\\\/\"},\"author\":{\"name\":\"Admin\",\"@id\":\"https:\\\/\\\/diariofemenino.com.ar\\\/df\\\/#\\\/schema\\\/person\\\/38f54b3bfd13f561de2460ba95c169c6\"},\"headline\":\"\u00abLey Nacional IVE, N\u00b027610: Luchamos por su aprobaci\u00f3n, defenderemos su aplicaci\u00f3n\u00bb.\",\"datePublished\":\"2021-02-04T19:15:47+00:00\",\"dateModified\":\"2021-02-04T19:42:37+00:00\",\"mainEntityOfPage\":{\"@id\":\"https:\\\/\\\/diariofemenino.com.ar\\\/df\\\/ley-nacional-ive-n27610-luchamos-por-su-aprobacion-defenderemos-su-aplicacion\\\/\"},\"wordCount\":871,\"commentCount\":0,\"publisher\":{\"@id\":\"https:\\\/\\\/diariofemenino.com.ar\\\/df\\\/#organization\"},\"image\":{\"@id\":\"https:\\\/\\\/diariofemenino.com.ar\\\/df\\\/ley-nacional-ive-n27610-luchamos-por-su-aprobacion-defenderemos-su-aplicacion\\\/#primaryimage\"},\"thumbnailUrl\":\"https:\\\/\\\/diariofemenino.com.ar\\\/df\\\/wp-content\\\/uploads\\\/2021\\\/02\\\/Imagen1-2-e1612466035858.png\",\"keywords\":[\"Esley\",\"IVE\",\"La Pampa\"],\"articleSection\":[\"Aborto\",\"Noticias\"],\"inLanguage\":\"es\",\"potentialAction\":[{\"@type\":\"CommentAction\",\"name\":\"Comment\",\"target\":[\"https:\\\/\\\/diariofemenino.com.ar\\\/df\\\/ley-nacional-ive-n27610-luchamos-por-su-aprobacion-defenderemos-su-aplicacion\\\/#respond\"]}]},{\"@type\":\"WebPage\",\"@id\":\"https:\\\/\\\/diariofemenino.com.ar\\\/df\\\/ley-nacional-ive-n27610-luchamos-por-su-aprobacion-defenderemos-su-aplicacion\\\/\",\"url\":\"https:\\\/\\\/diariofemenino.com.ar\\\/df\\\/ley-nacional-ive-n27610-luchamos-por-su-aprobacion-defenderemos-su-aplicacion\\\/\",\"name\":\"\\\"Ley Nacional IVE, N\u00b027610: Luchamos por su aprobaci\u00f3n, defenderemos su aplicaci\u00f3n\\\". - Diario Digital Femenino\",\"isPartOf\":{\"@id\":\"https:\\\/\\\/diariofemenino.com.ar\\\/df\\\/#website\"},\"primaryImageOfPage\":{\"@id\":\"https:\\\/\\\/diariofemenino.com.ar\\\/df\\\/ley-nacional-ive-n27610-luchamos-por-su-aprobacion-defenderemos-su-aplicacion\\\/#primaryimage\"},\"image\":{\"@id\":\"https:\\\/\\\/diariofemenino.com.ar\\\/df\\\/ley-nacional-ive-n27610-luchamos-por-su-aprobacion-defenderemos-su-aplicacion\\\/#primaryimage\"},\"thumbnailUrl\":\"https:\\\/\\\/diariofemenino.com.ar\\\/df\\\/wp-content\\\/uploads\\\/2021\\\/02\\\/Imagen1-2-e1612466035858.png\",\"datePublished\":\"2021-02-04T19:15:47+00:00\",\"dateModified\":\"2021-02-04T19:42:37+00:00\",\"description\":\"\\\"Ley Nacional IVE, N\u00b027610\\\": El Foro Pampeano por el Derecho al Aborto Legal, Seguro y Gratuito manifiesta su rechazo a las presentaciones judiciales\",\"breadcrumb\":{\"@id\":\"https:\\\/\\\/diariofemenino.com.ar\\\/df\\\/ley-nacional-ive-n27610-luchamos-por-su-aprobacion-defenderemos-su-aplicacion\\\/#breadcrumb\"},\"inLanguage\":\"es\",\"potentialAction\":[{\"@type\":\"ReadAction\",\"target\":[\"https:\\\/\\\/diariofemenino.com.ar\\\/df\\\/ley-nacional-ive-n27610-luchamos-por-su-aprobacion-defenderemos-su-aplicacion\\\/\"]}]},{\"@type\":\"ImageObject\",\"inLanguage\":\"es\",\"@id\":\"https:\\\/\\\/diariofemenino.com.ar\\\/df\\\/ley-nacional-ive-n27610-luchamos-por-su-aprobacion-defenderemos-su-aplicacion\\\/#primaryimage\",\"url\":\"https:\\\/\\\/diariofemenino.com.ar\\\/df\\\/wp-content\\\/uploads\\\/2021\\\/02\\\/Imagen1-2-e1612466035858.png\",\"contentUrl\":\"https:\\\/\\\/diariofemenino.com.ar\\\/df\\\/wp-content\\\/uploads\\\/2021\\\/02\\\/Imagen1-2-e1612466035858.png\",\"width\":1364,\"height\":573,\"caption\":\"\\\"Ley Nacional IVE, N\u00b027610: Luchamos por su aprobaci\u00f3n, defenderemos su aplicaci\u00f3n\\\".\"},{\"@type\":\"BreadcrumbList\",\"@id\":\"https:\\\/\\\/diariofemenino.com.ar\\\/df\\\/ley-nacional-ive-n27610-luchamos-por-su-aprobacion-defenderemos-su-aplicacion\\\/#breadcrumb\",\"itemListElement\":[{\"@type\":\"ListItem\",\"position\":1,\"name\":\"Portada\",\"item\":\"https:\\\/\\\/diariofemenino.com.ar\\\/df\\\/\"},{\"@type\":\"ListItem\",\"position\":2,\"name\":\"\u00abLey Nacional IVE, N\u00b027610: Luchamos por su aprobaci\u00f3n, defenderemos su aplicaci\u00f3n\u00bb.\"}]},{\"@type\":\"WebSite\",\"@id\":\"https:\\\/\\\/diariofemenino.com.ar\\\/df\\\/#website\",\"url\":\"https:\\\/\\\/diariofemenino.com.ar\\\/df\\\/\",\"name\":\"Diario Digital Femenino\",\"description\":\"Cuesti\u00f3n de G\u00e9nero\",\"publisher\":{\"@id\":\"https:\\\/\\\/diariofemenino.com.ar\\\/df\\\/#organization\"},\"potentialAction\":[{\"@type\":\"SearchAction\",\"target\":{\"@type\":\"EntryPoint\",\"urlTemplate\":\"https:\\\/\\\/diariofemenino.com.ar\\\/df\\\/?s={search_term_string}\"},\"query-input\":{\"@type\":\"PropertyValueSpecification\",\"valueRequired\":true,\"valueName\":\"search_term_string\"}}],\"inLanguage\":\"es\"},{\"@type\":\"Organization\",\"@id\":\"https:\\\/\\\/diariofemenino.com.ar\\\/df\\\/#organization\",\"name\":\"Diario Femenino\",\"url\":\"https:\\\/\\\/diariofemenino.com.ar\\\/df\\\/\",\"logo\":{\"@type\":\"ImageObject\",\"inLanguage\":\"es\",\"@id\":\"https:\\\/\\\/diariofemenino.com.ar\\\/df\\\/#\\\/schema\\\/logo\\\/image\\\/\",\"url\":\"https:\\\/\\\/diariofemenino.com.ar\\\/df\\\/wp-content\\\/uploads\\\/2018\\\/10\\\/logo.png\",\"contentUrl\":\"https:\\\/\\\/diariofemenino.com.ar\\\/df\\\/wp-content\\\/uploads\\\/2018\\\/10\\\/logo.png\",\"width\":500,\"height\":92,\"caption\":\"Diario Femenino\"},\"image\":{\"@id\":\"https:\\\/\\\/diariofemenino.com.ar\\\/df\\\/#\\\/schema\\\/logo\\\/image\\\/\"},\"sameAs\":[\"https:\\\/\\\/www.facebook.com\\\/DiarioDigitaFemenino\\\/\",\"https:\\\/\\\/x.com\\\/DiarioFemenino1\"]},{\"@type\":\"Person\",\"@id\":\"https:\\\/\\\/diariofemenino.com.ar\\\/df\\\/#\\\/schema\\\/person\\\/38f54b3bfd13f561de2460ba95c169c6\",\"name\":\"Admin\",\"image\":{\"@type\":\"ImageObject\",\"inLanguage\":\"es\",\"@id\":\"https:\\\/\\\/diariofemenino.com.ar\\\/df\\\/wp-content\\\/uploads\\\/2018\\\/12\\\/favicon-150x150.jpg\",\"url\":\"https:\\\/\\\/diariofemenino.com.ar\\\/df\\\/wp-content\\\/uploads\\\/2018\\\/12\\\/favicon-150x150.jpg\",\"contentUrl\":\"https:\\\/\\\/diariofemenino.com.ar\\\/df\\\/wp-content\\\/uploads\\\/2018\\\/12\\\/favicon-150x150.jpg\",\"caption\":\"Admin\"},\"url\":\"https:\\\/\\\/diariofemenino.com.ar\\\/df\\\/author\\\/adm18df\\\/\"}]}<\/script>\n<!-- \/ Yoast SEO plugin. -->","yoast_head_json":{"title":"\"Ley Nacional IVE, N\u00b027610: Luchamos por su aprobaci\u00f3n, defenderemos su aplicaci\u00f3n\". - Diario Digital Femenino","description":"\"Ley Nacional IVE, N\u00b027610\": El Foro Pampeano por el Derecho al Aborto Legal, Seguro y Gratuito manifiesta su rechazo a las presentaciones judiciales","robots":{"index":"index","follow":"follow","max-snippet":"max-snippet:-1","max-image-preview":"max-image-preview:large","max-video-preview":"max-video-preview:-1"},"canonical":"https:\/\/diariofemenino.com.ar\/df\/ley-nacional-ive-n27610-luchamos-por-su-aprobacion-defenderemos-su-aplicacion\/","og_locale":"es_ES","og_type":"article","og_title":"\"Ley Nacional IVE, N\u00b027610: Luchamos por su aprobaci\u00f3n, defenderemos su aplicaci\u00f3n\". - Diario Digital Femenino","og_description":"\"Ley Nacional IVE, N\u00b027610\": El Foro Pampeano por el Derecho al Aborto Legal, Seguro y Gratuito manifiesta su rechazo a las presentaciones judiciales","og_url":"https:\/\/diariofemenino.com.ar\/df\/ley-nacional-ive-n27610-luchamos-por-su-aprobacion-defenderemos-su-aplicacion\/","og_site_name":"Diario Digital Femenino","article_publisher":"https:\/\/www.facebook.com\/DiarioDigitaFemenino\/","article_published_time":"2021-02-04T19:15:47+00:00","article_modified_time":"2021-02-04T19:42:37+00:00","og_image":[{"width":1364,"height":573,"url":"https:\/\/diariofemenino.com.ar\/df\/wp-content\/uploads\/2021\/02\/Imagen1-2-e1612466035858.png","type":"image\/png"}],"author":"Admin","twitter_card":"summary_large_image","twitter_creator":"@DiarioFemenino1","twitter_site":"@DiarioFemenino1","twitter_misc":{"Escrito por":"Admin","Tiempo de lectura":"4 minutos"},"schema":{"@context":"https:\/\/schema.org","@graph":[{"@type":"Article","@id":"https:\/\/diariofemenino.com.ar\/df\/ley-nacional-ive-n27610-luchamos-por-su-aprobacion-defenderemos-su-aplicacion\/#article","isPartOf":{"@id":"https:\/\/diariofemenino.com.ar\/df\/ley-nacional-ive-n27610-luchamos-por-su-aprobacion-defenderemos-su-aplicacion\/"},"author":{"name":"Admin","@id":"https:\/\/diariofemenino.com.ar\/df\/#\/schema\/person\/38f54b3bfd13f561de2460ba95c169c6"},"headline":"\u00abLey Nacional IVE, N\u00b027610: Luchamos por su aprobaci\u00f3n, defenderemos su aplicaci\u00f3n\u00bb.","datePublished":"2021-02-04T19:15:47+00:00","dateModified":"2021-02-04T19:42:37+00:00","mainEntityOfPage":{"@id":"https:\/\/diariofemenino.com.ar\/df\/ley-nacional-ive-n27610-luchamos-por-su-aprobacion-defenderemos-su-aplicacion\/"},"wordCount":871,"commentCount":0,"publisher":{"@id":"https:\/\/diariofemenino.com.ar\/df\/#organization"},"image":{"@id":"https:\/\/diariofemenino.com.ar\/df\/ley-nacional-ive-n27610-luchamos-por-su-aprobacion-defenderemos-su-aplicacion\/#primaryimage"},"thumbnailUrl":"https:\/\/diariofemenino.com.ar\/df\/wp-content\/uploads\/2021\/02\/Imagen1-2-e1612466035858.png","keywords":["Esley","IVE","La Pampa"],"articleSection":["Aborto","Noticias"],"inLanguage":"es","potentialAction":[{"@type":"CommentAction","name":"Comment","target":["https:\/\/diariofemenino.com.ar\/df\/ley-nacional-ive-n27610-luchamos-por-su-aprobacion-defenderemos-su-aplicacion\/#respond"]}]},{"@type":"WebPage","@id":"https:\/\/diariofemenino.com.ar\/df\/ley-nacional-ive-n27610-luchamos-por-su-aprobacion-defenderemos-su-aplicacion\/","url":"https:\/\/diariofemenino.com.ar\/df\/ley-nacional-ive-n27610-luchamos-por-su-aprobacion-defenderemos-su-aplicacion\/","name":"\"Ley Nacional IVE, N\u00b027610: Luchamos por su aprobaci\u00f3n, defenderemos su aplicaci\u00f3n\". - Diario Digital Femenino","isPartOf":{"@id":"https:\/\/diariofemenino.com.ar\/df\/#website"},"primaryImageOfPage":{"@id":"https:\/\/diariofemenino.com.ar\/df\/ley-nacional-ive-n27610-luchamos-por-su-aprobacion-defenderemos-su-aplicacion\/#primaryimage"},"image":{"@id":"https:\/\/diariofemenino.com.ar\/df\/ley-nacional-ive-n27610-luchamos-por-su-aprobacion-defenderemos-su-aplicacion\/#primaryimage"},"thumbnailUrl":"https:\/\/diariofemenino.com.ar\/df\/wp-content\/uploads\/2021\/02\/Imagen1-2-e1612466035858.png","datePublished":"2021-02-04T19:15:47+00:00","dateModified":"2021-02-04T19:42:37+00:00","description":"\"Ley Nacional IVE, N\u00b027610\": El Foro Pampeano por el Derecho al Aborto Legal, Seguro y Gratuito manifiesta su rechazo a las presentaciones judiciales","breadcrumb":{"@id":"https:\/\/diariofemenino.com.ar\/df\/ley-nacional-ive-n27610-luchamos-por-su-aprobacion-defenderemos-su-aplicacion\/#breadcrumb"},"inLanguage":"es","potentialAction":[{"@type":"ReadAction","target":["https:\/\/diariofemenino.com.ar\/df\/ley-nacional-ive-n27610-luchamos-por-su-aprobacion-defenderemos-su-aplicacion\/"]}]},{"@type":"ImageObject","inLanguage":"es","@id":"https:\/\/diariofemenino.com.ar\/df\/ley-nacional-ive-n27610-luchamos-por-su-aprobacion-defenderemos-su-aplicacion\/#primaryimage","url":"https:\/\/diariofemenino.com.ar\/df\/wp-content\/uploads\/2021\/02\/Imagen1-2-e1612466035858.png","contentUrl":"https:\/\/diariofemenino.com.ar\/df\/wp-content\/uploads\/2021\/02\/Imagen1-2-e1612466035858.png","width":1364,"height":573,"caption":"\"Ley Nacional IVE, N\u00b027610: Luchamos por su aprobaci\u00f3n, defenderemos su aplicaci\u00f3n\"."},{"@type":"BreadcrumbList","@id":"https:\/\/diariofemenino.com.ar\/df\/ley-nacional-ive-n27610-luchamos-por-su-aprobacion-defenderemos-su-aplicacion\/#breadcrumb","itemListElement":[{"@type":"ListItem","position":1,"name":"Portada","item":"https:\/\/diariofemenino.com.ar\/df\/"},{"@type":"ListItem","position":2,"name":"\u00abLey Nacional IVE, N\u00b027610: Luchamos por su aprobaci\u00f3n, defenderemos su aplicaci\u00f3n\u00bb."}]},{"@type":"WebSite","@id":"https:\/\/diariofemenino.com.ar\/df\/#website","url":"https:\/\/diariofemenino.com.ar\/df\/","name":"Diario Digital Femenino","description":"Cuesti\u00f3n de G\u00e9nero","publisher":{"@id":"https:\/\/diariofemenino.com.ar\/df\/#organization"},"potentialAction":[{"@type":"SearchAction","target":{"@type":"EntryPoint","urlTemplate":"https:\/\/diariofemenino.com.ar\/df\/?s={search_term_string}"},"query-input":{"@type":"PropertyValueSpecification","valueRequired":true,"valueName":"search_term_string"}}],"inLanguage":"es"},{"@type":"Organization","@id":"https:\/\/diariofemenino.com.ar\/df\/#organization","name":"Diario Femenino","url":"https:\/\/diariofemenino.com.ar\/df\/","logo":{"@type":"ImageObject","inLanguage":"es","@id":"https:\/\/diariofemenino.com.ar\/df\/#\/schema\/logo\/image\/","url":"https:\/\/diariofemenino.com.ar\/df\/wp-content\/uploads\/2018\/10\/logo.png","contentUrl":"https:\/\/diariofemenino.com.ar\/df\/wp-content\/uploads\/2018\/10\/logo.png","width":500,"height":92,"caption":"Diario Femenino"},"image":{"@id":"https:\/\/diariofemenino.com.ar\/df\/#\/schema\/logo\/image\/"},"sameAs":["https:\/\/www.facebook.com\/DiarioDigitaFemenino\/","https:\/\/x.com\/DiarioFemenino1"]},{"@type":"Person","@id":"https:\/\/diariofemenino.com.ar\/df\/#\/schema\/person\/38f54b3bfd13f561de2460ba95c169c6","name":"Admin","image":{"@type":"ImageObject","inLanguage":"es","@id":"https:\/\/diariofemenino.com.ar\/df\/wp-content\/uploads\/2018\/12\/favicon-150x150.jpg","url":"https:\/\/diariofemenino.com.ar\/df\/wp-content\/uploads\/2018\/12\/favicon-150x150.jpg","contentUrl":"https:\/\/diariofemenino.com.ar\/df\/wp-content\/uploads\/2018\/12\/favicon-150x150.jpg","caption":"Admin"},"url":"https:\/\/diariofemenino.com.ar\/df\/author\/adm18df\/"}]}},"jetpack_featured_media_url":"https:\/\/diariofemenino.com.ar\/df\/wp-content\/uploads\/2021\/02\/Imagen1-2-e1612466035858.png","jetpack_sharing_enabled":true,"rttpg_featured_image_url":{"full":["https:\/\/diariofemenino.com.ar\/df\/wp-content\/uploads\/2021\/02\/Imagen1-2-e1612466035858.png",1364,573,false],"landscape":["https:\/\/diariofemenino.com.ar\/df\/wp-content\/uploads\/2021\/02\/Imagen1-2-e1612466035858.png",1364,573,false],"portraits":["https:\/\/diariofemenino.com.ar\/df\/wp-content\/uploads\/2021\/02\/Imagen1-2-e1612466035858.png",1364,573,false],"thumbnail":["https:\/\/diariofemenino.com.ar\/df\/wp-content\/uploads\/2021\/02\/Imagen1-2-e1612466035858-150x150.png",150,150,true],"medium":["https:\/\/diariofemenino.com.ar\/df\/wp-content\/uploads\/2021\/02\/Imagen1-2-e1612466035858-300x126.png",300,126,true],"large":["https:\/\/diariofemenino.com.ar\/df\/wp-content\/uploads\/2021\/02\/Imagen1-2-e1612466035858-1024x430.png",1024,430,true],"1536x1536":["https:\/\/diariofemenino.com.ar\/df\/wp-content\/uploads\/2021\/02\/Imagen1-2-e1612466035858.png",1364,573,false],"2048x2048":["https:\/\/diariofemenino.com.ar\/df\/wp-content\/uploads\/2021\/02\/Imagen1-2-e1612466035858.png",1364,573,false]},"rttpg_author":{"display_name":"Admin","author_link":"https:\/\/diariofemenino.com.ar\/df\/author\/adm18df\/"},"rttpg_comment":0,"rttpg_category":"<a href=\"https:\/\/diariofemenino.com.ar\/df\/category\/aborto\/\" rel=\"category tag\">Aborto<\/a> <a href=\"https:\/\/diariofemenino.com.ar\/df\/category\/noticias\/\" rel=\"category tag\">Noticias<\/a>","rttpg_excerpt":"Ley Nacional IVE N\u00b027610 Ante la presentaci\u00f3n judicial de un sector antiderechos en la Justicia Federal de La Pampa el Foro Pampeano por el Derecho al Aborto Legal Seguro y Gratuito emiti\u00f3 un\u00a0 comunicado en rechazo a la acci\u00f3n. Documento completo El Foro Pampeano por el Derecho al Aborto Legal, Seguro y Gratuito manifiesta su&hellip;","_links":{"self":[{"href":"https:\/\/diariofemenino.com.ar\/df\/wp-json\/wp\/v2\/posts\/55686","targetHints":{"allow":["GET"]}}],"collection":[{"href":"https:\/\/diariofemenino.com.ar\/df\/wp-json\/wp\/v2\/posts"}],"about":[{"href":"https:\/\/diariofemenino.com.ar\/df\/wp-json\/wp\/v2\/types\/post"}],"author":[{"embeddable":true,"href":"https:\/\/diariofemenino.com.ar\/df\/wp-json\/wp\/v2\/users\/1"}],"replies":[{"embeddable":true,"href":"https:\/\/diariofemenino.com.ar\/df\/wp-json\/wp\/v2\/comments?post=55686"}],"version-history":[{"count":0,"href":"https:\/\/diariofemenino.com.ar\/df\/wp-json\/wp\/v2\/posts\/55686\/revisions"}],"wp:featuredmedia":[{"embeddable":true,"href":"https:\/\/diariofemenino.com.ar\/df\/wp-json\/wp\/v2\/media\/55688"}],"wp:attachment":[{"href":"https:\/\/diariofemenino.com.ar\/df\/wp-json\/wp\/v2\/media?parent=55686"}],"wp:term":[{"taxonomy":"category","embeddable":true,"href":"https:\/\/diariofemenino.com.ar\/df\/wp-json\/wp\/v2\/categories?post=55686"},{"taxonomy":"post_tag","embeddable":true,"href":"https:\/\/diariofemenino.com.ar\/df\/wp-json\/wp\/v2\/tags?post=55686"}],"curies":[{"name":"wp","href":"https:\/\/api.w.org\/{rel}","templated":true}]}}