{"id":55655,"date":"2021-02-02T09:32:16","date_gmt":"2021-02-02T12:32:16","guid":{"rendered":"https:\/\/diariofemenino.com.ar\/?p=55655"},"modified":"2021-02-02T09:32:16","modified_gmt":"2021-02-02T12:32:16","slug":"elogio-a-las-canas","status":"publish","type":"post","link":"https:\/\/diariofemenino.com.ar\/df\/elogio-a-las-canas\/","title":{"rendered":"Elogio a las canas"},"content":{"rendered":"<p>Elogio a las canas<\/p>\n<p>En nuestros cabellos, tambi\u00e9n disputamos los mandatos est\u00e9ticos, la tendencia \u201csilver hair\u201d creci\u00f3 en los \u00faltimos a\u00f1os. Algunas pusieron en escena la decisi\u00f3n, como acto pol\u00edtico, de dejar de te\u00f1irse para que sus canas crezcan libremente. En esta nota, traemos retazos de historias de vida en las canas.<\/p>\n<p>El pelo gris se volvi\u00f3 \u201ccool\u201d, quienes no tienen canas naturales se ti\u00f1en buscando un efecto parecido, al estilo Lady Gaga, Billie Eilish, Rihanna, Pink o Kelly Osbourne. En ficciones recientes, se crearon personajes de pelo color plata, como Daenerys Targaryen en \u201cGame of Thrones\u201d o la reina Elsa de la pel\u00edcula Frozen, ambas desancladas de la edad y la vejez. El a\u00f1o pasado, el mercado estuvo muy atento leyendo algunas reivindicaciones y, as\u00ed, L\u2019Or\u00e9al nombr\u00f3 al gris como el color del a\u00f1o.<\/p>\n<p>En paralelo, y por la imposibilidad de ir a la peluquer\u00eda en cuarentena, muchas famosas empezaron a mostrar m\u00e1s naturalmente sus canas en sus redes. La tendencia crece, tipe\u00e1s #silverhair, #canas, #greyhair, #grannyhair en Instagram y aparecen miles de publicaciones: fotos de todas las edades, estilos y mensajes. Lorraine Massey, creadora del m\u00e9todo curly girl que congrega la movida conocida como el\u00a0<a href=\"https:\/\/latinta.com.ar\/2020\/07\/cowash-de-moda-a-activismo-estetico\/\">cowashing<\/a>, recientemente public\u00f3 el libro\u00a0Silver Hair: say Goodbye to the Dye and Let Your Natural Light Shine: A Handbook. Tambi\u00e9n, desde la industria audiovisual, el documental\u00a0Gray is the new blonde\u00a0propone un recorrido hist\u00f3rico por la transformaci\u00f3n est\u00e9tica sobre las canas en distintas edades, culturas y contextos socioecon\u00f3micos, historias de mujeres que ya no quieren te\u00f1irse las canas.<\/p>\n<figure id=\"attachment_55658\" aria-describedby=\"caption-attachment-55658\" style=\"width: 900px\" class=\"wp-caption aligncenter\"><img loading=\"lazy\" decoding=\"async\" class=\"size-large wp-image-55658\" src=\"https:\/\/diariofemenino.com.ar\/df\/wp-content\/uploads\/2021\/02\/Canas-pelo-cabello-Natalia-Roca-05-1024x575.jpg\" alt=\"Elogio a las canas\" width=\"900\" height=\"505\" srcset=\"https:\/\/diariofemenino.com.ar\/df\/wp-content\/uploads\/2021\/02\/Canas-pelo-cabello-Natalia-Roca-05-1024x575.jpg 1024w, https:\/\/diariofemenino.com.ar\/df\/wp-content\/uploads\/2021\/02\/Canas-pelo-cabello-Natalia-Roca-05-300x169.jpg 300w, https:\/\/diariofemenino.com.ar\/df\/wp-content\/uploads\/2021\/02\/Canas-pelo-cabello-Natalia-Roca-05-768x432.jpg 768w, https:\/\/diariofemenino.com.ar\/df\/wp-content\/uploads\/2021\/02\/Canas-pelo-cabello-Natalia-Roca-05.jpg 1057w\" sizes=\"auto, (max-width: 900px) 100vw, 900px\" \/><figcaption id=\"caption-attachment-55658\" class=\"wp-caption-text\">Elogio a las canas<\/figcaption><\/figure>\n<p>De diversas formas, mujeres, lesbianas, trans, travestis y no binaries est\u00e1n poniendo su pelo como protagonista para combatir las reglas de belleza hegem\u00f3nica y el mercado. Por conciencia ecol\u00f3gica, como forma de narrar sus identidades en las inscripciones corporales, como disputas de sentido en sociedades que pretenden la juvenilizaci\u00f3n de la vida, de distintas maneras, un lenguaje est\u00e9tico comienza a correr algunos bordes delineados por mandatos hist\u00f3ricos.<\/p>\n<p>La contact\u00e9 a\u00a0Lili Simari\u00a0para contarle que ten\u00eda pensado escribir sobre las canas, desde que la conozco, lleva su pelo plateado con mucha libertad y convicci\u00f3n. Me dijo en un mensaje que, si pon\u00eda \u201ccanas\u201d en el buscador, \u201cte salen im\u00e1genes de mujeres top ten que se dejaron las canas o sugerencias de c\u00f3mo te\u00f1\u00edrtelas. El mensaje que encontr\u00e1s tiene un amplio espectro: utiliz\u00e1 tal o cual producto para que las canas desaparezcan ya de tu cabeza, o desaf\u00eda los estereotipos y s\u00e9 una mujer natural y plena. En el medio, pod\u00e9s encontrar una gama de consejos tan variados como la paleta de colores de Frida Kahlo, pero todos dan por sentado que hablamos de las canas de mujeres de m\u00e1s de 40, que consumen productos, estilos, modelos, marcas, que est\u00e1n ocupadas y\/o preocupadas en resolver un problema. Y la verdad es que las canas son la manera en que los pigmentos act\u00faan en un cuerpo, seg\u00fan innumerables factores naturales y contextuales. \u00bfPero decimos cuerpo, cuerpa, var\u00f3n, mujer, natural, social, oscuro, claro? Y la verdad que ser\u00eda bonito usar la variada paleta de Frida Kahlo tambi\u00e9n para pensar y sentir esto de las canas. Podr\u00edamos hablar de todes y no de mujeres solitas, una manera en la que todes elegimos una forma de estar y de ser, sali\u00e9ndonos de los corrales de los estilos, las marcas o los modelos, todes les que queremos inventar, conservar, modificar, jugar\u201d.<\/p>\n<figure id=\"attachment_55659\" aria-describedby=\"caption-attachment-55659\" style=\"width: 900px\" class=\"wp-caption aligncenter\"><img loading=\"lazy\" decoding=\"async\" class=\"size-large wp-image-55659\" src=\"https:\/\/diariofemenino.com.ar\/df\/wp-content\/uploads\/2021\/02\/Canas-pelo-cabello-Natalia-Roca-08-1024x576.jpg\" alt=\"Elogio a las canas\" width=\"900\" height=\"506\" srcset=\"https:\/\/diariofemenino.com.ar\/df\/wp-content\/uploads\/2021\/02\/Canas-pelo-cabello-Natalia-Roca-08-1024x576.jpg 1024w, https:\/\/diariofemenino.com.ar\/df\/wp-content\/uploads\/2021\/02\/Canas-pelo-cabello-Natalia-Roca-08-300x169.jpg 300w, https:\/\/diariofemenino.com.ar\/df\/wp-content\/uploads\/2021\/02\/Canas-pelo-cabello-Natalia-Roca-08-768x432.jpg 768w, https:\/\/diariofemenino.com.ar\/df\/wp-content\/uploads\/2021\/02\/Canas-pelo-cabello-Natalia-Roca-08.jpg 1058w\" sizes=\"auto, (max-width: 900px) 100vw, 900px\" \/><figcaption id=\"caption-attachment-55659\" class=\"wp-caption-text\">Elogio a las canas<\/figcaption><\/figure>\n<p><strong>Todo pelo es pol\u00edtico: las canas<\/strong><\/p>\n<p>En las actuales formas sociales, el paso del tiempo conlleva un valor negativo y una \u201ceterna apariencia joven\u201d es el imperativo y la \u00f3ptica desde donde se regulan los cuerpos. El desprecio por las arrugas, las canas y la falta de tonicidad es claro y se traduce en motivo de preocupaciones y comentarios, las presiones de la est\u00e9tica pesan sobre nuestras corporalidades y tambi\u00e9n sobre c\u00f3mo lucen nuestros cabellos. Las canas en las mujeres se asocian a la vejez, al descuido, a la falta de presencia y, sobre todo, a una est\u00e9tica no deseable. En contraposici\u00f3n, las canas en las masculinidades, las m\u00e1s hegem\u00f3nicas, son le\u00eddas como signo de sabidur\u00eda, de madurez e, incluso, como un capital er\u00f3tico.<\/p>\n<p>\u00bfCu\u00e1ntas veces en tu vida alguien te hizo un comentario sobre<a href=\"https:\/\/diariofemenino.com.ar\/tengo-rulos-y-que-hartos-del-bullying-reivindican-su-pelo-y-lo-lucen-con-un-metodo-sin-shampoo\/\"> c\u00f3mo luc\u00eda el pelo<\/a>? De alguna manera, el estado de tu pelo es un signo que muestra socialmente c\u00f3mo est\u00e1 tu vida. Porque el mito de la belleza siempre est\u00e1 activo, aun cuando tambi\u00e9n se puso de moda el amor propio. En muchos portales, hablan del empoderamiento femenino a partir de las experiencias liberadoras que trajo el uso natural del cabello. Y la verdad es que esa idea es un poco enga\u00f1osa o, al menos, podremos decir que no creemos que m\u00e1gicamente acontecen los procesos de liberaci\u00f3n de mandatos de belleza, que anidan oscura y obsesivamente en rincones de nuestras mentes y pieles. Creemos profundamente en las revoluciones que damos en distintos \u00e1mbitos, pero entendidas en lo complejo de la humanidad en la que vivimos.<\/p>\n<figure id=\"attachment_55660\" aria-describedby=\"caption-attachment-55660\" style=\"width: 900px\" class=\"wp-caption aligncenter\"><img loading=\"lazy\" decoding=\"async\" class=\"size-large wp-image-55660\" src=\"https:\/\/diariofemenino.com.ar\/df\/wp-content\/uploads\/2021\/02\/Canas-pelo-cabello-Natalia-Roca-03-1024x576.jpg\" alt=\"Elogio a las canas\" width=\"900\" height=\"506\" srcset=\"https:\/\/diariofemenino.com.ar\/df\/wp-content\/uploads\/2021\/02\/Canas-pelo-cabello-Natalia-Roca-03-1024x576.jpg 1024w, https:\/\/diariofemenino.com.ar\/df\/wp-content\/uploads\/2021\/02\/Canas-pelo-cabello-Natalia-Roca-03-300x169.jpg 300w, https:\/\/diariofemenino.com.ar\/df\/wp-content\/uploads\/2021\/02\/Canas-pelo-cabello-Natalia-Roca-03-768x432.jpg 768w, https:\/\/diariofemenino.com.ar\/df\/wp-content\/uploads\/2021\/02\/Canas-pelo-cabello-Natalia-Roca-03.jpg 1058w\" sizes=\"auto, (max-width: 900px) 100vw, 900px\" \/><figcaption id=\"caption-attachment-55660\" class=\"wp-caption-text\">Elogio a las canas<\/figcaption><\/figure>\n<p><em>Para m\u00ed, dejarme las canas fue un gesto de autenticidad a mis 42 a\u00f1os y fue ir en contra de mucha gente que me dec\u00eda que me hac\u00eda vieja. Tuve mucha resistencia del entorno, la familia. Era tal mi decisi\u00f3n que hoy veo las fotos te\u00f1ida de morocha y me gustan m\u00e1s las canas. Hay gente que me ha parado en el aeropuerto, en todos lados, y que me preguntaban si me te\u00f1\u00eda. Me toc\u00f3 militar y defender mis canas, despu\u00e9s, mucha, mucha gente me dijo: \u2018Tengo que reconocer que te quedaron bien\u2019\u201d.\u00a0<\/em><\/p>\n<p>En 1990,\u00a0Naomi Wolf\u00a0escribi\u00f3 que \u201cla mujer opulenta, educada y liberada del primer mundo puede disfrutar de libertades que, en otros tiempos, fueron inaccesibles para las mujeres; sin embargo, no se sienten tan libres como quisieran. Y ya no pueden evitar que esta sensaci\u00f3n de falta de libertad emerja a la conciencia como un problema que tiene que ver con asuntos aparentemente fr\u00edvolos, con cosas que no deber\u00edan importar. Muchas se averg\u00fcenzan de admitir que preocupaciones tan triviales como la apariencia f\u00edsica, el cuerpo, el rostro, el cabello y la ropa tienen tanta importancia. Pero, a pesar de la verg\u00fcenza, el complejo de culpa y la negaci\u00f3n, m\u00e1s mujeres sospechan que no es tanto que est\u00e9n neur\u00f3ticas y solas, sino, m\u00e1s bien, que algo m\u00e1s importante est\u00e1 en juego, algo que tiene que ver con la relaci\u00f3n entre liberaci\u00f3n femenina y belleza femenina. Mientras m\u00e1s obst\u00e1culos materiales y legales son superados por las mujeres, m\u00e1s nos pesan im\u00e1genes de belleza inflexibles y crueles\u201d.<\/p>\n<figure id=\"attachment_55664\" aria-describedby=\"caption-attachment-55664\" style=\"width: 900px\" class=\"wp-caption aligncenter\"><img loading=\"lazy\" decoding=\"async\" class=\"size-large wp-image-55664\" src=\"https:\/\/diariofemenino.com.ar\/df\/wp-content\/uploads\/2021\/02\/Imagen1-1024x506.png\" alt=\"Elogio a las canas\" width=\"900\" height=\"445\" srcset=\"https:\/\/diariofemenino.com.ar\/df\/wp-content\/uploads\/2021\/02\/Imagen1-1024x506.png 1024w, https:\/\/diariofemenino.com.ar\/df\/wp-content\/uploads\/2021\/02\/Imagen1-300x148.png 300w, https:\/\/diariofemenino.com.ar\/df\/wp-content\/uploads\/2021\/02\/Imagen1-768x379.png 768w, https:\/\/diariofemenino.com.ar\/df\/wp-content\/uploads\/2021\/02\/Imagen1.png 1359w\" sizes=\"auto, (max-width: 900px) 100vw, 900px\" \/><figcaption id=\"caption-attachment-55664\" class=\"wp-caption-text\">Elogio a las canas<\/figcaption><\/figure>\n<p>\u201cEl mito de la belleza\u201d, para esta autora, es la versi\u00f3n moderna de un reflejo social vigente desde la revoluci\u00f3n industrial. Cuando las mujeres libraron la batalla contra la m\u00edstica de la feminidad encriptada en la domesticidad y la maternidad, aquello que Betty Friedan llam\u00f3 \u201cel malestar que no tiene nombre\u201d; el control social se traslad\u00f3 tambi\u00e9n al mandato de belleza, en un contragolpe del sistema, una maquinaria que funciona sin descanso.<\/p>\n<p>Lili Gattino\u00a0lleva, hace unos a\u00f1os, el pelo totalmente canoso\u00a0y afirma que, de la sensaci\u00f3n de libertad, ya no hay vuelta atr\u00e1s. Es interesante escucharla narrar el proceso de dejar de te\u00f1irse, \u201cmis primeras canas aparecieron a los 22 a\u00f1os. Al principio, fue f\u00e1cil deshacerme de ellas; s\u00f3lo con un tir\u00f3n, desaparec\u00edan. Rebeldes ellas, volv\u00edan a nacer y a marcar su presencia en mi cabello. Fui aceptando esas primeras canas y, cuando ya eran una cantidad que no pasaban desapercibidas y ante comentarios como: \u2018te\u00f1\u00edtelas, te envejece\u2019, empec\u00e9 a probar tinturas. Al comienzo, fueron menos agresivas, sin el \u2018oxidante\u2019, pero cuando las canas tomaron posesi\u00f3n de gran parte del territorio de mi cabellera, decid\u00ed acceder a la tintura \u2018verdadera\u2019, la oficial y no seudo-tinturas. Ten\u00eda 35 a\u00f1os. A partir de ese d\u00eda, comenz\u00f3 una \u2018carrera\u2019 sin vuelta atr\u00e1s. El te\u00f1ido se repet\u00eda mes a mes, o cada 2 meses, primero, buscando colores parecidos al \u2018original\u2019 para que no sepan que me te\u00f1\u00eda. Otras tantas veces experimentando colores m\u00e1s claros, m\u00e1s rojos, m\u00e1s oscuros, m\u00e1s violetas, acompa\u00f1ados por pelo corto, con mechas, pelo largo, rebajado, pero sintiendo el peso de no poder parar con esa \u2018obligaci\u00f3n\u2019 de cubrir las canas. Cada vez con lapsos de tiempo m\u00e1s cortos, se mostraban blancas y apareciendo desde la ra\u00edz, dando lucha a su exterminio, a su no visibilizaci\u00f3n, a su identidad escondida. Ellas permanec\u00edan aut\u00e9nticas, con el brillo y la sedosidad de lo natural, mientras que el pelo con color iba torn\u00e1ndose cada vez m\u00e1s en un pelo opaco, duro, muri\u00e9ndose de a poco ante la invasi\u00f3n t\u00f3xica de los qu\u00edmicos, sus poros estaban anulados, obturados, desesperanzados de vida. Tomar la decisi\u00f3n de dejar la tintura fue producto del cansancio de ese \u2018deber\u2019 que cada 20 d\u00edas me atormentaba (era muy fuerte la presencia del blanco en el rojo). Pero no fue de un d\u00eda para el otro. Fue largo el camino hasta llegar a decidirme\u201d.<\/p>\n<p>A la par de que el mercado crea nuevos est\u00e1ndares a seguir, se politiza la idea \u00fanica y estandarizada de belleza, y nuevas historias comienzan a circular sobre pelos \u201cno hegem\u00f3nicos\u201d o formas m\u00e1s sanas y ecol\u00f3gicas de auto cuidado.<\/p>\n<p><em>\u201cDejarme las canas fue uno de los actos de amor propio m\u00e1s grandes que he hecho, dej\u00e9 de gastar dinero y tiempo, ensa\u00f1\u00e1ndome todos los meses con esos qu\u00edmicos tan nocivos. Y, sobre todo, fue empezar a cuestionarme a qui\u00e9n le quer\u00eda mostrar qu\u00e9, qui\u00e9n me ped\u00eda qu\u00e9. Muchos cuestionamientos de por qu\u00e9 estaba eligiendo te\u00f1irme, as\u00ed fue que, hace un par de a\u00f1os, me dej\u00e9 las canas, me encanta encontrarme con canas y me encanta que, despu\u00e9s, un mont\u00f3n de mujeres de la familia y de vecinos y desconocidas empezaron a hacer lo mismo\u201d.<\/em><\/p>\n<figure id=\"attachment_55662\" aria-describedby=\"caption-attachment-55662\" style=\"width: 900px\" class=\"wp-caption aligncenter\"><img loading=\"lazy\" decoding=\"async\" class=\"size-large wp-image-55662\" src=\"https:\/\/diariofemenino.com.ar\/df\/wp-content\/uploads\/2021\/02\/Canas-pelo-cabello-Natalia-Roca-06-1024x576.jpg\" alt=\"Elogio a las canas\" width=\"900\" height=\"506\" srcset=\"https:\/\/diariofemenino.com.ar\/df\/wp-content\/uploads\/2021\/02\/Canas-pelo-cabello-Natalia-Roca-06-1024x576.jpg 1024w, https:\/\/diariofemenino.com.ar\/df\/wp-content\/uploads\/2021\/02\/Canas-pelo-cabello-Natalia-Roca-06-300x169.jpg 300w, https:\/\/diariofemenino.com.ar\/df\/wp-content\/uploads\/2021\/02\/Canas-pelo-cabello-Natalia-Roca-06-768x432.jpg 768w, https:\/\/diariofemenino.com.ar\/df\/wp-content\/uploads\/2021\/02\/Canas-pelo-cabello-Natalia-Roca-06.jpg 1058w\" sizes=\"auto, (max-width: 900px) 100vw, 900px\" \/><figcaption id=\"caption-attachment-55662\" class=\"wp-caption-text\">Elogio a las canas<\/figcaption><\/figure>\n<p><strong>Hacer comunidad<\/strong><\/p>\n<p>Grupos de Facebook y cuentas de Instagram alientan a vivir con el pelo al natural, tanto con rulos como con canas y generan comunidades para acompa\u00f1arse. Entre posteo y likes, muestran con fotos las transiciones, se apoyan, cuentan sus dudas, pasan tips, se dan \u00e1nimo. \u201cOrgullosa de mis canas\u201d, \u201cS\u00ed, son canas\u201d, \u201cYo me atrevo a lucir mis canas\u201d, son algunos de los nombres de los grupos. Participan de todas las edades, porque las canas no te aparecen cuando empez\u00e1s a \u201chacerte vieja\u201d, las canas aparecen en distintos momentos de la vida, aunque representan un fantasma de la vejez. Estas iniciativas son el recordatorio de que la salida es colectiva y para desmontar estos hilos m\u00e1s o menos visibles que nos moldean.<\/p>\n<p>\u201cBlancas nieve, o grises cenizas, o crema manteca, o beige arena; pintadas de amarillo, azul, violeta, verde, marr\u00f3n; o combinadas mitad canas, mitad pintadas. A m\u00ed me gustan mucho las canas, verlas en las cabezas de todes, me gustan porque iluminan, muestran, dicen, cuentan, juegan, sorprenden. Son honestas, aparecen y ya est\u00e1, son lo que son y lo que van siendo, me gustan porque aparecen de repente o de a poco, y, sobre todo, me gustan porque las siento rebeldes, revolucionarias, provocadoras. En un mundo que siempre te persigue con las apariencias, el consumo, la juventud eterna, la belleza empaquetada, la delgadez extrema, las canas con un mech\u00f3n rosa en el medio pueden ser una linda manera de decir: soltate de las amarras, vamos a sentir algo nuevo. Odio este sistema del orto que me encasilla. Todav\u00eda creo que podemos hacerlo mejor. Y que vivan las canas de todes\u201d, concluye el mensaje de Lili Simari.<\/p>\n<p>&nbsp;<\/p>\n<figure id=\"attachment_55663\" aria-describedby=\"caption-attachment-55663\" style=\"width: 900px\" class=\"wp-caption aligncenter\"><img loading=\"lazy\" decoding=\"async\" class=\"size-large wp-image-55663\" src=\"https:\/\/diariofemenino.com.ar\/df\/wp-content\/uploads\/2021\/02\/Canas-pelo-cabello-Natalia-Roca-02-1024x575.jpg\" alt=\"Elogio a las canas\" width=\"900\" height=\"505\" srcset=\"https:\/\/diariofemenino.com.ar\/df\/wp-content\/uploads\/2021\/02\/Canas-pelo-cabello-Natalia-Roca-02-1024x575.jpg 1024w, https:\/\/diariofemenino.com.ar\/df\/wp-content\/uploads\/2021\/02\/Canas-pelo-cabello-Natalia-Roca-02-300x169.jpg 300w, https:\/\/diariofemenino.com.ar\/df\/wp-content\/uploads\/2021\/02\/Canas-pelo-cabello-Natalia-Roca-02-768x432.jpg 768w, https:\/\/diariofemenino.com.ar\/df\/wp-content\/uploads\/2021\/02\/Canas-pelo-cabello-Natalia-Roca-02.jpg 1057w\" sizes=\"auto, (max-width: 900px) 100vw, 900px\" \/><figcaption id=\"caption-attachment-55663\" class=\"wp-caption-text\">Elogio a las canas<\/figcaption><\/figure>\n<p><a href=\"https:\/\/latinta.com.ar\/\">La Tinta<\/a><\/p>\n<p><a href=\"https:\/\/diariofemenino.com.ar\">Diario Digital Femenino<\/a><\/p>\n<p>&nbsp;<\/p>\n","protected":false},"excerpt":{"rendered":"<p>Elogio a las canas En nuestros cabellos, tambi\u00e9n disputamos los mandatos est\u00e9ticos, la tendencia \u201csilver hair\u201d creci\u00f3 en los \u00faltimos a\u00f1os. Algunas pusieron en escena la decisi\u00f3n, como acto pol\u00edtico, de dejar de te\u00f1irse para que sus canas crezcan libremente. En esta nota, traemos retazos de historias de vida en las canas. El pelo gris [&hellip;]<\/p>\n","protected":false},"author":1,"featured_media":55657,"comment_status":"open","ping_status":"open","sticky":false,"template":"","format":"standard","meta":{"iawp_total_views":239,"footnotes":""},"categories":[1067,5,32],"tags":[4078,640,4079],"class_list":["post-55655","post","type-post","status-publish","format-standard","has-post-thumbnail","hentry","category-agenda-feminista","category-historias-de-vida","category-mujeres","tag-canas","tag-lo-personal-es-politico","tag-mandatos-esteticos"],"nelio_content":{"autoShareEndMode":"never","automationSources":{"useCustomSentences":false,"customSentences":[]},"efiAlt":"","efiUrl":"","followers":[],"highlights":[],"isAutoShareEnabled":true,"networkImageIds":[],"permalinkQueryArgs":[],"series":[],"suggestedReferences":[]},"yoast_head":"<!-- This site is optimized with the Yoast SEO plugin v27.5 - https:\/\/yoast.com\/product\/yoast-seo-wordpress\/ -->\n<title>Elogio a las canas - Diario Digital Femenino<\/title>\n<meta name=\"description\" content=\"Elogio a las canas: El pelo gris se volvi\u00f3 \u201ccool\u201d, quienes no tienen canas naturales se ti\u00f1en buscando un efecto parecido.\" \/>\n<meta name=\"robots\" content=\"index, follow, max-snippet:-1, max-image-preview:large, max-video-preview:-1\" \/>\n<link rel=\"canonical\" href=\"https:\/\/diariofemenino.com.ar\/df\/elogio-a-las-canas\/\" \/>\n<meta property=\"og:locale\" content=\"es_ES\" \/>\n<meta property=\"og:type\" content=\"article\" \/>\n<meta property=\"og:title\" content=\"Elogio a las canas - Diario Digital Femenino\" \/>\n<meta property=\"og:description\" content=\"Elogio a las canas: El pelo gris se volvi\u00f3 \u201ccool\u201d, quienes no tienen canas naturales se ti\u00f1en buscando un efecto parecido.\" \/>\n<meta property=\"og:url\" content=\"https:\/\/diariofemenino.com.ar\/df\/elogio-a-las-canas\/\" \/>\n<meta property=\"og:site_name\" content=\"Diario Digital Femenino\" \/>\n<meta property=\"article:publisher\" content=\"https:\/\/www.facebook.com\/DiarioDigitaFemenino\/\" \/>\n<meta property=\"article:published_time\" content=\"2021-02-02T12:32:16+00:00\" \/>\n<meta property=\"og:image\" content=\"https:\/\/diariofemenino.com.ar\/df\/wp-content\/uploads\/2021\/02\/Canas-pelo-cabello-Natalia-Roca-07.jpg\" \/>\n\t<meta property=\"og:image:width\" content=\"1058\" \/>\n\t<meta property=\"og:image:height\" content=\"595\" \/>\n\t<meta property=\"og:image:type\" content=\"image\/jpeg\" \/>\n<meta name=\"author\" content=\"Admin\" \/>\n<meta name=\"twitter:card\" content=\"summary_large_image\" \/>\n<meta name=\"twitter:creator\" content=\"@DiarioFemenino1\" \/>\n<meta name=\"twitter:site\" content=\"@DiarioFemenino1\" \/>\n<meta name=\"twitter:label1\" content=\"Escrito por\" \/>\n\t<meta name=\"twitter:data1\" content=\"Admin\" \/>\n\t<meta name=\"twitter:label2\" content=\"Tiempo de lectura\" \/>\n\t<meta name=\"twitter:data2\" content=\"11 minutos\" \/>\n<script type=\"application\/ld+json\" class=\"yoast-schema-graph\">{\"@context\":\"https:\\\/\\\/schema.org\",\"@graph\":[{\"@type\":\"Article\",\"@id\":\"https:\\\/\\\/diariofemenino.com.ar\\\/df\\\/elogio-a-las-canas\\\/#article\",\"isPartOf\":{\"@id\":\"https:\\\/\\\/diariofemenino.com.ar\\\/df\\\/elogio-a-las-canas\\\/\"},\"author\":{\"name\":\"Admin\",\"@id\":\"https:\\\/\\\/diariofemenino.com.ar\\\/df\\\/#\\\/schema\\\/person\\\/38f54b3bfd13f561de2460ba95c169c6\"},\"headline\":\"Elogio a las canas\",\"datePublished\":\"2021-02-02T12:32:16+00:00\",\"mainEntityOfPage\":{\"@id\":\"https:\\\/\\\/diariofemenino.com.ar\\\/df\\\/elogio-a-las-canas\\\/\"},\"wordCount\":2114,\"commentCount\":0,\"publisher\":{\"@id\":\"https:\\\/\\\/diariofemenino.com.ar\\\/df\\\/#organization\"},\"image\":{\"@id\":\"https:\\\/\\\/diariofemenino.com.ar\\\/df\\\/elogio-a-las-canas\\\/#primaryimage\"},\"thumbnailUrl\":\"https:\\\/\\\/diariofemenino.com.ar\\\/df\\\/wp-content\\\/uploads\\\/2021\\\/02\\\/Canas-pelo-cabello-Natalia-Roca-07.jpg\",\"keywords\":[\"Canas\",\"Lo personal es Pol\u00edtico\",\"Mandatos est\u00e9ticos\"],\"articleSection\":[\"Agenda Feminista\",\"Historias de vida\",\"Mujeres\"],\"inLanguage\":\"es\",\"potentialAction\":[{\"@type\":\"CommentAction\",\"name\":\"Comment\",\"target\":[\"https:\\\/\\\/diariofemenino.com.ar\\\/df\\\/elogio-a-las-canas\\\/#respond\"]}]},{\"@type\":\"WebPage\",\"@id\":\"https:\\\/\\\/diariofemenino.com.ar\\\/df\\\/elogio-a-las-canas\\\/\",\"url\":\"https:\\\/\\\/diariofemenino.com.ar\\\/df\\\/elogio-a-las-canas\\\/\",\"name\":\"Elogio a las canas - Diario Digital Femenino\",\"isPartOf\":{\"@id\":\"https:\\\/\\\/diariofemenino.com.ar\\\/df\\\/#website\"},\"primaryImageOfPage\":{\"@id\":\"https:\\\/\\\/diariofemenino.com.ar\\\/df\\\/elogio-a-las-canas\\\/#primaryimage\"},\"image\":{\"@id\":\"https:\\\/\\\/diariofemenino.com.ar\\\/df\\\/elogio-a-las-canas\\\/#primaryimage\"},\"thumbnailUrl\":\"https:\\\/\\\/diariofemenino.com.ar\\\/df\\\/wp-content\\\/uploads\\\/2021\\\/02\\\/Canas-pelo-cabello-Natalia-Roca-07.jpg\",\"datePublished\":\"2021-02-02T12:32:16+00:00\",\"description\":\"Elogio a las canas: El pelo gris se volvi\u00f3 \u201ccool\u201d, quienes no tienen canas naturales se ti\u00f1en buscando un efecto parecido.\",\"breadcrumb\":{\"@id\":\"https:\\\/\\\/diariofemenino.com.ar\\\/df\\\/elogio-a-las-canas\\\/#breadcrumb\"},\"inLanguage\":\"es\",\"potentialAction\":[{\"@type\":\"ReadAction\",\"target\":[\"https:\\\/\\\/diariofemenino.com.ar\\\/df\\\/elogio-a-las-canas\\\/\"]}]},{\"@type\":\"ImageObject\",\"inLanguage\":\"es\",\"@id\":\"https:\\\/\\\/diariofemenino.com.ar\\\/df\\\/elogio-a-las-canas\\\/#primaryimage\",\"url\":\"https:\\\/\\\/diariofemenino.com.ar\\\/df\\\/wp-content\\\/uploads\\\/2021\\\/02\\\/Canas-pelo-cabello-Natalia-Roca-07.jpg\",\"contentUrl\":\"https:\\\/\\\/diariofemenino.com.ar\\\/df\\\/wp-content\\\/uploads\\\/2021\\\/02\\\/Canas-pelo-cabello-Natalia-Roca-07.jpg\",\"width\":1058,\"height\":595,\"caption\":\"Elogio a las canas\"},{\"@type\":\"BreadcrumbList\",\"@id\":\"https:\\\/\\\/diariofemenino.com.ar\\\/df\\\/elogio-a-las-canas\\\/#breadcrumb\",\"itemListElement\":[{\"@type\":\"ListItem\",\"position\":1,\"name\":\"Portada\",\"item\":\"https:\\\/\\\/diariofemenino.com.ar\\\/df\\\/\"},{\"@type\":\"ListItem\",\"position\":2,\"name\":\"Elogio a las canas\"}]},{\"@type\":\"WebSite\",\"@id\":\"https:\\\/\\\/diariofemenino.com.ar\\\/df\\\/#website\",\"url\":\"https:\\\/\\\/diariofemenino.com.ar\\\/df\\\/\",\"name\":\"Diario Digital Femenino\",\"description\":\"Cuesti\u00f3n de G\u00e9nero\",\"publisher\":{\"@id\":\"https:\\\/\\\/diariofemenino.com.ar\\\/df\\\/#organization\"},\"potentialAction\":[{\"@type\":\"SearchAction\",\"target\":{\"@type\":\"EntryPoint\",\"urlTemplate\":\"https:\\\/\\\/diariofemenino.com.ar\\\/df\\\/?s={search_term_string}\"},\"query-input\":{\"@type\":\"PropertyValueSpecification\",\"valueRequired\":true,\"valueName\":\"search_term_string\"}}],\"inLanguage\":\"es\"},{\"@type\":\"Organization\",\"@id\":\"https:\\\/\\\/diariofemenino.com.ar\\\/df\\\/#organization\",\"name\":\"Diario Femenino\",\"url\":\"https:\\\/\\\/diariofemenino.com.ar\\\/df\\\/\",\"logo\":{\"@type\":\"ImageObject\",\"inLanguage\":\"es\",\"@id\":\"https:\\\/\\\/diariofemenino.com.ar\\\/df\\\/#\\\/schema\\\/logo\\\/image\\\/\",\"url\":\"https:\\\/\\\/diariofemenino.com.ar\\\/df\\\/wp-content\\\/uploads\\\/2018\\\/10\\\/logo.png\",\"contentUrl\":\"https:\\\/\\\/diariofemenino.com.ar\\\/df\\\/wp-content\\\/uploads\\\/2018\\\/10\\\/logo.png\",\"width\":500,\"height\":92,\"caption\":\"Diario Femenino\"},\"image\":{\"@id\":\"https:\\\/\\\/diariofemenino.com.ar\\\/df\\\/#\\\/schema\\\/logo\\\/image\\\/\"},\"sameAs\":[\"https:\\\/\\\/www.facebook.com\\\/DiarioDigitaFemenino\\\/\",\"https:\\\/\\\/x.com\\\/DiarioFemenino1\"]},{\"@type\":\"Person\",\"@id\":\"https:\\\/\\\/diariofemenino.com.ar\\\/df\\\/#\\\/schema\\\/person\\\/38f54b3bfd13f561de2460ba95c169c6\",\"name\":\"Admin\",\"image\":{\"@type\":\"ImageObject\",\"inLanguage\":\"es\",\"@id\":\"https:\\\/\\\/diariofemenino.com.ar\\\/df\\\/wp-content\\\/uploads\\\/2018\\\/12\\\/favicon-150x150.jpg\",\"url\":\"https:\\\/\\\/diariofemenino.com.ar\\\/df\\\/wp-content\\\/uploads\\\/2018\\\/12\\\/favicon-150x150.jpg\",\"contentUrl\":\"https:\\\/\\\/diariofemenino.com.ar\\\/df\\\/wp-content\\\/uploads\\\/2018\\\/12\\\/favicon-150x150.jpg\",\"caption\":\"Admin\"},\"url\":\"https:\\\/\\\/diariofemenino.com.ar\\\/df\\\/author\\\/adm18df\\\/\"}]}<\/script>\n<!-- \/ Yoast SEO plugin. -->","yoast_head_json":{"title":"Elogio a las canas - Diario Digital Femenino","description":"Elogio a las canas: El pelo gris se volvi\u00f3 \u201ccool\u201d, quienes no tienen canas naturales se ti\u00f1en buscando un efecto parecido.","robots":{"index":"index","follow":"follow","max-snippet":"max-snippet:-1","max-image-preview":"max-image-preview:large","max-video-preview":"max-video-preview:-1"},"canonical":"https:\/\/diariofemenino.com.ar\/df\/elogio-a-las-canas\/","og_locale":"es_ES","og_type":"article","og_title":"Elogio a las canas - Diario Digital Femenino","og_description":"Elogio a las canas: El pelo gris se volvi\u00f3 \u201ccool\u201d, quienes no tienen canas naturales se ti\u00f1en buscando un efecto parecido.","og_url":"https:\/\/diariofemenino.com.ar\/df\/elogio-a-las-canas\/","og_site_name":"Diario Digital Femenino","article_publisher":"https:\/\/www.facebook.com\/DiarioDigitaFemenino\/","article_published_time":"2021-02-02T12:32:16+00:00","og_image":[{"width":1058,"height":595,"url":"https:\/\/diariofemenino.com.ar\/df\/wp-content\/uploads\/2021\/02\/Canas-pelo-cabello-Natalia-Roca-07.jpg","type":"image\/jpeg"}],"author":"Admin","twitter_card":"summary_large_image","twitter_creator":"@DiarioFemenino1","twitter_site":"@DiarioFemenino1","twitter_misc":{"Escrito por":"Admin","Tiempo de lectura":"11 minutos"},"schema":{"@context":"https:\/\/schema.org","@graph":[{"@type":"Article","@id":"https:\/\/diariofemenino.com.ar\/df\/elogio-a-las-canas\/#article","isPartOf":{"@id":"https:\/\/diariofemenino.com.ar\/df\/elogio-a-las-canas\/"},"author":{"name":"Admin","@id":"https:\/\/diariofemenino.com.ar\/df\/#\/schema\/person\/38f54b3bfd13f561de2460ba95c169c6"},"headline":"Elogio a las canas","datePublished":"2021-02-02T12:32:16+00:00","mainEntityOfPage":{"@id":"https:\/\/diariofemenino.com.ar\/df\/elogio-a-las-canas\/"},"wordCount":2114,"commentCount":0,"publisher":{"@id":"https:\/\/diariofemenino.com.ar\/df\/#organization"},"image":{"@id":"https:\/\/diariofemenino.com.ar\/df\/elogio-a-las-canas\/#primaryimage"},"thumbnailUrl":"https:\/\/diariofemenino.com.ar\/df\/wp-content\/uploads\/2021\/02\/Canas-pelo-cabello-Natalia-Roca-07.jpg","keywords":["Canas","Lo personal es Pol\u00edtico","Mandatos est\u00e9ticos"],"articleSection":["Agenda Feminista","Historias de vida","Mujeres"],"inLanguage":"es","potentialAction":[{"@type":"CommentAction","name":"Comment","target":["https:\/\/diariofemenino.com.ar\/df\/elogio-a-las-canas\/#respond"]}]},{"@type":"WebPage","@id":"https:\/\/diariofemenino.com.ar\/df\/elogio-a-las-canas\/","url":"https:\/\/diariofemenino.com.ar\/df\/elogio-a-las-canas\/","name":"Elogio a las canas - Diario Digital Femenino","isPartOf":{"@id":"https:\/\/diariofemenino.com.ar\/df\/#website"},"primaryImageOfPage":{"@id":"https:\/\/diariofemenino.com.ar\/df\/elogio-a-las-canas\/#primaryimage"},"image":{"@id":"https:\/\/diariofemenino.com.ar\/df\/elogio-a-las-canas\/#primaryimage"},"thumbnailUrl":"https:\/\/diariofemenino.com.ar\/df\/wp-content\/uploads\/2021\/02\/Canas-pelo-cabello-Natalia-Roca-07.jpg","datePublished":"2021-02-02T12:32:16+00:00","description":"Elogio a las canas: El pelo gris se volvi\u00f3 \u201ccool\u201d, quienes no tienen canas naturales se ti\u00f1en buscando un efecto parecido.","breadcrumb":{"@id":"https:\/\/diariofemenino.com.ar\/df\/elogio-a-las-canas\/#breadcrumb"},"inLanguage":"es","potentialAction":[{"@type":"ReadAction","target":["https:\/\/diariofemenino.com.ar\/df\/elogio-a-las-canas\/"]}]},{"@type":"ImageObject","inLanguage":"es","@id":"https:\/\/diariofemenino.com.ar\/df\/elogio-a-las-canas\/#primaryimage","url":"https:\/\/diariofemenino.com.ar\/df\/wp-content\/uploads\/2021\/02\/Canas-pelo-cabello-Natalia-Roca-07.jpg","contentUrl":"https:\/\/diariofemenino.com.ar\/df\/wp-content\/uploads\/2021\/02\/Canas-pelo-cabello-Natalia-Roca-07.jpg","width":1058,"height":595,"caption":"Elogio a las canas"},{"@type":"BreadcrumbList","@id":"https:\/\/diariofemenino.com.ar\/df\/elogio-a-las-canas\/#breadcrumb","itemListElement":[{"@type":"ListItem","position":1,"name":"Portada","item":"https:\/\/diariofemenino.com.ar\/df\/"},{"@type":"ListItem","position":2,"name":"Elogio a las canas"}]},{"@type":"WebSite","@id":"https:\/\/diariofemenino.com.ar\/df\/#website","url":"https:\/\/diariofemenino.com.ar\/df\/","name":"Diario Digital Femenino","description":"Cuesti\u00f3n de G\u00e9nero","publisher":{"@id":"https:\/\/diariofemenino.com.ar\/df\/#organization"},"potentialAction":[{"@type":"SearchAction","target":{"@type":"EntryPoint","urlTemplate":"https:\/\/diariofemenino.com.ar\/df\/?s={search_term_string}"},"query-input":{"@type":"PropertyValueSpecification","valueRequired":true,"valueName":"search_term_string"}}],"inLanguage":"es"},{"@type":"Organization","@id":"https:\/\/diariofemenino.com.ar\/df\/#organization","name":"Diario Femenino","url":"https:\/\/diariofemenino.com.ar\/df\/","logo":{"@type":"ImageObject","inLanguage":"es","@id":"https:\/\/diariofemenino.com.ar\/df\/#\/schema\/logo\/image\/","url":"https:\/\/diariofemenino.com.ar\/df\/wp-content\/uploads\/2018\/10\/logo.png","contentUrl":"https:\/\/diariofemenino.com.ar\/df\/wp-content\/uploads\/2018\/10\/logo.png","width":500,"height":92,"caption":"Diario Femenino"},"image":{"@id":"https:\/\/diariofemenino.com.ar\/df\/#\/schema\/logo\/image\/"},"sameAs":["https:\/\/www.facebook.com\/DiarioDigitaFemenino\/","https:\/\/x.com\/DiarioFemenino1"]},{"@type":"Person","@id":"https:\/\/diariofemenino.com.ar\/df\/#\/schema\/person\/38f54b3bfd13f561de2460ba95c169c6","name":"Admin","image":{"@type":"ImageObject","inLanguage":"es","@id":"https:\/\/diariofemenino.com.ar\/df\/wp-content\/uploads\/2018\/12\/favicon-150x150.jpg","url":"https:\/\/diariofemenino.com.ar\/df\/wp-content\/uploads\/2018\/12\/favicon-150x150.jpg","contentUrl":"https:\/\/diariofemenino.com.ar\/df\/wp-content\/uploads\/2018\/12\/favicon-150x150.jpg","caption":"Admin"},"url":"https:\/\/diariofemenino.com.ar\/df\/author\/adm18df\/"}]}},"jetpack_featured_media_url":"https:\/\/diariofemenino.com.ar\/df\/wp-content\/uploads\/2021\/02\/Canas-pelo-cabello-Natalia-Roca-07.jpg","jetpack_sharing_enabled":true,"rttpg_featured_image_url":{"full":["https:\/\/diariofemenino.com.ar\/df\/wp-content\/uploads\/2021\/02\/Canas-pelo-cabello-Natalia-Roca-07.jpg",1058,595,false],"landscape":["https:\/\/diariofemenino.com.ar\/df\/wp-content\/uploads\/2021\/02\/Canas-pelo-cabello-Natalia-Roca-07.jpg",1058,595,false],"portraits":["https:\/\/diariofemenino.com.ar\/df\/wp-content\/uploads\/2021\/02\/Canas-pelo-cabello-Natalia-Roca-07.jpg",1058,595,false],"thumbnail":["https:\/\/diariofemenino.com.ar\/df\/wp-content\/uploads\/2021\/02\/Canas-pelo-cabello-Natalia-Roca-07-150x150.jpg",150,150,true],"medium":["https:\/\/diariofemenino.com.ar\/df\/wp-content\/uploads\/2021\/02\/Canas-pelo-cabello-Natalia-Roca-07-300x169.jpg",300,169,true],"large":["https:\/\/diariofemenino.com.ar\/df\/wp-content\/uploads\/2021\/02\/Canas-pelo-cabello-Natalia-Roca-07-1024x576.jpg",1024,576,true],"1536x1536":["https:\/\/diariofemenino.com.ar\/df\/wp-content\/uploads\/2021\/02\/Canas-pelo-cabello-Natalia-Roca-07.jpg",1058,595,false],"2048x2048":["https:\/\/diariofemenino.com.ar\/df\/wp-content\/uploads\/2021\/02\/Canas-pelo-cabello-Natalia-Roca-07.jpg",1058,595,false]},"rttpg_author":{"display_name":"Admin","author_link":"https:\/\/diariofemenino.com.ar\/df\/author\/adm18df\/"},"rttpg_comment":0,"rttpg_category":"<a href=\"https:\/\/diariofemenino.com.ar\/df\/category\/agenda-feminista\/\" rel=\"category tag\">Agenda Feminista<\/a> <a href=\"https:\/\/diariofemenino.com.ar\/df\/category\/historias-de-vida\/\" rel=\"category tag\">Historias de vida<\/a> <a href=\"https:\/\/diariofemenino.com.ar\/df\/category\/mujeres\/\" rel=\"category tag\">Mujeres<\/a>","rttpg_excerpt":"Elogio a las canas En nuestros cabellos, tambi\u00e9n disputamos los mandatos est\u00e9ticos, la tendencia \u201csilver hair\u201d creci\u00f3 en los \u00faltimos a\u00f1os. Algunas pusieron en escena la decisi\u00f3n, como acto pol\u00edtico, de dejar de te\u00f1irse para que sus canas crezcan libremente. En esta nota, traemos retazos de historias de vida en las canas. El pelo gris&hellip;","_links":{"self":[{"href":"https:\/\/diariofemenino.com.ar\/df\/wp-json\/wp\/v2\/posts\/55655","targetHints":{"allow":["GET"]}}],"collection":[{"href":"https:\/\/diariofemenino.com.ar\/df\/wp-json\/wp\/v2\/posts"}],"about":[{"href":"https:\/\/diariofemenino.com.ar\/df\/wp-json\/wp\/v2\/types\/post"}],"author":[{"embeddable":true,"href":"https:\/\/diariofemenino.com.ar\/df\/wp-json\/wp\/v2\/users\/1"}],"replies":[{"embeddable":true,"href":"https:\/\/diariofemenino.com.ar\/df\/wp-json\/wp\/v2\/comments?post=55655"}],"version-history":[{"count":0,"href":"https:\/\/diariofemenino.com.ar\/df\/wp-json\/wp\/v2\/posts\/55655\/revisions"}],"wp:featuredmedia":[{"embeddable":true,"href":"https:\/\/diariofemenino.com.ar\/df\/wp-json\/wp\/v2\/media\/55657"}],"wp:attachment":[{"href":"https:\/\/diariofemenino.com.ar\/df\/wp-json\/wp\/v2\/media?parent=55655"}],"wp:term":[{"taxonomy":"category","embeddable":true,"href":"https:\/\/diariofemenino.com.ar\/df\/wp-json\/wp\/v2\/categories?post=55655"},{"taxonomy":"post_tag","embeddable":true,"href":"https:\/\/diariofemenino.com.ar\/df\/wp-json\/wp\/v2\/tags?post=55655"}],"curies":[{"name":"wp","href":"https:\/\/api.w.org\/{rel}","templated":true}]}}