{"id":55649,"date":"2021-02-02T09:17:23","date_gmt":"2021-02-02T12:17:23","guid":{"rendered":"https:\/\/diariofemenino.com.ar\/?p=55649"},"modified":"2021-02-02T09:17:23","modified_gmt":"2021-02-02T12:17:23","slug":"la-mapuche-luisa-calcumil-fue-distinguida-como-la-artista-mas-representativa-de-la-region","status":"publish","type":"post","link":"https:\/\/diariofemenino.com.ar\/df\/la-mapuche-luisa-calcumil-fue-distinguida-como-la-artista-mas-representativa-de-la-region\/","title":{"rendered":"La mapuche Luisa Calcumil fue distinguida como la artista m\u00e1s representativa de la regi\u00f3n"},"content":{"rendered":"<p>La mapuche Luisa Calcumil fue distinguida como la artista m\u00e1s representativa de la regi\u00f3n<\/p>\n<p>La\u00a0actriz, cantora y dramaturga <a href=\"https:\/\/diariofemenino.com.ar\/tiempo-de-mujeres-mapuches-levantandose-en-sus-territorios\/\">mapuche<\/a> Luisa Calcumil\u00a0fue distinguida como una de las artistas m\u00e1s representativas de la regi\u00f3n por el Ministerio de Cultura de la Naci\u00f3n de Argentina.\u00a0Con una larga trayectoria en cine y teatro, la artista se posicion\u00f3 como una voz fundamental para su pueblo a partir de la incorporaci\u00f3n en sus obras de tem\u00e1ticas que reflejan su idiosincrasia.<\/p>\n<figure id=\"attachment_55652\" aria-describedby=\"caption-attachment-55652\" style=\"width: 900px\" class=\"wp-caption aligncenter\"><img loading=\"lazy\" decoding=\"async\" class=\"size-large wp-image-55652\" src=\"https:\/\/diariofemenino.com.ar\/df\/wp-content\/uploads\/2021\/02\/Luisa-Calcumil-1024x576.jpg\" alt=\"La mapuche Luisa Calcumil fue distinguida como la artista m\u00e1s representativa de la regi\u00f3n\" width=\"900\" height=\"506\" srcset=\"https:\/\/diariofemenino.com.ar\/df\/wp-content\/uploads\/2021\/02\/Luisa-Calcumil-1024x576.jpg 1024w, https:\/\/diariofemenino.com.ar\/df\/wp-content\/uploads\/2021\/02\/Luisa-Calcumil-300x169.jpg 300w, https:\/\/diariofemenino.com.ar\/df\/wp-content\/uploads\/2021\/02\/Luisa-Calcumil-768x432.jpg 768w, https:\/\/diariofemenino.com.ar\/df\/wp-content\/uploads\/2021\/02\/Luisa-Calcumil.jpg 1920w\" sizes=\"auto, (max-width: 900px) 100vw, 900px\" \/><figcaption id=\"caption-attachment-55652\" class=\"wp-caption-text\">La mapuche Luisa Calcumil fue distinguida como la artista m\u00e1s representativa de la regi\u00f3n<\/figcaption><\/figure>\n<p>Adem\u00e1s del reconocimiento por su aporte a la cultura nacional, Calcumil recibi\u00f3 un premio especial del Instituto Nacional del Teatro, a la vez que se anunci\u00f3 el inicio de gestiones por parte del Consejo de Editorial para la realizaci\u00f3n de un documental sobre su labor.<\/p>\n<p>\u201cVengo a celebrar y a homenajear a una mujer y a una artista extraordinaria como es Luisa Calcumil. Traemos distinciones del Ministerio de Cultura, del Fondo Nacional de las Artes y del Instituto Nacional de Teatro. Todo lo que hagamos por ella es poco\u201d, expres\u00f3 el ministro Trist\u00e1n Bauer al llegar a General Roca.<\/p>\n<p>Nacida en esa ciudad, en 1945, la artista inici\u00f3 sus estudios de teatro a los 23 a\u00f1os en uno de los primeros talleres que funcionaron en la zona y tuvo su gran oportunidad en 1986 en el cine cuando protagoniz\u00f3 \u201cGer\u00f3nima\u201d, un filme de Ra\u00fal Tosso.<\/p>\n<blockquote class=\"twitter-tweet\" data-width=\"550\" data-dnt=\"true\">\n<p lang=\"es\" dir=\"ltr\">En su visita a R\u00edo Negro el ministro de Cultura, Trist\u00e1n Bauer, se reuni\u00f3 con la cantora, narradora y dramaturga mapuche Luisa Calcumil e hizo entrega de reconocimientos a su incalculable aporte a la cultura nacional de parte del Ministerio, el <a href=\"https:\/\/twitter.com\/FnaArgentina?ref_src=twsrc%5Etfw\">@FnaArgentina<\/a> y el <a href=\"https:\/\/twitter.com\/inteatro_arg?ref_src=twsrc%5Etfw\">@inteatro_arg<\/a>. <a href=\"https:\/\/t.co\/avG9E8cROl\">pic.twitter.com\/avG9E8cROl<\/a><\/p>\n<p>&mdash; Cultura Naci\u00f3n (@CulturaNacionAR) <a href=\"https:\/\/twitter.com\/CulturaNacionAR\/status\/1354556199925129223?ref_src=twsrc%5Etfw\">January 27, 2021<\/a><\/p><\/blockquote>\n<p><script async src=\"https:\/\/platform.twitter.com\/widgets.js\" charset=\"utf-8\"><\/script><\/p>\n<p>Calcumil tambi\u00e9n actu\u00f3 en \u201cAmor a Am\u00e9rica\u201d, \u201cHijo del r\u00edo\u201d y \u201cEl grito de la sangre\u201d, pero ante la ausencia de papeles representativos que dieran voz a su pueblo,\u00a0comenz\u00f3 a escribir sus propias obras, entre las que destacan \u201cEs bueno mirarse en la propia sombra\u201d, \u201cAlma de ma\u00edz\u201d, \u201cLa tropilla de Ruperto\u201d y \u201cFolil\u201d.<\/p>\n<p>Las pel\u00edculas en las que particip\u00f3 tuvieron tambi\u00e9n una gran repercusi\u00f3n en Espa\u00f1a, por lo que fue invitada al Festival de C\u00e1diz, en donde en 1990 se alz\u00f3 con el Premio Le\u00f3nidas Barreta a la mejor actriz.<\/p>\n<p>Entre las distintas formas que encontr\u00f3 para expresarse, la actriz se desarroll\u00f3 como cantautora, lo cual qued\u00f3 plasmado en su disco \u201cLa Cantora\u201d, que compiti\u00f3 en los Premios Gardel 2008 en el rubro Mejor \u00c1lbum Nuevo Artista de Folclore y del que afirm\u00f3 que sus letras hablaban \u201cde y desde la mujer sure\u00f1a\u201d.<\/p>\n<p>\u201cCreo que la cultura mapuche, con su culto al trabajo y al respeto a la persona, tiene mucho que aportar en este momento de grave amenaza a algunos aspectos vitales de la condici\u00f3n humana\u201d, manifest\u00f3 la artista en una ocasi\u00f3n en la que se le pidi\u00f3 una reflexi\u00f3n sobre su tarea.<\/p>\n<p><a href=\"https:\/\/latinoamericapiensa.com\/\">Latinoam\u00e9rica Piensa<\/a><\/p>\n<p><a href=\"https:\/\/diariofemenino.com.ar\">Diario Digital Femenino<\/a><\/p>\n","protected":false},"excerpt":{"rendered":"<p>La mapuche Luisa Calcumil fue distinguida como la artista m\u00e1s representativa de la regi\u00f3n La\u00a0actriz, cantora y dramaturga mapuche Luisa Calcumil\u00a0fue distinguida como una de las artistas m\u00e1s representativas de la regi\u00f3n por el Ministerio de Cultura de la Naci\u00f3n de Argentina.\u00a0Con una larga trayectoria en cine y teatro, la artista se posicion\u00f3 como una [&hellip;]<\/p>\n","protected":false},"author":1,"featured_media":55651,"comment_status":"open","ping_status":"open","sticky":false,"template":"","format":"standard","meta":{"iawp_total_views":19,"footnotes":""},"categories":[21],"tags":[64,4077,76],"class_list":["post-55649","post","type-post","status-publish","format-standard","has-post-thumbnail","hentry","category-noticias","tag-arte","tag-mapuches","tag-teatro"],"nelio_content":{"autoShareEndMode":"never","automationSources":{"useCustomSentences":false,"customSentences":[]},"efiAlt":"","efiUrl":"","followers":[],"highlights":[],"isAutoShareEnabled":true,"networkImageIds":[],"permalinkQueryArgs":[],"series":[],"suggestedReferences":[]},"yoast_head":"<!-- This site is optimized with the Yoast SEO plugin v27.5 - https:\/\/yoast.com\/product\/yoast-seo-wordpress\/ -->\n<title>La mapuche Luisa Calcumil fue distinguida como la artista m\u00e1s representativa de la regi\u00f3n - Diario Digital Femenino<\/title>\n<meta name=\"description\" content=\"La mapuche Luisa Calcumil: reconocimiento por su aporte a la cultura nacional. Tambi\u00e9n recibi\u00f3 un premio especial del Instituto Nacional del Teatro.\" \/>\n<meta name=\"robots\" content=\"index, follow, max-snippet:-1, max-image-preview:large, max-video-preview:-1\" \/>\n<link rel=\"canonical\" href=\"https:\/\/diariofemenino.com.ar\/df\/la-mapuche-luisa-calcumil-fue-distinguida-como-la-artista-mas-representativa-de-la-region\/\" \/>\n<meta property=\"og:locale\" content=\"es_ES\" \/>\n<meta property=\"og:type\" content=\"article\" \/>\n<meta property=\"og:title\" content=\"La mapuche Luisa Calcumil fue distinguida como la artista m\u00e1s representativa de la regi\u00f3n - Diario Digital Femenino\" \/>\n<meta property=\"og:description\" content=\"La mapuche Luisa Calcumil: reconocimiento por su aporte a la cultura nacional. Tambi\u00e9n recibi\u00f3 un premio especial del Instituto Nacional del Teatro.\" \/>\n<meta property=\"og:url\" content=\"https:\/\/diariofemenino.com.ar\/df\/la-mapuche-luisa-calcumil-fue-distinguida-como-la-artista-mas-representativa-de-la-region\/\" \/>\n<meta property=\"og:site_name\" content=\"Diario Digital Femenino\" \/>\n<meta property=\"article:publisher\" content=\"https:\/\/www.facebook.com\/DiarioDigitaFemenino\/\" \/>\n<meta property=\"article:published_time\" content=\"2021-02-02T12:17:23+00:00\" \/>\n<meta property=\"og:image\" content=\"https:\/\/diariofemenino.com.ar\/df\/wp-content\/uploads\/2021\/02\/EsxSN-W8AIofaV-e1612267955236.jpg\" \/>\n\t<meta property=\"og:image:width\" content=\"993\" \/>\n\t<meta property=\"og:image:height\" content=\"499\" \/>\n\t<meta property=\"og:image:type\" content=\"image\/jpeg\" \/>\n<meta name=\"author\" content=\"Admin\" \/>\n<meta name=\"twitter:card\" content=\"summary_large_image\" \/>\n<meta name=\"twitter:creator\" content=\"@DiarioFemenino1\" \/>\n<meta name=\"twitter:site\" content=\"@DiarioFemenino1\" \/>\n<meta name=\"twitter:label1\" content=\"Escrito por\" \/>\n\t<meta name=\"twitter:data1\" content=\"Admin\" \/>\n\t<meta name=\"twitter:label2\" content=\"Tiempo de lectura\" \/>\n\t<meta name=\"twitter:data2\" content=\"2 minutos\" \/>\n<script type=\"application\/ld+json\" class=\"yoast-schema-graph\">{\"@context\":\"https:\\\/\\\/schema.org\",\"@graph\":[{\"@type\":\"Article\",\"@id\":\"https:\\\/\\\/diariofemenino.com.ar\\\/df\\\/la-mapuche-luisa-calcumil-fue-distinguida-como-la-artista-mas-representativa-de-la-region\\\/#article\",\"isPartOf\":{\"@id\":\"https:\\\/\\\/diariofemenino.com.ar\\\/df\\\/la-mapuche-luisa-calcumil-fue-distinguida-como-la-artista-mas-representativa-de-la-region\\\/\"},\"author\":{\"name\":\"Admin\",\"@id\":\"https:\\\/\\\/diariofemenino.com.ar\\\/df\\\/#\\\/schema\\\/person\\\/38f54b3bfd13f561de2460ba95c169c6\"},\"headline\":\"La mapuche Luisa Calcumil fue distinguida como la artista m\u00e1s representativa de la regi\u00f3n\",\"datePublished\":\"2021-02-02T12:17:23+00:00\",\"mainEntityOfPage\":{\"@id\":\"https:\\\/\\\/diariofemenino.com.ar\\\/df\\\/la-mapuche-luisa-calcumil-fue-distinguida-como-la-artista-mas-representativa-de-la-region\\\/\"},\"wordCount\":514,\"commentCount\":0,\"publisher\":{\"@id\":\"https:\\\/\\\/diariofemenino.com.ar\\\/df\\\/#organization\"},\"image\":{\"@id\":\"https:\\\/\\\/diariofemenino.com.ar\\\/df\\\/la-mapuche-luisa-calcumil-fue-distinguida-como-la-artista-mas-representativa-de-la-region\\\/#primaryimage\"},\"thumbnailUrl\":\"https:\\\/\\\/diariofemenino.com.ar\\\/df\\\/wp-content\\\/uploads\\\/2021\\\/02\\\/EsxSN-W8AIofaV-e1612267955236.jpg\",\"keywords\":[\"Arte\",\"Mapuches\",\"Teatro\"],\"articleSection\":[\"Noticias\"],\"inLanguage\":\"es\",\"potentialAction\":[{\"@type\":\"CommentAction\",\"name\":\"Comment\",\"target\":[\"https:\\\/\\\/diariofemenino.com.ar\\\/df\\\/la-mapuche-luisa-calcumil-fue-distinguida-como-la-artista-mas-representativa-de-la-region\\\/#respond\"]}]},{\"@type\":\"WebPage\",\"@id\":\"https:\\\/\\\/diariofemenino.com.ar\\\/df\\\/la-mapuche-luisa-calcumil-fue-distinguida-como-la-artista-mas-representativa-de-la-region\\\/\",\"url\":\"https:\\\/\\\/diariofemenino.com.ar\\\/df\\\/la-mapuche-luisa-calcumil-fue-distinguida-como-la-artista-mas-representativa-de-la-region\\\/\",\"name\":\"La mapuche Luisa Calcumil fue distinguida como la artista m\u00e1s representativa de la regi\u00f3n - Diario Digital Femenino\",\"isPartOf\":{\"@id\":\"https:\\\/\\\/diariofemenino.com.ar\\\/df\\\/#website\"},\"primaryImageOfPage\":{\"@id\":\"https:\\\/\\\/diariofemenino.com.ar\\\/df\\\/la-mapuche-luisa-calcumil-fue-distinguida-como-la-artista-mas-representativa-de-la-region\\\/#primaryimage\"},\"image\":{\"@id\":\"https:\\\/\\\/diariofemenino.com.ar\\\/df\\\/la-mapuche-luisa-calcumil-fue-distinguida-como-la-artista-mas-representativa-de-la-region\\\/#primaryimage\"},\"thumbnailUrl\":\"https:\\\/\\\/diariofemenino.com.ar\\\/df\\\/wp-content\\\/uploads\\\/2021\\\/02\\\/EsxSN-W8AIofaV-e1612267955236.jpg\",\"datePublished\":\"2021-02-02T12:17:23+00:00\",\"description\":\"La mapuche Luisa Calcumil: reconocimiento por su aporte a la cultura nacional. Tambi\u00e9n recibi\u00f3 un premio especial del Instituto Nacional del Teatro.\",\"breadcrumb\":{\"@id\":\"https:\\\/\\\/diariofemenino.com.ar\\\/df\\\/la-mapuche-luisa-calcumil-fue-distinguida-como-la-artista-mas-representativa-de-la-region\\\/#breadcrumb\"},\"inLanguage\":\"es\",\"potentialAction\":[{\"@type\":\"ReadAction\",\"target\":[\"https:\\\/\\\/diariofemenino.com.ar\\\/df\\\/la-mapuche-luisa-calcumil-fue-distinguida-como-la-artista-mas-representativa-de-la-region\\\/\"]}]},{\"@type\":\"ImageObject\",\"inLanguage\":\"es\",\"@id\":\"https:\\\/\\\/diariofemenino.com.ar\\\/df\\\/la-mapuche-luisa-calcumil-fue-distinguida-como-la-artista-mas-representativa-de-la-region\\\/#primaryimage\",\"url\":\"https:\\\/\\\/diariofemenino.com.ar\\\/df\\\/wp-content\\\/uploads\\\/2021\\\/02\\\/EsxSN-W8AIofaV-e1612267955236.jpg\",\"contentUrl\":\"https:\\\/\\\/diariofemenino.com.ar\\\/df\\\/wp-content\\\/uploads\\\/2021\\\/02\\\/EsxSN-W8AIofaV-e1612267955236.jpg\",\"width\":993,\"height\":499,\"caption\":\"La mapuche Luisa Calcumil fue distinguida como la artista m\u00e1s representativa de la regi\u00f3n\"},{\"@type\":\"BreadcrumbList\",\"@id\":\"https:\\\/\\\/diariofemenino.com.ar\\\/df\\\/la-mapuche-luisa-calcumil-fue-distinguida-como-la-artista-mas-representativa-de-la-region\\\/#breadcrumb\",\"itemListElement\":[{\"@type\":\"ListItem\",\"position\":1,\"name\":\"Portada\",\"item\":\"https:\\\/\\\/diariofemenino.com.ar\\\/df\\\/\"},{\"@type\":\"ListItem\",\"position\":2,\"name\":\"La mapuche Luisa Calcumil fue distinguida como la artista m\u00e1s representativa de la regi\u00f3n\"}]},{\"@type\":\"WebSite\",\"@id\":\"https:\\\/\\\/diariofemenino.com.ar\\\/df\\\/#website\",\"url\":\"https:\\\/\\\/diariofemenino.com.ar\\\/df\\\/\",\"name\":\"Diario Digital Femenino\",\"description\":\"Cuesti\u00f3n de G\u00e9nero\",\"publisher\":{\"@id\":\"https:\\\/\\\/diariofemenino.com.ar\\\/df\\\/#organization\"},\"potentialAction\":[{\"@type\":\"SearchAction\",\"target\":{\"@type\":\"EntryPoint\",\"urlTemplate\":\"https:\\\/\\\/diariofemenino.com.ar\\\/df\\\/?s={search_term_string}\"},\"query-input\":{\"@type\":\"PropertyValueSpecification\",\"valueRequired\":true,\"valueName\":\"search_term_string\"}}],\"inLanguage\":\"es\"},{\"@type\":\"Organization\",\"@id\":\"https:\\\/\\\/diariofemenino.com.ar\\\/df\\\/#organization\",\"name\":\"Diario Femenino\",\"url\":\"https:\\\/\\\/diariofemenino.com.ar\\\/df\\\/\",\"logo\":{\"@type\":\"ImageObject\",\"inLanguage\":\"es\",\"@id\":\"https:\\\/\\\/diariofemenino.com.ar\\\/df\\\/#\\\/schema\\\/logo\\\/image\\\/\",\"url\":\"https:\\\/\\\/diariofemenino.com.ar\\\/df\\\/wp-content\\\/uploads\\\/2018\\\/10\\\/logo.png\",\"contentUrl\":\"https:\\\/\\\/diariofemenino.com.ar\\\/df\\\/wp-content\\\/uploads\\\/2018\\\/10\\\/logo.png\",\"width\":500,\"height\":92,\"caption\":\"Diario Femenino\"},\"image\":{\"@id\":\"https:\\\/\\\/diariofemenino.com.ar\\\/df\\\/#\\\/schema\\\/logo\\\/image\\\/\"},\"sameAs\":[\"https:\\\/\\\/www.facebook.com\\\/DiarioDigitaFemenino\\\/\",\"https:\\\/\\\/x.com\\\/DiarioFemenino1\"]},{\"@type\":\"Person\",\"@id\":\"https:\\\/\\\/diariofemenino.com.ar\\\/df\\\/#\\\/schema\\\/person\\\/38f54b3bfd13f561de2460ba95c169c6\",\"name\":\"Admin\",\"image\":{\"@type\":\"ImageObject\",\"inLanguage\":\"es\",\"@id\":\"https:\\\/\\\/diariofemenino.com.ar\\\/df\\\/wp-content\\\/uploads\\\/2018\\\/12\\\/favicon-150x150.jpg\",\"url\":\"https:\\\/\\\/diariofemenino.com.ar\\\/df\\\/wp-content\\\/uploads\\\/2018\\\/12\\\/favicon-150x150.jpg\",\"contentUrl\":\"https:\\\/\\\/diariofemenino.com.ar\\\/df\\\/wp-content\\\/uploads\\\/2018\\\/12\\\/favicon-150x150.jpg\",\"caption\":\"Admin\"},\"url\":\"https:\\\/\\\/diariofemenino.com.ar\\\/df\\\/author\\\/adm18df\\\/\"}]}<\/script>\n<!-- \/ Yoast SEO plugin. -->","yoast_head_json":{"title":"La mapuche Luisa Calcumil fue distinguida como la artista m\u00e1s representativa de la regi\u00f3n - Diario Digital Femenino","description":"La mapuche Luisa Calcumil: reconocimiento por su aporte a la cultura nacional. Tambi\u00e9n recibi\u00f3 un premio especial del Instituto Nacional del Teatro.","robots":{"index":"index","follow":"follow","max-snippet":"max-snippet:-1","max-image-preview":"max-image-preview:large","max-video-preview":"max-video-preview:-1"},"canonical":"https:\/\/diariofemenino.com.ar\/df\/la-mapuche-luisa-calcumil-fue-distinguida-como-la-artista-mas-representativa-de-la-region\/","og_locale":"es_ES","og_type":"article","og_title":"La mapuche Luisa Calcumil fue distinguida como la artista m\u00e1s representativa de la regi\u00f3n - Diario Digital Femenino","og_description":"La mapuche Luisa Calcumil: reconocimiento por su aporte a la cultura nacional. Tambi\u00e9n recibi\u00f3 un premio especial del Instituto Nacional del Teatro.","og_url":"https:\/\/diariofemenino.com.ar\/df\/la-mapuche-luisa-calcumil-fue-distinguida-como-la-artista-mas-representativa-de-la-region\/","og_site_name":"Diario Digital Femenino","article_publisher":"https:\/\/www.facebook.com\/DiarioDigitaFemenino\/","article_published_time":"2021-02-02T12:17:23+00:00","og_image":[{"width":993,"height":499,"url":"https:\/\/diariofemenino.com.ar\/df\/wp-content\/uploads\/2021\/02\/EsxSN-W8AIofaV-e1612267955236.jpg","type":"image\/jpeg"}],"author":"Admin","twitter_card":"summary_large_image","twitter_creator":"@DiarioFemenino1","twitter_site":"@DiarioFemenino1","twitter_misc":{"Escrito por":"Admin","Tiempo de lectura":"2 minutos"},"schema":{"@context":"https:\/\/schema.org","@graph":[{"@type":"Article","@id":"https:\/\/diariofemenino.com.ar\/df\/la-mapuche-luisa-calcumil-fue-distinguida-como-la-artista-mas-representativa-de-la-region\/#article","isPartOf":{"@id":"https:\/\/diariofemenino.com.ar\/df\/la-mapuche-luisa-calcumil-fue-distinguida-como-la-artista-mas-representativa-de-la-region\/"},"author":{"name":"Admin","@id":"https:\/\/diariofemenino.com.ar\/df\/#\/schema\/person\/38f54b3bfd13f561de2460ba95c169c6"},"headline":"La mapuche Luisa Calcumil fue distinguida como la artista m\u00e1s representativa de la regi\u00f3n","datePublished":"2021-02-02T12:17:23+00:00","mainEntityOfPage":{"@id":"https:\/\/diariofemenino.com.ar\/df\/la-mapuche-luisa-calcumil-fue-distinguida-como-la-artista-mas-representativa-de-la-region\/"},"wordCount":514,"commentCount":0,"publisher":{"@id":"https:\/\/diariofemenino.com.ar\/df\/#organization"},"image":{"@id":"https:\/\/diariofemenino.com.ar\/df\/la-mapuche-luisa-calcumil-fue-distinguida-como-la-artista-mas-representativa-de-la-region\/#primaryimage"},"thumbnailUrl":"https:\/\/diariofemenino.com.ar\/df\/wp-content\/uploads\/2021\/02\/EsxSN-W8AIofaV-e1612267955236.jpg","keywords":["Arte","Mapuches","Teatro"],"articleSection":["Noticias"],"inLanguage":"es","potentialAction":[{"@type":"CommentAction","name":"Comment","target":["https:\/\/diariofemenino.com.ar\/df\/la-mapuche-luisa-calcumil-fue-distinguida-como-la-artista-mas-representativa-de-la-region\/#respond"]}]},{"@type":"WebPage","@id":"https:\/\/diariofemenino.com.ar\/df\/la-mapuche-luisa-calcumil-fue-distinguida-como-la-artista-mas-representativa-de-la-region\/","url":"https:\/\/diariofemenino.com.ar\/df\/la-mapuche-luisa-calcumil-fue-distinguida-como-la-artista-mas-representativa-de-la-region\/","name":"La mapuche Luisa Calcumil fue distinguida como la artista m\u00e1s representativa de la regi\u00f3n - Diario Digital Femenino","isPartOf":{"@id":"https:\/\/diariofemenino.com.ar\/df\/#website"},"primaryImageOfPage":{"@id":"https:\/\/diariofemenino.com.ar\/df\/la-mapuche-luisa-calcumil-fue-distinguida-como-la-artista-mas-representativa-de-la-region\/#primaryimage"},"image":{"@id":"https:\/\/diariofemenino.com.ar\/df\/la-mapuche-luisa-calcumil-fue-distinguida-como-la-artista-mas-representativa-de-la-region\/#primaryimage"},"thumbnailUrl":"https:\/\/diariofemenino.com.ar\/df\/wp-content\/uploads\/2021\/02\/EsxSN-W8AIofaV-e1612267955236.jpg","datePublished":"2021-02-02T12:17:23+00:00","description":"La mapuche Luisa Calcumil: reconocimiento por su aporte a la cultura nacional. Tambi\u00e9n recibi\u00f3 un premio especial del Instituto Nacional del Teatro.","breadcrumb":{"@id":"https:\/\/diariofemenino.com.ar\/df\/la-mapuche-luisa-calcumil-fue-distinguida-como-la-artista-mas-representativa-de-la-region\/#breadcrumb"},"inLanguage":"es","potentialAction":[{"@type":"ReadAction","target":["https:\/\/diariofemenino.com.ar\/df\/la-mapuche-luisa-calcumil-fue-distinguida-como-la-artista-mas-representativa-de-la-region\/"]}]},{"@type":"ImageObject","inLanguage":"es","@id":"https:\/\/diariofemenino.com.ar\/df\/la-mapuche-luisa-calcumil-fue-distinguida-como-la-artista-mas-representativa-de-la-region\/#primaryimage","url":"https:\/\/diariofemenino.com.ar\/df\/wp-content\/uploads\/2021\/02\/EsxSN-W8AIofaV-e1612267955236.jpg","contentUrl":"https:\/\/diariofemenino.com.ar\/df\/wp-content\/uploads\/2021\/02\/EsxSN-W8AIofaV-e1612267955236.jpg","width":993,"height":499,"caption":"La mapuche Luisa Calcumil fue distinguida como la artista m\u00e1s representativa de la regi\u00f3n"},{"@type":"BreadcrumbList","@id":"https:\/\/diariofemenino.com.ar\/df\/la-mapuche-luisa-calcumil-fue-distinguida-como-la-artista-mas-representativa-de-la-region\/#breadcrumb","itemListElement":[{"@type":"ListItem","position":1,"name":"Portada","item":"https:\/\/diariofemenino.com.ar\/df\/"},{"@type":"ListItem","position":2,"name":"La mapuche Luisa Calcumil fue distinguida como la artista m\u00e1s representativa de la regi\u00f3n"}]},{"@type":"WebSite","@id":"https:\/\/diariofemenino.com.ar\/df\/#website","url":"https:\/\/diariofemenino.com.ar\/df\/","name":"Diario Digital Femenino","description":"Cuesti\u00f3n de G\u00e9nero","publisher":{"@id":"https:\/\/diariofemenino.com.ar\/df\/#organization"},"potentialAction":[{"@type":"SearchAction","target":{"@type":"EntryPoint","urlTemplate":"https:\/\/diariofemenino.com.ar\/df\/?s={search_term_string}"},"query-input":{"@type":"PropertyValueSpecification","valueRequired":true,"valueName":"search_term_string"}}],"inLanguage":"es"},{"@type":"Organization","@id":"https:\/\/diariofemenino.com.ar\/df\/#organization","name":"Diario Femenino","url":"https:\/\/diariofemenino.com.ar\/df\/","logo":{"@type":"ImageObject","inLanguage":"es","@id":"https:\/\/diariofemenino.com.ar\/df\/#\/schema\/logo\/image\/","url":"https:\/\/diariofemenino.com.ar\/df\/wp-content\/uploads\/2018\/10\/logo.png","contentUrl":"https:\/\/diariofemenino.com.ar\/df\/wp-content\/uploads\/2018\/10\/logo.png","width":500,"height":92,"caption":"Diario Femenino"},"image":{"@id":"https:\/\/diariofemenino.com.ar\/df\/#\/schema\/logo\/image\/"},"sameAs":["https:\/\/www.facebook.com\/DiarioDigitaFemenino\/","https:\/\/x.com\/DiarioFemenino1"]},{"@type":"Person","@id":"https:\/\/diariofemenino.com.ar\/df\/#\/schema\/person\/38f54b3bfd13f561de2460ba95c169c6","name":"Admin","image":{"@type":"ImageObject","inLanguage":"es","@id":"https:\/\/diariofemenino.com.ar\/df\/wp-content\/uploads\/2018\/12\/favicon-150x150.jpg","url":"https:\/\/diariofemenino.com.ar\/df\/wp-content\/uploads\/2018\/12\/favicon-150x150.jpg","contentUrl":"https:\/\/diariofemenino.com.ar\/df\/wp-content\/uploads\/2018\/12\/favicon-150x150.jpg","caption":"Admin"},"url":"https:\/\/diariofemenino.com.ar\/df\/author\/adm18df\/"}]}},"jetpack_featured_media_url":"https:\/\/diariofemenino.com.ar\/df\/wp-content\/uploads\/2021\/02\/EsxSN-W8AIofaV-e1612267955236.jpg","jetpack_sharing_enabled":true,"rttpg_featured_image_url":{"full":["https:\/\/diariofemenino.com.ar\/df\/wp-content\/uploads\/2021\/02\/EsxSN-W8AIofaV-e1612267955236.jpg",993,499,false],"landscape":["https:\/\/diariofemenino.com.ar\/df\/wp-content\/uploads\/2021\/02\/EsxSN-W8AIofaV-e1612267955236.jpg",993,499,false],"portraits":["https:\/\/diariofemenino.com.ar\/df\/wp-content\/uploads\/2021\/02\/EsxSN-W8AIofaV-e1612267955236.jpg",993,499,false],"thumbnail":["https:\/\/diariofemenino.com.ar\/df\/wp-content\/uploads\/2021\/02\/EsxSN-W8AIofaV-e1612267955236-150x150.jpg",150,150,true],"medium":["https:\/\/diariofemenino.com.ar\/df\/wp-content\/uploads\/2021\/02\/EsxSN-W8AIofaV-e1612267955236-300x151.jpg",300,151,true],"large":["https:\/\/diariofemenino.com.ar\/df\/wp-content\/uploads\/2021\/02\/EsxSN-W8AIofaV-e1612267955236.jpg",993,499,false],"1536x1536":["https:\/\/diariofemenino.com.ar\/df\/wp-content\/uploads\/2021\/02\/EsxSN-W8AIofaV-e1612267955236.jpg",993,499,false],"2048x2048":["https:\/\/diariofemenino.com.ar\/df\/wp-content\/uploads\/2021\/02\/EsxSN-W8AIofaV-e1612267955236.jpg",993,499,false]},"rttpg_author":{"display_name":"Admin","author_link":"https:\/\/diariofemenino.com.ar\/df\/author\/adm18df\/"},"rttpg_comment":0,"rttpg_category":"<a href=\"https:\/\/diariofemenino.com.ar\/df\/category\/noticias\/\" rel=\"category tag\">Noticias<\/a>","rttpg_excerpt":"La mapuche Luisa Calcumil fue distinguida como la artista m\u00e1s representativa de la regi\u00f3n La\u00a0actriz, cantora y dramaturga mapuche Luisa Calcumil\u00a0fue distinguida como una de las artistas m\u00e1s representativas de la regi\u00f3n por el Ministerio de Cultura de la Naci\u00f3n de Argentina.\u00a0Con una larga trayectoria en cine y teatro, la artista se posicion\u00f3 como una&hellip;","_links":{"self":[{"href":"https:\/\/diariofemenino.com.ar\/df\/wp-json\/wp\/v2\/posts\/55649","targetHints":{"allow":["GET"]}}],"collection":[{"href":"https:\/\/diariofemenino.com.ar\/df\/wp-json\/wp\/v2\/posts"}],"about":[{"href":"https:\/\/diariofemenino.com.ar\/df\/wp-json\/wp\/v2\/types\/post"}],"author":[{"embeddable":true,"href":"https:\/\/diariofemenino.com.ar\/df\/wp-json\/wp\/v2\/users\/1"}],"replies":[{"embeddable":true,"href":"https:\/\/diariofemenino.com.ar\/df\/wp-json\/wp\/v2\/comments?post=55649"}],"version-history":[{"count":0,"href":"https:\/\/diariofemenino.com.ar\/df\/wp-json\/wp\/v2\/posts\/55649\/revisions"}],"wp:featuredmedia":[{"embeddable":true,"href":"https:\/\/diariofemenino.com.ar\/df\/wp-json\/wp\/v2\/media\/55651"}],"wp:attachment":[{"href":"https:\/\/diariofemenino.com.ar\/df\/wp-json\/wp\/v2\/media?parent=55649"}],"wp:term":[{"taxonomy":"category","embeddable":true,"href":"https:\/\/diariofemenino.com.ar\/df\/wp-json\/wp\/v2\/categories?post=55649"},{"taxonomy":"post_tag","embeddable":true,"href":"https:\/\/diariofemenino.com.ar\/df\/wp-json\/wp\/v2\/tags?post=55649"}],"curies":[{"name":"wp","href":"https:\/\/api.w.org\/{rel}","templated":true}]}}